{"id":12523,"date":"2022-01-27T13:30:37","date_gmt":"2022-01-27T12:30:37","guid":{"rendered":"http:\/\/www.ladislavjakl.cz\/?p=12523"},"modified":"2022-01-27T13:30:37","modified_gmt":"2022-01-27T12:30:37","slug":"podivuhodna-diskuze-o-globalnim-oteplovani-na-cnn-prima-news","status":"publish","type":"post","link":"https:\/\/www.ladislavjakl.cz\/?p=12523","title":{"rendered":"Podivuhodn\u00e1 diskuze o glob\u00e1ln\u00edm oteplov\u00e1n\u00ed na CNN Prima News"},"content":{"rendered":"<p>CNN Prima News odvys\u00edlala 4. ledna&nbsp;<a href=\"https:\/\/cnn.iprima.cz\/videa\/cnndomaci\/rozhovor-s-odborniky-ke-globalnimu-oteplovani\">diskuzi<\/a>&nbsp;geologa V\u00e1clava C\u00edlka a publicisty Ladislava Jakla s titulkem&nbsp;<em>\u2018Rozhovor s odborn\u00edky ke glob\u00e1ln\u00edmu oteplov\u00e1n\u00ed\u2019<\/em>&nbsp;v r\u00e1mci po\u0159adu Zpr\u00e1vy PLUS. Moder\u00e1torka Veronika Kub\u00ed\u010dkov\u00e1 za\u010d\u00edn\u00e1 debatu popisem p\u0159ekonan\u00fdch teplotn\u00edch rekord\u016f v \u010cesku z p\u0159elomu roku nebo zmi\u0148uje extr\u00e9mn\u011b chladn\u00e9 po\u010das\u00ed v USA. N\u00e1sledn\u011b p\u0159edstav\u00ed sv\u00e9 hosty a polo\u017e\u00ed C\u00edlkovi ot\u00e1zku, zda je atypick\u00e9 po\u010das\u00ed jen v\u00fdkyvem a nebo dal\u0161\u00edm d\u016fkazem, \u017ee glob\u00e1ln\u00ed oteplov\u00e1n\u00ed m\u00e1me br\u00e1t v\u00e1\u017en\u011b.<\/p>\n<p><!--more--><\/p>\n<p>C\u00edlek reaguje, \u017ee samotn\u00fd term\u00edn glob\u00e1ln\u00ed oteplov\u00e1n\u00ed debatu polarizuje a popisuje, jak doch\u00e1z\u00ed na \u00fazem\u00ed Severn\u00ed Ameriky k extr\u00e9mn\u00edm v\u00fdkyv\u016fm po\u010das\u00ed a jak s t\u00edm souvis\u00ed <a href=\"https:\/\/cs.wikipedia.org\/wiki\/Tryskov%C3%A9_proud%C4%9Bn%C3%AD\">tryskov\u00e9 proud\u011bn\u00ed<\/a>&nbsp;v atmosf\u00e9\u0159e (<a href=\"https:\/\/en.wikipedia.org\/wiki\/Polar_vortex\">polar vortex<\/a>&nbsp;a&nbsp;<a href=\"https:\/\/www.weather.gov\/jetstream\/jet\">jet stream<\/a>) a \u017ee se posouv\u00e1me do doby, kdy je po\u010das\u00ed st\u00e1le v\u00edce chaotick\u00e9 a h\u016f\u0159e p\u0159edv\u00eddateln\u00e9. D\u00e1le pokra\u010duje, \u017ee je to d\u016fsledek toho, \u017ee na povrch Zem\u011b dopad\u00e1 o 2,5 watt\u016f v\u00edce tepla, kter\u00e9 se kumuluje v oce\u00e1nu a t\u00edm je tepeln\u00fd z\u00e1klad planety vy\u0161\u0161\u00ed ne\u017e kdykoli p\u0159edt\u00edm. Na ot\u00e1zku, \u010d\u00ed je to vina C\u00edlek, reaguje, \u017ee tuto ot\u00e1zku nem\u00e1 r\u00e1d a \u017ee takov\u00e1 diskuze obvykle kon\u010d\u00ed nedorozum\u011bn\u00edm nebo konfliktem. Ale \u017ee sklen\u00edkov\u00e9 plyny, kter\u00e9 lidstvo svou \u010dinnost\u00ed produkuje ke glob\u00e1ln\u00edmu oteplov\u00e1n\u00ed p\u0159isp\u00edvaj\u00ed a \u017ee glob\u00e1ln\u00ed oteplov\u00e1n\u00ed samotn\u00e9 je realita a je pot\u0159eba na ni n\u011bjak zareagovat. Ale podle C\u00edlka by tato reakce m\u011bla b\u00fdt m\u011bk\u010d\u00ed a opatrn\u011bj\u0161\u00ed, ne\u017e \u010demu jsme v sou\u010dasnosti sv\u011bdky.<\/p>\n<p>Pro \u00faplnost se d\u00e1 dodat, \u017ee Zem\u011b byla v minulosti teplej\u0161\u00ed ne\u017e dnes, ale d\u00e1vno p\u0159edt\u00edm, ne\u017e se na n\u00ed objevili lid\u00e9. V\u011bdci popisuj\u00ed n\u011bkolik takov\u00fdch obdob\u00ed, ale ta nastala p\u0159ed&nbsp;<a href=\"https:\/\/www.climate.gov\/news-features\/climate-qa\/whats-hottest-earths-ever-been\">des\u00edtkami a stovkami milion\u016f let<\/a>. Dal\u0161\u00ed v\u011bc\u00ed je, \u017ee podle v\u011bdeck\u00e9ho v\u00fdzkumu je&nbsp;<a href=\"https:\/\/www.climate.gov\/news-features\/climate-qa\/are-humans-causing-or-contributing-global-warming\">glob\u00e1ln\u00ed oteplov\u00e1n\u00ed d\u016fsledkem lidsk\u00e9 \u010dinnosti<\/a>, konkr\u00e9tn\u011b spalov\u00e1n\u00ed fosiln\u00edch paliv.<\/p>\n<p>Jakl dostane ot\u00e1zku, zda opat\u0159en\u00ed v\u010detn\u011b Green Deal na ochranu klimatu jsou zbyte\u010dn\u00e1 a odpov\u00edd\u00e1:<br \/>\n<em>\u2018Slovo zbyte\u010dn\u00e9 je slab\u00e9, je to nezodpov\u011bdn\u00e9, \u0161\u00edlen\u00e9, \u010dlov\u011bku velmi, velmi nebezpe\u010dn\u00e9 a \u0161kod\u00edc\u00ed. My tady d\u011bl\u00e1me kroky, kter\u00e9 se podobaj\u00ed krok\u016fm, kter\u00e9 se podobaj\u00ed krok\u016fm, kter\u00e9 d\u011blali n\u00e1bo\u017een\u0161t\u00ed fanatici, kte\u0159\u00ed v ka\u017ed\u00e9 dob\u011b vyk\u0159ikovali n\u011bco o konci sv\u011bta a sna\u017e\u00edme se n\u011bco ob\u011btovat boh\u016fm a ob\u011btujeme \u010dlov\u011bka. Jeho norm\u00e1ln\u00ed \u017eivot, jeho budoucnost, jeho prosperitu a za naprostou chim\u00e9ru. Opat\u0159en\u00ed, kter\u00e1 se d\u011blaj\u00ed na des\u00edtky let naprosto zni\u010d\u00ed des\u00edtky stovky milion\u016f lidsk\u00fdch \u017eivot\u016f.. Mysl\u00edm, \u017ee klima ur\u010dit\u011b se nijak chr\u00e1nit nem\u00e1, nejenom nesm\u00ed, ale nem\u00e1.\u2019<\/em><br \/>\nJakl zde ignoruje, \u017ee glob\u00e1ln\u00ed oteplov\u00e1n\u00ed je&nbsp;<a href=\"https:\/\/climate.nasa.gov\/scientific-consensus\/\">v\u011bdecky ov\u011b\u0159en\u00fd fakt<\/a>&nbsp;a nikoli v\u00fdplod n\u00e1bo\u017eensk\u00fdch fanatik\u016f. Je to naopak pr\u016fb\u011bh zm\u011bny klimatu, kter\u00fd zp\u016fsob\u00ed&nbsp;<a href=\"https:\/\/www.nytimes.com\/2021\/04\/22\/climate\/climate-change-economy.html\">obrovsk\u00e9 probl\u00e9my ekonomik\u00e1m st\u00e1t\u016f<\/a>,&nbsp;<a href=\"https:\/\/www.nytimes.com\/interactive\/2020\/07\/23\/magazine\/climate-migration.html\">migra\u010dn\u00ed vlny<\/a>&nbsp;a&nbsp;<a href=\"https:\/\/www.bloomberg.com\/news\/articles\/2021-07-07\/climate-change-linked-to-5-million-deaths-a-year-new-study-shows\">smrt milion\u016f obyvatel<\/a>.&nbsp;<a href=\"https:\/\/www.c2es.org\/content\/wildfires-and-climate-change\/\">Po\u017e\u00e1ry<\/a>,&nbsp;<a href=\"https:\/\/public.wmo.int\/en\/media\/news\/climate-change-made-floods-western-europe-more-likely\">povodn\u011b<\/a>,&nbsp;<a href=\"https:\/\/www.seznamzpravy.cz\/clanek\/klimaticka-zmena-jiz-neni-abstraktni-nemecko-urychli-boj-proti-oteplovani-169997\">bleskov\u00e9 z\u00e1plavy<\/a>,&nbsp;<a href=\"https:\/\/www.nytimes.com\/2021\/08\/29\/climate\/climate-change-hurricanes.html\">hurik\u00e1ny<\/a>,&nbsp;<a href=\"https:\/\/www.irozhlas.cz\/veda-technologie\/priroda\/evropa-sucho-zmena-klimatu-studie-rimska-rise_2103160636_tzr\">sucha<\/a>&nbsp;a&nbsp;<a href=\"https:\/\/www.nytimes.com\/2022\/01\/01\/us\/colorado-fires-snow-boulder-superior-louisville.html\">extr\u00e9mn\u00ed v\u00fdkyvy teplot<\/a>&nbsp;to v\u0161echno stoj\u00ed lidi \u017eivoty a \u010detnost t\u011bchto jev\u016f bude nar\u016fstat spolu s nutn\u00fdmi&nbsp;<a href=\"https:\/\/www.mckinsey.com\/business-functions\/sustainability\/our-insights\/will-infrastructure-bend-or-break-under-climate-stress\">investicemi do infrastruktury<\/a>&nbsp;a negativn\u00edmi dopady na ekonomiku. Tyto jevy se objevovaly i v minulosti, ale pr\u00e1v\u011b&nbsp;<a href=\"https:\/\/unfccc.int\/news\/climate-change-leads-to-more-extreme-weather-but-early-warnings-save-lives\">glob\u00e1ln\u00ed oteplov\u00e1n\u00ed jejich \u010detnost je\u0161t\u011b zv\u00fd\u0161\u00ed<\/a>, \u010deho\u017e&nbsp;<a href=\"https:\/\/www.theguardian.com\/environment\/ng-interactive\/2021\/oct\/14\/climate-change-happening-now-stats-graphs-maps-cop26\">jsme v sou\u010dasnosti sv\u011bdky<\/a>.<\/p>\n<p>Jakl pokra\u010duje&nbsp;<em>\u2018Vy jste na za\u010d\u00e1tku \u0159ekla, \u017ee padaj\u00ed n\u011bjak\u00e9 teplotn\u00ed rekordy, jednak \u010dasto lidi ud\u011blaj\u00ed okam\u017eitou p\u0159esmy\u010dku od debat o meteorologii, o po\u010das\u00ed k debat\u011b o klimatu. Debata o klimatu je statistick\u00e1 debata statistick\u00e1 v\u011bda, je to m\u011b\u0159en\u00ed.. A k t\u011bm rekord\u016fm, pokud jsem se d\u00edval n\u011bkdy o v\u00edkendu zrovna n\u00e1hodou na rekordy v Pra\u017esk\u00e9m Klementinu. Kde je nejdel\u0161\u00ed \u010dasov\u00e1 \u0159ada si 300 let nebo kolik tak ty rekordy, kter\u00e9 te\u010f byly nejz\u00e1sadn\u011bj\u0161\u00ed jsou 100 let star\u00e9 za dne\u0161ek. Mysl\u00edm rok 25 za v\u010derej\u0161ek 25 za 2. Leden 21. J\u00e1 nev\u00edm co se tehdy d\u011blo, tak stra\u0161liv\u00e9ho faktem je, \u017ee na konci minul\u00e9ho roku byla nejv\u011bt\u0161\u00ed pokr\u00fdvka Alp sn\u011bhem za posledn\u00edch 54 let. Po\u010das\u00ed bylo slo\u017eit\u00e9 v\u017edy existuje n\u011bkolik skv\u011bl\u00fdch vynikaj\u00edc\u00edch analytick\u00fdch knih, kter\u00e9 nejenom na z\u00e1klad\u011b r\u016fzn\u00fdch rozboru materi\u00e1lu, hlavn\u011b hlavn\u011b strom\u016f a podobn\u011b.\u2019<\/em><\/p>\n<p>Je pravda, \u017ee v\u00fdkyvy teploty samy o sob\u011b nejsou potvrzen\u00edm zm\u011bny klimatu. Pokud v\u0161ak sebereme pr\u016fm\u011brn\u00e9 teploty z dn\u016f,&nbsp;<a href=\"https:\/\/www.noaa.gov\/news\/january-2020-was-earth-s-hottest-january-on-record\">m\u011bs\u00edc\u016f<\/a>&nbsp;a rok\u016f,&nbsp;<a href=\"https:\/\/www.climate.gov\/media\/12885\">srovn\u00e1me je do grafu<\/a>, dostaneme evidentn\u00ed trend, kter\u00fd potvrzuje oteplov\u00e1n\u00ed planety za posledn\u00edch 50 let. Jakl d\u00e1le zm\u00edn\u00ed sn\u011bhovou pokr\u00fdvku v Alp\u00e1ch, o co \u0161lo?<br \/>\nPo such\u00e9m listopadu roku 2020&nbsp;<a href=\"https:\/\/www.eumetsat.int\/nearly-record-snowfall-western-alps\">napadly v Alp\u00e1ch za jedin\u00fd v\u00edkend<\/a>&nbsp;na za\u010d\u00e1tku prosince t\u00e9m\u011b\u0159 3 metry sn\u011bhu. Samotn\u00fd&nbsp;<a href=\"https:\/\/climate.copernicus.eu\/surface-air-temperature-december-2020\">prosinec 2020<\/a>&nbsp;byl v Evrop\u011b \u0161est\u00fdm nejteplej\u0161\u00edm v historii s t\u00edm, \u017ee v\u0161ech 5 teplej\u0161\u00edch prosincov\u00fdch m\u011bs\u00edc\u016f bylo nam\u011b\u0159eno v p\u0159edchoz\u00edch p\u011bti letech. Tedy to, \u017ee v Alp\u00e1ch napadlo hodn\u011b sn\u011bhu nen\u00ed transparentn\u00ed ukazatel, jak\u00e1 byla pr\u016fm\u011brn\u00e1 teplota v Evrop\u011b a nebo na na\u0161\u00ed planet\u011b. Jakl d\u00e1le relativizuje sou\u010dasn\u00e9 d\u016fsledky glob\u00e1ln\u00edho oteplov\u00e1n\u00ed, kter\u00e9 se projevuj\u00ed p\u0159es extr\u00e9mn\u00ed po\u010das\u00ed, proto\u017ee to tak pr\u00fd bylo v\u017edy. Nebylo, jak dokl\u00e1d\u00e1me v\u00fd\u0161e, sou\u010dasn\u00e9 extr\u00e9mn\u00ed po\u010das\u00ed je d\u016fsledek glob\u00e1ln\u00edho oteplov\u00e1n\u00ed.<\/p>\n<p>Dal\u0161\u00ed ot\u00e1zka se t\u00fdk\u00e1 zcela v\u00fdjime\u010dn\u00fdch meteorologick\u00fdch jev\u016f jako bylo t\u0159eba lo\u0148sk\u00e9 torn\u00e1do na ji\u017en\u00ed Morav\u011b. Jakl to op\u011bt relativizuje&nbsp;<em>\u2018Jak my v\u00edme, kolik bylo torn\u00e1d v roce 1526?\u2019<\/em>&nbsp;. C\u00edlek ale uv\u00e1d\u00ed v\u011bci na pravou m\u00edru&nbsp;<em>\u2018Ano d\u011bly se do ur\u010dit\u00e9 m\u00edry, to znamen\u00e1 pr\u016fm\u011br torn\u00e1d na rok je okolo dvou a\u017e t\u0159\u00ed, pokud n\u011bco bylo takhle jako mimo\u0159\u00e1dn\u00e9ho, to znamen\u00e1 i \u00fadery blesku byly v kronik\u00e1ch zaznamen\u00e1v\u00e1ny skorem bych \u0159ekl jako p\u0159ednostn\u011b. To znamen\u00e1 tohle to na\u0161e moravsk\u00e9 torn\u00e1do nebo n\u011bkolik torn\u00e1d je doopravdy neobvykl\u00fd jev, ale ony ta torn\u00e1da neobvykl\u00e1 prob\u00edhaj\u00ed i v USA, ta dlouh\u00e1 trasa toho torn\u00e1da a podobn\u011b. To znamen\u00e1 jako pro m\u011b je to tak, \u017ee u\u017e jako \u017eijeme v jin\u00e9m sv\u011bt\u011b tento sv\u011bt bude d\u00e1l pokra\u010dovat a zejm\u00e9na je to t\u00edm, \u017ee ten oce\u00e1n u\u017e je teplej\u0161\u00ed. A hrn\u00ed\u010dek kafe v\u00e1m vychladne a nev\u00edm za 20 minut, ale oce\u00e1n do hloubky jednoho kilometru v\u00e1m bude vychladat des\u00edtky nebo stovky let. To znamen\u00e1, \u017ee u\u017e jsme se posunuli do n\u011bjak\u00e9 sf\u00e9ry nov\u00e9ho po\u010das\u00ed.\u2019<\/em><\/p>\n<p>C\u00edlek d\u00e1le mluv\u00ed o optimismu, \u017ee pokud lidstvo omezilo emise kv\u016fli koronaviru v d\u016fsledku omezen\u00ed glob\u00e1ln\u00ed p\u0159epravy, tak najde i cestu, jak omezit emise k ochran\u011b klimatu. Tak\u00e9 ale dod\u00e1v\u00e1, \u017ee glob\u00e1ln\u00ed oteplov\u00e1n\u00ed m\u00e1 setrva\u010dnost a obr\u00e1tit trend m\u016f\u017ee trvat deset nebo dvacet let. Lidstvo se tak podle n\u011bj posouv\u00e1&nbsp;<em>\u2018do nov\u00e9 f\u00e1ze p\u0159\u00edrodn\u00edch podm\u00ednek a t\u00edm p\u00e1dem i nov\u00e9ho pole spole\u010dnosti\u2019<\/em>.<\/p>\n<p>Jakl je t\u00e1z\u00e1n, zda bychom m\u011bli emis\u00edm nechat voln\u00fd pr\u016fb\u011bh a nebo se je sna\u017eit omezit a odpov\u00edd\u00e1:<br \/>\n<em>\u2018Emise jsou prosp\u011b\u0161n\u00e9 s vy\u0161\u0161\u00edm pod\u00edlem kysli\u010dn\u00edku uhli\u010dit\u00e9ho v atmosf\u00e9\u0159e obrovsk\u00fd nar\u016fst\u00e1 biomasa a m\u00edsta, kter\u00e1 d\u0159\u00edv nebyla v\u016fbec obd\u011bl\u00e1vateln\u00e1, tak dneska \u017eiv\u00ed miliony lid\u00ed nav\u00edc. Za\u010d\u00ednaj\u00ed se zelenat okrajov\u00e1 m\u00edsta velk\u00fdch pou\u0161t\u00ed, proto\u017ee biomasa m\u00e1 co j\u00edst, ona se \u017eiv\u00ed kysli\u010dn\u00edkem uhli\u010dit\u00fdm a m\u00e1 to obrovsk\u00fd pozitivn\u00ed efekt.\u2019<\/em>&nbsp;\u2026&nbsp;<em>\u2018To jsou tis\u00edce v\u011bci, n\u011bkter\u00e9 od n\u011bkter\u00e9 ledovce p\u0159ib\u00fdvaj\u00ed n\u011bkter\u00e9 ub\u00fdvaj\u00ed. M\u00e1me na to velmi kr\u00e1tk\u00e9 \u010dasov\u00e9 \u0159ady. A co se t\u00fd\u010de oce\u00e1n\u016f? Byly doby i historick\u00e9, kdy byly oce\u00e1ny o des\u00edtky metr\u016f v\u00fd\u0161 nebo o des\u00edtky metr\u016f n\u00ed\u017e. Jsou m\u011bsta, p\u0159\u00edstavy, kter\u00e9 dneska le\u017e\u00ed des\u00edtky kilometr\u016f od b\u0159ehu jsou potopen\u00e9 d\u00e1vno utopen\u00e9 p\u0159\u00edstavy. Hladina oce\u00e1nu se h\u00fdbala po stalet\u00ed a po tis\u00edcilet\u00ed a jinak souhlas\u00edm s panem doktorem, \u017ee ano z\u00e1sahy \u010dlov\u011bka \u010dasto m\u011bnili krajinu v\u00fdznamn\u011b budov\u00e1n\u00ed meliorac\u00ed, kan\u00e1lu nebo t\u0159eba velk\u00e9 odlesn\u011bn\u00ed, kter\u00e9 zp\u016fsobili nechci \u0159\u00edct ani zavinili\u2026 To je prost\u011b v\u00fdvoj civilizace, \u0158\u00edman\u00e9 v Dalm\u00e1cii nebo v Libanonu a podobn\u011b tak\u00e9, n\u011bkdy ty nebyly navr\u00e1ceny nikdy, kdy\u017e potom \u0159\u00edmsk\u00e9 teplotn\u00ed optimum bylo vyst\u0159\u00edd\u00e1no chladn\u00fdm obdob\u00ed ran\u00e9ho st\u0159edov\u011bku. Tak kdysi bohat\u00e1 z\u00e1padn\u00ed a st\u0159edn\u00ed Evropa zase zanesla pralesy nebo kdysi v Severn\u00ed Americe byly obrovsk\u00e9 pr\u00e9rie, na kter\u00fdch se proh\u00e1n\u011bli bizoni a kdy\u017e tam velk\u00e1 \u010d\u00e1st byla zdecimovan\u00e1, tak dneska to \u00fazem\u00ed jsou zarostl\u00e1 znovu lesy, kter\u00e9 tam po mnoho tis\u00edc let narostly. Ano \u010dlov\u011bk ovliv\u0148uje \u017eivot, ale d\u011bl\u00e1 to p\u0159edev\u0161\u00edm k tomu, aby sv\u016fj \u017eivot a sv\u00fdm d\u011btem a potomk\u016fm zlep\u0161il, co\u017e neznamen\u00e1, \u017ee v mnoh\u00fdch ohledech t\u011b\u017eko m\u016f\u017ee dom\u00fd\u0161let dlouhodob\u00e9 v\u00fdsledky. Ale zase na druhou stranu \u0159e\u0161\u00edme probl\u00e9my, na kter\u00e9 m\u00e1me s\u00edly, ne\u0159e\u0161me probl\u00e9my lid\u00ed za 200 let. Ono to pak p\u0159ipad\u00e1, \u017ee lid\u00e9 n\u011bkde v prav\u011bku, \u017ee by n\u011bkdo p\u0159i\u0161el a \u0159ekl: v\u00edte t\u00edmhle t\u00edm tempem za 50 tis\u00edc let dojde pazourek.\u2019<\/em><\/p>\n<p>Tady je problematick\u00fdch tvrzen\u00ed spousta..<br \/>\nNa jednu stranu oxid uhli\u010dit\u00fd&nbsp;<a href=\"https:\/\/www.livescience.com\/37055-greenhouse-gas-desert-plants-growing.html\">skute\u010dn\u011b podporuje \u010dast\u011bj\u0161\u00ed r\u016fst vegetace<\/a>&nbsp;pobl\u00ed\u017e pou\u0161t\u00ed. Na druhou stranu jedn\u00edm z d\u016fsledk\u016f glob\u00e1ln\u00edho oteplov\u00e1n\u00ed je&nbsp;<a href=\"https:\/\/www.carbonbrief.org\/explainer-desertification-and-the-role-of-climate-change\">eroze p\u016fdy a roz\u0161i\u0159ov\u00e1n\u00ed pou\u0161t\u00ed<\/a>, co\u017e popisuje tak\u00e9 zpr\u00e1va IPCC. Tedy nen\u00ed pravda, \u017ee by emise byly jednozna\u010dn\u011b prosp\u011b\u0161n\u00e9, nav\u00edc zp\u016fsobuj\u00ed glob\u00e1ln\u00ed oteplov\u00e1n\u00ed.<br \/>\nTvrzen\u00ed o ledovc\u00edch nen\u00ed pravdiv\u00e9.&nbsp;<a href=\"https:\/\/news.sky.com\/story\/almost-all-worlds-glaciers-losing-mass-and-at-an-accelerated-pace-report-says-12289660\">T\u00e9m\u011b\u0159 v\u0161echny pevninsk\u00e9 ledovce taj\u00ed<\/a>, pokud n\u011bkde p\u0159ib\u00fdv\u00e1 ledu, tak jsou to m\u00edsta mimo pevninu, tedy mo\u0159sk\u00fd led, kter\u00fd je p\u0159\u00edmo&nbsp;<a href=\"https:\/\/www.antarcticglaciers.org\/glaciers-and-climate\/changing-antarctica\/antarctic-sea-ice\/\">v mo\u0159i nebo oce\u00e1nu<\/a>. Mo\u0159sk\u00fd led nav\u00edc&nbsp;<a href=\"https:\/\/skepticalscience.com\/antarctica-gaining-ice.htm\">neovliv\u0148uje stoupaj\u00edc\u00ed hladinu oce\u00e1n\u016f<\/a>&nbsp;a celkov\u00e1 bilance ledu v Antarktid\u011b je t\u00e1n\u00ed a stoupan\u00ed hladiny. T\u0159eba&nbsp;<a href=\"https:\/\/royalsociety.org\/topics-policy\/projects\/climate-change-evidence-causes\/question-12\/\">v Arktid\u011b taje jak pevninsk\u00fd ledovec, tak mo\u0159sk\u00fd led<\/a>. P\u0159esto t\u0159eba pevninsk\u00fd gr\u00f3nsk\u00fd ledovec se zv\u011bt\u0161uje do rozlohy, ale sni\u017euje se jeho tlou\u0161\u0165ka a celkov\u00fd objem jeho ledu tak kles\u00e1.<br \/>\nHladina oce\u00e1n\u016f se za\u010dala zvy\u0161ovat asi p\u0159ed 20.000 lety a za 14.000 let&nbsp;<a href=\"https:\/\/upload.wikimedia.org\/wikipedia\/commons\/1\/1d\/Post-Glacial_Sea_Level.png\">stoupla hladina mo\u0159\u00ed o v\u00edce ne\u017e 130 metr\u016f<\/a>, co\u017e byl n\u00e1sledek t\u00e1n\u00ed ledovc\u016f z doby ledov\u00e9. Za posledn\u00edch 6.000 let se mo\u0159sk\u00e1 hladina zv\u00fd\u0161ila jen o p\u00e1r metr\u016f. Dlouhodob\u011b ob\u00fdvan\u00e1&nbsp;<a href=\"https:\/\/en.wikipedia.org\/wiki\/List_of_oldest_continuously_inhabited_cities\">lidsk\u00e1 s\u00eddla<\/a>&nbsp;existuj\u00ed asi od roku 3.000 p\u0159ed na\u0161\u00edm letopo\u010dtem, tedy posledn\u00edch 5.000 let. Vzhledem k t\u011bmto fakt\u016fm je podivn\u00e9 mluvit o tom, \u017ee by vlivem klesaj\u00edc\u00ed hladiny mo\u0159\u00ed existovala m\u011bsta \u2013 p\u016fvodn\u011b p\u0159\u00edstavy, kter\u00e1 by nyn\u00ed byla daleko od mo\u0159e. Je cel\u00e1&nbsp;<a href=\"https:\/\/cs.wikipedia.org\/wiki\/Korint\">\u0159ada<\/a>&nbsp;<a href=\"https:\/\/www.atlasobscura.com\/places\/sunken-pirate-stronghold-at-port-royal\">p\u0159\u00edstav\u016f<\/a>, kter\u00e9 jsou pod vodou, ale na vin\u011b nen\u00ed stoupaj\u00edc\u00ed hladina, ale p\u0159\u00edrodn\u00ed katastrofa, nej\u010dast\u011bji zem\u011bt\u0159esen\u00ed.<br \/>\nV Severn\u00ed Americe&nbsp;<a href=\"https:\/\/commons.wikimedia.org\/wiki\/File:Map_of_the_grassland_ecoregions_of_the_United_States.jpg\">pr\u00e9rie st\u00e1le existuj\u00ed<\/a>&nbsp;a nejsou zarostl\u00e9, jak se m\u016f\u017eeme p\u0159esv\u011bd\u010dit na satelitn\u00edch sn\u00edmc\u00edch. T\u011b\u017eko \u0159\u00edct, o \u010dem Jakl mluv\u00ed, pravd\u011bpodobn\u011b p\u016fjde o omyl, kdy m\u011bsto Buffalo (v p\u0159ekladu Bizon) le\u017e\u00ed v zalesn\u011bn\u00e9 oblasti u velk\u00fdch jezer na hranici s Kanadou. V t\u00e9to oblasti se v\u0161ak&nbsp;<a href=\"https:\/\/cs.wikipedia.org\/wiki\/Buffalo\">bizoni nikdy nevyskytovali<\/a>.<br \/>\nV\u00fdzva k ne\u0159e\u0161en\u00ed budouc\u00edch probl\u00e9m\u016f je vysloven\u011b nezodpov\u011bdn\u00e1. Podobn\u011b analogie s pazourky nem\u00e1 s glob\u00e1ln\u00edm oteplov\u00e1n\u00edm \u017e\u00e1dnou souvislost, proto\u017ee v p\u0159\u00edpad\u011b klimatu nejde o vy\u010derp\u00e1n\u00ed zdroj\u016f.<\/p>\n<p>Moder\u00e1torka Jakla kr\u00e1tce p\u0159eru\u0161\u00ed s t\u00edm, \u017ee nen\u00ed t\u0159eba \u0159e\u0161it hypotetick\u00e9 probl\u00e9my v horizontu tis\u00edc\u016f let, ale co se stane kv\u016fli oteplov\u00e1n\u00ed planety v roce 2050. Jakl reaguje&nbsp;<em>\u2018Te\u010f se zrovna neotepluje posledn\u00edch 30 let.\u2019<\/em><br \/>\nTo je samoz\u0159ejm\u011b nepravdiv\u00e9 tvrzen\u00ed, proto\u017ee atmosf\u00e9ra,&nbsp;<a href=\"http:\/\/www.stableclimate.org\/global-warming\">povrch zem\u011b<\/a>&nbsp;a&nbsp;<a href=\"https:\/\/www.statista.com\/chart\/19418\/divergence-of-ocean-temperatures-from-20th-century-average\/\">oce\u00e1ny<\/a>&nbsp;se posledn\u00edch cca 50 let otepluj\u00ed. Nav\u00edc&nbsp;<a href=\"https:\/\/www.cbc.ca\/news\/science\/copernicus-hottest-year-1.6309545\">rok<\/a>&nbsp;<a href=\"https:\/\/www.bloomberg.com\/news\/articles\/2021-10-31\/2021-among-earth-s-hottest-years-un-says-as-cop26-starts\">2021 byl p\u00e1t\u00fd nejteplej\u0161\u00ed v historii m\u011b\u0159en\u00ed<\/a>&nbsp;a za posledn\u00edch 170 bylo 7 nejteplej\u0161\u00edch let pr\u00e1v\u011b t\u011bch posledn\u00edch 7 let.<\/p>\n<p>C\u00edlek dostane ot\u00e1zku, zda nen\u00ed reakce EU a dal\u0161\u00edch zem\u00ed p\u0159ehnan\u00e1, \u017ee se zavazuj\u00ed do roku 2050 drasticky sn\u00ed\u017eit emise oxidu uhli\u010dit\u00e9ho. Zda je podle n\u011bj spr\u00e1vn\u00e9 klima chr\u00e1nit za ka\u017edou cenu.<br \/>\nC\u00edlek reaguje&nbsp;<em>\u2018U\u017e va\u0161i ot\u00e1zkou odpov\u00edd\u00e1te, \u017ee ur\u010dit\u011b ne. V\u00edte takov\u00fd jako velk\u00fd protagonista klimatick\u00e9 zm\u011bny James Hansen, klasik vlastn\u011b klimatick\u00e9 zm\u011bny, mluvil u\u017e p\u0159ed n\u011bjakou del\u0161\u00ed dobou o m\u011bkk\u00e9 cest\u011b soft way prost\u011b. A j\u00e1 si mysl\u00edm, \u017ee v posledn\u00edch n\u011bkolika letech pr\u00e1v\u011b tuhle tu m\u011bkkou cestu, kdy se nejd\u0159\u00edv starate \u2013 jak to spr\u00e1vn\u011b \u0159ekl pan Jakl \u2013 o to, aby ty dopady na ty lidi nebyly velk\u00fd. N\u011bjak\u00fd n\u011bjak\u00fd ob\u011bti b\u00fdt mus\u00ed to jako to v\u017edycky prost\u011b, ale jsou ob\u011bti, kter\u00e9 jsou \u00fanosn\u00e9 a ob\u011bti, kter\u00fd pak u\u017e \u00fanosn\u00e9 jako p\u0159est\u00e1vaj\u00ed b\u00fdt. Tak\u017ee pokud jsme zme\u0161kali tohle to obdob\u00ed prost\u011b takov\u00e9 sp\u00ed\u0161 toho pomal\u00e9ho n\u00e1stupu a pomal\u00e9 prom\u011bny, tak te\u010f to p\u0159ich\u00e1z\u00ed jako pom\u011brn\u011b drastick\u00e1 vlna, kter\u00e1 podle m\u00e9ho n\u00e1zoru m\u00e1 mo\u017enost nebo schopnost rozhodit Evropskou unii.\u2019<\/em><\/p>\n<p>Zde je pot\u0159eba \u0159\u00edci, \u017ee v roce 2017 vystoupil Hansen na konferenci COP23 v Bonnu s p\u0159edn\u00e1\u0161kou.&nbsp;<em><a href=\"https:\/\/cs.wikipedia.org\/wiki\/James_Hansen#Politick%C3%A9_aktivity\">\u2018V r\u00e1mci t\u00e9 varoval o nutn\u00e9 pot\u0159eb\u011b udr\u017eet glob\u00e1ln\u00ed oteplov\u00e1n\u00ed pod 1,5&nbsp;\u00b0C. Dle jeho slov nem\u00e1me des\u00edtky let na nalezen\u00ed spr\u00e1vn\u00e9 odpov\u011bdi, v\u011bdci by m\u011bli opustit svou \u010dist\u011b informa\u010dn\u00ed roli a za\u010d\u00edt na probl\u00e9m nahl\u00ed\u017eet komplexn\u011b. Jeliko\u017e teplota zem\u011b od roku 1970 stoup\u00e1 line\u00e1rn\u011b, je pot\u0159eba rapidn\u011b sn\u00ed\u017eit emise. Za\u010d\u00e1tkem \u0159e\u0161en\u00ed je podle Hansena nav\u00fd\u0161en\u00ed ceny fosiln\u00edch paliv o to, co stoj\u00ed na\u0161\u00ed spole\u010dnost (zne\u010di\u0161t\u011bn\u00ed ovzdu\u0161\u00ed,&nbsp;zne\u010di\u0161t\u011bn\u00ed vody,&nbsp;klimatick\u00e1 zm\u011bna, \u2026). Teprve pak m\u016f\u017eeme za\u010d\u00edt s alternativy&nbsp;obnoviteln\u00e9 energie. P\u0159izn\u00e1v\u00e1, \u017ee lidstvo je z\u00e1visl\u00e9 na energi\u00edch, kritizuje v\u0161ak, \u017ee jsou up\u0159ednost\u0148ov\u00e1ny ekonomick\u00e9 z\u00e1jmy p\u0159ed dlouhodob\u00fdmi aspekty \u2013 klimatickou \u00fajmu neplat\u00ed firmy s fosiln\u00edmi palivy.\u2019<\/a><\/em><br \/>\nTedy m\u011bkk\u00e1 cesta je jako alternativa pry\u010d a je pot\u0159eba zastavit nebo aspo\u0148 omezit emise oxidu uhli\u010dit\u00e9ho co nejrychleji.<\/p>\n<p>C\u00edlkovi je polo\u017eena dopl\u0148uj\u00edc\u00ed ot\u00e1zka, pro\u010d tedy nezv\u00edt\u011bzili p\u0159\u00edznivci t\u00e9to m\u011bkk\u00e9 cesty. Odpov\u011b\u010f je p\u0159irozen\u011b v tom, \u017ee takov\u00fdch&nbsp;<a href=\"https:\/\/en.wikipedia.org\/wiki\/Scientific_consensus_on_climate_change\">lid\u00ed mezi klimatology moc nen\u00ed<\/a>&nbsp;a v\u011bdeck\u00fd konsensus o glob\u00e1ln\u00edm oteplov\u00e1n\u00ed p\u0159edpov\u00edd\u00e1, \u017ee lidstvo mus\u00ed sni\u017eovat emise sklen\u00edkov\u00fdch plyn\u016f co nejd\u0159\u00edve. C\u00edlek v\u0161ak mluv\u00ed o tom, jak se dostalo pov\u011bdom\u00ed o emis\u00edch od evropsk\u00fdch bank\u00e9\u0159\u016f do pov\u011bdom\u00ed politik\u016f a n\u00e1sledn\u011b do politick\u00fdch program\u016f.<\/p>\n<p>Moder\u00e1torka se zept\u00e1 Jakla, zda existuje n\u011bjak\u00fd bod zlomu a pokud do n\u011bj lidstvo dosp\u011bje, tak je pot\u0159eba zat\u00e1hnout za z\u00e1chranou brzdu. T\u00e1zan\u00fd reaguje.<br \/>\n<em>\u2018J\u00e1 mysl\u00edm, \u017ee toto je ve v\u0161ech nauk\u00e1ch o konci sv\u011bta, bylo u\u017e vyhl\u00e1\u0161eno n\u011bkolik takov\u00fdch konc\u016f sv\u011bta, po kter\u00fdch u\u017e teda nebude v\u016fbec v\u016fbec nic. Ano sv\u011bt bude v n\u011b\u010dem lep\u0161\u00ed v n\u011b\u010dem bude hor\u0161\u00ed, my samoz\u0159ejm\u011b bychom se m\u011bli chovat rozumn\u011b rozumn\u011bji ke sv\u00e9mu okol\u00ed, ale v\u017edycky b\u00fdv\u00e1 n\u011bco za n\u011bco. My se t\u0159eba mra\u010d\u00edme na n\u011bkter\u00e9 m\u00e9n\u011b rozvinut\u00e9 zem\u011b, t\u0159eba Braz\u00edlie nebo Indon\u00e9sie, \u017ee v z\u00e1jmu zem\u011bd\u011blstv\u00ed k\u00e1cej\u00ed n\u011bkter\u00e9 pralesy. Fakt je, \u017ee my jsme si svoje pralesy vyk\u00e1celi p\u0159ed tis\u00edci lety a d\u00edky tomu jsme postavili svou civilizaci. A te\u010f z v\u00fd\u0161ky jim budeme radit, aby z\u016fstali v ch\u00fd\u0161\u00edch a nemohli si pomoci stejn\u011b jako my. N\u011bkter\u00fdm v\u011bcem je t\u0159eba p\u0159istupovat ne jako k n\u00e1bo\u017eenstv\u00ed, co\u017e m\u00e1m pocit, \u017ee od takzvan\u00e9ho Climate Gate v roce 2010, kdy se provalily velk\u00e9 l\u017ei o klimatu, maskov\u00e1n\u00ed r\u016fzn\u00fdch od odchylek, Heidegger\u2019s claim pamatujeme, vylhan\u00e1 Mannova hokejka a podobn\u011b, vymaz\u00e1v\u00e1n\u00ed ve st\u0159edov\u011bk\u00fdch optim. Ale m\u00e1me tady spousty spousty \u00fakolu, u kter\u00fdch m\u00e1me p\u0159em\u00fd\u0161let m\u00e1me p\u0159em\u00fd\u0161let o tom, kde v kter\u00fdch krajin\u00e1ch se pot\u00fdkat s erozi p\u016fdy, kde se pot\u00fdkat se zavla\u017eov\u00e1n\u00edm a zavod\u0148ov\u00e1n\u00ed velk\u00fdch \u00fazem\u00ed, co\u017e samoz\u0159ejm\u011b postihlo n\u011bkter\u00e1 jezera u\u017e dneska neexistuj\u00ed t\u0159eba Aralsk\u00e9 ve sv\u00e9 p\u016fvodn\u00ed podob\u011b. Zase na druhou stranu m\u011bli bychom m\u00edt pochopen\u00ed pro lidi, kte\u0159\u00ed to ud\u011blali p\u0159ed sto t\u00e9m\u011b\u0159 lety, aby v\u016fbec mohli n\u011bkde \u017e\u00edt. Ale co se dneska m\u00e1me n\u011bjak\u00e9 technick\u00e9 mo\u017enosti, ale ur\u010dit\u011b cesta ke zlep\u0161en\u00ed \u017eivota a prost\u0159ed\u00ed, ve kter\u00e9m se pohybujeme nen\u00ed, \u017ee pokryjeme obrovsk\u00e1 \u00fazem\u00ed plochami z materi\u00e1lu jedovat\u00fdch, kter\u00e9 nebudeme um\u011bt likvidovat, kdy auta budou jezdit na autobaterie, o kter\u00fdch v\u016fbec netu\u0161\u00edme, jak se budou likvidovat, na kter\u00e9 se suroviny dov\u00e1\u017eej\u00ed z druh\u00e9ho konce sv\u011bta. Kdy krajinu zaml\u017euj\u00ed vrtuln\u00edky, kter\u00e9 pot\u0159ebuji obrovskou infrastrukturu, cesty..\u2019<\/em><\/p>\n<p>Jakl zde op\u011bt relativizuje dopady glob\u00e1ln\u00edho oteplov\u00e1n\u00ed a opom\u00edj\u00ed, \u017ee glob\u00e1ln\u00ed v n\u00e1zvu znamen\u00e1, \u017ee se t\u00fdk\u00e1 v\u0161ech region\u016f planety a ka\u017ed\u00fd st\u00e1t by m\u011bl sni\u017eovat emise, t\u0159eba podle&nbsp;<a href=\"https:\/\/cs.wikipedia.org\/wiki\/Pa%C5%99%C3%AD%C5%BEsk%C3%A1_dohoda\">Pa\u0159\u00ed\u017esk\u00e9 smlouvy o klimatu<\/a>. Podle n\u00ed maj\u00ed chud\u0161\u00ed zem\u011b n\u00e1rok na finan\u010dn\u00ed podporu p\u0159i sni\u017eov\u00e1n\u00ed emis\u00ed.<br \/>\nZnovu se vrac\u00ed k nar\u00e1\u017ek\u00e1m o n\u00e1bo\u017eenstv\u00ed a zm\u00edn\u00ed i Climate Gate. V tomto bod\u011b v\u0161ak vym\u00fd\u0161l\u00ed neexistuj\u00edc\u00ed souvislosti, proto\u017ee tato&nbsp;<a href=\"https:\/\/cs.wikipedia.org\/wiki\/Climategate\">kauza nic z toho, co popisuje, neodhalila<\/a>. \u0160lo v n\u00ed o hackersk\u00e9 \u00fatoky a n\u00e1sledn\u00e9 odcizen\u00ed tis\u00edc\u016f zpr\u00e1v a soubor\u016f, kter\u00e9 obsahovaly mailovou komunikaci a podklady klimatick\u00fdch v\u011bdc\u016f. Tyto v\u011bci n\u00e1sledn\u011b zve\u0159ejnili klimaskeptici a za pomoc\u00ed manipulac\u00ed a vytrh\u00e1v\u00e1n\u00ed z kontextu se sna\u017eili zdiskreditovat v\u00fdzkum glob\u00e1ln\u00edho oteplov\u00e1n\u00ed. V reakci na tyto \u00fatoky bylo provedeno&nbsp;<a href=\"https:\/\/en.wikipedia.org\/wiki\/Climatic_Research_Unit_email_controversy#Inquiries_and_reports\">osm r\u016fzn\u00fdch \u0161et\u0159en\u00ed<\/a>, zda v\u011bdci zab\u00fdvaj\u00edc\u00ed se klimatem nefal\u0161ovali data. Ve v\u0161ech p\u0159\u00edpadech nebylo nalezeno \u017e\u00e1dn\u00e9 pochyben\u00ed p\u0159i v\u00fdzkumu, nato\u017e tak jeho zmanipulov\u00e1n\u00ed. Jakl tedy \u0161\u00ed\u0159\u00ed d\u00e1vno vyvr\u00e1cen\u00e9 konspira\u010dn\u00ed teorie.&nbsp;<a href=\"https:\/\/cs.wikipedia.org\/wiki\/Hokejkov%C3%BD_graf\">Hokejkov\u00fd graf<\/a>&nbsp;byl zve\u0159ejn\u011bn v roce 1999,&nbsp;<a href=\"https:\/\/www.reuters.com\/article\/factcheck-climate-change-idUSL1N2S112H\">op\u011btovn\u011b<\/a>&nbsp;<a href=\"https:\/\/skepticalscience.com\/broken-hockey-stick.htm\">potvrzen<\/a>&nbsp;<a href=\"https:\/\/www.nature.com\/articles\/4411032a.pdf?origin=ppub\">a<\/a>&nbsp;jeho autor Michael Mann v roce 2019 obdr\u017eel&nbsp;<a href=\"https:\/\/tylerprize.org\/laureates\/past-laureates\/2019-tyler-laureates\/\">Tylerovu cenu za enviroment\u00e1ln\u00ed studia<\/a>. O rok pozd\u011bji se Mann stal \u010dlenem&nbsp;<a href=\"http:\/\/www.nasonline.org\/member-directory\/members\/20005807.html\">N\u00e1rodn\u00ed akademie v\u011bd<\/a>&nbsp;Spojen\u00fdch st\u00e1tu americk\u00fdch.<br \/>\nStarost o erozi p\u016fdy a hospoda\u0159en\u00ed s vodou je d\u016fle\u017eit\u00e9, ale nic z toho emise sklen\u00edkov\u00fdch plyn\u016f nesn\u00ed\u017e\u00ed. Tedy p\u0159\u00ed\u010diny glob\u00e1ln\u00edho oteplov\u00e1n\u00ed to nijak ne\u0159e\u0161\u00ed.<br \/>\nAralsk\u00e9 jezero vyschlo kv\u016fli megalomansk\u00e9mu projektu Sov\u011btsk\u00e9ho svazu, jeho\u017e z\u00e1m\u011brem bylo p\u011bstovat v pou\u0161ti bavlnu. Ztr\u00e1ta p\u0159it\u00e9kaj\u00edc\u00ed vody a zamo\u0159en\u00ed chemik\u00e1li\u00ed z hnojiv zp\u016fsobily&nbsp;<a href=\"https:\/\/cs.wikipedia.org\/wiki\/Aralsk%C3%A9_jezero#Ekologick%C3%A1_katastrofa\">obrovskou ekologickou katastrofu<\/a>. Jaklovo hodnocen\u00ed je tedy minim\u00e1ln\u011b zav\u00e1d\u011bj\u00edc\u00ed.<br \/>\nV p\u0159\u00edpad\u011b obrovsk\u00fdch ploch s jedovat\u00fdmi chemik\u00e1liemi Jakl zamrzl n\u011bkdy p\u0159ed rokem 2014, kdy v\u011bdci na\u0161li zp\u016fsob jak k<a href=\"https:\/\/www.ceskestavby.cz\/clanky\/solarni-panely-budou-velmi-levne-diky-novemu-objevu-23156.html\">admium v sol\u00e1rn\u00edch panelech nahradit chloridem ho\u0159\u010d\u00edku a t\u00edm je nav\u00edc dramaticky zlevnit<\/a>.<br \/>\nD\u00e1le mluv\u00ed o autobateri\u00edch, kter\u00e9 se samoz\u0159ejm\u011b u\u017e v dne\u0161n\u00ed dob\u011b&nbsp;<a href=\"https:\/\/www.recyclingtoday.com\/article\/volkswagen-opens-ev-battery-recycling-plant-germany\/\">daj\u00ed recyklovat<\/a>&nbsp;a dal\u0161\u00ed tov\u00e1rny na jejich recyklaci se&nbsp;<a href=\"https:\/\/balkangreenenergynews.com\/first-facility-for-recycling-electric-car-batteries-in-eu-to-be-built-in-poland\/\">stav\u00ed<\/a>&nbsp;nebo se&nbsp;<a href=\"https:\/\/www.bbc.com\/news\/business-56574779\">stavba<\/a>&nbsp;<a href=\"https:\/\/interestingengineering.com\/a-swedish-firm-has-created-the-worlds-first-fully-recycled-ev-battery\">pl\u00e1nuje<\/a>. Tak\u00e9 kv\u016fli tomu, aby se nemusely vozit vz\u00e1cn\u00e9 kovy z druh\u00e9ho konce sv\u011bta.<br \/>\nV posledn\u00ed v\u011bt\u011b Jakl evidentn\u011b mluv\u00ed o v\u011btrn\u00fdch elektr\u00e1rn\u00e1ch a cest\u00e1ch, kter\u00e1 k nim mus\u00ed v\u00e9st. Zaj\u00edmav\u00fd je kontext, \u017ee v p\u0159\u00edpad\u011b v\u011btrn\u00e9 elektr\u00e1rny je probl\u00e9mem silnice, ale pro ekologick\u00e9 katastrofy Aralsk\u00e9ho jezera nebo k\u00e1cen\u00ed a vypalov\u00e1n\u00ed de\u0161tn\u00fdch prales\u016f bychom m\u011bli m\u00edt pochopen\u00ed.<\/p>\n<p>Z\u00e1v\u011br se t\u00fdk\u00e1 t\u00e9matu, zda nez\u016fstane Evropsk\u00e1 Unie ve sv\u00e9m sna\u017een\u00ed sni\u017eovat emise sklen\u00edkov\u00fdch plyn\u016f osamocen\u00e1 a zda ji to neznev\u00fdhodn\u00ed. C\u00edlek souhlas\u00ed, \u017ee to nevypad\u00e1 dob\u0159e, ale dod\u00e1v\u00e1, \u017ee sklen\u00edkov\u00fdch plyn\u016f historicky nejv\u00edce vyprodukovaly Spojen\u00e9 st\u00e1ty americk\u00e9, t\u0159et\u00ed je N\u011bmecko a je pot\u0159eba p\u0159ibrzdit. Podle n\u011bj u\u017e nen\u00ed dost \u010dasu, abychom stihli n\u011bco ud\u011blat a sou\u010dasn\u011b, aby to m\u011blo minim\u00e1ln\u00ed dopady na 60% populace, kter\u00e1 m\u00e1 pom\u011brn\u011b m\u00e1lo pen\u011bz.<br \/>\nZde C\u00edlek pop\u00edr\u00e1 sv\u00e1 slova z \u00favodu a ukazuje, jak je situace ohledn\u011b klimatu kritick\u00e1, \u017ee je pot\u0159eba n\u011bco ud\u011blat hned.<\/p>\n<p>Koment\u00e1\u0159 autora na z\u00e1v\u011br.<br \/>\nP\u0159esto\u017ee V\u00e1clav C\u00edlek nen\u00ed v\u011bdcem v oboru klimatu, tak se orientuje v souvisej\u00edc\u00edm v\u011bdeck\u00e9m v\u00fdzkumu. Naproti tomu Ladislav Jakl v po\u0159adu mnohokr\u00e1t ne\u0159\u00edk\u00e1 pravdu, pou\u017e\u00edv\u00e1 zav\u00e1d\u011bj\u00edc\u00ed tvrzen\u00ed a \u0161\u00ed\u0159\u00ed konspira\u010dn\u00ed teorie. P\u0159esto ho&nbsp;<a href=\"https:\/\/cnn.iprima.cz\/videa\/cnndomaci\/rozhovor-s-odborniky-ke-globalnimu-oteplovani\">CNN Prima News popisuje jako \u2018odborn\u00edka na glob\u00e1ln\u00ed oteplov\u00e1n\u00ed\u2019<\/a>, co\u017e je nesmysl. Jakl nen\u00ed v\u011bdec. Vzhledem k tomu, co o glob\u00e1ln\u00edm oteplov\u00e1n\u00ed v po\u0159adu \u0159ekl, nen\u00ed ani informovan\u00fd laik. Moder\u00e1torka Veronika Kub\u00ed\u010dkov\u00e1 ho nav\u00edc nech\u00e1 \u0159\u00edkat nepravdy, ani\u017e by ho konfrontovala. Bohu\u017eel to nen\u00ed&nbsp;<a href=\"https:\/\/cnn.iprima.cz\/videa\/cnndomaci\/jakl-a-opletal-o-globalnim-oteplovani\">poprv\u00e9<\/a>, co tato stanice nechala Jakla rozumovat o glob\u00e1ln\u00edm oteplov\u00e1n\u00ed.<\/p>\n<p>CNN Prima News takov\u00fdmi debatami vytv\u00e1\u0159\u00ed dojem, \u017ee samotn\u00e1 existence glob\u00e1ln\u00edho oteplovan\u00ed je otev\u0159en\u00e1 diskuze a nikoli, \u017ee jde o potvrzen\u00fd v\u011bdeck\u00fd fakt. Pop\u00edr\u00e1 odbornost vlastn\u00edch host\u016f, proto\u017ee ani jeden z nich nen\u00ed odborn\u00edkem na klima. Jakl nav\u00edc nen\u00ed ani v\u011bdec, ani nem\u00e1 minim\u00e1ln\u00ed znalost t\u00e9matu. O tom, co je konkr\u00e9tn\u011b Green Deal se div\u00e1k vlastn\u011b nic nedozv\u00ed. Informov\u00e1n\u00ed div\u00e1k\u016f by se dramaticky posunulo k lep\u0161\u00edmu, kdyby m\u00edsto nepravdiv\u00fdch informac\u00ed od Jakla v po\u0159adu zazn\u011bly n\u00e1zory n\u011bkter\u00e9ho klimatologa, kter\u00fd se na Green Deal pod\u00edlel. S n\u00edm by diskutoval t\u0159eba pr\u00e1v\u011b V\u00e1clav C\u00edlek. To by daleko l\u00e9pe odr\u00e1\u017eelo sou\u010dasnou situaci a st\u0159et ide\u00ed, kter\u00fd v aktu\u00e1ln\u011b ve sv\u011bt\u011b existuje ve v\u011bci klimatick\u00e9 zm\u011bny. Tyto st\u0159ety se to\u010d\u00ed kolem probl\u00e9mu, jak klimatickou zm\u011bnu \u0159e\u0161it a nikoli, zda v\u016fbec existuje. N\u00e1zory, kter\u00e9 zast\u00e1v\u00e1 Ladislav Jakl v\u0161ak nejsou relevantn\u00ed, nepod\u00edlej\u00ed se na rozhodov\u00e1n\u00ed jak \u0159e\u0161it cokoli ve vztahu ke glob\u00e1ln\u00edmu oteplov\u00e1n\u00ed. Je tomu tak proto, \u017ee takov\u00ed lid\u00e9 ignoruj\u00ed v\u011bdeck\u00e9 zkouman\u00ed a t\u00edm se dost\u00e1vaj\u00ed mimo realitu. Poskytov\u00e1n\u00ed platformy takov\u00fdm osobnostem a propagov\u00e1n\u00ed takov\u00fdch n\u00e1zor\u016f m\u00e1 velm\u00ed bl\u00edzko k aktivn\u00edmu \u0161\u00ed\u0159en\u00ed dezinformac\u00ed.<\/p>\n<p><a href=\"https:\/\/manipulatori.cz\/podivuhodna-diskuze-o-globalnim-oteplovani-na-cnn-prima-news\/\">zdroj<\/a><\/p>\n","protected":false},"excerpt":{"rendered":"<p>CNN Prima News odvys\u00edlala 4. ledna&nbsp;diskuzi&nbsp;geologa V\u00e1clava C\u00edlka a publicisty Ladislava Jakla s titulkem&nbsp;\u2018Rozhovor s odborn\u00edky ke glob\u00e1ln\u00edmu oteplov\u00e1n\u00ed\u2019&nbsp;v r\u00e1mci po\u0159adu Zpr\u00e1vy PLUS. Moder\u00e1torka Veronika Kub\u00ed\u010dkov\u00e1 za\u010d\u00edn\u00e1 debatu popisem p\u0159ekonan\u00fdch teplotn\u00edch rekord\u016f v \u010cesku z p\u0159elomu roku nebo zmi\u0148uje extr\u00e9mn\u011b chladn\u00e9 po\u010das\u00ed v USA. N\u00e1sledn\u011b p\u0159edstav\u00ed sv\u00e9 hosty a polo\u017e\u00ed C\u00edlkovi ot\u00e1zku, zda je atypick\u00e9 [&hellip;]<\/p>\n","protected":false},"author":1,"featured_media":0,"comment_status":"open","ping_status":"open","sticky":false,"template":"","format":"standard","meta":{"ngg_post_thumbnail":0,"footnotes":""},"categories":[11],"tags":[],"class_list":["post-12523","post","type-post","status-publish","format-standard","hentry","category-ozvena"],"_links":{"self":[{"href":"https:\/\/www.ladislavjakl.cz\/index.php?rest_route=\/wp\/v2\/posts\/12523","targetHints":{"allow":["GET"]}}],"collection":[{"href":"https:\/\/www.ladislavjakl.cz\/index.php?rest_route=\/wp\/v2\/posts"}],"about":[{"href":"https:\/\/www.ladislavjakl.cz\/index.php?rest_route=\/wp\/v2\/types\/post"}],"author":[{"embeddable":true,"href":"https:\/\/www.ladislavjakl.cz\/index.php?rest_route=\/wp\/v2\/users\/1"}],"replies":[{"embeddable":true,"href":"https:\/\/www.ladislavjakl.cz\/index.php?rest_route=%2Fwp%2Fv2%2Fcomments&post=12523"}],"version-history":[{"count":1,"href":"https:\/\/www.ladislavjakl.cz\/index.php?rest_route=\/wp\/v2\/posts\/12523\/revisions"}],"predecessor-version":[{"id":12524,"href":"https:\/\/www.ladislavjakl.cz\/index.php?rest_route=\/wp\/v2\/posts\/12523\/revisions\/12524"}],"wp:attachment":[{"href":"https:\/\/www.ladislavjakl.cz\/index.php?rest_route=%2Fwp%2Fv2%2Fmedia&parent=12523"}],"wp:term":[{"taxonomy":"category","embeddable":true,"href":"https:\/\/www.ladislavjakl.cz\/index.php?rest_route=%2Fwp%2Fv2%2Fcategories&post=12523"},{"taxonomy":"post_tag","embeddable":true,"href":"https:\/\/www.ladislavjakl.cz\/index.php?rest_route=%2Fwp%2Fv2%2Ftags&post=12523"}],"curies":[{"name":"wp","href":"https:\/\/api.w.org\/{rel}","templated":true}]}}