{"id":12525,"date":"2022-01-27T13:32:29","date_gmt":"2022-01-27T12:32:29","guid":{"rendered":"http:\/\/www.ladislavjakl.cz\/?p=12525"},"modified":"2022-01-27T13:32:29","modified_gmt":"2022-01-27T12:32:29","slug":"zapis-z-22-zasedani-2021-konaneho-dne-21-12-2021","status":"publish","type":"post","link":"https:\/\/www.ladislavjakl.cz\/?p=12525","title":{"rendered":"Z\u00e1pis z 22. zased\u00e1n\u00ed 2021, konan\u00e9ho dne 21. 12. 2021"},"content":{"rendered":"<p>P\u0159\u00edtomni: Bou\u0161ka, Dohn\u00e1lkov\u00e1, Jakl, Jane\u010dek, Kr\u00e1lov\u00e1, K\u00f6ppl, Mace\u0161ka, Mencl, Nov\u00e1k, Petrov, Smol\u00edkov\u00e1, \u0160incl<br \/>\nOmluveni: Jehli\u010dka<br \/>\nOv\u011b\u0159ovatel: Barto\u0161<\/p>\n<p><!--more--><\/p>\n<p>1 RRTV\/2021\/904\/bla: Schv\u00e1len\u00ed programu 22. zased\u00e1n\u00ed 2021<br \/>\n&#8211; Rada schvaluje program ve zn\u011bn\u00ed projednan\u00fdch zm\u011bn<br \/>\n11-0-0<br \/>\n2 RRTV\/2021\/672\/blu: PEARS HEALTH CYBER s.r.o.\/RADIO UNITED BROADCASTING s.r.o.\/Radio Spin\/RV\/7. 5. 2021\/\u0159\u00edzen\u00ed o p\u0159estupku se zadavatelem reklamy &#8211; dokazov\u00e1n\u00ed od 13:30<br \/>\n&#8211; Rada pro rozhlasov\u00e9 a televizn\u00ed vys\u00edl\u00e1n\u00ed v r\u00e1mci \u0159\u00edzen\u00ed o p\u0159estupku sp.zn. 2021\/672\/blu provedla d\u016fkaz vyslechnut\u00edm reklamy na on-line l\u00e9k\u00e1rnu l\u00e9k\u00e1rna.cz a p\u0159\u00edpravek Essentiale, kter\u00e1 byla odvys\u00edl\u00e1na dne 7. kv\u011btna 2021 v \u010dase 08:28:19 hod. na programu Radio Spin (Praha 96,2 MHz) provozovatele RADIO UNITED BROADCASTING s.r.o.<br \/>\n11-0-0<br \/>\n3 RRTV\/2021\/690\/blu: PEARS HEALTH CYBER s.r.o.\/LONDA spol. s r.o.\/Rock Zone 105,9\/RV\/15. 6. 2021 &#8211; \u0159\u00edzen\u00ed o p\u0159estupku &#8211; dokazov\u00e1n\u00ed od 13:35<br \/>\n&#8211; Rada pro rozhlasov\u00e9 a televizn\u00ed vys\u00edl\u00e1n\u00ed v r\u00e1mci \u0159\u00edzen\u00ed o p\u0159estupku sp.zn. 2021\/690\/blu provedla d\u016fkaz vyslechnut\u00edm reklamy na on-line l\u00e9k\u00e1rnu l\u00e9k\u00e1rna.cz a p\u0159\u00edpravek Prostamol Uno, kter\u00e1 byla odvys\u00edl\u00e1na dne 15. \u010dervna 2021 v \u010dase 07:25:29 hod. na programu Rock Zone 105,9 (Praha 105,9 MHz) provozovatele LONDA spol. s r.o.<br \/>\n12-0-0<br \/>\n4 RRTV\/2021\/893\/zil: ViacomCBS Networks International Czech s.r.o. \/ MTV Netherlands \/ TV \/ zps \/ \u0159\u00edzen\u00ed o ud\u011blen\u00ed licence &#8211; \u00fastn\u00ed jedn\u00e1n\u00ed dne 21. prosince 2021, ve 13:40 hodin<br \/>\n&#8211; Rada ud\u011bluje spole\u010dnosti ViacomCBS Networks International Czech s.r.o., I\u010c: 28970438, se s\u00eddlem Perlov\u00e1 371\/5, Praha &#8211; Star\u00e9 M\u011bsto, 110 00, podle \u00a7 25 z\u00e1kona \u010d. 231\/2001 Sb., licenci k provozov\u00e1n\u00ed televizn\u00edho vys\u00edl\u00e1n\u00ed \u0161\u00ed\u0159en\u00e9ho prost\u0159ednictv\u00edm zvl\u00e1\u0161tn\u00edch p\u0159enosov\u00fdch syst\u00e9m\u016f na dobu 12 let, ozna\u010den\u00ed (n\u00e1zev) programu: MTV Netherlands; z\u00e1kladn\u00ed programov\u00e1 specifikace: v\u0161eobecn\u011b z\u00e1bavn\u00ed a hudebn\u00ed televizn\u00ed program pro ml\u00e1de\u017e zam\u011b\u0159en\u00fd na americkou z\u00e1bavn\u00ed produkci a mimoevropskou hudebn\u00ed produkci; \u010dasov\u00fd rozsah vys\u00edl\u00e1n\u00ed: 24 hodin denn\u011b; v\u00fd\u010det st\u00e1t\u016f, na jejich\u017e \u00fazem\u00ed m\u00e1 b\u00fdt vys\u00edl\u00e1n\u00ed zcela nebo p\u0159ev\u00e1\u017en\u011b sm\u011b\u0159ov\u00e1no: Nizozemsko a Flandry (\u010d\u00e1st Belgie ob\u00fdvan\u00e1 nizozemsky mluv\u00edc\u00ed komunitou); hlavn\u00ed jazyk vys\u00edl\u00e1n\u00ed: nizozem\u0161tina; v rozsahu dle \u017e\u00e1dosti doru\u010den\u00e9 dne 26. listopadu 2021, \u010d. j. RRTV\/14629\/2021-vra.<br \/>\n12-0-0<br \/>\n&#8211; Rada informuje podle \u00a7 18 odst. 6 z\u00e1kona \u010d. 231\/2001 Sb., regula\u010dn\u00ed org\u00e1n \u010dlensk\u00e9ho st\u00e1tu Evropsk\u00e9 unie, na jeho\u017e \u00fazem\u00ed je televizn\u00ed vys\u00edl\u00e1n\u00ed zcela nebo p\u0159ev\u00e1\u017en\u011b sm\u011b\u0159ov\u00e1no, tj. Nizozemsko a Flandry (\u010d\u00e1st Belgie ob\u00fdvan\u00e1 nizozemsky mluv\u00edc\u00ed komunitou), o ud\u011blen\u00ed licence spole\u010dnosti ViacomCBS Networks International Czech s.r.o., I\u010cO: 28970438, se s\u00eddlem Perlov\u00e1 371\/5, Praha &#8211; Star\u00e9 M\u011bsto, 110 00, k televizn\u00edmu vys\u00edl\u00e1n\u00ed programu MTV Netherlands \u0161\u00ed\u0159en\u00e9m prost\u0159ednictv\u00edm zvl\u00e1\u0161tn\u00edch p\u0159enosov\u00fdch syst\u00e9m\u016f se z\u00e1kladn\u00ed programovou specifikac\u00ed: v\u0161eobecn\u011b z\u00e1bavn\u00ed a hudebn\u00ed televizn\u00ed program pro ml\u00e1de\u017e zam\u011b\u0159en\u00fd na americkou z\u00e1bavn\u00ed produkci a mimoevropskou hudebn\u00ed produkci.<br \/>\n12-0-0<br \/>\n5 RRTV\/2021\/212\/zab: Licen\u010dn\u00ed \u0159\u00edzen\u00ed\/RV\/Hora\u017e\u010fovice 92,2 MHz \/ 50 W, Strakonice 4 88,3 MHz \/ 50 W &#8211; rozhodnut\u00ed<br \/>\n&#8211; Rada pro rozhlasov\u00e9 a televizn\u00ed vys\u00edl\u00e1n\u00ed ud\u011bluje Josefu T\u00fdcovi, Palack\u00e9ho 26, Blatn\u00e1, PS\u010c 388 01, I\u010c: 03299805, podle \u00a7 18 z\u00e1kona \u010d. 231\/2001 Sb. licenci k provozov\u00e1n\u00ed rozhlasov\u00e9ho vys\u00edl\u00e1n\u00ed prost\u0159ednictv\u00edm vys\u00edla\u010d\u016f se soubory technick\u00fdch parametr\u016f Hora\u017e\u010fovice 92,2 MHz \/ 50 W, sou\u0159adnice WGS84: 13 42 19 \/ 49 19 44 a Strakonice 4 88,3 MHz \/ 50 W, sou\u0159adnice WGS84: 13 53 32 \/ 49 15 19, pro program R\u00c1DIO OTAVA do 10. \u0159\u00edjna 2025.<br \/>\n12-0-0<br \/>\n6 RRTV\/2021\/842\/str: Radio Contact Liberec spol. s r.o.\/RV\/R\u00e1dio BLAN\u00cdK Liberec (licence \u010d.j. Ru\/105\/01 ze dne 9.5.2001)\/zm\u011bna licence \u00a7 21 odst. 1 p\u00edsm. a) &#8211; rozhodnut\u00ed<br \/>\n&#8211; Rada pro rozhlasov\u00e9 a televizn\u00ed vys\u00edl\u00e1n\u00ed (d\u00e1le jen \u201eRada\u201c) v souladu s ustanoven\u00edm \u00a7 5 p\u00edsm. b), \u00a7 21 odst. 1 p\u00edsm. a) a \u00a7 21 odst. 3 z\u00e1kona \u010d. 231\/2001 Sb., o provozov\u00e1n\u00ed rozhlasov\u00e9ho a televizn\u00edho vys\u00edl\u00e1n\u00ed a o zm\u011bn\u011b dal\u0161\u00edch z\u00e1kon\u016f, v platn\u00e9m zn\u011bn\u00ed (d\u00e1le jen \u201ez\u00e1kon \u010d. 231\/2001 Sb.\u201c), a ustanoven\u00edm \u00a7 67 a n\u00e1sl. z\u00e1kona \u010d. 500\/2004 Sb., spr\u00e1vn\u00edho \u0159\u00e1du, v platn\u00e9m zn\u011bn\u00ed (d\u00e1le jen \u201ez\u00e1kon \u010d. 500\/2004 Sb.\u201c), vydala toto rozhodnut\u00ed: Rada ud\u011bluje provozovateli Radio Contact Liberec spol. s r.o., I\u010c: 148 66 285, se s\u00eddlem Na Okruhu 872\/10, PS\u010c 460 01 Liberec, souhlas se zm\u011bnou skute\u010dnost\u00ed uveden\u00fdch v \u017e\u00e1dosti o licenci k provozov\u00e1n\u00ed rozhlasov\u00e9ho vys\u00edl\u00e1n\u00ed programu R\u00e1dio BLAN\u00cdK Liberec (licence \u010d.j. Ru\/105\/01 ze dne 9.5.2001) podle ustanoven\u00ed \u00a7 21 odst. 1 p\u00edsm. a) z\u00e1kona \u010d. 231\/2001 Sb., spo\u010d\u00edvaj\u00edc\u00ed ve zm\u011bn\u011b n\u00e1zvu programu na nov\u00fd n\u00e1zev R\u00e1dio BLAN\u00cdK, nebo\u0165 tato zm\u011bna by nevedla k neud\u011blen\u00ed licence na z\u00e1klad\u011b ve\u0159ejn\u00e9ho sly\u0161en\u00ed.<br \/>\n12-0-0<br \/>\n7 RRTV\/2021\/877\/zab: Rajmont s.r.o.\/R\u00e1dio Dechovka\/RV &#8211; zm\u011bna licence \u00a7 21 odst. 1 p\u00edsm. b) &#8211; \u017e\u00e1dost o zm\u011bnu stanovi\u0161t\u011b a v\u00fdkonu L\u00edbeznice 1260 kHz\/ 10kW na Davle 1260 kHz \/ 5kW &#8211; p\u0159edb\u011b\u017en\u00e1 koordinace<br \/>\n&#8211; Rada pro rozhlasov\u00e9 a televizn\u00ed vys\u00edl\u00e1n\u00ed se sezn\u00e1mila s p\u0159edb\u011b\u017enou koordinac\u00ed spo\u010d\u00edvaj\u00edc\u00ed ve zm\u011bn\u011b \u00fazemn\u00edho rozsahu vys\u00edl\u00e1n\u00ed p\u0159ed zm\u011bnou a po zm\u011bn\u011b stanovi\u0161t\u011b VKV kmito\u010dtu L\u00edbeznice 1260 kHz, sou\u0159adnice (WGS84): 14 28 54 \/ 50 11 08, ERPmax (dBW): 40 dBW a Davle 1260 kHz, sou\u0159adnice (WGS84): 14 21 21 \/ 49 54 00, ERP 35 dBW, \u017eadatele Rajmont s.r.o., I\u010c: 27472116, I. Olbrachta 506\/6, 500 02 Hradec Kr\u00e1lov\u00e9, program R\u00e1dio Dechovka, (licence sp. zn.: 2020\/776\/zab) a souhlas\u00ed s dokon\u010den\u00edm p\u0159edm\u011btn\u00e9 koordinace.<br \/>\n12-0-0<br \/>\n8 RRTV\/2021\/591\/zab: RADIO UNITED BROADCASTING s.r.o.\/KISS\/RV &#8211; zm\u011bna licence \u00a7 21 odst. 1 p\u00edsm. b) &#8211; zm\u011bna stanovi\u0161t\u011b a v\u00fdkonu kmito\u010dtu Havl\u00ed\u010dk\u016fv Brod 101,3 MHz \/ 200 W &#8211; p\u0159edb\u011b\u017en\u00e1 koordinace<br \/>\n&#8211; Rada pro rozhlasov\u00e9 a televizn\u00ed vys\u00edl\u00e1n\u00ed se sezn\u00e1mila s p\u0159edb\u011b\u017enou koordinac\u00ed spo\u010d\u00edvaj\u00edc\u00ed ve stanoven\u00ed po\u010dtu obyvatel \u010cR pokryt\u00fdch sign\u00e1lem a \u00fazemn\u00edm rozsahem vys\u00edl\u00e1n\u00ed p\u0159ed zm\u011bnou a po zm\u011bn\u011b stanovi\u0161t\u011b a v\u00fdkonu VKV kmito\u010dtu Havl\u00ed\u010dk\u016fv Brod 101,3 MHz \/ 200 W na Havl\u00ed\u010dk\u016fv Brod 3 101,3 MHz \/ 100 W, sou\u0159adnice WGS 84: 15 37 55 \/ 49 33 38, \u017eadatele RADIO UNITED BROADCASTING s.r.o., I\u010c: 29131901, se s\u00eddlem Vinohradsk\u00e1 3217\/167, Praha 10, PS\u010c 100 00, program KISS, (licence sp.zn. RRTV\/2017\/353\/zab) a souhlas\u00ed s dokon\u010den\u00edm p\u0159edm\u011btn\u00e9 koordinace.<br \/>\n12-0-0<br \/>\n9 RRTV\/2021\/591\/zab: RADIO UNITED BROADCASTING s.r.o.\/Radio Beat\/RV &#8211; zm\u011bna licence \u00a7 21 odst. 1 p\u00edsm. b) &#8211; zm\u011bna stanovi\u0161t\u011b a v\u00fdkonu kmito\u010dtu Havl\u00ed\u010dk\u016fv Brod 91,4 MHz \/ 250 W &#8211; p\u0159edb\u011b\u017en\u00e1 koordinace<br \/>\n&#8211; Rada pro rozhlasov\u00e9 a televizn\u00ed vys\u00edl\u00e1n\u00ed se sezn\u00e1mila s p\u0159edb\u011b\u017enou koordinac\u00ed spo\u010d\u00edvaj\u00edc\u00ed ve stanoven\u00ed po\u010dtu obyvatel \u010cR pokryt\u00fdch sign\u00e1lem a \u00fazemn\u00edm rozsahem<br \/>\nvys\u00edl\u00e1n\u00ed p\u0159ed zm\u011bnou a po zm\u011bn\u011b stanovi\u0161t\u011b a v\u00fdkonu VKV kmito\u010dtu Havl\u00ed\u010dk\u016fv Brod 91,4 MHz \/ 250 W na Havl\u00ed\u010dk\u016fv Brod 3 91,4 MHz \/ 150 W, sou\u0159adnice WGS 84: 15 37 55 \/ 49 33 38, \u017eadatele RADIO UNITED BROADCASTING s.r.o., I\u010c: 29131901, se s\u00eddlem Vinohradsk\u00e1 3217\/167, Praha 10, PS\u010c 100 00, program Radio Beat, licence sp.zn. RRTV\/2016\/283\/zab a souhlas\u00ed s dokon\u010den\u00edm p\u0159edm\u011btn\u00e9 koordinace.<br \/>\n12-0-0<br \/>\n10 RRTV\/2021\/618\/blu: MEDIA CLUB, s.r.o.\/LONDA spol. s r.o.\/Rock Zone 105,9\/RV\/15. 6. 2021 &#8211; \u0159\u00edzen\u00ed o p\u0159estupku &#8211; zastaven\u00ed \u0159\u00edzen\u00ed<br \/>\n&#8211; Rada pro rozhlasov\u00e9 a televizn\u00ed vys\u00edl\u00e1n\u00ed (d\u00e1le jen \u201eRada), jako\u017eto \u00fast\u0159edn\u00ed spr\u00e1vn\u00ed \u00fa\u0159ad na z\u00e1klad\u011b ustanoven\u00ed \u00a7 7 p\u00edsm. a) z\u00e1kona \u010d. 40\/1995 Sb., o regulaci reklamy a o zm\u011bn\u011b a dopln\u011bn\u00ed z\u00e1kona \u010d. 468\/1991 Sb., o provozov\u00e1n\u00ed rozhlasov\u00e9ho a televizn\u00edho vys\u00edl\u00e1n\u00ed, ve zn\u011bn\u00ed platn\u00fdch p\u0159edpis\u016f, (d\u00e1le jen \u201ez\u00e1kon \u010d. 40\/1995 Sb.\u201c) a podle ustanoven\u00ed \u00a7 86 odst. 1 p\u00edsm. b) z\u00e1kona \u010d. 250\/2016 Sb., o odpov\u011bdnosti za p\u0159estupky a \u0159\u00edzen\u00ed o nich, vyd\u00e1v\u00e1 toto usnesen\u00ed: Rada zastavuje \u0159\u00edzen\u00ed o p\u0159estupku s obvin\u011bn\u00fdm, spole\u010dnost\u00ed MEDIA CLUB, s.r.o., I\u010c: 29413982, se s\u00eddlem Vinohradsk\u00e1 3217\/167, Stra\u0161nice, 100 00 Praha 10, veden\u00e9 ve v\u011bci mo\u017en\u00e9ho poru\u0161en\u00ed ustanoven\u00ed \u00a7 5a odst. 5 z\u00e1kona \u010d. 40\/1995 Sb., kter\u00e9ho se mohla dopustit zad\u00e1n\u00edm reklamy na on-line l\u00e9k\u00e1rnu l\u00e9k\u00e1rna.cz a p\u0159\u00edpravek Prostamol Uno, kter\u00e1 byla odvys\u00edl\u00e1na dne 15. \u010dervna 2021 v \u010dase 07:25:29 hod. na programu Rock Zone 105,9 (Praha 105,9 MHz) provozovatele LONDA spol. s r. o., nebo\u0165 skutek, o n\u011bm\u017e se vede \u0159\u00edzen\u00ed, nesp\u00e1chal obvin\u011bn\u00fd.<br \/>\n12-0-0<br \/>\n11 RRTV\/2021\/582\/blu: NeoMedia-Czech s.r.o.\/RADIO UNITED BROADCASTING s.r.o.\/Radio Spin\/RV\/7. 5. 2021\/\u0159\u00edzen\u00ed o p\u0159estupku &#8211; zastaven\u00ed \u0159\u00edzen\u00ed<br \/>\n&#8211; Rada pro rozhlasov\u00e9 a televizn\u00ed vys\u00edl\u00e1n\u00ed (d\u00e1le jen \u201eRada), jako\u017eto \u00fast\u0159edn\u00ed spr\u00e1vn\u00ed \u00fa\u0159ad na z\u00e1klad\u011b ustanoven\u00ed \u00a7 7 p\u00edsm. a) z\u00e1kona \u010d. 40\/1995 Sb., o regulaci reklamy a o zm\u011bn\u011b a dopln\u011bn\u00ed z\u00e1kona \u010d. 468\/1991 Sb., o provozov\u00e1n\u00ed rozhlasov\u00e9ho a televizn\u00edho vys\u00edl\u00e1n\u00ed, ve zn\u011bn\u00ed platn\u00fdch p\u0159edpis\u016f, (d\u00e1le jen \u201ez\u00e1kon \u010d. 40\/1995 Sb.\u201c) a podle ustanoven\u00ed \u00a7 86 odst. 1 p\u00edsm. b) z\u00e1kona \u010d. 250\/2016 Sb., o odpov\u011bdnosti za p\u0159estupky a \u0159\u00edzen\u00ed o nich, vyd\u00e1v\u00e1 toto usnesen\u00ed: Rada zastavuje \u0159\u00edzen\u00ed o p\u0159estupku s obvin\u011bn\u00fdm, spole\u010dnost\u00ed NeoMedia-Czech s.r.o., I\u010c: 24687804, se s\u00eddlem Pernerova 635\/57, Karl\u00edn, 186 00 Praha 8, veden\u00e9 ve v\u011bci mo\u017en\u00e9ho poru\u0161en\u00ed ustanoven\u00ed \u00a7 5a odst. 5 z\u00e1kona \u010d. 40\/1995 Sb., kter\u00e9ho se mohla dopustit zad\u00e1n\u00edm reklamy na on-line l\u00e9k\u00e1rnu l\u00e9k\u00e1rna.cz a p\u0159\u00edpravek Essentiale, kter\u00e1 byla odvys\u00edl\u00e1na dne 7. kv\u011btna 2021 v \u010dase 08:28:19 hod. na programu Radio Spin (Praha 96,2 MHz) provozovatele RADIO UNITED BROADCASTING s.r.o., nebo\u0165 skutek, o n\u011bm\u017e se vede \u0159\u00edzen\u00ed, nesp\u00e1chal obvin\u011bn\u00fd.<br \/>\n12-0-0<br \/>\n12 RRTV\/2021\/705\/blu: NeoMedia-Czech s.r.o.\/LONDA spol. s r.o.\/Rock Zone 105,9\/RV\/15. 6. 2021 &#8211; \u0159\u00edzen\u00ed o p\u0159estupku se zpracovatelem reklamy<br \/>\n&#8211; Rada pro rozhlasov\u00e9 a televizn\u00ed vys\u00edl\u00e1n\u00ed (d\u00e1le jen \u201eRada), jako\u017eto \u00fast\u0159edn\u00ed spr\u00e1vn\u00ed \u00fa\u0159ad na z\u00e1klad\u011b ustanoven\u00ed \u00a7 7 p\u00edsm. a) z\u00e1kona \u010d. 40\/1995 Sb., o regulaci reklamy a o zm\u011bn\u011b a dopln\u011bn\u00ed z\u00e1kona \u010d. 468\/1991 Sb., o provozov\u00e1n\u00ed rozhlasov\u00e9ho a televizn\u00edho vys\u00edl\u00e1n\u00ed, ve zn\u011bn\u00ed platn\u00fdch p\u0159edpis\u016f, (d\u00e1le jen \u201ez\u00e1kon \u010d. 40\/1995 Sb.\u201c) a podle ustanoven\u00ed \u00a7 86 odst. 1 p\u00edsm. b) z\u00e1kona \u010d. 250\/2016 Sb., o odpov\u011bdnosti za p\u0159estupky a \u0159\u00edzen\u00ed o nich, vydala dne 20. \u010dervence 2021 toto usnesen\u00ed: Rada zastavuje \u0159\u00edzen\u00ed o p\u0159estupku s obvin\u011bn\u00fdm, spole\u010dnost\u00ed NeoMedia-Czech s.r.o., I\u010c: 24687804, se s\u00eddlem Pernerova 635\/57, Karl\u00edn, 186 00 Praha 8, \u0159\u00edzen\u00ed o p\u0159estupku z moci \u00fa\u0159edn\u00ed pro mo\u017en\u00e9 poru\u0161en\u00ed ustanoven\u00ed \u00a7 5a odst. 5 z\u00e1kona \u010d. 40\/1995 Sb., kter\u00e9ho se mohl dopustit zpracov\u00e1n\u00edm reklamy na on-line l\u00e9k\u00e1rnu l\u00e9k\u00e1rna.cz a p\u0159\u00edpravek Prostamol Uno, kter\u00e1 byla odvys\u00edl\u00e1na dne 15. \u010dervna 2021 v \u010dase 07:25:29 hod. na programu Rock Zone 105,9 (Praha 105,9 MHz) provozovatele LONDA spol. s r. o., nebo\u0165 skutek, o n\u011bm\u017e se vede \u0159\u00edzen\u00ed, nesp\u00e1chal obvin\u011bn\u00fd.<br \/>\n12-0-0<br \/>\n&#8211; Rada pro rozhlasov\u00e9 a televizn\u00ed vys\u00edl\u00e1n\u00ed (d\u00e1le jen \u201eRada\u201c) v r\u00e1mci sv\u00e9 kompetence dan\u00e9 \u00a7 7 p\u00edsm. a) z\u00e1kona \u010d. 40\/1995 Sb., o regulaci reklamy a o zm\u011bn\u011b a dopln\u011bn\u00ed z\u00e1kona \u010d. 468\/1991 Sb., o provozov\u00e1n\u00ed rozhlasov\u00e9ho a televizn\u00edho vys\u00edl\u00e1n\u00ed, ve zn\u011bn\u00ed platn\u00fdch p\u0159edpis\u016f (d\u00e1le jen \u201ez\u00e1kon \u010d. 40\/1995 Sb.\u201c), v souladu s ustanoven\u00edm \u00a7 78 odst. 1 z\u00e1kona \u010d. 250\/2016 Sb., z\u00e1kona o p\u0159estupc\u00edch a \u0159\u00edzen\u00edch o nich (d\u00e1le jen \u201ez\u00e1kona \u010d. 250\/2016 Sb.\u201c) rozhodla zah\u00e1jit se spole\u010dnost\u00ed Peppermint digital s.r.o., I\u010c: 28525001, se s\u00eddlem Pernerova 635\/57, Karl\u00edn, 186 00 Praha 8, \u0159\u00edzen\u00ed o p\u0159estupku z moci \u00fa\u0159edn\u00ed pro mo\u017en\u00e9 poru\u0161en\u00ed ustanoven\u00ed \u00a7 5a odst. 5 z\u00e1kona \u010d. 40\/1995 Sb., kter\u00e9ho se mohla dopustit zpracov\u00e1n\u00edm reklamy na on-line l\u00e9k\u00e1rnu l\u00e9k\u00e1rna.cz a p\u0159\u00edpravek Prostamol Uno, kter\u00e1 byla odvys\u00edl\u00e1na dne 15. \u010dervna 2021 v \u010dase 07:25:29 hod. na programu Rock Zone 105,9 (Praha 105,9 MHz) provozovatele LONDA spol. s r. o.<br \/>\n11-0-1<br \/>\n13 RRTV\/2021\/924\/mam: LONDA, spol. s r.o. \/ R\u00c1DIO IMPULS &#8211; 2. 12. 2021, srovn\u00e1vac\u00ed anal\u00fdza<br \/>\n&#8211; Rada se sezn\u00e1mila se srovn\u00e1vac\u00ed anal\u00fdzou program\u016f Radio Impuls na vybran\u00fdch souborech technick\u00fdch parametr\u016f R\u00c1DIO IMPULS 96.6 MHZ (Praha), R\u00c1DIO IMPULS 92.1 MHz (Hradec Kr\u00e1lov\u00e9), R\u00c1DIO IMPULS 102.3 MHz (Zl\u00edn), provozovatele LONDA, spol. s r.o. ze \u010dtvrtka 2.12. 2021 od 07:00 do 08:00 hodin, od 13:00 do 14:00 a od 18:00 do 19:00 hodin.<br \/>\n12-0-0<br \/>\n14 RRTV\/2021\/925\/mam: Radio Krom\u011b\u0159\u00ed\u017e, s.r.o. \/ Radio Krom\u011b\u0159\u00ed\u017e &#8211; 5. 11. 2021 od 00:00 do 24:00 hodin, anal\u00fdza<br \/>\n&#8211; Rada se sezn\u00e1mila s anal\u00fdzou programu Radio Krom\u011b\u0159\u00ed\u017e provozovatele Radio Krom\u011b\u0159\u00ed\u017e, s.r.o. z p\u00e1tku 5. 11. 2021 od 00:00 &#8211; 24:00 hodin a shledala, \u017ee vys\u00edl\u00e1n\u00ed bylo v souladu se z\u00e1konem o rozhlasov\u00e9m a televizn\u00edm vys\u00edl\u00e1n\u00ed a v souladu s platn\u00fdmi licen\u010dn\u00edmi podm\u00ednkami<br \/>\n12-0-0<br \/>\n15 RRTV\/2021\/864\/blu: R\u016fzn\u00ed provozovatel\u00e9\/rozhlasov\u00e9 vys\u00edl\u00e1n\u00ed; anal\u00fdza obchodn\u00edch sd\u011blen\u00ed a do\u0161l\u00e1 pod\u00e1n\u00ed ve v\u011bci obchodn\u00edch sd\u011blen\u00ed \/zased\u00e1n\u00ed 22\/2021<br \/>\n&#8211; Rada pro rozhlasov\u00e9 a televizn\u00ed vys\u00edl\u00e1n\u00ed se sezn\u00e1mila s anal\u00fdzami obchodn\u00edch sd\u011blen\u00ed odvys\u00edlan\u00fdch provozovateli MEDIA BOHEMIA a.s. (program Hitr\u00e1dio \u010cern\u00e1 Hora, Trutnov 105,3 MHz) dne 8. prosince 2021, RADIO UNITED BROADCASTING s.r.o. (program COUNTRY RADIO; Plze\u0148 102,1 MHz) dne 8. prosince 2021, Frekvence 1, a.s. (program FREKVENCE 1; Ostrava 91,0 MHz) dne 8. prosince 2021, LONDA spol. s r. o. (program R\u00c1DIO IMPULS; Brno 87,6 MHz) dne 8. prosince 2021, MAX LOYD, s.r.o. (program DANCE RADIO; Praha-Jinonice 102,9 MHz) dne 8. prosince 2021, MEDIA BOHEMIA a.s. (program R\u00e1dio BLAN\u00cdK; Liberec-Vratislavice 107,4 MHz) dne 8. prosince 2021 a RADIO UNITED BROADCASTING s.r.o. (program SIGN\u00c1L R\u00c1DIO; Praha 95,7 MHz) dne 8. prosince 2021.<br \/>\n12-0-0<br \/>\n16 RRTV\/2018\/161\/zab: Licen\u010dn\u00ed \u0159\u00edzen\u00ed\/RV\/Mokr\u00e1 2 89,2 MHz \/ 50 W &#8211; licence ud\u011blena MEDIA BOHEMIA, a.s. \/ Hitr\u00e1dio City &#8211; sezn\u00e1men\u00ed s rozsudkem NSS<br \/>\n&#8211; Rada se sezn\u00e1mila s rozsudkem Nejvy\u0161\u0161\u00edho spr\u00e1vn\u00edho soudu ze dne 16. listopadu 2021, \u010d.j. 7 As 451\/2019-30, kter\u00fd byla zam\u00edtnuta kasa\u010dn\u00ed st\u00ed\u017enost spole\u010dnosti JOE Media, s.r.o. proti rozsudku M\u011bstsk\u00e9ho soudu v Praze ze dne 14. listopadu 2019, \u010d. j. 15 A 113\/2019-53, kter\u00fdm byla zam\u00edtnuta \u017ealoba spole\u010dnosti JOE Media, s.r.o. proti rozhodnut\u00ed Rady \u010d.j. RRTV\/9058\/2019-str, sp. zn. RRTV\/2018\/161\/zab ze dne 4. \u010dervna 2019, kter\u00fdm byla spole\u010dnosti MEDIA BOHEMIA a.s. ud\u011blena licence k provozov\u00e1n\u00ed rozhlasov\u00e9ho vys\u00edl\u00e1n\u00ed prost\u0159ednictv\u00edm vys\u00edla\u010d\u016f se souborem technick\u00fdch parametr\u016f Mokr\u00e1 89,2 MHz \/ 50 W pro program Hitr\u00e1dio City do 10. \u0159\u00edjna 2025 a zam\u00edtnuta \u017e\u00e1dost spole\u010dnosti JOE Media, s.r.o.<br \/>\n12-0-0<br \/>\n17 RRTV\/2021\/912\/blu: R\u016fzn\u00ed provozovatel\u00e9\/RV\/P\u0159ehled doru\u010den\u00fdch ozn\u00e1men\u00ed 22\/2021<br \/>\n&#8211; Rada pro rozhlasov\u00e9 a televizn\u00ed vys\u00edl\u00e1n\u00ed se sezn\u00e1mila s ozn\u00e1men\u00edm provozovatele SAMSON MEDIA spol. s r.o., I\u010c: 27629775, doru\u010den\u00fdm Rad\u011b dne 9. prosince 2021 pod \u010d.j. RRTV\/15018\/2021-vra, spo\u010d\u00edvaj\u00edc\u00edm v informaci o tom, \u017ee ke dni 31. prosince 2021 ukon\u010duje terestrick\u00e9 vys\u00edl\u00e1n\u00ed programu Radio Samson Digital \u0161\u00ed\u0159en\u00e9ho na z\u00e1klad\u011b rozhodnut\u00ed Rady sp.zn. 2014\/657\/bar\/SAM ze dne 16. z\u00e1\u0159\u00ed 2014. Rada pro rozhlasov\u00e9 a televizn\u00ed vys\u00edl\u00e1n\u00ed (d\u00e1le jen \u201eRada\u201c) se sezn\u00e1mila s ozn\u00e1men\u00edm provozovatele MEDIA BOHEMIA a.s., I\u010c: 26765586, doru\u010den\u00fdm Rad\u011b dne 2. prosince 2021 pod \u010d.j. RRTV\/14831\/2021-vra, spo\u010d\u00edvaj\u00edc\u00edm v informaci o tom, \u017ee dne 2. prosince 2021 na kmito\u010dtu Trutnov 87,6 MHz \/ 100 W zah\u00e1jil vys\u00edl\u00e1n\u00ed programu Fajn radio \u0161\u00ed\u0159en\u00e9ho prost\u0159ednictv\u00edm vys\u00edla\u010d\u016f na z\u00e1klad\u011b rozhodnut\u00ed Rady sp.zn. RRTV\/2021\/151\/zab ze dne 20. \u010dervence 2021. Rada pro rozhlasov\u00e9 a televizn\u00ed vys\u00edl\u00e1n\u00ed (d\u00e1le jen \u201eRada\u201c) se sezn\u00e1mila s ozn\u00e1men\u00edm provozovatele JOE Media s.r.o., I\u010c: 26152002, doru\u010den\u00fdm Rad\u011b dne 29. listopadu 2021 pod \u010d.j. RRTV\/14687\/2021-vra, spo\u010d\u00edvaj\u00edc\u00edm v informaci o tom, \u017ee v souladu s rozhodnut\u00edm o registraci sp.zn. RRTV\/2021\/669\/hou ze dne 14. z\u00e1\u0159\u00ed 2021 uvedl dne 17 listopadu 2021 do provozu vys\u00edla\u010d Praha Strahov 7c \/ 1 kW.<br \/>\n12-0-0<br \/>\n18 RRTV\/2021\/918\/fia: ViacomCBS Networks International Czech s.r.o. \/TV \/MTV\/dru\u017eice \/zm\u011bna licen\u010dn\u00edch podm\u00ednek (zm\u011bna v\u00fd\u010dtu st\u00e1t\u016f) &#8211; p\u0159edchoz\u00ed souhlas<br \/>\n&#8211; Rada ud\u011bluje provozovateli, spole\u010dnosti ViacomCBS Networks International Czech s.r.o., I\u010c: 289 70 438, se s\u00eddlem Perlov\u00e1 371\/5, Star\u00e9 M\u011bsto, 110 00 Praha 1, souhlas se zm\u011bnou skute\u010dnost\u00ed uveden\u00fdch v \u017e\u00e1dosti o licenci, sp. zn.: 2014\/589\/FIA\/MTV, \u010d. j.: FIA\/2514\/2014, ze dne 1. \u010dervence 2014, ve zn\u011bn\u00ed pozd\u011bj\u0161\u00edch zm\u011bn, podle \u00a7 21 odst. 1 p\u00edsm. d) z\u00e1kona \u010d. 231\/2001 Sb., spo\u010d\u00edvaj\u00edc\u00ed v z\u00fa\u017een\u00ed v\u00fd\u010dtu st\u00e1t\u016f, na jejich\u017e \u00fazem\u00ed m\u00e1 b\u00fdt vys\u00edl\u00e1n\u00ed programu MTV, \u0161\u00ed\u0159en\u00e9ho prost\u0159ednictv\u00edm dru\u017eice, zcela nebo p\u0159ev\u00e1\u017en\u011b sm\u011brov\u00e1no o Nizozemsko, dle \u017e\u00e1dosti ze dne 7. prosince 2021, \u010d. j.: RRTV\/14960\/2021-vra.<br \/>\n12-0-0<br \/>\n19 RRTV\/2021\/885\/hou: FTV Prima, spol. s r.o. \/ TV \/ Prima KRIMI +1 a Prima MAX +1\/ dru\u017eice a vys\u00edla\u010de\/ \u017e\u00e1dost o ukon\u010den\u00ed vys\u00edl\u00e1n\u00ed<br \/>\n&#8211; Rada se sezn\u00e1mila s \u017e\u00e1dost\u00ed provozovatele FTV Prima, spol. s r.o., I\u010c 48115908, se s\u00eddlem Vinohradsk\u00e1 3217\/167, Praha 10, 100 00, ze dne 22. listopadu 2021, \u010d.j. RRTV\/14519\/2021-vra, o ukon\u010den\u00ed vys\u00edl\u00e1n\u00ed program\u016f Prima MAX +1 a Prima KRIMI +1 \u0161\u00ed\u0159en\u00fdch prost\u0159ednictv\u00edm vys\u00edla\u010d\u016f a program\u016f Prima MAX +1 a Prima KRIMI +1 \u0161\u00ed\u0159en\u00fdch prost\u0159ednictv\u00edm dru\u017eice na z\u00e1klad\u011b licenc\u00ed v po\u0159ad\u00ed: \u010d.j. RRTV\/15457\/2020-fia, sp. zn. RRTV\/2020\/788\/fia, \u010d.j. RRTV\/15450\/2020-fia, sp. zn. RRTV\/2020\/786\/fia, \u010d.j. RRTV\/15454\/2020-fia, sp. zn. RRTV\/2020\/787\/fia, \u010d.j. RRTV\/15448\/2020-fia, sp. zn. RRTV\/2020\/785\/fia, ze dne 18. listopadu 2020.<br \/>\n12-0-0<br \/>\n&#8211; Rada vzala na v\u011bdom\u00ed, \u017ee provozovateli FTV Prima, spol. s r.o., I\u010c 48115908, se s\u00eddlem Vinohradsk\u00e1 3217\/167, Praha 10, 100 00, zanikly podle \u00a7 24 p\u00edsm. f) z\u00e1kona \u010d. 231\/2001 Sb., licence k provozov\u00e1n\u00ed zemsk\u00e9ho digit\u00e1ln\u00ed televizn\u00ed vys\u00edl\u00e1n\u00ed program\u016f Prima MAX +1 a Prima KRIMI +1 \u0161\u00ed\u0159en\u00fdch prost\u0159ednictv\u00edm vys\u00edla\u010d\u016f a licence k provozov\u00e1n\u00ed televizn\u00edho vys\u00edl\u00e1n\u00ed program\u016f Prima MAX +1 a Prima KRIMI +1 \u0161\u00ed\u0159en\u00fdch prost\u0159ednictv\u00edm dru\u017eice na z\u00e1klad\u011b licenc\u00ed v po\u0159ad\u00ed: \u010d.j. RRTV\/15457\/2020-fia, sp. zn. RRTV\/2020\/788\/fia, \u010d.j. RRTV\/15450\/2020-fia, sp. zn. RRTV\/2020\/786\/fia, \u010d.j. RRTV\/15454\/2020-fia, sp. zn. RRTV\/2020\/787\/fia, \u010d.j. RRTV\/15448\/2020-fia, sp. zn. RRTV\/2020\/785\/fia, ze dne 18. listopadu 2020, v rozsahu dle \u017e\u00e1dosti doru\u010den\u00e9 dne 22. listopadu 2021 pod \u010d.j. RRTV\/14519\/2021-vra. O t\u00e9to skute\u010dnosti vyd\u00e1 Rada osv\u011bd\u010den\u00ed dle \u00a7 154 a n\u00e1sl. z\u00e1kona \u010d. 500\/2004 Sb.<br \/>\n12-0-0<br \/>\n20 RRTV\/2021\/886\/zil: \u0160L\u00c1GR TV, spol. s.r.o. v likvidaci \/ TV \/ \u0160L\u00c1GR TV a \u0160L\u00c1GR 2 \/ dru\u017eice a zps \/ \u0159\u00edzen\u00ed o odn\u011bt\u00ed licenc\u00ed<br \/>\n&#8211; Rada zahajuje s provozovatelem \u0160L\u00c1GR TV, spol. s.r.o. v likvidaci, I\u010c 261 02 293, se s\u00eddlem Dubn\u00e9 158, PS\u010c 373 84, spr\u00e1vn\u00ed \u0159\u00edzen\u00ed o odn\u011bt\u00ed licenc\u00ed k provozov\u00e1n\u00ed program\u016f \u0160L\u00c1GR 2 \u0161\u00ed\u0159en\u00e9ho prost\u0159ednictv\u00edm dru\u017eice, \u010d.j. RRTV\/12246\/2018-zem, sp. zn.: RRTV\/2018\/438\/zem, \u0160L\u00c1GR TV \u0161\u00ed\u0159en\u00e9ho prost\u0159ednictv\u00edm dru\u017eice, \u010d.j. zem\/2317\/2012, sp. zn.: 2012\/432\/zem\/\u0160L\u00c1 a \u0160L\u00c1GR TV \u0161\u00ed\u0159en\u00e9ho prost\u0159ednictv\u00edm zvl\u00e1\u0161tn\u00edch p\u0159enosov\u00fdch syst\u00e9m\u016f, \u010d.j. RRTV\/2841\/2016-zem, sp. zn.: 2016\/705\/zem\/\u0160L\u00c1, dle \u00a7 63 odst. 2 p\u00edsm. c) z\u00e1kona \u010d. 231\/2001 Sb., nebo\u0165 na majetek provozovatele byl prohl\u00e1\u0161en konkurs. Rada stanovuje tomuto provozovateli v p\u0159edm\u011btn\u00e9 v\u011bci lh\u016ftu k vyj\u00e1d\u0159en\u00ed do 15 dn\u016f od doru\u010den\u00ed ozn\u00e1men\u00ed o zah\u00e1jen\u00ed \u0159\u00edzen\u00ed.<br \/>\n12-0-0<br \/>\n21 RRTV\/2021\/906\/zem: SMART Comp., a.s. \/ p\u0159evzat\u00e9 vys\u00edl\u00e1n\u00ed \/ kabelov\u00e9 syst\u00e9my \/ ZPS \/ p\u0159evod 100 % obchodn\u00edho pod\u00edlu<br \/>\n&#8211; Rada registruje provozovateli SMART Comp. a.s., I\u010c 255 17 767, se s\u00eddlem Kub\u00ed\u010dkova 1115\/8, Bystrc, 635 00 Brno, podle \u00a7 29 odst. 1 p\u00edsm. a) a b) z\u00e1kona \u010d. 231\/2001 Sb., zm\u011bnu skute\u010dnost\u00ed uv\u00e1d\u011bn\u00fdch v p\u0159ihl\u00e1\u0161ce k registraci k provozov\u00e1n\u00ed p\u0159evzat\u00e9ho rozhlasov\u00e9ho a televizn\u00edho vys\u00edl\u00e1n\u00ed \u0161\u00ed\u0159en\u00e9ho prost\u0159ednictv\u00edm 1) kabelov\u00fdch syst\u00e9m\u016f \u010d.j. sve\/7306\/07 ze dne 31. \u010dervence 2007 a 2) zvl\u00e1\u0161tn\u00edch p\u0159enosov\u00fdch syst\u00e9m\u016f \u010d.j. zem\/4311\/2014 ze dne 2. prosince 2014, spo\u010d\u00edvaj\u00edc\u00ed v p\u0159evodu v\u0161ech (100 %) akci\u00ed spole\u010dnosti SMART Comp. a.s. na spole\u010dnost Nej.cz s.r.o., I\u010c 032 13 595, se s\u00eddlem Kaplanova 2252\/8, Chodov, 148 00 Praha 4, v rozsahu dle \u017e\u00e1dosti ze dne 3. prosince 2021, \u010d.j. RRTV\/14874\/2021-vra.<br \/>\n12-0-0<br \/>\n22 RRTV\/2021\/880\/fia: R\u016fzn\u00ed provozovatel\u00e9 televizn\u00edho a p\u0159evzat\u00e9ho vys\u00edl\u00e1n\u00ed \/p\u0159ehled doru\u010den\u00fdch ozn\u00e1men\u00ed<br \/>\n&#8211; Rada se sezn\u00e1mila se 4 ozn\u00e1men\u00edmi.<br \/>\n12-0-0<br \/>\n&#8211; Rada se sezn\u00e1mila s ozn\u00e1men\u00edm provozovatele ViacomCBS Networks International Czech s.r.o., I\u010c: 289 70 438, se s\u00eddlem Perlov\u00e1 371\/5, Star\u00e9 M\u011bsto, 110 00 Praha 1, doru\u010den\u00fdm dne 12. listopadu 2021, pod \u010d.j.: RRTV\/14266\/2021-vra, spo\u010d\u00edvaj\u00edc\u00edm v zah\u00e1jen\u00ed vys\u00edl\u00e1n\u00ed program\u016f na z\u00e1klad\u011b Radou ud\u011blen\u00fdch licenc\u00ed ze dne 9. listopadu 2021, \u0161\u00ed\u0159en\u00fdch prost\u0159ednictv\u00edm dru\u017eice, a to zah\u00e1jen\u00ed vys\u00edl\u00e1n\u00ed programu Nickelodeon Austria dne 12. listopadu 2021, licence \u010d.j.: RRTV\/14163\/2021-fia, sp. zn.: RRTV\/2021\/804\/fia a zah\u00e1jen\u00ed vys\u00edl\u00e1n\u00ed programu Nickelodeon Polska dne 27. prosince 2021, licence \u010d.j.: RRTV\/14162\/2021-fia, sp. zn.: RRTV\/2021\/803\/fia.<br \/>\n12-0-0<br \/>\n&#8211; Rada se sezn\u00e1mila s ozn\u00e1men\u00edm provozovatele This work s.r.o., I\u010c: 089 60 950, se s\u00eddlem Var\u0161avsk\u00e1 715\/36, Vinohrady, 120 00 Praha 2, doru\u010den\u00fdm dne 18. listopadu 2021 pod \u010d.j. RRTV\/14387\/2021-vra, spo\u010d\u00edvaj\u00edc\u00edm v zah\u00e1jen\u00ed m\u00edstn\u00edho vys\u00edl\u00e1n\u00ed dne 11. listopadu 2021 programu KLADNo.1 TV, \u0161\u00ed\u0159en\u00e9ho prost\u0159ednictv\u00edm vys\u00edla\u010d\u016f, na z\u00e1klad\u011b Radou ud\u011blen\u00e9 licence, ze dne 10. srpna 2021, \u010d. j.: RRTV\/9658\/2021-zil, sp. zn.: RRTV\/2021\/489\/zil.<br \/>\n12-0-0<br \/>\n23 RRTV\/2021\/878\/hou: Doporu\u010den\u00ed skupiny ERGA k nov\u00e9mu Evropsk\u00e9mu Kodexu z\u00e1sad boje proti \u0161\u00ed\u0159en\u00ed dezinformac\u00ed<br \/>\n&#8211; Rada se sezn\u00e1mila se stanoviskem ERGA ohledn\u011b dal\u0161\u00edho v\u00fdvoje Evropsk\u00e9ho kodexu z\u00e1sad boje proti \u0161\u00ed\u0159en\u00ed dezinformac\u00ed.<br \/>\n12-0-0<br \/>\n24 RRTV\/2021\/908\/loj: ERGA 16. plen\u00e1rn\u00ed zased\u00e1n\u00ed<br \/>\n&#8211; Rada se sezn\u00e1mila s pr\u016fb\u011bhem 16. plen\u00e1rn\u00edho zased\u00e1n\u00ed ERGA konan\u00e9ho dne 2. 12. 2021.<br \/>\n10-0-0<br \/>\n25 RRTV\/2021\/909\/loj: ERGA tiskov\u00e1 zpr\u00e1va nov\u00e1 pravidla pro politickou reklamu<br \/>\n&#8211; Rada se sezn\u00e1mila s n\u00e1zorem ERGA k nov\u00fdm pravidl\u016fm politick\u00e9 reklamy zve\u0159ejn\u011bn\u00fdm dne 3. 12. 2021.<br \/>\n12-0-0<br \/>\n26 RRTV\/2021\/947\/poj: R\u016fzn\u00ed provozovatel\u00e9 \/ souhrn pod\u00e1n\u00ed 22\/2021 rozhlas<br \/>\n&#8211; Rada pro rozhlasov\u00e9 a televizn\u00ed vys\u00edl\u00e1n\u00ed se sezn\u00e1mila se st\u00ed\u017enost\u00ed \u010d. j. RRTV\/14158\/2021-vra ohledn\u011b toho, \u017ee \u010cRo \u00fadajn\u011b podporuje extremismus a \u0161\u00ed\u0159\u00ed n\u00e1zory potla\u010duj\u00edc\u00ed lidsk\u00e1 pr\u00e1va a svobody. Rada pro rozhlasov\u00e9 a televizn\u00ed vys\u00edl\u00e1n\u00ed se sezn\u00e1mila se st\u00ed\u017enost\u00ed \u010d. j. RRTV\/14277\/2021-vra ohledn\u011b toho, \u017ee \u010cT a \u010cRo jsou \u00fadajn\u011b ur\u010deny jen pro ob\u010dany \u010cech, nebo\u0165 pr\u00fd pou\u017e\u00edvaj\u00ed slovo \u010cechy ve v\u00fdznamu \u010cesk\u00e1 republika. Rada pro rozhlasov\u00e9 a televizn\u00ed vys\u00edl\u00e1n\u00ed se sezn\u00e1mila se st\u00ed\u017enostmi RRTV\/14385\/2021-vra a RRTV\/14441\/2021-vra a jejich dodatky (RRTV\/14442\/2021-vra a RRTV\/14472\/2021-vra) ohledn\u011b \u00fadajn\u011b neobjektivn\u00edho rozhovoru s Danielem Landou na webu irozhlas.cz. Rada pro rozhlasov\u00e9 a televizn\u00ed vys\u00edl\u00e1n\u00ed se sezn\u00e1mila se st\u00ed\u017enost\u00ed \u010d. j. RRTV\/14419\/2021-vac a jej\u00edmi kopiemi \u010d. j. RRTV\/14551\/2021-vra a RRTV\/14550\/2021-vra a dopl\u0148uj\u00edc\u00edm materi\u00e1lem \u010d. j. RRTV\/14692\/2021-vra ohledn\u011b toho, \u017ee \u010cRo \u00fadajn\u011b informoval \u00fa\u010delov\u011b a dehonestuj\u00edc\u00edm zp\u016fsobem o trestn\u00edm st\u00edh\u00e1n\u00ed p\u0159edsedy \u010cesk\u00e9ho svazu zrakov\u011b posti\u017een\u00fdch sportovc\u016f. Rada pro rozhlasov\u00e9 a televizn\u00ed vys\u00edl\u00e1n\u00ed se sezn\u00e1mila se st\u00ed\u017enost\u00ed \u010d. j. RRTV\/14619\/2021-vra ohledn\u011b toho, \u017ee rozhlasov\u00e1 hra vys\u00edlan\u00e1 dne 17. 11. po ob\u011bd\u011b na programu \u010cRo Dvojka byla \u00fadajn\u011b vulg\u00e1rn\u00ed a nevhodn\u00e1 kv\u016fli sexu\u00e1ln\u00edmu obsahu. Rada pro rozhlasov\u00e9 a televizn\u00ed vys\u00edl\u00e1n\u00ed se sezn\u00e1mila s podn\u011btem \u010d.j. RRTV\/14591\/2021-vra ve v\u011bci st\u00ed\u017enosti na mo\u017en\u00e9 poru\u0161en\u00ed ustanoven\u00ed \u00a7 49 odst. 1 p\u00edsm. c) z\u00e1kona \u010d. 231\/2001 Sb., o provozov\u00e1n\u00ed rozhlasov\u00e9ho a televizn\u00edho vys\u00edl\u00e1n\u00ed. Rada pro rozhlasov\u00e9 a televizn\u00ed vys\u00edl\u00e1n\u00ed se sezn\u00e1mila s pod\u00e1n\u00edm \u010d.j. RRTV\/14211\/2021-vra ve v\u011bci o\u010dkovac\u00ed kampan\u011b \u201eUd\u011blejme te\u010dku za koronavirem\u201c, na programu \u201eR\u00e1dio BLAN\u00cdK\u201c. Rada pro rozhlasov\u00e9 a televizn\u00ed vys\u00edl\u00e1n\u00ed se sezn\u00e1mila s pod\u00e1n\u00edm \u010d.j. RRTV\/15014\/2021-vra ve v\u011bci mo\u017en\u00e9ho poru\u0161en\u00ed z\u00e1kona \u010d. 40\/1995 Sb., o regulaci reklamy. Rada pro rozhlasov\u00e9 a televizn\u00ed vys\u00edl\u00e1n\u00ed se sezn\u00e1mila s pod\u00e1n\u00edm \u010d.j. RRTV\/14463\/2021-vra ve v\u011bci reklam na p\u0159echod na digit\u00e1ln\u00ed vys\u00edl\u00e1n\u00ed na programu \u010cRo Dvojka.<br \/>\n12-0-0<br \/>\n&#8211; Rada pro rozhlasov\u00e9 a televizn\u00ed vys\u00edl\u00e1n\u00ed coby \u00fast\u0159edn\u00ed spr\u00e1vn\u00ed \u00fa\u0159ad v r\u00e1mci sv\u00e9 kompetence dan\u00e9 ustanoven\u00edm \u00a7 5 p\u00edsm. a) z\u00e1kona \u010d. 231\/2001 Sb., o provozov\u00e1n\u00ed rozhlasov\u00e9ho a televizn\u00edho vys\u00edl\u00e1n\u00ed a o zm\u011bn\u011b dal\u0161\u00edch z\u00e1kon\u016f (d\u00e1le jen z\u00e1kon \u010d. 231\/2001 Sb.), rozhodla v souladu s ustanoven\u00edm \u00a7 76 odst. 1 p\u00edsm. a) z\u00e1kona \u010d. 250\/2016 Sb., o odpov\u011bdnosti za p\u0159estupky a \u0159\u00edzen\u00ed o nich, v platn\u00e9m zn\u011bn\u00ed, ohledn\u011b toho, \u017ee \u010cRo \u00fadajn\u011b podporuje extremismus a \u0161\u00ed\u0159\u00ed n\u00e1zory potla\u010duj\u00edc\u00ed lidsk\u00e1 pr\u00e1va a svobody (RRTV\/14158\/2021-vra), \u017ee v\u011bc odkl\u00e1d\u00e1.<br \/>\n11-0-1<br \/>\n&#8211; Rada pro rozhlasov\u00e9 a televizn\u00ed vys\u00edl\u00e1n\u00ed coby \u00fast\u0159edn\u00ed spr\u00e1vn\u00ed \u00fa\u0159ad v r\u00e1mci sv\u00e9 kompetence dan\u00e9 ustanoven\u00edm \u00a7 5 p\u00edsm. a) z\u00e1kona \u010d. 231\/2001 Sb., o provozov\u00e1n\u00ed rozhlasov\u00e9ho a televizn\u00edho vys\u00edl\u00e1n\u00ed a o zm\u011bn\u011b dal\u0161\u00edch z\u00e1kon\u016f (d\u00e1le jen z\u00e1kon \u010d. 231\/2001 Sb.), rozhodla v souladu s ustanoven\u00edm \u00a7 76 odst. 1 p\u00edsm. a) z\u00e1kona \u010d. 250\/2016 Sb., o odpov\u011bdnosti za p\u0159estupky a \u0159\u00edzen\u00ed o nich, v platn\u00e9m zn\u011bn\u00ed, ohledn\u011b toho, \u017ee \u010cT a \u010cRo jsou \u00fadajn\u011b ur\u010deny jen pro ob\u010dany \u010cech, nebo\u0165 pr\u00fd pou\u017e\u00edvaj\u00ed slovo \u010cechy ve v\u00fdznamu \u010cesk\u00e1 republika (RRTV\/14277\/2021-vra), \u017ee v\u011bc odkl\u00e1d\u00e1.<br \/>\n12-0-0<br \/>\n&#8211; Rada pro rozhlasov\u00e9 a televizn\u00ed vys\u00edl\u00e1n\u00ed coby \u00fast\u0159edn\u00ed spr\u00e1vn\u00ed \u00fa\u0159ad v r\u00e1mci sv\u00e9 kompetence dan\u00e9 ustanoven\u00edm \u00a7 5 p\u00edsm. a) z\u00e1kona \u010d. 231\/2001 Sb., o provozov\u00e1n\u00ed rozhlasov\u00e9ho a televizn\u00edho vys\u00edl\u00e1n\u00ed a o zm\u011bn\u011b dal\u0161\u00edch z\u00e1kon\u016f (d\u00e1le jen z\u00e1kon \u010d. 231\/2001 Sb.), rozhodla v souladu s ustanoven\u00edm \u00a7 76 odst. 1 p\u00edsm. a) z\u00e1kona \u010d. 250\/2016 Sb., o odpov\u011bdnosti za p\u0159estupky a \u0159\u00edzen\u00ed o nich, v platn\u00e9m zn\u011bn\u00ed, ohledn\u011b \u00fadajn\u011b neobjektivn\u00edho rozhovoru s Danielem Landou na webu irozhlas.cz (RRTV\/14385\/2021-vra a RRTV\/14441\/2021-vra a jejich dodatky \u010d. j. RRTV\/14442\/2021-vra a RRTV\/14472\/2021-vra), \u017ee v\u011bc odkl\u00e1d\u00e1.<br \/>\n10-0-2<br \/>\n&#8211; Rada pro rozhlasov\u00e9 a televizn\u00ed vys\u00edl\u00e1n\u00ed coby \u00fast\u0159edn\u00ed spr\u00e1vn\u00ed \u00fa\u0159ad v r\u00e1mci sv\u00e9 kompetence dan\u00e9 ustanoven\u00edm \u00a7 5 p\u00edsm. a) z\u00e1kona \u010d. 231\/2001 Sb., o provozov\u00e1n\u00ed rozhlasov\u00e9ho a televizn\u00edho vys\u00edl\u00e1n\u00ed a o zm\u011bn\u011b dal\u0161\u00edch z\u00e1kon\u016f (d\u00e1le jen z\u00e1kon \u010d. 231\/2001 Sb.), rozhodla v souladu s ustanoven\u00edm \u00a7 76 odst. 1 p\u00edsm. a) z\u00e1kona \u010d. 250\/2016 Sb., o odpov\u011bdnosti za p\u0159estupky a \u0159\u00edzen\u00ed o nich, v platn\u00e9m zn\u011bn\u00ed, ohledn\u011b toho, \u017ee \u010cRo \u00fadajn\u011b informoval \u00fa\u010delov\u011b a dehonestuj\u00edc\u00edm zp\u016fsobem o trestn\u00edm st\u00edh\u00e1n\u00ed p\u0159edsedy \u010cesk\u00e9ho svazu zrakov\u011b posti\u017een\u00fdch sportovc\u016f (RRTV\/14419\/2021-vac a kopie \u010d. j. RRTV\/14551\/2021-vra a RRTV\/14550\/2021-vra a dopl\u0148uj\u00edc\u00ed materi\u00e1l \u010d. j. RRTV\/14692\/2021-vra), \u017ee v\u011bc odkl\u00e1d\u00e1.<br \/>\n12-0-0<br \/>\n&#8211; Rada pro rozhlasov\u00e9 a televizn\u00ed vys\u00edl\u00e1n\u00ed v r\u00e1mci sv\u00e9 p\u016fsobnosti dan\u00e9 \u00a7 5 p\u00edsm. a) a f) a \u00a7 59 odst. 1-3 z\u00e1kona \u010d. 231\/2001 Sb., o provozov\u00e1n\u00ed rozhlasov\u00e9ho a televizn\u00edho vys\u00edl\u00e1n\u00ed, v platn\u00e9m zn\u011bn\u00ed, upozor\u0148uje provozovatele \u010cesk\u00fd rozhlas, I\u010c: 45245053, se s\u00eddlem Vinohradsk\u00e1 140\/12, Praha 2, 120 00, na poru\u0161en\u00ed ustanoven\u00ed \u00a7 32 odst. 1 p\u00edsm. j) z\u00e1kona \u010d. 231\/2001 Sb., kter\u00e9ho se dopustil t\u00edm, \u017ee dne 17. 11. 2021 v \u010dase 13:04:12-13:55:40 na programu \u010cRo Dvojka odvys\u00edlal rozhlasovou hru Sametov\u00e1 noc, kter\u00e1 obsahovala vulgarismy hajzl (ve smyslu \u201esakra\u201c), hajzl (ve smyslu \u201emizera\u201c; 5x), hovno (ve smyslu \u201enev\u00fdznamn\u00fd \u010dlov\u011bk\u201c), hovno (ve smyslu \u201esakra\u201c), idiot, kret\u00e9n, kurva (ve smyslu \u201esakra\u201c), (o)\u0161ukat (2x), posrat se z n\u011b\u010deho, prdel (ve spojen\u00ed \u201ejd\u011bte do\u201c), prdel (ve spojen\u00ed \u201epolibte mi\u201c), sr\u00e1\u010d, svin\u011b, \u0161ukat. Provozovatel tak poru\u0161il povinnost neza\u0159azovat do program\u016f po\u0159ady a reklamy, kter\u00e9 obsahuj\u00ed vulgarismy a nad\u00e1vky, krom\u011b um\u011bleck\u00fdch d\u011bl, v nich\u017e je to z hlediska l\u00ed\u010den\u00e9ho kontextu nutn\u00e9; takov\u00e1 d\u00edla je v\u0161ak mo\u017en\u00e9 vys\u00edlat pouze v dob\u011b od 22:00 hodin do 6:00 hodin druh\u00e9ho dne. Rada stanovuje lh\u016ftu k n\u00e1prav\u011b 7 dn\u00ed ode dne doru\u010den\u00ed upozorn\u011bn\u00ed.<br \/>\n12-0-0<br \/>\n&#8211; Rada pro rozhlasov\u00e9 a televizn\u00ed vys\u00edl\u00e1n\u00ed (d\u00e1le jen Rada) coby \u00fast\u0159edn\u00ed spr\u00e1vn\u00ed \u00fa\u0159ad v r\u00e1mci sv\u00e9 kompetence dan\u00e9 ustanoven\u00edm \u00a7 5 p\u00edsm. a) z\u00e1kona \u010d. 231\/2001 Sb., o provozov\u00e1n\u00ed rozhlasov\u00e9ho a televizn\u00edho vys\u00edl\u00e1n\u00ed a o zm\u011bn\u011b dal\u0161\u00edch z\u00e1kon\u016f (d\u00e1le jen z\u00e1kon \u010d. 231\/2001 Sb.), rozhodla v souladu s ustanoven\u00edm \u00a7 76 odst. 1 p\u00edsm. a) z\u00e1kona \u010d. 250\/2016 Sb., o odpov\u011bdnosti za p\u0159estupky a \u0159\u00edzen\u00ed o nich, v platn\u00e9m zn\u011bn\u00ed, ve v\u011bci st\u00ed\u017enosti \u010d.j. RRTV\/14591\/2021-vra na mo\u017en\u00e9 poru\u0161en\u00ed ustanoven\u00ed \u00a7 49 odst. 1 p\u00edsm. c) z\u00e1kona \u010d. 231\/2001 Sb. tak , \u017ee v\u011bc odkl\u00e1d\u00e1.<br \/>\n12-0-0<br \/>\n&#8211; Rada pro rozhlasov\u00e9 a televizn\u00ed vys\u00edl\u00e1n\u00ed (d\u00e1le jen Rada) coby \u00fast\u0159edn\u00ed spr\u00e1vn\u00ed \u00fa\u0159ad v r\u00e1mci sv\u00e9 kompetence dan\u00e9 ustanoven\u00edm \u00a7 5 p\u00edsm. a) z\u00e1kona \u010d. 231\/2001 Sb., o provozov\u00e1n\u00ed rozhlasov\u00e9ho a televizn\u00edho vys\u00edl\u00e1n\u00ed a o zm\u011bn\u011b dal\u0161\u00edch z\u00e1kon\u016f (d\u00e1le jen z\u00e1kon \u010d. 231\/2001 Sb.), rozhodla v souladu s ustanoven\u00edm \u00a7 76 odst. 1 p\u00edsm. a) z\u00e1kona \u010d. 250\/2016 Sb., o odpov\u011bdnosti za p\u0159estupky a \u0159\u00edzen\u00ed o nich, v platn\u00e9m zn\u011bn\u00ed, ve v\u011bci st\u00ed\u017enosti \u010d.j. RRTV\/14211\/2021-vra na mo\u017enost sp\u00e1ch\u00e1n\u00ed p\u0159estupku odvys\u00edl\u00e1n\u00edm spot\u016f o\u010dkovac\u00ed kampan\u011b \u201eUd\u011blejme te\u010dku za koronavirem\u201c, na programu \u201eR\u00e1dio BLAN\u00cdK\u201c, \u017ee v\u011bc odkl\u00e1d\u00e1.<br \/>\n11-1-0<br \/>\n&#8211; Rada pro rozhlasov\u00e9 a televizn\u00ed vys\u00edl\u00e1n\u00ed (d\u00e1le jen \u201eRada\u201c) coby \u00fast\u0159edn\u00ed spr\u00e1vn\u00ed \u00fa\u0159ad v r\u00e1mci sv\u00e9 kompetence dan\u00e9 ustanoven\u00edm \u00a7 5 p\u00edsm. a) z\u00e1kona \u010d. 231\/2001 Sb., o provozov\u00e1n\u00ed rozhlasov\u00e9ho a televizn\u00edho vys\u00edl\u00e1n\u00ed a o zm\u011bn\u011b dal\u0161\u00edch z\u00e1kon\u016f (d\u00e1le jen z\u00e1kon \u010d. 231\/2001 Sb.) rozhodla v souladu s ustanoven\u00edm \u00a7 76 odst. 1 p\u00edsm. a) z\u00e1kona \u010d. 250\/2016 Sb., o odpov\u011bdnosti za p\u0159estupky a \u0159\u00edzen\u00ed o nich, v platn\u00e9m zn\u011bn\u00ed, ve v\u011bci st\u00ed\u017enosti \u010d.j. RRTV\/15014\/2021-vra na mo\u017en\u00e9 poru\u0161en\u00ed z\u00e1kona \u010d. 40\/1995 Sb. tak, \u017ee v\u011bc odkl\u00e1d\u00e1.<br \/>\n10-1-1<br \/>\n&#8211; Rada pro rozhlasov\u00e9 a televizn\u00ed vys\u00edl\u00e1n\u00ed rozhodla ve v\u011bci pod\u00e1n\u00ed \u010d.j. RRTV\/14463\/2021-vra o postoupen\u00ed pro nep\u0159\u00edslu\u0161nost dle ustanoven\u00ed \u00a7 12 z\u00e1kona \u010d. 500\/2004 Sb., spr\u00e1vn\u00ed \u0159\u00e1d, ve zn\u011bn\u00ed pozd\u011bj\u0161\u00edch p\u0159edpis\u016f.<br \/>\n12-0-0<br \/>\n27 RRTV\/2021\/897\/onz: Souhrn pod\u00e1n\u00ed AO 22\/2021 &#8211; I. \u010d\u00e1st (31 pod\u00e1n\u00ed)<br \/>\n&#8211; Rada pro rozhlasov\u00e9 a televizn\u00ed vys\u00edl\u00e1n\u00ed se sezn\u00e1mila s n\u00e1sleduj\u00edc\u00edmi pod\u00e1n\u00edmi k obsahu televizn\u00edch program\u016f doru\u010den\u00fdmi od 12. listopadu do 29. listopadu 2021: R\u016fzn\u00ed provozovatel\u00e9 &#8211; vulgarismy ve vys\u00edl\u00e1n\u00ed p\u0159ed 22. hodinou; FTV Prima, spol. s r.o. \/ CNN Prima News &#8211; sponzoring po\u0159adu Nov\u00fd den, 4. 11. 2011 od 5:55 hod; Barrandov Televizn\u00ed Studio a.s. \/ Televize Barrandov &#8211; PP v po\u0159adu Va\u0159en\u00ed se Soukupem, 6. 11. 2011 od 11:03 hod; TV Nova s.r.o. \/ Nova Cinema &#8211; Poh\u00e1dk\u00e1\u0159, 17. 11. 2021 od 20:06 hod; Televizn\u00ed reklama na XIXOIO (2 pod\u00e1n\u00ed); Televize Natura s.r.o. \/ www.tvnatura.cz; Jana Peterkov\u00e1 \/ TELEVIZE NATURA &#8211; Pandemie nebo le\u017e? 2. d\u00edl; FTV Prima, spol. s r.o. \/ CNN Prima News &#8211; zpravodajstv\u00ed o covidu-19; \u010cesk\u00e1 televize &#8211; fotografie s logem \u010cT na n\u011bmeck\u00e9m karnevalu; FTV Prima, spol. s r.o. \/ Prima &#8211; d\u00e9lka reklamn\u00edch blok\u016f; Televizn\u00ed reklama na Alza.cz; \u010cesk\u00e1 televize \/ \u010cT2 &#8211; Nedej se! &#8211; Jadern\u00fd sen \u010ceska, 7. 11. 2021 od 10:22 hod (2 pod\u00e1n\u00ed); R\u016fzn\u00ed provozovatel\u00e9 &#8211; zpravodajstv\u00ed o o\u010dkov\u00e1n\u00ed proti covidu-19; FTV Prima, spol. s r.o. \/ CNN Prima News &#8211; K v\u011bci, 16. 11. 2021 od 14:19 hod; \u010cesk\u00e1 televize \/ \u010cT24 &#8211; zpravodajstv\u00ed (2 pod\u00e1n\u00ed); TV Nova s.r.o. \/ NOVA &#8211; Chce\u0161 m\u011b, chci t\u011b, 17. 11. 2021 od 12:11 hod; \u010cesk\u00e1 televize \/ \u010cT1, \u010cT24 &#8211; Ud\u00e1losti &#8211; V\u00fdvoj pandemie v zem\u00edch EU, 19. 11. 2021 od 19:15 hod; TV Nova s.r.o. \/ NOVA &#8211; \u010cesk\u00fd slav\u00edk 21, 19. 11. 2021 od 20:20 hod (4 pod\u00e1n\u00ed); TV Nova s.r.o. \/ NOVA; FTV Prima, spol. s r.o. \/ Prima &#8211; programov\u00e1 skladba; TV Nova s.r.o. \/ NOVA &#8211; upout\u00e1vka na po\u0159ad Mal\u00e9 l\u00e1sky, 21. 11. 2021 od 20:47 hod; \u010cesk\u00e1 televize \/ \u010cT2 &#8211; Nedej se plus &#8211; Kam kr\u00e1\u010d\u00ed \u010cI\u017dP (d\u00edl 2.), 14. 11. 2021 od 10:05 hod; \u010cesk\u00e1 televize &#8211; \u010dl\u00e1nek na webu \u010cT24; \u010cesk\u00e1 televize \/ \u010cT24 &#8211; Ud\u00e1losti, koment\u00e1\u0159e &#8211; EMA schv\u00e1lila o\u010dkov\u00e1n\u00ed d\u011bt\u00ed od 5 let, 25. 11. 2021 od 22:41 hod; \u010cesk\u00e1 televize \/ \u010cT24 &#8211; Ot\u00e1zky V\u00e1clava Moravce, 7. 11. 2021 od 12:00 hod; Libereck\u00e1 TV s.r.o. \/ rtm plus Liberecko &#8211; smlouva mezi provozovatelem a Libereck\u00fdm krajem; O2 TV s.r.o.\/ Premier Sport 2 CZ &#8211; hlasitost obchodn\u00edho sd\u011blen\u00ed, 21. 11. 2021 od 19:00 hod.<br \/>\n12-0-0<br \/>\n&#8211; Rada pro rozhlasov\u00e9 a televizn\u00ed vys\u00edl\u00e1n\u00ed (d\u00e1le jen \u201eRada\u201c) v r\u00e1mci sv\u00e9 p\u016fsobnosti dan\u00e9 ustanoven\u00edm \u00a7 5 p\u00edsm. a) a f) a \u00a7 59 odst. 1-3 z\u00e1kona \u010d. 231\/2001 Sb., o provozov\u00e1n\u00ed rozhlasov\u00e9ho a televizn\u00edho vys\u00edl\u00e1n\u00ed a o zm\u011bn\u011b dal\u0161\u00edch z\u00e1kon\u016f (d\u00e1le jen \u201ez\u00e1kon \u010d. 231\/2001 Sb.\u201c), v platn\u00e9m zn\u011bn\u00ed, upozor\u0148uje provozovatele FTV Prima spol. s r.o., I\u010c: 48115908, s\u00eddlem: Vinohradsk\u00e1 3217\/167, Praha 10, PS\u010c 100 00, na poru\u0161en\u00ed ustanoven\u00ed \u00a7 32 odst. 1 p\u00edsm. j) z\u00e1kona \u010d. 231\/2001 Sb., kter\u00e9ho se dopustil t\u00edm, \u017ee dne 21. \u0159\u00edjna 2021 od 20:16 hodin na programu Prima odvys\u00edlal seri\u00e1l Slune\u010dn\u00e1 (134), kter\u00fd obsahoval vulgarismy \u010di nad\u00e1vky \u201ety vole\u201c (0:47:50 hodin od za\u010d\u00e1tku z\u00e1znamu), \u201ed\u011bvku\u201c (0:48:53), \u201esvin\u011b\u201c (0:52:17, 0:52:18), \u201ekurvy\u201c (0:57:47, 0:57:48) aj., \u010d\u00edm\u017e poru\u0161il povinnost neza\u0159azovat do program\u016f po\u0159ady a reklamy, kter\u00e9 obsahuj\u00ed vulgarismy a nad\u00e1vky, krom\u011b um\u011bleck\u00fdch d\u011bl, v nich\u017e je to z hlediska l\u00ed\u010den\u00e9ho kontextu nutn\u00e9; takov\u00e1 d\u00edla je v\u0161ak mo\u017en\u00e9 vys\u00edlat pouze v dob\u011b od 22:00 do 06:00 druh\u00e9ho dne. Rada stanovuje lh\u016ftu k n\u00e1prav\u011b 7 dn\u00ed ode dne doru\u010den\u00ed upozorn\u011bn\u00ed.<br \/>\n12-0-0<br \/>\n&#8211; Rada pro rozhlasov\u00e9 a televizn\u00ed vys\u00edl\u00e1n\u00ed (d\u00e1le jen \u201eRada\u201c) v r\u00e1mci sv\u00e9 p\u016fsobnosti dan\u00e9 ustanoven\u00edm \u00a7 5 p\u00edsm. a) a f) a \u00a7 59 odst. 1-3 z\u00e1kona \u010d. 231\/2001 Sb., o provozov\u00e1n\u00ed rozhlasov\u00e9ho a televizn\u00edho vys\u00edl\u00e1n\u00ed a o zm\u011bn\u011b dal\u0161\u00edch z\u00e1kon\u016f (d\u00e1le jen \u201ez\u00e1kon \u010d. 231\/2001 Sb.\u201c), v platn\u00e9m zn\u011bn\u00ed, upozor\u0148uje provozovatele \u010cesk\u00e1 televize, I\u010c: 00027383, s\u00eddlem: Kav\u010d\u00ed hory, Praha 4, PS\u010c 140 70, na poru\u0161en\u00ed ustanoven\u00ed \u00a7 32 odst. 1 p\u00edsm. j) z\u00e1kona \u010d. 231\/2001 Sb., kter\u00e9ho se dopustil t\u00edm, \u017ee dne 22. \u0159\u00edjna 2021 od 20:19 hodin na programu \u010cT1 odvys\u00edlal seri\u00e1l Osada (8), kter\u00fd obsahoval vulgarismy \u010di nad\u00e1vky \u201eneser m\u011b\u201c (0:15:47, 0:16:03 hodin od za\u010d\u00e1tku z\u00e1znamu), \u201ekurva\u201c (0:47:20) a opakovan\u011b \u201evole\u201c, \u010d\u00edm\u017e poru\u0161il povinnost neza\u0159azovat do program\u016f po\u0159ady a reklamy, kter\u00e9 obsahuj\u00ed vulgarismy a nad\u00e1vky, krom\u011b um\u011bleck\u00fdch d\u011bl, v nich\u017e je to z hlediska l\u00ed\u010den\u00e9ho kontextu nutn\u00e9; takov\u00e1 d\u00edla je v\u0161ak mo\u017en\u00e9 vys\u00edlat pouze v dob\u011b od 22:00 do 06:00 druh\u00e9ho dne. Rada stanovuje lh\u016ftu k n\u00e1prav\u011b 7 dn\u00ed ode dne doru\u010den\u00ed upozorn\u011bn\u00ed.<br \/>\n12-0-0<br \/>\n&#8211; Rada pro rozhlasov\u00e9 a televizn\u00ed vys\u00edl\u00e1n\u00ed (d\u00e1le jen \u201eRada\u201c) v r\u00e1mci sv\u00e9 p\u016fsobnosti dan\u00e9 ustanoven\u00edm \u00a7 5 p\u00edsm. a) a f) a \u00a7 59 odst. 1-3 z\u00e1kona \u010d. 231\/2001 Sb., o provozov\u00e1n\u00ed rozhlasov\u00e9ho a televizn\u00edho vys\u00edl\u00e1n\u00ed a o zm\u011bn\u011b dal\u0161\u00edch z\u00e1kon\u016f (d\u00e1le jen \u201ez\u00e1kon \u010d. 231\/2001 Sb.\u201c), v platn\u00e9m zn\u011bn\u00ed, upozor\u0148uje provozovatele \u010cesk\u00e1 televize, I\u010c: 00027383, s\u00eddlem: Kav\u010d\u00ed hory, Praha 4, PS\u010c 140 70, na poru\u0161en\u00ed ustanoven\u00ed \u00a7 32 odst. 1 p\u00edsm. j) z\u00e1kona \u010d. 231\/2001 Sb., kter\u00e9ho se dopustil t\u00edm, \u017ee dne 23. \u0159\u00edjna 2021 od 20:03 hodin na programu \u010cT2 odvys\u00edlal film Spojenci, kter\u00fd obsahoval vulgarismy \u010di nad\u00e1vky \u201eposrali\u201c (0:26:24 hodin od za\u010d\u00e1tku z\u00e1znamu), \u201e\u0161uk\u00e1n\u00ed\u201c (0:26:50), \u201ekurva\u201c (0:55:50), \u201enasrat\u201c (1:09:20), \u201e\u0161uk\u00e1\u201c (1:16:54) aj., \u010d\u00edm\u017e poru\u0161il povinnost neza\u0159azovat do program\u016f po\u0159ady a reklamy, kter\u00e9 obsahuj\u00ed vulgarismy a nad\u00e1vky, krom\u011b um\u011bleck\u00fdch d\u011bl, v nich\u017e je to z hlediska l\u00ed\u010den\u00e9ho kontextu nutn\u00e9; takov\u00e1 d\u00edla je v\u0161ak mo\u017en\u00e9 vys\u00edlat pouze v dob\u011b od 22:00 do 06:00 druh\u00e9ho dne. Rada stanovuje lh\u016ftu k n\u00e1prav\u011b 7 dn\u00ed ode dne doru\u010den\u00ed upozorn\u011bn\u00ed.<br \/>\n12-0-0<br \/>\n&#8211; Rada pro rozhlasov\u00e9 a televizn\u00ed vys\u00edl\u00e1n\u00ed (d\u00e1le jen \u201eRada\u201c) v r\u00e1mci sv\u00e9 p\u016fsobnosti dan\u00e9 ustanoven\u00edm \u00a7 5 p\u00edsm. a) a f) a \u00a7 59 odst. 1-3 z\u00e1kona \u010d. 231\/2001 Sb., o provozov\u00e1n\u00ed rozhlasov\u00e9ho a televizn\u00edho vys\u00edl\u00e1n\u00ed a o zm\u011bn\u011b dal\u0161\u00edch z\u00e1kon\u016f (d\u00e1le jen \u201ez\u00e1kon \u010d. 231\/2001 Sb.\u201c), v platn\u00e9m zn\u011bn\u00ed, upozor\u0148uje provozovatele FTV Prima spol. s r.o., I\u010c: 48115908, s\u00eddlem: Vinohradsk\u00e1 3217\/167, Praha 10, PS\u010c 100 00, na poru\u0161en\u00ed ustanoven\u00ed \u00a7 32 odst. 1 p\u00edsm. j) z\u00e1kona \u010d. 231\/2001 Sb., kter\u00e9ho se dopustil t\u00edm, \u017ee dne 3. listopadu 2021 od 20:19 hodin na programu Prima odvys\u00edlal seri\u00e1l 1. mise (11), kter\u00fd obsahoval vulgarismy \u010di nad\u00e1vky \u201edebil\u201c (0:06:29, 0:12:13, 1:08:55 hodin od za\u010d\u00e1tku z\u00e1znamu), \u201eidiot\u201c (0:41:09, 0:47:46, 0:55:12), \u201emagor\u201c (0:41:30), \u201eposran\u00fd\u201c (0:55:31), \u201ety vole\u201c (0:55:44, 0:55:45, 1:09:43), \u201ekurva\u201c (0:55:54), \u201esvin\u011b\u201c (1:12:53) aj., \u010d\u00edm\u017e poru\u0161il povinnost neza\u0159azovat do program\u016f po\u0159ady a reklamy, kter\u00e9 obsahuj\u00ed vulgarismy a nad\u00e1vky, krom\u011b um\u011bleck\u00fdch d\u011bl, v nich\u017e je to z hlediska l\u00ed\u010den\u00e9ho kontextu nutn\u00e9; takov\u00e1 d\u00edla je v\u0161ak mo\u017en\u00e9 vys\u00edlat pouze v dob\u011b od 22:00 do 06:00 druh\u00e9ho dne. Rada stanovuje lh\u016ftu k n\u00e1prav\u011b 7 dn\u00ed ode dne doru\u010den\u00ed upozorn\u011bn\u00ed.<br \/>\n9-0-2<br \/>\n&#8211; Rada pro rozhlasov\u00e9 a televizn\u00ed vys\u00edl\u00e1n\u00ed (d\u00e1le jen \u201eRada\u201c) v r\u00e1mci sv\u00e9 p\u016fsobnosti dan\u00e9 ustanoven\u00edm \u00a7 5 p\u00edsm. a) a f) a \u00a7 59 odst. 1-3 z\u00e1kona \u010d. 231\/2001 Sb., o provozov\u00e1n\u00ed rozhlasov\u00e9ho a televizn\u00edho vys\u00edl\u00e1n\u00ed a o zm\u011bn\u011b dal\u0161\u00edch z\u00e1kon\u016f (d\u00e1le jen \u201ez\u00e1kon \u010d. 231\/2001 Sb.\u201c), v platn\u00e9m zn\u011bn\u00ed, upozor\u0148uje provozovatele \u010cesk\u00e1 televize, I\u010c: 00027383, s\u00eddlem: Kav\u010d\u00ed hory, Praha 4, PS\u010c 140 70, na poru\u0161en\u00ed ustanoven\u00ed \u00a7 32 odst. 1 p\u00edsm. j) z\u00e1kona \u010d. 231\/2001 Sb., kter\u00e9ho se dopustil t\u00edm, \u017ee dne 3. listopadu 2021 od 21:11 hodin na programu \u010cT1 odvys\u00edlal seri\u00e1l Cirkus Bukowsky (2), kter\u00fd obsahoval vulgarismy \u010di nad\u00e1vky \u201ev prdeli\u201c (0:04:55 hodin od za\u010d\u00e1tku z\u00e1znamu), \u201esere\u0161\u201c (0:17:34), \u201edo prdele\u201c (0:17:48, 0:21:26), \u201ena hovno\u201c (0:27:10), \u201eop\u00edch\u00e1\u201c (0:35:28), \u201ehajzl\u201c (0:40:46, 0:41:50, 0:42:22), \u201ekurva\u201c (0:45:38, 0:48:32) aj., \u010d\u00edm\u017e poru\u0161il povinnost neza\u0159azovat do program\u016f<br \/>\npo\u0159ady a reklamy, kter\u00e9 obsahuj\u00ed vulgarismy a nad\u00e1vky, krom\u011b um\u011bleck\u00fdch d\u011bl, v nich\u017e je to z hlediska l\u00ed\u010den\u00e9ho kontextu nutn\u00e9; takov\u00e1 d\u00edla je v\u0161ak mo\u017en\u00e9 vys\u00edlat pouze v dob\u011b od 22:00 do 06:00 druh\u00e9ho dne. Rada stanovuje lh\u016ftu k n\u00e1prav\u011b 7 dn\u00ed ode dne doru\u010den\u00ed upozorn\u011bn\u00ed.<br \/>\n11-0-0<br \/>\n&#8211; Rada pro rozhlasov\u00e9 a televizn\u00ed vys\u00edl\u00e1n\u00ed (d\u00e1le jen \u201eRada\u201c) v r\u00e1mci sv\u00e9 p\u016fsobnosti dan\u00e9 ustanoven\u00edm \u00a7 5 p\u00edsm. a) a f) a \u00a7 59 odst. 1-3 z\u00e1kona \u010d. 231\/2001 Sb., o provozov\u00e1n\u00ed rozhlasov\u00e9ho a televizn\u00edho vys\u00edl\u00e1n\u00ed a o zm\u011bn\u011b dal\u0161\u00edch z\u00e1kon\u016f (d\u00e1le jen \u201ez\u00e1kon \u010d. 231\/2001 Sb.\u201c), v platn\u00e9m zn\u011bn\u00ed, upozor\u0148uje provozovatele \u010cesk\u00e1 televize, I\u010c: 00027383, s\u00eddlem: Kav\u010d\u00ed hory, Praha 4, PS\u010c 140 70, na poru\u0161en\u00ed ustanoven\u00ed \u00a7 32 odst. 1 p\u00edsm. j) z\u00e1kona \u010d. 231\/2001 Sb., kter\u00e9ho se dopustil t\u00edm, \u017ee dne 24. \u0159\u00edjna 2021 od 20:19 hodin na programu \u010cT1 odvys\u00edlal seri\u00e1l Ochr\u00e1nce (8), kter\u00fd obsahoval vulgarismy \u010di nad\u00e1vky \u201esral\u201c (0:16:15 hodin od za\u010d\u00e1tku z\u00e1znamu) a \u201ezasranej\u201c (0:27:49), \u010d\u00edm\u017e poru\u0161il povinnost neza\u0159azovat do program\u016f po\u0159ady a reklamy, kter\u00e9 obsahuj\u00ed vulgarismy a nad\u00e1vky, krom\u011b um\u011bleck\u00fdch d\u011bl, v nich\u017e je to z hlediska l\u00ed\u010den\u00e9ho kontextu nutn\u00e9; takov\u00e1 d\u00edla je v\u0161ak mo\u017en\u00e9 vys\u00edlat pouze v dob\u011b od 22:00 do 06:00 druh\u00e9ho dne. Rada stanovuje lh\u016ftu k n\u00e1prav\u011b 7 dn\u00ed ode dne doru\u010den\u00ed upozorn\u011bn\u00ed.<br \/>\n12-0-0<br \/>\n&#8211; Rada pro rozhlasov\u00e9 a televizn\u00ed vys\u00edl\u00e1n\u00ed (d\u00e1le jen \u201eRada\u201c) v r\u00e1mci sv\u00e9 p\u016fsobnosti dan\u00e9 ustanoven\u00edm \u00a7 5 p\u00edsm. a) a f) a \u00a7 59 odst. 1-3 z\u00e1kona \u010d. 231\/2001 Sb., o provozov\u00e1n\u00ed rozhlasov\u00e9ho a televizn\u00edho vys\u00edl\u00e1n\u00ed a o zm\u011bn\u011b dal\u0161\u00edch z\u00e1kon\u016f (d\u00e1le jen \u201ez\u00e1kon \u010d. 231\/2001 Sb.\u201c), v platn\u00e9m zn\u011bn\u00ed, upozor\u0148uje provozovatele FTV Prima spol. s r.o., I\u010c: 48115908, s\u00eddlem: Vinohradsk\u00e1 3217\/167, Praha 10, PS\u010c 100 00, na poru\u0161en\u00ed ustanoven\u00ed \u00a7 53 odst. 4 z\u00e1kona \u010d. 231\/2001 Sb., kter\u00e9ho se dopustil t\u00edm, \u017ee dne 4. listopadu 2021 od 5:55 hodin na programu CNN Prima News odvys\u00edlal po\u0159ad Nov\u00fd den, kter\u00fd byl dle ozn\u00e1men\u00ed v \u010dasech 1:04:52 a 1:28:08 hodin od za\u010d\u00e1tku z\u00e1znamu sponzorov\u00e1n spole\u010dnost\u00ed Suzuki. Ozn\u00e1men\u00ed o sponzoringu absentovalo na za\u010d\u00e1tku po\u0159adu, \u010d\u00edm\u017e se provozovatel dopustil poru\u0161en\u00ed povinnosti ozna\u010dit ka\u017ed\u00fd zcela nebo z\u010d\u00e1sti sponzorovan\u00fd po\u0159ad v\u017edy na jeho za\u010d\u00e1tku. Rada stanovuje lh\u016ftu k n\u00e1prav\u011b 7 dn\u00ed ode dne doru\u010den\u00ed upozorn\u011bn\u00ed.<br \/>\n11-0-1<br \/>\n&#8211; Rada pro rozhlasov\u00e9 a televizn\u00ed vys\u00edl\u00e1n\u00ed (d\u00e1le jen Rada) coby \u00fast\u0159edn\u00ed spr\u00e1vn\u00ed \u00fa\u0159ad v r\u00e1mci sv\u00e9 p\u016fsobnosti dan\u00e9 \u00a7 5 p\u00edsm. a) a f) z\u00e1kona \u010d. 231\/2001 Sb., o provozov\u00e1n\u00ed rozhlasov\u00e9ho a televizn\u00edho vys\u00edl\u00e1n\u00ed a o zm\u011bn\u011b dal\u0161\u00edch z\u00e1kon\u016f, v platn\u00e9m zn\u011bn\u00ed (d\u00e1le jen z\u00e1kon \u010d. 231\/2001 Sb.), v souladu s ustanoven\u00edm \u00a7 78 odst. 1 z\u00e1kona \u010d. 250\/2016 Sb., z\u00e1kona o p\u0159estupc\u00edch a \u0159\u00edzen\u00ed o nich (d\u00e1le jen z\u00e1kon \u010d. 250\/2016 Sb.), rozhodla zah\u00e1jit s provozovatelem Barrandov Televizn\u00ed Studio a.s., I\u010c 41693311, s\u00eddlem Praha 5, K\u0159\u00ed\u017eeneck\u00e9ho n\u00e1m\u011bst\u00ed 322\/5, PS\u010c 15200, \u0159\u00edzen\u00ed o p\u0159estupku z moci \u00fa\u0159edn\u00ed pro mo\u017en\u00e9 poru\u0161en\u00ed ustanoven\u00ed \u00a7 53a odst. 3 z\u00e1kona \u010d. 231\/2001 Sb., kter\u00e9ho se mohl dopustit odvys\u00edl\u00e1n\u00edm po\u0159adu Va\u0159en\u00ed se Soukupem dne 6. listopadu 2021 od 11:03 hodin na programu Televize Barrandov. Po\u0159ad byl jako\u017eto po\u0159ad obsahuj\u00edc\u00ed um\u00edst\u011bn\u00ed produktu ozna\u010den pouze na sv\u00e9m za\u010d\u00e1tku a konci. Po p\u0159eru\u0161en\u00ed reklamou, v \u010dasech 18:38 minut a 36:54 minut od za\u010d\u00e1tku z\u00e1znamu, ozna\u010den\u00ed chyb\u011blo. Div\u00e1ci tak mohli b\u00fdt o povaze po\u0159adu uvedeni v omyl.<br \/>\n11-0-1<br \/>\n&#8211; Rada pro rozhlasov\u00e9 a televizn\u00ed vys\u00edl\u00e1n\u00ed (d\u00e1le jen \u201eRada\u201c) v r\u00e1mci sv\u00e9 p\u016fsobnosti dan\u00e9 ustanoven\u00edm \u00a7 5 p\u00edsm. a) a f) a \u00a7 59 odst. 1-3 z\u00e1kona \u010d. 231\/2001 Sb., o provozov\u00e1n\u00ed rozhlasov\u00e9ho a televizn\u00edho vys\u00edl\u00e1n\u00ed a o zm\u011bn\u011b dal\u0161\u00edch z\u00e1kon\u016f (d\u00e1le jen \u201ez\u00e1kon \u010d. 231\/2001 Sb.\u201c), v platn\u00e9m zn\u011bn\u00ed, upozor\u0148uje provozovatele TV Nova s.r.o., I\u010c: 45800456, s\u00eddlem: K\u0159\u00ed\u017eeneck\u00e9ho n\u00e1m. 1078\/5, Praha 5, PS\u010c 152 00, na poru\u0161en\u00ed ustanoven\u00ed \u00a7 32 odst. 1 p\u00edsm. j) z\u00e1kona \u010d. 231\/2001 Sb., kter\u00e9ho se dopustil t\u00edm, \u017ee dne 17. listopadu 2021 od 20:06 hodin na programu Nova Cinema odvys\u00edlal film Poh\u00e1dk\u00e1\u0159, kter\u00fd obsahoval vulgarismy \u010di nad\u00e1vky \u201enebesk\u00e1 kr\u00e1va\u201c (0:08:18 hodin od za\u010d\u00e1tku z\u00e1znamu), \u201e\u00faplnej<br \/>\ndement\u201c (0:08:21), \u201eo\u0161ukal\u201c (0:08:53), \u201ed\u011bvka\u201c (0:09:03), \u201ep\u00ed\u010do\u201c (0:09:11), \u201edo prdele\u201c (0:33:02), \u201ekund\u011b\u201c (1:16:17), \u201e\u0161t\u011btkou\u201c (1:33:25), \u201eo\u0161ukat\u201c (1:33:30), \u201eposral\u201c (1:37:12) aj., \u010d\u00edm\u017e poru\u0161il povinnost neza\u0159azovat do program\u016f po\u0159ady a reklamy, kter\u00e9 obsahuj\u00ed vulgarismy a nad\u00e1vky, krom\u011b um\u011bleck\u00fdch d\u011bl, v nich\u017e je to z hlediska l\u00ed\u010den\u00e9ho kontextu nutn\u00e9; takov\u00e1 d\u00edla je v\u0161ak mo\u017en\u00e9 vys\u00edlat pouze v dob\u011b od 22:00 do 06:00 druh\u00e9ho dne. Rada stanovuje lh\u016ftu k n\u00e1prav\u011b 7 dn\u00ed ode dne doru\u010den\u00ed upozorn\u011bn\u00ed.<br \/>\n11-0-1<br \/>\n&#8211; Rada pro rozhlasov\u00e9 a televizn\u00ed vys\u00edl\u00e1n\u00ed (d\u00e1le jen &#8222;Rada&#8220;), jako\u017eto \u00fast\u0159edn\u00ed spr\u00e1vn\u00ed \u00fa\u0159ad, v r\u00e1mci sv\u00e9 kompetence dan\u00e9 \u00a7 7 p\u00edsm. a) z\u00e1kona \u010d. 40\/1995 Sb., o regulaci reklamy a o zm\u011bn\u011b a dopln\u011bn\u00ed z\u00e1kona \u010d. 468\/1991 Sb., o provozov\u00e1n\u00ed rozhlasov\u00e9ho a televizn\u00edho vys\u00edl\u00e1n\u00ed, ve zn\u011bn\u00ed platn\u00fdch p\u0159edpis\u016f (d\u00e1le jen \u201ez\u00e1kon \u010d. 40\/1995 Sb.\u201c), rozhodla v souladu s ustanoven\u00edm \u00a7 76 odst. 1 p\u00edsm. a) z\u00e1kona \u010d. 250\/2016 Sb., o odpov\u011bdnosti za p\u0159estupky a \u0159\u00edzen\u00ed o nich, v platn\u00e9m zn\u011bn\u00ed, ve v\u011bci mo\u017en\u00e9ho p\u0159estupku sp\u00e1chan\u00e9ho odvys\u00edl\u00e1n\u00edm reklam na XIXOIO, premi\u00e9rov\u011b 24. 10. 2021 od 20:48 hod na programu Seznam.cz TV a 24. 10. 2021 od 6:18 hod na programu CS History, \u017ee v\u011bc odkl\u00e1d\u00e1.<br \/>\n12-0-0<br \/>\n&#8211; Rada pro rozhlasov\u00e9 a televizn\u00ed vys\u00edl\u00e1n\u00ed (d\u00e1le jen Rada) coby \u00fast\u0159edn\u00ed spr\u00e1vn\u00ed \u00fa\u0159ad v r\u00e1mci sv\u00e9 kompetence dan\u00e9 ustanoven\u00edm \u00a7 5 p\u00edsm. a) z\u00e1kona \u010d. 231\/2001 Sb., o provozov\u00e1n\u00ed rozhlasov\u00e9ho a televizn\u00edho vys\u00edl\u00e1n\u00ed a o zm\u011bn\u011b dal\u0161\u00edch z\u00e1kon\u016f (d\u00e1le jen z\u00e1kon \u010d. 231\/2001 Sb.), rozhodla v souladu s ustanoven\u00edm \u00a7 76 odst. 1 p\u00edsm. a) z\u00e1kona \u010d. 250\/2016 Sb., o odpov\u011bdnosti za p\u0159estupky a \u0159\u00edzen\u00ed o nich, v platn\u00e9m zn\u011bn\u00ed, ve v\u011bci mo\u017en\u00e9ho p\u0159estupku sp\u00e1chan\u00e9ho odvys\u00edl\u00e1n\u00edm po\u0159adu Volebn\u00ed studio dne 9. \u0159\u00edjna 2021 na programu \u010cT24, \u017ee v\u011bc odkl\u00e1d\u00e1.<br \/>\n11-0-1<br \/>\n&#8211; Rada pro rozhlasov\u00e9 a televizn\u00ed vys\u00edl\u00e1n\u00ed (d\u00e1le jen Rada) coby \u00fast\u0159edn\u00ed spr\u00e1vn\u00ed \u00fa\u0159ad v r\u00e1mci sv\u00e9 kompetence dan\u00e9 ustanoven\u00edm \u00a7 5 p\u00edsm. a) z\u00e1kona \u010d. 231\/2001 Sb., o provozov\u00e1n\u00ed rozhlasov\u00e9ho a televizn\u00edho vys\u00edl\u00e1n\u00ed a o zm\u011bn\u011b dal\u0161\u00edch z\u00e1kon\u016f (d\u00e1le jen z\u00e1kon \u010d. 231\/2001 Sb.), rozhodla v souladu s ustanoven\u00edm \u00a7 76 odst. 1 p\u00edsm. a) z\u00e1kona \u010d. 250\/2016 Sb., o odpov\u011bdnosti za p\u0159estupky a \u0159\u00edzen\u00ed o nich, v platn\u00e9m zn\u011bn\u00ed, ve v\u011bci mo\u017en\u00e9ho p\u0159estupku sp\u00e1chan\u00e9ho odvys\u00edl\u00e1n\u00edm filmu 47 Meters Down dne 25. \u010dervence 2021 a Scary Movie 3 dne 27. \u010dervence 2021 na programu AMC CHANNEL HUNGARY, \u017ee v\u011bc odkl\u00e1d\u00e1.<br \/>\n12-0-0<br \/>\n&#8211; Rada pro rozhlasov\u00e9 a televizn\u00ed vys\u00edl\u00e1n\u00ed (d\u00e1le jen Rada) coby \u00fast\u0159edn\u00ed spr\u00e1vn\u00ed \u00fa\u0159ad v r\u00e1mci sv\u00e9 kompetence dan\u00e9 ustanoven\u00edm \u00a7 5 p\u00edsm. a) z\u00e1kona \u010d. 231\/2001 Sb., o provozov\u00e1n\u00ed rozhlasov\u00e9ho a televizn\u00edho vys\u00edl\u00e1n\u00ed a o zm\u011bn\u011b dal\u0161\u00edch z\u00e1kon\u016f (d\u00e1le jen z\u00e1kon \u010d. 231\/2001 Sb.), rozhodla v souladu s ustanoven\u00edm \u00a7 76 odst. 1 p\u00edsm. a) z\u00e1kona \u010d. 250\/2016 Sb., o odpov\u011bdnosti za p\u0159estupky a \u0159\u00edzen\u00ed o nich, v platn\u00e9m zn\u011bn\u00ed, ve v\u011bci mo\u017en\u00e9ho p\u0159estupku sp\u00e1chan\u00e9ho odvys\u00edl\u00e1n\u00edm po\u0159adu 168 hodin, resp. report\u00e1\u017ee Kdo ovl\u00e1d\u00e1 Hrad, dne 24. \u0159\u00edjna 2021 na programu \u010cT1, \u017ee v\u011bc odkl\u00e1d\u00e1.<br \/>\n8-1-3<br \/>\n&#8211; Rada pro rozhlasov\u00e9 a televizn\u00ed vys\u00edl\u00e1n\u00ed (d\u00e1le jen Rada) coby \u00fast\u0159edn\u00ed spr\u00e1vn\u00ed \u00fa\u0159ad v r\u00e1mci sv\u00e9 kompetence dan\u00e9 ustanoven\u00edm \u00a7 5 p\u00edsm. a) z\u00e1kona \u010d. 231\/2001 Sb., o provozov\u00e1n\u00ed rozhlasov\u00e9ho a televizn\u00edho vys\u00edl\u00e1n\u00ed a o zm\u011bn\u011b dal\u0161\u00edch z\u00e1kon\u016f (d\u00e1le jen z\u00e1kon \u010d. 231\/2001 Sb.), rozhodla v souladu s ustanoven\u00edm \u00a7 76 odst. 1 p\u00edsm. a) z\u00e1kona \u010d. 250\/2016 Sb., o odpov\u011bdnosti za p\u0159estupky a \u0159\u00edzen\u00ed o nich, v platn\u00e9m zn\u011bn\u00ed, ve v\u011bci mo\u017en\u00e9ho p\u0159estupku sp\u00e1chan\u00e9ho uve\u0159ejn\u011bn\u00edm po\u0159adu Pandemie nebo le\u017e? 2. d\u00edl, um\u00edst\u011bn\u00e9ho jako sou\u010d\u00e1st slu\u017eby www.tvnatura.cz, \u017ee v\u011bc odkl\u00e1d\u00e1.<br \/>\n10-0-2<br \/>\n&#8211; Rada pro rozhlasov\u00e9 a televizn\u00ed vys\u00edl\u00e1n\u00ed (d\u00e1le jen Rada) coby \u00fast\u0159edn\u00ed spr\u00e1vn\u00ed \u00fa\u0159ad v r\u00e1mci sv\u00e9 kompetence dan\u00e9 ustanoven\u00edm \u00a7 5 p\u00edsm. a) z\u00e1kona \u010d. 231\/2001 Sb., o<br \/>\nprovozov\u00e1n\u00ed rozhlasov\u00e9ho a televizn\u00edho vys\u00edl\u00e1n\u00ed a o zm\u011bn\u011b dal\u0161\u00edch z\u00e1kon\u016f (d\u00e1le jen z\u00e1kon \u010d. 231\/2001 Sb.), rozhodla v souladu s ustanoven\u00edm \u00a7 76 odst. 1 p\u00edsm. a) z\u00e1kona \u010d. 250\/2016 Sb., o odpov\u011bdnosti za p\u0159estupky a \u0159\u00edzen\u00ed o nich, v platn\u00e9m zn\u011bn\u00ed, ve v\u011bci mo\u017en\u00e9ho p\u0159estupku sp\u00e1chan\u00e9ho odvys\u00edl\u00e1n\u00edm po\u0159ad\u016f s hosty Ji\u0159\u00edm Beranem, Karlou Ma\u0159\u00edkovou a Zde\u0148kem Pohlreichem na programu CNN Prima News, \u017ee v\u011bc odkl\u00e1d\u00e1.<br \/>\n12-0-0<br \/>\n&#8211; Rada pro rozhlasov\u00e9 a televizn\u00ed vys\u00edl\u00e1n\u00ed (d\u00e1le jen Rada) coby \u00fast\u0159edn\u00ed spr\u00e1vn\u00ed \u00fa\u0159ad v r\u00e1mci sv\u00e9 kompetence dan\u00e9 ustanoven\u00edm \u00a7 5 p\u00edsm. a) z\u00e1kona \u010d. 231\/2001 Sb., o provozov\u00e1n\u00ed rozhlasov\u00e9ho a televizn\u00edho vys\u00edl\u00e1n\u00ed a o zm\u011bn\u011b dal\u0161\u00edch z\u00e1kon\u016f (d\u00e1le jen z\u00e1kon \u010d. 231\/2001 Sb.), rozhodla v souladu s ustanoven\u00edm \u00a7 76 odst. 1 p\u00edsm. a) z\u00e1kona \u010d. 250\/2016 Sb., o odpov\u011bdnosti za p\u0159estupky a \u0159\u00edzen\u00ed o nich, v platn\u00e9m zn\u011bn\u00ed, ve v\u011bci mo\u017en\u00e9ho p\u0159estupku sp\u00e1chan\u00e9ho v souvislosti s fotografi\u00ed z karnevalu v N\u011bmecku, \u017ee v\u011bc odkl\u00e1d\u00e1.<br \/>\n12-0-0<br \/>\n&#8211; Rada pro rozhlasov\u00e9 a televizn\u00ed vys\u00edl\u00e1n\u00ed (d\u00e1le jen Rada) coby \u00fast\u0159edn\u00ed spr\u00e1vn\u00ed \u00fa\u0159ad v r\u00e1mci sv\u00e9 kompetence dan\u00e9 ustanoven\u00edm \u00a7 5 p\u00edsm. a) z\u00e1kona \u010d. 231\/2001 Sb., o provozov\u00e1n\u00ed rozhlasov\u00e9ho a televizn\u00edho vys\u00edl\u00e1n\u00ed a o zm\u011bn\u011b dal\u0161\u00edch z\u00e1kon\u016f (d\u00e1le jen z\u00e1kon \u010d. 231\/2001 Sb.), rozhodla v souladu s ustanoven\u00edm \u00a7 76 odst. 1 p\u00edsm. a) z\u00e1kona \u010d. 250\/2016 Sb., o odpov\u011bdnosti za p\u0159estupky a \u0159\u00edzen\u00ed o nich, v platn\u00e9m zn\u011bn\u00ed, ve v\u011bci mo\u017en\u00e9ho p\u0159estupku sp\u00e1chan\u00e9ho odvys\u00edl\u00e1n\u00edm reklamy na programu Prima, \u017ee v\u011bc odkl\u00e1d\u00e1.<br \/>\n12-0-0<br \/>\n&#8211; Rada pro rozhlasov\u00e9 a televizn\u00ed vys\u00edl\u00e1n\u00ed (d\u00e1le jen &#8222;Rada&#8220;), jako\u017eto \u00fast\u0159edn\u00ed spr\u00e1vn\u00ed \u00fa\u0159ad, v r\u00e1mci sv\u00e9 kompetence dan\u00e9 \u00a7 7 p\u00edsm. a) z\u00e1kona \u010d. 40\/1995 Sb., o regulaci reklamy a o zm\u011bn\u011b a dopln\u011bn\u00ed z\u00e1kona \u010d. 468\/1991 Sb., o provozov\u00e1n\u00ed rozhlasov\u00e9ho a televizn\u00edho vys\u00edl\u00e1n\u00ed, ve zn\u011bn\u00ed platn\u00fdch p\u0159edpis\u016f (d\u00e1le jen \u201ez\u00e1kon \u010d. 40\/1995 Sb.\u201c), rozhodla v souladu s ustanoven\u00edm \u00a7 76 odst. 1 p\u00edsm. a) z\u00e1kona \u010d. 250\/2016 Sb., o odpov\u011bdnosti za p\u0159estupky a \u0159\u00edzen\u00ed o nich, v platn\u00e9m zn\u011bn\u00ed, ve v\u011bci mo\u017en\u00e9ho p\u0159estupku sp\u00e1chan\u00e9ho odvys\u00edl\u00e1n\u00edm reklamy na Alza.cz, 13. 11. 2021 od 19:37 hodin na programu Prima, \u017ee v\u011bc odkl\u00e1d\u00e1.<br \/>\n12-0-0<br \/>\n&#8211; Rada pro rozhlasov\u00e9 a televizn\u00ed vys\u00edl\u00e1n\u00ed (d\u00e1le jen Rada) coby \u00fast\u0159edn\u00ed spr\u00e1vn\u00ed \u00fa\u0159ad v r\u00e1mci sv\u00e9 kompetence dan\u00e9 ustanoven\u00edm \u00a7 5 p\u00edsm. a) z\u00e1kona \u010d. 231\/2001 Sb., o provozov\u00e1n\u00ed rozhlasov\u00e9ho a televizn\u00edho vys\u00edl\u00e1n\u00ed a o zm\u011bn\u011b dal\u0161\u00edch z\u00e1kon\u016f (d\u00e1le jen z\u00e1kon \u010d. 231\/2001 Sb.), rozhodla v souladu s ustanoven\u00edm \u00a7 76 odst. 1 p\u00edsm. a) z\u00e1kona \u010d. 250\/2016 Sb., o odpov\u011bdnosti za p\u0159estupky a \u0159\u00edzen\u00ed o nich, v platn\u00e9m zn\u011bn\u00ed, ve v\u011bci mo\u017en\u00e9ho p\u0159estupku sp\u00e1chan\u00e9ho odvys\u00edl\u00e1n\u00edm report\u00e1\u017ee Jadern\u00fd sen \u010ceska v po\u0159adu Nedej se!, 7. 11. 2021 od 10:22 hodin na programu \u010cT2, \u017ee v\u011bc odkl\u00e1d\u00e1.<br \/>\n9-1-2<br \/>\n&#8211; Rada pro rozhlasov\u00e9 a televizn\u00ed vys\u00edl\u00e1n\u00ed (d\u00e1le jen Rada) coby \u00fast\u0159edn\u00ed spr\u00e1vn\u00ed \u00fa\u0159ad v r\u00e1mci sv\u00e9 kompetence dan\u00e9 ustanoven\u00edm \u00a7 5 p\u00edsm. a) z\u00e1kona \u010d. 231\/2001 Sb., o provozov\u00e1n\u00ed rozhlasov\u00e9ho a televizn\u00edho vys\u00edl\u00e1n\u00ed a o zm\u011bn\u011b dal\u0161\u00edch z\u00e1kon\u016f (d\u00e1le jen z\u00e1kon \u010d. 231\/2001 Sb.), rozhodla v souladu s ustanoven\u00edm \u00a7 76 odst. 1 p\u00edsm. a) z\u00e1kona \u010d. 250\/2016 Sb., o odpov\u011bdnosti za p\u0159estupky a \u0159\u00edzen\u00ed o nich, v platn\u00e9m zn\u011bn\u00ed, ve v\u011bci mo\u017en\u00e9ho p\u0159estupku sp\u00e1chan\u00e9ho odvys\u00edl\u00e1n\u00edm zpr\u00e1v o o\u010dkov\u00e1n\u00ed na programech NOVA, Prima a programech \u010cesk\u00e9 televize, \u017ee v\u011bc odkl\u00e1d\u00e1.<br \/>\n11-0-1<br \/>\n&#8211; Rada pro rozhlasov\u00e9 a televizn\u00ed vys\u00edl\u00e1n\u00ed (d\u00e1le jen Rada) coby \u00fast\u0159edn\u00ed spr\u00e1vn\u00ed \u00fa\u0159ad v r\u00e1mci sv\u00e9 kompetence dan\u00e9 ustanoven\u00edm \u00a7 5 p\u00edsm. a) z\u00e1kona \u010d. 231\/2001 Sb., o provozov\u00e1n\u00ed rozhlasov\u00e9ho a televizn\u00edho vys\u00edl\u00e1n\u00ed a o zm\u011bn\u011b dal\u0161\u00edch z\u00e1kon\u016f (d\u00e1le jen z\u00e1kon \u010d. 231\/2001 Sb.), rozhodla v souladu s ustanoven\u00edm \u00a7 76 odst. 1 p\u00edsm. a) z\u00e1kona \u010d. 250\/2016 Sb., o odpov\u011bdnosti za p\u0159estupky a \u0159\u00edzen\u00ed o nich, v platn\u00e9m zn\u011bn\u00ed, ve v\u011bci<br \/>\nmo\u017en\u00e9ho p\u0159estupku sp\u00e1chan\u00e9ho odvys\u00edl\u00e1n\u00edm po\u0159adu K v\u011bci, 16. 11. 2021 od 14:19 hod na programu CNN Prima News, \u017ee v\u011bc odkl\u00e1d\u00e1.<br \/>\n12-0-0<br \/>\n&#8211; Rada pro rozhlasov\u00e9 a televizn\u00ed vys\u00edl\u00e1n\u00ed (d\u00e1le jen Rada) coby \u00fast\u0159edn\u00ed spr\u00e1vn\u00ed \u00fa\u0159ad v r\u00e1mci sv\u00e9 kompetence dan\u00e9 ustanoven\u00edm \u00a7 5 p\u00edsm. a) z\u00e1kona \u010d. 231\/2001 Sb., o provozov\u00e1n\u00ed rozhlasov\u00e9ho a televizn\u00edho vys\u00edl\u00e1n\u00ed a o zm\u011bn\u011b dal\u0161\u00edch z\u00e1kon\u016f (d\u00e1le jen z\u00e1kon \u010d. 231\/2001 Sb.), rozhodla v souladu s ustanoven\u00edm \u00a7 76 odst. 1 p\u00edsm. a) z\u00e1kona \u010d. 250\/2016 Sb., o odpov\u011bdnosti za p\u0159estupky a \u0159\u00edzen\u00ed o nich, v platn\u00e9m zn\u011bn\u00ed, ve v\u011bci mo\u017en\u00e9ho p\u0159estupku sp\u00e1chan\u00e9ho odvys\u00edl\u00e1n\u00edm negativn\u00edch zpr\u00e1v na programu \u010cT24, \u017ee v\u011bc odkl\u00e1d\u00e1.<br \/>\n11-0-1<br \/>\n&#8211; Rada pro rozhlasov\u00e9 a televizn\u00ed vys\u00edl\u00e1n\u00ed (d\u00e1le jen Rada) coby \u00fast\u0159edn\u00ed spr\u00e1vn\u00ed \u00fa\u0159ad v r\u00e1mci sv\u00e9 kompetence dan\u00e9 ustanoven\u00edm \u00a7 5 p\u00edsm. a) z\u00e1kona \u010d. 231\/2001 Sb., o provozov\u00e1n\u00ed rozhlasov\u00e9ho a televizn\u00edho vys\u00edl\u00e1n\u00ed a o zm\u011bn\u011b dal\u0161\u00edch z\u00e1kon\u016f (d\u00e1le jen z\u00e1kon \u010d. 231\/2001 Sb.), rozhodla v souladu s ustanoven\u00edm \u00a7 76 odst. 1 p\u00edsm. a) z\u00e1kona \u010d. 250\/2016 Sb., o odpov\u011bdnosti za p\u0159estupky a \u0159\u00edzen\u00ed o nich, v platn\u00e9m zn\u011bn\u00ed, ve v\u011bci mo\u017en\u00e9ho p\u0159estupku sp\u00e1chan\u00e9ho odvys\u00edl\u00e1n\u00edm filmu Chce\u0161 m\u011b, chci t\u011b, 17. 11. 2021 od 12:11 hod na programu NOVA, \u017ee v\u011bc odkl\u00e1d\u00e1.<br \/>\n12-0-0<br \/>\n&#8211; Rada pro rozhlasov\u00e9 a televizn\u00ed vys\u00edl\u00e1n\u00ed (d\u00e1le jen Rada) coby \u00fast\u0159edn\u00ed spr\u00e1vn\u00ed \u00fa\u0159ad v r\u00e1mci sv\u00e9 kompetence dan\u00e9 ustanoven\u00edm \u00a7 5 p\u00edsm. a) z\u00e1kona \u010d. 231\/2001 Sb., o provozov\u00e1n\u00ed rozhlasov\u00e9ho a televizn\u00edho vys\u00edl\u00e1n\u00ed a o zm\u011bn\u011b dal\u0161\u00edch z\u00e1kon\u016f (d\u00e1le jen z\u00e1kon \u010d. 231\/2001 Sb.), rozhodla v souladu s ustanoven\u00edm \u00a7 76 odst. 1 p\u00edsm. a) z\u00e1kona \u010d. 250\/2016 Sb., o odpov\u011bdnosti za p\u0159estupky a \u0159\u00edzen\u00ed o nich, v platn\u00e9m zn\u011bn\u00ed, ve v\u011bci mo\u017en\u00e9ho p\u0159estupku sp\u00e1chan\u00e9ho odvys\u00edl\u00e1n\u00edm p\u0159\u00edsp\u011bvku V\u00fdvoj pandemie v zem\u00edch EU v po\u0159adu Ud\u00e1losti, 19. 11. 2021 od 19:15 hod na programech \u010cT1 a \u010cT24, \u017ee v\u011bc odkl\u00e1d\u00e1.<br \/>\n11-0-1<br \/>\n&#8211; Rada pro rozhlasov\u00e9 a televizn\u00ed vys\u00edl\u00e1n\u00ed (d\u00e1le jen Rada) coby \u00fast\u0159edn\u00ed spr\u00e1vn\u00ed \u00fa\u0159ad v r\u00e1mci sv\u00e9 kompetence dan\u00e9 ustanoven\u00edm \u00a7 5 p\u00edsm. a) z\u00e1kona \u010d. 231\/2001 Sb., o provozov\u00e1n\u00ed rozhlasov\u00e9ho a televizn\u00edho vys\u00edl\u00e1n\u00ed a o zm\u011bn\u011b dal\u0161\u00edch z\u00e1kon\u016f (d\u00e1le jen z\u00e1kon \u010d. 231\/2001 Sb.), rozhodla v souladu s ustanoven\u00edm \u00a7 76 odst. 1 p\u00edsm. a) z\u00e1kona \u010d. 250\/2016 Sb., o odpov\u011bdnosti za p\u0159estupky a \u0159\u00edzen\u00ed o nich, v platn\u00e9m zn\u011bn\u00ed, ve v\u011bci mo\u017en\u00e9ho p\u0159estupku sp\u00e1chan\u00e9ho odvys\u00edl\u00e1n\u00edm po\u0159adu \u010cesk\u00fd slav\u00edk 21, 19. 11. 2021 od 20:20 hodin na programu NOVA, \u017ee v\u011bc odkl\u00e1d\u00e1.<br \/>\n12-0-0<br \/>\n&#8211; Rada pro rozhlasov\u00e9 a televizn\u00ed vys\u00edl\u00e1n\u00ed (d\u00e1le jen Rada) coby \u00fast\u0159edn\u00ed spr\u00e1vn\u00ed \u00fa\u0159ad v r\u00e1mci sv\u00e9 kompetence dan\u00e9 ustanoven\u00edm \u00a7 5 p\u00edsm. a) z\u00e1kona \u010d. 231\/2001 Sb., o provozov\u00e1n\u00ed rozhlasov\u00e9ho a televizn\u00edho vys\u00edl\u00e1n\u00ed a o zm\u011bn\u011b dal\u0161\u00edch z\u00e1kon\u016f (d\u00e1le jen z\u00e1kon \u010d. 231\/2001 Sb.), rozhodla v souladu s ustanoven\u00edm \u00a7 76 odst. 1 p\u00edsm. a) z\u00e1kona \u010d. 250\/2016 Sb., o odpov\u011bdnosti za p\u0159estupky a \u0159\u00edzen\u00ed o nich, v platn\u00e9m zn\u011bn\u00ed, ve v\u011bci mo\u017en\u00e9ho p\u0159estupku sp\u00e1chan\u00e9ho zm\u011bnou po\u0159ad\u016f na programech NOVA a Prima, \u017ee v\u011bc odkl\u00e1d\u00e1.<br \/>\n12-0-0<br \/>\n&#8211; Rada pro rozhlasov\u00e9 a televizn\u00ed vys\u00edl\u00e1n\u00ed (d\u00e1le jen Rada) coby \u00fast\u0159edn\u00ed spr\u00e1vn\u00ed \u00fa\u0159ad v r\u00e1mci sv\u00e9 kompetence dan\u00e9 ustanoven\u00edm \u00a7 5 p\u00edsm. a) z\u00e1kona \u010d. 231\/2001 Sb., o provozov\u00e1n\u00ed rozhlasov\u00e9ho a televizn\u00edho vys\u00edl\u00e1n\u00ed a o zm\u011bn\u011b dal\u0161\u00edch z\u00e1kon\u016f (d\u00e1le jen z\u00e1kon \u010d. 231\/2001 Sb.), rozhodla v souladu s ustanoven\u00edm \u00a7 76 odst. 1 p\u00edsm. a) z\u00e1kona \u010d. 250\/2016 Sb., o odpov\u011bdnosti za p\u0159estupky a \u0159\u00edzen\u00ed o nich, v platn\u00e9m zn\u011bn\u00ed, ve v\u011bci mo\u017en\u00e9ho p\u0159estupku sp\u00e1chan\u00e9ho odvys\u00edl\u00e1n\u00edm upout\u00e1vky na po\u0159ad Mal\u00e9 l\u00e1sky, 21. 11. 2021 od 20:47 hod na programu NOVA, \u017ee v\u011bc odkl\u00e1d\u00e1.<br \/>\n12-0-0<br \/>\n&#8211; Rada pro rozhlasov\u00e9 a televizn\u00ed vys\u00edl\u00e1n\u00ed (d\u00e1le jen Rada) coby \u00fast\u0159edn\u00ed spr\u00e1vn\u00ed \u00fa\u0159ad v r\u00e1mci sv\u00e9 kompetence dan\u00e9 ustanoven\u00edm \u00a7 5 p\u00edsm. a) z\u00e1kona \u010d. 231\/2001 Sb., o provozov\u00e1n\u00ed rozhlasov\u00e9ho a televizn\u00edho vys\u00edl\u00e1n\u00ed a o zm\u011bn\u011b dal\u0161\u00edch z\u00e1kon\u016f (d\u00e1le jen z\u00e1kon \u010d. 231\/2001 Sb.), rozhodla v souladu s ustanoven\u00edm \u00a7 76 odst. 1 p\u00edsm. a) z\u00e1kona \u010d. 250\/2016 Sb., o odpov\u011bdnosti za p\u0159estupky a \u0159\u00edzen\u00ed o nich, v platn\u00e9m zn\u011bn\u00ed, ve v\u011bci mo\u017en\u00e9ho p\u0159estupku sp\u00e1chan\u00e9ho odvys\u00edl\u00e1n\u00edm report\u00e1\u017ee Kam kr\u00e1\u010d\u00ed \u010cI\u017dP (d\u00edl 2.) v po\u0159adu Nedej se!, 14. 11. 2021 od 10:05 hodin na programu \u010cT2, \u017ee v\u011bc odkl\u00e1d\u00e1.<br \/>\n10-0-2<br \/>\n&#8211; Rada pro rozhlasov\u00e9 a televizn\u00ed vys\u00edl\u00e1n\u00ed (d\u00e1le jen Rada) coby \u00fast\u0159edn\u00ed spr\u00e1vn\u00ed \u00fa\u0159ad v r\u00e1mci sv\u00e9 kompetence dan\u00e9 ustanoven\u00edm \u00a7 5 p\u00edsm. a) z\u00e1kona \u010d. 231\/2001 Sb., o provozov\u00e1n\u00ed rozhlasov\u00e9ho a televizn\u00edho vys\u00edl\u00e1n\u00ed a o zm\u011bn\u011b dal\u0161\u00edch z\u00e1kon\u016f (d\u00e1le jen z\u00e1kon \u010d. 231\/2001 Sb.), rozhodla v souladu s ustanoven\u00edm \u00a7 76 odst. 1 p\u00edsm. a) z\u00e1kona \u010d. 250\/2016 Sb., o odpov\u011bdnosti za p\u0159estupky a \u0159\u00edzen\u00ed o nich, v platn\u00e9m zn\u011bn\u00ed, ve v\u011bci mo\u017en\u00e9ho p\u0159estupku sp\u00e1chan\u00e9ho zve\u0159ejn\u011bn\u00edm \u010dl\u00e1nku O\u010dkov\u00e1n\u00ed je proti covidu a\u017e p\u011btkr\u00e1t \u00fa\u010dinn\u011bj\u0161\u00ed ne\u017e prod\u011bl\u00e1n\u00ed nemoci, 3. 11. 2021 na webu \u010cT24, \u017ee v\u011bc odkl\u00e1d\u00e1.<br \/>\n11-1-0<br \/>\n&#8211; Rada pro rozhlasov\u00e9 a televizn\u00ed vys\u00edl\u00e1n\u00ed (d\u00e1le jen Rada) coby \u00fast\u0159edn\u00ed spr\u00e1vn\u00ed \u00fa\u0159ad v r\u00e1mci sv\u00e9 kompetence dan\u00e9 ustanoven\u00edm \u00a7 5 p\u00edsm. a) z\u00e1kona \u010d. 231\/2001 Sb., o provozov\u00e1n\u00ed rozhlasov\u00e9ho a televizn\u00edho vys\u00edl\u00e1n\u00ed a o zm\u011bn\u011b dal\u0161\u00edch z\u00e1kon\u016f (d\u00e1le jen z\u00e1kon \u010d. 231\/2001 Sb.), rozhodla v souladu s ustanoven\u00edm \u00a7 76 odst. 1 p\u00edsm. a) z\u00e1kona \u010d. 250\/2016 Sb., o odpov\u011bdnosti za p\u0159estupky a \u0159\u00edzen\u00ed o nich, v platn\u00e9m zn\u011bn\u00ed, ve v\u011bci mo\u017en\u00e9ho p\u0159estupku sp\u00e1chan\u00e9ho odvys\u00edl\u00e1n\u00edm diskuze o schv\u00e1len\u00ed o\u010dkov\u00e1n\u00ed u d\u011bt\u00ed nad p\u011bt let v po\u0159adu Ud\u00e1losti, koment\u00e1\u0159e, 25. 11. 2021 od 22:41 hodin na programu \u010cT24, \u017ee v\u011bc odkl\u00e1d\u00e1.<br \/>\n10-0-2<br \/>\n&#8211; Rada pro rozhlasov\u00e9 a televizn\u00ed vys\u00edl\u00e1n\u00ed (d\u00e1le jen Rada) coby \u00fast\u0159edn\u00ed spr\u00e1vn\u00ed \u00fa\u0159ad v r\u00e1mci sv\u00e9 kompetence dan\u00e9 ustanoven\u00edm \u00a7 5 p\u00edsm. a) z\u00e1kona \u010d. 231\/2001 Sb., o provozov\u00e1n\u00ed rozhlasov\u00e9ho a televizn\u00edho vys\u00edl\u00e1n\u00ed a o zm\u011bn\u011b dal\u0161\u00edch z\u00e1kon\u016f (d\u00e1le jen z\u00e1kon \u010d. 231\/2001 Sb.), rozhodla v souladu s ustanoven\u00edm \u00a7 76 odst. 1 p\u00edsm. a) z\u00e1kona \u010d. 250\/2016 Sb., o odpov\u011bdnosti za p\u0159estupky a \u0159\u00edzen\u00ed o nich, v platn\u00e9m zn\u011bn\u00ed, ve v\u011bci mo\u017en\u00e9ho p\u0159estupku sp\u00e1chan\u00e9ho odvys\u00edl\u00e1n\u00edm po\u0159adu Ot\u00e1zky V\u00e1clava Moravce, 7. 11. 2021 od 12:00 hodin na programu \u010cT24, \u017ee v\u011bc odkl\u00e1d\u00e1.<br \/>\n11-0-1<br \/>\n28 RRTV\/2021\/888\/mam: Souhrn pod\u00e1n\u00ed AO 22\/2021 &#8211; II. \u010d\u00e1st (17 pod\u00e1n\u00ed)<br \/>\n&#8211; Rada pro rozhlasov\u00e9 a televizn\u00ed vys\u00edl\u00e1n\u00ed se sezn\u00e1mila s n\u00e1sleduj\u00edc\u00edmi pod\u00e1n\u00edmi k obsahu televizn\u00edch program\u016f doru\u010den\u00fdmi od 29. listopadu do 10. prosince 2021: Seznam.cz TV, s.r.o. \/ Seznam.cz TV &#8211; reklamn\u00ed p\u0159eru\u0161en\u00ed filmu Z\u00edtra to rozto\u010d\u00edme, drahou\u0161ku&#8230;!, 23. a 27. 11. 2021; Barrandov Televizn\u00ed Studio a.s. \/ Televize Barrandov &#8211; KRIMI ZPR\u00c1VY, 13. 11. 2021 od 19:55 hod., VIP sv\u011bt, 13. 11. 2021 od 20:05 hod.; FTV Prima, spol. s r.o. \/ Prima &#8211; Nov\u00fd den, 22. a 29. 11. 2021 od 7:00 hod.; St\u00ed\u017enost k reklam\u011b na v\u00fdrobek MELATONIN FORTE 5 mg; \u010cESK\u00c1 TELEVIZE \/ \u010cT Sport &#8211; spot o sexu\u00e1ln\u00ed trestn\u00e9 \u010dinnosti, 27. 11. 2021; \u010cESK\u00c1 TELEVIZE \/ \u010cT24 &#8211; Studio \u010cT24, 28. 11. 2021 od 16:37 hod.; FTV Prima spol. s r.o. \/ CNN Prima News &#8211; K v\u011bci, 26. 11. 2021 od 12:30 hod.; Obecn\u00e1 st\u00ed\u017enost na vys\u00edl\u00e1n\u00ed \u010cesk\u00e9 televize; Reklamy srovn\u00e1va\u010d\u016f povinn\u00e9ho ru\u010den\u00ed; \u010cESK\u00c1 TELEVIZE \/ \u010cT1 &#8211; sponzoring spole\u010dnosti Bosch, 5. 12. 2021 od 10:31 hod.; TV Nova s.r.o. \/ Nova &#8211; reklama spole\u010dnosti Zalando, 4. 12. 2021 od 9:10 hod.; FTV Prima spol. s r.o. \/ Prima COOL &#8211; reklama ViroSTOP; \u010cESK\u00c1 TELEVIZE \/ \u010cT24 &#8211; rozhovor s Filipem \u010cern\u00fdm, Studio \u010cT24, 8. 12. 2021 od 10:53 hod.; \u010cESK\u00c1 TELEVIZE \/ \u010cT1 &#8211; Adventn\u00ed koncert \u010cesk\u00e9 televize 2021, 5. 12. 2021 od 17:30 hod.; Jana Peterkov\u00e1 \/<br \/>\nTELEVIZE NATURA &#8211; Pandemie nebo le\u017e? 2. d\u00edl, 29. 11. 2021; Dopis spole\u010dnosti Zdrav\u00e9 f\u00f3rum, z.s., pro Radu \u010cT.<br \/>\n12-0-0<br \/>\n&#8211; Rada pro rozhlasov\u00e9 a televizn\u00ed vys\u00edl\u00e1n\u00ed (d\u00e1le jen \u201eRada\u201c) v r\u00e1mci sv\u00e9 p\u016fsobnosti dan\u00e9 \u00a7 5 p\u00edsm. a) a f) a \u00a7 59; odst. 1-3 z\u00e1kona \u010d. 231\/2001 Sb., o provozov\u00e1n\u00ed rozhlasov\u00e9ho a televizn\u00edho vys\u00edl\u00e1n\u00ed, v platn\u00e9m zn\u011bn\u00ed, upozor\u0148uje provozovatele Seznam.cz TV, s.r.o., I\u010c: 06387233, s\u00eddlem Radlick\u00e1 3294\/10, Sm\u00edchov, 150 00 Praha 5, na poru\u0161en\u00ed ustanoven\u00ed \u00a7 49 odst. 4 z\u00e1kona \u010d. 231\/2001 Sb., dle kter\u00e9ho provozovatel televizn\u00edho vys\u00edl\u00e1n\u00ed s licenc\u00ed nesm\u00ed vys\u00edl\u00e1n\u00ed film\u016f vyroben\u00fdch pro televizi, kinematografick\u00fdch d\u011bl a zpravodajsk\u00fdch po\u0159ad\u016f p\u0159eru\u0161it reklamou nebo teleshoppingov\u00fdmi \u0161oty v\u00edce ne\u017e jednou za ka\u017ed\u00fd pl\u00e1novan\u00fd \u010dasov\u00fd \u00fasek v trv\u00e1n\u00ed alespo\u0148 30 minut, kter\u00e9ho se dopustil t\u00edm, \u017ee v r\u00e1mci vys\u00edl\u00e1n\u00ed filmu Z\u00edtra to rozto\u010d\u00edme, drahou\u0161ku&#8230;! dne 23. listopadu 2021 od 20:00 hod. na programu Seznam.cz TV za\u0159adil dva reklamn\u00ed bloky v r\u00e1mci jednoho pl\u00e1novan\u00e9ho 30minutov\u00e9ho \u010dasov\u00e9ho \u00faseku, konkr\u00e9tn\u011b od 21:14:17 a 21:23:46 hodin. Rada stanovuje lh\u016ftu k n\u00e1prav\u011b 7 dn\u016f od doru\u010den\u00ed upozorn\u011bn\u00ed.<br \/>\n12-0-0<br \/>\n&#8211; Rada pro rozhlasov\u00e9 a televizn\u00ed vys\u00edl\u00e1n\u00ed (d\u00e1le jen \u201eRada\u201c) v r\u00e1mci sv\u00e9 kompetence dan\u00e9 \u00a7 5 p\u00edsm. a) a f) z\u00e1kona \u010d. 231\/2001 Sb., o provozov\u00e1n\u00ed rozhlasov\u00e9ho a televizn\u00edho vys\u00edl\u00e1n\u00ed a o zm\u011bn\u011b dal\u0161\u00edch z\u00e1kon\u016f, v platn\u00e9m zn\u011bn\u00ed (d\u00e1le jen \u201ez\u00e1kon \u010d. 231\/2001 Sb.\u201c) a v souladu s ustanoven\u00edm \u00a7 137 odst. 1 z\u00e1kona \u010d. 500\/2004 Sb., spr\u00e1vn\u00ed \u0159\u00e1d, (d\u00e1le jen \u201ez\u00e1kon \u010d. 500\/2004 Sb.\u201c) \u017e\u00e1d\u00e1 Barrandov Televizn\u00ed Studio a.s., I\u010c: 41693311, s\u00eddlem K\u0159\u00ed\u017eeneck\u00e9ho n\u00e1m. 322, 15200 Praha 5, o pod\u00e1n\u00ed vysv\u011btlen\u00ed, na z\u00e1klad\u011b jak\u00e9ho smluvn\u00edho ujedn\u00e1n\u00ed byl propagov\u00e1n \u010dasopis Sedmi\u010dka v r\u00e1mci po\u0159adu VIP sv\u011bt, kter\u00fd byl odvys\u00edlan\u00fd dne 13. listopadu 2021 od 20:05 hodin na programu Televize Barrandov. Rada stanovuje lh\u016ftu k pod\u00e1n\u00ed vysv\u011btlen\u00ed 30 dn\u00ed ode dne doru\u010den\u00ed t\u00e9to v\u00fdzvy.<br \/>\n11-0-1<br \/>\n&#8211; Rada pro rozhlasov\u00e9 a televizn\u00ed vys\u00edl\u00e1n\u00ed (d\u00e1le jen \u201eRada\u201c) v r\u00e1mci sv\u00e9 p\u016fsobnosti dan\u00e9 ustanoven\u00edm \u00a7 5 p\u00edsm. a) a f) a \u00a7 59 odst. 1-3 z\u00e1kona \u010d. 231\/2001 Sb., o provozov\u00e1n\u00ed rozhlasov\u00e9ho a televizn\u00edho vys\u00edl\u00e1n\u00ed a o zm\u011bn\u011b dal\u0161\u00edch z\u00e1kon\u016f (d\u00e1le jen \u201ez\u00e1kon \u010d. 231\/2001 Sb.\u201c), v platn\u00e9m zn\u011bn\u00ed, upozor\u0148uje provozovatele FTV Prima, spol. s r.o., I\u010c 48115908, s\u00eddlem Vinohradsk\u00e1 3217\/167, Stra\u0161nice, 100 00 Praha 10, na poru\u0161en\u00ed ustanoven\u00ed \u00a7 53a odst. 3 z\u00e1kona \u010d. 231\/2001 Sb., kter\u00e9ho se dopustil odvys\u00edl\u00e1n\u00edm po\u0159adu Nov\u00fd den dne 29. listopadu 2021 od 7:00 hodin na programu Prima, jen\u017e byl po\u0159adem s um\u00edst\u011bn\u00edm produktu a jako takov\u00fd byl z\u0159eteln\u011b ozna\u010den jako po\u0159ad obsahuj\u00edc\u00ed um\u00edst\u011bn\u00ed produktu na za\u010d\u00e1tku a na konci, av\u0161ak nebyl ozna\u010den po p\u0159eru\u0161en\u00ed reklamou, co\u017e tak\u00e9 vy\u017eaduje z\u00e1kon. Rada stanovuje lh\u016ftu k n\u00e1prav\u011b 7 dn\u00ed ode dne doru\u010den\u00ed upozorn\u011bn\u00ed.<br \/>\n11-0-1<br \/>\n&#8211; Rada \u017e\u00e1d\u00e1 St\u00e1tn\u00ed \u00fastav pro kontrolu l\u00e9\u010div o stanovisko ve v\u011bci posouzen\u00ed legitimnosti distribuce produktu MELATONIN FORTE 5 mg.<br \/>\n12-0-0<br \/>\n&#8211; Rada pro rozhlasov\u00e9 a televizn\u00ed vys\u00edl\u00e1n\u00ed (d\u00e1le jen \u201eRada\u201c) jako org\u00e1n dozoru pro oblast regulace reklamy dle \u00a7 7 p\u00edsm. a) z\u00e1kona \u010d. 40\/1995 Sb., o regulaci reklamy a o zm\u011bn\u011b a dopln\u011bn\u00ed z\u00e1kona \u010d. 468\/1991 Sb., o provozov\u00e1n\u00ed rozhlasov\u00e9ho a televizn\u00edho vys\u00edl\u00e1n\u00ed, ve zn\u011bn\u00ed pozd\u011bj\u0161\u00edch p\u0159edpis\u016f (d\u00e1le jen \u201ez\u00e1kon \u010d. 40\/1995 Sb.\u201c), a na z\u00e1klad\u011b \u00a7 137 odst. 1 z\u00e1kona \u010d. 500\/2004 Sb., spr\u00e1vn\u00ed \u0159\u00e1d, \u017e\u00e1d\u00e1 zadavatele reklamy Pharma Activ Czech s.r.o., I\u010c: 28625005, Kaprova 42\/14, 110 00 Praha 1, o pod\u00e1n\u00ed vysv\u011btlen\u00ed ve v\u011bci st\u00ed\u017enosti na obchodn\u00ed sd\u011blen\u00ed na produkt MELATONIN FORTE 5 mg. Rada stanovuje lh\u016ftu k pod\u00e1n\u00ed vysv\u011btlen\u00ed 30 dn\u00ed ode dne doru\u010den\u00ed t\u00e9to \u017e\u00e1dosti.<br \/>\n12-0-0<br \/>\n&#8211; Rada pro rozhlasov\u00e9 a televizn\u00ed vys\u00edl\u00e1n\u00ed (d\u00e1le jen \u201eRada\u201c) coby \u00fast\u0159edn\u00ed spr\u00e1vn\u00ed \u00fa\u0159ad v r\u00e1mci sv\u00e9 kompetence dan\u00e9 ustanoven\u00edm \u00a7 5 p\u00edsm. a) z\u00e1kona \u010d. 231\/2001 Sb., o<br \/>\nprovozov\u00e1n\u00ed rozhlasov\u00e9ho a televizn\u00edho vys\u00edl\u00e1n\u00ed a o zm\u011bn\u011b dal\u0161\u00edch z\u00e1kon\u016f (d\u00e1le jen \u201ez\u00e1kon \u010d. 231\/2001 Sb.\u201c), rozhodla v souladu s ustanoven\u00edm \u00a7 76 odst. 1 p\u00edsm. a) z\u00e1kona \u010d. 250\/2016 Sb., o odpov\u011bdnosti za p\u0159estupky a \u0159\u00edzen\u00ed o nich, v platn\u00e9m zn\u011bn\u00ed, ve v\u011bci mo\u017en\u00e9ho p\u0159estupku sp\u00e1chan\u00e9ho odvys\u00edl\u00e1n\u00edm spotu \u201eZn\u00e1siln\u011bn\u00ed pod k\u016f\u017e\u00ed\u201c 27. listopadu 2021 od 11:24 hod. na programu \u010cT Sport, \u017ee v\u011bc odkl\u00e1d\u00e1.<br \/>\n10-0-1<br \/>\n&#8211; Rada pro rozhlasov\u00e9 a televizn\u00ed vys\u00edl\u00e1n\u00ed (d\u00e1le jen \u201eRada\u201c) coby \u00fast\u0159edn\u00ed spr\u00e1vn\u00ed \u00fa\u0159ad v r\u00e1mci sv\u00e9 kompetence dan\u00e9 ustanoven\u00edm \u00a7 5 p\u00edsm. a) z\u00e1kona \u010d. 231\/2001 Sb., o provozov\u00e1n\u00ed rozhlasov\u00e9ho a televizn\u00edho vys\u00edl\u00e1n\u00ed a o zm\u011bn\u011b dal\u0161\u00edch z\u00e1kon\u016f (d\u00e1le jen \u201ez\u00e1kon \u010d. 231\/2001 Sb.\u201c), rozhodla v souladu s ustanoven\u00edm \u00a7 76 odst. 1 p\u00edsm. a) z\u00e1kona \u010d. 250\/2016 Sb., o odpov\u011bdnosti za p\u0159estupky a \u0159\u00edzen\u00ed o nich, v platn\u00e9m zn\u011bn\u00ed, ve v\u011bci mo\u017en\u00e9ho p\u0159estupku sp\u00e1chan\u00e9ho odvys\u00edl\u00e1n\u00edm rozhovor s Helenou Horskou v po\u0159adu Studio \u010cT24 dne 28. listopadu 2021 od 16:37 hod. na programu \u010cT24, \u017ee v\u011bc odkl\u00e1d\u00e1.<br \/>\n11-0-1<br \/>\n&#8211; Rada pro rozhlasov\u00e9 a televizn\u00ed vys\u00edl\u00e1n\u00ed (d\u00e1le jen \u201eRada\u201c) coby \u00fast\u0159edn\u00ed spr\u00e1vn\u00ed \u00fa\u0159ad v r\u00e1mci sv\u00e9 kompetence dan\u00e9 ustanoven\u00edm \u00a7 5 p\u00edsm. a) z\u00e1kona \u010d. 231\/2001 Sb., o provozov\u00e1n\u00ed rozhlasov\u00e9ho a televizn\u00edho vys\u00edl\u00e1n\u00ed a o zm\u011bn\u011b dal\u0161\u00edch z\u00e1kon\u016f (d\u00e1le jen \u201ez\u00e1kon \u010d. 231\/2001 Sb.\u201c), rozhodla v souladu s ustanoven\u00edm \u00a7 76 odst. 1 p\u00edsm. a) z\u00e1kona \u010d. 250\/2016 Sb., o odpov\u011bdnosti za p\u0159estupky a \u0159\u00edzen\u00ed o nich, v platn\u00e9m zn\u011bn\u00ed, ve v\u011bci mo\u017en\u00e9ho p\u0159estupku sp\u00e1chan\u00e9ho odvys\u00edl\u00e1n\u00edm po\u0159adu K v\u011bci dne 26. listopadu 2021 od 12:30 hod. na programu CNN Prima News, \u017ee v\u011bc odkl\u00e1d\u00e1.<br \/>\n12-0-0<br \/>\n&#8211; Rada pro rozhlasov\u00e9 a televizn\u00ed vys\u00edl\u00e1n\u00ed (d\u00e1le jen \u201eRada\u201c) coby \u00fast\u0159edn\u00ed spr\u00e1vn\u00ed \u00fa\u0159ad v r\u00e1mci sv\u00e9 kompetence dan\u00e9 ustanoven\u00edm \u00a7 5 p\u00edsm. a) z\u00e1kona \u010d. 231\/2001 Sb., o provozov\u00e1n\u00ed rozhlasov\u00e9ho a televizn\u00edho vys\u00edl\u00e1n\u00ed a o zm\u011bn\u011b dal\u0161\u00edch z\u00e1kon\u016f (d\u00e1le jen \u201ez\u00e1kon \u010d. 231\/2001 Sb.\u201c), rozhodla v souladu s ustanoven\u00edm \u00a7 76 odst. 1 p\u00edsm. a) z\u00e1kona \u010d. 250\/2016 Sb., o odpov\u011bdnosti za p\u0159estupky a \u0159\u00edzen\u00ed o nich, v platn\u00e9m zn\u011bn\u00ed, ve v\u011bci mo\u017en\u00e9ho p\u0159estupku sp\u00e1chan\u00e9ho vys\u00edl\u00e1n\u00edm \u010cesk\u00e9 televize, \u017ee v\u011bc odkl\u00e1d\u00e1.<br \/>\n11-0-1<br \/>\n&#8211; Rada pro rozhlasov\u00e9 a televizn\u00ed vys\u00edl\u00e1n\u00ed (d\u00e1le jen \u201eRada\u201c) coby \u00fast\u0159edn\u00ed spr\u00e1vn\u00ed \u00fa\u0159ad v r\u00e1mci sv\u00e9 kompetence dan\u00e9 \u00a7 7 p\u00edsm. a) z\u00e1kona \u010d. 40\/1995 Sb., o regulaci reklamy a o zm\u011bn\u011b a dopln\u011bn\u00ed z\u00e1kona \u010d. 468\/1991 Sb., o provozov\u00e1n\u00ed rozhlasov\u00e9ho a televizn\u00edho vys\u00edl\u00e1n\u00ed, ve zn\u011bn\u00ed platn\u00fdch p\u0159edpis\u016f (d\u00e1le jen \u201ez\u00e1kon \u010d. 40\/1995 Sb.\u201c), rozhodla v souladu s ustanoven\u00edm \u00a7 76 odst. 1 p\u00edsm. a) z\u00e1kona \u010d. 250\/2016 Sb., o odpov\u011bdnosti za p\u0159estupky a \u0159\u00edzen\u00ed o nich, v platn\u00e9m zn\u011bn\u00ed, ve v\u011bci mo\u017en\u00e9ho p\u0159estupku sp\u00e1chan\u00e9ho vys\u00edl\u00e1n\u00edm reklam se srovn\u00e1va\u010di povinn\u00e9ho ru\u010den\u00ed, \u017ee v\u011bc odkl\u00e1d\u00e1.<br \/>\n12-0-0<br \/>\n&#8211; Rada pro rozhlasov\u00e9 a televizn\u00ed vys\u00edl\u00e1n\u00ed (d\u00e1le jen \u201eRada\u201c) coby \u00fast\u0159edn\u00ed spr\u00e1vn\u00ed \u00fa\u0159ad v r\u00e1mci sv\u00e9 kompetence dan\u00e9 \u00a7 7 p\u00edsm. a) z\u00e1kona \u010d. 40\/1995 Sb., o regulaci reklamy a o zm\u011bn\u011b a dopln\u011bn\u00ed z\u00e1kona \u010d. 468\/1991 Sb., o provozov\u00e1n\u00ed rozhlasov\u00e9ho a televizn\u00edho vys\u00edl\u00e1n\u00ed, ve zn\u011bn\u00ed platn\u00fdch p\u0159edpis\u016f (d\u00e1le jen \u201ez\u00e1kon \u010d. 40\/1995 Sb.\u201c), rozhodla v souladu s ustanoven\u00edm \u00a7 76 odst. 1 p\u00edsm. a) z\u00e1kona \u010d. 250\/2016 Sb., o odpov\u011bdnosti za p\u0159estupky a \u0159\u00edzen\u00ed o nich, v platn\u00e9m zn\u011bn\u00ed, ve v\u011bci mo\u017en\u00e9ho p\u0159estupku sp\u00e1chan\u00e9ho vys\u00edl\u00e1n\u00edm sponzorsk\u00e9ho ozn\u00e1men\u00ed spole\u010dnosti BOSCH dne 5. 12. 2021 od 10:31 hod. na programu \u010cT1, \u017ee v\u011bc odkl\u00e1d\u00e1.<br \/>\n12-0-0<br \/>\n&#8211; Rada pro rozhlasov\u00e9 a televizn\u00ed vys\u00edl\u00e1n\u00ed (d\u00e1le jen \u201eRada\u201c) coby \u00fast\u0159edn\u00ed spr\u00e1vn\u00ed \u00fa\u0159ad v r\u00e1mci sv\u00e9 kompetence dan\u00e9 \u00a7 7 p\u00edsm. a) z\u00e1kona \u010d. 40\/1995 Sb., o regulaci reklamy a o zm\u011bn\u011b a dopln\u011bn\u00ed z\u00e1kona \u010d. 468\/1991 Sb., o provozov\u00e1n\u00ed rozhlasov\u00e9ho a televizn\u00edho vys\u00edl\u00e1n\u00ed, ve zn\u011bn\u00ed platn\u00fdch p\u0159edpis\u016f (d\u00e1le jen \u201ez\u00e1kon \u010d. 40\/1995 Sb.\u201c), rozhodla v souladu s ustanoven\u00edm \u00a7 76 odst. 1 p\u00edsm. a) z\u00e1kona \u010d. 250\/2016 Sb., o odpov\u011bdnosti za p\u0159estupky<br \/>\na \u0159\u00edzen\u00ed o nich, v platn\u00e9m zn\u011bn\u00ed, ve v\u011bci mo\u017en\u00e9ho p\u0159estupku sp\u00e1chan\u00e9ho vys\u00edl\u00e1n\u00edm reklamy spole\u010dnosti Zalando dne 4. 12. 2021 od 9:10 hod. na programu Nova, \u017ee v\u011bc odkl\u00e1d\u00e1.<br \/>\n11-0-1<br \/>\n&#8211; Rada pro rozhlasov\u00e9 a televizn\u00ed vys\u00edl\u00e1n\u00ed (d\u00e1le jen \u201eRada\u201c) coby \u00fast\u0159edn\u00ed spr\u00e1vn\u00ed \u00fa\u0159ad v r\u00e1mci sv\u00e9 kompetence dan\u00e9 \u00a7 7 p\u00edsm. a) z\u00e1kona \u010d. 40\/1995 Sb., o regulaci reklamy a o zm\u011bn\u011b a dopln\u011bn\u00ed z\u00e1kona \u010d. 468\/1991 Sb., o provozov\u00e1n\u00ed rozhlasov\u00e9ho a televizn\u00edho vys\u00edl\u00e1n\u00ed, ve zn\u011bn\u00ed platn\u00fdch p\u0159edpis\u016f (d\u00e1le jen \u201ez\u00e1kon \u010d. 40\/1995 Sb.\u201c), rozhodla v souladu s ustanoven\u00edm \u00a7 76 odst. 1 p\u00edsm. a) z\u00e1kona \u010d. 250\/2016 Sb., o odpov\u011bdnosti za p\u0159estupky a \u0159\u00edzen\u00ed o nich, v platn\u00e9m zn\u011bn\u00ed, ve v\u011bci mo\u017en\u00e9ho p\u0159estupku sp\u00e1chan\u00e9ho odvys\u00edl\u00e1n\u00edm reklamy na produkt ViroSTOP na programu Prima COOL dne 4. 12. 2021 od 16:44 hod., \u017ee v\u011bc odkl\u00e1d\u00e1.<br \/>\n12-0-0<br \/>\n&#8211; Rada pro rozhlasov\u00e9 a televizn\u00ed vys\u00edl\u00e1n\u00ed (d\u00e1le jen \u201eRada\u201c) coby \u00fast\u0159edn\u00ed spr\u00e1vn\u00ed \u00fa\u0159ad v r\u00e1mci sv\u00e9 kompetence dan\u00e9 ustanoven\u00edm \u00a7 5 p\u00edsm. a) z\u00e1kona \u010d. 231\/2001 Sb., o provozov\u00e1n\u00ed rozhlasov\u00e9ho a televizn\u00edho vys\u00edl\u00e1n\u00ed a o zm\u011bn\u011b dal\u0161\u00edch z\u00e1kon\u016f (d\u00e1le jen \u201ez\u00e1kon \u010d. 231\/2001 Sb.\u201c), rozhodla v souladu s ustanoven\u00edm \u00a7 76 odst. 1 p\u00edsm. a) z\u00e1kona \u010d. 250\/2016 Sb., o odpov\u011bdnosti za p\u0159estupky a \u0159\u00edzen\u00ed o nich, v platn\u00e9m zn\u011bn\u00ed, ve v\u011bci mo\u017en\u00e9ho p\u0159estupku sp\u00e1chan\u00e9ho odvys\u00edl\u00e1n\u00edm rozhovoru s Filipem \u010cern\u00fdm v r\u00e1mci po\u0159adu Studio \u010cT24 dne 8. prosince 2021 od 10:53 hod. na programu \u010cT24, \u017ee v\u011bc odkl\u00e1d\u00e1.<br \/>\n10-0-2<br \/>\n&#8211; Rada pro rozhlasov\u00e9 a televizn\u00ed vys\u00edl\u00e1n\u00ed (d\u00e1le jen \u201eRada\u201c) coby \u00fast\u0159edn\u00ed spr\u00e1vn\u00ed \u00fa\u0159ad v r\u00e1mci sv\u00e9 kompetence dan\u00e9 ustanoven\u00edm \u00a7 5 p\u00edsm. a) z\u00e1kona \u010d. 231\/2001 Sb., o provozov\u00e1n\u00ed rozhlasov\u00e9ho a televizn\u00edho vys\u00edl\u00e1n\u00ed a o zm\u011bn\u011b dal\u0161\u00edch z\u00e1kon\u016f (d\u00e1le jen \u201ez\u00e1kon \u010d. 231\/2001 Sb.\u201c), rozhodla v souladu s ustanoven\u00edm \u00a7 76 odst. 1 p\u00edsm. a) z\u00e1kona \u010d. 250\/2016 Sb., o odpov\u011bdnosti za p\u0159estupky a \u0159\u00edzen\u00ed o nich, v platn\u00e9m zn\u011bn\u00ed, ve v\u011bci mo\u017en\u00e9ho p\u0159estupku sp\u00e1chan\u00e9ho odvys\u00edl\u00e1n\u00edm adventn\u00edho koncertu \u010cesk\u00e9 televize dne 5. prosince 2021 od 17:30 hod. na programu \u010cT1, \u017ee v\u011bc odkl\u00e1d\u00e1.<br \/>\n12-0-0<br \/>\n29 RRTV\/2021\/913\/vop: Anal\u00fdza kontinu\u00e1ln\u00edho \u00faseku vys\u00edl\u00e1n\u00ed Tv NOE, 25. \u0159\u00edjna 2021, 10:00 &#8211; 22:00 hodin<br \/>\n&#8211; Rada se sezn\u00e1mila s anal\u00fdzou z\u00e1znamu vys\u00edl\u00e1n\u00ed programu Tv NOE provozovatele Telepace s. r. o. ze dne 25. \u0159\u00edjna 2021 od 10:00 do 22:00 hod.<br \/>\n12-0-0<br \/>\n&#8211; Rada pro rozhlasov\u00e9 a televizn\u00ed vys\u00edl\u00e1n\u00ed (d\u00e1le jen Rada) v r\u00e1mci sv\u00e9 p\u016fsobnosti dan\u00e9 ustanoven\u00edm \u00a7 5 p\u00edsm. a) z\u00e1kona \u010d. 231\/2001 Sb., o provozov\u00e1n\u00ed rozhlasov\u00e9ho a televizn\u00edho vys\u00edl\u00e1n\u00ed a o zm\u011bn\u011b dal\u0161\u00edch z\u00e1kon\u016f (d\u00e1le jen z\u00e1kon \u010d. 231\/2001 Sb.), v platn\u00e9m zn\u011bn\u00ed, a v souladu s ustanoven\u00edm \u00a7 137 odst. 1 z\u00e1kona \u010d. 500\/2004 Sb., spr\u00e1vn\u00ed \u0159\u00e1d (d\u00e1le jen \u201ez\u00e1kon \u010d. 500\/2004 Sb.\u201c) \u017e\u00e1d\u00e1 provozovatele Telepace s.r.o., I\u010c 26849755, se s\u00eddlem Kosteln\u00ed n\u00e1m. 1839\/2, Ostrava, PS\u010c 702 00, o pod\u00e1n\u00ed vysv\u011btlen\u00ed, z jak\u00e9ho d\u016fvodu se p\u0159ed za\u010d\u00e1tkem po\u0159adu V\u00edra do kapsy, vys\u00edlan\u00e9m dne 25. \u0159\u00edjna 2021 od 13:45 na programu Tv NOE, objevil symbol PP zna\u010d\u00edc\u00ed um\u00edst\u011bn\u00ed produktu, a zda byl v po\u0159adu institut um\u00edst\u011bn\u00ed produktu aplikov\u00e1n. Pokud ano, pro\u010d nebyl symbol PP i na konci po\u0159adu. Rada stanovuje lh\u016ftu k pod\u00e1n\u00ed vysv\u011btlen\u00ed 30 dn\u016f ode dne doru\u010den\u00ed t\u00e9to v\u00fdzvy.<br \/>\n12-0-0<br \/>\n30 RRTV\/2021\/923\/nej: FILM EUROPE, s.r.o.: Film Europe &#8211; kontinu\u00e1ln\u00ed \u00fasek vys\u00edl\u00e1n\u00ed ze dne 20. \u0159\u00edjna 2021, \u010dasov\u00e9ho \u00faseku 12.00 \u2013 24.00 hodin<br \/>\n&#8211; Rada se sezn\u00e1mila s anal\u00fdzou kontinu\u00e1ln\u00edho \u00faseku vys\u00edl\u00e1n\u00ed programu Film Europe provozovatele FILM EUROPE, s.r.o. ze dne 20. \u0159\u00edjna 2021, \u010dasov\u00e9ho \u00faseku 12.00 &#8211; 24.00 hodin.<br \/>\n12-0-0<br \/>\n31 RRTV\/2021\/891\/nej: Stanice O, a.s. : O (\u00d3\u010dko) &#8211; Anal\u00fdza z\u00e1znamu vys\u00edl\u00e1n\u00ed ze dne 29. 10. 2021 v \u010dase od 14:00 do 22:00 hodin<br \/>\n&#8211; Rada se sezn\u00e1mila s anal\u00fdzou z\u00e1znamu vys\u00edl\u00e1n\u00ed programu O (\u201e\u00d3\u010dko\u201c) provozovatele Stanice O, a.s. ze dne 29. \u0159\u00edjna 2021, \u010dasov\u00e9ho \u00faseku 14:00 &#8211; 22:00 hodin.<br \/>\n12-0-0<br \/>\n&#8211; Rada pro rozhlasov\u00e9 a televizn\u00ed vys\u00edl\u00e1n\u00ed (d\u00e1le jen \u201eRada\u201c) v r\u00e1mci sv\u00e9 kompetence dan\u00e9 \u00a7 5 p\u00edsm. a) z\u00e1kona \u010d. 231\/2001 Sb., o provozov\u00e1n\u00ed rozhlasov\u00e9ho a televizn\u00edho vys\u00edl\u00e1n\u00ed a o zm\u011bn\u011b dal\u0161\u00edch z\u00e1kon\u016f, v platn\u00e9m zn\u011bn\u00ed (d\u00e1le jen \u201ez\u00e1kon \u010d. 231\/2001 Sb.\u201c) a v souladu s ustanoven\u00edm \u00a7 137 odst. 1 z\u00e1kona \u010d. 500\/2004 Sb., spr\u00e1vn\u00ed \u0159\u00e1d, (d\u00e1le jen \u201ez\u00e1kon \u010d. 500\/2004 Sb.\u201c) \u017e\u00e1d\u00e1 provozovatele Stanice O, a.s., I\u010c 26509911, s\u00eddlem Karla Engli\u0161e 519\/11, Praha 5, PS\u010c 150 00, o pod\u00e1n\u00ed vysv\u011btlen\u00ed ve v\u011bci odvys\u00edl\u00e1n\u00ed po\u0159adu \u00d3\u010dko trendy dne 29. \u0159\u00edjna 2021 od 14:00 hodin na programu O (\u201e\u00d3\u010dko\u201c), z jak\u00e9ho d\u016fvodu nebyl tento po\u0159ad v souladu se zn\u011bn\u00edm \u00a7 53a odst. 3 z\u00e1kona \u010d. 231\/2001 Sb. na konci ozna\u010den jako po\u0159ad obsahuj\u00edc\u00ed um\u00edst\u011bn\u00ed produktu, pakli\u017ee toto um\u00edst\u011bn\u00ed obsahoval, respektive z jak\u00e9ho d\u016fvodu byl jako po\u0159ad obsahuj\u00edc\u00ed um\u00edst\u011bn\u00ed produktu ozna\u010den na sv\u00e9m za\u010d\u00e1tku a po p\u0159eru\u0161en\u00ed reklamou, pakli\u017ee um\u00edst\u011bn\u00ed produktu neobsahoval. Rada stanovuje lh\u016ftu k pod\u00e1n\u00ed vysv\u011btlen\u00ed 30 dn\u00ed ode dne doru\u010den\u00ed t\u00e9to v\u00fdzvy.<br \/>\n11-0-1<br \/>\n&#8211; Rada pro rozhlasov\u00e9 a televizn\u00ed vys\u00edl\u00e1n\u00ed (d\u00e1le jen \u201eRada\u201c) v r\u00e1mci sv\u00e9 p\u016fsobnosti dan\u00e9 \u00a7 5 p\u00edsm. a) a f) a \u00a7 59; odst. 1-3 z\u00e1kona \u010d. 231\/2001 Sb., o provozov\u00e1n\u00ed rozhlasov\u00e9ho a televizn\u00edho vys\u00edl\u00e1n\u00ed, v platn\u00e9m zn\u011bn\u00ed, upozor\u0148uje provozovatele Stanice O, a.s., I\u010c 26509911, s\u00eddlem Karla Engli\u0161e 519\/11, Praha 5, PS\u010c 150 00, na poru\u0161en\u00ed ustanoven\u00ed \u00a7 53a odst. 2 p\u00edsm. b) a c) z\u00e1kona \u010d. 231\/2001 Sb., kter\u00e9ho se dopustil t\u00edm, \u017ee dne 29. \u0159\u00edjna 2021 ve 15:00 a 19:00 hodin na programu O (\u201e\u00d3\u010dko\u201c) odvys\u00edlal po\u0159ad Nebu\u010f d\u0159ev\u00e1k, dej si t\u011bl\u00e1k, jeho\u017e obsahem byla otev\u0159en\u00e1 propagace rehabilita\u010dn\u00edch slu\u017eeb v Aquapalace Praha, na n\u011b\u017e bylo opakovan\u011b upozor\u0148ov\u00e1no, a byly vychvalov\u00e1ny mj. s pou\u017eit\u00edm v\u00fdraz\u016f jako \u201etady v Aquapalace v\u00e1m s t\u00edm porad\u00ed\u201c nebo s p\u0159\u00edmou pob\u00eddkou \u201edoporu\u010duju\u201c, \u010d\u00edm\u017e do\u0161lo k poru\u0161en\u00ed ustanoven\u00ed z\u00e1kona, dle kter\u00e9ho po\u0159ady obsahuj\u00edc\u00ed um\u00edst\u011bn\u00ed produktu nesm\u011bj\u00ed p\u0159\u00edmo nab\u00e1dat k n\u00e1kupu nebo pron\u00e1jmu zbo\u017e\u00ed nebo slu\u017eeb, zejm\u00e9na zvl\u00e1\u0161tn\u00edm zmi\u0148ov\u00e1n\u00edm tohoto zbo\u017e\u00ed nebo slu\u017eeb za \u00fa\u010delem jejich propagace, a d\u00e1le nesm\u011bj\u00ed nepat\u0159i\u010dn\u011b zd\u016fraz\u0148ovat um\u00edst\u011bn\u00fd produkt. Um\u00edst\u011bn\u00fd produkt byl verb\u00e1ln\u00edmi i obrazov\u00fdmi prost\u0159edky nepat\u0159i\u010dn\u011b zd\u016fraz\u0148ov\u00e1n, po\u0159ad byl koncipov\u00e1n tak, \u017ee jeho hlavn\u00edm a explicitn\u00edm c\u00edlem bylo p\u0159il\u00e1kat div\u00e1ka na terapeutick\u00e9 slu\u017eby v Aquapalace, kter\u00e9 byly v minutov\u00e9 stop\u00e1\u017ei po\u0159adu opakovan\u011b zm\u00edn\u011bny, a bylo tedy u\u017eito prost\u0159edk\u016f, p\u0159ipom\u00ednaj\u00edc\u00edch reklamn\u00ed nab\u00eddku. Rada stanovuje lh\u016ftu k n\u00e1prav\u011b 7 dn\u00ed ode dne doru\u010den\u00ed upozorn\u011bn\u00ed.<br \/>\n11-0-1<br \/>\n32 RRTV\/2021\/890\/hli: SYSTEMATICK\u00dd MONITORING HLASITOSTI OBCHODN\u00cdCH SD\u011aLEN\u00cd na programu Nova Fun ze dne 13. listopadu 2021, 20:00 \u2013 22:00 hodin<br \/>\n&#8211; Rada pro rozhlasov\u00e9 a televizn\u00ed vys\u00edl\u00e1n\u00ed se sezn\u00e1mila s v\u00fdsledky systematick\u00e9ho monitoringu hlasitosti obchodn\u00edch sd\u011blen\u00ed na programu Nova Fun provozovatele TV Nova s.r.o. ze dne 13. listopadu 2021, 20:00 &#8211; 22:00 hodin.<br \/>\n12-0-0<br \/>\n33 RRTV\/2021\/889\/beh: TV Nova s.r.o.\/ Nova sport 4\/zvl\u00e1\u0161tn\u00ed p\u0159enosov\u00e9 syst\u00e9my &#8211; Nova sport 4 &#8211; ZM\u011aNA LICEN\u010cN\u00cdCH PODM\u00cdNEK<br \/>\n&#8211; Rada ud\u011bluje provozovateli TV Nova s.r.o., I\u010c 45800456, se s\u00eddlem Praha 5, K\u0159\u00ed\u017eeneck\u00e9ho n\u00e1m. 1078\/5, PS\u010c 15200, souhlas podle \u00a7 21 odst. 1 p\u00edsm. d) z\u00e1kona \u010d. 231\/2001 Sb., se zm\u011bnou skute\u010dnost\u00ed uveden\u00fdch v \u017e\u00e1dosti o licenci \u010d. j. RRTV\/8636\/2021-kus ze dne 29. \u010dervna 2021, ve zn\u011bn\u00ed pozd\u011bj\u0161\u00edch zm\u011bn, k provozov\u00e1n\u00ed televizn\u00edho vys\u00edl\u00e1n\u00ed programu Nova sport 4, \u0161\u00ed\u0159en\u00e9ho prost\u0159ednictv\u00edm zvl\u00e1\u0161tn\u00edch p\u0159enosov\u00fdch syst\u00e9m\u016f,<br \/>\nspo\u010d\u00edvaj\u00edc\u00ed v dopln\u011bn\u00ed dal\u0161\u00edch programov\u00fdch podm\u00ednek tak, \u017ee programov\u00e9 sch\u00e9ma bude tvo\u0159eno po\u0159ady, programov\u00fdmi prvky a dal\u0161\u00edmi \u010d\u00e1stmi vys\u00edl\u00e1n\u00ed, zejm\u00e9na reklamou, teleshoppingem a self -promotion s region\u00e1ln\u00edm odli\u0161n\u00fdm obsahem pro \u00fazem\u00ed \u010cesk\u00e9 republiky a Slovensk\u00e9 republiky, kdy po\u0159ady, programov\u00e9 prvky a dal\u0161\u00ed \u010d\u00e1sti vys\u00edl\u00e1n\u00ed s region\u00e1ln\u011b odli\u0161n\u00fdm prvkem nep\u0159es\u00e1hnou 15% t\u00fddenn\u00edho vys\u00edlac\u00edho \u010dasu, v rozsahu dle \u017e\u00e1dosti \u010d. j. RRTV\/14539\/2021-vra ze dne 23. listopadu 2021.<br \/>\n12-0-0<br \/>\n34 RRTV\/2021\/910\/ale: TV NOVA s.r.o.\/Nova sport 3\/zvl\u00e1\u0161tn\u00ed p\u0159enosov\u00e9 syst\u00e9my &#8211; Nova sport 3 &#8211; ZM\u011aNA LICEN\u010cN\u00cdCH PODM\u00cdNEK<br \/>\n&#8211; Rada ud\u011bluje provozovateli TV Nova s.r.o., I\u010c 45800456, se s\u00eddlem Praha 5, K\u0159\u00ed\u017eeneck\u00e9ho n\u00e1m. 1078\/5, PS\u010c 15200, souhlas podle \u00a7 21 odst. 1 p\u00edsm. d) z\u00e1kona \u010d. 231\/2001 Sb., se zm\u011bnou skute\u010dnost\u00ed uveden\u00fdch v \u017e\u00e1dosti o licenci \u010d. j. RRTV\/8635\/2021-kus ze dne 29. \u010dervna 2021, ve zn\u011bn\u00ed pozd\u011bj\u0161\u00edch zm\u011bn, k provozov\u00e1n\u00ed televizn\u00edho vys\u00edl\u00e1n\u00ed programu Nova sport 3, \u0161\u00ed\u0159en\u00e9ho prost\u0159ednictv\u00edm zvl\u00e1\u0161tn\u00edch p\u0159enosov\u00fdch syst\u00e9m\u016f, spo\u010d\u00edvaj\u00edc\u00ed v dopln\u011bn\u00ed dal\u0161\u00edch programov\u00fdch podm\u00ednek tak, \u017ee programov\u00e9 sch\u00e9ma bude tvo\u0159eno po\u0159ady, programov\u00fdmi prvky a dal\u0161\u00edmi \u010d\u00e1stmi vys\u00edl\u00e1n\u00ed, zejm\u00e9na reklamou, teleshoppingem a self-promotion s region\u00e1ln\u00edm odli\u0161n\u00fdm obsahem pro \u00fazem\u00ed \u010cesk\u00e9 republiky a Slovensk\u00e9 republiky, kdy po\u0159ady, programov\u00e9 prvky a dal\u0161\u00ed \u010d\u00e1sti vys\u00edl\u00e1n\u00ed s region\u00e1ln\u011b odli\u0161n\u00fdm prvkem nep\u0159es\u00e1hnou 15% t\u00fddenn\u00edho vys\u00edlac\u00edho \u010dasu, v rozsahu dle \u017e\u00e1dosti \u010d.j. RRTV\/14540\/2021-vra ze dne 23. listopadu 2021.<br \/>\n12-0-0<br \/>\n35 RRTV\/2021\/894\/loj: Petr Uher Fenix nedod\u00e1n\u00ed z\u00e1znam\u016f zah\u00e1jen\u00ed \u0159\u00edzen\u00ed o p\u0159estupku po nevy\u017eit\u00ed lh\u016fty k n\u00e1prav\u011b<br \/>\n&#8211; Rada pro rozhlasov\u00e9 a televizn\u00ed vys\u00edl\u00e1n\u00ed (d\u00e1le jen Rada) coby \u00fast\u0159edn\u00ed spr\u00e1vn\u00ed \u00fa\u0159ad v r\u00e1mci sv\u00e9 p\u016fsobnosti dan\u00e9 \u00a7 5 p\u00edsm. a) a f) z\u00e1kona \u010d. 231\/2001 Sb., o provozov\u00e1n\u00ed rozhlasov\u00e9ho a televizn\u00edho vys\u00edl\u00e1n\u00ed a o zm\u011bn\u011b dal\u0161\u00edch z\u00e1kon\u016f, v platn\u00e9m zn\u011bn\u00ed (d\u00e1le jen z\u00e1kon \u010d. 231\/2001 Sb.), v souladu s ustanoven\u00edm \u00a7 78 odst. 1 z\u00e1kona \u010d. 250\/2016 Sb., z\u00e1kona o p\u0159estupc\u00edch a \u0159\u00edzen\u00edch o nich (d\u00e1le jen z\u00e1kon \u010d. 250\/2016 Sb.), rozhodla zah\u00e1jit s provozovatelem Petr Uher, I\u010c: 67549799, J. Palacha 2522\/34, 690 02 B\u0159eclav, \u0159\u00edzen\u00ed o p\u0159estupku z moci \u00fa\u0159edn\u00ed pro mo\u017en\u00e9 poru\u0161en\u00ed \u00a7 32 odst. 1 p\u00edsm. l) z\u00e1kona \u010d. 231\/2001 Sb., kter\u00e9ho se mohl dopustit t\u00edm, \u017ee neposkytl Rad\u011b na jej\u00ed vy\u017e\u00e1d\u00e1n\u00ed z\u00e1znam vys\u00edl\u00e1n\u00ed programu Fenix ze dn\u016f 24. b\u0159ezna 2021, 26.-27. b\u0159ezna 2021 a 14. dubna 2021, v\u017edy v \u010dasov\u00e9m \u00faseku od 00.00 do 24.00 hodin, a ani z\u00e1znam vys\u00edl\u00e1n\u00ed programu Fenix ze dn\u016f 28.-29. \u010dervna 2021 od 00.00 do 24.00 hodin, kter\u00fd byl vy\u017e\u00e1d\u00e1n v r\u00e1mci upozorn\u011bn\u00ed na poru\u0161en\u00ed z\u00e1kona jako alternativn\u00ed.<br \/>\n11-0-0<br \/>\n36 RRTV\/2021\/338\/rud: \u010cESK\u00c1 TELEVIZE\/\u010cT1, \u010cT24\/Ud\u00e1losti, report\u00e1\u017e &#8222;Novela ob\u010dansk\u00e9ho z\u00e1kon\u00edku&#8220;\/14.3.2021\/od 19:00 hodin<br \/>\n&#8211; Rada pro rozhlasov\u00e9 a televizn\u00ed vys\u00edl\u00e1n\u00ed (d\u00e1le jen Rada) v r\u00e1mci sv\u00e9 p\u016fsobnosti dan\u00e9 ustanoven\u00edm \u00a7 5 p\u00edsm. a) a f) a \u00a7 59 odst. 1\u20133 z\u00e1kona \u010d. 231\/2001 Sb., o provozov\u00e1n\u00ed rozhlasov\u00e9ho a televizn\u00edho vys\u00edl\u00e1n\u00ed a o zm\u011bn\u011b dal\u0161\u00edch z\u00e1kon\u016f (d\u00e1le jen z\u00e1kon \u010d. 231\/2001 Sb.), v platn\u00e9m zn\u011bn\u00ed, upozor\u0148uje provozovatele \u010cESK\u00c1 TELEVIZE, I\u010c 00027383, s\u00eddlem Kav\u010d\u00ed hory, Praha 4, PS\u010c 140 70, na poru\u0161en\u00ed ustanoven\u00ed \u00a7 31 odst. 3 z\u00e1kona \u010d. 231\/2001 Sb., kter\u00e9ho se dopustil odvys\u00edl\u00e1n\u00edm zpravodajsk\u00e9ho p\u0159\u00edsp\u011bvku \u201eNovela ob\u010dansk\u00e9ho z\u00e1kon\u00edku\u201c v r\u00e1mci po\u0159adu Ud\u00e1losti na programech \u010cT1 a \u010cT24 dne 14. b\u0159ezna 2021 od 19:00 hodin, a to z n\u00e1sleduj\u00edc\u00edch d\u016fvod\u016f: p\u0159i popisu t\u00e9matu z redak\u010dn\u00ed pozice byl pou\u017eit term\u00edn \u201eman\u017eelstv\u00ed pro v\u0161echny\u201c, co\u017e je v\u00fdraz nastolen\u00fd v diskurzu iniciativou \u201eJsme f\u00e9r\u201c, kter\u00e1 se ve sporu aktivn\u011b anga\u017euje na jedn\u00e9 n\u00e1zorov\u00e9 stran\u011b a jde tedy o term\u00edn emo\u010dn\u011b z\u00e1m\u011brn\u011b p\u0159ednastaven\u00fd z pozice jedn\u00e9 n\u00e1zorov\u00e9 strany, jeho pou\u017eit\u00ed je v rozporu s pot\u0159ebou nezaujat\u00e9ho v\u011bcn\u00e9ho popisu probl\u00e9mu, nebo\u0165 ji\u017e automaticky pocitov\u011b nav\u00e1d\u00ed div\u00e1ka k p\u0159ijet\u00ed jednoho a odm\u00edtnut\u00ed druh\u00e9ho n\u00e1zoru; d\u00e1le v r\u00e1mci p\u0159\u00edsp\u011bvku zazn\u011bla informace o tom, \u017ee petici, kter\u00e1 novelu o stejnopohlavn\u00edm man\u017eelstv\u00ed podporuje,<br \/>\npodepsalo na 140 000 lid\u00ed, a byla zaml\u010dena informace, \u017ee petici podporuj\u00edc\u00ed protin\u00e1vrh, tedy poslaneck\u00fd n\u00e1vrh po\u017eaduj\u00edc\u00ed \u00fastavn\u00ed definici man\u017eelstv\u00ed jako svazku mu\u017ee a \u017eeny, podepsalo p\u0159es 100 000 lid\u00ed; d\u00e1le byl v report\u00e1\u017ei poskytnut prostor k vyj\u00e1d\u0159en\u00ed podporovatel\u016fm novely, tj. Czeslawovi Walekovi z Iniciativy Jsme f\u00e9r a dal\u0161\u00edm dv\u011bma homosexu\u00e1ln\u00edm mu\u017e\u016fm, a nebyl poskytnut odpov\u00eddaj\u00edc\u00ed prostor k vyj\u00e1d\u0159en\u00ed zast\u00e1nc\u016fm oponentn\u00edho n\u00e1zoru; a kone\u010dn\u011b v report\u00e1\u017ei zazn\u011bla formulace \u201ea pr\u00e1v\u011b tuto definici man\u017eelstv\u00ed cht\u011bj\u00ed poslanci KDU-\u010cSL zakotvit i v Listin\u011b z\u00e1kladn\u00edch pr\u00e1v a svobod\u201c, kdy\u017e ve skute\u010dnosti spolup\u0159edkladateli n\u00e1vrhu jsou poslanci a poslankyn\u011b i z jin\u00fdch politick\u00fdch subjekt\u016f. Takov\u00fdmto zpracov\u00e1n\u00edm report\u00e1\u017ee se provozovatel dopustil poru\u0161en\u00ed povinnosti zajistit, aby ve zpravodajsk\u00fdch a politicko-publicistick\u00fdch po\u0159adech bylo db\u00e1no z\u00e1sad objektivity a vyv\u00e1\u017eenosti. Rada stanovuje lh\u016ftu k n\u00e1prav\u011b 7 dn\u00ed ode dne doru\u010den\u00ed tohoto upozorn\u011bn\u00ed.<br \/>\n10-1-1<br \/>\n&#8211; Rada pro rozhlasov\u00e9 a televizn\u00ed vys\u00edl\u00e1n\u00ed (d\u00e1le jen Rada) coby \u00fast\u0159edn\u00ed spr\u00e1vn\u00ed \u00fa\u0159ad v r\u00e1mci sv\u00e9 p\u016fsobnosti dan\u00e9 \u00a7 5 p\u00edsm. a) a f) z\u00e1kona \u010d. 231\/2001 Sb., o provozov\u00e1n\u00ed rozhlasov\u00e9ho a televizn\u00edho vys\u00edl\u00e1n\u00ed a o zm\u011bn\u011b dal\u0161\u00edch z\u00e1kon\u016f (d\u00e1le jen z\u00e1kon \u010d. 231\/2001 Sb.) a podle ustanoven\u00ed \u00a7 86 odst. 1 p\u00edsm. h) z\u00e1kona \u010d. 250\/2016 Sb., o odpov\u011bdnosti za p\u0159estupky a \u0159\u00edzen\u00ed o nich (d\u00e1le jen z\u00e1kon \u010d. 250\/2016 Sb.) vydala toto usnesen\u00ed: Rada zastavuje s provozovatelem \u010cesk\u00e1 televize, I\u010c 00027383, s\u00eddlem Na h\u0159ebenech II 1132\/4, Praha 4, PS\u010c 14700, \u0159\u00edzen\u00ed o p\u0159estupku veden\u00e9 pro poru\u0161en\u00ed ustanoven\u00ed \u00a7 31 odst. 3 z\u00e1kona \u010d. 231\/2001 Sb., jeho\u017e se dopustil odvys\u00edl\u00e1n\u00edm zpravodajsk\u00e9ho p\u0159\u00edsp\u011bvku \u201eNovela ob\u010dansk\u00e9ho z\u00e1kon\u00edku\u201c v r\u00e1mci po\u0159adu Ud\u00e1losti na programech \u010cT1 a \u010cT24 dne 14. b\u0159ezna 2021 od 19:00 hodin, nebo\u0165 nebyla spln\u011bna podm\u00ednka p\u0159edchoz\u00edho typov\u011b shodn\u00e9ho upozorn\u011bn\u00ed na poru\u0161en\u00ed z\u00e1kona dle ustanoven\u00ed \u00a7 59 odst. 1 z\u00e1kona \u010d. 231\/2001 Sb.<br \/>\n10-0-2<br \/>\n37 RRTV\/2021\/652\/rud: \u010cESK\u00c1 TELEVIZE\/\u010cT1\/168 hodin, p\u0159\u00edsp\u011bvek Hled\u00e1 se migrant\/20.6.2021\/od 21:35 hodin<br \/>\n&#8211; Rada pro rozhlasov\u00e9 a televizn\u00ed vys\u00edl\u00e1n\u00ed (d\u00e1le jen Rada) coby \u00fast\u0159edn\u00ed spr\u00e1vn\u00ed \u00fa\u0159ad na z\u00e1klad\u011b ustanoven\u00ed \u00a7 5 p\u00edsm. a) z\u00e1kona \u010d. 231\/2001 Sb., o provozov\u00e1n\u00ed rozhlasov\u00e9ho a televizn\u00edho vys\u00edl\u00e1n\u00ed a o zm\u011bn\u011b dal\u0161\u00edch z\u00e1kon\u016f, v platn\u00e9m zn\u011bn\u00ed (d\u00e1le jen z\u00e1kon \u010d. 231\/2001 Sb.) a podle ustanoven\u00ed \u00a7 86 odst. 1 p\u00edsm. c) z\u00e1kona \u010d. 250\/2016 Sb., o odpov\u011bdnosti za p\u0159estupky a \u0159\u00edzen\u00ed o nich, vydala toto usnesen\u00ed: Rada zastavuje s provozovatelem \u010cesk\u00e1 televize, I\u010c 00027383, s\u00eddlem Na h\u0159ebenech II 1132\/4, Praha 4, PS\u010c 14700, \u0159\u00edzen\u00ed o p\u0159estupku veden\u00e9 pro mo\u017en\u00e9 poru\u0161en\u00ed ustanoven\u00ed \u00a7 31 odst. 2 z\u00e1kona \u010d. 231\/2001 Sb., jeho\u017e se mohl dopustit odvys\u00edl\u00e1n\u00edm po\u0159adu 168 hodin, respektive p\u0159\u00edsp\u011bvku Hled\u00e1 se migrant dne 20. \u010dervna 2021 od 21:35 hodin na programu \u010cT1, nebo\u0165 sp\u00e1ch\u00e1n\u00ed skutku, o n\u011bm\u017e se vede \u0159\u00edzen\u00ed, nebylo obvin\u011bn\u00e9mu prok\u00e1z\u00e1no.<br \/>\n9-0-3<br \/>\n38 RRTV\/2021\/788\/beh: T-Mobile Czech Republic a.s.\/\u0161\u00ed\u0159en\u00ed titulk\u016f pro osoby se sluchov\u00fdm posti\u017een\u00edm &#8211; PO\u0158\u00c1DKOV\u00c1 POKUTA<br \/>\n&#8211; I. Rada pro rozhlasov\u00e9 a televizn\u00ed vys\u00edl\u00e1n\u00ed (d\u00e1le jen &#8222;Rada&#8220;) v r\u00e1mci sv\u00e9 p\u016fsobnosti dan\u00e9 ustanoven\u00edm \u00a7 5 p\u00edsm. a) a f) z\u00e1kona \u010d. 231\/2001 Sb., o provozov\u00e1n\u00ed rozhlasov\u00e9ho a televizn\u00edho vys\u00edl\u00e1n\u00ed a o zm\u011bn\u011b dal\u0161\u00edch z\u00e1kon\u016f, v platn\u00e9m zn\u011bn\u00ed (d\u00e1le jen &#8222;z\u00e1kon \u010d. 231\/2001 Sb.&#8220;) a v souladu s ustanoven\u00edm \u00a7 62 z\u00e1kona \u010d. 500\/2004 Sb., spr\u00e1vn\u00edho \u0159\u00e1du (d\u00e1le jen &#8222;z\u00e1kon \u010d. 500\/2004 Sb.&#8220;) vydala dne 21. prosince 2021 toto rozhodnut\u00ed: Rada ukl\u00e1d\u00e1 spole\u010dnosti T-Mobile Czech Republic a.s., s\u00eddlem Tom\u00ed\u010dkova 2144\/1, 148 00, Praha 4, jako\u017eto poskytovateli digit\u00e1ln\u00edho i satelitn\u00edho vys\u00edl\u00e1n\u00ed, podle ustanoven\u00ed \u00a7 137 odst. 2 z\u00e1kona \u010d. 500\/2004 Sb., po\u0159\u00e1dkovou pokutu ve v\u00fd\u0161i 5 000 K\u010d, nebo\u0165 bezd\u016fvodn\u011b odep\u0159el podat Rad\u011b vysv\u011btlen\u00ed k \u0161\u00ed\u0159en\u00ed titulk\u016f pro osoby se sluchov\u00fdm posti\u017een\u00edm, resp. vysv\u011btlen\u00ed, zda d\u016fsledn\u011b \u0161\u00ed\u0159\u00ed titulky pro osoby se sluchov\u00fdm posti\u017een\u00edm prost\u0159ednictv\u00edm digit\u00e1ln\u00edho i satelitn\u00edho vys\u00edl\u00e1n\u00ed v\u0161ech televizn\u00edch program\u016f, kter\u00e9 tuto slu\u017ebu div\u00e1k\u016fm poskytuj\u00ed, o kter\u00e9 byl Radou po\u017e\u00e1d\u00e1n v \u017e\u00e1dosti o pod\u00e1n\u00ed vysv\u011btlen\u00ed ze dne 5. \u0159\u00edjna 2021,<br \/>\n\u010d.j. RRTV\/12421\/2021-beh, Sp. zn. RRTV\/2021\/788\/beh. Pokuta je splatn\u00e1 ve lh\u016ft\u011b 30 dn\u00ed ode dne nabyt\u00ed pr\u00e1vn\u00ed moci tohoto rozhodnut\u00ed na \u00fa\u010det \u010d. 3754-19223001\/0710, veden\u00fd u \u010cesk\u00e9 n\u00e1rodn\u00ed banky, variabiln\u00ed symbol 2021788. II. Rada nad\u00e1le v souladu s ustanoven\u00edm \u00a7 137 odst. 1 z\u00e1kona \u010d. 500\/2004 Sb. \u017e\u00e1d\u00e1 spole\u010dnost T-Mobile Czech Republic a.s., s\u00eddlem Tom\u00ed\u010dkova 2144\/1, 148 00, Praha 4, jako\u017eto poskytovatele digit\u00e1ln\u00edho i satelitn\u00edho vys\u00edl\u00e1n\u00ed o pod\u00e1n\u00ed vysv\u011btlen\u00ed k \u0161\u00ed\u0159en\u00ed titulk\u016f pro osoby se sluchov\u00fdm posti\u017een\u00edm, resp. o vyj\u00e1d\u0159en\u00ed, zda d\u016fsledn\u011b \u0161\u00ed\u0159\u00ed titulky pro osoby se sluchov\u00fdm posti\u017een\u00edm prost\u0159ednictv\u00edm digit\u00e1ln\u00edho i satelitn\u00edho vys\u00edl\u00e1n\u00ed v\u0161ech televizn\u00edch program\u016f, kter\u00e9 tuto slu\u017ebu div\u00e1k\u016fm poskytuj\u00ed. Rada stanovuje lh\u016ftu k pod\u00e1n\u00ed vysv\u011btlen\u00ed 30 dn\u00ed ode dne doru\u010den\u00ed t\u00e9to opakovan\u00e9 \u017e\u00e1dosti.<br \/>\n12-0-0<br \/>\n39 RRTV\/2021\/823\/beh: O2 Czech Republic a.s.\/\u0161\u00ed\u0159en\u00ed titulk\u016f pro osoby se sluchov\u00fdm posti\u017een\u00edm &#8211; VYSV\u011aTLEN\u00cd<br \/>\n&#8211; Rada se sezn\u00e1mila s podan\u00fdm vysv\u011btlen\u00edm poskytovatele slu\u017eby www.o2tv.cz, spole\u010dnosti O2 Czech Republic a.s., I\u010c 60193336, s\u00eddlem Praha 4 &#8211; Michle, Za Brumlovkou 266\/2, PS\u010c 140 22, k \u0161\u00ed\u0159en\u00ed titulk\u016f pro osoby se sluchov\u00fdm posti\u017een\u00edm prost\u0159ednictv\u00edm uveden\u00e9 slu\u017eby, resp. s vysv\u011btlen\u00edm, zda d\u016fsledn\u011b \u0161\u00ed\u0159\u00ed titulky pro osoby se sluchov\u00fdm posti\u017een\u00edm prost\u0159ednictv\u00edm vys\u00edl\u00e1n\u00ed v\u0161ech televizn\u00edch program\u016f, kter\u00e9 tuto slu\u017ebu div\u00e1k\u016fm poskytuj\u00ed a jsou \u0161\u00ed\u0159eny slu\u017ebou www.o2tv.cz.<br \/>\n12-0-0<br \/>\n&#8211; Rada pro rozhlasov\u00e9 a televizn\u00ed vys\u00edl\u00e1n\u00ed (d\u00e1le jen Rada) coby \u00fast\u0159edn\u00ed spr\u00e1vn\u00ed \u00fa\u0159ad v r\u00e1mci sv\u00e9 kompetence dan\u00e9 ustanoven\u00edm \u00a7 5 p\u00edsm. a) z\u00e1kona \u010d. 231\/2001 Sb., o provozov\u00e1n\u00ed rozhlasov\u00e9ho a televizn\u00edho vys\u00edl\u00e1n\u00ed a o zm\u011bn\u011b dal\u0161\u00edch z\u00e1kon\u016f (d\u00e1le jen z\u00e1kon \u010d. 231\/2001 Sb.), rozhodla v souladu s ustanoven\u00edm \u00a7 76 odst. 1 p\u00edsm. a) z\u00e1kona \u010d. 250\/2016 Sb., o odpov\u011bdnosti za p\u0159estupky a \u0159\u00edzen\u00ed o nich, v platn\u00e9m zn\u011bn\u00ed, ve v\u011bci mo\u017en\u00e9ho p\u0159estupku sp\u00e1chan\u00e9ho v souvislosti s \u0161\u00ed\u0159en\u00edm titulk\u016f prost\u0159ednictv\u00edm slu\u017eby www.o2tv.cz, \u017ee v\u011bc odkl\u00e1d\u00e1.<br \/>\n12-0-0<br \/>\n40 RRTV\/2021\/793\/beh: FTV Prima, spol. s r.o.\/CNN Prima News\/Speci\u00e1l 360\u00b0: Hlas lidu\/22.9.2021\/od 20:15 hodin &#8211; VYSV\u011aTLEN\u00cd<br \/>\n&#8211; Rada se sezn\u00e1mila s podan\u00fdm vysv\u011btlen\u00edm provozovatele FTV Prima, spol. s r.o., I\u010c 48115908, s\u00eddlem Vinohradsk\u00e1 3217\/167, Praha 10, PS\u010c 100 00, na z\u00e1klad\u011b jak\u00e9ho kl\u00ed\u010de p\u0159istupoval k v\u00fdb\u011bru host\u016f do po\u0159adu Speci\u00e1l 360\u00b0: Hlas lidu ze dne 22. z\u00e1\u0159\u00ed 2021 od 20:15 hod. na programu CNN Prima News, respektive pro\u010d zde nebyli p\u0159\u00edtomni z\u00e1stupci politick\u00fdch subjekt\u016f, kter\u00e9 zast\u00e1vaj\u00ed n\u00e1zor, \u017ee migrace a s n\u00ed spojen\u00e9 ot\u00e1zky nepat\u0159\u00ed mezi v\u00fdznamn\u00e1 volebn\u00ed t\u00e9mata a \/ nebo migrace jako takov\u00e1 nen\u00ed v sou\u010dasnosti aktu\u00e1ln\u00edm probl\u00e9mem.<br \/>\n12-0-0<br \/>\n&#8211; Rada pro rozhlasov\u00e9 a televizn\u00ed vys\u00edl\u00e1n\u00ed (d\u00e1le jen \u201eRada\u201c) coby \u00fast\u0159edn\u00ed spr\u00e1vn\u00ed \u00fa\u0159ad v r\u00e1mci sv\u00e9 kompetence dan\u00e9 ustanoven\u00edm \u00a7 5 p\u00edsm. a) z\u00e1kona \u010d. 231\/2001 Sb., o provozov\u00e1n\u00ed rozhlasov\u00e9ho a televizn\u00edho vys\u00edl\u00e1n\u00ed a o zm\u011bn\u011b dal\u0161\u00edch z\u00e1kon\u016f (d\u00e1le jen \u201ez\u00e1kon \u010d. 231\/2001 Sb.\u201c), rozhodla v souladu s ustanoven\u00edm \u00a7 76 odst. 1 p\u00edsm. a) z\u00e1kona \u010d. 250\/2016 Sb., o odpov\u011bdnosti za p\u0159estupky a \u0159\u00edzen\u00ed o nich, v platn\u00e9m zn\u011bn\u00ed, ve v\u011bci mo\u017en\u00e9ho p\u0159estupku sp\u00e1chan\u00e9ho odvys\u00edl\u00e1n\u00edm po\u0159adu Speci\u00e1l 360\u00b0: Hlas lidu dne 22. z\u00e1\u0159\u00ed 2021 od 20:15 hod. na programu CNN Prima News, \u017ee v\u011bc odkl\u00e1d\u00e1.<br \/>\n12-0-0<br \/>\n41 RRTV\/2021\/792\/beh: FTV Prima, spol. s r.o.\/Prima, CNN Prima News\/Nov\u00fd den, To nejlep\u0161\u00ed z Nov\u00e9ho dne\/CYKLOPECKY\/3.9.2021 &#8211; VYSV\u011aTLEN\u00cd<br \/>\n&#8211; Rada se sezn\u00e1mila s podan\u00fdm vysv\u011btlen\u00edm provozovatele FTV Prima, spol. s r.o., I\u010c 48115908, s\u00eddlem Vinohradsk\u00e1 3217\/167, Praha 10, PS\u010c 100 00, zda do\u0161lo k propagaci<br \/>\ncestovatelsk\u00e9 sout\u011b\u017ee CYKLOPECKY, jej\u00edm\u017e po\u0159adatelem je Destina\u010dn\u00ed spole\u010dnost V\u00fdchodn\u00ed \u010cechy, v r\u00e1mci po\u0159adu Nov\u00fd den, odvys\u00edlan\u00e9ho dne 3. z\u00e1\u0159\u00ed 2021 od 7:00 hod. na programu Prima a CNN Prima News, a To nejlep\u0161\u00ed z nov\u00e9ho dne, odvys\u00edlan\u00e9ho dne 3. z\u00e1\u0159\u00ed 2021 od 14:40 hod. na programu CNN Prima News, za \u00faplatu nebo obdobnou protihodnotu, resp. zda se jednalo o um\u00edst\u011bn\u00ed produktu.<br \/>\n12-0-0<br \/>\n&#8211; Rada pro rozhlasov\u00e9 a televizn\u00ed vys\u00edl\u00e1n\u00ed (d\u00e1le jen \u201eRada\u201c) v r\u00e1mci sv\u00e9 kompetence dan\u00e9 \u00a7 5 p\u00edsm. a) a f) z\u00e1kona \u010d. 231\/2001 Sb., o provozov\u00e1n\u00ed rozhlasov\u00e9ho a televizn\u00edho vys\u00edl\u00e1n\u00ed a o zm\u011bn\u011b dal\u0161\u00edch z\u00e1kon\u016f, v platn\u00e9m zn\u011bn\u00ed (d\u00e1le jen \u201ez\u00e1kon \u010d. 231\/2001 Sb.\u201c) a v souladu s ustanoven\u00edm \u00a7 137 odst. 1 z\u00e1kona \u010d. 500\/2004 Sb., spr\u00e1vn\u00ed \u0159\u00e1d, (d\u00e1le jen \u201ez\u00e1kon \u010d. 500\/2004 Sb.\u201c) \u017e\u00e1d\u00e1 provozovatele FTV Prima, spol. s r.o., I\u010c 48115908, s\u00eddlem Vinohradsk\u00e1 3217\/167, Praha 10, PS\u010c 100 00, o pod\u00e1n\u00ed vysv\u011btlen\u00ed, z jak\u00e9ho d\u016fvodu ozna\u010dil po\u0159ad Nov\u00fd den odvys\u00edlan\u00fd dne 3. z\u00e1\u0159\u00ed 2021 od 7:00 hod. na programu Prima a CNN Prima News jako po\u0159ad obsahuj\u00edc\u00ed obchodn\u00ed sd\u011blen\u00ed um\u00edst\u011bn\u00ed produktu, respektive jak\u00fd v\u00fdrobek \u010di slu\u017eba byly v dan\u00e9m p\u0159\u00edpad\u011b on\u00edm um\u00edst\u011bn\u00fdm produktem. Rada stanovuje lh\u016ftu k pod\u00e1n\u00ed vysv\u011btlen\u00ed 30 dn\u00ed ode dne doru\u010den\u00ed t\u00e9to v\u00fdzvy.<br \/>\n12-0-0<br \/>\n42 RRTV\/2021\/717\/loj: FTV Prima, spol. s r.o. Prima upout\u00e1vka na film Ve\u010d\u00edrek smluvn\u00ed ujedn\u00e1n\u00ed, zda se jedn\u00e1 o selfpromo odlo\u017een\u00ed v\u011bci<br \/>\n&#8211; Rada pro rozhlasov\u00e9 a televizn\u00ed vys\u00edl\u00e1n\u00ed (d\u00e1le jen \u201eRada\u201c) coby \u00fast\u0159edn\u00ed spr\u00e1vn\u00ed \u00fa\u0159ad v r\u00e1mci sv\u00e9 kompetence dan\u00e9 ustanoven\u00edm \u00a7 5 p\u00edsm. a) z\u00e1kona \u010d. 231\/2001 Sb., o provozov\u00e1n\u00ed rozhlasov\u00e9ho a televizn\u00edho vys\u00edl\u00e1n\u00ed a o zm\u011bn\u011b dal\u0161\u00edch z\u00e1kon\u016f (d\u00e1le jen z\u00e1kon \u010d. 231\/2001 Sb.) rozhodla v souladu s ustanoven\u00edm \u00a7 76 odst. 1 p\u00edsm. a) z\u00e1kona \u010d. 250\/2016 Sb., o odpov\u011bdnosti za p\u0159estupky a \u0159\u00edzen\u00ed o nich, v platn\u00e9m zn\u011bn\u00ed, ve v\u011bci st\u00ed\u017enosti na propagaci filmu Ve\u010d\u00edrek ve vys\u00edl\u00e1n\u00ed programu Prima, \u017ee v\u011bc odkl\u00e1d\u00e1.<br \/>\n12-0-0<br \/>\n43 RRTV\/2021\/850\/ale: \u010cESK\u00c1 TELEVIZE \/ Reakce k Upozorn\u011bn\u00ed na poru\u0161en\u00ed z\u00e1kona\/ Ochr\u00e1nce (3\/13)<br \/>\n&#8211; Rada se sezn\u00e1mila s reakc\u00ed provozovatele \u010cESK\u00c1 TELEVIZE na upozorn\u011bn\u00ed na poru\u0161en\u00ed z\u00e1kona, ke kter\u00e9mu do\u0161lo odvys\u00edl\u00e1n\u00edm po\u0159adu Ochr\u00e1nce ( 3\/13 ) dne 19. z\u00e1\u0159\u00ed 2021 v 20:10 hodin na programu \u010cT 1.<br \/>\n12-0-0<br \/>\n44 RRTV\/2019\/323\/rud: Emporia Style Kft.\/Klenot TV\/Televize Barrandov\/Glenn Lehrer\/4.,7.,8.3.2019 &#8211; ROZSUDEK MS<br \/>\n&#8211; Rada se sezn\u00e1mila s rozsudkem M\u011bstsk\u00e9ho soudu v Praze ze dne 2. prosince 2021, \u010d.j. 15A 29\/2020, kter\u00fdm byla zam\u00edtnuta \u017ealoba spole\u010dnosti Emporia Style Kft., I\u010cO: 0109170422, se s\u00eddlem 1012 Budapest, M\u00e1rv\u00e1ny u. 17., Ma\u010farsko, proti rozhodnut\u00ed Rady ze dne 17. prosince 2019, sp.zn. RRTV\/2019\/323\/rud, o ulo\u017een\u00ed pokuty ve v\u00fd\u0161i 200 000 K\u010d za poru\u0161en\u00ed ustanoven\u00ed \u00a7 2 odst. 1 p\u00edsm. b) z\u00e1kona \u010d. 40\/1995 Sb., respektive ustanoven\u00ed \u00a7 5 odst. 1 z\u00e1kona \u010d. 634\/1992 Sb., kter\u00e9ho se tato spole\u010dnost dopustila zad\u00e1n\u00edm teleshoppingov\u00fdch blok\u016f Klenot TV odvys\u00edlan\u00fdch ve dnech 4., 7. a 8. b\u0159ezna 2019 na programu Televize Barrandov, kter\u00e9 jsou klamavou obchodn\u00ed praktikou, nebo\u0165 obsahuj\u00ed v\u011bcn\u011b nespr\u00e1vnou a tedy nepravdivou informaci, \u017ee v\u0161echny nab\u00edzen\u00e9 \u0161perky z kolekce Glenn Lehrer jsou vyr\u00e1b\u011bn\u00e9 p\u0159\u00edmo osobn\u011b a ru\u010dn\u011b sv\u011btozn\u00e1m\u00fdm \u0161perka\u0159em Glennem Lehrerem, kdy\u017e ve skute\u010dnosti jejich v\u00fdrobu, minim\u00e1ln\u011b z\u010d\u00e1sti, zaji\u0161\u0165uj\u00ed zam\u011bstnanci spole\u010dnosti, ve kter\u00e9 Glenn Lehrer p\u016fsob\u00ed.<br \/>\n12-0-0<br \/>\n45 RRTV\/2018\/723\/had: Emporia Style Kft.\/Televize Barrandov\/Klenot TV\/MultiLady\/20.6.2018\/od 7:20 hodin \u2013 p\u0159isuzov\u00e1n\u00ed l\u00e9\u010debn\u00fdch vlastnost\u00ed-rozhodnut\u00ed M\u011bstsk\u00e9ho soudu<br \/>\n&#8211; Rada se sezn\u00e1mila s rozhodnut\u00edm M\u011bstsk\u00e9ho soudu v Praze \u010d. j. 14 A 18\/2019-48 ze dne 20. \u0159\u00edjna 2021, kter\u00fdm byla zam\u00edtnuta \u017ealoba proti rozhodnut\u00ed Rady ze dne 11. 12. 2018, \u010d. j. RRTV\/20498\/2018-had, sp. zn. RRTV\/2018\/723\/had, j\u00edm\u017e Rada ulo\u017eila sankci 750 000 K\u010d spole\u010dnosti Emporia Style Kft. I\u010cO: 01-09-170422 pro poru\u0161en\u00ed \u00a7\u00a7 5d odst. 2 a 3 z\u00e1kona \u010d. 40\/1995 Sb., jeho\u017e se dopustila zad\u00e1n\u00edm teleshoppingu Klenot TV, odvys\u00edlan\u00e9ho dne 20. 6. 2018 v \u010dase od 7.20 hod. na programu Televize Barrandov, t\u00edm, \u017ee v obchodn\u00edm sd\u011blen\u00ed byl propagov\u00e1n dopln\u011bk stravy zp\u016fsobem, kter\u00fd evokoval l\u00e9\u010debn\u00fd \u00fa\u010dinek dopl\u0148ku stravy, a sou\u010dasn\u011b v tomto obchodn\u00edm sd\u011blen\u00ed absentovalo z\u0159eteln\u00e9 ozna\u010den\u00ed dopl\u0148ku stravy.<br \/>\n12-0-0<br \/>\n46 RRTV\/2019\/593\/had: Klenot TV\/16. \u010dervence 2019\/7:00 hodin\/Televize Barrandov\/MultiLady-rozsudek M\u011bstsk\u00e9ho soudu<br \/>\n&#8211; Rada se sezn\u00e1mila s rozsudkem M\u011bstsk\u00e9ho soudu v Praze ze dne 2. prosince 2021, \u010d. j. 15 A 30\/2020, kter\u00fdm byla zam\u00edtnuta \u017ealoba proti rozhodnut\u00ed Rady ze dne 13. 1. 2020 \u010d. j. RRTV\/432\/2020-had, j\u00edm\u017e Rada ulo\u017eila sankci 150 000 K\u010d spole\u010dnosti Emporia Style Kft. I\u010cO: 01-09-170422 jako zadavateli teleshoppingu Klenot TV odvys\u00edlan\u00e9ho dne 16. 7. 2019 od 7:00 hodin na programu Televize Barrandov, v jeho\u017e r\u00e1mci byly uvedeny audiovizu\u00e1ln\u00ed prvky, kter\u00e9 ve sv\u00e9m celku evokovaly l\u00e9\u010debn\u00fd \u00fa\u010dinek dopl\u0148ku stravy MultiLady p\u0159i onemocn\u011bn\u00ed osteopor\u00f3zou a dal\u0161\u00edch zdravotn\u00edch probl\u00e9mech.<br \/>\n12-0-0<br \/>\n47 RRTV\/2021\/919\/bur: KRIMIN\u00c1LKY 2021\/re\u0161er\u0161e krimin\u00e1ln\u00edch seri\u00e1l\u016f na celoplo\u0161n\u00fdch programech\/11.-17.1.\/15.-21.2\/3.-9.5.\/7.-13.6.\/19.-25.7.\/4.-10.10. 2020<br \/>\n&#8211; Rada se sezn\u00e1mila s re\u0161er\u0161\u00ed krimin\u00e1ln\u00edch seri\u00e1l\u016f ve vys\u00edl\u00e1n\u00ed celoplo\u0161n\u00fdch televizn\u00edch program\u016f \u010cT1, \u010cT2, NOVA, Nova Cinema, Nova Action, Prima, Prima COOL, Prima love, Prima KRIMI, Televize Barrandov, Barrandov Krimi a KINO BARRANDOV v obdob\u00edch 11.-17. ledna 2021, 15.-21. \u00fanora 2021, 3.-9. kv\u011btna 2021, 7.-13. \u010dervna 2021, 19.-25. \u010dervence 2021 a 4.-10. \u0159\u00edjna 2021.<br \/>\n12-0-0<br \/>\n48 RRTV\/2021\/884\/ale: Smith Production s.r.o. \u2013 ZooK \/htpps:\/\/tv.zook.cz\/ &#8211; z\u00e1pis avsm do Evidence<br \/>\n&#8211; Rada pro rozhlasov\u00e9 a televizn\u00ed vys\u00edl\u00e1n\u00ed (d\u00e1le jen Rada) v r\u00e1mci sv\u00e9 p\u016fsobnosti podle ustanoven\u00ed \u00a7 4 odst. 2 p\u00edsm. a) a \u00a7 5 odst. 3 z\u00e1kona \u010d. 132\/2010 Sb., o audiovizu\u00e1ln\u00edch medi\u00e1ln\u00edch slu\u017eb\u00e1ch na vy\u017e\u00e1d\u00e1n\u00ed, a podle ustanoven\u00ed \u00a7 158 odst. 1 z\u00e1kona \u010d. 500\/2004 Sb., spr\u00e1vn\u00edho \u0159\u00e1du, vyd\u00e1v\u00e1 na z\u00e1klad\u011b p\u00edsemn\u00e9ho ozn\u00e1men\u00ed poskytovatele Smith Production s.r.o., I\u010c 05900000, doru\u010den\u00e9ho Rad\u011b dne 22. listopadu 2021, toto potvrzen\u00ed: Poskytovatel Smith Production s.r.o., I\u010c 05900000, s\u00eddlem Trojick\u00e1 1910\/7, 120 00 Praha 2, byl dne 21. prosince 2021 zaps\u00e1n do Evidence poskytovatel\u016f audiovizu\u00e1ln\u00edch medi\u00e1ln\u00edch slu\u017eeb na vy\u017e\u00e1d\u00e1n\u00ed ve smyslu ustanoven\u00ed \u00a7 5 z\u00e1kona \u010d. 132\/2010 Sb., o audiovizu\u00e1ln\u00edch medi\u00e1ln\u00edch slu\u017eb\u00e1ch na vy\u017e\u00e1d\u00e1n\u00ed; audiovizu\u00e1ln\u00ed medi\u00e1ln\u00ed slu\u017eba na vy\u017e\u00e1d\u00e1n\u00ed bude poskytov\u00e1na ode dne 21. prosince 2021 pod n\u00e1zvem ZooK, um\u00edst\u011bn\u00e1 na internetov\u00e9 adrese https:\/\/tvzook.cz\/.<br \/>\n12-0-0<br \/>\n49 RRTV\/2021\/40\/vra: P\u0159ehled odpov\u011bd\u00ed poskytnut\u00fdch podle z\u00e1kona \u010d.106\/1999 Sb.<br \/>\n&#8211; Rada se sezn\u00e1mila s p\u0159ehledem odpov\u011bd\u00ed poskytnut\u00fdch podle z\u00e1kona \u010d.106\/1999 Sb.<br \/>\n12-0-0<br \/>\nOv\u011b\u0159ovatel: Barto\u0161<\/p>\n","protected":false},"excerpt":{"rendered":"<p>P\u0159\u00edtomni: Bou\u0161ka, Dohn\u00e1lkov\u00e1, Jakl, Jane\u010dek, Kr\u00e1lov\u00e1, K\u00f6ppl, Mace\u0161ka, Mencl, Nov\u00e1k, Petrov, Smol\u00edkov\u00e1, \u0160incl Omluveni: Jehli\u010dka Ov\u011b\u0159ovatel: Barto\u0161<\/p>\n","protected":false},"author":1,"featured_media":0,"comment_status":"open","ping_status":"open","sticky":false,"template":"","format":"standard","meta":{"ngg_post_thumbnail":0,"footnotes":""},"categories":[11],"tags":[],"class_list":["post-12525","post","type-post","status-publish","format-standard","hentry","category-ozvena"],"_links":{"self":[{"href":"https:\/\/www.ladislavjakl.cz\/index.php?rest_route=\/wp\/v2\/posts\/12525","targetHints":{"allow":["GET"]}}],"collection":[{"href":"https:\/\/www.ladislavjakl.cz\/index.php?rest_route=\/wp\/v2\/posts"}],"about":[{"href":"https:\/\/www.ladislavjakl.cz\/index.php?rest_route=\/wp\/v2\/types\/post"}],"author":[{"embeddable":true,"href":"https:\/\/www.ladislavjakl.cz\/index.php?rest_route=\/wp\/v2\/users\/1"}],"replies":[{"embeddable":true,"href":"https:\/\/www.ladislavjakl.cz\/index.php?rest_route=%2Fwp%2Fv2%2Fcomments&post=12525"}],"version-history":[{"count":1,"href":"https:\/\/www.ladislavjakl.cz\/index.php?rest_route=\/wp\/v2\/posts\/12525\/revisions"}],"predecessor-version":[{"id":12526,"href":"https:\/\/www.ladislavjakl.cz\/index.php?rest_route=\/wp\/v2\/posts\/12525\/revisions\/12526"}],"wp:attachment":[{"href":"https:\/\/www.ladislavjakl.cz\/index.php?rest_route=%2Fwp%2Fv2%2Fmedia&parent=12525"}],"wp:term":[{"taxonomy":"category","embeddable":true,"href":"https:\/\/www.ladislavjakl.cz\/index.php?rest_route=%2Fwp%2Fv2%2Fcategories&post=12525"},{"taxonomy":"post_tag","embeddable":true,"href":"https:\/\/www.ladislavjakl.cz\/index.php?rest_route=%2Fwp%2Fv2%2Ftags&post=12525"}],"curies":[{"name":"wp","href":"https:\/\/api.w.org\/{rel}","templated":true}]}}