{"id":12527,"date":"2022-01-27T13:33:49","date_gmt":"2022-01-27T12:33:49","guid":{"rendered":"http:\/\/www.ladislavjakl.cz\/?p=12527"},"modified":"2022-01-27T13:33:49","modified_gmt":"2022-01-27T12:33:49","slug":"tiskova-zprava-z-1-zasedani-rady-konaneho-dne-18-1-2022","status":"publish","type":"post","link":"https:\/\/www.ladislavjakl.cz\/?p=12527","title":{"rendered":"Tiskov\u00e1 zpr\u00e1va z 1. zased\u00e1n\u00ed Rady, konan\u00e9ho dne 18. 1. 2022"},"content":{"rendered":"<p>Rada pro rozhlasov\u00e9 a televizn\u00ed vys\u00edl\u00e1n\u00ed (d\u00e1le jen &#8222;Rada&#8220;) na sv\u00e9m 1. zased\u00e1n\u00ed projednala 69 bod\u016f programu. Vyhodnotila 151 st\u00ed\u017enost\u00ed div\u00e1k\u016f a poslucha\u010d\u016f, vydala 12 upozorn\u011bn\u00ed na poru\u0161en\u00ed z\u00e1kona. Rozhodla o zah\u00e1jen\u00ed dvou spr\u00e1vn\u00edch \u0159\u00edzen\u00ed.<\/p>\n<p><!--more--><br \/>\nRada ulo\u017eila jednu pokutu ve v\u00fd\u0161i 5 000,- K\u010d provozovateli Petru Uherovi pro poru\u0161en\u00ed povinnosti stanoven\u00e9 \u00a7 32 odst. 6 z\u00e1kona \u010d. 231\/2001 Sb., kter\u00e9ho se dopustil t\u00edm, \u017ee neposkytl informace o opat\u0159en\u00edch p\u0159ijat\u00fdch na podporu medi\u00e1ln\u00ed gramotnosti za rok 2020.<br \/>\nRada se sezn\u00e1mila se Studi\u00ed medi\u00e1ln\u00ed gramotnosti populace \u010cR, resp. osob star\u0161\u00edch 15 let, kter\u00e1 byla v pr\u016fb\u011bhu roku 2021 zpracov\u00e1na na zad\u00e1n\u00ed Rady Katedrou medi\u00e1ln\u00edch a kultur\u00e1ln\u00edch studi\u00ed a \u017eurnalistiky Filosofick\u00e9 fakulty Univerzity Palack\u00e9ho v Olomouci. Studie zkoumala \u010dty\u0159i kl\u00ed\u010dov\u00e9 dovednosti a schopnosti medi\u00e1ln\u00ed a digit\u00e1ln\u00ed gramotnosti: p\u0159\u00edstup k medi\u00e1ln\u00edm technologi\u00edm a jejich zp\u016fsoby u\u017e\u00edv\u00e1n\u00ed v ka\u017edodenn\u00edm \u017eivot\u011b; anal\u00fdzu a evaluaci medi\u00e1ln\u00edch sd\u011blen\u00ed (tzv. kritick\u00e9 my\u0161len\u00ed a \u010dten\u00ed); vlastn\u00ed medi\u00e1ln\u00ed produkci a reflexi fungov\u00e1n\u00ed m\u00e9di\u00ed a vn\u00edm\u00e1n\u00ed role m\u00e9di\u00ed ve spole\u010dnosti. Sb\u011br dat prob\u00edhal metodou CAWI a CAPI. Reprezentativn\u00ed struktury vzorku 1240 osob bylo dosa\u017eeno prost\u0159ednictv\u00edm kv\u00f3tn\u00edho v\u00fdb\u011bru dle pohlav\u00ed, v\u011bku, vzd\u011bl\u00e1n\u00ed, velikosti m\u00edsta bydli\u0161t\u011b a kraje. Studie je zve\u0159ejn\u011bna na webu Rady: www.rrtv.cz<br \/>\nRada ud\u011blila dv\u011b licence k provozov\u00e1n\u00ed vys\u00edl\u00e1n\u00ed, a to licenci spole\u010dnosti TWR live s.r.o., k provozov\u00e1n\u00ed zemsk\u00e9ho digit\u00e1ln\u00edho rozhlasov\u00e9ho vys\u00edl\u00e1n\u00ed \u0161\u00ed\u0159en\u00e9ho prost\u0159ednictv\u00edm vys\u00edla\u010d\u016f pro program Radio 7 a licenci spole\u010dnosti \u00dasteck\u00e1 m\u00e9dia s.r.o. k provozov\u00e1n\u00ed region\u00e1ln\u00edho zemsk\u00e9ho digit\u00e1ln\u00edho televizn\u00edho vys\u00edl\u00e1n\u00ed \u0161\u00ed\u0159en\u00e9ho prost\u0159ednictv\u00edm vys\u00edla\u010d\u016f pro program \u00dasteck\u00e1 TV.<br \/>\nPodrobn\u011bj\u0161\u00ed informace naleznete v p\u0159episech usnesen\u00ed Rady:<br \/>\nROZHLASOV\u00c9 VYS\u00cdL\u00c1N\u00cd<br \/>\n&#8211; Rada v souladu s ustanoven\u00edmi \u00a7 5 p\u00edsm. b), \u00a7 12 a \u00a7 25 z\u00e1kona \u010d. 231\/2001 Sb., o provozov\u00e1n\u00ed rozhlasov\u00e9ho a televizn\u00edho vys\u00edl\u00e1n\u00ed a o zm\u011bn\u011b dal\u0161\u00edch z\u00e1kon\u016f, v platn\u00e9m zn\u011bn\u00ed (d\u00e1le jen \u201ez\u00e1kon \u010d. 231\/2001 Sb.\u201c), a ustanoven\u00edm \u00a7 67 z\u00e1kona \u010d. 500\/2004 Sb., spr\u00e1vn\u00edho \u0159\u00e1du (d\u00e1le jen \u201ez\u00e1kon \u010d. 500\/2004 Sb.\u201c), vyd\u00e1v\u00e1 toto rozhodnut\u00ed: Rada ud\u011bluje spole\u010dnosti TWR live s.r.o., I\u010c: 082 44 430, se s\u00eddlem Horn\u00edkova 2562\/36, PS\u010c 628 00 Brno &#8211; L\u00ed\u0161e\u0148, licenci k provozov\u00e1n\u00ed zemsk\u00e9ho digit\u00e1ln\u00edho rozhlasov\u00e9ho vys\u00edl\u00e1n\u00ed programu Radio 7, \u0161\u00ed\u0159en\u00e9ho prost\u0159ednictv\u00edm vys\u00edla\u010d\u016f. Licence se ud\u011bluje na dobu ur\u010ditou, a to na dobu 8 let od pr\u00e1vn\u00ed moci tohoto rozhodnut\u00ed.<br \/>\n&#8211; Rada se sezn\u00e1mila s p\u0159edb\u011b\u017enou koordinac\u00ed spo\u010d\u00edvaj\u00edc\u00ed ve stanoven\u00ed po\u010dtu obyvatel \u010cR pokryt\u00fdch sign\u00e1lem a \u00fazemn\u00edm rozsahem vys\u00edl\u00e1n\u00ed p\u0159ed zm\u011bnou a po zm\u011bn\u011b stanovi\u0161t\u011b VKV kmito\u010dtu Uhersk\u00e9 Hradi\u0161t\u011b 102,7 MHz \/ 150 W na stanovi\u0161t\u011b Uhersk\u00e9 Hradi\u0161t\u011b 2<br \/>\n102,7 MHz \/ 150 W, sou\u0159adnice WGS 84: 17 25 33 \/ 49 04 29, \u017eadatele JUKE BOX, spol. s r. o., I\u010c: 25396676 se s\u00eddlem Karla Svobody 130\/95, 72527 Ostrava, program RADIO \u010cAS-FM, (licence Sp.zn.: 2011\/392\/STR\/JUK, \u010d.j.: STR\/1924\/2011) a souhlas\u00ed s dokon\u010den\u00edm p\u0159edm\u011btn\u00e9 koordinace.<br \/>\n&#8211; Rada v r\u00e1mci sv\u00e9 kompetence dan\u00e9 ustanoven\u00edm \u00a7 5 p\u00edsm. b) a v souladu s \u00a7 21 odst. 1 p\u00edsm. b) a odst. 3 z\u00e1kona \u010d. 231\/2001 Sb. p\u0159ijala ve v\u011bci \u017e\u00e1dosti provozovatele Rajmont s.r.o., I\u010c: 27472116, I. Olbrachta 506\/6, 500 02 Hradec Kr\u00e1lov\u00e9, o zm\u011bnu skute\u010dnost\u00ed uveden\u00fdch v \u017e\u00e1dosti o licenci k provozov\u00e1n\u00ed rozhlasov\u00e9ho vys\u00edl\u00e1n\u00ed programu R\u00e1dio Dechovka, (licence sp. zn.: 2020\/776\/zab), a to o zm\u011bn\u011b \u00fazemn\u00edho rozsahu vys\u00edl\u00e1n\u00ed a souboru technick\u00fdch parametr\u016f spo\u010d\u00edvaj\u00edc\u00ed ve zm\u011bn\u011b stanovi\u0161t\u011b a v\u00fdkonu kmito\u010dtu L\u00edbeznice 1260 kHz \/ 10 kW, toto rozhodnut\u00ed: Rada ud\u011bluje provozovateli Rajmont s.r.o., I\u010c: 27472116, I. Olbrachta 506\/6, 500 02 Hradec Kr\u00e1lov\u00e9, souhlas se zm\u011bnou skute\u010dnost\u00ed uveden\u00fdch v \u017e\u00e1dosti o licenci k provozov\u00e1n\u00ed rozhlasov\u00e9ho vys\u00edl\u00e1n\u00ed prost\u0159ednictv\u00edm vys\u00edla\u010d\u016f programu R\u00e1dio Dechovka, (licence sp. zn.: 2020\/776\/zab), a to o zm\u011bn\u011b \u00fazemn\u00edho rozsahu vys\u00edl\u00e1n\u00ed a souboru technick\u00fdch parametr\u016f spo\u010d\u00edvaj\u00edc\u00ed ve zm\u011bn\u011b stanovi\u0161t\u011b a v\u00fdkonu kmito\u010dtu L\u00edbeznice 1260 kHz \/ 10 kW na stanovi\u0161t\u011b DAVLE 1260 kHz \/ 5 kW, sou\u0159adnice WGS 84: 14 21 21 \/ 49 54 00.<br \/>\n&#8211; Rada v souladu s ustanoven\u00edm \u00a7 5 p\u00edsm. b), \u00a7 21 odst. 1 p\u00edsm. a) a \u00a7 21 odst. 3 z\u00e1kona \u010d. 231\/2001 Sb., o provozov\u00e1n\u00ed rozhlasov\u00e9ho a televizn\u00edho vys\u00edl\u00e1n\u00ed a o zm\u011bn\u011b dal\u0161\u00edch z\u00e1kon\u016f, v platn\u00e9m zn\u011bn\u00ed (d\u00e1le jen \u201ez\u00e1kon \u010d. 231\/2001 Sb.\u201c), a ustanoven\u00edm \u00a7 67 a n\u00e1sl. z\u00e1kona \u010d. 500\/2004 Sb., spr\u00e1vn\u00edho \u0159\u00e1du, v platn\u00e9m zn\u011bn\u00ed (d\u00e1le jen \u201ez\u00e1kon \u010d. 500\/2004 Sb.\u201c), vydala toto rozhodnut\u00ed: Rada ud\u011bluje provozovateli RADIO UNITED BROADCASTING s.r.o., I\u010c: 29131901, se s\u00eddlem \u0158\u00ed\u010dansk\u00e1 2399\/3, Vinohrady, 101 00 Praha 10, souhlas se zm\u011bnou skute\u010dnost\u00ed uveden\u00fdch v \u017e\u00e1dosti o licenci k provozov\u00e1n\u00ed rozhlasov\u00e9ho vys\u00edl\u00e1n\u00ed programu SIGN\u00c1L R\u00c1DIO (licence sp.zn. 2015\/1026\/zab) podle \u00a7 21 odst. 1 p\u00edsm. a) a odst. 3 z\u00e1kona \u010d. 231\/2001 Sb., spo\u010d\u00edvaj\u00edc\u00ed ve zm\u011bn\u011b n\u00e1zvu programu na nov\u00fd n\u00e1zev Radio Spin, nebo\u0165 tato zm\u011bna by nevedla k neud\u011blen\u00ed licence na z\u00e1klad\u011b ve\u0159ejn\u00e9ho sly\u0161en\u00ed.<br \/>\n&#8211; Rada v souladu s ustanoven\u00edm \u00a7 5 p\u00edsm. b), \u00a7 21 odst. 1 p\u00edsm. a) a \u00a7 21 odst. 3 z\u00e1kona \u010d. 231\/2001 Sb., o provozov\u00e1n\u00ed rozhlasov\u00e9ho a televizn\u00edho vys\u00edl\u00e1n\u00ed a o zm\u011bn\u011b dal\u0161\u00edch z\u00e1kon\u016f, v platn\u00e9m zn\u011bn\u00ed (d\u00e1le jen \u201ez\u00e1kon \u010d. 231\/2001 Sb.\u201c), a ustanoven\u00edm \u00a7 67 a n\u00e1sl. z\u00e1kona \u010d. 500\/2004 Sb., spr\u00e1vn\u00edho \u0159\u00e1du, v platn\u00e9m zn\u011bn\u00ed (d\u00e1le jen \u201ez\u00e1kon \u010d. 500\/2004 Sb.\u201c), vydala toto rozhodnut\u00ed: Rada ud\u011bluje provozovateli RADIO UNITED BROADCASTING s.r.o., I\u010c: 29131901, se s\u00eddlem \u0158\u00ed\u010dansk\u00e1 2399\/3, Vinohrady, 101 00 Praha 10, souhlas se zm\u011bnou skute\u010dnost\u00ed uveden\u00fdch v \u017e\u00e1dosti o licenci k provozov\u00e1n\u00ed rozhlasov\u00e9ho vys\u00edl\u00e1n\u00ed programu SIGN\u00c1L R\u00c1DIO (licence sp.zn. 2014\/858\/zab) podle \u00a7 21 odst. 1 p\u00edsm. a) a odst. 3 z\u00e1kona \u010d. 231\/2001 Sb., spo\u010d\u00edvaj\u00edc\u00ed ve zm\u011bn\u011b n\u00e1zvu programu na nov\u00fd n\u00e1zev Radio Spin, nebo\u0165 tato zm\u011bna by nevedla k neud\u011blen\u00ed licence na z\u00e1klad\u011b ve\u0159ejn\u00e9ho sly\u0161en\u00ed.<br \/>\n&#8211; Rada v souladu s ustanoven\u00edm \u00a7 5 p\u00edsm. b), \u00a7 21 odst. 1 p\u00edsm. a) a \u00a7 21 odst. 3 z\u00e1kona \u010d. 231\/2001 Sb., o provozov\u00e1n\u00ed rozhlasov\u00e9ho a televizn\u00edho vys\u00edl\u00e1n\u00ed a o zm\u011bn\u011b dal\u0161\u00edch z\u00e1kon\u016f, v platn\u00e9m zn\u011bn\u00ed (d\u00e1le jen \u201ez\u00e1kon \u010d. 231\/2001 Sb.\u201c), a ustanoven\u00edm \u00a7 67 a n\u00e1sl. z\u00e1kona \u010d. 500\/2004 Sb., spr\u00e1vn\u00edho \u0159\u00e1du, v platn\u00e9m zn\u011bn\u00ed (d\u00e1le jen \u201ez\u00e1kon \u010d. 500\/2004 Sb.\u201c), vydala toto rozhodnut\u00ed: Rada ud\u011bluje provozovateli RADIO UNITED BROADCASTING s.r.o., I\u010c: 29131901, se s\u00eddlem \u0158\u00ed\u010dansk\u00e1 2399\/3, Vinohrady, 101 00 Praha 10, souhlas se zm\u011bnou skute\u010dnost\u00ed uveden\u00fdch v \u017e\u00e1dosti o licenci k provozov\u00e1n\u00ed rozhlasov\u00e9ho vys\u00edl\u00e1n\u00ed programu SIGN\u00c1L R\u00c1DIO (licence sp.zn. 2018\/278\/zab) podle \u00a7 21 odst. 1 p\u00edsm. a) a odst. 3 z\u00e1kona \u010d. 231\/2001 Sb., spo\u010d\u00edvaj\u00edc\u00ed ve zm\u011bn\u011b n\u00e1zvu programu na nov\u00fd n\u00e1zev Radio Spin, nebo\u0165 tato zm\u011bna by nevedla k neud\u011blen\u00ed licence na z\u00e1klad\u011b ve\u0159ejn\u00e9ho sly\u0161en\u00ed.<br \/>\n&#8211; Rada v souladu s ustanoven\u00edm \u00a7 5 p\u00edsm. b), \u00a7 21 odst. 1 p\u00edsm. a) a \u00a7 21 odst. 3 z\u00e1kona \u010d. 231\/2001 Sb., o provozov\u00e1n\u00ed rozhlasov\u00e9ho a televizn\u00edho vys\u00edl\u00e1n\u00ed a o zm\u011bn\u011b dal\u0161\u00edch z\u00e1kon\u016f, v platn\u00e9m zn\u011bn\u00ed (d\u00e1le jen \u201ez\u00e1kon \u010d. 231\/2001 Sb.\u201c), a ustanoven\u00edm \u00a7 67 a n\u00e1sl. z\u00e1kona \u010d. 500\/2004 Sb., spr\u00e1vn\u00edho \u0159\u00e1du, v platn\u00e9m zn\u011bn\u00ed (d\u00e1le jen \u201ez\u00e1kon \u010d. 500\/2004 Sb.\u201c), vydala toto rozhodnut\u00ed: Rada ud\u011bluje provozovateli RADIO UNITED BROADCASTING s.r.o., I\u010c: 29131901, se s\u00eddlem \u0158\u00ed\u010dansk\u00e1 2399\/3, Vinohrady, 101 00 Praha 10, souhlas se zm\u011bnou skute\u010dnost\u00ed uveden\u00fdch v \u017e\u00e1dosti o licenci k provozov\u00e1n\u00ed rozhlasov\u00e9ho vys\u00edl\u00e1n\u00ed programu SIGN\u00c1L R\u00c1DIO (licence sp.zn. 2015\/229\/zab) podle \u00a7 21 odst. 1 p\u00edsm. a) a odst. 3 z\u00e1kona \u010d. 231\/2001 Sb., spo\u010d\u00edvaj\u00edc\u00ed ve zm\u011bn\u011b n\u00e1zvu programu na nov\u00fd n\u00e1zev Radio Spin, nebo\u0165 tato zm\u011bna by nevedla k neud\u011blen\u00ed licence na z\u00e1klad\u011b ve\u0159ejn\u00e9ho sly\u0161en\u00ed.<br \/>\n&#8211; Rada v souladu s ustanoven\u00edm \u00a7 5 p\u00edsm. b), \u00a7 21 odst. 1 p\u00edsm. a) a \u00a7 21 odst. 3 z\u00e1kona \u010d. 231\/2001 Sb., o provozov\u00e1n\u00ed rozhlasov\u00e9ho a televizn\u00edho vys\u00edl\u00e1n\u00ed a o zm\u011bn\u011b dal\u0161\u00edch z\u00e1kon\u016f, v platn\u00e9m zn\u011bn\u00ed (d\u00e1le jen \u201ez\u00e1kon \u010d. 231\/2001 Sb.\u201c), a ustanoven\u00edm \u00a7 67 a n\u00e1sl. z\u00e1kona \u010d. 500\/2004 Sb., spr\u00e1vn\u00edho \u0159\u00e1du, v platn\u00e9m zn\u011bn\u00ed (d\u00e1le jen \u201ez\u00e1kon \u010d. 500\/2004 Sb.\u201c), vydala toto rozhodnut\u00ed: Rada ud\u011bluje provozovateli RADIO UNITED BROADCASTING s.r.o., I\u010c: 29131901, se s\u00eddlem \u0158\u00ed\u010dansk\u00e1 2399\/3, Vinohrady, 101 00 Praha 10, souhlas se zm\u011bnou skute\u010dnost\u00ed uveden\u00fdch v \u017e\u00e1dosti o licenci k provozov\u00e1n\u00ed rozhlasov\u00e9ho vys\u00edl\u00e1n\u00ed programu SIGN\u00c1L R\u00c1DIO (licence sp.zn. 2014\/815\/zab) podle \u00a7 21 odst. 1 p\u00edsm. a) a odst. 3 z\u00e1kona \u010d. 231\/2001 Sb., spo\u010d\u00edvaj\u00edc\u00ed ve zm\u011bn\u011b n\u00e1zvu programu na nov\u00fd n\u00e1zev Radio Spin, nebo\u0165 tato zm\u011bna by nevedla k neud\u011blen\u00ed licence na z\u00e1klad\u011b ve\u0159ejn\u00e9ho sly\u0161en\u00ed.<br \/>\n&#8211; Rada v souladu s ustanoven\u00edm \u00a7 5 p\u00edsm. b), \u00a7 21 odst. 1 p\u00edsm. a) a \u00a7 21 odst. 3 z\u00e1kona \u010d. 231\/2001 Sb., o provozov\u00e1n\u00ed rozhlasov\u00e9ho a televizn\u00edho vys\u00edl\u00e1n\u00ed a o zm\u011bn\u011b dal\u0161\u00edch z\u00e1kon\u016f, v platn\u00e9m zn\u011bn\u00ed (d\u00e1le jen \u201ez\u00e1kon \u010d. 231\/2001 Sb.\u201c), a ustanoven\u00edm \u00a7 67 a n\u00e1sl. z\u00e1kona \u010d. 500\/2004 Sb., spr\u00e1vn\u00edho \u0159\u00e1du, v platn\u00e9m zn\u011bn\u00ed (d\u00e1le jen \u201ez\u00e1kon \u010d. 500\/2004 Sb.\u201c), vydala toto rozhodnut\u00ed: Rada ud\u011bluje provozovateli RADIO UNITED BROADCASTING s.r.o., I\u010c: 29131901, se s\u00eddlem \u0158\u00ed\u010dansk\u00e1 2399\/3, Vinohrady, 101 00 Praha 10, souhlas se zm\u011bnou skute\u010dnost\u00ed uveden\u00fdch v \u017e\u00e1dosti o licenci k provozov\u00e1n\u00ed rozhlasov\u00e9ho vys\u00edl\u00e1n\u00ed programu SIGN\u00c1L R\u00c1DIO \u010cESK\u00c9 BUD\u011aJOVICE (licence sp.zn. 2013\/832\/zab) podle \u00a7 21 odst. 1 p\u00edsm. a) a odst. 3 z\u00e1kona \u010d. 231\/2001 Sb., spo\u010d\u00edvaj\u00edc\u00ed ve zm\u011bn\u011b n\u00e1zvu programu na nov\u00fd n\u00e1zev Radio Spin, nebo\u0165 tato zm\u011bna by nevedla k neud\u011blen\u00ed licence na z\u00e1klad\u011b ve\u0159ejn\u00e9ho sly\u0161en\u00ed.<br \/>\n&#8211; Rada v souladu s ustanoven\u00edm \u00a7 5 p\u00edsm. b), \u00a7 21 odst. 1 p\u00edsm. a) a \u00a7 21 odst. 3 z\u00e1kona \u010d. 231\/2001 Sb., o provozov\u00e1n\u00ed rozhlasov\u00e9ho a televizn\u00edho vys\u00edl\u00e1n\u00ed a o zm\u011bn\u011b dal\u0161\u00edch z\u00e1kon\u016f, v platn\u00e9m zn\u011bn\u00ed (d\u00e1le jen \u201ez\u00e1kon \u010d. 231\/2001 Sb.\u201c), a ustanoven\u00edm \u00a7 67 a n\u00e1sl. z\u00e1kona \u010d. 500\/2004 Sb., spr\u00e1vn\u00edho \u0159\u00e1du, v platn\u00e9m zn\u011bn\u00ed (d\u00e1le jen \u201ez\u00e1kon \u010d. 500\/2004 Sb.\u201c), vydala toto rozhodnut\u00ed: Rada ud\u011bluje provozovateli RADIO UNITED BROADCASTING s.r.o., I\u010c: 29131901, se s\u00eddlem \u0158\u00ed\u010dansk\u00e1 2399\/3, Vinohrady, 101 00 Praha 10, souhlas se zm\u011bnou skute\u010dnost\u00ed uveden\u00fdch v \u017e\u00e1dosti o licenci k provozov\u00e1n\u00ed rozhlasov\u00e9ho vys\u00edl\u00e1n\u00ed programu SIGN\u00c1L R\u00c1DIO PLZE\u0147 (licence sp.zn. 2013\/834\/zab) podle \u00a7 21 odst. 1 p\u00edsm. a) a odst. 3 z\u00e1kona \u010d. 231\/2001 Sb., spo\u010d\u00edvaj\u00edc\u00ed ve zm\u011bn\u011b n\u00e1zvu programu na nov\u00fd n\u00e1zev Radio Spin, nebo\u0165 tato zm\u011bna by nevedla k neud\u011blen\u00ed licence na z\u00e1klad\u011b ve\u0159ejn\u00e9ho sly\u0161en\u00ed.<br \/>\n&#8211; Rada v souladu s ustanoven\u00edm \u00a7 5 p\u00edsm. b), \u00a7 21 odst. 1 p\u00edsm. a) a d) a \u00a7 21 odst. 3 z\u00e1kona \u010d. 231\/2001 Sb., o provozov\u00e1n\u00ed rozhlasov\u00e9ho a televizn\u00edho vys\u00edl\u00e1n\u00ed a o zm\u011bn\u011b dal\u0161\u00edch z\u00e1kon\u016f, v platn\u00e9m zn\u011bn\u00ed (d\u00e1le jen \u201ez\u00e1kon \u010d. 231\/2001 Sb.\u201c), a ustanoven\u00edm \u00a7 67 a n\u00e1sl. z\u00e1kona \u010d. 500\/2004 Sb., spr\u00e1vn\u00ed \u0159\u00e1d, v platn\u00e9m zn\u011bn\u00ed (d\u00e1le jen \u201ez\u00e1kon \u010d. 500\/2004 Sb.\u201c), vydala toto rozhodnut\u00ed: Rada ud\u011bluje provozovateli MEDIA BOHEMIA a.s., I\u010c 26765586, se s\u00eddlem B\u011blehradsk\u00e1 299\/132, Vinohrady, 120 00 Praha 2, souhlas se<br \/>\nzm\u011bnou skute\u010dnost\u00ed uveden\u00fdch v \u017e\u00e1dosti o licenci k provozov\u00e1n\u00ed rozhlasov\u00e9ho vys\u00edl\u00e1n\u00ed programu Fajn radio (licence \u010d.j. Ru\/130\/98) podle ustanoven\u00ed \u00a7 21 odst. 1 p\u00edsm. a) a d) z\u00e1kona \u010d. 231\/2001 Sb., spo\u010d\u00edvaj\u00edc\u00ed ve zm\u011bn\u011b n\u00e1zvu programu na nov\u00fd n\u00e1zev Rock Radio a ve zm\u011bn\u011b licen\u010dn\u00edch podm\u00ednek programu, nebo\u0165 tato zm\u011bna by nevedla k neud\u011blen\u00ed licence na z\u00e1klad\u011b ve\u0159ejn\u00e9ho sly\u0161en\u00ed. Aktu\u00e1ln\u00ed a platn\u00e9 zn\u011bn\u00ed licen\u010dn\u00edch podm\u00ednek tvo\u0159\u00ed p\u0159\u00edlohu tohoto rozhodnut\u00ed.<br \/>\n&#8211; Rada v souladu s ustanoven\u00edm \u00a7 5 p\u00edsm. b), \u00a7 21 odst. 1 p\u00edsm. e), \u00a7 21 odst. 3 a \u00a7 21 odst. 6 z\u00e1kona \u010d. 231\/2001 Sb., o provozov\u00e1n\u00ed rozhlasov\u00e9ho a televizn\u00edho vys\u00edl\u00e1n\u00ed a o zm\u011bn\u011b dal\u0161\u00edch z\u00e1kon\u016f, v platn\u00e9m zn\u011bn\u00ed (d\u00e1le jen \u201ez\u00e1kon \u010d. 231\/2001 Sb.\u201c), a ustanoven\u00edm \u00a7 67 a n\u00e1sl. z\u00e1kona \u010d. 500\/2004 Sb., spr\u00e1vn\u00edho \u0159\u00e1du, v platn\u00e9m zn\u011bn\u00ed (d\u00e1le jen \u201ez\u00e1kon \u010d. 500\/2004 Sb.\u201c), vydala toto rozhodnut\u00ed: Rada ud\u011bluje provozovateli Prvn\u00ed rozhlasov\u00e1 s.r.o., I\u010c: 25643908, se s\u00eddlem B\u011blehradsk\u00e1 299\/132, Vinohrady, 120 00 Praha 2, souhlas se zm\u011bnou skute\u010dnost\u00ed uveden\u00fdch v \u017e\u00e1dosti o licenci dle \u00a7 21 odst. 1 p\u00edsm. e) z\u00e1kona \u010d. 231\/2001 Sb., .), spo\u010d\u00edvaj\u00edc\u00ed v p\u0159evodu pod\u00edlu ve spole\u010dnosti \u017eadatele ve v\u00fd\u0161i 55% z prvn\u00edho spole\u010dn\u00edka provozovatele, Radiohead s. r. o., I\u010c: 0875346, na druh\u00e9ho spole\u010dn\u00edka provozovatele, spole\u010dnost MEDIA BOHEMIA a.s., I\u010c: 26765586, nebo\u0165 tato zm\u011bna by nevedla k neud\u011blen\u00ed licence na z\u00e1klad\u011b ve\u0159ejn\u00e9ho sly\u0161en\u00ed.<br \/>\n&#8211; Rada podle ustanoven\u00ed \u00a7 5 p\u00edsm. b) z\u00e1kona \u010d. 231\/2001 Sb., o provozov\u00e1n\u00ed rozhlasov\u00e9ho a televizn\u00edho vys\u00edl\u00e1n\u00ed (d\u00e1le jen \u201ez\u00e1kon \u010d. 231\/2001 Sb.\u201c) a v souladu s ustanoven\u00edm \u00a7 67 a n\u00e1sl. z\u00e1kona \u010d. 500\/2004 Sb. spr\u00e1vn\u00edho \u0159\u00e1du, vyd\u00e1v\u00e1 toto rozhodnut\u00ed: Rada podle ustanoven\u00ed \u00a7 12 odst. 8 z\u00e1kona \u010d. 231\/2001 Sb. prodlu\u017euje provozovateli RADIO UNITED BROADCASTING, s.r.o., I\u010c: 291 31 901, se s\u00eddlem Vinohradsk\u00e1 3217\/167, PS\u010c 100 00 Praha, dobu platnosti licence ud\u011blen\u00e9 rozhodnut\u00edm Rady sp. zn. 2015\/600\/zab, \u010d.j. RRTV\/2788\/2016-STR ze dne 23.8.2016 k rozhlasov\u00e9mu vys\u00edl\u00e1n\u00ed programu COUNTRY RADIO prost\u0159ednictv\u00edm vys\u00edla\u010d\u016f na kmito\u010dtech Blansko 97,2 MHz \/ 0,1 kW; Lovosice 97,0 MHz \/ 0,1 kW; Teplice 87,6 MHz \/ 0,1 kW; Uhersk\u00fd Brod 95,6 MHz \/ 0,1 kW do 10. \u0159\u00edjna 2025.<br \/>\n&#8211; Rada podle ustanoven\u00ed \u00a7 5 p\u00edsm. b) z\u00e1kona \u010d. 231\/2001 Sb., o provozov\u00e1n\u00ed rozhlasov\u00e9ho a televizn\u00edho vys\u00edl\u00e1n\u00ed (d\u00e1le jen \u201ez\u00e1kon \u010d. 231\/2001 Sb.\u201c) a v souladu s ustanoven\u00edm \u00a7 67 a n\u00e1sl. z\u00e1kona \u010d. 500\/2004 Sb. spr\u00e1vn\u00edho \u0159\u00e1du, vyd\u00e1v\u00e1 toto rozhodnut\u00ed: Rada podle ustanoven\u00ed \u00a7 12 odst. 8 z\u00e1kona \u010d. 231\/2001 Sb. prodlu\u017euje provozovateli RADIO UNITED BROADCASTING, s.r.o., I\u010c: 291 31 901, se s\u00eddlem Vinohradsk\u00e1 3217\/167, PS\u010c 100 00 Praha, dobu platnosti licence ud\u011blen\u00e9 rozhodnut\u00edm Rady sp. zn. 2015\/1024\/zab, \u010d.j. RRTV\/2806\/2016-zab ze dne 6.9.2016 k rozhlasov\u00e9mu vys\u00edl\u00e1n\u00ed programu COUNTRY RADIO prost\u0159ednictv\u00edm vys\u00edla\u010d\u016f na kmito\u010dtu Pelh\u0159imov 92,2 MHz \/ 0,1 kW do 10. \u0159\u00edjna 2025.<br \/>\n&#8211; Rada podle ustanoven\u00ed \u00a7 5 p\u00edsm. b) z\u00e1kona \u010d. 231\/2001 Sb., o provozov\u00e1n\u00ed rozhlasov\u00e9ho a televizn\u00edho vys\u00edl\u00e1n\u00ed (d\u00e1le jen \u201ez\u00e1kon \u010d. 231\/2001 Sb.\u201c) a v souladu s ustanoven\u00edm \u00a7 67 a n\u00e1sl. z\u00e1kona \u010d. 500\/2004 Sb. spr\u00e1vn\u00edho \u0159\u00e1du, vyd\u00e1v\u00e1 toto rozhodnut\u00ed: Rada podle ustanoven\u00ed \u00a7 12 odst. 8 z\u00e1kona \u010d. 231\/2001 Sb. prodlu\u017euje provozovateli RADIO UNITED BROADCASTING, s.r.o., I\u010c: 291 31 901, se s\u00eddlem Vinohradsk\u00e1 3217\/167, PS\u010c 100 00 Praha, dobu platnosti licence ud\u011blen\u00e9 rozhodnut\u00edm Rady sp. zn. 2015\/1117\/zab, \u010d.j. RRTV\/2495\/2016-SPM ze dne 6.9.2016 k rozhlasov\u00e9mu vys\u00edl\u00e1n\u00ed programu RADIO 1 prost\u0159ednictv\u00edm vys\u00edla\u010d\u016f na kmito\u010dtu Plze\u0148 97,5 MHz \/ 0,1 kW do 10. \u0159\u00edjna 2025.<br \/>\n&#8211; Rada podle ustanoven\u00ed \u00a7 5 p\u00edsm. b) z\u00e1kona \u010d. 231\/2001 Sb., o provozov\u00e1n\u00ed rozhlasov\u00e9ho a televizn\u00edho vys\u00edl\u00e1n\u00ed (d\u00e1le jen \u201ez\u00e1kon \u010d. 231\/2001 Sb.\u201c) a v souladu s ustanoven\u00edm \u00a7 67 a n\u00e1sl. z\u00e1kona \u010d. 500\/2004 Sb. spr\u00e1vn\u00edho \u0159\u00e1du, vyd\u00e1v\u00e1 toto rozhodnut\u00ed: Rada podle ustanoven\u00ed \u00a7 12 odst. 8 z\u00e1kona \u010d. 231\/2001 Sb. prodlu\u017euje provozovateli<br \/>\nRADIO UNITED BROADCASTING, s.r.o., I\u010c: 291 31 901, se s\u00eddlem Vinohradsk\u00e1 3217\/167, PS\u010c 100 00 Praha, dobu platnosti licence ud\u011blen\u00e9 rozhodnut\u00edm Rady sp. zn. 2015\/1028\/zab, \u010d.j. RRTV\/3150\/2016-zab ze dne 25.10.2016 k rozhlasov\u00e9mu vys\u00edl\u00e1n\u00ed programu Radio Beat prost\u0159ednictv\u00edm vys\u00edla\u010d\u016f na kmito\u010dtech Hodon\u00edn 105,6 MHz \/ 0,1 kW a Pelh\u0159imov 99,6 MHz \/ 0,1 kW do 10. \u0159\u00edjna 2025.<br \/>\n&#8211; Rada bere na v\u011bdom\u00ed, \u017ee provozovateli LIN a.s., I\u010c: 25720767, se s\u00eddlem Na p\u0159\u00edkop\u011b 859\/22, Nov\u00e9 M\u011bsto, 110 00 Praha 1, zanikla ke dni 31. prosince 2021 na z\u00e1klad\u011b pod\u00e1n\u00ed \u010d.j. RRTV\/15636\/2021-vra doru\u010den\u00e9ho Rad\u011b dne 20. prosince 2021 licence k provozov\u00e1n\u00ed rozhlasov\u00e9ho vys\u00edl\u00e1n\u00ed programu \u010cesk\u00fd Impuls (licence sp. zn. 2014\/981\/zab, \u010d.j. RRTV\/1090\/2015-zab ze dne 3. b\u0159ezna 2015) \u0161\u00ed\u0159en\u00e9ho prost\u0159ednictv\u00edm vys\u00edla\u010d\u016f. O t\u00e9to skute\u010dnosti vyd\u00e1v\u00e1 Rada osv\u011bd\u010den\u00ed dle \u00a7 154 a n\u00e1sl. z\u00e1kona \u010d. 500\/2004 Sb.<br \/>\n&#8211; Rada bere na v\u011bdom\u00ed, \u017ee provozovateli SAMSON MEDIA spol. s r.o., I\u010c: 27629775, se s\u00eddlem Podbabsk\u00e1 1112\/13, Bubene\u010d, 160 00 Praha 6, zanikla ke dni 31. prosince 2021 na z\u00e1klad\u011b pod\u00e1n\u00ed \u010d.j. RRTV\/15018\/2021-vra doru\u010den\u00e9ho Rad\u011b dne 9. prosince 2021 licence k provozov\u00e1n\u00ed digit\u00e1ln\u00edho rozhlasov\u00e9ho vys\u00edl\u00e1n\u00ed programu R\u00e1dio Samson Digital (licence sp.zn. 2014\/657\/bar\/SAM, \u010d.j. bar\/3403\/2014 ze dne 16. z\u00e1\u0159\u00ed 2014) \u0161\u00ed\u0159en\u00e9ho prost\u0159ednictv\u00edm vys\u00edla\u010d\u016f. O t\u00e9to skute\u010dnosti vyd\u00e1v\u00e1 Rada osv\u011bd\u010den\u00ed dle \u00a7 154 a n\u00e1sl. z\u00e1kona \u010d. 500\/2004 Sb.<br \/>\n&#8211; Rada bere na v\u011bdom\u00ed, \u017ee provozovateli Route Radio s.r.o., I\u010c: 278 52 474, se s\u00eddlem Stavebn\u00ed 992\/1, PS\u010c 708 00 Ostrava, zanikla ke dni 31. prosince 2021 na z\u00e1klad\u011b pod\u00e1n\u00ed \u010d.j. RRTV\/15290\/2021-vra doru\u010den\u00e9ho Rad\u011b dne 16. prosince 2021 licence k provozov\u00e1n\u00ed rozhlasov\u00e9ho vys\u00edl\u00e1n\u00ed programu R\u00e1dio D\u00e1lnice (licence sp. zn. RRTV\/2019\/129\/blu, \u010d.j. RRTV\/4984\/2019- blu ze dne 9.4.2019) \u0161\u00ed\u0159en\u00e9ho prost\u0159ednictv\u00edm dru\u017eic. O t\u00e9to skute\u010dnosti vyd\u00e1v\u00e1 Rada osv\u011bd\u010den\u00ed dle \u00a7 154 a n\u00e1sl. z\u00e1kona \u010d. 500\/2004 Sb.<br \/>\n&#8211; Rada se sezn\u00e1mila s anal\u00fdzami obchodn\u00edch sd\u011blen\u00ed odvys\u00edlan\u00fdch provozovateli MEDIA BOHEMIA a.s. (program Fajn radio; Chomutov 98,1 MHz) dne 5. ledna 2022, JUKE BOX, spol. s r.o. (program RADIO \u010cAS-FM; Olomouc 101,3 MHz) dne 5. ledna 2022, RADIO UNITED BROADCASTING s. r. o. (program Radio Beat; Hradec Kr\u00e1lov\u00e9 94,9 MHz) dne 5. ledna 2022, R\u00e1dio P\u00e1lava s.r.o. (program R\u00c1DIO JIH; Brno-Kohoutovice 105,1 MHz) dne 5. ledna 2022, 4S PRODUCTION, a.s. (program EXPRES FM; Praha 90,3 MHz) dne 5. ledna 2022 a MEDIA BOHEMIA a.s. (program R\u00e1dio BLAN\u00cdK; Pardubice 93,9 MHz) dne 5. ledna 2022.<br \/>\n&#8211; Rada se sezn\u00e1mila s informacemi \u010cesk\u00e9ho telekomunika\u010dn\u00edho \u00fa\u0159adu o vyd\u00e1n\u00ed kr\u00e1tkodob\u00fdch opr\u00e1vn\u011bn\u00ed k vyu\u017e\u00edv\u00e1n\u00ed r\u00e1diov\u00fdch kmito\u010dt\u016f rozhlasov\u00e9 slu\u017eby na provoz VKV vys\u00edla\u010d\u016f.<br \/>\n&#8211; Rada se sezn\u00e1mila s ozn\u00e1men\u00edm provozovatele JUKE BOX, spol. s r.o. I\u010c: 25396676, doru\u010den\u00fdm Rad\u011b dne 20. prosince 2021 pod \u010d.j. RRTV\/15633\/2021-vra, spo\u010d\u00edvaj\u00edc\u00edm v informaci o zm\u011bn\u00e1ch souvisej\u00edc\u00edch s osobou jednatele spole\u010dnosti. Rada se sezn\u00e1mila s ozn\u00e1men\u00edm provozovatele Radiospol s.r.o., I\u010c: 27666395, doru\u010den\u00fdm Rad\u011b dne 20. prosince 2021 pod \u010d.j. RRTV\/15628\/2021-vra, spo\u010d\u00edvaj\u00edc\u00edm v informaci o zm\u011bn\u00e1ch souvisej\u00edc\u00edch s osobou jednatele spole\u010dnosti. Rada se sezn\u00e1mila s ozn\u00e1men\u00edm provozovatele Route Radio s.r.o., I\u010c: 27852474, doru\u010den\u00fdm Rad\u011b dne 20. prosince 2021 pod \u010d.j. RRTV\/15629\/2021-vra, spo\u010d\u00edvaj\u00edc\u00edm v informaci o zm\u011bn\u00e1ch souvisej\u00edc\u00edch s osobou jednatele spole\u010dnosti. Rada se sezn\u00e1mila s ozn\u00e1men\u00edm provozovatele RADIO PROGLAS s.r.o., I\u010c: 49435001, doru\u010den\u00fdm Rad\u011b dne 4. ledna 2022 pod \u010d.j. RRTV\/95\/2022-vra, spo\u010d\u00edvaj\u00edc\u00edm ve v\u00fdluk\u00e1ch vys\u00edl\u00e1n\u00ed programu Radio Proglas za m\u011bs\u00edc prosinec 2021 dle uveden\u00e9ho p\u0159ehledu. Rada se sezn\u00e1mila s ozn\u00e1men\u00edm provozovatele MEDIA BOHEMIA a.s., I\u010c: 26765586, doru\u010den\u00fdm Rad\u011b dne 20. prosince 2021 pod \u010d.j. RRTV\/15606\/2021-vra, spo\u010d\u00edvaj\u00edc\u00edm v informaci o tom, \u017ee dne 2. prosince 2021 na kmito\u010dtu Ji\u010d\u00edn 87,6 MHz \/<br \/>\n100 W zah\u00e1jil vys\u00edl\u00e1n\u00ed programu Fajn radio \u0161\u00ed\u0159en\u00e9ho prost\u0159ednictv\u00edm vys\u00edla\u010d\u016f na z\u00e1klad\u011b rozhodnut\u00ed Rady sp.zn. RRTV\/2021\/151\/zab ze dne 20. \u010dervence 2021.<br \/>\n&#8211; Rada se sezn\u00e1mila s anal\u00fdzou vys\u00edl\u00e1n\u00ed \u010cesk\u00e9ho rozhlasu p\u0159ed volbami do Poslaneck\u00e9 sn\u011bmovny v roce 2021.<br \/>\n&#8211; Rada se sezn\u00e1mila se st\u00ed\u017enost\u00ed \u010d. j. RRTV\/15323\/2021-vra ohledn\u011b jmenov\u00e1n\u00ed Jitky Obzinov\u00e9 \u0161\u00e9fkou zpravodajstv\u00ed \u010cRo. Rada se sezn\u00e1mila se st\u00ed\u017enost\u00ed \u010d. j. RRTV\/15658\/2021-vra ohledn\u011b toho, \u017ee na programu Fajn Radio byla dne 20. 12. 2021 v 17:57 hod. \u00fadajn\u011b odvys\u00edl\u00e1na reklama nevhodn\u00e1 pro osoby mlad\u0161\u00ed 18 let. Rada se sezn\u00e1mila s dopisem \u010d. j. RRTV\/15763\/2021-vra ohledn\u011b programu \u010cRo Pohoda. Rada se sezn\u00e1mila se st\u00ed\u017enost\u00ed \u010d. j. RRTV\/15768\/2021-vac ohledn\u011b toho, \u017ee na programu \u010cRo Plus je \u201ed\u00e1n obrovsk\u00fd prostor\u201c p\u0159edsedovi strany Moravan\u00e9 a \u017ee \u010cRo nezpracov\u00e1v\u00e1 t\u00e9mata spojen\u00e1 s touto stranou objektivn\u011b. Rada se sezn\u00e1mila se st\u00ed\u017enost\u00ed \u010d. j. RRTV\/9\/2022-vra ohledn\u011b toho, \u017ee informov\u00e1n\u00ed o nemoci covid-19 v po\u0159adu Leonardo Plus na programu \u010cRo Plus je neobjektivn\u00ed. Rada se sezn\u00e1mila se st\u00ed\u017enost\u00ed \u010d. j. RRTV\/15613\/2021-vra ohledn\u011b vypnut\u00ed vys\u00edl\u00e1n\u00ed \u010cRo na st\u0159edn\u00edch vln\u00e1ch. Rada se sezn\u00e1mila se st\u00ed\u017enost\u00ed \u010d. j. RRTV\/128\/2022-vac ohledn\u011b toho, \u017ee na programu \u010cRo Radio\u017eurn\u00e1l \u00fadajn\u011b vys\u00edlaj\u00ed a\u017e p\u0159\u00edli\u0161 mnoho anglick\u00fdch skupin.<br \/>\nTELEVIZN\u00cd VYS\u00cdL\u00c1N\u00cd<br \/>\n&#8211; Rada ud\u011bluje spole\u010dnosti \u00dasteck\u00e1 m\u00e9dia s.r.o., I\u010c 070 83 858, se s\u00eddlem Na pomez\u00ed 1333\/38, Ko\u0161\u00ed\u0159e, 150 00 Praha 5, dle \u00a7 25 z\u00e1kona \u010d. 231\/2001 Sb., licenci k provozov\u00e1n\u00ed region\u00e1ln\u00edho zemsk\u00e9ho digit\u00e1ln\u00edho televizn\u00edho vys\u00edl\u00e1n\u00ed \u0161\u00ed\u0159en\u00e9ho prost\u0159ednictv\u00edm vys\u00edla\u010d\u016f na 12 let; ozna\u010den\u00ed (n\u00e1zev) programu: \u00dasteck\u00e1 TV; z\u00e1kladn\u00ed programov\u00e1 specifikace: Zpravodajsko-informa\u010dn\u00ed program; \u00fazemn\u00ed rozsah vys\u00edl\u00e1n\u00ed: v souladu se stanoviskem \u010cesk\u00e9ho telekomunika\u010dn\u00edho \u00fa\u0159adu \u010d.j. \u010cT\u00da-54 254\/2021-613 ze dne 15. prosince 2021, dle p\u0159ilo\u017een\u00e9ho diagramu vyu\u017eit\u00ed r\u00e1diov\u00fdch kmito\u010dt\u016f \u00fazem\u00ed \u00dasteck\u00e9ho kraje; hlavn\u00ed jazyk vys\u00edl\u00e1n\u00ed: \u010desk\u00fd jazyk; \u010dasov\u00fd rozsah vys\u00edl\u00e1n\u00ed: 24 hodin denn\u011b; v rozsahu \u017e\u00e1dosti doru\u010den\u00e9 dne 29. listopadu 2021 pod \u010d.j. RRTV\/14686\/2021-vra, ve zn\u011bn\u00ed dopln\u011bn\u00ed doru\u010den\u00e9ho dne 7. a 16. prosince 2021 pod \u010d.j. RRTV\/14947\/2021-vra a RRTV\/15311\/2021-vra.<br \/>\n&#8211; Rada ud\u011bluje provozovateli m\u00edstn\u00edho televizn\u00edho vys\u00edl\u00e1n\u00ed, \u0161\u00ed\u0159en\u00e9ho prost\u0159ednictv\u00edm kabelov\u00fdch syst\u00e9m\u016f KabelSat s.r.o., I\u010c: 26883104, se s\u00eddlem: K\u0159i\u017eanovice 217, 685 01, souhlas podle \u00a7 21 odst. 1 p\u00edsm. c) a d) z\u00e1kona \u010d. 231\/2001 Sb., se zm\u011bnou skute\u010dnost\u00ed uveden\u00fdch v \u017e\u00e1dosti o licenci, \u010d.j. Ru\/127\/03\/1216 ze dne 10. \u010dervna 2003 ve zn\u011bn\u00ed pozd\u011bj\u0161\u00edch zm\u011bn, spo\u010d\u00edvaj\u00edc\u00ed ve zm\u011bn\u011b: a) v roz\u0161\u00ed\u0159en\u00ed \u00fazemn\u00edho rozsahu o k.\u00fa. \u010d. 670588, Kostice, okres B\u0159eclav; b) v roz\u0161\u00ed\u0159en\u00ed vys\u00edl\u00e1n\u00ed v dan\u00e9m \u00fazemn\u00edm rozsahu o programy INFO &#8211; KOSTICE a MEDIA &#8211; KOSTICE, v rozsahu \u017e\u00e1dosti doru\u010den\u00e9 dne 20. prosince 2021 pod \u010d.j. RRTV\/15641\/2021-vra a jej\u00edho up\u0159esn\u011bn\u00ed \u010d.j. RRTV\/86\/2022-vac doru\u010den\u00e9ho dne 4. ledna 2022<br \/>\n&#8211; Rada ud\u011bluje spole\u010dnosti Nej Kan\u00e1l s.r.o., I\u010c: 027 38 252, se s\u00eddlem Kaplanova 2252\/8, Praha 4, 148 00, souhlas se zm\u011bnou skute\u010dnost\u00ed uveden\u00fdch v \u017e\u00e1dosti o licenci, sp. zn.: 2015\/537\/zem\/Bri, \u010d. j.: RRTV\/5444-5\/2015-P, ze dne 15. \u010dervna 2015, podle \u00a7 21 odst. 1 p\u00edsm. c) z\u00e1kona \u010d. 231\/2001 Sb., spo\u010d\u00edvaj\u00edc\u00ed ve zm\u011bn\u011b: zm\u011bna \u00fazemn\u00edho rozsahu vys\u00edl\u00e1n\u00ed u kabelov\u00fdch syst\u00e9m\u016f tak, aby z licence byly odebr\u00e1ny m\u00edstn\u00ed verze &#8222;Infokan\u00e1l NEJ &#8211; TV Ji\u0159et\u00edn&#8220; v k. \u00fa. Ji\u0159et\u00edn pod Bukovou (751308) a d\u00e1le m\u00edstn\u00ed verze infokan\u00e1lu s n\u00e1zvem &#8222;Ti\u0161novsk\u00e1 televize&#8220; vys\u00edlan\u00e9m v k. \u00fa. Ti\u0161nov (767379) dle \u017e\u00e1dosti ze dne 4. ledna 2022, \u010d. j.: RRTV\/90\/2022-vra.<br \/>\n&#8211; Rada ud\u011bluje spole\u010dnosti ViacomCBS Networks International Czech s.r.o., I\u010c: 289 70 438, se s\u00eddlem Perlov\u00e1 371\/5, Star\u00e9 M\u011bsto, 110 00 Praha 1, souhlas se zm\u011bnou skute\u010dnost\u00ed uveden\u00fdch v \u017e\u00e1dosti o licenci, sp. zn.: RRTV\/2020\/872\/fia, \u010d.j.<br \/>\nRRTV\/16112\/2020-fia, ze dne 25. listopadu 2020, podle \u00a7 21 odst. 1 p\u00edsm. d) z\u00e1kona \u010d. 231\/2001 Sb., spo\u010d\u00edvaj\u00edc\u00ed v z\u00fa\u017een\u00ed v\u00fd\u010dtu st\u00e1t\u016f, na jejich\u017e \u00fazem\u00ed m\u00e1 b\u00fdt vys\u00edl\u00e1n\u00ed programu TeenNick, \u0161\u00ed\u0159en\u00e9ho prost\u0159ednictv\u00edm dru\u017eice, zcela nebo p\u0159ev\u00e1\u017en\u011b sm\u011brov\u00e1no, o Francii, dle \u017e\u00e1dosti ze dne 28. prosince 2021, \u010d.j.: RRTV\/15779\/2021-vra.<br \/>\n&#8211; Rada ud\u011bluje provozovateli, spole\u010dnosti ViacomCBS Networks International Czech s.r.o., I\u010c: 289 70 438, se s\u00eddlem Perlov\u00e1 371\/5, Star\u00e9 M\u011bsto, 110 00 Praha 1, souhlas se zm\u011bnou skute\u010dnost\u00ed uveden\u00fdch v \u017e\u00e1dosti o licenci, sp. zn.: RRTV\/2020\/894\/fia, \u010d.j. RRTV\/45\/2021-fia, ze dne 30. listopadu 2020, podle \u00a7 21 odst. 1 p\u00edsm. a) a d) z\u00e1kona \u010d. 231\/2001 Sb., spo\u010d\u00edvaj\u00edc\u00ed spo\u010d\u00edvaj\u00edc\u00ed v roz\u0161\u00ed\u0159en\u00ed v\u00fd\u010dtu st\u00e1t\u016f, na jejich\u017e \u00fazem\u00ed m\u00e1 b\u00fdt vys\u00edl\u00e1n\u00ed tohoto programu, \u0161\u00ed\u0159en\u00e9ho prost\u0159ednictv\u00edm dru\u017eice, zcela nebo p\u0159ev\u00e1\u017en\u011b sm\u011brov\u00e1no, o Francii. Na \u00fazem\u00ed Francie bude uveden\u00fd program \u0161\u00ed\u0159en pod n\u00e1zvem \u201cNickelodeon Teen\u201c a vys\u00edl\u00e1n s odli\u0161n\u00fdm ozna\u010den\u00edm\/logem programu, dle \u017e\u00e1dosti ze dne 28. prosince 2021, \u010d.j.: RRTV\/15783\/2021-vra.<br \/>\n&#8211; Rada se sezn\u00e1mila s \u017e\u00e1dost\u00ed O2 TV s.r.o., I\u010c 039 98 380, se s\u00eddlem Za Brumlovkou 266\/2, Michle, 140 00 Praha 4, o souhlas s p\u0159eru\u0161en\u00edm vys\u00edl\u00e1n\u00ed televizn\u00edho programu Orange Sport 3 \u0161\u00ed\u0159en\u00e9ho prost\u0159ednictv\u00edm dru\u017eice na z\u00e1klad\u011b licence \u010d.j. RRTV\/14208\/2018-zem, spis. zn.: RRTV\/2018\/543\/zem, ze dne 17. \u010dervence 2018, v rozsahu pod\u00e1n\u00ed doru\u010den\u00e9ho dne 16. prosince 2021 pod \u010d.j. RRTV\/15319\/2021-vra.<br \/>\n&#8211; Rada podle ustanoven\u00ed \u00a7 32 odst. 1 p\u00edsm. r) z\u00e1kona \u010d. 231\/2001 Sb., ud\u011bluje provozovateli O2 TV s.r.o., I\u010c 039 98 380, se s\u00eddlem Za Brumlovkou 266\/2, Michle, 140 00 Praha 4, souhlas s p\u0159eru\u0161en\u00edm vys\u00edl\u00e1n\u00ed televizn\u00edho programu Orange Sport 3 \u0161\u00ed\u0159en\u00e9ho prost\u0159ednictv\u00edm dru\u017eice, na z\u00e1klad\u011b licence \u010d.j. RRTV\/14208\/2018-zem, spis. zn.: RRTV\/2018\/543\/zem, ze dne 17. \u010dervence 2018, na dobu 6 m\u011bs\u00edc\u016f, tj. do 24. \u010dervna 2022, v rozsahu dle \u017e\u00e1dosti doru\u010den\u00e9 dne 16. prosince 2021 pod \u010d.j. RRTV\/15319\/2021-vra.<br \/>\n&#8211; Rada se sezn\u00e1mila s \u017e\u00e1dost\u00ed O2 TV s.r.o., I\u010c 039 98 380, se s\u00eddlem Za Brumlovkou 266\/2, Michle, 140 00 Praha 4, o souhlas s p\u0159eru\u0161en\u00edm vys\u00edl\u00e1n\u00ed televizn\u00edho programu Orange Sport 4 \u0161\u00ed\u0159en\u00e9ho prost\u0159ednictv\u00edm dru\u017eice na z\u00e1klad\u011b licence \u010d.j. RRTV\/14209\/2018-zem, spis. zn.: RRTV\/2018\/544\/zem, ze dne 17. \u010dervence 2018, v rozsahu pod\u00e1n\u00ed doru\u010den\u00e9ho dne 16. prosince 2021 pod \u010d.j. RRTV\/15319\/2021-vra.<br \/>\n&#8211; Rada podle ustanoven\u00ed \u00a7 32 odst. 1 p\u00edsm. r) z\u00e1kona \u010d. 231\/2001 Sb., ud\u011bluje provozovateli O2 TV s.r.o., I\u010c 039 98 380, se s\u00eddlem Za Brumlovkou 266\/2, Michle, 140 00 Praha 4, souhlas s p\u0159eru\u0161en\u00edm vys\u00edl\u00e1n\u00ed televizn\u00edho programu Orange Sport 4 \u0161\u00ed\u0159en\u00e9ho prost\u0159ednictv\u00edm dru\u017eice, na z\u00e1klad\u011b licence \u010d.j. RRTV\/14209\/2018-zem, spis. zn.: RRTV\/2018\/544\/zem, ze dne 17. \u010dervence 2018, na dobu 6 m\u011bs\u00edc\u016f, tj. do 24. \u010dervna 2022, v rozsahu dle \u017e\u00e1dosti doru\u010den\u00e9 dne 16. prosince 2021 pod \u010d.j. RRTV\/15319\/2021-vra.<br \/>\n&#8211; Rada se sezn\u00e1mila s \u017e\u00e1dost\u00ed provozovatele Nej Kan\u00e1l s.r.o., I\u010c: 02738252, se s\u00eddlem Kaplanova 2252\/8, Praha 4 &#8211; Chodov, 148 00, o souhlas s p\u0159eru\u0161en\u00edm vys\u00edl\u00e1n\u00ed televizn\u00edho programu Infokan\u00e1l NEJ &#8211; TV Doln\u00ed Bene\u0161ov \u0161\u00ed\u0159en\u00e9ho prost\u0159ednictv\u00edm kabelov\u00fdch syst\u00e9m\u016f, na z\u00e1klad\u011b licence \u010d. j.: RRTV\/2363\/2015-zem, sp. zn.: 2015\/537\/zem\/Bri, ze dne 21. \u010dervence 2015, v rozsahu dle \u017e\u00e1dosti ze dne 21. prosince 2021 pod \u010d. j.: RRTV\/15688\/2021-vra.<br \/>\n&#8211; Rada podle ustanoven\u00ed \u00a7 32 odst. 1 p\u00edsm. r) z\u00e1kona \u010d. 231\/2001 Sb., ud\u011bluje provozovateli Nej Kan\u00e1l s.r.o., I\u010c: 02738252, se s\u00eddlem Kaplanova 2252\/8, Praha 4 &#8211; Chodov, 148 00, souhlas s p\u0159eru\u0161en\u00edm vys\u00edl\u00e1n\u00ed televizn\u00edho programu Infokan\u00e1l NEJ &#8211; TV Doln\u00ed Bene\u0161ov \u0161\u00ed\u0159en\u00e9ho prost\u0159ednictv\u00edm kabelov\u00fdch syst\u00e9m\u016f, na z\u00e1klad\u011b licence \u010d.j.: RRTV\/2363\/2015-zem, sp. zn.: 2015\/537\/zem\/Bri, ze dne 21. \u010dervence 2015, a to do 23. prosince 2022, v rozsahu dle \u017e\u00e1dosti ze dne 21. prosince 2021 pod \u010d. j.: RRTV\/15688\/2021-vra.<br \/>\n&#8211; Rada se sezn\u00e1mila s ozn\u00e1men\u00edm provozovatele televizn\u00edho vys\u00edl\u00e1n\u00ed \u0161\u00ed\u0159en\u00e9ho prost\u0159ednictv\u00edm vys\u00edla\u010d\u016f a provozovatele p\u0159evzat\u00e9ho vys\u00edl\u00e1n\u00ed \u0161\u00ed\u0159en\u00e9ho prost\u0159ednictv\u00edm vys\u00edla\u010d\u016f, LOCAL TV PLUS, spol. s r.o., I\u010c: 483 94 866, se s\u00eddlem Stavebn\u00ed 992\/1, Poruba, 708 00 Ostrava, dle ustanoven\u00ed \u00a7 21 odst. 2 a \u00a7 29 odst. 3 z\u00e1kona \u010d. 231\/2001 Sb., se zm\u011bnou ostatn\u00edch skute\u010dnost\u00ed uveden\u00fdch v \u017e\u00e1dosti o licenci, \u010d. j.: FIA\/2606\/2013, ze dne 11. \u010dervna 2013 a v p\u0159ihl\u00e1\u0161ce k registraci, \u010d. j.: koz\/5166\/09, ze dne 28. \u010dervence 2009, spo\u010d\u00edvaj\u00edc\u00ed ve zm\u011bn\u011b v osob\u00e1ch \u010dlen\u016f statut\u00e1rn\u00edho org\u00e1nu &#8211; jednatel\u016f spole\u010dnosti a zm\u011bn\u011b adresy bydli\u0161t\u011b jednatelky, v rozsahu ozn\u00e1men\u00ed ze dne 20. prosince 2021, \u010d. j.: RRTV\/15631\/2021-vra.<br \/>\n&#8211; Rada v r\u00e1mci sv\u00e9 kompetence dan\u00e9 ustanoven\u00edm \u00a7 5 p\u00edsm. a) a f), \u00a7 59 odst. 1 &#8211; 3 z\u00e1kona \u010d. 231\/2001 Sb., upozor\u0148uje provozovatele televizn\u00edho vys\u00edl\u00e1n\u00ed \u0161\u00ed\u0159en\u00e9ho prost\u0159ednictv\u00edm vys\u00edla\u010d\u016f (licence, \u010d. j.: FIA\/2606\/2013, ze dne 11. \u010dervna 2013, ve zn\u011bn\u00ed pozd\u011bj\u0161\u00edch zm\u011bn) a provozovatele p\u0159evzat\u00e9ho vys\u00edl\u00e1n\u00ed \u0161\u00ed\u0159en\u00e9ho prost\u0159ednictv\u00edm vys\u00edla\u010d\u016f (registrace \u010d. j.: koz\/5166\/09, ze dne 28. \u010dervence 2009) LOCAL TV PLUS, spol. s r.o., I\u010c: 483 94 866, se s\u00eddlem Stavebn\u00ed 992\/1, Poruba, 708 00 Ostrava, na poru\u0161en\u00ed ustanoven\u00ed \u00a7 21 odst. 1, p\u00edsm. e), \u00a7 21 odst. 2 a \u00a7 29 odst. 1, p\u00edsm. a), \u00a7 29 odst. 3 z\u00e1kona \u010d. 231\/2001 Sb., kter\u00e9ho se dopustil t\u00edm, \u017ee p\u0159edem nepo\u017e\u00e1dal Radu o p\u00edsemn\u00fd souhlas se zm\u011bnou v\u00fd\u0161e z\u00e1kladn\u00edho kapit\u00e1lu, nepo\u017e\u00e1dal o souhlas se zm\u011bnou vkladu jednotliv\u00fdch spole\u010dn\u00edk\u016f a v\u00fd\u0161e jejich obchodn\u00edch pod\u00edl\u016f, a s t\u00edm s souvisej\u00edc\u00ed zm\u011bnou spole\u010densk\u00e9 nebo zakladatelsk\u00e9 smlouvy a neozn\u00e1mil Rad\u011b zm\u011bnu ostatn\u00edch skute\u010dnost\u00ed ve lh\u016ft\u011b do 30 dn\u016f ode dne zaps\u00e1n\u00ed zm\u011bny v obchodn\u00edm rejst\u0159\u00edku a nep\u0159edlo\u017eil doklady o schv\u00e1len\u00fdch zm\u011bn\u00e1ch do 30 dn\u016f ode dne, kdy k t\u011bmto zm\u011bn\u00e1m do\u0161lo (licence) a v p\u0159ihl\u00e1\u0161ce k registraci p\u0159edem neozn\u00e1mil Rad\u011b zm\u011bnu vklad\u016f jednotliv\u00fdch spole\u010dn\u00edk\u016f, zm\u011bnu v\u00fd\u0161e jejich obchodn\u00edch pod\u00edl\u016f a neozn\u00e1mil zm\u011bnu ostatn\u00edch skute\u010dnost\u00ed Rad\u011b ve lh\u016ft\u011b do 15 dn\u016f ode dne, kdy k t\u00e9to zm\u011bn\u011b do\u0161lo. Rada stanovuje provozovateli lh\u016ftu k n\u00e1prav\u011b 30 dn\u016f ode dne doru\u010den\u00ed tohoto upozorn\u011bn\u00ed.<br \/>\n&#8211; Rada se sezn\u00e1mila s ozn\u00e1men\u00edm provozovatele televizn\u00edho vys\u00edl\u00e1n\u00ed \u0161\u00ed\u0159en\u00e9ho prost\u0159ednictv\u00edm kabelov\u00fdch syst\u00e9m\u016f, Fajn Rock Media, s.r.o., I\u010c: 241 76 214, se s\u00eddlem Stavebn\u00ed 992\/1, Poruba, 708 00 Ostrava, dle ustanoven\u00ed \u00a7 21 odst. 2 z\u00e1kona \u010d. 231\/2001 Sb., se zm\u011bnou ostatn\u00edch skute\u010dnost\u00ed uveden\u00fdch v \u017e\u00e1dosti o licenci, \u010d. j.: sve\/307\/2012, ze dne 17. ledna 2012, ve zn\u011bn\u00ed pozd\u011bj\u0161\u00edch zm\u011bn, spo\u010d\u00edvaj\u00edc\u00ed ve zm\u011bn\u011b v osob\u00e1ch \u010dlen\u016f statut\u00e1rn\u00edho org\u00e1nu &#8211; jednatel\u016f spole\u010dnosti a zm\u011bn\u011b adresy bydli\u0161t\u011b jednatelky, v rozsahu ozn\u00e1men\u00ed ze dne 20. prosince 2021, \u010d.j.: RRTV\/15634\/2021-vra.<br \/>\n&#8211; Rada v r\u00e1mci sv\u00e9 kompetence dan\u00e9 ustanoven\u00edm \u00a7 5 p\u00edsm. a) a f), \u00a7 59 odst. 1 &#8211; 3 z\u00e1kona \u010d. 231\/2001 Sb., upozor\u0148uje provozovatele televizn\u00edho vys\u00edl\u00e1n\u00ed \u0161\u00ed\u0159en\u00e9ho prost\u0159ednictv\u00edm kabelov\u00fdch syst\u00e9m\u016f (licence, \u010d. j.: sve\/307\/2012, ze dne 17. ledna 2012, ve zn\u011bn\u00ed pozd\u011bj\u0161\u00edch zm\u011bn) Fajn Rock Media, s.r.o., I\u010c: 241 76 214, se s\u00eddlem Stavebn\u00ed 992\/1, Poruba, 708 00 Ostrava, na poru\u0161en\u00ed ustanoven\u00ed \u00a7 21 odst. 2 z\u00e1kona \u010d. 231\/2001 Sb., kter\u00e9ho se dopustil t\u00edm, \u017ee neozn\u00e1mil Rad\u011b zm\u011bnu ostatn\u00edch skute\u010dnost\u00ed ve lh\u016ft\u011b do 30 dn\u016f ode dne zaps\u00e1n\u00ed zm\u011bny v obchodn\u00edm rejst\u0159\u00edku a nep\u0159edlo\u017eil doklady o schv\u00e1len\u00fdch zm\u011bn\u00e1ch do 30 dn\u016f ode dne, kdy k t\u011bmto zm\u011bn\u00e1m do\u0161lo. Rada stanovuje provozovateli lh\u016ftu k n\u00e1prav\u011b 30 dn\u016f ode dne doru\u010den\u00ed tohoto upozorn\u011bn\u00ed.<br \/>\n&#8211; Rada se sezn\u00e1mila s ozn\u00e1men\u00edm provozovatele p\u0159evzat\u00e9ho vys\u00edl\u00e1n\u00ed \u0161\u00ed\u0159en\u00e9ho prost\u0159ednictv\u00edm vys\u00edla\u010d\u016f, Progress Digital s.r.o., I\u010c: 294 50 420, se s\u00eddlem Stavebn\u00ed 992\/1, Poruba, 708 00 Ostrava, dle ustanoven\u00ed \u00a7 29 odst. 3 z\u00e1kona \u010d. 231\/2001 Sb., se zm\u011bnou ostatn\u00edch skute\u010dnost\u00ed uveden\u00fdch v p\u0159ihl\u00e1\u0161ce k registraci, \u010d. j.: FIA\/2607\/2013, ze dne 11. \u010dervna 2013, spo\u010d\u00edvaj\u00edc\u00ed ve zm\u011bn\u011b v osob\u00e1ch \u010dlen\u016f statut\u00e1rn\u00edho org\u00e1nu &#8211; jednatel\u016f spole\u010dnosti a zm\u011bn\u011b adresy bydli\u0161t\u011b jednatelky, v rozsahu ozn\u00e1men\u00ed ze dne 20. prosince 2021, \u010d.j.: RRTV\/15630\/2021-vra.<br \/>\n&#8211; Rada v r\u00e1mci sv\u00e9 kompetence dan\u00e9 ustanoven\u00edm \u00a7 5 p\u00edsm. a) a f), \u00a7 59 odst. 1 &#8211; 3 z\u00e1kona \u010d. 231\/2001 Sb., upozor\u0148uje provozovatele p\u0159evzat\u00e9ho vys\u00edl\u00e1n\u00ed \u0161\u00ed\u0159en\u00e9ho prost\u0159ednictv\u00edm vys\u00edla\u010d\u016f, \u010d. j.: FIA\/2607\/2013, ze dne 11. \u010dervna 2013, Progress Digital s.r.o., I\u010c: 294 50 420, se s\u00eddlem Stavebn\u00ed 992\/1, Poruba, 708 00 Ostrava, na poru\u0161en\u00ed ustanoven\u00ed \u00a7 29 odst. 3 z\u00e1kona \u010d. 231\/2001 Sb., kter\u00e9ho se dopustil t\u00edm, \u017ee neozn\u00e1mil zm\u011bnu ostatn\u00edch skute\u010dnost\u00ed Rad\u011b ve lh\u016ft\u011b do 15 dn\u016f ode dne, kdy k t\u00e9to zm\u011bn\u011b do\u0161lo. Rada stanovuje provozovateli lh\u016ftu k n\u00e1prav\u011b 30 dn\u016f ode dne doru\u010den\u00ed tohoto upozorn\u011bn\u00ed.<br \/>\n&#8211; Rada se sezn\u00e1mila s ozn\u00e1men\u00edm provozovatele televizn\u00edho vys\u00edl\u00e1n\u00ed \u0161\u00ed\u0159en\u00e9ho prost\u0159ednictv\u00edm vys\u00edla\u010d\u016f, TP Pohoda s.r.o., I\u010c: 268 52 683, se s\u00eddlem Stavebn\u00ed 992\/1, Poruba, 708 00 Ostrava, dle ustanoven\u00ed \u00a7 21 odst. 2 z\u00e1kona \u010d. 231\/2001 Sb., se zm\u011bnou ostatn\u00edch skute\u010dnost\u00ed uveden\u00fdch v \u017e\u00e1dosti o licenci, \u010d. j.: zem\/3986\/2011, ze dne 13. prosince 2011 a licenci \u010d. j.: RRTV\/5238\/2018-zem, ze dne 23. ledna 2018, ve zn\u011bn\u00ed pozd\u011bj\u0161\u00edch zm\u011bn, spo\u010d\u00edvaj\u00edc\u00ed ve zm\u011bn\u011b v osob\u00e1ch \u010dlen\u016f statut\u00e1rn\u00edho org\u00e1nu &#8211; jednatel\u016f spole\u010dnosti, v rozsahu ozn\u00e1men\u00ed ze dne 20. prosince 2021, \u010d.j.: RRTV\/15627\/2021-vra.<br \/>\n&#8211; Rada v r\u00e1mci sv\u00e9 kompetence dan\u00e9 ustanoven\u00edm \u00a7 5 p\u00edsm. a) a f), \u00a7 59 odst. 1 &#8211; 3 z\u00e1kona \u010d. 231\/2001 Sb., upozor\u0148uje provozovatele televizn\u00edho vys\u00edl\u00e1n\u00ed \u0161\u00ed\u0159en\u00e9ho prost\u0159ednictv\u00edm vys\u00edla\u010d\u016f (licence, \u010d. j.: zem\/3986\/2011, ze dne 13. prosince 2011 a licence \u010d. j.: RRTV\/5238\/2018-zem, ze dne 23. ledna 2018, ve zn\u011bn\u00ed pozd\u011bj\u0161\u00edch zm\u011bn) TP Pohoda s.r.o., I\u010c: 268 52 683, se s\u00eddlem Stavebn\u00ed 992\/1, Poruba, 708 00 Ostrava, na poru\u0161en\u00ed ustanoven\u00ed \u00a7 21 odst. 2 z\u00e1kona \u010d. 231\/2001 Sb., kter\u00e9ho se dopustil t\u00edm, \u017ee neozn\u00e1mil Rad\u011b zm\u011bnu ostatn\u00edch skute\u010dnost\u00ed ve lh\u016ft\u011b do 30 dn\u016f ode dne zaps\u00e1n\u00ed zm\u011bny v obchodn\u00edm rejst\u0159\u00edku a nep\u0159edlo\u017eil doklady o schv\u00e1len\u00fdch zm\u011bn\u00e1ch do 30 dn\u016f ode dne, kdy k t\u011bmto zm\u011bn\u00e1m do\u0161lo. Rada stanovuje provozovateli lh\u016ftu k n\u00e1prav\u011b 30 dn\u016f ode dne doru\u010den\u00ed tohoto upozorn\u011bn\u00ed.<br \/>\n&#8211; Rada se sezn\u00e1mila s ozn\u00e1men\u00edm provozovatele televizn\u00edho vys\u00edl\u00e1n\u00ed \u0161\u00ed\u0159en\u00e9ho prost\u0159ednictv\u00edm vys\u00edla\u010d\u016f a provozovatele p\u0159evzat\u00e9ho vys\u00edl\u00e1n\u00ed \u0161\u00ed\u0159en\u00e9ho prost\u0159ednictv\u00edm vys\u00edla\u010d\u016f, Digital Broadcasting s.r.o., I\u010c: 268 39 407, se s\u00eddlem Stavebn\u00ed 992\/1, Poruba, 708 00 Ostrava, dle ustanoven\u00ed \u00a7 21 odst. 2 a \u00a7 29 odst. 3 z\u00e1kona \u010d. 231\/2001 Sb., se zm\u011bnou ostatn\u00edch skute\u010dnost\u00ed uveden\u00fdch v \u017e\u00e1dosti o licenci, \u010d. j.: zem\/109\/2013, ze dne 4. ledna 2013, ve zn\u011bn\u00ed pozd\u011bj\u0161\u00edch zm\u011bn, licenci \u010d. j.: RRTV\/12202\/2019-smu, ze dne 15. \u0159\u00edjna 2019 a v p\u0159ihl\u00e1\u0161ce k registraci, \u010d. j.: zem\/2623\/2012, ze dne 31. \u010dervence 2012, spo\u010d\u00edvaj\u00edc\u00ed ve zm\u011bn\u011b v osob\u00e1ch \u010dlen\u016f statut\u00e1rn\u00edho org\u00e1nu &#8211; jednatel\u016f spole\u010dnosti a zm\u011bn\u011b adresy bydli\u0161t\u011b jednatelky, v rozsahu ozn\u00e1men\u00ed ze dne 20. prosince 2021, \u010d.j.: RRTV\/15635\/2021-vra.<br \/>\n&#8211; Rada v r\u00e1mci sv\u00e9 kompetence dan\u00e9 ustanoven\u00edm \u00a7 5 p\u00edsm. a) a f), \u00a7 59 odst. 1 &#8211; 3 z\u00e1kona \u010d. 231\/2001 Sb., upozor\u0148uje provozovatele televizn\u00edho vys\u00edl\u00e1n\u00ed \u0161\u00ed\u0159en\u00e9ho prost\u0159ednictv\u00edm vys\u00edla\u010d\u016f (licence, \u010d. j.: zem\/109\/2013, ze dne 4. ledna 2013, ve zn\u011bn\u00ed pozd\u011bj\u0161\u00edch zm\u011bn; licence \u010d. j.: RRTV\/12202\/2019-smu, ze dne 15. \u0159\u00edjna 2019) a provozovatele p\u0159evzat\u00e9ho vys\u00edl\u00e1n\u00ed \u0161\u00ed\u0159en\u00e9ho prost\u0159ednictv\u00edm vys\u00edla\u010d\u016f (registrace \u010d. j.: zem\/2623\/2012, ze dne 31. \u010dervence 2012) Digital Broadcasting s.r.o., I\u010c: 268 39 407, se s\u00eddlem Stavebn\u00ed 992\/1, Poruba, 708 00 Ostrava, na poru\u0161en\u00ed ustanoven\u00ed \u00a7 21 odst. 2 a \u00a7 29 odst. 3 z\u00e1kona \u010d. 231\/2001 Sb., kter\u00e9ho se dopustil t\u00edm, \u017ee neozn\u00e1mil Rad\u011b zm\u011bnu ostatn\u00edch skute\u010dnost\u00ed ve lh\u016ft\u011b do 30 dn\u016f ode dne zaps\u00e1n\u00ed zm\u011bny v obchodn\u00edm rejst\u0159\u00edku a nep\u0159edlo\u017eil doklady o schv\u00e1len\u00fdch zm\u011bn\u00e1ch do 30 dn\u016f ode dne, kdy k t\u011bmto zm\u011bn\u00e1m do\u0161lo (licence) a v p\u0159ihl\u00e1\u0161ce k registraci neozn\u00e1mil zm\u011bnu ostatn\u00edch skute\u010dnost\u00ed Rad\u011b ve lh\u016ft\u011b do 15 dn\u016f ode dne, kdy k t\u00e9to zm\u011bn\u011b do\u0161lo. Rada stanovuje provozovateli lh\u016ftu k n\u00e1prav\u011b 30 dn\u016f ode dne doru\u010den\u00ed tohoto upozorn\u011bn\u00ed.<br \/>\n&#8211; Rada v r\u00e1mci sv\u00e9 kompetence dan\u00e9 ustanoven\u00edm \u00a7 5 p\u00edsm. a) a f), \u00a7 59 odst. 1 &#8211; 3 z\u00e1kona \u010d. 231\/2001 Sb., upozor\u0148uje provozovatele, SMART Comp. a.s., I\u010c 255 17 767,<br \/>\nse s\u00eddlem Kub\u00ed\u010dkova 1115\/8, Bystrc, 635 00 Brno, na poru\u0161en\u00ed ustanoven\u00ed \u00a7 29 odst. 3 z\u00e1kona \u010d. 231\/2001 Sb., kter\u00e9ho se dopustil t\u00edm, \u017ee neozn\u00e1mil Rad\u011b zm\u011bnu ostatn\u00edch skute\u010dnost\u00ed uveden\u00fdch v p\u0159ihl\u00e1\u0161ce k registraci, a to zm\u011bnu prokury. Rada stanovuje provozovateli lh\u016ftu k n\u00e1prav\u011b 30 dn\u016f ode dne doru\u010den\u00ed tohoto upozorn\u011bn\u00ed.<br \/>\n&#8211; Rada podle \u00a7 29 odst. 1 p\u00edsm. d) z\u00e1kona \u010d. 231\/2001 Sb. registruje provozovateli p\u0159evzat\u00e9ho vys\u00edl\u00e1n\u00ed KabelSat s.r.o., I\u010c: 26883104, se s\u00eddlem: K\u0159i\u017eanovice 217, 685 01, zm\u011bnu skute\u010dnost\u00ed uv\u00e1d\u011bn\u00fdch v p\u0159ihl\u00e1\u0161ce k registraci p\u0159evzat\u00e9ho rozhlasov\u00e9ho a televizn\u00edho vys\u00edl\u00e1n\u00ed \u0161\u00ed\u0159en\u00e9ho prost\u0159ednictv\u00edm kabelov\u00fdch syst\u00e9m\u016f \u010d.j. Rgp\/16\/03 ze dne 4. kv\u011btna 2003, spo\u010d\u00edvaj\u00edc\u00ed: a) v roz\u0161\u00ed\u0159en\u00ed \u00fazemn\u00edho rozsahu o k.\u00fa. \u010d. 670588 Kostice, okres B\u0159eclav; b) v z\u00fa\u017een\u00ed \u00fazemn\u00edho rozsahu o k.\u00fa. 704741 Her\u0161pice, okres Vy\u0161kov, a to v rozsahu pod\u00e1n\u00ed doru\u010den\u00e9ho dne 20. prosince 2021 pod \u010d.j. RRTV\/15642\/2021-vra.<br \/>\n&#8211; Rada se dle ustanoven\u00ed \u00a7 29 odst. 3 z\u00e1kona \u010d. 231\/2001 Sb. sezn\u00e1mila s ozn\u00e1men\u00edm provozovatele p\u0159evzat\u00e9ho vys\u00edl\u00e1n\u00ed \u0161\u00ed\u0159en\u00e9ho prost\u0159ednictv\u00edm kabelov\u00fdch syst\u00e9m\u016f, Vodafone Czech Republic a.s., I\u010c: 25788001, se s\u00eddlem: n\u00e1m\u011bst\u00ed Junkov\u00fdch 2802\/2, Stod\u016flky, 155 00 Praha 5, o zm\u011bn\u011b ostatn\u00edch skute\u010dnost\u00ed uveden\u00fdch v p\u0159ihl\u00e1\u0161ce k registraci sp. zn.: RRTV\/2019\/395\/smu, \u010d. j.: RRTV\/8190\/2019-smu ze dne 24. \u010dervna 2019, spo\u010d\u00edvaj\u00edc\u00edm v a) roz\u0161\u00ed\u0159en\u00ed programov\u00e9 nab\u00eddky o nov\u00fd zahrani\u010dn\u00ed televizn\u00ed program iConcerts (HD), b) roz\u0161\u00ed\u0159en\u00ed programov\u00e9 nab\u00eddky o nov\u00fd \u010desk\u00fd televizn\u00ed program Boomerang Benelux CEE GAS (HD) a c) ukon\u010den\u00ed vys\u00edl\u00e1n\u00ed zahrani\u010dn\u00edho televizn\u00edho programu Adventure (HD); d\u00e1le v rozsahu dal\u0161\u00edch informac\u00ed, uveden\u00fdch v pod\u00e1n\u00ed \u010d. j.: RRTV\/15172\/2021-vra doru\u010den\u00e9m dne 14. prosince 2021.<br \/>\n&#8211; Rada se dle ustanoven\u00ed \u00a7 29 odst. 3 z\u00e1kona \u010d. 231\/2001 Sb. sezn\u00e1mila s ozn\u00e1men\u00edm provozovatele p\u0159evzat\u00e9ho vys\u00edl\u00e1n\u00ed \u0161\u00ed\u0159en\u00e9ho prost\u0159ednictv\u00edm zvl\u00e1\u0161tn\u00edch p\u0159enosov\u00fdch syst\u00e9m\u016f, Vodafone Czech Republic a.s., I\u010c: 25788001, se s\u00eddlem: n\u00e1m\u011bst\u00ed Junkov\u00fdch 2802\/2, Stod\u016flky, 155 00 Praha 5, o zm\u011bn\u011b ostatn\u00edch skute\u010dnost\u00ed uveden\u00fdch v p\u0159ihl\u00e1\u0161ce k registraci sp. zn.: RRTV\/2019\/419\/smu, \u010d. j.: RRTV\/8188\/2019-smu , ze dne 25. \u010dervna 2019, spo\u010d\u00edvaj\u00edc\u00edm v a) roz\u0161\u00ed\u0159en\u00ed programov\u00e9 nab\u00eddky o nov\u00fd zahrani\u010dn\u00ed televizn\u00ed program iConcerts (HD), b) roz\u0161\u00ed\u0159en\u00ed programov\u00e9 nab\u00eddky o nov\u00fd \u010desk\u00fd televizn\u00ed program Boomerang Benelux CEE GAS (HD) a c) ukon\u010den\u00ed vys\u00edl\u00e1n\u00ed zahrani\u010dn\u00edho televizn\u00edho programu Adventure (HD); d\u00e1le v rozsahu dal\u0161\u00edch informac\u00ed, uveden\u00fdch v pod\u00e1n\u00ed \u010d. j.: RRTV\/15172\/2021-vra doru\u010den\u00e9m dne 14. prosince 2021.<br \/>\n&#8211; Rada se dle ustanoven\u00ed \u00a7 29 odst. 3 z\u00e1kona \u010d. 231\/2001 Sb. sezn\u00e1mila s ozn\u00e1men\u00edm provozovatele p\u0159evzat\u00e9ho vys\u00edl\u00e1n\u00ed \u0161\u00ed\u0159en\u00e9ho prost\u0159ednictv\u00edm DVB-T, Digital Broadcasting s.r.o., I\u010c: 26839407, se s\u00eddlem: Ostrava, Stavebn\u00ed 992\/1, PS\u010c 708 00, o zm\u011bn\u011b ostatn\u00edch skute\u010dnost\u00ed uveden\u00fdch v p\u0159ihl\u00e1\u0161ce k registraci sp. zn.: 2012\/503\/zem\/Dig, \u010d. j.: zem\/2623\/2012, ze dne v 31. \u010dervence 2012, spo\u010d\u00edvaj\u00edc\u00ed v a) roz\u0161\u00ed\u0159en\u00ed programov\u00e9 nab\u00eddky o televizn\u00ed program \u0160LAGER ORIGIN\u00c1L, b) ukon\u010den\u00ed vys\u00edl\u00e1n\u00ed program\u016f \u0160L\u00c1GER MUZIKA a KLENOT TV; d\u00e1le v rozsahu dal\u0161\u00edch informac\u00ed, uveden\u00fdch v pod\u00e1n\u00ed \u010d. j.: RRTV\/15264\/2021-vra doru\u010den\u00e9m dne 15. prosince 2021.<br \/>\n&#8211; Rada se sezn\u00e1mila s ozn\u00e1men\u00edm provozovatele televizn\u00edho vys\u00edl\u00e1n\u00ed ViacomCBS Networks International Czech s.r.o., I\u010c 289 70 438, doru\u010den\u00fdm dne 28. prosince 2021 pod \u010d.j. RRTV\/15792\/2021-vra, spo\u010d\u00edvaj\u00edc\u00edm v zah\u00e1jen\u00ed vys\u00edl\u00e1n\u00ed programu MTV Netherlands ke dni 17. ledna 2022 dle licence \u010d.j. RRTV\/15726\/2021-zil, sp. zn. RRTV\/2021\/893\/zil, ze dne 21. prosince 2021.<br \/>\n&#8211; Rada se sezn\u00e1mila s n\u00e1sleduj\u00edc\u00edmi pod\u00e1n\u00edmi k obsahu televizn\u00edch program\u016f doru\u010den\u00fdmi od 10. prosince 2021 do 10. ledna 2022: \u010cesk\u00e1 televize \/ \u010cT1 &#8211; M\u00e1te slovo s M. J\u00edlkovou, 9. 12. 2021 od 21:45 hod; \u010cesk\u00e1 televize \/ \u010cT1 &#8211; Z\u00e1chran\u00e1\u0159i (6), 10. 12. 2021 od 10:34 hod; \u010cesk\u00e1 televize \/ \u010cT24 &#8211; Newsroom \u010cT24 &#8211; Iniciativa zp\u011bv\u00e1ka Daniela Landy, 21. 11. 2021 od 22:22 hod; TV Nova s.r.o. \/ NOVA &#8211; Televizn\u00ed noviny &#8211; Vlekl\u00e1 epidemie<br \/>\nzvy\u0161uje agresivitu lid\u00ed, 3. 12. 2020 od 19:33 hod; \u010cesk\u00e1 televize \/ \u010cT24 &#8211; Newsroom \u010cT24 &#8211; Covidov\u00e9 dezinformace, 5. 12. 2021 od 22:06 hod, \u010cT1 &#8211; M\u00e1te slovo s M. J\u00edlkovou, 9. 12. 2021 od 21:45 hod, zpravodajstv\u00ed na programech \u010cT; \u010cesk\u00e1 televize \/ \u010cT \ud83d\ude00 &#8211; vulgarismy ve vys\u00edl\u00e1n\u00ed; TV Nova s.r.o. \/ NOVA &#8211; reklama na \u010derven\u00e9m tla\u010d\u00edtku (2 pod\u00e1n\u00ed); \u010cesk\u00e1 televize \/ \u010cT1, \u010cT24 &#8211; Ud\u00e1losti &#8211; Nov\u00e1 celn\u00ed pravidla pro mal\u00e9 z\u00e1silky, 11. 12. 2021 od 19:25 hod; FTV Prima, spol. s r.o. \/ Prima &#8211; \u010cesko Slovensko m\u00e1 talent, 12. 12. 2021 od 20:17 hod (5 pod\u00e1n\u00ed); Televizn\u00ed reklama na o\u010dkov\u00e1n\u00ed proti covidu-19 (3 pod\u00e1n\u00ed); Czech Video Center a.s. \/ MALL.TV (www.mall.tv) &#8211; Mik\u00fd\u0159ova \u00fa\u017easn\u00e1 pou\u0165 internetem; Barrandov Televizn\u00ed Studio a.s. \/ Televize Barrandov &#8211; Moje zpr\u00e1vy, 15. 12. 2011 od 19:25 hod, T\u00fdden podle Jarom\u00edra Soukupa, 15. 12. 2011 od 20:08 hod; \u010cesk\u00e1 televize \/ \u010cT2 &#8211; Nedej se plus &#8211; Kam kr\u00e1\u010d\u00ed \u010cI\u017dP (d\u00edl 2.), 14. 11. 2021 od 10:05 hod; FTV Prima, spol. s r.o. \/ Prima &#8211; Svat\u00e1 \u010dtve\u0159ice, 17. 12. 2021 od 20:21 hod (2 pod\u00e1n\u00ed); \u010cesk\u00e1 televize \/ \u010cT1, \u010cT24 &#8211; Ud\u00e1losti &#8211; Demonstrace p\u0159ed \u010cT, 20. 12. 2021 od 19:45 hod; Dopis pro moder\u00e1tora V\u00e1clava Moravce; Dopis od Svazu ob\u010dansk\u00e9 sebeobrany \u010cR.<br \/>\n&#8211; Rada v r\u00e1mci sv\u00e9 p\u016fsobnosti dan\u00e9 ustanoven\u00edm \u00a7 5 p\u00edsm. a) a f) a \u00a7 59 odst. 1-3 z\u00e1kona \u010d. 231\/2001 Sb., o provozov\u00e1n\u00ed rozhlasov\u00e9ho a televizn\u00edho vys\u00edl\u00e1n\u00ed a o zm\u011bn\u011b dal\u0161\u00edch z\u00e1kon\u016f (d\u00e1le jen z\u00e1kon \u010d. 231\/2001 Sb.), v platn\u00e9m zn\u011bn\u00ed, upozor\u0148uje provozovatele O2 TV s.r.o., I\u010c 03998380, s\u00eddlem Za Brumlovkou 266\/2, Praha 4, PS\u010c 140 00, na poru\u0161en\u00ed ustanoven\u00ed \u00a7 49 odst. 3 z\u00e1kona \u010d. 231\/2001 Sb., kter\u00e9ho se dopustil t\u00edm, \u017ee dne 21. listopadu 2021 v \u010dase 18:58:00 a\u017e 18:59:07 hodin odvys\u00edlal na programu Premier Sport 2 CZ reklamn\u00ed blok, kter\u00fd vykazoval \u00farove\u0148 integrovan\u00e9 hlasitosti -15,9 LUFS. Nezajistil tak vys\u00edl\u00e1n\u00ed reklamy takov\u00fdm zp\u016fsobem, aby byla hladina hlasitosti jej\u00edho vys\u00edl\u00e1n\u00ed v souladu s technickou specifikac\u00ed stanovenou vyhl\u00e1\u0161kou, kterou podle ustanoven\u00ed \u00a7 5 p\u00edsm. y) vyd\u00e1 Rada. Podle vyhl\u00e1\u0161ky \u010d. 122\/2013 Sb. je tato hladina stanovena na \u00farove\u0148 -23 LUFS s mo\u017enou maxim\u00e1ln\u00ed odchylkou +\/- 1,0 LU. Rada stanovuje lh\u016ftu k n\u00e1prav\u011b 30 dn\u016f od doru\u010den\u00ed upozorn\u011bn\u00ed.<br \/>\n&#8211; Rada v r\u00e1mci sv\u00e9 kompetence dan\u00e9 \u00a7 5 p\u00edsm. a) z\u00e1kona \u010d. 231\/2001 Sb., o provozov\u00e1n\u00ed rozhlasov\u00e9ho a televizn\u00edho vys\u00edl\u00e1n\u00ed a o zm\u011bn\u011b dal\u0161\u00edch z\u00e1kon\u016f, v platn\u00e9m zn\u011bn\u00ed (d\u00e1le jen \u201ez\u00e1kon \u010d. 231\/2001 Sb.\u201c) a v souladu s ustanoven\u00edm \u00a7 137 odst. 1 z\u00e1kona \u010d. 500\/2004 Sb., spr\u00e1vn\u00ed \u0159\u00e1d, (d\u00e1le jen \u201ez\u00e1kon \u010d. 500\/2004 Sb.\u201c) \u017e\u00e1d\u00e1 provozovatele vys\u00edl\u00e1n\u00ed \u010cesk\u00e1 televize, I\u010c: 00027383, s\u00eddlem: Kav\u010d\u00ed hory, Praha 4, PS\u010c 140 70, o pod\u00e1n\u00ed vysv\u011btlen\u00ed k po\u0159adu M\u00e1te slovo s M. J\u00edlkovou, odvys\u00edlan\u00e9mu dne 9. 12. 2021 od 21:45 hodin na programu \u010cT1, z jak\u00e9ho d\u016fvodu se debaty ne\u00fa\u010dastnil p\u016fvodn\u011b pozvan\u00fd pr\u00e1vn\u00edk Jind\u0159ich Rajchl, kter\u00fd n\u00e1sledn\u011b ve\u0159ejn\u011b uvedl, \u017ee se o jeho vy\u0161krtnut\u00ed z debaty zasadili p\u0159edstavitel\u00e9 Ministerstva zdravotnictv\u00ed \u010cR a mikrobiolog Peter \u0160ebo. Rada stanovuje lh\u016ftu k pod\u00e1n\u00ed vysv\u011btlen\u00ed 30 dn\u00ed ode dne doru\u010den\u00ed t\u00e9to v\u00fdzvy.<br \/>\n&#8211; Rada se sezn\u00e1mila s t\u011bmito div\u00e1ck\u00fdmi pod\u00e1n\u00edmi, t\u00fdkaj\u00edc\u00edmi se televizn\u00edho vys\u00edl\u00e1n\u00ed, a doru\u010den\u00fdmi v obdob\u00ed od 27. 12. 2021 do 5. 1. 2022: \u010cesk\u00e1 televize\/\u010cT24 &#8211; Zpr\u00e1vy, 2.1. 2022 od 18:00 hodin, \u00fadajn\u00e1 manipulativn\u00ed informace o problematice vyv\u011b\u0161en\u00ed vlajky EU na pa\u0159\u00ed\u017esk\u00e9m V\u00edt\u011bzn\u00e9m oblouku; \u010cesk\u00e1 televize\/\u010cT2 &#8211; Dvoj\u00ed \u017eivot jedn\u00e9 strany, 17.5. 2021, \u00fadajn\u00e1 dezinformace v dokumentu o d\u011bjin\u00e1ch KS\u010c; FTV Prima, spol. s r.o.\/Prima ZOOM &#8211; Z\u00e1hadn\u00fd vesm\u00edr, 25.12. 2021 od 8:30 hodin, \u00fadajn\u00e1 prorusk\u00e1 propaganda; Jana Peterkov\u00e1\/TELEVIZE NATURA &#8211; Otev\u0159en\u00e1 diskuze l\u00e9ka\u0159\u016f na t\u00e9ma: Etika o\u010dkov\u00e1n\u00ed proti nemoci SARS COV 3\/12, 3.1. 2022; \u010cesk\u00e1 televize\/\u010cT1, \u010cT24, &#8211; obecn\u00e1 st\u00ed\u017enost na reflexi sou\u010dasn\u00e9 politick\u00e9 situace v \u010cR v r\u00e1mci zpravodajstv\u00ed; TV Nova s.r.o.\/Nova &#8211; Televizn\u00ed noviny, 23.12. 2021 od 19:30 hodin; FTV Prima, spol. s r.o.\/Prima &#8211; Hlavn\u00ed zpr\u00e1vy, 27.12. 2021 od 18:55 hodin, \u00fadajn\u011b dehonestuj\u00edc\u00ed report\u00e1\u017e o A. Babi\u0161ovi; \u010cesk\u00e1 televize &#8211; obs\u00e1hl\u00e1 st\u00ed\u017enost na kvalitu vys\u00edl\u00e1n\u00ed \u010cesk\u00e9 televize a na hospoda\u0159en\u00ed tohoto provozovatele; O2 TV s.r.o.\/Premier Sport 2 CZ &#8211; st\u00ed\u017enost na vys\u00edl\u00e1n\u00ed upout\u00e1vek na sout\u011b\u017ee v bojov\u00fdch sportech; Reklama na Trinity Bank; TV Nova s.r.o.\/Nova &#8211; reklama R\u016f\u017eov\u00fd slon, 1.1.2022 od 20:20<br \/>\nhodin; Barrandov Televizn\u00ed Studio a.s.\/Televize Barrandov &#8211; Silvestrovsk\u00fd T\u00fdden podle Jarom\u00edra Soukupa, 31.12. 2021 od 20:10 hodin; Pod\u00e1n\u00ed postoupen\u00e9 Rad\u011b \u010ceskou obchodn\u00ed inspekc\u00ed na \u00fadajn\u011b klamavou reklamu spole\u010dnosti ALZA; \u010cesk\u00e1 televize\/\u010cT1 &#8211; \u010cern\u00e9 ovce, st\u00ed\u017enost pr\u00e1vn\u00edho z\u00e1stupce akt\u00e9ra report\u00e1\u017e\u00ed na \u00fadajn\u011b neobjektivn\u00ed zpracov\u00e1n\u00ed report\u00e1\u017e\u00ed.<br \/>\n&#8211; Rada v r\u00e1mci sv\u00e9 kompetence dan\u00e9 \u00a7 5 p\u00edsm. a) a f) z\u00e1kona \u010d. 231\/2001 Sb., o provozov\u00e1n\u00ed rozhlasov\u00e9ho a televizn\u00edho vys\u00edl\u00e1n\u00ed a o zm\u011bn\u011b dal\u0161\u00edch z\u00e1kon\u016f, v platn\u00e9m zn\u011bn\u00ed (d\u00e1le jen \u201ez\u00e1kon \u010d. 231\/2001 Sb.\u201c) a v souladu s ustanoven\u00edm \u00a7 137 odst. 1 z\u00e1kona \u010d. 500\/2004 Sb., spr\u00e1vn\u00ed \u0159\u00e1d, (d\u00e1le jen \u201ez\u00e1kon \u010d. 500\/2004 Sb.\u201c) \u017e\u00e1d\u00e1 provozovatele \u010cESK\u00c1 TELEVIZE, I\u010c 00027383, s\u00eddlem Na h\u0159ebenech II 1132\/4, Praha 4, PS\u010c 14700, o pod\u00e1n\u00ed vysv\u011btlen\u00ed ohledn\u011b po\u0159adu Zpr\u00e1vy, respektive informace o odstran\u011bn\u00ed vlajky EU z V\u00edt\u011bzn\u00e9ho oblouku v Pa\u0159\u00ed\u017ei, dne 2. ledna 2022 od 18:00 hodin na programu \u010cT24; z jak\u00e9ho d\u016fvodu odvys\u00edlan\u00e1 informace vyzn\u011bla tak, \u017ee prezidentsk\u00e1 kandid\u00e1tka Marine Le Penov\u00e1 kritizovala vyv\u011b\u0161en\u00ed vlajky EU jako takov\u00e9, a\u010dkoli j\u00e1drem jej\u00ed kritiky ve skute\u010dnosti byl fakt, \u017ee proti v\u0161em zvyklostem a p\u0159edpis\u016fm nebyla spolu s vlajkou EU vyv\u011b\u0161ena i francouzsk\u00e1 vlajka. Rada stanovuje lh\u016ftu k pod\u00e1n\u00ed vysv\u011btlen\u00ed 30 dn\u00ed ode dne doru\u010den\u00ed t\u00e9to v\u00fdzvy.<br \/>\n&#8211; Rada se sezn\u00e1mila s anal\u00fdzou objektivity a vyv\u00e1\u017eenosti p\u0159edvolebn\u00edch debat na programu \u010cT24 ve 14d\u00edln\u00e9m cyklu Volby 2021, kter\u00fd byl vys\u00edl\u00e1n v obdob\u00ed 13. z\u00e1\u0159\u00ed-1. \u0159\u00edjna 2021, a Superdebaty \u010cesk\u00e9 televize, kter\u00e1 byla vys\u00edl\u00e1na 6. \u0159\u00edjna 2021 na programech \u010cT1 a \u010cT24.<br \/>\n&#8211; Rada se sezn\u00e1mila s anal\u00fdzou objektivity a vyv\u00e1\u017eenosti po\u0159ad\u016f Volby 2021: Debata 1, Volby 2021: Debata 2 a Volby 2021: Jdeme k volb\u00e1m, kter\u00e9 byly odvys\u00edl\u00e1ny 7. a 8. \u0159\u00edjna 2021 na programu NOVA.<br \/>\n&#8211; Rada v r\u00e1mci sv\u00e9 kompetence dan\u00e9 \u00a7 5 p\u00edsm. a) z\u00e1kona \u010d. 231\/2001 Sb., o provozov\u00e1n\u00ed rozhlasov\u00e9ho a televizn\u00edho vys\u00edl\u00e1n\u00ed a o zm\u011bn\u011b dal\u0161\u00edch z\u00e1kon\u016f, v platn\u00e9m zn\u011bn\u00ed (d\u00e1le jen \u201ez\u00e1kon \u010d. 231\/2001 Sb.\u201c) a v souladu s ustanoven\u00edm \u00a7 137 odst. 1 z\u00e1kona \u010d. 500\/2004 Sb., spr\u00e1vn\u00ed \u0159\u00e1d, (d\u00e1le jen \u201ez\u00e1kon \u010d. 500\/2004 Sb.\u201c) \u017e\u00e1d\u00e1 provozovatele vys\u00edl\u00e1n\u00ed TV Nova s.r.o., I\u010c 45800456, s\u00eddlem K\u0159\u00ed\u017eeneck\u00e9ho n\u00e1m. 1078\/5, Praha 5, PS\u010c 15200, o pod\u00e1n\u00ed vysv\u011btlen\u00ed k po\u0159adu Volby 2021: Jdeme k volb\u00e1m, odvys\u00edlan\u00e9mu dne 8. \u0159\u00edjna 2021 v \u010dase od 5.55 hodin na programu NOVA, na z\u00e1klad\u011b jak\u00e9ho kl\u00ed\u010de do po\u0159adu s p\u0159edvolebn\u00ed dramaturgi\u00ed pozval z\u00e1stupce Aliance pro budoucnost, TSS, P\u0159\u00edsaha, \u010cSSD, KS\u010cM, SPD, STAN, ODS a ANO, zejm\u00e9na pak z jak\u00e9ho d\u016fvodu mezi pozvan\u00fdmi figuroval reprezentant Aliance pro budoucnost. Rada stanovuje lh\u016ftu k pod\u00e1n\u00ed vysv\u011btlen\u00ed 30 dn\u00ed ode dne doru\u010den\u00ed t\u00e9to v\u00fdzvy.<br \/>\n&#8211; Rada se sezn\u00e1mila s anal\u00fdzou objektivity a vyv\u00e1\u017eenosti po\u0159adu Superdebata, kter\u00fd byl odvys\u00edl\u00e1n 30. z\u00e1\u0159\u00ed 2021 v 18:25 hodin na programu Seznam.cz TV.<br \/>\n&#8211; Rada se sezn\u00e1mila s anal\u00fdzou objektivity a vyv\u00e1\u017eenosti p\u0159edvolebn\u00edch debat v r\u00e1mci po\u0159adu Speci\u00e1l 360\u00b0: Hlas lidu (5 vyd\u00e1n\u00ed), vys\u00edlan\u00e9ho v obdob\u00ed od 1. z\u00e1\u0159\u00ed do 6. \u0159\u00edjna 2021 na programu CNN Prima News, po\u0159adu \u010cesko hled\u00e1 premi\u00e9ra: Velk\u00e1 p\u0159edvolebn\u00ed debata, odvys\u00edlan\u00e9ho dne 26. 9. 2021 na programech Prima a CNN Prima News a po\u0159adu \u010cesko hled\u00e1 premi\u00e9ra: Souboj hlavn\u00edch kandid\u00e1t\u016f, odvys\u00edlan\u00e9ho dne 3. 10. 2021 na programech Prima a CNN Prima News.<br \/>\n&#8211; Rada se sezn\u00e1mila s anal\u00fdzou kontinu\u00e1ln\u00edho \u00faseku vys\u00edl\u00e1n\u00ed programu Film Europe + provozovatele FILM EUROPE, s.r.o. ze dne 20. \u0159\u00edjna 2021, \u010dasov\u00e9ho \u00faseku 12.00 &#8211; 24.00 hodin.<br \/>\n&#8211; Rada v r\u00e1mci sv\u00e9 kompetence dan\u00e9 \u00a7 5 p\u00edsm. a) z\u00e1kona \u010d. 231\/2001 Sb., o provozov\u00e1n\u00ed rozhlasov\u00e9ho a televizn\u00edho vys\u00edl\u00e1n\u00ed a o zm\u011bn\u011b dal\u0161\u00edch z\u00e1kon\u016f, v platn\u00e9m zn\u011bn\u00ed (d\u00e1le jen \u201ez\u00e1kon \u010d. 231\/2001 Sb.\u201c) a v souladu s ustanoven\u00edm \u00a7 137 odst. 1 z\u00e1kona \u010d. 500\/2004 Sb., spr\u00e1vn\u00ed \u0159\u00e1d, (d\u00e1le jen \u201ez\u00e1kon \u010d. 500\/2004 Sb.\u201c) \u017e\u00e1d\u00e1 provozovatele FILM EUROPE, s.r.o., I\u010cO: 28922921, s\u00eddlem V j\u00e1m\u011b 699\/1, 110 00 Praha 1, o pod\u00e1n\u00ed vysv\u011btlen\u00ed, jak\u00fdm<br \/>\nzp\u016fsobem dne 20. \u0159\u00edjna 2021 dodr\u017eoval licen\u010dn\u00ed podm\u00ednky programu Film Europe +, respektive zn\u011bn\u00ed dal\u0161\u00edch programov\u00fdch podm\u00ednek, dle nich\u017e m\u00e1 program vys\u00edlat kinematografick\u00e9 hran\u00e9 filmy \u010desk\u00e9 a slovensk\u00e9 produkce a v\u0161echny filmy maj\u00ed b\u00fdt uv\u00e1d\u011bny v \u010desk\u00e9, p\u0159\u00edpadn\u011b slovensk\u00e9 jazykov\u00e9 verzi, jestli\u017ee zna\u010dn\u00e1 \u010d\u00e1st film\u016f v odpoledn\u00edm, ve\u010dern\u00edm a no\u010dn\u00edm vys\u00edl\u00e1n\u00ed uveden\u00e9ho dne byla zahrani\u010dn\u00ed provenience a byla vys\u00edl\u00e1na v p\u016fvodn\u00edm zn\u011bn\u00ed s titulky. Nav\u00edc byly v r\u00e1mci vys\u00edl\u00e1n\u00ed za\u0159azov\u00e1ny hudebn\u00ed klipy, ani\u017e by vys\u00edl\u00e1n\u00ed tohoto \u017e\u00e1nru m\u011blo oporu ve zn\u011bn\u00ed podm\u00ednek licence. Rada stanovuje lh\u016ftu k pod\u00e1n\u00ed vysv\u011btlen\u00ed 30 dn\u00ed ode dne doru\u010den\u00ed t\u00e9to v\u00fdzvy.<br \/>\n&#8211; Rada se sezn\u00e1mila s anal\u00fdzou z\u00e1znamu vys\u00edl\u00e1n\u00ed programu Infokan\u00e1l Albrechtice provozovatele m\u011bsto M\u011aSTO ALBRECHTICE ze dn\u016f 19. a 20. \u0159\u00edjna 2021 od 00:00 do 24:00 hod.<br \/>\n&#8211; Rada v r\u00e1mci sv\u00e9 p\u016fsobnosti dan\u00e9 ustanoven\u00edm \u00a7 5 p\u00edsm. a) a f) a \u00a7 59 odst. 1-3 z\u00e1kona \u010d. 231\/2001 Sb., o provozov\u00e1n\u00ed rozhlasov\u00e9ho a televizn\u00edho vys\u00edl\u00e1n\u00ed a o zm\u011bn\u011b dal\u0161\u00edch z\u00e1kon\u016f (d\u00e1le jen z\u00e1kon \u010d. 231\/2001 Sb.), v platn\u00e9m zn\u011bn\u00ed, upozor\u0148uje provozovatele m\u011bsto M\u011aSTO ALBRECHTICE, I\u010c 00296228, s\u00eddlem n\u00e1m. \u010cSA 27\/10, M\u011bsto Albrechtice, PS\u010c 79395, na poru\u0161en\u00ed ustanoven\u00ed \u00a7 32 odst. 1 p\u00edsm. s) z\u00e1kona \u010d. 231\/2001 Sb., kter\u00e9ho se dopustil t\u00edm, \u017ee Rad\u011b v z\u00e1konn\u00e9 lh\u016ft\u011b neozn\u00e1mil ukon\u010den\u00ed vys\u00edl\u00e1n\u00ed programu Infokan\u00e1l Hol\u010dovice. Rada stanovuje lh\u016ftu k n\u00e1prav\u011b 7 dn\u00ed ode dne doru\u010den\u00ed upozorn\u011bn\u00ed.<br \/>\n&#8211; Rada v r\u00e1mci sv\u00e9 p\u016fsobnosti dan\u00e9 ustanoven\u00edm \u00a7 5 p\u00edsm. a) a f) a \u00a7 59 odst. 1-3 z\u00e1kona \u010d. 231\/2001 Sb., o provozov\u00e1n\u00ed rozhlasov\u00e9ho a televizn\u00edho vys\u00edl\u00e1n\u00ed a o zm\u011bn\u011b dal\u0161\u00edch z\u00e1kon\u016f (d\u00e1le jen z\u00e1kon \u010d. 231\/2001 Sb.), v platn\u00e9m zn\u011bn\u00ed, upozor\u0148uje provozovatele m\u011bsto M\u011aSTO ALBRECHTICE, I\u010c 00296228, s\u00eddlem n\u00e1m. \u010cSA 27\/10, M\u011bsto Albrechtice, PS\u010c 79395, na poru\u0161en\u00ed ustanoven\u00ed \u00a7 49 odst. 1 p\u00edsm. a) z\u00e1kona \u010d. 231\/2001 Sb., kter\u00e9ho se dopustil t\u00edm, \u017ee ve dnech 19. a 20. \u0159\u00edjna 2021 na programu Infokan\u00e1l Albrechtice \u0159\u00e1dn\u011b neodd\u011blil reklamn\u00ed blok od ostatn\u00edho vys\u00edl\u00e1n\u00ed. P\u0159ed\u011bl byl odvys\u00edl\u00e1n pouze p\u0159ed za\u010d\u00e1tkem reklamn\u00edho bloku, nikoliv v\u0161ak na jeho konci. Rada stanovuje lh\u016ftu k n\u00e1prav\u011b 30 dn\u00ed ode dne doru\u010den\u00ed upozorn\u011bn\u00ed.<br \/>\n&#8211; Rada v r\u00e1mci sv\u00e9 p\u016fsobnosti dan\u00e9 ustanoven\u00edm \u00a7 5 p\u00edsm. a) a f) a \u00a7 59 odst. 1-3 z\u00e1kona \u010d. 231\/2001 Sb., o provozov\u00e1n\u00ed rozhlasov\u00e9ho a televizn\u00edho vys\u00edl\u00e1n\u00ed a o zm\u011bn\u011b dal\u0161\u00edch z\u00e1kon\u016f (d\u00e1le jen z\u00e1kon \u010d. 231\/2001 Sb.), v platn\u00e9m zn\u011bn\u00ed, upozor\u0148uje provozovatele m\u011bsto M\u011aSTO ALBRECHTICE, I\u010c 00296228, s\u00eddlem n\u00e1m. \u010cSA 27\/10, M\u011bsto Albrechtice, PS\u010c 79395, na poru\u0161en\u00ed ustanoven\u00ed\u00a7 32 odst. 1 p\u00edsm. n) z\u00e1kona \u010d. 231\/2001 Sb., kter\u00e9ho se dopustil t\u00edm, \u017ee ve vys\u00edl\u00e1n\u00ed programu Infokan\u00e1l Albrechtice ve dnech 19. &#8211; 20. \u0159\u00edjna 2021 v \u010dasov\u00e9m \u00faseku od 00:00 do 24:00 hodin neuv\u00e1d\u011bl ozna\u010den\u00ed televizn\u00edho programu (logo). Rada stanovuje lh\u016ftu k n\u00e1prav\u011b 7 dn\u00ed ode dne doru\u010den\u00ed upozorn\u011bn\u00ed.<br \/>\n&#8211; Rada se sezn\u00e1mila s anal\u00fdzou z\u00e1znamu vys\u00edl\u00e1n\u00ed programu Duha provozovatele Karel Soukup ze dn\u016f 19. a 20. \u0159\u00edjna 2021 od 00:00 do 24:00 hod.<br \/>\n&#8211; Rada v r\u00e1mci sv\u00e9 p\u016fsobnosti dan\u00e9 ustanoven\u00edm \u00a7 5 p\u00edsm. a) z\u00e1kona \u010d. 231\/2001 Sb., o provozov\u00e1n\u00ed rozhlasov\u00e9ho a televizn\u00edho vys\u00edl\u00e1n\u00ed a o zm\u011bn\u011b dal\u0161\u00edch z\u00e1kon\u016f (d\u00e1le jen z\u00e1kon \u010d. 231\/2001 Sb.), v platn\u00e9m zn\u011bn\u00ed, a v souladu s ustanoven\u00edm \u00a7 137 odst. 1 z\u00e1kona \u010d. 500\/2004 Sb., spr\u00e1vn\u00ed \u0159\u00e1d (d\u00e1le jen \u201ez\u00e1kon \u010d. 500\/2004 Sb.\u201c) \u017e\u00e1d\u00e1 provozovatele Karla Soukupa, I\u010c 12870188, se s\u00eddlem M\u00edrov\u00e1 127, Chodov, PS\u010c 357 35, o pod\u00e1n\u00ed vysv\u011btlen\u00ed, zda j\u00edm poskytnut\u00fd z\u00e1znam odpov\u00edd\u00e1 z\u00e1znamu programu Duha ze dn\u016f 19. a 20. \u0159\u00edjna 2021 v odvys\u00edlan\u00e9 podob\u011b, nebo\u0165 z\u00e1znam j\u00edm dodan\u00fd nese v kalend\u00e1\u0159i vyzna\u010den\u00e9 datum 11. \u0159\u00edjna 2021. Rada stanovuje lh\u016ftu k pod\u00e1n\u00ed vysv\u011btlen\u00ed 30 dn\u00ed ode dne doru\u010den\u00ed t\u00e9to v\u00fdzvy.<br \/>\n&#8211; Rada v r\u00e1mci sv\u00e9 p\u016fsobnosti dan\u00e9 ustanoven\u00edm \u00a7 5 p\u00edsm. a) z\u00e1kona \u010d. 231\/2001 Sb., o provozov\u00e1n\u00ed rozhlasov\u00e9ho a televizn\u00edho vys\u00edl\u00e1n\u00ed a o zm\u011bn\u011b dal\u0161\u00edch z\u00e1kon\u016f (d\u00e1le jen z\u00e1kon \u010d. 231\/2001 Sb.), v platn\u00e9m zn\u011bn\u00ed, a v souladu s ustanoven\u00edm \u00a7 137 odst. 1 z\u00e1kona<br \/>\n\u010d. 500\/2004 Sb., spr\u00e1vn\u00ed \u0159\u00e1d (d\u00e1le jen \u201ez\u00e1kon \u010d. 500\/2004 Sb.\u201c) \u017e\u00e1d\u00e1 provozovatele Karla Soukupa, I\u010c 12870188, se s\u00eddlem M\u00edrov\u00e1 127, Chodov, PS\u010c 357 35, o pod\u00e1n\u00ed vysv\u011btlen\u00ed, z jak\u00e9ho d\u016fvodu vys\u00edl\u00e1n\u00ed programu Duha ve dnech 19. a 20. \u0159\u00edjna 2021 neobsahovalo videotextov\u00e9 informace o kulturn\u00edch a sportovn\u00edch akc\u00edch a dal\u0161\u00ed po\u0159ady (diskuse s v\u00fdznamn\u00fdmi osobnostmi a hosty regionu, z\u00e1bavn\u00e9 a sout\u011b\u017en\u00ed po\u0159ady vlastn\u00ed produkce \u010di upraven\u00e9 p\u0159\u00edsp\u011bvky obyvatel m\u011bsta), jak stoj\u00ed v licen\u010dn\u00edch podm\u00ednk\u00e1ch. Rada stanovuje lh\u016ftu k pod\u00e1n\u00ed vysv\u011btlen\u00ed 30 dn\u00ed ode dne doru\u010den\u00ed t\u00e9to v\u00fdzvy.<br \/>\n&#8211; Rada se sezn\u00e1mila s v\u00fdsledky anal\u00fdzy obchodn\u00edch sd\u011blen\u00ed za m\u011bs\u00edc z\u00e1\u0159\u00ed 2021.<br \/>\n&#8211; Rada v r\u00e1mci sv\u00e9 kompetence dan\u00e9 \u00a7 7 p\u00edsm. a) z\u00e1kona \u010d. 40\/1995 Sb., o regulaci reklamy a o zm\u011bn\u011b a dopln\u011bn\u00ed z\u00e1kona \u010d. 468\/1991 Sb., o provozov\u00e1n\u00ed rozhlasov\u00e9ho a televizn\u00edho vys\u00edl\u00e1n\u00ed, ve zn\u011bn\u00ed platn\u00fdch p\u0159edpis\u016f (d\u00e1le jen \u201ez\u00e1kon \u010d. 40\/1995 Sb.\u201c), v souladu s ustanoven\u00edm \u00a7 78 odst. 1 z\u00e1kona \u010d. 250\/2016 Sb., z\u00e1kona o p\u0159estupc\u00edch a \u0159\u00edzen\u00edch o nich (d\u00e1le jen \u201ez\u00e1kon \u010d. 250\/2016 Sb.\u201c) rozhodla zah\u00e1jit se zadavatelem obchodn\u00edho sd\u011blen\u00ed, spole\u010dnost\u00ed Apollo Line s.r.o., I\u010c: 07889321, se s\u00eddlem Holu\u0161ick\u00e1 2253\/1, Chodov, 148 00 Praha 4, (d\u00e1le \u201eobvin\u011bn\u00fd\u201c), \u0159\u00edzen\u00ed o p\u0159estupku z moci \u00fa\u0159edn\u00ed pro mo\u017en\u00e9 poru\u0161en\u00ed \u00a7 5j odst. 2 z\u00e1kona \u010d. 40\/1995 Sb., v souladu s ustanoven\u00edm \u00a7 1 odst. 10 z\u00e1kona \u010d. 40\/1995 Sb., kter\u00e9ho se mohl dopustit zad\u00e1n\u00edm ozn\u00e1men\u00ed sponzora programu s motivem Apollo Games (mutace 1), odvys\u00edlan\u00e9ho dne 6. z\u00e1\u0159\u00ed 2021 v \u010dase 12:23 hodin na programu \u010cT sport, kter\u00e9 obsahovalo kr\u00e1tk\u00fd animovan\u00fd p\u0159\u00edb\u011bh postav z hazardn\u00edch her Pinky Cat a Slot Birds (r\u016f\u017eov\u00e1 ko\u010dka se nech\u00e1v\u00e1 pohltit obrazovkou mobiln\u00edho telefonu a dost\u00e1v\u00e1 se do z\u00e1bavn\u00e9ho hern\u00edho sv\u011bta, kde potk\u00e1v\u00e1 pta\u010d\u00ed p\u0159\u00e1tele). Sv\u00e9bytn\u00e9 l\u00e1kav\u00e9, groteskn\u00ed a\u017e poh\u00e1dkov\u00e9 zpracov\u00e1n\u00ed obrazu a zvuku p\u0159\u00edmo spojen\u00e9 s propagac\u00ed provozovatele hazardn\u00edch her, kter\u00e9 jsou dostupn\u00e9 skrze explicitn\u011b prezentovan\u00e9 internetov\u00e9 str\u00e1nky www.apollogames.cz, oslovuje zejm\u00e9na d\u011btsk\u00e9ho a mladistv\u00e9ho div\u00e1ka, \u010d\u00edm\u017e mohlo doj\u00edt k poru\u0161en\u00ed povinnosti, kdy reklama na hazardn\u00ed hru nesm\u00ed b\u00fdt zam\u011b\u0159ena na osoby mlad\u0161\u00ed 18 let, a to u\u017eit\u00edm prvk\u016f, prost\u0159edk\u016f nebo akc\u00ed, kter\u00e9 takov\u00e9 osoby p\u0159ev\u00e1\u017en\u011b oslovuj\u00ed.<br \/>\n&#8211; Rada v r\u00e1mci sv\u00e9 kompetence dan\u00e9 \u00a7 7 p\u00edsm. a) z\u00e1kona \u010d. 40\/1995 Sb., o regulaci reklamy a o zm\u011bn\u011b a dopln\u011bn\u00ed z\u00e1kona \u010d. 468\/1991 Sb., o provozov\u00e1n\u00ed rozhlasov\u00e9ho a televizn\u00edho vys\u00edl\u00e1n\u00ed, ve zn\u011bn\u00ed platn\u00fdch p\u0159edpis\u016f (d\u00e1le jen \u201ez\u00e1kon \u010d. 40\/1995 Sb.\u201c), v souladu s ustanoven\u00edm \u00a7 78 odst. 1 z\u00e1kona \u010d. 250\/2016 Sb., z\u00e1kona o p\u0159estupc\u00edch a \u0159\u00edzen\u00edch o nich (d\u00e1le jen \u201ez\u00e1kon \u010d. 250\/2016 Sb.\u201c) rozhodla zah\u00e1jit se zadavatelem obchodn\u00edho sd\u011blen\u00ed, spole\u010dnost\u00ed Apollo Line s.r.o., I\u010c: 07889321, se s\u00eddlem Holu\u0161ick\u00e1 2253\/1, Chodov, 148 00 Praha 4, (d\u00e1le \u201eobvin\u011bn\u00fd\u201c), \u0159\u00edzen\u00ed o p\u0159estupku z moci \u00fa\u0159edn\u00ed pro mo\u017en\u00e9 poru\u0161en\u00ed \u00a7 5j odst. 2 z\u00e1kona \u010d. 40\/1995 Sb., v souladu s ustanoven\u00edm \u00a7 1 odst. 10 z\u00e1kona \u010d. 40\/1995 Sb., kter\u00e9ho se mohl dopustit zad\u00e1n\u00edm ozn\u00e1men\u00ed sponzora programu Apollo Games (mutace 2), odvys\u00edlan\u00e9ho dne 26. z\u00e1\u0159\u00ed 2021 v \u010dase 7:09 hodin na programu \u010cT sport. Vyobrazen\u00ed bezprost\u0159edn\u00edho spojen\u00ed animovan\u00fdch \u201epoh\u00e1dkov\u00fdch\u201c postav (r\u016f\u017eov\u00e1 ko\u010dka, diamant a ps\u00ed detektiv) s propagac\u00ed hazardn\u00edch her, kter\u00e9 jsou dostupn\u00e9 skrze explicitn\u011b prezentovan\u00e9 internetov\u00e9 str\u00e1nky www.apollogames.cz, oslovuje zejm\u00e9na d\u011btsk\u00e9ho a mladistv\u00e9ho div\u00e1ka, \u010d\u00edm\u017e mohlo doj\u00edt k poru\u0161en\u00ed povinnosti, kdy reklama na hazardn\u00ed hru nesm\u00ed b\u00fdt zam\u011b\u0159ena na osoby mlad\u0161\u00ed 18 let, a to u\u017eit\u00edm prvk\u016f, prost\u0159edk\u016f nebo akc\u00ed, kter\u00e9 takov\u00e9 osoby p\u0159ev\u00e1\u017en\u011b oslovuj\u00ed.<br \/>\n&#8211; Rada coby \u00fast\u0159edn\u00ed spr\u00e1vn\u00ed \u00fa\u0159ad v r\u00e1mci sv\u00e9 p\u016fsobnosti dan\u00e9 \u00a7 5 p\u00edsm. f) z\u00e1kona \u010d. 231\/2001 Sb., o provozov\u00e1n\u00ed rozhlasov\u00e9ho a televizn\u00edho vys\u00edl\u00e1n\u00ed a o zm\u011bn\u011b dal\u0161\u00edch z\u00e1kon\u016f, v platn\u00e9m zn\u011bn\u00ed (d\u00e1le jen z\u00e1kon \u010d. 231\/2001 Sb.), dle \u00a7 60 odst. 1 p\u00edsm. t) a \u00a7 60 odst. 7 p\u00edsm. a) z\u00e1kona \u010d. 231\/2001 Sb., v platn\u00e9m zn\u011bn\u00ed, v \u0159\u00edzen\u00ed o p\u0159estupku veden\u00e9m podle z\u00e1kona \u010d. 250\/2016 Sb., o odpov\u011bdnosti za p\u0159estupky a \u0159\u00edzen\u00ed o nich (d\u00e1le jen \u201ez\u00e1kon o odpov\u011bdnosti za p\u0159estupky\u201c), rozhodla dne 18. ledna 2022 takto: I. Obvin\u011bn\u00fd z p\u0159estupku, provozovatel Petr Uher, I\u010c 67549799, J. Palacha 2522\/34, 690 02 B\u0159eclav, se uzn\u00e1v\u00e1<br \/>\nvinn\u00fdm v souladu s \u00a7 60 odst. 1 p\u00edsm. t) z\u00e1kona \u010d. 231\/2001 Sb. pro poru\u0161en\u00ed povinnosti stanoven\u00e9 \u00a7 32 odst. 6 z\u00e1kona \u010d. 231\/2001 Sb., kter\u00e9ho se dopustil t\u00edm, \u017ee neposkytl informace o opat\u0159en\u00edch p\u0159ijat\u00fdch na podporu medi\u00e1ln\u00ed gramotnosti za rok 2020, resp. poru\u0161il povinnost na p\u00edsemnou v\u00fdzvu poskytnout Rad\u011b vyj\u00e1d\u0159en\u00ed a informace nezbytn\u00e9 k v\u00fdkonu jej\u00ed p\u016fsobnosti podle \u00a7 5 p\u00edsm. t) a\u017e w) nebo \u00a7 6 odst. 1 a 5.<br \/>\nII. Za p\u0159estupek se pachateli v souladu s ustanoven\u00edm \u00a7 60 odst. 1 p\u00edsm. t), ustanoven\u00edm \u00a7 60 odst. 7 p\u00edsm. a) z\u00e1kona \u010d. 231\/2001 Sb. a ustanoven\u00edm \u00a7 35 p\u00edsm. b) a \u00a7 46 odst. 1 z\u00e1kona \u010d. 250\/2016 Sb., ukl\u00e1d\u00e1 pokuta ve v\u00fd\u0161i 5 000,- K\u010d. Pokuta je splatn\u00e1 ve lh\u016ft\u011b 30 dn\u016f ode dne pr\u00e1vn\u00ed moci tohoto rozhodnut\u00ed na \u00fa\u010det 3754-19223001\/0710, variabiln\u00ed symbol 2021353. III. V souladu s ustanoven\u00edm \u00a7 95 odst. 1 z\u00e1kona \u010d. 250\/2016, o odpov\u011bdnosti za p\u0159estupky, a \u00a7 6 vyhl\u00e1\u0161ky \u010d. 520\/2005 Sb., ukl\u00e1d\u00e1 Rada obvin\u011bn\u00e9mu povinnost uhradit pau\u0161\u00e1ln\u00ed \u010d\u00e1stku n\u00e1klad\u016f \u0159\u00edzen\u00ed ve v\u00fd\u0161i 1 000 K\u010d. \u00dahrada n\u00e1klad\u016f \u0159\u00edzen\u00ed je splatn\u00e1 do p\u011bti pracovn\u00edch dn\u016f ode dne doru\u010den\u00ed tohoto rozhodnut\u00ed na \u00fa\u010det \u010d. 3711- 19223001\/0710, variabiln\u00ed symbol 2021353.<br \/>\n&#8211; Rada coby \u00fast\u0159edn\u00ed spr\u00e1vn\u00ed \u00fa\u0159ad v r\u00e1mci sv\u00e9 p\u016fsobnosti dan\u00e9 \u00a7 5 p\u00edsm. a) a f) z\u00e1kona \u010d. 231\/2001 Sb., o provozov\u00e1n\u00ed rozhlasov\u00e9ho a televizn\u00edho vys\u00edl\u00e1n\u00ed a o zm\u011bn\u011b dal\u0161\u00edch z\u00e1kon\u016f a podle ustanoven\u00ed \u00a7 86 odst. 1 p\u00edsm. b) z\u00e1kona \u010d. 250\/2016 Sb., o odpov\u011bdnosti za p\u0159estupky a \u0159\u00edzen\u00ed o nich, ve spojitosti s ustanoven\u00edm \u00a7 6b odst. 3 z\u00e1kona \u010d. 40\/1995 Sb., vydala dne 18. ledna 2022 toto usnesen\u00ed: Rada zastavuje se zadavatelem reklamy, spole\u010dnost\u00ed Institut v\u00fd\u017eivy a imunity s.r.o., I\u010c 09484787, s\u00eddlem Francouzsk\u00e1 172\/30, Praha 2, 120 00, \u0159\u00edzen\u00ed o p\u0159estupku pro poru\u0161en\u00ed \u00a7 5d odst. 3 z\u00e1kona \u010d. 40\/1995 Sb., kter\u00e9ho se mohl dopustit zad\u00e1n\u00edm obchodn\u00edho sd\u011blen\u00ed propaguj\u00edc\u00edho dopl\u0148ky stravy GASTRO Veritas a IMUNO Veritas, premi\u00e9rov\u011b odvys\u00edlan\u00e9ho dne 5.\u010dervna 2021 v \u010dase 9:00 hodin na programu \u0160L\u00c1GR TV, nebo\u0165 skutek nesp\u00e1chal obvin\u011bn\u00fd.<br \/>\n&#8211; Rada se sezn\u00e1mila s podan\u00fdm vysv\u011btlen\u00edm provozovatele Seznam.cz TV, s.r.o., I\u010c: 06387233, s\u00eddlem Radlick\u00e1 3294\/10, Sm\u00edchov, 150 00 Praha 5, jak\u00fdm zp\u016fsobem v kalend\u00e1\u0159n\u00edm t\u00fddnu od 13. do 19. z\u00e1\u0159\u00ed 2021 napl\u0148oval licen\u010dn\u00ed podm\u00ednky programu Seznam.cz TV, respektive zn\u011bn\u00ed dal\u0161\u00edch programov\u00fdch podm\u00ednek a programov\u00e9 skladby, dle nich\u017e m\u00e1 program vys\u00edlat pravideln\u00e9 bloky zpravodajsk\u00fdch relac\u00ed a publicistick\u00fdch po\u0159ad\u016f, dopln\u011bn\u00e9 dokument\u00e1rn\u00ed a dramatickou tvorbou um\u00edst\u011bnou mezi z\u00e1kladn\u00edmi prvky vys\u00edl\u00e1n\u00ed, a vys\u00edl\u00e1n\u00ed m\u00e1 obsahovat \u017e\u00e1nrov\u00e9 bloky mj. interaktivn\u00edch tematick\u00fdch studi\u00ed a premi\u00e9r publicistick\u00fdch po\u0159ad\u016f. V dan\u00e9m t\u00fddnu provozovatel vys\u00edlal pouze po\u0159ady dramatick\u00e9 a dokument\u00e1rn\u00ed tvorby, dopln\u011bn\u00e9 jen jedn\u00edm zpravodajsk\u00fdm po\u0159adem denn\u011b a dv\u011bma publicistick\u00fdmi po\u0159ady v r\u00e1mci cel\u00e9ho t\u00fddne, p\u0159i\u010dem\u017e zcela absentovala interaktivn\u00ed tematick\u00e1 studia.<br \/>\n&#8211; Rada coby \u00fast\u0159edn\u00ed spr\u00e1vn\u00ed \u00fa\u0159ad v souladu s ustanoven\u00edm \u00a7 5 p\u00edsm. b) a \u00a7 21 odst. 1 p\u00edsm. d) z\u00e1kona \u010d. 231\/2001 Sb., o provozov\u00e1n\u00ed rozhlasov\u00e9ho a televizn\u00edho vys\u00edl\u00e1n\u00ed, v platn\u00e9m zn\u011bn\u00ed (d\u00e1le jen &#8222;z\u00e1kon \u010d. 231\/2001 Sb.&#8220;) a ustanoven\u00edm \u00a7 67 odst. 1 z\u00e1kona \u010d. 500\/2004 Sb., spr\u00e1vn\u00ed \u0159\u00e1d (d\u00e1le jen &#8222;z\u00e1kon \u010d. 500\/2004 Sb.&#8220;) vydala dne 18. ledna 2022 toto rozhodnut\u00ed: Rada vyd\u00e1v\u00e1 provozovateli Seznam.cz TV, s.r.o., I\u010c: 06387233, s\u00eddlem Radlick\u00e1 3294\/10, Sm\u00edchov, 150 00 Praha 5, souhlas se zm\u011bnou licen\u010dn\u00edch podm\u00ednek licence ze dne 24. \u0159\u00edjna 2017, \u010d.j. RRTV\/14880\/2017-fia, sp.zn. RRTV\/2017\/854\/fia k provozov\u00e1n\u00ed zemsk\u00e9ho digit\u00e1ln\u00edho televizn\u00edho vys\u00edl\u00e1n\u00ed programu Seznam.cz TV \u0161\u00ed\u0159en\u00e9ho prost\u0159ednictv\u00edm vys\u00edla\u010d\u016f, spo\u010d\u00edvaj\u00edc\u00ed jednak v \u00faprav\u011b Dal\u0161\u00edch programov\u00fdch podm\u00ednek, kdy st\u00e1vaj\u00edc\u00ed zn\u011bn\u00ed se nahrazuje t\u00edmto zn\u011bn\u00edm: \u201eTelevizn\u00ed program zam\u011b\u0159en\u00fd na informace a z\u00e1bavu, zejm\u00e9na na dramatickou tvorbu, dokumenty, z\u00e1bavu, zpravodajstv\u00ed \u010di publicistiku. Vys\u00edl\u00e1n\u00ed programu \u0161\u00ed\u0159en\u00e9 prost\u0159ednictv\u00edm rozli\u010dn\u00fdch p\u0159enosov\u00fdch syst\u00e9m\u016f (vys\u00edla\u010de, dru\u017eice, kabelov\u00e9 syst\u00e9my nebo zvl\u00e1\u0161tn\u00ed p\u0159enosov\u00e9 syst\u00e9my) m\u016f\u017ee vykazovat d\u00edl\u010d\u00ed odli\u0161nosti (odchylky), a to zejm\u00e9na z d\u016fvodu autorsk\u00fdch pr\u00e1v k vys\u00edl\u00e1n\u00ed po\u0159ad\u016f \u010di obchodn\u00edch sd\u011blen\u00ed. Tyto odchylky nebudou v\u0161ak m\u00edt vliv na z\u00e1kladn\u00ed programovou<br \/>\nspecifikaci a ostatn\u00ed programov\u00e9 podm\u00ednky.\u201c, a d\u00e1le v \u00faprav\u011b pod\u00edlu celkov\u00e9ho vys\u00edlac\u00edho \u010dasu vyhrazen\u00e9ho vys\u00edl\u00e1n\u00ed evropsk\u00fdch d\u011bl vyroben\u00fdch nez\u00e1visl\u00fdmi v\u00fdrobci, kdy na m\u00edsto p\u016fvodn\u00edch 2 % bude nyn\u00ed pod\u00edl t\u011bchto d\u011bl ve vys\u00edl\u00e1n\u00ed 10 %, to v\u0161e dle \u017e\u00e1dosti provozovatele doru\u010den\u00e9 Rad\u011b dne 13. prosince 2021 pod \u010d.j. RRTV\/15149\/2021-vra, respektive dopln\u011bn\u00ed \u017e\u00e1dosti doru\u010den\u00e9ho Rad\u011b dne 29. prosince 2021 pod \u010d.j. RRTV\/15794\/2021-vra, respektive dopln\u011bn\u00ed \u017e\u00e1dosti doru\u010den\u00e9ho Rad\u011b dne 5. ledna 2022 pod \u010d.j. RRTV\/151\/2022-vra.<br \/>\n&#8211; Rada coby \u00fast\u0159edn\u00ed spr\u00e1vn\u00ed \u00fa\u0159ad v souladu s ustanoven\u00edm \u00a7 5 p\u00edsm. b) a \u00a7 21 odst. 1 p\u00edsm. d) z\u00e1kona \u010d. 231\/2001 Sb., o provozov\u00e1n\u00ed rozhlasov\u00e9ho a televizn\u00edho vys\u00edl\u00e1n\u00ed, v platn\u00e9m zn\u011bn\u00ed (d\u00e1le jen &#8222;z\u00e1kon \u010d. 231\/2001 Sb.&#8220;) a ustanoven\u00edm \u00a7 67 odst. 1 z\u00e1kona \u010d. 500\/2004 Sb., spr\u00e1vn\u00ed \u0159\u00e1d (d\u00e1le jen &#8222;z\u00e1kon \u010d. 500\/2004 Sb.&#8220;) vydala dne 18. ledna 2022 toto rozhodnut\u00ed: Rada vyd\u00e1v\u00e1 provozovateli Seznam.cz TV, s.r.o., I\u010c: 06387233, s\u00eddlem Radlick\u00e1 3294\/10, Sm\u00edchov, 150 00 Praha 5, souhlas se zm\u011bnou licen\u010dn\u00edch podm\u00ednek licence ze dne 24. \u0159\u00edjna 2017, \u010d.j. 13655\/2017-spm, sp.zn. 2017\/857\/spm k provozov\u00e1n\u00ed televizn\u00edho vys\u00edl\u00e1n\u00ed programu Seznam.cz TV \u0161\u00ed\u0159en\u00e9ho prost\u0159ednictv\u00edm dru\u017eice, spo\u010d\u00edvaj\u00edc\u00ed jednak v \u00faprav\u011b Dal\u0161\u00edch programov\u00fdch podm\u00ednek, kdy st\u00e1vaj\u00edc\u00ed zn\u011bn\u00ed se nahrazuje t\u00edmto zn\u011bn\u00edm: \u201eTelevizn\u00ed program zam\u011b\u0159en\u00fd na informace a z\u00e1bavu, zejm\u00e9na na dramatickou tvorbu, dokumenty, z\u00e1bavu, zpravodajstv\u00ed \u010di publicistiku. Vys\u00edl\u00e1n\u00ed programu \u0161\u00ed\u0159en\u00e9 prost\u0159ednictv\u00edm rozli\u010dn\u00fdch p\u0159enosov\u00fdch syst\u00e9m\u016f (vys\u00edla\u010de, dru\u017eice, kabelov\u00e9 syst\u00e9my nebo zvl\u00e1\u0161tn\u00ed p\u0159enosov\u00e9 syst\u00e9my) m\u016f\u017ee vykazovat d\u00edl\u010d\u00ed odli\u0161nosti (odchylky), a to zejm\u00e9na z d\u016fvodu autorsk\u00fdch pr\u00e1v k vys\u00edl\u00e1n\u00ed po\u0159ad\u016f \u010di obchodn\u00edch sd\u011blen\u00ed. Tyto odchylky nebudou v\u0161ak m\u00edt vliv na z\u00e1kladn\u00ed programovou specifikaci a ostatn\u00ed programov\u00e9 podm\u00ednky.\u201c, a d\u00e1le v \u00faprav\u011b pod\u00edlu celkov\u00e9ho vys\u00edlac\u00edho \u010dasu vyhrazen\u00e9ho vys\u00edl\u00e1n\u00ed evropsk\u00fdch d\u011bl vyroben\u00fdch nez\u00e1visl\u00fdmi v\u00fdrobci, kdy na m\u00edsto p\u016fvodn\u00edch 2 % bude nyn\u00ed pod\u00edl t\u011bchto d\u011bl ve vys\u00edl\u00e1n\u00ed 10 %, to v\u0161e dle \u017e\u00e1dosti provozovatele doru\u010den\u00e9 Rad\u011b dne 13. prosince 2021 pod \u010d.j. RRTV\/15149\/2021-vra, respektive dopln\u011bn\u00ed \u017e\u00e1dosti doru\u010den\u00e9ho Rad\u011b dne 29. prosince 2021 pod \u010d.j. RRTV\/15794\/2021-vra, respektive dopln\u011bn\u00ed \u017e\u00e1dosti doru\u010den\u00e9ho Rad\u011b dne 5. ledna 2022 pod \u010d.j. RRTV\/151\/2022-vra.<br \/>\n&#8211; Rada coby \u00fast\u0159edn\u00ed spr\u00e1vn\u00ed \u00fa\u0159ad v souladu s ustanoven\u00edm \u00a7 5 p\u00edsm. b) a \u00a7 21 odst. 1 p\u00edsm. d) z\u00e1kona \u010d. 231\/2001 Sb., o provozov\u00e1n\u00ed rozhlasov\u00e9ho a televizn\u00edho vys\u00edl\u00e1n\u00ed, v platn\u00e9m zn\u011bn\u00ed (d\u00e1le jen &#8222;z\u00e1kon \u010d. 231\/2001 Sb.&#8220;) a ustanoven\u00edm \u00a7 67 odst. 1 z\u00e1kona \u010d. 500\/2004 Sb., spr\u00e1vn\u00ed \u0159\u00e1d (d\u00e1le jen &#8222;z\u00e1kon \u010d. 500\/2004 Sb.&#8220;) vydala dne 18. ledna 2022 toto rozhodnut\u00ed: Rada vyd\u00e1v\u00e1 provozovateli Seznam.cz TV, s.r.o., I\u010c: 06387233, s\u00eddlem Radlick\u00e1 3294\/10, Sm\u00edchov, 150 00 Praha 5, souhlas se zm\u011bnou licen\u010dn\u00edch podm\u00ednek licence ze dne 24. \u0159\u00edjna 2017, \u010d.j. RRTV\/14885\/2017\/fia, sp.zn. RRTV\/2017\/855\/fia, k provozov\u00e1n\u00ed televizn\u00edho vys\u00edl\u00e1n\u00ed programu Seznam.cz TV \u0161\u00ed\u0159en\u00e9ho prost\u0159ednictv\u00edm kabelov\u00fdch syst\u00e9m\u016f, spo\u010d\u00edvaj\u00edc\u00ed jednak v \u00faprav\u011b Dal\u0161\u00edch programov\u00fdch podm\u00ednek, kdy st\u00e1vaj\u00edc\u00ed zn\u011bn\u00ed se nahrazuje t\u00edmto zn\u011bn\u00edm: \u201eTelevizn\u00ed program zam\u011b\u0159en\u00fd na informace a z\u00e1bavu, zejm\u00e9na na dramatickou tvorbu, dokumenty, z\u00e1bavu, zpravodajstv\u00ed \u010di publicistiku. Vys\u00edl\u00e1n\u00ed programu \u0161\u00ed\u0159en\u00e9 prost\u0159ednictv\u00edm rozli\u010dn\u00fdch p\u0159enosov\u00fdch syst\u00e9m\u016f (vys\u00edla\u010de, dru\u017eice, kabelov\u00e9 syst\u00e9my nebo zvl\u00e1\u0161tn\u00ed p\u0159enosov\u00e9 syst\u00e9my) m\u016f\u017ee vykazovat d\u00edl\u010d\u00ed odli\u0161nosti (odchylky), a to zejm\u00e9na z d\u016fvodu autorsk\u00fdch pr\u00e1v k vys\u00edl\u00e1n\u00ed po\u0159ad\u016f \u010di obchodn\u00edch sd\u011blen\u00ed. Tyto odchylky nebudou v\u0161ak m\u00edt vliv na z\u00e1kladn\u00ed programovou specifikaci a ostatn\u00ed programov\u00e9 podm\u00ednky.\u201c, a d\u00e1le v \u00faprav\u011b pod\u00edlu celkov\u00e9ho vys\u00edlac\u00edho \u010dasu vyhrazen\u00e9ho vys\u00edl\u00e1n\u00ed evropsk\u00fdch d\u011bl vyroben\u00fdch nez\u00e1visl\u00fdmi v\u00fdrobci, kdy na m\u00edsto p\u016fvodn\u00edch 2 % bude nyn\u00ed pod\u00edl t\u011bchto d\u011bl ve vys\u00edl\u00e1n\u00ed 10 %, to v\u0161e dle \u017e\u00e1dosti provozovatele doru\u010den\u00e9 Rad\u011b dne 13. prosince 2021 pod \u010d.j. RRTV\/15149\/2021-vra, respektive dopln\u011bn\u00ed \u017e\u00e1dosti doru\u010den\u00e9ho Rad\u011b dne 29. prosince 2021 pod \u010d.j. RRTV\/15794\/2021-vra, respektive dopln\u011bn\u00ed \u017e\u00e1dosti doru\u010den\u00e9ho Rad\u011b dne 5. ledna 2022 pod \u010d.j. RRTV\/151\/2022-vra.<br \/>\n&#8211; Rada coby \u00fast\u0159edn\u00ed spr\u00e1vn\u00ed \u00fa\u0159ad v souladu s ustanoven\u00edm \u00a7 5 p\u00edsm. b) a \u00a7 21 odst. 1 p\u00edsm. d) z\u00e1kona \u010d. 231\/2001 Sb., o provozov\u00e1n\u00ed rozhlasov\u00e9ho a televizn\u00edho vys\u00edl\u00e1n\u00ed, v platn\u00e9m zn\u011bn\u00ed (d\u00e1le jen &#8222;z\u00e1kon \u010d. 231\/2001 Sb.&#8220;) a ustanoven\u00edm \u00a7 67 odst. 1 z\u00e1kona \u010d. 500\/2004 Sb., spr\u00e1vn\u00ed \u0159\u00e1d (d\u00e1le jen &#8222;z\u00e1kon \u010d. 500\/2004 Sb.&#8220;) vydala dne 18. ledna 2022 toto rozhodnut\u00ed: Rada vyd\u00e1v\u00e1 provozovateli Seznam.cz TV, s.r.o., I\u010c: 06387233, s\u00eddlem Radlick\u00e1 3294\/10, Sm\u00edchov, 150 00 Praha 5, souhlas se zm\u011bnou licen\u010dn\u00edch podm\u00ednek licence ze dne 24. \u0159\u00edjna 2017, \u010d.j. 13654\/2017-spm, sp.zn. 2017\/856\/spm k provozov\u00e1n\u00ed televizn\u00edho vys\u00edl\u00e1n\u00ed programu Seznam.cz TV \u0161\u00ed\u0159en\u00e9ho prost\u0159ednictv\u00edm zvl\u00e1\u0161tn\u00edch p\u0159enosov\u00fdch syst\u00e9m\u016f, spo\u010d\u00edvaj\u00edc\u00ed jednak v \u00faprav\u011b Dal\u0161\u00edch programov\u00fdch podm\u00ednek, kdy st\u00e1vaj\u00edc\u00ed zn\u011bn\u00ed se nahrazuje t\u00edmto zn\u011bn\u00edm: \u201eTelevizn\u00ed program zam\u011b\u0159en\u00fd na informace a z\u00e1bavu, zejm\u00e9na na dramatickou tvorbu, dokumenty, z\u00e1bavu, zpravodajstv\u00ed \u010di publicistiku. Vys\u00edl\u00e1n\u00ed programu \u0161\u00ed\u0159en\u00e9 prost\u0159ednictv\u00edm rozli\u010dn\u00fdch p\u0159enosov\u00fdch syst\u00e9m\u016f (vys\u00edla\u010de, dru\u017eice, kabelov\u00e9 syst\u00e9my nebo zvl\u00e1\u0161tn\u00ed p\u0159enosov\u00e9 syst\u00e9my) m\u016f\u017ee vykazovat d\u00edl\u010d\u00ed odli\u0161nosti (odchylky), a to zejm\u00e9na z d\u016fvodu autorsk\u00fdch pr\u00e1v k vys\u00edl\u00e1n\u00ed po\u0159ad\u016f \u010di obchodn\u00edch sd\u011blen\u00ed. Tyto odchylky nebudou v\u0161ak m\u00edt vliv na z\u00e1kladn\u00ed programovou specifikaci a ostatn\u00ed programov\u00e9 podm\u00ednky.\u201c, a d\u00e1le v \u00faprav\u011b pod\u00edlu celkov\u00e9ho vys\u00edlac\u00edho \u010dasu vyhrazen\u00e9ho vys\u00edl\u00e1n\u00ed evropsk\u00fdch d\u011bl vyroben\u00fdch nez\u00e1visl\u00fdmi v\u00fdrobci, kdy na m\u00edsto p\u016fvodn\u00edch 2 % bude nyn\u00ed pod\u00edl t\u011bchto d\u011bl ve vys\u00edl\u00e1n\u00ed 10 %, to v\u0161e dle \u017e\u00e1dosti provozovatele doru\u010den\u00e9 Rad\u011b dne 13. prosince 2021 pod \u010d.j. RRTV\/15149\/2021-vra, respektive dopln\u011bn\u00ed \u017e\u00e1dosti doru\u010den\u00e9ho Rad\u011b dne 29. prosince 2021 pod \u010d.j. RRTV\/15794\/2021-vra, respektive dopln\u011bn\u00ed \u017e\u00e1dosti doru\u010den\u00e9ho Rad\u011b dne 5. ledna 2022 pod \u010d.j. RRTV\/151\/2022-vra.<br \/>\n&#8211; Rada se sezn\u00e1mila s podan\u00fdm vysv\u011btlen\u00edm provozovatelky Jany Peterkov\u00e9, I\u010c 16893085, se s\u00eddlem K\u0159enovice 106, Dubn\u00e9, PS\u010c 373 84, jak\u00e9 typy obchodn\u00edch sd\u011blen\u00ed za\u0159azuje do \u00fasek\u016f vys\u00edl\u00e1n\u00ed ozna\u010den\u00fdch jako \u201eupout\u00e1vkov\u00fd blok\u201c a zda jsou v\u0161echna zde uv\u00e1d\u011bn\u00e1 obchodn\u00ed sd\u011blen\u00ed vys\u00edl\u00e1na za \u00faplatu \u010di obdobnou protihodnotu.<br \/>\n&#8211; Rada v r\u00e1mci sv\u00e9 p\u016fsobnosti dan\u00e9 ustanoven\u00edm \u00a7 5 p\u00edsm. a) a f) a \u00a7 59 odst. 1-3 z\u00e1kona \u010d. 231\/2001 Sb., o provozov\u00e1n\u00ed rozhlasov\u00e9ho a televizn\u00edho vys\u00edl\u00e1n\u00ed a o zm\u011bn\u011b dal\u0161\u00edch z\u00e1kon\u016f (d\u00e1le jen z\u00e1kon \u010d. 231\/2001 Sb.), v platn\u00e9m zn\u011bn\u00ed, upozor\u0148uje provozovatelku Janu Peterkovou, I\u010c 16893085, se s\u00eddlem K\u0159enovice 106, Dubn\u00e9, PS\u010c 373 84, na poru\u0161en\u00ed ustanoven\u00ed \u00a7 49 odst. 1 p\u00edsm. a) z\u00e1kona \u010d. 231\/2001 Sb., kter\u00e9ho se dopustila odvys\u00edl\u00e1n\u00edm \u201eupout\u00e1vkov\u00fdch blok\u016f\u201c dne 30. srpna 2021 na programu TELEVIZE NATURA, kdy v r\u00e1mci t\u011bchto blok\u016f byly odvys\u00edl\u00e1ny jak prezentace vys\u00edlan\u00e9 za \u00faplatu \u010di obdobnou protihodnotu, tedy reklama a teleshopping, a sou\u010dasn\u011b bezplatn\u011b vys\u00edlan\u00e1 ozn\u00e1men\u00ed, \u010d\u00edm\u017e se provozovatelka dopustila poru\u0161en\u00ed povinnosti zajistit, aby reklamy a teleshopping byly snadno rozeznateln\u00e9; u provozovatele rozhlasov\u00e9ho vys\u00edl\u00e1n\u00ed z\u0159eteln\u011b zvukov\u011b a u provozovatele televizn\u00edho vys\u00edl\u00e1n\u00ed z\u0159eteln\u011b zvukov\u011b, obrazov\u011b nebo zvukov\u011b-obrazov\u011b nebo prostorov\u00fdmi prost\u0159edky odd\u011blen\u00e9 od ostatn\u00edch \u010d\u00e1st\u00ed vys\u00edl\u00e1n\u00ed. Rada stanovuje lh\u016ftu k n\u00e1prav\u011b 7 dn\u00ed ode dne doru\u010den\u00ed upozorn\u011bn\u00ed.<br \/>\n&#8211; Rada se sezn\u00e1mila s rozhodnut\u00edm Autorit\u00e9 Luxembourgeoise Ind\u00e9pendante de l&#8217;Audiovisuel DEC028\/2021-P003\/2021 ve v\u011bci odvys\u00edl\u00e1n\u00ed po\u0159adu Okam\u017eik zkratu dne 20. \u010dervence 2020 od 14:40 hodin na programu Skylink 7, j\u00edm\u017e do\u0161lo k poru\u0161en\u00ed ustanoven\u00ed \u00a7 32 odst. 1 p\u00edsm. g) z\u00e1kona \u010d. 231\/2001 Sb., kter\u00e9 zakazuje za\u0159azovat do vys\u00edl\u00e1n\u00ed v dob\u011b od 06.00 hodin do 22.00 hodin po\u0159ady a upout\u00e1vky, kter\u00e9 by mohly ohrozit fyzick\u00fd, psychick\u00fd nebo mravn\u00ed v\u00fdvoj d\u011bt\u00ed a mladistv\u00fdch, jeliko\u017e po\u0159ad obsahoval zna\u010dn\u011b brut\u00e1ln\u00ed sc\u00e9ny n\u00e1sil\u00ed, je\u017e mohou u nezletil\u00fdch osob vyvolat psychick\u00fd ot\u0159es a n\u00e1sledn\u00e9 trvalej\u0161\u00ed stavy \u00fazkosti, sexu\u00e1ln\u00ed sc\u00e9ny, kter\u00e9 mohou zp\u016fsobit deformovanou p\u0159edstavu o sexu a navazov\u00e1n\u00ed a udr\u017eov\u00e1n\u00ed intimn\u00edch vztah\u016f, a d\u00e1le sc\u00e9ny zobrazuj\u00edc\u00ed u\u017e\u00edv\u00e1n\u00ed a prodej drog mlad\u00fdmi lidmi, kte\u0159\u00ed se na z\u00e1klad\u011b toho dopou\u0161t\u011bli mor\u00e1ln\u011b odsouzen\u00edhodn\u00fdch \u010din\u016f,<br \/>\njako je zn\u00e1siln\u011bn\u00ed, surov\u00e9 \u00fatoky apod. P\u0159\u00edtomn\u00e9 sc\u00e9ny mohly ohrozit psychick\u00fd v\u00fdvoj d\u011bt\u00ed a mladistv\u00fdch, kte\u0159\u00ed se u obrazovek v odpoledn\u00edch hodin\u00e1ch mohli nach\u00e1zet.<br \/>\n&#8211; Rada se sezn\u00e1mila s rozhodnut\u00edm Autorit\u00e9 Luxembourgeoise Ind\u00e9pendante de l&#8217;Audiovisuel DEC027\/2021-P003\/2021 ve v\u011bci odvys\u00edl\u00e1n\u00ed po\u0159adu Zmijovisko dne 25. \u010dervna 2020 od 11:10 hodin na programu Skylink 7, j\u00edm\u017e do\u0161lo k poru\u0161en\u00ed ustanoven\u00ed \u00a7 32 odst. 1 p\u00edsm. g) z\u00e1kona \u010d. 231\/2001 Sb., kter\u00e9 zakazuje za\u0159azovat do vys\u00edl\u00e1n\u00ed v dob\u011b od 06.00 hodin do 22.00 hodin po\u0159ady a upout\u00e1vky, kter\u00e9 by mohly ohrozit fyzick\u00fd, psychick\u00fd nebo mravn\u00ed v\u00fdvoj d\u011bt\u00ed a mladistv\u00fdch, jeliko\u017e po\u0159ad obsahoval zna\u010dn\u011b brut\u00e1ln\u00ed a naturalisticky pojat\u00e9 sc\u00e9ny n\u00e1sil\u00ed, je\u017e mohou u nezletil\u00fdch osob vyvolat psychick\u00fd ot\u0159es a n\u00e1sledn\u00e9 trvalej\u0161\u00ed stavy \u00fazkosti, a t\u00edm ohrozit jejich psychick\u00fd v\u00fdvoj.<br \/>\n&#8211; Rada se sezn\u00e1mila se Studi\u00ed medi\u00e1ln\u00ed gramotnosti populace \u010cR star\u0161\u00ed 15 let.<br \/>\n&#8211; Rada se sezn\u00e1mila s vyrozum\u011bn\u00edm z\u00e1stupkyn\u011b ve\u0159ejn\u00e9ho ochr\u00e1nce pr\u00e1v o ukon\u010den\u00ed \u0161et\u0159en\u00ed posuzov\u00e1n\u00ed vl\u00e1dn\u00edho n\u00e1vrhu z\u00e1kona o slu\u017eb\u00e1ch platforem pro sd\u00edlen\u00ed videonahr\u00e1vek.<br \/>\n&#8211; Rada souhlas\u00ed s n\u00e1vrhem odpov\u011bdi z\u00e1stupkyni ve\u0159ejn\u00e9ho ochr\u00e1nce pr\u00e1v na vyrozum\u011bn\u00ed o ukon\u010den\u00ed \u0161et\u0159en\u00ed posuzov\u00e1n\u00ed vl\u00e1dn\u00edho n\u00e1vrhu z\u00e1kona o slu\u017eb\u00e1ch platforem pro sd\u00edlen\u00ed videonahr\u00e1vek.<br \/>\nAUDIOVIZU\u00c1LN\u00cd MEDI\u00c1LN\u00cd SLU\u017dBY NA VY\u017d\u00c1D\u00c1N\u00cd<br \/>\n&#8211; Rada se sezn\u00e1mila s monitoringem audiovizu\u00e1ln\u00edch medi\u00e1ln\u00edch slu\u017eeb na vy\u017e\u00e1d\u00e1n\u00ed TV REBEL poskytovatele Digital Broadcasting s.r.o.; Dramox poskytovatele Dramox s.r.o.; DAKR TV poskytovatele TV Produkce DAKR s.r.o.; TV Relax poskytovatele TP Pohoda s.r.o.; TV Beskyd poskytovatele TV Beskyd s.r.o.; TV Morava poskytovatele TV Morava s.r.o.; TV Natura poskytovatele TV Natura spol. s.r.o.; benytv poskytovatele Mgr. Ji\u0159\u00ed Ben\u00e1t\u010dan; Blansko poskytovatele Jan Popelka; ktkstudio poskytovatele Kabelov\u00e1 televize Kop\u0159ivnice, s.r.o.; televize-js poskytovatele Ji\u0159\u00ed St\u0159eda a tv-focus poskytovatele Jaroslav Heindl.<br \/>\n&#8211; Rada v r\u00e1mci sv\u00e9 p\u016fsobnosti dan\u00e9 ustanoven\u00edm \u00a7 4 odst. 1 z\u00e1kona \u010d. 132\/2010 Sb., o audiovizu\u00e1ln\u00edch medi\u00e1ln\u00edch slu\u017eb\u00e1ch na vy\u017e\u00e1d\u00e1n\u00ed a o zm\u011bn\u011b dal\u0161\u00edch z\u00e1kon\u016f (d\u00e1le jen z\u00e1kon \u010d. 132\/2010 Sb.), v platn\u00e9m zn\u011bn\u00ed, konstatuje, \u017ee slu\u017eba tv-focus poskytovatele Jaroslav Heindl, I\u010c 67219888, se s\u00eddlem Vinohrady 2005, Kada\u0148, PS\u010c 432 01, p\u0159\u00edstupn\u00e1 na internetov\u00e9 adrese dostupn\u00e1 z www.tv-focus.cz, nenapl\u0148uje defini\u010dn\u00ed znaky audiovizu\u00e1ln\u00ed medi\u00e1ln\u00ed slu\u017eby na vy\u017e\u00e1d\u00e1n\u00ed ve smyslu \u00a7 2 odst. 1 p\u00edsm. a) z\u00e1kona \u010d. 132\/2010 Sb., nebo\u0165 nedisponuje katalogem po\u0159ad\u016f.<br \/>\n&#8211; Rada prov\u00e1d\u00ed v\u00fdmaz poskytovatele Jaroslav Heindl, I\u010c 67219888, se s\u00eddlem Vinohrady 2005, Kada\u0148, PS\u010c 432 01, z Evidence poskytovatel\u016f audiovizu\u00e1ln\u00edch medi\u00e1ln\u00edch slu\u017eeb na vy\u017e\u00e1d\u00e1n\u00ed, nebo\u0165 internetov\u00e9 str\u00e1nky dostupn\u00e9 na adrese www.tv-focus.cz nejsou audiovizu\u00e1ln\u00ed medi\u00e1ln\u00ed slu\u017ebou na vy\u017e\u00e1d\u00e1n\u00ed dle z\u00e1kona \u010d. 132\/2010 Sb.<br \/>\n&#8211; Rada v r\u00e1mci sv\u00e9 p\u016fsobnosti dan\u00e9 ustanoven\u00edm \u00a7 4 odst. 1 a \u00a7 11 odst. 1 z\u00e1kona \u010d. 132\/2010 Sb., o audiovizu\u00e1ln\u00edch medi\u00e1ln\u00edch slu\u017eb\u00e1ch na vy\u017e\u00e1d\u00e1n\u00ed a o zm\u011bn\u011b n\u011bkter\u00fdch z\u00e1kon\u016f (d\u00e1le jen z\u00e1kon \u010d. 132\/2010 Sb.), v platn\u00e9m zn\u011bn\u00ed, upozor\u0148uje poskytovatele Dramox s.r.o., I\u010c 09222103, s\u00eddlem Bucharova 2928\/14a, Praha &#8211; Stod\u016flky, PS\u010c 158 00, na poru\u0161en\u00ed ustanoven\u00ed \u00a7 6 odst. 1 p\u00edsm. c) z\u00e1kona \u010d. 132\/2010 Sb., kter\u00e9ho se dopustil t\u00edm, \u017ee na webu slu\u017eby Dramox p\u0159\u00edstupn\u00e9m z www.dramox.cz neuv\u00e1d\u00ed informaci o tom, \u017ee org\u00e1nem dohledu nad poskytov\u00e1n\u00edm audiovizu\u00e1ln\u00edch medi\u00e1ln\u00edch slu\u017eeb na vy\u017e\u00e1d\u00e1n\u00ed je Rada. Rada stanovuje lh\u016ftu k n\u00e1prav\u011b 30 dn\u00ed ode dne doru\u010den\u00ed upozorn\u011bn\u00ed.<br \/>\n&#8211; Rada bere na v\u011bdom\u00ed zm\u011bnu poskytovatele audiovizu\u00e1ln\u00ed medi\u00e1ln\u00ed slu\u017eby na vy\u017e\u00e1d\u00e1n\u00ed Doc-Air, z.s., u slu\u017eby na adrese na adrese https:\/\/dafilms.cz, kter\u00fdm je od 1. ledna 2022<br \/>\nspole\u010dnost Doc-Air Distribution s.r.o., I\u010cO:109 812 41, se s\u00eddlem Ostrovn\u00ed 126\/30, Praha, 110 00 Praha 1<br \/>\nOSTATN\u00cd<br \/>\n&#8211; Rada se sezn\u00e1mila s p\u0159ehledem uhrazen\u00fdch pokut za obdob\u00ed od 1. ledna do 31. prosince 2021.<br \/>\n&#8211; Rada se sezn\u00e1mila s p\u0159ehledem odpov\u011bd\u00ed poskytnut\u00fdch podle z\u00e1kona \u010d.106\/1999 Sb.<br \/>\nV Praze dne 20. 1. 2022<br \/>\nIng. arch. V\u00e1clav Mencl<br \/>\np\u0159edseda Rady pro rozhlasov\u00e9<br \/>\na televizn\u00ed vys\u00edl\u00e1n\u00ed<br \/>\nkontakt: podatelna@rrtv.cz<br \/>\n274 813 830<\/p>\n","protected":false},"excerpt":{"rendered":"<p>Rada pro rozhlasov\u00e9 a televizn\u00ed vys\u00edl\u00e1n\u00ed (d\u00e1le jen &#8222;Rada&#8220;) na sv\u00e9m 1. zased\u00e1n\u00ed projednala 69 bod\u016f programu. Vyhodnotila 151 st\u00ed\u017enost\u00ed div\u00e1k\u016f a poslucha\u010d\u016f, vydala 12 upozorn\u011bn\u00ed na poru\u0161en\u00ed z\u00e1kona. Rozhodla o zah\u00e1jen\u00ed dvou spr\u00e1vn\u00edch \u0159\u00edzen\u00ed.<\/p>\n","protected":false},"author":1,"featured_media":0,"comment_status":"open","ping_status":"open","sticky":false,"template":"","format":"standard","meta":{"ngg_post_thumbnail":0,"footnotes":""},"categories":[11],"tags":[],"class_list":["post-12527","post","type-post","status-publish","format-standard","hentry","category-ozvena"],"_links":{"self":[{"href":"https:\/\/www.ladislavjakl.cz\/index.php?rest_route=\/wp\/v2\/posts\/12527","targetHints":{"allow":["GET"]}}],"collection":[{"href":"https:\/\/www.ladislavjakl.cz\/index.php?rest_route=\/wp\/v2\/posts"}],"about":[{"href":"https:\/\/www.ladislavjakl.cz\/index.php?rest_route=\/wp\/v2\/types\/post"}],"author":[{"embeddable":true,"href":"https:\/\/www.ladislavjakl.cz\/index.php?rest_route=\/wp\/v2\/users\/1"}],"replies":[{"embeddable":true,"href":"https:\/\/www.ladislavjakl.cz\/index.php?rest_route=%2Fwp%2Fv2%2Fcomments&post=12527"}],"version-history":[{"count":1,"href":"https:\/\/www.ladislavjakl.cz\/index.php?rest_route=\/wp\/v2\/posts\/12527\/revisions"}],"predecessor-version":[{"id":12528,"href":"https:\/\/www.ladislavjakl.cz\/index.php?rest_route=\/wp\/v2\/posts\/12527\/revisions\/12528"}],"wp:attachment":[{"href":"https:\/\/www.ladislavjakl.cz\/index.php?rest_route=%2Fwp%2Fv2%2Fmedia&parent=12527"}],"wp:term":[{"taxonomy":"category","embeddable":true,"href":"https:\/\/www.ladislavjakl.cz\/index.php?rest_route=%2Fwp%2Fv2%2Fcategories&post=12527"},{"taxonomy":"post_tag","embeddable":true,"href":"https:\/\/www.ladislavjakl.cz\/index.php?rest_route=%2Fwp%2Fv2%2Ftags&post=12527"}],"curies":[{"name":"wp","href":"https:\/\/api.w.org\/{rel}","templated":true}]}}