{"id":12532,"date":"2022-02-09T08:57:48","date_gmt":"2022-02-09T07:57:48","guid":{"rendered":"http:\/\/www.ladislavjakl.cz\/?p=12532"},"modified":"2022-02-09T08:57:48","modified_gmt":"2022-02-09T07:57:48","slug":"havlova-krvava-leta","status":"publish","type":"post","link":"https:\/\/www.ladislavjakl.cz\/?p=12532","title":{"rendered":"Havlova krvav\u00e1 l\u00e9ta?"},"content":{"rendered":"<div class=\"opener\">O \u010dasech prezidentov\u00e1n\u00ed V\u00e1clava Havla se vedou nep\u011bkn\u00e9 \u0159e\u010di. \u017de to byly \u010dasy pln\u00e9 zlo\u010dinnosti, bezpr\u00e1v\u00ed, vra\u017ed a krve. Dokonce se o tom to\u010d\u00ed i seri\u00e1ly. Takov\u00fd odsudek v\u016f\u010di Havlovi ale nen\u00ed spravedliv\u00fd.<\/div>\n<p><!--more--><\/p>\n<div id=\"art-text\" class=\"text\">\n<p>Ano, je sice pravdou, \u017ee v tolik prop\u00edran\u00fdch devades\u00e1t\u00fdch letech jsme m\u011bli \u010dty\u0159i premi\u00e9ry (Pithart, Klaus, To\u0161ovsk\u00fd, Zeman), \u0161est ministr\u016f vnitra (Sokol, Ruml, Vodi\u010dka, Svoboda, Grulich, Gross) a \u010dty\u0159i policejn\u00ed prezidenty (Vyleta, Novotn\u00fd, Tom\u00e1\u0161ek, Kol\u00e1\u0159) zat\u00edmco prezidenta republiky po celou dobu jen jednoho jedin\u00e9ho. Cel\u00e1 devades\u00e1t\u00e1 l\u00e9ta tak jsou zast\u0159e\u0161ena jen Havlov\u00fdm jm\u00e9nem, zat\u00edmco u ostatn\u00edch \u010dinitel\u016f je odpov\u011bdnost rozlo\u017eena.<\/p>\n<p>Je tak\u00e9 pravdou, \u017ee v devades\u00e1t\u00fdch letech oproti p\u0159edchoz\u00ed dek\u00e1d\u011b zlo\u010dinnost podstatn\u011b vzrostla, a to zejm\u00e9na ohledn\u011b nejz\u00e1va\u017en\u011bj\u0161\u00edch trestn\u00fdch \u010din\u016f, v\u010detn\u011b vra\u017ed. Na druhou stranu ale plat\u00ed, \u017ee nejni\u017e\u0161\u00ed zlo\u010dinnost lze zaznamenat v nejkontrolovan\u011bj\u0161\u00edch spole\u010dnostech, v diktatur\u00e1ch, v kas\u00e1rn\u00e1ch \u010di ve v\u011bzen\u00ed.<\/p>\n<p>Zato devades\u00e1t\u00e1 l\u00e9ta p\u0159inesla ohromn\u00fd prostor pro svobodu \u010dlov\u011bka, zcela neporovnateln\u00fd s \u00e9rou socialismu \u2013 a asi i s \u00e9rou dne\u0161n\u00ed. A tak\u00e9 plat\u00ed, \u017ee kdy\u017e obr\u00e1t\u00edte lahev s rybni\u010dn\u00ed vodou dnem vzh\u016fru, zv\u00ed\u0159\u00ed se kal a chv\u00edli trv\u00e1, ne\u017e se usad\u00ed. Tak\u00e9 na\u0161e spole\u010dnost se v letech po p\u00e1du totalitn\u00edho re\u017eimu ocitla dnem vzh\u016fru, i kdy\u017e asi p\u0159esn\u011bj\u0161\u00ed by bylo \u0159\u00edci, \u017ee t\u00edm dnem vzh\u016fru byla do t\u00e9 doby, zat\u00edmco v devades\u00e1t\u00fdch letech byla navr\u00e1cena do polohy norm\u00e1ln\u00ed. Efekt s kalem je ale stejn\u00fd.<\/p>\n<p>Je trochu pokryteck\u00e9 vz\u00fdvat pam\u00e1tku na V\u00e1clava Havla a sou\u010dasn\u011b hanobit jeho dobu. Proto by \u00e9ra V\u00e1clava Havla nem\u011bla b\u00fdt tak zjednodu\u0161en\u011b vykl\u00e1d\u00e1na jako doba dramatick\u00e9ho a brut\u00e1ln\u00edho n\u00e1sil\u00ed. To si n\u00e1\u0161 prvn\u00ed polistopadov\u00fd prezident nezaslou\u017e\u00ed.<\/p>\n<\/div>\n<p><a href=\"https:\/\/jakl.blog.idnes.cz\/blog.aspx?c=782622\">Zdroj<\/a><\/p>\n","protected":false},"excerpt":{"rendered":"<p>O \u010dasech prezidentov\u00e1n\u00ed V\u00e1clava Havla se vedou nep\u011bkn\u00e9 \u0159e\u010di. \u017de to byly \u010dasy pln\u00e9 zlo\u010dinnosti, bezpr\u00e1v\u00ed, vra\u017ed a krve. Dokonce se o tom to\u010d\u00ed i seri\u00e1ly. Takov\u00fd odsudek v\u016f\u010di Havlovi ale nen\u00ed spravedliv\u00fd.<\/p>\n","protected":false},"author":1,"featured_media":0,"comment_status":"open","ping_status":"open","sticky":false,"template":"","format":"standard","meta":{"ngg_post_thumbnail":0,"footnotes":""},"categories":[10],"tags":[],"class_list":["post-12532","post","type-post","status-publish","format-standard","hentry","category-zlehka"],"_links":{"self":[{"href":"https:\/\/www.ladislavjakl.cz\/index.php?rest_route=\/wp\/v2\/posts\/12532","targetHints":{"allow":["GET"]}}],"collection":[{"href":"https:\/\/www.ladislavjakl.cz\/index.php?rest_route=\/wp\/v2\/posts"}],"about":[{"href":"https:\/\/www.ladislavjakl.cz\/index.php?rest_route=\/wp\/v2\/types\/post"}],"author":[{"embeddable":true,"href":"https:\/\/www.ladislavjakl.cz\/index.php?rest_route=\/wp\/v2\/users\/1"}],"replies":[{"embeddable":true,"href":"https:\/\/www.ladislavjakl.cz\/index.php?rest_route=%2Fwp%2Fv2%2Fcomments&post=12532"}],"version-history":[{"count":1,"href":"https:\/\/www.ladislavjakl.cz\/index.php?rest_route=\/wp\/v2\/posts\/12532\/revisions"}],"predecessor-version":[{"id":12533,"href":"https:\/\/www.ladislavjakl.cz\/index.php?rest_route=\/wp\/v2\/posts\/12532\/revisions\/12533"}],"wp:attachment":[{"href":"https:\/\/www.ladislavjakl.cz\/index.php?rest_route=%2Fwp%2Fv2%2Fmedia&parent=12532"}],"wp:term":[{"taxonomy":"category","embeddable":true,"href":"https:\/\/www.ladislavjakl.cz\/index.php?rest_route=%2Fwp%2Fv2%2Fcategories&post=12532"},{"taxonomy":"post_tag","embeddable":true,"href":"https:\/\/www.ladislavjakl.cz\/index.php?rest_route=%2Fwp%2Fv2%2Ftags&post=12532"}],"curies":[{"name":"wp","href":"https:\/\/api.w.org\/{rel}","templated":true}]}}