{"id":1254,"date":"2011-09-06T08:59:24","date_gmt":"2011-09-06T07:59:24","guid":{"rendered":"http:\/\/www.ladislavjakl.cz\/?p=1254"},"modified":"2011-09-06T08:59:24","modified_gmt":"2011-09-06T07:59:24","slug":"posklebovat-se-klausovi-to-jedine-umite-jakl-stira-knizete-za-moravce","status":"publish","type":"post","link":"https:\/\/www.ladislavjakl.cz\/?p=1254","title":{"rendered":"Po\u0161klebovat se Klausovi, to jedin\u00e9 um\u00edte. Jakl st\u00edr\u00e1 kn\u00ed\u017eete za Moravce"},"content":{"rendered":"<p>Ministr zahrani\u010d\u00ed  Karel Schwarzenberg v ned\u011bln\u00edch Ot\u00e1zk\u00e1ch V\u00e1clava Moravce nazna\u010dil, \u017ee se  ho prezident V\u00e1clav Klaus svou kritikou pokou\u0161\u00ed dostat z politiky, aby  on s\u00e1m mohl b\u00fdt po odchodu z Hradu \u00fasp\u011b\u0161n\u00fd. Tajemn\u00edk prezidenta Ladislav  Jakl na v\u011bc reagoval povzdechem &#8211; k\u00e9\u017e by byl Schwarzenberg rad\u011bji  v\u011bcn\u00fd.<\/p>\n<p><!--more--><\/p>\n<p>&#8222;Pan prezident je bystr\u00fd pozorovatel d\u011bn\u00ed v Evrop\u011b,&#8220; \u0159ekl Schwarzenberg v  ned\u011bln\u00edm diskusn\u00edm po\u0159adu.\u00a0Prezident podle n\u011bj spr\u00e1vn\u011b p\u0159edpokl\u00e1d\u00e1, \u017ee  n\u00e1rodn\u011b zalo\u017een\u00e1 strana, kter\u00e1 by m\u011bla odpor k\u00a0Evropsk\u00e9 unii, by m\u011bla u  lid\u00ed \u00fasp\u011bch.<\/p>\n<p>K dosa\u017een\u00ed takov\u00e9ho \u00fasp\u011bchu\u00a0ale pot\u0159ebuje Klaus eliminovat v\u0161echny  potencion\u00e1ln\u00ed konkurenty,\u00a0kv\u016fli \u010demu\u017e\u00a0ho z\u0159ejm\u011b ned\u00e1vno\u00a0v rozhovoru pro  \u010cT ost\u0159e kritizoval. &#8222;Mus\u00ed vystrnadit jak\u00e9hokoliv politika, kter\u00fd by  mohl b\u00fdt ohro\u017een\u00edm pro jeho budouc\u00ed pr\u00e1ci,&#8220;\u00a0uvedl Schwarzenberg.<\/p>\n<p><strong><span style=\"text-decoration: underline;\">Kontroverzn\u00ed vyd\u00e1n\u00ed Ot\u00e1zek V\u00e1clava Moravce:<br \/>\n<\/span><\/strong><a href=\"http:\/\/www.parlamentnilisty.cz\/zpravy\/207263.aspx\" target=\"_blank\"><strong><span style=\"color: #993300\">Klaus m\u011b chce dostat pry\u010d z politiky, nazna\u010dil kn\u00ed\u017ee u Moravce<\/span><\/strong><\/a><\/p>\n<p><strong>Jakl: K\u00e9\u017e by byl v\u011bcn\u00fd a ne se jen po\u0161kleboval<\/strong><\/p>\n<p>\u010cesk\u00e1 republika podle n\u011bj p\u016fsob\u00ed nejednotn\u011b, kdy\u017e m\u00e1 vl\u00e1da a jej\u00ed  minist\u0159i\u00a0jin\u00e9 n\u00e1zory ne\u017e prezident a naopak. &#8222;Bylo by dle m\u00e9ho n\u00e1zoru  opravdu asi lep\u0161\u00ed, kdyby pan prezident v\u00edce dbal o svoji pozici hlavy  st\u00e1tu, ne\u017e jako n\u011bkdy z\u00e1bavn\u00e9ho provokat\u00e9ra,&#8220; podotkl ministr.<\/p>\n<p>&#8222;Je hezk\u00e9 vid\u011bt, jak si pan ministr p\u0159edstavuje v\u011bcnou diskusi o sv\u00e9  koncepci zahrani\u010dn\u00ed politiky,&#8220; reagoval pro Parlamentn\u00edListy.cz na  Schwarzenbergovy v\u00fdroky prezident\u016fv tajemn\u00edk Ladislav Jakl. &#8222;Na v\u011bcnou  polemiku s prezidentovou kritikou se pan ministr Schwarzenberg nezmohl.  Na po\u0161klebov\u00e1n\u00ed ano.&#8220;<\/p>\n<p><strong><span style=\"text-decoration: underline;\">\u010ct\u011bte tak\u00e9:<br \/>\n<\/span><\/strong><a href=\"http:\/\/www.parlamentnilisty.cz\/zpravy\/206791.aspx\" target=\"_blank\"><strong><span style=\"color: #993300\">Klaus p\u0159ed velvyslanci \u010cR zkritizoval vl\u00e1dn\u00ed koncepci diplomacie<\/span><\/strong><\/a><span style=\"color: #993300\"> <\/span><\/p>\n<p>Prezident Klaus v \u00fater\u00fd na porad\u011b \u010desk\u00fdch velvyslanc\u016f kritizoval  zahrani\u010dn\u011bpolitickou koncepci \u010cR, kterou p\u0159ipravil pr\u00e1v\u011b Karel  Schwarzenberg.<\/p>\n<p><strong>Pomsta za koncepci?<br \/>\n<\/strong><br \/>\nKoncepce\u00a0podle prezidenta obsahuje\u00a0pr\u00e1zdn\u00e1 t\u00e9mata, ne\u0159e\u0161\u00ed nep\u0159\u00edzniv\u00e9  tendence a kl\u00ed\u010dov\u00e9 ot\u00e1zky v EU a nezab\u00fdv\u00e1 se skute\u010dn\u00fdmi probl\u00e9my \u010desk\u00e9  zahrani\u010dn\u00ed politiky. Klaus dokument ozna\u010dil za &#8222;neutralistick\u00fd text&#8220;,  kter\u00fd obsahuje v\u0161ezahrnuj\u00edc\u00ed obecnosti.<\/p>\n<p><strong><span style=\"text-decoration: underline;\">Napsali jsme:<br \/>\n<\/span><\/strong><a href=\"http:\/\/www.parlamentnilisty.cz\/parlament\/vlada\/201680.aspx\" target=\"_blank\"><span style=\"color: #993300\"><strong>M\u00e1me to, co vl\u00e1da i Klaus &#8222;oml\u00e1tili&#8220; kn\u00ed\u017eeti o hlavu<\/strong><\/span><\/a><\/p>\n<p>Klausovi vadilo, \u017ee koncepce se nezmi\u0148uje o &#8222;zcela evidentn\u00ed sou\u010dasn\u00e9  krizi evropsk\u00e9 integrace&#8220;, problemati\u010dnosti eventu\u00e1ln\u00edho \u010dlenstv\u00ed v  euroz\u00f3n\u011b, mno\u017e\u00edc\u00edch se &#8222;negativn\u00edch d\u016fsledc\u00edch&#8220; schengensk\u00e9ho prostoru,  &#8222;neudr\u017eitelnosti&#8220; spole\u010dn\u00e9 zem\u011bd\u011blsk\u00e9 politiky EU, neopodstatn\u011bnosti  kanadsk\u00fdch v\u00edz pro \u010cechy, &#8222;permanentn\u00edch atac\u00edch na Bene\u0161ovy dekrety&#8220; \u010di  o vyjednan\u00e9 v\u00fdjimce z Lisabonsk\u00e9 smlouvy.<\/p>\n<p><a href=\"http:\/\/www.parlamentnilisty.cz\/zpravy\/207281.aspx\" target=\"_blank\">Zdroj<\/a><\/p>\n","protected":false},"excerpt":{"rendered":"<p>Ministr zahrani\u010d\u00ed Karel Schwarzenberg v ned\u011bln\u00edch Ot\u00e1zk\u00e1ch V\u00e1clava Moravce nazna\u010dil, \u017ee se ho prezident V\u00e1clav Klaus svou kritikou pokou\u0161\u00ed dostat z politiky, aby on s\u00e1m mohl b\u00fdt po odchodu z Hradu \u00fasp\u011b\u0161n\u00fd. Tajemn\u00edk prezidenta Ladislav Jakl na v\u011bc reagoval povzdechem &#8211; k\u00e9\u017e by byl Schwarzenberg rad\u011bji v\u011bcn\u00fd.<\/p>\n","protected":false},"author":1,"featured_media":0,"comment_status":"open","ping_status":"open","sticky":false,"template":"","format":"standard","meta":{"ngg_post_thumbnail":0,"footnotes":""},"categories":[11],"tags":[],"class_list":["post-1254","post","type-post","status-publish","format-standard","hentry","category-ozvena"],"_links":{"self":[{"href":"https:\/\/www.ladislavjakl.cz\/index.php?rest_route=\/wp\/v2\/posts\/1254","targetHints":{"allow":["GET"]}}],"collection":[{"href":"https:\/\/www.ladislavjakl.cz\/index.php?rest_route=\/wp\/v2\/posts"}],"about":[{"href":"https:\/\/www.ladislavjakl.cz\/index.php?rest_route=\/wp\/v2\/types\/post"}],"author":[{"embeddable":true,"href":"https:\/\/www.ladislavjakl.cz\/index.php?rest_route=\/wp\/v2\/users\/1"}],"replies":[{"embeddable":true,"href":"https:\/\/www.ladislavjakl.cz\/index.php?rest_route=%2Fwp%2Fv2%2Fcomments&post=1254"}],"version-history":[{"count":1,"href":"https:\/\/www.ladislavjakl.cz\/index.php?rest_route=\/wp\/v2\/posts\/1254\/revisions"}],"predecessor-version":[{"id":1255,"href":"https:\/\/www.ladislavjakl.cz\/index.php?rest_route=\/wp\/v2\/posts\/1254\/revisions\/1255"}],"wp:attachment":[{"href":"https:\/\/www.ladislavjakl.cz\/index.php?rest_route=%2Fwp%2Fv2%2Fmedia&parent=1254"}],"wp:term":[{"taxonomy":"category","embeddable":true,"href":"https:\/\/www.ladislavjakl.cz\/index.php?rest_route=%2Fwp%2Fv2%2Fcategories&post=1254"},{"taxonomy":"post_tag","embeddable":true,"href":"https:\/\/www.ladislavjakl.cz\/index.php?rest_route=%2Fwp%2Fv2%2Ftags&post=1254"}],"curies":[{"name":"wp","href":"https:\/\/api.w.org\/{rel}","templated":true}]}}