{"id":12543,"date":"2022-02-10T09:56:29","date_gmt":"2022-02-10T08:56:29","guid":{"rendered":"http:\/\/www.ladislavjakl.cz\/?p=12543"},"modified":"2022-02-10T09:56:29","modified_gmt":"2022-02-10T08:56:29","slug":"ze-politika-do-sportu-nepatri-patri","status":"publish","type":"post","link":"https:\/\/www.ladislavjakl.cz\/?p=12543","title":{"rendered":"\u017de politika do sportu nepat\u0159\u00ed? Pat\u0159\u00ed!"},"content":{"rendered":"<div class=\"opener\">Sl\u00fdch\u00e1me posledn\u00ed dobou oportunistick\u00e9 hlasy, \u017ee pr\u00fd se politika do sportu tahat nem\u00e1, \u017ee sport m\u00e1 z\u016fstat apolitick\u00fd, \u017ee u\u017e ve star\u00e9m \u0158ecku \u0161la v \u010dase olympi\u00e1d politika i mezin\u00e1rodn\u00ed konflikty stranou.<\/div>\n<p><!--more--><\/p>\n<div id=\"art-text\" class=\"text\">\n<p>Takov\u00e9 n\u00e1zory jsou ale vysloven\u011b zpozdil\u00e9. K prosazen\u00ed spr\u00e1vn\u00fdch c\u00edl\u016f je p\u0159ece ka\u017ed\u00e1 cesta dobr\u00e1. A sport, stejn\u011b jako kultura, m\u016f\u017ee b\u00fdt vhodn\u00fdm kolbi\u0161t\u011bm pro vy\u0159izov\u00e1n\u00ed \u00fa\u010dt\u016f s tyrany. Ned\u00e1vn\u00e1 historie n\u00e1s u\u010d\u00ed, \u017ee se to bohat\u011b vyplat\u00ed.<\/p>\n<p>Leckdo si to u\u017e nepamatuje, tak je asi dobr\u00e9 p\u0159ipomenout n\u011bco z na\u0161\u00ed ne tak d\u00e1vn\u00e9 historie. V roce 1978 se m\u011blo v komunistick\u00e9 Praze po\u0159\u00e1dat mistrovstv\u00ed sv\u011bta v ledn\u00edm hokeji. Hus\u00e1kovsk\u00fd totalitn\u00ed re\u017eim si u\u017e mnul ruce, jak ho v o\u010d\u00edch sv\u011btov\u00e9 ve\u0159ejnosti toto vrcholn\u00e9 kl\u00e1n\u00ed pos\u00edl\u00ed, legitimizuje, jak ucpe \u00fasta dom\u00e1c\u00ed opozici a nakonec je\u0161t\u011b p\u0159inese pen\u00edze do komunistick\u00e9 pokladni\u010dky.<\/p>\n<p>Na\u0161t\u011bst\u00ed se tehdej\u0161\u00ed demokratick\u00e9 sv\u011btov\u00e9 spole\u010denstv\u00ed nedalo zm\u00e1st l\u00edbiv\u00fdmi \u0159e\u010di\u010dkami o tom, jak bude \u0161ampion\u00e1t fungovat naopak coby okno do velk\u00e9ho sv\u011bta, jak prol\u00edn\u00e1n\u00ed sportovc\u016f, fanou\u0161k\u016f, funkcion\u00e1\u0159\u016f a sponzor\u016f pr\u00fd povede k prosakov\u00e1n\u00ed demokratick\u00fdch idej\u00ed do \u010deskoslovensk\u00e9ho koncentr\u00e1ku, jak \u017ee parta kolem Hlinky \u00fadajn\u011b obr\u00e1t\u00ed pozornost \u010deskoslovensk\u00e9 ve\u0159ejnosti k NHL a d\u011bn\u00ed ve sv\u011btov\u00e9m sportu v\u016fbec.<\/p>\n<p>Ka\u017ed\u00fd rozumn\u00fd \u010dlov\u011bk p\u0159ece musel v\u011bd\u011bt, \u017ee to je naopak, \u017ee po\u0159\u00e1d\u00e1n\u00ed \u0161ampion\u00e1tu by tehdy vedlo jen k uchl\u00e1cholen\u00ed ve\u0159ejnosti a k posilov\u00e1n\u00ed iluze, \u017ee je u n\u00e1s v\u0161e v po\u0159\u00e1dku. A tak bylo tehdy naprosto logicky a spr\u00e1vn\u011b rozhodnuto o odvol\u00e1n\u00ed pra\u017esk\u00e9ho \u0161ampion\u00e1tu a jeho p\u0159em\u00edst\u011bn\u00ed do Portugalska.<\/p>\n<p>V\u0161ichni v\u00edme, co n\u00e1sledovalo. \u010ceskoslovensk\u00fd lid kone\u010dn\u011b pochopil, \u017ee v tomto re\u017eimu se \u017e\u00e1dn\u00e9ho vrcholov\u00e9ho sportu nedo\u010dk\u00e1 a \u017ee je nutno j\u00edt do ulic. D\u00edky tomu u n\u00e1s hned n\u00e1sleduj\u00edc\u00edho roku u n\u00e1s komunismus padl. Neb\u00fdt toho, byli bychom museli \u010dekat je\u0161t\u011b dlouh\u00fdch deset let, ne\u017e bude zbo\u0159ena Berl\u00ednsk\u00e1 ze\u010f, ne\u017e se komunistick\u00fd re\u017eim zhrout\u00ed v cel\u00e9m v\u00fdchodn\u00edm bloku a ne\u017e ono domino zas\u00e1hne i n\u00e1s.<\/p>\n<p>Vzpome\u0148me na to, jak jsme byli \u0161\u0165astni, \u017ee se tenkr\u00e1t ono mistrovstv\u00ed u n\u00e1s nekonalo. Pr\u00e1v\u011b d\u00edky t\u00e9to sv\u00e9 zku\u0161enosti v\u00edme, \u017ee sportovn\u00ed bojkot je tou nejlep\u0161\u00ed cestou, jak k\u00e1cet nedemokratick\u00e9 re\u017eimy. Nebo \u017ee bych si to pamatoval \u0161patn\u011b?<\/p>\n<\/div>\n<p><a href=\"https:\/\/jakl.blog.idnes.cz\/blog.aspx?c=782799\">Zdroj<\/a><\/p>\n","protected":false},"excerpt":{"rendered":"<p>Sl\u00fdch\u00e1me posledn\u00ed dobou oportunistick\u00e9 hlasy, \u017ee pr\u00fd se politika do sportu tahat nem\u00e1, \u017ee sport m\u00e1 z\u016fstat apolitick\u00fd, \u017ee u\u017e ve star\u00e9m \u0158ecku \u0161la v \u010dase olympi\u00e1d politika i mezin\u00e1rodn\u00ed konflikty stranou.<\/p>\n","protected":false},"author":1,"featured_media":0,"comment_status":"open","ping_status":"open","sticky":false,"template":"","format":"standard","meta":{"ngg_post_thumbnail":0,"footnotes":""},"categories":[1],"tags":[],"class_list":["post-12543","post","type-post","status-publish","format-standard","hentry","category-publikovane-clanky"],"_links":{"self":[{"href":"https:\/\/www.ladislavjakl.cz\/index.php?rest_route=\/wp\/v2\/posts\/12543","targetHints":{"allow":["GET"]}}],"collection":[{"href":"https:\/\/www.ladislavjakl.cz\/index.php?rest_route=\/wp\/v2\/posts"}],"about":[{"href":"https:\/\/www.ladislavjakl.cz\/index.php?rest_route=\/wp\/v2\/types\/post"}],"author":[{"embeddable":true,"href":"https:\/\/www.ladislavjakl.cz\/index.php?rest_route=\/wp\/v2\/users\/1"}],"replies":[{"embeddable":true,"href":"https:\/\/www.ladislavjakl.cz\/index.php?rest_route=%2Fwp%2Fv2%2Fcomments&post=12543"}],"version-history":[{"count":1,"href":"https:\/\/www.ladislavjakl.cz\/index.php?rest_route=\/wp\/v2\/posts\/12543\/revisions"}],"predecessor-version":[{"id":12544,"href":"https:\/\/www.ladislavjakl.cz\/index.php?rest_route=\/wp\/v2\/posts\/12543\/revisions\/12544"}],"wp:attachment":[{"href":"https:\/\/www.ladislavjakl.cz\/index.php?rest_route=%2Fwp%2Fv2%2Fmedia&parent=12543"}],"wp:term":[{"taxonomy":"category","embeddable":true,"href":"https:\/\/www.ladislavjakl.cz\/index.php?rest_route=%2Fwp%2Fv2%2Fcategories&post=12543"},{"taxonomy":"post_tag","embeddable":true,"href":"https:\/\/www.ladislavjakl.cz\/index.php?rest_route=%2Fwp%2Fv2%2Ftags&post=12543"}],"curies":[{"name":"wp","href":"https:\/\/api.w.org\/{rel}","templated":true}]}}