{"id":12546,"date":"2022-02-16T09:55:09","date_gmt":"2022-02-16T08:55:09","guid":{"rendered":"http:\/\/www.ladislavjakl.cz\/?p=12546"},"modified":"2022-02-16T09:55:09","modified_gmt":"2022-02-16T08:55:09","slug":"kdo-maze-ten-jede-ale-kam","status":"publish","type":"post","link":"https:\/\/www.ladislavjakl.cz\/?p=12546","title":{"rendered":"Kdo ma\u017ee, ten jede. Ale kam?"},"content":{"rendered":"<div class=\"opener\">Britsk\u00e1 BBC ma\u017ee ve sv\u00fdch archivech a upravuje tak historii. Orwell tedy p\u0159edpov\u011bd\u011bl budoucnost ve vlastn\u00ed zemi. Kdo ovl\u00e1d\u00e1 minulost, ovl\u00e1d\u00e1 sou\u010dasnost, psal prorocky. Je ot\u00e1zkou, kde se mazac\u00ed kultura zastav\u00ed.<\/div>\n<p><!--more--><\/p>\n<div id=\"art-text\" class=\"text\">\n<p>\u00dadajn\u00fd vzor nez\u00e1vislosti, BBC (i kdy\u017e nev\u00edm, jak by se na\u0161im bojovn\u00edk\u016fm za samo\u0159\u00edzen\u00ed za ve\u0159ejn\u00e9 pen\u00edze l\u00edbil model dohledu intendantem jmenovan\u00fdm vl\u00e1dou), cenzuruje, a\u017e se z n\u00ed kou\u0159\u00ed. Pochopiteln\u011b v z\u00e1jmu div\u00e1k\u016f a poslucha\u010d\u016f. Po odhalen\u00ed novin\u00e1\u0159\u016f musela sama BBC p\u0159iznat, \u017ee v posledn\u00edch letech vys\u00edlala u n\u011bkter\u00fdch po\u0159ad\u016f u\u017e jejich zcenzurovan\u00e9, upraven\u00e9 verze. BBC uvedla, \u017ee epizody sv\u00fdch arch\u00edvn\u00edch po\u0159ad\u016f upravuje tak, aby byly vhodn\u00e9 k vys\u00edl\u00e1n\u00ed i v dne\u0161n\u00ed dob\u011b, tedy aby pr\u00fd odpov\u00eddaly sou\u010dasn\u00fdm spole\u010densk\u00fdm mrav\u016fm. Dne\u0161n\u00ed poslucha\u010d se prost\u011b nesm\u00ed dozv\u011bd\u011bt, \u017ee je\u0161t\u011b ned\u00e1vno byl sv\u011bt v\u00edcem\u00e9n\u011b norm\u00e1ln\u00ed, mohlo by ho to pohor\u0161it.<\/p>\n<p>U mnoha star\u00fdch film\u016f i televizn\u00edch po\u0159ad\u016f si \u010dlov\u011bk opravdu \u0159ekne, \u017ee tohle by u\u017e dnes ur\u010dit\u011b nepro\u0161lo, to u\u017e by nikdo nenato\u010dil. A div\u00edme se, \u017ee to v\u016fbec dali do vys\u00edl\u00e1n\u00ed. Ale m\u00e1lokoho by napadlo, \u017ee n\u011bkdo s\u00e1hne do archivu a nevratn\u011b zcenzuruje a uprav\u00ed t\u0159eba i jen jednu jedinou posledn\u00ed dochovanou kopii po\u0159adu.<\/p>\n<p>V historii najdeme r\u016fzn\u00e9 podobn\u00e9 p\u0159\u00edklady. T\u0159eba p\u0159\u00edklad takov\u00e9ho \u0159\u00edmsk\u00e9ho c\u00edsa\u0159e z po\u010d\u00e1tku t\u0159et\u00edho stolet\u00ed Caracally. Ten nechal zamordovat vlastn\u00edho bratra, aby odstranil p\u0159\u00edpadn\u00e9ho konkurenta v mocensk\u00e9m boji. Asi pro tuto bratrovra\u017edu nebyl na sebe moc hrd\u00fd, a tak nechal z rodinn\u00e9ho obr\u00e1zku s c\u00edsa\u0159sk\u00fdm tat\u00ednkem Septimiem Severem sv\u00e9ho brat\u0159\u00ed\u010dka vymazat. Byl tu &#8211; a u\u017e nen\u00ed.<\/p>\n<p>Nebylo mu to nic platn\u00e9. Kdo \u010d\u00edm zach\u00e1z\u00ed, t\u00edm tak\u00e9 sch\u00e1z\u00ed, a tak byl Caracalla p\u0159i v\u00e1le\u010dn\u00e9m ta\u017een\u00ed proti Parth\u016fm s\u00e1m zavra\u017ed\u011bn. Kdo ma\u017ee, ten jede, ale leda do podsv\u011bt\u00ed. Kdov\u00ed, mo\u017en\u00e1 se Caracalla po noc\u00edch zjevuje novodob\u00fdm cenzor\u016fm a stra\u0161\u00ed je. \u010clov\u011bk se mus\u00ed pt\u00e1t: jak\u00fd sv\u016fj zlo\u010din tito cenzo\u0159i zakr\u00fdvaj\u00ed? Tak\u00e9 n\u011bco zavra\u017edili a te\u010f se o onom \u201emrtv\u00e9m\u201c nesm\u00ed nikdo dov\u011bd\u011bt?<\/p>\n<p>Ano. Jsou spoluvin\u00edky vra\u017edy star\u00e9ho dobr\u00e9ho norm\u00e1ln\u00edho sv\u011bta.<\/p>\n<\/div>\n<p><a href=\"https:\/\/jakl.blog.idnes.cz\/blog.aspx?c=783170\">Zdroj<\/a><\/p>\n","protected":false},"excerpt":{"rendered":"<p>Britsk\u00e1 BBC ma\u017ee ve sv\u00fdch archivech a upravuje tak historii. Orwell tedy p\u0159edpov\u011bd\u011bl budoucnost ve vlastn\u00ed zemi. Kdo ovl\u00e1d\u00e1 minulost, ovl\u00e1d\u00e1 sou\u010dasnost, psal prorocky. Je ot\u00e1zkou, kde se mazac\u00ed kultura zastav\u00ed.<\/p>\n","protected":false},"author":1,"featured_media":0,"comment_status":"open","ping_status":"open","sticky":false,"template":"","format":"standard","meta":{"ngg_post_thumbnail":0,"footnotes":""},"categories":[10],"tags":[],"class_list":["post-12546","post","type-post","status-publish","format-standard","hentry","category-zlehka"],"_links":{"self":[{"href":"https:\/\/www.ladislavjakl.cz\/index.php?rest_route=\/wp\/v2\/posts\/12546","targetHints":{"allow":["GET"]}}],"collection":[{"href":"https:\/\/www.ladislavjakl.cz\/index.php?rest_route=\/wp\/v2\/posts"}],"about":[{"href":"https:\/\/www.ladislavjakl.cz\/index.php?rest_route=\/wp\/v2\/types\/post"}],"author":[{"embeddable":true,"href":"https:\/\/www.ladislavjakl.cz\/index.php?rest_route=\/wp\/v2\/users\/1"}],"replies":[{"embeddable":true,"href":"https:\/\/www.ladislavjakl.cz\/index.php?rest_route=%2Fwp%2Fv2%2Fcomments&post=12546"}],"version-history":[{"count":1,"href":"https:\/\/www.ladislavjakl.cz\/index.php?rest_route=\/wp\/v2\/posts\/12546\/revisions"}],"predecessor-version":[{"id":12547,"href":"https:\/\/www.ladislavjakl.cz\/index.php?rest_route=\/wp\/v2\/posts\/12546\/revisions\/12547"}],"wp:attachment":[{"href":"https:\/\/www.ladislavjakl.cz\/index.php?rest_route=%2Fwp%2Fv2%2Fmedia&parent=12546"}],"wp:term":[{"taxonomy":"category","embeddable":true,"href":"https:\/\/www.ladislavjakl.cz\/index.php?rest_route=%2Fwp%2Fv2%2Fcategories&post=12546"},{"taxonomy":"post_tag","embeddable":true,"href":"https:\/\/www.ladislavjakl.cz\/index.php?rest_route=%2Fwp%2Fv2%2Ftags&post=12546"}],"curies":[{"name":"wp","href":"https:\/\/api.w.org\/{rel}","templated":true}]}}