{"id":1256,"date":"2011-09-07T15:52:20","date_gmt":"2011-09-07T14:52:20","guid":{"rendered":"http:\/\/www.ladislavjakl.cz\/?p=1256"},"modified":"2011-09-07T15:52:20","modified_gmt":"2011-09-07T14:52:20","slug":"hnis-z-mf-dnes-nechava-jakla-v-klidu-ma-repelent","status":"publish","type":"post","link":"https:\/\/www.ladislavjakl.cz\/?p=1256","title":{"rendered":"Hnis z MF DNES nech\u00e1v\u00e1 Jakla v klidu. M\u00e1 repelent"},"content":{"rendered":"<div>Sv\u00e9r\u00e1zn\u00fdm  zp\u016fsobem komentuje prezident\u016fv tajemn\u00edk Ladislav Jakl \u00fato\u010dn\u00e9 \u010dl\u00e1nky MF  DNES. Na ten nejnov\u011bj\u0161\u00ed vymyslel tak\u0159ka &#8222;kame\u0148\u00e1ckou&#8220; reakci.<\/div>\n<div><\/div>\n<div><!--more--><\/div>\n<p>Z\u00e1stupce  \u0161\u00e9fredaktora Karel \u0160krabal toti\u017e v dne\u0161n\u00edm koment\u00e1\u0159i MF DNES &#8222;Co s  Klausem? Nerezignovat a d\u011blat, co mu vad\u00ed&#8220; zesm\u011b\u0161\u0148uje prezidenta i jeho  bl\u00edzk\u00e9 spolupracovn\u00edky.<\/p>\n<p>&#8222;Klaus i s hradn\u00edmi st\u0159elci Jaklem a  H\u00e1jkem agresivn\u011b ur\u010duj\u00ed t\u00e9mata spole\u010densk\u00e9 debaty. Nen\u00ed to jen  intelektu\u00e1ln\u00ed jisk\u0159en\u00ed. Je to boj, kter\u00fd m\u00e1 d\u016fsledky. D\u016fkazem budi\u017e  t\u0159eba osud Kaplick\u00e9ho knihovny. Co se stane, a\u017e bude tato \u00b4skupinka  salonn\u00edch provokat\u00e9r\u016f\u00b4 stejn\u011b \u00fasp\u011b\u0161n\u00e1 nap\u0159\u00edklad v pot\u00edr\u00e1n\u00ed svobody  projevu pro homosexu\u00e1ln\u00ed men\u0161inu?&#8220; pt\u00e1 se \u0160krabal.<\/p>\n<p>Na hloup\u00e9  \u010dl\u00e1nky nelze reagovat v\u00e1\u017en\u011b. Na koment\u00e1\u0159e pln\u00e9 nad\u00e1vek nelze odpov\u00eddat  poctiv\u00fdmi argumenty. N\u011bkdy je t\u0159eba nad novin\u00e1\u0159em zlomit h\u016fl a ignorovat  ho. Jakl proto m\u011bn\u00ed taktiku. \u010cl\u00e1nek, kter\u00fd pova\u017euje za pln\u00fd hnisu, mu  nestoj\u00ed za jinou ne\u017e n\u00e1sleduj\u00edc\u00ed odpov\u011b\u010f.<\/p>\n<p>&#8222;Kdy\u017e m\u011b jednou p\u00edchnul  mal\u00fd kom\u00e1r, po\u0159\u00e1d jsem se \u0161krabal. A\u017e se to zan\u00edtilo. Od t\u00e9 doby  pou\u017e\u00edv\u00e1m repelent a m\u00edsto \u0161krab\u00e1n\u00ed fenistil. A hnis nehroz\u00ed,&#8220; odpov\u011bd\u011bl  Jakl tajemn\u011b.<\/p>\n<p>T\u011b\u017eko \u0159\u00edci, co svou odpov\u011bd\u00ed myslel. Nar\u00e1\u017eka na  autora \u010dl\u00e1nku je jasn\u00e1 na prvn\u00ed pohled, ale jinotaj mo\u017en\u00e1 ukr\u00fdv\u00e1 i v\u00edce.  Nen\u00ed n\u00e1hodou &#8222;mal\u00fd kom\u00e1r&#8220; dal\u0161\u00ed zap\u0161kl\u00fd protiklausovsk\u00fd koment\u00e1tor MF  DNES Martin Kom\u00e1rek? Naposledy za\u00fato\u010dil na Hrad &#8211; v\u010dera. Napsal  nap\u0159\u00edklad, \u017ee &#8222;B\u016fh dal (V\u00e1clavu Klausovi) \u0159adu talent\u016f, ale potrestal ho  ve smyslu pro humor. Ten nem\u00e1 \u017e\u00e1dn\u00fd. A pokud ano, tak ho ch\u00e1pou jen  Jakl a H\u00e1jek.&#8220;<\/p>\n<p>\u00datoky MF DNES sm\u011brem na Hrad jsou dlouhodob\u00e9, ale  eskalovaly p\u0159ed n\u011bkolika t\u00fddny, kdy se den\u00edk nap\u0159\u00edklad ostrou kampan\u00ed  pustil do prezidentova tajemn\u00edka Jakla. Ne\u0161lo sice o nijak  kompromituj\u00edc\u00ed materi\u00e1l (den\u00edk va\u0159il &#8222;kauzu&#8220; z toho, \u017ee Jakl poskytl  n\u011bkomu rozhovor), ale uk\u00e1zalo se, \u017ee \u0161lo o materi\u00e1l &#8222;\u0161upl\u00edkov\u00fd&#8220;, tedy o  starou ud\u00e1lost, kterou den\u00edk vyt\u00e1hl naprosto \u00fa\u010delov\u011b ve chv\u00edli, kdy se  mu to hodilo.<\/p>\n<p>Jakl tehdy reagoval na tento a dal\u0161\u00ed \u010dl\u00e1nky MF DNES  \u010dl\u00e1nkem &#8222;Jak ze m\u011b novin\u00e1\u0159i ud\u011blali n\u00e1cka&#8220;. &#8222;Bl\u00ed\u017e\u00edme se k dob\u00e1m, kdy  nikoho nebudou zaj\u00edmat n\u00e1zory a argumenty, ale kdo kdy koho s k\u00fdm  vyfot\u00ed. Zastavte \u010das, chci vystoupit,&#8220; p\u00ed\u0161e Jakl v z\u00e1v\u011bru sv\u00e9ho  zamy\u0161len\u00ed.<\/p>\n<p><a href=\"http:\/\/www.prvnizpravy.cz\/zpravy\/z-domova\/hnis-z-mf-dnes-nechava-jakla-v-klidu--ma-repelent\/\" target=\"_blank\">Zdroj<\/a><\/p>\n","protected":false},"excerpt":{"rendered":"<p>Sv\u00e9r\u00e1zn\u00fdm zp\u016fsobem komentuje prezident\u016fv tajemn\u00edk Ladislav Jakl \u00fato\u010dn\u00e9 \u010dl\u00e1nky MF DNES. Na ten nejnov\u011bj\u0161\u00ed vymyslel tak\u0159ka &#8222;kame\u0148\u00e1ckou&#8220; reakci.<\/p>\n","protected":false},"author":1,"featured_media":0,"comment_status":"open","ping_status":"open","sticky":false,"template":"","format":"standard","meta":{"ngg_post_thumbnail":0,"footnotes":""},"categories":[6],"tags":[],"class_list":["post-1256","post","type-post","status-publish","format-standard","hentry","category-co-jsem-nerekl"],"_links":{"self":[{"href":"https:\/\/www.ladislavjakl.cz\/index.php?rest_route=\/wp\/v2\/posts\/1256","targetHints":{"allow":["GET"]}}],"collection":[{"href":"https:\/\/www.ladislavjakl.cz\/index.php?rest_route=\/wp\/v2\/posts"}],"about":[{"href":"https:\/\/www.ladislavjakl.cz\/index.php?rest_route=\/wp\/v2\/types\/post"}],"author":[{"embeddable":true,"href":"https:\/\/www.ladislavjakl.cz\/index.php?rest_route=\/wp\/v2\/users\/1"}],"replies":[{"embeddable":true,"href":"https:\/\/www.ladislavjakl.cz\/index.php?rest_route=%2Fwp%2Fv2%2Fcomments&post=1256"}],"version-history":[{"count":1,"href":"https:\/\/www.ladislavjakl.cz\/index.php?rest_route=\/wp\/v2\/posts\/1256\/revisions"}],"predecessor-version":[{"id":1257,"href":"https:\/\/www.ladislavjakl.cz\/index.php?rest_route=\/wp\/v2\/posts\/1256\/revisions\/1257"}],"wp:attachment":[{"href":"https:\/\/www.ladislavjakl.cz\/index.php?rest_route=%2Fwp%2Fv2%2Fmedia&parent=1256"}],"wp:term":[{"taxonomy":"category","embeddable":true,"href":"https:\/\/www.ladislavjakl.cz\/index.php?rest_route=%2Fwp%2Fv2%2Fcategories&post=1256"},{"taxonomy":"post_tag","embeddable":true,"href":"https:\/\/www.ladislavjakl.cz\/index.php?rest_route=%2Fwp%2Fv2%2Ftags&post=1256"}],"curies":[{"name":"wp","href":"https:\/\/api.w.org\/{rel}","templated":true}]}}