{"id":12565,"date":"2022-02-28T09:29:34","date_gmt":"2022-02-28T08:29:34","guid":{"rendered":"http:\/\/www.ladislavjakl.cz\/?p=12565"},"modified":"2022-02-28T09:29:34","modified_gmt":"2022-02-28T08:29:34","slug":"totalitni-eu-je-treba-opustit-shodli-se-na-tom-ucastnici-seminare-akce-d-o-s-t","status":"publish","type":"post","link":"https:\/\/www.ladislavjakl.cz\/?p=12565","title":{"rendered":"Totalitn\u00ed EU je t\u0159eba opustit. Shodli se na tom \u00fa\u010dastn\u00edci semin\u00e1\u0159e Akce D.O.S.T."},"content":{"rendered":"<p>Totalitn\u00ed Evropskou unii je t\u0159eba co nejd\u0159\u00edve opustit a obnovit plnou st\u00e1tn\u00ed svrchovanost \u010cesk\u00e9 republiky, i kdy\u017e to v&nbsp;sou\u010dasn\u00fdch podm\u00ednk\u00e1ch bude velmi obt\u00ed\u017en\u00e9. Shodli se na tom \u00fa\u010dastn\u00edci semin\u00e1\u0159e, kter\u00fd v&nbsp;pond\u011bl\u00ed 14. \u00fanora uspo\u0159\u00e1dala v&nbsp;Praze na Novotn\u00e9ho l\u00e1vce&nbsp;<a href=\"http:\/\/www.akce-dost.cz\/\" target=\"_blank\" rel=\"noopener\" data-type=\"URL\" data-id=\"http:\/\/www.akce-dost.cz\/\">Akce D.O.S.T.<\/a>&nbsp;pod n\u00e1zvem&nbsp;<a href=\"http:\/\/www.akce-dost.cz\/2022\/02\/02\/2876\/\" target=\"_blank\" rel=\"noopener\" data-type=\"URL\" data-id=\"http:\/\/www.akce-dost.cz\/2022\/02\/02\/2876\/\">DOST bylo Bruselu<\/a>.<\/p>\n<p><!--more--><\/p>\n<p><img loading=\"lazy\" decoding=\"async\" class=\"wp-image-1001\" src=\"https:\/\/paralelne.cz\/wp-content\/uploads\/2022\/02\/DSCN0023-700x525.jpg\" sizes=\"auto, (max-width: 547px) 100vw, 547px\" srcset=\"https:\/\/paralelne.cz\/wp-content\/uploads\/2022\/02\/DSCN0023-700x525.jpg 700w, https:\/\/paralelne.cz\/wp-content\/uploads\/2022\/02\/DSCN0023-300x225.jpg 300w, https:\/\/paralelne.cz\/wp-content\/uploads\/2022\/02\/DSCN0023-768x576.jpg 768w, https:\/\/paralelne.cz\/wp-content\/uploads\/2022\/02\/DSCN0023-1536x1152.jpg 1536w, https:\/\/paralelne.cz\/wp-content\/uploads\/2022\/02\/DSCN0023-2048x1536.jpg 2048w\" alt=\"\" width=\"547\" height=\"409\"><\/p>\n<div class=\"wp-block-image\">\n<figure class=\"aligncenter size-large is-resized\"><figcaption>Prvn\u00ed panel \u2013 P\u0159\u00ednosy a \u00faskal\u00ed referenda<\/figcaption><\/figure>\n<\/div>\n<p>Referendum o vystoupen\u00ed z&nbsp;EU by mohlo b\u00fdt p\u0159\u00edle\u017eitost\u00ed p\u0159esv\u011bd\u010dit ve\u0159ejnost o \u0161kodlivosti na\u0161eho \u010dlenstv\u00ed v&nbsp;Evropsk\u00e9 unii a sezn\u00e1mit ob\u010dany s&nbsp;negativy, kter\u00e9 na\u0161e \u010dlenstv\u00ed p\u0159in\u00e1\u0161\u00ed. Z\u00e1rove\u0148, je to p\u0159\u00edle\u017eitost prezentovat na\u0161e my\u0161lenky \u0161irok\u00e9 ve\u0159ejnosti. \u201eOb\u010dan\u00e9 by m\u011bli dostat prostor, aby projevili sv\u016fj n\u00e1zor\u201c uvedl politolog Tom\u00e1\u0161 Dole\u017eal, kter\u00fd vystoupil na prvn\u00edm panelu s&nbsp;n\u00e1zvem&nbsp;<strong>\u201e<\/strong><a href=\"https:\/\/www.facebook.com\/RaptorTV.cz\/videos\/933545300684802\" target=\"_blank\" rel=\"noopener\" data-type=\"URL\" data-id=\"https:\/\/www.facebook.com\/RaptorTV.cz\/videos\/933545300684802\">P\u0159\u00ednosy a \u00faskal\u00ed referenda<\/a>\u201c, ve kter\u00e9m zastoupil poslance SPD Ji\u0159\u00edho Kobzu. EU podle n\u011bho vytv\u00e1\u0159\u00ed st\u00e1le v\u011bt\u0161\u00ed tlak na centralizaci a \u010cesk\u00e1 vl\u00e1da rezignovala na obhajobu na\u0161ich z\u00e1jm\u016f. My\u0161lenka odchodu z&nbsp;EU se tak podle n\u011bho st\u00e1v\u00e1 st\u00e1le nal\u00e9hav\u011bj\u0161\u00ed.<\/p>\n<p>M\u00edstop\u0159edseda Akce D.O.S.T. Michal Sem\u00edn, kter\u00fd cel\u00fdm ve\u010derem prov\u00e1zel p\u0159ipomn\u011bl, \u017ee p\u0159ed dvaceti lety bylo zalo\u017eeno ob\u010dansk\u00e9 sdru\u017een\u00ed Ob\u010dan\u00e9 proti EU (OPEU), kter\u00e9 varovalo ve sv\u00e9m Manifestu p\u0159ed vstupem \u010cR do EU. Na kampani proti vstupu do EU se pod\u00edlelo mnoho osobnost\u00ed, kter\u00e9 v roce 2007 p\u0159ipojily sv\u00e9 podpisy pod&nbsp;<a href=\"http:\/\/www.akce-dost.cz\/manifest-dost\/\" target=\"_blank\" rel=\"noopener\" data-type=\"URL\" data-id=\"http:\/\/www.akce-dost.cz\/manifest-dost\/\">Manifest D.O.S.T.<\/a>, obhajuj\u00edc\u00ed svobodu jednotlivce a st\u00e1tn\u00ed suverenitu. Sem\u00edn z\u00e1rove\u0148 odcitoval \u00faryvek z&nbsp;Manifestu OPEU.<\/p>\n<div class=\"wp-block-image\">\n<figure class=\"aligncenter size-large is-resized\"><img loading=\"lazy\" decoding=\"async\" class=\"wp-image-1002\" src=\"https:\/\/paralelne.cz\/wp-content\/uploads\/2022\/02\/DSCN0004-700x525.jpg\" alt=\"\" width=\"546\" height=\"408\"><figcaption>Cel\u00fd ve\u010der moderoval m\u00edstop\u0159edseda Akce D.O.S.T. Michal Sem\u00edn<\/figcaption><\/figure>\n<\/div>\n<p>\u201ePrincipem politick\u00e9ho my\u0161len\u00ed p\u0159edstavitel\u016f EU, stejn\u011b jako marxist\u016f je historick\u00fd determinismus a p\u0159esv\u011bd\u010den\u00ed o \u201eodum\u00edr\u00e1n\u00ed n\u00e1rod\u016f\u201c. Podle n\u011bj prob\u00edhaj\u00ed d\u011bjiny po nezm\u011bniteln\u00fdch drah\u00e1ch, lhostejno, co \u010din\u00edme, a\u017e do v\u00edt\u011bzstv\u00ed socialismu a komunismu. P\u0159esn\u011b tyto obrazy jsou v EU op\u011btovn\u011b pou\u017e\u00edv\u00e1ny. V\u0161ichni politici, v\u010detn\u011b \u010desk\u00fdch, pou\u017e\u00edvaj\u00ed p\u0159\u00edklad vlaku, kter\u00fd se ji\u017e rozjel a kdo nenasko\u010d\u00ed, m\u00e1 sm\u016flu. Nikdo ale p\u0159esn\u011b nev\u00ed, do kter\u00e9ho c\u00edlov\u00e9ho n\u00e1dra\u017e\u00ed jede!\u201c<\/p>\n<p>P\u0159edsedkyn\u011b Trikolory Zuzana Majerov\u00e1 Zahradn\u00edkov\u00e1 jasn\u011b deklarovala p\u0159ipravenost usilovat o pln\u00e9 obnoven\u00ed na\u0161\u00ed st\u00e1tn\u00ed suverenity v\u010detn\u011b vystoupen\u00ed z&nbsp;EU. Z\u00e1rove\u0148 pouk\u00e1zala na mnoho p\u0159ek\u00e1\u017eek, kter\u00e9 n\u00e1s na cest\u011b k&nbsp;obnoven\u00ed pln\u00e9 st\u00e1tn\u00ed svrchovanosti \u010dekaj\u00ed. Tyto obt\u00ed\u017ee by n\u00e1s ale nem\u011bly odradit od \u00fasil\u00ed opustit EU. \u201eV Evropsk\u00e9 unii v&nbsp;tomto molochu ji\u017e nechceme b\u00fdt. Nesm\u00ed se rozhodovat v Bruselu \u010di Berl\u00edn\u011b. Trikol\u00f3ra v\u017edy podpo\u0159\u00ed v\u0161echny iniciativy, kter\u00e9 rozvoln\u00ed na\u0161e vztahy s Evropskou uni\u00ed, v\u010detn\u011b referenda o \u010dlenstv\u00ed v EU,\u201c uvedla Majerov\u00e1 Zahradn\u00edkov\u00e1.<\/p>\n<div class=\"wp-block-image\">\n<figure class=\"aligncenter size-large is-resized\"><img loading=\"lazy\" decoding=\"async\" class=\"wp-image-1004\" src=\"https:\/\/paralelne.cz\/wp-content\/uploads\/2022\/02\/DSCN0056-700x525.jpg\" alt=\"\" width=\"586\" height=\"438\"><figcaption>S\u00e1l na Novotn\u00e9ho l\u00e1vce byl pln\u00fd<\/figcaption><\/figure>\n<\/div>\n<p>Podle p\u0159edsedy hnut\u00ed Otev\u0159eme \u010cesko Jakuba Olberta, je vystoupen\u00ed z&nbsp;EU nevyhnuteln\u00e9. Z\u00e1rove\u0148 uvedl, \u017ee by s&nbsp;vystoupen\u00edm p\u0159\u00edli\u0161 neot\u00e1lel, nebo\u0165 situace v&nbsp;budoucnu by se mohla pro takov\u00fd krok je\u0161t\u011b zhor\u0161it. \u201e\u010c\u00edm d\u00e1le budeme s&nbsp;vystoupen\u00edm ot\u00e1let t\u00edm h\u016f\u0159e. EU je jednozna\u010dn\u00e9 zlo a je t\u0159eba vystoupit co nejd\u0159\u00edv\u201c, uvedl p\u0159edseda hnut\u00ed, kter\u00e9 zorganizovalo \u0159adu demonstrac\u00ed proti covidov\u00e9 totalit\u011b a vl\u00e1dou prosazovan\u00e9mu pandemick\u00e9mu z\u00e1konu.<\/p>\n<p>Medi\u00e1ln\u00ed krajinu p\u0159ed p\u0159\u00edpadn\u00fdm referendem popsal vysoko\u0161kolsk\u00fd pedagog a medi\u00e1ln\u00ed expert Petr \u017dantovsk\u00fd, podle kter\u00e9ho v&nbsp;budoucnu hroz\u00ed, \u017ee cenzorsk\u00e9 \u00fa\u0159ady p\u016fsob\u00edc\u00ed p\u0159i n\u011bkter\u00fdch ministerstvech, kter\u00e9 se sna\u017e\u00ed zlikvidovat svobodu slova a sna\u017e\u00ed se vyhladov\u011bt alternativn\u00ed m\u00e9dia, by mohla v&nbsp;budoucnu podm\u00ednky pro p\u0159\u00edpadn\u00e9 referendum u\u010dinit je\u0161t\u011b hor\u0161\u00edmi ne\u017e je tomu dnes.<\/p>\n<div class=\"wp-block-image\">\n<figure class=\"aligncenter size-large is-resized\"><img loading=\"lazy\" decoding=\"async\" class=\"wp-image-1005\" src=\"https:\/\/paralelne.cz\/wp-content\/uploads\/2022\/02\/DSCN0095-700x525.jpg\" alt=\"\" width=\"578\" height=\"432\"><figcaption>Druh\u00fd panel \u2013 Jsme p\u0159ipraveni na obnoven\u00ed st\u00e1tn\u00ed suverenity?<\/figcaption><\/figure>\n<\/div>\n<p>P\u0159edseda spolku Odchod Mat\u011bj Gregor zab\u00fdvaj\u00edc\u00ed se propagac\u00ed na\u0161eho vystoupen\u00ed z&nbsp;EU p\u0159ev\u00e1\u017en\u011b mezi ml\u00e1de\u017e\u00ed, vyzval k&nbsp;co nejrychlej\u0161\u00edmu uspo\u0159\u00e1d\u00e1n\u00ed referenda a popsal situaci, kter\u00e1 p\u0159edch\u00e1zela Brexitu, kter\u00fd byl \u00fasp\u011b\u0161n\u00fd i d\u00edky jasn\u011b nastaven\u00fdm parametr\u016fm kampan\u011b pro odp\u016frce a p\u0159\u00edznivce setrv\u00e1n\u00ed v&nbsp;EU na britsk\u00fdch ostrovech. Pr\u016fb\u011bh britsk\u00e9ho referenda dal do ostr\u00e9ho protikladu ke manipulovan\u00e9mu referendu o na\u0161em vstupu do EU v&nbsp;roce 2003.<\/p>\n<p>Ve druh\u00e9m panelu nazvan\u00e9m \u201e<a href=\"https:\/\/www.facebook.com\/RaptorTV.cz\/videos\/464588048727832\" target=\"_blank\" rel=\"noopener\" data-type=\"URL\" data-id=\"https:\/\/www.facebook.com\/RaptorTV.cz\/videos\/464588048727832\">Jsme p\u0159ipraveni na obnoven\u00ed st\u00e1tn\u00ed suverenity?<\/a>\u201c Vystoupil medi\u00e1ln\u00ed analytik, hudebn\u00edk a b\u00fdval\u00fd \u0159editel politick\u00e9ho odboru Kancel\u00e1\u0159e prezidenta republiky Ladislav Jakl kter\u00fd, p\u0159\u00edtomn\u00e9 vyzval, aby&nbsp; protentokr\u00e1t zapomn\u011bli na to, co n\u00e1s rozd\u011bluje a sna\u017eili se co nejd\u0159\u00edve obnovit&nbsp; na\u0161i st\u00e1tn\u00ed svrchovanost. \u201ePro tentokr\u00e1t je t\u0159eba, aby se hr\u00e1\u010di Sparty a Sl\u00e1vie spojili a spole\u010dn\u011b usilovali o n\u00e1vrat politick\u00e9ho h\u0159i\u0161t\u011b, kter\u00e9 n\u00e1m Brusel vzal.\u201c<\/p>\n<div class=\"wp-block-image\">\n<figure class=\"aligncenter size-large is-resized\"><img loading=\"lazy\" decoding=\"async\" class=\"wp-image-1006\" src=\"https:\/\/paralelne.cz\/wp-content\/uploads\/2022\/02\/DSCN0090-700x525.jpg\" sizes=\"auto, (max-width: 578px) 100vw, 578px\" srcset=\"https:\/\/paralelne.cz\/wp-content\/uploads\/2022\/02\/DSCN0090-700x525.jpg 700w, https:\/\/paralelne.cz\/wp-content\/uploads\/2022\/02\/DSCN0090-300x225.jpg 300w, https:\/\/paralelne.cz\/wp-content\/uploads\/2022\/02\/DSCN0090-768x576.jpg 768w, https:\/\/paralelne.cz\/wp-content\/uploads\/2022\/02\/DSCN0090-1536x1152.jpg 1536w, https:\/\/paralelne.cz\/wp-content\/uploads\/2022\/02\/DSCN0090-2048x1536.jpg 2048w\" alt=\"\" width=\"578\" height=\"433\"><figcaption>Europoslanci SPD Ivanu Davidovi pozor\u011b naslouchaj\u00ed Ladislav Jakl a Michal Sem\u00edn<\/figcaption><\/figure>\n<\/div>\n<p>Z\u00e1stupce Spojenectv\u00ed \u0158\u00edp Anton\u00edn Baudy\u0161 upozornil ve sv\u00e9m vystoupen\u00ed, \u017ee boj proti glob\u00e1ln\u00edm elit\u00e1m, by se nem\u011bl soust\u0159e\u010fovat pouze na EU, kter\u00e1 je podle n\u011bho sou\u010d\u00e1st\u00ed \u0161ir\u0161\u00edch glob\u00e1ln\u00edch struktur. \u201eJsou to pouze nosi\u010di vody,\u201c uvedl. Skute\u010dn\u00ed hybatel\u00e9 jsou tak podle Baudy\u0161e skryti.&nbsp;&nbsp;&nbsp;<\/p>\n<p>B\u00fdval\u00fd ministr zdravotnictv\u00ed a sou\u010dasn\u00fd europoslanec a \u010dlen p\u0159edsednictva SPD Ivan David analyzoval s&nbsp;ohledem na historick\u00e9 zku\u0161enosti mo\u017enosti vyhl\u00e1\u0161en\u00ed referenda a varoval p\u0159ed nejednotnost\u00ed euroskeptick\u00e9 opozice v&nbsp;t\u00e9to ot\u00e1zce. Struktury EU jsou podle n\u011bho p\u0159ipraveny pod jakoukoliv z\u00e1minkou zlikvidovat n\u00e1rodn\u00ed st\u00e1ty, nebo\u0165 pro nadn\u00e1rodn\u00ed kapit\u00e1l, kter\u00fd stoj\u00ed za glob\u00e1ln\u00edmi korporacemi, p\u0159edstavuj\u00ed n\u00e1rodn\u00ed st\u00e1ty zbyte\u010dnou komplikaci v&nbsp;syst\u00e9mu \u0159\u00edzen\u00ed. P\u0159esto si dle sv\u00fdch zku\u0161enost\u00ed z&nbsp;europarlamentu uv\u011bdomuje, \u017ee i kdy\u017e jsou struktury stoj\u00edc\u00ed za EU dnes velmi siln\u00e9, p\u0159esto m\u016f\u017ee v&nbsp;budoucnu doj\u00edt k&nbsp;revolu\u010dn\u00ed situaci a EU by se mohla rozpadnout d\u0159\u00edve, ne\u017e si mysl\u00edme. Na takovouto eventualitu bychom m\u011bli b\u00fdt podle Davida p\u0159ipraveni.<\/p>\n<div class=\"wp-block-image\">\n<figure class=\"aligncenter size-large is-resized\"><img loading=\"lazy\" decoding=\"async\" class=\"wp-image-1007\" src=\"https:\/\/paralelne.cz\/wp-content\/uploads\/2022\/02\/DSCN0099-1-700x525.jpg\" sizes=\"auto, (max-width: 598px) 100vw, 598px\" srcset=\"https:\/\/paralelne.cz\/wp-content\/uploads\/2022\/02\/DSCN0099-1-700x525.jpg 700w, https:\/\/paralelne.cz\/wp-content\/uploads\/2022\/02\/DSCN0099-1-300x225.jpg 300w, https:\/\/paralelne.cz\/wp-content\/uploads\/2022\/02\/DSCN0099-1-768x576.jpg 768w, https:\/\/paralelne.cz\/wp-content\/uploads\/2022\/02\/DSCN0099-1-1536x1152.jpg 1536w, https:\/\/paralelne.cz\/wp-content\/uploads\/2022\/02\/DSCN0099-1-2048x1536.jpg 2048w\" alt=\"\" width=\"598\" height=\"448\"><figcaption>Filosof a b\u00fdval\u00fd n\u00e1m\u011bstek ministra zahrani\u010d\u00ed Ji\u0159\u00ed Hejlek<\/figcaption><\/figure>\n<\/div>\n<p>Filosof Ji\u0159\u00ed Hejlek, upozornil, \u017ee ko\u0159enem zla nen\u00ed EU samotn\u00e1, ale glob\u00e1ln\u00ed plutokracie, kter\u00e1 EU vyu\u017e\u00edv\u00e1 jako sv\u016fj n\u00e1stroj k&nbsp;ovl\u00e1d\u00e1n\u00ed evropsk\u00fdch st\u00e1t\u016f. \u201eJak vid\u00edme v&nbsp;ostatn\u00edch evropsk\u00fdch z\u00e1padn\u00edch zem\u00edch, kter\u00e9 nejsou \u010dleny EU, jako je \u0160v\u00fdcarsko, Norsko nebo Velk\u00e1 Brit\u00e1nie \u00fatok progresivist\u016f na z\u00e1kladn\u00ed hodnoty jako je rodina prob\u00edh\u00e1 v&nbsp;nezten\u010den\u00e9 m\u00ed\u0159e jako v \u010dlensk\u00fdch zem\u00edch EU,\u201c uvedl Hejlek<\/p>\n<p>P\u0159edseda Svobodn\u00fdch Libor Vondr\u00e1\u010dek se v\u011bnoval ve sv\u00e9m vystoupen\u00ed pr\u00e1vn\u00edmu r\u00e1mci, kter\u00fdm Evropsk\u00e1 unie pomoc\u00ed sm\u011brnic a na\u0159\u00edzen\u00ed omezuje na\u0161i st\u00e1tn\u00ed svrchovanost.<\/p>\n<p>B\u00fdval\u00fd ministr a velvyslanec v&nbsp;Rusku a na Ukrajin\u011b poslanec SPD Jaroslav Ba\u0161ta upozornil, \u017ee k&nbsp;rozpadu EU m\u016f\u017ee doj\u00edt d\u0159\u00edve ne\u017e bychom p\u0159edpokl\u00e1dali, a proto bychom m\u011bli b\u00fdt na tuto eventualitu p\u0159ipraveni. Z\u00e1rove\u0148 upozornil na podobnost sou\u010dasn\u00fdch pl\u00e1n\u016f EU jako je Green Deal a podobn\u00e9 projekty s&nbsp;revolu\u010dn\u00edmi projekty Mao \u2013 Ce tunga, jeho\u017e Velk\u00fd revolu\u010dn\u00ed skok vedl k&nbsp;hladomoru, je\u017e m\u011bl za ob\u011bti des\u00edtky milion\u016f \u017eivot\u016f. K&nbsp;mezin\u00e1rodn\u00edmu zakotven\u00ed \u010cR po p\u0159\u00edpadn\u00e9m opu\u0161t\u011bn\u00ed EU Ba\u0161ta uvedl, \u017ee jednou z&nbsp;alternativ by mohla b\u00fdt St\u0159edoevropsk\u00e1 unie, kter\u00e1 by po rozpadu EU mohla nahradit sou\u010dasn\u00fd nefunk\u010dn\u00ed centralistick\u00fd moloch Bruselu. Ba\u0161ta to \u0159ekl jako jeden z&nbsp;\u00fa\u010dastn\u00edk\u016f z\u00e1v\u011bre\u010dn\u00e9ho panelu nazvan\u00e9ho \u201e<a href=\"https:\/\/www.facebook.com\/RaptorTV.cz\/videos\/521047399307160\" target=\"_blank\" rel=\"noopener\" data-type=\"URL\" data-id=\"https:\/\/www.facebook.com\/RaptorTV.cz\/videos\/521047399307160\">Nov\u00e9 mezin\u00e1rodn\u00ed zakotven\u00ed svrchovan\u00e9 \u010cR.\u201c<\/a><\/p>\n<div class=\"wp-block-image\">\n<figure class=\"aligncenter size-large is-resized\"><img loading=\"lazy\" decoding=\"async\" class=\"wp-image-1009\" src=\"https:\/\/paralelne.cz\/wp-content\/uploads\/2022\/02\/DSCN0146-700x525.jpg\" sizes=\"auto, (max-width: 595px) 100vw, 595px\" srcset=\"https:\/\/paralelne.cz\/wp-content\/uploads\/2022\/02\/DSCN0146-700x525.jpg 700w, https:\/\/paralelne.cz\/wp-content\/uploads\/2022\/02\/DSCN0146-300x225.jpg 300w, https:\/\/paralelne.cz\/wp-content\/uploads\/2022\/02\/DSCN0146-768x576.jpg 768w, https:\/\/paralelne.cz\/wp-content\/uploads\/2022\/02\/DSCN0146-1536x1152.jpg 1536w, https:\/\/paralelne.cz\/wp-content\/uploads\/2022\/02\/DSCN0146-2048x1536.jpg 2048w\" alt=\"\" width=\"595\" height=\"446\"><figcaption>Poslanec SPD a b\u00fdval\u00fd velvyslanec na Ukrajin\u011b a v Rusku Jaroslav Ba\u0161ta<\/figcaption><\/figure>\n<\/div>\n<p><strong>H<\/strong>udebn\u00edk, spisovatel&nbsp;a m\u00edstop\u0159edseda Trikol\u00f3ry Petr \u0160t\u011bp\u00e1nek, varoval p\u0159ed z\u00e1vislost\u00ed na jak\u00e9koli velmoci. Podle n\u011bho bychom m\u011bli usilovat o co nejv\u011bt\u0161\u00ed samostatnost na jak\u00fdchkoli zahrani\u010dn\u00edch vlivech a\u0165 u\u017e p\u0159ich\u00e1zej\u00ed ze z\u00e1padu nebo z&nbsp;v\u00fdchodu. B\u00fdval\u00fd velvyslanec ve Francii politolog a vysoko\u0161kolsk\u00fd pedagog Petr Drul\u00e1k upozornil na obt\u00ed\u017enost cesty k&nbsp;\u00fapln\u00e9 samostatnosti a vyj\u00e1d\u0159il pochyby, zdali jsou v &nbsp;sou\u010dasn\u00e9 dob\u011b p\u0159\u00edzniv\u00e9 podm\u00ednky pro vystoupen\u00ed z EU.<\/p>\n<p>Varoval tak\u00e9 p\u0159ed \u201eHlubok\u00fdm st\u00e1tem,\u201c kter\u00fd pror\u016fst\u00e1 na\u0161i st\u00e1tn\u00ed spr\u00e1vu a velmi intenzivn\u011b, by se v&nbsp;p\u0159\u00edpad\u011b snahy o vystoupen\u00ed z&nbsp;EU nebo NATO proti takov\u00e9mu kroku br\u00e1nil. Drul\u00e1k z\u00e1rove\u0148 upozornil, \u017ee jednou z&nbsp;cest jak si vydob\u00fdt v\u011bt\u0161\u00ed d\u00edl svrchovanosti na t\u011bchto struktur\u00e1ch v&nbsp;mezin\u00e1rodn\u00edm m\u011b\u0159\u00edtku, je uplat\u0148ov\u00e1n\u00ed silov\u00e9ho vztahu s na\u0161imi partnery v\u010detn\u011b N\u011bmecka, kter\u00e9 je na n\u00e1s podle n\u011bho \u010d\u00e1ste\u010dn\u011b energeticky z\u00e1visl\u00e9. Krom\u011b toho je t\u0159eba rozv\u00edjet i kooperativn\u00ed p\u0159\u00e1telsk\u00e9 vazby s&nbsp;na\u0161imi nebli\u017e\u0161\u00edmi partnery v&nbsp;r\u00e1mci st\u0159edoevropsk\u00e9 spolupr\u00e1ce.<\/p>\n<div class=\"wp-block-image\">\n<figure class=\"aligncenter size-large is-resized\"><img loading=\"lazy\" decoding=\"async\" class=\"wp-image-1010\" src=\"https:\/\/paralelne.cz\/wp-content\/uploads\/2022\/02\/DSCN0137-1-700x525.jpg\" sizes=\"auto, (max-width: 575px) 100vw, 575px\" srcset=\"https:\/\/paralelne.cz\/wp-content\/uploads\/2022\/02\/DSCN0137-1-700x525.jpg 700w, https:\/\/paralelne.cz\/wp-content\/uploads\/2022\/02\/DSCN0137-1-300x225.jpg 300w, https:\/\/paralelne.cz\/wp-content\/uploads\/2022\/02\/DSCN0137-1-768x576.jpg 768w, https:\/\/paralelne.cz\/wp-content\/uploads\/2022\/02\/DSCN0137-1-1536x1152.jpg 1536w, https:\/\/paralelne.cz\/wp-content\/uploads\/2022\/02\/DSCN0137-1-2048x1536.jpg 2048w\" alt=\"\" width=\"575\" height=\"431\"><figcaption>Z\u00e1v\u011bre\u010dn\u00fd panel \u2013 Nov\u00e9 mezin\u00e1rodn\u00ed zakotven\u00ed svrchovan\u00e9 \u010cR<\/figcaption><\/figure>\n<\/div>\n<p>B\u00fdval\u00fd europoslanec a \u010dlen spr\u00e1vn\u00ed rady Institutu V\u00e1clava Klause Ivo Strej\u010dek, kter\u00fd cel\u00fd semin\u00e1\u0159 sv\u00fdm vystoupen\u00edm uzav\u0159el, upozornil na d\u016fle\u017eitost p\u0159\u00edpravy na kolaps EU, kter\u00fd podle n\u011bho m\u016f\u017ee p\u0159ij\u00edt brzy a mohl by n\u00e1m p\u0159in\u00e9st samostatnost, pokud na tuto eventualitu budeme dostate\u010dn\u011b p\u0159ipraveni. Z\u00e1rove\u0148 upozornil na hodnotov\u00fd rozklad Z\u00e1padu, kter\u00fd by k takov\u00e9muto v\u00fdvoji mohl v budoucnu p\u0159isp\u011bt.<\/p>\n<p>(Red \u2013 PA)&nbsp;&nbsp;&nbsp;<\/p>\n<p><a href=\"https:\/\/paralelne.cz\/2022\/02\/15\/totalitni-eu-je-treba-opustit-shodli-se-na-tom-ucastnici-seminare-akce-d-o-s-t\/\">Zdroj<\/a><\/p>\n","protected":false},"excerpt":{"rendered":"<p>Totalitn\u00ed Evropskou unii je t\u0159eba co nejd\u0159\u00edve opustit a obnovit plnou st\u00e1tn\u00ed svrchovanost \u010cesk\u00e9 republiky, i kdy\u017e to v&nbsp;sou\u010dasn\u00fdch podm\u00ednk\u00e1ch bude velmi obt\u00ed\u017en\u00e9. Shodli se na tom \u00fa\u010dastn\u00edci semin\u00e1\u0159e, kter\u00fd v&nbsp;pond\u011bl\u00ed 14. \u00fanora uspo\u0159\u00e1dala v&nbsp;Praze na Novotn\u00e9ho l\u00e1vce&nbsp;Akce D.O.S.T.&nbsp;pod n\u00e1zvem&nbsp;DOST bylo Bruselu.<\/p>\n","protected":false},"author":1,"featured_media":0,"comment_status":"open","ping_status":"open","sticky":false,"template":"","format":"standard","meta":{"ngg_post_thumbnail":0,"footnotes":""},"categories":[11],"tags":[],"class_list":["post-12565","post","type-post","status-publish","format-standard","hentry","category-ozvena"],"_links":{"self":[{"href":"https:\/\/www.ladislavjakl.cz\/index.php?rest_route=\/wp\/v2\/posts\/12565","targetHints":{"allow":["GET"]}}],"collection":[{"href":"https:\/\/www.ladislavjakl.cz\/index.php?rest_route=\/wp\/v2\/posts"}],"about":[{"href":"https:\/\/www.ladislavjakl.cz\/index.php?rest_route=\/wp\/v2\/types\/post"}],"author":[{"embeddable":true,"href":"https:\/\/www.ladislavjakl.cz\/index.php?rest_route=\/wp\/v2\/users\/1"}],"replies":[{"embeddable":true,"href":"https:\/\/www.ladislavjakl.cz\/index.php?rest_route=%2Fwp%2Fv2%2Fcomments&post=12565"}],"version-history":[{"count":1,"href":"https:\/\/www.ladislavjakl.cz\/index.php?rest_route=\/wp\/v2\/posts\/12565\/revisions"}],"predecessor-version":[{"id":12566,"href":"https:\/\/www.ladislavjakl.cz\/index.php?rest_route=\/wp\/v2\/posts\/12565\/revisions\/12566"}],"wp:attachment":[{"href":"https:\/\/www.ladislavjakl.cz\/index.php?rest_route=%2Fwp%2Fv2%2Fmedia&parent=12565"}],"wp:term":[{"taxonomy":"category","embeddable":true,"href":"https:\/\/www.ladislavjakl.cz\/index.php?rest_route=%2Fwp%2Fv2%2Fcategories&post=12565"},{"taxonomy":"post_tag","embeddable":true,"href":"https:\/\/www.ladislavjakl.cz\/index.php?rest_route=%2Fwp%2Fv2%2Ftags&post=12565"}],"curies":[{"name":"wp","href":"https:\/\/api.w.org\/{rel}","templated":true}]}}