{"id":12570,"date":"2022-03-09T08:55:59","date_gmt":"2022-03-09T07:55:59","guid":{"rendered":"http:\/\/www.ladislavjakl.cz\/?p=12570"},"modified":"2022-03-09T08:55:59","modified_gmt":"2022-03-09T07:55:59","slug":"na-ukrajince-si-nemusim-hrat-ja-je-drive-nepomlouval-rika-ladislav-jakl","status":"publish","type":"post","link":"https:\/\/www.ladislavjakl.cz\/?p=12570","title":{"rendered":"Na Ukrajince si nemus\u00edm hr\u00e1t. J\u00e1 je d\u0159\u00edve nepomlouval, \u0159\u00edk\u00e1 Ladislav Jakl"},"content":{"rendered":"<div class=\"elementor-element elementor-element-1d775077 elementor-widget elementor-widget-text-editor\" data-id=\"1d775077\" data-element_type=\"widget\" data-widget_type=\"text-editor.default\">\n<div class=\"elementor-widget-container\">\n<div class=\"elementor-text-editor elementor-clearfix\">\n<p>\u201ePutin m\u011bl u\u017e dost poni\u017eov\u00e1n\u00ed Ruska a marn\u00fdch snah sv\u00e9 zem\u011b o respekt Z\u00e1padu,\u201c \u0159\u00edk\u00e1 Ladislav Jakl. Pom\u00e1h\u00e1me nebo se jen p\u0159edv\u00e1d\u00edme? Jak vn\u00edm\u00e1 b\u00fdval\u00fd novin\u00e1\u0159 a tajemn\u00edk V\u00e1clava Klause uzav\u0159en\u00ed n\u011bkter\u00fdch m\u00e9di\u00ed a na co si m\u00e1me zvykat? Nejen o t\u011bchto t\u00e9matech v exkluzivn\u00edm rozhovoru&nbsp; pro VIPosobnosti.cz.<\/p>\n<\/div>\n<\/div>\n<\/div>\n<p><!--more--><\/p>\n<div class=\"elementor-element elementor-element-1dc35618 elementor-widget elementor-widget-text-editor\" data-id=\"1dc35618\" data-element_type=\"widget\" data-widget_type=\"text-editor.default\">\n<div class=\"elementor-widget-container\">\n<div class=\"elementor-text-editor elementor-clearfix\">\n<p><strong>Pane Jakle, poj\u010fme k t\u00e9matu posledn\u00edch dn\u00ed. Byla v\u00e1lka podle v\u00e1s nevyhnuteln\u00e1 a pro\u010d? Respektive, mohlo by to m\u00edt n\u011bjak\u00e9 d\u016fsledky pro Rusko, kdyby Putin k t\u011bmto tvrd\u00fdm opat\u0159en\u00edm, krok\u016fm nep\u0159istoupil?<\/strong><\/p>\n<p>D\u016fsledky to mo\u017en\u00e1 m\u00edt mohlo, ale j\u00e1 jsem p\u0159esv\u011bd\u010den, \u017ee nevyhnuteln\u00e1 nebyla. Byl jsem proti jin\u00fdm p\u0159\u00edpad\u016fm n\u00e1siln\u00fdch intervenc\u00ed (Srbsko, S\u00fdrie, Ir\u00e1k, Afgh\u00e1nist\u00e1n, Lybie\u2026), jsem i proti t\u00e9to. Ano, ch\u00e1pu d\u016fvody, ale to neznamen\u00e1, \u017ee bych rozhodnut\u00ed o pou\u017eit\u00ed n\u00e1sil\u00ed h\u00e1jil. Nikdy nen\u00ed pozd\u011b jednat, jednat a znovu jednat. Rusko m\u011blo pocit (a bylo v tom vehementn\u011b utvrzov\u00e1no), \u017ee s n\u00edm nikdo o jeho bezpe\u010dnosti a o rusk\u00e9 men\u0161in\u011b na Ukrajin\u011b jednat nechce, ale v\u017edy je prostor k jedn\u00e1n\u00ed a ke snaze m\u00edrov\u00e9ho \u0159e\u0161en\u00ed. I tehdy, kdy\u017e se to nezd\u00e1. A kdy\u017e u\u017e se tak nestalo do t\u00e9to chv\u00edle, a\u0165 se aspo\u0148 nyn\u00ed d\u011bl\u00e1 v\u0161e mo\u017en\u00e9 i nemo\u017en\u00e9, aby n\u00e1sil\u00ed bylo ukon\u010deno a aby rusk\u00e1 vojska co nejrychleji p\u0159estala st\u0159\u00edlet a ode\u0161la dom\u016f.<\/p>\n<\/div>\n<\/div>\n<\/div>\n<div class=\"elementor-element elementor-element-c352d3a elementor-widget elementor-widget-text-editor\" data-id=\"c352d3a\" data-element_type=\"widget\" data-widget_type=\"text-editor.default\">\n<div class=\"elementor-widget-container\">\n<div class=\"elementor-text-editor elementor-clearfix\">\n<p><b>Je prezident Putin opravdu velkou hrozbou nejen pro n\u00e1s, ale pro cel\u00fd sv\u011bt tak, jak to sly\u0161\u00edme a \u010dteme v m\u00e9di\u00edch?<\/b><\/p>\n<p>Putin m\u011bl u\u017e dost poni\u017eov\u00e1n\u00ed Ruska a marn\u00fdch snah sv\u00e9 zem\u011b o respekt Z\u00e1padu. Vyhodnotil (podle mne naprosto p\u0159ed\u010dasn\u011b), \u017ee Rusku hroz\u00ed ze Z\u00e1padu akutn\u00ed nebezpe\u010d\u00ed a \u017ee pokud mu nikdo nenab\u00eddne z\u00e1ruky bezpe\u010dnosti, zajist\u00ed bezpe\u010dnost pro Rusko s\u00e1m. A nyn\u00ed kv\u016fli tomuto vyhodnocen\u00ed um\u00edraj\u00ed lid\u00e9. Ale pozor, ned\u011blejme si iluze o tom, co by nastalo po n\u011bm. Podobn\u00e9 iluze si Z\u00e1pad d\u011blal mnohokr\u00e1t: svrhneme tamtoho autokrata a osvobozen\u00e1 zem\u011b se vrhne po z\u00e1padn\u00edch hodnot\u00e1ch, volb\u00e1ch, kokakole a hamburgerech. Dopadlo to v\u017edy \u0161patn\u011b: rozvratem zem\u011b nebo p\u0159\u00edchodem je\u0161t\u011b radik\u00e1ln\u011bj\u0161\u00edch autokrat\u016f. Co nab\u00edz\u00ed rusk\u00e1 politick\u00e1 sc\u00e9na za alternativu k&nbsp;Putnovi? Ne, blogger bez politick\u00e9ho vlivu prote\u017eovan\u00fd Z\u00e1padem to nen\u00ed. Jsou to komunist\u00e9 a nacionalist\u00e9. \u017d\u00e1dn\u00e9 jin\u00e9 re\u00e1ln\u00e9 s\u00edly proti Putinovi v&nbsp;Rusku nejsou. Je to smutn\u00e9, ale je to tak. Rusko s&nbsp;Putinem nen\u00ed k&nbsp;Z\u00e1padu p\u0159\u00e1telsk\u00fd st\u00e1t, ale Rusko bez n\u011bj nebude lep\u0161\u00ed.&nbsp;&nbsp;&nbsp;<\/p>\n<h4 class=\"elementor-post__title\"><b>Kdy\u017e u\u017e jsme zm\u00ednili m\u00e9dia. Vy jste vystudovan\u00fd novin\u00e1\u0159 a jako tajemn\u00edk prezidenta Klause m\u00e1te zku\u0161enosti i z druh\u00e9 strany. Jak vn\u00edm\u00e1te uzav\u0159en\u00ed, likvidaci alternativn\u00edch m\u00e9di\u00ed?<\/b><\/h4>\n<\/div>\n<\/div>\n<\/div>\n<div class=\"elementor-element elementor-element-500900bf elementor-widget elementor-widget-text-editor\" data-id=\"500900bf\" data-element_type=\"widget\" data-widget_type=\"text-editor.default\">\n<div class=\"elementor-widget-container\">\n<div class=\"elementor-text-editor elementor-clearfix\">\n<p>Za\u017eili jsme to u\u017e n\u011bkolikr\u00e1t, naposled kolem koronavirov\u00e9 kampan\u011b. Moc v\u017edy vyu\u017eije ka\u017ed\u00e9 krize k&nbsp;uta\u017een\u00ed \u0161roub\u016f. A kdy\u017e zrovna \u017e\u00e1dn\u00e1 krize nen\u00ed na obzoru, moc si ji vyrob\u00ed. Nejv\u011bt\u0161\u00ed lump\u00e1rna je to, \u017ee neexistuje rozhodnut\u00ed konkr\u00e9tn\u00ed autority, \u017ee neexistuje zd\u016fvodn\u011bn\u00ed, v\u016f\u010di kter\u00e9mu je mo\u017en\u00e9 se odvolat a kter\u00e9 by \u0161lo soudit. Vl\u00e1da m\u00e1 \u0161patn\u00e9 sv\u011bdom\u00ed, tak prov\u00e1d\u00ed likvidaci n\u00e1zorov\u00e9 plurality pokoutn\u011b.<\/p>\n<\/div>\n<\/div>\n<\/div>\n<div class=\"elementor-element elementor-element-4aee32ca elementor-widget elementor-widget-shortcode\" data-id=\"4aee32ca\" data-element_type=\"widget\" data-widget_type=\"shortcode.default\">\n<div class=\"elementor-widget-container\">\n<div class=\"elementor-shortcode\"><strong>Sv\u011bt u\u017e nikdy nebude stejn\u00fd jako p\u0159ed v\u00e1lkou, jak a v \u010dem se zm\u011bn\u00ed?<\/strong><\/div>\n<\/div>\n<\/div>\n<div class=\"elementor-element elementor-element-48a2a561 elementor-widget elementor-widget-text-editor\" data-id=\"48a2a561\" data-element_type=\"widget\" data-widget_type=\"text-editor.default\">\n<div class=\"elementor-widget-container\">\n<div class=\"elementor-text-editor elementor-clearfix\">\n<p>F\u00e9rov\u011b vzato, sv\u011bt nikdy nebyl ned\u011bln\u00ed \u0161kolou. D\u011bjiny sv\u011bta jsou d\u011bjinami tvrd\u00fdch st\u0159et\u016f r\u016fzn\u00fdch z\u00e1jm\u016f a ambic\u00ed. Epizoda relativn\u00ed prosperity a klidu kon\u010d\u00ed. V\u00edce se ale zaj\u00edmejme o to, v \u010dem se m\u011bn\u00ed sv\u011bt kolem n\u00e1s, sv\u011bt na\u0161ich ka\u017edodenn\u00edch \u017eivotn\u00edch podm\u00ednek. Dosavadn\u00ed norm\u00e1ln\u00ed sv\u011bt se hrout\u00ed a p\u0159ich\u00e1zej\u00ed nenorm\u00e1lnosti v\u0161eho druhu. M\u00e1me si pr\u00fd na n\u011b zvykat. No, j\u00e1 si na n\u011b zvykat nechci.<\/p>\n<p><b>Jak vn\u00edm\u00e1te chov\u00e1n\u00ed a pomoc \u010cech\u016f v\u016f\u010di Ukrajinc\u016fm?<\/b><\/p>\n<p>Pom\u00e1hat je u\u0161lechtil\u00e9. Ale leckdy jde jen o p\u0159edv\u00e1d\u011bn\u00ed. Ka\u017ed\u00fd je dnes velk\u00fdm Ukrajincem. P\u0159itom velk\u00e1 \u010d\u00e1st na\u0161eho n\u00e1roda je\u0161t\u011b v\u010dera chovala k Ukrajinc\u016fm hlubok\u00fd despekt. Je to takov\u00e1 na\u0161e specialita. Na Z\u00e1pad se klan\u011bt, V\u00fdchodem pohrdat. V\u0161ichni ti Rumuni, Pol\u00e1ci, Ukrajinci i t\u0159eba Vietnamci byli pova\u017eov\u00e1ni velkou \u010d\u00e1st\u00ed ve\u0159ejnosti za nekulturn\u00ed pologramotn\u00fd barbarsk\u00fd p\u00f3vl, mezi kter\u00fdm nem\u00e1 cenu rozli\u0161ovat. I ti Ukrajinci v Milovic\u00edch v sov\u011btsk\u00fdch uniform\u00e1ch (v Milovic\u00edch vyrostli t\u0159eba brat\u0159i Kli\u010dkovov\u00e9) byli prost\u011b Rus\u00e1ci.&nbsp; Stejn\u011b jako Bre\u017en\u011bv \u010di Gre\u010dko, Rusov\u00e9 stejn\u011b jako Ukrajinci. Stejn\u00ed lid\u00e9 najednou \u010d\u00e1st jedn\u011bch v\u010derej\u0161\u00edch Rus\u00e1k\u016f adoruj\u00ed, druhou \u010d\u00e1st nen\u00e1vid\u00ed. T\u011bm bych r\u00e1d vzk\u00e1zal: moje babi\u010dka byla Ukrajinka. Jmenovala se Alexandra Sob\u010duk. Ale nejen z tohoto d\u016fvodu jsem nikdy nem\u011bl tendenci pova\u017eovat nez\u00e1padn\u00ed n\u00e1rody a etnika za podlidi.&nbsp;Nemluv\u00edm te\u010f o t\u011bch, kte\u0159\u00ed si cen\u00ed ka\u017ed\u00e9ho lidsk\u00e9ho \u017eivota, lidsk\u00e9ho osudu, ale pro v\u0161echny ty ostatn\u00ed, kte\u0159\u00ed chod\u00ed olepeni modro\u017elut\u011b jen proto, aby demonstrovali svou konjunktur\u00e1ln\u00ed anga\u017eovanost, m\u00e1m tento vzkaz&nbsp;J\u00e1 jsem spolu s v\u00e1mi v\u010dera Ukrajinci nepohrdal, dnes proto nemus\u00edm s v\u00e1mi horliv\u011b prohla\u0161ovat, jak\u00fd \u017ee jsem Ukrajinec.&nbsp;<\/p>\n<div id=\"autor\" class=\"elementor-element elementor-element-53290991 elementor-widget elementor-widget-heading\" data-id=\"53290991\" data-element_type=\"widget\" data-widget_type=\"heading.default\">\n<div class=\"elementor-widget-container\">\n<p class=\"elementor-heading-title elementor-size-default\"><strong>Autor: Alena H\u00e1jkov\u00e1<\/strong><\/p>\n<\/div>\n<\/div>\n<div class=\"elementor-element elementor-element-55d4bfae elementor-widget elementor-widget-heading\" data-id=\"55d4bfae\" data-element_type=\"widget\" data-widget_type=\"heading.default\">\n<div class=\"elementor-widget-container\">\n<p class=\"elementor-heading-title elementor-size-default\"><a href=\"https:\/\/viposobnosti.cz\/clanky\/na-ukrajince-si-nemusim-hrat-ja-je-drive-nepomlouval-rika-ladislav-jakl\/\"><strong>Ladislav Jakl exkluzivn\u011b pro VIPosobnosti.cz<\/strong><\/a><\/p>\n<\/div>\n<\/div>\n<\/div>\n<\/div>\n<\/div>\n","protected":false},"excerpt":{"rendered":"<p>\u201ePutin m\u011bl u\u017e dost poni\u017eov\u00e1n\u00ed Ruska a marn\u00fdch snah sv\u00e9 zem\u011b o respekt Z\u00e1padu,\u201c \u0159\u00edk\u00e1 Ladislav Jakl. Pom\u00e1h\u00e1me nebo se jen p\u0159edv\u00e1d\u00edme? Jak vn\u00edm\u00e1 b\u00fdval\u00fd novin\u00e1\u0159 a tajemn\u00edk V\u00e1clava Klause uzav\u0159en\u00ed n\u011bkter\u00fdch m\u00e9di\u00ed a na co si m\u00e1me zvykat? Nejen o t\u011bchto t\u00e9matech v exkluzivn\u00edm rozhovoru&nbsp; pro VIPosobnosti.cz.<\/p>\n","protected":false},"author":1,"featured_media":0,"comment_status":"open","ping_status":"open","sticky":false,"template":"","format":"standard","meta":{"ngg_post_thumbnail":0,"footnotes":""},"categories":[13],"tags":[],"class_list":["post-12570","post","type-post","status-publish","format-standard","hentry","category-rozhovory"],"_links":{"self":[{"href":"https:\/\/www.ladislavjakl.cz\/index.php?rest_route=\/wp\/v2\/posts\/12570","targetHints":{"allow":["GET"]}}],"collection":[{"href":"https:\/\/www.ladislavjakl.cz\/index.php?rest_route=\/wp\/v2\/posts"}],"about":[{"href":"https:\/\/www.ladislavjakl.cz\/index.php?rest_route=\/wp\/v2\/types\/post"}],"author":[{"embeddable":true,"href":"https:\/\/www.ladislavjakl.cz\/index.php?rest_route=\/wp\/v2\/users\/1"}],"replies":[{"embeddable":true,"href":"https:\/\/www.ladislavjakl.cz\/index.php?rest_route=%2Fwp%2Fv2%2Fcomments&post=12570"}],"version-history":[{"count":1,"href":"https:\/\/www.ladislavjakl.cz\/index.php?rest_route=\/wp\/v2\/posts\/12570\/revisions"}],"predecessor-version":[{"id":12571,"href":"https:\/\/www.ladislavjakl.cz\/index.php?rest_route=\/wp\/v2\/posts\/12570\/revisions\/12571"}],"wp:attachment":[{"href":"https:\/\/www.ladislavjakl.cz\/index.php?rest_route=%2Fwp%2Fv2%2Fmedia&parent=12570"}],"wp:term":[{"taxonomy":"category","embeddable":true,"href":"https:\/\/www.ladislavjakl.cz\/index.php?rest_route=%2Fwp%2Fv2%2Fcategories&post=12570"},{"taxonomy":"post_tag","embeddable":true,"href":"https:\/\/www.ladislavjakl.cz\/index.php?rest_route=%2Fwp%2Fv2%2Ftags&post=12570"}],"curies":[{"name":"wp","href":"https:\/\/api.w.org\/{rel}","templated":true}]}}