{"id":12627,"date":"2022-04-08T09:55:08","date_gmt":"2022-04-08T07:55:08","guid":{"rendered":"https:\/\/www.ladislavjakl.cz\/?p=12627"},"modified":"2022-04-08T09:55:08","modified_gmt":"2022-04-08T07:55:08","slug":"jak-nas-ovlivni-valka-na-ukrajine","status":"publish","type":"post","link":"https:\/\/www.ladislavjakl.cz\/?p=12627","title":{"rendered":"Jak n\u00e1s ovlivn\u00ed v\u00e1lka na Ukrajin\u011b?"},"content":{"rendered":"<p>V\u00e1le\u010dn\u00e1 trag\u00e9die doprov\u00e1zej\u00edc\u00ed rozpad Jugosl\u00e1vie sice p\u0159inesla mnohon\u00e1sobn\u011b v\u011bt\u0161\u00ed po\u010det ob\u011bt\u00ed a odehr\u00e1vala se daleko bl\u00ed\u017ee na\u0161im domov\u016fm, do na\u0161ich \u017eivot\u016f se ale p\u0159\u00edmo neprom\u00edtla.<\/p>\n<p>S v\u00e1lkou na Ukrajin\u011b to v tomto ohledu bude naprosto jin\u00e9.<br \/>\n<!--more--><\/p>\n<p><strong>N\u00e1klady<\/strong>&nbsp;spojen\u00e9 s dopady v\u00e1le\u010dn\u00e9ho konfliktu na Ukrajin\u011b budou i u n\u00e1s obrovsk\u00e9. N\u011bkter\u00e9 n\u00e1klady budou a u\u017e jsou&nbsp;<strong>p\u0159\u00edm\u00e9<\/strong>&nbsp;a alespo\u0148 zhruba vy\u010d\u00edsliteln\u00e9, dal\u0161\u00ed jsou&nbsp;<strong>nep\u0159\u00edm\u00e9<\/strong>, sekund\u00e1rn\u00ed a jejich v\u00fd\u0161e m\u016f\u017ee b\u00fdt sp\u00ed\u0161e odhadov\u00e1na, a to v\u00edce \u010di m\u00e9n\u011b p\u0159esn\u011b.<\/p>\n<p>Daleko v\u00e1\u017en\u011bj\u0161\u00ed d\u011blen\u00ed n\u00e1klad\u016f ne\u017e na p\u0159\u00edm\u00e9 a nep\u0159\u00edm\u00e9 je ale podle mne d\u011blen\u00ed na n\u00e1klady sv\u00fdm zp\u016fsobem&nbsp;<strong>nutn\u00e9<\/strong>&nbsp;na stran\u011b jedn\u00e9 a na n\u00e1klady zcela&nbsp;<strong>nenutn\u00e9<\/strong>, kter\u00e9 se samotnou v\u00e1lkou nesouvisej\u00ed a v\u00e1lka u nich hraje pouze roli f\u00edkov\u00e9ho listu, na stran\u011b druh\u00e9.<\/p>\n<p>Plat\u00ed zde beze zbytku teor\u00e9m, \u017ee moc, kter\u00e9 chyb\u00ed podstatn\u00fd korektiv \u00fastavn\u00ed, politick\u00fd \u010di korektiv v podob\u011b ve\u0159ejn\u00e9ho m\u00edn\u011bn\u00ed, v\u017edy vyu\u017eije jak\u00e9koli krize k dal\u0161\u00edmu uta\u017een\u00ed \u0161roub\u016f. To jsme vid\u011bli i za krize koronavirov\u00e9 (do zna\u010dn\u00e9 m\u00edry um\u011bl\u00e9), nyn\u00ed to je\u0161t\u011b ost\u0159eji vid\u00edme u krize zp\u016fsoben\u00e9 vp\u00e1dem rusk\u00fdch vojsk na Ukrajinu. U\u017e to za\u010dalo, ale neblah\u00fd v\u00fdvoj bude pokra\u010dovat d\u00e1l a bude se nad\u00e1le urychlovat.<\/p>\n<p>Bude pokra\u010dovat hospod\u00e1\u0159sk\u00e1 politika vedouc\u00ed ke skokov\u00e9mu nav\u00fd\u0161en\u00ed inflace, co\u017e zp\u016fsob\u00ed decimaci st\u0159edn\u00ed t\u0159\u00eddy, spol\u00e9haj\u00edc\u00ed se na sv\u00e9 \u00faspory.<\/p>\n<p>Bude pokra\u010dovat raketov\u00fd r\u016fst cen energi\u00ed, kter\u00fd se prom\u00edtne nejen do inflace, ale i do skokov\u00e9ho n\u00e1r\u016fstu cen vybran\u00fdch komodit zcela nad r\u00e1mec u\u017e tak vysok\u00e9 inflace.<\/p>\n<p>Budou pokra\u010dovat dramatick\u00e9 turbulence na trhu s bydlen\u00edm a s potravinami.<\/p>\n<p>Budou pokra\u010dovat a p\u0159itvrzovat nesmysln\u00e1 omezen\u00ed s \u00fadajn\u00fdm c\u00edlem ovlivnit podneb\u00ed za sto let. Op\u011bt s dramatick\u00fdmi soci\u00e1ln\u00edmi dopady a s dopady na svobodn\u00e9 rozhodov\u00e1n\u00ed. \u201eKou\u0159 nad boji\u0161t\u011bm\u201c schov\u00e1 a t\u00edm i umo\u017en\u00ed tak drastick\u00e9 kroky, kter\u00e9 by za jin\u00fdch okolnost\u00ed nemohly proj\u00edt. Te\u010f projdou.<\/p>\n<p>V\u0161echny tyto jevy bude vl\u00e1da zd\u016fvod\u0148ovat dopady v\u00e1lky a bude alibisticky tvrdit, \u017ee to s jej\u00ed politikou nesouvis\u00ed. Mo\u017en\u00e1 leccos hod\u00ed na vl\u00e1du minulou a na jej\u00ed \u201ecovidov\u00e9\u201c deficity.<\/p>\n<p>V\u00e1\u017en\u011bj\u0161\u00ed ale budou dopady na na\u0161i demokracii a na individu\u00e1ln\u00ed svobody. Pod z\u00e1minkou, \u017ee p\u0159ece \u017eijeme ve v\u00e1lce, bude nad\u00e1le omezov\u00e1na svoboda slova a zavedeny prvky p\u0159edb\u011b\u017en\u00e9 cenzury nam\u00edsto standardn\u00ed odpov\u011bdnosti za publikovan\u00e9 v\u00fdroky. Bude omezeno pr\u00e1vo shroma\u017e\u010fovac\u00ed i spol\u010dovac\u00ed. Nastanou \u00fatoky na soukrom\u00e9 vlastnictv\u00ed, proto\u017ee ve v\u00e1lce je p\u0159eci mo\u017en\u00e9 v\u0161e.<\/p>\n<p>A nad t\u00edm v\u0161\u00edm se bude vzn\u00e1\u0161et atmosf\u00e9ra vybi\u010dovan\u00e9 militaristick\u00e9 propagandy, jej\u00edm\u017e d\u016fsledkem bude strach, autocenzura a faktick\u00e1 nemo\u017enost kritiky postupu vl\u00e1dy, proto\u017ee ka\u017ed\u00e1 kritika p\u0159ece nahr\u00e1v\u00e1 nep\u0159\u00edteli. N\u00e1stroje jako \u201enouzov\u00fd stav\u201c zbav\u00ed exekutivu nutnosti h\u00e1jit sv\u00e9 kroky \u00fastavn\u00edm a politick\u00fdm zp\u016fsobem, ochromen\u00e1 ve\u0159ejn\u00e1 debata zase umo\u017en\u00ed neohl\u00ed\u017eet se na udu\u0161en\u00e9 ve\u0159ejn\u00e9 m\u00edn\u011bn\u00ed.<\/p>\n<p>Ano, vl\u00e1da nep\u0159eh\u00e1n\u00ed sv\u00fdmi slovy o tom, \u017ee \u017eijeme ve v\u00e1lce. Je to ale v\u00e1lka na\u0161eho st\u00e1tu proti sv\u00fdm ob\u010dan\u016fm.<\/p>\n<p><em>(Ps\u00e1no pro NL IVK)<\/em><\/p>\n<p><a href=\"https:\/\/jakl.blog.idnes.cz\/blog.aspx?c=785955\">Zdroj<\/a><\/p>\n","protected":false},"excerpt":{"rendered":"<p>V\u00e1le\u010dn\u00e1 trag\u00e9die doprov\u00e1zej\u00edc\u00ed rozpad Jugosl\u00e1vie sice p\u0159inesla mnohon\u00e1sobn\u011b v\u011bt\u0161\u00ed po\u010det ob\u011bt\u00ed a odehr\u00e1vala se daleko bl\u00ed\u017ee na\u0161im domov\u016fm, do na\u0161ich \u017eivot\u016f se ale p\u0159\u00edmo neprom\u00edtla. S v\u00e1lkou na Ukrajin\u011b to v tomto ohledu bude naprosto jin\u00e9.<\/p>\n","protected":false},"author":1,"featured_media":0,"comment_status":"open","ping_status":"open","sticky":false,"template":"","format":"standard","meta":{"ngg_post_thumbnail":0,"footnotes":""},"categories":[1],"tags":[],"class_list":["post-12627","post","type-post","status-publish","format-standard","hentry","category-publikovane-clanky"],"_links":{"self":[{"href":"https:\/\/www.ladislavjakl.cz\/index.php?rest_route=\/wp\/v2\/posts\/12627","targetHints":{"allow":["GET"]}}],"collection":[{"href":"https:\/\/www.ladislavjakl.cz\/index.php?rest_route=\/wp\/v2\/posts"}],"about":[{"href":"https:\/\/www.ladislavjakl.cz\/index.php?rest_route=\/wp\/v2\/types\/post"}],"author":[{"embeddable":true,"href":"https:\/\/www.ladislavjakl.cz\/index.php?rest_route=\/wp\/v2\/users\/1"}],"replies":[{"embeddable":true,"href":"https:\/\/www.ladislavjakl.cz\/index.php?rest_route=%2Fwp%2Fv2%2Fcomments&post=12627"}],"version-history":[{"count":1,"href":"https:\/\/www.ladislavjakl.cz\/index.php?rest_route=\/wp\/v2\/posts\/12627\/revisions"}],"predecessor-version":[{"id":12628,"href":"https:\/\/www.ladislavjakl.cz\/index.php?rest_route=\/wp\/v2\/posts\/12627\/revisions\/12628"}],"wp:attachment":[{"href":"https:\/\/www.ladislavjakl.cz\/index.php?rest_route=%2Fwp%2Fv2%2Fmedia&parent=12627"}],"wp:term":[{"taxonomy":"category","embeddable":true,"href":"https:\/\/www.ladislavjakl.cz\/index.php?rest_route=%2Fwp%2Fv2%2Fcategories&post=12627"},{"taxonomy":"post_tag","embeddable":true,"href":"https:\/\/www.ladislavjakl.cz\/index.php?rest_route=%2Fwp%2Fv2%2Ftags&post=12627"}],"curies":[{"name":"wp","href":"https:\/\/api.w.org\/{rel}","templated":true}]}}