{"id":12635,"date":"2022-04-12T10:41:10","date_gmt":"2022-04-12T08:41:10","guid":{"rendered":"https:\/\/www.ladislavjakl.cz\/?p=12635"},"modified":"2022-04-12T10:41:10","modified_gmt":"2022-04-12T08:41:10","slug":"zapis-z-5-zasedani-2022-konaneho-dne-22-3-2022","status":"publish","type":"post","link":"https:\/\/www.ladislavjakl.cz\/?p=12635","title":{"rendered":"Z\u00e1pis z 5. zased\u00e1n\u00ed 2022, konan\u00e9ho dne 22.3.2022"},"content":{"rendered":"<p>P\u0159\u00edtomni: Bou\u0161ka, Dohn\u00e1lkov\u00e1, Jakl, Jane\u010dek, Jehli\u010dka, Kr\u00e1lov\u00e1, K\u00f6ppl, Mace\u0161ka, Mencl, Nov\u00e1k, Petrov, Smol\u00edkov\u00e1, \u0160incl<\/p>\n<p><!--more--><\/p>\n<p>Omluveni:<br \/>\nOv\u011b\u0159ovatel: Malach<br \/>\n1 RRTV\/2022\/312\/bla: Schv\u00e1len\u00ed programu 5. zased\u00e1n\u00ed 2022<br \/>\n&#8211; Rada schvaluje program ve zn\u011bn\u00ed projednan\u00fdch zm\u011bn<br \/>\n13-0-0<br \/>\n2 RRTV\/2021\/868\/hru: Zpr\u00e1va o \u010dinnosti Rady pro rozhlasov\u00e9 a televizn\u00ed vys\u00edl\u00e1n\u00ed a o<br \/>\nstavu v oblasti rozhlasov\u00e9ho a televizn\u00edho vys\u00edl\u00e1n\u00ed a v oblasti poskytov\u00e1n\u00ed<br \/>\naudiovizu\u00e1ln\u00edch medi\u00e1ln\u00edch slu\u017eeb na vy\u017e\u00e1d\u00e1n\u00ed za rok 2021<br \/>\n&#8211; Rada schvaluje Zpr\u00e1vu o \u010dinnosti Rady pro rozhlasov\u00e9 a televizn\u00ed vys\u00edl\u00e1n\u00ed a o stavu v<br \/>\noblasti rozhlasov\u00e9ho a televizn\u00edho vys\u00edl\u00e1n\u00ed a v oblasti poskytov\u00e1n\u00ed audiovizu\u00e1ln\u00edch<br \/>\nmedi\u00e1ln\u00edch slu\u017eeb na vy\u017e\u00e1d\u00e1n\u00ed za rok 2021<br \/>\n13-0-0<br \/>\n3 RRTV\/2022\/139\/had: Apollo Line s.r.o.\/Apollo Games (mutace 1)\/ \u010cT sport\/6.9.2021\/v<br \/>\n\u010dase 12:23 hodin- DOKAZOV\u00c1N\u00cd-13:30<br \/>\n&#8211; Rada v r\u00e1mci \u0159\u00edzen\u00ed o p\u0159estupku spis. zn. RRTV\/2022\/139\/had provedla d\u016fkaz<br \/>\nzhl\u00e9dnut\u00edm z\u00e1znamu obchodn\u00edho sd\u011blen\u00ed\/ ozn\u00e1men\u00ed sponzora programu s motivem Apollo<br \/>\nGames (mutace 1), odvys\u00edlan\u00e9ho dne 6. z\u00e1\u0159\u00ed 2021 v \u010dase 12:23 hodin na programu \u010cT<br \/>\nsport.<br \/>\n13-0-0<br \/>\n&#8211; Rada v r\u00e1mci \u0159\u00edzen\u00ed o p\u0159estupku spis. zn. RRTV\/2022\/140\/had provedla d\u016fkaz<br \/>\nzhl\u00e9dnut\u00edm z\u00e1znamu obchodn\u00edho sd\u011blen\u00ed\/ ozn\u00e1men\u00ed sponzora programu s motivem Apollo<br \/>\nGames (mutace 2) odvys\u00edlan\u00e9ho dne 26. z\u00e1\u0159\u00ed 2021 v \u010dase 7:09 hodin na programu \u010cT<br \/>\nsport.<br \/>\n13-0-0<br \/>\n4 RRTV\/2022\/43\/beh: Barrandov Televizn\u00ed Studio a.s.\/Televize Barrandov\/Va\u0159en\u00ed se<br \/>\nSoukupem\/6.11.2021\/od 11:03 hodin\/neozna\u010den\u00fd PP &#8211; DOKAZOV\u00c1N\u00cd OD 13:35 hodin<br \/>\n&#8211; Rada v r\u00e1mci \u0159\u00edzen\u00ed o p\u0159estupku veden\u00e9m pod sp. zn. RRTV\/2022\/43\/beh provedla<br \/>\nd\u016fkaz zhl\u00e9dnut\u00edm z\u00e1znamu po\u0159adu Va\u0159en\u00ed se Soukupem odvys\u00edlan\u00e9m dne 6. listopadu<br \/>\n2021 od 11:03 hodin na programu Televize Barrandov.<br \/>\n13-0-0<br \/>\n5 RRTV\/2022\/234\/fia: ViacomCBS Networks International Czech s.r.o. \/TV \/Nickelodeon<br \/>\n\/dru\u017eice \/\u0159\u00edzen\u00ed o ud\u011blen\u00ed licence &#8211; \u00fastn\u00ed jedn\u00e1n\u00ed dne 22. b\u0159ezna 2022, ve 14.20 hodin<br \/>\n&#8211; Rada ud\u011bluje pr\u00e1vnick\u00e9 osob\u011b, spole\u010dnosti ViacomCBS Networks International Czech<br \/>\ns.r.o., I\u010c: 289 70 438, se s\u00eddlem Perlov\u00e1 371\/5, Star\u00e9 M\u011bsto, 110 00 Praha 1, dle \u00a7 25<br \/>\nz\u00e1kona \u010d. 231\/2001 Sb., licenci k provozov\u00e1n\u00ed televizn\u00edho vys\u00edl\u00e1n\u00ed \u0161\u00ed\u0159en\u00e9ho<br \/>\nprost\u0159ednictv\u00edm dru\u017eice na 12 let; n\u00e1zev (ozna\u010den\u00ed) programu: Nickelodeon; z\u00e1kladn\u00ed<br \/>\nprogramov\u00e1 specifikace: D\u011btsk\u00fd televizn\u00ed program zam\u011b\u0159en\u00fd na americk\u00e9 animovan\u00e9 a<br \/>\nhran\u00e9 seri\u00e1ly; v\u00fd\u010det st\u00e1t\u016f, na jejich\u017e \u00fazem\u00ed m\u00e1 b\u00fdt vys\u00edl\u00e1n\u00ed zcela nebo p\u0159ev\u00e1\u017en\u011b<br \/>\nsm\u011b\u0159ov\u00e1no: D\u00e1nsko, Norsko a \u0160v\u00e9dsko; hlavn\u00ed jazyk vys\u00edl\u00e1n\u00ed: \u0161v\u00e9d\u0161tina; \u010dasov\u00fd rozsah<br \/>\nvys\u00edl\u00e1n\u00ed: 24 hodin denn\u011b; dle \u017e\u00e1dosti, ze dne 4. b\u0159ezna 2022, \u010d.j.: RRTV\/3741\/2022-vra.<br \/>\n13-0-0<br \/>\n&#8211; Rada informuje regula\u010dn\u00ed org\u00e1n \u010dlensk\u00fdch st\u00e1t\u016f Evropsk\u00e9 unie, na jejich\u017e \u00fazem\u00ed je<br \/>\ntelevizn\u00ed vys\u00edl\u00e1n\u00ed zcela nebo p\u0159ev\u00e1\u017en\u011b sm\u011b\u0159ov\u00e1no, tj. D\u00e1nsko a \u0160v\u00e9dsko o ud\u011blen\u00ed licence<br \/>\nspole\u010dnosti ViacomCBS Networks International Czech s.r.o., I\u010c: 289 70 438, se s\u00eddlem<br \/>\nPerlov\u00e1 371\/5, Star\u00e9 M\u011bsto, 110 00 Praha 1, k televizn\u00edmu vys\u00edl\u00e1n\u00ed programu Nickelodeon,<br \/>\n\u0161\u00ed\u0159en\u00e9ho prost\u0159ednictv\u00edm dru\u017eice se z\u00e1kladn\u00ed programovou specifikac\u00ed: D\u011btsk\u00fd televizn\u00ed<br \/>\nprogram zam\u011b\u0159en\u00fd na americk\u00e9 animovan\u00e9 a hran\u00e9 seri\u00e1ly.<br \/>\n13-0-0<br \/>\n6 RRTV\/2022\/07\/zab: HAMCO s.r.o.\/Radio Metropole\/RV &#8211; zm\u011bna licence \u00a7 21 odst. 1<br \/>\np\u00edsm. b) &#8211; zm\u011bna stanovi\u0161t\u011b kmito\u010dtu Olomouc 92,0 MHz \/ 50 W &#8211; rozhodnut\u00ed<br \/>\n&#8211; Rada pro rozhlasov\u00e9 a televizn\u00ed vys\u00edl\u00e1n\u00ed (d\u00e1le jen Rada) v r\u00e1mci sv\u00e9 kompetence dan\u00e9<br \/>\nustanoven\u00edm \u00a7 5 p\u00edsm. b) a v souladu s \u00a7 21 odst. 1 p\u00edsm. b) a odst. 3 z\u00e1kona \u010d. 231\/2001<br \/>\nSb. p\u0159ijala ve v\u011bci \u017e\u00e1dosti provozovatele HAMCO, s.r.o., I\u010c: 47668962, se s\u00eddlem<br \/>\nBla\u017eejsk\u00e9 n\u00e1m\u011bst\u00ed 97\/7, 779 00 Olomouc, o zm\u011bnu skute\u010dnost\u00ed uveden\u00fdch v \u017e\u00e1dosti o<br \/>\nlicenci k provozov\u00e1n\u00ed rozhlasov\u00e9ho vys\u00edl\u00e1n\u00ed programu Radio Metropole (licence sp. zn.:<br \/>\nRRTV\/2020\/183\/zab), a to o zm\u011bn\u011b \u00fazemn\u00edho rozsahu vys\u00edl\u00e1n\u00ed a souboru technick\u00fdch<br \/>\nparametr\u016f spo\u010d\u00edvaj\u00edc\u00ed ve zm\u011bn\u011b stanovi\u0161t\u011b kmito\u010dtu Olomouc Slavon\u00edn 92,0 MHz \/ 50 W,<br \/>\ntoto rozhodnut\u00ed: Rada ud\u011bluje provozovateli HAMCO, s.r.o., I\u010c: 47668962, se s\u00eddlem<br \/>\nBla\u017eejsk\u00e9 n\u00e1m\u011bst\u00ed 97\/7, 779 00 Olomouc, souhlas se zm\u011bnou skute\u010dnost\u00ed uveden\u00fdch v<br \/>\n\u017e\u00e1dosti o licenci k provozov\u00e1n\u00ed rozhlasov\u00e9ho vys\u00edl\u00e1n\u00ed prost\u0159ednictv\u00edm vys\u00edla\u010d\u016f programu<br \/>\nRadio Metropole (licence sp. zn.: RRTV\/2020\/183\/zab), a to o zm\u011bn\u011b \u00fazemn\u00edho rozsahu<br \/>\nvys\u00edl\u00e1n\u00ed a souboru technick\u00fdch parametr\u016f spo\u010d\u00edvaj\u00edc\u00ed ve zm\u011bn\u011b stanovi\u0161t\u011b kmito\u010dtu<br \/>\nOlomouc Slavon\u00edn 92,0 MHz \/ 50 W na stanovi\u0161t\u011b Olomouc Slavon\u00edn 2 92,0 MHz \/ 50 W,<br \/>\nsou\u0159adnice WGS 84: 17 14 04 \/ 49 34 39.<br \/>\n13-0-0<br \/>\n7 RRTV\/2021\/591\/zab: RADIO UNITED BROADCASTING s.r.o.\/Radio Beat\/RV &#8211; zm\u011bna<br \/>\nlicence \u00a7 21 odst. 1 p\u00edsm. b) &#8211; zm\u011bna stanovi\u0161t\u011b a v\u00fdkonu kmito\u010dtu Havl\u00ed\u010dk\u016fv Brod 91,4<br \/>\nMHz \/ 250 W &#8211; rozhodnut\u00ed<br \/>\n&#8211; Rada pro rozhlasov\u00e9 a televizn\u00ed vys\u00edl\u00e1n\u00ed (d\u00e1le jen Rada) v r\u00e1mci sv\u00e9 kompetence dan\u00e9<br \/>\nustanoven\u00edm \u00a7 5 p\u00edsm. b) a v souladu s \u00a7 21 odst. 1 p\u00edsm. b) a odst. 3 z\u00e1kona \u010d. 231\/2001<br \/>\nSb. p\u0159ijala ve v\u011bci \u017e\u00e1dosti provozovatele RADIO UNITED BROADCASTING s.r.o., I\u010c:<br \/>\n29131901, se s\u00eddlem Vinohradsk\u00e1 3217\/167, Praha 10, PS\u010c 100 00, o zm\u011bnu skute\u010dnost\u00ed<br \/>\nuveden\u00fdch v \u017e\u00e1dosti o licenci k provozov\u00e1n\u00ed rozhlasov\u00e9ho vys\u00edl\u00e1n\u00ed programu Radio Beat<br \/>\n(licence sp.zn. RRTV\/2016\/283\/zab), a to o zm\u011bn\u011b \u00fazemn\u00edho rozsahu vys\u00edl\u00e1n\u00ed a souboru<br \/>\ntechnick\u00fdch parametr\u016f spo\u010d\u00edvaj\u00edc\u00ed ve zm\u011bn\u011b stanovi\u0161t\u011b a v\u00fdkonu kmito\u010dtu Havl\u00ed\u010dk\u016fv Brod<br \/>\n91,4 MHz \/ 250 W, toto rozhodnut\u00ed: Rada ud\u011bluje provozovateli RADIO UNITED<br \/>\nBROADCASTING s.r.o., I\u010c: 29131901, se s\u00eddlem Vinohradsk\u00e1 3217\/167, Praha 10, PS\u010c<br \/>\n100 00, souhlas se zm\u011bnou skute\u010dnost\u00ed uveden\u00fdch v \u017e\u00e1dosti o licenci k provozov\u00e1n\u00ed<br \/>\nrozhlasov\u00e9ho vys\u00edl\u00e1n\u00ed prost\u0159ednictv\u00edm vys\u00edla\u010d\u016f programu Radio Beat (licence sp.zn.<br \/>\nRRTV\/2016\/283\/zab), a to o zm\u011bn\u011b \u00fazemn\u00edho rozsahu vys\u00edl\u00e1n\u00ed a souboru technick\u00fdch<br \/>\nparametr\u016f spo\u010d\u00edvaj\u00edc\u00ed ve zm\u011bn\u011b stanovi\u0161t\u011b a v\u00fdkonu kmito\u010dtu Havl\u00ed\u010dk\u016fv Brod 91,4 MHz \/<br \/>\n250 W na stanovi\u0161t\u011b Havl\u00ed\u010dk\u016fv Brod 91,4 MHz \/ 150 W, sou\u0159adnice WGS84: 15 37 55 \/<br \/>\n49 33 38.<br \/>\n13-0-0<br \/>\n8 RRTV\/2021\/591\/zab: RADIO UNITED BROADCASTING s.r.o.\/KISS\/RV &#8211; zm\u011bna licence<br \/>\n\u00a7 21 odst. 1 p\u00edsm. b) &#8211; zm\u011bna stanovi\u0161t\u011b a v\u00fdkonu kmito\u010dtu Havl\u00ed\u010dk\u016fv Brod 101,3 MHz \/<br \/>\n200 W &#8211; rozhodnut\u00ed<br \/>\n&#8211; Rada pro rozhlasov\u00e9 a televizn\u00ed vys\u00edl\u00e1n\u00ed (d\u00e1le jen Rada) v r\u00e1mci sv\u00e9 kompetence dan\u00e9<br \/>\nustanoven\u00edm \u00a7 5 p\u00edsm. b) a v souladu s \u00a7 21 odst. 1 p\u00edsm. b) a odst. 3 z\u00e1kona \u010d. 231\/2001<br \/>\nSb. p\u0159ijala ve v\u011bci \u017e\u00e1dosti provozovatele RADIO UNITED BROADCASTING s.r.o., I\u010c:<br \/>\n29131901, se s\u00eddlem Vinohradsk\u00e1 3217\/167, Praha 10, PS\u010c 100 00, o zm\u011bnu skute\u010dnost\u00ed<br \/>\nuveden\u00fdch v \u017e\u00e1dosti o licenci k provozov\u00e1n\u00ed rozhlasov\u00e9ho vys\u00edl\u00e1n\u00ed programu KISS,<br \/>\n(licence sp.zn. RRTV\/2017\/353\/zab), a to o zm\u011bn\u011b \u00fazemn\u00edho rozsahu vys\u00edl\u00e1n\u00ed a souboru<br \/>\ntechnick\u00fdch parametr\u016f spo\u010d\u00edvaj\u00edc\u00ed ve zm\u011bn\u011b stanovi\u0161t\u011b a v\u00fdkonu kmito\u010dtu Havl\u00ed\u010dk\u016fv Brod<br \/>\n101,3 MHz \/ 200 W, toto rozhodnut\u00ed: Rada ud\u011bluje provozovateli RADIO UNITED<br \/>\nBROADCASTING s.r.o., I\u010c: 29131901, se s\u00eddlem Vinohradsk\u00e1 3217\/167, Praha 10, PS\u010c<br \/>\n100 00, souhlas se zm\u011bnou skute\u010dnost\u00ed uveden\u00fdch v \u017e\u00e1dosti o licenci k provozov\u00e1n\u00ed<br \/>\nrozhlasov\u00e9ho vys\u00edl\u00e1n\u00ed prost\u0159ednictv\u00edm vys\u00edla\u010d\u016f programu KISS, (licence sp.zn.<br \/>\nRRTV\/2017\/353\/zab), a to o zm\u011bn\u011b \u00fazemn\u00edho rozsahu vys\u00edl\u00e1n\u00ed a souboru technick\u00fdch<br \/>\nparametr\u016f spo\u010d\u00edvaj\u00edc\u00ed ve zm\u011bn\u011b stanovi\u0161t\u011b a v\u00fdkonu kmito\u010dtu Havl\u00ed\u010dk\u016fv Brod 101,3 MHz<br \/>\n\/ 200 W na stanovi\u0161t\u011b Havl\u00ed\u010dk\u016fv Brod 101,3 MHz \/ 100 W, sou\u0159adnice WGS84: 15 37 55<br \/>\n\/ 49 33 38.<br \/>\n13-0-0<br \/>\n9 RRTV\/2022\/297\/mam: Radio Contact Liberec, spol. s r.o. \/ R\u00e1dio BLAN\u00cdK &#8211; 26. 1. 2022<br \/>\nod 00:00 do 24:00 hodin, anal\u00fdza<br \/>\n&#8211; Rada se sezn\u00e1mila s anal\u00fdzou programu R\u00e1dio BLAN\u00cdK, provozovatele Radio Contact<br \/>\nLiberec, spol. s r.o., ze st\u0159edy 26. 1. 2022 od 00:00 do 24:00 hodin a shledala, \u017ee vys\u00edl\u00e1n\u00ed<br \/>\nbylo v souladu se z\u00e1konem o rozhlasov\u00e9m a televizn\u00edm vys\u00edl\u00e1n\u00ed a v souladu s platn\u00fdmi<br \/>\nlicen\u010dn\u00edmi podm\u00ednkami.<br \/>\n13-0-0<br \/>\n10 RRTV\/2022\/293\/blu: R\u016fzn\u00ed provozovatel\u00e9\/rozhlasov\u00e9 vys\u00edl\u00e1n\u00ed; anal\u00fdza obchodn\u00edch<br \/>\nsd\u011blen\u00ed na potraviny, dopl\u0148ky stravy, l\u00e9ky a na loterie a jin\u00e9 podobn\u00e9 hry &#8211; zased\u00e1n\u00ed<br \/>\n5\/2022<br \/>\n&#8211; Rada pro rozhlasov\u00e9 a televizn\u00ed vys\u00edl\u00e1n\u00ed se sezn\u00e1mila s anal\u00fdzami obchodn\u00edch sd\u011blen\u00ed<br \/>\nodvys\u00edlan\u00fdch provozovateli NONSTOP s.r.o. (program R\u00c1DIO KROKOD\u00ddL; Brno 103,0<br \/>\nMHz) dne 8. b\u0159ezna 2022, MEDIA BOHEMIA a.s. (program Hitr\u00e1dio \u010cern\u00e1 Hora, Trutnov<br \/>\n105,3 MHz) dne 8. b\u0159ezna 2022, EVROPA 2, spol. s r.o. (program EVROPA 2; Liberec<br \/>\n88,1 MHz) dne 8. b\u0159ezna 2022, RADIO UNITED BROADCASTING s.r.o. (program<br \/>\nCOUNTRY RADIO; Praha 89,5 MHz) dne 8. b\u0159ezna 2022, LONDA spol. s r.o. (program<br \/>\nR\u00c1DIO IMPULS; \u00dast\u00ed nad Labem 102,0 MHz) dne 8. b\u0159ezna 2022 a MEDIA BOHEMIA<br \/>\na.s. (program Rock Radio; \u010cesk\u00e9 Bud\u011bjovice 99,7 MHz) dne 8. b\u0159ezna 2022.<br \/>\n13-0-0<br \/>\n11 RRTV\/2022\/271\/blu: R\u016fzn\u00ed provozovatel\u00e9\/RV\/P\u0159ehled doru\u010den\u00fdch ozn\u00e1men\u00ed 5\/2022<br \/>\n&#8211; Rada pro rozhlasov\u00e9 a televizn\u00ed vys\u00edl\u00e1n\u00ed se sezn\u00e1mila s ozn\u00e1men\u00edm provozovatele<br \/>\nRADIO PROGLAS s.r.o., I\u010c: 49435001, doru\u010den\u00fdm Rad\u011b dne 1. b\u0159ezna 2022 pod \u010d.j.<br \/>\nRRTV\/3249\/2022-vra, spo\u010d\u00edvaj\u00edc\u00edm ve v\u00fdluk\u00e1ch vys\u00edl\u00e1n\u00ed programu Radio Proglas za<br \/>\nm\u011bs\u00edc \u00fanor 2022 dle uveden\u00e9ho p\u0159ehledu. Rada pro rozhlasov\u00e9 a televizn\u00ed vys\u00edl\u00e1n\u00ed (d\u00e1le<br \/>\njen \u201eRada\u201c) se sezn\u00e1mila s ozn\u00e1men\u00edm provozovatele HAMCO, s.r.o., I\u010c: 47668962,<br \/>\ndoru\u010den\u00fdm Rad\u011b dne 7. b\u0159ezna 2022 pod \u010d.j. RRTV\/3789\/2022-vra, spo\u010d\u00edvaj\u00edc\u00edm v tom,<br \/>\n\u017ee dne 25. \u00fanora 2022 p\u0159eru\u0161il vys\u00edl\u00e1n\u00ed programu Radio Metropole (licence \u010dj.<br \/>\nRRTV\/6468\/2021-str, sp.zn. RRTV\/2020\/183\/zab ze dne 13. dubna 2021). Rada pro<br \/>\nrozhlasov\u00e9 a televizn\u00ed vys\u00edl\u00e1n\u00ed (d\u00e1le jen \u201eRada\u201c) se sezn\u00e1mila s ozn\u00e1men\u00edm provozovatele<br \/>\nPrvn\u00ed rozhlasov\u00e1 s.r.o., I\u010c: 25643908, doru\u010den\u00fdm Rad\u011b dne 10. b\u0159ezna 2022 pod \u010d.j.<br \/>\nRRTV\/3903\/2022-vra, spo\u010d\u00edvaj\u00edc\u00edm v tom, \u017ee ke dni 8. b\u0159ezna 2022 byla do obchodn\u00edho<br \/>\nrejst\u0159\u00edku veden\u00e9ho M\u011bstsk\u00fd soudem v Praze zaps\u00e1na jako jedin\u00fd spole\u010dn\u00edk provozovatele<br \/>\nspole\u010dnost MEDIA BOHEMIA a.s., I\u010c: 26765586, v souladu s rozhodnut\u00edm Rady \u010d.j.<br \/>\nRRTV\/2006\/2022-blu, sp.zn. RRTV\/2021\/876\/blu ze dne 18. ledna 2022. Rada pro<br \/>\nrozhlasov\u00e9 a televizn\u00ed vys\u00edl\u00e1n\u00ed (d\u00e1le jen \u201eRada&#8220;) se sezn\u00e1mila s ozn\u00e1men\u00edm provozovatele<br \/>\nHAMCO, s.r.o., I\u010c: 47668962, doru\u010den\u00fdm Rad\u011b dne 4. b\u0159ezna 2022 pod \u010d.j.<br \/>\nRRTV\/3723\/2022-vra, spo\u010d\u00edvaj\u00edc\u00edm v informaci o tom, \u017ee dne 25. \u00fanora 2022 zah\u00e1jil na<br \/>\nkmito\u010dtu Olomouc 92,0 MHz \/ 50 W vys\u00edl\u00e1n\u00ed programu Radio Metropole \u0161\u00ed\u0159en\u00e9ho<br \/>\nprost\u0159ednictv\u00edm vys\u00edla\u010d\u016f na z\u00e1klad\u011b rozhodnut\u00ed Rady \u010dj. RRTV\/6468\/2021-str, sp.zn.<br \/>\nRRTV\/2020\/183\/zab ze dne 13. dubna 2021. Rada pro rozhlasov\u00e9 a televizn\u00ed vys\u00edl\u00e1n\u00ed<br \/>\n(d\u00e1le jen \u201eRada\u201c) se sezn\u00e1mila s ozn\u00e1men\u00edm provozovatele \u010cesk\u00fd rozhlas, I\u010c: 45245053,<br \/>\ndoru\u010den\u00fdm Rad\u011b dne 7. b\u0159ezna 2022 pod \u010d.j. RRTV\/3791\/2022-vra, \u017ee s \u00fa\u010dinnost\u00ed od 4.<br \/>\nb\u0159ezna 2022 zah\u00e1jil \u010cesk\u00fd rozhlas vys\u00edl\u00e1n\u00ed programu Radio Ukrajina \u0161\u00ed\u0159en\u00e9ho digit\u00e1ln\u011b v<br \/>\nr\u00e1mci multiplexu \u010cesk\u00e9ho rozhlasu T-DAB+, v multiplexu DVB-T2 \u010cesk\u00fdch<br \/>\nRadiokomunikac\u00ed a.s. a prost\u0159ednictv\u00edm zvl\u00e1\u0161tn\u00edho p\u0159enosov\u00e9ho syst\u00e9mu (internet).<br \/>\n12-0-0<br \/>\n12 RRTV\/2022\/279\/hou: AMC Networks Central Europe s.r.o. \/ TV \/ SPORT3 \/ ZPS \/<br \/>\np\u0159edchoz\u00ed souhlas \/ zm\u011bna dal\u0161\u00edch programov\u00fdch podm\u00ednek, hlavn\u00edho jazyka a<br \/>\n\u010dasov\u00e9ho rozsahu vys\u00edl\u00e1n\u00ed, programov\u00e9ho sch\u00e9matu, identifikace p\u0159enosov\u00e9ho<br \/>\nsyst\u00e9mu a informac\u00ed o p\u0159\u00eds<br \/>\n&#8211; Rada ud\u011bluje provozovateli, spole\u010dnosti AMC Networks Central Europe s.r.o., I\u010c:<br \/>\n27112501, se s\u00eddlem Pob\u0159e\u017en\u00ed 620\/3, 186 00, Praha 8, souhlas se zm\u011bnou skute\u010dnost\u00ed<br \/>\nuveden\u00fdch v \u017e\u00e1dosti o licenci, sp. zn.: 2015\/282\/zem\/AMC, \u010d.j. RRTV\/1273\/2015-zem, ze<br \/>\ndne 3. dubna 2015, podle \u00a7 21 odst. 1 p\u00edsm. b) a d) z\u00e1kona \u010d. 231\/2001 Sb., spo\u010d\u00edvaj\u00edc\u00ed:<br \/>\n1) v nahrazen\u00ed sou\u010dasn\u00e9ho textu v \u010d\u00e1sti Dal\u0161\u00ed programov\u00e9 podm\u00ednky: za \u201eProgramov\u00e1<br \/>\nskladba bude obsahovat p\u0159\u00edm\u00e9 p\u0159enosy sportovn\u00edch ud\u00e1lost\u00ed z r\u016fzn\u00fdch lig z cel\u00e9ho sv\u011bta.<br \/>\nIndividu\u00e1ln\u00ed sporty, t\u00fdmov\u00e9 sporty, nap\u0159. fotbal, h\u00e1zen\u00e1, basketbal,\u201c<br \/>\n2) ve zm\u011bn\u011b sou\u010dasn\u00e9ho hlavn\u00edho jazyka vys\u00edl\u00e1n\u00ed na \u010de\u0161tinu,<br \/>\n3) ve zm\u011bn\u011b \u010dasov\u00e9ho rozsahu vys\u00edl\u00e1n\u00ed na \u201enepravideln\u00e9, \u010dasov\u011b omezen\u00e9 vys\u00edl\u00e1n\u00ed,<br \/>\nodvisl\u00e9 od data a \u010dasu p\u0159\u00edslu\u0161n\u00e9 sportovn\u00ed ud\u00e1losti,\u201c<br \/>\n4) v nahrazen\u00ed sou\u010dasn\u00e9ho textu v \u010d\u00e1sti N\u00e1vrh programov\u00e9ho sch\u00e9matu vys\u00edl\u00e1n\u00ed: za<br \/>\n\u201enepravideln\u00e9, \u010dasov\u011b omezen\u00e9 vys\u00edl\u00e1n\u00ed, odvisl\u00e9 od data a \u010dasu p\u0159\u00edslu\u0161n\u00e9 sportovn\u00ed<br \/>\nud\u00e1losti,\u201c<br \/>\n5) ve zm\u011bn\u011b sou\u010dasn\u00e9ho p\u0159enosov\u00e9ho syst\u00e9mu na vys\u00edl\u00e1n\u00ed prost\u0159ednictv\u00edm internetu,<br \/>\n6) ve zm\u011bn\u011b informac\u00ed o p\u0159\u00edstupu k vys\u00edl\u00e1n\u00ed na \u201eprogram bude p\u0159\u00edstupn\u00fd prost\u0159ednictv\u00edm<br \/>\naplikace AMC MIKRO CZ+SK (Google Play, Appstore),\u201c<br \/>\ndle \u017e\u00e1dosti ze dne 2. b\u0159ezna 2022, \u010d.j.: RRTV\/3309\/2022-vra.<br \/>\n13-0-0<br \/>\n13 RRTV\/2022\/290\/hou: ViacomCBS Networks International Czech s.r.o. \/TV<br \/>\n\/Nickelodeon Global \/dru\u017eice \/\u017e\u00e1dost o p\u0159edchoz\u00ed souhlas &#8211; zm\u011bna v\u00fd\u010dtu st\u00e1t\u016f<br \/>\n&#8211; Rada ud\u011bluje spole\u010dnosti ViacomCBS Networks International Czech s.r.o., I\u010c: 289 70<br \/>\n438, se s\u00eddlem Perlov\u00e1 371\/5, Star\u00e9 M\u011bsto, 110 00 Praha 1, souhlas se zm\u011bnou<br \/>\nskute\u010dnost\u00ed uveden\u00fdch v \u017e\u00e1dosti o licenci, sp. zn.: RRTV\/2021\/654\/fia, \u010d.j.<br \/>\nRRTV\/10609\/2021\/fia, ze dne 10. z\u00e1\u0159\u00ed 2021, podle \u00a7 21 odst. 1 p\u00edsm. d) z\u00e1kona \u010d.<br \/>\n231\/2001 Sb., spo\u010d\u00edvaj\u00edc\u00ed v z\u00fa\u017een\u00ed v\u00fd\u010dtu st\u00e1t\u016f, na jejich\u017e \u00fazem\u00ed m\u00e1 b\u00fdt vys\u00edl\u00e1n\u00ed programu<br \/>\nNickelodeon Global, \u0161\u00ed\u0159en\u00e9ho prost\u0159ednictv\u00edm dru\u017eice, zcela nebo p\u0159ev\u00e1\u017en\u011b sm\u011brov\u00e1no,<br \/>\no D\u00e1nsko, Norsko a \u0160v\u00e9dsko, a to ke dni 28. b\u0159ezna 2022, dle \u017e\u00e1dosti ze dne 4. b\u0159ezna<br \/>\n2022, \u010d.j.: RRTV\/3740\/2022-vra.<br \/>\n12-0-0<br \/>\n14 RRTV\/2022\/289\/zem: ViacomCBS Networks International Czech s.r.o. \/ TV \/ MTV<br \/>\nHungary \/ dru\u017eice \/ \u017e\u00e1dost o ukon\u010den\u00ed vys\u00edl\u00e1n\u00ed \/ z\u00e1nik platnosti licence<br \/>\n&#8211; Rada vzala na v\u011bdom\u00ed, \u017ee provozovateli ViacomCBS Networks International Czech<br \/>\ns.r.o., I\u010c 289 70 438, se s\u00eddlem Perlov\u00e1 371\/5, Star\u00e9 M\u011bsto, 110 00 Praha 1, zanikne dne<br \/>\n31. b\u0159ezna 2022, dle \u00a7 24, p\u00edsm. f) z\u00e1kona \u010d. 231\/2001 Sb., licence k provozov\u00e1n\u00ed<br \/>\ntelevizn\u00edho vys\u00edl\u00e1n\u00ed programu MTV Hungary \u0161\u00ed\u0159en\u00e9ho prost\u0159ednictv\u00edm dru\u017eice ud\u011blen\u00e1<br \/>\nrozhodnut\u00edm \u010d.j. zem\/2059\/2010, spis. zn.: 2010\/513\/zem\/MTV, ze dne 22. \u010dervna 2010,<br \/>\ndle \u017e\u00e1dosti ze dne 3. b\u0159ezna 2022, doru\u010den\u00e9 dne 5. b\u0159ezna 2022 pod \u010d.j.<br \/>\nRRTV\/3758\/2022-vra. O t\u00e9to skute\u010dnosti vyd\u00e1v\u00e1 Rada osv\u011bd\u010den\u00ed podle \u00a7 154 a n\u00e1sl.,<br \/>\nz\u00e1kona \u010d. 500\/2004 Sb.<br \/>\n13-0-0<br \/>\n15 RRTV\/2022\/113\/zil: FixPro, z.s. \/ R\u00e1dio \/ kabelov\u00e9 syst\u00e9my \/ zm\u011bna skute\u010dnost\u00ed<br \/>\nuv\u00e1d\u011bn\u00fdch v p\u0159ihl\u00e1\u0161ce k registraci p\u0159evzat\u00e9ho vys\u00edl\u00e1n\u00ed \/ zm\u011bna programov\u00e9 nab\u00eddky<br \/>\n&#8211; Rada v souladu s ustanoven\u00edm \u00a7 41 odst. 4 z\u00e1kona \u0161. 500\/2004 Sb. prom\u00edj\u00ed \u017eadateli<br \/>\nFixPro, z.s., I\u010c: 72549688, se s\u00eddlem Jezuitsk\u00e1 13\/11, Brno &#8211; m\u011bsto, 602 00, Brno,<br \/>\nzme\u0161k\u00e1n\u00ed \u00fakonu, nebo\u0165 prok\u00e1zal, \u017ee p\u0159ek\u00e1\u017ekou byly z\u00e1va\u017en\u00e9 d\u016fvody, kter\u00e9 nastaly bez<br \/>\njeho zavin\u011bn\u00ed a prodlu\u017euje podle \u00a7 39 odst. 2 z\u00e1kona \u010d. 500\/2004 Sb., lh\u016ftu k odstran\u011bn\u00ed<br \/>\nnedostatk\u016f \u017e\u00e1dosti ze dne 7. ledna 2022 doru\u010den\u00e9 pod \u010d.j.: RRTV\/515\/2022-vra, na<br \/>\nz\u00e1klad\u011b \u017e\u00e1dosti doru\u010den\u00e9 dne 25. \u00fanora 2022. pod \u010d.j.: RRTV\/3171\/2022-vra , a to o 30<br \/>\ndn\u016f ode dne doru\u010den\u00ed \u017e\u00e1dosti.<br \/>\n13-0-0<br \/>\n&#8211; Rada registruje provozovateli p\u0159evzat\u00e9ho rozhlasov\u00e9ho a televizn\u00edho vys\u00edl\u00e1n\u00ed<br \/>\nprost\u0159ednictv\u00edm kabelov\u00fdch syst\u00e9m\u016f (registrace, sp. zn.: 2011\/1058\/sve\/Fix, \u010d.j.:<br \/>\n9436\/2011\/P ze dne 28. listopadu 2011), FixPro, z.s., I\u010c: 72549688, se s\u00eddlem Jezuitsk\u00e1<br \/>\n13\/11, Brno &#8211; m\u011bsto, 602 00, Brno, zm\u011bnu registrace dle \u00a7 29 odst. 1 p\u00edsm. c) z\u00e1kona \u010d.<br \/>\n231\/2001 Sb., spo\u010d\u00edvaj\u00edc\u00ed ve zm\u011bn\u011b programov\u00e9 nab\u00eddky, a to jej\u00ed roz\u0161\u00ed\u0159en\u00ed o zahrani\u010dn\u00ed<br \/>\nrozhlasov\u00e9 programy: R\u00e1dio Slovensko, R\u00e1dio Dev\u00edn, R\u00e1dio FM, R\u00e1dio Patria, R\u00e1dio<br \/>\nRegina V\u00fdchod, R\u00e1dio Regina Z\u00e1pad, R\u00e1dio Ko\u0161ice, R\u00e1dio Best FM, R\u00e1dio Expres, R\u00e1dio<br \/>\nFun, R\u00e1dio Fun, R\u00e1dio Lumen, R\u00e1dio Vlna, R\u00e1dio WOW, v rozsahu dle \u017e\u00e1dosti ze dne 11.<br \/>\n\u00fanora 2022, \u010d.j.: RRTV\/2335\/2022-vra.<br \/>\n13-0-0<br \/>\n&#8211; Rada se sezn\u00e1mila s ozn\u00e1men\u00edm provozovatele p\u0159evzat\u00e9ho rozhlasov\u00e9ho a televizn\u00edho<br \/>\nvys\u00edl\u00e1n\u00ed prost\u0159ednictv\u00edm kabelov\u00fdch syst\u00e9m\u016f (registrace, sp. zn.: 2011\/1058\/sve\/Fix, \u010d. j.:<br \/>\n9436\/2011\/P ze dne 28. listopadu 2011), FixPro, z.s., I\u010c: 72549688, se s\u00eddlem Jezuitsk\u00e1<br \/>\n13\/11, Brno &#8211; m\u011bsto, 602 00, Brno, dle \u00a7 29 odst. 3 z\u00e1kona \u010d. 231\/2001 Sb. o zm\u011bn\u011b<br \/>\nostatn\u00edch skute\u010dnost\u00ed spo\u010d\u00edvaj\u00edc\u00ed v roz\u0161\u00ed\u0159en\u00ed programov\u00e9 nab\u00eddky o: \u010desk\u00e9 ve\u0159ejnopr\u00e1vn\u00ed<br \/>\ntelevizn\u00ed programy: \u010cT art, \u010cT Sport, \u010cT1 JM, \u010cT1 SM, \u010cT3, \u010cT:D; \u010desk\u00e9 komer\u010dn\u00ed<br \/>\ntelevizn\u00ed programy: Barrandov Krimi, CS History, CS Horror, CS Mystery, Kino Barrandov,<br \/>\nNova Action, Nova Gold, Nova Sport 1, Nova Sport 2, Nova Fun, \u00d3\u010dko BLACK HD, \u00d3\u010dko<br \/>\nExpres, \u00d3\u010dko STAR, Paramount Network, Prima Krimi, Prima Max, Prima Zoom, Rebel,<br \/>\nRelax, \u0160l\u00e1gr TV, Televize Seznam, TV M\u0148am, TV M\u0148au, TV Natura, TVS, Nova Lady,<br \/>\nNova Sport 3, Nova Sport 4, Prima Show, Prima Star, CNN Prima News, Park TV, Leo TV<br \/>\nGold, Hobby TV, Golf Channel, KTV, LTV plus, POLAR TV, regionalnitelevize.cz, TV<br \/>\nPraha, Boomerang, Cartoon Network, Film Europe, UP Network, AMC, \u0160l\u00e1gr 2; zahrani\u010dn\u00ed<br \/>\nve\u0159ejnopr\u00e1vn\u00ed televizn\u00ed programy: ARD, arte, Trojka, ZDF, Rai1, RTVS \u0160port; zahrani\u010dn\u00ed<br \/>\nkomer\u010dn\u00ed televizn\u00ed programy: 360TuneBox, Arena sport 1, Arena sport 2, Arcadia TV, Auto<br \/>\nMotor Sport TV, Brazzers TV Europe, Crime &amp; Investigation Network (HD), DTX, DocuBox<br \/>\nHD, Dorcel TV, Dorcel XXX, Erox, Eroxxx, FashionBox HD, Fastnfunbox, FightBox HD,<br \/>\nFilmbox Arthouse, Filmbox Extra HD, FilmBox Premium, Filmbox Stars, JOJ Cinema, JOJ<br \/>\nFamily, MUSIC BOX LALA TV, Love Nature, Mark\u00edza International, Nick Jr, TA3, Travel<br \/>\nXP, TV RiK, Body in balance, CBS Reality, Epic Drama, JOJ, Food network, HGTV,<br \/>\nFolklorika, BBC World News, EuroNews, CNBC Europe, CNN International, Chuck TV,<br \/>\n\u0160l\u00e1ger Premium; o \u010desk\u00e9 ve\u0159ejnopr\u00e1vn\u00ed rozhlasov\u00e9 programy: \u010cRo Vltava; \u010desk\u00e9<br \/>\nkomer\u010dn\u00ed rozhlasov\u00e9 programy: Evropa 2, Fajn Radio, Free R\u00e1dio, Frekvence 1, Hitr\u00e1dio<br \/>\nDevades\u00e1tka, Hitr\u00e1dio Orion, Hitr\u00e1dio Osmdes\u00e1tka, Impuls, Kiss, Krokod\u00fdl, Proglas, R\u00e1dio<br \/>\nAnt\u00e9na Rock, R\u00e1dio BEAT, R\u00e1dio1, R\u00e1dio Blan\u00edk, R\u00e1dio Blatn\u00e1, R\u00e1dio Country, R\u00e1dio<br \/>\nDechovka, R\u00e1dio Orlicko, R\u00e1dio Spin, Rock R\u00e1dio, SeeJay, Sign\u00e1l r\u00e1dio a v rozsahu dle<br \/>\n\u017e\u00e1dosti ze dne 7. b\u0159ezna 2022 \u010d. j.: RRTV\/3757\/2022-vra.<br \/>\n13-0-0<br \/>\n16 RRTV\/2022\/82\/zil: R\u016fzn\u00ed provozovatel\u00e9 televizn\u00edho a p\u0159evzat\u00e9ho vys\u00edl\u00e1n\u00ed \/ Ozn\u00e1men\u00ed<br \/>\nzm\u011bny programov\u00e9 nab\u00eddky<br \/>\n&#8211; Rada se dle ustanoven\u00ed \u00a7 29 odst. 3 z\u00e1kona \u010d. 231\/2001 Sb. sezn\u00e1mila s ozn\u00e1men\u00edm<br \/>\nprovozovatele p\u0159evzat\u00e9ho vys\u00edl\u00e1n\u00ed \u0161\u00ed\u0159en\u00e9ho prost\u0159ednictv\u00edm kabelov\u00fdch syst\u00e9m\u016f,<br \/>\nVodafone Czech Republic a.s., I\u010c: 25788001, se s\u00eddlem: n\u00e1m\u011bst\u00ed Junkov\u00fdch 2802\/2,<br \/>\nStod\u016flky, 155 00 Praha 5, o zm\u011bn\u011b ostatn\u00edch skute\u010dnost\u00ed uveden\u00fdch v p\u0159ihl\u00e1\u0161ce k<br \/>\nregistraci sp. zn.: RRTV\/2019\/395\/smu, \u010d. j.: RRTV\/8190\/2019-smu ze dne 24. \u010dervna<br \/>\n2019, spo\u010d\u00edvaj\u00edc\u00ed v roz\u0161\u00ed\u0159en\u00ed programov\u00e9 nab\u00eddky o nov\u00fd zahrani\u010dn\u00ed televizn\u00ed program 1+1<br \/>\nInternational; d\u00e1le v rozsahu dal\u0161\u00edch informac\u00ed uveden\u00fdch v pod\u00e1n\u00ed \u010d. j.: RRTV\/3708\/2022-<br \/>\nvra doru\u010den\u00e9m dne 3. b\u0159ezna 2022.<br \/>\n12-0-0<br \/>\n&#8211; Rada se dle ustanoven\u00ed \u00a7 29 odst. 3 z\u00e1kona \u010d. 231\/2001 Sb. sezn\u00e1mila s ozn\u00e1men\u00edm<br \/>\nprovozovatele p\u0159evzat\u00e9ho vys\u00edl\u00e1n\u00ed \u0161\u00ed\u0159en\u00e9ho prost\u0159ednictv\u00edm zvl\u00e1\u0161tn\u00edch p\u0159enosov\u00fdch<br \/>\nsyst\u00e9m\u016f, Vodafone Czech Republic a.s., I\u010c: 25788001, se s\u00eddlem: n\u00e1m\u011bst\u00ed Junkov\u00fdch<br \/>\n2802\/2, Stod\u016flky, 155 00 Praha 5, o zm\u011bn\u011b ostatn\u00edch skute\u010dnost\u00ed uveden\u00fdch v p\u0159ihl\u00e1\u0161ce<br \/>\nk registraci sp. zn.: RRTV\/2019\/419\/smu, \u010d. j.: RRTV\/8188\/2019-smu , ze dne 25. \u010dervna<br \/>\n2019, spo\u010d\u00edvaj\u00edc\u00ed v roz\u0161\u00ed\u0159en\u00ed programov\u00e9 nab\u00eddky o nov\u00fd zahrani\u010dn\u00ed televizn\u00ed program 1+1<br \/>\nInternational; d\u00e1le v rozsahu dal\u0161\u00edch informac\u00ed uveden\u00fdch v pod\u00e1n\u00ed \u010d. j.: RRTV\/3708\/2022-<br \/>\nvra doru\u010den\u00e9m dne 3. b\u0159ezna 2022.<br \/>\n13-0-0<br \/>\n&#8211; Rada se dle ustanoven\u00ed \u00a7 29 odst. 3 z\u00e1kona \u010d. 231\/2001 Sb. sezn\u00e1mila s ozn\u00e1men\u00edm<br \/>\nprovozovatele p\u0159evzat\u00e9ho vys\u00edl\u00e1n\u00ed \u0161\u00ed\u0159en\u00e9ho prost\u0159ednictv\u00edm kabelov\u00fdch syst\u00e9m\u016f,<br \/>\nKabelov\u00e1 televize Kada\u0148, a.s., I\u010c: 46709584, se s\u00eddlem Kpt. Jaro\u0161e 1477, 432 01 Kada\u0148,<br \/>\no zm\u011bn\u011b ostatn\u00edch skute\u010dnost\u00ed uveden\u00fdch v p\u0159ihl\u00e1\u0161ce k registraci \u010d. j.: Rg\/29\/96, ze dne<br \/>\n18. \u010dervna 1996, spo\u010d\u00edvaj\u00edc\u00ed v roz\u0161\u00ed\u0159en\u00ed programov\u00e9 nab\u00eddky o televizn\u00ed programy a)<br \/>\nzahrani\u010dn\u00ed: Brazzers TV Europe a \u0160l\u00e1ger premium a b) \u010desk\u00e9: Prima STAR, Prima Show,<br \/>\nNova Lady, Spektrum Home; v rozsahu pod\u00e1n\u00ed \u010d. j.: RRTV\/3322\/2022-vra doru\u010den\u00e9m dne<br \/>\n3. b\u0159ezna 2022<br \/>\n13-0-0<br \/>\n&#8211; Rada se dle ustanoven\u00ed \u00a7 29 odst. 3 z\u00e1kona \u010d. 231\/2001 Sb. sezn\u00e1mila s ozn\u00e1men\u00edm<br \/>\nprovozovatele p\u0159evzat\u00e9ho vys\u00edl\u00e1n\u00ed \u0161\u00ed\u0159en\u00e9ho prost\u0159ednictv\u00edm pozemn\u00edch vys\u00edla\u010d\u016f, Czech<br \/>\nDigital Group, a.s., I\u010c 258 42 609, se s\u00eddlem Skokansk\u00e1 2117\/1, B\u0159evnov, 169 00 Praha<br \/>\n6, o zm\u011bn\u011b ostatn\u00edch skute\u010dnost\u00ed uveden\u00fdch v p\u0159ihl\u00e1\u0161ce k registraci \u010d.j.: Fia\/645\/08, sp.<br \/>\nzn.: 2008\/70\/FIA\/CDG, ze dne 22. ledna 2008, spo\u010d\u00edvaj\u00edc\u00ed ve zm\u011bn\u011b programov\u00e9 nab\u00eddky,<br \/>\n\u0161\u00ed\u0159en\u00e9 prost\u0159ednictv\u00edm jednotliv\u00fdch s\u00edt\u00ed elektronick\u00fdch komunikac\u00ed Czech Digital Group,<br \/>\na.s. ke dni 1. b\u0159ezna 2022 (tj. ke dni zah\u00e1jen\u00ed vys\u00edl\u00e1n\u00ed rozhlasov\u00e9ho programu R\u00e1dio<br \/>\nImpuls v celoplo\u0161n\u00e9 Vys\u00edlac\u00ed s\u00edti 23), a to: Region\u00e1ln\u00ed vys\u00edlac\u00ed s\u00ed\u0165 12: \u00d3\u010dko Black;<br \/>\nceloplo\u0161n\u00e1 vys\u00edlac\u00ed s\u00ed\u0165 23: \u010cesk\u00fd Impuls, Tv NOE, R\u00e1dio Dechovka a R\u00e1dio Impuls.<br \/>\nOstatn\u00ed programy \u0161\u00ed\u0159en\u00e9 prost\u0159ednictv\u00edm v\u00fd\u0161e uveden\u00fdch s\u00edt\u00ed elektronick\u00fdch komunikac\u00ed<br \/>\njsou \u0161\u00ed\u0159eny na z\u00e1klad\u011b p\u0159\u00edslu\u0161n\u00fdch licenc\u00ed RRTV k provozov\u00e1n\u00ed rozhlasov\u00e9ho a televizn\u00edho<br \/>\ndigit\u00e1ln\u00edho vys\u00edl\u00e1n\u00ed prost\u0159ednictv\u00edm vys\u00edla\u010d\u016f, v rozsahu ozn\u00e1men\u00ed ze dne 7. b\u0159ezna 2022,<br \/>\n\u010d.j.: RRTV\/3785\/2022-vra.<br \/>\n13-0-0<br \/>\n17 RRTV\/2022\/10\/smu: R\u016fzn\u00ed provozovatel\u00e9 televizn\u00edho a p\u0159evzat\u00e9ho vys\u00edl\u00e1n\u00ed \/ P\u0159ehled<br \/>\nozn\u00e1men\u00fdch zm\u011bn<br \/>\n&#8211; Rada se sezn\u00e1mila se t\u0159emi ozn\u00e1men\u00edmi.<br \/>\n13-0-0<br \/>\n&#8211; Rada se sezn\u00e1mila s ozn\u00e1men\u00edm \u010d.j. RRTV\/3947\/2022-vra, doru\u010den\u00fdm Rad\u011b dne 11.<br \/>\nb\u0159ezna 2022 od provozovatele ViacomCBS Networks International Vzech s.r.o., I\u010c:<br \/>\n28970438, spo\u010d\u00edvaj\u00edc\u00edm v zah\u00e1jen\u00ed vys\u00edl\u00e1n\u00ed programu MTV Flanders, \u0161\u00ed\u0159en\u00e9ho<br \/>\nprost\u0159ednictv\u00edm zvl\u00e1\u0161tn\u00edch p\u0159enosov\u00fdch syst\u00e9m\u016f, a to na z\u00e1klad\u011b rozhodnut\u00ed o ud\u011blen\u00ed<br \/>\nlicence sp. zn.: RRTV\/2022\/160\/smu, od 11. b\u0159ezna 2022.<br \/>\n13-0-0<br \/>\n18 RRTV\/2022\/299\/poj: R\u016fzn\u00ed provozovatel\u00e9 \/ Souhrn pod\u00e1n\u00ed 05\/2022 rozhlas<br \/>\n&#8211; Rada pro rozhlasov\u00e9 a televizn\u00ed vys\u00edl\u00e1n\u00ed se sezn\u00e1mila se st\u00ed\u017enost\u00ed \u010d. j. RRTV\/3200\/2022-<br \/>\nvra ohledn\u011b \u00fadajn\u00e9ho \u0161\u00ed\u0159en\u00ed rusk\u00e9 propagandy na programu \u010cRo Radio\u017eurn\u00e1l. Rada pro<br \/>\nrozhlasov\u00e9 a televizn\u00ed vys\u00edl\u00e1n\u00ed se sezn\u00e1mila se st\u00ed\u017enost\u00ed \u010d. j. RRTV\/3229\/2022-vra ohledn\u011b<br \/>\n\u00fadajn\u011b nevhodn\u00e9 argumentaci v\u016f\u010di masov\u00e9 migraci v po\u0159adu N\u00e1zory a argumenty na<br \/>\nprogramu \u010cRo Plus. Rada pro rozhlasov\u00e9 a televizn\u00ed vys\u00edl\u00e1n\u00ed se sezn\u00e1mila se st\u00ed\u017enost\u00ed \u010d.<br \/>\nj. RRTV\/3714\/2022-vra ohledn\u011b toho, \u017ee na programu \u010cRo Radio\u017eurn\u00e1l \u00fadajn\u011b zazn\u011bla<br \/>\n\u201efale\u0161n\u00e1 popla\u0161n\u00e1 zpr\u00e1va\u201c. Rada pro rozhlasov\u00e9 a televizn\u00ed vys\u00edl\u00e1n\u00ed (d\u00e1le jen \u201eRada\u201c) se<br \/>\nsezn\u00e1mila s pod\u00e1n\u00edm \u010d.j. RRTV\/3061\/2022-vra, doru\u010den\u00fdm dne 23. prosince 2022, ve v\u011bci<br \/>\n\u017e\u00e1dosti o informace dle z\u00e1kona \u010d. 106\/1999 sb., o svobodn\u00e9m p\u0159\u00edstupu k informac\u00edm, ve<br \/>\nzn\u011bn\u00ed pozd\u011bj\u0161\u00edch p\u0159edpis\u016f, kter\u00e1 byla adresov\u00e1na gener\u00e1ln\u00edmu \u0159editeli \u010cesk\u00e9ho rozhlasu.<br \/>\n13-0-0<br \/>\n&#8211; Rada pro rozhlasov\u00e9 a televizn\u00ed vys\u00edl\u00e1n\u00ed coby \u00fast\u0159edn\u00ed spr\u00e1vn\u00ed \u00fa\u0159ad v r\u00e1mci sv\u00e9<br \/>\nkompetence dan\u00e9 ustanoven\u00edm \u00a7 5 p\u00edsm. a) z\u00e1kona \u010d. 231\/2001 Sb., o provozov\u00e1n\u00ed<br \/>\nrozhlasov\u00e9ho a televizn\u00edho vys\u00edl\u00e1n\u00ed a o zm\u011bn\u011b dal\u0161\u00edch z\u00e1kon\u016f (d\u00e1le jen z\u00e1kon \u010d. 231\/2001<br \/>\nSb.), rozhodla v souladu s ustanoven\u00edm \u00a7 76 odst. 1 p\u00edsm. a) z\u00e1kona \u010d. 250\/2016 Sb., o<br \/>\nodpov\u011bdnosti za p\u0159estupky a \u0159\u00edzen\u00ed o nich, v platn\u00e9m zn\u011bn\u00ed, ohledn\u011b \u00fadajn\u00e9ho \u0161\u00ed\u0159en\u00ed rusk\u00e9<br \/>\npropagandy na programu \u010cRo Radio\u017eurn\u00e1l (RRTV\/3200\/2022-vra), \u017ee v\u011bc odkl\u00e1d\u00e1.<br \/>\n13-0-0<br \/>\n&#8211; Rada pro rozhlasov\u00e9 a televizn\u00ed vys\u00edl\u00e1n\u00ed coby \u00fast\u0159edn\u00ed spr\u00e1vn\u00ed \u00fa\u0159ad v r\u00e1mci sv\u00e9<br \/>\nkompetence dan\u00e9 ustanoven\u00edm \u00a7 5 p\u00edsm. a) z\u00e1kona \u010d. 231\/2001 Sb., o provozov\u00e1n\u00ed<br \/>\nrozhlasov\u00e9ho a televizn\u00edho vys\u00edl\u00e1n\u00ed a o zm\u011bn\u011b dal\u0161\u00edch z\u00e1kon\u016f (d\u00e1le jen z\u00e1kon \u010d. 231\/2001<br \/>\nSb.), rozhodla v souladu s ustanoven\u00edm \u00a7 76 odst. 1 p\u00edsm. a) z\u00e1kona \u010d. 250\/2016 Sb., o<br \/>\nodpov\u011bdnosti za p\u0159estupky a \u0159\u00edzen\u00ed o nich, v platn\u00e9m zn\u011bn\u00ed, ohledn\u011b \u00fadajn\u011b nevhodn\u00e9<br \/>\nargumentaci v\u016f\u010di masov\u00e9 migraci v po\u0159adu N\u00e1zory a argumenty na programu \u010cRo Plus<br \/>\n(RRTV\/3229\/2022-vra), \u017ee v\u011bc odkl\u00e1d\u00e1.<br \/>\n13-0-0<br \/>\n&#8211; Rada pro rozhlasov\u00e9 a televizn\u00ed vys\u00edl\u00e1n\u00ed coby \u00fast\u0159edn\u00ed spr\u00e1vn\u00ed \u00fa\u0159ad v r\u00e1mci sv\u00e9<br \/>\nkompetence dan\u00e9 ustanoven\u00edm \u00a7 5 p\u00edsm. a) z\u00e1kona \u010d. 231\/2001 Sb., o provozov\u00e1n\u00ed<br \/>\nrozhlasov\u00e9ho a televizn\u00edho vys\u00edl\u00e1n\u00ed a o zm\u011bn\u011b dal\u0161\u00edch z\u00e1kon\u016f (d\u00e1le jen z\u00e1kon \u010d. 231\/2001<br \/>\nSb.), rozhodla v souladu s ustanoven\u00edm \u00a7 76 odst. 1 p\u00edsm. a) z\u00e1kona \u010d. 250\/2016 Sb., o<br \/>\nodpov\u011bdnosti za p\u0159estupky a \u0159\u00edzen\u00ed o nich, v platn\u00e9m zn\u011bn\u00ed, ohledn\u011b toho, \u017ee na programu<br \/>\n\u010cRo Radio\u017eurn\u00e1l \u00fadajn\u011b zazn\u011bla \u201efale\u0161n\u00e1 popla\u0161n\u00e1 zpr\u00e1va\u201c (RRTV\/3714\/2022-vra), \u017ee<br \/>\nv\u011bc odkl\u00e1d\u00e1.<br \/>\n13-0-0<br \/>\n19 RRTV\/2022\/238\/vis: Souhrn pod\u00e1n\u00ed OT 05\/2022<br \/>\n&#8211; Rada se sezn\u00e1mila s n\u00e1sleduj\u00edc\u00edmi pod\u00e1n\u00edmi k obsahu televizn\u00edch program\u016f doru\u010den\u00fdmi<br \/>\nv obdob\u00ed od 18. \u00fanora 2022 do 10. b\u0159ezna 2022 (celkem 32 pod\u00e1n\u00ed): \u010cesk\u00e1 televize \/ \u010cT1<br \/>\n&#8211; St\u00edny v mlze (1\/12), 3. ledna 2022 od 20:10 hodin; \u010cesk\u00e1 televize \/ \u010cT1 &#8211; Devades\u00e1tky<br \/>\n(1\/6), 9. ledna 2022 od 20:10 hodin; FTV Prima, spol. s r.o. \/ Prima &#8211; 1. mise (18), 12. ledna<br \/>\n2022 od 20:15 hodin; FTV Prima, spol. s r.o. \/ Prima &#8211; ZOO (1), 13. ledna 2022 od 20:15<br \/>\nhodin; FTV Prima, spol. s r.o. \/ Prima Love &#8211; Ohniv\u00fd ku\u0159e (75), 18. ledna 2022 od 7:45<br \/>\nhodin; FTV Prima, spol. s r.o. \/ Prima &#8211; St\u00e1\u0159\u00ed nen\u00ed pro sraby, 30. ledna 2022 od 20:15 hodin;<br \/>\n\u010cesk\u00e1 televize \/ \u010cT1 &#8211; \u00daho\u0159i maj\u00ed nabito, 1. \u00fanora 2022 od 20:10 hodin; TV Nova s.r.o. \/<br \/>\nNova Cinema &#8211; Rom\u00e1n pro \u017eeny, 6. \u00fanora 2022 od 16:10 hodin; \u010cesk\u00e1 televize \/ \u010cT1 &#8211;<br \/>\nDom\u00e1c\u00ed p\u00e9\u010de, 8. \u00fanora 2022 od 20:10 hodin; \u010cesk\u00e1 televize \/ \u010cT1 &#8211; Sta\u0159\u00edci, 15. \u00fanora<br \/>\n2022 od 20:10 hodin; \u010cesk\u00e1 televize \/ \u010cT1 &#8211; Vra\u017eedn\u00e9 st\u00edny (1), 20. \u00fanora 2022 od 20:10<br \/>\nhodin; FTV Prima, spol. s r.o. \/ Prima &#8211; Rom\u00e1n pro mu\u017ee, 20. \u00fanora 2022 od 20:15 hodin;<br \/>\n\u010cesk\u00e1 televize \/ \u010cT1 &#8211; D\u00edra u Hanu\u0161ovic, 22. \u00fanora 2022 od 20:10 hodin; Simply You<br \/>\nPharmaceuticals a.s. (zadavatel obchodn\u00edho sd\u011blen\u00ed) \/ R\u016fzn\u00e9 programy &#8211; reklamy a<br \/>\nozna\u010den\u00ed sponzora po\u0159adu ArginMax s Radimem Uzlem; FTV Prima, spol. s r.o. \/ Prima &#8211;<br \/>\nNov\u00fd den, 25. \u00fanora 2022 od 7:00 hodin; \u010cesk\u00e1 televize \/ \u010cT1, \u010cT24 &#8211; Ud\u00e1losti (pozv\u00e1nky<br \/>\nna Branky, body, vte\u0159iny), 168 hodin (\u010cesk\u00e1 k\u0159e\u010d), informov\u00e1n\u00ed o Zimn\u00edch olympijsk\u00fdch<br \/>\nhr\u00e1ch v Pekingu; Barrandov Televizn\u00ed Studio a.s. \/ Televize Barrandov &#8211; p\u0159\u00edsp\u011bvky o<br \/>\nhudebn\u00edm producentovi Franti\u0161ku Jane\u010dkovi v po\u0159adech T\u00fdden podle Jarom\u00edra Soukupa,<br \/>\n22. \u00fanora 2022 od 21:25 hodin, a VIP sv\u011bt, 22. a 23. \u00fanora od 20:00 hodin a 25. a 26.<br \/>\n\u00fanora 2022 od 19:50 hodin; ViacomCBS Networks International Czech s.r.o. \/ Paramount<br \/>\nNetwork (Ma\u010farsko), Comedy Central Hungary &#8211; nekomer\u010dn\u00ed spoty &#8222;A csal\u00e1d az csal\u00e1d<br \/>\nHASHTAGugyanaz&#8220; (Family is family HASHTAGthesame); Twitterov\u00fd \u00fa\u010det Jakuba<br \/>\n\u017delezn\u00e9ho &#8211; prezentace respir\u00e1toru; \u010cesk\u00e1 televize \/ \u010cT24 &#8211; p\u0159\u00edsp\u011bvky moskevsk\u00e9ho<br \/>\nzpravodaje \u010cT, 25. a 26. \u00fanora 2022 dopoledne; FTV Prima, spol. s r.o. \/ CNN Prima<br \/>\nNews &#8211; Hlavn\u00ed zpr\u00e1vy, p\u0159\u00edsp\u011bvek o rusk\u00e9m tanku, 1. b\u0159ezna 2022 od 18:55 hodin;<br \/>\nViacomCBS Networks International Czech s.r.o. \/ Paramount Network &#8211; reklama v pr\u016fb\u011bhu<br \/>\nvys\u00edl\u00e1n\u00ed seri\u00e1lu SpongeBob v kalhot\u00e1ch, 2. b\u0159ezna 2022 kolem 11:00 hodin; Vinted s.r.o.<br \/>\n(zadavatel obchodn\u00edho sd\u011blen\u00ed) &#8211; televizn\u00ed reklama Vinted; \u010cesk\u00e1 televize \/ R\u016fzn\u00e9<br \/>\nprogramy &#8211; zpravodajstv\u00ed na t\u00e9ma koronavirov\u00e9 epidemie bez konkr\u00e9tn\u00ed specifikace;<br \/>\neMarkest, s.r.o. (zadavatel obchodn\u00edho sd\u011blen\u00ed) &#8211; reklama na dopln\u011bk stravy Proerecta<br \/>\nSHOT; TV Nova s.r.o. \/ Nova Action &#8211; logo programu 23. ledna 2022 v \u00faseku 13:45-13:54<br \/>\nhodin; FILMBOX IBERIA, S.L.U. \/ Filmbox &#8211; Noc \u0161\u00edlen\u00fdch matek, 5. b\u0159ezna 2022 od 14:45<br \/>\nhodin; R\u016fzn\u00ed provozovatel\u00e9 \/ r\u016fzn\u00e9 programy &#8211; mno\u017estv\u00ed zpr\u00e1v z Ukrajiny; \u010cesk\u00e1 televize<br \/>\n\/ R\u016fzn\u00e9 programy &#8211; prosp\u011b\u0161nost programu pro d\u011bti a dosp\u011bl\u00e9; \u010cesk\u00e1 televize \/ \u010cT24 &#8211;<br \/>\npozn\u00e1mky vyvolan\u00e9 sledov\u00e1n\u00edm vys\u00edl\u00e1n\u00ed; O2 TV s.r.o. \/ O2 Sport a O2TV Fotbal &#8211; SK<br \/>\nSlavia Praha-AC Sparta Praha, 6. b\u0159ezna 2022 od 17:20 hodin.<br \/>\n13-0-0<br \/>\n&#8211; Rada pro rozhlasov\u00e9 a televizn\u00ed vys\u00edl\u00e1n\u00ed (d\u00e1le jen Rada) v r\u00e1mci sv\u00e9 p\u016fsobnosti dan\u00e9<br \/>\nustanoven\u00edm \u00a7 5 p\u00edsm. a) a f) a \u00a7 59 odst. 1-3 z\u00e1kona \u010d. 231\/2001 Sb., o provozov\u00e1n\u00ed<br \/>\nrozhlasov\u00e9ho a televizn\u00edho vys\u00edl\u00e1n\u00ed a o zm\u011bn\u011b dal\u0161\u00edch z\u00e1kon\u016f (d\u00e1le jen z\u00e1kon \u010d. 231\/2001<br \/>\nSb.), v platn\u00e9m zn\u011bn\u00ed, upozor\u0148uje provozovatele \u010cesk\u00e1 televize, I\u010c 00027383, s\u00eddlem Na<br \/>\nh\u0159ebenech II 1132\/4, Praha 4, PS\u010c 14700, na poru\u0161en\u00ed ustanoven\u00ed \u00a7 32 odst. 1 p\u00edsm. j)<br \/>\nz\u00e1kona \u010d. 231\/2001 Sb., kter\u00e9ho se dopustil t\u00edm, \u017ee dne 3. ledna 2022 od 20:10 hodin na<br \/>\nprogramu \u010cT1 odvys\u00edlal po\u0159ad St\u00edny v mlze (1\/12), kter\u00fd obsahoval vulgarismy a nad\u00e1vky,<br \/>\nnap\u0159. \u201ekret\u00e9ne\u201c (v \u010dase 6:57 minut od za\u010d\u00e1tku po\u0159adu), \u201ehajzle\u201c (7:43), \u201e\u010dur\u00e1ku\u201c (7:44), \u201ety<br \/>\nsvin\u011b\u201c (7:47), \u201ehovno\u201c (19:40) a \u201eprdel\u201c (35:57), a d\u00e1le dne 9. ledna 2022 od 20:10 hodin<br \/>\nna programu \u010cT1 odvys\u00edlal po\u0159ad Devades\u00e1tky (1\/6), kter\u00fd obsahoval vulgarismy a<br \/>\nnad\u00e1vky, nap\u0159. \u201edo prdele\u201c (v \u010dase 10:30 minut od za\u010d\u00e1tku po\u0159adu), \u201eneposere\u201c (17:01),<br \/>\n\u201ehovno\u201c (31:07, 31:11), \u201ekurva\u201c (32:52), \u201evyjebal\u201c (32:57), \u201esr\u00e1\u010d\u201c (37:58) a \u201ezkurvenej\u201c<br \/>\n(38:07), a d\u00e1le dne 1. \u00fanora 2022 od 20:10 hodin na programu \u010cT1 odvys\u00edlal po\u0159ad \u00daho\u0159i<br \/>\nmaj\u00ed nabito, kter\u00fd obsahoval vulgarismy a nad\u00e1vky, nap\u0159. \u201ehajzle\u201c (1:33 minut od za\u010d\u00e1tku<br \/>\npo\u0159adu), \u201ebuzerant\u201c (5:40), \u201ehovado\u201c (10:48), \u201ehovno\u201c (12:09, 12:35), \u201eposere\u0161\u201c (12:25),<br \/>\n\u201edo prdele\u201c (12:30), \u201ekurva\u201c (13:00) a \u201edr\u017e hubu\u201c (13:25), a d\u00e1le dne 8. \u00fanora 2022 od 20:10<br \/>\nhodin na programu \u010cT1 odvys\u00edlal po\u0159ad Dom\u00e1c\u00ed p\u00e9\u010de, kter\u00fd obsahoval vulgarismy a<br \/>\nnad\u00e1vky, nap\u0159. \u201eposrala\u201c (v \u010dase 8:14 minut od za\u010d\u00e1tku po\u0159adu), \u201esere\u201c (37:51), \u201ekurva<br \/>\np\u00ed\u010da\u201c (38:11), \u201ekurva\u201c (41:30), \u201ekurvy\u201c (42:06), \u201eza kurvama\u201c (42:11), \u201eposran\u00e1\u201c (50:46) a<br \/>\n\u201eposran\u00e9ho\u201c (50:50), a d\u00e1le dne 15. \u00fanora 2022 od 20:10 hodin na programu \u010cT1 odvys\u00edlal<br \/>\npo\u0159ad Sta\u0159\u00edci, kter\u00fd obsahoval vulgarismy a nad\u00e1vky, nap\u0159. \u201edo hajzlu\u201c (v \u010dase 2:40 minut<br \/>\nod za\u010d\u00e1tku po\u0159adu), \u201edo prdele\u201c (5:41), \u201ekurva\u201c (7:04), \u201eprdel\u201c (9:38), \u201et\u00fd svini\u201c (10:03),<br \/>\n\u201ekurvou\u201c (10:13), \u201enesere\u201c (10:19), \u201eprdel\u201c (10:56) a \u201ehovno\u201c (11:16), a d\u00e1le dne 20. \u00fanora<br \/>\n2022 od 20:10 hodin na programu \u010cT1 odvys\u00edlal po\u0159ad Vra\u017eedn\u00e9 st\u00edny (1), kter\u00fd obsahoval<br \/>\nvulgarismy a nad\u00e1vky, nap\u0159. \u201evyser\u201c (v \u010dase 9:02 minut od za\u010d\u00e1tku po\u0159adu), \u201esvin\u011b\u201c<br \/>\n(13:06), \u201ekurva\u201c (15:06), \u201ekret\u00e9n\u201c (15:45, 15:47), \u201eser na to\u201c (22:43), \u201edo prdele\u201c (22:54) a<br \/>\n\u201edebiln\u011b\u201c (23:45), a d\u00e1le dne 22. \u00fanora 2022 od 20:10 hodin na programu \u010cT1 odvys\u00edlal<br \/>\npo\u0159ad D\u00edra u Hanu\u0161ovic, kter\u00fd obsahoval vulgarismy a nad\u00e1vky, nap\u0159. \u201esvin\u011b\u201c nebo \u201esvi\u0148a\u201c<br \/>\n(v \u010dase 3:36, 22:45, 23:10 minut od za\u010d\u00e1tku po\u0159adu), \u201ekurva\u201c (5:25, 10:01, 10:15, 11:55,<br \/>\n28:55), \u201epi\u010du\u201c (11:04), \u201e\u010dur\u00e1k\u201c (12:30), \u201ezasran\u00e1\u201c (22:47), \u201eneposrali\u201c (31:46) a \u201eposeru\u201c<br \/>\n(39:55), \u010d\u00edm\u017e poru\u0161il povinnost neza\u0159azovat do program\u016f po\u0159ady a reklamy, kter\u00e9 obsahuj\u00ed<br \/>\nvulgarismy a nad\u00e1vky, krom\u011b um\u011bleck\u00fdch d\u011bl, v nich\u017e je to z hlediska l\u00ed\u010den\u00e9ho kontextu<br \/>\nnutn\u00e9; takov\u00e1 d\u00edla je v\u0161ak mo\u017en\u00e9 vys\u00edlat pouze v dob\u011b od 22:00 do 06:00 druh\u00e9ho dne.<br \/>\nRada stanovuje lh\u016ftu k n\u00e1prav\u011b 7 dn\u00ed ode dne doru\u010den\u00ed upozorn\u011bn\u00ed.<br \/>\n12-0-1<br \/>\n&#8211; Rada pro rozhlasov\u00e9 a televizn\u00ed vys\u00edl\u00e1n\u00ed (d\u00e1le jen Rada) v r\u00e1mci sv\u00e9 p\u016fsobnosti dan\u00e9<br \/>\nustanoven\u00edm \u00a7 5 p\u00edsm. a) a f) a \u00a7 59 odst. 1-3 z\u00e1kona \u010d. 231\/2001 Sb., o provozov\u00e1n\u00ed<br \/>\nrozhlasov\u00e9ho a televizn\u00edho vys\u00edl\u00e1n\u00ed a o zm\u011bn\u011b dal\u0161\u00edch z\u00e1kon\u016f (d\u00e1le jen z\u00e1kon \u010d. 231\/2001<br \/>\nSb.), v platn\u00e9m zn\u011bn\u00ed, upozor\u0148uje provozovatele FTV Prima, spol. s r.o., I\u010c 48115908,<br \/>\ns\u00eddlem Vinohradsk\u00e1 3217\/167, Praha 10, PS\u010c 100 00, na poru\u0161en\u00ed ustanoven\u00ed \u00a7 32 odst.<br \/>\n1 p\u00edsm. j) z\u00e1kona \u010d. 231\/2001 Sb., kter\u00e9ho se dopustil t\u00edm, \u017ee dne 12. ledna 2022 od 20:15<br \/>\nhodin na programu Prima odvys\u00edlal po\u0159ad 1. mise (18), kter\u00fd obsahoval vulgarismy a<br \/>\nnad\u00e1vky, nap\u0159. \u201ehajzl\u201c (v \u010dase 5:26 a 13:33 minut od za\u010d\u00e1tku po\u0159adu), \u201ev hajzlu\u201c (55:55),<br \/>\n\u201epr\u016fser\u201c (7:09) a \u201edo prdele\u201c (54:36, 57:27), a d\u00e1le dne 13. ledna 2022 od 20:15 hodin na<br \/>\nprogramu Prima odvys\u00edlal po\u0159ad ZOO (1), kter\u00fd obsahoval vulgarismy a nad\u00e1vky, nap\u0159.<br \/>\n\u201ehajzl\u201c (v \u010dase 11:48 minut od za\u010d\u00e1tku po\u0159adu), \u201ety kr\u00e1vo\u201c (17:36), \u201ehovado\u201c (17:39), \u201ekr\u00e1va<br \/>\njedna blb\u00e1\u201c (21:47), \u201edo prdele\u201c (26:08), \u201edebil\u201c (27:36) a \u201ekret\u00e9n\u201c (31:26), a d\u00e1le dne 30.<br \/>\nledna 2022 od 20:15 hodin na programu Prima odvys\u00edlal po\u0159ad St\u00e1\u0159\u00ed nen\u00ed pro sraby, kter\u00fd<br \/>\nobsahoval vulgarismy a nad\u00e1vky, nap\u0159. \u201edobytku\u201c (v \u010dase 6:46 minut od za\u010d\u00e1tku po\u0159adu),<br \/>\n\u201ena tohle j\u00e1 seru\u201c (9:44), \u201ejdi do prdele\u201c (11:43), \u201ekurva\u201c (11:47, 32:39, 33:53), \u201ekret\u00e9n\u201c<br \/>\n(11:49) a \u201evysere\u201c (1:01:37), a d\u00e1le dne 20. \u00fanora 2022 od 20:15 hodin na programu Prima<br \/>\nodvys\u00edlal po\u0159ad Rom\u00e1n pro mu\u017ee, kter\u00fd obsahoval vulgarismy a nad\u00e1vky, nap\u0159. \u201ekurva\u201c (v<br \/>\n\u010dase 6:19, 32:35 a 33:05 minut od za\u010d\u00e1tku po\u0159adu), \u201ehovno\u201c (6:40), \u201epi\u010do\u201c (7:22), \u201ekurvu\u201c<br \/>\n(32:02) a \u201e\u0161uk\u00e1n\u00ed\u201c (32:11), a d\u00e1le dne 18. ledna 2022 od 7:45 hodin na programu Prima<br \/>\nLove odvys\u00edlal po\u0159ad Ohniv\u00fd ku\u0159e (75), kter\u00fd obsahoval vulgarismy a nad\u00e1vky, nap\u0159.<br \/>\n\u201ekurvi\u010dkou\u201c (v \u010dase 29:04 minut od za\u010d\u00e1tku po\u0159adu), \u201eposeru\u201c (30:33), \u201ekysel\u00e1 prdel\u201c<br \/>\n(35:56), \u201eta \u010d\u016fza\u201c (37:25), \u201edebile\u201c (41:06), \u201esr\u00e1\u010d\u201c (41:19) a \u201enasranej\u201c (41:23), \u010d\u00edm\u017e poru\u0161il<br \/>\npovinnost neza\u0159azovat do program\u016f po\u0159ady a reklamy, kter\u00e9 obsahuj\u00ed vulgarismy a<br \/>\nnad\u00e1vky, krom\u011b um\u011bleck\u00fdch d\u011bl, v nich\u017e je to z hlediska l\u00ed\u010den\u00e9ho kontextu nutn\u00e9; takov\u00e1<br \/>\nd\u00edla je v\u0161ak mo\u017en\u00e9 vys\u00edlat pouze v dob\u011b od 22:00 do 06:00 druh\u00e9ho dne. Rada stanovuje<br \/>\nlh\u016ftu k n\u00e1prav\u011b 7 dn\u00ed ode dne doru\u010den\u00ed upozorn\u011bn\u00ed.<br \/>\n12-0-1<br \/>\n&#8211; Rada pro rozhlasov\u00e9 a televizn\u00ed vys\u00edl\u00e1n\u00ed (d\u00e1le jen Rada) v r\u00e1mci sv\u00e9 p\u016fsobnosti dan\u00e9<br \/>\nustanoven\u00edm \u00a7 5 p\u00edsm. a) a f) a \u00a7 59 odst. 1-3 z\u00e1kona \u010d. 231\/2001 Sb., o provozov\u00e1n\u00ed<br \/>\nrozhlasov\u00e9ho a televizn\u00edho vys\u00edl\u00e1n\u00ed a o zm\u011bn\u011b dal\u0161\u00edch z\u00e1kon\u016f (d\u00e1le jen z\u00e1kon \u010d. 231\/2001<br \/>\nSb.), v platn\u00e9m zn\u011bn\u00ed, upozor\u0148uje provozovatele TV Nova s.r.o., I\u010c 45800456, s\u00eddlem<br \/>\nK\u0159\u00ed\u017eeneck\u00e9ho n\u00e1m\u011bst\u00ed 1078\/5a, Praha 5, PS\u010c 15200, na poru\u0161en\u00ed ustanoven\u00ed \u00a7 32 odst.<br \/>\n1 p\u00edsm. j) z\u00e1kona \u010d. 231\/2001 Sb., kter\u00e9ho se dopustil t\u00edm, \u017ee dne 6. \u00fanora 2022 od 16:10<br \/>\nhodin na programu Nova Cinema odvys\u00edlal po\u0159ad Rom\u00e1n pro \u017eeny, kter\u00fd obsahoval<br \/>\nvulgarismy a nad\u00e1vky, nap\u0159. \u201eidiot\u201c (v \u010dase 15:30 a 46:51minut od za\u010d\u00e1tku po\u0159adu), \u201ed\u011bvka\u201c<br \/>\n(46:19, 46:22), \u201ekret\u00e9ne\u201c (49:30), \u201e\u0161oust\u00e1\u0161\u201c (49:45), \u201ezasran\u00fd\u201c (1:13:30 hodin od za\u010d\u00e1tku<br \/>\npo\u0159adu), \u201eprdel\u201c (1:14:02), \u201ekurev\u201c (1:21:00), \u201edo prdele\u201c (1:30:30), \u201ehajzl\u201c (1:45:15,<br \/>\n1:45:16, 1:45:30) a \u201ehajzle\u201c (1:45:17, 1:46:06, 1:46:09), \u010d\u00edm\u017e poru\u0161il povinnost<br \/>\nneza\u0159azovat do program\u016f po\u0159ady a reklamy, kter\u00e9 obsahuj\u00ed vulgarismy a nad\u00e1vky, krom\u011b<br \/>\num\u011bleck\u00fdch d\u011bl, v nich\u017e je to z hlediska l\u00ed\u010den\u00e9ho kontextu nutn\u00e9; takov\u00e1 d\u00edla je v\u0161ak mo\u017en\u00e9<br \/>\nvys\u00edlat pouze v dob\u011b od 22:00 do 06:00 druh\u00e9ho dne. Rada stanovuje lh\u016ftu k n\u00e1prav\u011b 7<br \/>\ndn\u00ed ode dne doru\u010den\u00ed upozorn\u011bn\u00ed.<br \/>\n12-0-0<br \/>\n&#8211; Rada pro rozhlasov\u00e9 a televizn\u00ed vys\u00edl\u00e1n\u00ed (d\u00e1le jen \u201eRada\u201c) jako org\u00e1n dozoru pro oblast<br \/>\nregulace reklamy dle \u00a7 7 p\u00edsm. a) z\u00e1kona \u010d. 40\/1995 Sb., o regulaci reklamy a o zm\u011bn\u011b a<br \/>\ndopln\u011bn\u00ed z\u00e1kona \u010d. 468\/1991 Sb., o provozov\u00e1n\u00ed rozhlasov\u00e9ho a televizn\u00edho vys\u00edl\u00e1n\u00ed, ve<br \/>\nzn\u011bn\u00ed pozd\u011bj\u0161\u00edch p\u0159edpis\u016f (d\u00e1le jen \u201ez\u00e1kon \u010d. 40\/1995 Sb.\u201c), a na z\u00e1klad\u011b \u00a7 137 odst. 1<br \/>\nz\u00e1kona \u010d. 500\/2004 Sb., spr\u00e1vn\u00ed \u0159\u00e1d, \u017e\u00e1d\u00e1 zadavatele reklamy Simply You<br \/>\nPharmaceuticals a.s., I\u010c 25385381, Roh\u00e1\u010dova 188\/37, \u017di\u017ekov (Praha 3), 130 00 Praha, o<br \/>\npod\u00e1n\u00ed vysv\u011btlen\u00ed ve v\u011bci st\u00ed\u017enosti na obchodn\u00ed sd\u011blen\u00ed na produkt ArginMax. Rada<br \/>\nstanovuje lh\u016ftu k pod\u00e1n\u00ed vysv\u011btlen\u00ed 30 dn\u00ed ode dne doru\u010den\u00ed t\u00e9to \u017e\u00e1dosti.<br \/>\n13-0-0<br \/>\n&#8211; Rada pro rozhlasov\u00e9 a televizn\u00ed vys\u00edl\u00e1n\u00ed (d\u00e1le jen \u201eRada\u201c) v r\u00e1mci sv\u00e9 kompetence dan\u00e9<br \/>\n\u00a7 5 p\u00edsm. a) z\u00e1kona \u010d. 231\/2001 Sb., o provozov\u00e1n\u00ed rozhlasov\u00e9ho a televizn\u00edho vys\u00edl\u00e1n\u00ed a<br \/>\no zm\u011bn\u011b dal\u0161\u00edch z\u00e1kon\u016f, v platn\u00e9m zn\u011bn\u00ed (d\u00e1le jen \u201ez\u00e1kon \u010d. 231\/2001 Sb.\u201c) a v souladu<br \/>\ns ustanoven\u00edm \u00a7 137 odst. 1 z\u00e1kona \u010d. 500\/2004 Sb., spr\u00e1vn\u00ed \u0159\u00e1d, (d\u00e1le jen \u201ez\u00e1kon \u010d.<br \/>\n500\/2004 Sb.\u201c) \u017e\u00e1d\u00e1 provozovatele vys\u00edl\u00e1n\u00ed FTV Prima spol. s r.o., I\u010c: 48115908, s\u00eddlem:<br \/>\nVinohradsk\u00e1 3217\/167, Praha 10, PS\u010c 100 00, o pod\u00e1n\u00ed vysv\u011btlen\u00ed k po\u0159adu Nov\u00fd den,<br \/>\nkter\u00fd byl vys\u00edl\u00e1n dne 25. \u00fanora 2022 od 7:00 hodin na programu Prima, jak\u00fd produkt a za<br \/>\njak\u00fdch podm\u00ednek byl v po\u0159adu ozna\u010den\u00e9m symbolem PP um\u00edst\u011bn. Rada stanovuje lh\u016ftu k<br \/>\npod\u00e1n\u00ed vysv\u011btlen\u00ed 30 dn\u00ed ode dne doru\u010den\u00ed t\u00e9to v\u00fdzvy.<br \/>\n13-0-0<br \/>\n&#8211; Rada pro rozhlasov\u00e9 a televizn\u00ed vys\u00edl\u00e1n\u00ed (d\u00e1le jen Rada) coby \u00fast\u0159edn\u00ed spr\u00e1vn\u00ed \u00fa\u0159ad v<br \/>\nr\u00e1mci sv\u00e9 kompetence dan\u00e9 ustanoven\u00edm \u00a7 5 p\u00edsm. a) z\u00e1kona \u010d. 231\/2001 Sb., o<br \/>\nprovozov\u00e1n\u00ed rozhlasov\u00e9ho a televizn\u00edho vys\u00edl\u00e1n\u00ed a o zm\u011bn\u011b dal\u0161\u00edch z\u00e1kon\u016f (d\u00e1le jen z\u00e1kon<br \/>\n\u010d. 231\/2001 Sb.), rozhodla v souladu s ustanoven\u00edm \u00a7 76 odst. 1 p\u00edsm. a) z\u00e1kona \u010d.<br \/>\n250\/2016 Sb., o odpov\u011bdnosti za p\u0159estupky a \u0159\u00edzen\u00ed o nich, v platn\u00e9m zn\u011bn\u00ed, ve v\u011bci<br \/>\nmo\u017en\u00e9ho p\u0159estupku sp\u00e1chan\u00e9ho v souvislosti s informov\u00e1n\u00edm o Zimn\u00edch olympijsk\u00fdch<br \/>\nhr\u00e1ch v Pekingu v po\u0159adech Ud\u00e1losti a 168 hodin na programech \u010cT1 a \u010cT24, \u017ee v\u011bc<br \/>\nodkl\u00e1d\u00e1.<br \/>\n12-0-1<br \/>\n&#8211; Rada pro rozhlasov\u00e9 a televizn\u00ed vys\u00edl\u00e1n\u00ed (d\u00e1le jen \u201eRada\u201c) coby \u00fast\u0159edn\u00ed spr\u00e1vn\u00ed \u00fa\u0159ad v<br \/>\nr\u00e1mci sv\u00e9 kompetence dan\u00e9 ustanoven\u00edm \u00a7 5 p\u00edsm. a) z\u00e1kona \u010d. 231\/2001 Sb., o<br \/>\nprovozov\u00e1n\u00ed rozhlasov\u00e9ho a televizn\u00edho vys\u00edl\u00e1n\u00ed a o zm\u011bn\u011b dal\u0161\u00edch z\u00e1kon\u016f (d\u00e1le jen<br \/>\n\u201ez\u00e1kon \u010d. 231\/2001 Sb.\u201c), rozhodla v souladu s ustanoven\u00edm \u00a7 76 odst. 1 p\u00edsm. a) z\u00e1kona<br \/>\n\u010d. 250\/2016 Sb., o odpov\u011bdnosti za p\u0159estupky a \u0159\u00edzen\u00ed o nich, v platn\u00e9m zn\u011bn\u00ed, ve v\u011bci<br \/>\nmo\u017en\u00e9ho p\u0159estupku sp\u00e1chan\u00e9ho odvys\u00edl\u00e1n\u00edm spot\u016f &#8222;A csal\u00e1d az csal\u00e1d<br \/>\nHASHTAGugyanaz&#8220; (Family is family HASHTAGthesame) dne 20. listopadu 2021 v \u00faseku<br \/>\n14:20:34-14:21:18 hodin na programu Paramount Network (Ma\u010farsko), a 22. listopadu<br \/>\n2021 v \u00faseku 16:39:01-16:39:45 hodin na programu Comedy Central Hungary, \u017ee v\u011bc<br \/>\nodkl\u00e1d\u00e1.<br \/>\n13-0-0<br \/>\n&#8211; Rada pro rozhlasov\u00e9 a televizn\u00ed vys\u00edl\u00e1n\u00ed (d\u00e1le jen \u201eRada\u201c) coby \u00fast\u0159edn\u00ed spr\u00e1vn\u00ed \u00fa\u0159ad v<br \/>\nr\u00e1mci sv\u00e9 kompetence dan\u00e9 ustanoven\u00edm \u00a7 5 p\u00edsm. a) z\u00e1kona \u010d. 231\/2001 Sb., o<br \/>\nprovozov\u00e1n\u00ed rozhlasov\u00e9ho a televizn\u00edho vys\u00edl\u00e1n\u00ed a o zm\u011bn\u011b dal\u0161\u00edch z\u00e1kon\u016f (d\u00e1le jen<br \/>\n\u201ez\u00e1kon \u010d. 231\/2001 Sb.\u201c), rozhodla v souladu s ustanoven\u00edm \u00a7 76 odst. 1 p\u00edsm. a) z\u00e1kona<br \/>\n\u010d. 250\/2016 Sb., o odpov\u011bdnosti za p\u0159estupky a \u0159\u00edzen\u00ed o nich, v platn\u00e9m zn\u011bn\u00ed, ve v\u011bci<br \/>\nmo\u017en\u00e9ho p\u0159estupku sp\u00e1chan\u00e9ho prezentac\u00ed respir\u00e1toru v r\u00e1mci tweetu na twitterov\u00e9m<br \/>\n\u00fa\u010dtu Jakuba \u017delezn\u00e9ho 7. b\u0159ezna 2022, \u017ee v\u011bc odkl\u00e1d\u00e1.<br \/>\n12-0-0<br \/>\n&#8211; Rada pro rozhlasov\u00e9 a televizn\u00ed vys\u00edl\u00e1n\u00ed (d\u00e1le jen \u201eRada\u201c) coby \u00fast\u0159edn\u00ed spr\u00e1vn\u00ed \u00fa\u0159ad v<br \/>\nr\u00e1mci sv\u00e9 kompetence dan\u00e9 ustanoven\u00edm \u00a7 5 p\u00edsm. a) z\u00e1kona \u010d. 231\/2001 Sb., o<br \/>\nprovozov\u00e1n\u00ed rozhlasov\u00e9ho a televizn\u00edho vys\u00edl\u00e1n\u00ed a o zm\u011bn\u011b dal\u0161\u00edch z\u00e1kon\u016f (d\u00e1le jen<br \/>\n\u201ez\u00e1kon \u010d. 231\/2001 Sb.\u201c), rozhodla v souladu s ustanoven\u00edm \u00a7 76 odst. 1 p\u00edsm. a) z\u00e1kona<br \/>\n\u010d. 250\/2016 Sb., o odpov\u011bdnosti za p\u0159estupky a \u0159\u00edzen\u00ed o nich, v platn\u00e9m zn\u011bn\u00ed, ve v\u011bci<br \/>\nmo\u017en\u00e9ho p\u0159estupku sp\u00e1chan\u00e9ho odvys\u00edl\u00e1n\u00edm p\u0159\u00edsp\u011bvk\u016f zpravodaje \u010cT v Rusku 25. a 26.<br \/>\n\u00fanora 2022 dopoledne na programu \u010cT24, \u017ee v\u011bc odkl\u00e1d\u00e1.<br \/>\n11-1-0<br \/>\n&#8211; Rada pro rozhlasov\u00e9 a televizn\u00ed vys\u00edl\u00e1n\u00ed (d\u00e1le jen \u201eRada\u201c) v r\u00e1mci sv\u00e9 kompetence dan\u00e9<br \/>\n\u00a7 5 p\u00edsm. a) z\u00e1kona \u010d. 231\/2001 Sb., o provozov\u00e1n\u00ed rozhlasov\u00e9ho a televizn\u00edho vys\u00edl\u00e1n\u00ed a<br \/>\no zm\u011bn\u011b dal\u0161\u00edch z\u00e1kon\u016f, v platn\u00e9m zn\u011bn\u00ed (d\u00e1le jen \u201ez\u00e1kon \u010d. 231\/2001 Sb.\u201c) a v souladu<br \/>\ns ustanoven\u00edm \u00a7 137 odst. 1 z\u00e1kona \u010d. 500\/2004 Sb., spr\u00e1vn\u00ed \u0159\u00e1d, (d\u00e1le jen \u201ez\u00e1kon \u010d.<br \/>\n500\/2004 Sb.\u201c) \u017e\u00e1d\u00e1 provozovatele vys\u00edl\u00e1n\u00ed FTV Prima spol. s r.o., I\u010c: 48115908, s\u00eddlem:<br \/>\nVinohradsk\u00e1 3217\/167, Praha 10, PS\u010c 100 00, o pod\u00e1n\u00ed vysv\u011btlen\u00ed k po\u0159adu Hlavn\u00ed<br \/>\nzpr\u00e1vy, kter\u00fd byl vys\u00edl\u00e1n dne 1. b\u0159ezna 2022 od 18:55 hodin na programu CNN Prima<br \/>\nNews, respektive k p\u0159\u00edsp\u011bvku na t\u00e9ma rusk\u00e9ho tanku a mo\u017enost\u00ed boje s n\u00edm ru\u010dn\u00edmi<br \/>\nzbran\u011bmi, kter\u00fd byl sou\u010d\u00e1st\u00ed tohoto po\u0159adu, pro\u010d byl takto zam\u011b\u0159en\u00fd p\u0159\u00edsp\u011bvek za\u0159azen<br \/>\ndo zpravodajstv\u00ed. Rada stanovuje lh\u016ftu k pod\u00e1n\u00ed vysv\u011btlen\u00ed 30 dn\u00ed ode dne doru\u010den\u00ed t\u00e9to<br \/>\nv\u00fdzvy.<br \/>\n11-0-2<br \/>\n&#8211; Rada pro rozhlasov\u00e9 a televizn\u00ed vys\u00edl\u00e1n\u00ed (d\u00e1le jen \u201eRada\u201c) coby \u00fast\u0159edn\u00ed spr\u00e1vn\u00ed \u00fa\u0159ad v<br \/>\nr\u00e1mci sv\u00e9 kompetence dan\u00e9 ustanoven\u00edm \u00a7 5 p\u00edsm. a) z\u00e1kona \u010d. 231\/2001 Sb., o<br \/>\nprovozov\u00e1n\u00ed rozhlasov\u00e9ho a televizn\u00edho vys\u00edl\u00e1n\u00ed a o zm\u011bn\u011b dal\u0161\u00edch z\u00e1kon\u016f (d\u00e1le jen<br \/>\n\u201ez\u00e1kon \u010d. 231\/2001 Sb.\u201c), rozhodla v souladu s ustanoven\u00edm \u00a7 76 odst. 1 p\u00edsm. a) z\u00e1kona<br \/>\n\u010d. 250\/2016 Sb., o odpov\u011bdnosti za p\u0159estupky a \u0159\u00edzen\u00ed o nich, v platn\u00e9m zn\u011bn\u00ed, ve v\u011bci<br \/>\nmo\u017en\u00e9ho p\u0159estupku sp\u00e1chan\u00e9ho odvys\u00edl\u00e1n\u00edm reklam propaguj\u00edc\u00edch nab\u00eddku alkoholick\u00fdch<br \/>\nn\u00e1poj\u016f v prodejn\u00e1ch Kaufland v bloku reklam v sousedstv\u00ed po\u0159adu pro d\u011bti SpongeBob v<br \/>\nkalhot\u00e1ch dne 2. b\u0159ezna 2022 v \u010dase 10:54:27-10:54:42 hodin a 10:55:02-10:55:17 hodin<br \/>\nna programu Paramount Network, \u017ee v\u011bc odkl\u00e1d\u00e1.<br \/>\n13-0-0<br \/>\n&#8211; Rada pro rozhlasov\u00e9 a televizn\u00ed vys\u00edl\u00e1n\u00ed (d\u00e1le jen \u201eRada\u201c) jako \u00fast\u0159edn\u00ed spr\u00e1vn\u00ed \u00fa\u0159ad v<br \/>\nr\u00e1mci sv\u00e9 kompetence dan\u00e9 ustanoven\u00edm \u00a7 7 p\u00edsm. a) z\u00e1kona \u010d. 40\/1995 Sb., o regulaci<br \/>\nreklamy, rozhodla v souladu s \u00a7 76 odst. 1 p\u00edsm. a) z\u00e1kona \u010d. 250\/2016 Sb., o<br \/>\nodpov\u011bdnosti za p\u0159estupky a \u0159\u00edzen\u00ed o nich, v platn\u00e9m zn\u011bn\u00ed, ve v\u011bci mo\u017en\u00e9ho p\u0159estupku<br \/>\nsp\u00e1chan\u00e9ho vys\u00edl\u00e1n\u00edm reklam Vinted s motivem St\u00e1hni si zdarma aplikaci Vinted nap\u0159. na<br \/>\nprogramu Prima dne 2. b\u0159ezna 2022 v \u00fasec\u00edch 17:33:14-17:33:34 hodin, 18:09:22-<br \/>\n18:09:42 hodin a 18:36:43-18:37:03 hodin, \u017ee v\u011bc odkl\u00e1d\u00e1.<br \/>\n13-0-0<br \/>\n&#8211; Rada pro rozhlasov\u00e9 a televizn\u00ed vys\u00edl\u00e1n\u00ed (d\u00e1le jen \u201eRada\u201c) coby \u00fast\u0159edn\u00ed spr\u00e1vn\u00ed \u00fa\u0159ad v<br \/>\nr\u00e1mci sv\u00e9 kompetence dan\u00e9 ustanoven\u00edm \u00a7 5 p\u00edsm. a) z\u00e1kona \u010d. 231\/2001 Sb., o<br \/>\nprovozov\u00e1n\u00ed rozhlasov\u00e9ho a televizn\u00edho vys\u00edl\u00e1n\u00ed a o zm\u011bn\u011b dal\u0161\u00edch z\u00e1kon\u016f (d\u00e1le jen<br \/>\n\u201ez\u00e1kon \u010d. 231\/2001 Sb.\u201c), rozhodla v souladu s ustanoven\u00edm \u00a7 76 odst. 1 p\u00edsm. a) z\u00e1kona<br \/>\n\u010d. 250\/2016 Sb., o odpov\u011bdnosti za p\u0159estupky a \u0159\u00edzen\u00ed o nich, v platn\u00e9m zn\u011bn\u00ed, ve v\u011bci<br \/>\nmo\u017en\u00e9ho p\u0159estupku sp\u00e1chan\u00e9ho opom\u00edjen\u00edm zpr\u00e1v o negativn\u00edch dopadech koronavirov\u00e9<br \/>\nepidemie ve zpravodajstv\u00ed \u010cT bez konkr\u00e9tn\u00ed specifikace programu, po\u0159adu nebo doby<br \/>\nvys\u00edl\u00e1n\u00ed, \u017ee v\u011bc odkl\u00e1d\u00e1.<br \/>\n13-0-0<br \/>\n20 RRTV\/2022\/294\/nej: MAME Moravsk\u00e9 Bud\u011bjovice, s.r.o. &#8211; MBi (Moravskobud\u011bjovick\u00fd<br \/>\ninfokan\u00e1l) &#8211; anal\u00fdza vys\u00edl\u00e1n\u00ed ze dn\u016f 14. a 15. \u00fanora 2022<br \/>\n&#8211; Rada se sezn\u00e1mila s anal\u00fdzou kontinu\u00e1ln\u00edho \u00faseku vys\u00edl\u00e1n\u00ed programu MBi<br \/>\n(Moravskobud\u011bjovick\u00fd infokan\u00e1l) provozovatele MAME Moravsk\u00e9 Bud\u011bjovice, s.r.o. z<br \/>\nobdob\u00ed 14. a 15. \u00fanora 2022.<br \/>\n13-0-0<br \/>\n21 RRTV\/2022\/300\/vop: Anal\u00fdza kontinu\u00e1ln\u00edho \u00faseku vys\u00edl\u00e1n\u00ed programu Nova Sport 4,<br \/>\n14. \u00fanora 2022, 10:00 \u2013 22:00 hodin<br \/>\n&#8211; Rada se sezn\u00e1mila s anal\u00fdzou z\u00e1znamu vys\u00edl\u00e1n\u00ed programu Nova Sport 4 provozovatele<br \/>\nTV Nova, s.r.o. ze dne 14. \u00fanora 2022 od 10:00 do 22:00 hod.<br \/>\n13-0-0<br \/>\n22 RRTV\/2022\/295\/onz: Anal\u00fdza kontinu\u00e1ln\u00edho \u00faseku vys\u00edl\u00e1n\u00ed programu KTV \u0160t\u011bt\u00ed, 10.-<br \/>\n11. 1. 2022, M\u011bsto \u0160t\u011bt\u00ed<br \/>\n&#8211; Rada se sezn\u00e1mila s anal\u00fdzou z\u00e1znamu vys\u00edl\u00e1n\u00ed programu KTV \u0160t\u011bt\u00ed provozovatele<br \/>\nM\u011bsto \u0160t\u011bt\u00ed ze dn\u016f 10.-11. ledna 2022.<br \/>\n13-0-0<br \/>\n23 RRTV\/2022\/11\/tic: Zp\u0159\u00edstup\u0148ov\u00e1n\u00ed televizn\u00edho vys\u00edl\u00e1n\u00ed osob\u00e1m se sluchov\u00fdm a<br \/>\nzrakov\u00fdm posti\u017een\u00edm v roce 2021<br \/>\n&#8211; Rada pro rozhlasov\u00e9 a televizn\u00ed vys\u00edl\u00e1n\u00ed se sezn\u00e1mila s materi\u00e1lem vyhodnocuj\u00edc\u00edm<br \/>\nzp\u0159\u00edstup\u0148ov\u00e1n\u00ed televizn\u00edho vys\u00edl\u00e1n\u00ed osob\u00e1m se sluchov\u00fdm a zrakov\u00fdm posti\u017een\u00edm v roce<br \/>\n2021.<br \/>\n13-0-0<br \/>\n&#8211; Rada pro rozhlasov\u00e9 a televizn\u00ed vys\u00edl\u00e1n\u00ed (d\u00e1le jen Rada) coby \u00fast\u0159edn\u00ed spr\u00e1vn\u00ed \u00fa\u0159ad v<br \/>\nr\u00e1mci sv\u00e9 p\u016fsobnosti dan\u00e9 \u00a7 5 p\u00edsm. a) a f) z\u00e1kona \u010d. 231\/2001 Sb., o provozov\u00e1n\u00ed<br \/>\nrozhlasov\u00e9ho a televizn\u00edho vys\u00edl\u00e1n\u00ed a o zm\u011bn\u011b dal\u0161\u00edch z\u00e1kon\u016f, v platn\u00e9m zn\u011bn\u00ed (d\u00e1le jen<br \/>\nz\u00e1kon \u010d. 231\/2001 Sb.), v souladu s ustanoven\u00edm \u00a7 78 odst. 1 z\u00e1kona \u010d. 250\/2016 Sb.,<br \/>\nz\u00e1kona o p\u0159estupc\u00edch a \u0159\u00edzen\u00edch o nich (d\u00e1le jen z\u00e1kon \u010d. 250\/2016 Sb.) rozhodla zah\u00e1jit<br \/>\ns provozovatelem Barrandov Televizn\u00ed Studio a.s., I\u010c 41693311, s\u00eddlem K\u0159\u00ed\u017eeneck\u00e9ho<br \/>\nn\u00e1m\u011bst\u00ed 322\/5, Praha 5, PS\u010c 152 00 (d\u00e1le \u201eobvin\u011bn\u00fd\u201c), \u0159\u00edzen\u00ed o p\u0159estupku z moci \u00fa\u0159edn\u00ed<br \/>\npro mo\u017en\u00e9 poru\u0161en\u00ed ustanoven\u00ed \u00a7 32 odst. 2 z\u00e1kona \u010d. 231\/2001 Sb., kter\u00e9ho se mohl<br \/>\ndopustit t\u00edm, \u017ee v roce 2021 na programech Televize Barrandov a BARRANDOV KRIMI<br \/>\nneopat\u0159il alespo\u0148 15 % vys\u00edlan\u00fdch po\u0159ad\u016f skryt\u00fdmi nebo otev\u0159en\u00fdmi titulky pro osoby se<br \/>\nsluchov\u00fdm posti\u017een\u00edm, jeliko\u017e v roce 2021 opat\u0159il skryt\u00fdmi nebo otev\u0159en\u00fdmi titulky pro<br \/>\nosoby se sluchov\u00fdm posti\u017een\u00edm na programu Televize Barrandov 14,83 % odvys\u00edlan\u00fdch<br \/>\npo\u0159ad\u016f a na programu BARRANDOV KRIMI 12,48 % odvys\u00edlan\u00fdch po\u0159ad\u016f.<br \/>\n13-0-0<br \/>\n&#8211; Rada pro rozhlasov\u00e9 a televizn\u00ed vys\u00edl\u00e1n\u00ed (d\u00e1le jen Rada) v r\u00e1mci sv\u00e9 p\u016fsobnosti dan\u00e9<br \/>\nustanoven\u00edm \u00a7 5 p\u00edsm. a) a f) a \u00a7 59 odst. 1-3 z\u00e1kona \u010d. 231\/2001 Sb., o provozov\u00e1n\u00ed<br \/>\nrozhlasov\u00e9ho a televizn\u00edho vys\u00edl\u00e1n\u00ed a o zm\u011bn\u011b dal\u0161\u00edch z\u00e1kon\u016f (d\u00e1le jen z\u00e1kon \u010d. 231\/2001<br \/>\nSb.), v platn\u00e9m zn\u011bn\u00ed, upozor\u0148uje provozovatele Hudebn\u00ed televize, s.r.o., I\u010c 28938071,<br \/>\ns\u00eddlem Francouzsk\u00e1 75\/4, Praha 2, PS\u010c 120 00, na poru\u0161en\u00ed ustanoven\u00ed \u00a7 32 odst. 2<br \/>\nz\u00e1kona \u010d. 231\/2001 Sb., kter\u00e9ho se dopustil t\u00edm, \u017ee v roce 2021 na programu Retro Music<br \/>\nTelevision nezp\u0159\u00edstupnil alespo\u0148 2 % vys\u00edlan\u00fdch po\u0159ad\u016f pro osoby se zrakov\u00fdm<br \/>\nposti\u017een\u00edm, jeliko\u017e v roce 2021 na programu Retro Music Television nezp\u0159\u00edstupnil pro<br \/>\nosoby se zrakov\u00fdm posti\u017een\u00edm \u017e\u00e1dn\u00e9 po\u0159ady. Rada stanovuje lh\u016ftu k n\u00e1prav\u011b do 31.<br \/>\nprosince 2022, a to tak, aby na programu Retro Music Television za cel\u00fd kalend\u00e1\u0159n\u00ed rok<br \/>\n2022 bylo zp\u0159\u00edstupn\u011bno alespo\u0148 2 % vys\u00edlan\u00fdch po\u0159ad\u016f pro osoby se zrakov\u00fdm<br \/>\nposti\u017een\u00edm.<br \/>\n13-0-0<br \/>\n&#8211; Rada pro rozhlasov\u00e9 a televizn\u00ed vys\u00edl\u00e1n\u00ed (d\u00e1le jen \u201eRada\u201c) v r\u00e1mci sv\u00e9 kompetence dan\u00e9<br \/>\n\u00a7 5 p\u00edsm. a) a f) z\u00e1kona \u010d. 231\/2001 Sb., o provozov\u00e1n\u00ed rozhlasov\u00e9ho a televizn\u00edho vys\u00edl\u00e1n\u00ed<br \/>\na o zm\u011bn\u011b dal\u0161\u00edch z\u00e1kon\u016f, v platn\u00e9m zn\u011bn\u00ed (d\u00e1le jen \u201ez\u00e1kon \u010d. 231\/2001 Sb.\u201c) a v souladu<br \/>\ns ustanoven\u00edm \u00a7 137 odst. 1 z\u00e1kona \u010d. 500\/2004 Sb., spr\u00e1vn\u00ed \u0159\u00e1d, (d\u00e1le jen \u201ez\u00e1kon \u010d.<br \/>\n500\/2004 Sb.\u201c) \u017e\u00e1d\u00e1 provozovatele SPORT 5 a.s., I\u010c 27202569, s\u00eddlem T\u011b\u0161nov 1059\/1,<br \/>\nPraha 1, PS\u010c 110 00, o pod\u00e1n\u00ed vysv\u011btlen\u00ed, z jak\u00e9ho d\u016fvodu Rad\u011b neposkytl informace<br \/>\nohledn\u011b zp\u0159\u00edstupn\u011bn\u00ed celoplo\u0161n\u00e9ho zemsk\u00e9ho digit\u00e1ln\u00edho televizn\u00edho vys\u00edl\u00e1n\u00ed programu<br \/>\nSPORT 5 (provozovan\u00e9ho na z\u00e1klad\u011b licence ud\u011blen\u00e9 rozhodnut\u00edm Rady \u010d. j.<br \/>\nzem\/3586\/2013, sp. zn. 2013\/541\/zem\/SPO) osob\u00e1m se sluchov\u00fdm a zrakov\u00fdm<br \/>\nposti\u017een\u00edm v roce 2021, a\u010dkoli se na vys\u00edl\u00e1n\u00ed jmenovan\u00e9ho programu vztahuje povinnost<br \/>\nulo\u017een\u00e1 ustanoven\u00edm \u00a7 32 odst. 2 z\u00e1kona \u010d. 231\/2001 Sb. Rada stanovuje lh\u016ftu k pod\u00e1n\u00ed<br \/>\nvysv\u011btlen\u00ed 30 dn\u00ed ode dne doru\u010den\u00ed t\u00e9to v\u00fdzvy.<br \/>\n13-0-0<br \/>\n&#8211; Rada pro rozhlasov\u00e9 a televizn\u00ed vys\u00edl\u00e1n\u00ed (d\u00e1le jen Rada) v r\u00e1mci sv\u00e9 p\u016fsobnosti dan\u00e9<br \/>\nustanoven\u00edm \u00a7 5 p\u00edsm. a) a f) a \u00a7 59 odst. 1-3 z\u00e1kona \u010d. 231\/2001 Sb., o provozov\u00e1n\u00ed<br \/>\nrozhlasov\u00e9ho a televizn\u00edho vys\u00edl\u00e1n\u00ed a o zm\u011bn\u011b dal\u0161\u00edch z\u00e1kon\u016f (d\u00e1le jen z\u00e1kon \u010d. 231\/2001<br \/>\nSb.), v platn\u00e9m zn\u011bn\u00ed, upozor\u0148uje provozovatele Stanice O, a.s., I\u010c 26509911, s\u00eddlem<br \/>\nKarla Engli\u0161e 519\/11, Praha 5, PS\u010c 150 00, na poru\u0161en\u00ed ustanoven\u00ed \u00a7 32 odst. 2 z\u00e1kona<br \/>\n\u010d. 231\/2001 Sb., kter\u00e9ho se dopustil t\u00edm, \u017ee v roce 2021 na programech \u00d3\u010dko STAR, \u00d3\u010dko<br \/>\nExpres a O (\u00d3\u010dko) nezp\u0159\u00edstupnil alespo\u0148 2 % vys\u00edlan\u00fdch po\u0159ad\u016f pro osoby se zrakov\u00fdm<br \/>\nposti\u017een\u00edm, jeliko\u017e v roce 2021 na programech \u00d3\u010dko STAR, \u00d3\u010dko Expres a O (\u00d3\u010dko)<br \/>\nnezp\u0159\u00edstupnil pro osoby se zrakov\u00fdm posti\u017een\u00edm \u017e\u00e1dn\u00e9 po\u0159ady. Rada stanovuje lh\u016ftu k<br \/>\nn\u00e1prav\u011b do 31. prosince 2022, a to tak, aby na programech \u00d3\u010dko STAR, \u00d3\u010dko Expres a<br \/>\nO (\u00d3\u010dko) za cel\u00fd kalend\u00e1\u0159n\u00ed rok 2022 bylo zp\u0159\u00edstupn\u011bno alespo\u0148 2 % vys\u00edlan\u00fdch po\u0159ad\u016f<br \/>\npro osoby se zrakov\u00fdm posti\u017een\u00edm.<br \/>\n12-0-1<br \/>\n&#8211; Rada pro rozhlasov\u00e9 a televizn\u00ed vys\u00edl\u00e1n\u00ed (d\u00e1le jen \u201eRada\u201c) v r\u00e1mci sv\u00e9 kompetence dan\u00e9<br \/>\n\u00a7 5 p\u00edsm. a) a f) z\u00e1kona \u010d. 231\/2001 Sb., o provozov\u00e1n\u00ed rozhlasov\u00e9ho a televizn\u00edho vys\u00edl\u00e1n\u00ed<br \/>\na o zm\u011bn\u011b dal\u0161\u00edch z\u00e1kon\u016f, v platn\u00e9m zn\u011bn\u00ed (d\u00e1le jen \u201ez\u00e1kon \u010d. 231\/2001 Sb.\u201c) a v souladu<br \/>\ns ustanoven\u00edm \u00a7 137 odst. 1 z\u00e1kona \u010d. 500\/2004 Sb., spr\u00e1vn\u00ed \u0159\u00e1d, (d\u00e1le jen \u201ez\u00e1kon \u010d.<br \/>\n500\/2004 Sb.\u201c) \u017e\u00e1d\u00e1 provozovatele ViacomCBS Networks International Czech s.r.o., I\u010c<br \/>\n28970438, s\u00eddlem Perlov\u00e1 371\/5, Praha 1, PS\u010c 110 00, o pod\u00e1n\u00ed vysv\u011btlen\u00ed, jakou \u010d\u00e1st z<br \/>\ndeklarovan\u00fdch 6 % po\u0159ad\u016f zp\u0159\u00edstupn\u011bn\u00edch (resp. vhodn\u00fdch) pro osoby se zrakov\u00fdm<br \/>\nposti\u017een\u00edm v roce 2021 na programu Paramount Network zp\u0159\u00edstupnil div\u00e1k\u016fm<br \/>\nprost\u0159ednictv\u00edm audiopopisu, resp. jak\u00fd pod\u00edl odvys\u00edlan\u00fdch po\u0159ad\u016f zauj\u00edmaj\u00ed po\u0159ady<br \/>\nopat\u0159en\u00e9 audiopopisy pro osoby se zrakov\u00fdm posti\u017een\u00edm. Rada stanovuje lh\u016ftu k pod\u00e1n\u00ed<br \/>\nvysv\u011btlen\u00ed 30 dn\u00ed ode dne doru\u010den\u00ed t\u00e9to v\u00fdzvy.<br \/>\n13-0-0<br \/>\n24 RRTV\/2022\/296\/hli: ANAL\u00ddZA OBCHODN\u00cdCH SD\u011aLEN\u00cd \u2013 LISTOPAD 2021<br \/>\n&#8211; Rada se sezn\u00e1mila s v\u00fdsledky anal\u00fdzy obchodn\u00edch sd\u011blen\u00ed za m\u011bs\u00edc listopad 2021.<br \/>\n13-0-0<br \/>\n&#8211; Rada postupuje \u010cesk\u00e9 inspekci \u017eivotn\u00edho prost\u0159ed\u00ed podn\u011bt t\u00fdkaj\u00edc\u00ed se obchodn\u00edho<br \/>\nsd\u011blen\u00ed Protect home, kter\u00e9 obsahuje propagaci p\u0159\u00edpravku Rodicum Extra na huben\u00ed<br \/>\npotkan\u016f \/ hrabo\u0161\u016f a p\u0159\u00edpravku Rodicum Alpha na huben\u00ed my\u0161\u00ed.<br \/>\n13-0-0<br \/>\n&#8211; Rada pro rozhlasov\u00e9 a televizn\u00ed vys\u00edl\u00e1n\u00ed (d\u00e1le jen \u201eRada\u201c) jako org\u00e1n dozoru pro oblast<br \/>\nregulace reklamy dle \u00a7 7 p\u00edsm. a) z\u00e1kona \u010d. 40\/1995 Sb., o regulaci reklamy a o zm\u011bn\u011b a<br \/>\ndopln\u011bn\u00ed z\u00e1kona \u010d. 468\/1991 Sb., o provozov\u00e1n\u00ed rozhlasov\u00e9ho a televizn\u00edho vys\u00edl\u00e1n\u00ed, ve<br \/>\nzn\u011bn\u00ed pozd\u011bj\u0161\u00edch p\u0159edpis\u016f (d\u00e1le jen \u201ez\u00e1kon \u010d. 40\/1995 Sb.\u201c), a na z\u00e1klad\u011b \u00a7 137 odst. 1<br \/>\nz\u00e1kona \u010d. 500\/2004 Sb., spr\u00e1vn\u00ed \u0159\u00e1d, \u017e\u00e1d\u00e1 provozovatele vys\u00edl\u00e1n\u00ed, spole\u010dnost Stanice O,<br \/>\na.s., I\u010c 26509911, se s\u00eddlem Karla Engli\u0161e 519\/11, Sm\u00edchov, 150 00 Praha 5, o pod\u00e1n\u00ed<br \/>\nvysv\u011btlen\u00ed t\u00fdkaj\u00edc\u00ed se \u00faseku vys\u00edl\u00e1n\u00ed s motivy Esport a Vodafone, kter\u00fd byl odvys\u00edl\u00e1n dne<br \/>\n25. listopadu 2021 v \u010dase 11:20 hodin na programu O (\u00d3\u010dko). Rada \u017e\u00e1d\u00e1 o identifikaci<br \/>\nodvys\u00edlan\u00e9ho \u00faseku z hlediska obsahov\u00fdch prvk\u016f. Rada stanovuje lh\u016ftu k pod\u00e1n\u00ed<br \/>\nvysv\u011btlen\u00ed 30 dn\u00ed ode dne doru\u010den\u00ed t\u00e9to \u017e\u00e1dosti.<br \/>\n13-0-0<br \/>\n&#8211; Rada \u017e\u00e1d\u00e1 St\u00e1tn\u00ed zem\u011bd\u011blskou a potravin\u00e1\u0159skou inspekci o stanovisko ve v\u011bci<br \/>\nproteinov\u00e9 (keto)diety, jej\u00ed\u017e propagace byla sou\u010d\u00e1st\u00ed televizn\u00edho vys\u00edl\u00e1n\u00ed.<br \/>\n13-0-0<br \/>\n25 RRTV\/2022\/142\/beh: TV Nova s.r.o.\/NOVA\/Volby 2021: Jdeme k volb\u00e1m\/8.10.2021\/od<br \/>\n5:55 hodin &#8211; VYSV\u011aTLEN\u00cd<br \/>\n&#8211; Rada se sezn\u00e1mila s podan\u00fdm vysv\u011btlen\u00edm provozovatele TV Nova s.r.o., I\u010c 45800456,<br \/>\ns\u00eddlem K\u0159\u00ed\u017eeneck\u00e9ho n\u00e1m. 1078\/5, Praha 5, PS\u010c 15200, k po\u0159adu Volby 2021: Jdeme k<br \/>\nvolb\u00e1m, odvys\u00edlan\u00e9mu dne 8. \u0159\u00edjna 2021 v \u010dase od 5.55 hodin na programu NOVA,<br \/>\nrespektive s vysv\u011btlen\u00edm, na z\u00e1klad\u011b jak\u00e9ho kl\u00ed\u010de do po\u0159adu s p\u0159edvolebn\u00ed dramaturgi\u00ed<br \/>\npozval z\u00e1stupce Aliance pro budoucnost, TSS, P\u0159\u00edsaha, \u010cSSD, KS\u010cM, SPD, STAN, ODS<br \/>\na ANO, zejm\u00e9na pak z jak\u00e9ho d\u016fvodu mezi pozvan\u00fdmi figuroval reprezentant Aliance pro<br \/>\nbudoucnost.<br \/>\n13-0-0<br \/>\n26 RRTV\/2022\/129\/beh: \u010cESK\u00c1 TELEVIZE\/\u010cT1\/M\u00e1te slovo\/9.12.2021\/od 21:45 hodin &#8211;<br \/>\nVYSV\u011aTLEN\u00cd<br \/>\n&#8211; Rada se sezn\u00e1mila s podan\u00fdm vysv\u011btlen\u00edm provozovatele vys\u00edl\u00e1n\u00ed \u010cesk\u00e1 televize, I\u010c:<br \/>\n00027383, s\u00eddlem: Kav\u010d\u00ed hory, Praha 4, PS\u010c 140 70, k po\u0159adu M\u00e1te slovo s M. J\u00edlkovou,<br \/>\nodvys\u00edlan\u00e9mu dne 9. 12. 2021 od 21:45 hodin na programu \u010cT1, respektive s vysv\u011btlen\u00edm<br \/>\nz jak\u00e9ho d\u016fvodu se debaty ne\u00fa\u010dastnil p\u016fvodn\u011b pozvan\u00fd pr\u00e1vn\u00edk Jind\u0159ich Rajchl, kter\u00fd<br \/>\nn\u00e1sledn\u011b ve\u0159ejn\u011b uvedl, \u017ee se o jeho vy\u0161krtnut\u00ed z debaty zasadili p\u0159edstavitel\u00e9 Ministerstva<br \/>\nzdravotnictv\u00ed \u010cR a mikrobiolog Peter \u0160ebo.<br \/>\n12-0-1<br \/>\n&#8211; Rada pro rozhlasov\u00e9 a televizn\u00ed vys\u00edl\u00e1n\u00ed (d\u00e1le jen Rada) coby \u00fast\u0159edn\u00ed spr\u00e1vn\u00ed \u00fa\u0159ad v<br \/>\nr\u00e1mci sv\u00e9 kompetence dan\u00e9 ustanoven\u00edm \u00a7 5 p\u00edsm. a) z\u00e1kona \u010d. 231\/2001 Sb., o<br \/>\nprovozov\u00e1n\u00ed rozhlasov\u00e9ho a televizn\u00edho vys\u00edl\u00e1n\u00ed a o zm\u011bn\u011b dal\u0161\u00edch z\u00e1kon\u016f (d\u00e1le jen z\u00e1kon<br \/>\n\u010d. 231\/2001 Sb.), rozhodla v souladu s ustanoven\u00edm \u00a7 76 odst. 1 p\u00edsm. a) z\u00e1kona \u010d.<br \/>\n250\/2016 Sb., o odpov\u011bdnosti za p\u0159estupky a \u0159\u00edzen\u00ed o nich, v platn\u00e9m zn\u011bn\u00ed, ve v\u011bci<br \/>\nmo\u017en\u00e9ho p\u0159estupku sp\u00e1chan\u00e9ho odvys\u00edl\u00e1n\u00edm po\u0159adu M\u00e1te slovo s M. J\u00edlkovou, dne 9.<br \/>\nprosince 2021 od 21:45 hodin na programu \u010cT1, \u017ee v\u011bc odkl\u00e1d\u00e1.<br \/>\n13-0-0<br \/>\n27 RRTV\/2022\/130\/beh: \u010cESK\u00c1 TELEVIZE\/\u010cT24\/Zpr\u00e1vy, p\u0159\u00edsp. o odstran\u011bn\u00ed vlajky EU z<br \/>\nV\u00edt\u011bzn\u00e9ho oblouku\/2.1.2022\/od 18:00 hodin &#8211; VYSV\u011aTLEN\u00cd<br \/>\n&#8211; Rada se sezn\u00e1mila s podan\u00fdm vysv\u011btlen\u00edm provozovatele \u010cESK\u00c1 TELEVIZE, I\u010c<br \/>\n00027383, s\u00eddlem Na h\u0159ebenech II 1132\/4, Praha 4, PS\u010c 14700, ohledn\u011b po\u0159adu<br \/>\np\u0159\u00edsp\u011bvku o odstran\u011bn\u00ed vlajky EU z V\u00edt\u011bzn\u00e9ho oblouku v Pa\u0159\u00ed\u017ei odvys\u00edlan\u00e9m v po\u0159adu<br \/>\nZpr\u00e1vy dne 2. ledna 2022 od 18:00 hodin na programu \u010cT24, respektive s vysv\u011btlen\u00edm, z<br \/>\njak\u00e9ho d\u016fvodu odvys\u00edlan\u00e1 informace vyzn\u011bla tak, \u017ee prezidentsk\u00e1 kandid\u00e1tka Marine Le<br \/>\nPenov\u00e1 kritizovala vyv\u011b\u0161en\u00ed vlajky EU jako takov\u00e9, a\u010dkoli j\u00e1drem jej\u00ed kritiky ve skute\u010dnosti<br \/>\nbyl fakt, \u017ee proti v\u0161em zvyklostem a p\u0159edpis\u016fm nebyla spolu s vlajkou EU vyv\u011b\u0161ena i<br \/>\nfrancouzsk\u00e1 vlajka.<br \/>\n12-0-0<br \/>\n&#8211; Rada pro rozhlasov\u00e9 a televizn\u00ed vys\u00edl\u00e1n\u00ed (d\u00e1le jen \u201eRada\u201c) coby \u00fast\u0159edn\u00ed spr\u00e1vn\u00ed \u00fa\u0159ad v<br \/>\nr\u00e1mci sv\u00e9 kompetence dan\u00e9 ustanoven\u00edm \u00a7 5 p\u00edsm. a) z\u00e1kona \u010d. 231\/2001 Sb., o<br \/>\nprovozov\u00e1n\u00ed rozhlasov\u00e9ho a televizn\u00edho vys\u00edl\u00e1n\u00ed a o zm\u011bn\u011b dal\u0161\u00edch z\u00e1kon\u016f (d\u00e1le jen<br \/>\n\u201ez\u00e1kon \u010d. 231\/2001 Sb.\u201c), rozhodla v souladu s ustanoven\u00edm \u00a7 76 odst. 1 p\u00edsm. a) z\u00e1kona<br \/>\n\u010d. 250\/2016 Sb., o odpov\u011bdnosti za p\u0159estupky a \u0159\u00edzen\u00ed o nich, v platn\u00e9m zn\u011bn\u00ed, ve v\u011bci<br \/>\nmo\u017en\u00e9ho p\u0159estupku sp\u00e1chan\u00e9ho odvys\u00edl\u00e1n\u00edm po\u0159adu Zpr\u00e1vy, respektive informace o<br \/>\nodstran\u011bn\u00ed vlajky EU z V\u00edt\u011bzn\u00e9ho oblouku v Pa\u0159\u00ed\u017ei, dne 2. ledna 2022 od 18:00 hodin na<br \/>\nprogramu \u010cT24, \u017ee v\u011bc odkl\u00e1d\u00e1.<br \/>\n11-0-2<br \/>\n28 RRTV\/2021\/792\/beh: FTV Prima, spol. s r.o.\/Prima, CNN Prima News\/Nov\u00fd den, To<br \/>\nnejlep\u0161\u00ed z Nov\u00e9ho dne\/CYKLOPECKY\/3.9.2021 &#8211; VYSV\u011aTLEN\u00cd<br \/>\n&#8211; Rada se sezn\u00e1mila s podan\u00fdm vysv\u011btlen\u00edm provozovatele FTV Prima, spol. s r.o., I\u010c<br \/>\n48115908, s\u00eddlem Vinohradsk\u00e1 3217\/167, Stra\u0161nice, 100 00 Praha 10, z jak\u00e9ho d\u016fvodu<br \/>\nozna\u010dil po\u0159ad Nov\u00fd den odvys\u00edlan\u00fd dne 3. z\u00e1\u0159\u00ed 2021 od 7:00 hod. na programu Prima a<br \/>\nCNN Prima News jako po\u0159ad obsahuj\u00edc\u00ed obchodn\u00ed sd\u011blen\u00ed um\u00edst\u011bn\u00ed produktu, respektive<br \/>\no vysv\u011btlen\u00ed, jak\u00fd v\u00fdrobek \u010di slu\u017eba byly v dan\u00e9m p\u0159\u00edpad\u011b on\u00edm um\u00edst\u011bn\u00fdm produktem.<br \/>\n13-0-0<br \/>\n&#8211; Rada pro rozhlasov\u00e9 a televizn\u00ed vys\u00edl\u00e1n\u00ed (d\u00e1le jen \u201eRada\u201c) v r\u00e1mci sv\u00e9 p\u016fsobnosti dan\u00e9<br \/>\nustanoven\u00edm \u00a7 5 p\u00edsm. a) a f) a \u00a7 59 odst. 1-3 z\u00e1kona \u010d. 231\/2001 Sb., o provozov\u00e1n\u00ed<br \/>\nrozhlasov\u00e9ho a televizn\u00edho vys\u00edl\u00e1n\u00ed a o zm\u011bn\u011b dal\u0161\u00edch z\u00e1kon\u016f (d\u00e1le jen \u201ez\u00e1kon \u010d. 231\/2001<br \/>\nSb.\u201c), v platn\u00e9m zn\u011bn\u00ed, upozor\u0148uje provozovatele FTV Prima, spol. s r.o., I\u010c 48115908,<br \/>\ns\u00eddlem Vinohradsk\u00e1 3217\/167, Stra\u0161nice, 100 00 Praha 10, na poru\u0161en\u00ed ustanoven\u00ed \u00a7 53a<br \/>\nodst. 3 z\u00e1kona \u010d. 231\/2001 Sb., kter\u00e9ho se dopustil odvys\u00edl\u00e1n\u00edm po\u0159adu Nov\u00fd den dne 3.<br \/>\nz\u00e1\u0159\u00ed 2021 od 7:00 hodin na programu Prima a CNN Prima News, kter\u00fd byl na sv\u00e9m za\u010d\u00e1tku<br \/>\ni konci ozna\u010den symbolem PP, tedy jako po\u0159ad obsahuj\u00edc\u00ed obchodn\u00ed sd\u011blen\u00ed um\u00edst\u011bn\u00ed<br \/>\nproduktu, ani\u017e by v\u0161ak ve skute\u010dnosti jak\u00fdkoli um\u00edst\u011bn\u00fd produkt obsahoval, a div\u00e1k tam<br \/>\nmohl b\u00fdt uveden v omyl o povaze tohoto po\u0159adu. T\u00edm se provozovatel dopustil poru\u0161en\u00ed<br \/>\npovinnosti ozna\u010dovat po\u0159ady obsahuj\u00edc\u00ed um\u00edst\u011bn\u00ed produktu z\u0159eteln\u011b na za\u010d\u00e1tku, na konci<br \/>\na v p\u0159\u00edpad\u011b p\u0159eru\u0161en\u00ed reklamou nebo teleshoppingov\u00fdmi \u0161oty rovn\u011b\u017e po tomto p\u0159eru\u0161en\u00ed,<br \/>\naby div\u00e1ci nemohli b\u00fdt \u017e\u00e1dn\u00fdm zp\u016fsobem uvedeni v omyl o povaze t\u011bchto po\u0159ad\u016f. Rada<br \/>\nstanovuje lh\u016ftu k n\u00e1prav\u011b 7 dn\u016f od doru\u010den\u00ed upozorn\u011bn\u00ed.<br \/>\n13-0-0<br \/>\n29 RRTV\/2022\/76\/loj: TELEPACE s.r.o._TV NOE_25 10 2021_V\u00edra do kapsy_PP_podan\u00e9<br \/>\nvysv\u011btlen\u00ed<br \/>\n&#8211; Rada se sezn\u00e1mila s podan\u00fdm vysv\u011btlen\u00edm provozovatele Telepace s.r.o., z jak\u00e9ho<br \/>\nd\u016fvodu se p\u0159ed za\u010d\u00e1tkem po\u0159adu V\u00edra do kapsy, vys\u00edlan\u00e9m dne 25. \u0159\u00edjna 2021 od 13:45<br \/>\nna programu Tv NOE, objevil symbol PP zna\u010d\u00edc\u00ed um\u00edst\u011bn\u00ed produktu, a zda byl v po\u0159adu<br \/>\ninstitut um\u00edst\u011bn\u00ed produktu aplikov\u00e1n. Pokud ano, pro\u010d nebyl symbol PP i na konci po\u0159adu.<br \/>\n13-0-0<br \/>\n&#8211; Rada pro rozhlasov\u00e9 a televizn\u00ed vys\u00edl\u00e1n\u00ed (d\u00e1le jen \u201eRada\u201c) v r\u00e1mci sv\u00e9 p\u016fsobnosti dan\u00e9<br \/>\nustanoven\u00edm \u00a7 5 p\u00edsm. a) a f) a \u00a7 59 odst. 1 &#8211; 3 z\u00e1kona \u010d. 231\/2001 Sb., o provozov\u00e1n\u00ed<br \/>\nrozhlasov\u00e9ho a televizn\u00edho vys\u00edl\u00e1n\u00ed a o zm\u011bn\u011b dal\u0161\u00edch z\u00e1kon\u016f (d\u00e1le jen \u201ez\u00e1kon \u010d. 231\/2001<br \/>\nSb.\u201c), v platn\u00e9m zn\u011bn\u00ed, upozor\u0148uje provozovatele Telepace s.r.o., I\u010c 26849755, se s\u00eddlem<br \/>\nKosteln\u00ed n\u00e1m. 1839\/2, Ostrava, PS\u010c 702 00, na poru\u0161en\u00ed ustanoven\u00ed \u00a7 53a odst. 3 z\u00e1kona<br \/>\n231\/2001 Sb., kter\u00e9ho se dopustil t\u00edm, \u017ee p\u0159ed za\u010d\u00e1tkem po\u0159adu V\u00edra do kapsy, vys\u00edlan\u00e9m<br \/>\ndne 25. \u0159\u00edjna 2021 od 13:45 hod. na programu Tv NOE, za\u0159adil symbol PP zna\u010d\u00edc\u00ed um\u00edst\u011bn\u00ed<br \/>\nproduktu, ani\u017e byl v po\u0159adu institut um\u00edst\u011bn\u00ed produktu aplikov\u00e1n, p\u0159i\u010dem\u017e t\u00edmto uvedl<br \/>\ndiv\u00e1ka v omyl o povaze tohoto po\u0159adu. T\u00edm se provozovatel dopustil poru\u0161en\u00ed povinnosti<br \/>\nozna\u010dovat po\u0159ady obsahuj\u00edc\u00ed um\u00edst\u011bn\u00ed produktu z\u0159eteln\u011b na za\u010d\u00e1tku, na konci a v p\u0159\u00edpad\u011b<br \/>\np\u0159eru\u0161en\u00ed reklamou nebo teleshoppingov\u00fdmi \u0161oty rovn\u011b\u017e po tomto p\u0159eru\u0161en\u00ed, aby div\u00e1ci<br \/>\nnemohli b\u00fdt \u017e\u00e1dn\u00fdm zp\u016fsobem uvedeni v omyl o povaze t\u011bchto po\u0159ad\u016f. Rada stanovuje<br \/>\nlh\u016ftu k n\u00e1prav\u011b 7 dn\u00ed ode dne doru\u010den\u00ed upozorn\u011bn\u00ed.<br \/>\n13-0-0<br \/>\n30 RRTV\/2022\/131\/had: Pharma Activ Czech s.r.o.\/obchodn\u00ed sd\u011blen\u00ed na produkt<br \/>\nMELATONIN FORTE 5 mg-pod\u00e1n\u00ed vysv\u011btlen\u00ed<br \/>\n&#8211; Rada se sezn\u00e1mila s podan\u00fdm vysv\u011btlen\u00edm zadavatele Pharma Activ Czech s.r.o., I\u010c:<br \/>\n28625005, Kaprova 42\/14, 110 00 Praha 1, ve v\u011bci st\u00ed\u017enosti na obchodn\u00ed sd\u011blen\u00ed na<br \/>\nprodukt MELATONIN FORTE 5 mg.<br \/>\n13-0-0<br \/>\n&#8211; Rada se sezn\u00e1mila se stanoviskem St\u00e1tn\u00edho \u00fastavu pro kontrolu l\u00e9\u010div ve v\u011bci \u0161\u00ed\u0159en\u00ed<br \/>\nobchodn\u00edho sd\u011blen\u00ed na produkt MELATONIN FORTE 5 mg v televizn\u00edm vys\u00edl\u00e1n\u00ed.<br \/>\n13-0-0<br \/>\n&#8211; Rada pro rozhlasov\u00e9 a televizn\u00ed vys\u00edl\u00e1n\u00ed (d\u00e1le jen \u201eRada\u201c) jako \u00fast\u0159edn\u00ed spr\u00e1vn\u00ed \u00fa\u0159ad v<br \/>\nr\u00e1mci sv\u00e9 kompetence dan\u00e9 ustanoven\u00edm \u00a7 7 p\u00edsm. a) z\u00e1kona \u010d. 40\/1995 Sb., o<br \/>\nprovozov\u00e1n\u00ed rozhlasov\u00e9ho a televizn\u00edho vys\u00edl\u00e1n\u00ed a o zm\u011bn\u011b dal\u0161\u00edch z\u00e1kon\u016f (d\u00e1le jen<br \/>\n\u201ez\u00e1kon \u010d. 231\/2001 Sb.\u201c), rozhodla v souladu s \u00a7 76 odst. 1 p\u00edsm. a) z\u00e1kona \u010d. 250\/2016<br \/>\nSb., o odpov\u011bdnosti za p\u0159estupky a \u0159\u00edzen\u00ed o nich, v platn\u00e9m zn\u011bn\u00ed, ve v\u011bci mo\u017en\u00e9ho<br \/>\np\u0159estupku sp\u00e1chan\u00e9ho odvys\u00edl\u00e1n\u00edm obchodn\u00edch sd\u011blen\u00ed MELATONIN FORTE dne<br \/>\n15.11.2021 od 17:52:13 hodin na programu Prima; MELATONIN FORTE dne 17.11.2021<br \/>\nod 17:51:09 hodin na programu Prima a MELATONIN FORTE RYCHL\u00dd N\u00c1STUP<br \/>\nSP\u00c1NKU dne 30.11.2021 od 18:25:48 hodin na programu Nova, \u017ee v\u011bc odkl\u00e1d\u00e1.<br \/>\n13-0-0<br \/>\n31 RRTV\/2022\/301\/loj: Vixen pornografick\u00fd obsah spolupr\u00e1ce dle Memoranda<br \/>\n&#8211; Rada pro rozhlasov\u00e9 a televizn\u00ed vys\u00edl\u00e1n\u00ed (d\u00e1le jen \u201eRada\u201c) coby \u00fast\u0159edn\u00ed spr\u00e1vn\u00ed \u00fa\u0159ad v<br \/>\nr\u00e1mci sv\u00e9 kompetence dan\u00e9 ustanoven\u00edm \u00a7 5 p\u00edsm. a) z\u00e1kona \u010d. 231\/2001 Sb., o<br \/>\nprovozov\u00e1n\u00ed rozhlasov\u00e9ho a televizn\u00edho vys\u00edl\u00e1n\u00ed a o zm\u011bn\u011b dal\u0161\u00edch z\u00e1kon\u016f (d\u00e1le jen<br \/>\n\u201ez\u00e1kon \u010d. 231\/2001 Sb.\u201c), rozhodla v souladu s ustanoven\u00edm \u00a7 76 odst. 1 p\u00edsm. a) z\u00e1kona<br \/>\n\u010d. 250\/2016 Sb., o odpov\u011bdnosti za p\u0159estupky a \u0159\u00edzen\u00ed o nich, v platn\u00e9m zn\u011bn\u00ed, ve v\u011bci<br \/>\nmo\u017en\u00e9ho p\u0159estupku sp\u00e1chan\u00e9ho za\u0159azen\u00edm pornografick\u00e9ho obsahu na programu Vixen<br \/>\nprovozovatele Marc Dorcel TV Netherlands B.V., je\u017e je \u0161\u00ed\u0159en v r\u00e1mci slu\u017eby Skylink, \u017ee<br \/>\nv\u011bc odkl\u00e1d\u00e1.<br \/>\n13-0-0<br \/>\n32 RRTV\/2021\/556\/rud: Ve\u0159ejn\u00fd ochr\u00e1nce pr\u00e1v\/Report\u00e9\u0159i \u010cT, report\u00e1\u017e \u0160lechti\u010dna z<br \/>\nbulv\u00e1ru\/2.3.2020\/od 22:00 hodin &#8211; ZPR\u00c1VA O \u0160ET\u0158EN\u00cd<br \/>\n&#8211; Rada se sezn\u00e1mila se zpr\u00e1vou z\u00e1stupkyn\u011b ve\u0159ejn\u00e9ho ochr\u00e1nce pr\u00e1v o \u0161et\u0159en\u00ed ve v\u011bci<br \/>\npodn\u011btu proti postupu Rady p\u0159i vy\u0159\u00edzen\u00ed st\u00ed\u017enosti na obsah report\u00e1\u017ee \u0160lechti\u010dna z bulv\u00e1ru<br \/>\nodvys\u00edlan\u00e9m v r\u00e1mci po\u0159adu Report\u00e9\u0159i \u010cT dne 2. b\u0159ezna 2020 na programu \u010cT1.<br \/>\n13-0-0<br \/>\n&#8211; Rada souhlas\u00ed s n\u00e1vrhem odpov\u011bdi z\u00e1stupkyni ve\u0159ejn\u00e9ho ochr\u00e1nce pr\u00e1v na zpr\u00e1vu o<br \/>\n\u0161et\u0159en\u00ed ve v\u011bci podn\u011btu proti postupu Rady p\u0159i vy\u0159\u00edzen\u00ed st\u00ed\u017enosti na obsah report\u00e1\u017ee<br \/>\n\u0160lechti\u010dna z bulv\u00e1ru odvys\u00edlan\u00e9m v r\u00e1mci po\u0159adu Report\u00e9\u0159i \u010cT dne 2. b\u0159ezna 2020 na<br \/>\nprogramu \u010cT1.<br \/>\n12-0-1<br \/>\n33 RRTV\/2022\/298\/beh: Ve\u0159ejn\u00fd ochr\u00e1nce pr\u00e1v\/Infiltrace: Obchod s nad\u011bj\u00ed\/12.4.2021\/od<br \/>\n21:50 hodin &#8211; V\u00ddZVA<br \/>\n&#8211; Rada se sezn\u00e1mila s v\u00fdzvou z\u00e1stupkyn\u011b ve\u0159ejn\u00e9ho ochr\u00e1nce pr\u00e1v ve v\u011bci po\u0159adu<br \/>\nInfiltrace &#8211; Obchod s nad\u011bj\u00ed odvys\u00edlan\u00e9ho dne 12. dubna 2021 na programu \u010cT1.<br \/>\n13-0-0<br \/>\n&#8211; Rada souhlas\u00ed s n\u00e1vrhem odpov\u011bdi na v\u00fdzvu z\u00e1stupkyn\u011b ve\u0159ejn\u00e9ho ochr\u00e1nce pr\u00e1v ve<br \/>\nv\u011bci po\u0159adu Infiltrace &#8211; Obchod s nad\u011bj\u00ed odvys\u00edlan\u00e9ho dne 12. dubna 2021 na programu<br \/>\n\u010cT1.<br \/>\n12-1-0<br \/>\n34 RRTV\/2022\/221\/had: \u017d\u00e1dost o stanovisko-AMC<br \/>\n&#8211; Rada se sezn\u00e1mila s pod\u00e1n\u00edm spole\u010dnosti AMC Networks Central Europe s.r.o. ve v\u011bci<br \/>\n\u017e\u00e1dosti o vyd\u00e1n\u00ed ofici\u00e1ln\u00edho stanoviska upravuj\u00edc\u00edho vys\u00edl\u00e1n\u00ed reklamy na hazardn\u00ed hry.<br \/>\n13-0-0<br \/>\n35 RRTV\/2022\/292\/fej: HBO Europe s.r.o.\/zm\u011bna skute\u010dnost\u00ed z HBO GO na HBO<br \/>\nMax\/www.hbomax.com<br \/>\n&#8211; Rada bere na v\u011bdom\u00ed zm\u011bnu skute\u010dnost\u00ed (zm\u011bna n\u00e1zvu a p\u0159\u00edstupu) n\u00e1sleduj\u00edc\u00edch<br \/>\nevidovan\u00fdch audiovizu\u00e1ln\u00edch medi\u00e1ln\u00edch slu\u017eeb na vy\u017e\u00e1d\u00e1n\u00ed poskytovatele HBO Europe<br \/>\ns.r.o., I\u010c: 61646786, se s\u00eddlem Jankovcova 1037\/49, 170 00 Praha: Z HBO GO<br \/>\nMontenegro na HBO Max Montenegro\/www.hbomax.com, z HBO GO Macedonia na HBO<br \/>\nMax North Macedonia\/www.hbomax.com, z HBO GO Bulgaria na HBO Max<br \/>\nBulgaria\/www.hbomax.com, z HBO GO Poland na HBO Max Poland\/www.hbomax.com,<br \/>\nz HBO GO Romania na HBO Max Romania\/www.hbomax.com, z HBO GO Slovenia na<br \/>\nHBO Max Slovenia\/www.hbomax.com, z HBO GO Bosnia Herzegovina na HBO Max<br \/>\nBosnia Herzegovina\/www.hbomax.com, z HBO GO Serbia na HBO Max<br \/>\nSerbia\/www.hbomax.com, z HBO GO Hungary na HBO Max Hungary\/www.hbomax.com,<br \/>\nz HBO GO Croatia na HBO Max Croatia\/www.hbomax.com, z HBO GO Czech Republic<br \/>\nand Slovakia na HBO Max Czech Republic and Slovakia\/www.hbomax.com.<br \/>\n12-0-0<br \/>\n36 RRTV\/2022\/161\/ale: AMU\/ FAMU Films\/famufilms.cz\/\/Reakce k \u017d\u00e1dosti o pod\u00e1n\u00ed<br \/>\nvysv\u011btlen\u00ed\/Z\u00e1pis do Evidence<br \/>\n&#8211; Rada se sezn\u00e1mila s reakc\u00ed poskytovatele audiovizu\u00e1ln\u00ed medi\u00e1ln\u00ed slu\u017eby na vy\u017e\u00e1d\u00e1n\u00ed<br \/>\nAkademie m\u00fazick\u00fdch um\u011bn\u00ed v Praze k \u017d\u00e1dosti o pod\u00e1n\u00ed vysv\u011btlen\u00ed.<br \/>\n13-0-0<br \/>\n&#8211; Rada pro rozhlasov\u00e9 a televizn\u00ed vys\u00edl\u00e1n\u00ed (d\u00e1le jen Rada) v r\u00e1mci sv\u00e9 p\u016fsobnosti podle<br \/>\nustanoven\u00ed \u00a7 4 odst. 2 p\u00edsm. a) a \u00a7 5 odst. 3 z\u00e1kona \u010d. 132\/2010 Sb., o audiovizu\u00e1ln\u00edch<br \/>\nmedi\u00e1ln\u00edch slu\u017eb\u00e1ch na vy\u017e\u00e1d\u00e1n\u00ed, a podle ustanoven\u00ed \u00a7 158 odst. 1 z\u00e1kona \u010d. 500\/2004<br \/>\nSb., spr\u00e1vn\u00edho \u0159\u00e1du, vyd\u00e1v\u00e1 na z\u00e1klad\u011b p\u00edsemn\u00e9ho ozn\u00e1men\u00ed poskytovatele s.r.o.,<br \/>\ndoru\u010den\u00e9ho Rad\u011b dne 8. b\u0159ezna 2022, toto potvrzen\u00ed: Poskytovatel Akademie m\u00fazick\u00fdch<br \/>\num\u011bn\u00ed v Praze, I\u010c 61384984, s\u00eddlem Malostransk\u00e9 n\u00e1m\u011bst\u00ed 259\/12, Praha 1, 118 00 , byl<br \/>\ndne 22. b\u0159ezna 2022 zaps\u00e1n do Evidence poskytovatel\u016f audiovizu\u00e1ln\u00edch medi\u00e1ln\u00edch<br \/>\nslu\u017eeb na vy\u017e\u00e1d\u00e1n\u00ed ve smyslu ustanoven\u00ed \u00a7 5 z\u00e1kona \u010d. 132\/2010 Sb., o audiovizu\u00e1ln\u00edch<br \/>\nmedi\u00e1ln\u00edch slu\u017eb\u00e1ch na vy\u017e\u00e1d\u00e1n\u00ed; audiovizu\u00e1ln\u00ed medi\u00e1ln\u00ed slu\u017eba na vy\u017e\u00e1d\u00e1n\u00ed je<br \/>\nposkytov\u00e1na ode dne 19. ledna 2022 pod n\u00e1zvem FAMU Films, um\u00edst\u011bn\u00e1 na internetov\u00e9<br \/>\nadrese https:\/\/famufilms.cz\/.<br \/>\n13-0-0<br \/>\n37 RRTV\/2022\/288\/kod: Rozpo\u010det Rady na rok 2022 a n\u00e1vrh SDV 2023 &#8211; 2024<br \/>\n&#8211; Rada schvaluje n\u00e1vrh rozpo\u010dtu na rok 2022.<br \/>\n13-0-0<br \/>\n38 RRTV\/2022\/307\/kod: Zpr\u00e1va nez\u00e1visl\u00e9ho auditora o ov\u011b\u0159en\u00ed \u00fa\u010detn\u00ed z\u00e1v\u011brky Rady k 31.<br \/>\n12. 2021<br \/>\n&#8211; Rada se sezn\u00e1mila se Zpr\u00e1vou nez\u00e1visl\u00e9ho auditora o ov\u011b\u0159en\u00ed \u00fa\u010detn\u00ed z\u00e1v\u011brky k 31. 12.<br \/>\n2021.<br \/>\n13-0-0<br \/>\n39 RRTV\/2022\/275\/dol: Zm\u011bny ve vys\u00edl\u00e1n\u00ed I-II 2022<br \/>\n&#8211; Rada se sezn\u00e1mila s p\u0159ehledem zm\u011bn v rozhlasov\u00e9m a televizn\u00edm vys\u00edl\u00e1n\u00ed za leden a<br \/>\n\u00fanor roku 2022.<br \/>\n13-0-0<br \/>\n40 RRTV\/2022\/48\/vra: P\u0159ehled odpov\u011bd\u00ed poskytnut\u00fdch podle z\u00e1kona \u010d.106\/1999 Sb.<br \/>\n&#8211; Rada se sezn\u00e1mila s p\u0159ehledem odpov\u011bd\u00ed poskytnut\u00fdch podle z\u00e1kona \u010d.106\/1999 Sb.<br \/>\n12-0-1<br \/>\nOv\u011b\u0159ovatel: Malach<\/p>\n","protected":false},"excerpt":{"rendered":"<p>P\u0159\u00edtomni: Bou\u0161ka, Dohn\u00e1lkov\u00e1, Jakl, Jane\u010dek, Jehli\u010dka, Kr\u00e1lov\u00e1, K\u00f6ppl, Mace\u0161ka, Mencl, Nov\u00e1k, Petrov, Smol\u00edkov\u00e1, \u0160incl<\/p>\n","protected":false},"author":1,"featured_media":0,"comment_status":"open","ping_status":"open","sticky":false,"template":"","format":"standard","meta":{"ngg_post_thumbnail":0,"footnotes":""},"categories":[11],"tags":[],"class_list":["post-12635","post","type-post","status-publish","format-standard","hentry","category-ozvena"],"_links":{"self":[{"href":"https:\/\/www.ladislavjakl.cz\/index.php?rest_route=\/wp\/v2\/posts\/12635","targetHints":{"allow":["GET"]}}],"collection":[{"href":"https:\/\/www.ladislavjakl.cz\/index.php?rest_route=\/wp\/v2\/posts"}],"about":[{"href":"https:\/\/www.ladislavjakl.cz\/index.php?rest_route=\/wp\/v2\/types\/post"}],"author":[{"embeddable":true,"href":"https:\/\/www.ladislavjakl.cz\/index.php?rest_route=\/wp\/v2\/users\/1"}],"replies":[{"embeddable":true,"href":"https:\/\/www.ladislavjakl.cz\/index.php?rest_route=%2Fwp%2Fv2%2Fcomments&post=12635"}],"version-history":[{"count":1,"href":"https:\/\/www.ladislavjakl.cz\/index.php?rest_route=\/wp\/v2\/posts\/12635\/revisions"}],"predecessor-version":[{"id":12636,"href":"https:\/\/www.ladislavjakl.cz\/index.php?rest_route=\/wp\/v2\/posts\/12635\/revisions\/12636"}],"wp:attachment":[{"href":"https:\/\/www.ladislavjakl.cz\/index.php?rest_route=%2Fwp%2Fv2%2Fmedia&parent=12635"}],"wp:term":[{"taxonomy":"category","embeddable":true,"href":"https:\/\/www.ladislavjakl.cz\/index.php?rest_route=%2Fwp%2Fv2%2Fcategories&post=12635"},{"taxonomy":"post_tag","embeddable":true,"href":"https:\/\/www.ladislavjakl.cz\/index.php?rest_route=%2Fwp%2Fv2%2Ftags&post=12635"}],"curies":[{"name":"wp","href":"https:\/\/api.w.org\/{rel}","templated":true}]}}