{"id":12640,"date":"2022-04-22T11:09:12","date_gmt":"2022-04-22T09:09:12","guid":{"rendered":"https:\/\/www.ladislavjakl.cz\/?p=12640"},"modified":"2022-04-22T11:09:12","modified_gmt":"2022-04-22T09:09:12","slug":"tiskova-zprava-z-6-zasedani-rady-konaneho-dne-12-4-2022","status":"publish","type":"post","link":"https:\/\/www.ladislavjakl.cz\/?p=12640","title":{"rendered":"Tiskov\u00e1 zpr\u00e1va z 6. zased\u00e1n\u00ed Rady, konan\u00e9ho dne 12. 4. 2022"},"content":{"rendered":"<p>Rada pro rozhlasov\u00e9 a televizn\u00ed vys\u00edl\u00e1n\u00ed (d\u00e1le jen &#8222;Rada&#8220;) na sv\u00e9m 6. zased\u00e1n\u00ed projednala 43 bod\u016f programu. Vyhodnotila 30 st\u00ed\u017enost\u00ed div\u00e1k\u016f a poslucha\u010d\u016f, vydala 15 upozorn\u011bn\u00ed na poru\u0161en\u00ed z\u00e1kona, rozhodla o zah\u00e1jen\u00ed jednoho \u0159\u00edzen\u00ed o p\u0159estupku.<\/p>\n<p><!--more--><br \/>\nRada na sv\u00e9m 6. zased\u00e1n\u00ed ulo\u017eila napomenut\u00ed spole\u010dnosti Mountfield a.s. pro poru\u0161en\u00ed ustanoven\u00ed \u00a7 2 odst. 1 p\u00edsm. b) z\u00e1kona \u010d. 40\/1995 Sb., respektive ustanoven\u00ed \u00a7 5 odst. 2 p\u00edsm. d) z\u00e1kona \u010d. 634\/1992 Sb., kter\u00e9ho se dopustila zad\u00e1n\u00edm reklamn\u00edho spotu s motivem \u201eMountfield-Slav\u00edme 30. v\u00fdro\u010d\u00ed\u201c, kter\u00fd byl odvys\u00edl\u00e1n dne 4. \u010dervna 2021 od 21:30 hodin na programu Prima a kter\u00fd je nekalou obchodn\u00ed praktikou, nebo\u0165 v reklam\u011b byla u obr\u00e1zku zahradn\u00edho grilu zna\u010dky Char-Broil, typ Professional 4400S, u n\u011bho\u017e prodejce na internetov\u00fdch str\u00e1nk\u00e1ch uv\u00e1d\u00ed p\u016fvodn\u00ed cenu 35 900 K\u010d, uvedena ak\u010dn\u00ed cena 4 990 K\u010d, kter\u00e1 se v\u0161ak vztahovala ke zcela jin\u00e9mu grilu, jin\u00e9ho typu i zna\u010dky, kter\u00fd se v reklam\u011b v\u016fbec neobjevil. Reklama tak mohla v\u00e9st spot\u0159ebitele k rozhodnut\u00ed ohledn\u011b koup\u011b, kter\u00e9 by jinak neu\u010dinil, a sice k rozhodnut\u00ed zaj\u00edt do obchodu Mountfield se z\u00e1m\u011brem zakoupit v reklam\u011b prezentovan\u00fd gril, o kter\u00e9m se domn\u00edval, \u017ee jeho cena je 4 990 K\u010d, kdy\u017e ve skute\u010dnosti byla n\u00e1sobn\u011b vy\u0161\u0161\u00ed.<br \/>\nRada na sv\u00e9m 6. zased\u00e1n\u00ed ud\u011blila licenci k provozov\u00e1n\u00ed televizn\u00edho vys\u00edl\u00e1n\u00ed, a to pr\u00e1vnick\u00e9 osob\u011b AMC Networks Central Europe s.r.o., k provozov\u00e1n\u00ed televizn\u00edho vys\u00edl\u00e1n\u00ed \u0161\u00ed\u0159en\u00e9ho prost\u0159ednictv\u00edm zvl\u00e1\u0161tn\u00edch p\u0159enosov\u00fdch syst\u00e9m\u016f pro program SPORT3 HU.<br \/>\nPodrobn\u011bj\u0161\u00ed informace naleznete v p\u0159episech usnesen\u00ed Rady:<br \/>\nROZHLASOV\u00c9 VYS\u00cdL\u00c1N\u00cd<br \/>\n&#8211; Rada se sezn\u00e1mila s p\u0159edb\u011b\u017enou koordinac\u00ed spo\u010d\u00edvaj\u00edc\u00ed ve stanoven\u00ed po\u010dtu obyvatel \u010cR pokryt\u00fdch sign\u00e1lem a \u00fazemn\u00edm rozsahem vys\u00edl\u00e1n\u00ed p\u0159ed zm\u011bnou a po zm\u011bn\u011b stanovi\u0161t\u011b a zv\u00fd\u0161en\u00edm v\u00fdkonu kmito\u010dtu Plze\u0148 Bory 97,5 MHz \/ 100 W na Plze\u0148 Bory 2 97,5 MHz \/ 200 W, sou\u0159adnice WGS 84: 13 22 58 \/ 49 44 45, \u017eadatele RADIO UNITED BROADCASTING s.r.o., I\u010c: 29131901, se s\u00eddlem Vinohradsk\u00e1 3217\/167, Praha 10, PS\u010c 100 00, program RADIO 1 (licence sp.zn. 2015\/1117\/zab) a souhlas\u00ed s dokon\u010den\u00edm p\u0159edm\u011btn\u00e9 koordinace.<br \/>\n&#8211; Rada se sezn\u00e1mila s p\u0159edb\u011b\u017enou koordinac\u00ed spo\u010d\u00edvaj\u00edc\u00ed ve stanoven\u00ed po\u010dtu obyvatel \u010cR pokryt\u00fdch sign\u00e1lem a \u00fazemn\u00edm rozsahem vys\u00edl\u00e1n\u00ed p\u0159ed zm\u011bnou a po zm\u011bn\u011b stanovi\u0161t\u011b kmito\u010dtu Plze\u0148 Bory 2 102,1 MHz \/ 200 W na Plze\u0148 Bory 2 102,1 MHz \/ 200 W, sou\u0159adnice WGS 84: 13 22 58 \/ 49 44 45, \u017eadatele RADIO UNITED BROADCASTING s.r.o., I\u010c: 29131901, se s\u00eddlem Vinohradsk\u00e1 3217\/167, Praha 10, PS\u010c 100 00, program COUNTRY RADIO (licence \u010d.j.: Ru\/91\/99\/1358) a souhlas\u00ed s dokon\u010den\u00edm p\u0159edm\u011btn\u00e9 koordinace.<br \/>\n&#8211; Rada v souladu s ustanoven\u00edm \u00a7 5 p\u00edsm. b) a \u00a7 21 odst. 8 z\u00e1kona \u010d. 231\/2001 Sb., o provozov\u00e1n\u00ed rozhlasov\u00e9ho a televizn\u00edho vys\u00edl\u00e1n\u00ed a o zm\u011bn\u011b dal\u0161\u00edch z\u00e1kon\u016f, v platn\u00e9m zn\u011bn\u00ed (d\u00e1le jen \u201ez\u00e1kon \u010d. 231\/2001 Sb.\u201c), a ustanoven\u00edm \u00a7 67 a n\u00e1sl. z\u00e1kona \u010d. 500\/2004 Sb., spr\u00e1vn\u00edho \u0159\u00e1du, v platn\u00e9m zn\u011bn\u00ed (d\u00e1le jen \u201ez\u00e1kon \u010d. 500\/2004 Sb.\u201c), vydala toto rozhodnut\u00ed: Rada podle ustanoven\u00ed \u00a7 21 odst. 8 z\u00e1kona \u010d. 231\/2001 Sb. ud\u011bluje souhlas s p\u0159em\u011bnou spole\u010dnost\u00ed AZ Media a.s., I\u010c: 25648837, RADIO ZL\u00cdN, spol. s r.o., I\u010c: 00568406, Radio Contact Liberec spol. s r.o., I\u010c: 14866285 a Prvn\u00ed rozhlasov\u00e1 s.r.o., I\u010c: 25643908, coby zanikaj\u00edc\u00edch spole\u010dnost\u00ed, formou f\u00faze slou\u010den\u00edm do n\u00e1stupnick\u00e9 spole\u010dnosti MEDIA BOHEMIA a. s. I\u010c: 26765586.<br \/>\n&#8211; Rada v r\u00e1mci sv\u00e9 kompetence dan\u00e9 \u00a7 5 p\u00edsm. a) a f) a \u00a7 59 odst. 1-3 z\u00e1kona \u010d. 231\/2001 Sb. upozor\u0148uje provozovatele 4S PRODUCTION, a.s., I\u010c: 25113054 se s\u00eddlem Radlick\u00e1 3294\/10, Sm\u00edchov, 150 00 Praha 5, na poru\u0161en\u00ed ustanoven\u00ed \u00a7 21 odst. 2 z\u00e1kona \u010d. 231\/2001 Sb., kter\u00e9ho se dopustil t\u00edm, \u017ee neozn\u00e1mil Rad\u011b zm\u011bnu ostatn\u00edch skute\u010dnost\u00ed uv\u00e1d\u011bn\u00fdch v \u00a7 14 odst. 1 a 2 z\u00e1kona \u010d. 231\/2001 Sb., a to z\u00e1nik \u010dlenstv\u00ed a v\u00fdmaz z obchodn\u00edho rejst\u0159\u00edku \u010dlena dozor\u010d\u00ed rady a vznik \u010dlenstv\u00ed a z\u00e1pis do obchodn\u00edho rejst\u0159\u00edku nov\u00e9ho \u010dlena dozor\u010d\u00ed rady ve lh\u016ft\u011b do 30 dn\u016f ode dne zaps\u00e1n\u00ed zm\u011bny v obchodn\u00edm rejst\u0159\u00edku. Rada stanovuje provozovateli lh\u016ftu k n\u00e1prav\u011b 30 dn\u016f ode dne doru\u010den\u00ed tohoto upozorn\u011bn\u00ed.<br \/>\n&#8211; Rada se sezn\u00e1mila se srovn\u00e1vac\u00ed anal\u00fdzou vys\u00edl\u00e1n\u00ed programu Radio Beat, \u0161\u00ed\u0159en\u00e9ho prost\u0159ednictv\u00edm souboru technick\u00fdch parametr\u016f: Karlovy Vary 106.8 MHz, \u010cesk\u00e9 Bud\u011bjovice 101.2 MHz \u010c a Zl\u00edn 98.8 MHz provozovatele RADIO UNITED BROADCASTING, s.r.o. z \u00fater\u00fd 1.3. 2022 v \u010dasech 08:00-09:00 hodin, 13:00-14:00 hodin a 18:00-19:00 hodin.<br \/>\n&#8211; Rada se sezn\u00e1mila s anal\u00fdzami obchodn\u00edch sd\u011blen\u00ed odvys\u00edlan\u00fdch provozovateli MEDIA BOHEMIA a.s. (program Hitr\u00e1dio City; Brno 99,0 Mhz) dne 29. b\u0159ezna 2022, R\u00e1dio P\u00e1lava s.r.o. (program R\u00c1DIO JIH; Brno-Kohoutovice 105,1 MHz) dne 29. b\u0159ezna 2022, MAX LOYD, s.r.o. (program DANCE RADIO; Praha-Jinonice 102,9 MHz) dne 29. b\u0159ezna 2022, RADIO UNITED BROADCASTING s.r.o. (program Radio Beat; Ostrava 90,4 MHz) dne 29. b\u0159ezna 2022, MEDIA BOHEMIA a.s. (program Hitr\u00e1dio Contact; Liberec 101,4 MHz) dne 29. b\u0159ezna 2022 a 4S PRODUCTION, a.s. (program EXPRES FM; Praha 90,3 MHz) dne 29. b\u0159ezna 2022.<br \/>\n&#8211; Rada se sezn\u00e1mila s ozn\u00e1men\u00edm provozovatele MEDIA BOHEMIA a.s., I\u010c: 26765586, doru\u010den\u00fdm Rad\u011b dne 21. b\u0159ezna 2022 pod \u010d.j. RRTV\/4137\/2022-vra, spo\u010d\u00edvaj\u00edc\u00edm v informaci o tom, \u017ee v dob\u011b od 19. b\u0159ezna 2022 (16:25 hod.) do 20. b\u0159ezna 2022 (14:20 hod.) do\u0161lo na vys\u00edla\u010di Strakonice 104, 1 MHZ \/ 100 W k v\u00fdpadku vys\u00edl\u00e1n\u00ed programu R\u00e1dio BLAN\u00cdK (licence \u010d.j. Ru\/98\/01). Rada se sezn\u00e1mila s ozn\u00e1men\u00edm provozovatele Josefa T\u00fdce, I\u010c: 03299805, doru\u010den\u00fdm Rad\u011b dne 16. b\u0159ezna 2022 pod \u010d.j. RRTV\/4042\/2022-vra, spo\u010d\u00edvaj\u00edc\u00edm v informaci o tom, \u017ee dne 11. b\u0159ezna 2022 zah\u00e1jil vys\u00edl\u00e1n\u00ed programu R\u00c1DIO OTAVA \u0161\u00ed\u0159en\u00e9ho prost\u0159ednictv\u00edm vys\u00edla\u010d\u016f na kmito\u010dtu Hora\u017e\u010fovice 92,2 MHz \/ 50 W dle rozhodnut\u00ed Rady sp.zn. RRTV\/2021\/212\/zab, \u010d.j. RRTV\/15691\/2021-zab ze dne 11. srpna 2020. Rada se sezn\u00e1mila s ozn\u00e1men\u00edm provozovatele Josefa T\u00fdce, I\u010c: 03299805, doru\u010den\u00fdm Rad\u011b dne 24. b\u0159ezna 2022 pod \u010d.j. RRTV\/4390\/2022-vra, spo\u010d\u00edvaj\u00edc\u00edm v informaci o tom, \u017ee dne 18. b\u0159ezna 2022 zah\u00e1jil vys\u00edl\u00e1n\u00ed programu R\u00c1DIO OTAVA \u0161\u00ed\u0159en\u00e9ho prost\u0159ednictv\u00edm vys\u00edla\u010d\u016f na kmito\u010dtu Strakonice 88,3 MHz \/ 50 W dle rozhodnut\u00ed Rady sp.zn. RRTV\/2021\/212\/zab, \u010d.j. RRTV\/15691\/2021-zab ze dne 11. srpna 2020.<br \/>\n&#8211; Rada se sezn\u00e1mila se st\u00ed\u017enost\u00ed \u010d. j. RRTV\/4054\/2022-vra ohledn\u011b \u00fadajn\u011b neobjektivn\u00edho informov\u00e1n\u00ed o postoji SPD ke krizi na Ukrajin\u011b na programu \u010cRo Plus. Rada se sezn\u00e1mila se st\u00ed\u017enostmi \u010d. j. RRTV\/4094\/2022-vra a RRTV\/4123\/2022-vra ohledn\u011b neobjektivity rozhovoru s Martinem Kollerem na programu \u010cRo Radio\u017eurn\u00e1l. Rada se sezn\u00e1mila se st\u00ed\u017enost\u00ed \u010d. j. RRTV\/4116\/2022-vra ohledn\u011b \u00fadajn\u011b neobjektivn\u00edho informov\u00e1n\u00ed na \u010cRo. Rada se sezn\u00e1mila se st\u00ed\u017enost\u00ed \u010d. j. RRTV\/4126\/2022-vra ohledn\u011b toho, \u017ee ve vys\u00edl\u00e1n\u00ed programu R\u00e1dio Kiss \u00fadajn\u011b do\u0161lo k ubl\u00ed\u017een\u00ed na zdrav\u00ed.<br \/>\nTELEVIZN\u00cd VYS\u00cdL\u00c1N\u00cd<br \/>\n&#8211; Rada ud\u011bluje pr\u00e1vnick\u00e9 osob\u011b AMC Networks Central Europe s.r.o., I\u010cO: 27112501 se s\u00eddlem Pob\u0159e\u017en\u00ed 620\/3, Praha 8, 186 00, podle \u00a7 25 z\u00e1kona \u010d. 231\/2001 licenci k provozov\u00e1n\u00ed televizn\u00edho vys\u00edl\u00e1n\u00ed \u0161\u00ed\u0159en\u00e9ho prost\u0159ednictv\u00edm ZPS na dobu 12 let, ozna\u010den\u00ed (n\u00e1zev) programu: SPORT3 HU; z\u00e1kladn\u00ed programov\u00e1 specifikace: \u017eiv\u00e9 sportovn\u00ed p\u0159enosy; \u010dasov\u00fd rozsah vys\u00edl\u00e1n\u00ed: nepravideln\u00e9, \u010dasov\u011b omezen\u00e9 vys\u00edl\u00e1n\u00ed, odvisl\u00e9 od data a \u010dasu p\u0159\u00edslu\u0161n\u00e9 sportovn\u00ed ud\u00e1losti; identifikace p\u0159enosov\u00e9ho syst\u00e9mu: d\u00e1lkov\u00fd p\u0159\u00edstup &#8211; internet; informace o p\u0159\u00edstupu k vys\u00edl\u00e1n\u00ed: aplikace AMC MIKRO HU (Google Play, App Store); v\u00fd\u010det st\u00e1t\u016f, na jejich\u017e \u00fazem\u00ed bude vys\u00edl\u00e1n\u00ed zcela nebo<br \/>\np\u0159ev\u00e1\u017en\u011b sm\u011b\u0159ov\u00e1no: Ma\u010farsko; hlavn\u00ed jazyk vys\u00edl\u00e1n\u00ed: ma\u010farsk\u00fd jazyk; v rozsahu dle \u017e\u00e1dosti doru\u010den\u00e9 dne 21. 3. 2022, RRTV\/4349\/2022-vra.<br \/>\n&#8211; Rada informuje podle \u00a7 18 odst. 6 z\u00e1kona \u010d. 231\/2001 Sb., regula\u010dn\u00ed org\u00e1n \u010dlensk\u00e9ho st\u00e1tu Evropsk\u00e9 unie, na jeho\u017e \u00fazem\u00ed je televizn\u00ed vys\u00edl\u00e1n\u00ed zcela nebo p\u0159ev\u00e1\u017en\u011b sm\u011b\u0159ov\u00e1no, tj. Ma\u010farsko o ud\u011blen\u00ed licence spole\u010dnosti AMC Networks Central Europe s.r.o., I\u010cO: 27112501 se s\u00eddlem Pob\u0159e\u017en\u00ed 620\/3, Praha 8, 186 00, k televizn\u00edmu vys\u00edl\u00e1n\u00ed programu SPORT3 HU \u0161\u00ed\u0159en\u00e9m prost\u0159ednictv\u00edm ZPS se z\u00e1kladn\u00ed programovou specifikac\u00ed: \u017eiv\u00e9 sportovn\u00ed p\u0159enosy.<br \/>\n&#8211; Rada ud\u011bluje provozovateli M\u011bsto M\u011bsto Albrechtice, I\u010c: 00296228, se s\u00eddlem n\u00e1m. \u010cSA 27\/10, M\u011bsto Albrechtice, 793 95, souhlas se zm\u011bnou skute\u010dnost\u00ed uveden\u00fdch v \u017e\u00e1dosti o licenci \u010d.j.: 3957\/2006\/P ze dne 30. kv\u011btna 2006, dle \u00a7 21 odst. 1 p\u00edsm. c) a d) z\u00e1kona \u010d. 231\/2001 Sb. spo\u010d\u00edvaj\u00edc\u00ed ve zm\u011bn\u011b \u00fazemn\u00edho rozsahu vys\u00edl\u00e1n\u00ed ukon\u010den\u00edm vys\u00edl\u00e1n\u00ed programu INFOKAN\u00c1L HOL\u010cOVICE v katastr\u00e1ln\u00edch \u00fazem\u00edch Brunt\u00e1l &#8211; Hejnov k.\u00fa. 640859 Hejnov, Brunt\u00e1l &#8211; Hol\u010dovice k. \u00fa. 640867 Hol\u010dovice, dle pod\u00e1n\u00ed \u010d.j.: RRTV\/2176\/2022-vra.<br \/>\n&#8211; Rada v r\u00e1mci sv\u00e9 kompetence dan\u00e9 ustanoven\u00edm \u00a7 5 p\u00edsm. a) a f), \u00a7 59 odst. 1 &#8211; 3 z\u00e1kona \u010d. 231\/2001 Sb., upozor\u0148uje provozovatele televizn\u00edho vys\u00edl\u00e1n\u00ed Barrandov Televizn\u00ed Studio a.s., I\u010c 416 93 311, se s\u00eddlem Praha 5, K\u0159\u00ed\u017eeneck\u00e9ho n\u00e1m. 322, PS\u010c 15200, na poru\u0161en\u00ed ustanoven\u00ed \u00a7 21 odst. 1 p\u00edsm. e) a \u00a7 21 odst. 2 z\u00e1kona \u010d. 231\/2001 Sb., kter\u00e9ho se dopustil t\u00edm, \u017ee p\u0159edem nepo\u017e\u00e1dal Radu o p\u00edsemn\u00fd souhlas se zm\u011bnou skute\u010dnost\u00ed (stanov) uveden\u00fdch v \u017e\u00e1dosti o licenci a neozn\u00e1mil Rad\u011b zm\u011bnu ostatn\u00edch skute\u010dnost\u00ed uv\u00e1d\u011bn\u00fdch v \u00a7 14 odst. 1 a 2 z\u00e1kona \u010d. 231\/2001 Sb., a to statut\u00e1rn\u00edho org\u00e1nu &#8211; p\u0159edstavenstva, dozor\u010d\u00ed rady a zp\u016fsobu jedn\u00e1n\u00ed za spole\u010dnost, ve lh\u016ft\u011b do 30 dn\u016f ode dne zaps\u00e1n\u00ed zm\u011bny v obchodn\u00edm rejst\u0159\u00edku. Rada stanovuje provozovateli lh\u016ftu k n\u00e1prav\u011b 30 dn\u016f ode dne doru\u010den\u00ed tohoto upozorn\u011bn\u00ed.<br \/>\n&#8211; Rada v r\u00e1mci sv\u00e9 kompetence dan\u00e9 ustanoven\u00edm \u00a7 5 p\u00edsm. a) a f), \u00a7 59 odst. 1 &#8211; 3 z\u00e1kona \u010d. 231\/2001 Sb., upozor\u0148uje provozovatele zemsk\u00e9ho digit\u00e1ln\u00edho televizn\u00edho vys\u00edl\u00e1n\u00ed \u0161\u00ed\u0159en\u00e9ho prost\u0159ednictv\u00edm vys\u00edla\u010d\u016f Emporia Style s.r.o., I\u010c: 08122458, se s\u00eddlem: Palack\u00e9ho 70, 252 29 Dob\u0159ichovice, na poru\u0161en\u00ed ustanoven\u00ed \u00a7 32 odst. 1 p\u00edsm. r) z\u00e1kona \u010d. 231\/2001 Sb., kter\u00e9ho se dopustil t\u00edm, \u017ee Radu nepo\u017e\u00e1dal o p\u0159edchoz\u00ed souhlas s p\u0159eru\u0161en\u00edm vys\u00edl\u00e1n\u00ed programu KLENOT TV na z\u00e1klad\u011b rozhodnut\u00ed o ud\u011blen\u00ed licence sp. zn. RRTV\/2019\/675\/smu, \u010d.j. RRTV\/13550\/2019-smu ze dne 19. listopadu 2019. Rada stanovuje provozovateli lh\u016ftu k n\u00e1prav\u011b 15 dn\u016f ode dne doru\u010den\u00ed tohoto upozorn\u011bn\u00ed.<br \/>\n&#8211; Rada v r\u00e1mci sv\u00e9 kompetence dan\u00e9 ustanoven\u00edm \u00a7 5 p\u00edsm. a) a f), \u00a7 59 odst. 1 &#8211; 3 z\u00e1kona \u010d. 231\/2001 Sb. upozor\u0148uje provozovatele zemsk\u00e9ho digit\u00e1ln\u00edho televizn\u00edho vys\u00edl\u00e1n\u00ed \u0161\u00ed\u0159en\u00e9ho prost\u0159ednictv\u00edm vys\u00edla\u010d\u016f Emporia Style s.r.o., I\u010c: 08122458, se s\u00eddlem: Palack\u00e9ho 70, 252 29 Dob\u0159ichovice, na poru\u0161en\u00ed ustanoven\u00ed \u00a7 21 odst. 2 z\u00e1kona \u010d. 231\/2001 Sb., kter\u00e9ho se dopustil t\u00edm, \u017ee v z\u00e1konem stanoven\u00e9 lh\u016ft\u011b neozn\u00e1mil Rad\u011b zm\u011bnu ostatn\u00edch skute\u010dnost\u00ed uveden\u00fdch v \u017e\u00e1dosti o licenci spis. zn. RRTV\/2019\/675\/smu, \u010d.j. RRTV\/13550\/2019-smu ze dne 19. listopadu 2019, spo\u010d\u00edvaj\u00edc\u00ed ve zm\u011bn\u011b seznamu jednatel\u016f spole\u010dnosti, resp. z\u00e1nik funkce jednoho z jednatel\u016f. Rada stanovuje provozovateli lh\u016ftu k n\u00e1prav\u011b 15 dn\u016f ode dne doru\u010den\u00ed tohoto upozorn\u011bn\u00ed.<br \/>\n&#8211; Rada v r\u00e1mci sv\u00e9 kompetence dan\u00e9 ustanoven\u00edm \u00a7 5 p\u00edsm. a) a f), \u00a7 59 odst. 1 &#8211; 3 z\u00e1kona \u010d. 231\/2001 Sb., upozor\u0148uje provozovatele televizn\u00edho vys\u00edl\u00e1n\u00ed \u0161\u00ed\u0159en\u00e9ho prost\u0159ednictv\u00edm dru\u017eice Emporia Style s.r.o., I\u010c: 08122458, se s\u00eddlem: Palack\u00e9ho 70, 252 29 Dob\u0159ichovice, na poru\u0161en\u00ed ustanoven\u00ed \u00a7 32 odst. 1 p\u00edsm. r) z\u00e1kona \u010d. 231\/2001 Sb., kter\u00e9ho se dopustil t\u00edm, \u017ee Radu nepo\u017e\u00e1dal o p\u0159edchoz\u00ed souhlas s p\u0159eru\u0161en\u00edm vys\u00edl\u00e1n\u00ed programu KLENOT TV na z\u00e1klad\u011b rozhodnut\u00ed o ud\u011blen\u00ed licence sp. zn.: RRTV\/2019\/674\/smu, \u010d.j. RRTV\/13549\/2019-smu ze dne 19. listopadu 2019. Rada stanovuje lh\u016ftu k n\u00e1prav\u011b 15 dn\u016f ode dne doru\u010den\u00ed tohoto upozorn\u011bn\u00ed.<br \/>\n&#8211; Rada v r\u00e1mci sv\u00e9 kompetence dan\u00e9 ustanoven\u00edm \u00a7 5 p\u00edsm. a) a f), \u00a7 59 odst. 1 &#8211; 3 z\u00e1kona \u010d. 231\/2001 Sb. upozor\u0148uje provozovatele televizn\u00edho vys\u00edl\u00e1n\u00ed \u0161\u00ed\u0159en\u00e9ho prost\u0159ednictv\u00edm dru\u017eice Emporia Style s.r.o., I\u010c: 08122458, se s\u00eddlem: Palack\u00e9ho 70, 252 29 Dob\u0159ichovice, na poru\u0161en\u00ed ustanoven\u00ed \u00a7 21 odst. 2 z\u00e1kona \u010d. 231\/2001 Sb., kter\u00e9ho se dopustil t\u00edm, \u017ee v z\u00e1konem stanoven\u00e9<br \/>\nlh\u016ft\u011b neozn\u00e1mil Rad\u011b zm\u011bnu ostatn\u00edch skute\u010dnost\u00ed uveden\u00fdch v \u017e\u00e1dosti o licenci sp. zn. RRTV\/2019\/674\/smu, \u010d.j. RRTV\/13549\/2019-smu ze dne 19. listopadu 2019, spo\u010d\u00edvaj\u00edc\u00ed ve zm\u011bn\u011b seznamu jednatel\u016f spole\u010dnosti, resp. z\u00e1nik funkce jednoho z jednatel\u016f. Rada stanovuje provozovateli lh\u016ftu k n\u00e1prav\u011b 15 dn\u016f ode dne doru\u010den\u00ed tohoto upozorn\u011bn\u00ed.<br \/>\n&#8211; Rada se sezn\u00e1mila se \u017e\u00e1dost\u00ed spole\u010dnosti gonet.tv s.r.o., I\u010c: 116 42 467, se s\u00eddlem \u00daprkova 1\/25, P\u0159\u00edvoz, 702 00 Ostrava, ze dne 15. b\u0159ezna 2022, \u010d. j.: RRTV\/4015\/2022-vra, o obnovu spr\u00e1vn\u00edho \u0159\u00edzen\u00ed, veden\u00e9ho pod sp. zn.: RRTV\/2022\/157\/fia, o registraci p\u0159evzat\u00e9ho vys\u00edl\u00e1n\u00ed \u0161\u00ed\u0159en\u00e9ho prost\u0159ednictv\u00edm zvl\u00e1\u0161tn\u00edch p\u0159enosov\u00fdch syst\u00e9m\u016f, zah\u00e1jen\u00e9ho podle \u00a7 28 z\u00e1kona \u010d. 231\/2001 Sb., doru\u010den\u00edm p\u0159ihl\u00e1\u0161ky k registraci dne 31. ledna 2022, pod \u010d. j.: RRTV\/2010\/2022-vra.<br \/>\n&#8211; Rada ve v\u011bci \u017e\u00e1dosti spole\u010dnosti gonet.tv s.r.o., I\u010c: 116 42 467, se s\u00eddlem \u00daprkova 1\/25, P\u0159\u00edvoz, 702 00 Ostrava, ze dne 15. b\u0159ezna 2022, \u010d. j.: RRTV\/4015\/2022-vra, o obnovu zastaven\u00e9ho spr\u00e1vn\u00edho \u0159\u00edzen\u00ed, veden\u00e9ho pod sp. zn.: RRTV\/2022\/157\/fia, o registraci p\u0159evzat\u00e9ho vys\u00edl\u00e1n\u00ed \u0161\u00ed\u0159en\u00e9ho prost\u0159ednictv\u00edm zvl\u00e1\u0161tn\u00edch p\u0159enosov\u00fdch syst\u00e9m\u016f, zah\u00e1jen\u00e9ho podle \u00a7 28 z\u00e1kona \u010d. 231\/2001 Sb., doru\u010den\u00edm p\u0159ihl\u00e1\u0161ky k registraci dne 31. ledna 2022, pod \u010d. j.: RRTV\/2010\/2022-vra, rozhodla dle ustanoven\u00ed \u00a7 43 odst. 1 p\u00edsm. b) z\u00e1kona \u010d. 500\/2004 Sb. a dle ustanoven\u00ed \u00a7 66 z\u00e1kona \u010d. 231\/2001 Sb., \u017ee v\u011bc odkl\u00e1d\u00e1.<br \/>\n&#8211; Rada se dle ustanoven\u00ed \u00a7 29 odst. 3 z\u00e1kona \u010d. 231\/2001 Sb. sezn\u00e1mila s ozn\u00e1men\u00edm provozovatele p\u0159evzat\u00e9ho vys\u00edl\u00e1n\u00ed \u0161\u00ed\u0159en\u00e9ho prost\u0159ednictv\u00edm kabelov\u00fdch syst\u00e9m\u016f, NTV cable s.r.o., I\u010c: 255 00 236, se s\u00eddlem Masarykovo n\u00e1m\u011bst\u00ed 87, 763 61 Napajedla, o zm\u011bn\u011b ostatn\u00edch skute\u010dnost\u00ed uveden\u00fdch v p\u0159ihl\u00e1\u0161ce k registraci \u010d.j. Rg\/3\/98 ze dne 17. prosince 1997 (ve zn\u011bn\u00ed pozd\u011bj\u0161\u00edch zm\u011bn), spo\u010d\u00edvaj\u00edc\u00ed v roz\u0161\u00ed\u0159en\u00ed programov\u00e9 nab\u00eddky o programy: 1) televizn\u00ed \u010desk\u00e9: Prima SHOW, Prima STAR, Nova Lady; 2) rozhlasov\u00e9: a) ve\u0159ejnopr\u00e1vn\u00ed: \u010cRo Radio\u017eurn\u00e1l, \u010cRo Dvojka, \u010cRo Vltava, \u010cRo Jazz, \u010cRo Brno, \u010cRo R\u00e1dio Junior, \u010cRo Plus; b) \u010desk\u00e9, licencovan\u00e9 Radou: Radio Beat, Country Radio, Radio 1, Sign\u00e1l R\u00e1dio a Radio Spin, dle ozn\u00e1men\u00ed ze dne 18. b\u0159ezna 2022, \u010d.j.: RRTV\/4098\/2022-vra.<br \/>\n&#8211; Rada registruje provozovateli Czech Digital Group, a.s., I\u010c 258 42 609, se s\u00eddlem Skokansk\u00e1 2117\/1, B\u0159evnov, 169 00 Praha 6, dle \u00a7 29 odst. 1 p\u00edsm. c) z\u00e1kona \u010d. 231\/2001 Sb., zm\u011bnu skute\u010dnost\u00ed uv\u00e1d\u011bn\u00fdch v p\u0159ihl\u00e1\u0161ce k registraci k provozov\u00e1n\u00ed p\u0159evzat\u00e9ho rozhlasov\u00e9ho a televizn\u00ed vys\u00edl\u00e1n\u00ed \u0161\u00ed\u0159en\u00e9ho prost\u0159ednictv\u00edm vys\u00edla\u010d\u016f \u010d.j. Fia\/645\/08 ze dne 22. ledna 2008, spo\u010d\u00edvaj\u00edc\u00ed ve zm\u011bn\u011b programov\u00e9 nab\u00eddky, a to za\u0159azen\u00ed nov\u00e9ho p\u0159evzat\u00e9ho zahrani\u010dn\u00edho rozhlasov\u00e9ho programu Ukrajinsk\u00e9 Radio, v rozsahu v rozsahu dle pod\u00e1n\u00ed ze dne 9. b\u0159ezna 2022 pod \u010d.j. RRTV\/3886\/2022-vra.<br \/>\n&#8211; Rada se sezn\u00e1mila s ozn\u00e1men\u00edm provozovatele Czech Digital Group, a.s., I\u010c 258 42 609, se s\u00eddlem Skokansk\u00e1 2117\/1, B\u0159evnov, 169 00 Praha 6, o zm\u011bn\u011b ostatn\u00edch skute\u010dnost\u00ed uveden\u00fdch v p\u0159ihl\u00e1\u0161ce k registraci p\u0159evzat\u00e9ho vys\u00edl\u00e1n\u00ed \u0161\u00ed\u0159en\u00e9ho prost\u0159ednictv\u00edm vys\u00edla\u010d\u016f, \u010d.j. Fia\/645\/08 ze dne 22. ledna 2008, spo\u010d\u00edvaj\u00edc\u00ed ve zm\u011bn\u011b programov\u00e9 nab\u00eddky p\u0159evzat\u00e9ho vys\u00edl\u00e1n\u00ed za\u0159azen\u00edm nov\u00e9ho p\u0159evzat\u00e9ho zahrani\u010dn\u00edho televizn\u00edho programu, a to mezin\u00e1rodn\u00ed verze programu 1+1, v rozsahu dle pod\u00e1n\u00ed ze dne 9. b\u0159ezna 2022, \u010d.j. RRTV\/3886\/2022-vra, ve zn\u011bn\u00ed dopln\u011bn\u00ed ze dne 25. b\u0159ezna 2022, \u010d.j. RRTV\/4422\/2022-vra.<br \/>\n&#8211; Rada se sezn\u00e1mila s ozn\u00e1men\u00edm \u010d.j. RRTV\/4407\/2022-vra, doru\u010den\u00fdm Rad\u011b dne 25. b\u0159ezna 2022 od provozovatele ViacomCBS Networks International Czech s.r.o., I\u010c: 28970438, se s\u00eddlem: Perlov\u00e1 371\/5, Star\u00e9 M\u011bsto, 110 00 Praha 1, spo\u010d\u00edvaj\u00edc\u00edm v zah\u00e1jen\u00ed televizn\u00edho vys\u00edl\u00e1n\u00ed programu Nickelodeon, \u0161\u00ed\u0159en\u00e9ho prost\u0159ednictv\u00edm dru\u017eice, na z\u00e1klad\u011b rozhodnut\u00ed o ud\u011blen\u00ed licence sp. zn. RRTV\/2022\/234\/fia, \u010d.j. RRTV\/4344\/2022-fia, a to od 28. b\u0159ezna 2022.<br \/>\n&#8211; Rada konstatuje, \u017ee provozovateli M\u011bsto P\u0159ibyslav, I\u010c 002 68 097, se s\u00eddlem Bechy\u0148ovo n\u00e1m\u011bst\u00ed 1, 582 22 P\u0159ibyslav, zanikla dne 16. b\u0159ezna 2022 podle \u00a7 24, p\u00edsm. a) z\u00e1kona \u010d. 231\/2001 Sb., licence k provozov\u00e1n\u00ed televizn\u00edho vys\u00edl\u00e1n\u00ed programu TV P\u0158IBYSLAV \u0161\u00ed\u0159en\u00e9ho prost\u0159ednictv\u00edm kabelov\u00fdch syst\u00e9m\u016f, ud\u011blen\u00e1 rozhodnut\u00edm \u010d.j. FIA\/807\/2010, spis. zn.: 2010\/83\/FIA\/MPR, ze dne<br \/>\n2. b\u0159ezna 2010. O t\u00e9to skute\u010dnosti vyd\u00e1v\u00e1 Rada osv\u011bd\u010den\u00ed podle \u00a7 154 a n\u00e1sl., z\u00e1kona \u010d. 500\/2004 Sb.<br \/>\n&#8211; Rada se sezn\u00e1mila s n\u00e1sleduj\u00edc\u00edmi pod\u00e1n\u00edmi k obsahu televizn\u00edch program\u016f doru\u010den\u00fdmi v obdob\u00ed od 11. b\u0159ezna 2022 do 31. b\u0159ezna 2022 (celkem 26 pod\u00e1n\u00ed): FTV Prima, spol. s r.o. \/ Prima &#8211; Ano, \u0161\u00e9fe!; Barrandov Televizn\u00ed Studio a.s. \/ Televize Barrandov &#8211; Babica vs. Sap\u00edk, 20. 3. 2022 od 10:00 hod.; TV Nova s.r.o. \/ Nova Gold &#8211; chyb\u011bj\u00edc\u00ed logo programu u sponzora po\u0159adu, 16. 3. 2022 od 16:25 hod.; Barrandov Televizn\u00ed Studio a.s. \/ Televize Barrandov &#8211; VIP sv\u011bt Speci\u00e1l, 27. 3. 2022 od 21:00 hod.; Barrandov Televizn\u00ed Studio a.s. \/ Barrandov Krimi &#8211; Soudce Alexandr, 29. 3. 2022 od 14:35 hod.; FTV Prima, spol. s r.o. \/ Prima MAX &#8211; Ten prav\u00fd, ta prav\u00e1?, 30. 3. 2022 od 12:55 hod.; Barrandov Televizn\u00ed Studio a.s. \/ Televize Barrandov &#8211; VIP sv\u011bt, 4. 3. 2022 od 19:50 hod., Instinkty Jarom\u00edra Soukupa, 5. 3. 2022 od 20:00 hod.; Barrandov Televizn\u00ed Studio a.s. \/ Televize Barrandov &#8211; p\u0159\u00edsp\u011bvky o hudebn\u00edm producentovi Franti\u0161ku Jane\u010dkovi v po\u0159adech VIP sv\u011bt 21. \u00fanora 2022 od 20:00 hodin, VIP sv\u011bt 22. \u00fanora od 20:00 hodin, T\u00fdden podle Jarom\u00edra Soukupa 22. \u00fanora 2022 od 21:25 hodin, VIP sv\u011bt 23. \u00fanora od 20:00 hodin, VIP sv\u011bt 25. \u00fanora 2022 od 19:50 hodin, VIP sv\u011bt 26. \u00fanora 2022 od 19:50 hodin, VIP sv\u011bt 2. b\u0159ezna 2022 od 20:00 hodin, VIP sv\u011bt 3. b\u0159ezna 2022 od 20:00 hodin, VIP sv\u011bt Speci\u00e1l 6. b\u0159ezna 2022 od 21:00 hodin, VIP sv\u011bt 7. b\u0159ezna 2022 od 20:00 hodin, VIP sv\u011bt 8. b\u0159ezna 2022 od 20:00 hodin, VIP sv\u011bt 9. b\u0159ezna 2022 od 20:00 hodin, VIP sv\u011bt 10. b\u0159ezna 2022 od 20:00 hodin a VIP sv\u011bt Speci\u00e1l 13. b\u0159ezna 2022 od 21:05 hodin; O2 TV s.r.o. \/ O2 Sport a O2TV Fotbal &#8211; SK Slavia Praha-AC Sparta Praha, 6. b\u0159ezna 2022 od 17:20 hodin; FTV Prima, spol. s r.o. \/ Prima &#8211; Hlavn\u00ed zpr\u00e1vy &#8211; Petice proti o\u010dkov\u00e1n\u00ed; XTV s.r.o. &#8211; dra\u017eby v po\u0159adech na YouTube; St\u00ed\u017enost na reklamn\u00ed obsah, p\u0159ed\u00e1n\u00ed od \u010cesk\u00e9 obchodn\u00ed inspekce; Zpravodajstv\u00ed o v\u00e1lce na Ukrajin\u011b; V\u00e1le\u010dn\u00e9 po\u0159ady na programech \u010cesk\u00e9 televize; FTV Prima, spol. s r.o. \/ Prima COOL &#8211; upout\u00e1vky na film Tma p\u0159ich\u00e1z\u00ed; ViacomCBS Networks International Czech s.r.o. \/ Paramount Network &#8211; Comedy Club, 11. 3. 2022 od 22:10 hod.; FTV Prima, spol. s r.o. \/ CNN Prima News &#8211; dotaz k atent\u00e1tu na Vladimira Putina, 6. b\u0159ezna 2022, 13:00-14:00 hod.; Posun televizn\u00edho vys\u00edl\u00e1n\u00ed oproti elektronick\u00e9mu programov\u00e9mu pr\u016fvodci EPG st\u011b\u017eovatele; \u010cESK\u00c1 TELEVIZE \/ \u010cT1-\u010cT24 &#8211; Ud\u00e1losti, 25. 2. 2022 od 19:00 hod.; Nevyv\u00e1\u017een\u00e9 zpravodajstv\u00ed a chyb\u011bj\u00edc\u00ed informov\u00e1n\u00ed o demonstraci na Starom\u011bstsk\u00e9m n\u00e1m\u011bst\u00ed v Praze dne 20. b\u0159ezna 2022; \u0160L\u00c1GR TV \/ Na \u0160l\u00e1gru &#8211; 8. 9. 2021, st\u00ed\u017enost \u00da\u0159adu pro dohled nad hospoda\u0159en\u00edm politick\u00fdch stran a politick\u00fdch hnut\u00ed.<br \/>\n&#8211; Rada v r\u00e1mci sv\u00e9 kompetence dan\u00e9 \u00a7 5 p\u00edsm. a) a f) z\u00e1kona \u010d. 231\/2001 Sb., o provozov\u00e1n\u00ed rozhlasov\u00e9ho a televizn\u00edho vys\u00edl\u00e1n\u00ed a o zm\u011bn\u011b dal\u0161\u00edch z\u00e1kon\u016f, v platn\u00e9m zn\u011bn\u00ed (d\u00e1le jen \u201ez\u00e1kon \u010d. 231\/2001 Sb.\u201c) a v souladu s ustanoven\u00edm \u00a7 137 odst. 1 z\u00e1kona \u010d. 500\/2004 Sb., spr\u00e1vn\u00ed \u0159\u00e1d, (d\u00e1le jen \u201ez\u00e1kon \u010d. 500\/2004 Sb.\u201c) \u017e\u00e1d\u00e1 Barrandov Televizn\u00ed Studio a.s., I\u010c: 41693311, s\u00eddlem K\u0159\u00ed\u017eeneck\u00e9ho n\u00e1m. 322, 15200 Praha 5, o pod\u00e1n\u00ed vysv\u011btlen\u00ed, na z\u00e1klad\u011b jak\u00e9ho smluvn\u00edho ujedn\u00e1n\u00ed byl propagov\u00e1n \u010dasopis Sedmi\u010dka Retro bezprost\u0159edn\u011b p\u0159ed vys\u00edl\u00e1n\u00edm a po prvn\u00edm reklamn\u00edm p\u0159eru\u0161en\u00ed po\u0159adu Babica vs. Sap\u00edk dne 20. b\u0159ezna 2022 od 10:00 hodin na programu Televize Barrandov. Rada stanovuje lh\u016ftu k pod\u00e1n\u00ed vysv\u011btlen\u00ed 30 dn\u00ed ode dne doru\u010den\u00ed t\u00e9to v\u00fdzvy.<br \/>\n&#8211; Rada v r\u00e1mci sv\u00e9 p\u016fsobnosti dan\u00e9 ustanoven\u00edm \u00a7 5 p\u00edsm. a) a f) a \u00a7 59 odst. 1-3 z\u00e1kona \u010d. 231\/2001 Sb., o provozov\u00e1n\u00ed rozhlasov\u00e9ho a televizn\u00edho vys\u00edl\u00e1n\u00ed a o zm\u011bn\u011b dal\u0161\u00edch z\u00e1kon\u016f (d\u00e1le jen z\u00e1kon \u010d. 231\/2001 Sb.), v platn\u00e9m zn\u011bn\u00ed, upozor\u0148uje provozovatele TV Nova s.r.o., I\u010c 45800456, s\u00eddlem K\u0159\u00ed\u017eeneck\u00e9ho n\u00e1m\u011bst\u00ed 1078, Praha, PS\u010c 15200, na poru\u0161en\u00ed ustanoven\u00ed \u00a7 32 odst. 1 p\u00edsm. n) z\u00e1kona \u010d. 231\/2001 Sb., kter\u00e9ho se dopustil t\u00edm, \u017ee na programu Nova Gold u sponzora po\u0159adu DIAMizin Gurmar, odvys\u00edlan\u00e9ho p\u0159ed po\u0159adem Chcete b\u00fdt milion\u00e1\u0159em? dne 16. b\u0159ezna 2022 od 16:25 hod., neuvedl logo programu Nova Gold. Rada stanovuje lh\u016ftu k n\u00e1prav\u011b 7 dn\u00ed ode dne doru\u010den\u00ed upozorn\u011bn\u00ed.<br \/>\n&#8211; Rada v r\u00e1mci sv\u00e9 kompetence dan\u00e9 \u00a7 5 p\u00edsm. a) a f) z\u00e1kona \u010d. 231\/2001 Sb., o provozov\u00e1n\u00ed rozhlasov\u00e9ho a televizn\u00edho vys\u00edl\u00e1n\u00ed a o zm\u011bn\u011b dal\u0161\u00edch z\u00e1kon\u016f, v platn\u00e9m zn\u011bn\u00ed (d\u00e1le jen \u201ez\u00e1kon \u010d. 231\/2001 Sb.\u201c) a v souladu s ustanoven\u00edm \u00a7 137 odst. 1 z\u00e1kona \u010d. 500\/2004 Sb., spr\u00e1vn\u00ed \u0159\u00e1d, (d\u00e1le jen \u201ez\u00e1kon \u010d. 500\/2004 Sb.\u201c) \u017e\u00e1d\u00e1 provozovatele Barrandov Televizn\u00ed Studio a.s., I\u010c:<br \/>\n41693311, s\u00eddlem K\u0159\u00ed\u017eeneck\u00e9ho n\u00e1m. 322, 15200 Praha 5, o pod\u00e1n\u00ed vysv\u011btlen\u00ed, jak\u00fd produkt byl propagov\u00e1n v r\u00e1mci po\u0159adu VIP sv\u011bt Speci\u00e1l, kter\u00fd byl odvys\u00edl\u00e1n dne 27. b\u0159ezna 2022 od 21:00 hod. na programu Televize Barrandov a kter\u00fd byl na za\u010d\u00e1tku a na konci po\u0159adu ozna\u010den zna\u010dkou \u201ePP\u201c upozor\u0148uj\u00edc\u00ed na p\u0159\u00edtomnost um\u00edst\u011bn\u00ed produktu. Rada stanovuje lh\u016ftu k pod\u00e1n\u00ed vysv\u011btlen\u00ed 30 dn\u00ed ode dne doru\u010den\u00ed t\u00e9to v\u00fdzvy.<br \/>\n&#8211; Rada se sezn\u00e1mila s anal\u00fdzou z\u00e1znamu vys\u00edl\u00e1n\u00ed programu HBO 2 Adria provozovatele HBO Europe, s.r.o. ze dne 14. \u00fanora 2022 od 10:00 do 22:00 hod.<br \/>\n&#8211; Rada v r\u00e1mci sv\u00e9 kompetence dan\u00e9 \u00a7 5 p\u00edsm. a) a f) z\u00e1kona \u010d. 231\/2001 Sb., o provozov\u00e1n\u00ed rozhlasov\u00e9ho a televizn\u00edho vys\u00edl\u00e1n\u00ed a o zm\u011bn\u011b dal\u0161\u00edch z\u00e1kon\u016f, v platn\u00e9m zn\u011bn\u00ed (d\u00e1le jen \u201ez\u00e1kon \u010d. 231\/2001Sb.\u201c) a v souladu s ustanoven\u00edm \u00a7 137 odst. 1 z\u00e1kona \u010d. 500\/2004 Sb., spr\u00e1vn\u00ed \u0159\u00e1d, (d\u00e1le jen \u201ez\u00e1kon \u010d. 500\/2004 Sb.\u201c) \u017e\u00e1d\u00e1 provozovatele HBO Europe, s.r.o., I\u010c 614 66 786, se s\u00eddlem Praha 7, Jankovcova 1037\/49, PS\u010c 170 00, o pod\u00e1n\u00ed vysv\u011btlen\u00ed, jak\u00fdm zp\u016fsobem napl\u0148uje podm\u00ednku licence programu HBO 2 Adria, provozovan\u00e9ho na z\u00e1klad\u011b rozhodnut\u00ed \u010d. j. RRTV\/644\/2016-FIA (JID: RRTV-4936213) ze dne 1. b\u0159ezna 2016, ve zn\u011bn\u00ed pozd\u011bj\u0161\u00edch zm\u011bn, sp. zn. 2016\/67\/FIA\/HBO, dle n\u00ed\u017e m\u00e1 b\u00fdt hlavn\u00edm jazykem vys\u00edl\u00e1n\u00ed programu chorvat\u0161tina. Rada stanovuje lh\u016ftu pro pod\u00e1n\u00ed vysv\u011btlen\u00ed 30 dn\u00ed ode dne doru\u010den\u00ed p\u0159edm\u011btn\u00e9 \u017e\u00e1dosti.<br \/>\n&#8211; Rada se sezn\u00e1mila s anal\u00fdzou z\u00e1znamu vys\u00edl\u00e1n\u00ed programu AMC Channel Slovenia provozovatele AMC Networks Central Europe, s.r.o. ze dne 14. \u00fanora 2022 od 10:00 do 22:00 hod.<br \/>\n&#8211; Rada v r\u00e1mci sv\u00e9 p\u016fsobnosti dan\u00e9 ustanoven\u00edm \u00a7 5 p\u00edsm. a) z\u00e1kona \u010d. 231\/2001 Sb., o provozov\u00e1n\u00ed rozhlasov\u00e9ho a televizn\u00edho vys\u00edl\u00e1n\u00ed a o zm\u011bn\u011b dal\u0161\u00edch z\u00e1kon\u016f (d\u00e1le jen z\u00e1kon \u010d. 231\/2001Sb.), v platn\u00e9m zn\u011bn\u00ed, a v souladu s ustanoven\u00edm \u00a7 137 odst. 1 z\u00e1kona \u010d. 500\/2004 Sb., spr\u00e1vn\u00ed \u0159\u00e1d (d\u00e1le jen \u201ez\u00e1kon \u010d. 500\/2004 Sb.\u201c) \u017e\u00e1d\u00e1 provozovatele AMC Networks Central Europe s.r.o., I\u010c 27112501, se s\u00eddlem Pob\u0159e\u017en\u00ed 620, Praha, PS\u010c 186 00, o pod\u00e1n\u00ed vysv\u011btlen\u00ed, jak\u00fdm zp\u016fsobem je na programu AMC Channel Slovenia napl\u0148ov\u00e1n hlavn\u00ed jazyk vys\u00edl\u00e1n\u00ed, kdy\u017e jsou po\u0159ady vys\u00edl\u00e1ny v origin\u00e1ln\u00edm zn\u011bn\u00ed. Rada stanovuje lh\u016ftu k pod\u00e1n\u00ed vysv\u011btlen\u00ed 30 dn\u00ed ode dne doru\u010den\u00ed t\u00e9to v\u00fdzvy.<br \/>\n&#8211; Rada se sezn\u00e1mila s anal\u00fdzou z\u00e1znamu vys\u00edl\u00e1n\u00ed programu AMC Channel Romania provozovatele AMC Networks Central Europe, s.r.o. ze dne 14. \u00fanora 2022 od 10:00 do 22:00 hod.<br \/>\n&#8211; Rada se sezn\u00e1mila s anal\u00fdzou kontinu\u00e1ln\u00edho \u00faseku vys\u00edl\u00e1n\u00ed programu rtm plus Liberecko provozovatele Libereck\u00e1 TV s.r.o. ze dne 23. \u00fanora 2022 v \u010dasov\u00e9m \u00faseku od 10:00 do 22:00 hodin.<br \/>\n&#8211; Rada v r\u00e1mci sv\u00e9 kompetence dan\u00e9 \u00a7 5 p\u00edsm. a) z\u00e1kona \u010d. 231\/2001 Sb., o provozov\u00e1n\u00ed rozhlasov\u00e9ho a televizn\u00edho vys\u00edl\u00e1n\u00ed a o zm\u011bn\u011b dal\u0161\u00edch z\u00e1kon\u016f, v platn\u00e9m zn\u011bn\u00ed (d\u00e1le jen \u201ez\u00e1kon \u010d. 231\/2001Sb.\u201c) a v souladu s ustanoven\u00edm \u00a7 137 odst. 1 z\u00e1kona \u010d. 500\/2004 Sb., spr\u00e1vn\u00ed \u0159\u00e1d, (d\u00e1le jen \u201ez\u00e1kon \u010d. 500\/2004 Sb.\u201c) \u017e\u00e1d\u00e1 provozovatele vys\u00edl\u00e1n\u00ed Libereck\u00e1 TV s.r.o., s\u00eddlem Mr\u0161t\u00edkova 399\/2a, 460 02 Liberec III-Je\u0159\u00e1b, I\u010c: 02168987, o pod\u00e1n\u00ed vysv\u011btlen\u00ed, jak\u00fdm zp\u016fsobem uplat\u0148uje svoji redak\u010dn\u00ed odpov\u011bdnost coby provozovatel televizn\u00edho vys\u00edl\u00e1n\u00ed programu rtm plus Liberecko, kdy\u017e dle \u010dl. III. odst. Smlouvy o d\u00edlo \u201eJabloneck\u00fd magaz\u00edn\u201c (ev. \u010d. SD\/2021\/0905), uzav\u0159en\u00e9 dne 10. prosince 2021 mezi provozovatelem vys\u00edl\u00e1n\u00ed (jako zhotovitelem) a Statut\u00e1rn\u00edm m\u011bstem Jablonec nad Nisou (jako objednatelem), se provozovatel vys\u00edl\u00e1n\u00ed zavazuje zas\u00edlat objednateli fin\u00e1ln\u00ed verzi d\u00edla p\u0159ed odvys\u00edl\u00e1n\u00edm ke korektu\u0159e na konkr\u00e9tn\u011b uvedenou e-mailovou adresu, a to v\u017edy nejpozd\u011bji ka\u017ed\u00fd \u010dtvrtek do 12:00. Rada stanovuje lh\u016ftu k pod\u00e1n\u00ed vysv\u011btlen\u00ed 30 dn\u00ed ode dne doru\u010den\u00ed t\u00e9to v\u00fdzvy.<br \/>\n&#8211; Rada se sezn\u00e1mila s anal\u00fdzou kontinu\u00e1ln\u00edho z\u00e1znamu vys\u00edl\u00e1n\u00ed programu Region\u00e1ln\u00ed televize TVS provozovatele J.D.Production, s.r.o. ze dn\u016f 14. a 15. \u00fanora 2022 v \u010dasov\u00e9m \u00faseku od 00:00 do 24:00 hodin.<br \/>\n&#8211; Rada v r\u00e1mci sv\u00e9 p\u016fsobnosti dan\u00e9 ustanoven\u00edm \u00a7 5 p\u00edsm. a) a f) a \u00a7 59 odst. 1-3 z\u00e1kona \u010d. 231\/2001Sb., o provozov\u00e1n\u00ed rozhlasov\u00e9ho a televizn\u00edho vys\u00edl\u00e1n\u00ed a o zm\u011bn\u011b dal\u0161\u00edch z\u00e1kon\u016f (d\u00e1le jen z\u00e1kon \u010d. 231\/2001 Sb.), v platn\u00e9m zn\u011bn\u00ed, upozor\u0148uje provozovatele J.D.Production, s.r.o, I\u010c<br \/>\n25592939, s\u00eddlem Palack\u00e9ho n\u00e1m\u011bst\u00ed 293, Uhersk\u00e9 Hradi\u0161t\u011b, PS\u010c 68601, na poru\u0161en\u00ed ustanoven\u00ed \u00a7 32 odst. 1 p\u00edsm. l) z\u00e1kona \u010d. 231\/2001 Sb., kter\u00e9ho se dopustil t\u00edm, \u017ee na v\u00fdzvu Rady zap\u016fj\u010dil z\u00e1znamy vys\u00edl\u00e1n\u00ed programu Region\u00e1ln\u00ed televize TVS ze dn\u016f 14. a 15. \u00fanora 2022 v \u010dasov\u00e9m \u00faseku od 00:00 do 24:00 hodin, kter\u00e9 nep\u0159edstavovaly z\u00e1znamy v odvys\u00edlan\u00e9 podob\u011b a v n\u00e1le\u017eit\u00e9 technick\u00e9 kvalit\u011b. Z\u00e1znamy vys\u00edl\u00e1n\u00ed ze dne 14. \u00fanora 2022 (\u0161est hodinov\u00fdch programov\u00fdch smy\u010dek) byly ne\u00fapln\u00e9 a v jejich pr\u016fb\u011bhu doch\u00e1zelo k v\u00fdpadk\u016fm a ke ztr\u00e1t\u011b obrazu i zvuku v \u0159ad\u011b \u00fasek\u016f. Z\u00e1znamy vys\u00edl\u00e1n\u00ed ze dne 15. \u00fanora 2022 (dv\u011b hodinov\u00e9 programov\u00e9 smy\u010dky) nezachycovaly z\u00e1znamy programu v jeho odvys\u00edlan\u00e9 podob\u011b, ale z\u00e1znamy vytvo\u0159en\u00e9 dodate\u010dn\u011b, bez zobrazen\u00ed loga programu. Rada stanovuje lh\u016ftu k n\u00e1prav\u011b 30 dn\u00ed ode dne doru\u010den\u00ed upozorn\u011bn\u00ed.<br \/>\n&#8211; Rada v r\u00e1mci sv\u00e9 kompetence dan\u00e9 \u00a7 5 p\u00edsm. a) a f) z\u00e1kona \u010d. 231\/2001 Sb., o provozov\u00e1n\u00ed rozhlasov\u00e9ho a televizn\u00edho vys\u00edl\u00e1n\u00ed a o zm\u011bn\u011b dal\u0161\u00edch z\u00e1kon\u016f, v platn\u00e9m zn\u011bn\u00ed (d\u00e1le jen \u201ez\u00e1kon \u010d. 231\/2001Sb.\u201c) a v souladu s ustanoven\u00edm \u00a7 137 odst. 1 z\u00e1kona \u010d. 500\/2004 Sb., spr\u00e1vn\u00ed \u0159\u00e1d, (d\u00e1le jen \u201ez\u00e1kon \u010d. 500\/2004 Sb.\u201c) \u017e\u00e1d\u00e1 provozovatele J.D.Production, s.r.o, I\u010c 25592939, s\u00eddlem Palack\u00e9ho n\u00e1m\u011bst\u00ed 293, Uhersk\u00e9 Hradi\u0161t\u011b, PS\u010c 68601, o pod\u00e1n\u00ed vysv\u011btlen\u00ed, z jak\u00e9ho d\u016fvodu v r\u00e1mci report\u00e1\u017ee s n\u00e1zvem D\u011bti Zem\u011b napadly \u017ealobou povolen\u00ed pro stavbu d\u00e1lnice D49, odvys\u00edlan\u00e9 jako sou\u010d\u00e1st zpravodajsk\u00e9 relace Magaz\u00edn Zl\u00ednsk\u00fd kraj, dne 14. \u00fanora 2022 od 14:00 a 16:00 hodin na programu Region\u00e1ln\u00ed televize TVS, neposkytl prostor k vyj\u00e1d\u0159en\u00ed z\u00e1stupc\u016fm organizace D\u011bti Zem\u011b, resp. odp\u016frc\u016fm v\u00fdstavby d\u00e1lnice D49 tak, aby si div\u00e1ci na z\u00e1klad\u011b zhl\u00e9dnut\u00ed p\u0159\u00edsp\u011bvku m\u011bli mo\u017enost vytvo\u0159it na danou problematiku sv\u016fj vlastn\u00ed nez\u00e1visl\u00fd n\u00e1zor. Rada stanovuje lh\u016ftu k pod\u00e1n\u00ed vysv\u011btlen\u00ed 30 dn\u00ed ode dne doru\u010den\u00ed t\u00e9to v\u00fdzvy.<br \/>\n&#8211; Rada se sezn\u00e1mila s anal\u00fdzou kontinu\u00e1ln\u00edho \u00faseku vys\u00edl\u00e1n\u00ed programu TV Chodov provozovatele Kulturn\u00ed a spole\u010densk\u00e9 st\u0159edisko Chodov, s.r.o. z obdob\u00ed 14. a 15. \u00fanora 2022.<br \/>\n&#8211; Rada v r\u00e1mci sv\u00e9 kompetence dan\u00e9 \u00a7 5 p\u00edsm. a) a f) z\u00e1kona \u010d. 231\/2001 Sb., o provozov\u00e1n\u00ed rozhlasov\u00e9ho a televizn\u00edho vys\u00edl\u00e1n\u00ed a o zm\u011bn\u011b dal\u0161\u00edch z\u00e1kon\u016f, v platn\u00e9m zn\u011bn\u00ed (d\u00e1le jen \u201ez\u00e1kon \u010d. 231\/2001Sb.\u201c) a v souladu s ustanoven\u00edm \u00a7 137 odst. 1 z\u00e1kona \u010d. 500\/2004 Sb., spr\u00e1vn\u00ed \u0159\u00e1d, (d\u00e1le jen \u201ez\u00e1kon \u010d. 500\/2004 Sb.\u201c) \u017e\u00e1d\u00e1 provozovatele Kulturn\u00ed a spole\u010densk\u00e9 st\u0159edisko Chodov, s.r.o., I\u010c 26318491, se s\u00eddlem N\u00e1m\u011bst\u00ed \u010cSM 1022, Chodov, PS\u010c 357 35, o pod\u00e1n\u00ed vysv\u011btlen\u00ed, z jak\u00e9ho d\u016fvodu ozna\u010dil po\u0159ad Chodovsk\u00e9 vte\u0159iny (v\u00fdstava prac\u00ed \u017e\u00e1k\u016f Z\u0160 Husova), za\u0159azen\u00fd v r\u00e1mci audiovizu\u00e1ln\u00edho bloku dne 15. \u00fanora 2022 od 10:00 a 18:00 hodin na programu TV Chodov, jako po\u0159ad obsahuj\u00edc\u00ed obchodn\u00ed sd\u011blen\u00ed um\u00edst\u011bn\u00ed produktu, respektive jak\u00fd v\u00fdrobek \u010di slu\u017eba byly v dan\u00e9m p\u0159\u00edpad\u011b on\u00edm um\u00edst\u011bn\u00fdm produktem. Rada stanovuje lh\u016ftu k pod\u00e1n\u00ed vysv\u011btlen\u00ed 30 dn\u00ed ode dne doru\u010den\u00ed t\u00e9to v\u00fdzvy.<br \/>\n&#8211; Rada v r\u00e1mci sv\u00e9 kompetence dan\u00e9 \u00a7 5 p\u00edsm. a) a f) z\u00e1kona \u010d. 231\/2001 Sb., o provozov\u00e1n\u00ed rozhlasov\u00e9ho a televizn\u00edho vys\u00edl\u00e1n\u00ed a o zm\u011bn\u011b dal\u0161\u00edch z\u00e1kon\u016f, v platn\u00e9m zn\u011bn\u00ed (d\u00e1le jen \u201ez\u00e1kon \u010d. 231\/2001Sb.\u201c) a v souladu s ustanoven\u00edm \u00a7 137 odst. 1 z\u00e1kona \u010d. 500\/2004 Sb., spr\u00e1vn\u00ed \u0159\u00e1d, (d\u00e1le jen \u201ez\u00e1kon \u010d. 500\/2004 Sb.\u201c) \u017e\u00e1d\u00e1 provozovatele Kulturn\u00ed a spole\u010densk\u00e9 st\u0159edisko Chodov, s.r.o., I\u010c 26318491, se s\u00eddlem N\u00e1m\u011bst\u00ed \u010cSM 1022, Chodov, PS\u010c 357 35, o pod\u00e1n\u00ed vysv\u011btlen\u00ed, z jak\u00e9ho d\u016fvodu nejsou reklamn\u00ed spoty NEJ.TV, vys\u00edlan\u00e9 v r\u00e1mci audiovizu\u00e1ln\u00edho bloku dne 15. \u00fanora 2022, v \u010dasech 0:08:07, 0:42:53, 1:39:49 a 1:54:34, na programu TV Chodov, za\u0159azov\u00e1ny v reklamn\u00edm bloku, respektive pro\u010d nejsou jako reklama odd\u011blen\u00e9 a rozeznateln\u00e9, jak vy\u017eaduje ustanoven\u00ed \u00a7 49 odst. 1 p\u00edsm. a) z\u00e1kona \u010d. 231\/2001 Sb. Rada stanovuje lh\u016ftu k pod\u00e1n\u00ed vysv\u011btlen\u00ed 30 dn\u00ed ode dne doru\u010den\u00ed t\u00e9to v\u00fdzvy.<br \/>\n&#8211; Rada se sezn\u00e1mila s anal\u00fdzou kontinu\u00e1ln\u00edho \u00faseku vys\u00edl\u00e1n\u00ed programu TELEVIZE BLANSKO provozovatele JAN POPELKA z obdob\u00ed 14. a 15. \u00fanora 2022.<br \/>\n&#8211; Rada se sezn\u00e1mila s anal\u00fdzou kontinu\u00e1ln\u00edho \u00faseku vys\u00edl\u00e1n\u00ed programu INFO \u0160LAPANOV provozovatele Obec \u0160lapanov z obdob\u00ed 14. a 15. \u00fanora 2022.<br \/>\n&#8211; Rada se sezn\u00e1mila s monitoringem obsahu vys\u00edl\u00e1n\u00ed programu Infokan\u00e1l provozovatele Mikroregion Pern\u0161tejn ve dnech dne 10.-11. ledna 2022.<br \/>\n&#8211; Rada v r\u00e1mci sv\u00e9 p\u016fsobnosti dan\u00e9 ustanoven\u00edm \u00a7 5 p\u00edsm. a) a f) a \u00a7 59 odst. 13 z\u00e1kona \u010d. 231\/2001Sb., o provozov\u00e1n\u00ed rozhlasov\u00e9ho a televizn\u00edho vys\u00edl\u00e1n\u00ed a o zm\u011bn\u011b dal\u0161\u00edch z\u00e1kon\u016f (d\u00e1le jen \u201ez\u00e1kon \u010d. 231\/2001 Sb.\u201c), v platn\u00e9m zn\u011bn\u00ed, upozor\u0148uje provozovatele Mikroregion Pern\u0161tejn, I\u010c: 75123827, se s\u00eddlem Nedv\u011bdice 42, 592 62 Nedv\u011bdice, na poru\u0161en\u00ed licen\u010dn\u00edch podm\u00ednek licence ze dne 19. \u00fanora 2013, \u010d. j.: sve\/970\/2013, sp. zn.: 2012\/941\/sve\/Mik, k provozov\u00e1n\u00ed televizn\u00edho vys\u00edl\u00e1n\u00ed programu Infokan\u00e1l, kter\u00e9ho se dopustil t\u00edm, \u017ee ve dnech 10.-11. ledna 2022 vys\u00edlal programovou smy\u010dku o d\u00e9lce 7:29 minut, a\u010dkoli podle platn\u00e9ho zn\u011bn\u00ed licen\u010dn\u00edch podm\u00ednek je \u010dasov\u00fd rozsah smy\u010dky stanoven na 10-40 minut. Rada stanovuje lh\u016ftu k n\u00e1prav\u011b 60 dn\u00ed ode dne doru\u010den\u00ed tohoto upozorn\u011bn\u00ed.<br \/>\n&#8211; Rada se sezn\u00e1mila s anal\u00fdzou z\u00e1znamu vys\u00edl\u00e1n\u00ed program\u016f Infokan\u00e1l \u010cej\u010d, Infokan\u00e1l Hovorany, lnfo studio Kobyl\u00ed, Informa\u010dn\u00ed kan\u00e1l obce Nechval\u00edn, Informa\u010dn\u00ed studio obce Ostrov\u00e1nky a Informa\u010dn\u00ed centrum Tvrdonice provozovatele HC KABEL, s.r.o. ze dn\u016f 14.-15. \u00fanora 2022.<br \/>\n&#8211; Rada v r\u00e1mci sv\u00e9 p\u016fsobnosti dan\u00e9 ustanoven\u00edm \u00a7 5 p\u00edsm. a) a f) a \u00a7 59 odst. 1-3 z\u00e1kona \u010d. 231\/2001 Sb., o provozov\u00e1n\u00ed rozhlasov\u00e9ho a televizn\u00edho vys\u00edl\u00e1n\u00ed a o zm\u011bn\u011b dal\u0161\u00edch z\u00e1kon\u016f (d\u00e1le jen \u201ez\u00e1kon \u010d. 231\/2001 Sb.\u201c), v platn\u00e9m zn\u011bn\u00ed, upozor\u0148uje provozovatele HC KABEL, s.r.o., I\u010c: 27677320, s\u00eddlem: Hovorany 45, Hovorany, PS\u010c 696 12, na poru\u0161en\u00ed ustanoven\u00ed \u00a7 32 odst. 1 p\u00edsm. l) z\u00e1kona \u010d. 231\/2001 Sb., kter\u00e9ho se dopustil t\u00edm, \u017ee na p\u00edsemnou v\u00fdzvu Rady zap\u016fj\u010dil z\u00e1znamy vys\u00edl\u00e1n\u00ed program\u016f Informa\u010dn\u00ed kan\u00e1l obce Nechval\u00edn a Informa\u010dn\u00ed studio obce Ostrov\u00e1nky, kter\u00e9 nebyly z\u00e1znamy v odvys\u00edlan\u00e9 podob\u011b a n\u00e1le\u017eit\u00e9 technick\u00e9 kvalit\u011b. Nam\u00edsto po\u017eadovan\u00fdch z\u00e1znam\u016f vys\u00edl\u00e1n\u00ed program\u016f ze dn\u016f 14.-15. \u00fanora 2022 v \u010dasov\u00e9m \u00faseku 00:00-24:00 hodin Rada obdr\u017eela soubory s p\u0159\u00edponou .pptx, tedy pracovn\u00ed verze soubor\u016f ur\u010den\u00fdch k odvys\u00edl\u00e1n\u00ed. Rada stanovuje lh\u016ftu k n\u00e1prav\u011b 30 dn\u00ed ode dne doru\u010den\u00ed upozorn\u011bn\u00ed.<br \/>\n&#8211; Rada v r\u00e1mci sv\u00e9 kompetence dan\u00e9 \u00a7 5 p\u00edsm. a) z\u00e1kona \u010d. 231\/2001 Sb., o provozov\u00e1n\u00ed rozhlasov\u00e9ho a televizn\u00edho vys\u00edl\u00e1n\u00ed a o zm\u011bn\u011b dal\u0161\u00edch z\u00e1kon\u016f, v platn\u00e9m zn\u011bn\u00ed (d\u00e1le jen \u201ez\u00e1kon \u010d. 231\/2001 Sb.\u201c) a v souladu s ustanoven\u00edm \u00a7 137 odst. 1 z\u00e1kona \u010d. 500\/2004 Sb., spr\u00e1vn\u00ed \u0159\u00e1d, (d\u00e1le jen \u201ez\u00e1kon \u010d. 500\/2004 Sb.\u201c) \u017e\u00e1d\u00e1 provozovatele vys\u00edl\u00e1n\u00ed HC KABEL, s.r.o., I\u010c: 27677320, s\u00eddlem: Hovorany 45, Hovorany, PS\u010c 696 12, o pod\u00e1n\u00ed vysv\u011btlen\u00ed, na z\u00e1klad\u011b jak\u00fdch smluvn\u00edch ujedn\u00e1n\u00ed \u010di neform\u00e1ln\u00edch dohod za\u0159adil do vys\u00edl\u00e1n\u00ed videotextov\u00fdch smy\u010dek sv\u00fdch program\u016f ze dn\u016f 14.-15. \u00fanora 2022 n\u00e1sleduj\u00edc\u00ed sd\u011blen\u00ed: akce Proton ve firm\u011b Elektro Zr\u016fck\u00fd Kobyl\u00ed (lnfo studio Kobyl\u00ed, rubrika Prodej a slu\u017eby), mas\u00e1\u017ee MARTIN ve zdravotn\u00edm st\u0159edisku, slevov\u00e1 akce v prodejn\u011b Koberce Trend, slevov\u00e1 akce v prodejn\u011b WIKI, v\u00fdprodej v prodejn\u011b AHORN (v\u0161e Infokan\u00e1l \u010cej\u010d, n\u00e1zvy rubrik nejsou zn\u00e1my), respektive zda byla uveden\u00e1 sd\u011blen\u00ed odvys\u00edl\u00e1na za \u00faplatu \u010di obdobnou protihodnotu. Rada stanovuje lh\u016ftu k pod\u00e1n\u00ed vysv\u011btlen\u00ed 30 dn\u00ed ode dne doru\u010den\u00ed t\u00e9to v\u00fdzvy.<br \/>\n&#8211; Rada se sezn\u00e1mila s v\u00fdsledky anal\u00fdzy obchodn\u00edch sd\u011blen\u00ed za m\u011bs\u00edc prosinec 2021.<br \/>\n&#8211; Rada v r\u00e1mci sv\u00e9 kompetence dan\u00e9 \u00a7 7 p\u00edsm. a) z\u00e1kona \u010d. 40\/1995 Sb., o regulaci reklamy a o zm\u011bn\u011b a dopln\u011bn\u00ed z\u00e1kona \u010d. 468\/1991 Sb., o provozov\u00e1n\u00ed rozhlasov\u00e9ho a televizn\u00edho vys\u00edl\u00e1n\u00ed, ve zn\u011bn\u00ed platn\u00fdch p\u0159edpis\u016f (d\u00e1le jen \u201ez\u00e1kon \u010d. 40\/1995 Sb.\u201c), a na z\u00e1klad\u011b \u00a7 7a odst. 4) a 5) z\u00e1kona \u010d. 40\/1995 Sb. \u017e\u00e1d\u00e1 provozovatele vys\u00edl\u00e1n\u00ed, resp. \u0161i\u0159itele obchodn\u00edho sd\u011blen\u00ed, Barrandov Televizn\u00ed Studio a.s., I\u010c 41693311, s\u00eddlem Praha 5, K\u0159\u00ed\u017eeneck\u00e9ho n\u00e1m. 322, PS\u010c 15200, o sd\u011blen\u00ed objednavatele, respektive zadavatele a zpracovatele teleshoppingu s motivem Biostile &#8211; UROVIT complet, kter\u00fd byl premi\u00e9rov\u011b odvys\u00edl\u00e1n dne 1. prosince 2021 v \u010dase 8:34 hodin na programu Televize Barrandov. Rada stanovuje lh\u016ftu 15 dn\u00ed ode dne doru\u010den\u00ed t\u00e9to v\u00fdzvy.<br \/>\n&#8211; Rada coby \u00fast\u0159edn\u00ed spr\u00e1vn\u00ed \u00fa\u0159ad v r\u00e1mci sv\u00e9 kompetence dan\u00e9 ustanoven\u00edm \u00a7 7 p\u00edsm. a) z\u00e1kona \u010d. 40\/1995 Sb., o regulaci reklamy a o zm\u011bn\u011b a dopln\u011bn\u00ed z\u00e1kona \u010d. 468\/1991 Sb., o provozov\u00e1n\u00ed rozhlasov\u00e9ho a televizn\u00edho vys\u00edl\u00e1n\u00ed, ve zn\u011bn\u00ed platn\u00fdch p\u0159edpis\u016f (d\u00e1le jen \u201ez\u00e1kon \u010d. 40\/ 1995 Sb.), v souladu s ustanoven\u00edm \u00a7 78 odst. 1 z\u00e1kona \u010d. 250\/2016 Sb., z\u00e1kona o p\u0159estupc\u00edch a \u0159\u00edzen\u00edch o nich (d\u00e1le jen \u201ez\u00e1kon \u010d. 250\/2016 Sb.\u201c) rozhodla zah\u00e1jit se zadavatelem obchodn\u00edho sd\u011blen\u00ed, spole\u010dnost\u00ed Somavedic Technologies s.r.o., I\u010c 24689173, s\u00eddlem Smetanova<br \/>\n1246\/22, 410 02 Lovosice (d\u00e1le \u201eobvin\u011bn\u00fd\u201c), \u0159\u00edzen\u00ed o p\u0159estupku z moci \u00fa\u0159edn\u00ed pro mo\u017en\u00e9 poru\u0161en\u00ed \u00a7 5n odst. 1 z\u00e1kona \u010d. 40\/1995 Sb., kter\u00e9ho se mohl dopustit zad\u00e1n\u00edm reklamy, respektive teleshoppingu Somavedic, odvys\u00edlan\u00e9ho dne 5. prosince 2021 v \u010dase 13:39 &#8211; 13:44 hodin jako sou\u010d\u00e1st teleshoppingov\u00e9ho bloku s n\u00e1zvem Vychyt\u00e1vky Extra. V r\u00e1mci teleshoppingu byly propagov\u00e1ny p\u0159\u00edstroje Somavedic, kter\u00e9 dle sd\u011blen\u00ed hosta ve studiu, z\u00e1stupkyn\u011b platformy testuj.to, eliminuj\u00ed negativn\u00ed dopady elektromagnetick\u00e9ho z\u00e1\u0159en\u00ed (\u201ePrincip fungov\u00e1n\u00ed somavediku, kter\u00fd eliminuje negativn\u00ed dopady elektromagnetick\u00e9ho z\u00e1\u0159en\u00ed, vych\u00e1zej\u00ed samoz\u0159ejm\u011b i z komplexn\u00edch poznatk\u016f a mnoha let v\u00fdzkum\u016f, kter\u00e9 prob\u00edhaly u n\u00e1s i v zahrani\u010d\u00ed a vlastn\u011b p\u016fsoben\u00ed toho somavediku je na principu miner\u00e1l\u016f a vz\u00e1cn\u00fdch kamen\u016f. V ka\u017ed\u00e9m kusu je toti\u017e n\u011bkolik miner\u00e1l\u016f a drah\u00fdch kov\u016f a ka\u017ed\u00fd zast\u00e1v\u00e1 svou d\u016fle\u017eitou roli. V\u0161e je nastaveno tak\u00e9 dle \u010d\u00ednsk\u00e9 ajurv\u00e9dsk\u00e9 medic\u00edny a podle poznatk\u016f Nikola Tesly. D\u00edky syst\u00e9mu, ve kter\u00e9m jsou kameny vyskl\u00e1d\u00e1ny, tak doch\u00e1z\u00ed k p\u016fsoben\u00ed na celou dom\u00e1cnost\u201c). V p\u0159\u00edm\u00e9 souvislosti s p\u016fsoben\u00edm p\u0159\u00edstroje Somavedic je zde rovn\u011b\u017e prezentov\u00e1na osobn\u00ed zku\u0161enost hosta se sn\u00ed\u017een\u00edm nemocnosti d\u011bt\u00ed (\u201eMoje d\u011bti byly \u010dasto nemocn\u00e9 a dostal se ke mn\u011b somavedic ambr, a a\u010d jsem tomu ze za\u010d\u00e1tku ned\u00e1vala velk\u00e9 nad\u011bje, tak i p\u0159esto\u017ee u\u017e jsme vyzkou\u0161eli cokoli, tak od t\u00e9 doby, co m\u00e1me somavedik ambr doma, tak jsou na tom d\u011bti o mnoho l\u00e9pe.\u201c), \u010d\u00edm\u017e mohlo doj\u00edt k poru\u0161en\u00ed z\u00e1kazu reklamy na v\u00fdrobek c\u00edl\u00edc\u00ed na zdrav\u00ed, kter\u00fd nen\u00ed l\u00e9\u010div\u00fdm p\u0159\u00edpravkem, ani zdravotnick\u00fdm prost\u0159edkem, ani diagnostick\u00fdm zdravotnick\u00fdm prost\u0159edkem in vitro, ani potravinou pro zvl\u00e1\u0161tn\u00ed l\u00e9ka\u0159sk\u00e9 \u00fa\u010dely, kter\u00e1 nazna\u010duje, \u017ee v\u00fdrobek je l\u00e9\u010div\u00fdm p\u0159\u00edpravkem, zdravotnick\u00fdm prost\u0159edkem, diagnostick\u00fdm zdravotnick\u00fdm prost\u0159edkem in vitro nebo potravinou pro zvl\u00e1\u0161tn\u00ed l\u00e9ka\u0159sk\u00e9 \u00fa\u010dely.<br \/>\n&#8211; Rada na z\u00e1klad\u011b ustanoven\u00ed \u00a7 80 odst. 2 z\u00e1kona \u010d. 250\/2016 Sb., o odpov\u011bdnosti za p\u0159estupky a \u0159\u00edzen\u00ed o nich, odm\u00edt\u00e1 n\u00e1vrh obvin\u011bn\u00e9ho na na\u0159\u00edzen\u00ed \u00fastn\u00edho jedn\u00e1n\u00ed ve v\u011bci \u0159\u00edzen\u00ed o p\u0159estupku sp. zn. RRTV\/2021\/683\/rud, nebo\u0165 na\u0159\u00edzen\u00ed \u00fastn\u00edho jedn\u00e1n\u00ed nen\u00ed nezbytn\u00e9 k uplatn\u011bn\u00ed pr\u00e1v obvin\u011bn\u00e9ho.<br \/>\n&#8211; Rada jako\u017eto \u00fast\u0159edn\u00ed spr\u00e1vn\u00ed \u00fa\u0159ad, v r\u00e1mci sv\u00e9 kompetence dan\u00e9 \u00a7 7 p\u00edsm. a) z\u00e1kona \u010d. 40\/1995 Sb., o regulaci reklamy a o zm\u011bn\u011b a dopln\u011bn\u00ed z\u00e1kona \u010d. 468\/1991 Sb., o provozov\u00e1n\u00ed rozhlasov\u00e9ho a televizn\u00edho vys\u00edl\u00e1n\u00ed, ve zn\u011bn\u00ed platn\u00fdch p\u0159edpis\u016f, (d\u00e1le jen \u201ez\u00e1kon \u010d. 40\/1995 Sb.\u201c), a ustanoven\u00ed \u00a7 45 z\u00e1kona \u010d. 250\/2016 Sb., o odpov\u011bdnosti za p\u0159estupky a \u0159\u00edzen\u00ed o nich (d\u00e1le jen \u201ez\u00e1kon \u010d. 250\/2016 Sb.\u201c), v platn\u00e9m zn\u011bn\u00ed, vydala dne 12. dubna 2022 n\u00e1sleduj\u00edc\u00ed rozhodnut\u00ed:<br \/>\nI. Obvin\u011bn\u00e1 spole\u010dnost Mountfield a.s., I\u010c: 25620991, se s\u00eddlem Mnichovice, Miro\u0161ovick\u00e1 697, PS\u010c 251 64, se uzn\u00e1v\u00e1 vinnou ze sp\u00e1ch\u00e1n\u00ed p\u0159estupku poru\u0161en\u00edm ustanoven\u00ed \u00a7 2 odst. 1 p\u00edsm. b) z\u00e1kona \u010d. 40\/1995 Sb., respektive ustanoven\u00ed \u00a7 5 odst. 2 p\u00edsm. d) z\u00e1kona \u010d. 634\/1992 Sb., kter\u00e9ho se dopustila zad\u00e1n\u00edm reklamn\u00edho spotu s motivem \u201eMountfield-Slav\u00edme 30. v\u00fdro\u010d\u00ed\u201c, kter\u00fd byl odvys\u00edl\u00e1n dne 4. \u010dervna 2021 od 21:30 hodin na programu Prima a kter\u00fd je nekalou obchodn\u00ed praktikou, nebo\u0165 v reklam\u011b byla u obr\u00e1zku zahradn\u00edho grilu zna\u010dky Char-Broil, typ Professional 4400S, u n\u011bho\u017e prodejce na internetov\u00fdch str\u00e1nk\u00e1ch uv\u00e1d\u00ed p\u016fvodn\u00ed cenu 35 900 K\u010d, uvedena ak\u010dn\u00ed cena 4 990 K\u010d, kter\u00e1 se v\u0161ak vztahovala ke zcela jin\u00e9mu grilu, jin\u00e9ho typu i zna\u010dky, kter\u00fd se v reklam\u011b v\u016fbec neobjevil. Reklama tak mohla v\u00e9st spot\u0159ebitele k rozhodnut\u00ed ohledn\u011b koup\u011b, kter\u00e9 by jinak neu\u010dinil, a sice k rozhodnut\u00ed zaj\u00edt do obchodu Mountfield se z\u00e1m\u011brem zakoupit v reklam\u011b prezentovan\u00fd gril, o kter\u00e9m se domn\u00edval, \u017ee jeho cena je 4 990 K\u010d, kdy\u017e ve skute\u010dnosti byla n\u00e1sobn\u011b vy\u0161\u0161\u00ed. II. Rada dle ustanoven\u00ed \u00a7 45 z\u00e1kona \u010d. 250\/2016 Sb., ukl\u00e1d\u00e1 pachateli, spole\u010dnosti Mountfield a.s., I\u010c: 25620991, se s\u00eddlem Mnichovice, Miro\u0161ovick\u00e1 697, PS\u010c 251 64, spr\u00e1vn\u00ed trest ve form\u011b napomenut\u00ed, kter\u00fdm se pachatel v\u00fdslovn\u011b upozor\u0148uje na d\u016fsledky sv\u00e9ho protipr\u00e1vn\u00edho jedn\u00e1n\u00ed, kter\u00e9 mu hroz\u00ed v p\u0159\u00edpad\u011b opakov\u00e1n\u00ed v\u00fd\u0161e uveden\u00e9ho protipr\u00e1vn\u00edho jedn\u00e1n\u00ed, a to trest ve form\u011b pen\u011b\u017eit\u00e9 sankce. Pachateli je mo\u017en\u00e9 v budoucnu ulo\u017eit pokutu a\u017e ve v\u00fd\u0161i 5 000 000 K\u010d.<br \/>\nIII. V souladu s ustanoven\u00edm \u00a7 95 odst. 1 z\u00e1kona \u010d. 250\/2016 Sb., a \u00a7 6 vyhl\u00e1\u0161ky \u010d. 520\/2005 Sb., ukl\u00e1d\u00e1 Rada pachateli povinnost uhradit pau\u0161\u00e1ln\u00ed \u010d\u00e1stku n\u00e1klad\u016f \u0159\u00edzen\u00ed ve v\u00fd\u0161i 1 000 K\u010d na \u00fa\u010det \u010d. 3711-19223001\/0710, variabiln\u00ed symbol 2021683. \u00dahrada n\u00e1klad\u016f je splatn\u00e1 do p\u011bti pracovn\u00edch dn\u016f ode dne doru\u010den\u00ed tohoto rozhodnut\u00ed.<br \/>\n&#8211; Rada v r\u00e1mci sv\u00e9 p\u016fsobnosti dan\u00e9 ustanoven\u00edm \u00a7 5 p\u00edsm. a) a f) z\u00e1kona \u010d. 231\/2001 Sb., o provozov\u00e1n\u00ed rozhlasov\u00e9ho a televizn\u00edho vys\u00edl\u00e1n\u00ed a o zm\u011bn\u011b dal\u0161\u00edch z\u00e1kon\u016f (d\u00e1le jen \u201ez\u00e1kon \u010d. 231\/2001 Sb.\u201c), v platn\u00e9m zn\u011bn\u00ed a podle ustanoven\u00ed \u00a7 86 odst. 1 p\u00edsm. h) z\u00e1kona \u010d. 250\/2016 Sb., o odpov\u011bdnosti za p\u0159estupky a \u0159\u00edzen\u00ed o nich, vydala toto usnesen\u00ed: Rada zastavuje s provozovatelem televizn\u00edho vys\u00edl\u00e1n\u00ed, O2 TV s.r.o., I\u010c 039 98 3801, se s\u00eddlem Za Brumlovkou 266\/2, Praha 4 Michle, PS\u010c 140 00, \u0159\u00edzen\u00ed o p\u0159estupku veden\u00e9 pro poru\u0161en\u00ed ustanoven\u00ed \u00a7 49 odst. 1 p\u00edsm. c) z\u00e1kona \u010d. 231\/2001 Sb., jeho\u017e se dopustil odvys\u00edl\u00e1n\u00edm virtu\u00e1ln\u00edho obchodn\u00edho sd\u011blen\u00ed um\u00edst\u011bn\u00e9ho na div\u00e1ky na tribun\u011b za jednou z branek, kter\u00e9 inzerovalo zna\u010dku \u201eClavin Collection\u201c a ve vys\u00edl\u00e1n\u00ed se objevilo dne 14. srpna 2021 b\u011bhem fotbalov\u00e9ho z\u00e1pasu Bohemians-Sparta v \u010dasech od 19:28:13 do 19:28:18 hod., od 20:16:07 do 20:16:12 hod., od 20:57:30 do 20:57:34 hod. a od 21:47:19 do 21:47:24 hod. na programu O2 Sport, nebo\u0165 nebyla spln\u011bna podm\u00ednka p\u0159edchoz\u00edho typov\u011b shodn\u00e9ho upozorn\u011bn\u00ed na poru\u0161en\u00ed z\u00e1kona dle ustanoven\u00ed \u00a7 59 odst. 1 z\u00e1kona \u010d. 231\/2001 Sb.<br \/>\n&#8211; Rada v r\u00e1mci sv\u00e9 p\u016fsobnosti dan\u00e9 ustanoven\u00edm \u00a7 5 p\u00edsm. a) a f) a \u00a7 59 odst. 1-3 z\u00e1kona \u010d. 231\/2001 Sb., o provozov\u00e1n\u00ed rozhlasov\u00e9ho a televizn\u00edho vys\u00edl\u00e1n\u00ed a o zm\u011bn\u011b dal\u0161\u00edch z\u00e1kon\u016f (d\u00e1le jen \u201ez\u00e1kon \u010d. 231\/2001 Sb.\u201c), v platn\u00e9m zn\u011bn\u00ed, upozor\u0148uje provozovatele televizn\u00edho vys\u00edl\u00e1n\u00ed, O2 TV s.r.o., I\u010c 039 98 3801, se s\u00eddlem Za Brumlovkou 266\/2, Praha 4 Michle, PS\u010c 140 00, na poru\u0161en\u00ed ustanoven\u00ed \u00a7 49 odst. 1 p\u00edsm. c) z\u00e1kona \u010d. 231\/2001 Sb., kter\u00e9ho se dopustil odvys\u00edl\u00e1n\u00edm virtu\u00e1ln\u00edho obchodn\u00edho sd\u011blen\u00ed um\u00edst\u011bn\u00e9ho na div\u00e1ky na tribun\u011b za jednou z branek, kter\u00e9 inzerovalo zna\u010dku \u201eClavin Collection\u201c a ve vys\u00edl\u00e1n\u00ed se objevilo dne 14. srpna 2021 b\u011bhem fotbalov\u00e9ho z\u00e1pasu Bohemians-Sparta v \u010dasech od 19:28:13 do 19:28:18 hod., od 20:16:07 do 20:16:12 hod., od 20:57:30 do 20:57:34 hod. a od 21:47:19 do 21:47:24 hod. na programu O2 Sport, \u010d\u00edm\u017e poru\u0161il povinnost zajistit, aby obchodn\u00ed sd\u011blen\u00ed t\u00fdkaj\u00edc\u00ed se erotick\u00fdch slu\u017eeb, erotick\u00fdch v\u00fdrobk\u016f a hum\u00e1nn\u00edch l\u00e9\u010div\u00fdch p\u0159\u00edpravk\u016f nebo dopl\u0148k\u016f stravy na podporu sexu\u00e1ln\u00ed v\u00fdkonnosti nebyly za\u0159azov\u00e1ny do vys\u00edl\u00e1n\u00ed v dob\u011b od 06.00 hodin do 22.00 hodin. Rada stanovuje lh\u016ftu k n\u00e1prav\u011b 7 dn\u016f od doru\u010den\u00ed upozorn\u011bn\u00ed.<br \/>\n&#8211; Rada se sezn\u00e1mila s podan\u00fdm vysv\u011btlen\u00edm provozovatele Karla Soukupa, z jak\u00e9ho d\u016fvodu vys\u00edl\u00e1n\u00ed programu Duha ve dnech 19. a 20. \u0159\u00edjna 2021 neobsahovalo videotextov\u00e9 informace o kulturn\u00edch a sportovn\u00edch akc\u00edch a dal\u0161\u00ed po\u0159ady (diskuse s v\u00fdznamn\u00fdmi osobnostmi a hosty regionu, z\u00e1bavn\u00e9 a sout\u011b\u017en\u00ed po\u0159ady vlastn\u00ed produkce \u010di upraven\u00e9 p\u0159\u00edsp\u011bvky obyvatel m\u011bsta), jak stoj\u00ed v licen\u010dn\u00edch podm\u00ednk\u00e1ch.<br \/>\n&#8211; Rada se sezn\u00e1mila s podan\u00fdm vysv\u011btlen\u00edm provozovatele Karla Soukupa, zda j\u00edm poskytnut\u00fd z\u00e1znam odpov\u00edd\u00e1 z\u00e1znamu programu Duha ze dn\u016f 19. a 20. \u0159\u00edjna 2021 v odvys\u00edlan\u00e9 podob\u011b, nebo\u0165 z\u00e1znam j\u00edm dodan\u00fd nese v kalend\u00e1\u0159i vyzna\u010den\u00e9 datum 11. \u0159\u00edjna 2021.<br \/>\n&#8211; Rada se sezn\u00e1mila s reakc\u00ed provozovatele Digital Broadcasting s.r.o., na upozorn\u011bn\u00ed na poru\u0161en\u00ed z\u00e1kona, kter\u00e9ho se dopustil t\u00edm, \u017ee div\u00e1k\u016fm neumo\u017enil, p\u0159\u00edm\u00fd a trval\u00fd p\u0159\u00edstup k informaci, \u017ee org\u00e1nem dohledu nad vys\u00edl\u00e1n\u00edm programu Televize p\u0159es ant\u00e9nu je Rada.<br \/>\n&#8211; Rada se sezn\u00e1mila s rozsudkem Nejvy\u0161\u0161\u00edho spr\u00e1vn\u00edho soudu ze dne 23. b\u0159ezna 2022, \u010d.j. 7 As 392\/2019, kter\u00fdm byl zru\u0161en rozsudek M\u011bstsk\u00e9ho soudu v Praze ze dne 29. \u0159\u00edjna 2019, \u010d.j. 10A 11\/2016, kter\u00fd zru\u0161il rozhodnut\u00ed Rady ze dne 20. \u0159\u00edjna 2015, sp. zn. 2015\/566\/RUD\/\u010cES, \u010d.j. RRTV\/3903\/2015-RUD, j\u00edm\u017e byla provozovateli televizn\u00edho vys\u00edl\u00e1n\u00ed \u010cesk\u00e1 televize, I\u010c 00027383, s\u00eddlem Praha 4 Kav\u010d\u00ed hory, PS\u010c 140 70, ulo\u017eena pokuta ve v\u00fd\u0161i 350 000 K\u010d pro poru\u0161en\u00ed \u00a7 53a odst. 2 p\u00edsm. c) z\u00e1kona \u010d. 231\/2001 Sb., kter\u00e9ho se dopustil odvys\u00edl\u00e1n\u00edm po\u0159adu Hokejov\u00e9 poledne dne 7. kv\u011btna 2015 v \u010dase 12:00 hodin na programu \u010cT sport, kter\u00fd obsahoval nepat\u0159i\u010dn\u011b zd\u016frazn\u011bn\u00e9 um\u00edst\u011bn\u00ed produktu McDonalds<br \/>\n&#8211; Rada se sezn\u00e1mila s usnesen\u00edm Nejvy\u0161\u0161\u00edho spr\u00e1vn\u00edho soudu ze dne 25. \u00fanora 2022, \u010d.j. 8 As 256\/2021, kter\u00fdm byla odm\u00edtnuta kasa\u010dn\u00ed st\u00ed\u017enost spole\u010dnosti TELEMEDIA INTERACTV PRODUCTION HOME LIMITED, VAT: CY10147566V se s\u00eddlem ARCH. MAKARIOS III, NEOCLEOUS HOUSE, P.C. 3030, LIMASSOL, CYPRUS, proti rozsudku M\u011bstsk\u00e9ho soudu v<br \/>\nPraze ze dne 13. \u010dervence 2021, \u010d.j. 10A 58\/2018, kter\u00fdm byla zam\u00edtnuta \u017ealoba t\u00e9to spole\u010dnosti proti rozhodnut\u00ed Rady, j\u00edm\u017e j\u00ed byla ulo\u017eena pokuta ve v\u00fd\u0161i 200 000 K\u010d za poru\u0161en\u00ed ustanoven\u00ed \u00a7 2 odst. 1 p\u00edsm. b) z\u00e1kona \u010d. 40\/1995 Sb., kter\u00e9ho se dopustila zad\u00e1n\u00edm teleshoppingov\u00e9ho bloku Linka l\u00e1sky, odvys\u00edlan\u00e9ho dne 21. srpna 2017 v \u010dase od 10:10 do 11:11 hodin na programu JOJ Family, kter\u00fd byl nekalou obchodn\u00ed praktikou podle ustanoven\u00ed \u00a7 4 odst. 1 z\u00e1kona \u010d. 634\/1992 Sb., o ochran\u011b spot\u0159ebitele.<br \/>\nAUDIOVIZU\u00c1LN\u00cd MEDI\u00c1LN\u00cd SLU\u017dBY NA VY\u017d\u00c1D\u00c1N\u00cd<br \/>\n&#8211; Rada se sezn\u00e1mila s podan\u00fdm vysv\u011btlen\u00edm poskytovatele audiovizu\u00e1ln\u00edch medi\u00e1ln\u00edch slu\u017eeb na vy\u017e\u00e1d\u00e1n\u00ed Televizeseznam.cz, um\u00edst\u011bn\u00e9 na internetov\u00e9 adrese www.televizeseznam.cz, Seznam Zpr\u00e1vy, um\u00edst\u011bn\u00e9 na internetov\u00e9 adrese www.seznam.cz\/zpravy a Stream.cz, um\u00edst\u011bn\u00e9 na internetov\u00e9 adrese www.stream.cz, spole\u010dnost\u00ed Seznam.cz, a.s., I\u010c 261 68 685, se s\u00eddlem Radlick\u00e1 3294\/10, Praha, PS\u010c 150 00, z jak\u00e9ho d\u016fvodu nep\u0159edlo\u017eil Rad\u011b zpr\u00e1vu o zp\u016fsobu pln\u011bn\u00ed povinnosti stanoven\u00e9 ust. \u00a7 7 odst. 1, 2 z\u00e1kona \u010d. 132\/2010 Sb., o audiovizu\u00e1ln\u00edch medi\u00e1ln\u00edch slu\u017eb\u00e1ch na vy\u017e\u00e1d\u00e1n\u00ed.<br \/>\nOSTATN\u00cd<br \/>\n&#8211; Rada schvaluje program konference M\u00e9dia d\u011btem, m\u00e9dia s d\u011btmi, kter\u00e1 se uskute\u010dn\u00ed v r\u00e1mci ZL\u00cdN FILM FESTIVAL 2022.<br \/>\n&#8211; Rada se sezn\u00e1mila s pozv\u00e1nkou na 6. sch\u016fzi volebn\u00edho v\u00fdboru, kter\u00e1 se kon\u00e1 dne 14. dubna 2022.<br \/>\n&#8211; Rada se sezn\u00e1mila s p\u0159ehledem odpov\u011bd\u00ed poskytnut\u00fdch podle z\u00e1kona \u010d.106\/1999 Sb.<br \/>\nV Praze dne 14. 4. 2022<br \/>\nIng. arch. V\u00e1clav Mencl<br \/>\np\u0159edseda Rady pro rozhlasov\u00e9<br \/>\na televizn\u00ed vys\u00edl\u00e1n\u00ed<br \/>\nkontakt: podatelna@rrtv.cz<br \/>\n274 813 830<\/p>\n","protected":false},"excerpt":{"rendered":"<p>Rada pro rozhlasov\u00e9 a televizn\u00ed vys\u00edl\u00e1n\u00ed (d\u00e1le jen &#8222;Rada&#8220;) na sv\u00e9m 6. zased\u00e1n\u00ed projednala 43 bod\u016f programu. Vyhodnotila 30 st\u00ed\u017enost\u00ed div\u00e1k\u016f a poslucha\u010d\u016f, vydala 15 upozorn\u011bn\u00ed na poru\u0161en\u00ed z\u00e1kona, rozhodla o zah\u00e1jen\u00ed jednoho \u0159\u00edzen\u00ed o p\u0159estupku.<\/p>\n","protected":false},"author":1,"featured_media":0,"comment_status":"open","ping_status":"open","sticky":false,"template":"","format":"standard","meta":{"ngg_post_thumbnail":0,"footnotes":""},"categories":[11],"tags":[],"class_list":["post-12640","post","type-post","status-publish","format-standard","hentry","category-ozvena"],"_links":{"self":[{"href":"https:\/\/www.ladislavjakl.cz\/index.php?rest_route=\/wp\/v2\/posts\/12640","targetHints":{"allow":["GET"]}}],"collection":[{"href":"https:\/\/www.ladislavjakl.cz\/index.php?rest_route=\/wp\/v2\/posts"}],"about":[{"href":"https:\/\/www.ladislavjakl.cz\/index.php?rest_route=\/wp\/v2\/types\/post"}],"author":[{"embeddable":true,"href":"https:\/\/www.ladislavjakl.cz\/index.php?rest_route=\/wp\/v2\/users\/1"}],"replies":[{"embeddable":true,"href":"https:\/\/www.ladislavjakl.cz\/index.php?rest_route=%2Fwp%2Fv2%2Fcomments&post=12640"}],"version-history":[{"count":1,"href":"https:\/\/www.ladislavjakl.cz\/index.php?rest_route=\/wp\/v2\/posts\/12640\/revisions"}],"predecessor-version":[{"id":12641,"href":"https:\/\/www.ladislavjakl.cz\/index.php?rest_route=\/wp\/v2\/posts\/12640\/revisions\/12641"}],"wp:attachment":[{"href":"https:\/\/www.ladislavjakl.cz\/index.php?rest_route=%2Fwp%2Fv2%2Fmedia&parent=12640"}],"wp:term":[{"taxonomy":"category","embeddable":true,"href":"https:\/\/www.ladislavjakl.cz\/index.php?rest_route=%2Fwp%2Fv2%2Fcategories&post=12640"},{"taxonomy":"post_tag","embeddable":true,"href":"https:\/\/www.ladislavjakl.cz\/index.php?rest_route=%2Fwp%2Fv2%2Ftags&post=12640"}],"curies":[{"name":"wp","href":"https:\/\/api.w.org\/{rel}","templated":true}]}}