{"id":12657,"date":"2022-05-10T09:22:59","date_gmt":"2022-05-10T07:22:59","guid":{"rendered":"https:\/\/www.ladislavjakl.cz\/?p=12657"},"modified":"2022-05-10T09:36:36","modified_gmt":"2022-05-10T07:36:36","slug":"tiskova-zprava-ze-7-zasedani-rady-konaneho-dne-26-4-2022","status":"publish","type":"post","link":"https:\/\/www.ladislavjakl.cz\/?p=12657","title":{"rendered":"Tiskov\u00e1 zpr\u00e1va ze 7. zased\u00e1n\u00ed Rady, konan\u00e9ho dne 26. 4. 2022"},"content":{"rendered":"<p>Rada pro rozhlasov\u00e9 a televizn\u00ed vys\u00edl\u00e1n\u00ed (d\u00e1le jen &#8222;Rada&#8220;) na sv\u00e9m 7. zased\u00e1n\u00ed projednala 36 bod\u016f programu. Vyhodnotila 13 st\u00ed\u017enost\u00ed div\u00e1k\u016f a poslucha\u010d\u016f, vydala 19 upozorn\u011bn\u00ed na poru\u0161en\u00ed<br \/>\nz\u00e1kona.<\/p>\n<p><!--more--><br \/>\nRada uznala obvin\u011bn\u00e9ho provozovatele Petra Uhera vinn\u00fdm z poru\u0161en\u00ed \u00a7 32 odst. 1 p\u00edsm. l) z\u00e1kona \u010d. 231\/2001 Sb., kter\u00e9ho se dopustil t\u00edm, \u017ee neposkytl Rad\u011b na jej\u00ed vy\u017e\u00e1d\u00e1n\u00ed z\u00e1znam vys\u00edl\u00e1n\u00ed programu Fenix ze dn\u016f 24. b\u0159ezna 2021, 26.- 27. b\u0159ezna 2021 a 14. dubna 2021, v\u017edy v \u010dasov\u00e9m \u00faseku od 00.00 do 24.00 hodin, a ani z\u00e1znam vys\u00edl\u00e1n\u00ed programu Fenix ze dn\u016f 28. &#8211; 29. \u010dervna 2021 od 00.00 do 24.00 hodin, kter\u00fd byl vy\u017e\u00e1d\u00e1n v r\u00e1mci upozorn\u011bn\u00ed na poru\u0161en\u00ed z\u00e1kona jako alternativn\u00ed. V souladu s \u00a7 43 odst. 2 z\u00e1kona \u010d. 250\/2016 Sb., Rada upustila od ulo\u017een\u00ed spr\u00e1vn\u00edho trestu, nebo\u0165 vzhledem k okolnostem sp\u00e1ch\u00e1n\u00ed p\u0159estupku lze d\u016fvodn\u011b o\u010dek\u00e1vat, \u017ee ji\u017e samotn\u00e9 projedn\u00e1n\u00ed v\u011bci p\u0159ed spr\u00e1vn\u00edm org\u00e1nem posta\u010d\u00ed k jeho n\u00e1prav\u011b.<\/p>\n<p>Rada na sv\u00e9m 7. zased\u00e1n\u00ed ud\u011blila dv\u011b licence k provozov\u00e1n\u00ed rozhlasov\u00e9ho vys\u00edl\u00e1n\u00ed, a to jednu licenci provozovateli MEDIA BOHEMIA a.s. k provozov\u00e1n\u00ed rozhlasov\u00e9ho vys\u00edl\u00e1n\u00ed prost\u0159ednictv\u00edm vys\u00edla\u010d\u016f se souborem technick\u00fdch parametr\u016f Pardubice Polabiny 94,5 MHz \/ 100 W pro program Fajn radio a jednu licenci spole\u010dnosti R\u00e1dio Ukrajina s.r.o. k provozov\u00e1n\u00ed zemsk\u00e9ho digit\u00e1ln\u00edho rozhlasov\u00e9ho vys\u00edl\u00e1n\u00ed \u0161\u00ed\u0159en\u00e9ho prost\u0159ednictv\u00edm vys\u00edla\u010d\u016f pro program R\u00e1dio Ukrajina. Podrobn\u011bj\u0161\u00ed informace naleznete v p\u0159episech usnesen\u00ed Rady:<\/p>\n<p><strong>ROZHLASOV\u00c9 VYS\u00cdL\u00c1N\u00cd<\/strong><br \/>\n&#8211; Rada v souladu s ustanoven\u00edmi \u00a7 5 p\u00edsm. b), \u00a7 12 a \u00a7 25 z\u00e1kona \u010d. 231\/2001 Sb., o provozov\u00e1n\u00ed rozhlasov\u00e9ho a televizn\u00edho vys\u00edl\u00e1n\u00ed a o zm\u011bn\u011b dal\u0161\u00edch z\u00e1kon\u016f, v platn\u00e9m zn\u011bn\u00ed a ustanoven\u00edm \u00a7 67 z\u00e1kona \u010d. 500\/2004 Sb., spr\u00e1vn\u00edho \u0159\u00e1du, vyd\u00e1v\u00e1 toto rozhodnut\u00ed: Rada ud\u011bluje spole\u010dnosti R\u00c1DIO UKRAJINA s.r.o., se s\u00eddlem Wuchterlova 1609\/8, Dejvice, 160 00 Praha 6, licenci k provozov\u00e1n\u00ed zemsk\u00e9ho digit\u00e1ln\u00edho rozhlasov\u00e9ho vys\u00edl\u00e1n\u00ed programu R\u00c1DIO UKRAJINA, \u0161\u00ed\u0159en\u00e9ho prost\u0159ednictv\u00edm vys\u00edla\u010d\u016f. Licence se ud\u011bluje na dobu ur\u010ditou, a to na dobu 8 let od pr\u00e1vn\u00ed moci tohoto rozhodnut\u00ed.<br \/>\n&#8211; Rada v r\u00e1mci sv\u00e9 p\u016fsobnosti dan\u00e9 ustanoven\u00edm \u00a7 5 p\u00edsm. b) z\u00e1kona \u010d. 231\/2001 Sb., o provozov\u00e1n\u00ed rozhlasov\u00e9ho a televizn\u00edho vys\u00edl\u00e1n\u00ed a o zm\u011bn\u011b dal\u0161\u00edch z\u00e1kon\u016f (d\u00e1le jen z\u00e1kon \u010d. 231\/2001 Sb.),&nbsp; podle ustanoven\u00ed \u00a7 12 &#8211; 19 z\u00e1kona \u010d. 231\/2001 Sb. a podle ustanoven\u00ed \u00a7 67 &#8211; 69 z\u00e1kona \u010d. 500\/2004 Sb., spr\u00e1vn\u00edho \u0159\u00e1du, vydala dne 26. dubna 2022 toto rozhodnut\u00ed: Rada ud\u011bluje spole\u010dnosti&nbsp; MEDIA BOHEMIA a.s., I\u010c: 26765586, se s\u00eddlem B\u011blehradsk\u00e1 299\/132, Vinohrady, 120 00 Praha 2, licenci k provozov\u00e1n\u00ed rozhlasov\u00e9ho vys\u00edl\u00e1n\u00ed \u0161\u00ed\u0159en\u00e9ho prost\u0159ednictv\u00edm vys\u00edla\u010d\u016f se souborem technick\u00fdch parametr\u016f Pardubice Polabiny 94,5 MHz \/ 100 W, sou\u0159adnice WGS 84: 15 45 26 \/ 50 02 46, pro program Fajn radio s dobou platnosti do 10. \u0159\u00edjna 2025 a zam\u00edt\u00e1 \u017e\u00e1dost druh\u00e9ho \u017eadatele.<br \/>\n&#8211; Rada v r\u00e1mci \u0159\u00edzen\u00ed o p\u0159estupku se zpracovatelem reklamy sp.zn. 2021\/673\/blu provedla d\u016fkaz vyslechnut\u00edm reklamy na on-line l\u00e9k\u00e1rnu l\u00e9k\u00e1rna.cz a p\u0159\u00edpravek Essentiale, kter\u00e1 byla odvys\u00edl\u00e1na 2 dne 7. kv\u011btna 2021 v \u010dase 08:28:19 hod. na programu Radio Spin (Praha 96,2 MHz) provozovatele RADIO UNITED BROADCASTING s.r.o.<br \/>\n&#8211; Rada v r\u00e1mci \u0159\u00edzen\u00ed o p\u0159estupku se zpracovatelem reklamy sp.zn. 2022\/28\/blu provedla d\u016fkaz vyslechnut\u00edm reklamy na on-line l\u00e9k\u00e1rnu l\u00e9k\u00e1rna.cz a p\u0159\u00edpravek Prostamol Uno, kter\u00e1 byla odvys\u00edl\u00e1na dne 15. \u010dervna 2021 v \u010dase 07:25:29 hod. na programu Rock Zone 105,9 (Praha 105,9 MHz) provozovatele LONDA spol. s r.o.<br \/>\n&#8211; Rada se sezn\u00e1mila s p\u0159edb\u011b\u017enou koordinac\u00ed spo\u010d\u00edvaj\u00edc\u00ed ve stanoven\u00ed po\u010dtu obyvatel \u010cR pokryt\u00fdch sign\u00e1lem a \u00fazemn\u00edm rozsahem vys\u00edl\u00e1n\u00ed p\u0159ed zm\u011bnou a po zm\u011bn\u011b kmito\u010dtu, v\u00fdkonu a stanovi\u0161t\u011b T\u0159eb\u00ed\u010d 106,7 MHz \/ 200 W na kmito\u010det T\u0159eb\u00ed\u010d 106,2 MHz \/ 100 W, sou\u0159adnice WGS 84: 15 52 24 \/ 49 12 36, \u017eadatele EVROPA 2, spol. s r.o., I\u010c: 15891283, se s\u00eddlem Wenzigova 4\/1872, Praha 2, PS\u010c 120 00, program EVROPA 2 (licence \u010d.j.: Ru\/113\/01\/1425) a souhlas\u00ed s dokon\u010den\u00edm p\u0159edm\u011btn\u00e9 koordinace.<br \/>\n&#8211; Rada vyhla\u0161uje licen\u010dn\u00ed \u0159\u00edzen\u00ed k provozov\u00e1n\u00ed rozhlasov\u00e9ho vys\u00edl\u00e1n\u00ed prost\u0159ednictv\u00edm vys\u00edla\u010d\u016f se soubory technick\u00fdch parametr\u016f Doma\u017elice Vav\u0159inec 103,0 MHz \/ 100 W, sou\u0159adnice WGS 84: 12<br \/>\n54 33 \/ 49 25 11; Karlovy Vary s\u00eddli\u0161t\u011b 105,0 MHz \/ 200 W, sou\u0159adnice WGS 84: 12 52 12 \/ 50 14 18; Klatovy 92,4 MHz \/ 100 W, sou\u0159adnice WGS 84: 13 17 40 \/ 49 23 42; Plze\u0148 stadion 1 103,0<br \/>\nMHz \/ 200 W, sou\u0159adnice WGS 84: 13 22 58 \/ 49 44 45; Tachov 3 105,6 MHz \/ 200 W, sou\u0159adnice WGS 84: 12 38 52 \/ 49 47 05; \u017delezn\u00e1 Ruda m\u011bsto 105,6 MHz \/ 25 W, sou\u0159adnice WGS 84: 13 14<br \/>\n14 \/ 49 07 48, se lh\u016ftou pro doru\u010den\u00ed \u017e\u00e1dost\u00ed do 26. kv\u011btna 2022.<br \/>\n&#8211; Rada se sezn\u00e1mila s anal\u00fdzami obchodn\u00edch sd\u011blen\u00ed odvys\u00edlan\u00fdch provozovateli MEDIA BOHEMIA a.s. (program Fajn radio; Chomutov 98,1 MHz) dne 11. dubna 2022, Frekvence 1, a.s. (program FREKVENCE 1; Praha 102,5 MHz) dne 11. dubna 2022, HAMCO, s.r.o. (program RADIO HAN\u00c1; Olomouc 92,3 MHz) dne 11. dubna 2022, RADIO UNITED BROADCASTING s.r.o. (program Country MORAVA; Brno 96,8 MHz) dne 11. dubna 2022, MEDIA BOHEMIA a.s. (program R\u00e1dio BLAN\u00cdK; \u00dast\u00ed nad Labem 94,5 MHz) dne 11. dubna 2022 a RADIO BONTON a.s. (program R\u00e1dio Bonton; \u010cesk\u00e1 L\u00edpa 96,9 MHz) dne 11. dubna 2022.<br \/>\n&#8211; Rada se sezn\u00e1mila se st\u00ed\u017enost\u00ed \u010d. j. RRTV\/4781\/2022-vra ohledn\u011b \u00fadajn\u011b nekvalitn\u00edho zpravodajstv\u00ed na webu iRozhlas a aplikaci M\u016fj rozhlas. Rada se sezn\u00e1mila se st\u00ed\u017enost\u00ed \u010d. j. RRTV\/4931\/2022-vra ohledn\u011b \u00fadajn\u011b n\u00edzk\u00e9 kvality hudby na programu \u010cRo Radio\u017eurn\u00e1l. Rada se sezn\u00e1mila se st\u00ed\u017enost\u00ed \u010d. j. RRTV\/3875\/2022-vra ohledn\u011b po\u017eadavku omluvy po koment\u00e1torovi \u010cRo Plus Janu V\u00e1vrovi za jeho v\u00fdroky o stran\u011b SPD.<br \/>\n&#8211; Rada se sezn\u00e1mila s ozn\u00e1men\u00edm provozovatele RADIO PROGLAS s.r.o., I\u010c: 49435001, doru\u010den\u00fdm Rad\u011b dne 4. dubna 2022 pod \u010d.j. RRTV\/4618\/2022-vra, spo\u010d\u00edvaj\u00edc\u00edm ve v\u00fdluk\u00e1ch vys\u00edl\u00e1n\u00ed programu Radio Proglas za m\u011bs\u00edc b\u0159ezen 2022 dle uveden\u00e9ho p\u0159ehledu.<\/p>\n<p><strong>TELEVIZN\u00cd VYS\u00cdL\u00c1N\u00cd<\/strong><br \/>\n&#8211; Rada ud\u011bluje spole\u010dnosti ViacomCBS Networks International Czech s.r.o., I\u010c: 289 70 438, se s\u00eddlem Perlov\u00e1 371\/5, 110 00 Praha, souhlas se zm\u011bnou skute\u010dnost\u00ed uveden\u00fdch v \u017e\u00e1dosti o licenci,<br \/>\n\u010d. j.: RRTV\/3096\/2014-vac, sp. zn.: RRTV\/2017\/133\/fia, ze dne 2. \u00fanora 2017, podle \u00a7 21 odst. 1 p\u00edsm. a), d) z\u00e1kona \u010d. 231\/2001 Sb., spo\u010d\u00edvaj\u00edc\u00ed ve zm\u011bn\u011b: 1. zm\u011bn\u011b n\u00e1zvu programu: z NICK<br \/>\nTOONS na: Nickelodeon Ukraine Pluto TV; 2. zm\u011bn\u011b licen\u010dn\u00edch podm\u00ednek: ozna\u010den\u00ed programu (logo) bude tvo\u0159eno rotuj\u00edc\u00edm stylizovan\u00fdm n\u00e1zvem v Ukrajinsk\u00e9 cyrilici a latince; V\u00fd\u010det st\u00e1t\u016f, na<br \/>\njejich\u017e \u00fazem\u00ed m\u00e1 b\u00fdt vys\u00edl\u00e1n\u00ed zcela nebo p\u0159ev\u00e1\u017en\u011b sm\u011b\u0159ov\u00e1no: Afrika: Afganist\u00e1n, Arm\u00e9nie, \u00c1zerb\u00e1jd\u017e\u00e1n, \u010c\u00edna, Gruzie, Kazachst\u00e1n, Kyrgyzst\u00e1n, Mongolsko, P\u00e1kist\u00e1n, T\u00e1d\u017eikist\u00e1n,<br \/>\nTurkmenist\u00e1n, Uzbekist\u00e1n, Bl\u00edzk\u00fd v\u00fdchod: Bahrajn, Ir\u00e1k, \u00cdr\u00e1n, Izrael, Jord\u00e1nsko, Katar, Kuvajt, Libanon, Om\u00e1n, Palestina, Saudsk\u00e1 Ar\u00e1bie, Spojen\u00e9 arabsk\u00e9 emir\u00e1ty, S\u00fdrie, Evropa: Alb\u00e1nie,<br \/>\nAndora, Belgie, Bosna a Hercegovina, Bulharsko, \u010cern\u00e1 Hora, D\u00e1nsko, Estonsko, Finsko, Francie, Chorvatsko, Irsko, Island, It\u00e1lie, Kosovo, Kypr, Lichten\u0161tejnsko, Litva, Loty\u0161sko, Lucembursko, Ma\u010farsko, Malta, Moldavsko, Monako, N\u011bmecko, Nizozemsko, Norsko, Polsko, Portugalsko, Rakousko, Rumunsko, \u0158ecko, San Marino, Severn\u00ed Makedonie, Slovensko, Slovinsko, Srbsko,<br \/>\nSvat\u00fd stolec, \u0160pan\u011blsko, \u0160v\u00e9dsko, \u0160v\u00fdcarsko, Turecko, Ukrajina, Velk\u00e1 Brit\u00e1nie; zm\u011bna hlavn\u00edho jazyka vys\u00edl\u00e1n\u00ed na: ukrajin\u0161tinu; zm\u011bna dal\u0161\u00edch programov\u00fdch podm\u00ednek (v\u010detn\u011b programov\u00e9<br \/>\nskladby): program bude sestaven p\u0159ev\u00e1\u017en\u011b z animovan\u00fdch po\u0159ad\u016f, m\u016f\u017ee v\u0161ak obsahovat t\u00e9\u017e dal\u0161\u00ed typy po\u0159ad\u016f pro d\u011bti, dle \u017e\u00e1dosti ze dne 5. dubna 2022. \u010d. j.: RRTV\/4635\/2022-vra.<br \/>\n&#8211; Rada konstatuje, \u017ee provozovateli Petrovi Uhrovi, I\u010c 675 49 799, bytem B\u0159eclav, J. Palacha 2522\/34, PS\u010c 690 02, zanikla dne 17. srpna 2021 podle \u00a7 24, p\u00edsm. a) z\u00e1kona \u010d. 231\/2001 Sb.,<br \/>\nlicence k provozov\u00e1n\u00ed televizn\u00edho vys\u00edl\u00e1n\u00ed programu Fenix \u0161\u00ed\u0159en\u00e9ho prost\u0159ednictv\u00edm kabelov\u00fdch syst\u00e9m\u016f, ud\u011blen\u00e1 rozhodnut\u00edm \u010d.j. sve\/5505\/09, spis. zn.: 2009\/526\/sve\/UHE, ze dne 28. \u010dervence 2009. O t\u00e9to skute\u010dnosti vyd\u00e1v\u00e1 Rada osv\u011bd\u010den\u00ed podle \u00a7 154 a n\u00e1sl., z\u00e1kona \u010d. 500\/2004 Sb.<br \/>\n&#8211; Rada se sezn\u00e1mila s \u017e\u00e1dost\u00ed provozovatele goNET s.r.o., I\u010c 268 22 580, se s\u00eddlem \u00daprkova 1\/25, P\u0159\u00edvoz, 702 00 Ostrava, ze dne 4. dubna 2022, \u010d.j. RRTV\/4628\/2022-vra, o prodlou\u017een\u00ed lh\u016fty<br \/>\npro odstran\u011bn\u00ed vad ozn\u00e1men\u00ed a \u017e\u00e1dosti o zm\u011bnu skute\u010dnost\u00ed (programov\u00e9 nab\u00eddky) uv\u00e1d\u011bn\u00fdch v p\u0159ihl\u00e1\u0161ce k registraci \u010d.j. RRTV\/1053\/2016-zem, spis. zn.: 2016\/158\/zem\/goN, ze dne 5. dubna<br \/>\n2016.<br \/>\n&#8211; Rada v souladu s ustanoven\u00edm \u00a7 39 odst. 2 z\u00e1kona \u010d. 500\/2004 Sb., prodlu\u017euje provozovateli goNET s.r.o., I\u010c 268 22 580, se s\u00eddlem \u00daprkova 1\/25, P\u0159\u00edvoz, 702 00 Ostrava, lh\u016ftu pro odstran\u011bn\u00ed<br \/>\nvad ozn\u00e1men\u00ed a \u017e\u00e1dosti o zm\u011bnu skute\u010dnost\u00ed (programov\u00e9 nab\u00eddky) uv\u00e1d\u011bn\u00fdch v p\u0159ihl\u00e1\u0161ce k registraci, \u010d.j. RRTV\/1053\/2016-zem, spis. zn.: 2016\/158\/zem\/goN, ze dne 5. dubna 2016, a to o<br \/>\n30 dn\u00ed ode dne doru\u010den\u00ed usnesen\u00ed o prodlou\u017een\u00ed lh\u016fty, v rozsahu pod\u00e1n\u00ed doru\u010den\u00e9ho dne 4. dubna 2022 pod \u010d.j. RRTV\/4628\/2022-vra.<br \/>\n&#8211; Rada se dle ustanoven\u00ed \u00a7 29 odst. 3 z\u00e1kona \u010d. 231\/2001 Sb. sezn\u00e1mila s ozn\u00e1men\u00edm provozovatele p\u0159evzat\u00e9ho vys\u00edl\u00e1n\u00ed \u0161\u00ed\u0159en\u00e9ho prost\u0159ednictv\u00edm dru\u017eice, ViacomCBS Networks International Czech s.r.o., I\u010c: 289 70 438, se s\u00eddlem Perlov\u00e1 371\/5, Star\u00e9 M\u011bsto, 110 00 Praha 1, o zm\u011bn\u011b ostatn\u00edch skute\u010dnost\u00ed uveden\u00fdch v p\u0159ihl\u00e1\u0161ce k registraci \u010d.j. RRTV\/2876\/2019-zem, sp.<br \/>\nzn.: RRTV\/2019\/55\/zem, ze dne 19. \u00fanora 2019, spo\u010d\u00edvaj\u00edc\u00ed v trval\u00e9 zm\u011bn\u011b ozna\u010den\u00ed n\u00e1zvu ji\u017e registrovan\u00fdch program\u016f, a to zm\u011bn\u011b ozna\u010den\u00ed n\u00e1zvu programu z MTV Base na MTV 90s a zm\u011bn\u011b<br \/>\nozna\u010den\u00ed n\u00e1zvu programu z MTV Classic na MTV 80s, dle dolo\u017een\u00e9ho potvrzen\u00ed ozn\u00e1men\u00e9 zm\u011bny p\u0159\u00edslu\u0161n\u00e9ho regula\u010dn\u00edho org\u00e1nu Ofcom a ozn\u00e1men\u00ed provozovatele, ze dne 4. dubna 2022, \u010d.j.:<br \/>\nRRTV\/4624\/2022-vra.<br \/>\n&#8211; Rada se sezn\u00e1mila s t\u011bmito div\u00e1ck\u00fdmi pod\u00e1n\u00edmi, t\u00fdkaj\u00edc\u00edmi se televizn\u00edho vys\u00edl\u00e1n\u00ed a doru\u010den\u00fdmi v obdob\u00ed od 1. 4. do 13. 4. 2022 (10 pod\u00e1n\u00ed): TV Nova s.r.o. &#8211; Nova \/ FTV Prima, spol. s r.o. &#8211; Prima: reklama MELATONIN FORTE; \u010cesk\u00e1 televize &#8211; \u010cT1: M\u00e1te slovo s M. J\u00edlkovou, 31. 3. 2022 od 21:35 hodin, \u00fadajn\u00e1 nevyv\u00e1\u017eenost po\u0159adu; \u010cesk\u00e1 televize &#8211; \u010cT1: Toulav\u00e1 kamera, 3.4. 2022 od<br \/>\n10:35 hodin, \u00fadajn\u011b vulg\u00e1rn\u00ed vyj\u00e1d\u0159en\u00ed v po\u0159adu; Nespecifikovan\u00fd provozovatel a program: \u00dadajn\u00e1 reklama na Clavin za\u0159azen\u00e1 v odpoledn\u00edch hodin\u00e1ch; TV Nova s.r.o. &#8211; Nova Fun: Americk\u00fd t\u00e1ta VI (9), 5. 4. 2022 od 19:35 hodin; ViacomCBS Networks International Czech s.r.o. &#8211; Comedy Central Hungary: reklama ve Family Guy; \u010cesk\u00e1 televize &#8211; \u010cT1: V\u0161echnop\u00e1rty, 9.4. 2022 od 21:20 hodin; Rumunsk\u00fd regul\u00e1tor postoupil Rad\u011b st\u00ed\u017enost na po\u0159ad South Park na programu Comedy Central, licencovan\u00e9m v \u010cR; \u010cesk\u00e1 obchodn\u00ed inspekce postoupila Rad\u011b st\u00ed\u017enost na \u00fadajn\u011b klamavou<br \/>\ninformaci o spole\u010dnosti EuroOil; \u010cesk\u00e1 televize &#8211; obecn\u00e1 st\u00ed\u017enost.&nbsp;<br \/>\n&#8211; Rada \u017e\u00e1d\u00e1 St\u00e1tn\u00ed zem\u011bd\u011blskou a potravin\u00e1\u0159skou inspekci o poskytnut\u00ed stanoviska ve v\u011bci legitimity \u0161\u00ed\u0159en\u00ed obchodn\u00edch sd\u011blen\u00ed propaguj\u00edc\u00edch produkt MELATONIN 5 mg FORTE.<br \/>\n&#8211; Rada v r\u00e1mci sv\u00e9 kompetence dan\u00e9 \u00a7 5 p\u00edsm. a) a f) z\u00e1kona \u010d. 231\/2001 Sb., o provozov\u00e1n\u00ed&nbsp;rozhlasov\u00e9ho a televizn\u00edho vys\u00edl\u00e1n\u00ed a o zm\u011bn\u011b dal\u0161\u00edch z\u00e1kon\u016f, v platn\u00e9m zn\u011bn\u00ed (d\u00e1le jen \u201ez\u00e1kon<br \/>\n\u010d. 231\/2001 Sb.\u201c) a v souladu s ustanoven\u00edm \u00a7 137 odst. 1 z\u00e1kona \u010d. 500\/2004 Sb., spr\u00e1vn\u00ed \u0159\u00e1d, (d\u00e1le jen \u201ez\u00e1kon \u010d. 500\/2004 Sb.\u201c) \u017e\u00e1d\u00e1 provozovatele \u010cesk\u00e1 televize, I\u010c 00027383, s\u00eddlem Na<br \/>\nh\u0159ebenech II 1132\/4, Praha 4, PS\u010c 14700, o pod\u00e1n\u00ed vysv\u011btlen\u00ed k po\u0159adu M\u00e1te slovo, odvys\u00edlan\u00e9mu dne 31. b\u0159ezna 2022 od 21:35 na programu \u010cT1, jak\u00fdm zp\u016fsobem zajistil provozovatel vyv\u00e1\u017eenost<br \/>\npo\u0159adu pot\u00e9, co \u00fadajn\u011b odm\u00edtli pozv\u00e1n\u00ed k debat\u011b n\u011bkte\u0159\u00ed host\u00e9, a diskuze se tedy \u00fa\u010dastnili pouze host\u00e9, kte\u0159\u00ed se shodovali na jednotn\u00e9m, ost\u0159e kritick\u00e9m stanovisku v\u016f\u010di politice prezidenta Zemana,<br \/>\na to jak v ot\u00e1zce avizovan\u00e9ho t\u00e9matu, tak i v obecn\u00e9 rovin\u011b; pro\u010d nebyli pozv\u00e1ni jin\u00ed host\u00e9 v z\u00e1jmu n\u00e1zorov\u00e9 plurality; pro\u010d moder\u00e1torka v z\u00e1jmu vyv\u00e1\u017eenosti po\u0159adu nep\u0159evzala roli kvalifikovan\u00e9ho<br \/>\noponenta. Rada stanovuje lh\u016ftu k pod\u00e1n\u00ed vysv\u011btlen\u00ed 30 dn\u00ed ode dne doru\u010den\u00ed t\u00e9to v\u00fdzvy.<br \/>\n&#8211; Rada se sezn\u00e1mila s monitoringem obsahu vys\u00edl\u00e1n\u00ed programu \u010cT3 provozovatele \u010cesk\u00e1 televize v \u00faseku od 9:58:00 hodin do 22:16:42 hodin dne 30. b\u0159ezna 2022.<br \/>\n&#8211; Rada se sezn\u00e1mila s anal\u00fdzou kontinu\u00e1ln\u00edho z\u00e1znamu vys\u00edl\u00e1n\u00ed programu Prima plus provozovatele FTV Prima, spol. s r.o. ze dne 1. b\u0159ezna 2022 v \u010dasov\u00e9m \u00faseku od 10:00 do 22:00<br \/>\nhodin.<br \/>\n&#8211; Rada se sezn\u00e1mila s anal\u00fdzou z\u00e1znamu vys\u00edl\u00e1n\u00ed programu HBO 3 Poland provozovatele HBO Europe, s.r.o. ze dne 14. \u00fanora 2022 od 10:00 do 22:00 hod.<br \/>\n&#8211; Rada se sezn\u00e1mila s anal\u00fdzou z\u00e1znamu vys\u00edl\u00e1n\u00ed programu Boing French provozovatele HBO Europe, s.r.o. ze dne 14. \u00fanora 2022 od 10:00 do 22:00 hod.<br \/>\n&#8211; Rada se sezn\u00e1mila s anal\u00fdzou kontinu\u00e1ln\u00edho \u00faseku vys\u00edl\u00e1n\u00ed programu Televize Beskyd provozovatele TV Beskyd s.r.o. z obdob\u00ed 20. a 21. b\u0159ezna 2022.<br \/>\n&#8211; Rada se sezn\u00e1mila s anal\u00fdzou z\u00e1znamu vys\u00edl\u00e1n\u00ed programu Vimpersk\u00e9 zpravodajstv\u00ed provozovatele St\u0159edn\u00ed \u0161kola a Z\u00e1kladn\u00ed \u0161kola Nerudova 267, Vimperk ze dn\u016f 20. a 21. b\u0159ezna 2022<br \/>\nod 00:00 do 24:00 hod.<br \/>\n&#8211; Rada v r\u00e1mci sv\u00e9 p\u016fsobnosti dan\u00e9 ustanoven\u00edm \u00a7 5 p\u00edsm. a) z\u00e1kona \u010d. 231\/2001 Sb., o provozov\u00e1n\u00ed rozhlasov\u00e9ho a televizn\u00edho vys\u00edl\u00e1n\u00ed a o zm\u011bn\u011b dal\u0161\u00edch z\u00e1kon\u016f (d\u00e1le jen z\u00e1kon<br \/>\n\u010d. 231\/2001 Sb.), v platn\u00e9m zn\u011bn\u00ed, a v souladu s ustanoven\u00edm \u00a7 137 odst. 1 z\u00e1kona \u010d. 500\/2004 Sb., spr\u00e1vn\u00ed \u0159\u00e1d (d\u00e1le jen \u201ez\u00e1kon \u010d. 500\/2004 Sb.\u201c) \u017e\u00e1d\u00e1 provozovatele St\u0159edn\u00ed \u0161kola a Z\u00e1kladn\u00ed<br \/>\n\u0161kola, Vimperk, Nerudova 267, I\u010c 00477419, se s\u00eddlem Nerudova 267, PS\u010c 385 01, Vimperk, o pod\u00e1n\u00ed vysv\u011btlen\u00ed, z jak\u00e9ho d\u016fvodu trvala smy\u010dka programu Vimpersk\u00e9 zpravodajstv\u00ed vys\u00edlan\u00e1 od<br \/>\n17. do 24. b\u0159ezna 2022 p\u0159ibli\u017en\u011b 40 minut, kdy\u017e licen\u010dn\u00ed podm\u00ednky stanovuj\u00ed jej\u00ed d\u00e9lku na 4 hodiny. Rada stanovuje lh\u016ftu k pod\u00e1n\u00ed vysv\u011btlen\u00ed 30 dn\u00ed ode dne doru\u010den\u00ed t\u00e9to v\u00fdzvy.<br \/>\n&#8211; Rada se sezn\u00e1mila s v\u00fdsledky systematick\u00e9ho monitoringu hlasitosti obchodn\u00edch sd\u011blen\u00ed na programu Rebel provozovatele Digital Broadcasting s.r.o. ze dne 19. b\u0159ezna 2022, 20:00 &#8211; 22:00<br \/>\nhodin.<br \/>\n&#8211; Rada v r\u00e1mci sv\u00e9 p\u016fsobnosti dan\u00e9 ustanoven\u00edm \u00a7 5 p\u00edsm. a) a f) a \u00a7 59 odst. 1-3 z\u00e1kona \u010d. 231\/2001 Sb., o provozov\u00e1n\u00ed rozhlasov\u00e9ho a televizn\u00edho vys\u00edl\u00e1n\u00ed a o zm\u011bn\u011b dal\u0161\u00edch z\u00e1kon\u016f (d\u00e1le<br \/>\njen z\u00e1kon \u010d. 231\/2001 Sb.), v platn\u00e9m zn\u011bn\u00ed, upozor\u0148uje provozovatele AIDEM &amp; Vy\u0161\u0161\u00ed odborn\u00e1 \u0161kola televizn\u00ed Brno a. s., I\u010c 276 95 964, Zengrova 2693\/2, 615 00, Brno &#8211; \u017didenice, na poru\u0161en\u00ed<br \/>\nustanoven\u00ed \u00a7 32 odst. 6 z\u00e1kona \u010d. 231\/2001 Sb., kter\u00e9ho se dopustil t\u00edm, \u017ee na p\u00edsemnou v\u00fdzvu neposkytl Rad\u011b informace o opat\u0159en\u00edch p\u0159ijat\u00fdch na podporu medi\u00e1ln\u00ed gramotnosti, \u010d\u00edm\u017e poru\u0161il<br \/>\npovinnost na p\u00edsemnou v\u00fdzvu poskytnout Rad\u011b vyj\u00e1d\u0159en\u00ed a informace nezbytn\u00e9 k v\u00fdkonu jej\u00ed p\u016fsobnosti podle \u00a7 5 p\u00edsm. t) a\u017e w) nebo \u00a7 6 odst. 1 a 5. Rada stanovuje lh\u016ftu k n\u00e1prav\u011b 15 dn\u00ed<br \/>\node dne doru\u010den\u00ed upozorn\u011bn\u00ed.<br \/>\n&#8211; Rada v r\u00e1mci sv\u00e9 p\u016fsobnosti dan\u00e9 ustanoven\u00edm \u00a7 5 p\u00edsm. a) a f) a \u00a7 59 odst. 1-3 z\u00e1kona \u010d. 231\/2001 Sb., o provozov\u00e1n\u00ed rozhlasov\u00e9ho a televizn\u00edho vys\u00edl\u00e1n\u00ed a o zm\u011bn\u011b dal\u0161\u00edch z\u00e1kon\u016f (d\u00e1le<br \/>\njen z\u00e1kon \u010d. 231\/2001 Sb.), v platn\u00e9m zn\u011bn\u00ed, upozor\u0148uje provozovatele 3C spol. s.r.o., I\u010c 00532819, Jina\u010dovice 89, 664 34 Jina\u010dovice, na poru\u0161en\u00ed ustanoven\u00ed \u00a7 32 odst. 6 z\u00e1kona<br \/>\n\u010d. 231\/2001 Sb., kter\u00e9ho se dopustil t\u00edm, \u017ee na p\u00edsemnou v\u00fdzvu neposkytl Rad\u011b informace o opat\u0159en\u00edch p\u0159ijat\u00fdch na podporu medi\u00e1ln\u00ed gramotnosti, \u010d\u00edm\u017e poru\u0161il povinnost na p\u00edsemnou v\u00fdzvu<br \/>\nposkytnout Rad\u011b vyj\u00e1d\u0159en\u00ed a informace nezbytn\u00e9 k v\u00fdkonu jej\u00ed p\u016fsobnosti podle \u00a7 5 p\u00edsm. t) a\u017e w) nebo \u00a7 6 odst. 1 a 5. Rada stanovuje lh\u016ftu k n\u00e1prav\u011b 15 dn\u00ed ode dne doru\u010den\u00ed upozorn\u011bn\u00ed.<br \/>\n&#8211; Rada v r\u00e1mci sv\u00e9 p\u016fsobnosti dan\u00e9 ustanoven\u00edm \u00a7 5 p\u00edsm. a) a f) a \u00a7 59 odst. 1-3 z\u00e1kona \u010d. 231\/2001 Sb., o provozov\u00e1n\u00ed rozhlasov\u00e9ho a televizn\u00edho vys\u00edl\u00e1n\u00ed a o zm\u011bn\u011b dal\u0161\u00edch z\u00e1kon\u016f (d\u00e1le<br \/>\njen z\u00e1kon \u010d. 231\/2001 Sb.), v platn\u00e9m zn\u011bn\u00ed, upozor\u0148uje provozovatele JAMES DEAN CO. s.r.o., I\u010c 24229814, Charv\u00e1tova, 1988\/3, Nov\u00e9 M\u011bsto, 11000 Praha, na poru\u0161en\u00ed ustanoven\u00ed \u00a7 32 odst. 6<br \/>\nz\u00e1kona \u010d. 231\/2001 Sb., kter\u00e9ho se dopustil t\u00edm, \u017ee na p\u00edsemnou v\u00fdzvu neposkytl Rad\u011b informace o opat\u0159en\u00edch p\u0159ijat\u00fdch na podporu medi\u00e1ln\u00ed gramotnosti, \u010d\u00edm\u017e poru\u0161il povinnost na p\u00edsemnou v\u00fdzvu poskytnout Rad\u011b vyj\u00e1d\u0159en\u00ed a informace nezbytn\u00e9 k v\u00fdkonu jej\u00ed p\u016fsobnosti podle \u00a7 5 p\u00edsm. t) a\u017e w) nebo \u00a7 6 odst. 1 a 5. Rada stanovuje lh\u016ftu k n\u00e1prav\u011b 15 dn\u00ed ode dne doru\u010den\u00ed upozorn\u011bn\u00ed.<br \/>\n&#8211; Rada v r\u00e1mci sv\u00e9 p\u016fsobnosti dan\u00e9 ustanoven\u00edm \u00a7 5 p\u00edsm. a) a f) a \u00a7 59 odst. 1-3 z\u00e1kona \u010d. 231\/2001 Sb., o provozov\u00e1n\u00ed rozhlasov\u00e9ho a televizn\u00edho vys\u00edl\u00e1n\u00ed a o zm\u011bn\u011b dal\u0161\u00edch z\u00e1kon\u016f (d\u00e1le<br \/>\njen z\u00e1kon \u010d. 231\/2001 Sb.), v platn\u00e9m zn\u011bn\u00ed, upozor\u0148uje provozovatele Jiho\u010desk\u00e1 telekomunika\u010dn\u00ed s.r.o., I\u010c 24311243, Vajgar 585, Jind\u0159ich\u016fv Hradec, 37701, na poru\u0161en\u00ed ustanoven\u00ed \u00a7 32 odst. 6<br \/>\nz\u00e1kona \u010d. 231\/2001 Sb., kter\u00e9ho se dopustil t\u00edm, \u017ee na p\u00edsemnou v\u00fdzvu neposkytl Rad\u011b informace o opat\u0159en\u00edch p\u0159ijat\u00fdch na podporu medi\u00e1ln\u00ed gramotnosti, \u010d\u00edm\u017e poru\u0161il povinnost na p\u00edsemnou v\u00fdzvu poskytnout Rad\u011b vyj\u00e1d\u0159en\u00ed a informace nezbytn\u00e9 k v\u00fdkonu jej\u00ed p\u016fsobnosti podle \u00a7 5 p\u00edsm. t) a\u017e w) nebo \u00a7 6 odst. 1 a 5. Rada stanovuje lh\u016ftu k n\u00e1prav\u011b 15 dn\u00ed ode dne doru\u010den\u00ed upozorn\u011bn\u00ed.<br \/>\n&#8211; Rada v r\u00e1mci sv\u00e9 p\u016fsobnosti dan\u00e9 ustanoven\u00edm \u00a7 5 p\u00edsm. a) a f) a \u00a7 59 odst. 1-3 z\u00e1kona \u010d. 231\/2001 Sb., o provozov\u00e1n\u00ed rozhlasov\u00e9ho a televizn\u00edho vys\u00edl\u00e1n\u00ed a o zm\u011bn\u011b dal\u0161\u00edch z\u00e1kon\u016f (d\u00e1le<br \/>\njen z\u00e1kon \u010d. 231\/2001 Sb.), v platn\u00e9m zn\u011bn\u00ed, upozor\u0148uje provozovatele Jind\u0159ichohradeck\u00e1 televizn\u00ed s.r.o., I\u010c 28109503, Vajgar 532, Jind\u0159ich\u016fv Hradec, 37701, na poru\u0161en\u00ed ustanoven\u00ed \u00a7 32 odst. 6<br \/>\nz\u00e1kona \u010d. 231\/2001 Sb., kter\u00e9ho se dopustil t\u00edm, \u017ee na p\u00edsemnou v\u00fdzvu neposkytl Rad\u011b informace o opat\u0159en\u00edch p\u0159ijat\u00fdch na podporu medi\u00e1ln\u00ed gramotnosti, \u010d\u00edm\u017e poru\u0161il povinnost na p\u00edsemnou v\u00fdzvu poskytnout Rad\u011b vyj\u00e1d\u0159en\u00ed a informace nezbytn\u00e9 k v\u00fdkonu jej\u00ed p\u016fsobnosti podle \u00a7 5 p\u00edsm. t) a\u017e w) nebo \u00a7 6 odst. 1 a 5. Rada stanovuje lh\u016ftu k n\u00e1prav\u011b 15 dn\u00ed ode dne doru\u010den\u00ed upozorn\u011bn\u00ed.<br \/>\n&#8211; Rada v r\u00e1mci sv\u00e9 p\u016fsobnosti dan\u00e9 ustanoven\u00edm \u00a7 5 p\u00edsm. a) a f) a \u00a7 59 odst. 1-3 z\u00e1kona \u010d. 231\/2001 Sb., o provozov\u00e1n\u00ed rozhlasov\u00e9ho a televizn\u00edho vys\u00edl\u00e1n\u00ed a o zm\u011bn\u011b dal\u0161\u00edch z\u00e1kon\u016f (d\u00e1le<br \/>\njen z\u00e1kon \u010d. 231\/2001 Sb.), v platn\u00e9m zn\u011bn\u00ed, upozor\u0148uje provozovatele Z\u00e1pado\u010desk\u00e1 kabelov\u00e1 televize s.r.o., I\u010c 27985563, Dobrovsk\u00e9ho 180, 535 01 Mari\u00e1nsk\u00e9 L\u00e1zn\u011b, na poru\u0161en\u00ed ustanoven\u00ed<br \/>\n\u00a7 32 odst. 6 z\u00e1kona \u010d. 231\/2001 Sb., kter\u00e9ho se dopustil t\u00edm, \u017ee na p\u00edsemnou v\u00fdzvu neposkytl Rad\u011b informace o opat\u0159en\u00edch p\u0159ijat\u00fdch na podporu medi\u00e1ln\u00ed gramotnosti, \u010d\u00edm\u017e poru\u0161il povinnost na<br \/>\np\u00edsemnou v\u00fdzvu poskytnout Rad\u011b vyj\u00e1d\u0159en\u00ed a informace nezbytn\u00e9 k v\u00fdkonu jej\u00ed p\u016fsobnosti podle \u00a7 5 p\u00edsm. t) a\u017e w) nebo \u00a7 6 odst. 1 a 5. Rada stanovuje lh\u016ftu k n\u00e1prav\u011b 15 dn\u00ed ode dne doru\u010den\u00ed<br \/>\nupozorn\u011bn\u00ed.<br \/>\n&#8211; Rada v r\u00e1mci sv\u00e9 p\u016fsobnosti dan\u00e9 ustanoven\u00edm \u00a7 5 p\u00edsm. a) a f) a \u00a7 59 odst. 1-3 z\u00e1kona \u010d. 231\/2001 Sb., o provozov\u00e1n\u00ed rozhlasov\u00e9ho a televizn\u00edho vys\u00edl\u00e1n\u00ed a o zm\u011bn\u011b dal\u0161\u00edch z\u00e1kon\u016f (d\u00e1le<br \/>\njen z\u00e1kon \u010d. 231\/2001 Sb.), v platn\u00e9m zn\u011bn\u00ed, upozor\u0148uje provozovatele ENECOS, s.r.o., I\u010c 60702745, Dukovany 227, 675 56 Dukovany, na poru\u0161en\u00ed ustanoven\u00ed \u00a7 32 odst. 6 z\u00e1kona<br \/>\n\u010d. 231\/2001 Sb., kter\u00e9ho se dopustil t\u00edm, \u017ee na p\u00edsemnou v\u00fdzvu neposkytl Rad\u011b informace o opat\u0159en\u00edch p\u0159ijat\u00fdch na podporu medi\u00e1ln\u00ed gramotnosti, \u010d\u00edm\u017e poru\u0161il povinnost na p\u00edsemnou v\u00fdzvu<br \/>\nposkytnout Rad\u011b vyj\u00e1d\u0159en\u00ed a informace nezbytn\u00e9 k v\u00fdkonu jej\u00ed p\u016fsobnosti podle \u00a7 5 p\u00edsm. t) a\u017e w) nebo \u00a7 6 odst. 1 a 5. Rada stanovuje lh\u016ftu k n\u00e1prav\u011b 15 dn\u00ed ode dne doru\u010den\u00ed upozorn\u011bn\u00ed.<br \/>\n&#8211; Rada v r\u00e1mci sv\u00e9 p\u016fsobnosti dan\u00e9 ustanoven\u00edm \u00a7 5 p\u00edsm. a) a f) a \u00a7 59 odst. 1-3 z\u00e1kona \u010d. 231\/2001 Sb., o provozov\u00e1n\u00ed rozhlasov\u00e9ho a televizn\u00edho vys\u00edl\u00e1n\u00ed a o zm\u011bn\u011b dal\u0161\u00edch z\u00e1kon\u016f (d\u00e1le<br \/>\njen z\u00e1kon \u010d. 231\/2001 Sb.), v platn\u00e9m zn\u011bn\u00ed, upozor\u0148uje provozovatele J.D.Production, s.r.o, I\u010c 25592939, Palack\u00e9ho n\u00e1m\u011bst\u00ed 293, 68601 Uhersk\u00e9 Hradi\u0161t\u011b, na poru\u0161en\u00ed ustanoven\u00ed \u00a7 32 odst. 6<br \/>\nz\u00e1kona \u010d. 231\/2001 Sb., kter\u00e9ho se dopustil t\u00edm, \u017ee na p\u00edsemnou v\u00fdzvu neposkytl Rad\u011b informace o opat\u0159en\u00edch p\u0159ijat\u00fdch na podporu medi\u00e1ln\u00ed gramotnosti, \u010d\u00edm\u017e poru\u0161il povinnost na p\u00edsemnou v\u00fdzvu poskytnout Rad\u011b vyj\u00e1d\u0159en\u00ed a informace nezbytn\u00e9 k v\u00fdkonu jej\u00ed p\u016fsobnosti podle \u00a7 5 p\u00edsm. t) a\u017e w) nebo \u00a7 6 odst. 1 a 5. Rada stanovuje lh\u016ftu k n\u00e1prav\u011b 15 dn\u00ed ode dne doru\u010den\u00ed upozorn\u011bn\u00ed.<br \/>\n&#8211; Rada v r\u00e1mci sv\u00e9 p\u016fsobnosti dan\u00e9 ustanoven\u00edm \u00a7 5 p\u00edsm. a) a f) a \u00a7 59 odst. 1-3 z\u00e1kona \u010d. 231\/2001 Sb., o provozov\u00e1n\u00ed rozhlasov\u00e9ho a televizn\u00edho vys\u00edl\u00e1n\u00ed a o zm\u011bn\u011b dal\u0161\u00edch z\u00e1kon\u016f (d\u00e1le<br \/>\njen z\u00e1kon \u010d. 231\/2001 Sb.), v platn\u00e9m zn\u011bn\u00ed, upozor\u0148uje provozovatele Roman Gronsk\u00fd, I\u010c 62505882, B\u0159ez\u00ed 30, Kamenn\u00fd \u00dajezd, 370 07 \u010cesk\u00e9 Bud\u011bjovice 1, na poru\u0161en\u00ed ustanoven\u00ed \u00a7 32<br \/>\nodst. 6 z\u00e1kona \u010d. 231\/2001 Sb., kter\u00e9ho se dopustil t\u00edm, \u017ee na p\u00edsemnou v\u00fdzvu neposkytl Rad\u011b informace o opat\u0159en\u00edch p\u0159ijat\u00fdch na podporu medi\u00e1ln\u00ed gramotnosti, \u010d\u00edm\u017e poru\u0161il povinnost na<br \/>\np\u00edsemnou v\u00fdzvu poskytnout Rad\u011b vyj\u00e1d\u0159en\u00ed a informace nezbytn\u00e9 k v\u00fdkonu jej\u00ed p\u016fsobnosti podle \u00a7 5 p\u00edsm. t) a\u017e w) nebo \u00a7 6 odst. 1 a 5. Rada stanovuje lh\u016ftu k n\u00e1prav\u011b 15 dn\u00ed ode dne doru\u010den\u00ed<br \/>\nupozorn\u011bn\u00ed.<br \/>\n&#8211; Rada v r\u00e1mci sv\u00e9 p\u016fsobnosti dan\u00e9 ustanoven\u00edm \u00a7 5 p\u00edsm. a) a f) a \u00a7 59 odst. 1-3 z\u00e1kona \u010d. 231\/2001 Sb., o provozov\u00e1n\u00ed rozhlasov\u00e9ho a televizn\u00edho vys\u00edl\u00e1n\u00ed a o zm\u011bn\u011b dal\u0161\u00edch z\u00e1kon\u016f (d\u00e1le<br \/>\njen z\u00e1kon \u010d. 231\/2001 Sb.), v platn\u00e9m zn\u011bn\u00ed, upozor\u0148uje provozovatele Vy\u0161kovsk\u00e1 TV, s.r.o., I\u010c 29249376, Smetanovo n\u00e1b\u0159e\u017e\u00ed 521\/39, 68201 Vy\u0161kov, na poru\u0161en\u00ed ustanoven\u00ed \u00a7 32 odst. 6 z\u00e1kona<br \/>\n\u010d. 231\/2001 Sb., kter\u00e9ho se dopustil t\u00edm, \u017ee na p\u00edsemnou v\u00fdzvu neposkytl Rad\u011b informace o opat\u0159en\u00edch p\u0159ijat\u00fdch na podporu medi\u00e1ln\u00ed gramotnosti, \u010d\u00edm\u017e poru\u0161il povinnost na p\u00edsemnou v\u00fdzvu<br \/>\nposkytnout Rad\u011b vyj\u00e1d\u0159en\u00ed a informace nezbytn\u00e9 k v\u00fdkonu jej\u00ed p\u016fsobnosti podle \u00a7 5 p\u00edsm. t) a\u017e w) nebo \u00a7 6 odst. 1 a 5. Rada stanovuje lh\u016ftu k n\u00e1prav\u011b 15 dn\u00ed ode dne doru\u010den\u00ed upozorn\u011bn\u00ed.<br \/>\n&#8211; Rada v r\u00e1mci sv\u00e9 p\u016fsobnosti dan\u00e9 ustanoven\u00edm \u00a7 5 p\u00edsm. a) a f) a \u00a7 59 odst. 1-3 z\u00e1kona \u010d. 231\/2001 Sb., o provozov\u00e1n\u00ed rozhlasov\u00e9ho a televizn\u00edho vys\u00edl\u00e1n\u00ed a o zm\u011bn\u011b dal\u0161\u00edch z\u00e1kon\u016f (d\u00e1le<br \/>\njen z\u00e1kon \u010d. 231\/2001 Sb.), v platn\u00e9m zn\u011bn\u00ed, upozor\u0148uje provozovatele ZAK TV s.r.o., I\u010c: 64835669, Prokopova 166\/26, Ji\u017en\u00ed P\u0159edm\u011bst\u00ed, 301 00 Plze\u0148, na poru\u0161en\u00ed ustanoven\u00ed \u00a7 32 odst.<br \/>\n6 z\u00e1kona \u010d. 231\/2001 Sb., kter\u00e9ho se dopustil t\u00edm, \u017ee na p\u00edsemnou v\u00fdzvu neposkytl Rad\u011b informace o opat\u0159en\u00edch p\u0159ijat\u00fdch na podporu medi\u00e1ln\u00ed gramotnosti, \u010d\u00edm\u017e poru\u0161il povinnost na<br \/>\np\u00edsemnou v\u00fdzvu poskytnout Rad\u011b vyj\u00e1d\u0159en\u00ed a informace nezbytn\u00e9 k v\u00fdkonu jej\u00ed p\u016fsobnosti podle \u00a7 5 p\u00edsm. t) a\u017e w) nebo \u00a7 6 odst. 1 a 5. Rada stanovuje lh\u016ftu k n\u00e1prav\u011b 15 dn\u00ed ode dne doru\u010den\u00ed<br \/>\nupozorn\u011bn\u00ed.<br \/>\n&#8211; Rada v r\u00e1mci sv\u00e9 p\u016fsobnosti dan\u00e9 ustanoven\u00edm \u00a7 5 p\u00edsm. a) a f) a \u00a7 59 odst. 1-3 z\u00e1kona \u010d. 231\/2001 Sb., o provozov\u00e1n\u00ed rozhlasov\u00e9ho a televizn\u00edho vys\u00edl\u00e1n\u00ed a o zm\u011bn\u011b dal\u0161\u00edch z\u00e1kon\u016f (d\u00e1le<br \/>\njen z\u00e1kon \u010d. 231\/2001 Sb.), v platn\u00e9m zn\u011bn\u00ed, upozor\u0148uje provozovatele M\u011bsto Prachatice, I\u010c: 00250627, Velk\u00e9 n\u00e1m\u011bst\u00ed 3, Prachatice 1, 383 01 Prachatice, na poru\u0161en\u00ed ustanoven\u00ed \u00a7 32 odst. 6<br \/>\nz\u00e1kona \u010d. 231\/2001 Sb., kter\u00e9ho se dopustil t\u00edm, \u017ee na p\u00edsemnou v\u00fdzvu neposkytl Rad\u011b informace o opat\u0159en\u00edch p\u0159ijat\u00fdch na podporu medi\u00e1ln\u00ed gramotnosti, \u010d\u00edm\u017e poru\u0161il povinnost na p\u00edsemnou v\u00fdzvu poskytnout Rad\u011b vyj\u00e1d\u0159en\u00ed a informace nezbytn\u00e9 k v\u00fdkonu jej\u00ed p\u016fsobnosti podle \u00a7 5 p\u00edsm. t) a\u017e w) nebo \u00a7 6 odst. 1 a 5. Rada stanovuje lh\u016ftu k n\u00e1prav\u011b 15 dn\u00ed ode dne doru\u010den\u00ed upozorn\u011bn\u00ed.<br \/>\n&#8211; Rada v r\u00e1mci sv\u00e9 p\u016fsobnosti dan\u00e9 ustanoven\u00edm \u00a7 5 p\u00edsm. a) a f) a \u00a7 59 odst. 1-3 z\u00e1kona \u010d. 231\/2001 Sb., o provozov\u00e1n\u00ed rozhlasov\u00e9ho a televizn\u00edho vys\u00edl\u00e1n\u00ed a o zm\u011bn\u011b dal\u0161\u00edch z\u00e1kon\u016f (d\u00e1le<br \/>\njen z\u00e1kon \u010d. 231\/2001 Sb.), v platn\u00e9m zn\u011bn\u00ed, upozor\u0148uje provozovatele Mediapoint Consulting s.r.o., I\u010c 27970043, Prokopova 166\/26, Plze\u0148, 30100, na poru\u0161en\u00ed ustanoven\u00ed \u00a7 32 odst. 6 z\u00e1kona<br \/>\n\u010d. 231\/2001 Sb., kter\u00e9ho se dopustil t\u00edm, \u017ee na p\u00edsemnou v\u00fdzvu neposkytl Rad\u011b informace o opat\u0159en\u00edch p\u0159ijat\u00fdch na podporu medi\u00e1ln\u00ed gramotnosti, \u010d\u00edm\u017e poru\u0161il povinnost na p\u00edsemnou v\u00fdzvu<br \/>\nposkytnout Rad\u011b vyj\u00e1d\u0159en\u00ed a informace nezbytn\u00e9 k v\u00fdkonu jej\u00ed p\u016fsobnosti podle \u00a7 5 p\u00edsm. t) a\u017e w) nebo \u00a7 6 odst. 1 a 5. Rada stanovuje lh\u016ftu k n\u00e1prav\u011b 15 dn\u00ed ode dne doru\u010den\u00ed upozorn\u011bn\u00ed.<br \/>\n&#8211; Rada v r\u00e1mci sv\u00e9 p\u016fsobnosti dan\u00e9 ustanoven\u00edm \u00a7 5 p\u00edsm. a) a f) a \u00a7 59 odst. 1-3 z\u00e1kona \u010d. 231\/2001 Sb., o provozov\u00e1n\u00ed rozhlasov\u00e9ho a televizn\u00edho vys\u00edl\u00e1n\u00ed a o zm\u011bn\u011b dal\u0161\u00edch z\u00e1kon\u016f (d\u00e1le<br \/>\njen z\u00e1kon \u010d. 231\/2001 Sb.), v platn\u00e9m zn\u011bn\u00ed, upozor\u0148uje provozovatele JS medi\u00e1ln\u00ed slu\u017eby s.r.o., I\u010c 24798541, K Boti\u010di, 1453\/6, Vr\u0161ovice, 10100 Praha, na poru\u0161en\u00ed ustanoven\u00ed \u00a7 32 odst. 6 z\u00e1kona<br \/>\n\u010d. 231\/2001 Sb., kter\u00e9ho se dopustil t\u00edm, \u017ee na p\u00edsemnou v\u00fdzvu neposkytl Rad\u011b informace o opat\u0159en\u00edch p\u0159ijat\u00fdch na podporu medi\u00e1ln\u00ed gramotnosti, \u010d\u00edm\u017e poru\u0161il povinnost na p\u00edsemnou v\u00fdzvu<br \/>\nposkytnout Rad\u011b vyj\u00e1d\u0159en\u00ed a informace nezbytn\u00e9 k v\u00fdkonu jej\u00ed p\u016fsobnosti podle \u00a7 5 p\u00edsm. t) a\u017e w) nebo \u00a7 6 odst. 1 a 5. Rada stanovuje lh\u016ftu k n\u00e1prav\u011b 15 dn\u00ed ode dne doru\u010den\u00ed upozorn\u011bn\u00ed.<br \/>\n&#8211; Rada v r\u00e1mci sv\u00e9 p\u016fsobnosti dan\u00e9 ustanoven\u00edm \u00a7 5 p\u00edsm. a) a f) a \u00a7 59 odst. 1-3 z\u00e1kona \u010d. 231\/2001 Sb., o provozov\u00e1n\u00ed rozhlasov\u00e9ho a televizn\u00edho vys\u00edl\u00e1n\u00ed a o zm\u011bn\u011b dal\u0161\u00edch z\u00e1kon\u016f (d\u00e1le<br \/>\njen z\u00e1kon \u010d. 231\/2001 Sb.), v platn\u00e9m zn\u011bn\u00ed, upozor\u0148uje provozovatele ORLICKO Media s.r.o., I\u010c: 04095766, Na \u0160t\u011bpnici 1272, 562 06 \u00dast\u00ed nad Orlic\u00ed, na poru\u0161en\u00ed ustanoven\u00ed \u00a7 32 odst. 6 z\u00e1kona<br \/>\n\u010d. 231\/2001 Sb., kter\u00e9ho se dopustil t\u00edm, \u017ee na p\u00edsemnou v\u00fdzvu neposkytl Rad\u011b informace o opat\u0159en\u00edch p\u0159ijat\u00fdch na podporu medi\u00e1ln\u00ed gramotnosti, \u010d\u00edm\u017e poru\u0161il povinnost na p\u00edsemnou v\u00fdzvu<br \/>\nposkytnout Rad\u011b vyj\u00e1d\u0159en\u00ed a informace nezbytn\u00e9 k v\u00fdkonu jej\u00ed p\u016fsobnosti podle \u00a7 5 p\u00edsm. t) a\u017e w) nebo \u00a7 6 odst. 1 a 5. Rada stanovuje lh\u016ftu k n\u00e1prav\u011b 15 dn\u00ed ode dne doru\u010den\u00ed upozorn\u011bn\u00ed.<br \/>\n&#8211; Rada v r\u00e1mci sv\u00e9 p\u016fsobnosti dan\u00e9 ustanoven\u00edm \u00a7 5 p\u00edsm. a) a f) a \u00a7 59 odst. 1-3 z\u00e1kona \u010d. 231\/2001 Sb., o provozov\u00e1n\u00ed rozhlasov\u00e9ho a televizn\u00edho vys\u00edl\u00e1n\u00ed a o zm\u011bn\u011b dal\u0161\u00edch z\u00e1kon\u016f (d\u00e1le<br \/>\njen z\u00e1kon \u010d. 231\/2001 Sb.), v platn\u00e9m zn\u011bn\u00ed, upozor\u0148uje provozovatele ABC TV broadcasting s.r.o., I\u010c 080 73 228, B\u011blehradsk\u00e1 858\/23, Vinohrady, 120 00 Praha 2, na poru\u0161en\u00ed ustanoven\u00ed<br \/>\n\u00a7 32 odst. 6 z\u00e1kona \u010d. 231\/2001 Sb., kter\u00e9ho se dopustil t\u00edm, \u017ee na p\u00edsemnou v\u00fdzvu neposkytl Rad\u011b informace o opat\u0159en\u00edch p\u0159ijat\u00fdch na podporu medi\u00e1ln\u00ed gramotnosti, \u010d\u00edm\u017e poru\u0161il povinnost na<br \/>\np\u00edsemnou v\u00fdzvu poskytnout Rad\u011b vyj\u00e1d\u0159en\u00ed a informace nezbytn\u00e9 k v\u00fdkonu jej\u00ed p\u016fsobnosti podle \u00a7 5 p\u00edsm. t) a\u017e w) nebo \u00a7 6 odst. 1 a 5. Rada stanovuje lh\u016ftu k n\u00e1prav\u011b 15 dn\u00ed ode dne doru\u010den\u00ed<br \/>\nupozorn\u011bn\u00ed.<br \/>\n&#8211; Rada v r\u00e1mci sv\u00e9 p\u016fsobnosti dan\u00e9 ustanoven\u00edm \u00a7 5 p\u00edsm. a) a f) a \u00a7 59 odst. 1-3 z\u00e1kona \u010d. 231\/2001 Sb., o provozov\u00e1n\u00ed rozhlasov\u00e9ho a televizn\u00edho vys\u00edl\u00e1n\u00ed a o zm\u011bn\u011b dal\u0161\u00edch z\u00e1kon\u016f (d\u00e1le<br \/>\njen z\u00e1kon \u010d. 231\/2001 Sb.), v platn\u00e9m zn\u011bn\u00ed, upozor\u0148uje provozovatele Kultura Mimo\u0148, p\u0159\u00edsp\u011bvkov\u00e1 organizace, I\u010c: 08652341, Sv\u00e9bo\u0159ick\u00e1 309, Mimo\u0148 I, 471 24 Mimo\u0148, na poru\u0161en\u00ed<br \/>\nustanoven\u00ed \u00a7 32 odst. 6 z\u00e1kona \u010d. 231\/2001 Sb., kter\u00e9ho se dopustil t\u00edm, \u017ee na p\u00edsemnou v\u00fdzvu neposkytl Rad\u011b informace o opat\u0159en\u00edch p\u0159ijat\u00fdch na podporu medi\u00e1ln\u00ed gramotnosti, \u010d\u00edm\u017e poru\u0161il<br \/>\npovinnost na p\u00edsemnou v\u00fdzvu poskytnout Rad\u011b vyj\u00e1d\u0159en\u00ed a informace nezbytn\u00e9 k v\u00fdkonu jej\u00ed p\u016fsobnosti podle \u00a7 5 p\u00edsm. t) a\u017e w) nebo \u00a7 6 odst. 1 a 5. Rada stanovuje lh\u016ftu k n\u00e1prav\u011b 15 dn\u00ed<br \/>\node dne doru\u010den\u00ed upozorn\u011bn\u00ed.&nbsp;<br \/>\n&#8211; Rada v r\u00e1mci sv\u00e9 p\u016fsobnosti dan\u00e9 ustanoven\u00edm \u00a7 5 p\u00edsm. a) a f) a \u00a7 59 odst. 1-3 z\u00e1kona \u010d. 231\/2001 Sb., o provozov\u00e1n\u00ed rozhlasov\u00e9ho a televizn\u00edho vys\u00edl\u00e1n\u00ed a o zm\u011bn\u011b dal\u0161\u00edch z\u00e1kon\u016f (d\u00e1le<br \/>\njen z\u00e1kon \u010d. 231\/2001 Sb.), v platn\u00e9m zn\u011bn\u00ed, upozor\u0148uje provozovatele Emporia Style s.r.o., I\u010c: 08122458, Palack\u00e9ho 70, 252 29 Dob\u0159ichovice, na poru\u0161en\u00ed ustanoven\u00ed \u00a7 32 odst. 6 z\u00e1kona<br \/>\n\u010d. 231\/2001 Sb., kter\u00e9ho se dopustil t\u00edm, \u017ee na p\u00edsemnou v\u00fdzvu neposkytl Rad\u011b informace o opat\u0159en\u00edch p\u0159ijat\u00fdch na podporu medi\u00e1ln\u00ed gramotnosti, \u010d\u00edm\u017e poru\u0161il povinnost na p\u00edsemnou v\u00fdzvu<br \/>\nposkytnout Rad\u011b vyj\u00e1d\u0159en\u00ed a informace nezbytn\u00e9 k v\u00fdkonu jej\u00ed p\u016fsobnosti podle \u00a7 5 p\u00edsm. t) a\u017e w) nebo \u00a7 6 odst. 1 a 5. Rada stanovuje lh\u016ftu k n\u00e1prav\u011b 15 dn\u00ed ode dne doru\u010den\u00ed upozorn\u011bn\u00ed.<br \/>\n&#8211; Rada v r\u00e1mci sv\u00e9 p\u016fsobnosti dan\u00e9 ustanoven\u00edm \u00a7 5 p\u00edsm. a) a f) a \u00a7 59 odst. 1-3 z\u00e1kona \u010d. 231\/2001 Sb., o provozov\u00e1n\u00ed rozhlasov\u00e9ho a televizn\u00edho vys\u00edl\u00e1n\u00ed a o zm\u011bn\u011b dal\u0161\u00edch z\u00e1kon\u016f (d\u00e1le<br \/>\njen z\u00e1kon \u010d. 231\/2001 Sb.), v platn\u00e9m zn\u011bn\u00ed, upozor\u0148uje provozovatele Miloslav Akrman, I\u010c 110 25 247, Husova 14, Hlinsko, 539 01, na poru\u0161en\u00ed ustanoven\u00ed \u00a7 32 odst. 6 z\u00e1kona \u010d. 231\/2001<br \/>\nSb., kter\u00e9ho se dopustil t\u00edm, \u017ee na p\u00edsemnou v\u00fdzvu neposkytl Rad\u011b informace o opat\u0159en\u00edch p\u0159ijat\u00fdch na podporu medi\u00e1ln\u00ed gramotnosti, \u010d\u00edm\u017e poru\u0161il povinnost na p\u00edsemnou v\u00fdzvu poskytnout<br \/>\nRad\u011b vyj\u00e1d\u0159en\u00ed a informace nezbytn\u00e9 k v\u00fdkonu jej\u00ed p\u016fsobnosti podle \u00a7 5 p\u00edsm. t) a\u017e w) nebo \u00a7 6 odst. 1 a 5. Rada stanovuje lh\u016ftu k n\u00e1prav\u011b 15 dn\u00ed ode dne doru\u010den\u00ed upozorn\u011bn\u00ed.<br \/>\n&#8211; Rada v r\u00e1mci sv\u00e9 p\u016fsobnosti dan\u00e9 ustanoven\u00edm \u00a7 4 odst. 2 z\u00e1kona \u010d. 132\/2010 Sb., o audiovizu\u00e1ln\u00edch medi\u00e1ln\u00edch slu\u017eb\u00e1ch na vy\u017e\u00e1d\u00e1n\u00ed, v platn\u00e9m zn\u011bn\u00ed, a na z\u00e1klad\u011b ustanoven\u00ed<br \/>\n\u00a7 137 odst. 1 z\u00e1kona \u010d. 500\/2004 Sb., spr\u00e1vn\u00ed \u0159\u00e1d, \u017e\u00e1d\u00e1 poskytovatele audiovizu\u00e1ln\u00ed medi\u00e1ln\u00ed slu\u017eby na vy\u017e\u00e1d\u00e1n\u00ed Fotbalov\u00e1 asociace \u010cesk\u00e9 republiky, I\u010c 00406741, Diska\u0159sk\u00e1 2431, 169 00<br \/>\nPraha 6, o pod\u00e1n\u00ed vysv\u011btlen\u00ed, z jak\u00e9ho d\u016fvodu na p\u00edsemnou v\u00fdzvu neposkytl Rad\u011b informace o opat\u0159en\u00edch p\u0159ijat\u00fdch na podporu medi\u00e1ln\u00ed gramotnosti v roce 2021. Rada stanovuje lh\u016ftu k pod\u00e1n\u00ed<br \/>\nvysv\u011btlen\u00ed 15 dn\u00ed ode dne doru\u010den\u00ed v\u00fdzvy.<br \/>\n&#8211; Rada v r\u00e1mci sv\u00e9 p\u016fsobnosti dan\u00e9 ustanoven\u00edm \u00a7 4 odst. 2 z\u00e1kona \u010d. 132\/2010 Sb., o audiovizu\u00e1ln\u00edch medi\u00e1ln\u00edch slu\u017eb\u00e1ch na vy\u017e\u00e1d\u00e1n\u00ed, v platn\u00e9m zn\u011bn\u00ed, a na z\u00e1klad\u011b ustanoven\u00ed \u00a7 137<br \/>\nodst. 1 z\u00e1kona \u010d. 500\/2004 Sb., spr\u00e1vn\u00ed \u0159\u00e1d, \u017e\u00e1d\u00e1 poskytovatele audiovizu\u00e1ln\u00ed medi\u00e1ln\u00ed slu\u017eby na vy\u017e\u00e1d\u00e1n\u00ed Realitn\u00ed televize s.r.o., I\u010c 04211189, Freyova 983\/25, 190 00 Praha 9, o pod\u00e1n\u00ed<br \/>\nvysv\u011btlen\u00ed, z jak\u00e9ho d\u016fvodu na p\u00edsemnou v\u00fdzvu neposkytl Rad\u011b informace o opat\u0159en\u00edch p\u0159ijat\u00fdch na podporu medi\u00e1ln\u00ed gramotnosti v roce 2021. Rada stanovuje lh\u016ftu k pod\u00e1n\u00ed vysv\u011btlen\u00ed 15 dn\u00ed<br \/>\node dne doru\u010den\u00ed v\u00fdzvy.<br \/>\n&#8211; Rada v r\u00e1mci sv\u00e9 p\u016fsobnosti dan\u00e9 ustanoven\u00edm \u00a7 4 odst. 2 z\u00e1kona \u010d. 132\/2010 Sb., o audiovizu\u00e1ln\u00edch medi\u00e1ln\u00edch slu\u017eb\u00e1ch na vy\u017e\u00e1d\u00e1n\u00ed, v platn\u00e9m zn\u011bn\u00ed, a na z\u00e1klad\u011b ustanoven\u00ed<br \/>\n\u00a7 137 odst. 1 z\u00e1kona \u010d. 500\/2004 Sb., spr\u00e1vn\u00ed \u0159\u00e1d, \u017e\u00e1d\u00e1 poskytovatele audiovizu\u00e1ln\u00ed medi\u00e1ln\u00ed slu\u017eby na vy\u017e\u00e1d\u00e1n\u00ed ALLTOYS, spol. s.r.o., I\u010c 46982671, Na Rybn\u00ed\u010dku 1364, 120 00 Praha 2, o<br \/>\npod\u00e1n\u00ed vysv\u011btlen\u00ed, z jak\u00e9ho d\u016fvodu na p\u00edsemnou v\u00fdzvu neposkytl Rad\u011b informace o opat\u0159en\u00edch p\u0159ijat\u00fdch na podporu medi\u00e1ln\u00ed gramotnosti v roce 2021. Rada stanovuje lh\u016ftu k pod\u00e1n\u00ed vysv\u011btlen\u00ed<br \/>\n15 dn\u00ed ode dne doru\u010den\u00ed v\u00fdzvy.<br \/>\n&#8211; Rada v r\u00e1mci sv\u00e9 p\u016fsobnosti dan\u00e9 ustanoven\u00edm \u00a7 4 odst. 2 z\u00e1kona \u010d. 132\/2010 Sb., o audiovizu\u00e1ln\u00edch medi\u00e1ln\u00edch slu\u017eb\u00e1ch na vy\u017e\u00e1d\u00e1n\u00ed, v platn\u00e9m zn\u011bn\u00ed, a na z\u00e1klad\u011b ustanoven\u00ed<br \/>\n\u00a7 137 odst. 1 z\u00e1kona \u010d. 500\/2004 Sb., spr\u00e1vn\u00ed \u0159\u00e1d, \u017e\u00e1d\u00e1 poskytovatele audiovizu\u00e1ln\u00ed medi\u00e1ln\u00ed slu\u017eby na vy\u017e\u00e1d\u00e1n\u00ed Czech Video Center a.s., I\u010c 09839194, Komunard\u016f 1584\/42, Hole\u0161ovice, 170<br \/>\n00 Praha 7, o pod\u00e1n\u00ed vysv\u011btlen\u00ed, z jak\u00e9ho d\u016fvodu na p\u00edsemnou v\u00fdzvu neposkytl Rad\u011b informace o opat\u0159en\u00edch p\u0159ijat\u00fdch na podporu medi\u00e1ln\u00ed gramotnosti v roce 2021. Rada stanovuje lh\u016ftu k pod\u00e1n\u00ed vysv\u011btlen\u00ed 15 dn\u00ed ode dne doru\u010den\u00ed v\u00fdzvy.<br \/>\n&#8211; Rada v r\u00e1mci sv\u00e9 p\u016fsobnosti dan\u00e9 ustanoven\u00edm \u00a7 4 odst. 2 z\u00e1kona \u010d. 132\/2010 Sb., o audiovizu\u00e1ln\u00edch medi\u00e1ln\u00edch slu\u017eb\u00e1ch na vy\u017e\u00e1d\u00e1n\u00ed, v platn\u00e9m zn\u011bn\u00ed, a na z\u00e1klad\u011b ustanoven\u00ed<br \/>\n\u00a7 137 odst. 1 z\u00e1kona \u010d. 500\/2004 Sb., spr\u00e1vn\u00ed \u0159\u00e1d, \u017e\u00e1d\u00e1 poskytovatele audiovizu\u00e1ln\u00ed medi\u00e1ln\u00ed slu\u017eby na vy\u017e\u00e1d\u00e1n\u00ed Online Partners s.r.o., I\u010c 02697858, Hole\u010dkova 789\/49, 150 00 Praha 5, o<br \/>\npod\u00e1n\u00ed vysv\u011btlen\u00ed, z jak\u00e9ho d\u016fvodu na p\u00edsemnou v\u00fdzvu neposkytl Rad\u011b informace o opat\u0159en\u00edch p\u0159ijat\u00fdch na podporu medi\u00e1ln\u00ed gramotnosti v roce 2021. Rada stanovuje lh\u016ftu k pod\u00e1n\u00ed vysv\u011btlen\u00ed<br \/>\n15 dn\u00ed ode dne doru\u010den\u00ed v\u00fdzvy.<br \/>\n&#8211; Rada v r\u00e1mci sv\u00e9 p\u016fsobnosti dan\u00e9 ustanoven\u00edm \u00a7 4 odst. 2 z\u00e1kona \u010d. 132\/2010 Sb., o audiovizu\u00e1ln\u00edch medi\u00e1ln\u00edch slu\u017eb\u00e1ch na vy\u017e\u00e1d\u00e1n\u00ed, v platn\u00e9m zn\u011bn\u00ed, a na z\u00e1klad\u011b ustanoven\u00ed<br \/>\n\u00a7 137 odst. 1 z\u00e1kona \u010d. 500\/2004 Sb., spr\u00e1vn\u00ed \u0159\u00e1d, \u017e\u00e1d\u00e1 poskytovatele audiovizu\u00e1ln\u00ed medi\u00e1ln\u00ed slu\u017eby na vy\u017e\u00e1d\u00e1n\u00ed Dejitaru Souru s.r.o., I\u010c 096 47 678, Kurzova 2222\/16, 155 00 Praha, o pod\u00e1n\u00ed<br \/>\nvysv\u011btlen\u00ed, z jak\u00e9ho d\u016fvodu na p\u00edsemnou v\u00fdzvu neposkytl Rad\u011b informace o opat\u0159en\u00edch p\u0159ijat\u00fdch na podporu medi\u00e1ln\u00ed gramotnosti v roce 2021. Rada stanovuje lh\u016ftu k pod\u00e1n\u00ed vysv\u011btlen\u00ed 15 dn\u00ed<br \/>\node dne doru\u010den\u00ed v\u00fdzvy.<br \/>\n&#8211; Rada coby \u00fast\u0159edn\u00ed spr\u00e1vn\u00ed \u00fa\u0159ad v r\u00e1mci sv\u00e9 p\u016fsobnosti dan\u00e9 \u00a7 5 p\u00edsm. f) z\u00e1kona \u010d. 231\/2001 Sb., o provozov\u00e1n\u00ed rozhlasov\u00e9ho a televizn\u00edho vys\u00edl\u00e1n\u00ed a o zm\u011bn\u011b dal\u0161\u00edch z\u00e1kon\u016f, v platn\u00e9m zn\u011bn\u00ed<br \/>\n(d\u00e1le jen z\u00e1kon \u010d. 231\/2001 Sb.), dle \u00a7 60 odst. 1 p\u00edsm. e) z\u00e1kona \u010d. 231\/2001 Sb., v platn\u00e9m zn\u011bn\u00ed, v \u0159\u00edzen\u00ed o p\u0159estupku veden\u00e9m podle z\u00e1kona \u010d. 250\/2016 Sb., o odpov\u011bdnosti za p\u0159estupky<br \/>\na \u0159\u00edzen\u00ed o nich (d\u00e1le jen \u201ez\u00e1kon o odpov\u011bdnosti za p\u0159estupky\u201c), rozhodla takto: Obvin\u011bn\u00fd provozovatel Petr Uher, I\u010c: 67549799, J. Palacha 2522\/34, 690 02 B\u0159eclav, se uzn\u00e1v\u00e1 vinn\u00fdm v<br \/>\nsouladu s \u00a7 60 odst. 1 p\u00edsm. e) z\u00e1kona \u010d. 231\/2001 Sb. pro poru\u0161en\u00ed \u00a7 32 odst. 1 p\u00edsm. l) z\u00e1kona \u010d. 231\/2001 Sb., kter\u00e9ho se dopustil t\u00edm, \u017ee neposkytl Rad\u011b na jej\u00ed vy\u017e\u00e1d\u00e1n\u00ed z\u00e1znam vys\u00edl\u00e1n\u00ed<br \/>\nprogramu Fenix ze dn\u016f 24. b\u0159ezna 2021, 26.- 27. b\u0159ezna 2021 a 14. dubna 2021, v\u017edy v \u010dasov\u00e9m \u00faseku od 00.00 do 24.00 hodin, a ani z\u00e1znam vys\u00edl\u00e1n\u00ed programu Fenix ze dn\u016f 28. &#8211; 29. \u010dervna<br \/>\n2021 od 00.00 do 24.00 hodin, kter\u00fd byl vy\u017e\u00e1d\u00e1n v r\u00e1mci upozorn\u011bn\u00ed na poru\u0161en\u00ed z\u00e1kona jako alternativn\u00ed. V souladu s \u00a7 43 odst. 2 z\u00e1kona \u010d. 250\/2016 Sb., se od ulo\u017een\u00ed spr\u00e1vn\u00edho trestu<br \/>\nupou\u0161t\u00ed, nebo\u0165 vzhledem k okolnostem sp\u00e1ch\u00e1n\u00ed p\u0159estupku lze d\u016fvodn\u011b o\u010dek\u00e1vat, \u017ee ji\u017e samotn\u00e9 projedn\u00e1n\u00ed v\u011bci p\u0159ed spr\u00e1vn\u00edm org\u00e1nem posta\u010d\u00ed k jeho n\u00e1prav\u011b.<br \/>\n&#8211; Rada se sezn\u00e1mila s podan\u00fdm vysv\u011btlen\u00edm provozovatelky Jany Peterkov\u00e9 k \u00fadaji o procentu\u00e1ln\u00edm zastoupen\u00ed evropsk\u00fdch nez\u00e1visl\u00fdch d\u011bl na celkov\u00e9m \u010dasov\u00e9m rozsahu vys\u00edl\u00e1n\u00ed<br \/>\nprogramu TELEVIZE NATURA v roce 2021.<br \/>\n&#8211; Rada se sezn\u00e1mila s podan\u00fdm vysv\u011btlen\u00edm provozovatele Digital Broadcasting s.r.o., jak\u00e9ho charakteru je na programu Televize p\u0159es ant\u00e9nu vys\u00edlan\u00e1 prezentace program\u016f Nova Group, a zda<br \/>\nje tato prezentace vys\u00edl\u00e1na za \u00faplatu \u010di obdobnou protihodnotu.<br \/>\n&#8211; Rada se sezn\u00e1mila s reakc\u00ed (\u010d.j. RRTV\/4575\/2022-vac) na upozorn\u011bn\u00ed na poru\u0161en\u00ed ustanoven\u00ed \u00a7 32 odst. 1 p\u00edsm. g) z\u00e1kona \u010d. 231\/2001 Sb., kter\u00e9ho se dopustil provozovatel AMC Networks<br \/>\nCentra! Europe s.r.o. t\u00edm, \u017ee dne 30. \u0159\u00edjna 2021 od 19:12 hodin odvys\u00edlal na programu FILM CAFE po\u0159ad Pokoli \u00e9denkert (A Perfect Gateway). Sn\u00edmek obsahoval explicitn\u00ed n\u00e1siln\u00e9 sc\u00e9ny, ve kter\u00fdch vrazi na sv\u00e9 ob\u011bti \u00fato\u010dili st\u0159eln\u00fdmi zbran\u011bmi i no\u017ei. Sn\u00edmek zachycoval tak\u00e9 n\u011bkolik naturalistick\u00fdch n\u00e1b\u011br\u016f utrp\u011bn\u00fdch zran\u011bn\u00ed. Film byl odvys\u00edl\u00e1n v \u010dase, kdy mohou b\u00fdt u obrazovky d\u011bti i bez p\u0159\u00edm\u00e9ho dohledu rodi\u010d\u016f. Sn\u00edmek mohl v d\u011btsk\u00fdch div\u00e1c\u00edch vyvolat siln\u00e9 pocity strachu a ohro\u017een\u00ed, a zp\u016fsobit nap\u0159. i trvalej\u0161\u00ed stavy \u00fazkost\u00ed \u010di poruchy sp\u00e1nku, p\u0159\u00edpadn\u011b sn\u00ed\u017eit citlivost d\u011btsk\u00fdch div\u00e1k\u016f k projev\u016fm n\u00e1sil\u00ed, a ohrozit tak jejich psychick\u00fd v\u00fdvoj. Provozovatel se tak odvys\u00edl\u00e1n\u00edm po\u0159adu dopustil poru\u0161en\u00ed povinnosti neza\u0159azovat v dob\u011b od 6:00 hodin do 22:00 hodin po\u0159ady a upout\u00e1vky, kter\u00e9 by mohly ohrozit fyzick\u00fd, psychick\u00fd nebo mravn\u00ed v\u00fdvoj d\u011bt\u00ed a mladistv\u00fdch.<br \/>\n&#8211; Rada se sezn\u00e1mila s reakc\u00ed na upozorn\u011bn\u00ed (RRTV\/4573\/2022-vac) na poru\u0161en\u00ed ustanoven\u00ed \u00a7 32 odst. 1 p\u00edsm. g) z\u00e1kona \u010d. 231\/2001 Sb., kter\u00e9ho se dopustil provozovatel AMC Networks Central<br \/>\nEurope s.r.o. t\u00edm, \u017ee ve dnech 17. \u0159\u00edjna 2021 od 10:05 hodin a 19. \u0159\u00edjna 2021 od 18:35 hodin odvys\u00edlal na programu FILM CAFE po\u0159ad Madarak (The Birds). Sn\u00edmek hororov\u00e9ho \u017e\u00e1nru byl<br \/>\nvystav\u011bn na st\u00e1le rostouc\u00edm pocitu nap\u011bt\u00ed, nervozity a strachu, kdy p\u016fvodn\u011b drobn\u00e9 incidenty postupn\u011b gradovaly a\u017e v boj o \u017eivot. Film obsahoval n\u011bkolik explicitn\u00edch z\u00e1b\u011br\u016f napaden\u00fdch,<br \/>\num\u00edraj\u00edc\u00edch nebo ji\u017e zabit\u00fdch lid\u00ed, kte\u0159\u00ed utrp\u011bli zran\u011bn\u00ed zp\u016fsoben\u00e1 pta\u010d\u00edmi \u00fatoky, v\u010detn\u011b z\u0159eteln\u00fdch z\u00e1b\u011br\u016f zohaven\u00e9ho lidsk\u00e9ho t\u011bla. Film byl odvys\u00edl\u00e1n v \u010dase, kdy mohou b\u00fdt u obrazovky d\u011bti i bez<br \/>\np\u0159\u00edm\u00e9ho dohledu rodi\u010d\u016f. Sn\u00edmek mohl v d\u011btsk\u00fdch div\u00e1c\u00edch vyvolat siln\u00e9 pocity strachu a ohro\u017een\u00ed, a zp\u016fsobit nap\u0159. i trvalej\u0161\u00ed stavy \u00fazkost\u00ed \u010di poruchy sp\u00e1nku, a ohrozit tak jejich psychick\u00fd v\u00fdvoj.<br \/>\nProvozovatel se tak odvys\u00edl\u00e1n\u00edm po\u0159adu dopustil poru\u0161en\u00ed povinnosti neza\u0159azovat v dob\u011b od 6:00 hodin do 22:00 hodin po\u0159ady a upout\u00e1vky, kter\u00e9 by mohly ohrozit fyzick\u00fd, psychick\u00fd nebo mravn\u00ed<br \/>\nv\u00fdvoj d\u011bt\u00ed a mladistv\u00fdch.<br \/>\n&#8211; Rada se sezn\u00e1mila s rozsudkem Nejvy\u0161\u0161\u00edho spr\u00e1vn\u00edho soudu ze dne 31. b\u0159ezna 2022, \u010d.j. 5 As 368\/2019, kter\u00fdm byla zam\u00edtnuta kasa\u010dn\u00ed st\u00ed\u017enost Rady proti rozsudku M\u011bstsk\u00e9ho soudu v Praze<br \/>\nze dne 17. \u0159\u00edjna 2019, \u010d.j. 10A 123\/2019, kter\u00fdm bylo zru\u0161eno rozhodnut\u00ed Rady ze dne 30. dubna 2019, sp.zn. RRTV\/2019\/03\/rud, \u010d.j. RRTV\/6352\/2019-rud, j\u00edm\u017e byla provozovateli televizn\u00edho<br \/>\nvys\u00edl\u00e1n\u00ed, spole\u010dnosti Barrandov Televizn\u00ed Studio a.s., ulo\u017eena pokuta ve v\u00fd\u0161i 200 000 K\u010d za poru\u0161en\u00ed ustanoven\u00ed \u00a7 31 odst. 2 z\u00e1kona \u010d. 231\/2001 Sb., kter\u00e9ho se dopustil odvys\u00edl\u00e1n\u00edm po\u0159adu<br \/>\nMoje zpr\u00e1vy, respektive p\u0159\u00edsp\u011bvku Ryba smrd\u00ed od hlavy dne 20. listopadu 2018 od 20:05 hodin na programu Televize Barrandov.<br \/>\n&#8211; Rada coby \u00fast\u0159edn\u00ed spr\u00e1vn\u00ed \u00fa\u0159ad na z\u00e1klad\u011b ustanoven\u00ed \u00a7 5 p\u00edsm. a) z\u00e1kona \u010d. 231\/2001 Sb., o provozov\u00e1n\u00ed rozhlasov\u00e9ho a televizn\u00edho vys\u00edl\u00e1n\u00ed a o zm\u011bn\u011b dal\u0161\u00edch z\u00e1kon\u016f, v platn\u00e9m zn\u011bn\u00ed (d\u00e1le<br \/>\njen z\u00e1kon \u010d. 231\/2001 Sb.) a podle ustanoven\u00ed \u00a7 86 odst. 1 p\u00edsm. c) z\u00e1kona \u010d. 250\/2016 Sb., o odpov\u011bdnosti za p\u0159estupky a \u0159\u00edzen\u00ed o nich, vydala dne 26. dubna 2022 toto usnesen\u00ed: Rada<br \/>\nzastavuje s provozovatelem Barrandov Televizn\u00ed Studio a.s., I\u010c 41693311, s\u00eddlem K\u0159\u00ed\u017eeneck\u00e9ho n\u00e1m. 322, Praha 5, PS\u010c 152 00, \u0159\u00edzen\u00ed o p\u0159estupku veden\u00e9 pro mo\u017en\u00e9 poru\u0161en\u00ed ustanoven\u00ed \u00a7 31<br \/>\nodst. 2 z\u00e1kona \u010d. 231\/2001 Sb., kter\u00e9ho se mohl dopustit odvys\u00edl\u00e1n\u00edm po\u0159adu Moje zpr\u00e1vy, respektive p\u0159\u00edsp\u011bvku Ryba smrd\u00ed od hlavy dne 20. listopadu 2018 od 20:05 hodin na programu<br \/>\nTelevize Barrandov, nebo\u0165 sp\u00e1ch\u00e1n\u00ed skutku, o n\u011bm\u017e se vede \u0159\u00edzen\u00ed, nebylo obvin\u011bn\u00e9mu prok\u00e1z\u00e1no.<br \/>\n&#8211; Rada se sezn\u00e1mila se zpr\u00e1vou o pln\u011bn\u00ed Ak\u010dn\u00edho pl\u00e1nu realizace N\u00e1rodn\u00ed strategie prevence a sni\u017eov\u00e1n\u00ed \u0161kod spojen\u00fdch se z\u00e1vislostn\u00edm chov\u00e1n\u00edm 2019-2021.<\/p>\n<p><strong>AUDIOVIZU\u00c1LN\u00cd MEDI\u00c1LN\u00cd SLU\u017dBY NA VY\u017d\u00c1D\u00c1N\u00cd<\/strong><br \/>\n&#8211; Rada se sezn\u00e1mila s monitoringem audiovizu\u00e1ln\u00edch medi\u00e1ln\u00edch slu\u017eeb na vy\u017e\u00e1d\u00e1n\u00ed AHP video poskytovatele Miloslav Akrman; Infokan\u00e1l Horn\u00ed Lhoty poskytovatele Satturn Hole\u0161ov, s.r.o.;<br \/>\nMALL.TV poskytovatele Czech Video Center, a.s. a SledovaniTV poskytovatele sledovanitv.cz, s.r.o.<br \/>\n&#8211; Rada v r\u00e1mci sv\u00e9 p\u016fsobnosti dan\u00e9 ustanoven\u00edm \u00a7 4 odst. 1 z\u00e1kona \u010d. 132\/2010 Sb., o audiovizu\u00e1ln\u00edch medi\u00e1ln\u00edch slu\u017eb\u00e1ch na vy\u017e\u00e1d\u00e1n\u00ed a o zm\u011bn\u011b dal\u0161\u00edch z\u00e1kon\u016f (d\u00e1le jen z\u00e1kon<br \/>\n\u010d. 132\/2010 Sb.), v platn\u00e9m zn\u011bn\u00ed, konstatuje, \u017ee slu\u017eba Infokan\u00e1l Horn\u00ed Lhoty poskytovatele Satturn Hole\u0161ov, s.r.o., I\u010c 46900250, se s\u00eddlem Dla\u017e\u00e1nky 305\/16, Hole\u0161ov, PS\u010c 76901, p\u0159\u00edstupn\u00e1<br \/>\nna internetov\u00e9 adrese www.horni-lhota.cz, nenapl\u0148uje defini\u010dn\u00ed znaky audiovizu\u00e1ln\u00ed medi\u00e1ln\u00ed slu\u017eby na vy\u017e\u00e1d\u00e1n\u00ed, nebo\u0165 nedisponuje \u017e\u00e1dn\u00fdm audiovizu\u00e1ln\u00edm obsahem.<br \/>\n&#8211; Rada prov\u00e1d\u00ed v\u00fdmaz poskytovatele Satturn Hole\u0161ov, s.r.o., I\u010c 46900250, se s\u00eddlem Dla\u017e\u00e1nky 305\/16, Hole\u0161ov, z Evidence poskytovatel\u016f audiovizu\u00e1ln\u00edch medi\u00e1ln\u00edch slu\u017eeb na vy\u017e\u00e1d\u00e1n\u00ed, nebo\u0165<br \/>\ninternetov\u00e9 str\u00e1nky dostupn\u00e9 na adrese www.horni-lhota.cz, nejsou audiovizu\u00e1ln\u00ed medi\u00e1ln\u00ed slu\u017ebou na vy\u017e\u00e1d\u00e1n\u00ed dle z\u00e1kona \u010d. 132\/2010 Sb.<br \/>\n&#8211; Rada se sezn\u00e1mila se screeningem vys\u00edl\u00e1n\u00ed programu \u010cT Sport provozovatele \u010cesk\u00e1 televize ze dn\u016f 12. \u00fanora 2022, od 8:00 do 10:00 hodin a od 17:00 do 18:00 hodin; 14. \u00fanora 2022 od 0:00<br \/>\ndo 24:00 hodin a 15. \u00fanora 2022 od 01:00 do 08:00 hodin.&nbsp;<br \/>\n&#8211; Rada se sezn\u00e1mila s podan\u00fdm vysv\u011btlen\u00edm poskytovatele Barrandov Televizn\u00ed Studio a.s., z jak\u00e9ho d\u016fvodu nep\u0159edlo\u017eil Rad\u011b zpr\u00e1vu o zp\u016fsobu pln\u011bn\u00ed povinnosti stanoven\u00e9 ust. \u00a7 7 odst. 1, 2<br \/>\nz\u00e1kona \u010d. 132\/2010 Sb., o audiovizu\u00e1ln\u00edch medi\u00e1ln\u00edch slu\u017eb\u00e1ch na vy\u017e\u00e1d\u00e1n\u00ed.<br \/>\n&#8211; Rada v r\u00e1mci sv\u00e9 p\u016fsobnosti dan\u00e9 ustanoven\u00edm \u00a7 4 odst. 1 z\u00e1kona \u010d. 132\/2010 Sb., o audiovizu\u00e1ln\u00edch medi\u00e1ln\u00edch slu\u017eb\u00e1ch na vy\u017e\u00e1d\u00e1n\u00ed a o zm\u011bn\u011b dal\u0161\u00edch z\u00e1kon\u016f (d\u00e1le jen z\u00e1kon<br \/>\n\u010d. 132\/2010 Sb.), v platn\u00e9m zn\u011bn\u00ed, a na z\u00e1klad\u011b \u00a7 137 z\u00e1kona \u010d. 500\/2004 Sb., spr\u00e1vn\u00ed \u0159\u00e1d, \u017e\u00e1d\u00e1 spole\u010dnost Mediapoint Consulting s.r.o., I\u010c 27970043, s\u00eddlem Prokopova 166\/26, Plze\u0148, PS\u010c<br \/>\n30100, o pod\u00e1n\u00ed vysv\u011btlen\u00ed, z jak\u00e9ho d\u016fvodu Rad\u011b doposud neozn\u00e1mila poskytov\u00e1n\u00ed audiovizu\u00e1ln\u00ed medi\u00e1ln\u00ed slu\u017eby na vy\u017e\u00e1d\u00e1n\u00ed um\u00edst\u011bn\u00e9 na internetov\u00e9 adrese tv.plzen.cz. Rada stanovuje lh\u016ftu k<br \/>\npod\u00e1n\u00ed vysv\u011btlen\u00ed 30 dn\u00ed ode dne doru\u010den\u00ed v\u00fdzvy.<\/p>\n<p>V Praze dne 28. 4. 2022<br \/>\nIng. arch. V\u00e1clav Mencl<br \/>\np\u0159edseda Rady pro rozhlasov\u00e9<br \/>\na televizn\u00ed vys\u00edl\u00e1n\u00ed<br \/>\nkontakt: podatelna@rrtv.cz<br \/>\n274 813 830<\/p>\n","protected":false},"excerpt":{"rendered":"<p>Rada pro rozhlasov\u00e9 a televizn\u00ed vys\u00edl\u00e1n\u00ed (d\u00e1le jen &#8222;Rada&#8220;) na sv\u00e9m 7. zased\u00e1n\u00ed projednala 36 bod\u016f programu. Vyhodnotila 13 st\u00ed\u017enost\u00ed div\u00e1k\u016f a poslucha\u010d\u016f, vydala 19 upozorn\u011bn\u00ed na poru\u0161en\u00ed z\u00e1kona.<\/p>\n","protected":false},"author":1,"featured_media":0,"comment_status":"open","ping_status":"open","sticky":false,"template":"","format":"standard","meta":{"ngg_post_thumbnail":0,"footnotes":""},"categories":[11],"tags":[],"class_list":["post-12657","post","type-post","status-publish","format-standard","hentry","category-ozvena"],"_links":{"self":[{"href":"https:\/\/www.ladislavjakl.cz\/index.php?rest_route=\/wp\/v2\/posts\/12657","targetHints":{"allow":["GET"]}}],"collection":[{"href":"https:\/\/www.ladislavjakl.cz\/index.php?rest_route=\/wp\/v2\/posts"}],"about":[{"href":"https:\/\/www.ladislavjakl.cz\/index.php?rest_route=\/wp\/v2\/types\/post"}],"author":[{"embeddable":true,"href":"https:\/\/www.ladislavjakl.cz\/index.php?rest_route=\/wp\/v2\/users\/1"}],"replies":[{"embeddable":true,"href":"https:\/\/www.ladislavjakl.cz\/index.php?rest_route=%2Fwp%2Fv2%2Fcomments&post=12657"}],"version-history":[{"count":6,"href":"https:\/\/www.ladislavjakl.cz\/index.php?rest_route=\/wp\/v2\/posts\/12657\/revisions"}],"predecessor-version":[{"id":12663,"href":"https:\/\/www.ladislavjakl.cz\/index.php?rest_route=\/wp\/v2\/posts\/12657\/revisions\/12663"}],"wp:attachment":[{"href":"https:\/\/www.ladislavjakl.cz\/index.php?rest_route=%2Fwp%2Fv2%2Fmedia&parent=12657"}],"wp:term":[{"taxonomy":"category","embeddable":true,"href":"https:\/\/www.ladislavjakl.cz\/index.php?rest_route=%2Fwp%2Fv2%2Fcategories&post=12657"},{"taxonomy":"post_tag","embeddable":true,"href":"https:\/\/www.ladislavjakl.cz\/index.php?rest_route=%2Fwp%2Fv2%2Ftags&post=12657"}],"curies":[{"name":"wp","href":"https:\/\/api.w.org\/{rel}","templated":true}]}}