{"id":12670,"date":"2022-05-16T08:53:32","date_gmt":"2022-05-16T06:53:32","guid":{"rendered":"https:\/\/www.ladislavjakl.cz\/?p=12670"},"modified":"2022-05-16T08:54:47","modified_gmt":"2022-05-16T06:54:47","slug":"ladislav-jakl-budeme-dale-chudnout-a-svobody-bude-ubyvat-jak-dlouho","status":"publish","type":"post","link":"https:\/\/www.ladislavjakl.cz\/?p=12670","title":{"rendered":"Ladislav Jakl: Budeme d\u00e1le chudnout a svobody bude ub\u00fdvat. Jak dlouho?"},"content":{"rendered":"<div class=\"elementor-element elementor-element-1d775077 elementor-widget elementor-widget-text-editor\" data-id=\"1d775077\" data-element_type=\"widget\" data-widget_type=\"text-editor.default\">\n<div class=\"elementor-widget-container\">\n<div class=\"elementor-text-editor elementor-clearfix\">\n<p>V\u00e1lka na Ukrajin\u011b, zdra\u017eov\u00e1n\u00ed, ale i m\u00edra svobody slova. Kdy je podle Ladislava Jakla mo\u017en\u00e1 dohoda mezi ob\u011bma zem\u011bmi, co by m\u011bla na\u0161e vl\u00e1da ud\u011blat pro sv\u00e9 ob\u010dany, jak vid\u00ed zdravotn\u00ed stav prezidenta Putina? Nejen o t\u011bchto t\u00e9matech&nbsp; v eskluzivn\u00edm rozhovoru pro VIPosobnosti.cz.<\/p>\n<\/div>\n<\/div>\n<\/div>\n<p><!--more--><\/p>\n<div class=\"elementor-element elementor-element-1dc35618 elementor-widget elementor-widget-text-editor\" data-id=\"1dc35618\" data-element_type=\"widget\" data-widget_type=\"text-editor.default\">\n<div class=\"elementor-widget-container\">\n<div class=\"elementor-text-editor elementor-clearfix\">\n<p><strong>O\u010dek\u00e1van\u00fd konec v\u00e1lky je z\u0159ejm\u011b zat\u00edm v nedohlednu, co za t\u00edm podle v\u00e1s stoj\u00ed?<\/strong><\/p>\n<p>Co se faktick\u00fdch c\u00edl\u016f v\u00e1lky t\u00fd\u010de, mohla by skon\u010dit t\u0159eba z\u00edtra. Nebo dejme tomu po dobyt\u00ed tajn\u00fdch podzemn\u00edch objekt\u016f pod Azovstalem v Mariupolu a mo\u017en\u00e1 po naru\u0161en\u00ed je\u0161t\u011b n\u011bjak\u00fdch zbyl\u00fdch logistick\u00fdch c\u00edl\u016f na Ukrajin\u011b. Ob\u011b strany z jist\u00e9ho pohledu dos\u00e1hly sv\u00e9ho. Rusk\u00e1 dos\u00e1hla p\u0159\u00edslibu nevstupu Ukrajiny do NATO, nemo\u017enost budov\u00e1n\u00ed v\u00fdznamn\u00fdch \u00fato\u010dn\u00fdch post\u016f, znemo\u017en\u011bn\u00ed \u00fatoku na ruskou men\u0161inu p\u0159edev\u0161\u00edm na Krymu a v Donbasu a zni\u010den\u00ed paramilit\u00e1rn\u00edch extremistick\u00fdch odd\u00edl\u016f, co\u017e byly deklarovan\u00e9 c\u00edle na za\u010d\u00e1tku rusk\u00e9ho vp\u00e1du na Ukrajinu. Ukrajinsk\u00e1 strana naopak zachovala nepora\u017eenost sv\u00e9 arm\u00e1dy jako celku, udr\u017eela vl\u00e1dnouc\u00ed re\u017eim beze zm\u011bny a zabr\u00e1nila obsazen\u00ed v\u011bt\u0161\u00ed \u010d\u00e1sti sv\u00e9ho \u00fazem\u00ed. Je\u0161t\u011b by podle mne mohla vyjednat n\u011bjak\u00e9 v\u011bt\u0161\u00ed finan\u010dn\u00ed pln\u011bn\u00ed reparac\u00ed od Ruska.<\/p>\n<p>Jen\u017ee v\u00e1lky se \u010dasto nevedou jen o re\u00e1ln\u00e9 faktick\u00e9 c\u00edle, ale tak\u00e9 o dom\u00e1c\u00ed podporu. Ob\u011b strany budou ochotny k m\u00edrov\u00e9 dohod\u011b teprve tehdy, a\u017e budou moci sv\u016fj lid a sv\u00e9 z\u00e1jmov\u00e9 skupiny p\u0159esv\u011bd\u010dit o tom, \u017ee to ony vyhr\u00e1ly. Proto\u017ee por\u00e1\u017eku neunese ve\u0159ejnost a silov\u00e9 skupiny ani jedn\u00e9 zem\u011b a veden\u00ed obou zem\u00ed by vn\u00edman\u00e1 por\u00e1\u017eka st\u00e1la holou existenci. Tak\u017ee se te\u010f bojuje vlastn\u011b pouze o zachov\u00e1n\u00ed tv\u00e1\u0159e. Plus je t\u0159eba dodat, \u017ee v\u00fdznamn\u00e9 t\u0159et\u00ed s\u00edly \u2013 p\u0159edev\u0161\u00edm \u010c\u00edna a USA \u2013 z\u00e1jem na ukon\u010den\u00ed v\u00e1lky nemaj\u00ed, v\u00e1lka toti\u017e oslabuje jejich vojensk\u00e9 i ekonomick\u00e9 soupe\u0159e. A ob\u011b velmoci maj\u00ed tis\u00edc a jednu mo\u017enost, jak ob\u010das p\u0159il\u00edt olej do ohn\u011b. Kdo si to odsk\u00e1\u010de, jsou nejen ob\u011b bojuj\u00edc\u00ed zem\u011b, ale i zbytek cel\u00e9 Evropy. A tedy i my.<\/p>\n<\/div>\n<\/div>\n<\/div>\n<div class=\"elementor-element elementor-element-c352d3a elementor-widget elementor-widget-text-editor\" data-id=\"c352d3a\" data-element_type=\"widget\" data-widget_type=\"text-editor.default\">\n<div class=\"elementor-widget-container\">\n<div class=\"elementor-text-editor elementor-clearfix\">\n<p><strong>M\u00e9dia p\u0159in\u00e1\u0161ej\u00ed fotky i informace o zhor\u0161uj\u00edc\u00edm stavu Putina. Je na tom podle v\u00e1s opravdu tak \u0161patn\u011b?<\/strong><\/p>\n<\/div>\n<\/div>\n<\/div>\n<div class=\"elementor-element elementor-element-500900bf elementor-widget elementor-widget-text-editor\" data-id=\"500900bf\" data-element_type=\"widget\" data-widget_type=\"text-editor.default\">\n<div class=\"elementor-widget-container\">\n<div class=\"elementor-text-editor elementor-clearfix\">\n<p><strong>&nbsp;<\/strong>Jsem opravdu dojat p\u00e9\u010d\u00ed m\u00e9di\u00ed o kondici sv\u011btov\u00fdch celebrit. D\u00edky tomu lidstvo nen\u00ed ochuzeno o ka\u017ed\u00e9 k\u00fdchnut\u00ed do kapesn\u00edku u britsk\u00e9 kr\u00e1lovny, americk\u00e9ho \u010di rusk\u00e9ho prezidenta nebo n\u011bjak\u00e9 t\u00e9 hv\u011bzdy \u0161oubyznysu.<\/p>\n<p><strong>Podle mnoha lid\u00ed&nbsp; je pro na\u0161i vl\u00e1du p\u0159edn\u011bj\u0161\u00ed Ukrajina ne\u017e na\u0161e zem, kter\u00e1 se pot\u00fdk\u00e1 nejen s dramatick\u00fdm zvy\u0161ov\u00e1n\u00edm cen. Jak\u00e9 c\u00edle si t\u00edm sleduje a pro\u010d?<\/strong><\/p>\n<p>Takhle ost\u0159e to nevid\u00edm. P\u0159eci jen na\u0161i vl\u00e1du nevol\u00ed Ukrajinci (i kdy\u017e kdov\u00ed, jak to bude za n\u011bjak\u00fdch sedm let). Faktem ale je, \u017ee jist\u00e1 citlivost v\u016f\u010di \u010desk\u00e9 ve\u0159ejnosti by byla nam\u00edst\u011b. Lid\u00e9 se pr\u00e1vem ptaj\u00ed na to, pro\u010d jsou n\u011bkter\u00e9 st\u00e1tn\u00ed podpory v\u00e1z\u00e1ny na soci\u00e1ln\u00ed pom\u011bry rodiny, zat\u00edmco u Ukrajinc\u016f tomu tak nen\u00ed a o podporu m\u016f\u017ee u n\u00e1s \u00fasp\u011b\u0161n\u011b \u017e\u00e1dat i ukrajinsk\u00fd zbohatl\u00edk.<\/p>\n<p><strong>Mluv\u00ed se o ekonomick\u00e9m kolapsu Ameriky, rozpadu EU, ale i o situaci, \u017ee si bude ka\u017ed\u00e1 zem\u011b vl\u00e1dnout sama a bude sob\u011bsta\u010dn\u00e1. Je to iluze nebo fakt?<\/strong><\/p>\n<\/div>\n<\/div>\n<\/div>\n<div class=\"elementor-element elementor-element-48a2a561 elementor-widget elementor-widget-text-editor\" data-id=\"48a2a561\" data-element_type=\"widget\" data-widget_type=\"text-editor.default\">\n<div class=\"elementor-widget-container\">\n<div class=\"elementor-text-editor elementor-clearfix\">\n<p>No, to je toho moc najednou. Faktem ale je, \u017ee Z\u00e1pad m\u00e1 sv\u00e1 lep\u0161\u00ed l\u00e9ta za sebou a destrukc\u00ed osv\u011bd\u010den\u00fdch spole\u010densk\u00fdch struktur a snahou porou\u010det v\u011btru a de\u0161ti si p\u0159ivodil nejv\u011bt\u0161\u00ed soci\u00e1ln\u00ed krizi od 2. sv\u011btov\u00e9 v\u00e1lky. To nutn\u011b bude m\u00edt i politick\u00e9 d\u016fsledky. Ale jist\u011b ne v horizontu n\u011bkolika m\u00e1lo let. Nyn\u00ed n\u00e1s sp\u00ed\u0161e \u010dek\u00e1 to, \u017ee mocensk\u00e9 struktury vyu\u017eij\u00ed sou\u010dasn\u00e9 bezpe\u010dnostn\u00ed a soci\u00e1ln\u00ed krize k dal\u0161\u00edmu utahov\u00e1n\u00ed \u0161roub\u016f.<\/p>\n<p><strong>Jak se tedy podle v\u00e1s cel\u00e1 tato politicko-ekonomick\u00e1 krize, informa\u010dn\u00ed v\u00e1lka bude d\u00e1l vyv\u00edjet?<\/strong><\/p>\n<p>Budeme d\u00e1le chudnout a svobody bude d\u00e1l ub\u00fdvat. Jak dlouho a jak dalece, to se uvid\u00ed. Probl\u00e9m je v tom, \u017ee mnoho lid\u00ed si nech\u00e1 l\u00edbit skoro v\u0161echno.<\/p>\n<p><strong>Vy, V\u00e1clav Klaus a mnoho dal\u0161\u00edch osobnost\u00ed zauj\u00edm\u00e1te odli\u0161n\u00fd postoj, a to ke covidu, v\u00e1lce\u2026, co\u017e je trnem v oku opa\u010dn\u00e9mu t\u00e1boru. V n\u011bkter\u00fdch m\u00e9di\u00edch jste se kv\u016fli tomu dostali na black list. Jak vn\u00edm\u00e1te jako vystudovan\u00fd \u017eurnalista svobodu projevu?<\/strong><\/p>\n<p>Svoboda slova p\u0159in\u00e1\u0161\u00ed jist\u00e1 rizika. Moc, kterou nikdo po\u0159\u00e1dn\u011b nekontroluje, v\u0161ak \u010dasto zapom\u00edn\u00e1 na to, \u017ee tato rizika jsou mnohem men\u0161\u00ed, ne\u017e rizika plynouc\u00ed z potla\u010den\u00ed svobody slova. Ale kdo se boj\u00ed slov, ukazuje svou vnit\u0159n\u00ed slabost a nejistotu.<\/p>\n<p><a href=\"https:\/\/viposobnosti.cz\/clanky\/o-podporu-muze-u-nas-uspesne-zadat-i-ukrajinsky-zbohatlik-rika-ladislav-jakl\/\">Zdroj<\/a><\/p>\n<\/div>\n<\/div>\n<\/div>\n","protected":false},"excerpt":{"rendered":"<p>V\u00e1lka na Ukrajin\u011b, zdra\u017eov\u00e1n\u00ed, ale i m\u00edra svobody slova. Kdy je podle Ladislava Jakla mo\u017en\u00e1 dohoda mezi ob\u011bma zem\u011bmi, co by m\u011bla na\u0161e vl\u00e1da ud\u011blat pro sv\u00e9 ob\u010dany, jak vid\u00ed zdravotn\u00ed stav prezidenta Putina? Nejen o t\u011bchto t\u00e9matech&nbsp; v eskluzivn\u00edm rozhovoru pro VIPosobnosti.cz.<\/p>\n","protected":false},"author":1,"featured_media":0,"comment_status":"open","ping_status":"open","sticky":false,"template":"","format":"standard","meta":{"ngg_post_thumbnail":0,"footnotes":""},"categories":[13],"tags":[],"class_list":["post-12670","post","type-post","status-publish","format-standard","hentry","category-rozhovory"],"_links":{"self":[{"href":"https:\/\/www.ladislavjakl.cz\/index.php?rest_route=\/wp\/v2\/posts\/12670","targetHints":{"allow":["GET"]}}],"collection":[{"href":"https:\/\/www.ladislavjakl.cz\/index.php?rest_route=\/wp\/v2\/posts"}],"about":[{"href":"https:\/\/www.ladislavjakl.cz\/index.php?rest_route=\/wp\/v2\/types\/post"}],"author":[{"embeddable":true,"href":"https:\/\/www.ladislavjakl.cz\/index.php?rest_route=\/wp\/v2\/users\/1"}],"replies":[{"embeddable":true,"href":"https:\/\/www.ladislavjakl.cz\/index.php?rest_route=%2Fwp%2Fv2%2Fcomments&post=12670"}],"version-history":[{"count":2,"href":"https:\/\/www.ladislavjakl.cz\/index.php?rest_route=\/wp\/v2\/posts\/12670\/revisions"}],"predecessor-version":[{"id":12672,"href":"https:\/\/www.ladislavjakl.cz\/index.php?rest_route=\/wp\/v2\/posts\/12670\/revisions\/12672"}],"wp:attachment":[{"href":"https:\/\/www.ladislavjakl.cz\/index.php?rest_route=%2Fwp%2Fv2%2Fmedia&parent=12670"}],"wp:term":[{"taxonomy":"category","embeddable":true,"href":"https:\/\/www.ladislavjakl.cz\/index.php?rest_route=%2Fwp%2Fv2%2Fcategories&post=12670"},{"taxonomy":"post_tag","embeddable":true,"href":"https:\/\/www.ladislavjakl.cz\/index.php?rest_route=%2Fwp%2Fv2%2Ftags&post=12670"}],"curies":[{"name":"wp","href":"https:\/\/api.w.org\/{rel}","templated":true}]}}