{"id":1268,"date":"2011-09-09T12:57:06","date_gmt":"2011-09-09T11:57:06","guid":{"rendered":"http:\/\/www.ladislavjakl.cz\/?p=1268"},"modified":"2011-09-09T12:57:06","modified_gmt":"2011-09-09T11:57:06","slug":"jakl-na-prednasce-zpochybnil-opravnenost-valky-v-afghanistanu","status":"publish","type":"post","link":"https:\/\/www.ladislavjakl.cz\/?p=1268","title":{"rendered":"Jakl na p\u0159edn\u00e1\u0161ce zpochybnil opr\u00e1vn\u011bnost v\u00e1lky v Afgh\u00e1nist\u00e1nu"},"content":{"rendered":"<div>Prezident\u016fv tajemn\u00edk Ladislav Jakl se na  p\u0159edn\u00e1\u0161ce o teroristick\u00e9m \u00fatoku v USA z 11. z\u00e1\u0159\u00ed 2001 a jeho n\u00e1sledc\u00edch  ost\u0159e pustil do afgh\u00e1nsk\u00e9 v\u00e1lky. Zpochybnil jej\u00ed opr\u00e1vn\u011bnost. A to i  p\u0159esto, \u017ee pravicov\u00e9 vl\u00e1dy podporuj\u00ed misi \u010desk\u00fdch voj\u00e1k\u016f v t\u00e9to zemi.<\/div>\n<div><\/div>\n<div><!--more--><\/div>\n<div><\/div>\n<div>\n<table id=\"opener-img\" border=\"0\" width=\"100\">\n<tbody>\n<tr>\n<td colspan=\"2\">\n<div><a href=\"http:\/\/zpravy.idnes.cz\/jakl-na-prednasce-zpochybnil-opravnenost-valky-v-afghanistanu-p76-\/Foto.aspx?r=domaci&amp;foto1=ACC21cd9b_IMG_9602.JPG\"> <img loading=\"lazy\" decoding=\"async\" src=\"http:\/\/i.idnes.cz\/08\/032\/cl6\/ACC21cd9b_IMG_9602.JPG\" alt=\"Ladislav Jakl\" width=\"630\" height=\"420\" \/> <\/a><\/div>\n<\/td>\n<\/tr>\n<tr>\n<td colspan=\"2\">Jakl kritizoval, \u017ee se afgh\u00e1nsk\u00e9 ta\u017een\u00ed sna\u017eilo vym\u00fdtit terorismus v zemi, odkud nevze\u0161el. \t\t\t\t                         <span> | foto:\u00a0<span>Luk\u00e1\u0161 B\u00edba<\/span>,\u00a0<a href=\"http:\/\/www.idnes.cz\/\" target=\"_blank\">iDNES.cz<\/a> <\/span><\/td>\n<\/tr>\n<\/tbody>\n<\/table>\n<\/div>\n<div id=\"art-text\">\n<div>\n<p>&#8222;Reakc\u00ed na 11. z\u00e1\u0159\u00ed nebylo semknut\u00ed se kolem  individu\u00e1ln\u00edch svobod, ale kolem st\u00e1tu a jeho moci. N\u00e1sledovala v\u00e1lka v  Afgh\u00e1nist\u00e1nu,&#8220; \u0159ekl Jakl. Kritizoval, \u017ee afgh\u00e1nsk\u00e9 ta\u017een\u00ed se tam  pokou\u0161elo vym\u00fdtit terorismus, kter\u00fd odtamtud podle n\u011bj nevze\u0161el.<\/p>\n<p>&#8222;Se stejnou logikou m\u011bl b\u00fdt bombardov\u00e1n Rij\u00e1d, ti terorist\u00e9 byli toti\u017e mnoz\u00ed Sa\u00fad\u0161t\u00ed Arabov\u00e9,&#8220; dodal provokativn\u011b Jakl.<\/p>\n<div>\n<div><a href=\"http:\/\/zpravy.idnes.cz\/foto.aspx?foto1=BOS219dff_weigl1.jpg\" target=\"ifotozoom\"><img loading=\"lazy\" decoding=\"async\" title=\"Ji\u0159\u00ed Weigl, kancl\u00e9\u0159 prezidenta republiky V\u00e1clava Klause\" src=\"http:\/\/i.idnes.cz\/08\/031\/sp5\/BOS219dff_weigl1.jpg\" alt=\"Ji\u0159\u00ed Weigl, kancl\u00e9\u0159 prezidenta republiky V\u00e1clava Klause\" width=\"172\" height=\"129\" \/><\/a><\/div>\n<\/div>\n<p>Mu\u017ei z Kancel\u00e1\u0159e prezidenta republiky vystoupili na semin\u00e1\u0159i Centra pro ekonomiku a politiku &#8222;11. z\u00e1\u0159\u00ed \u2013 deset <a href=\"http:\/\/produkty.topkontakt.idnes.cz\/p\/uzijte-si-panoramaticky-pohled-z-balonoveho-kose-lette-s-nami\/9714122?rtype=V&amp;rmain=7812716&amp;ritem=9714122&amp;rclanek=12109289&amp;rslovo=424698&amp;showdirect=1\" target=\"_blank\">let<\/a> pot\u00e9&#8220;. Krom\u011b prezidentova tajemn\u00edka Jakla se tam objevil i kancl\u00e9\u0159 Ji\u0159\u00ed  Weigl coby moder\u00e1tor, p\u0159edn\u00e1\u0161el i premi\u00e9r\u016fv poradce Roman Joch.<\/p>\n<div>\n<div><a href=\"http:\/\/zpravy.idnes.cz\/foto.aspx?foto1=JW3535bc_joch.JPG\" target=\"ifotozoom\"><img loading=\"lazy\" decoding=\"async\" title=\"Roman Joch\" src=\"http:\/\/i.idnes.cz\/10\/082\/sp5\/JW3535bc_joch.JPG\" alt=\"Roman Joch\" width=\"172\" height=\"129\" \/><\/a><\/div>\n<\/div>\n<p>Ten  naopak ir\u00e1ckou a afgh\u00e1nskou misi sp\u00ed\u0161e chv\u00e1lil, ale vyslovil n\u00e1zor, \u017ee  NATO letos nem\u011blo zasahovat v Lybii. &#8222;Kadd\u00e1f\u00ed neu\u010dinil od roku 2003 <a href=\"http:\/\/produkty.topkontakt.idnes.cz\/p\/prodluzovaci-kabel-se-8-zasuvkami-a-vypinacem-tyrkysovy\/9602410?rtype=V&amp;rmain=7804965&amp;ritem=9602410&amp;rclanek=12109289&amp;rslovo=466606&amp;showdirect=1\" target=\"_blank\">jedin\u00e9<\/a> nep\u0159\u00e1telsk\u00e9 gesto proti n\u00e1m,&#8220; argumentoval.<\/p>\n<p>&#8222;Jasn\u011b,  NATO pomohlo Libyjc\u016fm. Ale byl \u017eivot na\u0161ich ob\u010dan\u016f ohro\u017een Kadd\u00e1f\u00edho  re\u017eimem? Nebyl. Ne, \u017ee bych pova\u017eoval v\u00e1lku proti Kadd\u00e1f\u00edmu za  nespravedlivou. Ale v na\u0161em z\u00e1jmu nebylo zbavit se pr\u00e1v\u011b toho tyrana, a  ne jin\u00e9ho,&#8220; \u0159ekl Joch MF DNES na dotaz, zda nap\u0159\u00edklad p\u0159ijet\u00ed  propu\u0161t\u011bn\u00e9ho teroristy z Lockerbie \u010di zadr\u017eovan\u00ed bulharsk\u00fdch zdravotn\u00edk\u016f  nejsou gesta proti z\u00e1padu.<\/p>\n<h3 id=\"---kdo-je-tu-za-araby-a-kdo-za-americany-\">&#8222;Kdo je tu za Araby? A kdo za Ameri\u010dany?&#8220;<\/h3>\n<p>N\u011bkolik stovek <a href=\"http:\/\/produkty.topkontakt.idnes.cz\/p\/hodinky-co-nosil-elvis-presley-nelson-mandela-i-grace-kelly-10932632\/10932632?rtype=V&amp;rmain=7822172&amp;ritem=10932632&amp;rclanek=12109289&amp;rslovo=424328&amp;showdirect=1\" target=\"_blank\">lid\u00ed<\/a> v publiku tleskalo u\u017e p\u0159i p\u0159\u00edchodu vystupuj\u00edc\u00edch, co\u017e Weigla \u00fadajn\u011b  dojalo. Ostatn\u011b zaskakoval za V\u00e1clava Klause, kter\u00fd ve\u010dery zpravidla  moderuje. O ta\u017een\u00ed do Ir\u00e1ku a Afgh\u00e1nist\u00e1nu mluvil kriticky i n\u00e1sleduj\u00edc\u00ed  \u0159e\u010dn\u00edk, Jan Eichler z \u00dastavu mezin\u00e1rodn\u00edch vztah\u016f. &#8222;Vyhran\u00e1 v\u00e1lka se  p\u0159eklopila v prohran\u00fd m\u00edr. Ztr\u00e1ty americk\u00fdch voj\u00e1k\u016f u\u017e p\u0159es\u00e1hly \u0161est  tis\u00edc, u civilist\u016f u\u017e je to odhadem 200 tis\u00edc a n\u00e1klady dos\u00e1hly podle  st\u0159\u00edzliv\u00fdch odhad\u016f bilion dolar\u016f.&#8220;<\/p>\n<p>Jakl o 11. z\u00e1\u0159\u00ed i vtipkoval:  &#8222;Kr\u00e1tili jsme si s kolegy chv\u00edli \u010dek\u00e1n\u00ed odleh\u010den\u00fdmi v\u011btami. Je dobr\u00e9  pokra\u010dovat v tradici, \u017ee diskuse m\u00e1 b\u00fdt vyv\u00e1\u017een\u00e1. A aby to bylo  vyv\u00e1\u017een\u00e9, ptal jsem se, kdo je tu za Araby?&#8220;<\/p>\n<p>Moder\u00e1tor Weiglmu  odpov\u011bd\u011bl: &#8222;No, sp\u00ed\u0161 kdo je tady za Ameri\u010dany?&#8220; Vzhledem ke kritice obou  v\u00e1lek Weigl zjevn\u011b v\u011bd\u011bl, o \u010dem mluv\u00ed. Jinak byla p\u0159edn\u00e1\u0161ka navzdory  pov\u011bsti \u00fa\u010dastn\u00edk\u016f sp\u00ed\u0161 krotk\u00e1.<\/p>\n<p>&#8222;Jeden\u00e1ct\u00e9 z\u00e1\u0159\u00ed fungovalo jako bud\u00ed\u010dek, \u017ee <a href=\"http:\/\/produkty.topkontakt.idnes.cz\/p\/fjodor-michaljovic-dostojevskij-zlocin-a-trest\/3698194?rtype=V&amp;rmain=7817324&amp;ritem=3698194&amp;rclanek=12109289&amp;rslovo=447724&amp;showdirect=1\" target=\"_blank\">d\u011bjiny<\/a> opravdu neskon\u010dily,&#8220; \u0159ekl Jakl. Jen kdy\u017e p\u0159i p\u0159edn\u00e1\u0161ce mluvil o  n\u00e1zorech Strany zelen\u00fdch, mluvil o extremistick\u00e9 Stran\u011b zelen\u00fdch.<\/p>\n<h3 id=\"--hajek-zustal-doma\">H\u00e1jek z\u016fstal doma<\/h3>\n<p><a href=\"http:\/\/produkty.topkontakt.idnes.cz\/p\/bezkonkurencni-xxl-mojito-se-slevou-60-1\/10846420?rtype=V&amp;rmain=7819771&amp;ritem=10846420&amp;rclanek=12109289&amp;rslovo=474762&amp;showdirect=1\" target=\"_blank\">Hodn\u011b<\/a> sv\u00e9r\u00e1zn\u00fd n\u00e1zor na ud\u00e1losti 11. z\u00e1\u0159\u00ed m\u00e1 dal\u0161\u00ed mu\u017e z Hradu, vicekancl\u00e9\u0159  Petr H\u00e1jek. P\u0159ed \u010dasem \u0159ekl, \u017ee existuje dosti re\u00e1ln\u00e1 mo\u017enost, \u017ee \u00fatoky  na Ameriku zorganizovaly tajn\u00e9 slu\u017eby USA. Mo\u017en\u00e1 proto ve \u010dtvrtek\u00a0mezi  vystupuj\u00edc\u00edmi nebyl.<\/p>\n<p>&#8222;M\u00e1m naprosto opa\u010dn\u00fd n\u00e1zor. On se objektivn\u011b m\u00fdl\u00ed,&#8220; prohl\u00e1sil je\u0161t\u011b na H\u00e1jkovu adresu Joch.<\/p><\/div>\n<\/div>\n<p><a href=\"http:\/\/zpravy.idnes.cz\/jakl-na-prednasce-zpochybnil-opravnenost-valky-v-afghanistanu-p76-\/domaci.aspx?c=A110908_220152_domaci_abr\" target=\"_blank\">Zdroj<\/a><\/p>\n","protected":false},"excerpt":{"rendered":"<p>Prezident\u016fv tajemn\u00edk Ladislav Jakl se na p\u0159edn\u00e1\u0161ce o teroristick\u00e9m \u00fatoku v USA z 11. z\u00e1\u0159\u00ed 2001 a jeho n\u00e1sledc\u00edch ost\u0159e pustil do afgh\u00e1nsk\u00e9 v\u00e1lky. Zpochybnil jej\u00ed opr\u00e1vn\u011bnost. A to i p\u0159esto, \u017ee pravicov\u00e9 vl\u00e1dy podporuj\u00ed misi \u010desk\u00fdch voj\u00e1k\u016f v t\u00e9to zemi.<\/p>\n","protected":false},"author":1,"featured_media":0,"comment_status":"open","ping_status":"open","sticky":false,"template":"","format":"standard","meta":{"ngg_post_thumbnail":0,"footnotes":""},"categories":[11],"tags":[],"class_list":["post-1268","post","type-post","status-publish","format-standard","hentry","category-ozvena"],"_links":{"self":[{"href":"https:\/\/www.ladislavjakl.cz\/index.php?rest_route=\/wp\/v2\/posts\/1268","targetHints":{"allow":["GET"]}}],"collection":[{"href":"https:\/\/www.ladislavjakl.cz\/index.php?rest_route=\/wp\/v2\/posts"}],"about":[{"href":"https:\/\/www.ladislavjakl.cz\/index.php?rest_route=\/wp\/v2\/types\/post"}],"author":[{"embeddable":true,"href":"https:\/\/www.ladislavjakl.cz\/index.php?rest_route=\/wp\/v2\/users\/1"}],"replies":[{"embeddable":true,"href":"https:\/\/www.ladislavjakl.cz\/index.php?rest_route=%2Fwp%2Fv2%2Fcomments&post=1268"}],"version-history":[{"count":1,"href":"https:\/\/www.ladislavjakl.cz\/index.php?rest_route=\/wp\/v2\/posts\/1268\/revisions"}],"predecessor-version":[{"id":1269,"href":"https:\/\/www.ladislavjakl.cz\/index.php?rest_route=\/wp\/v2\/posts\/1268\/revisions\/1269"}],"wp:attachment":[{"href":"https:\/\/www.ladislavjakl.cz\/index.php?rest_route=%2Fwp%2Fv2%2Fmedia&parent=1268"}],"wp:term":[{"taxonomy":"category","embeddable":true,"href":"https:\/\/www.ladislavjakl.cz\/index.php?rest_route=%2Fwp%2Fv2%2Fcategories&post=1268"},{"taxonomy":"post_tag","embeddable":true,"href":"https:\/\/www.ladislavjakl.cz\/index.php?rest_route=%2Fwp%2Fv2%2Ftags&post=1268"}],"curies":[{"name":"wp","href":"https:\/\/api.w.org\/{rel}","templated":true}]}}