{"id":12695,"date":"2022-05-27T13:16:07","date_gmt":"2022-05-27T11:16:07","guid":{"rendered":"https:\/\/www.ladislavjakl.cz\/?p=12695"},"modified":"2022-05-27T13:16:07","modified_gmt":"2022-05-27T11:16:07","slug":"energeticka-kocovina","status":"publish","type":"post","link":"https:\/\/www.ladislavjakl.cz\/?p=12695","title":{"rendered":"Energetick\u00e1 kocovina"},"content":{"rendered":"<p>Co je moc, to je moc. I otrl\u00e9ho \u010dten\u00e1\u0159e musela ohromit kombinace titulk\u016f v\u010derej\u0161\u00edch Lidov\u00fdch novin. Na jedn\u00e9 stran\u011b \u010dteme \u201eEnergie op\u011bt zdra\u017e\u00ed. Rekordn\u011b\u201c. A hned naproti stoj\u00ed \u201eV\u00e1lka by m\u011bla Green Deal urychlit\u201c.<\/p>\n<p><!--more--><br \/>\nCeny v\u0161ech energi\u00ed rostou u\u017e l\u00e9ta. A tenhle r\u016fst se posledn\u00ed dobou urychluje. Pro\u010d? Proto\u017ee \u0159e\u0161\u00edme, zda by nem\u011blo b\u00fdt na Zem\u011bkouli za sto let o dva stupn\u011b chladn\u011bji. Boj s&nbsp;podneb\u00edm ni\u010d\u00ed prosperitu, soci\u00e1ln\u00ed pom\u011bry lid\u00ed a zdra\u017euje \u00fapln\u011b v\u0161e. Postupn\u011b, trvale, ale i ve skoc\u00edch.<\/p>\n<p>Jeden z&nbsp;nejv\u011bt\u0161\u00edch skok\u016f nastal loni v&nbsp;druh\u00e9 polovin\u011b roku. Se\u010detl se efekt ni\u017e\u0161\u00edho po\u010dtu slune\u010dn\u00fdch dn\u016f s&nbsp;efektem ni\u017e\u0161\u00edho po\u010dtu dn\u016f v\u011btrn\u00fdch, dopad zav\u0159en\u00ed n\u011bmeck\u00fdch jadern\u00fdch elektr\u00e1ren, raketov\u011b vzrostla cena emisn\u00edch povolenek, jist\u00e9ho v\u00fdpaln\u00e9ho za to, \u017ee si je\u0161t\u011b n\u011bkdo dovol\u00ed u\u017e\u00edvat jinak spolehliv\u00e9 a rentabiln\u00ed fosiln\u00ed zdroje. To v\u0161e se prom\u00edtlo do takov\u00e9ho r\u016fstu cen energi\u00ed, jak\u00fd tu nebyl od roku 1973.<\/p>\n<p>Na podzim nastala vlna krachu energetick\u00fdch spole\u010dnost\u00ed, kter\u00e9 nebyly schopny dost\u00e1t z\u00e1vazk\u016fm plynouc\u00edch ze&nbsp;smluvn\u011b p\u0159isl\u00edben\u00fdch dlouhodob\u00fdch z\u00e1kaznick\u00fdch cen. Zv\u00fd\u0161en\u00e9 ceny elekt\u0159iny se okam\u017eit\u011b p\u0159elily do cen ostatn\u00edch energi\u00ed a nakonec do v\u0161ech dal\u0161\u00edch cen, a tak p\u0159isp\u011bly k&nbsp;loni rozto\u010den\u00e9 inflaci.<\/p>\n<p>Jen\u017ee n\u011bkdo tu spol\u00e9h\u00e1 na na\u0161i kr\u00e1tkou pam\u011b\u0165, tak\u017ee n\u00e1m dnes obh\u00e1jci krok\u016f, vedouc\u00edch k&nbsp;drahot\u011b, tvrd\u00ed, \u017ee za n\u00e1r\u016fst cen energi\u00ed m\u016f\u017ee rusk\u00e1 v\u00e1lka na Ukrajin\u011b. Jen\u017ee ta (narozd\u00edl od sankc\u00ed) zat\u00edm \u017e\u00e1dn\u00fd p\u0159\u00edm\u00fd dopad do cen energi\u00ed nezaznamenala, zat\u00edmco pochod bojovn\u00edk\u016f s&nbsp;podneb\u00edm nejen nezpomaluje, ale naopak zrychluje. Z hlavn\u00edho vin\u00edka drahoty, j\u00edm\u017e je sen \u0161\u00edlen\u00fdch aktivist\u016f \u2013 bojovn\u00edk\u016f s&nbsp;podneb\u00edm, tak lze bez uzard\u011bn\u00ed ud\u011blat naopak l\u00e9k na drahotu a tak\u00e9 pr\u00fd na energetickou bezpe\u010dnost. A paseka, kterou nad\u011blal pr\u00e1v\u011b Green Deal, se m\u00e1 d\u00e1vat dopo\u0159\u00e1dku pr\u00e1v\u011b Green Dealem.<\/p>\n<p>Mo\u017en\u00e1 u z\u00e1visl\u00fdch alkoholik\u016f plat\u00ed r\u010den\u00ed \u201e\u010d\u00edm ses v\u010dera zkazil, t\u00edm se dnes naprav\u201c. I u nich to v\u0161ak funguje jen na chv\u00edli, dlouhodob\u011b je tahle metoda cestou do pekla. U energetick\u00e9 politiky je v\u0161ak napravov\u00e1n\u00ed \u0161kod politikou, kter\u00e1 p\u0159itom tyto \u0161kody sama zp\u016fsobila, cestou do pekla p\u0159\u00edmou, bez \u00falevy, bez zast\u00e1vky.<\/p>\n<p>Ladislav Jakl, 26. kv\u011btna 2022<\/p>\n<p><a href=\"https:\/\/www.institutvk.cz\/clanky\/1965.html\">Zdroj<\/a><\/p>\n","protected":false},"excerpt":{"rendered":"<p>Co je moc, to je moc. I otrl\u00e9ho \u010dten\u00e1\u0159e musela ohromit kombinace titulk\u016f v\u010derej\u0161\u00edch Lidov\u00fdch novin. Na jedn\u00e9 stran\u011b \u010dteme \u201eEnergie op\u011bt zdra\u017e\u00ed. Rekordn\u011b\u201c. A hned naproti stoj\u00ed \u201eV\u00e1lka by m\u011bla Green Deal urychlit\u201c.<\/p>\n","protected":false},"author":1,"featured_media":0,"comment_status":"open","ping_status":"open","sticky":false,"template":"","format":"standard","meta":{"ngg_post_thumbnail":0,"footnotes":""},"categories":[10],"tags":[],"class_list":["post-12695","post","type-post","status-publish","format-standard","hentry","category-zlehka"],"_links":{"self":[{"href":"https:\/\/www.ladislavjakl.cz\/index.php?rest_route=\/wp\/v2\/posts\/12695","targetHints":{"allow":["GET"]}}],"collection":[{"href":"https:\/\/www.ladislavjakl.cz\/index.php?rest_route=\/wp\/v2\/posts"}],"about":[{"href":"https:\/\/www.ladislavjakl.cz\/index.php?rest_route=\/wp\/v2\/types\/post"}],"author":[{"embeddable":true,"href":"https:\/\/www.ladislavjakl.cz\/index.php?rest_route=\/wp\/v2\/users\/1"}],"replies":[{"embeddable":true,"href":"https:\/\/www.ladislavjakl.cz\/index.php?rest_route=%2Fwp%2Fv2%2Fcomments&post=12695"}],"version-history":[{"count":1,"href":"https:\/\/www.ladislavjakl.cz\/index.php?rest_route=\/wp\/v2\/posts\/12695\/revisions"}],"predecessor-version":[{"id":12696,"href":"https:\/\/www.ladislavjakl.cz\/index.php?rest_route=\/wp\/v2\/posts\/12695\/revisions\/12696"}],"wp:attachment":[{"href":"https:\/\/www.ladislavjakl.cz\/index.php?rest_route=%2Fwp%2Fv2%2Fmedia&parent=12695"}],"wp:term":[{"taxonomy":"category","embeddable":true,"href":"https:\/\/www.ladislavjakl.cz\/index.php?rest_route=%2Fwp%2Fv2%2Fcategories&post=12695"},{"taxonomy":"post_tag","embeddable":true,"href":"https:\/\/www.ladislavjakl.cz\/index.php?rest_route=%2Fwp%2Fv2%2Ftags&post=12695"}],"curies":[{"name":"wp","href":"https:\/\/api.w.org\/{rel}","templated":true}]}}