{"id":12709,"date":"2022-06-03T09:21:11","date_gmt":"2022-06-03T07:21:11","guid":{"rendered":"https:\/\/www.ladislavjakl.cz\/?p=12709"},"modified":"2022-06-03T09:21:11","modified_gmt":"2022-06-03T07:21:11","slug":"nenechme-si-ukrast-svobodne-volby","status":"publish","type":"post","link":"https:\/\/www.ladislavjakl.cz\/?p=12709","title":{"rendered":"NENECHME SI UKR\u00c1ST SVOBODN\u00c9 VOLBY!"},"content":{"rendered":"<p>Od roku 1989 pro\u0161la na\u0161e demokracie, vych\u00e1zej\u00edc\u00ed ze svobodn\u00fdch voleb soupe\u0159\u00edc\u00edch politick\u00fdch subjekt\u016f, mnoha \u00faskal\u00edmi. \u010celili jsme tendenc\u00edm zv\u00fdhod\u0148ovat velk\u00e9 strany na \u00fakor mal\u00fdch \u010di se \u00fa\u010delov\u011b m\u011bnily p\u0159epo\u010dty hlas\u016f, z\u00e1kladn\u00ed parametry svobodn\u00fdch, tajn\u00fdch a transparentn\u00edch voleb v\u0161ak a\u017e dosud byly zachov\u00e1ny.<\/p>\n<p><!--more--><\/p>\n<p>To m\u00e1 nyn\u00ed skon\u010dit. Vl\u00e1da Petra Fialy chce se svou parlamentn\u00ed v\u011bt\u0161inou zav\u00e9st koresponden\u010dn\u00ed hlasov\u00e1n\u00ed, je\u017e transparentn\u00ed pr\u016fb\u011bh voleb znemo\u017en\u00ed. Nic na tom nem\u011bn\u00ed fakt, \u017ee se tato procedura m\u00e1 prozat\u00edm t\u00fdkat jen \u010desk\u00fdch ob\u010dan\u016f, \u017eij\u00edc\u00edch v&nbsp;zahrani\u010d\u00ed.<\/p>\n<p>Pro\u010d koresponden\u010dn\u00ed volbu odm\u00edt\u00e1me?<\/p>\n<ul>\n<li>Ru\u0161\u00ed princip tajn\u00e9ho hlasov\u00e1n\u00ed, nebo\u0165 jej\u00edm zaveden\u00edm se otev\u00edr\u00e1 prostor pro kup\u010den\u00ed s&nbsp;hlasy \u010di vypl\u0148ov\u00e1n\u00ed volebn\u00edch l\u00edstk\u016f za asistence druh\u00fdch lid\u00ed, t\u0159eba i pod n\u00e1tlakem.<\/li>\n<li>Kdo m\u00e1 datab\u00e1zi obyvatel m\u016f\u017ee hlasovat za kohokoliv, od koho nep\u0159i\u0161la hlasovac\u00ed ob\u00e1lka.<\/li>\n<li>Ob\u00e1lky s hlasy jsou p\u0159ed vyhl\u00e1\u0161en\u00edm v\u00fdsledk\u016f voleb del\u0161\u00ed dobu skladov\u00e1ny, proto nelze vylou\u010dit, \u017ee s&nbsp;nimi bude \u00fa\u010delov\u011b manipulov\u00e1no.<\/li>\n<\/ul>\n<p>Zast\u00e1nci koresponden\u010dn\u00ed volby argumentuj\u00ed t\u00edm, \u017ee na\u0161i ob\u010dan\u00e9 v&nbsp;zahrani\u010d\u00ed budou m\u00edt \u00fa\u010dast ve volb\u00e1ch usnadn\u011bnou t\u00edm, \u017ee nebudou muset cestovat za volebn\u00ed urnou na na\u0161ich zastupitelsk\u00fdch \u00fa\u0159adech. Komfort pro relativn\u011b malou skupinu lid\u00ed v\u0161ak rozhodn\u011b nevyv\u00e1\u017e\u00ed riziko znev\u011brohodn\u011bn\u00ed volebn\u00edch v\u00fdsledk\u016f a tedy samotn\u00e9 legitimity parlamentn\u00ed demokracie.<\/p>\n<p><strong>Ti, kdo na zaveden\u00ed koresponden\u010dn\u00edch voleb tla\u010d\u00ed, maj\u00ed jedin\u00fd z\u00e1m\u011br \u2013 volby fal\u0161ovat.<\/strong><\/p>\n<p>Tak jako v&nbsp;rakousk\u00fdch \u010di americk\u00fdch prezidentsk\u00fdch volb\u00e1ch, i u n\u00e1s by se koresponden\u010dn\u00ed volba mohla st\u00e1t n\u00e1strojem k&nbsp;nelegitimn\u00edmu uchopen\u00ed moci.<\/p>\n<p>Proto pokud Fialova vl\u00e1da svou v\u016fli prosad\u00ed, ocitne se na\u0161e demokracie nad propast\u00ed.<\/p>\n<p><strong>ZABRA\u0147ME JIM V TOM!<\/strong><\/p>\n<p><strong><em>Ob\u010dan\u00e9 maj\u00ed pr\u00e1vo postavit se na odpor proti ka\u017ed\u00e9mu, kdo by odstra\u0148oval demokratick\u00fd \u0159\u00e1d lidsk\u00fdch pr\u00e1v a z\u00e1kladn\u00edch svobod, zalo\u017een\u00fd Listinou, jestli\u017ee \u010dinnost \u00fastavn\u00edch org\u00e1n\u016f a \u00fa\u010dinn\u00e9 pou\u017eit\u00ed z\u00e1konn\u00fdch prost\u0159edk\u016f jsou znemo\u017en\u011bny.<\/em><\/strong><\/p>\n<p>Listina z\u00e1kladn\u00edch pr\u00e1v a svobod, \u010dl\u00e1nek 23<\/p>\n<p><strong>Akce D.O.S.T. <\/strong>\u2013 Michal Sem\u00edn<\/p>\n<p><strong>Asociace nez\u00e1visl\u00fdch m\u00e9di\u00ed<\/strong> \u2013 Stanislav Novotn\u00fd<\/p>\n<p><strong>Aliance n\u00e1rodn\u00edch sil<\/strong> \u2013 Vladim\u00edra V\u00edtov\u00e1<\/p>\n<p><strong>Domov<\/strong> \u2013 Radek Nov\u00e1\u010dek<\/p>\n<p><strong>Hnut\u00ed Cesta<\/strong> \u2013 Jan M. Kub\u00edn<\/p>\n<p><strong>Jdeme spole\u010dn\u011b<\/strong> \u2013 Ji\u0159\u00ed Havel<\/p>\n<p><strong>Manifest<\/strong> \u2013 David Tesa\u0159<\/p>\n<p><strong>Odchod <\/strong>\u2013 Mat\u011bj Gregor<\/p>\n<p><strong>PES<\/strong> \u2013 Jakub Olbert<\/p>\n<p><strong>Spojenectv\u00ed <\/strong><em><strong>\u0158\u00edp<\/strong><\/em> \u2013 Anton\u00edn Baudy\u0161<\/p>\n<p><strong>Svobodn\u00ed<\/strong> \u2013 Lubo\u0161 Z\u00e1lom<\/p>\n<p><strong>Trikolora<\/strong> &#8211; Zuzana Majerov\u00e1 Zahradn\u00edkov\u00e1<\/p>\n<p><strong>Vra\u0165me d\u011bti do \u0161koly bez podm\u00ednek<\/strong> \u2013 V\u00e1clav Havl\u00ed\u010dek<\/p>\n<p><strong>Zlat\u00fd \u0161pendl\u00edk<\/strong> \u2013 Ivo Osovsk\u00fd<\/p>\n<p><strong>Zm\u011bna Matrixu<\/strong> &#8211; Aneta Hlin\u010d\u00edkov\u00e1<\/p>\n<p><strong>Hynek Bla\u0161ko<\/strong> \u2013 europoslanec<\/p>\n<p><strong>Ji\u0159\u00ed Hejlek<\/strong> &#8211; filosof<\/p>\n<p><strong>V\u00e1clav Hrab\u00e1k<\/strong> &#8211; Deklarace l\u00e9ka\u0159\u016f<\/p>\n<p><strong>Ji\u0159\u00ed Fuchs<\/strong> &#8211; filosof<\/p>\n<p><strong>Ladislav Jakl<\/strong> \u2013 pracovn\u00edk Institutu V\u00e1clava Klause<\/p>\n<p><strong>Otto Jarol\u00edmek<\/strong> \u2013 vysoko\u0161kolsk\u00fd pedagog<\/p>\n<p><strong>Milan Kn\u00ed\u017e\u00e1k<\/strong> &#8211; v\u00fdtvarn\u00edk<\/p>\n<p><strong>Ji\u0159\u00ed Kobza<\/strong> \u2013 poslanec SPD<\/p>\n<p><strong>Radom\u00edr Mal\u00fd<\/strong> &#8211; historik<\/p>\n<p><strong>Josef Neru\u0161il<\/strong> \u2013 p\u0159edseda SPD \u2013 Praha<\/p>\n<p><strong>Josef Nos<\/strong> \u2013 p\u00edsni\u010dk\u00e1\u0159<\/p>\n<p><strong>Ivo Strej\u010dek<\/strong> &#8211; pracovn\u00edk Institutu V\u00e1clava Klause<\/p>\n<p><strong>Alice Tomkov\u00e1<\/strong> &#8211; l\u00e9ka\u0159ka, po\u0159adatelka Vlasteneck\u00e9ho setk\u00e1n\u00ed v&nbsp;P\u0159\u00ed\u010dovech<\/p>\n<p><em>Toto prohl\u00e1\u0161en\u00ed lze podpo\u0159it zasl\u00e1n\u00edm podp\u016frn\u00e9ho stanoviska na <u><a href=\"mailto:akce-dost@seznam.cz\">akce-dost@seznam.cz<\/a><\/u> <\/em><\/p>\n<p>V&nbsp;Praze dne 1. \u010dervna 2022<\/p>\n<p>&nbsp;<\/p>\n","protected":false},"excerpt":{"rendered":"<p>Od roku 1989 pro\u0161la na\u0161e demokracie, vych\u00e1zej\u00edc\u00ed ze svobodn\u00fdch voleb soupe\u0159\u00edc\u00edch politick\u00fdch subjekt\u016f, mnoha \u00faskal\u00edmi. \u010celili jsme tendenc\u00edm zv\u00fdhod\u0148ovat velk\u00e9 strany na \u00fakor mal\u00fdch \u010di se \u00fa\u010delov\u011b m\u011bnily p\u0159epo\u010dty hlas\u016f, z\u00e1kladn\u00ed parametry svobodn\u00fdch, tajn\u00fdch a transparentn\u00edch voleb v\u0161ak a\u017e dosud byly zachov\u00e1ny.<\/p>\n","protected":false},"author":1,"featured_media":0,"comment_status":"open","ping_status":"open","sticky":false,"template":"","format":"standard","meta":{"ngg_post_thumbnail":0,"footnotes":""},"categories":[11],"tags":[],"class_list":["post-12709","post","type-post","status-publish","format-standard","hentry","category-ozvena"],"_links":{"self":[{"href":"https:\/\/www.ladislavjakl.cz\/index.php?rest_route=\/wp\/v2\/posts\/12709","targetHints":{"allow":["GET"]}}],"collection":[{"href":"https:\/\/www.ladislavjakl.cz\/index.php?rest_route=\/wp\/v2\/posts"}],"about":[{"href":"https:\/\/www.ladislavjakl.cz\/index.php?rest_route=\/wp\/v2\/types\/post"}],"author":[{"embeddable":true,"href":"https:\/\/www.ladislavjakl.cz\/index.php?rest_route=\/wp\/v2\/users\/1"}],"replies":[{"embeddable":true,"href":"https:\/\/www.ladislavjakl.cz\/index.php?rest_route=%2Fwp%2Fv2%2Fcomments&post=12709"}],"version-history":[{"count":1,"href":"https:\/\/www.ladislavjakl.cz\/index.php?rest_route=\/wp\/v2\/posts\/12709\/revisions"}],"predecessor-version":[{"id":12710,"href":"https:\/\/www.ladislavjakl.cz\/index.php?rest_route=\/wp\/v2\/posts\/12709\/revisions\/12710"}],"wp:attachment":[{"href":"https:\/\/www.ladislavjakl.cz\/index.php?rest_route=%2Fwp%2Fv2%2Fmedia&parent=12709"}],"wp:term":[{"taxonomy":"category","embeddable":true,"href":"https:\/\/www.ladislavjakl.cz\/index.php?rest_route=%2Fwp%2Fv2%2Fcategories&post=12709"},{"taxonomy":"post_tag","embeddable":true,"href":"https:\/\/www.ladislavjakl.cz\/index.php?rest_route=%2Fwp%2Fv2%2Ftags&post=12709"}],"curies":[{"name":"wp","href":"https:\/\/api.w.org\/{rel}","templated":true}]}}