{"id":12711,"date":"2022-06-03T09:23:20","date_gmt":"2022-06-03T07:23:20","guid":{"rendered":"https:\/\/www.ladislavjakl.cz\/?p=12711"},"modified":"2022-06-03T09:23:20","modified_gmt":"2022-06-03T07:23:20","slug":"predstaveni-knihy-ivk-valka-na-ukrajine","status":"publish","type":"post","link":"https:\/\/www.ladislavjakl.cz\/?p=12711","title":{"rendered":"P\u0159edstaven\u00ed knihy IVK \u201eV\u00e1lka na Ukrajin\u011b\u201c"},"content":{"rendered":"<p>V\u00e1clav Klaus p\u0159edstavuje spole\u010dn\u011b se sv\u00fdmi kolegy nejnov\u011bj\u0161\u00ed publikaci IVK o v\u00e1lce na Ukrajin\u011b. Tragick\u00fd v\u00fdvoj situace na Ukrajin\u011b naplnil na\u0161e varov\u00e1n\u00ed, \u017ee p\u0159etahovan\u00e1 o tuto zemi v minul\u00fdch letech byla nebezpe\u010dnou hrou. To, co se tam dnes d\u011bje, je trag\u00e9di\u00ed nejen pro Ukrajinu, ale i pro cel\u00fd region a jeho obyvatele. Je pouze na odpov\u011bdnosti a realismu politik\u016f a jejich schopnosti vz\u00edt si z dne\u0161n\u00ed lekce spr\u00e1vn\u00e9 ponau\u010den\u00ed. Dal\u0161\u00ed informace o knize naleznete na www.institutvk.cz.<\/p>\n<p><!--more--><\/p>\n<p><iframe loading=\"lazy\" title=\"V\u00e1lka na Ukrajin\u011b: P\u0159edstaven\u00ed nov\u00e9 knihy V\u00e1clava Klause a kolektivu IVK @ 30. 5. 2022\" width=\"500\" height=\"281\" src=\"https:\/\/www.youtube.com\/embed\/VtxG00XwTGA?feature=oembed\" frameborder=\"0\" allow=\"accelerometer; autoplay; clipboard-write; encrypted-media; gyroscope; picture-in-picture; web-share\" referrerpolicy=\"strict-origin-when-cross-origin\" allowfullscreen><\/iframe><\/p>\n","protected":false},"excerpt":{"rendered":"<p>V\u00e1clav Klaus p\u0159edstavuje spole\u010dn\u011b se sv\u00fdmi kolegy nejnov\u011bj\u0161\u00ed publikaci IVK o v\u00e1lce na Ukrajin\u011b. Tragick\u00fd v\u00fdvoj situace na Ukrajin\u011b naplnil na\u0161e varov\u00e1n\u00ed, \u017ee p\u0159etahovan\u00e1 o tuto zemi v minul\u00fdch letech byla nebezpe\u010dnou hrou. To, co se tam dnes d\u011bje, je trag\u00e9di\u00ed nejen pro Ukrajinu, ale i pro cel\u00fd region a jeho obyvatele. Je pouze na [&hellip;]<\/p>\n","protected":false},"author":1,"featured_media":0,"comment_status":"open","ping_status":"open","sticky":false,"template":"","format":"standard","meta":{"ngg_post_thumbnail":0,"footnotes":""},"categories":[12],"tags":[],"class_list":["post-12711","post","type-post","status-publish","format-standard","hentry","category-video"],"_links":{"self":[{"href":"https:\/\/www.ladislavjakl.cz\/index.php?rest_route=\/wp\/v2\/posts\/12711","targetHints":{"allow":["GET"]}}],"collection":[{"href":"https:\/\/www.ladislavjakl.cz\/index.php?rest_route=\/wp\/v2\/posts"}],"about":[{"href":"https:\/\/www.ladislavjakl.cz\/index.php?rest_route=\/wp\/v2\/types\/post"}],"author":[{"embeddable":true,"href":"https:\/\/www.ladislavjakl.cz\/index.php?rest_route=\/wp\/v2\/users\/1"}],"replies":[{"embeddable":true,"href":"https:\/\/www.ladislavjakl.cz\/index.php?rest_route=%2Fwp%2Fv2%2Fcomments&post=12711"}],"version-history":[{"count":1,"href":"https:\/\/www.ladislavjakl.cz\/index.php?rest_route=\/wp\/v2\/posts\/12711\/revisions"}],"predecessor-version":[{"id":12712,"href":"https:\/\/www.ladislavjakl.cz\/index.php?rest_route=\/wp\/v2\/posts\/12711\/revisions\/12712"}],"wp:attachment":[{"href":"https:\/\/www.ladislavjakl.cz\/index.php?rest_route=%2Fwp%2Fv2%2Fmedia&parent=12711"}],"wp:term":[{"taxonomy":"category","embeddable":true,"href":"https:\/\/www.ladislavjakl.cz\/index.php?rest_route=%2Fwp%2Fv2%2Fcategories&post=12711"},{"taxonomy":"post_tag","embeddable":true,"href":"https:\/\/www.ladislavjakl.cz\/index.php?rest_route=%2Fwp%2Fv2%2Ftags&post=12711"}],"curies":[{"name":"wp","href":"https:\/\/api.w.org\/{rel}","templated":true}]}}