{"id":12714,"date":"2022-06-03T09:27:36","date_gmt":"2022-06-03T07:27:36","guid":{"rendered":"https:\/\/www.ladislavjakl.cz\/?p=12714"},"modified":"2022-06-03T09:27:36","modified_gmt":"2022-06-03T07:27:36","slug":"tiskova-zprava-nenechme-si-ukrast-svobodne-volby","status":"publish","type":"post","link":"https:\/\/www.ladislavjakl.cz\/?p=12714","title":{"rendered":"Tiskov\u00e1 zpr\u00e1va:\u00a0Nenechme si ukr\u00e1st svobodn\u00e9 volby!"},"content":{"rendered":"<p class=\"-wm-msonormal\">1. \u010dervna 2022 \u0159ada politick\u00fdch stran, hnut\u00ed, spolk\u016f, iniciativ a osobnost\u00ed ve\u0159ejn\u00e9ho \u017eivota&nbsp; vydala spole\u010dn\u00e9 prohl\u00e1\u0161en\u00ed \u201eNENECHME SI UKR\u00c1ST SVOBODN\u00c9 VOLBY!\u201c, kter\u00fdm odm\u00edtaj\u00ed zaveden\u00ed koresponden\u010dn\u00edch voleb, je\u017e jsou z\u00e1sadn\u00edm nebezpe\u010d\u00edm pro na\u0161\u00ed demokracii. Tato ve\u0159ejn\u00e1 v\u00fdzva reaguje na snahu vl\u00e1dn\u00edch stran prosadit v parlamentu \u010cR novelu z\u00e1kona, kter\u00e1 m\u00e1 koresponden\u010dn\u00ed zp\u016fsob hlasov\u00e1n\u00ed zav\u00e9st.<\/p>\n<p class=\"-wm-msonormal\"><!--more--><\/p>\n<p class=\"-wm-msonormal\">Koresponden\u010dn\u00ed hlasov\u00e1n\u00ed otev\u00edr\u00e1 obrovsk\u00fd prostor pro mo\u017en\u00e9 fal\u0161ov\u00e1n\u00ed voleb, co\u017e je p\u0159\u00edli\u0161 velk\u00e9 riziko pro na\u0161\u00ed demokracii za cenu pouh\u00e9ho usnadn\u011bn\u00ed voleb n\u011bkomu, kdo pob\u00fdv\u00e1 mimo hranice na\u0161\u00ed republiky. Takov\u00e9mu kroku by m\u011bla p\u0159edch\u00e1zet rozs\u00e1hl\u00e1 celospole\u010densk\u00e1 debata a nikoliv tich\u00e9 prosazen\u00ed vl\u00e1dn\u00edmi stranami v parlamentu v dob\u00e1ch velk\u00e9ho neklidu ve spole\u010dnosti, kdy je ve\u0159ejn\u00fd prostor p\u0159ehlcen ekonomick\u00fdmi probl\u00e9my obyvatel \u010di ukrajinsko-rusk\u00fdm v\u00e1le\u010dn\u00fdm konfliktem. Z t\u011bchto d\u016fvod\u016f se jev\u00ed, \u017ee vl\u00e1dn\u00ed strany cht\u011bj\u00ed tuto zm\u011bnu prov\u00e9st \u010dist\u011b \u00fa\u010delov\u011b v\u00fdhradn\u011b pro vlastn\u00ed prosp\u011bch.<\/p>\n<p class=\"-wm-msonormal\">Krom\u011b mnoha mimoparlamentn\u00edch stran se k prohl\u00e1\u0161en\u00ed p\u0159idali i n\u011bkte\u0159\u00ed z\u00e1stupci parlamentn\u00ed opozice a \u0159ada osobnost\u00ed ve\u0159ejn\u00e9ho \u017eivota jako nap\u0159\u00edklad ekonom <b>Karel K\u0159\u00ed\u017e<\/b>, b\u00fdval\u00fd rektor AVU a v\u00fdtvarn\u00edk <b>Milan Kn\u00ed\u017e\u00e1k<\/b>, filosof <b>Ji\u0159\u00ed Fuchs<\/b>, hudebn\u00edk a b\u00fdval\u00fd \u0159editel politick\u00e9ho odboru Kancel\u00e1\u0159e prezidenta republiky <b>Ladislav Jakl<\/b>, europoslanec a genmjr. v. v. <b>Hynek Bla\u0161ko<\/b>, b\u00fdval\u00fd policejn\u00ed prezident a sou\u010dasn\u00fd p\u0159edseda Asociace nez\u00e1visl\u00fdch m\u00e9di\u00ed <b>Stanislav Novotn\u00fd<\/b>, poslanec SPD <b>Ji\u0159\u00ed Kobza, <\/b>&nbsp;historik a signat\u00e1\u0159 Charty 77 <b>Radom\u00edr Mal\u00fd <\/b>\u010di choreograf, re\u017eis\u00e9r a b\u00fdval\u00fd um\u011bleck\u00fd \u0161\u00e9f Baletu N\u00e1rodn\u00edho divadla <b>Petr Zuska<\/b>.<\/p>\n<p class=\"-wm-msonormal\">Z politick\u00fdch stran a hnut\u00ed se k odporu proti koresponden\u010dn\u00ed volb\u011b p\u0159ihl\u00e1sily po prohl\u00e1\u0161en\u00ed nap\u0159\u00edklad <b>Trikol\u00f3ra<\/b>, <b>Svobodn\u00ed<\/b>, <b>Manifest<\/b>, <b>Cesta<\/b>, <b>PES<\/b> a \u0159ada dal\u0161\u00edch. Ze spolk\u016f a ob\u010dansk\u00fdch iniciativ se k prohl\u00e1\u0161en\u00ed p\u0159ipojily nap\u0159\u00edklad konzervativn\u00ed spolek <b>Akce D.O.S.T.<\/b>, <b>Zlat\u00fd \u0161pendl\u00edk<\/b>, <b>Odchod<\/b> \u010di <b>Spojenectv\u00ed \u0158\u00edp<\/b>.<\/p>\n<p class=\"-wm-msonormal\">Pokud budou z\u00e1stupci vl\u00e1dn\u00edch stran nad\u00e1le pokra\u010dovat ve snah\u00e1ch o prosazen\u00ed t\u00e9to z\u00e1konn\u00e9 normy, kter\u00e1 se d\u016fvodn\u011b jev\u00ed jako n\u00e1stroj pro odstran\u011bn\u00ed demokratick\u00e9ho \u0159\u00e1du v \u010cesk\u00e9 republice, akt\u00e9\u0159i t\u00e9to v\u00fdzvy budou iniciovat ve\u0159ejn\u00e9 protesty proti sou\u010dasn\u00e9 vl\u00e1d\u011b.<\/p>\n","protected":false},"excerpt":{"rendered":"<p>1. \u010dervna 2022 \u0159ada politick\u00fdch stran, hnut\u00ed, spolk\u016f, iniciativ a osobnost\u00ed ve\u0159ejn\u00e9ho \u017eivota&nbsp; vydala spole\u010dn\u00e9 prohl\u00e1\u0161en\u00ed \u201eNENECHME SI UKR\u00c1ST SVOBODN\u00c9 VOLBY!\u201c, kter\u00fdm odm\u00edtaj\u00ed zaveden\u00ed koresponden\u010dn\u00edch voleb, je\u017e jsou z\u00e1sadn\u00edm nebezpe\u010d\u00edm pro na\u0161\u00ed demokracii. Tato ve\u0159ejn\u00e1 v\u00fdzva reaguje na snahu vl\u00e1dn\u00edch stran prosadit v parlamentu \u010cR novelu z\u00e1kona, kter\u00e1 m\u00e1 koresponden\u010dn\u00ed zp\u016fsob hlasov\u00e1n\u00ed zav\u00e9st.<\/p>\n","protected":false},"author":1,"featured_media":0,"comment_status":"open","ping_status":"open","sticky":false,"template":"","format":"standard","meta":{"ngg_post_thumbnail":0,"footnotes":""},"categories":[11],"tags":[],"class_list":["post-12714","post","type-post","status-publish","format-standard","hentry","category-ozvena"],"_links":{"self":[{"href":"https:\/\/www.ladislavjakl.cz\/index.php?rest_route=\/wp\/v2\/posts\/12714","targetHints":{"allow":["GET"]}}],"collection":[{"href":"https:\/\/www.ladislavjakl.cz\/index.php?rest_route=\/wp\/v2\/posts"}],"about":[{"href":"https:\/\/www.ladislavjakl.cz\/index.php?rest_route=\/wp\/v2\/types\/post"}],"author":[{"embeddable":true,"href":"https:\/\/www.ladislavjakl.cz\/index.php?rest_route=\/wp\/v2\/users\/1"}],"replies":[{"embeddable":true,"href":"https:\/\/www.ladislavjakl.cz\/index.php?rest_route=%2Fwp%2Fv2%2Fcomments&post=12714"}],"version-history":[{"count":1,"href":"https:\/\/www.ladislavjakl.cz\/index.php?rest_route=\/wp\/v2\/posts\/12714\/revisions"}],"predecessor-version":[{"id":12715,"href":"https:\/\/www.ladislavjakl.cz\/index.php?rest_route=\/wp\/v2\/posts\/12714\/revisions\/12715"}],"wp:attachment":[{"href":"https:\/\/www.ladislavjakl.cz\/index.php?rest_route=%2Fwp%2Fv2%2Fmedia&parent=12714"}],"wp:term":[{"taxonomy":"category","embeddable":true,"href":"https:\/\/www.ladislavjakl.cz\/index.php?rest_route=%2Fwp%2Fv2%2Fcategories&post=12714"},{"taxonomy":"post_tag","embeddable":true,"href":"https:\/\/www.ladislavjakl.cz\/index.php?rest_route=%2Fwp%2Fv2%2Ftags&post=12714"}],"curies":[{"name":"wp","href":"https:\/\/api.w.org\/{rel}","templated":true}]}}