{"id":12721,"date":"2022-06-14T14:34:29","date_gmt":"2022-06-14T12:34:29","guid":{"rendered":"https:\/\/www.ladislavjakl.cz\/?p=12721"},"modified":"2022-06-14T14:34:29","modified_gmt":"2022-06-14T12:34:29","slug":"sezerou-me-ale-musim-vaclav-vlk-po-100-dnech-valky-silne","status":"publish","type":"post","link":"https:\/\/www.ladislavjakl.cz\/?p=12721","title":{"rendered":"Se\u017eerou m\u011b. Ale mus\u00edm. V\u00e1clav Vlk po 100 dnech v\u00e1lky: Siln\u00e9"},"content":{"rendered":"<p>P\u0159i \u00favah\u00e1ch o konci v\u00e1lky na Ukrajin\u011b nesm\u00edme zapomenout na z\u00e1kladn\u00ed pou\u010dku z mnoha v\u00e1lek, \u017ee je zde v\u017edy n\u011bkdo, komu vyhovuje, aby dv\u011b strany, kter\u00e9 jsou v ozbrojen\u00e9m konfliktu, jedna druhou co nejv\u00edce zlikvidovaly. \u201eUSA a N\u011bmci se hlavn\u011b strachuj\u00ed, n\u011bjak podobn\u011b, jako se kdysi ob\u00e1val soudruh \u0160trougal, \u201aaby se nenasrali horn\u00edci\u201a\u2018. U Joe Bidena a n\u011bmeck\u00e9ho kancl\u00e9\u0159e Olafa Scholze se jedn\u00e1 hlavn\u011b o obavu \u201aaby se nenasrali Rusov\u00e9\u2018. A Emanuel Macron jim k tomu p\u0159ikyvuje,\u201c hodnot\u00ed pro Parlamentn\u00edListy.cz publicista V\u00e1clav Vlk aktu\u00e1ln\u00ed d\u011bn\u00ed kolem v\u00e1lky na Ukrajin\u011b.<\/p>\n<p><!--more--><\/p>\n<p><strong>Co pro z\u00e1padn\u00ed civilizaci p\u0159edstavuje v\u00e1le\u010dn\u00fd konflikt, kter\u00fd p\u0159ed v\u00edce ne\u017e \u010dtvrt rokem odstartoval vp\u00e1d rusk\u00fdch vojsk na Ukrajinu?<\/strong><\/p>\n<p>Stalo se to, \u010deho se euroamerick\u00e1 civilizace ji\u017e mnoho desetilet\u00ed ob\u00e1vala. Vypukla v\u00e1lka mezi Z\u00e1padem a Ruskem. \u017de se j\u00ed \u0159\u00edk\u00e1 v\u00e1lka na Ukrajin\u011b, je v\u00edcem\u00e9n\u011b medi\u00e1ln\u011b propaga\u010dn\u00ed produkt. Ale o nic jin\u00e9ho vlastn\u011b nejde. M\u00edsto p\u0159\u00edm\u00e9ho konfliktu v\u0161ak vypuklo to, \u010demu se \u0159\u00edk\u00e1 proxy v\u00e1lka, \u010desky tedy v\u00e1lka v zastoupen\u00ed. Ov\u0161em takov\u00e9to ozna\u010den\u00ed konfliktu ob\u011b strany hlasit\u011b odm\u00edtaj\u00ed.<\/p>\n<p>Z na\u0161eho hlediska je Rusko zcela nepochybn\u011b agresor a je pot\u0159eba se mu br\u00e1nit. Uk\u00e1zalo se, \u017ee \u201ezku\u0161ebn\u00ed v\u00e1lky\u201c, kter\u00e9 prob\u00edhaly v Gruzii, v \u010ce\u010densku, v\u00e1lka v S\u00fdrii a obsazen\u00ed Krymu, byly z hlediska Ruska \u00fasp\u011b\u0161n\u00e9. A Z\u00e1pad zamotan\u00fd do sv\u00fdch kulturn\u00edch v\u00e1lek a pomal\u00e9 debilizace \u2013 ment\u00e1ln\u00ed retardace \u2013 sv\u00fdch \u201epokrokov\u00fdch&#8220; intelektu\u00e1ln\u00edch politick\u00fdch v\u016fdc\u016f nebyl v podstat\u011b schopen reagovat. Domn\u00edval se ve sv\u00e9 arogantn\u00ed p\u00fd\u0161e, \u017ee je mo\u017en\u00e9 zach\u00e1zet s Ruskem, a nejen s n\u00edm, jako s kusem hadru, a je to b\u00e1je\u010dn\u011b \u201ecool\u201c. Ti, kter\u00fdm se to nel\u00edbilo, byli v\u017edy uk\u0159i\u010deni a ozna\u010deni jako ru\u0161t\u00ed \u0161v\u00e1bi a agenti Moskvy. P\u0159\u00edpadn\u011b z hlediska nap\u0159\u00edklad Ma\u010farska anebo politik\u016f z It\u00e1lie anebo Francie padalo obvin\u011bni z populismu \u010di dokonce z p\u0159\u00edklonu k fa\u0161ismu a dal\u0161\u00ed nad\u00e1vky.<\/p>\n<p><strong>Tak \u010cesku takov\u00e1 obvin\u011bn\u00ed zcela jist\u011b nehrozila. Jak byste tedy ohodnotil postup dom\u00e1c\u00ed politick\u00e9 reprezentace b\u011bhem v\u00e1lky na Ukrajin\u011b?<\/strong><\/p>\n<p>Je jasn\u00e9, \u017ee z d\u016fvodu obavy z pokusu o obnoven\u00ed rusk\u00e9 carsk\u00e9 \u0159\u00ed\u0161e je nutno, abychom st\u00e1li spolu s Polskem a dal\u0161\u00edmi v\u00fdchodoevropsk\u00fdmi st\u00e1ty na stran\u011b Ukrajiny. Po jej\u00ed p\u0159\u00edpadn\u00e9 por\u00e1\u017ece by u\u017e st\u00e1li ru\u0161t\u00ed voj\u00e1ci jen kousek od slavn\u00e9 \u017eelezni\u010dn\u00ed stanice \u010cierna pri \u010cope, kde kdysi v roce 68 jednali Bre\u017en\u011bv s Dub\u010dekem. Zaj\u00edmav\u00e9 je, \u017ee Slovensko je snad jedin\u00e1 zem\u011b v\u00fdchodn\u00ed Evropy, kde p\u0159eva\u017euj\u00ed podle pr\u016fzkum\u016f prorusk\u00e9 n\u00e1lady.<\/p>\n<p>Domn\u00edv\u00e1m se, \u017ee \u010ce\u0161i stejn\u011b jako Pol\u00e1ci a pobaltsk\u00e9 n\u00e1rody tuto skute\u010dnost pochopili a zachovali se podle toho. Jist\u011b\u017ee nen\u00ed cel\u00fd n\u00e1rod \u201ejednotn\u00fd\u201c. Ov\u0161em p\u0159es \u2013 obrazn\u011b \u0159e\u010deno \u2013 \u201enormaliza\u010dn\u00ed\u201c propagandu, v jej\u00edm\u017e \u010dele stoj\u00ed dne\u0161n\u00ed Rud\u00e9 pr\u00e1vo, pardon tedy \u010cesk\u00e1 televize, je nutno br\u00e1t v \u00favahu i jin\u00e9 ot\u00e1zky a postoje ne\u017e bezb\u0159eh\u00e9 nad\u0161en\u00ed.<\/p>\n<p><strong>Cel\u00fd sv\u011bt proti Rusku je\u0161t\u011b nestoj\u00ed, jak by se mohlo zd\u00e1t p\u0159i sledov\u00e1n\u00ed tuzemsk\u00fdch m\u00e9di\u00ed. Kde ho zat\u00edm navzdory vyvolan\u00e9 v\u00e1lce je\u0161t\u011b z kontakt\u016f neodepsali?<\/strong><\/p>\n<p>Jak se uk\u00e1zalo nap\u0159\u00edklad p\u0159i hlasov\u00e1n\u00ed v OSN, st\u00e1ty hlasuj\u00edc\u00ed proti vylu\u010dov\u00e1n\u00ed Ruska, hlasov\u011b sice po\u010detn\u011b men\u0161\u00ed, reprezentuj\u00ed v\u011bt\u0161inu obyvatel cel\u00e9ho sv\u011bta a rozhodn\u011b si nemysl\u00ed, \u017ee jedin\u00fdm \u201ebad boyem\u201c v tomto konfliktu je Rusko. Politici a obyvatelstvo mnoha velik\u00fdch st\u00e1t\u016f jako Indie, Egypt, velk\u00e1 \u010d\u00e1st muslimsk\u00fdch st\u00e1t\u016f, velk\u00e1 \u010d\u00e1st africk\u00fdch a jihoamerick\u00fdch st\u00e1t\u016f naopak tvrd\u00ed, \u017ee z\u00e1sadn\u00edm spou\u0161t\u011b\u010dem, kter\u00fd vyprovokoval tuto v\u00e1lku, byly postoje EU a Spojen\u00fdch st\u00e1t\u016f. Tuto skute\u010dnost u\u017e pomalu a nen\u00e1padn\u011b p\u0159izn\u00e1v\u00e1 i skute\u010dn\u011b seri\u00f3zn\u00ed \u010desk\u00fd tisk. Prozat\u00edm hlavn\u011b tak, \u017ee cituje v\u00fdzna\u010dn\u00e9 zahrani\u010dn\u00ed politick\u00e9 autority jako nap\u0159\u00edklad Indoameri\u010dana Fareeda Zakariu, v\u00fdznamn\u00e9ho americk\u00e9ho politika republik\u00e1na Dana Schneidera, nebo uve\u0159ejn\u00ed citace z pam\u011bt\u00ed Dicka Cheneyho, kter\u00fd, a\u010d republik\u00e1n, napsal, \u017ee v dob\u011b, kdy byl ministrem obrany USA, tedy v dob\u011b republik\u00e1na George Bushe mlad\u0161\u00edho v letech 2001\u20132009, hledali ve vl\u00e1d\u011b USA n\u011bjak\u00fd st\u00e1t, na kter\u00fd by se dalo za\u00fato\u010dit, jen aby mohli sv\u011btu p\u0159edv\u00e9st svoji vojenskou moc.<\/p>\n<p><strong>Co by por\u00e1\u017eka Ukrajiny p\u0159inesla nejen pro ni samotnou, ale i pro Evropu a p\u0159edev\u0161\u00edm pro \u010cesko?<\/strong><\/p>\n<p>U n\u00e1s st\u00e1le p\u0159evl\u00e1d\u00e1 spr\u00e1vn\u00fd a re\u00e1ln\u00fd pocit, \u017ee pokud prohraje Ukrajina, prohr\u00e1li jsme i my s v\u00fdsledkem, kter\u00e9mu se \u0159\u00edkalo po srpnu 68 \u201enedoz\u00edrn\u00e9 n\u00e1sledky\u201c. Pomalu n\u00e1m za\u010d\u00edn\u00e1 doch\u00e1zet tak\u00e9 to, \u017ee N\u011bmecko jako skute\u010dn\u00fd l\u00eddr Evropy nem\u00e1 velkou, p\u0159\u00edpadn\u011b v\u016fbec \u017e\u00e1dnou chu\u0165 Ukrajin\u011b pom\u00e1hat skutky, ale jen \u0159e\u010dmi. A Joe Biden si hraje svoji politiku, kter\u00e1 na st\u0159edn\u00ed a v\u00fdchodn\u00ed Evropu v podstat\u011b ka\u0161le. USA a N\u011bmci se hlavn\u011b strachuj\u00ed, n\u011bjak podobn\u011b, jako se kdysi ob\u00e1val soudruh \u0160trougal, \u201eaby se nenasrali horn\u00edci\u201c. U Joe Bidena a n\u011bmeck\u00e9ho kancl\u00e9\u0159e Olafa Scholze se jedn\u00e1 hlavn\u011b o obavu \u201eaby se nenasrali Rusov\u00e9\u201c. Emanuel Macron jim k tomu p\u0159ikyvuje.<\/p>\n<p>Je pravd\u011bpodobn\u00e9, \u017ee mne novin\u00e1\u0159i, politici i diskut\u00e9\u0159i na soci\u00e1ln\u00edch s\u00edt\u00edch, jejich\u017e nejv\u011bt\u0161\u00edm du\u0161evn\u00edm v\u00fdkonem je ozna\u010dovat hlavu Ruska jako \u201ePutlera\u201c, co\u017e je \u00fadajn\u011b vtipn\u00e1 slovn\u00ed h\u0159\u00ed\u010dka slo\u017een\u00e1 ze jmen Putin a Hitler, se\u017eerou. Ale je to stejn\u011b inteligentn\u00ed, jako kdysi bylo u podobn\u00fdch lid\u00ed t\u00e9m\u011b\u0159 povinn\u00e9 ozna\u010dovat \u010cechy za \u201e\u010dech\u00e1\u010dky\u201c. Ti budou p\u0159i \u010dten\u00ed tohoto rozhovoru jist\u011b zu\u0159it a ozna\u010dovat mne r\u016fzn\u00fdmi hanliv\u00fdmi slovy.<\/p>\n<p>Ti, kte\u0159\u00ed maj\u00ed p\u0159ece jen z\u00e1jem o v\u011bci v\u00edce p\u0159em\u00fd\u0161let, a nenechat se oblbovat neuv\u011b\u0159iteln\u011b hloup\u00fdmi informacemi z \u010cesk\u00e9 televize anebo prorusk\u00e9ho Sputniku, budou hledat hlub\u0161\u00ed vysv\u011btlen\u00ed.<\/p>\n<p><strong>Kde by ho m\u011bli hledat, kdy\u017e z n\u00e1mi v\u0161emi placen\u00e9 \u010cesk\u00e9 televize ho o\u010dek\u00e1vat nem\u016f\u017eeme?<\/strong><\/p>\n<p>V\u00e1clav Klaus a jeho spolupracovn\u00edci z Institutu V\u00e1clava Klause vydali u\u017e v roce 2014 tenkou, ale hutnou kn\u00ed\u017eku s n\u00e1zvem \u201eZ\u00e1m\u011brn\u011b ploch\u00e1 diskuze o ukrajinsk\u00e9 krizi\u201c, jej\u00ed\u017e mnoh\u00e9 my\u0161lenky se uk\u00e1zaly jako mimo\u0159\u00e1dn\u011b p\u0159edv\u00eddaj\u00edc\u00ed budouc\u00ed v\u00fdvoj. V dne\u0161n\u00ed dob\u011b existuje v medi\u00e1ln\u00edm sv\u011bt\u011b neuv\u011b\u0159iteln\u011b zu\u0159iv\u00e1 bitva o v\u00fdklad a posuzov\u00e1n\u00ed v\u00e1lky na Ukrajin\u011b. Tzv. proukrajinsk\u00e1 strana odm\u00edt\u00e1 p\u0159iznat, by\u0165 jen na moment to, \u017ee Putin mohl rozpoutat tuto v\u00e1lku pr\u00e1v\u011b z d\u016fvodu, jak se Z\u00e1pad choval a co d\u011blal \u2013 viz v\u00fdprask USA v S\u00fdrii, Ir\u00e1ku a doslova zbab\u011bl\u00fd \u00fat\u011bk z Afgh\u00e1nist\u00e1nu. Druh\u00e1, prorusk\u00e1 strana, naopak neust\u00e1le vykl\u00e1d\u00e1 o tom, jak Rusko pod veden\u00edm Putina zachra\u0148uje Evropu p\u0159ed nacismem. V t\u00e9to kakofonii lze t\u011b\u017eko nal\u00e9zt n\u011bjak\u00fd rozumn\u00fd hlas.<\/p>\n<p>I kdy\u017e n\u011bkdy zazn\u00ed. Jako kdy\u017e&nbsp;<strong><a href=\"https:\/\/www.idnes.cz\/zpravy\/zahranicni\/rusko-ukrajina-invaze-valka-papez-frantisek-rusky-prezident-vladimir-putin-katolicka-cirkev-vatikan.A220503_082147_zahranicni_dtt\" target=\"_blank\" rel=\"nofollow noopener\">pape\u017e Franti\u0161ek p\u0159em\u00fd\u0161l\u00ed<\/a><\/strong>, co Putina k nyn\u011bj\u0161\u00ed v\u00e1lce vedlo v rozhovoru pro italsk\u00fd list Corriere della Sera: \u201eMo\u017en\u00e1 \u0161t\u011bk\u00e1n\u00ed NATO u rusk\u00fdch dve\u0159\u00ed p\u0159im\u011blo \u0161\u00e9fa Kremlu jednat takto zle a vyvolat konflikt,\u201c \u0159ekl pape\u017e. Dodal, \u017ee to nem\u016f\u017ee ozna\u010dit za p\u0159\u00ed\u010dinu, ale \u017ee to mo\u017en\u00e1 k Putinovu rozhodnut\u00ed p\u0159isp\u011blo.<\/p>\n<p><strong>Tak\u00e9 se domn\u00edv\u00e1te, \u017ee by n\u011bco takov\u00e9ho mohlo b\u00fdt jedn\u00edm ze spou\u0161t\u011b\u010d\u016f v\u00e1lky na Ukrajin\u011b?<\/strong><\/p>\n<p>J\u00e1 si osobn\u011b mysl\u00edm, \u017ee vedle roz\u0161i\u0159ov\u00e1n\u00ed NATO na v\u00fdchod, i tyto nechutnosti, toto \u0161t\u011bk\u00e1n\u00ed americk\u00fdch pokrok\u00e1\u0159\u016f pomohlo ke vzniku rusk\u00e9 agrese. Tvrzen\u00ed, \u017ee pr\u00fd Trump byl zvolen d\u00edky Moskv\u011b a \u010dachr\u016fm Putina, obludn\u00e9 \u017evan\u011bn\u00ed, \u017ee \u201erusk\u00fd Trump\u201c mo\u010dil v Moskv\u011b do postele, ve kter\u00e9 p\u0159edt\u00edm spal Obama, a tis\u00edce dal\u0161\u00edch ur\u00e1\u017eek Ruska a Rus\u016f obecn\u011b je\u0161t\u011b p\u0159edt\u00edm, ne\u017e za\u010dali na Ukrajin\u011b vra\u017edit. My jsme se p\u0159idali ke \u0161t\u011bk\u00e1n\u00ed zbyte\u010dn\u00fdm ur\u00e1\u017een\u00edm nap\u0159\u00edklad pam\u00e1tn\u00edk\u016f padl\u00fdm sov\u011btsk\u00fdm voj\u00e1k\u016fm v roce 1945.<\/p>\n<p>Pak se nemohli \u0161\u00edlen\u00ed \u201ewoka\u0159i\u201c, ale i bezv\u00fdznamn\u00ed politici Prahy 6, divit. A mo\u017en\u00e1 toto hr\u00e1lo spolu s dal\u0161\u00edmi faktory \u00falohu katalyz\u00e1toru. Nikdo se beztrestn\u011b nenech\u00e1 neust\u00e1le ur\u00e1\u017eet. I u soudu se dvojn\u00e1sobn\u00e9mu vrahovi \u0159\u00edk\u00e1 \u201epane ob\u017ealovan\u00fd\u201c.<\/p>\n<p><strong>Zm\u00ednil jste bezv\u00fdznamn\u00e9 politiky z Prahy 6. Ti v\u0161ak maxim\u00e1ln\u011b mohou p\u0159il\u00e9vat olej do ohn\u011b. Ale \u010d\u00edm se atmosf\u00e9ra v \u010desk\u00e9 spole\u010dnosti ve vztahu k v\u00e1lce na Ukrajin\u011b p\u0159edev\u0161\u00edm vyzna\u010duje?<\/strong><\/p>\n<p>V \u010cesku, co se t\u00fd\u010de Ukrajiny, zn\u00ed ponejv\u00edce p\u00ed\u00e1rov\u00e1 hesla a nen\u00e1vist. Dokonce jsem zaznamenal hlasy, v televizi i mainstreamov\u00fdch medi\u00edch, \u017ee Rusov\u00e9 jsou historicky d\u011bdi\u010dn\u011b z\u00e1ke\u0159n\u00ed a l\u017eiv\u00ed, v podobn\u00e9m duchu, v jak\u00e9m psal nacistick\u00fd tisk o \u017eidech a o pod\u0159adn\u00e9 \u010desk\u00e9 ch\u00e1t\u0159e.<\/p>\n<p>Proto jsem uv\u00edtal, \u017ee Institut V\u00e1clava Klause vydal novou kn\u00ed\u017eku: \u201e<strong><a href=\"https:\/\/www.institutvk.cz\/publikace\/1\/publikace-ivk-c-63-vaclav-klaus-a-kolektiv-valka-na-ukrajine-predbezna-zprava.html\" target=\"_blank\" rel=\"nofollow noopener\">V\u00e1lka na Ukrajin\u011b \u2013 p\u0159edb\u011b\u017en\u00e1 zpr\u00e1va<\/a><\/strong>\u201c. Jedna ze symptomatick\u00fdch kapitol je od Ladislava Jakla, m\u00e1 n\u00e1zev \u201eNa Ukrajince si nemus\u00edm hr\u00e1t. J\u00e1 je d\u0159\u00edve nepomlouval\u201c. Dal\u0161\u00ed \u010dl\u00e1nek, kter\u00fd bych pova\u017eoval za typick\u00fd je pr\u00e1ce Petra Macinky \u201eNastal \u010das ukon\u010dit sil\u00e1ck\u00e9 \u0159e\u010di o v\u00e1lce\u201c.<\/p>\n<p><strong>Od Ladislava Jakla se mi l\u00edb\u00ed to trefn\u00e9 p\u0159ipomenuti toho, jak pohrdliv\u011b se p\u0159ed v\u00e1lkou mnoz\u00ed \u010ce\u0161i k Ukrajinc\u016fm, co u n\u00e1s pracovali, chovali. A te\u010f by si nalepili ukrajinskou vlaje\u010dku div ne na \u010delo. Ale jak\u00fd dal\u0161\u00ed v\u00fdvoj v\u00e1le\u010dn\u00e9ho konfliktu se d\u00e1 o\u010dek\u00e1vat?<\/strong><\/p>\n<p>V sou\u010dasn\u00e9m okam\u017eiku, kdy ta tzv. neexistuj\u00edc\u00ed s\u00edla Ruska za\u010d\u00edn\u00e1 pomalu v\u00e1lcovat state\u010dnou, ale nedostate\u010dn\u011b vyzbrojenou ukrajinskou arm\u00e1du, kter\u00e9 Z\u00e1pad odm\u00edt\u00e1 dodat zbran\u011b rovnaj\u00edc\u00ed se rusk\u00fdm, je pot\u0159eba p\u0159em\u00fd\u0161let, co d\u00e1le. Medi\u00e1ln\u00ed bojovn\u00edci od po\u010d\u00edta\u010d\u016f b\u011bsn\u00ed nad t\u00edm, co \u0159ekl Henry Kissinger. Ale cht\u011bl bych v\u011bd\u011bt, co by sami d\u011blali, a\u017e by jim za\u010dali ru\u0161t\u00ed voj\u00e1ci ml\u00e1tit pa\u017ebami samopal\u016f do dve\u0159\u00ed potom, co by kolem nich dopadaly t\u00fddny rusk\u00e9 bomby a rakety. No, po roce 68 jsem to s\u00e1m za\u017eil. Na slu\u017eebn\u00e1ch SNB bylo v srpnu 68 vyv\u011b\u0161eno heslo: \u201eJsme s v\u00e1mi\u201c, kter\u00e9 se pak zm\u011bnilo, kdy\u017e za n\u00e1mi chodili se slovy \u201ePoj\u010fte s n\u00e1mi!\u201c<\/p>\n<p>Jsem dalek toho, abych si p\u0159ivlastnil b\u00fdval\u00e9 z\u00e1padon\u011bmeck\u00e9, ale nejen z\u00e1padon\u011bmeck\u00e9 heslo: \u201eLieber rot, als tot\u201c \u2013 Lep\u0161\u00ed b\u00fdt rud\u00fd (Rusem), ne\u017e mrtv\u00fd. Pro n\u00e1s, n\u00e1rody, kter\u00e9 jsme \u017eily desetilet\u00ed pod rusk\u00fdm, tedy sov\u011btsk\u00fdm komandem, je v\u0161ak rozhodn\u011b lep\u0161\u00ed ukon\u010dit v\u00e1lku v\u010das. Pokud m\u00e1 Ukrajina co br\u00e1nit. Abychom nedopadli za n\u011bkolik let jako Afgh\u00e1nist\u00e1n, kter\u00fd Z\u00e1pad hodil do n\u00e1ru\u010de T\u00e1lib\u00e1nu. Po tot\u00e1ln\u00ed por\u00e1\u017ece Ukrajiny, kter\u00e9 Z\u00e1pad odm\u00edtl j\u00edt na pomoc, bychom my mohli dopadnout stejn\u011b jako Ukrajina.<\/p>\n<p><strong>Tak tohle si rad\u011bji ani nep\u0159edstavujme. Ale v\u00e1lka trv\u00e1 u\u017e v\u00edc ne\u017e t\u0159i m\u011bs\u00edce a nikde ani z\u00e1blesk snahy po jej\u00edm ukon\u010deni. \u010c\u00edm si to vysv\u011btlujete?<\/strong><\/p>\n<p>Nesm\u00edme zapomenout na z\u00e1kladn\u00ed pou\u010dku z mnoha v\u00e1lek. \u017de je zde v\u017edy n\u011bkdo, komu vyhovuje, aby dv\u011b strany, kter\u00e9 jsou v ozbrojen\u00e9m konfliktu, jedna druhou co nejv\u00edce zlikvidovaly. T\u0159eba kv\u016fli cen\u011b nafty, plynu a n\u00e1siln\u00e9mu zaveden\u00ed \u201eGreen Dealu\u201c. M\u011bli bychom si zopakovat slova p\u00edsn\u011b Voskovce a Wericha:<br \/>\n&nbsp;<\/p>\n<p><em>Nebu\u010fte lidi hlu\u0161\u00ed<br \/>\na nastavte u\u0161i,<br \/>\nchceme v\u00e1s na mou du\u0161i,<br \/>\nup\u0159\u00edmn\u011b varovat.<br \/>\nNem\u00e1te ani zd\u00e1n\u00ed,<br \/>\n\u017ee jsou s v\u00e1mi p\u00e1ni,<br \/>\nfale\u0161n\u011b hraj\u00ed s v\u00e1mi,<br \/>\ncht\u011bj\u00ed v\u00e1s obehr\u00e1t.<\/em><\/p>\n<p>No, i ti hodn\u011b hloup\u00ed by to mohli pochopit p\u0159i pohledu na ceny na stojanech benzinov\u00fdch pump a \u00fa\u010dtech za energie. Na\u0161inc\u016fm, co berou m\u011bs\u00ed\u010dn\u011b 150 anebo 250 tis\u00edc, t\u011bm to tak nevad\u00ed. A n\u011bme\u010dt\u00ed d\u011bln\u00edci s platy okolo 120 a\u017e 140 tis\u00edc m\u011bs\u00ed\u010dn\u011b to tak\u00e9 tak dramaticky neberou. Ov\u0161em co obyvatel\u00e9 st\u0159edn\u00ed a v\u00fdchodn\u00ed Evropy?<\/p>\n<p><strong>Tak ti by ur\u010dit\u011b konec v\u00e1lky i rapidn\u00ed pokles cen benz\u00ednu uv\u00edtali, ale pr\u00e1v\u011b oni do oboj\u00edho mohou mluvit nejm\u00e9n\u011b. Jak velk\u00e1 je \u0161ance, \u017ee by k rozumu p\u0159i\u0161li i ti mocn\u00ed?<\/strong><\/p>\n<p>Mnoha sil\u00e1m vyhovuje, aby se v\u00e1lka vedla a\u017e do posledn\u00edho Ukrajince a p\u0159edposledn\u00edho Rusa. Proto\u017ee ani nejv\u011bt\u0161\u00ed idiot si ve skute\u010dnosti nemysl\u00ed, \u017ee por\u00e1\u017eka Ruska na Ukrajin\u011b znamen\u00e1 dobyt\u00ed Moskvy. A my Evropan\u00e9 v\u00edme, \u017ee i kdy\u017e evropsk\u00e1 \u2013 \u0161v\u00e9dsk\u00e1, francouzsk\u00e1, n\u011bmeck\u00e1 \u2013 vojska stoj\u00ed p\u0159ed Moskvou, nebo ji i vyp\u00e1l\u00ed, nedok\u00e1\u017eou Rusko \u00fapln\u011b ovl\u00e1dnout. Tak jako nikdo nedok\u00e1\u017ee nikdy ovl\u00e1dnout \u010c\u00ednu.<\/p>\n<p>Tato v\u00e1lka na desetilet\u00ed ovlivn\u00ed hlavn\u011b st\u0159edn\u00ed a v\u00fdchodn\u00ed Evropu. Proto\u017ee ekonomick\u00fd dopad do t\u00e9to \u010d\u00e1sti bude mimo\u0159\u00e1dn\u011b siln\u00fd. Naftu, plyn a dal\u0161\u00ed suroviny si lehce bohat\u0161\u00ed z\u00e1padn\u00ed st\u00e1ty opat\u0159\u00ed a svoji \u201epomoc\u201c n\u00e1m si nechaj\u00ed jako v\u017edy draze zaplatit.<\/p>\n<p>Jak \u0159ekl pape\u017e Franti\u0161ek, \u017ee NATO tak dlouho \u0161t\u011bkalo na dve\u0159e Moskvy, a\u017e se mu, jak se domn\u00edv\u00e1, dostalo odpov\u011bdi. Obrazn\u011b \u0159e\u010deno, ta odpov\u011b\u010f m\u011bla formu brokovnice.<\/p>\n<p>A my se dnes pot\u00e1c\u00edme v probl\u00e9mech, \u010c\u00edna a Indie \u2013 a mnoh\u00e9 z\u00e1padn\u00ed glob\u00e1ln\u00ed firmy \u2013 se sm\u011bj\u00ed a nakupuj\u00ed levnou naftu a plyn a prod\u00e1vaj\u00ed n\u00e1m ji za nek\u0159es\u0165ansk\u00e9 pen\u00edze. Arabov\u00e9 a Afrika se d\u011bs\u00ed hladomoru z nedostatku ukrajinsk\u00e9ho a rusk\u00e9ho obil\u00ed a v Kanad\u011b, USA a Austr\u00e1lii si farm\u00e1\u0159i a vl\u00e1dy mnou ruce nad zaru\u010den\u00fdmi zisky.<\/p>\n<p>A n\u011bkdo vzadu se t\u011b\u0161\u00ed a opakuje si star\u00e9 \u0159\u00edmsk\u00e9 heslo: \u201eDivide et Impera\u201c.<\/p>\n<p><a href=\"https:\/\/www.parlamentnilisty.cz\/arena\/rozhovory\/Sezerou-me-Ale-musim-Vaclav-Vlk-po-100-dnech-valky-Silne-704630\">Zdroj<\/a><\/p>\n","protected":false},"excerpt":{"rendered":"<p>P\u0159i \u00favah\u00e1ch o konci v\u00e1lky na Ukrajin\u011b nesm\u00edme zapomenout na z\u00e1kladn\u00ed pou\u010dku z mnoha v\u00e1lek, \u017ee je zde v\u017edy n\u011bkdo, komu vyhovuje, aby dv\u011b strany, kter\u00e9 jsou v ozbrojen\u00e9m konfliktu, jedna druhou co nejv\u00edce zlikvidovaly. \u201eUSA a N\u011bmci se hlavn\u011b strachuj\u00ed, n\u011bjak podobn\u011b, jako se kdysi ob\u00e1val soudruh \u0160trougal, \u201aaby se nenasrali horn\u00edci\u201a\u2018. U Joe [&hellip;]<\/p>\n","protected":false},"author":1,"featured_media":0,"comment_status":"open","ping_status":"open","sticky":false,"template":"","format":"standard","meta":{"ngg_post_thumbnail":0,"footnotes":""},"categories":[11],"tags":[],"class_list":["post-12721","post","type-post","status-publish","format-standard","hentry","category-ozvena"],"_links":{"self":[{"href":"https:\/\/www.ladislavjakl.cz\/index.php?rest_route=\/wp\/v2\/posts\/12721","targetHints":{"allow":["GET"]}}],"collection":[{"href":"https:\/\/www.ladislavjakl.cz\/index.php?rest_route=\/wp\/v2\/posts"}],"about":[{"href":"https:\/\/www.ladislavjakl.cz\/index.php?rest_route=\/wp\/v2\/types\/post"}],"author":[{"embeddable":true,"href":"https:\/\/www.ladislavjakl.cz\/index.php?rest_route=\/wp\/v2\/users\/1"}],"replies":[{"embeddable":true,"href":"https:\/\/www.ladislavjakl.cz\/index.php?rest_route=%2Fwp%2Fv2%2Fcomments&post=12721"}],"version-history":[{"count":1,"href":"https:\/\/www.ladislavjakl.cz\/index.php?rest_route=\/wp\/v2\/posts\/12721\/revisions"}],"predecessor-version":[{"id":12722,"href":"https:\/\/www.ladislavjakl.cz\/index.php?rest_route=\/wp\/v2\/posts\/12721\/revisions\/12722"}],"wp:attachment":[{"href":"https:\/\/www.ladislavjakl.cz\/index.php?rest_route=%2Fwp%2Fv2%2Fmedia&parent=12721"}],"wp:term":[{"taxonomy":"category","embeddable":true,"href":"https:\/\/www.ladislavjakl.cz\/index.php?rest_route=%2Fwp%2Fv2%2Fcategories&post=12721"},{"taxonomy":"post_tag","embeddable":true,"href":"https:\/\/www.ladislavjakl.cz\/index.php?rest_route=%2Fwp%2Fv2%2Ftags&post=12721"}],"curies":[{"name":"wp","href":"https:\/\/api.w.org\/{rel}","templated":true}]}}