{"id":12730,"date":"2022-06-27T11:41:21","date_gmt":"2022-06-27T09:41:21","guid":{"rendered":"https:\/\/www.ladislavjakl.cz\/?p=12730"},"modified":"2022-06-27T11:42:50","modified_gmt":"2022-06-27T09:42:50","slug":"podnebi-na-lavici-obzalovanych-ortel-vynesen","status":"publish","type":"post","link":"https:\/\/www.ladislavjakl.cz\/?p=12730","title":{"rendered":"Podneb\u00ed na lavici ob\u017ealovan\u00fdch: ortel vynesen"},"content":{"rendered":"<p class=\"s4\"><span class=\"s3\"><span class=\"bumpedFont15\">Dv\u011b hydry dne\u0161n\u00ed doby, ni\u010d\u00edc\u00ed svobody a \u017eivoty lid\u00ed, se dnes unik\u00e1tn\u011b spojily.&nbsp;<\/span><\/span><span class=\"s3\"><span class=\"bumpedFont15\">Soudcokracie<\/span><\/span><span class=\"s3\"><span class=\"bumpedFont15\">&nbsp;a klimatick\u00e9 \u0161\u00edlenstv\u00ed si podaly pa\u0159\u00e1ty a vyrazily&nbsp;<\/span><\/span><span class=\"s3\"><span class=\"bumpedFont15\">spole\u010dn\u011b&nbsp;<\/span><\/span><span class=\"s3\"><span class=\"bumpedFont15\">k&nbsp;\u00fatoku proti lidem.&nbsp;<\/span><\/span><\/p>\n<p><!--more--><\/p>\n<p class=\"s4\"><span class=\"s3\"><span class=\"bumpedFont15\">Pr\u00e1v\u011b d<\/span><\/span><span class=\"s3\"><span class=\"bumpedFont15\">nes&nbsp;<\/span><\/span><span class=\"s3\"><span class=\"bumpedFont15\">toti\u017e&nbsp;<\/span><\/span><span class=\"s3\"><span class=\"bumpedFont15\">vynesl M\u011bstsk\u00fd soud v&nbsp;Praze p\u0159elomov\u00e9 a skand\u00e1ln\u00ed rozhodnut\u00ed: \u010desk\u00e1 ministerstva pr\u00fd nesni\u017euj\u00ed emise sklen\u00edkov\u00fdch plyn\u016f a tak p\u0159isp\u00edvaj\u00ed ke klimatick\u00e9 zm\u011bn\u011b. Podle rozsudku maj\u00ed ministerstva p\u0159epracovat sv\u00e9 pl\u00e1ny, aby&nbsp;<\/span><\/span><span class=\"s3\"><span class=\"bumpedFont15\">ony pl\u00e1ny&nbsp;<\/span><\/span><span class=\"s3\"><span class=\"bumpedFont15\">l<\/span><\/span><span class=\"s3\"><span class=\"bumpedFont15\">\u00e9<\/span><\/span><span class=\"s3\"><span class=\"bumpedFont15\">pe odpov\u00eddaly p\u0159edstav\u00e1m bojovn\u00edk\u016f s&nbsp;podneb\u00edm.<\/span><\/span><\/p>\n<p class=\"s4\"><span class=\"s3\"><span class=\"bumpedFont15\">Rozhodnut\u00ed m\u00e1 dv\u011b roviny. Nejd\u0159\u00edve tu meritorn\u00ed. Odkud soudci v\u011bd\u00ed, jak\u00e1 m\u00e1 b\u00fdt za 100 let&nbsp;<\/span><\/span><span class=\"s3\"><span class=\"bumpedFont15\">spr\u00e1vn\u011b&nbsp;<\/span><\/span><span class=\"s3\"><span class=\"bumpedFont15\">teplota zemsk\u00e9 atmosf\u00e9ry? Odkud v\u011bd\u00ed, kolik p\u0159esn\u011b \u00fasil\u00ed m\u00e1 na\u0161e generace vyvinout na ovlivn\u011bn\u00ed teploty na \u00fakor jin\u00fdch priorit<\/span><\/span><span class=\"s3\"><span class=\"bumpedFont15\">?<\/span><\/span><span class=\"s3\"><span class=\"bumpedFont15\">&nbsp;Odkud soudci v\u011bd\u00ed, jak&nbsp;<\/span><\/span><span class=\"s3\"><span class=\"bumpedFont15\">p\u0159esn\u011b&nbsp;<\/span><\/span><span class=\"s3\"><span class=\"bumpedFont15\">maj\u00ed lid\u00e9 zchudnout, aby to u\u017e bylo dost<\/span><\/span><span class=\"s3\"><span class=\"bumpedFont15\">ate\u010dn\u00e9<\/span><\/span><span class=\"s3\"><span class=\"bumpedFont15\">? Odkud v\u011bd\u00ed, jak se m\u00e1 je\u0161t\u011b v\u00edce zdra\u017eit energie, potraviny,&nbsp;<\/span><\/span><span class=\"s3\"><span class=\"bumpedFont15\">bydlen\u00ed<\/span><\/span><span class=\"s3\"><span class=\"bumpedFont15\">, cestov\u00e1n\u00ed<\/span><\/span><span class=\"s3\"><span class=\"bumpedFont15\">?<\/span><\/span><span class=\"s3\"><span class=\"bumpedFont15\">&nbsp;Kde je ta hranice, kdy u\u017e to bude&nbsp;<\/span><\/span><span class=\"s3\"><span class=\"bumpedFont15\">akor\u00e1t<\/span><\/span><span class=\"s3\"><span class=\"bumpedFont15\">? V\u011bd\u00ed soudci, jak\u00e9<\/span><\/span><span class=\"s3\"><span class=\"bumpedFont15\">&nbsp;m\u00e1&nbsp;<\/span><\/span><span class=\"s3\"><span class=\"bumpedFont15\">ka\u017ed\u00fd \u010dlov\u011bk sv\u00e9 priority, co za co&nbsp;<\/span><\/span><span class=\"s3\"><span class=\"bumpedFont15\">je&nbsp;<\/span><\/span><span class=\"s3\"><span class=\"bumpedFont15\">ochoten ob\u011btovat, co je pro n\u011bj d\u016fle\u017eit\u011bj\u0161\u00ed a nal\u00e9hav\u011bj\u0161\u00ed? V\u011bd\u00ed soudci<\/span><\/span><span class=\"s3\"><span class=\"bumpedFont15\">, kolik p\u0159esn\u011b maj\u00ed lid\u00e9 ob\u011btovat ze sv\u00e9 prosperity, ze sv\u00e9ho soci\u00e1ln\u00edho standardu, aby u\u017e to bylo dost na zaji\u0161t\u011bn\u00ed t\u00e9 spr\u00e1vn<\/span><\/span><span class=\"s3\"><span class=\"bumpedFont15\">\u00e9<\/span><\/span><span class=\"s3\"><span class=\"bumpedFont15\">&nbsp;teploty? Tu\u0161\u00ed v\u016fbec, \u017ee v\u017edy je v&nbsp;\u017eivot\u011b n\u011bco za n\u011bco a \u017ee nelze ob\u011btovat kvalitu \u017eivota&nbsp;<\/span><\/span><span class=\"s3\"><span class=\"bumpedFont15\">mlhav\u00e9mu&nbsp;<\/span><\/span><span class=\"s3\"><span class=\"bumpedFont15\">p\u0159\u00edslibu ch<\/span><\/span><span class=\"s3\"><span class=\"bumpedFont15\">l<\/span><\/span><span class=\"s3\"><span class=\"bumpedFont15\">adn\u011bj\u0161\u00edho podneb\u00ed o jeden a p\u016fl stupn\u011b b\u011bhem t\u0159\u00ed generac\u00ed? To je n<\/span><\/span><span class=\"s3\"><span class=\"bumpedFont15\">\u011b<\/span><\/span><span class=\"s3\"><span class=\"bumpedFont15\">kde d\u00e1no<\/span><\/span><span class=\"s3\"><span class=\"bumpedFont15\">, kolik na to m\u00e1me povinn\u011b d\u00e1t<\/span><\/span><span class=\"s3\"><span class=\"bumpedFont15\">? Ne<\/span><\/span><span class=\"s3\"><span class=\"bumpedFont15\">m\u011bla by to b\u00fdt&nbsp;<\/span><\/span><span class=\"s3\"><span class=\"bumpedFont15\">sp\u00ed\u0161e&nbsp;<\/span><\/span><span class=\"s3\"><span class=\"bumpedFont15\">\u00favaha ekonomick\u00e1, politick\u00e1, spole\u010densk\u00e1, p\u0159\u00edrodov\u011bdn\u00ed? Soud n\u00e1m vlastn\u011b \u0159\u00edk\u00e1, \u017ee&nbsp;<\/span><\/span><span class=\"s3\"><span class=\"bumpedFont15\">n\u011bkde&nbsp;<\/span><\/span><span class=\"s3\"><span class=\"bumpedFont15\">objevil z\u00e1kon seslan\u00fd sh\u016fry a&nbsp;<\/span><\/span><span class=\"s3\"><span class=\"bumpedFont15\">v n\u011bm<\/span><\/span><span class=\"s3\"><span class=\"bumpedFont15\">&nbsp;<\/span><\/span><span class=\"s3\"><span class=\"bumpedFont15\">\u017ee&nbsp;<\/span><\/span><span class=\"s3\"><span class=\"bumpedFont15\">je p\u0159esn\u011b naps\u00e1no, jak\u00e9 m\u00e1 b\u00fdt v&nbsp;budoucnu podn<\/span><\/span><span class=\"s3\"><span class=\"bumpedFont15\">e<\/span><\/span><span class=\"s3\"><span class=\"bumpedFont15\">b\u00ed a co&nbsp;<\/span><\/span><span class=\"s3\"><span class=\"bumpedFont15\">v\u0161echno&nbsp;<\/span><\/span><span class=\"s3\"><span class=\"bumpedFont15\">je nutn\u00e9 pro to ob\u011btovat. Soud netu\u0161\u00ed, \u017ee v\u0161e je v&nbsp;lidsk\u00e9 spole\u010dnosti t\u00e9matem k&nbsp;debat\u011b o priorit\u00e1ch, o ob\u011btovan\u00fdch p\u0159\u00edle\u017eitostech o n\u00e1kladech, o ka\u017edodenn\u00edch starostech lid\u00ed. Soud si m<\/span><\/span><span class=\"s3\"><span class=\"bumpedFont15\">y<\/span><\/span><span class=\"s3\"><span class=\"bumpedFont15\">sl\u00ed, \u017ee pravda je zjevena a \u017ee on ji zn\u00e1.<\/span><\/span><\/p>\n<p class=\"s4\"><span class=\"s3\"><span class=\"bumpedFont15\">Druhou rovinou j<\/span><\/span><span class=\"s3\"><span class=\"bumpedFont15\">e<\/span><\/span><span class=\"s3\"><span class=\"bumpedFont15\">&nbsp;<\/span><\/span><span class=\"s3\"><span class=\"bumpedFont15\">c<\/span><\/span><span class=\"s3\"><span class=\"bumpedFont15\">o<\/span><\/span><span class=\"s3\"><span class=\"bumpedFont15\">s<\/span><\/span><span class=\"s3\"><span class=\"bumpedFont15\">i mo\u017en\u00e1 je\u0161t\u011b z\u00e1sadn\u011bj\u0161\u00edho. Na z\u00e1klad\u011b jak<\/span><\/span><span class=\"s3\"><span class=\"bumpedFont15\">\u00e9<\/span><\/span><span class=\"s3\"><span class=\"bumpedFont15\">ho mand\u00e1tu jednaj\u00ed dot<\/span><\/span><span class=\"s3\"><span class=\"bumpedFont15\">y<\/span><\/span><span class=\"s3\"><span class=\"bumpedFont15\">\u010dn\u00e1&nbsp;<\/span><\/span><span class=\"s3\"><span class=\"bumpedFont15\">soudem pran\u00fd\u0159ovan\u00e1&nbsp;<\/span><\/span><span class=\"s3\"><span class=\"bumpedFont15\">ministerstva?&nbsp;<\/span><\/span><span class=\"s3\"><span class=\"bumpedFont15\">P\u0159ece n<\/span><\/span><span class=\"s3\"><span class=\"bumpedFont15\">a z\u00e1klad\u011b demokratick\u00e9 volby ob\u010dan\u016f, voli\u010d\u016f. Plat\u00ed tedy rozhodnut\u00ed soudu&nbsp;<\/span><\/span><span class=\"s3\"><span class=\"bumpedFont15\">jako pokyn&nbsp;<\/span><\/span><span class=\"s3\"><span class=\"bumpedFont15\">pro voli\u010de, \u017ee by m\u011bli p\u0159\u00ed\u0161t\u011b volit jinak,&nbsp;<\/span><\/span><span class=\"s3\"><span class=\"bumpedFont15\">l\u00e9pe, tedy&nbsp;<\/span><\/span><span class=\"s3\"><span class=\"bumpedFont15\">voli<\/span><\/span><span class=\"s3\"><span class=\"bumpedFont15\">t<\/span><\/span><span class=\"s3\"><span class=\"bumpedFont15\">&nbsp;zelen\u00e9 extremisty? Ne<\/span><\/span><span class=\"s3\"><span class=\"bumpedFont15\">b<\/span><\/span><span class=\"s3\"><span class=\"bumpedFont15\">o soud chce \u0159\u00edci ministerstv\u016fm: na mand\u00e1t od voli\u010d\u016f se vyka\u0161lete, po<\/span><\/span><span class=\"s3\"><span class=\"bumpedFont15\">slou<\/span><\/span><span class=\"s3\"><span class=\"bumpedFont15\">chejte na\u0161\u00edm soudem zjevenou pravdu<\/span><\/span><span class=\"s3\"><span class=\"bumpedFont15\">?<\/span><\/span><span class=\"s3\"><span class=\"bumpedFont15\">&nbsp;To je&nbsp;<\/span><\/span><span class=\"s3\"><span class=\"bumpedFont15\">ale&nbsp;<\/span><\/span><span class=\"s3\"><span class=\"bumpedFont15\">skute\u010dn\u00fd konec demokracie. Rozhodov\u00e1n\u00ed st\u00e1tu a jeho org\u00e1n\u016f je&nbsp;<\/span><\/span><span class=\"s3\"><span class=\"bumpedFont15\">a m\u00e1 b\u00fdt&nbsp;<\/span><\/span><span class=\"s3\"><span class=\"bumpedFont15\">odvozeno od ve\u0159ejn\u00e9ho m\u00edn\u011bn\u00ed, od spole\u010densk\u00e9 objedn\u00e1vky, od&nbsp;<\/span><\/span><span class=\"s3\"><span class=\"bumpedFont15\">dennodenn\u00edch debat, st\u0159et\u016f, \u00favah, pom\u011b\u0159ov\u00e1n\u00ed cen a p\u0159\u00ednos\u016f, idej\u00ed a c\u00edl\u016f. Z&nbsp;toho v\u0161eho vze<\/span><\/span><span class=\"s3\"><span class=\"bumpedFont15\">\u0161<\/span><\/span><span class=\"s3\"><span class=\"bumpedFont15\">la ka\u017ed\u00e1 politick\u00e9 reprezentace a z&nbsp;toho v\u0161eho tak\u00e9&nbsp;<\/span><\/span><span class=\"s3\"><span class=\"bumpedFont15\">\u010derp\u00e1 zad\u00e1n\u00ed pro sv\u00e9 \u010din<\/span><\/span><span class=\"s3\"><span class=\"bumpedFont15\">y. Soud&nbsp;<\/span><\/span><span class=\"s3\"><span class=\"bumpedFont15\">v\u0161ak&nbsp;<\/span><\/span><span class=\"s3\"><span class=\"bumpedFont15\">nyn\u00ed \u0159\u00edk\u00e1: aktivistick\u00e1 boj<\/span><\/span><span class=\"s3\"><span class=\"bumpedFont15\">\u016fv<\/span><\/span><span class=\"s3\"><span class=\"bumpedFont15\">ka je v\u00edc ne\u017e spole\u010densk\u00e1 v\u016fle, proto\u017ee&nbsp;<\/span><\/span><span class=\"s3\"><span class=\"bumpedFont15\">my&nbsp;<\/span><\/span><span class=\"s3\"><span class=\"bumpedFont15\">jsme tak rozhodli a na\u0161e rozhodnut\u00ed je pravdou. Ne \u017ee priority se m\u011bn\u00ed a vyv\u00edj<\/span><\/span><span class=\"s3\"><span class=\"bumpedFont15\">ej<\/span><\/span><span class=\"s3\"><span class=\"bumpedFont15\">\u00ed podle nal\u00e9havosti, podle pozn\u00e1n\u00ed, podle \u00fanosnosti<\/span><\/span><span class=\"s3\"><span class=\"bumpedFont15\">, a to<\/span><\/span><span class=\"s3\"><span class=\"bumpedFont15\">ka\u017ed\u00fd den.<\/span><\/span><\/p>\n<p class=\"s4\"><span class=\"s3\"><span class=\"bumpedFont15\">Roz<\/span><\/span><span class=\"s3\"><span class=\"bumpedFont15\">hod<\/span><\/span><span class=\"s3\"><span class=\"bumpedFont15\">nut\u00edm&nbsp;<\/span><\/span><span class=\"s3\"><span class=\"bumpedFont15\">M<\/span><\/span><span class=\"s3\"><span class=\"bumpedFont15\">\u011bstsk\u00e9ho osudu nastala nov\u00e1 doba. Pokud tedy p\u0159eci jen&nbsp;<\/span><\/span><span class=\"s3\"><span class=\"bumpedFont15\">nakonec&nbsp;<\/span><\/span><span class=\"s3\"><span class=\"bumpedFont15\">nezv\u00edt\u011bz\u00ed rozum a v\u00edra v&nbsp;demokr<\/span><\/span><span class=\"s3\"><span class=\"bumpedFont15\">a<\/span><\/span><span class=\"s3\"><span class=\"bumpedFont15\">cii, jestli na to u\u017e nen\u00ed pozd\u011b.<\/span><\/span><\/p>\n<p class=\"s4\"><span class=\"s3\">Ladislav Jakl, 16. \u010dervna 2022<\/span><\/p>\n<p><a href=\"https:\/\/www.institutvk.cz\/clanky\/1989.html\">Zdroj<\/a><\/p>\n","protected":false},"excerpt":{"rendered":"<p>Dv\u011b hydry dne\u0161n\u00ed doby, ni\u010d\u00edc\u00ed svobody a \u017eivoty lid\u00ed, se dnes unik\u00e1tn\u011b spojily.&nbsp;Soudcokracie&nbsp;a klimatick\u00e9 \u0161\u00edlenstv\u00ed si podaly pa\u0159\u00e1ty a vyrazily&nbsp;spole\u010dn\u011b&nbsp;k&nbsp;\u00fatoku proti lidem.&nbsp;<\/p>\n","protected":false},"author":1,"featured_media":0,"comment_status":"open","ping_status":"open","sticky":false,"template":"","format":"standard","meta":{"ngg_post_thumbnail":0,"footnotes":""},"categories":[1],"tags":[],"class_list":["post-12730","post","type-post","status-publish","format-standard","hentry","category-publikovane-clanky"],"_links":{"self":[{"href":"https:\/\/www.ladislavjakl.cz\/index.php?rest_route=\/wp\/v2\/posts\/12730","targetHints":{"allow":["GET"]}}],"collection":[{"href":"https:\/\/www.ladislavjakl.cz\/index.php?rest_route=\/wp\/v2\/posts"}],"about":[{"href":"https:\/\/www.ladislavjakl.cz\/index.php?rest_route=\/wp\/v2\/types\/post"}],"author":[{"embeddable":true,"href":"https:\/\/www.ladislavjakl.cz\/index.php?rest_route=\/wp\/v2\/users\/1"}],"replies":[{"embeddable":true,"href":"https:\/\/www.ladislavjakl.cz\/index.php?rest_route=%2Fwp%2Fv2%2Fcomments&post=12730"}],"version-history":[{"count":1,"href":"https:\/\/www.ladislavjakl.cz\/index.php?rest_route=\/wp\/v2\/posts\/12730\/revisions"}],"predecessor-version":[{"id":12731,"href":"https:\/\/www.ladislavjakl.cz\/index.php?rest_route=\/wp\/v2\/posts\/12730\/revisions\/12731"}],"wp:attachment":[{"href":"https:\/\/www.ladislavjakl.cz\/index.php?rest_route=%2Fwp%2Fv2%2Fmedia&parent=12730"}],"wp:term":[{"taxonomy":"category","embeddable":true,"href":"https:\/\/www.ladislavjakl.cz\/index.php?rest_route=%2Fwp%2Fv2%2Fcategories&post=12730"},{"taxonomy":"post_tag","embeddable":true,"href":"https:\/\/www.ladislavjakl.cz\/index.php?rest_route=%2Fwp%2Fv2%2Ftags&post=12730"}],"curies":[{"name":"wp","href":"https:\/\/api.w.org\/{rel}","templated":true}]}}