{"id":12733,"date":"2022-06-28T09:22:00","date_gmt":"2022-06-28T07:22:00","guid":{"rendered":"https:\/\/www.ladislavjakl.cz\/?p=12733"},"modified":"2022-06-28T09:22:00","modified_gmt":"2022-06-28T07:22:00","slug":"uz-nas-zase-strasi-ctvrtecni-glosa-ladislava-jakla","status":"publish","type":"post","link":"https:\/\/www.ladislavjakl.cz\/?p=12733","title":{"rendered":"U\u017e n\u00e1s zase stra\u0161\u00ed \u010ctvrte\u010dn\u00ed glosa Ladislava Jakla"},"content":{"rendered":"<p>Za p\u00e1r dn\u016f za\u010d\u00edn\u00e1 nejv\u011bt\u0161\u00ed cyklistick\u00fd sv\u00e1tek v&nbsp;roce \u2013 Tour de France. A nejen na sportovn\u00edch str\u00e1nk\u00e1ch se mno\u017e\u00ed popla\u0161n\u00e9 titulky o hrozb\u011b covidu nad pelotonem. Kdy\u017e si ale \u010dlov\u011bk p\u0159e\u010dte p\u0159\u00edslu\u0161n\u00e9 texty, zjist\u00ed, \u017ee o \u017e\u00e1dn\u00fd covid nejde.<\/p>\n<p><!--more--><\/p>\n<p>Podobn\u00e9 informace p\u0159in\u00e1\u0161ej\u00ed posledn\u00ed dva dny portugalsk\u00e1, italsk\u00e1, \u0161pan\u011blsk\u00e1 \u010di \u0161v\u00fdcarsk\u00e1 m\u00e9dia. Pr\u00fd by bylo omylem se domn\u00edvat, \u017ee pandemie skon\u010dila. V\u00fdskyt covidu \u00fadajn\u011b op\u011bt s\u00edl\u00ed. A tak se u\u017e zase bubnuje na poplach, mluv\u00ed se o nov\u00fdch, zaru\u010den\u011b \u00fa\u010dinn\u00fdch injekc\u00edch \u010di o trval\u00e9 povinnosti nosit od podzimu do jara rou\u0161ky (N\u011bmecko).<\/p>\n<p>U\u017e zase n\u00e1s ale v\u0161ichni balamut\u00ed. Ne, cyklist\u016fm \u017e\u00e1dn\u00fd covid nehroz\u00ed a \u017e\u00e1dn\u00fd jeho p\u0159\u00edpad nebyl u profipelotonu zaznamen\u00e1n. Covid je nemoc. Tu mus\u00ed diagnostikovat l\u00e9ka\u0159. Novin\u00e1\u0159i a dal\u0161\u00ed alarmist\u00e9 si toti\u017e u\u017e dva roky pletou (mnoz\u00ed \u00famysln\u011b) \u010dlov\u011bka pozitivn\u011b testovan\u00e9ho na p\u0159\u00edtomnost koronaviru SARS CoV 2 a \u010dlov\u011bka opravdu nemocn\u00e9ho chorobou zvanou covid 19. Kdyby ka\u017ed\u00e9ho z&nbsp;n\u00e1s otestovali na p\u0159\u00edtomnost mnoha nebezpe\u010dn\u00fdch vir\u016f a bakteri\u00ed, byli bychom pozitivn\u00ed v\u0161ichni. Ale jen minimum z&nbsp;n\u00e1s onemocn\u00ed.<\/p>\n<p>Jestli n\u011bkde prob\u00edh\u00e1 epidemie, pak je to epidemie testov\u00e1n\u00ed. Jsme u\u017e zase stra\u0161en\u00ed \u010d\u00edsly o po\u010dtu pozitivn\u00edch text\u016f, ale nikdo n\u00e1m ne\u0159\u00edk\u00e1, kolik lid\u00ed je opravdu v\u00e1\u017en\u011b nemocn\u00fdch. A tak jsou dom\u016f odes\u00edl\u00e1n\u00ed zdrav\u00ed tr\u00e9novan\u00ed sportovci p\u0159ed vrcholem sez\u00f3ny (a mo\u017en\u00e1 \u017eivotn\u00ed kari\u00e9ry) jen proto, \u017ee jim zjistili p\u0159\u00edtomnost viru v&nbsp;organismu. Viru, kter\u00fd u nich nevyvolal \u017e\u00e1dn\u00e9 onemocn\u011bn\u00ed.<\/p>\n<p>Pot\u0159ebujeme snad \u017e\u00edt dal\u0161\u00ed m\u011bs\u00edce a roky ve strachu, v&nbsp;\u0161ikan\u011b r\u016fzn\u00fdch restrikc\u00ed a p\u0159\u00edkaz\u016f? Nebylo u\u017e toho dost? Copak jsme se v\u016fbec nepou\u010dili? Zahodili jsme z\u00e1kladn\u00ed pou\u010dku zdrav\u00e9ho rozumu, \u017ee opatrnost mus\u00ed b\u00fdt p\u0159im\u011b\u0159en\u00e1 m\u00ed\u0159e rizika a je-li p\u0159est\u0159elen\u00e1, je nutn\u011b kontraproduktivn\u00ed?<\/p>\n<p>Lid\u00e9 se prost\u011b musej\u00ed b\u00e1t. B\u00e1t svobodn\u011b \u017e\u00edt. Maj\u00ed \u010dekat na pokyny mocn\u00fdch autorit. A to v&nbsp;mnoha dal\u0161\u00edch oblastech. Zrovna dnes na iDNES p\u0159edstavitel Tepl\u00e1rensk\u00e9ho sdru\u017een\u00ed varuje p\u0159ed energetickou kriz\u00ed a rad\u00ed zvyknout si na v\u011bt\u0161\u00ed zimu v&nbsp;bytech. Do\u0161ly n\u00e1m snad z\u00e1soby zdroj\u016f energie? V\u016fbec ne. Ve v\u00fdpov\u011bdi \u0161\u00e9fa tepl\u00e1ren se toti\u017e do\u010dteme, \u017ee jistou \u00falevu pro na\u0161e pen\u011b\u017eenky by p\u0159ineslo alespo\u0148 \u010d\u00e1ste\u010dn\u00e9 ud\u011blov\u00e1n\u00ed v\u00fdjimek na vr\u00e1cen\u00ed \u010d\u00e1sti plateb za emisn\u00ed povolenky.<\/p>\n<p>Tak\u017ee stejn\u011b jako v&nbsp;prvn\u00edm p\u0159\u00edpad\u011b to nen\u00ed hrozba objektivn\u00ed, nen\u00ed to sh\u016fry spadl\u00e1 danost, ale d\u011bl\u00e1me si ji sami. Testujeme miliony zdrav\u00fdch lid\u00ed, zdrav\u00e9 omezujeme a zdroje energie si sami zat\u011b\u017eujeme naprosto nesmyslnou dodate\u010dnou dan\u00ed v&nbsp;podob\u011b emisn\u00edch povolenek. To u\u017e n\u00e1s nebav\u00ed \u017e\u00edt norm\u00e1ln\u011b, hospod\u00e1rn\u011b, rozumn\u011b? Mus\u00edme se st\u0159\u00edlet do vlastn\u00ed nohy znovu a znovu, sotva se n\u00e1m posledn\u00ed pr\u016fst\u0159el za\u010dal hojit?<\/p>\n<p>Ladislav Jakl, 23. \u010dervna 2022<\/p>\n<p><a href=\"https:\/\/www.institutvk.cz\/clanky\/1999.html\">Zdroj<\/a><\/p>\n","protected":false},"excerpt":{"rendered":"<p>Za p\u00e1r dn\u016f za\u010d\u00edn\u00e1 nejv\u011bt\u0161\u00ed cyklistick\u00fd sv\u00e1tek v&nbsp;roce \u2013 Tour de France. A nejen na sportovn\u00edch str\u00e1nk\u00e1ch se mno\u017e\u00ed popla\u0161n\u00e9 titulky o hrozb\u011b covidu nad pelotonem. Kdy\u017e si ale \u010dlov\u011bk p\u0159e\u010dte p\u0159\u00edslu\u0161n\u00e9 texty, zjist\u00ed, \u017ee o \u017e\u00e1dn\u00fd covid nejde.<\/p>\n","protected":false},"author":1,"featured_media":0,"comment_status":"open","ping_status":"open","sticky":false,"template":"","format":"standard","meta":{"ngg_post_thumbnail":0,"footnotes":""},"categories":[1],"tags":[],"class_list":["post-12733","post","type-post","status-publish","format-standard","hentry","category-publikovane-clanky"],"_links":{"self":[{"href":"https:\/\/www.ladislavjakl.cz\/index.php?rest_route=\/wp\/v2\/posts\/12733","targetHints":{"allow":["GET"]}}],"collection":[{"href":"https:\/\/www.ladislavjakl.cz\/index.php?rest_route=\/wp\/v2\/posts"}],"about":[{"href":"https:\/\/www.ladislavjakl.cz\/index.php?rest_route=\/wp\/v2\/types\/post"}],"author":[{"embeddable":true,"href":"https:\/\/www.ladislavjakl.cz\/index.php?rest_route=\/wp\/v2\/users\/1"}],"replies":[{"embeddable":true,"href":"https:\/\/www.ladislavjakl.cz\/index.php?rest_route=%2Fwp%2Fv2%2Fcomments&post=12733"}],"version-history":[{"count":1,"href":"https:\/\/www.ladislavjakl.cz\/index.php?rest_route=\/wp\/v2\/posts\/12733\/revisions"}],"predecessor-version":[{"id":12734,"href":"https:\/\/www.ladislavjakl.cz\/index.php?rest_route=\/wp\/v2\/posts\/12733\/revisions\/12734"}],"wp:attachment":[{"href":"https:\/\/www.ladislavjakl.cz\/index.php?rest_route=%2Fwp%2Fv2%2Fmedia&parent=12733"}],"wp:term":[{"taxonomy":"category","embeddable":true,"href":"https:\/\/www.ladislavjakl.cz\/index.php?rest_route=%2Fwp%2Fv2%2Fcategories&post=12733"},{"taxonomy":"post_tag","embeddable":true,"href":"https:\/\/www.ladislavjakl.cz\/index.php?rest_route=%2Fwp%2Fv2%2Ftags&post=12733"}],"curies":[{"name":"wp","href":"https:\/\/api.w.org\/{rel}","templated":true}]}}