{"id":1274,"date":"2011-09-19T09:25:52","date_gmt":"2011-09-19T08:25:52","guid":{"rendered":"http:\/\/www.ladislavjakl.cz\/?p=1274"},"modified":"2011-09-19T09:25:52","modified_gmt":"2011-09-19T08:25:52","slug":"lidove-noviny-zertujici","status":"publish","type":"post","link":"https:\/\/www.ladislavjakl.cz\/?p=1274","title":{"rendered":"Lidov\u00e9 noviny \u017eertuj\u00edc\u00ed"},"content":{"rendered":"<p>Poslal mi jeden novin\u00e1\u0159 z\u00a0Lidov\u00fdch novin tuhle esesemesku:<\/p>\n<p><!--more--><\/p>\n<p>\u201eDobr\u00fd den, ani po opakovan\u00fdch \u017e\u00e1dostech n\u00e1m Kancel\u00e1\u0159 prezidenta nesd\u011blila celkovou \u010d\u00e1stku (plat, odm\u011bny, pr\u00e9mie), kter\u00e1 V\u00e1m n\u00e1le\u017eela za rok 2010 s\u00a0odkazem na to, \u017ee to z\u00e1kon neumo\u017e\u0148uje. Jen\u017ee experti tvrd\u00ed opak. Cht\u011bl bych se zeptat, zda tedy neodtajn\u00edte tuto sumu s\u00e1m. D\u011bkuji za reakci, hezk\u00fd den p\u0159eji. K\u0159ivka-LN\u201c<\/p>\n<p>A j\u00e1 mu odpov\u011bd\u011bl:<\/p>\n<p>\u201eNeodtajn\u00edm. Naopak, pokud Kancel\u00e1\u0159 prezidenta republiky zas\u00e1hne do m\u00fdch pr\u00e1v a bez m\u00e9ho souhlasu tato data zve\u0159ejn\u00ed, pravd\u011bpodobn\u011b ji budu \u017ealovat o od\u0161kodn\u00e9 za \u00fajmu. M\u00e1m toti\u017e velmi kr\u00e1snou partnerku, co\u017e si nedovedu p\u0159i sv\u00e9 viz\u00e1\u017ei vysv\u011btlit jinak, ne\u017e \u017ee \u017eije v\u00a0iluzi o m\u00e9m kdov\u00edjak\u00e9m platu. A proto\u017ee to je opravdu \u00fa\u017easn\u00e1 \u017eena, budu cht\u00edt zatracen\u011b vysok\u00e9 od\u0161kodn\u011bn\u00ed, jestli m\u011b opust\u00ed, a\u017e o ty iluze bude bezohledn\u011b p\u0159ipravena.<\/p>\n<p>A tady se m\u016f\u017eete pod\u00edvat, co z\u00a0toho LN vyrobily. A pak \u017ee nemaj\u00ed smysl pro legraci.<\/p>\n<p><a href=\"http:\/\/www.lidovky.cz\/jakl-jestli-zverejni-muj-plat-zazaluji-hrad-o-odskodne-p1i-\/ln_domov.asp?c=A110914_165243_ln_domov_ape\">http:\/\/www.lidovky.cz\/jakl-jestli-zverejni-muj-plat-zazaluji-hrad-o-odskodne-p1i-\/ln_domov.asp?c=A110914_165243_ln_domov_ape<\/a><\/p>\n<p>L. J.<\/p>\n","protected":false},"excerpt":{"rendered":"<p>Poslal mi jeden novin\u00e1\u0159 z\u00a0Lidov\u00fdch novin tuhle esesemesku:<\/p>\n","protected":false},"author":1,"featured_media":0,"comment_status":"open","ping_status":"open","sticky":false,"template":"","format":"standard","meta":{"ngg_post_thumbnail":0,"footnotes":""},"categories":[6],"tags":[],"class_list":["post-1274","post","type-post","status-publish","format-standard","hentry","category-co-jsem-nerekl"],"_links":{"self":[{"href":"https:\/\/www.ladislavjakl.cz\/index.php?rest_route=\/wp\/v2\/posts\/1274","targetHints":{"allow":["GET"]}}],"collection":[{"href":"https:\/\/www.ladislavjakl.cz\/index.php?rest_route=\/wp\/v2\/posts"}],"about":[{"href":"https:\/\/www.ladislavjakl.cz\/index.php?rest_route=\/wp\/v2\/types\/post"}],"author":[{"embeddable":true,"href":"https:\/\/www.ladislavjakl.cz\/index.php?rest_route=\/wp\/v2\/users\/1"}],"replies":[{"embeddable":true,"href":"https:\/\/www.ladislavjakl.cz\/index.php?rest_route=%2Fwp%2Fv2%2Fcomments&post=1274"}],"version-history":[{"count":1,"href":"https:\/\/www.ladislavjakl.cz\/index.php?rest_route=\/wp\/v2\/posts\/1274\/revisions"}],"predecessor-version":[{"id":1275,"href":"https:\/\/www.ladislavjakl.cz\/index.php?rest_route=\/wp\/v2\/posts\/1274\/revisions\/1275"}],"wp:attachment":[{"href":"https:\/\/www.ladislavjakl.cz\/index.php?rest_route=%2Fwp%2Fv2%2Fmedia&parent=1274"}],"wp:term":[{"taxonomy":"category","embeddable":true,"href":"https:\/\/www.ladislavjakl.cz\/index.php?rest_route=%2Fwp%2Fv2%2Fcategories&post=1274"},{"taxonomy":"post_tag","embeddable":true,"href":"https:\/\/www.ladislavjakl.cz\/index.php?rest_route=%2Fwp%2Fv2%2Ftags&post=1274"}],"curies":[{"name":"wp","href":"https:\/\/api.w.org\/{rel}","templated":true}]}}