{"id":12740,"date":"2022-07-11T10:14:33","date_gmt":"2022-07-11T08:14:33","guid":{"rendered":"https:\/\/www.ladislavjakl.cz\/?p=12740"},"modified":"2022-07-11T10:14:33","modified_gmt":"2022-07-11T08:14:33","slug":"ostrou-strelbou-za-lepsi-podnebi","status":"publish","type":"post","link":"https:\/\/www.ladislavjakl.cz\/?p=12740","title":{"rendered":"Ostrou st\u0159elbou za lep\u0161\u00ed podneb\u00ed"},"content":{"rendered":"<p>Nizozemsk\u00e1 vl\u00e1da je tou nejpokrokov\u011bj\u0161\u00ed na sv\u011bt\u011b. A ve sv\u00e9 pokrokovosti nejradik\u00e1ln\u011bj\u0161\u00ed. Radik\u00e1ln\u00ed natolik, \u017ee je schopna se k&nbsp;lep\u0161\u00edmu podneb\u00ed klidn\u011b i prost\u0159\u00edlet.<\/p>\n<p><!--more--><\/p>\n<p>Kdy\u017e p\u0159ed \u010dasem prol\u00e9tla medi\u00e1ln\u00ed krajinou informace o tom, \u017ee nizozemsk\u00fd st\u00e1t se rozhodl k z\u00e1vazku sn\u00ed\u017eit emise metanu, sodovkov\u00e9ho plynu a dusi\u010dnan\u016f b\u011bhem p\u0159\u00ed\u0161t\u00edch sedmi let na polovinu, mnoho pozornosti si nez\u00edskala. Jen n\u011bkte\u0159\u00ed pozorovatel\u00e9 si v\u0161imli, \u017ee takov\u00fd pl\u00e1n obn\u00e1\u0161\u00ed faktickou likvidaci slavn\u00e9ho a tradi\u010dn\u00edho holandsk\u00e9ho zem\u011bd\u011blstv\u00ed.<\/p>\n<p>St\u00e1t bude vytla\u010dovat farm\u00e1\u0159e z&nbsp;jejich p\u016fdy, prov\u00e1d\u011bt nucen\u00e9 v\u00fdkupy pozemk\u016f a zavede drastick\u00e9 limity stavu dobytka. Nizozemsk\u00fd venkov, po stalet\u00ed usilovnou prac\u00ed \u0159ady generac\u00ed kultivovan\u00fd do podoby v\u0161em zn\u00e1m\u00e9 hust\u011b obydlen\u00e9 \u201eholandsk\u00e9 zahr\u00e1dky\u201c, se m\u00e1 prom\u011bnit v&nbsp;p\u0159\u00edrodn\u00ed lesoparky. V\u00fdte\u010dn\u00e9 holandsk\u00e9 s\u00fdry maj\u00ed patrn\u011b zmizet z&nbsp;reg\u00e1l\u016f samoobsluh a p\u0159est\u011bhovat se do luxusn\u00edch prodejen exotick\u00fdch lah\u016fdek nebo sp\u00ed\u0161e do muzea. A zem\u011bd\u011blci? Ti si asi maj\u00ed naj\u00edt jinou z\u00e1bavu.<\/p>\n<p>Jen\u017ee nizozemsk\u00fdm farm\u00e1\u0159\u016fm se takov\u00e1 p\u0159edstava vlastn\u00ed budoucnosti pranic nel\u00edb\u00ed a rozhodli se protestovat. A velmi hlasit\u011b. Odhodl\u00e1n\u00ed nizozemsk\u00e9 vl\u00e1dy prosadit lep\u0161\u00ed podneb\u00ed pro cel\u00fd sv\u011bt se ale n\u011bjak\u00fdmi protesty zviklat ned\u00e1.<\/p>\n<p>A tak se stalo, co se st\u00e1t muselo. Zrovna dnes, v&nbsp;provincii Fr\u00edsko, pou\u017eila policie p\u0159i potla\u010dov\u00e1n\u00ed farm\u00e1\u0159sk\u00fdch protest\u016f ostrou munici. St\u0159\u00edlej\u00edc\u00ed policist\u00e9 se h\u00e1j\u00ed t\u00edm, \u017ee traktory a kombajny protestuj\u00edc\u00edch ohro\u017eovaly bezpe\u010dnost. \u017de bezpe\u010dnost a budoucnost ohro\u017euj\u00ed naopak \u0161\u00edlen\u00e9 pl\u00e1ny nizozemsk\u00e9 vl\u00e1dy, to ve zpr\u00e1v\u011b agentur nenajdeme.<\/p>\n<p>Na\u0161e republika m\u00e1 tak\u00e9 vl\u00e1du, kter\u00e1 se hl\u00e1s\u00ed k&nbsp;pokroku. Co se v\u010dera kde \u0161ustlo za v\u00fdst\u0159elek, to se n\u00e1m z\u00edtra serv\u00edruje coby p\u0159\u00edklad k&nbsp;n\u00e1sledov\u00e1n\u00ed, a poz\u00edt\u0159\u00ed u\u017e jako povinnost. Budeme i u n\u00e1s likvidovat venkov a decimovat zem\u011bd\u011blstv\u00ed? Leckdo by \u0159ekl, \u017ee u\u017e se to d\u011bje.<\/p>\n<p>Ale zat\u00edm se u toho v \u010cesku nest\u0159\u00edl\u00ed. Zat\u00edm.<\/p>\n<p>Ladislav Jakl, 7. \u010dervence 2022<\/p>\n<p><a href=\"https:\/\/www.institutvk.cz\/clanky\/2010.html\">Zdroj<\/a><\/p>\n","protected":false},"excerpt":{"rendered":"<p>Nizozemsk\u00e1 vl\u00e1da je tou nejpokrokov\u011bj\u0161\u00ed na sv\u011bt\u011b. A ve sv\u00e9 pokrokovosti nejradik\u00e1ln\u011bj\u0161\u00ed. Radik\u00e1ln\u00ed natolik, \u017ee je schopna se k&nbsp;lep\u0161\u00edmu podneb\u00ed klidn\u011b i prost\u0159\u00edlet.<\/p>\n","protected":false},"author":1,"featured_media":0,"comment_status":"open","ping_status":"open","sticky":false,"template":"","format":"standard","meta":{"ngg_post_thumbnail":0,"footnotes":""},"categories":[1],"tags":[],"class_list":["post-12740","post","type-post","status-publish","format-standard","hentry","category-publikovane-clanky"],"_links":{"self":[{"href":"https:\/\/www.ladislavjakl.cz\/index.php?rest_route=\/wp\/v2\/posts\/12740","targetHints":{"allow":["GET"]}}],"collection":[{"href":"https:\/\/www.ladislavjakl.cz\/index.php?rest_route=\/wp\/v2\/posts"}],"about":[{"href":"https:\/\/www.ladislavjakl.cz\/index.php?rest_route=\/wp\/v2\/types\/post"}],"author":[{"embeddable":true,"href":"https:\/\/www.ladislavjakl.cz\/index.php?rest_route=\/wp\/v2\/users\/1"}],"replies":[{"embeddable":true,"href":"https:\/\/www.ladislavjakl.cz\/index.php?rest_route=%2Fwp%2Fv2%2Fcomments&post=12740"}],"version-history":[{"count":1,"href":"https:\/\/www.ladislavjakl.cz\/index.php?rest_route=\/wp\/v2\/posts\/12740\/revisions"}],"predecessor-version":[{"id":12741,"href":"https:\/\/www.ladislavjakl.cz\/index.php?rest_route=\/wp\/v2\/posts\/12740\/revisions\/12741"}],"wp:attachment":[{"href":"https:\/\/www.ladislavjakl.cz\/index.php?rest_route=%2Fwp%2Fv2%2Fmedia&parent=12740"}],"wp:term":[{"taxonomy":"category","embeddable":true,"href":"https:\/\/www.ladislavjakl.cz\/index.php?rest_route=%2Fwp%2Fv2%2Fcategories&post=12740"},{"taxonomy":"post_tag","embeddable":true,"href":"https:\/\/www.ladislavjakl.cz\/index.php?rest_route=%2Fwp%2Fv2%2Ftags&post=12740"}],"curies":[{"name":"wp","href":"https:\/\/api.w.org\/{rel}","templated":true}]}}