{"id":12747,"date":"2022-07-20T09:24:16","date_gmt":"2022-07-20T07:24:16","guid":{"rendered":"https:\/\/www.ladislavjakl.cz\/?p=12747"},"modified":"2022-07-20T09:24:16","modified_gmt":"2022-07-20T07:24:16","slug":"chudoba-je-zde-bylo-to-vse-nutne","status":"publish","type":"post","link":"https:\/\/www.ladislavjakl.cz\/?p=12747","title":{"rendered":"Chudoba je zde. Bylo to v\u0161e nutn\u00e9?"},"content":{"rendered":"<p>Tak u\u017e i medi\u00e1ln\u00ed mainstream si v\u0161iml, \u017ee obyvatelstvo Evropsk\u00e9 unie neodvratn\u011b sm\u011b\u0159uje k&nbsp;rozvratu, k&nbsp;nedostatku, k&nbsp;nouzi, k&nbsp;soci\u00e1ln\u00ed katastrof\u011b. T\u0159eba dne\u0161n\u00ed iDNES hl\u00e1s\u00e1 na titulce: \u201eDra\u017e\u0161\u00ed energie a trp\u00edc\u00ed dom\u00e1cnosti. Oslaben\u00e9 euro sr\u00e1\u017e\u00ed Evropu do chudoby.\u201c<\/p>\n<p><!--more--><\/p>\n<p>Ano. Chudoba je zde. A nespadla z&nbsp;nebe. Je nevyhnuteln\u00fdm d\u016fsledkem mnoha chybn\u00fdch rozhodnut\u00ed p\u0159edstavitel\u016f EU a plodem dlouhodob\u011b nesmysln\u00e9 politiky, kter\u00e1 nad\u0159adila ideologick\u00e9 soci\u00e1ln\u011b-in\u017een\u00fdrsk\u00e9 c\u00edle nad z\u00e1jmy rodin, n\u00e1rod\u016f, obyvatel. M\u00edsto n\u011bjak\u00e9 sebereflexe, m\u00edsto okam\u017eit\u00e9ho zat\u00e1hnut\u00ed za z\u00e1chrannou brzdu v\u0161ak jedeme d\u00e1l a \u00d3da na radost k&nbsp;tomu vyhr\u00e1v\u00e1 osto\u0161et.<\/p>\n<p>Kdy\u017e n\u011bkdo v&nbsp;minul\u00fdch letech varoval, \u017ee boj s&nbsp;podneb\u00edm n\u00e1s p\u0159ijde drasticky draho a ohroz\u00ed prosperitu stovek milion\u016f lid\u00ed, dostalo se mu po\u0161klebov\u00e1n\u00ed, \u017ee Green Deal je naopak p\u0159\u00edle\u017eitost\u00ed k&nbsp;rozvoji nov\u00fdch technologi\u00ed, k&nbsp;levn\u011bj\u0161\u00ed energii a bude impulsem pro nakro\u010den\u00ed k&nbsp;sofistikovan\u011bj\u0161\u00ed ekonomice. Dokonce bylo mo\u017en\u00e9 je\u0161t\u011b p\u0159ed p\u00e1r t\u00fddny zahl\u00e9dnout titulek \u201eOna tady je n\u011bjak\u00e1 b\u00edda? A mohl bych ji vid\u011bt?\u201c<\/p>\n<p>Kdy\u017e n\u011bkdo v&nbsp;minul\u00fdch letech varoval p\u0159ed fisk\u00e1ln\u00ed expanz\u00ed, p\u0159ed ohromn\u00fdmi a ne\u0159e\u0161en\u00fdmi deficity ve\u0159ejn\u00fdch financ\u00ed, byl ok\u0159ikov\u00e1n, \u017ee zdroje tu jsou a \u017ee z&nbsp;hospod\u00e1\u0159sk\u00fdch pot\u00ed\u017e\u00ed se nelze pro\u0161krtat. V\u00fdsledkem je inflace, kter\u00e1 za posledn\u00ed rok ukrojila hodnotu sto osmdes\u00e1ti korun z&nbsp;ka\u017ed\u00e9 naspo\u0159en\u00e9 tis\u00edcovky. A nepochybn\u011b bude pokra\u010dovat.<\/p>\n<p>Kdy\u017e n\u011bkdo v&nbsp;minul\u00fdch letech varoval p\u0159ed \u010dist\u011b politick\u00fdm, ale z&nbsp;ekonomick\u00e9ho hlediska nesmysln\u00fdm projektem spole\u010dn\u00e9 m\u011bny EU, byl uk\u0159i\u010den, \u017ee to je p\u0159ece cesta, jak podpo\u0159it obchod, omezit transak\u010dn\u00ed n\u00e1klady a br\u00e1nit rozpo\u010dtov\u00e9 rozma\u0159ilosti v&nbsp;jednotliv\u00fdch \u010dlensk\u00fdch zem\u00edch. \u017de je tento projekt um\u011ble udr\u017eov\u00e1n p\u0159i \u017eivot\u011b pouze za cenu obrovsk\u00fdch finan\u010dn\u00edch transfer\u016f a bere zem\u00edm mo\u017enost reagovat na ekonomick\u00e9 v\u00fdkyvy vhodnou m\u011bnovou politikou, nyn\u00ed nevid\u00ed jen zaslepen\u00ed.<\/p>\n<p>Kdy\u017e p\u0159ed lety n\u011bkdo varoval p\u0159ed neuv\u00e1\u017een\u00fdmi a brut\u00e1ln\u00edmi z\u00e1sahy bruselsk\u00e9ho centra do p\u0159irozen\u00fdch tr\u017en\u00edch mechanism\u016f, byl uml\u010dov\u00e1n, \u017ee to jsou p\u0159ece z\u00e1sahy ve ve\u0159ejn\u00e9m z\u00e1jmu a pro dobro spot\u0159ebitel\u016f. \u017de nutn\u011b mus\u00ed v\u00e9st ke zdra\u017een\u00ed n\u00e1klad\u016f, k&nbsp;omezen\u00ed voln\u00e9 konkurence, k&nbsp;zaost\u00e1v\u00e1n\u00ed za zbytkem sv\u011bta, to si mo\u017en\u00e1 kdesi v&nbsp;Bruselu je\u0161t\u011b nep\u0159ipou\u0161t\u011bj\u00ed, ale dom\u00e1cnosti v&nbsp;\u010dlensk\u00fdch zem\u00edch u\u017e to za\u017e\u00edvaj\u00ed na vlastn\u00ed k\u016f\u017ei.<\/p>\n<p>Bylo tohle v\u0161e nutn\u00e9? Kolik je\u0161t\u011b pot\u0159ebujeme lekc\u00ed, ne\u017e dosavadn\u00ed politiku EU p\u0159ehodnot\u00edme? K&nbsp;\u010demu vlastn\u011b m\u00e1me sv\u00e9 vrcholn\u00e9 p\u0159edstavitele? Pr\u00fd jsou od toho, aby h\u00e1jili z\u00e1jmy norm\u00e1ln\u00edch lid\u00ed, pe\u010dovali o prosperitu ekonomiky a dobrou \u017eivotn\u00ed \u00farove\u0148 a soci\u00e1ln\u00ed pom\u011bry. Jestli\u017ee v\u0161echny tyto c\u00edle dopadaj\u00ed tragicky, je nutno z&nbsp;toho vyvodit, \u017ee za to n\u011bkdo a n\u011bco m\u016f\u017ee.&nbsp;<\/p>\n<p>A \u017ee takov\u00fdm lidem a takov\u00e9 politice u\u017e nelze d\u00e1l nechat osudy stamili\u00f3n\u016f lid\u00ed v&nbsp;rukou jako hra\u010dku.<\/p>\n<p>Ladislav Jakl, 14. \u010dervence 2022<\/p>\n<p><a href=\"https:\/\/www.institutvk.cz\/clanky\/2016.html\">Zdroj<\/a><\/p>\n","protected":false},"excerpt":{"rendered":"<p>Tak u\u017e i medi\u00e1ln\u00ed mainstream si v\u0161iml, \u017ee obyvatelstvo Evropsk\u00e9 unie neodvratn\u011b sm\u011b\u0159uje k&nbsp;rozvratu, k&nbsp;nedostatku, k&nbsp;nouzi, k&nbsp;soci\u00e1ln\u00ed katastrof\u011b. T\u0159eba dne\u0161n\u00ed iDNES hl\u00e1s\u00e1 na titulce: \u201eDra\u017e\u0161\u00ed energie a trp\u00edc\u00ed dom\u00e1cnosti. Oslaben\u00e9 euro sr\u00e1\u017e\u00ed Evropu do chudoby.\u201c<\/p>\n","protected":false},"author":1,"featured_media":0,"comment_status":"open","ping_status":"open","sticky":false,"template":"","format":"standard","meta":{"ngg_post_thumbnail":0,"footnotes":""},"categories":[1],"tags":[],"class_list":["post-12747","post","type-post","status-publish","format-standard","hentry","category-publikovane-clanky"],"_links":{"self":[{"href":"https:\/\/www.ladislavjakl.cz\/index.php?rest_route=\/wp\/v2\/posts\/12747","targetHints":{"allow":["GET"]}}],"collection":[{"href":"https:\/\/www.ladislavjakl.cz\/index.php?rest_route=\/wp\/v2\/posts"}],"about":[{"href":"https:\/\/www.ladislavjakl.cz\/index.php?rest_route=\/wp\/v2\/types\/post"}],"author":[{"embeddable":true,"href":"https:\/\/www.ladislavjakl.cz\/index.php?rest_route=\/wp\/v2\/users\/1"}],"replies":[{"embeddable":true,"href":"https:\/\/www.ladislavjakl.cz\/index.php?rest_route=%2Fwp%2Fv2%2Fcomments&post=12747"}],"version-history":[{"count":1,"href":"https:\/\/www.ladislavjakl.cz\/index.php?rest_route=\/wp\/v2\/posts\/12747\/revisions"}],"predecessor-version":[{"id":12748,"href":"https:\/\/www.ladislavjakl.cz\/index.php?rest_route=\/wp\/v2\/posts\/12747\/revisions\/12748"}],"wp:attachment":[{"href":"https:\/\/www.ladislavjakl.cz\/index.php?rest_route=%2Fwp%2Fv2%2Fmedia&parent=12747"}],"wp:term":[{"taxonomy":"category","embeddable":true,"href":"https:\/\/www.ladislavjakl.cz\/index.php?rest_route=%2Fwp%2Fv2%2Fcategories&post=12747"},{"taxonomy":"post_tag","embeddable":true,"href":"https:\/\/www.ladislavjakl.cz\/index.php?rest_route=%2Fwp%2Fv2%2Ftags&post=12747"}],"curies":[{"name":"wp","href":"https:\/\/api.w.org\/{rel}","templated":true}]}}