{"id":12758,"date":"2022-07-27T09:10:23","date_gmt":"2022-07-27T07:10:23","guid":{"rendered":"https:\/\/www.ladislavjakl.cz\/?p=12758"},"modified":"2022-07-27T09:10:23","modified_gmt":"2022-07-27T07:10:23","slug":"tiskova-zprava-z-11-zasedani-rady-konaneho-dne-19-7-2022","status":"publish","type":"post","link":"https:\/\/www.ladislavjakl.cz\/?p=12758","title":{"rendered":"Tiskov\u00e1 zpr\u00e1va z 11. zased\u00e1n\u00ed Rady, konan\u00e9ho dne 19. 7. 2022"},"content":{"rendered":"<p>Rada pro rozhlasov\u00e9 a televizn\u00ed vys\u00edl\u00e1n\u00ed (d\u00e1le jen &#8222;Rada&#8220;) na sv\u00e9m 11. zased\u00e1n\u00ed<br \/>\nprojednala 40 bod\u016f programu. Vyhodnotila 23 st\u00ed\u017enost\u00ed div\u00e1k\u016f a poslucha\u010d\u016f, vydala osm<br \/>\nupozorn\u011bn\u00ed na poru\u0161en\u00ed z\u00e1kona, rozhodla o zah\u00e1jen\u00ed sedmi spr\u00e1vn\u00edch \u0159\u00edzen\u00ed.<\/p>\n<p><!--more--><br \/>\nRada na sv\u00e9m 11. zased\u00e1n\u00ed ud\u011blila dv\u011b licence, a to spole\u010dnosti JOE Media s.r.o. licenci<br \/>\nk provozov\u00e1n\u00ed rozhlasov\u00e9ho vys\u00edl\u00e1n\u00ed prost\u0159ednictv\u00edm vys\u00edla\u010d\u016f se souborem technick\u00fdch<br \/>\nparametr\u016f Ostrava m\u011bsto 99,5 MHz \/ 50 W pro program HEY Radio a spole\u010dnosti<br \/>\nKVIFF.TV a.s., licenci k provozov\u00e1n\u00ed televizn\u00edho vys\u00edl\u00e1n\u00ed \u0161\u00ed\u0159en\u00e9ho prost\u0159ednictv\u00edm<br \/>\nzvl\u00e1\u0161tn\u00edch p\u0159enosov\u00fdch syst\u00e9m\u016f s n\u00e1zvem programu KVIFF.TV live.<br \/>\nNa 11. zased\u00e1n\u00ed prob\u011bhlo ve\u0159ejn\u00e9 sly\u0161en\u00ed v \u0159\u00edzen\u00ed o ud\u011blen\u00ed licence k provozov\u00e1n\u00ed<br \/>\nrozhlasov\u00e9ho vys\u00edl\u00e1n\u00ed \u0161\u00ed\u0159en\u00e9ho prost\u0159ednictv\u00edm vys\u00edla\u010d\u016f se souborem technick\u00fdch<br \/>\nparametr\u016f Doma\u017elice Vav\u0159inec 103,0 MHz \/ 100 W, Karlovy Vary s\u00eddli\u0161t\u011b 105,0 MHz \/ 200<br \/>\nW, Klatovy 92,4 MHz \/ 100 W, Plze\u0148 stadion 1 103,0 MHz \/ 200 W, Tachov 3 105,6 MHz \/<br \/>\n200 W, \u017delezn\u00e1 Ruda m\u011bsto 105,6 MHz \/ 25 W.<br \/>\nPodrobn\u011bj\u0161\u00ed informace naleznete v p\u0159episech usnesen\u00ed Rady:<br \/>\nROZHLASOV\u00c9 VYS\u00cdL\u00c1N\u00cd<br \/>\n&#8211; Rada na ve\u0159ejn\u00e9m sly\u0161en\u00ed v \u0159\u00edzen\u00ed sp.zn. 2022\/319\/zab o ud\u011blen\u00ed licence k provozov\u00e1n\u00ed<br \/>\nrozhlasov\u00e9ho vys\u00edl\u00e1n\u00ed \u0161\u00ed\u0159en\u00e9ho prost\u0159ednictv\u00edm vys\u00edla\u010d\u016f se souborem technick\u00fdch<br \/>\nparametr\u016f Doma\u017elice Vav\u0159inec 103,0 MHz \/ 100 W, sou\u0159adnice WGS 84: 12 54 33 \/<br \/>\n49 25 11; Karlovy Vary s\u00eddli\u0161t\u011b 105,0 MHz \/ 200 W, sou\u0159adnice WGS 84: 12 52 12 \/<br \/>\n50 14 18; Klatovy 92,4 MHz \/ 100 W, sou\u0159adnice WGS 84: 13 17 40 \/ 49 23 42; Plze\u0148<br \/>\nstadion 1 103,0 MHz \/ 200 W, sou\u0159adnice WGS 84: 13 22 58 \/ 49 44 45; Tachov 3 105,6<br \/>\nMHz \/ 200 W, sou\u0159adnice WGS 84: 12 38 52 \/ 49 47 05; \u017delezn\u00e1 Ruda m\u011bsto<br \/>\n105,6 MHz \/ 25 W, sou\u0159adnice WGS 84: 13 14 14 \/ 49 07 48 projednala se \u017eadateli ot\u00e1zky<br \/>\nt\u00fdkaj\u00edc\u00ed se jejich programov\u00e9 skladby.<br \/>\n&#8211; Rada ud\u011bluje spole\u010dnosti JOE Media s.r.o., I\u010c: 26152002, se s\u00eddlem Brani\u0161ovsk\u00e1<br \/>\n187\/16, Praha 4, PS\u010c 14300, podle \u00a7 18 z\u00e1kona \u010d. 231\/2001 Sb. licenci k provozov\u00e1n\u00ed<br \/>\nrozhlasov\u00e9ho vys\u00edl\u00e1n\u00ed prost\u0159ednictv\u00edm vys\u00edla\u010d\u016f se souborem technick\u00fdch parametr\u016f<br \/>\nOstrava m\u011bsto 99,5 MHz \/ 50 W, sou\u0159adnice WGS84: 18 16 34 \/ 49 49 41, pro program<br \/>\nHEY Radio do 10. \u0159\u00edjna 2025.<br \/>\n&#8211; Rada podle ustanoven\u00ed \u00a7 5 p\u00edsm. b) z\u00e1kona \u010d. 231\/2001 Sb., o provozov\u00e1n\u00ed<br \/>\nrozhlasov\u00e9ho a televizn\u00edho vys\u00edl\u00e1n\u00ed (d\u00e1le jen \u201ez\u00e1kon \u010d. 231\/2001 Sb.\u201c) a v souladu s<br \/>\nustanoven\u00edm \u00a7 67 a n\u00e1sl. z\u00e1kona \u010d. 500\/2004 Sb. spr\u00e1vn\u00edho \u0159\u00e1du, vyd\u00e1v\u00e1 toto rozhodnut\u00ed:<br \/>\nRada podle ustanoven\u00ed \u00a7 12 odst. 8 z\u00e1kona \u010d. 231\/2001 Sb. prodlu\u017euje provozovateli<br \/>\nRADIO UNITED BROADCASTING, s.r.o., I\u010c: 291 31 901, se s\u00eddlem Vinohradsk\u00e1<br \/>\n3217\/167, PS\u010c 100 00 Praha, dobu platnosti licence ud\u011blen\u00e9 rozhodnut\u00edm Rady sp. zn.<br \/>\n2016\/283\/zab, \u010d.j. RRTV\/4222\/2017-zab ze dne 21.2.2017 k rozhlasov\u00e9mu vys\u00edl\u00e1n\u00ed<br \/>\nprogramu Radio Beat prost\u0159ednictv\u00edm vys\u00edla\u010d\u016f na kmito\u010dtech Doma\u017elice-Vav\u0159inec 106,5<br \/>\nMHz \/ 0,1 kW; Havl\u00ed\u010dk\u016fv Brod 91,4 MHz \/ 0,15 kW; Vset\u00edn 93,5 MHz \/ 0,1 kW do 10. \u0159\u00edjna<br \/>\n2025.<br \/>\n2<br \/>\n&#8211; Rada se v r\u00e1mci sv\u00e9 p\u016fsobnosti dan\u00e9 ustanoven\u00edm \u00a7 5 p\u00edsm. a) a f) z\u00e1kona \u010d. 231\/2001<br \/>\nSb., o provozov\u00e1n\u00ed rozhlasov\u00e9ho a televizn\u00edho vys\u00edl\u00e1n\u00ed a o zm\u011bn\u011b dal\u0161\u00edch z\u00e1kon\u016f (d\u00e1le jen<br \/>\nz\u00e1kon \u010d. 231\/2001 Sb.), v platn\u00e9m zn\u011bn\u00ed a v souladu s ustanoven\u00edm \u00a7 78 odst. 1 z\u00e1kona<br \/>\n\u010d. 250\/2016 Sb., z\u00e1kona o p\u0159estupc\u00edch a \u0159\u00edzen\u00edch o nich (d\u00e1le jen \u201ez\u00e1kona \u010d. 250\/2016<br \/>\nSb.\u201c), rozhodla zah\u00e1jit s provozovatelem JAMES DEAN CO. s.r.o., I\u010c: 24229814, s\u00eddlem<br \/>\nCharv\u00e1tova 1988\/3, 11000, Hlavn\u00ed m\u011bsto Praha, \u010cesk\u00e1 republika, \u0159\u00edzen\u00ed o p\u0159estupku z<br \/>\nmoci \u00fa\u0159edn\u00ed pro mo\u017en\u00e9 poru\u0161en\u00ed \u00a7 32 odst. 6 z\u00e1kona \u010d. 231\/2001 Sb., nebo\u0165 na v\u00fdzvu<br \/>\nRady neposkytl informace o opat\u0159en\u00edch p\u0159ijat\u00fdch na podporu medi\u00e1ln\u00ed gramotnosti za rok<br \/>\n2021, \u010d\u00edm\u017e poru\u0161il povinnost na p\u00edsemnou v\u00fdzvu poskytnout Rad\u011b vyj\u00e1d\u0159en\u00ed a informace<br \/>\nnezbytn\u00e9 k v\u00fdkonu jej\u00ed p\u016fsobnosti podle \u00a7 5 p\u00edsm. t) a\u017e w) nebo \u00a7 6 odst. 1 a 5 a tyto<br \/>\ninformace neposkytl ani v dodate\u010dn\u011b stanoven\u00e9 lh\u016ft\u011b k n\u00e1prav\u011b v r\u00e1mci vydan\u00e9ho<br \/>\nupozorn\u011bn\u00ed na poru\u0161en\u00ed z\u00e1kona.<br \/>\n&#8211; Rada se sezn\u00e1mila s p\u0159edb\u011b\u017enou koordinac\u00ed spo\u010d\u00edvaj\u00edc\u00ed ve stanoven\u00ed po\u010dtu obyvatel<br \/>\n\u010cR pokryt\u00fdch sign\u00e1lem a \u00fazemn\u00edm rozsahem vys\u00edl\u00e1n\u00ed p\u0159ed zm\u011bnou a po zm\u011bn\u011b stanovi\u0161t\u011b<br \/>\nkmito\u010dtu Harrachov 87,6 MHz \/ 20 W na nov\u00e9 stanovi\u0161t\u011b Harrachov 2 87,6 MHz \/ 20 W<br \/>\nsou\u0159adnice WGS 84, 15 25 46 \/ 50 46 02, \u017eadatele MEDIA BOHEMIA a.s., I\u010c: 26765586,<br \/>\nse s\u00eddlem B\u011blehradsk\u00e1 299\/132, Vinohrady, 120 00 Praha 2, program Hitr\u00e1dio \u010cern\u00e1 Hora<br \/>\n(licence \u010d.j.: Ru\/135\/98) a souhlas\u00ed s dokon\u010den\u00edm p\u0159edm\u011btn\u00e9 koordinace.<br \/>\n&#8211; Rada se sezn\u00e1mila s p\u0159edb\u011b\u017enou koordinac\u00ed spo\u010d\u00edvaj\u00edc\u00ed ve stanoven\u00ed po\u010dtu obyvatel<br \/>\n\u010cR pokryt\u00fdch sign\u00e1lem a \u00fazemn\u00edm rozsahem vys\u00edl\u00e1n\u00ed p\u0159ed zm\u011bnou a po zm\u011bn\u011b stanovi\u0161t\u011b<br \/>\nkmito\u010dtu Velk\u00e9 Mezi\u0159\u00ed\u010d\u00ed 91,2 MHz \/ 100 W na nov\u00e9 stanovi\u0161t\u011b Velk\u00e9 Mezi\u0159\u00ed\u010d\u00ed 9 91,2 MHz \/<br \/>\n100 W sou\u0159adnice WGS 84, 15 59 29 \/ 49 21 41, \u017eadatele MEDIA BOHEMIA a.s., I\u010c:<br \/>\n26765586, se s\u00eddlem B\u011blehradsk\u00e1 299\/132, Vinohrady, 120 00 Praha 2, program Hitr\u00e1dio<br \/>\nVyso\u010dina (licence \u010d.j.: Ru\/279\/00) a souhlas\u00ed s dokon\u010den\u00edm p\u0159edm\u011btn\u00e9 koordinace.<br \/>\n&#8211; Rada se sezn\u00e1mila s p\u0159edb\u011b\u017enou koordinac\u00ed spo\u010d\u00edvaj\u00edc\u00ed ve stanoven\u00ed po\u010dtu obyvatel<br \/>\n\u010cR pokryt\u00fdch sign\u00e1lem a \u00fazemn\u00edm rozsahem vys\u00edl\u00e1n\u00ed p\u0159ed zm\u011bnou a po zm\u011bn\u011b stanovi\u0161t\u011b<br \/>\nkmito\u010dtu \u00dast\u00ed nad Labem 101,2 MHz \/ 100 W na nov\u00e9 stanovi\u0161t\u011b \u00dast\u00ed nad Labem 101,2<br \/>\nMHz \/ 100 W, sou\u0159adnice WGS 84: 13 57 14 \/ 50 40 50, \u017eadatele Route Radio s.r.o., I\u010c:<br \/>\n27852414, se s\u00eddlem Stavebn\u00ed 992\/1, 70800 Ostrava, program R\u00e1dio D\u00e1lnice (licence sp.<br \/>\nzn.: 2014\/257\/zab, prodlou\u017eeno sp. zn.: 2019\/889\/blu) a souhlas\u00ed s dokon\u010den\u00edm<br \/>\np\u0159edm\u011btn\u00e9 koordinace.<br \/>\n&#8211; Rada se sezn\u00e1mila s p\u0159edb\u011b\u017enou koordinac\u00ed spo\u010d\u00edvaj\u00edc\u00ed ve stanoven\u00ed po\u010dtu obyvatel<br \/>\n\u010cR pokryt\u00fdch sign\u00e1lem a \u00fazemn\u00edm rozsahem vys\u00edl\u00e1n\u00ed p\u0159ed zm\u011bnou a po zm\u011bn\u011b stanovi\u0161t\u011b<br \/>\nkmito\u010dtu M\u00fdto 92,0 MHz \/ 50 W na nov\u00e9 stanovi\u0161t\u011b M\u00fdto 92,0 MHz \/ 50 W, sou\u0159adnice<br \/>\nWGS 84: 13 44 42 \/ 49 47 46, \u017eadatele Route Radio s.r.o., I\u010c: 27852414, se s\u00eddlem<br \/>\nStavebn\u00ed 992\/1, 70800 Ostrava, program R\u00e1dio D\u00e1lnice (licence sp. zn.: 2013\/831\/zab<br \/>\nprodlou\u017eeno sp.zn.: 2020\/210\/str) a souhlas\u00ed s dokon\u010den\u00edm p\u0159edm\u011btn\u00e9 koordinace.<br \/>\n&#8211; Rada se sezn\u00e1mila s p\u0159edb\u011b\u017enou koordinac\u00ed spo\u010d\u00edvaj\u00edc\u00ed ve stanoven\u00ed po\u010dtu obyvatel<br \/>\n\u010cR pokryt\u00fdch sign\u00e1lem a \u00fazemn\u00edm rozsahem vys\u00edl\u00e1n\u00ed p\u0159ed zm\u011bnou a po zm\u011bn\u011b stanovi\u0161t\u011b<br \/>\nkmito\u010dtu Horn\u00ed Her\u0161pice 94,1 MHz \/ 50 W na nov\u00e9 stanovi\u0161t\u011b Horn\u00ed Her\u0161pice 94,1 MHz \/<br \/>\n50 W, sou\u0159adnice WGS 84: 16 36 33 \/ 49 09 39, \u017eadatele Route Radio s.r.o., I\u010c: 27852414,<br \/>\nse s\u00eddlem Stavebn\u00ed 992\/1, 70800 Ostrava, program R\u00e1dio D\u00e1lnice (licence sp. zn.:<br \/>\n2011\/394\/CUN, prodlou\u017eeno sp. zn.: 2017\/879\/blu) a souhlas\u00ed s dokon\u010den\u00edm p\u0159edm\u011btn\u00e9<br \/>\nkoordinace.<br \/>\n&#8211; Rada se sezn\u00e1mila s p\u0159edb\u011b\u017enou koordinac\u00ed spo\u010d\u00edvaj\u00edc\u00ed ve stanoven\u00ed po\u010dtu obyvatel<br \/>\n\u010cR pokryt\u00fdch sign\u00e1lem a \u00fazemn\u00edm rozsahem vys\u00edl\u00e1n\u00ed p\u0159ed zm\u011bnou a po zm\u011bn\u011b stanovi\u0161t\u011b<br \/>\nkmito\u010dtu M\u011b\u0159\u00edn 94,7 MHz \/ 50 W na nov\u00e9 stanovi\u0161t\u011b M\u011b\u0159\u00edn 94,7 MHz \/ 50 W, sou\u0159adnice<br \/>\nWGS 84: 15 53 48 \/ 49 23 43, \u017eadatele Route Radio s.r.o., I\u010c: 27852414, se s\u00eddlem<br \/>\n3<br \/>\nStavebn\u00ed 992\/1, 70800 Ostrava, program R\u00e1dio D\u00e1lnice (licence sp. zn.: 2013\/831\/zab,<br \/>\nprodlou\u017eeno sp.zn.: 2020\/210\/str) a souhlas\u00ed s dokon\u010den\u00edm p\u0159edm\u011btn\u00e9 koordinace.<br \/>\n&#8211; Rada se sezn\u00e1mila s p\u0159edb\u011b\u017enou koordinac\u00ed spo\u010d\u00edvaj\u00edc\u00ed ve stanoven\u00ed po\u010dtu obyvatel<br \/>\n\u010cR pokryt\u00fdch sign\u00e1lem a \u00fazemn\u00edm rozsahem vys\u00edl\u00e1n\u00ed p\u0159ed zm\u011bnou a po zm\u011bn\u011b stanovi\u0161t\u011b<br \/>\nkmito\u010dtu Slav\u00ed\u010d 90,2 MHz \/ 50 W na nov\u00e9 stanovi\u0161t\u011b Slav\u00ed\u010d 90,2 MHz \/ 50 W, sou\u0159adnice<br \/>\nWGS 84: 17 39 08 \/ 49 32 52, \u017eadatele Route Radio s.r.o., I\u010c: 27852414, se s\u00eddlem<br \/>\nStavebn\u00ed 992\/1, 70800 Ostrava, program R\u00e1dio D\u00e1lnice (licence sp. zn.: 2014\/257\/zab,<br \/>\nprodlou\u017eeno sp. zn.: 2019\/889\/blu) a souhlas\u00ed s dokon\u010den\u00edm p\u0159edm\u011btn\u00e9 koordinace.<br \/>\n&#8211; Rada se sezn\u00e1mila s p\u0159edb\u011b\u017enou koordinac\u00ed spo\u010d\u00edvaj\u00edc\u00ed ve stanoven\u00ed po\u010dtu obyvatel<br \/>\n\u010cR pokryt\u00fdch sign\u00e1lem a \u00fazemn\u00edm rozsahem vys\u00edl\u00e1n\u00ed p\u0159ed zm\u011bnou a po zm\u011bn\u011b stanovi\u0161t\u011b<br \/>\nkmito\u010dtu Vala\u0161sk\u00e9 Mezi\u0159\u00ed\u010d\u00ed-\u0160t\u011bp\u00e1nov 92,9 MHz \/ 100 W na nov\u00e9 stanovi\u0161t\u011b Vala\u0161sk\u00e9<br \/>\nMezi\u0159\u00ed\u010d\u00ed-\u0160t\u011bp\u00e1nov 92,9 MHz \/ 100 W sou\u0159adnice WGS 84, 17 58 51 \/ 49 27 51, \u017eadatele<br \/>\nAZ Media a.s., I\u010c: 25648837, se s\u00eddlem Palack\u00e9ho t\u0159\u00edda 908, Brno, PS\u010c 612 00, program<br \/>\nRock Radio (licence sp.zn. 2013\/784\/zab) a souhlas\u00ed s dokon\u010den\u00edm p\u0159edm\u011btn\u00e9<br \/>\nkoordinace.<br \/>\n&#8211; Rada bere na v\u011bdom\u00ed, \u017ee provozovateli R\u00e1dio Student, s.r.o., I\u010c: 26241790, se s\u00eddlem<br \/>\nGork\u00e9ho 970\/45, 602 00 Brno &#8211; Veve\u0159\u00ed, zanikla ke dni 30. \u010dervna 2022 na z\u00e1klad\u011b pod\u00e1n\u00ed<br \/>\n\u010d.j. RRTV\/8129\/2022-vra doru\u010den\u00e9ho Rad\u011b dne 30. \u010dervna 2022 licence k provozov\u00e1n\u00ed<br \/>\nrozhlasov\u00e9ho vys\u00edl\u00e1n\u00ed programu Free R\u00e1dio (licence sp.zn. 2014\/1181\/zab, \u010d.j.<br \/>\nRRTV\/11326\/2017-str ze dne 8. srpna 2017) \u0161\u00ed\u0159en\u00e9ho prost\u0159ednictv\u00edm vys\u00edla\u010d\u016f se<br \/>\nsouborem technick\u00fdch parametr\u016f Brno m\u011bsto 1 102,4 MHz \/ 0,1 kW. O t\u00e9to skute\u010dnosti<br \/>\nvyd\u00e1v\u00e1 Rada provozovateli osv\u011bd\u010den\u00ed dle \u00a7 154 a n\u00e1sl. z\u00e1kona \u010d. 500\/2004 Sb.<br \/>\n&#8211; Rada se sezn\u00e1mila s anal\u00fdzami obchodn\u00edch sd\u011blen\u00ed odvys\u00edlan\u00fdch provozovateli MAX<br \/>\nLOYD, s.r.o. (program DANCE RADIO; Praha-Jinonice 102,9 MHz) dne 28. \u010dervna 2022,<br \/>\nMEDIA BOHEMIA a.s. (program Hitr\u00e1dio City; Brno 99,0 MHz) dne 28. \u010dervna 2022, R\u00e1dio<br \/>\nP\u00e1lava s.r.o. (program R\u00c1DIO JIH; Brno-Kohoutovice 105,1 MHz) dne 28. \u010dervna 2022,<br \/>\nEVROPA 2, spol. s r.o. (program EVROPA 2; Liberec 88,1 MHz) dne 28. \u010dervna 2022,<br \/>\nRADIO UNITED BROADCASTING s.r.o. (program KISS; Zl\u00edn 90,3 MHz) dne 28. \u010dervna<br \/>\n2022 a MEDIA BOHEMIA a.s. (program Rock Radio; \u010cesk\u00e9 Bud\u011bjovice 99,7 MHz) dne<br \/>\n28. \u010dervna 2022.<br \/>\n&#8211; Rada se sezn\u00e1mila s pod\u00e1n\u00edm provozovatele \u010cesk\u00fd rozhlas, I\u010c: 45245053, doru\u010den\u00fdm<br \/>\ndne 30. \u010dervna 2022 pod \u010d.j. RRTV\/8106\/2022-vra, kter\u00fdm provozovatel Rad\u011b odpov\u011bd\u011bl<br \/>\nna \u017e\u00e1dost o pod\u00e1n\u00ed vysv\u011btlen\u00ed \u010d.j. RRTV\/6416\/2022-blu ze dne 17. kv\u011btna 2022.<br \/>\n&#8211; Rada se sezn\u00e1mila s ozn\u00e1men\u00edm provozovatele JUKE BOX, spol. s r.o. I\u010c: 25396676,<br \/>\ndoru\u010den\u00fdm Rad\u011b dne 24. \u010dervna 2022 pod \u010d.j. RRTV\/7971\/2022-vra, spo\u010d\u00edvaj\u00edc\u00edm v<br \/>\ninformaci o tom, \u017ee dne 22. \u010dervna 2022 zah\u00e1jil vys\u00edl\u00e1n\u00ed programu RADIO \u010cAS-FM (licence<br \/>\nsp.zn.2011\/392\/str) na vys\u00edla\u010di Uhersk\u00e9 Hradi\u0161t\u011b 2 102,7 MHz \/ 150 W dle rozhodnut\u00ed Rady<br \/>\nsp.zn. RRTV\/2021\/818\/zab, \u010d.j. RRTV\/6693\/2022-zab ze dne 7. \u010dervna 2022, j\u00edm\u017e byl<br \/>\nprovozovateli ud\u011blen souhlas se zm\u011bnou \u00fazemn\u00edho rozsahu vys\u00edl\u00e1n\u00ed a souboru<br \/>\ntechnick\u00fdch parametr\u016f.<br \/>\n&#8211; Rada se sezn\u00e1mila s informacemi \u010cesk\u00e9ho telekomunika\u010dn\u00edho \u00fa\u0159adu o vyd\u00e1n\u00ed<br \/>\nkr\u00e1tkodob\u00fdch opr\u00e1vn\u011bn\u00ed k vyu\u017e\u00edv\u00e1n\u00ed r\u00e1diov\u00fdch kmito\u010dt\u016f rozhlasov\u00e9 slu\u017eby na provoz VKV<br \/>\nvys\u00edla\u010d\u016f.<br \/>\n&#8211; Rada se sezn\u00e1mila s rozsudkem M\u011bstsk\u00e9ho soudu v Praze \u010d.j. 10 A 11\/2021-122 ze<br \/>\ndne 21. \u010dervna 2022 (\u010d.j. RRTV\/7927\/2022-vra), kter\u00fdm byla zam\u00edtnuta \u017ealoba spole\u010dnosti<br \/>\nLONDA spol. s r. o. proti rozhodnut\u00ed Rady sp. zn. RRTV\/2020\/901\/str, \u010d. j.<br \/>\nRRTV\/1271\/2021-str ze dne 26. ledna 2021.<br \/>\n4<br \/>\n&#8211; Rada souhlas\u00ed s navr\u017een\u00fdm postupem pro rozhodov\u00e1n\u00ed v \u0159\u00edzen\u00edch o prodlou\u017een\u00ed<br \/>\nrozhlasov\u00fdch licenc\u00ed po 10. 10. 2022 a informuje provozovatele rozhlasov\u00e9ho vys\u00edl\u00e1n\u00ed o<br \/>\npostupu a dob\u011b platnosti u licenc\u00ed prodlou\u017een\u00fdch po 10. \u0159\u00edjnu 2022.<br \/>\nTELEVIZN\u00cd VYS\u00cdL\u00c1N\u00cd<br \/>\n&#8211; Rada ud\u011bluje spole\u010dnosti KVIFF.TV a.s., I\u010c: 10780777, se s\u00eddlem: Praha 1, Pansk\u00e1<br \/>\n892\/1, PS\u010c 110 00, dle ustanoven\u00ed \u00a7 25 z\u00e1kona \u010d. 231\/2001 Sb., licenci k provozov\u00e1n\u00ed<br \/>\ntelevizn\u00edho vys\u00edl\u00e1n\u00ed \u0161\u00ed\u0159en\u00e9ho prost\u0159ednictv\u00edm zvl\u00e1\u0161tn\u00edch p\u0159enosov\u00fdch syst\u00e9m\u016f na 12 let;<br \/>\nozna\u010den\u00ed (n\u00e1zev) programu: KVIFF.TV live; z\u00e1kladn\u00ed programov\u00e1 specifikace: \u017eiv\u00e9<br \/>\np\u0159enosy souvisej\u00edc\u00ed s d\u011bn\u00edm na Mezin\u00e1rodn\u00edm filmov\u00e9m festivalu Karlovy Vary, kulturn\u00ed<br \/>\nzpravodajstv\u00ed, infotainment, filmov\u00e9 uk\u00e1zky, kr\u00e1tk\u00e9, hran\u00e9 a dokument\u00e1rn\u00ed filmy, hudebn\u00ed<br \/>\np\u0159enosy; \u010dasov\u00fd rozsah vys\u00edl\u00e1n\u00ed: po dobu trv\u00e1n\u00ed Mezin\u00e1rodn\u00edho filmov\u00e9ho festivalu Karlovy<br \/>\nVary ka\u017ed\u00fd den od 0:00 do 24:00; identifikace p\u0159enosov\u00e9ho syst\u00e9mu: d\u00e1lkov\u00fd p\u0159\u00edstup &#8211;<br \/>\ninternet; informace o p\u0159\u00edstupu k vys\u00edl\u00e1n\u00ed: www.kviff.tv; v\u00fd\u010det st\u00e1t\u016f, na jejich\u017e \u00fazem\u00ed bude<br \/>\nvys\u00edl\u00e1n\u00ed zcela nebo p\u0159ev\u00e1\u017en\u011b sm\u011b\u0159ov\u00e1no: \u010cesk\u00e1 Republika; hlavn\u00ed jazyk vys\u00edl\u00e1n\u00ed: \u010desk\u00fd<br \/>\njazyk; v rozsahu dle \u017e\u00e1dosti doru\u010den\u00e9 dne 16. kv\u011btna 2022, pod \u010d.j. RRTV\/6200\/2022-vra<br \/>\na dopln\u011bn\u00e9 10. \u010dervna 2022, pod \u010d.j. RRTV\/7108\/2022-vra.<br \/>\n&#8211; Rada ud\u011bluje provozovateli Region\u00e1ln\u00ed televize CZ s.r.o., I\u010c 241 41 372, se s\u00eddlem<br \/>\nVinohradsk\u00e1 1597\/174, Vinohrady, 130 00 Praha 3, souhlas podle \u00a7 21 odst. 1 p\u00edsm. e) v<br \/>\nn\u00e1vaznosti na ustanoven\u00ed \u00a7 21 odst. 7 z\u00e1kona \u010d. 231\/2001 Sb., se zm\u011bnou skute\u010dnost\u00ed<br \/>\nuveden\u00fdch v \u017e\u00e1dosti o licenci \u010d.j. sve\/978\/2012, spis. zn.: 2012\/99\/sve\/Reg, ze dne<br \/>\n12. b\u0159ezna 2012, spo\u010d\u00edvaj\u00edc\u00ed v p\u0159evodu obchodn\u00edho pod\u00edlu ve spole\u010dnosti provozovatele<br \/>\ntelevizn\u00edho vys\u00edl\u00e1n\u00ed na t\u0159et\u00ed osobu, spole\u010dnost A 11 s.r.o., I\u010c 271 20 805, se s\u00eddlem<br \/>\nOrtenovo n\u00e1m\u011bst\u00ed 1524\/36, Hole\u0161ovice, 170 00 Praha 7, a zm\u011bn\u011b zakladatelsk\u00e9 listiny, a<br \/>\nto v rozsahu dle \u017e\u00e1dosti ze dne 29. \u010dervna 2022, \u010d.j. RRTV\/8079\/2019-vra, ve zn\u011bn\u00ed<br \/>\ndopln\u011bn\u00ed ze dne 7. \u010dervence 2022, \u010d.j. RRTV\/8211\/2022-vra.<br \/>\n&#8211; Rada ud\u011bluje provozovateli, spole\u010dnosti NOEL, s.r.o., I\u010c: 48908991, se s\u00eddlem:<br \/>\nNa P\u00edsk\u00e1ch 3275\/3, 695 01 Hodon\u00edn, souhlas podle \u00a7 21 odst. 1 p\u00edsm. c) a d) z\u00e1kona<br \/>\n\u010d. 231\/2001 Sb., se zm\u011bnou skute\u010dnost\u00ed uveden\u00fdch v \u017e\u00e1dosti o licenci, \u010d.j. Ru\/124\/02\/1570<br \/>\nze dne 14.5.2002 ve zn\u011bn\u00ed pozd\u011bj\u0161\u00edch zm\u011bn, spo\u010d\u00edvaj\u00edc\u00ed ve zm\u011bn\u011b \u00fazemn\u00edho rozsahu<br \/>\nvys\u00edl\u00e1n\u00ed a licen\u010dn\u00edch podm\u00ednek, a to v z\u00fa\u017een\u00ed \u00fazemn\u00edho rozsahu vys\u00edl\u00e1n\u00ed o k. \u00fa.<br \/>\nOstrova\u010dice a v ukon\u010den\u00ed vys\u00edl\u00e1n\u00ed infokan\u00e1lu v t\u00e9to lokalit\u011b k 31. prosinci 2022, v rozsahu<br \/>\n\u017e\u00e1dosti doru\u010den\u00e9 Rad\u011b dne 28. \u010dervna 2022 pod \u010d.j. RRTV\/8034\/2022-vra.<br \/>\n&#8211; Rada upozor\u0148uje provozovatele M\u011bsto Horn\u00ed Slavkov, I\u010c 002 59 322, se s\u00eddlem Dlouh\u00e1<br \/>\n634, 35731 Horn\u00ed Slavkov, na poru\u0161en\u00ed ustanoven\u00ed \u00a7 12 odst. 6 z\u00e1kona \u010d. 231\/2001 Sb.,<br \/>\na to \u017ee nezah\u00e1jil televizn\u00ed vys\u00edl\u00e1n\u00ed programu TV Horn\u00ed Slavkov ve lh\u016ft\u011b do 360 dn\u016f po<br \/>\nnabyt\u00ed pr\u00e1vn\u00ed moci rozhodnut\u00ed o ud\u011blen\u00ed licence \u010d.j. RRTV\/5991\/2021-zem, spis. zn.:<br \/>\n2021\/250\/zem, ze dne 4. kv\u011btna 2021, tj. do 12. kv\u011btna 2022. Rada stanovuje<br \/>\nprovozovateli lh\u016ftu k n\u00e1prav\u011b 30 dn\u016f ode dne doru\u010den\u00ed tohoto upozorn\u011bn\u00ed.<br \/>\n&#8211; Rada podle \u00a7 29 odst. 1 z\u00e1kona \u010d 231\/2001 Sb. registruje provozovateli Antik Telecom<br \/>\nCZ s.r.o., I\u010c: 24823341, se s\u00eddlem Tov\u00e1rn\u00ed 1112, Chrudim IV, 537 01 Chrudim, zm\u011bnu<br \/>\nskute\u010dnost\u00ed uv\u00e1d\u011bn\u00fdch v p\u0159ihl\u00e1\u0161ce k registraci sp. zn. 2016\/110\/smu\/Tan, \u010d.j.<br \/>\nRRTV\/1059\/2016-smu ze dne 5. dubna 2016, spo\u010d\u00edvaj\u00edc\u00ed ve zm\u011bn\u011b vys\u00edl\u00e1n\u00ed<br \/>\nprost\u0159ednictv\u00edm dru\u017eice na kabelov\u00e9 syst\u00e9my pro \u00fazem\u00ed \u010cesk\u00e9 republiky podle vyhl\u00e1\u0161ky<br \/>\n\u010d. 298\/2014 Sb., o stanoven\u00ed seznamu katastr\u00e1ln\u00edch \u00fazem\u00ed s p\u0159i\u0159azen\u00fdmi pr\u016fm\u011brn\u00fdmi<br \/>\nz\u00e1kladn\u00edmi cenami zem\u011bd\u011blsk\u00fdch pozemk\u016f, v platn\u00e9m zn\u011bn\u00ed a v\u0161echny okresy podle<br \/>\nz\u00e1kona \u010d. 51\/2020 Sb., o \u00fazemn\u011b spr\u00e1vn\u00edm \u010dlen\u011bn\u00ed st\u00e1tu a o zm\u011bn\u011b souvisej\u00edc\u00edch z\u00e1kon\u016f<br \/>\n(z\u00e1kon o \u00fazemn\u011b spr\u00e1vn\u00edm \u010dlen\u011bn\u00ed st\u00e1tu), dle pod\u00e1n\u00ed doru\u010den\u00e9ho dne 31. kv\u011btna 2022<br \/>\n5<br \/>\npod \u010d.j. RRTV\/5585\/2022-vra a jeho dopln\u011bn\u00ed doru\u010den\u00e9ho dne 30. \u010dervna 2022 \u010d.j.<br \/>\nRRTV\/8131\/2022-vra.<br \/>\n&#8211; Rada se sezn\u00e1mila s n\u00e1sleduj\u00edc\u00edmi pod\u00e1n\u00edmi k obsahu televizn\u00edch program\u016f<br \/>\ndoru\u010den\u00fdmi od 16. \u010dervna do 7. \u010dervence 2022: Barrandov Televizn\u00ed Studio a.s. \/ Televize<br \/>\nBarrandov &#8211; PP v po\u0159adu Va\u0159en\u00ed se Soukupem, 19. 6. 2022 od 11:11 hod; FTV Prima, spol.<br \/>\ns r.o. \/ Prima &#8211; Mazel a tajemstv\u00ed lesa, 19. 6. 2022 od 20:19 hod; FTV Prima, spol. s r.o. \/<br \/>\nPrima plus &#8211; Show Jana Krause, 12. 6. 2022 od 17:52 hod; Libereck\u00e1 TV s.r.o. \/ rtm plus<br \/>\nLiberecko &#8211; smlouva mezi provozovatelem a Libereck\u00fdm krajem; Televizn\u00ed reklama na<br \/>\nmeru\u0148ky v prodejn\u00e1ch Lidl; \u010cesk\u00e1 televize \/ \u010cT1 &#8211; Vlastn\u00edci, 3. 7. 2022 od 20:23 hod; \u010cesk\u00e1<br \/>\ntelevize &#8211; po\u0159ady o Adolfu Hitlerovi a druh\u00e9 sv\u011btov\u00e9 v\u00e1lce; \u010cesk\u00e1 televize \/ \u010cT24 &#8211; Studio<br \/>\n\u010cT24 &#8211; STAN hled\u00e1 n\u00e1hradu za ministra Gazd\u00edka, 20. 6. 2022 od 11:03 hod; Ozn\u00e1men\u00ed<br \/>\nsponzora Arginmax; \u010cesk\u00e1 televize \/ \u010cT24 &#8211; Ot\u00e1zky V\u00e1clava Moravce, 19. 6. 2022 od<br \/>\n13:05 hod; \u010cesk\u00e1 televize \/ \u010cT24 &#8211; Ud\u00e1losti, koment\u00e1\u0159e &#8211; Ru\u0161t\u00ed novin\u00e1\u0159i pracuj\u00ed v \u010cesku,<br \/>\n21. 6. 2022 od 22:52 hod; FTV Prima, spol. s r.o. \/ Prima &#8211; reklamy (2 pod\u00e1n\u00ed); HBO Europe<br \/>\ns.r.o. \/ HBO 2, www.hbomax.com &#8211; Mo\u0159e kouzel; \u010cesk\u00e1 televize \/ \u010cT1 &#8211; M\u00e1te slovo s M.<br \/>\nJ\u00edlkovou, 23. 6. 2022 od 21:10 hod; \u010cesk\u00e1 televize &#8211; zpravodajstv\u00ed, twitterov\u00fd \u00fa\u010det Nory<br \/>\nFridrichov\u00e9; Stanice O, a.s. \/ O (\u00d3\u010dko) &#8211; zvr\u00e1cenosti ve vys\u00edl\u00e1n\u00ed; \u010cesk\u00e1 televize \/ \u010cT24 &#8211;<br \/>\nUd\u00e1losti, koment\u00e1\u0159e &#8211; Summit NATO a nov\u00e1 obrann\u00e1 doktr\u00edna, 29. 6. 2022 od 22:01 hod;<br \/>\n\u010cesk\u00e1 televize &#8211; poru\u0161ov\u00e1n\u00ed Kodexu \u010cT, p\u0159\u00edtomnost Milana Mikuleck\u00e9ho v po\u0159adech \u010cT;<br \/>\nFTV Prima, spol. s r.o. \/ Prima &#8211; upout\u00e1vka na po\u0159ad Mordparta, 1. 7. 2022 od 20:58, 21:53<br \/>\nhod; \u010cesk\u00e1 televize \/ \u010cT sport &#8211; tenisov\u00fd turnaj Wimbledon; \u010cesk\u00e1 televize \/ \u010cT2 &#8211;<br \/>\nbohoslu\u017eba k uct\u011bn\u00ed mu\u010dednick\u00e9 smrti mistra Jana Husa, 6. 7. 2022 od 15:00 hod;<br \/>\nSt\u00e1vkov\u00e1 pohotovost NOO \u010cT Praha, NOSP \u010cT Ostrava, OO \u010cT TS Brno.<br \/>\n&#8211; Rada v r\u00e1mci sv\u00e9 kompetence dan\u00e9 \u00a7 5 p\u00edsm. a) a f) z\u00e1kona \u010d. 231\/2001 Sb., o<br \/>\nprovozov\u00e1n\u00ed rozhlasov\u00e9ho a televizn\u00edho vys\u00edl\u00e1n\u00ed a o zm\u011bn\u011b dal\u0161\u00edch z\u00e1kon\u016f, v platn\u00e9m<br \/>\nzn\u011bn\u00ed (d\u00e1le jen \u201ez\u00e1kon \u010d. 231\/2001 Sb.\u201c) a v souladu s ustanoven\u00edm \u00a7 137 odst. 1 z\u00e1kona<br \/>\n\u010d. 500\/2004 Sb., spr\u00e1vn\u00ed \u0159\u00e1d, (d\u00e1le jen \u201ez\u00e1kon \u010d. 500\/2004 Sb.\u201c) \u017e\u00e1d\u00e1 provozovatele<br \/>\nBarrandov Televizn\u00ed Studio a.s., I\u010c 41693311, s\u00eddlem K\u0159\u00ed\u017eeneck\u00e9ho n\u00e1m\u011bst\u00ed 322\/5, Praha<br \/>\n5, PS\u010c 152 00, o pod\u00e1n\u00ed vysv\u011btlen\u00ed, jak\u00fdm zp\u016fsobem napl\u0148uje podm\u00ednky licence, resp.<br \/>\ndal\u0161\u00ed programov\u00e9 podm\u00ednky programu Televize Barrandov (licence ud\u011blen\u00e1 rozhodnut\u00edm<br \/>\n\u010d. j. FIA\/2148\/2013, ze dne 13. kv\u011btna 2013, sp. zn. 2013\/378\/FIA\/Bar), dle kter\u00fdch m\u00fd b\u00fdt<br \/>\ndo vys\u00edl\u00e1n\u00ed programu denn\u011b v hlavn\u00edm vys\u00edlac\u00edm \u010dase za\u0159azov\u00e1na politick\u00e1 talkshow. Rada<br \/>\nstanovuje lh\u016ftu k pod\u00e1n\u00ed vysv\u011btlen\u00ed 30 dn\u00ed ode dne doru\u010den\u00ed t\u00e9to v\u00fdzvy.<br \/>\n&#8211; Rada v r\u00e1mci sv\u00e9 p\u016fsobnosti dan\u00e9 ustanoven\u00edm \u00a7 5 p\u00edsm. a) a f) a \u00a7 59 odst. 1-3 z\u00e1kona<br \/>\n\u010d. 231\/2001 Sb., o provozov\u00e1n\u00ed rozhlasov\u00e9ho a televizn\u00edho vys\u00edl\u00e1n\u00ed a o zm\u011bn\u011b dal\u0161\u00edch<br \/>\nz\u00e1kon\u016f (d\u00e1le jen \u201ez\u00e1kon \u010d. 231\/2001 Sb.\u201c), v platn\u00e9m zn\u011bn\u00ed, upozor\u0148uje provozovatele<br \/>\nBarrandov Televizn\u00ed Studio a.s., I\u010c 41693311, s\u00eddlem: Praha 5, K\u0159\u00ed\u017eeneck\u00e9ho n\u00e1m\u011bst\u00ed<br \/>\n322\/5, PS\u010c 152 00, na poru\u0161en\u00ed ustanoven\u00ed \u00a7 53a odst. 3 z\u00e1kona \u010d. 231\/2001 Sb., jeho\u017e<br \/>\nse dopustil odvys\u00edl\u00e1n\u00edm po\u0159adu Va\u0159en\u00ed se Soukupem dne 19. \u010dervna 2022 od 11:11 hodin<br \/>\nna programu Televize Barrandov. Po\u0159ad byl jako\u017eto po\u0159ad obsahuj\u00edc\u00ed um\u00edst\u011bn\u00ed produktu<br \/>\nozna\u010den piktogramem PP pouze na sv\u00e9m za\u010d\u00e1tku a konci. Po p\u0159eru\u0161en\u00ed reklamou v \u010dase<br \/>\n18:17 minut od za\u010d\u00e1tku z\u00e1znamu ozna\u010den\u00ed chyb\u011blo. T\u00edm do\u0161lo k poru\u0161en\u00ed povinnosti, \u017ee<br \/>\npo\u0159ady obsahuj\u00edc\u00ed um\u00edst\u011bn\u00ed produktu musej\u00ed b\u00fdt na za\u010d\u00e1tku, na konci a v p\u0159\u00edpad\u011b p\u0159eru\u0161en\u00ed<br \/>\nreklamou nebo teleshoppingov\u00fdmi \u0161oty rovn\u011b\u017e po tomto p\u0159eru\u0161en\u00ed z\u0159eteln\u011b ozna\u010deny jako<br \/>\npo\u0159ady obsahuj\u00edc\u00ed um\u00edst\u011bn\u00ed produktu, aby div\u00e1ci nemohli b\u00fdt \u017e\u00e1dn\u00fdm zp\u016fsobem uvedeni v<br \/>\nomyl o povaze t\u011bchto po\u0159ad\u016f. Rada stanovuje lh\u016ftu k n\u00e1prav\u011b 7 dn\u016f od doru\u010den\u00ed<br \/>\nupozorn\u011bn\u00ed.<br \/>\n&#8211; Rada coby \u00fast\u0159edn\u00ed spr\u00e1vn\u00ed \u00fa\u0159ad v r\u00e1mci sv\u00e9 p\u016fsobnosti dan\u00e9 \u00a7 5 p\u00edsm. a) a f) z\u00e1kona<br \/>\n\u010d. 231\/2001 Sb., o provozov\u00e1n\u00ed rozhlasov\u00e9ho a televizn\u00edho vys\u00edl\u00e1n\u00ed a o zm\u011bn\u011b dal\u0161\u00edch<br \/>\nz\u00e1kon\u016f, v platn\u00e9m zn\u011bn\u00ed (d\u00e1le jen z\u00e1kon \u010d. 231\/2001 Sb.), v souladu s ustanoven\u00edm \u00a7 78<br \/>\n6<br \/>\nodst. 1 z\u00e1kona \u010d. 250\/2016 Sb., z\u00e1kona o p\u0159estupc\u00edch a \u0159\u00edzen\u00ed o nich (d\u00e1le jen z\u00e1kon<br \/>\n\u010d. 250\/2016 Sb.), rozhodla zah\u00e1jit s provozovatelem vys\u00edl\u00e1n\u00ed Libereck\u00e1 TV s.r.o., s\u00eddlem<br \/>\nMr\u0161t\u00edkova 399\/2a, 460 02 Liberec III-Je\u0159\u00e1b, I\u010c: 02168987, \u0159\u00edzen\u00ed o p\u0159estupku z moci \u00fa\u0159edn\u00ed<br \/>\npro mo\u017en\u00e9 poru\u0161en\u00ed ustanoven\u00ed \u00a7 32 odst. 1 p\u00edsm. a) z\u00e1kona \u010d. 231\/2001 Sb., tedy<br \/>\npovinnosti provozovatele vys\u00edl\u00e1n\u00ed provozovat vys\u00edl\u00e1n\u00ed vlastn\u00edm jm\u00e9nem, na vlastn\u00ed \u00fa\u010det a<br \/>\nna vlastn\u00ed odpov\u011bdnost a n\u00e9st odpov\u011bdnost za obsah vys\u00edl\u00e1n\u00ed, kdy\u017e dle \u010dl\u00e1nku II. odst. 6<br \/>\nSmlouvy o d\u00edlo \u010d. OLP\/3774\/2021 VZMR\/0174\/21 &#8222;Krajsk\u00fd magaz\u00edn a dal\u0161\u00ed zpravodajskopublicistick\u00e9<br \/>\npo\u0159ady&#8220;, uzav\u0159en\u00e9 dne 20. prosince 2021 mezi provozovatelem vys\u00edl\u00e1n\u00ed (jako<br \/>\nzhotovitelem) a Libereck\u00fdm krajem (jako objednatelem d\u00edla), je zhotovitel povinen vyrobit<br \/>\nobsah Po\u0159adu a Spot\u016f podle po\u017eadavk\u016f a pokyn\u016f objednatele, a kdy\u017e dle \u010dl. VIII. odst. 1<br \/>\nt\u00e9to smlouvy kontaktn\u00ed osoba objednatele ud\u00edl\u00ed po\u017eadavky a pokyny na obsah Po\u0159adu a<br \/>\nSpot\u016f, p\u0159ipom\u00ednkuje koncepty Po\u0159adu a Spot\u016f a schvaluje je p\u0159ed jejich vys\u00edl\u00e1n\u00edm; \u010d\u00edm\u017e<br \/>\nm\u016f\u017ee b\u00fdt ohro\u017eena redak\u010dn\u00ed nez\u00e1vislost provozovatele televizn\u00edho vys\u00edl\u00e1n\u00ed.<br \/>\n&#8211; Rada jako org\u00e1n dozoru pro oblast regulace reklamy dle ustanoven\u00ed \u00a7 7 p\u00edsm. a) z\u00e1kona<br \/>\n\u010d. 40\/1995 Sb., o regulaci reklamy a o zm\u011bn\u011b a dopln\u011bn\u00ed z\u00e1kona \u010d. 468\/1991 Sb., o<br \/>\nprovozov\u00e1n\u00ed rozhlasov\u00e9ho a televizn\u00edho vys\u00edl\u00e1n\u00ed, ve zn\u011bn\u00ed pozd\u011bj\u0161\u00edch p\u0159edpis\u016f (d\u00e1le jen<br \/>\nz\u00e1kon \u010d. 40\/1995 Sb.), a na z\u00e1klad\u011b ustanoven\u00ed \u00a7 137 odst. 1 z\u00e1kona \u010d. 500\/2004 Sb.,<br \/>\nspr\u00e1vn\u00ed \u0159\u00e1d, \u017e\u00e1d\u00e1 zadavatele obchodn\u00edho sd\u011blen\u00ed, spole\u010dnost Lidl \u010cesk\u00e1 republika v.o.s.,<br \/>\nI\u010c: 26178541, s\u00eddlem: N\u00e1ro\u017en\u00ed 1359\/11, 158 00 Praha 5, o pod\u00e1n\u00ed vysv\u011btlen\u00ed k obsahu<br \/>\nst\u00ed\u017enosti na reklamu Lidl \u010cesk\u00e1 republika s motivem \u201eNEJLEP\u0160\u00cd KVALITA ZA NEJLEP\u0160\u00cd<br \/>\nCENY GARANTOVAN\u00c9 LIDLEM!\u201c odvys\u00edlan\u00e9 premi\u00e9rov\u011b dne 2. \u010dervence 2022 od<br \/>\n6:10:18 hodin na programu Prima, respektive o vysv\u011btlen\u00ed, z jak\u00e9ho d\u016fvodu nebyly dne<br \/>\n4. \u010dervence 2022 v prodejn\u00e1ch Lidl Hradec Kr\u00e1lov\u00e9 dostupn\u00e9 meru\u0148ky za ak\u010dn\u00ed cenu<br \/>\n39,90 K\u010d, kter\u00e1 byla propagov\u00e1na v uveden\u00e9 reklam\u011b. Rada stanovuje lh\u016ftu k pod\u00e1n\u00ed<br \/>\nvysv\u011btlen\u00ed 30 dn\u00ed ode dne doru\u010den\u00ed t\u00e9to v\u00fdzvy.<br \/>\n&#8211; Rada se sezn\u00e1mila s monitoringem obsahu vys\u00edl\u00e1n\u00ed programu TV Volary provozovatele<br \/>\nM\u011bsto Volary ve dnech 22. &#8211; 23. kv\u011btna 2022.<br \/>\n&#8211; Rada se sezn\u00e1mila s monitoringem obsahu vys\u00edl\u00e1n\u00ed programu KLADNo. 1 TV<br \/>\nprovozovatele This work s.r.o. ve dnech 18. &#8211; 19. dubna 2022.<br \/>\n&#8211; Rada v r\u00e1mci sv\u00e9 kompetence dan\u00e9 \u00a7 5 p\u00edsm. a) a f) z\u00e1kona \u010d. 231\/2001 Sb., o<br \/>\nprovozov\u00e1n\u00ed rozhlasov\u00e9ho a televizn\u00edho vys\u00edl\u00e1n\u00ed a o zm\u011bn\u011b dal\u0161\u00edch z\u00e1kon\u016f, v platn\u00e9m<br \/>\nzn\u011bn\u00ed (d\u00e1le jen \u201ez\u00e1kon \u010d. 231\/2001 Sb.\u201c) a v souladu s ustanoven\u00edm \u00a7 137 odst. 1 z\u00e1kona<br \/>\n\u010d. 500\/2004 Sb., spr\u00e1vn\u00ed \u0159\u00e1d, (d\u00e1le jen \u201ez\u00e1kon \u010d. 500\/2004 Sb.\u201c) \u017e\u00e1d\u00e1 provozovatele This<br \/>\nwork s.r.o., I\u010c: 08960950, s\u00eddlem Var\u0161avsk\u00e1 715\/36, 120 00 Praha 2 &#8211; Vinohrady o pod\u00e1n\u00ed<br \/>\nvysv\u011btlen\u00ed, jak\u00fdm zp\u016fsobem div\u00e1k\u016fm programu KLADNo. 1 TV umo\u017e\u0148uje snadn\u00fd, p\u0159\u00edm\u00fd<br \/>\na trval\u00fd p\u0159\u00edstup k informac\u00edm dle \u00a7 32 odst. 7 p\u00edsm. a) &#8211; c) z\u00e1kona \u010d. 231\/2001 Sb. Rada<br \/>\nstanovuje lh\u016ftu k pod\u00e1n\u00ed vysv\u011btlen\u00ed 30 dn\u00ed ode dne doru\u010den\u00ed t\u00e9to v\u00fdzvy.<br \/>\n&#8211; Rada se sezn\u00e1mila s v\u00fdsledky systematick\u00e9ho monitoringu hlasitosti obchodn\u00edch<br \/>\nsd\u011blen\u00ed na programu JOJ Family provozovatele Magical roof s.r.o. ze dne 21. kv\u011btna 2022,<br \/>\n20:00 &#8211; 22:00 hodin.<br \/>\n&#8211; Rada se sezn\u00e1mila s v\u00fdsledky anal\u00fdzy obchodn\u00edch sd\u011blen\u00ed za m\u011bs\u00edc b\u0159ezen 2022.<br \/>\n&#8211; Rada jako org\u00e1n dozoru pro oblast regulace reklamy dle \u00a7 7 p\u00edsm. a) z\u00e1kona \u010d. 40\/1995<br \/>\nSb., o regulaci reklamy a o zm\u011bn\u011b a dopln\u011bn\u00ed z\u00e1kona \u010d. 468\/1991 Sb., o provozov\u00e1n\u00ed<br \/>\nrozhlasov\u00e9ho a televizn\u00edho vys\u00edl\u00e1n\u00ed, ve zn\u011bn\u00ed pozd\u011bj\u0161\u00edch p\u0159edpis\u016f (d\u00e1le jen \u201ez\u00e1kon<br \/>\n\u010d. 40\/1995 Sb.\u201c), a na z\u00e1klad\u011b \u00a7 137 odst. 1 z\u00e1kona \u010d. 500\/2004 Sb., spr\u00e1vn\u00ed \u0159\u00e1d, \u017e\u00e1d\u00e1<br \/>\nprovozovatele vys\u00edl\u00e1n\u00ed, spole\u010dnost Stanice O, a.s., I\u010c 26509911, se s\u00eddlem Karla Engli\u0161e<br \/>\n519\/11, Sm\u00edchov, 150 00 Praha 5, o pod\u00e1n\u00ed vysv\u011btlen\u00ed t\u00fdkaj\u00edc\u00ed se ozn\u00e1men\u00ed sponzora<br \/>\npo\u0159adu s motivem VOYO, kter\u00e9 bylo odvys\u00edl\u00e1no dne 8. b\u0159ezna 2022 v \u010dase 8:59 hodin na<br \/>\nprogramu O (\u201e\u00d3\u010dko\u201c). Rada \u017e\u00e1d\u00e1 o informaci, z jak\u00e9ho d\u016fvodu je v r\u00e1mci sponzoringu<br \/>\n7<br \/>\npropagov\u00e1na audiovizu\u00e1ln\u00ed medi\u00e1ln\u00ed slu\u017eba na vy\u017e\u00e1d\u00e1n\u00ed \/ placen\u00e1 platforma VOYO, jej\u00edm\u017e<br \/>\nposkytovatelem je spole\u010dnost TV Nova s.r.o., kter\u00e1 je z\u00e1rove\u0148 provozovatelem televizn\u00edho<br \/>\nvys\u00edl\u00e1n\u00ed a zadavatelem p\u0159edm\u011btn\u00e9ho obchodn\u00edho sd\u011blen\u00ed. Rada stanovuje lh\u016ftu k pod\u00e1n\u00ed<br \/>\nvysv\u011btlen\u00ed 30 dn\u00ed ode dne doru\u010den\u00ed t\u00e9to \u017e\u00e1dosti.<br \/>\n&#8211; Rada postupuje \u010cesk\u00e9 inspekci \u017eivotn\u00edho prost\u0159ed\u00ed podn\u011bt t\u00fdkaj\u00edc\u00ed se obchodn\u00edho<br \/>\nsd\u011blen\u00ed \u201eProtect &#8211; PROST\u201c, kter\u00e9 obsahuje propagaci p\u0159\u00edpravk\u016f na huben\u00ed my\u0161\u00ed a potkan\u016f<br \/>\nProtect Fresh BAIT, Protect PG GRANULE a Protect Z Zrn\u00ed.<br \/>\n&#8211; Rada v r\u00e1mci sv\u00e9 kompetence dan\u00e9 \u00a7 7 p\u00edsm. a) z\u00e1kona \u010d. 40\/1995 Sb., o regulaci<br \/>\nreklamy a o zm\u011bn\u011b a dopln\u011bn\u00ed z\u00e1kona \u010d. 468\/1991 Sb., o provozov\u00e1n\u00ed rozhlasov\u00e9ho a<br \/>\ntelevizn\u00edho vys\u00edl\u00e1n\u00ed, ve zn\u011bn\u00ed platn\u00fdch p\u0159edpis\u016f (d\u00e1le jen \u201ez\u00e1kon \u010d. 40\/1995 Sb.\u201c), v<br \/>\nsouladu s ustanoven\u00edm \u00a7 78 odst. 1 z\u00e1kona \u010d. 250\/2016 Sb., z\u00e1kona o p\u0159estupc\u00edch a<br \/>\n\u0159\u00edzen\u00edch o nich (d\u00e1le jen \u201ez\u00e1kon \u010d. 250\/2016 Sb.\u201c) rozhodla zah\u00e1jit se zadavatelem<br \/>\nobchodn\u00edho sd\u011blen\u00ed, spole\u010dnost\u00ed Green idea s.r.o., I\u010c: 03544745, s\u00eddlem Vodova 1367\/40,<br \/>\nKr\u00e1lovo Pole, 612 00 Brno, \u0159\u00edzen\u00ed o p\u0159estupku pro mo\u017en\u00e9 poru\u0161en\u00ed \u00a7 5d odst. 2 z\u00e1kona<br \/>\n\u010d. 40\/1995 Sb., dle \u010dl. 7 odst. 3 a 4 p\u00edsm. a) Na\u0159\u00edzen\u00ed EP a Rady (EU) \u010d. 1169\/2011, kter\u00fdm<br \/>\nse stanov\u00ed, \u017ee informace o potravin\u011b nesm\u011bj\u00ed p\u0159ipisovat jak\u00e9koli potravin\u011b vlastnosti<br \/>\numo\u017e\u0148uj\u00edc\u00ed zabr\u00e1nit ur\u010dit\u00e9 lidsk\u00e9 nemoci, zm\u00edrnit ji nebo ji vyl\u00e9\u010dit, ani na tyto vlastnosti<br \/>\nodkazovat, v\u010detn\u011b souvisej\u00edc\u00ed reklamy, kter\u00e9ho se mohl dopustit odvys\u00edl\u00e1n\u00edm<br \/>\nteleshoppingu s motivem \u201eMIGREEN\u201c, v jeho\u017e r\u00e1mci je propagov\u00e1n dopln\u011bk stravy<br \/>\nMIGREEN, dne 20. b\u0159ezna 2022 v \u010dase 13:32 &#8211; 13:37 hodin na programu Prima, nebo\u0165 z<br \/>\nobsahu obchodn\u00edho sd\u011blen\u00ed jednozna\u010dn\u011b vypl\u00fdv\u00e1, \u017ee p\u0159\u00edpravek je ur\u010den k tlumen\u00ed,<br \/>\np\u0159edch\u00e1zen\u00ed a \u0159e\u0161en\u00ed migr\u00e9ny. Prost\u0159ednictv\u00edm spojen\u00ed obrazov\u00e9 a zvukov\u00e9 slo\u017eky (\u201eTak<br \/>\nmy jsme se rozhodli, \u017ee ud\u011bl\u00e1me pr\u00e9miovou \u0159adu produkt\u016f a ty produkty by m\u011bly b\u00fdt c\u00edleny<br \/>\nna nej\u010dast\u011bj\u0161\u00ed probl\u00e9my, kter\u00e9 populaci tr\u00e1p\u00ed. Prvn\u00ed z \u0159ady t\u011bhle pr\u00e9miov\u00fdch produkt\u016f je<br \/>\np\u0159\u00edpravek Migreen, kter\u00fd je ur\u010den k tlumen\u00ed a p\u0159edch\u00e1zen\u00ed migr\u00e9ny.; \u201eTo znamen\u00e1, \u017ee ty<br \/>\nva\u0161e p\u0159\u00edrodn\u00ed prepar\u00e1ty jsou alternativou k r\u016fzn\u00fdm l\u00e9k\u016fm tlum\u00edc\u00edm bolest, kter\u00e9 \u010dasto<br \/>\ndostanu t\u0159eba jenom na p\u0159edpis.\u201c; \u201eZ hlediska \u00fa\u010dinnosti jist\u011b, z hlediska nejr\u016fzn\u011bj\u0161\u00edch<br \/>\nvedlej\u0161\u00edch vliv\u016f na lidsk\u00e9 zdrav\u00ed nikoli, pon\u011bvad\u017e ten n\u00e1\u0161 p\u0159\u00edpravek nezp\u016fsobuje \u017e\u00e1dn\u00e9 jin\u00e9<br \/>\nzdravotn\u00ed probl\u00e9my typu za\u017e\u00edvac\u00edch obt\u00ed\u017e\u00ed, z\u00e1t\u011b\u017e jater a ledvin. Je to prost\u011b \u010dist\u011b p\u0159\u00edrodn\u00ed<br \/>\nprepar\u00e1t, kter\u00fd nen\u00ed n\u00e1vykov\u00fd a kter\u00fd ten probl\u00e9m kr\u00e1sn\u011b \u0159e\u0161\u00ed.\u201c) je zde deklarov\u00e1n \u00fa\u010dinek,<br \/>\nrespektive p\u0159\u00edm\u00fd vliv p\u0159\u00edpravku na p\u0159edch\u00e1zen\u00ed, tlumen\u00ed \u010di \u0159e\u0161en\u00ed tohoto onemocn\u011bn\u00ed.<br \/>\nV\u00fdrobek MIGREEN je v celkov\u00e9m kontextu p\u0159edm\u011btn\u00e9 propagace stav\u011bn na \u00farove\u0148 l\u00e9\u010div,<br \/>\npota\u017emo doch\u00e1z\u00ed k deklaraci men\u0161\u00ed finan\u010dn\u00ed n\u00e1ro\u010dnosti jeho u\u017e\u00edv\u00e1n\u00ed ve srovn\u00e1n\u00ed s<br \/>\nanalgetiky (\u201eTak za zm\u00ednku jist\u011b je\u0161t\u011b stoj\u00ed finan\u010dn\u00ed str\u00e1nka cel\u00e9 v\u011bci. Migreen vlastn\u011b zat\u00ed\u017e\u00ed<br \/>\nn\u00e1\u0161 denn\u00ed rozpo\u010det o dev\u011bt a\u017e t\u0159in\u00e1ct korun a u analgetik je to \u010dasto v n\u00e1sobc\u00edch.\u201c) \u010di<br \/>\ndeklarov\u00e1n\u00ed absence jak\u00fdchkoli vedlej\u0161\u00edch \u00fa\u010dink\u016f produktu MIGREEN na lidsk\u00e9 zdrav\u00ed.<br \/>\nD\u00e1le jsou zde p\u0159edstavov\u00e1ny v\u00fdsledky spot\u0159ebitelsk\u00e9 studie, z nich\u017e vypl\u00fdv\u00e1, \u017ee<br \/>\npropagovan\u00fd dopln\u011bk stravy dok\u00e1\u017ee migr\u00e9nu zcela odstranit (\u201eP\u0159\u00edpravek Migreen je prvn\u00ed<br \/>\nz \u0159ady na\u0161ich pr\u00e9miov\u00fdch produkt\u016f, a proto jsme se rozhodli, \u017ee budou velmi p\u0159\u00edsn\u00e1 krit\u00e9ria<br \/>\npro jeho uveden\u00ed na trh. Provedli jsme pom\u011brn\u011b obs\u00e1hlou spot\u0159ebitelskou studii a<br \/>\nv\u00fdsledkem je, \u017ee pades\u00e1ti osmi lidem v testu ze \u0161edes\u00e1ti ten v\u00fdrobek v\u00fdrobn\u011b zafungoval.<br \/>\nV\u00edce ne\u017e sedmdes\u00e1ti procent\u016fm migr\u00e9ny odstranil zcela a v podstat\u011b v\u011bt\u0161ina u\u017eivatel\u016f<br \/>\ntestu m\u00e1 jedin\u00fd probl\u00e9m, kdy u\u017e produkt uvedeme na trh\u201c). V r\u00e1mci uveden\u00e9ho obchodn\u00edho<br \/>\nsd\u011blen\u00ed tak doch\u00e1z\u00ed k p\u0159ipisov\u00e1n\u00ed vlastnosti prevence, zm\u00edrn\u011bn\u00ed i vyl\u00e9\u010den\u00ed lidsk\u00e9 nemoci u<br \/>\nproduktu MIGREEN, kter\u00fd je dopl\u0148kem stravy, tedy potravinou.<br \/>\n&#8211; Rada postupuje St\u00e1tn\u00edmu \u00fastavu pro kontrolu l\u00e9\u010div podn\u011bt t\u00fdkaj\u00edc\u00ed se produktu<br \/>\nMIGREEN, kter\u00fd byl propagov\u00e1n v televizn\u00edm vys\u00edl\u00e1n\u00ed.<br \/>\n&#8211; Rada postupuje St\u00e1tn\u00ed zem\u011bd\u011blsk\u00e9 a potravin\u00e1\u0159sk\u00e9 inspekci podn\u011bt t\u00fdkaj\u00edc\u00ed se produktu<br \/>\nMIGREEN, kter\u00fd byl propagov\u00e1n v televizn\u00edm vys\u00edl\u00e1n\u00ed.<br \/>\n8<br \/>\n&#8211; Rada coby \u00fast\u0159edn\u00ed spr\u00e1vn\u00ed \u00fa\u0159ad v souladu s ustanoven\u00edm \u00a7 5 p\u00edsm. b) a \u00a7 21 odst. 1<br \/>\np\u00edsm. d) z\u00e1kona \u010d. 231\/2001 Sb., o provozov\u00e1n\u00ed rozhlasov\u00e9ho a televizn\u00edho vys\u00edl\u00e1n\u00ed, v<br \/>\nplatn\u00e9m zn\u011bn\u00ed (d\u00e1le jen &#8222;z\u00e1kon \u010d. 231\/2001 Sb.&#8220;) a ustanoven\u00edm \u00a7 67 odst. 1 z\u00e1kona<br \/>\n\u010d. 500\/2004 Sb., spr\u00e1vn\u00ed \u0159\u00e1d (d\u00e1le jen &#8222;z\u00e1kon \u010d. 500\/2004 Sb.&#8220;) vydala dne 19. \u010dervence<br \/>\n2022 toto rozhodnut\u00ed: Rada vyd\u00e1v\u00e1 provozovateli \u010ceskoslovensk\u00e1 filmov\u00e1 spole\u010dnost,<br \/>\ns.r.o., I\u010c 27168425, s\u00eddlem Praha 1, V\u00e1clavsk\u00e9 n\u00e1m\u011bst\u00ed 831\/21, PS\u010c 110 00, souhlas se<br \/>\nzm\u011bnou licen\u010dn\u00edch podm\u00ednek licence ze dne 22. ledna 2013, \u010d.j. zem\/338\/2013, sp.zn.<br \/>\n2013\/11\/zem\/\u010ces, k provozov\u00e1n\u00ed televizn\u00edho vys\u00edl\u00e1n\u00ed programu CS Horror \u0161\u00ed\u0159en\u00e9ho<br \/>\nprost\u0159ednictv\u00edm dru\u017eice, spo\u010d\u00edvaj\u00edc\u00ed ve zm\u011bn\u011b Dal\u0161\u00edch programov\u00fdch podm\u00ednek,<br \/>\nrespektive Vys\u00edlac\u00edho sch\u00e9matu, kdy st\u00e1vaj\u00edc\u00ed zn\u011bn\u00ed se nahrazuje t\u00edmto: \u201eV r\u00e1mci programu<br \/>\nCS Horror budou v r\u00e1mci \u010dasov\u00e9ho rozsahu vys\u00edlan\u00e9 filmy, seri\u00e1ly a po\u0159ady zam\u011b\u0159en\u00e9 na<br \/>\nhorror, fantasy, thriller, krimi, sci-fi, paranormal, historii, z\u00e1hady, a d\u00e1le reklama a<br \/>\nselfpromo.\u201c; a d\u00e1le ve sn\u00ed\u017een\u00ed pod\u00edlu vys\u00edlac\u00edho \u010dasu vyhrazen\u00e9ho pro vys\u00edl\u00e1n\u00ed evropsk\u00fdch<br \/>\nd\u011bl z p\u016fvodn\u00edch minim\u00e1ln\u011b 60 % na minim\u00e1ln\u011b 51 % a sn\u00ed\u017een\u00ed pod\u00edlu vys\u00edlac\u00edho \u010dasu<br \/>\nvyhrazen\u00e9ho pro vys\u00edl\u00e1n\u00ed evropsk\u00fdch d\u011bl vyroben\u00fdch nez\u00e1visl\u00fdmi v\u00fdrobci z p\u016fvodn\u00edch<br \/>\nminim\u00e1ln\u011b 70 % na minim\u00e1ln\u011b 10%, a to dle \u017e\u00e1dosti provozovatele doru\u010den\u00e9 Rad\u011b dne<br \/>\n19. kv\u011btna 2022, respektive dne 1. \u010dervna 2022.<br \/>\n&#8211; Rada se sezn\u00e1mila s podan\u00fdmi vysv\u011btlen\u00edmi poskytovatel\u016f audiovizu\u00e1ln\u00edch medi\u00e1ln\u00edch<br \/>\nslu\u017eeb na vy\u017e\u00e1d\u00e1n\u00ed v souvislosti s p\u0159ijat\u00fdmi opat\u0159en\u00edmi na podporu medi\u00e1ln\u00ed gramotnosti<br \/>\nza rok 2021 a rovn\u011b\u017e s informacemi o p\u0159ijat\u00fdch opat\u0159en\u00edch na podporu medi\u00e1ln\u00ed<br \/>\ngramotnosti, kter\u00e9 poskytli provozovatel\u00e9 vys\u00edl\u00e1n\u00ed v reakci na ulo\u017een\u00e1 upozorn\u011bn\u00ed na<br \/>\nporu\u0161en\u00ed \u00a7 32 odst. 6 z\u00e1kona \u010d. 231\/2001 Sb.<br \/>\n&#8211; Rada se v r\u00e1mci sv\u00e9 p\u016fsobnosti dan\u00e9 ustanoven\u00edm \u00a7 5 p\u00edsm. a) a f) z\u00e1kona \u010d. 231\/2001<br \/>\nSb., o provozov\u00e1n\u00ed rozhlasov\u00e9ho a televizn\u00edho vys\u00edl\u00e1n\u00ed a o zm\u011bn\u011b dal\u0161\u00edch z\u00e1kon\u016f (d\u00e1le jen<br \/>\nz\u00e1kon \u010d. 231\/2001 Sb.), v platn\u00e9m zn\u011bn\u00ed a v souladu s ustanoven\u00edm \u00a7 78 odst. 1 z\u00e1kona<br \/>\n\u010d. 250\/2016 Sb., z\u00e1kona o p\u0159estupc\u00edch a \u0159\u00edzen\u00edch o nich (d\u00e1le jen \u201ez\u00e1kona \u010d. 250\/2016<br \/>\nSb.\u201c),rozhodla zah\u00e1jit s provozovatelem AIDEM &amp; Vy\u0161\u0161\u00ed odborn\u00e1 \u0161kola televizn\u00ed Brno a. s.,<br \/>\nI\u010c 276 95 964, Zengrova 2693\/2, 615 00, Brno &#8211; \u017didenice, \u0159\u00edzen\u00ed o p\u0159estupku z moci \u00fa\u0159edn\u00ed<br \/>\npro mo\u017en\u00e9 poru\u0161en\u00ed \u00a7 32 odst. 6 z\u00e1kona \u010d. 231\/2001 Sb., nebo\u0165 na v\u00fdzvu Rady neposkytl<br \/>\ninformace o opat\u0159en\u00edch p\u0159ijat\u00fdch na podporu medi\u00e1ln\u00ed gramotnosti za rok 2021, \u010d\u00edm\u017e<br \/>\nporu\u0161il povinnost na p\u00edsemnou v\u00fdzvu poskytnout Rad\u011b vyj\u00e1d\u0159en\u00ed a informace nezbytn\u00e9 k<br \/>\nv\u00fdkonu jej\u00ed p\u016fsobnosti podle \u00a7 5 p\u00edsm. t) a\u017e w) nebo \u00a7 6 odst. 1 a 5 a tyto informace<br \/>\nneposkytl ani v dodate\u010dn\u011b stanoven\u00e9 lh\u016ft\u011b k n\u00e1prav\u011b v r\u00e1mci vydan\u00e9ho upozorn\u011bn\u00ed na<br \/>\nporu\u0161en\u00ed z\u00e1kona.<br \/>\n&#8211; Rada se v r\u00e1mci sv\u00e9 p\u016fsobnosti dan\u00e9 ustanoven\u00edm \u00a7 5 p\u00edsm. a) a f) z\u00e1kona \u010d. 231\/2001<br \/>\nSb., o provozov\u00e1n\u00ed rozhlasov\u00e9ho a televizn\u00edho vys\u00edl\u00e1n\u00ed a o zm\u011bn\u011b dal\u0161\u00edch z\u00e1kon\u016f (d\u00e1le jen<br \/>\nz\u00e1kon \u010d. 231\/2001 Sb.), v platn\u00e9m zn\u011bn\u00ed a v souladu s ustanoven\u00edm \u00a7 78 odst. 1 z\u00e1kona<br \/>\n\u010d. 250\/2016 Sb., z\u00e1kona o p\u0159estupc\u00edch a \u0159\u00edzen\u00edch o nich (d\u00e1le jen \u201ez\u00e1kona \u010d. 250\/2016<br \/>\nSb.\u201c), rozhodla zah\u00e1jit s provozovatelem Mediapoint Consulting s.r.o., I\u010c 27970043,<br \/>\nProkopova 166\/26, Plze\u0148, 30100, \u0159\u00edzen\u00ed o p\u0159estupku z moci \u00fa\u0159edn\u00ed pro mo\u017en\u00e9 poru\u0161en\u00ed<br \/>\n\u00a7 32 odst. 6 z\u00e1kona \u010d. 231\/2001 Sb., nebo\u0165 na v\u00fdzvu Rady neposkytl informace o<br \/>\nopat\u0159en\u00edch p\u0159ijat\u00fdch na podporu medi\u00e1ln\u00ed gramotnosti za rok 2021, \u010d\u00edm\u017e poru\u0161il povinnost<br \/>\nna p\u00edsemnou v\u00fdzvu poskytnout Rad\u011b vyj\u00e1d\u0159en\u00ed a informace nezbytn\u00e9 k v\u00fdkonu jej\u00ed<br \/>\np\u016fsobnosti podle \u00a7 5 p\u00edsm. t) a\u017e w) nebo \u00a7 6 odst. 1 a 5 a tyto informace neposkytl ani v<br \/>\ndodate\u010dn\u011b stanoven\u00e9 lh\u016ft\u011b k n\u00e1prav\u011b v r\u00e1mci vydan\u00e9ho upozorn\u011bn\u00ed na poru\u0161en\u00ed z\u00e1kona.<br \/>\n&#8211; Rada se v r\u00e1mci sv\u00e9 p\u016fsobnosti dan\u00e9 ustanoven\u00edm \u00a7 5 p\u00edsm. a) a f) z\u00e1kona \u010d. 231\/2001<br \/>\nSb., o provozov\u00e1n\u00ed rozhlasov\u00e9ho a televizn\u00edho vys\u00edl\u00e1n\u00ed a o zm\u011bn\u011b dal\u0161\u00edch z\u00e1kon\u016f (d\u00e1le jen<br \/>\nz\u00e1kon \u010d. 231\/2001 Sb.), v platn\u00e9m zn\u011bn\u00ed a v souladu s ustanoven\u00edm \u00a7 78 odst. 1 z\u00e1kona<br \/>\n\u010d. 250\/2016 Sb., z\u00e1kona o p\u0159estupc\u00edch a \u0159\u00edzen\u00edch o nich (d\u00e1le jen \u201ez\u00e1kona \u010d. 250\/2016<br \/>\nSb.\u201c), rozhodla zah\u00e1jit s provozovatelem JS medi\u00e1ln\u00ed slu\u017eby s.r.o., I\u010c 24798541, K Boti\u010di,<br \/>\n9<br \/>\n1453\/6, Vr\u0161ovice, Praha, 10100, \u0159\u00edzen\u00ed o p\u0159estupku z moci \u00fa\u0159edn\u00ed pro mo\u017en\u00e9 poru\u0161en\u00ed \u00a7 32<br \/>\nodst. 6 z\u00e1kona \u010d. 231\/2001 Sb., nebo\u0165 na v\u00fdzvu Rady neposkytl informace o opat\u0159en\u00edch<br \/>\np\u0159ijat\u00fdch na podporu medi\u00e1ln\u00ed gramotnosti za rok 2021, \u010d\u00edm\u017e poru\u0161il povinnost na<br \/>\np\u00edsemnou v\u00fdzvu poskytnout Rad\u011b vyj\u00e1d\u0159en\u00ed a informace nezbytn\u00e9 k v\u00fdkonu jej\u00ed p\u016fsobnosti<br \/>\npodle \u00a7 5 p\u00edsm. t) a\u017e w) nebo \u00a7 6 odst. 1 a 5 a tyto informace neposkytl ani v dodate\u010dn\u011b<br \/>\nstanoven\u00e9 lh\u016ft\u011b k n\u00e1prav\u011b v r\u00e1mci vydan\u00e9ho upozorn\u011bn\u00ed na poru\u0161en\u00ed z\u00e1kona.<br \/>\n&#8211; Rada se v r\u00e1mci sv\u00e9 p\u016fsobnosti dan\u00e9 ustanoven\u00edm \u00a7 5 p\u00edsm. a) a f) z\u00e1kona \u010d. 231\/2001<br \/>\nSb., o provozov\u00e1n\u00ed rozhlasov\u00e9ho a televizn\u00edho vys\u00edl\u00e1n\u00ed a o zm\u011bn\u011b dal\u0161\u00edch z\u00e1kon\u016f (d\u00e1le jen<br \/>\nz\u00e1kon \u010d. 231\/2001 Sb.), v platn\u00e9m zn\u011bn\u00ed a v souladu s ustanoven\u00edm \u00a7 78 odst. 1 z\u00e1kona<br \/>\n\u010d. 250\/2016 Sb., z\u00e1kona o p\u0159estupc\u00edch a \u0159\u00edzen\u00edch o nich (d\u00e1le jen \u201ez\u00e1kona \u010d. 250\/2016<br \/>\nSb.\u201c), rozhodla zah\u00e1jit s provozovatelem Emporia Style s.r.o., I\u010c 08122458, Palack\u00e9ho 70,<br \/>\n252 29 Dob\u0159ichovice, \u0159\u00edzen\u00ed o p\u0159estupku z moci \u00fa\u0159edn\u00ed pro mo\u017en\u00e9 poru\u0161en\u00ed \u00a7 32 odst. 6<br \/>\nz\u00e1kona \u010d. 231\/2001 Sb., nebo\u0165 na v\u00fdzvu Rady neposkytl informace o opat\u0159en\u00edch p\u0159ijat\u00fdch<br \/>\nna podporu medi\u00e1ln\u00ed gramotnosti za rok 2021, \u010d\u00edm\u017e poru\u0161il povinnost na p\u00edsemnou v\u00fdzvu<br \/>\nposkytnout Rad\u011b vyj\u00e1d\u0159en\u00ed a informace nezbytn\u00e9 k v\u00fdkonu jej\u00ed p\u016fsobnosti podle \u00a7 5 p\u00edsm.<br \/>\nt) a\u017e w) nebo \u00a7 6 odst. 1 a 5 a tyto informace neposkytl ani v dodate\u010dn\u011b stanoven\u00e9 lh\u016ft\u011b k<br \/>\nn\u00e1prav\u011b v r\u00e1mci vydan\u00e9ho upozorn\u011bn\u00ed na poru\u0161en\u00ed z\u00e1kona.<br \/>\n&#8211; Rada se sezn\u00e1mila s podan\u00fdm vysv\u011btlen\u00edm provozovatele FTV Prima, spol. s r.o., I\u010c<br \/>\n48115908, s\u00eddlem Vinohradsk\u00e1 3217\/167, Praha 10, PS\u010c 100 00, k obsahu zpravodajsk\u00e9<br \/>\nrelace Hlavn\u00ed zpr\u00e1vy, odvys\u00edlan\u00e9 dne 2. \u00fanora 2022 od 18:55 hodin na programech Prima<br \/>\na CNN Prima News, resp. k obsahu report\u00e1\u017ee Klienti O2 bez Prima po\u0159ad\u016f.<br \/>\n&#8211; Rada v r\u00e1mci sv\u00e9 p\u016fsobnosti dan\u00e9 ustanoven\u00edm \u00a7 5 p\u00edsm. a) a f) a \u00a7 59 odst. 1-3 z\u00e1kona<br \/>\n\u010d. 231\/2001 Sb., o provozov\u00e1n\u00ed rozhlasov\u00e9ho a televizn\u00edho vys\u00edl\u00e1n\u00ed a o zm\u011bn\u011b dal\u0161\u00edch<br \/>\nz\u00e1kon\u016f (d\u00e1le jen z\u00e1kon \u010d. 231\/2001 Sb.), v platn\u00e9m zn\u011bn\u00ed, upozor\u0148uje provozovatele FTV<br \/>\nPrima, spol. s r.o., I\u010c 48115908, s\u00eddlem Vinohradsk\u00e1 3217\/167, Praha 10, PS\u010c 100 00,<br \/>\nna poru\u0161en\u00ed ustanoven\u00ed \u00a7 31 odst. 3 z\u00e1kona \u010d. 231\/2001 Sb., kter\u00e9ho se dopustil<br \/>\nodvys\u00edl\u00e1n\u00edm zpravodajsk\u00e9 relace Hlavn\u00ed zpr\u00e1vy, dne 2. \u00fanora 2022 od 18:55 hodin na<br \/>\nprogramech Prima a CNN Prima News, resp. report\u00e1\u017ee Klienti O2 bez Prima po\u0159ad\u016f, kter\u00e1<br \/>\nse t\u00fdkala obchodn\u00edho vyjedn\u00e1v\u00e1n\u00ed a sporu mezi provozovatelem vys\u00edl\u00e1n\u00ed, spole\u010dnost\u00ed FTV<br \/>\nPrima, spol. s r.o. a televizn\u00edm oper\u00e1torem, spole\u010dnost\u00ed O2 Czech Republic a.s. ohledn\u011b<br \/>\nsmluvn\u00edch podm\u00ednek, na z\u00e1klad\u011b kter\u00fdch jsou klient\u016fm s\u00edt\u011b O2 poskytov\u00e1ny programy<br \/>\nskupiny Prima. Report\u00e1\u017e sv\u00fdm obsahem zcela rezignovala na po\u017eadavek redak\u010dn\u00ed<br \/>\nneutrality a za vyu\u017eit\u00ed manipulativn\u00edch technik div\u00e1k\u016fm prezentovala jedinou mo\u017enou<br \/>\ninterpretaci obchodn\u00edho sporu, dle kter\u00e9 k selh\u00e1v\u00e1n\u00ed obchodn\u00edch jedn\u00e1n\u00ed mezi smluvn\u00edmi<br \/>\nstranami doch\u00e1z\u00ed z d\u016fvodu \u201eneochoty\u201c spole\u010dnosti O2 Czech Republic a.s. p\u0159ijmout<br \/>\nopr\u00e1vn\u011bn\u00e9 po\u017eadavky spole\u010dnosti FTV Prima, spol. s r.o., \u010d\u00edm\u017e jsou n\u00e1sledn\u011b nejv\u00edce<br \/>\npo\u0161kozeni div\u00e1ci, kte\u0159\u00ed mohou ztratit mo\u017enost sledovat sv\u00e9 \u201eobl\u00edben\u00e9\u201c po\u0159ady (\u201eNa\u0161e<br \/>\nprim\u00e1ck\u00e9 kan\u00e1ly nab\u00edz\u00ed z\u00e1bavu pro celou rodinu. Kv\u016fli neochot\u011b oper\u00e1tora O2 TV u\u017e ale<br \/>\nod b\u0159ezna n\u011bkte\u0159\u00ed z v\u00e1s obl\u00edben\u00e9 prim\u00e1ck\u00e9 po\u0159ady bohu\u017eel neuvid\u00ed\u201c). Spole\u010dnosti O2<br \/>\nCzech Republic a.s. byl v report\u00e1\u017ei vyhrazen pouze form\u00e1ln\u00ed prostor k vyj\u00e1d\u0159en\u00ed, v r\u00e1mci<br \/>\nkter\u00e9ho nebyli div\u00e1ci sezn\u00e1meni s komplexn\u00edm stanoviskem a argumentac\u00ed televizn\u00edho<br \/>\noper\u00e1tora, a nedisponovali tak dostatkem relevantn\u00edch informac\u00ed pot\u0159ebn\u00fdch k tomu, aby<br \/>\nsi byli na z\u00e1klad\u011b zhl\u00e9dnut\u00ed report\u00e1\u017ee schopni na danou z\u00e1le\u017eitost vytvo\u0159it sv\u016fj vlastn\u00ed<br \/>\nnez\u00e1visl\u00fd n\u00e1zor. Report\u00e1\u017e sv\u00fdm zpracov\u00e1n\u00edm slou\u017eila sp\u00ed\u0161e jako n\u00e1stroj k ovlivn\u011bn\u00ed div\u00e1k\u016f<br \/>\nve prosp\u011bch provozovatele jako jedn\u00e9 ze stran prob\u00edhaj\u00edc\u00edho obchodn\u00edho sporu, ne\u017e jako<br \/>\nzpravodajsk\u00e1 reflexe aktu\u00e1ln\u00edho d\u011bn\u00ed. Provozovatel tak nezajistil, aby bylo v p\u0159edm\u011btn\u00e9m<br \/>\nzpravodajsk\u00e9m po\u0159adu, pota\u017emo zpravodajsk\u00e9m p\u0159\u00edsp\u011bvku, db\u00e1no z\u00e1sad objektivity a<br \/>\nvyv\u00e1\u017eenosti. Rada stanovuje lh\u016ftu k n\u00e1prav\u011b 7 dn\u016f od doru\u010den\u00ed upozorn\u011bn\u00ed<br \/>\n&#8211; Rada se sezn\u00e1mila s podan\u00fdm vysv\u011btlen\u00edm provozovatele vys\u00edl\u00e1n\u00ed FTV Prima<br \/>\nspol. s r. o., I\u010c: 48115908, s\u00eddlem: Vinohradsk\u00e1 3217\/167, Praha 10, PS\u010c 100 00, k<br \/>\n10<br \/>\npo\u0159adu Prima \u010cesko dne 15. dubna 2022 od 15:30 hodin na programu CNN Prima News,<br \/>\nkter\u00fd byl vys\u00edl\u00e1n jako po\u0159ad obsahuj\u00edc\u00ed um\u00edst\u011bn\u00ed produktu, a z\u00e1rove\u0148 bylo v r\u00e1mci div\u00e1ck\u00e9<br \/>\nsout\u011b\u017ee o ceny v tomto po\u0159adu slovn\u011b uvedeno, \u017ee sponzorem po\u0159adu je Aquapalace<br \/>\nPraha, av\u0161ak po\u0159ad nebyl ozna\u010den jako sponzorovan\u00fd po\u0159ad, jestli se jednalo o po\u0159ad s<br \/>\num\u00edst\u011bn\u00edm produktu Aquapalace Praha nebo se sponzorem po\u0159adu Aquapalace Praha,<br \/>\nrespektive na z\u00e1klad\u011b jak\u00e9ho smluvn\u00edho ujedn\u00e1n\u00ed bylo sd\u011blen\u00ed o Aquapalace Praha do<br \/>\npo\u0159adu za\u010dlen\u011bno.<br \/>\n&#8211; Rada coby \u00fast\u0159edn\u00ed spr\u00e1vn\u00ed \u00fa\u0159ad v r\u00e1mci sv\u00e9 kompetence dan\u00e9 ustanoven\u00edm \u00a7 5<br \/>\np\u00edsm. a) z\u00e1kona \u010d. 231\/2001 Sb., o provozov\u00e1n\u00ed rozhlasov\u00e9ho a televizn\u00edho vys\u00edl\u00e1n\u00ed a o<br \/>\nzm\u011bn\u011b dal\u0161\u00edch z\u00e1kon\u016f, rozhodla v souladu s ustanoven\u00edm \u00a7 76 odst. 1 p\u00edsm. a) z\u00e1kona<br \/>\n\u010d. 250\/2016 Sb., o odpov\u011bdnosti za p\u0159estupky a \u0159\u00edzen\u00ed o nich, v platn\u00e9m zn\u011bn\u00ed, ve v\u011bci<br \/>\nmo\u017en\u00e9ho p\u0159estupku sp\u00e1chan\u00e9ho odvys\u00edl\u00e1n\u00edm po\u0159adu Prima \u010cesko dne 15. dubna 2022<br \/>\nod 15:30 hodin na programu CNN Prima News, \u017ee v\u011bc odkl\u00e1d\u00e1.<br \/>\n&#8211; Rada se sezn\u00e1mila s reakc\u00ed provozovatele Digital Broadcasting s.r.o. na upozorn\u011bn\u00ed na<br \/>\nporu\u0161en\u00ed z\u00e1kona, kter\u00e9ho se dopustil t\u00edm, \u017ee dne 13. \u00fanora 2022 v \u010dase 15:51 hodin<br \/>\nodvys\u00edlal na programu Rebel reklamn\u00ed spot s motivem \u201eArginmax\u201c, kter\u00fd byl obchodn\u00edm<br \/>\nsd\u011blen\u00edm obsahuj\u00edc\u00edm propagaci dopl\u0148ku stravy Arginmax FORTE, kter\u00fd je p\u0159\u00edpravkem<br \/>\ndlouhodob\u011b zlep\u0161uj\u00edc\u00edm erekci a sexu\u00e1ln\u00ed v\u00fdkonnost (zvukov\u00e1 i obrazov\u00e1 slo\u017eka:<br \/>\n\u201eArginmax, dlouhodob\u011b zlep\u0161uje erekci a sexu\u00e1ln\u00ed v\u00fdkonnost.\u201c)<br \/>\n&#8211; Rada coby \u00fast\u0159edn\u00ed spr\u00e1vn\u00ed \u00fa\u0159ad v r\u00e1mci sv\u00e9 kompetence dan\u00e9 ustanoven\u00edm \u00a7 5 p\u00edsm.<br \/>\na) a f) a \u00a7 59 odst. 1-3 z\u00e1kona \u010d. 231\/2001 Sb., o provozov\u00e1n\u00ed rozhlasov\u00e9ho a televizn\u00edho<br \/>\nvys\u00edl\u00e1n\u00ed a o zm\u011bn\u011b dal\u0161\u00edch z\u00e1kon\u016f (d\u00e1le jen z\u00e1kon \u010d. 231\/2001 Sb.), v platn\u00e9m zn\u011bn\u00ed,<br \/>\nupozor\u0148uje provozovatele Digital Broadcasting s.r.o., I\u010c 26839407, se s\u00eddlem Stavebn\u00ed<br \/>\n992\/1, Ostrava &#8211; Poruba, PS\u010c 708 00, na poru\u0161en\u00ed ustanoven\u00ed \u00a7 32 odst. 1 p\u00edsm. a) z\u00e1kona<br \/>\n\u010d. 231\/2001 Sb., dle jeho\u017e zn\u011bn\u00ed je povinen provozovat vys\u00edl\u00e1n\u00ed vlastn\u00edm jm\u00e9nem, na<br \/>\nvlastn\u00ed \u00fa\u010det a na vlastn\u00ed odpov\u011bdnost a n\u00e9st odpov\u011bdnost za obsah vys\u00edl\u00e1n\u00ed. Poru\u0161en\u00ed se<br \/>\nprovozovatel dopustil t\u00edm, \u017ee do vys\u00edl\u00e1n\u00ed programu Rebel jsou za\u0159azov\u00e1na obchodn\u00ed<br \/>\nsd\u011blen\u00ed, nad jejich\u017e obsahem a \u010dasov\u00fdm za\u0159azen\u00edm nem\u00e1 provozovatel redak\u010dn\u00ed<br \/>\nodpov\u011bdnost, jeliko\u017e tuto odpov\u011bdnost na z\u00e1klad\u011b smluvn\u00edho ujedn\u00e1n\u00ed p\u0159enesl na jin\u00fd<br \/>\nsubjekt. Rada stanovuje lh\u016ftu k n\u00e1prav\u011b 30 dn\u00ed ode dne doru\u010den\u00ed tohoto upozorn\u011bn\u00ed.<br \/>\n&#8211; Rada se sezn\u00e1mila s reakc\u00ed provozovatele AMC Networks Central Europe s.r.o. na<br \/>\nupozorn\u011bn\u00ed na poru\u0161en\u00ed z\u00e1kona, kter\u00e9ho se dopustil t\u00edm, \u017ee ve vys\u00edl\u00e1n\u00ed programu Sport1<br \/>\nCzechia and Slovakia dne 8. \u00fanora 2022 v \u010dasov\u00e9m \u00faseku 22:00-23:00 hodin odvys\u00edlal<br \/>\n1080 sekund reklamy, a t\u00edm o 360 sekund p\u0159ekro\u010dil p\u0159\u00edpustnou d\u00e9lku \u010dasu, kter\u00fd m\u016f\u017ee b\u00fdt<br \/>\nv jedn\u00e9 hodin\u011b vyhrazen reklam\u011b a teleshoppingu.<br \/>\n&#8211; Rada v r\u00e1mci \u0159\u00edzen\u00ed o p\u0159estupku veden\u00e9m pod sp.zn. RRTV\/2022\/558\/beh provedla<br \/>\nd\u016fkaz zhl\u00e9dnut\u00edm reklamn\u00edho spotu s motivem \u201eArginmax\u201c, kter\u00fd byl odvys\u00edl\u00e1n dne<br \/>\n15. ledna 2022 v \u010dase 14:07 hodin na programu SPORT2.<br \/>\nOSTATN\u00cd<br \/>\n&#8211; Rada se sezn\u00e1mila se \u017e\u00e1dost\u00ed N\u00e1rodn\u00edho akredita\u010dn\u00edho \u00fa\u0159adu pro vysok\u00e9 \u0161kolstv\u00ed.<br \/>\n11<br \/>\nV Praze dne 21. 7. 2022<br \/>\nIng. arch. V\u00e1clav Mencl<br \/>\np\u0159edseda Rady pro rozhlasov\u00e9<br \/>\na televizn\u00ed vys\u00edl\u00e1n\u00ed<br \/>\nkontakt: podatelna@rrtv.cz<br \/>\n274 813 830<\/p>\n","protected":false},"excerpt":{"rendered":"<p>Rada pro rozhlasov\u00e9 a televizn\u00ed vys\u00edl\u00e1n\u00ed (d\u00e1le jen &#8222;Rada&#8220;) na sv\u00e9m 11. zased\u00e1n\u00ed projednala 40 bod\u016f programu. Vyhodnotila 23 st\u00ed\u017enost\u00ed div\u00e1k\u016f a poslucha\u010d\u016f, vydala osm upozorn\u011bn\u00ed na poru\u0161en\u00ed z\u00e1kona, rozhodla o zah\u00e1jen\u00ed sedmi spr\u00e1vn\u00edch \u0159\u00edzen\u00ed.<\/p>\n","protected":false},"author":1,"featured_media":0,"comment_status":"open","ping_status":"open","sticky":false,"template":"","format":"standard","meta":{"ngg_post_thumbnail":0,"footnotes":""},"categories":[11],"tags":[],"class_list":["post-12758","post","type-post","status-publish","format-standard","hentry","category-ozvena"],"_links":{"self":[{"href":"https:\/\/www.ladislavjakl.cz\/index.php?rest_route=\/wp\/v2\/posts\/12758","targetHints":{"allow":["GET"]}}],"collection":[{"href":"https:\/\/www.ladislavjakl.cz\/index.php?rest_route=\/wp\/v2\/posts"}],"about":[{"href":"https:\/\/www.ladislavjakl.cz\/index.php?rest_route=\/wp\/v2\/types\/post"}],"author":[{"embeddable":true,"href":"https:\/\/www.ladislavjakl.cz\/index.php?rest_route=\/wp\/v2\/users\/1"}],"replies":[{"embeddable":true,"href":"https:\/\/www.ladislavjakl.cz\/index.php?rest_route=%2Fwp%2Fv2%2Fcomments&post=12758"}],"version-history":[{"count":1,"href":"https:\/\/www.ladislavjakl.cz\/index.php?rest_route=\/wp\/v2\/posts\/12758\/revisions"}],"predecessor-version":[{"id":12759,"href":"https:\/\/www.ladislavjakl.cz\/index.php?rest_route=\/wp\/v2\/posts\/12758\/revisions\/12759"}],"wp:attachment":[{"href":"https:\/\/www.ladislavjakl.cz\/index.php?rest_route=%2Fwp%2Fv2%2Fmedia&parent=12758"}],"wp:term":[{"taxonomy":"category","embeddable":true,"href":"https:\/\/www.ladislavjakl.cz\/index.php?rest_route=%2Fwp%2Fv2%2Fcategories&post=12758"},{"taxonomy":"post_tag","embeddable":true,"href":"https:\/\/www.ladislavjakl.cz\/index.php?rest_route=%2Fwp%2Fv2%2Ftags&post=12758"}],"curies":[{"name":"wp","href":"https:\/\/api.w.org\/{rel}","templated":true}]}}