{"id":1276,"date":"2011-09-20T14:04:58","date_gmt":"2011-09-20T13:04:58","guid":{"rendered":"http:\/\/www.ladislavjakl.cz\/?p=1276"},"modified":"2011-09-20T14:04:58","modified_gmt":"2011-09-20T13:04:58","slug":"prezidentuv-muz-jakl-klausovo-uvazovani-pro-me-martanska-zalezitost","status":"publish","type":"post","link":"https:\/\/www.ladislavjakl.cz\/?p=1276","title":{"rendered":"Prezident\u016fv mu\u017e Jakl: Klausovo uva\u017eov\u00e1n\u00ed? Pro m\u011b mar\u0165ansk\u00e1 z\u00e1le\u017eitost"},"content":{"rendered":"<p>Pat\u0159\u00ed do \u00fazk\u00e9 skupiny lid\u00ed kolem V\u00e1clava Klause. A jako takov\u00fd \u010del\u00ed \u0161\u00e9f  politick\u00e9ho odboru Kancel\u00e1\u0159e prezidenta  republiky Ladislav Jakl (51)  st\u00e1le \u010dast\u011bji kritice, kter\u00e1 se na Hrad  sn\u00e1\u0161\u00ed kv\u016fli tzv. politicky  nekorektn\u00edm n\u00e1zor\u016fm.<\/p>\n<p><!--more--><\/p>\n<p>Podpora kontroverzn\u00edho  \u00fa\u0159edn\u00edka Ladislava B\u00e1tory, negativn\u00ed postoj k   pochodu homosexu\u00e1l\u016f, to  jsou jen dva p\u0159\u00edklady, kter\u00fdmi si hradn\u00ed parta   vyslou\u017eila v lep\u0161\u00edm  p\u0159\u00edpad\u011b n\u00e1lepku provokat\u00e9r\u016f a v hor\u0161\u00edm \u0161i\u0159itel\u016f   netolerance. Ladislav  Jakl to ale vid\u00ed obr\u00e1cen\u011b \u2013 netolerantn\u00ed jsou   podle n\u011bj skaln\u00ed kritici  Hradu.<\/p>\n<p><strong>Sm\u011brem z Hradu se posledn\u00ed dobou \u0161\u00ed\u0159\u00ed politicky ne a\u017e tak  korektn\u00ed a m\u00edsty extremistick\u00e9 postoje. Aktu\u00e1ln\u011b t\u0159eba podpora Ladislava  B\u00e1tory na ministerstvu \u0161kolstv\u00ed. Je v tom z\u00e1m\u011br? <\/strong><\/p>\n<p>\u201eT\u011b\u017eko m\u016f\u017ee b\u00fdt na\u0161\u00edm z\u00e1m\u011brem a v\u00fdsledkem rafinovan\u00e9ho pl\u00e1nu to, \u017ee  n\u00e1m n\u011bkdo nad\u00e1v\u00e1. To ur\u010dit\u011b ne. Sp\u00ed\u0161 si v\u0161\u00edmejme toho, jak se m\u011bn\u00ed  prost\u0159edky politick\u00e9ho boje u n\u00e1s. Jsme sv\u011bdky pokusu oponenta  on\u00e1lepkovat a tou n\u00e1lepkou ho vy\u0159adit ze spole\u010densk\u00e9 debaty. S t\u00edm, kdo  se na n\u011bkter\u00e9 v\u011bci d\u00edv\u00e1 jinak, nekompromisn\u011b a v n\u011b\u010dem t\u0159eba postaru, se  lidi rozhodnou nepolemizovat a prost\u011b ho vyhnat na okraj slu\u0161n\u00e9  spole\u010dnosti. J\u00e1 to vid\u00edm jako projev chudoby argument\u016f.\u201c<\/p>\n<p><strong>Tak\u017ee nen\u00ed z\u00e1m\u011brem lid\u00ed kolem V\u00e1clava Klause nap\u0159\u00edklad  testovat p\u016fdu pro vznik nov\u00e9 strany s takov\u00fdm zam\u011b\u0159en\u00edm?T\u0159eba po  uplynut\u00ed funk\u010dn\u00edho obdob\u00ed pana prezidenta\u2026 <\/strong><\/p>\n<p>\u201eVe\u0161ker\u00e9 divok\u00e9 \u00favahy, co m\u00e1 b\u00fdt \u00fadajn\u011b za dva roky, zn\u00e1m z novin a  od r\u016fzn\u00fdch politick\u00fdch st\u0159elc\u016f. V t\u011bchto m\u00edstnostech jsem ale nikdy  takov\u00e9 \u00favahy nesly\u0161el. Od nikoho z n\u00e1s, ani od prezidenta. Soudit podle  toho, \u017ee n\u00e1m n\u011bkdo nad\u00e1v\u00e1, a odvozovat z toho na\u0161e pl\u00e1ny je nesmysl.  Sp\u00ed\u0161 to sv\u011bd\u010d\u00ed o tom, co chce d\u011blat ten, kdo nad\u00e1v\u00e1.\u201c<\/p>\n<p><strong>N\u011bjak\u00e9 pl\u00e1ny, co budete d\u011blat v roce 2013 po skon\u010den\u00ed prezidentova funk\u010dn\u00edho obdob\u00ed, ale u\u017e m\u00edt mus\u00edte\u2026 <\/strong><\/p>\n<p>\u201e\u00dapln\u011b seri\u00f3zn\u011b a \u00fapln\u011b up\u0159\u00edmn\u011b v\u00e1m odpov\u00edd\u00e1m: Nev\u00edm. A v\u016fbec se nad t\u00edm nezam\u00fd\u0161l\u00edm.\u201c<\/p>\n<p><strong>V\u00e1\u017en\u011b? V\u017edy\u0165 to nen\u00ed a\u017e tak vzd\u00e1len\u00e1 budoucnost. <\/strong><\/p>\n<p>\u201eJe velmi vzd\u00e1len\u00e1. Opravdu, za tu dobu se m\u016f\u017ee st\u00e1t tolik v\u011bc\u00ed\u2026  M\u00e1m-li mluvit za sebe, j\u00e1 jsem nikdy nebyl \u010dlov\u011bk, kter\u00fd by se n\u011bjak  zam\u00fd\u0161lel nad svoj\u00ed kari\u00e9rou, kter\u00fd by ji n\u011bjak budoval. J\u00e1 jsem v\u017edycky  \u0159\u00edkal, psal a myslel si v\u011bci, kter\u00e9 pova\u017euji za spr\u00e1vn\u00e9. A ono m\u011b to  v\u017edycky n\u011bkam dokut\u00e1lelo \u2013 \u010dasto i k m\u00e9mu p\u0159ekvapen\u00ed. J\u00e1 to tak budu  d\u011blat i nad\u00e1le a budu \u010dekat, kam zase budu dokut\u00e1len.\u201c<\/p>\n<p><strong>Prezident Klaus to m\u00e1 podle v\u00e1s tak\u00e9 tak? <\/strong><\/p>\n<p>\u201eTo je \u010dlov\u011bk, kter\u00fd v\u017edy \u0159e\u0161il tu v\u011bc, kter\u00e1 zrovna byla na stole. A  nikdy nem\u011bl r\u00e1d ot\u00e1zky, co by bylo, kdyby&#8230; D\u016fle\u017eit\u00e9 je d\u011blat dob\u0159e  svoji pr\u00e1ci \u2013 tu, kterou te\u010f m\u00e1me. Ta m\u016f\u017ee nepochybn\u011b v n\u011bco vy\u00fastit.  Ale rozhodn\u011b tady v n\u011bjak\u00e9m osmn\u00e1ct\u00e9m sklepen\u00ed za \u0161era n\u011bkdo nesed\u00ed a  nekuje n\u011bjak\u00e9 pl\u00e1ny.\u201c<\/p>\n<p><strong>Je pro v\u00e1s p\u0159edstaviteln\u00e9, \u017ee byste nadobro opustil politiku? A v\u011bnoval se naplno pivu, muzice\u2026 <\/strong><\/p>\n<p>\u201ePivu se ur\u010dit\u011b budu v\u011bnovat.\u201c<\/p>\n<p><strong>Myslela jsem profesn\u011b\u2026<\/strong><\/p>\n<p>\u201eMo\u017en\u00e1 i sv\u00fdm zp\u016fsobem profesn\u011b. Muzice se taky budu ur\u010dit\u011b v\u011bnovat.  Nev\u00edm, jestli n\u011bjak\u00fd z t\u011bch obor\u016f je ten, na kter\u00e9m bych cht\u011bl b\u00fdt  z\u00e1visl\u00fd, proto\u017ee to by pak znamenalo, \u017ee je nebudu d\u011blat \u00fapln\u011b pro  radost. Ale um\u00edm si ur\u010dit\u011b p\u0159edstavit, \u017ee bych byl mimo politiku. B\u00fdt  \u00faporn\u011b p\u0159i\u0161roubov\u00e1n jen k jednomu zp\u016fsobu existence nen\u00ed spr\u00e1vn\u00e9, to  \u010dlov\u011bka omezuje. Neum\u00edm si ale p\u0159edstavit, \u017ee by m\u011b v\u016fbec nezaj\u00edmalo  ve\u0159ejn\u00e9 d\u011bn\u00ed, \u017ee bych nepsal o v\u011bcech, kter\u00e9 mi vad\u00ed.\u201c<\/p>\n<p><strong>Jak\u00fd je vlastn\u011b vztah mezi v\u00e1mi a V\u00e1clavem Klausem? P\u0159ece jen  u\u017e spolu spolupracujete \u010dtrn\u00e1ct let. Je to st\u00e1le vztah pouze profesn\u00ed?<\/strong><\/p>\n<p>\u201eJe jasn\u00e9, \u017ee mus\u00edme dob\u0159e lidsky vych\u00e1zet. Z\u00e1kladem toho je, \u017ee  v\u011b\u0159\u00edme podobn\u00fdm v\u011bcem a d\u00edv\u00e1me se na n\u011b podobn\u00fdm zp\u016fsobem. To je prvn\u00ed  p\u0159edpoklad. Druh\u00fd p\u0159edpoklad je ur\u010dit\u00e1 seri\u00f3znost v denn\u00edm provozu. Nen\u00ed  nutn\u00e1 nadstandardn\u00ed bl\u00edzkost, rodinn\u00e9 p\u0159\u00e1telstv\u00ed. Pan prezident je  v\u011bdec a sportovec, j\u00e1 jsem antiv\u011bdec a antisportovec. Tak\u017ee jeho hlavn\u00ed  zp\u016fsoby pro\u017e\u00edv\u00e1n\u00ed jsou pro m\u011b \u00fapln\u011b mar\u0165ansk\u00e1 z\u00e1le\u017eitost.\u201c<\/p>\n<p><strong>Co v\u00e1s tedy spojuje? <\/strong><\/p>\n<p>\u201eOce\u0148uji u n\u011bj jednu vlastnost, kterou se domn\u00edv\u00e1m, \u017ee m\u00e1m i j\u00e1 \u2013 \u017ee  mi ned\u011bl\u00e1 probl\u00e9m se s n\u011bk\u00fdm v\u011bcn\u011b poh\u00e1dat. Ale opravdu hodn\u011b.\u201c<\/p>\n<p><strong>H\u00e1d\u00e1te se spolu?<\/strong><\/p>\n<p>\u201eJasn\u011b, klidn\u011b. Pro\u010d ne? Ale kdy\u017e se oto\u010d\u00ed list, tak ten v\u011bcn\u00fd  probl\u00e9m nesm\u00ed zas\u00e1hnout ten vztah. Za\u010d\u00edn\u00e1 se z nuly, nezat\u00ed\u017een\u011b t\u00edm  p\u0159edchoz\u00edm sporem.\u201c<\/p>\n<p><strong>I po \u010dtrn\u00e1cti letech si st\u00e1le vyk\u00e1te? <\/strong><\/p>\n<p>\u201eAni prezident, ani j\u00e1 nejsme takov\u00e9 ty povrchn\u011b familizuj\u00edc\u00ed typy.  Tak\u017ee ano, vyk\u00e1me si. J\u00e1 si vyk\u00e1m se spoustou lid\u00ed, s kterou t\u0159eba i  chod\u00edm do hospody. Pro m\u011b p\u0159\u00edli\u0161 rychl\u00e1 famili\u00e9rnost je znakem trochu  ni\u017e\u0161\u00ed \u00facty ke vztahu s t\u00edm \u010dlov\u011bkem.\u201c<\/p>\n<p><strong>Co jsou ty v\u011bci, kv\u016fli kter\u00fdm se dok\u00e1\u017eete poh\u00e1dat? V \u010dem se neshodnete?<\/strong><\/p>\n<p>\u201eNevedu si katalog. Jsou to v\u011bci, kter\u00e9 jsou projevem sice bl\u00edzkosti,  ale ne toto\u017enosti na\u0161eho ch\u00e1p\u00e1n\u00ed sv\u011bta. Daleko \u010dast\u011bji jde ale o v\u011bci,  kter\u00e9 se t\u00fdkaj\u00ed p\u0159ijet\u00ed spr\u00e1vn\u00e9 taktiky ve spr\u00e1vnou chv\u00edli, a na to je  p\u0159ece mo\u017en\u00e9 m\u00edt spoustu r\u016fzn\u00fdch n\u00e1zor\u016f. I kdy\u017e m\u00e1te shodn\u00fd z\u00e1jem.\u201c<\/p>\n<p><strong>Co \u0159\u00edk\u00e1 prezident na va\u0161e z\u00e1liby \u2013 muziku a pivo? Jde to mimo n\u011bj, nebo s v\u00e1mi n\u011bkdy zajde na pivo \u010di nav\u0161t\u00edv\u00ed koncert?<\/strong><\/p>\n<p>&#8222;Ob\u010das v\u00fdjime\u010dn\u011b na to pivo jde. Faktem je, \u017ee on posezen\u00ed u piva  del\u0161\u00ed ne\u017e hodinu pova\u017euje za smrteln\u00fd h\u0159\u00edch a \u017ee je to marn\u00e9 ztr\u00e1cen\u00ed  \u010dasu. A na koncert\u011b u\u017e taky byl. Ne \u017ee by byl pravideln\u00fdm n\u00e1v\u0161t\u011bvn\u00edkem,  ale byl na n\u011bkolika. Hlavn\u011b na t\u011bch v\u00fdznamn\u011bj\u0161\u00edch. To m\u00e1 skoro povinn\u00e9.\u201c<\/p>\n<p><strong>Hodn\u011b hlasit\u011b jsou z Hradu sly\u0161et n\u00e1zory prezidentova  vicekancel\u00e9\u0159e Petra H\u00e1jka. Pov\u011bstn\u00fd je mimo jin\u00e9 i sv\u00fdm tvrzen\u00edm, \u017ee on  nepoch\u00e1z\u00ed z opice, jak to m\u00e1te vy?<\/strong><\/p>\n<p>J\u00e1 poch\u00e1z\u00edm z l\u00e1sky.\u201c<\/p>\n<p><strong>Dob\u0159e, ale jak\u00e9 m\u00e1te s Petrem H\u00e1jkem vztahy? Souhlas\u00edte s jeho leckdy kontroverzn\u00edmi n\u00e1zory?<\/strong><\/p>\n<p>\u201eJ\u00e1 bych tak mohl zrovna n\u011bkomu pov\u00eddat, \u017ee je kontroverzn\u00ed. J\u00e1 si  mysl\u00edm, \u017ee to je \u010dlov\u011bk, kter\u00fd je velmi vzd\u011blan\u00fd, velmi p\u0159em\u00fd\u0161liv\u00fd a  neboj\u00ed se \u0159\u00edkat v\u011bci, kter\u00e9 si mysl\u00ed. V\u0161iml jsem si, \u017ee lidem, jako je  on nebo j\u00e1, se vy\u010d\u00edtaj\u00ed dva smrteln\u00e9 h\u0159\u00edchy \u2013 prvn\u00ed je, \u017ee souhlas\u00edme s  Klausem, a druh\u00fd, \u017ee nesouhlas\u00edme s Klausem. Jednu v\u011bc m\u00e1me s Petrem  H\u00e1jkem spole\u010dnou \u2013 n\u011bjak nem\u00e1me zapot\u0159eb\u00ed \u0159\u00edkat v\u011bci, kter\u00e9 \u0159\u00edkaj\u00ed  v\u0161ichni ostatn\u00ed. To je \u0161koda pr\u00e1ce.\u201c<\/p>\n<p><strong>Na jednu stranu se o v\u00e1s lid\u00e9 mohou do\u010d\u00edst, \u017ee jste dal  rozhovor do knihy, jej\u00edm\u017e spoluautorem je mana\u017eer neonacistick\u00e9 hudebn\u00ed  skupiny, na druhou ale m\u00e1te adoptivn\u00edho romsk\u00e9ho syna\u2026 <\/strong><\/p>\n<p>\u201eAno, m\u00e1m adoptovan\u00e9ho syna. Kdy\u017e jsme ho tehdy adoptovali, tak se  n\u00e1s ptali, jestli m\u00e1me n\u011bjak\u00e9 po\u017eadavky. To je absurdn\u00ed. J\u00e1 jsem i proti  zji\u0161\u0165ov\u00e1n\u00ed pohlav\u00ed ultrazvukem. To je v\u011bc osudov\u00e1. Proto bych si ani  nikdy nediktoval podm\u00ednky, jak m\u00e1 moje d\u00edt\u011b vypadat. Nem\u00e1m n\u00e1rok, d\u00edt\u011b  je osud.\u201c<\/p>\n<p><strong>Ministr \u0161kolstv\u00ed Josef Dobe\u0161 p\u0159ed \u010dasem vr\u00e1til do \u00fastavu  romsk\u00e9ho chlapce, kter\u00e9ho m\u011bl tak\u00e9 v p\u011bstounsk\u00e9 p\u00e9\u010di. Pr\u00fd byl  nezvladateln\u00fd. M\u00e1te i vy n\u011bjak\u00e9 \u0161patn\u00e9 zku\u0161enosti?<\/strong><\/p>\n<p>\u201eProbl\u00e9my jsou p\u0159i v\u00fdchov\u011b ka\u017ed\u00e9ho d\u00edt\u011bte.\u201c<\/p>\n<p><strong>Mysl\u00edte, \u017ee hlavn\u00ed roli hraj\u00ed geny, nebo v\u00fdchova a prost\u0159ed\u00ed, ve kter\u00e9m d\u00edt\u011b \u017eije? <\/strong><\/p>\n<p>\u201eJ\u00e1 debatu o genech odm\u00edt\u00e1m. U \u017e\u00e1dn\u00e9ho d\u00edt\u011bte nev\u00edte, jak\u00e9 geny se v  n\u011bm projev\u00ed. Genetick\u00e1 v\u00fdbava v sob\u011b nese t\u0159eba temperament, ale nikdy  spole\u010densk\u00e9 nebo kulturn\u00ed hodnoty. Nikdy. J\u00e1 o tom dost nerad mluv\u00edm\u2026  Ale v\u00edm, \u017ee adoptovat som\u00e1lsk\u00e1 nebo\u017e\u00e1tka je velkou m\u00f3dou mezi americk\u00fdmi  snoby. A mysl\u00edm, \u017ee n\u011bco podobn\u00e9ho, jen v men\u0161\u00edm m\u011b\u0159\u00edtku, se d\u011bje u  n\u00e1s.\u201c<\/p>\n<p><strong>Mysl\u00edte, \u017ee je to pro n\u011bkter\u00e9 adoptivn\u00ed rodi\u010de jen p\u00f3za? <\/strong><\/p>\n<p>\u201eNev\u00edm, do jak\u00e9 m\u00edry to n\u011bkte\u0159\u00ed mysl\u00ed opravdicky. Moje d\u00edt\u011b je prost\u011b  moje d\u00edt\u011b. Adoptoval jsem ho v \u0161estn\u00e1cti m\u011bs\u00edc\u00edch, u\u010dil jsem ho mluvit,  chodit. Te\u010f mu bude devaten\u00e1ct. My\u0161lenka, \u017ee bych ho vr\u00e1til\u2026 Sp\u00ed\u0161  jestli by nevr\u00e1til on n\u00e1s. Ob\u010das mi chod\u00ed e-maily jako: J\u00e1 si v\u00e1s za to  v\u00e1\u017e\u00edm. Moc pros\u00edm, aby si m\u011b za to nikdo nev\u00e1\u017eil, proto\u017ee nejv\u00edc  obohacen jsem j\u00e1. Fakt z toho ned\u011bl\u00e1m transparent, jako koukejte na m\u011b,  j\u00e1 m\u00e1m doma cik\u00e1na. A a\u017e budu jednou kandidovat na prezidenta, tak si  \u0159eknu: Otcem vlasti m\u016f\u017ee b\u00fdt jenom ten, kdo byl n\u011bkdy otcem.\u201c<\/p>\n<h3>Ladislav Jakl (51)<\/h3>\n<p>\u25a0 absolvent Fakulty \u017eurnalistiky Univerzity Karlovy<\/p>\n<p>\u25a0 po roce 1989 poslanec \u010cesk\u00e9 n\u00e1rodn\u00ed rady<\/p>\n<p>\u25a0 od roku 1997 bl\u00edzk\u00fd spolupracovn\u00edk V\u00e1clava Klause<\/p>\n<p>\u25a0 rockov\u00fd muzikant, hraje p\u0159edev\u0161\u00edm se sv\u00fdmi kapelami Etal a Folimanka Blues<\/p>\n<p>\u25a0 s partnerkou vychov\u00e1v\u00e1 adoptivn\u00edho syna Mat\u011bje<\/p>\n<h3><img loading=\"lazy\" decoding=\"async\" class=\"aligncenter\" title=\"j\" src=\"http:\/\/img.blesk.cz\/img\/1\/gallery\/1013524_jakl.jpg\" alt=\"j\" width=\"333\" height=\"450\" \/><\/h3>\n<h3>Jakl o pivu<\/p>\n<div style=\"float: right; margin: 10px 0px 10px 10px; width: 310px;\"><\/div>\n<\/h3>\n<p>\u201eOd ml\u00e1d\u00ed je pit\u00ed piva, chozen\u00ed na pivo, m\u016fj zp\u016fsob \u017eivota. U\u017e na  za\u010d\u00e1tku 80. let mezi mou obl\u00edbenou \u010detbu pat\u0159ila skripta kamar\u00e1d\u016f, kte\u0159\u00ed  studovali chemicko-technologickou \u0161kolu, obor pivovarnictv\u00ed,  sladovnictv\u00ed. Zat\u00edmco skripta vlastn\u00ed \u0161koly jsem neotev\u0159el. Ale to bylo  sp\u00ed\u0161 pro zaj\u00edmavost. Tak od poloviny 90.let se pivem zab\u00fdv\u00e1m \u010d\u00edm d\u00e1l  v\u00edc. Sna\u017e\u00edm se proniknout do toho sv\u011bta, kter\u00fd je obrovsky pestr\u00fd a  rozmanit\u00fd.\u201c<\/p>\n<h3><img loading=\"lazy\" decoding=\"async\" class=\"aligncenter\" title=\"j\" src=\"http:\/\/img.blesk.cz\/img\/1\/gallery\/1013526_jakl.jpg\" alt=\"j\" width=\"285\" height=\"450\" \/><\/h3>\n<h3>Jakl o muzice<\/h3>\n<p>\u201eD\u011bl\u00e1m muziku, kter\u00e1 docela bol\u00ed. N\u00e1\u0161 koncert znamen\u00e1, \u017ee se n\u011bkam   jede, po schodech se vytah\u00e1 ve\u0161ker\u00fd apar\u00e1t, tam ze sebe \u010dlov\u011bk n\u011bco   vyd\u00e1, vypije n\u011bjak\u00e9 pivo, zase to slo\u017e\u00ed a jede zp\u00e1tky. V tomhle smyslu   to bol\u00ed. A pak to bol\u00ed je\u0161t\u011b z jednoho d\u016fvodu. Kdy\u017e tu muziku chcete   d\u011blat opravdicky, chce to emoce, je to investice. Tak\u017ee p\u0159edstavu, \u017ee   bych se na to vyka\u0161lal, m\u00e1m poka\u017ed\u00e9. Ale opravdu si to p\u0159edstavit   neum\u00edm.\u201c<\/p>\n<p><a href=\"http:\/\/www.blesk.cz\/clanek\/zpravy-politika\/159206\/prezidentuv-muz-jakl-klausovo-uvazovani-pro-me-martanska-zalezitost.html\" target=\"_blank\">Zdroj<\/a><\/p>\n<h3>\n<div style=\"float: left; margin: 10px 10px 10px 0px; width: 260px;\"><\/div>\n<\/h3>\n","protected":false},"excerpt":{"rendered":"<p>Pat\u0159\u00ed do \u00fazk\u00e9 skupiny lid\u00ed kolem V\u00e1clava Klause. A jako takov\u00fd \u010del\u00ed \u0161\u00e9f politick\u00e9ho odboru Kancel\u00e1\u0159e prezidenta republiky Ladislav Jakl (51) st\u00e1le \u010dast\u011bji kritice, kter\u00e1 se na Hrad sn\u00e1\u0161\u00ed kv\u016fli tzv. politicky nekorektn\u00edm n\u00e1zor\u016fm.<\/p>\n","protected":false},"author":1,"featured_media":0,"comment_status":"open","ping_status":"open","sticky":false,"template":"","format":"standard","meta":{"ngg_post_thumbnail":0,"footnotes":""},"categories":[13],"tags":[],"class_list":["post-1276","post","type-post","status-publish","format-standard","hentry","category-rozhovory"],"_links":{"self":[{"href":"https:\/\/www.ladislavjakl.cz\/index.php?rest_route=\/wp\/v2\/posts\/1276","targetHints":{"allow":["GET"]}}],"collection":[{"href":"https:\/\/www.ladislavjakl.cz\/index.php?rest_route=\/wp\/v2\/posts"}],"about":[{"href":"https:\/\/www.ladislavjakl.cz\/index.php?rest_route=\/wp\/v2\/types\/post"}],"author":[{"embeddable":true,"href":"https:\/\/www.ladislavjakl.cz\/index.php?rest_route=\/wp\/v2\/users\/1"}],"replies":[{"embeddable":true,"href":"https:\/\/www.ladislavjakl.cz\/index.php?rest_route=%2Fwp%2Fv2%2Fcomments&post=1276"}],"version-history":[{"count":1,"href":"https:\/\/www.ladislavjakl.cz\/index.php?rest_route=\/wp\/v2\/posts\/1276\/revisions"}],"predecessor-version":[{"id":1277,"href":"https:\/\/www.ladislavjakl.cz\/index.php?rest_route=\/wp\/v2\/posts\/1276\/revisions\/1277"}],"wp:attachment":[{"href":"https:\/\/www.ladislavjakl.cz\/index.php?rest_route=%2Fwp%2Fv2%2Fmedia&parent=1276"}],"wp:term":[{"taxonomy":"category","embeddable":true,"href":"https:\/\/www.ladislavjakl.cz\/index.php?rest_route=%2Fwp%2Fv2%2Fcategories&post=1276"},{"taxonomy":"post_tag","embeddable":true,"href":"https:\/\/www.ladislavjakl.cz\/index.php?rest_route=%2Fwp%2Fv2%2Ftags&post=1276"}],"curies":[{"name":"wp","href":"https:\/\/api.w.org\/{rel}","templated":true}]}}