{"id":12761,"date":"2022-07-27T09:12:38","date_gmt":"2022-07-27T07:12:38","guid":{"rendered":"https:\/\/www.ladislavjakl.cz\/?p=12761"},"modified":"2022-07-27T09:13:33","modified_gmt":"2022-07-27T07:13:33","slug":"l-jakl-na-cnn-prima-news-straseni-verejnosti-je-zamerne-vydeseni-lide-se-daji-snaze-podojit","status":"publish","type":"post","link":"https:\/\/www.ladislavjakl.cz\/?p=12761","title":{"rendered":"L. Jakl na CNN Prima News:  Stra\u0161en\u00ed ve\u0159ejnosti je z\u00e1m\u011brn\u00e9, vyd\u011b\u0161en\u00ed lid\u00e9 se daj\u00ed sn\u00e1ze podojit"},"content":{"rendered":"<p>Video je uvnit\u0159 \u010dl\u00e1nku.&nbsp;<\/p>\n<p><!--more--><\/p>\n<p><a href=\"https:\/\/cnn.iprima.cz\/jakl-zmena-klimatu-musite-lidi-strasit-abyste-je-pak-mohli-podojit-expert-kroutil-hlavou-113442\">https:\/\/cnn.iprima.cz\/jakl-zmena-klimatu-musite-lidi-strasit-abyste-je-pak-mohli-podojit-expert-kroutil-hlavou-113442<\/a>&nbsp;<\/p>\n","protected":false},"excerpt":{"rendered":"<p>Video je uvnit\u0159 \u010dl\u00e1nku.&nbsp;<\/p>\n","protected":false},"author":1,"featured_media":0,"comment_status":"open","ping_status":"open","sticky":false,"template":"","format":"standard","meta":{"ngg_post_thumbnail":0,"footnotes":""},"categories":[12],"tags":[],"class_list":["post-12761","post","type-post","status-publish","format-standard","hentry","category-video"],"_links":{"self":[{"href":"https:\/\/www.ladislavjakl.cz\/index.php?rest_route=\/wp\/v2\/posts\/12761","targetHints":{"allow":["GET"]}}],"collection":[{"href":"https:\/\/www.ladislavjakl.cz\/index.php?rest_route=\/wp\/v2\/posts"}],"about":[{"href":"https:\/\/www.ladislavjakl.cz\/index.php?rest_route=\/wp\/v2\/types\/post"}],"author":[{"embeddable":true,"href":"https:\/\/www.ladislavjakl.cz\/index.php?rest_route=\/wp\/v2\/users\/1"}],"replies":[{"embeddable":true,"href":"https:\/\/www.ladislavjakl.cz\/index.php?rest_route=%2Fwp%2Fv2%2Fcomments&post=12761"}],"version-history":[{"count":1,"href":"https:\/\/www.ladislavjakl.cz\/index.php?rest_route=\/wp\/v2\/posts\/12761\/revisions"}],"predecessor-version":[{"id":12762,"href":"https:\/\/www.ladislavjakl.cz\/index.php?rest_route=\/wp\/v2\/posts\/12761\/revisions\/12762"}],"wp:attachment":[{"href":"https:\/\/www.ladislavjakl.cz\/index.php?rest_route=%2Fwp%2Fv2%2Fmedia&parent=12761"}],"wp:term":[{"taxonomy":"category","embeddable":true,"href":"https:\/\/www.ladislavjakl.cz\/index.php?rest_route=%2Fwp%2Fv2%2Fcategories&post=12761"},{"taxonomy":"post_tag","embeddable":true,"href":"https:\/\/www.ladislavjakl.cz\/index.php?rest_route=%2Fwp%2Fv2%2Ftags&post=12761"}],"curies":[{"name":"wp","href":"https:\/\/api.w.org\/{rel}","templated":true}]}}