{"id":12768,"date":"2022-08-08T11:15:40","date_gmt":"2022-08-08T09:15:40","guid":{"rendered":"https:\/\/www.ladislavjakl.cz\/?p=12768"},"modified":"2022-08-08T11:15:40","modified_gmt":"2022-08-08T09:15:40","slug":"nevidet-necist-odsoudit","status":"publish","type":"post","link":"https:\/\/www.ladislavjakl.cz\/?p=12768","title":{"rendered":"Nevid\u011bt, ne\u010d\u00edst, odsoudit"},"content":{"rendered":"<p>Levi\u010d\u00e1\u010dt\u00ed pokrok\u00e1\u0159i se v&nbsp;t\u011bchto dnech op\u011bt sesypali na ma\u010farsk\u00e9ho premi\u00e9ra Orb\u00e1na, \u017ee pr\u00fd je rasistou. I na\u0161e m\u00e9dia jsou plna rozho\u0159\u010den\u00e9ho nesouhlasu.<\/p>\n<p><!--more--><br \/>\nMo\u017en\u00e1 se v&nbsp;p\u0159\u00ed\u0161t\u00edch dnech do\u010dk\u00e1me na\u0161imi \u00fa\u0159ady podporovan\u00fdch demonstrac\u00ed lidu, petic z\u00e1vodn\u00edch kolektiv\u016f a plamenn\u00fdch ob\u017ealob v&nbsp;N\u00e1rodn\u00edm divadle. To v\u0161echno u\u017e tu bylo, nen\u00ed nutno vym\u00fd\u0161let nic nov\u00e9ho, novodob\u00ed svaz\u00e1ci sv\u00fdm spravedliv\u00fdm z\u00e1palem rozhodn\u011b ned\u011blaj\u00ed sv\u00fdm genera\u010dn\u00edm p\u0159edch\u016fdc\u016fm ostudu. T\u0159eba usly\u0161\u00edme i heslo \u201epsovi ps\u00ed smrt.\u201c<\/p>\n<p>Je\u0161t\u011b jedna podobnost tu je. Doty\u010dn\u00fd Orb\u00e1n\u016fv projev \u017e\u00e1dn\u00e9 \u010desk\u00e9 ofici\u00e1ln\u00ed m\u00e9dium nepublikovalo. Jen deformovan\u00e9 \u00fatr\u017eky, podobn\u00e9 sp\u00ed\u0161e karikatu\u0159e.&nbsp; P\u0159itom \u0161lo o velmi komplexn\u00ed vystoupen\u00ed o cel\u00e9 na\u0161\u00ed aktu\u00e1ln\u00ed evropsk\u00e9 realit\u011b ve v\u0161ech souvislostech, o kulturn\u00edch a hodnotov\u00fdch rizic\u00edch, mimo jin\u00e9 i o sebedestruk\u010dn\u00ed masov\u00e9 a organizovan\u00e9 migraci milion\u016f lid\u00ed z&nbsp;kon\u010din s&nbsp;naprosto odli\u0161n\u00fdmi kulturn\u00edmi tradicemi a o nebezpe\u010dn\u00e9 rezignaci na \u00fasil\u00ed h\u00e1jit a chr\u00e1nit poctiv\u00e9 tradi\u010dn\u00ed opory na\u0161eho norm\u00e1ln\u00edho sv\u011bta.<\/p>\n<p>Ale jako si anga\u017eovan\u00e1 ve\u0159ejnost p\u0159ed \u010dty\u0159iceti lety nem\u011bla mo\u017enost p\u0159e\u010d\u00edst dokumenty Charty 77, tak i nyn\u00ed nen\u00ed nutno zdr\u017eovat se n\u011bjak\u00fdmi podobnosti. Spr\u00e1vn\u00ed sek\u00e1\u010di se nezakecaj\u00ed. \u017de by si n\u011bkdo vzpomn\u011bl, jak je\u0161t\u011b v&nbsp;dob\u011b panov\u00e1n\u00ed komunistick\u00e9 moci u n\u00e1s p\u0159ijel mlad\u00fd Viktor Orb\u00e1n do Prahy a i za cenu sv\u00e9ho zat\u010den\u00ed p\u0159ednesl na V\u00e1clavsk\u00e9m n\u00e1m\u011bst\u00ed sv\u00e9 prohl\u00e1\u0161en\u00ed, po\u017eaduj\u00edc\u00ed n\u00e1vrat demokracie u n\u00e1s i v&nbsp;ostatn\u00edch zem\u00edch komunistick\u00e9ho bloku, to ani n\u00e1hodou. I tehdy bojoval za n\u00e1s a i tehdy jeho slova nesm\u011bla b\u00fdt u n\u00e1s \u0161\u00ed\u0159ena.<\/p>\n<p>Kousek chlapskosti zrovna dnes uk\u00e1zal alespo\u0148 rakousk\u00fd kancl\u00e9\u0159 Karl Nehammer, kdy\u017e se Orb\u00e1na zastal s t\u00edm, \u017ee Orb\u00e1n p\u0159ece h\u00e1j\u00ed stejn\u00e9 postoje jako jin\u00e9 zem\u011b EU a t\u0159eba i na v\u00e1lku na Ukrajin\u011b sd\u00edl\u00ed velmi podobn\u00fd pohled.<\/p>\n<p>Mysl\u00edte, \u017ee by se takto Orb\u00e1na zastal n\u00e1\u0161 premi\u00e9r Fiala, nebo v\u016fbec jak\u00fdkoli n\u00e1\u0161 vl\u00e1dn\u00ed politik? Sly\u0161\u00edte to ticho? Mo\u017en\u00e1 se na\u0161i politici ptaj\u00ed sv\u00fdch nad\u0159\u00edzen\u00fdch v&nbsp;Bruselu, jestli se to m\u016f\u017ee.<\/p>\n<p><em>Ladislav Jakl, 28. \u010dervence 2022<\/em><\/p>\n<p><a href=\"https:\/\/www.institutvk.cz\/clanky\/2028.html\">Zdroj<\/a><\/p>\n","protected":false},"excerpt":{"rendered":"<p>Levi\u010d\u00e1\u010dt\u00ed pokrok\u00e1\u0159i se v&nbsp;t\u011bchto dnech op\u011bt sesypali na ma\u010farsk\u00e9ho premi\u00e9ra Orb\u00e1na, \u017ee pr\u00fd je rasistou. I na\u0161e m\u00e9dia jsou plna rozho\u0159\u010den\u00e9ho nesouhlasu.<\/p>\n","protected":false},"author":1,"featured_media":0,"comment_status":"open","ping_status":"open","sticky":false,"template":"","format":"standard","meta":{"ngg_post_thumbnail":0,"footnotes":""},"categories":[1],"tags":[],"class_list":["post-12768","post","type-post","status-publish","format-standard","hentry","category-publikovane-clanky"],"_links":{"self":[{"href":"https:\/\/www.ladislavjakl.cz\/index.php?rest_route=\/wp\/v2\/posts\/12768","targetHints":{"allow":["GET"]}}],"collection":[{"href":"https:\/\/www.ladislavjakl.cz\/index.php?rest_route=\/wp\/v2\/posts"}],"about":[{"href":"https:\/\/www.ladislavjakl.cz\/index.php?rest_route=\/wp\/v2\/types\/post"}],"author":[{"embeddable":true,"href":"https:\/\/www.ladislavjakl.cz\/index.php?rest_route=\/wp\/v2\/users\/1"}],"replies":[{"embeddable":true,"href":"https:\/\/www.ladislavjakl.cz\/index.php?rest_route=%2Fwp%2Fv2%2Fcomments&post=12768"}],"version-history":[{"count":1,"href":"https:\/\/www.ladislavjakl.cz\/index.php?rest_route=\/wp\/v2\/posts\/12768\/revisions"}],"predecessor-version":[{"id":12769,"href":"https:\/\/www.ladislavjakl.cz\/index.php?rest_route=\/wp\/v2\/posts\/12768\/revisions\/12769"}],"wp:attachment":[{"href":"https:\/\/www.ladislavjakl.cz\/index.php?rest_route=%2Fwp%2Fv2%2Fmedia&parent=12768"}],"wp:term":[{"taxonomy":"category","embeddable":true,"href":"https:\/\/www.ladislavjakl.cz\/index.php?rest_route=%2Fwp%2Fv2%2Fcategories&post=12768"},{"taxonomy":"post_tag","embeddable":true,"href":"https:\/\/www.ladislavjakl.cz\/index.php?rest_route=%2Fwp%2Fv2%2Ftags&post=12768"}],"curies":[{"name":"wp","href":"https:\/\/api.w.org\/{rel}","templated":true}]}}