{"id":12770,"date":"2022-08-08T11:21:49","date_gmt":"2022-08-08T09:21:49","guid":{"rendered":"https:\/\/www.ladislavjakl.cz\/?p=12770"},"modified":"2022-08-08T11:21:49","modified_gmt":"2022-08-08T09:21:49","slug":"pamet-je-nas-andel-strazny","status":"publish","type":"post","link":"https:\/\/www.ladislavjakl.cz\/?p=12770","title":{"rendered":"Pam\u011b\u0165 je n\u00e1\u0161 and\u011bl str\u00e1\u017en\u00fd"},"content":{"rendered":"<p>V&nbsp;z\u00edtra m\u00e1me mal\u00e9 v\u00fdro\u010d\u00ed. T\u00fdk\u00e1 se sice ud\u00e1losti na \u00fazem\u00ed dne\u0161n\u00edho Slovenska, ale tehdy to bylo \u010ceskoslovensko a ud\u00e1lost se t\u00fdkala \u010cech\u016f i Slov\u00e1k\u016f.<\/p>\n<p><!--more--><\/p>\n<p>Je to pr\u00e1v\u011b rovn\u00fdch 75 let, kdy \u010deskoslovensk\u00e1 arm\u00e1da utrp\u011bla svou nejv\u011bt\u0161\u00ed por\u00e1\u017eku a\u017e do dne\u0161n\u00edch dob. Kdo si spo\u010d\u00edtal, \u017ee to bylo u\u017e dva roky po v\u00e1lce, po\u010d\u00edtal spr\u00e1vn\u011b. \u0160lo toti\u017e o bitvu \u010deskoslovensk\u00e9 jednotky proti Banderovc\u016fm, kte\u0159\u00ed se tehdy ve velk\u00fdch ozbrojen\u00fdch skupin\u00e1ch pohybovali zejm\u00e9na po \u00fazem\u00ed Slovenska a Moravy. Tenhle st\u0159et v N\u00edzk\u00fdch Tatr\u00e1ch, u Partyz\u00e1nsk\u00e9 Lup\u010di, byl ale nejv\u011bt\u0161\u00ed z mnoha podobn\u00fdch boj\u016f s Banderovci. Na\u0161e jednotky p\u0159i\u0161ly o \u0161est mu\u017e\u016f a dal\u0161\u00ed t\u0159i byli zajati. Ona ta banderovsk\u00e1 \u00faderka pod velen\u00edm zku\u0161en\u00e9ho veter\u00e1na Volodymyra \u0160\u010duhelsk\u00e9ho, zvan\u00e9ho Burlak, kter\u00fd za v\u00e1lky slou\u017eil v Ukrajinsk\u00fdch milic\u00edch a dohl\u00ed\u017eel na po\u0159\u00e1dek na N\u011bmci obsazen\u00e9m \u00fazem\u00ed, byla velmi po\u010detn\u00e1 a proti n\u00ed byla posl\u00e1na mal\u00e1 jednotka nezku\u0161en\u00fdch absolvent\u016f vojensk\u00fdch \u0161kol. Za cel\u00fdch 75 let od t\u00e9 doby \u010deskoslovensk\u00e1 ani \u010desk\u00e1 arm\u00e1da v \u017e\u00e1dn\u00e9m boji takov\u00e9 ztr\u00e1ty neutrp\u011bla.<\/p>\n<p>Nev\u00edm, jestli tam je dnes pomn\u00ed\u010dek. Nev\u00edm, jestli tam z\u00edtra pojede ukrajinsk\u00fd velvyslanec na Slovensku polo\u017eit kyti\u010dku na m\u00edsto, kde rukou ukrajinsk\u00fdch \u201ehrdin\u016f\u201c padli na\u0161i mlad\u00ed chlapci, nebo polo\u017eit v\u011bnec na pam\u00e1tku slavn\u00e9ho v\u00edt\u011bzstv\u00ed ukrajinsk\u00fdch bojovn\u00edk\u016f za svobodu. Jedno ale v\u00edm jist\u011b. V\u0161ichni kr\u00e1\u010d\u00edme po minov\u00e9m poli vzpom\u00ednek a k\u0159ivd. K\u0159ivdu nelze z\u00e1platovat dal\u0161\u00ed k\u0159ivdou.<\/p>\n<p>To jist\u011b v\u011bd\u011bla moje maminka ze sm\u00ed\u0161en\u00e9 polsko-ukrajinsk\u00e9 rodiny z \u00fazem\u00ed dotyku obou n\u00e1rod\u016f. Ta dob\u0159e v\u011bd\u011bla, co to je krevn\u00ed msta. V\u011bd\u011bla, \u017ee \u0159et\u011bz msty nelze ukon\u010dit odplatou, ale jen sm\u00ed\u0159en\u00edm. I sm\u00ed\u0159en\u00edm se se sebou samotn\u00fdm, se sv\u00fdmi vlastn\u00edmi pocity k\u0159ivdy a d\u00e9mony. Proto tak\u00e9 musela odtamtud odej\u00edt, proto jsem se taky nenarodil tam, kde d\u011bjiny n\u00e1sil\u00ed zdaleka neskon\u010dily.<\/p>\n<p>Dnes jsem \u0161el do pr\u00e1ce p\u0159es Kl\u00e1rov. Z&nbsp;Precl\u00edkova pomn\u00edku ob\u011btem v\u00e1lky si anglicky mluv\u00edc\u00ed skejta\u0159i ud\u011blali tobog\u00e1n. \u0158ekl jsem jim, \u017ee to nen\u00ed h\u0159i\u0161t\u011b ale pam\u00e1tka zabit\u00fdm, odpov\u011bd\u011bli \u201esorry\u201c, po\u010dkali minutu, a pokra\u010dovali ve sportu. O p\u00e1r krok\u016f d\u00e1l je pam\u00e1tn\u00edk \u010deskoslovensk\u00fdm letc\u016fm v&nbsp;RAF. Kolem se rekonstruuje park, tak\u017ee nyn\u00ed k&nbsp;pam\u00e1tn\u00edku nen\u00ed p\u0159\u00edstup. Ale fotili si ho ital\u0161t\u00ed turist\u00e9 s&nbsp;pr\u016fvodcem. O dal\u0161\u00edch p\u00e1r krok\u016f d\u00e1l jsou p\u016fl metru od sebe dva pomn\u00ed\u010dky. Jeden, s&nbsp;letopo\u010dtem 1968, je o\u010di\u0161t\u011bn\u00fd, upraven\u00fd a s&nbsp;kv\u011btinami, druh\u00fd s&nbsp;letopo\u010dtem 1945 je zakryt neproniknuteln\u00fdm hou\u0161t\u00edm a b\u0159e\u010d\u0165anem. Oba mo\u017en\u00e1 tak\u00e9 nesou ukrajinskou stopu, kdov\u00ed. O dal\u0161\u00edch p\u00e1r krok\u016f v\u00fd\u0161 je pam\u011btn\u00ed deska sov\u011btsk\u00e9mu tankistovi, padl\u00e9mu zde p\u0159i osvobozov\u00e1n\u00ed Prahy v&nbsp;roce 1945. Na ja\u0159e tam n\u011bkdo dal \u017elutomodrou stuhu, tak to byl mo\u017en\u00e1 Ukrajinec. Deska ale u\u017e nebyla vid\u011bt, zakryly ji rychle rostouc\u00ed n\u00e1letov\u00e9 ke\u0159e. Tak jsem je ul\u00e1mal.<\/p>\n<p>Pomn\u00ed\u010dky jsou od slova pam\u011b\u0165, pamatovat. Pam\u011b\u0165 si uchov\u00e1vejme. Kdo pam\u011b\u0165 ztrat\u00ed, pro\u017eije si v\u0161e znovu. A&nbsp;skon\u010d\u00ed je\u0161t\u011b h\u016f\u0159. Proto\u017ee zapomene, kudy vedou cesti\u010dky skrze to na\u0161e st\u0159edoevropsk\u00e9 minov\u00e9 pole. Plat\u00ed to pro \u010dlov\u011bka i pro n\u00e1rody.<br \/>\n<em><br \/>\nLadislav Jakl, 4. srpna 2022<\/em><\/p>\n<p><a href=\"https:\/\/www.institutvk.cz\/clanky\/2037.html\">Zdroj<\/a><\/p>\n","protected":false},"excerpt":{"rendered":"<p>V&nbsp;z\u00edtra m\u00e1me mal\u00e9 v\u00fdro\u010d\u00ed. T\u00fdk\u00e1 se sice ud\u00e1losti na \u00fazem\u00ed dne\u0161n\u00edho Slovenska, ale tehdy to bylo \u010ceskoslovensko a ud\u00e1lost se t\u00fdkala \u010cech\u016f i Slov\u00e1k\u016f.<\/p>\n","protected":false},"author":1,"featured_media":0,"comment_status":"open","ping_status":"open","sticky":false,"template":"","format":"standard","meta":{"ngg_post_thumbnail":0,"footnotes":""},"categories":[1],"tags":[],"class_list":["post-12770","post","type-post","status-publish","format-standard","hentry","category-publikovane-clanky"],"_links":{"self":[{"href":"https:\/\/www.ladislavjakl.cz\/index.php?rest_route=\/wp\/v2\/posts\/12770","targetHints":{"allow":["GET"]}}],"collection":[{"href":"https:\/\/www.ladislavjakl.cz\/index.php?rest_route=\/wp\/v2\/posts"}],"about":[{"href":"https:\/\/www.ladislavjakl.cz\/index.php?rest_route=\/wp\/v2\/types\/post"}],"author":[{"embeddable":true,"href":"https:\/\/www.ladislavjakl.cz\/index.php?rest_route=\/wp\/v2\/users\/1"}],"replies":[{"embeddable":true,"href":"https:\/\/www.ladislavjakl.cz\/index.php?rest_route=%2Fwp%2Fv2%2Fcomments&post=12770"}],"version-history":[{"count":1,"href":"https:\/\/www.ladislavjakl.cz\/index.php?rest_route=\/wp\/v2\/posts\/12770\/revisions"}],"predecessor-version":[{"id":12771,"href":"https:\/\/www.ladislavjakl.cz\/index.php?rest_route=\/wp\/v2\/posts\/12770\/revisions\/12771"}],"wp:attachment":[{"href":"https:\/\/www.ladislavjakl.cz\/index.php?rest_route=%2Fwp%2Fv2%2Fmedia&parent=12770"}],"wp:term":[{"taxonomy":"category","embeddable":true,"href":"https:\/\/www.ladislavjakl.cz\/index.php?rest_route=%2Fwp%2Fv2%2Fcategories&post=12770"},{"taxonomy":"post_tag","embeddable":true,"href":"https:\/\/www.ladislavjakl.cz\/index.php?rest_route=%2Fwp%2Fv2%2Ftags&post=12770"}],"curies":[{"name":"wp","href":"https:\/\/api.w.org\/{rel}","templated":true}]}}