{"id":1278,"date":"2011-09-20T14:06:04","date_gmt":"2011-09-20T13:06:04","guid":{"rendered":"http:\/\/www.ladislavjakl.cz\/?p=1278"},"modified":"2011-09-20T14:06:04","modified_gmt":"2011-09-20T13:06:04","slug":"jakl-se-sveril-s-klausem-se-hadame-ale-vykame-si","status":"publish","type":"post","link":"https:\/\/www.ladislavjakl.cz\/?p=1278","title":{"rendered":"Jakl se sv\u011b\u0159il: S Klausem se h\u00e1d\u00e1me, ale vyk\u00e1me si"},"content":{"rendered":"<p>\u0160\u00e9f politick\u00e9ho  odboru Kancel\u00e1\u0159e prezidenta Ladislav Jakl v rozhovoru pro den\u00edk Blesk  hodnot\u00ed skaln\u00ed kritiky Hradu. Podle n\u011bj jsou to oni, kdo je sp\u00ed\u0161e  netolerantn\u00ed. \u201eJsme sv\u011bdky pokusu oponenta on\u00e1lepkovat a tou n\u00e1lepkou ho  vy\u0159adit ze spole\u010densk\u00e9 debaty,\u201c poznamenal k tomu Jakl.<\/p>\n<p><!--more--><\/p>\n<p>Prezident\u016fv mu\u017e Ladislav Jakl je p\u0159esv\u011bd\u010den o tom,  \u017ee s\u00a0t\u00edm, kdo se na n\u011bkter\u00e9 v\u011bci d\u00edv\u00e1 jinak, nekompromisn\u011b a v\u00a0n\u011b\u010dem  t\u0159eba postaru, se lidi rozhodnou nepolemizovat a prost\u011b ho vyhnat na  okraj slu\u0161n\u00e9 spole\u010dnosti. A to je podle n\u011bj nef\u00e9r.<\/p>\n<p>\u201eJ\u00e1 to vid\u00edm jako projev chudoby argument\u016f,&#8220; tvrd\u00ed k tomu Jakl pro  bulv\u00e1rn\u00ed den\u00edk. \u201eJsme sv\u011bdky pokusu oponenta on\u00e1lepkovat a tou n\u00e1lepkou  ho vy\u0159adit ze spole\u010densk\u00e9 debaty,&#8220; poznamenal d\u00e1le k ur\u010dit\u00e9mu nov\u00e9mu  stylu politick\u00e9ho boje.<\/p>\n<p>Ot\u00e1zku Blesku k tomu, zda si nyn\u00ed V\u00e1clav Klaus netestuje p\u016fdu pro vznik  nov\u00e9 strany, Jakl pak vysv\u011btlil t\u00edm, \u017ee tyto \u201edivok\u00e9&#8220; \u00favahy zn\u00e1 jen  z\u00a0novin a od r\u016fzn\u00fdch politick\u00fdch st\u0159elc\u016f.<\/p>\n<p>\u201eV t\u011bchto m\u00edstnostech jsem ale nikdy takov\u00e9 \u00favahy nesly\u0161el. Od nikoho  z\u00a0n\u00e1s, ani od prezidenta. Soudit podle toho, \u017ee n\u00e1m n\u011bkdo nad\u00e1v\u00e1, a  odvozovat z\u00a0toho na\u0161e pl\u00e1ny je nesmysl. Sp\u00ed\u0161 to sv\u011bd\u010d\u00ed o tom, co chce  d\u011blat ten, kdo nad\u00e1v\u00e1,&#8220; odv\u011btil na to.<\/p>\n<p><strong>Budu \u010dekat, kam zase budu dokut\u00e1len<\/strong><\/p>\n<p>A\u017e ale Klaus skon\u010d\u00ed ve sv\u00e9 funkci, tak pr\u00fd Jakl nem\u00e1 dosud rozmy\u0161leno,  kam p\u016fjde. \u201eJ\u00e1 jsem v\u017edycky \u0159\u00edkal, psal a myslel si v\u011bci, kter\u00e9 pova\u017euji  za spr\u00e1vn\u00e9. A ono m\u011b to v\u017edycky n\u011bkam dokut\u00e1lelo &#8211; \u010dasto i k\u00a0m\u00e9mu  p\u0159ekvapen\u00ed. J\u00e1 to tak budu d\u011blat i nad\u00e1le a budu \u010dekat, kam zase budu  dokut\u00e1len.&#8220; Um\u00ed si v\u0161ak p\u0159edstavit, \u017ee by v\u00a0budoucnu p\u016fsobil mimo  politiku a t\u0159eba se v\u011bnoval muzice nebo pivu.<\/p>\n<p>Na Klausovi ale oce\u0148uje jednu vlastnost, kterou z\u0159ejm\u011b m\u00e1 i on &#8211; \u017ee mu  ned\u011bl\u00e1 probl\u00e9m se s\u00a0n\u011bk\u00fdm v\u011bcn\u011b poh\u00e1dat. A to pr\u00fd hodn\u011b. \u201eAle kdy\u017e se  oto\u010d\u00ed list, tak ten v\u011bcn\u00fd probl\u00e9m nesm\u00ed zas\u00e1hnout ten vztah. Za\u010d\u00edn\u00e1 se  z\u00a0nuly, nezat\u00ed\u017een\u011b t\u00edm p\u0159edchoz\u00edm sporem,&#8220; \u0159ekl k\u00a0tomu Jakl.<\/p>\n<p>O \u010dem se tak ale s Klausem nej\u010dast\u011bji\u00a0h\u00e1d\u00e1? \u201eNevedu si katalog. Jsou to  v\u011bci, kter\u00e9 jsou projevem sice bl\u00edzkosti, ale ne toto\u017enosti na\u0161eho  ch\u00e1p\u00e1n\u00ed sv\u011bta. Daleko \u010dast\u011bji jde ale o v\u011bci, kter\u00e9 se t\u00fdkaj\u00ed p\u0159ijet\u00ed  spr\u00e1vn\u00e9 taktiky ve spr\u00e1vnou chv\u00edli, a na to je p\u0159ece mo\u017en\u00e9 m\u00edt spoustu  r\u016fzn\u00fdch n\u00e1zor\u016f,&#8220; vysv\u011btlil.<\/p>\n<p><strong>Nejsme povrchn\u011b familizuj\u00edc\u00ed typy<\/strong><\/p>\n<p>I po \u010dtrn\u00e1cti letech spolupr\u00e1ce si ale s Klausem vyk\u00e1. \u201eAni prezident,  ani j\u00e1 nejsme takov\u00e9 ty povrchn\u011b familizuj\u00edc\u00ed typy. Tak\u017ee ano, vyk\u00e1me  si. J\u00e1 si vyk\u00e1m se spoustou lid\u00ed, s\u00a0kterou t\u0159eba i chod\u00edm do hospody.  Pro m\u011b p\u0159\u00edli\u0161 rychl\u00e1 famili\u00e1rnost je znakem trochu ni\u017e\u0161\u00ed \u00facty ke vztahu  s\u00a0t\u00edm \u010dlov\u011bkem,&#8220; sv\u011b\u0159il se.<\/p>\n<p>Jinak pr\u00fd s\u00a0Klausem vych\u00e1z\u00ed lidsky dob\u0159e. \u201eZ\u00e1kladem toho je, \u017ee v\u011b\u0159\u00edme  podobn\u00fdm v\u011bcem a d\u00edv\u00e1me se na n\u011b podobn\u00fdm zp\u016fsobem,&#8220; \u0159ekl s\u00a0t\u00edm, \u017ee je  ale tady nutn\u00e1 ur\u010dit\u00e1 seri\u00f3znost v\u00a0denn\u00edm provozu a nen\u00ed nutn\u00e1  nadstandardn\u00ed bl\u00edzkost a rodinn\u00e9 p\u0159\u00e1telstv\u00ed. \u201ePan prezident je v\u011bd\u011bc a  sportovec, j\u00e1 jsem antiv\u011bdec a antisportovec. Tak\u017ee jeho hlavn\u00ed zp\u016fsoby  pro\u017e\u00edv\u00e1n\u00ed jsou pro m\u011b \u00fapln\u011b mar\u0165ansk\u00e1 z\u00e1le\u017eitost.&#8220;<\/p>\n<p><strong>H\u00e1jek se neboj\u00ed \u0159\u00edkat v\u011bci, kter\u00e9 si mysl\u00ed<\/strong><\/p>\n<p>Jakl se v\u00a0rozhovoru zastal i kolegy, vicekancl\u00e9\u0159e Petra H\u00e1jka. \u201eJ\u00e1 si  mysl\u00edm, \u017ee to je \u010dlov\u011bk, kter\u00fd je velmi vzd\u011blan\u00fd, velmi p\u0159em\u00fd\u0161liv\u00fd a  neboj\u00ed se \u0159\u00edkat v\u011bci, kter\u00e9 si mysl\u00ed. V\u0161iml jsem si, \u017ee lidem jako je on  nebo j\u00e1, se vy\u010d\u00edtaj\u00ed dva smrteln\u00e9 h\u0159\u00edchy &#8211; prvn\u00ed je, \u017ee souhlas\u00edme  s\u00a0Klausem, a druh\u00fd, \u017ee nesouhlas\u00edme s\u00a0Klausem. Jednu v\u011bc m\u00e1me s\u00a0Petrem  H\u00e1jkem spole\u010dnou &#8211; n\u011bjak nem\u00e1me zapot\u0159eb\u00ed \u0159\u00edkat v\u011bci, kter\u00e9 \u0159\u00edkaj\u00ed  v\u0161ichni ostatn\u00ed. To je \u0161koda pr\u00e1ce,&#8220; poznamenal.<\/p>\n<p><a href=\"http:\/\/www.parlamentnilisty.cz\/zpravy\/208200.aspx\" target=\"_blank\">Zdroj<\/a><\/p>\n","protected":false},"excerpt":{"rendered":"<p>\u0160\u00e9f politick\u00e9ho odboru Kancel\u00e1\u0159e prezidenta Ladislav Jakl v rozhovoru pro den\u00edk Blesk hodnot\u00ed skaln\u00ed kritiky Hradu. Podle n\u011bj jsou to oni, kdo je sp\u00ed\u0161e netolerantn\u00ed. \u201eJsme sv\u011bdky pokusu oponenta on\u00e1lepkovat a tou n\u00e1lepkou ho vy\u0159adit ze spole\u010densk\u00e9 debaty,\u201c poznamenal k tomu Jakl.<\/p>\n","protected":false},"author":1,"featured_media":0,"comment_status":"open","ping_status":"open","sticky":false,"template":"","format":"standard","meta":{"ngg_post_thumbnail":0,"footnotes":""},"categories":[11],"tags":[],"class_list":["post-1278","post","type-post","status-publish","format-standard","hentry","category-ozvena"],"_links":{"self":[{"href":"https:\/\/www.ladislavjakl.cz\/index.php?rest_route=\/wp\/v2\/posts\/1278","targetHints":{"allow":["GET"]}}],"collection":[{"href":"https:\/\/www.ladislavjakl.cz\/index.php?rest_route=\/wp\/v2\/posts"}],"about":[{"href":"https:\/\/www.ladislavjakl.cz\/index.php?rest_route=\/wp\/v2\/types\/post"}],"author":[{"embeddable":true,"href":"https:\/\/www.ladislavjakl.cz\/index.php?rest_route=\/wp\/v2\/users\/1"}],"replies":[{"embeddable":true,"href":"https:\/\/www.ladislavjakl.cz\/index.php?rest_route=%2Fwp%2Fv2%2Fcomments&post=1278"}],"version-history":[{"count":1,"href":"https:\/\/www.ladislavjakl.cz\/index.php?rest_route=\/wp\/v2\/posts\/1278\/revisions"}],"predecessor-version":[{"id":1279,"href":"https:\/\/www.ladislavjakl.cz\/index.php?rest_route=\/wp\/v2\/posts\/1278\/revisions\/1279"}],"wp:attachment":[{"href":"https:\/\/www.ladislavjakl.cz\/index.php?rest_route=%2Fwp%2Fv2%2Fmedia&parent=1278"}],"wp:term":[{"taxonomy":"category","embeddable":true,"href":"https:\/\/www.ladislavjakl.cz\/index.php?rest_route=%2Fwp%2Fv2%2Fcategories&post=1278"},{"taxonomy":"post_tag","embeddable":true,"href":"https:\/\/www.ladislavjakl.cz\/index.php?rest_route=%2Fwp%2Fv2%2Ftags&post=1278"}],"curies":[{"name":"wp","href":"https:\/\/api.w.org\/{rel}","templated":true}]}}