{"id":1280,"date":"2011-09-20T14:08:18","date_gmt":"2011-09-20T13:08:18","guid":{"rendered":"http:\/\/www.ladislavjakl.cz\/?p=1280"},"modified":"2011-09-20T14:08:18","modified_gmt":"2011-09-20T13:08:18","slug":"klausuv-tajemnik-jakl-kvuli-hospode-nejezdim-na-dovolenou","status":"publish","type":"post","link":"https:\/\/www.ladislavjakl.cz\/?p=1280","title":{"rendered":"Klaus\u016fv tajemn\u00edk Jakl: Kv\u016fli hospod\u011b nejezd\u00edm na dovolenou!"},"content":{"rendered":"<p>Bigbeat, pivo a pravideln\u00e9 n\u00e1v\u0161t\u011bvy jedn\u00e9 pra\u017esk\u00e9 hospody \u2013 to jsou   netradi\u010dn\u00ed z\u00e1liby \u010dlena \u00bbhradn\u00ed party\u00ab. Tajemn\u00edk prezidenta Ladislav   Jakl (51) se zvl\u00e1d\u00e1 v\u0161em t\u0159em v\u011bnovat naplno. Ta t\u0159et\u00ed jmenovan\u00e1 hrani\u010d\u00ed   t\u00e9m\u011b\u0159 s posedlost\u00ed. \u201eDo hospody Magister Kelley chod\u00edm ka\u017ed\u00fd \u010dtvrtek.   Nem\u016f\u017eu kv\u016fli tomu jezdit ani na dovolen\u00e9,\u201c sv\u011b\u0159il se Blesku  Jakl.  Tento \u010dtvrtek to bylo p\u0159esn\u011b dvacet let, co za\u010dal evidovat  v\u0161echny,  kte\u0159\u00ed v kter\u00fdkoliv \u010dtvrtek do hosp\u016fdky zav\u00edtali. A my byli u  toho!<\/p>\n<p><!--more--><\/p>\n<p>Jakl se ve spole\u010dnosti asi patn\u00e1cti p\u0159\u00e1tel postavil na lavici a za\u010dal  sv\u016fj proslov. \u201eJe to p\u0159esn\u011b 20 let, co v\u00e1s otravuju s t\u011bmi sv\u00fdmi  tabulkami. Na oslavu v\u00e1m rozd\u00e1m pam\u011btn\u00ed listy s va\u0161\u00ed \u00fa\u010dast\u00ed tady u  Kelleyho. Nen\u00ed to nic moc, polep\u0161ete se,\u201c zakon\u010dil s \u00fasm\u011bvem Jakl a  chopil se sv\u00e9ho p\u016fllitru.<\/p>\n<p>On s\u00e1m p\u0159ed m\u011bs\u00edcem oslavil sv\u016fj tis\u00edc\u00ed \u010dtvrtek. \u201eMysl\u00edm ten  evidovan\u00fd, jinak by jich bylo daleko v\u00edc,\u201c up\u0159esnil. S Jaklov\u00fdmi \u010dtvrtky  je obezn\u00e1men i V\u00e1clav Klaus. S\u00e1m byl u Kelleyho v minulosti n\u011bkolikr\u00e1t.  Prosl\u00fdch\u00e1 se dokonce, \u017ee porady na Hrad\u011b se pl\u00e1nuj\u00ed tak, aby Jaklova  tradice nebyla naru\u0161ena.<\/p>\n<h3>Za \u00fatratu by u\u017e m\u011bl auto<\/h3>\n<p>A jak v\u016fbec tahle jeho v\u00e1\u0161e\u0148 vznikla? \u201eKdysi jsem tady potkal sv\u00fdho  kamar\u00e1da a ptal jsem se, co tu d\u011bl\u00e1. A on \u0159\u00edk\u00e1: J\u00e1 sem chod\u00edm ka\u017edej  \u010dtvrtek. J\u00e1 jsem \u010dlov\u011bk, kterej stra\u0161n\u011b r\u00e1d podporuje ciz\u00ed iniciativu,  tak jsem odpov\u011bd\u011bl: V\u00ed\u0161 co, tak j\u00e1 sem budu chodit taky ka\u017edej \u010dtvrtek!  On u\u017e tady pak nikdy nebyl. J\u00e1 si z toho ale ud\u011blal ten pevnej bod ve  vesm\u00edru,\u201c popsal prezident\u016fv tajemn\u00edk. Byly pr\u00fd \u010dtvrtky, kdy sed\u011bl v  hospod\u011b \u00fapln\u011b s\u00e1m a z\u00edral do zdi. \u010casem se ale jeho zn\u00e1m\u00ed nau\u010dili, \u017ee ho  tam v\u017edycky najdou. A kolik za ta l\u00e9ta v hospod\u011b utratil? Pr\u00fd si  takovou evidenci nevede a odpov\u00edd\u00e1 s \u00fasm\u011bvem: \u201eNo, okt\u00e1vka by u\u017e za to  asi byla, ale j\u00e1 jsem tam cel\u00e1 l\u00e9ta nechodil jen ve \u010dtvrtek.\u201c<\/p>\n<p>O zastr\u010den\u00e9m podniku v pra\u017esk\u00fdch Nusl\u00edch se sv\u00e9ho \u010dasu \u0161eptalo, \u017ee se  v n\u011bm \u00bbpe\u010de\u00ab politika. To ale Jakl vyvrac\u00ed: \u201eTy moje \u010dtvrtky jsou  op\u0159edeny mnoha r\u016fzn\u00fdmi m\u00fdty a nesmysly.\u201c Jak je to doopravdy, t\u011b\u017eko  \u0159\u00edct. Nicm\u00e9n\u011b jist\u00e9 je, \u017ee krom\u011b Jakla b\u00fdvali u Kelleyho vid\u011bt t\u0159eba  poradce nyn\u011bj\u0161\u00edho premi\u00e9ra Petra Ne\u010dase Ji\u0159\u00ed Sezemsk\u00fd, n\u011bkdej\u0161\u00ed \u0161\u00e9fka  Unie svobody Hana Marvanov\u00e1, p\u0159edseda ministrany \u010cesk\u00e1 pravice Michal  Simkani\u010d a dal\u0161\u00ed.<\/p>\n<p>Partnerka Radka s touto podivnou tradic\u00ed pr\u00fd probl\u00e9m nem\u00e1. \u201eOb\u010das sem  zajde se mnou. Ale \u017eensk\u00fd toho alkoholu tolik nevydr\u017e\u00ed, zn\u00e1te to,\u201c  usm\u00edval se. P\u0159izn\u00e1v\u00e1, \u017ee to n\u011bkomu m\u016f\u017ee p\u0159ipadat zvl\u00e1\u0161tn\u00ed, rozhodn\u011b na  tom ale nehodl\u00e1 nic m\u011bnit. \u201eUzn\u00e1v\u00e1m, \u017ee je to takov\u00e1 \u00fachylka, ka\u017edej m\u00e1  n\u011bjakou,\u201c pokr\u010dil Jakl rameny a \u0161el d\u00e1l bavit sv\u00e9 \u00bb\u010dtvrte\u010dn\u00ed\u00ab p\u0159\u00e1tele.<\/p>\n<p><a href=\"http:\/\/www.blesk.cz\/clanek\/zpravy-politika\/159418\/klausuv-tajemnik-jakl-kvuli-hospode-nejezdim-na-dovolenou.html\" target=\"_blank\">Zdroj<\/a><\/p>\n","protected":false},"excerpt":{"rendered":"<p>Bigbeat, pivo a pravideln\u00e9 n\u00e1v\u0161t\u011bvy jedn\u00e9 pra\u017esk\u00e9 hospody \u2013 to jsou netradi\u010dn\u00ed z\u00e1liby \u010dlena \u00bbhradn\u00ed party\u00ab. Tajemn\u00edk prezidenta Ladislav Jakl (51) se zvl\u00e1d\u00e1 v\u0161em t\u0159em v\u011bnovat naplno. Ta t\u0159et\u00ed jmenovan\u00e1 hrani\u010d\u00ed t\u00e9m\u011b\u0159 s posedlost\u00ed. \u201eDo hospody Magister Kelley chod\u00edm ka\u017ed\u00fd \u010dtvrtek. Nem\u016f\u017eu kv\u016fli tomu jezdit ani na dovolen\u00e9,\u201c sv\u011b\u0159il se Blesku Jakl. Tento \u010dtvrtek to [&hellip;]<\/p>\n","protected":false},"author":1,"featured_media":0,"comment_status":"open","ping_status":"open","sticky":false,"template":"","format":"standard","meta":{"ngg_post_thumbnail":0,"footnotes":""},"categories":[13],"tags":[],"class_list":["post-1280","post","type-post","status-publish","format-standard","hentry","category-rozhovory"],"_links":{"self":[{"href":"https:\/\/www.ladislavjakl.cz\/index.php?rest_route=\/wp\/v2\/posts\/1280","targetHints":{"allow":["GET"]}}],"collection":[{"href":"https:\/\/www.ladislavjakl.cz\/index.php?rest_route=\/wp\/v2\/posts"}],"about":[{"href":"https:\/\/www.ladislavjakl.cz\/index.php?rest_route=\/wp\/v2\/types\/post"}],"author":[{"embeddable":true,"href":"https:\/\/www.ladislavjakl.cz\/index.php?rest_route=\/wp\/v2\/users\/1"}],"replies":[{"embeddable":true,"href":"https:\/\/www.ladislavjakl.cz\/index.php?rest_route=%2Fwp%2Fv2%2Fcomments&post=1280"}],"version-history":[{"count":1,"href":"https:\/\/www.ladislavjakl.cz\/index.php?rest_route=\/wp\/v2\/posts\/1280\/revisions"}],"predecessor-version":[{"id":1281,"href":"https:\/\/www.ladislavjakl.cz\/index.php?rest_route=\/wp\/v2\/posts\/1280\/revisions\/1281"}],"wp:attachment":[{"href":"https:\/\/www.ladislavjakl.cz\/index.php?rest_route=%2Fwp%2Fv2%2Fmedia&parent=1280"}],"wp:term":[{"taxonomy":"category","embeddable":true,"href":"https:\/\/www.ladislavjakl.cz\/index.php?rest_route=%2Fwp%2Fv2%2Fcategories&post=1280"},{"taxonomy":"post_tag","embeddable":true,"href":"https:\/\/www.ladislavjakl.cz\/index.php?rest_route=%2Fwp%2Fv2%2Ftags&post=1280"}],"curies":[{"name":"wp","href":"https:\/\/api.w.org\/{rel}","templated":true}]}}