{"id":1282,"date":"2011-09-20T14:09:35","date_gmt":"2011-09-20T13:09:35","guid":{"rendered":"http:\/\/www.ladislavjakl.cz\/?p=1282"},"modified":"2011-09-20T14:09:35","modified_gmt":"2011-09-20T13:09:35","slug":"z-hospody-jsem-si-udelal-pevny-bod-ve-vesmiru-rekl-jakl-bulvaru","status":"publish","type":"post","link":"https:\/\/www.ladislavjakl.cz\/?p=1282","title":{"rendered":"Z hospody jsem si ud\u011blal pevn\u00fd bod ve vesm\u00edru, \u0159ekl Jakl bulv\u00e1ru"},"content":{"rendered":"<p>Tajemn\u00edk prezidenta  Ladislav Jakl si pohovo\u0159il s nej\u010dten\u011bj\u0161\u00edm \u010desk\u00fdm den\u00edkem na t\u00e9ma jeho  obl\u00edben\u00e9 hospody. Byl v n\u00ed pr\u00fd u\u017e v\u00edc ne\u017e tis\u00edckr\u00e1t, alespo\u0148 podle  ofici\u00e1ln\u00ed evidence. Pr\u00fd kv\u016fli tomu ani nem\u016f\u017ee jet na dovolenou.<\/p>\n<p><!--more--><\/p>\n<p>Tajemn\u00edk prezidenta Ladislav Jakl pozval den\u00edk Blesk  na oslavu do sv\u00e9 obl\u00edben\u00e9 hospody Magister Kelley. Rozd\u00e1val zde pam\u011btn\u00ed  listy sv\u00fdm p\u0159\u00e1tel\u016fm. \u201eJe to p\u0159esn\u011b 20 let, co v\u00e1s otravuju s t\u011bmi sv\u00fdmi  tabulkami. Na oslavu v\u00e1m rozd\u00e1m pam\u011btn\u00ed listy s va\u0161\u00ed \u00fa\u010dast\u00ed tady u  Kelleyho. Nen\u00ed to nic moc, polep\u0161ete se,&#8220; usm\u00edval se pr\u00fd b\u011bhem sv\u00e9ho  proslovu.<\/p>\n<p>S\u00e1m Jakl p\u0159ed m\u011bs\u00edcem oslavoval sv\u016fj tis\u00edc\u00ed evidovan\u00fd \u010dtvrtek v\u00a0hospod\u011b.  Chod\u00ed sem toti\u017e pravideln\u011b ka\u017ed\u00fd t\u00fdden a podle bulv\u00e1ru o jeho ve\u010derech  v\u00ed i V\u00e1clav Klaus a posouv\u00e1 kv\u016fli nim porady tak, aby Jaklova tradice  nebyla naru\u0161ena.<\/p>\n<p>\u201eKdysi jsem tady potkal sv\u00fdho kamar\u00e1da a ptal jsem se, co tu d\u011bl\u00e1. A on  \u0159\u00edk\u00e1: J\u00e1 sem chod\u00edm ka\u017edej \u010dtvrtek. J\u00e1 jsem \u010dlov\u011bk, kterej stra\u0161n\u011b r\u00e1d  podporuje ciz\u00ed iniciativu, tak jsem odpov\u011bd\u011bl: V\u00ed\u0161 co, tak j\u00e1 sem budu  chodit taky ka\u017edej \u010dtvrtek! On u\u017e tady pak nikdy nebyl. J\u00e1 si z toho ale  ud\u011blal ten pevnej bod ve vesm\u00edru,&#8220; vysv\u011btluje Jakl, jak se ke sv\u00fdm  pravideln\u00fdm n\u00e1v\u0161t\u011bv\u00e1m dostal.<\/p>\n<p>D\u0159\u00edve pr\u00fd ve sv\u00e9 hospod\u011b sed\u00e1val s\u00e1m a d\u00edval se do zdi. Pot\u00e9 tam za\u010dali  chodit jeho zn\u00e1m\u00ed. Odm\u00edt\u00e1 v\u0161ak, \u017ee by se zde \u201epekla politika&#8220;. \u201eTy moje  \u010dtvrtky jsou op\u0159edeny mnoha r\u016fzn\u00fdmi m\u00fdty a nesmysly,&#8220; vyvrac\u00ed n\u011bkter\u00e9  teorie. Den\u00edk v\u0161ak zmi\u0148uje, \u017ee sem d\u0159\u00edve zav\u00edtali i poradce premi\u00e9ra  Ji\u0159\u00ed Sezemsk\u00fd \u010di b\u00fdval\u00e1 \u0161\u00e9fka Unie svobody Hana Marvanov\u00e1.<\/p>\n<p><a href=\"http:\/\/www.parlamentnilisty.cz\/arena\/monitor\/208590.aspx\" target=\"_blank\">Zdroj<\/a><\/p>\n","protected":false},"excerpt":{"rendered":"<p>Tajemn\u00edk prezidenta Ladislav Jakl si pohovo\u0159il s nej\u010dten\u011bj\u0161\u00edm \u010desk\u00fdm den\u00edkem na t\u00e9ma jeho obl\u00edben\u00e9 hospody. Byl v n\u00ed pr\u00fd u\u017e v\u00edc ne\u017e tis\u00edckr\u00e1t, alespo\u0148 podle ofici\u00e1ln\u00ed evidence. Pr\u00fd kv\u016fli tomu ani nem\u016f\u017ee jet na dovolenou.<\/p>\n","protected":false},"author":1,"featured_media":0,"comment_status":"open","ping_status":"open","sticky":false,"template":"","format":"standard","meta":{"ngg_post_thumbnail":0,"footnotes":""},"categories":[11],"tags":[],"class_list":["post-1282","post","type-post","status-publish","format-standard","hentry","category-ozvena"],"_links":{"self":[{"href":"https:\/\/www.ladislavjakl.cz\/index.php?rest_route=\/wp\/v2\/posts\/1282","targetHints":{"allow":["GET"]}}],"collection":[{"href":"https:\/\/www.ladislavjakl.cz\/index.php?rest_route=\/wp\/v2\/posts"}],"about":[{"href":"https:\/\/www.ladislavjakl.cz\/index.php?rest_route=\/wp\/v2\/types\/post"}],"author":[{"embeddable":true,"href":"https:\/\/www.ladislavjakl.cz\/index.php?rest_route=\/wp\/v2\/users\/1"}],"replies":[{"embeddable":true,"href":"https:\/\/www.ladislavjakl.cz\/index.php?rest_route=%2Fwp%2Fv2%2Fcomments&post=1282"}],"version-history":[{"count":1,"href":"https:\/\/www.ladislavjakl.cz\/index.php?rest_route=\/wp\/v2\/posts\/1282\/revisions"}],"predecessor-version":[{"id":1283,"href":"https:\/\/www.ladislavjakl.cz\/index.php?rest_route=\/wp\/v2\/posts\/1282\/revisions\/1283"}],"wp:attachment":[{"href":"https:\/\/www.ladislavjakl.cz\/index.php?rest_route=%2Fwp%2Fv2%2Fmedia&parent=1282"}],"wp:term":[{"taxonomy":"category","embeddable":true,"href":"https:\/\/www.ladislavjakl.cz\/index.php?rest_route=%2Fwp%2Fv2%2Fcategories&post=1282"},{"taxonomy":"post_tag","embeddable":true,"href":"https:\/\/www.ladislavjakl.cz\/index.php?rest_route=%2Fwp%2Fv2%2Ftags&post=1282"}],"curies":[{"name":"wp","href":"https:\/\/api.w.org\/{rel}","templated":true}]}}