{"id":12831,"date":"2022-08-19T11:36:36","date_gmt":"2022-08-19T09:36:36","guid":{"rendered":"https:\/\/www.ladislavjakl.cz\/?p=12831"},"modified":"2022-08-19T11:36:36","modified_gmt":"2022-08-19T09:36:36","slug":"za-kralem-prahy-do-pivovaru-moucha","status":"publish","type":"post","link":"https:\/\/www.ladislavjakl.cz\/?p=12831","title":{"rendered":"Za Kr\u00e1lem Prahy do pivovaru Moucha"},"content":{"rendered":"<p>S&nbsp;trestuhodn\u00fdm zpo\u017ed\u011bn\u00edm prob\u011bhla a\u017e letos v&nbsp;\u00fanoru sout\u011b\u017e o Kr\u00e1le Prahy 2021. A se stejn\u011b trestuhodn\u00fdm zpo\u017ed\u011bn\u00edm nav\u0161t\u00edvila hojn\u00e1 delegace Prvn\u00ed pivn\u00ed extraligy v\u00edt\u011bzn\u00fd pivovar Moucha v&nbsp;Bran\u00edku, aby p\u0159edala z\u00e1stupc\u016fm pivovaru diplom a ochutnala jeho st\u00e1vaj\u00edc\u00ed produkci.<\/p>\n<p><!--more--><\/p>\n<p>No a s&nbsp;naprosto neodpustiteln\u00fdm zpo\u017ed\u011bn\u00edm p\u00ed\u0161u zpr\u00e1vu z&nbsp;t\u00e9to n\u00e1v\u0161t\u011bvy. Prost\u011b covid n\u00e1s asi uvrhl do letargie a tak na n\u011bkter\u00e9 term\u00edny rezignujeme. Nicm\u00e9n\u011b dost bylo popela na na\u0161e hlavy, slibuju, \u017ee se letos polep\u0161\u00edme.<\/p>\n<p>Teprve 25. 7. 2022 jsme se tedy se\u0161li v n\u00e1dra\u017en\u00ed restauraci v Bran\u00edku, abychom se vydali do pivovaru. \u00da\u010dast byla hojn\u00e1 \u2013 prezident PPE L\u00e1\u010fa Jakl, Viceprezident PPE a prezident Aliance PIV Jirka Bej\u010dek Stehl\u00ed\u010dek, prost\u00fd pijan a n\u00e1kup\u010d\u00ed Had\u017ei, spolumajitel pivovaru Trilobit sl\u00e1dek Petr Buri\u00e1nek, David Hlu\u0161t\u00edk a j\u00e1. Za\u010dali jsme samoz\u0159ejm\u011b jedn\u00edm lahodn\u00fdm Bran\u00edkem, abychom si p\u0159ipomn\u011bli genia loci a aby se n\u00e1m v tom horku l\u00e9pe kr\u00e1\u010delo. Tak jsme \u0161li a bylo n\u00e1s \u0161est.<\/p>\n<p>Pivovar Moucha v&nbsp;Bran\u00edku vznikl p\u0159ed \u0161esti lety, jako spole\u010dn\u00fd projekt Petra Mouchy, kter\u00fd prop\u016fj\u010dil pivovaru sv\u00e9 jm\u00e9no, a kreativn\u00ed mlad\u00e9 sl\u00e1dkov\u00e9 Daniely Tallov\u00e9. D\u00edky jej\u00ed fantazii a samoz\u0159ejm\u011b i kvalit\u011b pr\u00e1ce si brzy na\u0161el sv\u00e9 m\u00edsto na pivn\u00ed map\u011b Prahy a ji\u017e v&nbsp;prvn\u00edm ro\u010dn\u00edku Kr\u00e1le Prahy se um\u00edstil ve fin\u00e1le. D\u016fstojn\u011b tak nav\u00e1zal na skv\u011blou pivovarskou tradici tohoto m\u00edsta. Pozd\u011bj\u0161\u00edm anga\u017eov\u00e1n\u00edm emeritn\u00edho pana \u201estar\u00e9ho\u201c pivovaru Bran\u00edk Honzy Kosa nav\u00edc zavr\u0161il ide\u00e1ln\u00ed kombinaci kreativity erudovan\u00e9 sl\u00e1dkov\u00e9 a zku\u0161en\u00e9ho praktika.<\/p>\n<p>Piva z&nbsp;pivovaru Moucha maj\u00ed v\u0161e, co maj\u00ed piva z&nbsp;minipivovaru m\u00edt. Pivovar se specializuje p\u0159edev\u0161\u00edm na spodn\u011b kva\u0161en\u00e1 piva. Le\u017e\u00e1ky jsou dob\u0159e ho\u0159k\u00e9, vyv\u00e1\u017een\u00e9 a klasicky stylov\u00e9 ve v\u0161ech sv\u00fdch variant\u00e1ch od v\u00edt\u011bzn\u00e9 Pra\u017esk\u00e9 Mouchy, p\u0159es \u010ceskou Mouchu, N\u011bmeckou Mouchu a\u017e po V\u00edde\u0148skou Mouchu. V\u00fd\u010depn\u00ed je zase vysoce piteln\u00e9, jak m\u00e1 v\u00fd\u010depn\u00ed pivo b\u00fdt. V\u00fdjimkou ze spodn\u011b kva\u0161en\u00fdch piv je snad jen Americal Fly,&nbsp;<em>Ale<\/em>&nbsp;tu jsme neochutnali.<\/p>\n<p><a href=\"https:\/\/www.ladislavjakl.cz\/wp-content\/uploads\/2022\/08\/pametni_list_2021_kral_prahy.png\"><img loading=\"lazy\" decoding=\"async\" class=\"wp-image-12832 aligncenter\" src=\"https:\/\/www.ladislavjakl.cz\/wp-content\/uploads\/2022\/08\/pametni_list_2021_kral_prahy.png\" alt=\"\" width=\"403\" height=\"286\" srcset=\"https:\/\/www.ladislavjakl.cz\/wp-content\/uploads\/2022\/08\/pametni_list_2021_kral_prahy.png 976w, https:\/\/www.ladislavjakl.cz\/wp-content\/uploads\/2022\/08\/pametni_list_2021_kral_prahy-264x187.png 264w, https:\/\/www.ladislavjakl.cz\/wp-content\/uploads\/2022\/08\/pametni_list_2021_kral_prahy-900x638.png 900w, https:\/\/www.ladislavjakl.cz\/wp-content\/uploads\/2022\/08\/pametni_list_2021_kral_prahy-768x545.png 768w\" sizes=\"auto, (max-width: 403px) 100vw, 403px\" \/><\/a><\/p>\n<p>V&nbsp;pivovaru jsme se bohu\u017eel pouze letmo pozdravili s&nbsp;Petrem Mouchou i Danielou Tallovou a pot\u00e9 se n\u00e1s ujal Honza Kos. Bylo vid\u011bt, jak star\u00e9ho pivovarsk\u00e9ho ta pr\u00e1ce v&nbsp;minipivovaru bav\u00ed. P\u0159ech\u00e1zel od tanku k&nbsp;tanku, popisoval, vysv\u011btloval a m\u00e1lem n\u00e1s nepustil dom\u016f. Nicm\u00e9n\u011b v\u0161e m\u00e1 sv\u016fj \u010das a tak jsme pivov\u00e1rek Moucha opustili s&nbsp;v\u011bdom\u00edm, \u017ee do Bran\u00edka se vr\u00e1tilo poctiv\u00e9 pivovarsk\u00e9 \u0159emeslo a dobr\u00e9 pivo. P\u0159i jeho vysok\u00e9 kvalit\u011b se sem, po&nbsp;n\u011bkter\u00fdch dal\u0161\u00edch ro\u010dn\u00edc\u00edch Kr\u00e1le Prahy, jist\u011b vr\u00e1t\u00edme. Takto jsme pod\u011bkovali a p\u0159\u00edjemn\u00fd v\u00fdjezd uzav\u0159eli zase jedn\u00edm n\u00e1dra\u017en\u00edm Bran\u00edkem.<\/p>\n<p>Jan \u0160ur\u00e1\u0148 | PPE<\/p>\n<p>Webov\u00e9 str\u00e1nky pivovaru:&nbsp;<a href=\"https:\/\/mouchapivo.cz\/\">Moucha Pivo<\/a><\/p>\nngg_shortcode_0_placeholder\n","protected":false},"excerpt":{"rendered":"<p>S&nbsp;trestuhodn\u00fdm zpo\u017ed\u011bn\u00edm prob\u011bhla a\u017e letos v&nbsp;\u00fanoru sout\u011b\u017e o Kr\u00e1le Prahy 2021. A se stejn\u011b trestuhodn\u00fdm zpo\u017ed\u011bn\u00edm nav\u0161t\u00edvila hojn\u00e1 delegace Prvn\u00ed pivn\u00ed extraligy v\u00edt\u011bzn\u00fd pivovar Moucha v&nbsp;Bran\u00edku, aby p\u0159edala z\u00e1stupc\u016fm pivovaru diplom a ochutnala jeho st\u00e1vaj\u00edc\u00ed produkci.<\/p>\n","protected":false},"author":1,"featured_media":0,"comment_status":"open","ping_status":"open","sticky":false,"template":"","format":"standard","meta":{"ngg_post_thumbnail":0,"footnotes":""},"categories":[20],"tags":[],"class_list":["post-12831","post","type-post","status-publish","format-standard","hentry","category-pivo"],"_links":{"self":[{"href":"https:\/\/www.ladislavjakl.cz\/index.php?rest_route=\/wp\/v2\/posts\/12831","targetHints":{"allow":["GET"]}}],"collection":[{"href":"https:\/\/www.ladislavjakl.cz\/index.php?rest_route=\/wp\/v2\/posts"}],"about":[{"href":"https:\/\/www.ladislavjakl.cz\/index.php?rest_route=\/wp\/v2\/types\/post"}],"author":[{"embeddable":true,"href":"https:\/\/www.ladislavjakl.cz\/index.php?rest_route=\/wp\/v2\/users\/1"}],"replies":[{"embeddable":true,"href":"https:\/\/www.ladislavjakl.cz\/index.php?rest_route=%2Fwp%2Fv2%2Fcomments&post=12831"}],"version-history":[{"count":1,"href":"https:\/\/www.ladislavjakl.cz\/index.php?rest_route=\/wp\/v2\/posts\/12831\/revisions"}],"predecessor-version":[{"id":12850,"href":"https:\/\/www.ladislavjakl.cz\/index.php?rest_route=\/wp\/v2\/posts\/12831\/revisions\/12850"}],"wp:attachment":[{"href":"https:\/\/www.ladislavjakl.cz\/index.php?rest_route=%2Fwp%2Fv2%2Fmedia&parent=12831"}],"wp:term":[{"taxonomy":"category","embeddable":true,"href":"https:\/\/www.ladislavjakl.cz\/index.php?rest_route=%2Fwp%2Fv2%2Fcategories&post=12831"},{"taxonomy":"post_tag","embeddable":true,"href":"https:\/\/www.ladislavjakl.cz\/index.php?rest_route=%2Fwp%2Fv2%2Ftags&post=12831"}],"curies":[{"name":"wp","href":"https:\/\/api.w.org\/{rel}","templated":true}]}}