{"id":1285,"date":"2011-09-22T08:45:18","date_gmt":"2011-09-22T07:45:18","guid":{"rendered":"http:\/\/www.ladislavjakl.cz\/?p=1285"},"modified":"2011-09-22T08:45:18","modified_gmt":"2011-09-22T07:45:18","slug":"jakl-babis-by-mel-600-let-mlcet","status":"publish","type":"post","link":"https:\/\/www.ladislavjakl.cz\/?p=1285","title":{"rendered":"Jakl: Babi\u0161 by m\u011bl 600 let ml\u010det"},"content":{"rendered":"<p>V\u00e1clav Klaus se ve Spojen\u00fdch st\u00e1tech chyst\u00e1 \u010ceskou republiku zastupovat  p\u0159i zased\u00e1n\u00ed Valn\u00e9ho shrom\u00e1\u017ed\u011bn\u00ed OSN, ale doma se kv\u016fli n\u011bmu strhla  medi\u00e1ln\u00ed \u0159e\u017e. Podnikatel Andrej Babi\u0161 toti\u017e Klause a jeho okol\u00ed obvinil z  toho, \u017ee v \u010cesku se korupce u\u017e 20 let vyv\u00edj\u00ed v sam\u00e9m okol\u00ed st\u00e1vaj\u00edc\u00ed  hlavy st\u00e1tu. Tato slova jednozna\u010dn\u011b odm\u00edt\u00e1 \u0159editel politick\u00e9ho odboru  Pra\u017esk\u00e9ho hradu Ladislav Jakl.<\/p>\n<p><!--more--><\/p>\n<p>\u201eTo jsou hnusn\u00e1 obvin\u011bn\u00ed, pro kter\u00e1 ten p\u00e1n  nem\u00e1 v\u016fbec \u017e\u00e1dn\u00e9 podklady,\u201c \u0159ekl R\u00e1diu \u010cesko Jakl, kter\u00fd se naopak do  p\u016fsoben\u00ed Andreje Babi\u0161e ost\u0159e pustil.<\/p>\n<p>\u201eZa  dvacet let historie \u010desk\u00e9 demokracie se stalo pouze jednou, a to loni,  \u017ee u\u017e rozpu\u0161t\u011bn\u00e1 poslaneck\u00e1 sn\u011bmovna se den p\u0159ed volbami se\u0161la, aby  zvr\u00e1tila prezidentovo veto z\u00e1kona, z kter\u00e9ho mnoz\u00ed lid\u00e9 tohoto typu maj\u00ed  velk\u00e9 profity. B\u00fdt na m\u00edst\u011b tohoto p\u00e1na, tak bych asi tak je\u0161t\u011b 600 let  na toto t\u00e9ma ml\u010del,\u201c konstatoval v diskusn\u00edm po\u0159adu Studio \u010cesko  prezident\u016fv tajemn\u00edk.<\/p>\n<p><strong>O odchodu Romana jsme nev\u011bd\u011bli<\/strong><\/p>\n<p>Velk\u00e9  p\u0159ekvapen\u00ed ned\u00e1vno vyvolala informace, \u017ee z postu gener\u00e1ln\u00edho \u0159editele  spole\u010dnosti \u010cEZ odch\u00e1z\u00ed Martin Roman. A i kdy\u017e jsou sou\u010d\u00e1st\u00ed v\u00fdkonn\u00e9  moci jak vl\u00e1da, tak prezident, na Pra\u017esk\u00fd hrad informace o odvol\u00e1n\u00ed  Romana v p\u0159edstihu nedoputovala.<\/p>\n<p>\u201eNe,  nem\u011bli. Je to v\u011bc, kter\u00e1 se t\u00fdk\u00e1 docela \u0161ir\u0161\u00edho r\u00e1mce, ekonomick\u00e9ho,  spole\u010densk\u00e9ho, a \u010dlov\u011bk by o\u010dek\u00e1val, \u017ee takov\u00e1to zm\u011bna vznikne po n\u011bjak\u00e9  debat\u011b na n\u011bjak\u00fdch \u00farovn\u00edch,\u201c reagoval \u0159editel politick\u00e9ho odboru  Pra\u017esk\u00e9ho hradu Ladislav Jakl na p\u0159\u00edm\u00fd dotaz. Uznal ale, \u017ee \u0161lo o  v\u00fdjimku, na kterou m\u00e1 nav\u00edc vl\u00e1da n\u00e1rok.<\/p>\n<p>\u201eJ\u00e1  bych ne\u0159ekl, \u017ee to je pravidlo. Rozum\u00edm tomu, \u017ee toto byla speci\u00e1ln\u00ed  chv\u00edle. Je to v\u00fdsostn\u00e1 role vl\u00e1dy a t\u011b\u017eko do toho m\u016f\u017ee n\u011bkdo vl\u00e1d\u011b  z\u00e1sadn\u011b mluvit,\u201c p\u0159ipomn\u011bl Jakl<\/p>\n<p><strong>Klaus bude m\u00edt institucion\u00e1ln\u00ed platformu<\/strong><\/p>\n<p>St\u00e1le  nen\u00ed jasn\u00e9, jak\u00fdm typem volby bude n\u00e1stupce V\u00e1clava Klause na Pra\u017esk\u00e9m  hrad\u011b zvolen. Jasn\u00e9 ale nen\u00ed ani dal\u0161\u00ed politick\u00e9 p\u016fsoben\u00ed st\u00e1vaj\u00edc\u00ed  hlavy st\u00e1tu.<\/p>\n<p>\u201eV\u00e1clav Klaus je v ka\u017ed\u00e9m  p\u0159\u00edpad\u011b \u010desk\u00e9 politice u\u017eite\u010dn\u00fd a jsem p\u0159esv\u011bd\u010den, \u017ee u\u017eite\u010dn\u00fd bude,\u201c  mysl\u00ed si Klaus\u016fv prezidentsk\u00fd tajemn\u00edk Ladislav Jakl, kter\u00fd tak\u00e9 srovnal  mo\u017enosti obou \u010desk\u00fdch prezident\u016f po jejich odchodu z Hradu.<\/p>\n<p>\u201eV\u00e1clav  Havel nem\u00e1 dostate\u010dnou institucion\u00e1ln\u00ed platformu. Mysl\u00edm si, \u017ee by  V\u00e1clav Klaus n\u011bjakou m\u00edt m\u011bl,\u201c \u0159ekl R\u00e1diu \u010cesko Jakl, kter\u00fd ale  neup\u0159esnil, zda by m\u011blo j\u00edt o novou nebo u\u017e existuj\u00edc\u00ed stranu, hnut\u00ed  nebo t\u0159eba knihovnu. Nev\u011b\u0159\u00ed moc ale tomu, \u017ee by se V\u00e1clav Klaus v  politick\u00e9m anga\u017em\u00e1 vracel do doby p\u0159ed sv\u00fdm prezidentsk\u00fdm anga\u017em\u00e1.<\/p>\n<p>\u201eV  r\u016fzn\u00fdch f\u00e1z\u00edch \u017eivota \u010dlov\u011bku slu\u0161\u00ed r\u016fzn\u00e9 role. T\u011bmto zm\u011bn\u00e1m, jednak  v\u011bku, jednak role, slu\u0161\u00ed ur\u010dit\u00e1 jin\u00e1 m\u00edra obecnosti, ur\u010dit\u00e1 jin\u00e1 m\u00edra  denn\u00ed anga\u017eovanosti v jednotliv\u00fdch v\u011bcech, jin\u00e1 m\u00edra odstupu. Nemysl\u00edm  si, \u017ee v tomto v\u00fdvoji je tak jednoduch\u00e9 ud\u011blat 10 krok\u016f zp\u00e1tky. Mo\u017en\u00e1 by  to bylo pro \u010ceskou republiku docela prosp\u011b\u0161n\u00e9, ale V\u00e1clavu Klausovi  jako \u010dlov\u011bku bych to moc nep\u0159\u00e1l,\u201c uzav\u0159el ve Studiu \u010cesko \u0159editel  politick\u00e9ho odboru Pra\u017esk\u00e9ho hradu Ladislav Jakl.<\/p>\n<p><a href=\"http:\/\/www.rozhlas.cz\/zpravy\/politika\/_zprava\/jakl-babis-by-mel-600-let-mlcet--950918\" target=\"_blank\">Zdroj<\/a><\/p>\n","protected":false},"excerpt":{"rendered":"<p>V\u00e1clav Klaus se ve Spojen\u00fdch st\u00e1tech chyst\u00e1 \u010ceskou republiku zastupovat p\u0159i zased\u00e1n\u00ed Valn\u00e9ho shrom\u00e1\u017ed\u011bn\u00ed OSN, ale doma se kv\u016fli n\u011bmu strhla medi\u00e1ln\u00ed \u0159e\u017e. Podnikatel Andrej Babi\u0161 toti\u017e Klause a jeho okol\u00ed obvinil z toho, \u017ee v \u010cesku se korupce u\u017e 20 let vyv\u00edj\u00ed v sam\u00e9m okol\u00ed st\u00e1vaj\u00edc\u00ed hlavy st\u00e1tu. Tato slova jednozna\u010dn\u011b odm\u00edt\u00e1 \u0159editel politick\u00e9ho [&hellip;]<\/p>\n","protected":false},"author":1,"featured_media":0,"comment_status":"open","ping_status":"open","sticky":false,"template":"","format":"standard","meta":{"ngg_post_thumbnail":0,"footnotes":""},"categories":[11],"tags":[],"class_list":["post-1285","post","type-post","status-publish","format-standard","hentry","category-ozvena"],"_links":{"self":[{"href":"https:\/\/www.ladislavjakl.cz\/index.php?rest_route=\/wp\/v2\/posts\/1285","targetHints":{"allow":["GET"]}}],"collection":[{"href":"https:\/\/www.ladislavjakl.cz\/index.php?rest_route=\/wp\/v2\/posts"}],"about":[{"href":"https:\/\/www.ladislavjakl.cz\/index.php?rest_route=\/wp\/v2\/types\/post"}],"author":[{"embeddable":true,"href":"https:\/\/www.ladislavjakl.cz\/index.php?rest_route=\/wp\/v2\/users\/1"}],"replies":[{"embeddable":true,"href":"https:\/\/www.ladislavjakl.cz\/index.php?rest_route=%2Fwp%2Fv2%2Fcomments&post=1285"}],"version-history":[{"count":1,"href":"https:\/\/www.ladislavjakl.cz\/index.php?rest_route=\/wp\/v2\/posts\/1285\/revisions"}],"predecessor-version":[{"id":1286,"href":"https:\/\/www.ladislavjakl.cz\/index.php?rest_route=\/wp\/v2\/posts\/1285\/revisions\/1286"}],"wp:attachment":[{"href":"https:\/\/www.ladislavjakl.cz\/index.php?rest_route=%2Fwp%2Fv2%2Fmedia&parent=1285"}],"wp:term":[{"taxonomy":"category","embeddable":true,"href":"https:\/\/www.ladislavjakl.cz\/index.php?rest_route=%2Fwp%2Fv2%2Fcategories&post=1285"},{"taxonomy":"post_tag","embeddable":true,"href":"https:\/\/www.ladislavjakl.cz\/index.php?rest_route=%2Fwp%2Fv2%2Ftags&post=1285"}],"curies":[{"name":"wp","href":"https:\/\/api.w.org\/{rel}","templated":true}]}}