{"id":12854,"date":"2022-08-26T09:18:03","date_gmt":"2022-08-26T07:18:03","guid":{"rendered":"https:\/\/www.ladislavjakl.cz\/?p=12854"},"modified":"2022-08-26T09:18:03","modified_gmt":"2022-08-26T07:18:03","slug":"karel-a-jeho-trcalek","status":"publish","type":"post","link":"https:\/\/www.ladislavjakl.cz\/?p=12854","title":{"rendered":"Karel a jeho tr\u010d\u00e1lek"},"content":{"rendered":"<div class=\"opener\">V jedn\u00e9 zemi za devater\u00fdma horama se vyskytl Karel. N\u011bkdo \u0159\u00edk\u00e1, \u017ee se narodil, d\u016fkazy o tom ale nejsou. Prost\u011b se p\u0159ihodil, stal se. A m\u011bl se \u010dile k sv\u011btu.<\/div>\n<p><!--more--><\/p>\n<div id=\"art-text\" class=\"text\">\n<p>Karel byl odmala velmi vn\u00edmav\u00fd. A u\u017e v d\u011btstv\u00ed si v\u0161iml, \u017ee z n\u011bj cosi tr\u010d\u00ed. Nejd\u0159\u00edv si myslel, \u017ee mu to bude p\u0159ek\u00e1\u017eet, ale pak zjistil, \u017ee to je prima v\u011bc na hran\u00ed. A jak z n\u011bj tak po\u0159\u00e1d tr\u010dela, dal j\u00ed jm\u00e9no tr\u010d\u00e1lek. Co ten se s n\u00edm vyskota\u010dil! R\u016fzn\u011b tr\u010d\u00e1lka natahoval, oh\u00fdbal, nam\u00e1\u010del ve v\u0161em mo\u017en\u00e9m a s oblibou ho \u010dasto usilovn\u011b t\u0159el. Kdy\u017e Karel povyrostl, povyrostl i jeho tr\u010d\u00e1lek. A Karel si pov\u0161iml, \u017ee tr\u010d\u00e1lek p\u0159i vhodn\u00e9m t\u0159en\u00ed povyroste je\u0161t\u011b v\u00edc.<\/p>\n<p>U\u017e p\u0159edt\u00edm byl pro n\u011bj tr\u010d\u00e1lek zdrojem mnoh\u00fdch pot\u011b\u0161en\u00ed, ale nyn\u00ed Karel c\u00edtil, \u017ee ho p\u0159i hr\u00e1tk\u00e1ch s tr\u010d\u00e1lkem zal\u00e9v\u00e1 pocit pozitivn\u00ed energie. Karel byl informovan\u00fd a dob\u0159e v\u011bd\u011bl, \u017ee s energi\u00ed a jej\u00ed cenou to u n\u00e1s nen\u00ed dobr\u00e9. Tak se za\u010dal zaj\u00edmat, zda tu svou energii nem\u016f\u017ee n\u011bkomu nab\u00eddnout. Pan u\u010ditel mu p\u0159i dou\u010dov\u00e1n\u00ed ve sv\u00e9m kabinetu vysv\u011btlil, \u017ee k v\u00fdrob\u011b energie mu jeho tr\u010d\u00e1lek nesta\u010d\u00ed. A \u017ee k tomu bude pot\u0159ebovat li\u0161\u010d\u00ed ohon a ebonitovou ty\u010d. A dokonce mu i uk\u00e1zal, jak se s takov\u00fdmi n\u00e1stroji zach\u00e1z\u00ed.<\/p>\n<p>Pou\u010den\u00fd Karel radostn\u011b vyrazil do sv\u00e9 ulice a hle, brzy zjistil, \u017ee Jarmil odvedle vlastn\u00ed moc p\u011bknou ebonitovou ty\u010d, zat\u00edmco Milou\u0161 z druh\u00e9ho konce ulice se zase py\u0161n\u00ed moc p\u011bkn\u00fdm li\u0161\u010d\u00edm ohonem. Tak se spolu za\u010dali sch\u00e1zet v k\u016fln\u011b za zahradou a tam prov\u00e1d\u011bli sv\u00e9 pokusy. A brzy zjistili, \u017ee tr\u010d\u00e1lek, li\u0161\u010d\u00ed ohon a ebonitov\u00e1 ty\u010d pospolu funguj\u00ed jak dob\u0159e namazan\u00fd stroj.<\/p>\n<p>A proto\u017ee m\u011bli nyn\u00ed pozitivn\u00ed energie nadbytek, vydali se do barevn\u00e9ho pr\u016fvodu. Co tam bylo nov\u00fdch kamar\u00e1d\u016f! A tak Karel, Jarmil a Milou\u0161 rozd\u00e1vali sv\u00e9 p\u0159ebytky energie a s vd\u011b\u010dnost\u00ed p\u0159ij\u00edmali pozitivn\u00ed energii od druh\u00fdch. A hned v\u0161ichni c\u00edtili, jak se v\u0161ude d\u011bl\u00e1 kr\u00e1sn\u011b teplo.<\/p>\n<p>Kdepak, na Karla s jeho tr\u010d\u00e1lkem a nov\u00fdmi kamar\u00e1dy si \u017e\u00e1dn\u00e1 zima nebo energetick\u00e1 nouze jen tak nep\u0159ijde.<\/p>\n<\/div>\n<p><a href=\"https:\/\/jakl.blog.idnes.cz\/blog.aspx?c=790916\">Zdroj<\/a><\/p>\n","protected":false},"excerpt":{"rendered":"<p>V jedn\u00e9 zemi za devater\u00fdma horama se vyskytl Karel. N\u011bkdo \u0159\u00edk\u00e1, \u017ee se narodil, d\u016fkazy o tom ale nejsou. Prost\u011b se p\u0159ihodil, stal se. A m\u011bl se \u010dile k sv\u011btu.<\/p>\n","protected":false},"author":1,"featured_media":0,"comment_status":"open","ping_status":"open","sticky":false,"template":"","format":"standard","meta":{"ngg_post_thumbnail":0,"footnotes":""},"categories":[6,10],"tags":[],"class_list":["post-12854","post","type-post","status-publish","format-standard","hentry","category-co-jsem-nerekl","category-zlehka"],"_links":{"self":[{"href":"https:\/\/www.ladislavjakl.cz\/index.php?rest_route=\/wp\/v2\/posts\/12854","targetHints":{"allow":["GET"]}}],"collection":[{"href":"https:\/\/www.ladislavjakl.cz\/index.php?rest_route=\/wp\/v2\/posts"}],"about":[{"href":"https:\/\/www.ladislavjakl.cz\/index.php?rest_route=\/wp\/v2\/types\/post"}],"author":[{"embeddable":true,"href":"https:\/\/www.ladislavjakl.cz\/index.php?rest_route=\/wp\/v2\/users\/1"}],"replies":[{"embeddable":true,"href":"https:\/\/www.ladislavjakl.cz\/index.php?rest_route=%2Fwp%2Fv2%2Fcomments&post=12854"}],"version-history":[{"count":1,"href":"https:\/\/www.ladislavjakl.cz\/index.php?rest_route=\/wp\/v2\/posts\/12854\/revisions"}],"predecessor-version":[{"id":12855,"href":"https:\/\/www.ladislavjakl.cz\/index.php?rest_route=\/wp\/v2\/posts\/12854\/revisions\/12855"}],"wp:attachment":[{"href":"https:\/\/www.ladislavjakl.cz\/index.php?rest_route=%2Fwp%2Fv2%2Fmedia&parent=12854"}],"wp:term":[{"taxonomy":"category","embeddable":true,"href":"https:\/\/www.ladislavjakl.cz\/index.php?rest_route=%2Fwp%2Fv2%2Fcategories&post=12854"},{"taxonomy":"post_tag","embeddable":true,"href":"https:\/\/www.ladislavjakl.cz\/index.php?rest_route=%2Fwp%2Fv2%2Ftags&post=12854"}],"curies":[{"name":"wp","href":"https:\/\/api.w.org\/{rel}","templated":true}]}}