{"id":12862,"date":"2022-08-26T09:22:38","date_gmt":"2022-08-26T07:22:38","guid":{"rendered":"https:\/\/www.ladislavjakl.cz\/?p=12862"},"modified":"2022-08-26T09:22:38","modified_gmt":"2022-08-26T07:22:38","slug":"inflace-je-legrace-podle-svetovych-bankeru-je-prednejsi-podnebi","status":"publish","type":"post","link":"https:\/\/www.ladislavjakl.cz\/?p=12862","title":{"rendered":"Inflace je legrace. Podle sv\u011btov\u00fdch bank\u00e9\u0159\u016f je p\u0159edn\u011bj\u0161\u00ed podneb\u00ed"},"content":{"rendered":"<p>Va\u0161e starosti a Rotschildovy pen\u00edze. Tohle r\u010den\u00ed o zbyte\u010dn\u00e9m \u0159e\u0161en\u00ed zbyte\u010dn\u00fdch probl\u00e9m\u016f zn\u00e1me ka\u017ed\u00fd od d\u011btstv\u00ed. V jednom p\u0159\u00edpad\u011b by ale \u0161lo modifikovat na \u201eVa\u0161e starosti a va\u0161e pen\u00edze\u201c.<\/p>\n<p><!--more--><br \/>\nSpole\u010dnost OMFIF m\u00e1 toti\u017e tr\u00e1pen\u00ed. Alespo\u0148 se to p\u00ed\u0161e v jej\u00edm v\u010derej\u0161\u00edm bulletinu. Nejd\u0159\u00edv: co \u017ee to je za spole\u010dnost? Zkratka znamen\u00e1 Official Monetary and Financial Institutions Forum, tedy n\u011bco jako think tank pro centr\u00e1ln\u00ed banky a finan\u010dn\u00ed instituce. A s \u010d\u00edm \u017ee se tr\u00e1p\u00ed? S velk\u00fdm mezin\u00e1rodn\u00edm cvi\u010den\u00edm bank v oblasti \u201eklimatick\u00fdch rizik\u201c. Do onoho cvi\u010den\u00ed jsou zapojeny centr\u00e1ln\u00ed banky a velk\u00e9 finan\u010dn\u00ed instituce v\u0161ech dvaceti zem\u00ed G20 a k tomu Evropsk\u00e1 centr\u00e1ln\u00ed banka a banky Hongkongu a Singapuru. A tyhle testy ukazuj\u00ed, \u017ee banky pr\u00fd nejsou na p\u0159\u00ed\u0161t\u00ed mo\u017en\u00e9 klimatick\u00e9 z\u00e1t\u011b\u017ee dost p\u0159ipraveny.<\/p>\n<p>Co byste tak \u0159ekli, \u017ee m\u016f\u017ee s ohledem na finan\u010dn\u00ed instituce znamenat obrat \u201eklimatick\u00e9 riziko\u201c? \u010clov\u011bk by myslel, \u017ee mo\u017en\u00e1 ne\u00fam\u011brn\u00fd n\u00e1r\u016fst pojistn\u00fdch ud\u00e1lost\u00ed zp\u016fsoben\u00fdch v\u00fdkyvy po\u010das\u00ed a \u017eiveln\u00edmi pohromami. Ale na to p\u0159ece existuj\u00ed modely poji\u0161\u0165ovac\u00edch spole\u010dnost\u00ed u\u017e v\u00edc ne\u017e sto let. A mimochodem z nich plyne, \u017ee \u0161kody zp\u016fsoben\u00e9 po\u010das\u00edm skute\u010dn\u011b plynule (s pochopiteln\u00fdmi v\u00fdkyvy) rostou, ale rostou pomaleji ne\u017e kumulovan\u00e9 bohatstv\u00ed, kter\u00e9 je poji\u0161t\u011bno. V\u011bt\u0161\u00ed \u0161kody jsou zkr\u00e1tka zp\u016fsobeny nikoli v\u011bt\u0161\u00edmi \u010di \u010dast\u011bj\u0161\u00edmi pohromami, ale t\u00edm, \u017ee kde v\u010dera nebylo co ni\u010dit, nach\u00e1zej\u00ed se dnes velk\u00e9 majetky. Tohle ale OMFIF, centr\u00e1ln\u00ed banky a velk\u00e9 finan\u010dn\u00ed instituce nezaj\u00edm\u00e1. Tak co tedy?<\/p>\n<p>Z\u00e1t\u011b\u017eov\u00e9 testy se t\u00fdkaj\u00ed n\u011b\u010deho jin\u00e9ho. Po\u010dt\u011bte si, \u010deho se tedy t\u00fdkaj\u00ed, ale pozor, n\u00e1sleduj\u00edc\u00ed slova nejsou v angli\u010dtin\u011b ani v \u010de\u0161tin\u011b, jsou v klimatick\u00e9 novo\u0159e\u010di, kter\u00e9 rozum\u00ed jen opravdov\u00ed modern\u00ed vzd\u011blanci. \u201ePosun k udr\u017eiteln\u011bj\u0161\u00edm finan\u010dn\u00edm postup\u016fm je spole\u010dn\u00fdm c\u00edlem n\u00e1s mnoha. Na glob\u00e1ln\u00ed \u00farovni je v\u0161ak koordinace mal\u00e1 a p\u0159\u00edstupy k politik\u00e1m se mezi zem\u011bmi v\u00fdrazn\u011b li\u0161\u00ed. C\u00edlem n\u00e1stroje Sustainable Finance Policy Tracker spole\u010dnosti OMFIF je pom\u00e1hat v orientaci v tomto slo\u017eit\u00e9m prostoru a upozornit na v\u00fdvoj ve 14 oblastech politiky v\u010detn\u011b finan\u010dn\u00edho dohledu, \u010dist\u00fdch nulov\u00fdch strategi\u00ed a emis\u00ed zelen\u00fdch dluhopis\u016f.\u201c U\u017e je v\u00e1m to jasn\u00e9?<\/p>\n<p>Pro jistotu p\u0159elo\u017e\u00edm do \u010de\u0161tiny. Bank\u00e9\u0159i zkr\u00e1tka cht\u011bj\u00ed m\u00edt jistotu, \u017ee protekce pro takzvan\u00e9 \u201ezelen\u00e9 dluhopisy\u201c bude pro n\u011b bez rizika. \u017de rozhodov\u00e1n\u00ed nikoli podle potenci\u00e1ln\u00ed bonity \u00fav\u011bru ale podle \u201eudr\u017eitelnosti projektu\u201c se nem\u016f\u017ee n\u011bjak\u00fdm v\u00fdkyvem obr\u00e1tit proti nim. Tak stra\u0161n\u011b by cht\u011bli b\u00fdt pokrokov\u00ed, pom\u00e1hat kdov\u00edkter\u00e9 planet\u011b, jen je to nesm\u00ed nic st\u00e1t a n\u011bkdo by jim to m\u011bl zaru\u010dit.<\/p>\n<p>\u0158\u00edk\u00e1te si, co to je za blbost, obzvl\u00e1\u0161t\u011b v dob\u011b, kdy se centr\u00e1ln\u00ed banky pot\u00fdkaj\u00ed s nejv\u011bt\u0161\u00ed pov\u00e1le\u010dnou inflac\u00ed, se kterou by m\u011bly m\u00edt pr\u00e1ce nad hlavu, \u017ee komer\u010dn\u00ed banky by m\u011blo stra\u0161it, jak lidem, kte\u0159\u00ed nyn\u00ed utr\u00e1cej\u00ed \u201ene\u017e n\u00e1m to zdra\u017eej\u201c, brzo pen\u00edze dojdou, neodvratn\u011b p\u0159ijde popt\u00e1vkov\u00e1 krize a hned za n\u00ed finan\u010dn\u00ed, zp\u016fsoben\u00e1 masovou platebn\u00ed neschopnost\u00ed dlu\u017en\u00edk\u016f bank? Jen\u017ee to jsme je\u0161t\u011b nedo\u0161li k nejv\u011bt\u0161\u00ed perle dokumentu.<\/p>\n<p>Tak se dr\u017ete. V dokumentu OMFIF se p\u00ed\u0161e \u201eZat\u00edmco v boji centr\u00e1ln\u00edch bank proti inflaci bylo prolito mnoho inkoustu, jeden v\u00fdvoj, kter\u00fd mo\u017en\u00e1 unik\u00e1 pozornosti, je pokrok v oblasti klimatick\u00fdch z\u00e1t\u011b\u017eov\u00fdch test\u016f.\u201c Sly\u0161te, sly\u0161te! Na boj s inflac\u00ed je \u0161koda inkoustu! Inflace je legrace! Na\u0161e \u010del\u00ed\u010dka jsou zachmu\u0159ena jinou starost\u00ed: (ne)odolnost\u00ed na\u0161ich protla\u010dovan\u00fdch \u201ezelen\u00fdch\u201c politik v\u016f\u010di cenov\u00fdm v\u00fdkyv\u016fm!<\/p>\n<p>Zkr\u00e1tka, a\u017e se v zem\u00edch G20 zdvojn\u00e1sob\u00ed nezam\u011bstnanost, a\u017e nastane nejv\u011bt\u0161\u00ed ekonomick\u00fd pokles od t\u0159ic\u00e1t\u00fdch let, a\u017e lidem bude zima a nebudou m\u00edt co j\u00edst, budou finan\u010dn\u00ed analytici na konferenci n\u011bkde v Singapuru \u0159e\u0161it, jak je mo\u017en\u00e9, \u017ee cena \u201eudr\u017eiteln\u00fdch\u201c dluhopis\u016f nen\u00ed udr\u017eiteln\u00e1. A pak mo\u017en\u00e1 od n\u011bkoho usly\u0161\u00ed \u201eVa\u0161e starosti a va\u0161e pen\u00edze bych cht\u011bl m\u00edt\u201c.<\/p>\n<p><em>Ladislav Jakl, 25. srpna 2022<\/em><\/p>\n<p><a href=\"https:\/\/www.institutvk.cz\/clanky\/2058.html\">Zdroj<\/a><\/p>\n","protected":false},"excerpt":{"rendered":"<p>Va\u0161e starosti a Rotschildovy pen\u00edze. Tohle r\u010den\u00ed o zbyte\u010dn\u00e9m \u0159e\u0161en\u00ed zbyte\u010dn\u00fdch probl\u00e9m\u016f zn\u00e1me ka\u017ed\u00fd od d\u011btstv\u00ed. V jednom p\u0159\u00edpad\u011b by ale \u0161lo modifikovat na \u201eVa\u0161e starosti a va\u0161e pen\u00edze\u201c.<\/p>\n","protected":false},"author":1,"featured_media":0,"comment_status":"open","ping_status":"open","sticky":false,"template":"","format":"standard","meta":{"ngg_post_thumbnail":0,"footnotes":""},"categories":[1],"tags":[],"class_list":["post-12862","post","type-post","status-publish","format-standard","hentry","category-publikovane-clanky"],"_links":{"self":[{"href":"https:\/\/www.ladislavjakl.cz\/index.php?rest_route=\/wp\/v2\/posts\/12862","targetHints":{"allow":["GET"]}}],"collection":[{"href":"https:\/\/www.ladislavjakl.cz\/index.php?rest_route=\/wp\/v2\/posts"}],"about":[{"href":"https:\/\/www.ladislavjakl.cz\/index.php?rest_route=\/wp\/v2\/types\/post"}],"author":[{"embeddable":true,"href":"https:\/\/www.ladislavjakl.cz\/index.php?rest_route=\/wp\/v2\/users\/1"}],"replies":[{"embeddable":true,"href":"https:\/\/www.ladislavjakl.cz\/index.php?rest_route=%2Fwp%2Fv2%2Fcomments&post=12862"}],"version-history":[{"count":1,"href":"https:\/\/www.ladislavjakl.cz\/index.php?rest_route=\/wp\/v2\/posts\/12862\/revisions"}],"predecessor-version":[{"id":12863,"href":"https:\/\/www.ladislavjakl.cz\/index.php?rest_route=\/wp\/v2\/posts\/12862\/revisions\/12863"}],"wp:attachment":[{"href":"https:\/\/www.ladislavjakl.cz\/index.php?rest_route=%2Fwp%2Fv2%2Fmedia&parent=12862"}],"wp:term":[{"taxonomy":"category","embeddable":true,"href":"https:\/\/www.ladislavjakl.cz\/index.php?rest_route=%2Fwp%2Fv2%2Fcategories&post=12862"},{"taxonomy":"post_tag","embeddable":true,"href":"https:\/\/www.ladislavjakl.cz\/index.php?rest_route=%2Fwp%2Fv2%2Ftags&post=12862"}],"curies":[{"name":"wp","href":"https:\/\/api.w.org\/{rel}","templated":true}]}}