{"id":1287,"date":"2011-09-22T08:50:24","date_gmt":"2011-09-22T07:50:24","guid":{"rendered":"http:\/\/www.ladislavjakl.cz\/?p=1287"},"modified":"2011-09-22T08:58:36","modified_gmt":"2011-09-22T07:58:36","slug":"ladislav-jakl-ve-studiu-cesko-20-zari-15-35","status":"publish","type":"post","link":"https:\/\/www.ladislavjakl.cz\/?p=1287","title":{"rendered":"Ladislav Jakl ve Studiu \u010cesko, 20., z\u00e1\u0159\u00ed, 15.35."},"content":{"rendered":"<p>\u010cRO R\u00c1DIO \u010cESKO, Rozhovor s\u00a0Ladislavem Jaklem, Zdroj:\u00a0\u010cRo R\u00e1dio \u010cesko Datum:\u00a020.09.2011 Relace:\u00a0Studio \u010cesko<\/p>\n<p><em>(\u010dl\u00e1nek je doslovn\u00fdm p\u0159episem rozhovoru. Audio z\u00e1znam rozhovoru je um\u00edst\u011bn na konci p\u0159\u00edsp\u011bvku)<\/em><\/p>\n<p><!--more--><\/p>\n<p><strong>Moder\u00e1tor &#8211; Ond\u0159ej \u010cern\u00fd:<\/strong><br \/>\nPrezident republiky V\u00e1clav Klaus a ministr zahrani\u010d\u00ed Karel Schwarzenberg, dva vrcholn\u00ed \u010de\u0161t\u00ed politici, kte\u0159\u00ed spolu \u010dasto nesouhlas\u00ed, jsou spole\u010dn\u011b ve Spojen\u00fdch st\u00e1tech. \u010ceskou republiku tam budou zastupovat p\u0159i zased\u00e1n\u00ed Valn\u00e9ho shrom\u00e1\u017ed\u011bn\u00ed Organizace spojen\u00fdch n\u00e1rod\u016f. To by m\u011blo se zab\u00fdvat t\u0159eba \u017e\u00e1dost\u00ed palestinsk\u00e9ho veden\u00ed o jednostrann\u00e9m uzn\u00e1n\u00ed palestinsk\u00e9ho st\u00e1tu. Ale pom\u011brn\u011b \u017eivo je tak\u00e9 v\u00a0\u010cesk\u00e9 republice. Proto je na\u0161\u00edm dne\u0161n\u00edm hostem \u0159editel politick\u00e9ho odboru Pra\u017esk\u00e9ho hradu Ladislav Jakl. Dobr\u00fd den, v\u00edtejte.<\/p>\n<p><strong>Host &#8211; Ladislav Jakl:<\/strong><br \/>\nJ\u00e1 v\u00e1s zdrav\u00edm, dobr\u00fd den.<\/p>\n<p><strong>Ond\u0159ej \u010cern\u00fd: <\/strong><br \/>\nTe\u010f m\u00e1te tedy sv\u00e9ho \u0161\u00e9fa ve Spojen\u00fdch st\u00e1tech, kam V\u00e1clav  Klaus u\u017e odlet\u011bl, co se te\u010f na Hrad\u011b d\u011bje?<\/p>\n<p><strong>Ladislav Jakl: <\/strong><br \/>\nNo tak chod\u00edme tam po strop\u011b samoz\u0159ejm\u011b, jak pan prezident s\u00a0oblibou \u0159\u00edk\u00e1. Pracuje tam norm\u00e1ln\u011b cel\u00fd \u00fa\u0159ad jako obvykle, m\u00e1me svoji agendu. Ale j\u00e1 se opravdu rovnou p\u0159izn\u00e1m, \u017ee jsem n\u011bkdy r\u00e1d, kdy\u017e pan prezident na p\u00e1r dn\u016f takhle vyjede\u2026<\/p>\n<p><strong>Ond\u0159ej \u010cern\u00fd: <\/strong><br \/>\n\u017de si odpo\u010dinete.<\/p>\n<p><strong>Ladislav Jakl: <\/strong><br \/>\nTo bych ani ne\u0159ekl. To v\u00e1m mo\u017en\u00e1 potvrd\u00ed n\u011bkte\u0159\u00ed zam\u011bstnanci, kte\u0159\u00ed pode m\u011b spadaj\u00ed, \u017ee kdy\u017e pan prezident tady nen\u00ed, tak toho vyprodukuju t\u0159eba dvoj a\u017e trojn\u00e1sobek, proto\u017ee prost\u011b na to m\u00e1m v\u00edc klidu. To znamen\u00e1, \u017ee vymet\u00e1m kostlivce, d\u011bl\u00e1m v\u011bci, k\u00a0jak\u00fdm se norm\u00e1ln\u011b d\u0159\u00edv nedostanu, proto\u017ee pokud m\u00e1m 10-15 metr\u016f od sebe velmi n\u00e1ro\u010dn\u00e9ho \u0161\u00e9fa, u kter\u00e9ho nev\u00edte, jestli si v\u00e1s za p\u016fl hodiny zavol\u00e1 a nebo za \u010dtvrt hodiny naopak p\u0159ijde za v\u00e1ma, tak se nepou\u0161t\u00edm t\u0159eba do del\u0161\u00edch v\u011bc\u00ed a k\u00a0mnoha v\u011bcem se nedostanu. Tak\u017ee pro m\u011b to je vyrovn\u00e1v\u00e1n\u00ed ur\u010dit\u00fdch mank. Minul\u00fd t\u00fdden jsme skoro \u010dty\u0159i dny byli na n\u00e1v\u0161t\u011bv\u011b Karlovarsk\u00e9ho kraje v\u010detn\u011b m\u00e9ho rodn\u00e9ho Chebu a to se mi nakupilo stra\u0161n\u011b moc v\u011bc\u00ed. T\u00edm sp\u00ed\u0161 mi to te\u010f p\u0159ijde docela vhod, \u017ee si ty manka tro\u0161ku odfajfkuju.<\/p>\n<p><strong>Ond\u0159ej \u010cern\u00fd: <\/strong><br \/>\nNa druhou stranu to vypad\u00e1, \u017ee p\u0159esto jste trochu pasivn\u00ed, proto\u017ee v\u010dera v\u00a0Hospod\u00e1\u0159sk\u00fdch novin\u00e1ch vy\u0161el rozhovor s\u00a0Andrejem Babi\u0161em, kter\u00fd se ne zrovna uctiv\u011b v\u00a0\u0159ad\u011b v\u011bt vyjad\u0159oval tak\u00e9 k\u00a0okol\u00ed a k\u00a0prezidentu republiky. Tedy nem\u011bli jste se n\u011bjak\u00fdm v\u00fdrazn\u011bj\u0161\u00edm zp\u016fsobem proti t\u011bm slov\u016fm ohradit?<\/p>\n<p><strong>Ladislav Jakl: <\/strong><br \/>\nTak v\u00edte, j\u00e1 nejsem \u017e\u00e1dn\u00fd politik ani \u00fastavn\u00ed \u010dinitel a tud\u00ed\u017e j\u00e1 jsem asi nikdy v\u00a0\u017eivot\u011b skoro nevydal n\u011bjak\u00fd s\u00e1m od sebe prohl\u00e1\u0161en\u00ed. Vy v\u00edte dob\u0159e, \u017ee i tady sed\u00edm ne kv\u016fli tomu, \u017ee by m\u011b sem n\u011bkdo poslal, pan prezident ani netu\u0161\u00ed, \u017ee sed\u00edm u v\u00e1s v\u00a0r\u00e1diu a co tady budu pov\u00eddat, ale proto\u017ee jste m\u011b pozvali. \u010cili kdy\u017e jsem osloven a n\u011bkter\u00e9ho novin\u00e1\u0159e napadne, \u017ee by se m\u011b mohl zeptat, \u017ee by t\u0159eba eventueln\u011b ze m\u011b mohlo vypadnout n\u011bco pro n\u011bj zaj\u00edmav\u00e9ho, tak se m\u011b zept\u00e1. A m\u016f\u017eu v\u00e1m \u0159\u00edct, \u017ee na toto se m\u011b neptal nikdo. A jinak si \u0159\u00edk\u00e1m, b\u00fdt zase startovac\u00ed a reagovat \u00fapln\u011b na v\u0161echno\u2026<\/p>\n<p><strong>Ond\u0159ej \u010cern\u00fd:<\/strong><br \/>\nTy v\u011bty byly pom\u011brn\u011b ostr\u00e9. Tvrd\u00edm, \u017ee tu m\u00e1me dvacet let v\u00fdvoje korupce u\u017e v\u00a0sam\u00e9m okol\u00ed dne\u0161n\u00edho prezidenta Klause, proto\u017ee i kolem n\u011bj krou\u017eily od po\u010d\u00e1tku des\u00edtky podivn\u00fdch v\u00fdb\u011br\u010d\u00ed, jedna citace. Nebo ono se mezi podnikateli mluv\u00ed o tom, kolik \u00fadajn\u011b stoj\u00ed prezidentsk\u00e9 veto nebo kolik stoj\u00ed ud\u011blen\u00ed milosti. To jsou p\u0159ece ostr\u00e1 slova?<\/p>\n<p><strong>Ladislav Jakl:<br \/>\n<\/strong>No tak to jsou prost\u011b hnusn\u00e1 obvin\u011bn\u00ed, pro kter\u00e1 ten p\u00e1n nem\u00e1 v\u016fbec \u017e\u00e1dn\u00e9 podklady\u2026<\/p>\n<p><strong>Ond\u0159ej \u010cern\u00fd:<br \/>\n<\/strong>V\u00e1s to nech\u00e1v\u00e1 v\u00a0klidu?<\/p>\n<p><strong>Ladislav Jakl:<br \/>\n<\/strong>Ne v\u00a0klidu, ale v\u00edte, za jeden den \u010dlov\u011bk podobn\u00fdch invektiv nepodlo\u017een\u00fdch a r\u016fzn\u00e9 \u0161p\u00edny \u010dte tolik, \u017ee to by vyskakoval jak \u010dert\u00edk z\u00a0krabi\u010dky a s\u00a0ka\u017ed\u00fdm se v\u011b\u010dn\u011b h\u00e1dal. Ono i tak mo\u017en\u00e1 leckomu vn\u011bj\u0161\u00edmu pozorovateli, i va\u0161emu \u010dten\u00e1\u0159i p\u0159ipad\u00e1, \u017ee ka\u017edou chv\u00edli se s\u00a0n\u011bk\u00fdm p\u0159eme nebo j\u00e1 konkr\u00e9tn\u011b\u2026<\/p>\n<p><strong>Ond\u0159ej \u010cern\u00fd:<br \/>\n<\/strong>No jo, ale tady jde p\u0159ece o \u010dest prezidenta republiky a jeho okol\u00ed, kdy\u017e jsou takto siln\u00e1 slova?<\/p>\n<p><strong>Ladislav Jakl:<br \/>\n<\/strong>Tak co na to chcete \u0159\u00edct? M\u00e1m na to \u0159\u00edct, \u017ee za dvacet let historie \u010desk\u00e9 demokracie se stalo pouze jednou a to loni, \u017ee u\u017e rozpu\u0161t\u011bn\u00e1 Poslaneck\u00e1 sn\u011bmovna se den p\u0159ed volbami se\u0161la, aby zvr\u00e1tila prezidentovo veto z\u00e1kona, z\u00a0kter\u00e9ho mnoz\u00ed lid\u00e9 tohoto typu maj\u00ed velk\u00e9 profity? B\u00fdt na m\u00edst\u011b tohoto p\u00e1na, tak bych asi tak je\u0161t\u011b 600 let na toto t\u00e9ma ml\u010del.<\/p>\n<p><strong>Ond\u0159ej \u010cern\u00fd:<br \/>\n<\/strong>Tedy z\u00a0va\u0161eho \u00fahlu pohledu sta\u010d\u00ed, \u017ee se k\u00a0tomu u\u017e t\u0159eba vyj\u00e1d\u0159il m\u00edstop\u0159edseda V\u011bc\u00ed ve\u0159ejn\u00fdch Tom\u00e1\u0161 Jarol\u00edm?<\/p>\n<p><strong>Ladislav Jakl:<br \/>\n<\/strong>J\u00e1 nev\u00edm, j\u00e1 jsem \u017e\u00e1dn\u00e9 vyj\u00e1d\u0159en\u00ed\u2026<\/p>\n<p><strong>Ond\u0159ej \u010cern\u00fd:<br \/>\n<\/strong>Kter\u00fd zkritizoval pr\u00e1v\u011b Andreje Babi\u0161e, \u017ee zrovna on by v\u00a0t\u00e9to z\u00e1le\u017eitosti nem\u011bli se pou\u0161t\u011bt do s\u00e1hodlouh\u00fdch soud\u016f.<\/p>\n<p><strong>Ladislav Jakl:<br \/>\n<\/strong>V\u00edte, j\u00e1 takov\u00e9 vyj\u00e1d\u0159en\u00ed nezn\u00e1m. Prost\u011b mysl\u00edm, \u017ee n\u011bkter\u00e9 v\u011bci u\u017e jsou tak p\u0159ehnan\u00e9 a p\u0159est\u0159elen\u00e9, \u017ee i novin\u00e1\u0159i i ve\u0159ejnost si ud\u011blaj\u00ed docela obr\u00e1zek sami a je skoro zbyte\u010dn\u00e9 se do toho m\u00edchat. Kdybyste se m\u011b na to te\u010f neptal, tak ani tak o tom nemluv\u00edm. Z\u00edtra v\u00a0novin\u00e1ch se do\u010dtu, \u017ee jsem napadl pana Babi\u0161e a nikdo u\u017e v\u00a0t\u011bch novin\u00e1ch nenap\u00ed\u0161e, \u017ee to byla odpov\u011b\u010f na ot\u00e1zku, do kter\u00fd se mi zrovna \u0161estkr\u00e1t necht\u011blo, proto\u017ee opravdu nem\u00e1m zapot\u0159eb\u00ed takov\u00e1to handrkov\u00e1n\u00ed. M\u011b zaj\u00edmaj\u00ed v\u011bcn\u00e9 spory, m\u011b zaj\u00edm\u00e1 v\u011bcn\u00fd obsah politiky, m\u011b zaj\u00edmaj\u00ed t\u00e9mata a takov\u00e9to pok\u0159ikov\u00e1n\u00ed, co\u017e je podoba, do kter\u00e9 se \u010desk\u00e1 politika dost\u00e1v\u00e1, vz\u00e1jemn\u00e9 oso\u010dov\u00e1n\u00ed, nepodlo\u017een\u00e9 obvi\u0148ov\u00e1n\u00ed, ur\u00e1\u017eky, to m\u011b prost\u011b n\u011bjak nebav\u00ed a nud\u00ed m\u011b to, nechci se do toho nechat zatahovat.<\/p>\n<p><strong>Ond\u0159ej \u010cern\u00fd:<br \/>\n<\/strong>Kdy\u017e tedy mluv\u00edte o \u010desk\u00e9 politice, tak jak vlastn\u011b vn\u00edm\u00e1te st\u00e1vaj\u00edc\u00ed \u010deskou politiku a jej\u00ed kondici?<\/p>\n<p><strong>Ladislav Jakl:<br \/>\n<\/strong>Tak v\u00edte, \u010desk\u00e1 politika nem\u016f\u017ee b\u00fdt jin\u00e1, ne\u017e je \u010desk\u00e1 ve\u0159ejnost.<\/p>\n<p><strong>Ond\u0159ej \u010cern\u00fd:<br \/>\n<\/strong>Tak jinak, je netolerantn\u00ed, nep\u0159\u00e1telsk\u00e1, zl\u00e1, neum\u00ed v\u00e9st dialog?<\/p>\n<p><strong>Ladislav Jakl:<br \/>\n<\/strong>Jde o to, kudy se na to kouk\u00e1te. Kdybyste se na to koukali jenom o\u010dima na\u0161ich televiz\u00ed, novin, r\u00e1di\u00ed, tak m\u00e1te pocit, \u017ee se tady za chv\u00edli v\u0161ichni pod\u0159e\u017eeme. Kdy\u017e pak n\u011bkde jdete norm\u00e1ln\u011b mezi lidi, kter\u00fd maj\u00ed sv\u00e9 \u017eivoty, svoji pr\u00e1ci, tak zjist\u00edte, \u017ee je spousty lid\u00ed, kter\u00fd vid\u00ed sv\u016fj \u017eivot \u00fapln\u011b v\u00a0jin\u00fdch barv\u00e1ch, jsou norm\u00e1ln\u00ed, vad\u00ed jim v\u011bci, kter\u00fd vad\u00ed ka\u017ed\u00e9mu, ale dovedou ocenit v\u011bci, kter\u00fd za to stoj\u00ed. J\u00e1 se nechci nechat strhnout k\u00a0n\u011bjak\u00fdm n\u00e1\u0159k\u016fm nad \u010deskou politikou, proto\u017ee ta je zrcadlem \u010desk\u00e9 spole\u010dnosti. Mo\u017en\u00e1 b\u00fdt ani ta politika jin\u00e1 nem\u016f\u017ee.<\/p>\n<p><strong>Ond\u0159ej \u010cern\u00fd:<br \/>\n<\/strong>Tak zp\u00e1tky na Hrad. Jak byste ozna\u010dil sv\u00e9 postaven\u00ed v\u016f\u010di hlav\u011b st\u00e1tu?<\/p>\n<p><strong>Ladislav Jakl:<br \/>\n<\/strong>Tak jsem tajemn\u00edkem prezidenta republiky\u2026<\/p>\n<p><strong>Ond\u0159ej \u010cern\u00fd:<\/strong><br \/>\nBez t\u011bch funkc\u00ed.<\/p>\n<p><strong>Ladislav Jakl:<\/strong><br \/>\nTo je moje funkce, ta znamen\u00e1, \u017ee jsem \u010dlov\u011bk, kter\u00fd je prost\u011b panu prezidentovi krom\u011b jeho sekretari\u00e1tu nejv\u00edc na r\u00e1n\u011b, tak\u017ee si m\u011b asi\u2026<\/p>\n<p><strong>Ond\u0159ej \u010cern\u00fd:<\/strong><br \/>\nJste pod\u0159\u00edzen\u00fd nebo partner?<\/p>\n<p><strong>Ladislav Jakl:<\/strong><br \/>\nJsem stoprocentn\u011b samoz\u0159ejm\u011b pod\u0159\u00edzen\u00fd. Pan prezident je nejvy\u0161\u0161\u00ed autorita v\u00a0zemi a j\u00e1 samoz\u0159ejm\u011b autoritu respektuji. Jednak respektuji pana V\u00e1clava Klause jako \u010dlov\u011bka velmi vzd\u011blan\u00e9ho, erudovan\u00e9ho. Ale samoz\u0159ejm\u011b tak\u00e9 m\u00e1m z\u00e1sadn\u00ed respekt k\u00a0instituci prezidenta republiky. To nepochybn\u011b.<\/p>\n<p><strong>Ond\u0159ej \u010cern\u00fd:<\/strong><br \/>\nV\u00e1clav Klaus v\u00a0jedn\u00e9\u2026<\/p>\n<p><strong>Ladislav Jakl:<\/strong><br \/>\nCo\u017e neznamen\u00e1, \u017ee\u2026<\/p>\n<p><strong>Ond\u0159ej \u010cern\u00fd:<\/strong><br \/>\n\u017de spolu nediskutujete, ano.<\/p>\n<p><strong>Ladislav Jakl:<\/strong><br \/>\n\u017de bychom se nemohli p\u0159i ka\u017ed\u00e9 porad\u011b o v\u0161em mo\u017en\u00e9 p\u0159\u00edt a vym\u011b\u0148ovat si n\u00e1zory a nesouhlasit a tak d\u00e1l. To ur\u010dit\u011b klidn\u011b, pro\u010d ne.<\/p>\n<p><strong>Ond\u0159ej \u010cern\u00fd:<\/strong><br \/>\nJ\u00e1 jsem se na tu \u010deskou politiku a na jej\u00ed situaci ptal tak\u00e9 proto, proto\u017ee V\u00e1clav  Klaus p\u0159i jednom ze sv\u00fdch kandid\u00e1tsk\u00fdch projev\u016f mluvil o tom, \u017ee chce b\u00fdt svorn\u00edkem \u010desk\u00e9 spole\u010dnosti. Podle v\u00e1s povedlo se mu to za ty roky?<\/p>\n<p><strong>Ladislav Jakl:<\/strong><br \/>\nV\u00edte, to jde o to, kdo jak to hodnot\u00ed. Samoz\u0159ejm\u011b jeho kritici\u2026<\/p>\n<p><strong>Ond\u0159ej \u010cern\u00fd:<\/strong><br \/>\nPt\u00e1m se v\u00e1s jako Ladislava Jakla.<\/p>\n<p><strong>Ladislav Jakl:<\/strong><br \/>\nAno. Jeho kritici maj\u00ed pocit, \u017ee tomu tak v\u016fbec nen\u00ed. Pro \u010dlov\u011bka tak vyhrocen\u00fdch a jasn\u011b \u010diteln\u00fdch n\u00e1zor\u016f, jako je V\u00e1clav Klaus, to nen\u00ed jednoduch\u00e9, ale j\u00e1 jsem p\u0159esto p\u0159esv\u011bd\u010den, \u017ee tomu tak je. A \u0159eknu p\u0159\u00edklad a tou je agenda podepisov\u00e1n\u00ed z\u00e1kon\u016f. J\u00e1 v\u00e1m ru\u010d\u00edm za to, \u017ee ze sta z\u00e1kon\u016f by prezident republiky, ostatn\u011b j\u00e1 taky, v\u00a0t\u00e9 podob\u011b, jak n\u00e1m p\u0159ich\u00e1zej\u00ed na st\u016fl, tak bychom hlasovali tak pro jedno procento. Kdy\u017e to hodn\u011b p\u0159e\u017eenu, tak pro p\u011bt. A p\u0159esto prezident vrac\u00ed nikoliv 95 procent, ale opravdu jenom t\u011bch p\u011bt a n\u011bkdy i m\u00ed\u0148. Jsou k tomu dva d\u016fvody. Jeden z\u00a0nich je, \u017ee opravdu asi na\u0161\u00ed politice a v\u016fbec zemi by neprosp\u011bl trval\u00fd konflikt \u00fastavn\u00edch instituc\u00ed. Pak je to ta druh\u00e1 v\u011bc. Mluvil jsem o tom ned\u00e1vno ve spole\u010denstv\u00ed karlovarsk\u00fdch, z\u00e1pado\u010desk\u00fdch poslanc\u016f a sen\u00e1tor\u016f a \u0159\u00edkal jsem jim, v\u011b\u0159te mi nebo nev\u011b\u0159te, ale kdy\u017e j\u00e1 panu prezidentovi nesu k\u00a0podpisu z\u00e1kony, v\u010detn\u011b t\u011bch, s\u00a0kter\u00fdmi hluboce nesouhlas\u00edm a \u0159\u00edk\u00e1m si, jednou za to p\u0159ijdu do pekla, co mu to nesu k\u00a0podpisu, tak\u017ee to d\u011bl\u00e1m i z\u00a0toho d\u016fvodu, \u017ee si \u0159eknu ano, ten z\u00e1kon je blb\u00fd &#8211; podle m\u00e9ho n\u00e1zoru a podle m\u00e9ho p\u0159esv\u011bd\u010den\u00ed &#8211; ale to, \u017ee m\u00e1 takovouhle podobu, nen\u00ed n\u00e1hodou. Prost\u011b n\u011bkdo ho takhle odhlasoval, je to zrcadlem i v\u00fdsledku voleb i slo\u017een\u00ed politick\u00e9 sc\u00e9ny a tud\u00ed\u017e je k\u00a0tomu t\u0159eba chovat n\u011bjak\u00fd respekt. To je nepochybn\u011b jeden z\u00a0projev\u016f, kdy prezident t\u00edm svorn\u00edkem m\u00e1 b\u00fdt a je.<\/p>\n<p><strong>Ond\u0159ej \u010cern\u00fd:<\/strong><br \/>\nA netvrd\u00edte p\u0159itom, \u017ee sv\u00fdm zp\u016fsobem pop\u00edr\u00e1te sebe sama, proto\u017ee m\u00e1te sv\u016fj n\u00e1zor, hluboce nesouhlas\u00edte s\u00a0t\u00edm, co se v\u00e1m dostane na st\u016fl, ale pln\u00edte tu ve\u0159ejnou objedn\u00e1vku?<\/p>\n<p><strong>Ladislav Jakl:<\/strong><br \/>\nAle tak samoz\u0159ejm\u011b \u010dlov\u011bk taky mus\u00ed respektovat svoji roli a j\u00e1 v\u00a0t\u00e9 roli, v\u00a0kter\u00e9 jsem, ur\u010dit\u011b nejsem v\u00a0roli, abych dr\u017eel hladovku u ka\u017ed\u00e9ho z\u00e1kona. Mus\u00edm v\u011bd\u011bt, \u017ee pracuju v\u00a0n\u011bjak\u00e9 instituci a mimochodem taky jde o to, co t\u00edm t\u0159eba vr\u00e1cen\u00edm z\u00e1kona chcete \u0159\u00edct. Proto\u017ee stejn\u011b v\u011bt\u0161ina t\u011bch vr\u00e1cen\u00fdch z\u00e1kon\u016f je v\u00a0Parlamentu p\u0159ehlasov\u00e1na. Sp\u00ed\u0161 jde o to d\u00e1t najevo n\u011bjak\u00fd z\u00e1sadn\u00ed sign\u00e1l u n\u011bjak\u00e9 principi\u00e1ln\u00ed z\u00e1le\u017eitosti. A kdyby prezident vracel 95 procent z\u00e1kon\u016f, tak je to tak vysok\u00e1 hladina \u0161umu, \u017ee u\u017e si nikdo ani nev\u0161imne t\u011bch argument\u016f, pro kter\u00e9 jednou ten z\u00e1kon se vr\u00e1tit rozhodne.<\/p>\n<p><strong>Ond\u0159ej \u010cern\u00fd:<\/strong><br \/>\n\u0158\u00edk\u00e1 prezident\u016fv tajemn\u00edk Ladislav Jakl, kter\u00fd je dnes hostem Studia \u010cesko. U\u017e jsem zm\u00ednil, \u017ee jste \u0159editelem politick\u00e9ho odboru Pra\u017esk\u00e9ho hradu, jak se v\u00e1m vlastn\u011b spolupracuje se st\u00e1vaj\u00edc\u00ed vl\u00e1dou Petra Ne\u010dase?<\/p>\n<p><strong>Ladislav Jakl:<\/strong><br \/>\nTak ned\u00e1 se \u0159\u00edct, \u017ee bychom byli v\u00a0n\u011bjak\u00e9 trval\u00e9 spolupr\u00e1ci\u2026<\/p>\n<p><strong>Ond\u0159ej \u010cern\u00fd:<\/strong><br \/>\nTak mus\u00edte chodit na vl\u00e1du, Hrad tam m\u016f\u017ee m\u00edt sv\u00e9 z\u00e1stupce, tak\u017ee n\u011bjak\u00fdm zp\u016fsobem mus\u00edte tak\u00e9 komunikovat, jde o sou\u010d\u00e1st v\u00fdkonn\u00e9 moci.<\/p>\n<p><strong>Ladislav Jakl:<\/strong><br \/>\nJe to tak, \u017ee opravdu jeden z\u00e1stupce prezidentsk\u00e9 kancel\u00e1\u0159e &#8211; a je to dokonce zpravidla z\u00e1stupce pr\u00e1v\u011b toho m\u00e9ho politick\u00e9ho odboru &#8211; je na ka\u017ed\u00e9 sch\u016fzi vl\u00e1dy. I kdy\u017e nev\u00edm, jestli toto se d\u00e1 nazvat spoluprac\u00ed. My jsme jedno z\u00a0d\u016fle\u017eit\u00fdch p\u0159ipom\u00ednkov\u00fdch m\u00edst, tak\u017ee na\u0161i experti poradci dost\u00e1vaj\u00ed na st\u016fl k\u00a0posouzen\u00ed n\u011bkter\u00e9 n\u00e1vrhy, n\u00e1pady v\u00a0r\u016fzn\u00e9 f\u00e1zi legislativn\u00edho procesu, ale je fakt, \u017ee prezident republiky m\u00e1 v\u00a0tom \u00fastavn\u00edm syst\u00e9mu svoji roli, jinou roli ne\u017e vl\u00e1da, tak\u017ee \u017ee by tam byla detailn\u00ed spolupr\u00e1ce, to ne. Ano, je to tro\u0161ku jin\u00e1 situace ne\u017e p\u0159i takzvan\u00e9 kohabitaci, kdy prezident a vl\u00e1da je z\u00a0\u00fapln\u011b opa\u010dn\u00e9ho konce politick\u00e9ho spektra, tady to tak \u00fapln\u011b nen\u00ed, i kdy\u017e \u017ee by to byla zase dojemn\u00e1 souhra, to tak\u00e9 nen\u00ed. Ale \u017ee bychom byli v\u00a0denn\u00ed spolupr\u00e1ci, ne, ka\u017ed\u00fd se sna\u017e\u00edme d\u011blat svoji pr\u00e1ci z\u00a0t\u00e9 pozice, v\u00a0kter\u00e9 jsme.<\/p>\n<p><strong>Ond\u0159ej \u010cern\u00fd:<\/strong><br \/>\nTa m\u00e1 ot\u00e1zka sm\u011b\u0159ovala k\u00a0t\u00e9 t\u011bsnosti spolupr\u00e1ce t\u0159eba v\u00a0tom, zda jste byli na Pra\u017esk\u00e9m hrad\u011b informov\u00e1ni o z\u00e1le\u017eitosti, kter\u00e1 se v\u00a0minul\u00e9m t\u00fddnu dala v\u00a0uvozovk\u00e1ch ozna\u010dit za novin\u00e1\u0159skou bombu, tedy odchod Martina Romana z\u00a0pozice \u0161\u00e9fa \u010cEZu. Byla to informace, kterou jste na Hrad\u011b m\u011bli u\u017e p\u0159edt\u00edm k\u00a0dispozici?<\/p>\n<p><strong>Ladislav Jakl:<\/strong><br \/>\nTak j\u00e1 se mus\u00edm p\u0159iznat, ne, nem\u011bli.<\/p>\n<p><strong>Ond\u0159ej \u010cern\u00fd:<\/strong><br \/>\nA vad\u00ed v\u00e1m to nebo ne?<\/p>\n<p><strong>Ladislav Jakl:<\/strong><br \/>\nT\u011b\u017eko \u0159\u00edct. U n\u011bkter\u00fdch v\u011bci si mysl\u00edm, \u017ee by prezident\u2026<\/p>\n<p><strong>Ond\u0159ej \u010cern\u00fd:<\/strong><br \/>\nP\u0159ece jenom v\u0161ichni v\u00edme, jak se Martin Roman d\u00e9monizuje na t\u00e9 pozici, ale je to \u010dlov\u011bk, kter\u00fd vedl dlouho nejv\u00fdnosn\u011bj\u0161\u00ed podnik v\u00a0\u010cesk\u00e9 republice.<\/p>\n<p><strong>Ladislav Jakl:<\/strong><br \/>\nTak je to, zaprv\u00e9 je to v\u00fdsostn\u00e1 role vl\u00e1dy a t\u011b\u017eko do toho n\u011bkdo m\u016f\u017ee vl\u00e1d\u011b z\u00e1sadn\u011b mluvit, to zaprv\u00e9. Ale m\u00e1te pravdu v\u00a0tom, \u017ee to je v\u011bc, kter\u00e1 se t\u00fdk\u00e1 docela \u0161ir\u0161\u00edho r\u00e1mce, ekonomick\u00e9ho, spole\u010densk\u00e9ho a \u010dlov\u011bk by o\u010dek\u00e1val, \u017ee takov\u00e1to zm\u011bna vznikne po n\u011bjak\u00e9 debat\u011b na n\u011bjak\u00fdch \u00farovn\u00edch. Na druhou stranu je to docela v\u011bc citliv\u00e1, tyto zm\u011bny \u010dasto h\u00fdbou i s\u00a0kurzy a s\u00a0majetky, tak\u017ee na druhou stranu respektuji to, \u017ee se ta v\u011bc odehr\u00e1la i v\u00a0ur\u010dit\u00e9m rychlej\u0161\u00edm a ne zrovna ve\u0159ejn\u011bj\u0161\u00edm re\u017eimu.<\/p>\n<p><strong>Ond\u0159ej \u010cern\u00fd:<\/strong><br \/>\nA z\u00a0t\u00e9 va\u0161\u00ed zku\u0161enost \u0161lo o exces nebo je to pravidlo, \u017ee se na Hrad\u011b dozv\u00edd\u00e1te tyto informace a\u017e ex post?<\/p>\n<p><strong>Ladislav Jakl:<\/strong><br \/>\nJ\u00e1 bych ne\u0159ekl, \u017ee to je pravidlo. Rozum\u00edm tomu, \u017ee toto byla speci\u00e1ln\u00ed chv\u00edle.<\/p>\n<p><strong>Ond\u0159ej \u010cern\u00fd:<\/strong><br \/>\nZ\u00edtra u\u017e pot\u0159et\u00ed by o podob\u011b st\u00e1tn\u00edho rozpo\u010dtu m\u011bli jednat minist\u0159i vl\u00e1dy Petra Ne\u010dase. Jeho podobu krom\u011b opozice kritizuj\u00ed tak\u00e9 odbory a z\u00e1stupci zam\u011bstnavatel\u016f, kte\u0159\u00ed upozor\u0148uj\u00ed na nere\u00e1lnost \u010d\u00edsel v\u00a0p\u0159edkl\u00e1dan\u00e9m n\u00e1vrhu, ale podle ministra pr\u00e1ce a soci\u00e1ln\u00edch v\u011bc\u00ed Jarom\u00edra Dr\u00e1bka nelze podobu rozpo\u010dtu n\u011bjak v\u00fdrazn\u011b zm\u011bnit.<\/p>\n<p><strong>Host &#8211; Jarom\u00edr Dr\u00e1bek:<\/strong><br \/>\nTy pr\u00e1ce na rozpo\u010dtu prob\u00edhaj\u00ed od dubna, od kv\u011btna leto\u0161n\u00edho roku a nen\u00ed mo\u017en\u00e9 tu strukturu zm\u011bnit za t\u00fdden nebo za dva t\u00fddny. Samoz\u0159ejm\u011b budeme d\u00e1l diskutovat o tom, jak se pr\u016fb\u011b\u017en\u011b bude vyv\u00edjet predikce, ale i skute\u010dnost v\u00a0p\u0159\u00ed\u0161t\u00edm roce.<\/p>\n<p><strong>Ond\u0159ej \u010cern\u00fd:<\/strong><br \/>\nU\u017e na Hrad\u011b v\u00edte, zda, kdy\u017e tedy vl\u00e1da pl\u00e1nuje rozs\u00e1hl\u00e9 \u0161krty, dopadnou i na rozpo\u010det Pra\u017esk\u00e9ho hradu?<\/p>\n<p><strong>Ladislav Jakl:<\/strong><br \/>\nTak d\u00e1 se to p\u0159edpokl\u00e1dat. Zat\u00edm v\u017edy dopadaly na rozpo\u010det Pra\u017esk\u00e9ho hradu a Pra\u017esk\u00fd hrad se s\u00a0t\u00edm v\u017edycky n\u011bjak\u00fdm zp\u016fsobem vyrovnal. U\u017e proto, \u017ee V\u00e1clav  Klaus je pov\u011bstn\u00fd \u0161et\u0159il a nepochybn\u011b by necht\u011bl b\u00fdt ten, o kom se mluv\u00ed, jako\u017ee utr\u00e1c\u00ed. Ale j\u00e1 nav\u00e1\u017eu je\u0161t\u011b na tu va\u0161i ot\u00e1zku. Zrovna kdy\u017e jsem vystupoval z\u00a0auta te\u010f tady p\u0159ed \u010cesk\u00fdm rozhlasem, tak se mi objevila zpr\u00e1va v\u00a0mobiln\u00edm telefonu, \u017ee Mezin\u00e1rodn\u00ed m\u011bnov\u00fd fond opravil predikci v\u00fdvoje \u010desk\u00e9 ekonomiky z\u00a02,9 na p\u0159\u00ed\u0161t\u00ed rok na 1,9 procenta. To u\u017e jsou miliardov\u00e9 potenci\u00e1ln\u00ed v\u00fdpadky v\u00a0rozpo\u010dtu a proto na t\u00e9ma, jestli to jsou re\u00e1ln\u00e9 parametry tohoto rozpo\u010dtu nebo nejsou, tak to je docela nam\u00edst\u011b. Ale u toho rozpo\u010dtu nen\u00ed d\u016fle\u017eit\u00e1 jenom jeho re\u00e1lnost, co se t\u00fd\u010de odhadu schodku. J\u00e1 mysl\u00edm, \u017ee d\u016fle\u017eit\u011bj\u0161\u00ed je n\u011bco jin\u00e9ho. My jsme loni sly\u0161eli, kdy\u017e se p\u0159ipravoval rozpo\u010det na rok 2011, od vl\u00e1dy, \u017ee je t\u0159eba d\u011blat nouzov\u00e1 opat\u0159en\u00ed s\u00a0c\u00edlem aktu\u00e1ln\u011b zabr\u00e1nit hlubok\u00e9mu propadu.<\/p>\n<p><strong>Ond\u0159ej \u010cern\u00fd:<\/strong><br \/>\nPremi\u00e9r mluvil o \u0161krtech.<\/p>\n<p><strong>Ladislav Jakl:<\/strong><br \/>\n\u010cili nutn\u00e9 bolestn\u00e9 \u0161krty a \u017ee cel\u00fd rok 2011 bude v\u011bnov\u00e1n syst\u00e9mov\u00fdm zm\u011bn\u00e1m a reform\u00e1m, tak\u017ee nap\u0159\u00ed\u0161t\u011b m\u016f\u017eete tak\u00e9 o\u010dek\u00e1vat \u00faspory a \u0161krty, ale u\u017e v\u00a0r\u00e1mci n\u011bjak\u00fdch zm\u011bn, kter\u00e9 budou m\u00edt perspektivu, budou m\u00edt o\u010di.<\/p>\n<p><strong>Ond\u0159ej \u010cern\u00fd:<\/strong><br \/>\nA vy to nevid\u00edte?<\/p>\n<p><strong>Ladislav Jakl:<\/strong><br \/>\nA j\u00e1 to nevid\u00edm. J\u00e1 mysl\u00edm, \u017ee\u2026<\/p>\n<p><strong>Ond\u0159ej \u010cern\u00fd:<\/strong><br \/>\nV\u00e1m ty reformy, kter\u00e9 vl\u00e1da p\u0159edkl\u00e1d\u00e1, nesta\u010d\u00ed?<\/p>\n<p><strong>Ladislav Jakl:<\/strong><br \/>\nJ\u00e1 mysl\u00edm, \u017ee jsou to parametrick\u00e9 zm\u011bny, \u017ee jsou to zm\u011bny n\u011bkter\u00fdch ukazatel\u016f. J\u00e1 bych \u2026<\/p>\n<p><strong>Ond\u0159ej \u010cern\u00fd:<\/strong><br \/>\nTedy zved\u00e1te nad t\u011bmi n\u00e1vrhy reforem obo\u010d\u00ed?<\/p>\n<p><strong>Ladislav Jakl:<\/strong><br \/>\nJ\u00e1 bych si slovo reforma p\u0159edstavoval opravdu jako n\u011bco mnohem z\u00e1sadn\u011bj\u0161\u00edho, komplexn\u011bj\u0161\u00edho, co v\u016fbec uprav\u00ed vztah st\u00e1tu, ob\u010dana, m\u00edru zasahov\u00e1n\u00ed st\u00e1tu do ekonomiky a m\u00edsto toho jsme sp\u00ed\u0161e sv\u011bdky druh\u00e9ho kola \u0161et\u0159en\u00ed, mo\u017en\u00e1 o tro\u0161i\u010dku sofistikovan\u011bj\u0161\u00edho, ne\u017e bylo to hur\u00e1 \u0161et\u0159en\u00ed loni, ale m\u00e1m-li to \u0159\u00edct s\u00e1m za sebe, tak j\u00e1 na reformu s\u00a0velk\u00fdm R po\u0159\u00e1d je\u0161t\u011b \u010dek\u00e1m a \u0159\u00edk\u00e1m si, jestli se do\u010dk\u00e1me p\u0159\u00ed\u0161t\u00ed rok, nev\u00edme.<\/p>\n<p><strong>Ond\u0159ej \u010cern\u00fd:<\/strong><br \/>\nTak prezident ostatn\u011b mluvil u\u017e t\u0159eba v\u00a0minulosti o d\u016fchodov\u00e9 reform\u011b, ta m\u00e1 jen v\u00a0prvn\u00edm roce sv\u00e9 platnosti v\u00a0roce 2013 p\u0159ij\u00edt na 20-27 miliard korun a o prohlouben\u00ed deficitu penzijn\u00edho fondu tedy mluvil i prezident republiky, ale jsou t\u0159eba n\u011bkter\u00e9 z\u00a0t\u011bch n\u00e1vrh\u016f, kter\u00e9 vl\u00e1da ozna\u010duje za reformy, zral\u00e9 na prezidentsk\u00e9 veto?<\/p>\n<p><strong>Ladislav Jakl:<\/strong><br \/>\nTo j\u00e1 nev\u00edm, proto\u017ee\u2026<\/p>\n<p><strong>Ond\u0159ej \u010cern\u00fd:<\/strong><br \/>\nTak budete radit prezidentovi\u2026<\/p>\n<p><strong>Ladislav Jakl:<\/strong><br \/>\nTa ot\u00e1zka spr\u00e1vn\u011b by m\u011bla zn\u00edt, jestli j\u00e1 bych eventueln\u011b radil panu prezidentovi vr\u00e1cen\u00ed. V\u00edte, jestli je n\u011bjak\u00e1 \u010d\u00e1st t\u011bch zm\u011bn, kter\u00e9, ke kter\u00fdm je m\u016fj souhlas nejd\u00e1l, tak jsou to pr\u00e1v\u011b zm\u011bny d\u016fchod\u016f. Mysl\u00edm, \u017ee se ub\u00edraj\u00ed \u00fapln\u011b opa\u010dn\u00fdm sm\u011brem, ne\u017e se maj\u00ed ub\u00edrat. Myslel jsem si, \u017ee podstatou t\u011bch zm\u011bn bude p\u0159esn\u011bj\u0161\u00ed definice, jak\u00e9 je vymezen\u00ed ve\u0159ejn\u00e9ho z\u00e1jmu v\u016fbec v\u00a0oblasti d\u016fchod\u016f. M\u00edsto toho tady vznikaj\u00ed n\u011bjak\u00e9 mezistupn\u011b mezi ve\u0159ejn\u00fdm sektorem a soukrom\u00fdm sektorem. Mimochodem dotyk mezi ve\u0159ejn\u00fdm sektorem a soukrom\u00fdm sektorem, to je v\u017edycky to m\u011bkk\u00e9 maso, do kter\u00e9ho se snadno kou\u0161e a kde se pen\u00edze nejsn\u00e1ze ztr\u00e1cej\u00ed. A ob\u00e1v\u00e1m se, \u017ee tyto zm\u011bny p\u0159\u00ed\u0161t\u00ed perspektivn\u00ed a nutn\u00e9 zm\u011bny mo\u017en\u00e1 dokonce sp\u00ed\u0161e zt\u00ed\u017e\u00ed.<\/p>\n<p><strong>Ond\u0159ej \u010cern\u00fd:<\/strong><br \/>\nOd Ladislava Jakla k\u00a0prezidentu V\u00e1clavu Klausovi. Obejde se \u010desk\u00e1 politika v\u016fbec do budoucna bez V\u00e1clava Klause?<\/p>\n<p><strong>Ladislav Jakl:<\/strong><br \/>\nAle tak to v\u00edte, \u017ee \u017e\u00e1dn\u00fd \u010dlov\u011bk na sv\u011bt\u011b nen\u00ed nenahraditeln\u00fd. J\u00e1 si mysl\u00edm, \u017ee V\u00e1clav Klaus v\u00a0ka\u017ed\u00e9m p\u0159\u00edpad\u011b je \u010desk\u00e9 politice u\u017eite\u010dn\u00fd a jsem p\u0159esv\u011bd\u010den, \u017ee u\u017eite\u010dn\u00fd bude, v\u00a0jak\u00e9 roli, to si v\u016fbec netrouf\u00e1m \u0159\u00edct, ale myslet si, \u017ee bude obj\u00edmat stromy nebo \u017ee zmiz\u00ed z\u00a0re\u00e1ln\u00e9ho \u017eivota, to ur\u010dit\u011b ne. V\u00a0n\u011bjak\u00e9 podob\u011b jeho hlas sly\u0161et bude a j\u00e1 jsem p\u0159esv\u011bd\u010den o tom, \u017ee to bude ku prosp\u011bchu v\u011bci.<\/p>\n<p><strong>Ond\u0159ej \u010cern\u00fd:<\/strong><br \/>\nA jak\u00e1 podoba by mu nejv\u00edce slu\u0161ela? Bude to, te\u010f u\u017e se d\u00edv\u00e1me skute\u010dn\u011b tedy hodn\u011b do budoucna, a\u017e mu skon\u010d\u00ed druh\u00fd prezidentsk\u00fd mand\u00e1t, jak\u00e1 pozice by \u010dlov\u011bku, kter\u00fd zast\u00e1val po dv\u011b obdob\u00ed prezidentskou pozici, by mu je\u0161t\u011b mohla slu\u0161et, v\u00a0\u010desk\u00e9 politice?<\/p>\n<p><strong>Ladislav Jakl:<\/strong><br \/>\nTuto ot\u00e1zku dost\u00e1v\u00e1m a odpov\u00edd\u00e1m na ni v\u017edy podobn\u011b. V\u011b\u0159te mi nebo ne, ale j\u00e1 se nad t\u00edm n\u011bjak hluboce nezam\u00fd\u0161l\u00edm\u2026<\/p>\n<p><strong>Ond\u0159ej \u010cern\u00fd:<\/strong><br \/>\nTak kdybyste se te\u010f zamyslel nahlas.<\/p>\n<p><strong>Ladislav Jakl:<\/strong><br \/>\nProto\u017ee, ne, ani k\u00a0tomu nem\u00e1m hlubokou vnit\u0159n\u00ed motivaci, proto\u017ee j\u00e1 si mysl\u00edm, \u017ee m\u00e1me je\u0161t\u011b setsakramentsky dost pr\u00e1ce a j\u00e1 si mysl\u00edm, \u017ee by nikdo na sv\u011bt\u011b nevydr\u017eel st\u00e1t jeden a p\u016fl roku na jedn\u00e9 noze. Pak by teprve zjistil, \u017ee to je hodn\u011b dlouh\u00e1 doba. Ona to fakt nen\u00ed kr\u00e1tk\u00e1 doba. N\u011bkter\u00e9 funk\u010dn\u00ed obdob\u00ed jsou dlouh\u00e1 1,5 roku. Mo\u017en\u00e1, \u017ee 1,5 roku je pr\u016fm\u011brn\u00e1 doba funk\u010dn\u00edho obdob\u00ed n\u011bkter\u00fdch ministr\u016f na n\u011bkter\u00fdch resortech, tak\u017ee j\u00e1 bych V\u00e1clav Klause v\u00a0roli prezidenta v\u016fbec je\u0161t\u011b neodepisoval, ur\u010dit\u011b v\u00a0t\u00e9to roli m\u00e1 je\u0161t\u011b co \u0159\u00edct, ale z\u00e1rove\u0148 ur\u010dit\u011b bude m\u00edt co \u0159\u00edct a n\u011bjakou platformu jak to \u0159\u00edct i potom.<\/p>\n<p><strong>Ond\u0159ej \u010cern\u00fd:<\/strong><br \/>\nTak je zde p\u0159edobraz u\u017e jin\u00e9ho prezidenta, kter\u00fd dokon\u010dil sv\u016fj mand\u00e1t a n\u011bjak\u00fdm zp\u016fsobem komentuje \u010deskou politickou sc\u00e9nu. Je to pozice, kter\u00e1 by byla adekv\u00e1tn\u00ed V\u00e1clavu Klausovi nebo podle v\u00e1s toto nen\u00ed na m\u00edst\u011b a \u2026<\/p>\n<p><strong>Ladislav Jakl:<\/strong><br \/>\nM\u00e1te na mysli V\u00e1clava Havla. Jednak si mysl\u00edm, \u017ee z\u00a0r\u016fzn\u00fdch d\u016fvod\u016f, kter\u00e9 t\u011b\u017eko kritizovat, V\u00e1clav Havel za posledn\u00edch osm let zas tak moc sly\u0161et nebyl. M\u011bl, ale \u0159\u00edk\u00e1m z\u00a0d\u016fvod\u016f \u010dasto i pochopiteln\u00fdch, kter\u00e9 nehodl\u00e1m kritizovat, mnoham\u011bs\u00ed\u010dn\u00ed obdob\u00ed, kdy se v\u016fbec k\u00a0dom\u00e1c\u00edmu d\u011bn\u00ed nevyslovoval a pak se t\u0159eba vyslovil k\u00a0n\u011b\u010demu velmi odta\u017eit\u00e9mu, co se konkr\u00e9tn\u00edch \u017eivot\u016f t\u00fdkalo jenom velmi m\u00e1lo, to zaprv\u00e9. A zadruh\u00e9 V\u00e1clav Havel pro tato sv\u00e1 vyj\u00e1d\u0159en\u00ed mo\u017en\u00e1 nem\u00e1 dostate\u010dnou nebo nem\u011bl dostate\u010dnou institucion\u00e1ln\u00ed platformu. To si mysl\u00edm, \u017ee by V\u00e1clav Klaus n\u011bjakou m\u00edt m\u011bl.<\/p>\n<p><strong>Ond\u0159ej \u010cern\u00fd:<\/strong><br \/>\nCo to znamen\u00e1 institucion\u00e1ln\u00ed platforma? Strana nebo knihovna nebo co?<\/p>\n<p><strong>Ladislav Jakl:<\/strong><br \/>\nStrana nebo knihovna nebo n\u011bco.<\/p>\n<p><strong>Ond\u0159ej \u010cern\u00fd:<\/strong><br \/>\nV\u00e1clav Klaus jako \u010destn\u00fd p\u0159edseda nebo ve v\u00fdkonn\u00e9 politice? Proto\u017ee p\u0159edpokl\u00e1d\u00e1m, \u017ee V\u00e1clava Klause vn\u00edm\u00e1te jako st\u00e1tn\u00edka.<\/p>\n<p><strong>Ladislav Jakl:<\/strong><br \/>\nNo tak samoz\u0159ejm\u011b.<\/p>\n<p><strong>Ond\u0159ej \u010cern\u00fd:<\/strong><br \/>\nNebyla by ho tedy posl\u00e9ze pro \u010deskou politiku \u0161koda jako st\u00e1tn\u00edka?<\/p>\n<p>Host (Ladislav  Jakl):<br \/>\nJ\u00e1 si mysl\u00edm, \u017ee v\u00a0r\u016fzn\u00fdch f\u00e1z\u00edch \u017eivota \u010dlov\u011bku slu\u0161\u00ed r\u016fzn\u00e9 role. Kdybyste se m\u011b zeptal p\u0159ed osmi, dev\u00edti lety, jestli si p\u0159eji, aby V\u00e1clav  Klaus byl prezidentem, tak bych v\u00e1m odpov\u011bd\u011bl, \u017ee se mi na to zd\u00e1 je\u0161t\u011b mlad\u00fd. \u017de si mysl\u00edm, \u017ee by je\u0161t\u011b m\u011bl n\u011bjakou dobu fungovat v\u00a0exekutiv\u011b a \u017ee bych byl r\u00e1d, kdyby si st\u0159ihnul t\u0159eba je\u0161t\u011b jedno volebn\u00ed obdob\u00ed jako \u010desk\u00fd premi\u00e9r a \u017ee by to bylo pro \u010ceskou republiku dob\u0159e. To se nestalo, V\u00e1clav  Klaus se stal prezidentem a j\u00e1 mysl\u00edm, \u017ee i t\u00e9 zm\u011bn\u011b jednak v\u011bku, jednak t\u00e9 role, slu\u0161\u00ed ur\u010dit\u00e1 jin\u00e1 m\u00edra obecnosti, jin\u00e1 m\u00edra denn\u00ed anga\u017eovanost v\u00a0jednotliv\u00fdch v\u011bcech, jin\u00e1 m\u00edra n\u011bjak\u00e9ho odstupu. T\u011bma o\u010dima se na to d\u00edv\u00e1m. To znamen\u00e1, \u017ee si nemysl\u00edm, \u017ee v\u00a0tomto v\u00fdvoji je tak jednoduch\u00e9 ud\u011blat deset krok\u016f zp\u00e1tky. V\u011bt\u0161inou se jde v\u00a0tomto v\u00fdvoji po\u0159\u00e1d dop\u0159edu. Ale to je\u2026<\/p>\n<p><strong>Ond\u0159ej \u010cern\u00fd:<\/strong><br \/>\nAle j\u00e1 se pt\u00e1m, co ten krok dop\u0159edu, kdy\u017e \u0159\u00edk\u00e1te, \u017ee nen\u00ed mo\u017en\u00e9 v\u00a0tomto v\u011bku d\u011blat snadno deset krok\u016f zp\u00e1tky, co je tedy ten krok dop\u0159edu?<\/p>\n<p><strong>Ladislav Jakl:<\/strong><br \/>\nAle to nen\u00ed ani d\u016fle\u017eit\u00fd, co si o tom mysl\u00edm j\u00e1, co je krok dop\u0159edu, co je zp\u00e1tky. J\u00e1 jenom \u0159\u00edk\u00e1m, \u017ee \u010dlov\u011bk sp\u00ed\u0161 zraje, sp\u00ed\u0161 nab\u00fdv\u00e1 na obecnosti, ale konec konc\u016f zn\u00e1me v\u00a0d\u011bjin\u00e1ch p\u0159\u00edpady t\u011bch deseti krok\u016f zp\u00e1tky, zn\u00e1me je u velk\u00e9ho politick\u00e9ho comebacku Charlese de Gaulla a mo\u017en\u00e1 \u017ee bychom takov\u00fdch p\u0159\u00edklad\u016f na\u0161li v\u00edc, mo\u017en\u00e1 by to bylo pro \u010ceskou republiku docela prosp\u011b\u0161n\u00e9, ale V\u00e1clavu Klausovi jako \u010dlov\u011bk bych to moc nep\u0159\u00e1l.<\/p>\n<p><strong>Ond\u0159ej \u010cern\u00fd:<\/strong><br \/>\nNa z\u00e1v\u011br k\u00a0v\u00e1m osobn\u011b. Co vy a politika, a\u017e skon\u010d\u00edte na Hrad\u011b?<\/p>\n<p><strong>Ladislav Jakl:<\/strong><br \/>\nNo tak j\u00e1 jsem se o politiku zab\u00fdval v\u017edycky, zab\u00fdvat se\u2026<\/p>\n<p><strong>Ond\u0159ej \u010cern\u00fd:<\/strong><br \/>\nPr\u00e1v\u011b proto se pt\u00e1m.<\/p>\n<p><strong>Ladislav Jakl:<\/strong><br \/>\nZaj\u00edmat se o ni budu tak\u00e9 v\u017edycky. Budu se sna\u017eit ur\u010dit\u011b mluvit do ve\u0159ejn\u00fdch v\u011bc\u00ed na z\u00e1klad\u011b n\u00e1zor\u016f\u2026<\/p>\n<p><strong>Ond\u0159ej \u010cern\u00fd:<\/strong><br \/>\nI jako stran\u00edk.<\/p>\n<p><strong>Ladislav Jakl:<\/strong><br \/>\nSv\u00fdch. V\u00a0jak\u00e9 podob\u011b, v\u00a0jak\u00e9 form\u011b, to nev\u00edm. Jestli to bude moje hlavn\u00ed n\u00e1pl\u0148 nebo jedna z\u00a0vedlej\u0161\u00edch, to nev\u00edm, ale byl bych r\u00e1d, kdybych m\u011bl n\u011bjakou \u0161anci je\u0161t\u011b to ve\u0159ejn\u00e9 d\u011bn\u00ed n\u011bjak sledovat a n\u011bco k\u00a0n\u011bmu \u0159\u00edkat.<\/p>\n<p><strong>Ond\u0159ej \u010cern\u00fd:<\/strong><br \/>\nA se stranickou kn\u00ed\u017ekou nebo bez?<\/p>\n<p><strong>Ladislav Jakl:<\/strong><br \/>\nV\u00edte, m\u011b je\u2026<\/p>\n<p><strong>Ond\u0159ej \u010cern\u00fd:<\/strong><br \/>\nU\u017e opravdu jenom stru\u010dn\u011b, pros\u00edm.<\/p>\n<p><strong>Ladislav Jakl:<\/strong><br \/>\nM\u011b je 51,5 roku, mo\u017en\u00e1 o tro\u0161ku v\u00edc, do nyn\u011bj\u0161ka jsem v\u00a0\u017e\u00e1dn\u00e9 stran\u011b nebyl, pro m\u011b takov\u00e9 rozhodnut\u00ed by bylo hodn\u011b slo\u017eit\u00e9 a mo\u017en\u00e1 i bolestn\u00e9.<\/p>\n<p><strong>Ond\u0159ej \u010cern\u00fd:<\/strong><br \/>\nTolik Ladislav Jakl. D\u011bkujeme a na sly\u0161enou.<\/p>\n<p><strong>Ladislav Jakl:<\/strong><br \/>\nA j\u00e1 d\u011bkuji za pozv\u00e1n\u00ed.<\/p>\n<p><strong>AUDIO:<\/strong><\/p>\n<p><strong><object classid=\"clsid:d27cdb6e-ae6d-11cf-96b8-444553540000\" width=\"231\" height=\"39\" codebase=\"http:\/\/download.macromedia.com\/pub\/shockwave\/cabs\/flash\/swflash.cab#version=6,0,40,0\"><param name=\"src\" value=\"https:\/\/www.ladislavjakl.cz\/data\/JAKL_231_39_2.swf\" \/><embed type=\"application\/x-shockwave-flash\" width=\"231\" height=\"39\" src=\"https:\/\/www.ladislavjakl.cz\/data\/JAKL_231_39_2.swf\"><\/embed><\/object><br \/>\n<\/strong><\/p>\n","protected":false},"excerpt":{"rendered":"<p>\u010cRO R\u00c1DIO \u010cESKO, Rozhovor s\u00a0Ladislavem Jaklem, Zdroj:\u00a0\u010cRo R\u00e1dio \u010cesko Datum:\u00a020.09.2011 Relace:\u00a0Studio \u010cesko (\u010dl\u00e1nek je doslovn\u00fdm p\u0159episem rozhovoru. Audio z\u00e1znam rozhovoru je um\u00edst\u011bn na konci p\u0159\u00edsp\u011bvku)<\/p>\n","protected":false},"author":1,"featured_media":0,"comment_status":"open","ping_status":"open","sticky":false,"template":"","format":"standard","meta":{"ngg_post_thumbnail":0,"footnotes":""},"categories":[13],"tags":[],"class_list":["post-1287","post","type-post","status-publish","format-standard","hentry","category-rozhovory"],"_links":{"self":[{"href":"https:\/\/www.ladislavjakl.cz\/index.php?rest_route=\/wp\/v2\/posts\/1287","targetHints":{"allow":["GET"]}}],"collection":[{"href":"https:\/\/www.ladislavjakl.cz\/index.php?rest_route=\/wp\/v2\/posts"}],"about":[{"href":"https:\/\/www.ladislavjakl.cz\/index.php?rest_route=\/wp\/v2\/types\/post"}],"author":[{"embeddable":true,"href":"https:\/\/www.ladislavjakl.cz\/index.php?rest_route=\/wp\/v2\/users\/1"}],"replies":[{"embeddable":true,"href":"https:\/\/www.ladislavjakl.cz\/index.php?rest_route=%2Fwp%2Fv2%2Fcomments&post=1287"}],"version-history":[{"count":5,"href":"https:\/\/www.ladislavjakl.cz\/index.php?rest_route=\/wp\/v2\/posts\/1287\/revisions"}],"predecessor-version":[{"id":1292,"href":"https:\/\/www.ladislavjakl.cz\/index.php?rest_route=\/wp\/v2\/posts\/1287\/revisions\/1292"}],"wp:attachment":[{"href":"https:\/\/www.ladislavjakl.cz\/index.php?rest_route=%2Fwp%2Fv2%2Fmedia&parent=1287"}],"wp:term":[{"taxonomy":"category","embeddable":true,"href":"https:\/\/www.ladislavjakl.cz\/index.php?rest_route=%2Fwp%2Fv2%2Fcategories&post=1287"},{"taxonomy":"post_tag","embeddable":true,"href":"https:\/\/www.ladislavjakl.cz\/index.php?rest_route=%2Fwp%2Fv2%2Ftags&post=1287"}],"curies":[{"name":"wp","href":"https:\/\/api.w.org\/{rel}","templated":true}]}}