{"id":12871,"date":"2022-09-09T09:07:00","date_gmt":"2022-09-09T07:07:00","guid":{"rendered":"https:\/\/www.ladislavjakl.cz\/?p=12871"},"modified":"2022-09-09T09:07:00","modified_gmt":"2022-09-09T07:07:00","slug":"tiskova-zprava-z-13-zasedani-rady-konaneho-dne-30-8-2022","status":"publish","type":"post","link":"https:\/\/www.ladislavjakl.cz\/?p=12871","title":{"rendered":"Tiskov\u00e1 zpr\u00e1va z 13. zased\u00e1n\u00ed Rady, konan\u00e9ho dne 30. 8. 2022"},"content":{"rendered":"<p>Rada pro rozhlasov\u00e9 a televizn\u00ed vys\u00edl\u00e1n\u00ed (d\u00e1le jen &#8222;Rada&#8220;) na sv\u00e9m 13. zased\u00e1n\u00ed projednala 45 bod\u016f programu. Vyhodnotila 27 st\u00ed\u017enost\u00ed div\u00e1k\u016f a poslucha\u010d\u016f, vydala sedm upozorn\u011bn\u00ed na poru\u0161en\u00ed z\u00e1kona, rozhodla o zah\u00e1jen\u00ed t\u0159\u00ed spr\u00e1vn\u00edch \u0159\u00edzen\u00ed.<\/p>\n<p><!--more--><br \/>\nRada na sv\u00e9m 13. zased\u00e1n\u00ed ud\u011blila dv\u011b licence, a to spole\u010dnosti FIBERA s.r.o. licenci k provozov\u00e1n\u00ed televizn\u00edho vys\u00edl\u00e1n\u00ed programu IFK Region\u00e1ln\u00ed televize, \u0161\u00ed\u0159en\u00e9ho prost\u0159ednictv\u00edm kabelov\u00fdch syst\u00e9m\u016f, a spole\u010dnosti FILM EUROPE, s.r.o. licenci k provozov\u00e1n\u00ed televizn\u00edho vys\u00edl\u00e1n\u00ed programu Film Europe, \u0161\u00ed\u0159en\u00e9ho prost\u0159ednictv\u00edm dru\u017eic a kabelov\u00fdch syst\u00e9m\u016f.<br \/>\nNa 13. zased\u00e1n\u00ed prob\u011bhlo ve\u0159ejn\u00e9 sly\u0161en\u00ed v \u0159\u00edzen\u00ed o ud\u011blen\u00ed licence k provozov\u00e1n\u00ed rozhlasov\u00e9ho vys\u00edl\u00e1n\u00ed \u0161\u00ed\u0159en\u00e9ho prost\u0159ednictv\u00edm vys\u00edla\u010d\u016f se souborem technick\u00fdch parametr\u016f Svitavy 1 98,9 MHz \/ 200 W.<br \/>\nPodrobn\u011bj\u0161\u00ed informace naleznete v p\u0159episech usnesen\u00ed Rady:<br \/>\nROZHLASOV\u00c9 VYS\u00cdL\u00c1N\u00cd<br \/>\n&#8211; Rada na ve\u0159ejn\u00e9m sly\u0161en\u00ed v \u0159\u00edzen\u00ed o ud\u011blen\u00ed licence k provozov\u00e1n\u00ed rozhlasov\u00e9ho vys\u00edl\u00e1n\u00ed \u0161\u00ed\u0159en\u00e9ho prost\u0159ednictv\u00edm vys\u00edla\u010d\u016f se souborem technick\u00fdch parametr\u016f Svitavy 1 98,9 MHz \/ 200 W, sou\u0159adnice WGS84: 16 28 26 \/ 49 44 42 projednala se \u017eadatelem ot\u00e1zky t\u00fdkaj\u00edc\u00ed se programov\u00e9 skladby navrhovan\u00e9 \u00fa\u010dastn\u00edkem licen\u010dn\u00edho \u0159\u00edzen\u00ed.<br \/>\n&#8211; Rada v r\u00e1mci sv\u00e9 kompetence dan\u00e9 ustanoven\u00edm \u00a7 5 p\u00edsm. b) a v souladu s \u00a7 21 odst. 1 p\u00edsm. b) a odst. 3 z\u00e1kona \u010d. 231\/2001 Sb. p\u0159ijala ve v\u011bci \u017e\u00e1dosti provozovatele Route Radio s.r.o., I\u010c: 27852414, se s\u00eddlem Stavebn\u00ed 992\/1, 70800 Ostrava, o zm\u011bnu skute\u010dnost\u00ed uveden\u00fdch v \u017e\u00e1dosti o licenci k provozov\u00e1n\u00ed rozhlasov\u00e9ho vys\u00edl\u00e1n\u00ed programu R\u00e1dio D\u00e1lnice (licence sp.zn.: 2014\/257\/zab, prodlou\u017eeno sp. zn.: 2019\/889\/blu), a to o zm\u011bn\u011b \u00fazemn\u00edho rozsahu vys\u00edl\u00e1n\u00ed a souboru technick\u00fdch parametr\u016f spo\u010d\u00edvaj\u00edc\u00ed ve zm\u011bn\u011b stanovi\u0161t\u011b kmito\u010dtu Slav\u00ed\u010d 90,2 MHz \/ 50 W, toto rozhodnut\u00ed: Rada ud\u011bluje provozovateli Route Radio s.r.o., I\u010c: 27852414, se s\u00eddlem Stavebn\u00ed 992\/1, 70800 Ostrava, souhlas se zm\u011bnou skute\u010dnost\u00ed uveden\u00fdch v \u017e\u00e1dosti o licenci k provozov\u00e1n\u00ed rozhlasov\u00e9ho vys\u00edl\u00e1n\u00ed prost\u0159ednictv\u00edm vys\u00edla\u010d\u016f programu R\u00e1dio D\u00e1lnice (licence sp.zn.: 2014\/257\/zab. prodlou\u017eeno sp. zn.: 2019\/889\/blu), a to o zm\u011bn\u011b \u00fazemn\u00edho rozsahu vys\u00edl\u00e1n\u00ed a souboru technick\u00fdch parametr\u016f spo\u010d\u00edvaj\u00edc\u00ed ve zm\u011bn\u011b stanovi\u0161t\u011b kmito\u010dtu Slav\u00ed\u010d 90,2 MHz \/ 50 W na nov\u00e9 stanovi\u0161t\u011b Slav\u00ed\u010d 90,2 MHz \/ 50 W, sou\u0159adnice WGS 84: 17 39 08 \/ 49 32 52.<br \/>\n&#8211; Rada v r\u00e1mci sv\u00e9 kompetence dan\u00e9 ustanoven\u00edm \u00a7 5 p\u00edsm. b) a v souladu s \u00a7 21 odst. 1 p\u00edsm. b) a odst. 3 z\u00e1kona \u010d. 231\/2001 Sb. p\u0159ijala ve v\u011bci \u017e\u00e1dosti provozovatele MEDIA BOHEMIA a.s., I\u010c: 26765586, se s\u00eddlem B\u011blehradsk\u00e1 299\/132, Vinohrady, 120 00 Praha 2, o zm\u011bnu skute\u010dnost\u00ed uveden\u00fdch v \u017e\u00e1dosti o licenci k provozov\u00e1n\u00ed rozhlasov\u00e9ho vys\u00edl\u00e1n\u00ed programu Hitr\u00e1dio North Music (licence \u010d.j.: Ru\/103\/01), a to o zm\u011bn\u011b \u00fazemn\u00edho rozsahu vys\u00edl\u00e1n\u00ed a souboru technick\u00fdch parametr\u016f spo\u010d\u00edvaj\u00edc\u00ed ve zm\u011bn\u011b stanovi\u0161t\u011b kmito\u010dtu Terez\u00edn 90,5 MHz \/ 100 W, toto rozhodnut\u00ed: Rada ud\u011bluje provozovateli MEDIA BOHEMIA a.s., I\u010c: 26765586, se s\u00eddlem B\u011blehradsk\u00e1 299\/132, Vinohrady, 120 00 Praha 2, souhlas se zm\u011bnou skute\u010dnost\u00ed uveden\u00fdch v \u017e\u00e1dosti o licenci k provozov\u00e1n\u00ed rozhlasov\u00e9ho vys\u00edl\u00e1n\u00ed prost\u0159ednictv\u00edm vys\u00edla\u010d\u016f Hitr\u00e1dio North Music (licence \u010d.j.: Ru\/103\/01), a to o zm\u011bn\u011b \u00fazemn\u00edho rozsahu vys\u00edl\u00e1n\u00ed a souboru technick\u00fdch parametr\u016f spo\u010d\u00edvaj\u00edc\u00ed ve zm\u011bn\u011b stanovi\u0161t\u011b kmito\u010dtu Terez\u00edn 90,5 MHz \/ 100 W na nov\u00e9 stanovi\u0161t\u011b Terez\u00edn 90,5 MHz \/ 100 W sou\u0159adnice WGS 84, 14 08 31 \/ 50 30 36.<br \/>\n&#8211; Rada bere na v\u011bdom\u00ed, \u017ee provozovateli TWR live s.r.o., I\u010c: 082 44 430, se s\u00eddlem Horn\u00edkova 2562\/36, PS\u010c 628 00 Brno, zanik\u00e1 ke dni 30. z\u00e1\u0159\u00ed 2022 na z\u00e1klad\u011b pod\u00e1n\u00ed \u010d.j. RRTV\/9137\/2022-vra doru\u010den\u00e9ho Rad\u011b dne 8. srpna 2022 licence k provozov\u00e1n\u00ed rozhlasov\u00e9ho vys\u00edl\u00e1n\u00ed programu R\u00e1dio 7 (licence sp. zn. RRTV\/2019\/487\/blu, \u010d.j. RRTV\/9312\/2019-blu ze dne 23. 7. 2019) \u0161\u00ed\u0159en\u00e9ho prost\u0159ednictv\u00edm dru\u017eic. O t\u00e9to skute\u010dnosti vyd\u00e1v\u00e1 Rada osv\u011bd\u010den\u00ed dle \u00a7 154 a n\u00e1sl. z\u00e1kona \u010d. 500\/2004 Sb.<br \/>\n&#8211; Rada v r\u00e1mci sv\u00e9 p\u016fsobnosti dan\u00e9 ustanoven\u00edm \u00a7 5 p\u00edsm. a) a f) a ustanoven\u00edm \u00a7 59 odst. 1 a odst. 3 z\u00e1kona \u010d. 231\/2001 Sb., o provozov\u00e1n\u00ed rozhlasov\u00e9ho a televizn\u00edho vys\u00edl\u00e1n\u00ed, v platn\u00e9m zn\u011bn\u00ed, upozor\u0148uje provozovatele RADIO UNITED BROADCASTING s.r.o., I\u010c: 29131901, se s\u00eddlem Vinohradsk\u00e1 3217\/167, Stra\u0161nice, 100 00 Praha 10, na poru\u0161en\u00ed ustanoven\u00ed \u00a7 32 odst. 1 p\u00edsm. l) z\u00e1kona \u010d. 231\/2001 Sb., kter\u00e9ho se dopustil t\u00edm, \u017ee na \u017e\u00e1dost \u010d.j. RRTV\/7621\/2022-blu Rad\u011b nezap\u016fj\u010dil kontinu\u00e1ln\u00ed z\u00e1znam vys\u00edl\u00e1n\u00ed programu Radio Beat, \u0161\u00ed\u0159en\u00e9ho prost\u0159ednictv\u00edm pozemn\u00edch vys\u00edla\u010d\u016f na z\u00e1klad\u011b licence \u010d.j. Ru\/138\/01, a to z\u00e1znam ze dne 25. kv\u011btna 2022 v \u010dasov\u00e9m \u00faseku od 00.00 do 24.00 hodin z kmito\u010dtu T\u0159inec 96,0 MHz \/ 0,2 kW. Rada provozovateli stanovuje lh\u016ftu k n\u00e1prav\u011b 7 dn\u00ed ode dne doru\u010den\u00ed upozorn\u011bn\u00ed.<br \/>\n&#8211; Rada se sezn\u00e1mila s odpov\u011bd\u00ed provozovatele R\u00e1dio P\u00e1lava s.r.o., I\u010c: 26230780, se s\u00eddlem Brn\u011bnsk\u00e1 3163\/38, 69501 Hodon\u00edn, na \u017e\u00e1dost Rady \u010d.j. RRTV\/7606\/2022-blu o zap\u016fj\u010den\u00ed z\u00e1znamu dle ustanoven\u00ed \u00a7 32 odst. 1 p\u00edsm. l) z\u00e1kona \u010d. 231\/2001 Sb., o provozov\u00e1n\u00ed rozhlasov\u00e9ho a televizn\u00edho vys\u00edl\u00e1n\u00ed.<br \/>\n&#8211; Rada se sezn\u00e1mila s anal\u00fdzami obchodn\u00edch sd\u011blen\u00ed odvys\u00edlan\u00fdch provozovateli MEDIA BOHEMIA a.s. (program Fajn radio; Chomutov 98,1 MHz) dne 10. srpna 2022, JUKE BOX, spol. s r. o. (program Radio \u010cas Rock; Ostrava m\u011bsto 99,9 MHz) dne 10. srpna 2022, Frekvence 1, a.s. (program FREKVENCE 1; Praha 102,5 MHz) dne 10. srpna 2022, RADIO UNITED BROADCASTING s. r. o. (program Radio Beat; Brno-Kohoutovice 91,0 MHz) dne 10. srpna 2022, 4S PRODUCTION, a.s. (program EXPRES FM; Praha 90,3 MHz) dne 10. srpna 2022 a MEDIA BOHEMIA a.s. (program Hitr\u00e1dio Faktor; \u010cesk\u00e9 Bud\u011bjovice 104,3 MHz) dne 10. srpna 2022.<br \/>\n&#8211; Rada se sezn\u00e1mila s odpov\u011bd\u00ed provozovatele ULTRAVOX s.r.o., I\u010c: 49702785, se s\u00eddlem Ra\u0161\u00ednovo n\u00e1b\u0159e\u017e\u00ed 409\/34, Praha, 128, obdr\u017eenou dne 11. srpna 2022 pod \u010d.j. RRTV\/9493\/2022-vra, na upozorn\u011bn\u00ed na poru\u0161en\u00ed z\u00e1kona sp.zn. 2022\/652\/poj, \u010d.j. RRTV\/8313\/2022-poj ze dne 13.srpna 2022.<br \/>\n&#8211; Rada se sezn\u00e1mila s informac\u00ed \u010cesk\u00e9ho telekomunika\u010dn\u00edho \u00fa\u0159adu o vyd\u00e1n\u00ed kr\u00e1tkodob\u00e9ho opr\u00e1vn\u011bn\u00ed k vyu\u017e\u00edv\u00e1n\u00ed r\u00e1diov\u00fdch kmito\u010dt\u016f rozhlasov\u00e9 slu\u017eby na provoz VKV vys\u00edla\u010de.<br \/>\n&#8211; Rada se sezn\u00e1mila s ozn\u00e1men\u00edm provozovatele RADIO PROGLAS s.r.o., I\u010c: 49435001, doru\u010den\u00fdm Rad\u011b dne 2. srpna 2022 pod \u010d.j. RRTV\/9051\/2022-vra, spo\u010d\u00edvaj\u00edc\u00edm ve v\u00fdluk\u00e1ch vys\u00edl\u00e1n\u00ed programu Radio Proglas za m\u011bs\u00edc \u010dervenec 2022 dle uveden\u00e9ho p\u0159ehledu. Rada se sezn\u00e1mila s ozn\u00e1men\u00edm provozovatele MEDIA BOHEMIA a.s., I\u010c: 26765586, doru\u010den\u00fdm Rad\u011b dne 10. srpna 2022 pod \u010d.j. RRTV\/9195\/2022-vra, spo\u010d\u00edvaj\u00edc\u00edm v informaci o tom, \u017ee dne 1. srpna 2022 nastaly pr\u00e1vn\u00ed \u00fa\u010dinky f\u00faze slou\u010den\u00edm, v jej\u00edm\u017e d\u016fsledku do\u0161lo k p\u0159echodu jm\u011bn\u00ed zanikaj\u00edc\u00edch spole\u010dnost\u00ed AZ Media a.s., R\u00c1DIO ZL\u00cdN, spol. s r.o., R\u00e1dio Contact Liberec spol. s r.o. a Prvn\u00ed rozhlasov\u00e1 s.r.o. na n\u00e1stupnickou spole\u010dnost MEDIA BOHEMIA a.s. v souladu s rozhodnut\u00edm Rady sp.zn. RRTV\/2022\/318\/str, \u010d.j. RRTV\/5027\/2022-blu ze dne 12. dubna 2022. Rada se sezn\u00e1mila s ozn\u00e1men\u00edm provozovatele JOE Media s.r.o., I\u010c: 26152002, doru\u010den\u00fdm Rad\u011b dne 9. srpna 2022 pod \u010d.j. RRTV\/9143\/2022-vra, spo\u010d\u00edvaj\u00edc\u00edm v informaci o tom, \u017ee dne 6. srpna 2022 na kmito\u010dtu Ostrava m\u011bsto 99,5 MHz \/ 50 W zah\u00e1jil vys\u00edl\u00e1n\u00ed programu HEY Radio \u0161\u00ed\u0159en\u00e9ho prost\u0159ednictv\u00edm vys\u00edla\u010d\u016f dle rozhodnut\u00ed Rady sp.zn. 2021\/251\/zab, \u010d.j. RRTV\/8891\/2022-vra ze dne 19. \u010dervence 2022. RRTV\/9051\/2022-vra.<br \/>\nTELEVIZN\u00cd VYS\u00cdL\u00c1N\u00cd<br \/>\n&#8211; Rada ud\u011bluje provozovateli FIBERA s.r.o., I\u010c 285 09 463, se s\u00eddlem Fr\u00fddeck\u00e1 201, 739 61, T\u0159inec podle \u00a7 25 z\u00e1kona \u010d. 231\/2001 Sb., licenci k provozov\u00e1n\u00ed televizn\u00edho vys\u00edl\u00e1n\u00ed \u0161\u00ed\u0159en\u00e9ho prost\u0159ednictv\u00edm kabelov\u00fdch syst\u00e9m\u016f na 12 let; ozna\u010den\u00ed (n\u00e1zev) programu: IFK Region\u00e1ln\u00ed televize; z\u00e1kladn\u00ed programov\u00e1 specifikace: Lok\u00e1ln\u00ed informa\u010dn\u00ed program; \u00fazemn\u00ed rozsah vys\u00edl\u00e1n\u00ed: k.\u00fa. \u010cesk\u00fd T\u011b\u0161\u00edn, 623164, k.\u00fa. Byst\u0159ice nad Ol\u0161\u00ed, 616923, k.\u00fa. Doln\u00ed L\u00ed\u0161tn\u00e1, 771091, k.\u00fa. Konsk\u00e1, 771015, k.\u00fa. Ly\u017ebice, 771104, k.\u00fa. N\u00fddek, 708186, k.\u00fa. Old\u0159ichovice, Old\u0159ichovice u T\u0159ince, 710032, k.\u00fa. T\u0159inec, 770892, k.\u00fa. Vendryn\u011b, 780014; \u010dasov\u00fd rozsah vys\u00edl\u00e1n\u00ed: 24 hodin denn\u011b, smy\u010dka v \u010dasov\u00e9m rozsahu 3 hodiny, aktualizace denn\u011b; hlavn\u00ed jazyk vys\u00edl\u00e1n\u00ed: \u010desk\u00fd jazyk; v rozsahu dle \u017e\u00e1dosti doru\u010den\u00e9 dne 30. \u010dervna 2022, pod \u010d.j. RRTV\/8207\/2022-vra a dopln\u011bn\u00e9 27. \u010dervence 2022, pod \u010d.j. RRTV\/8993\/2022-vac a 28. \u010dervence 2022, pod \u010d.j. RRTV\/8984\/2022-vra.<br \/>\n&#8211; Rada ud\u011bluje pr\u00e1vnick\u00e9 osob\u011b, spole\u010dnosti FILM EUROPE, s.r.o., I\u010c: 289 22 921, se s\u00eddlem V j\u00e1m\u011b 699\/1, Nov\u00e9 M\u011bsto, 110 00 Praha 1, dle \u00a7 25 z\u00e1kona \u010d. 231\/2001 Sb., licenci k provozov\u00e1n\u00ed televizn\u00edho vys\u00edl\u00e1n\u00ed \u0161\u00ed\u0159en\u00e9ho prost\u0159ednictv\u00edm dru\u017eic a kabelov\u00fdch syst\u00e9m\u016f na 12 let; n\u00e1zev (ozna\u010den\u00ed) programu: Film Europe; z\u00e1kladn\u00ed programov\u00e1 specifikace: Filmov\u00fd program; \u010dasov\u00fd rozsah vys\u00edl\u00e1n\u00ed: 24 hodin denn\u011b; dru\u017eice, v\u00fd\u010det st\u00e1t\u016f, na jejich\u017e \u00fazem\u00ed m\u00e1 b\u00fdt vys\u00edl\u00e1n\u00ed zcela nebo p\u0159ev\u00e1\u017en\u011b sm\u011b\u0159ov\u00e1no: \u010cesk\u00e1 republika, Slovensk\u00e1 republika; kabelov\u00e9 syst\u00e9my, \u00fazemn\u00ed rozsah vys\u00edl\u00e1n\u00ed: \u010cesk\u00e1 republika: Katastr\u00e1ln\u00ed \u00fazem\u00ed cel\u00e9 \u010cesk\u00e9 republiky podle vyhl\u00e1\u0161ky \u010d. 298\/2014 Sb., o stanoven\u00ed seznamu katastr\u00e1ln\u00edch \u00fazem\u00ed s p\u0159i\u0159azen\u00fdmi pr\u016fm\u011brn\u00fdmi z\u00e1kladn\u00edmi cenami zem\u011bd\u011blsk\u00fdch pozemk\u016f, v platn\u00e9m zn\u011bn\u00ed a v\u0161echny okresy podle z\u00e1kona \u010d. 51\/2020 Sb., o \u00fazemn\u011b spr\u00e1vn\u00edm \u010dlen\u011bn\u00ed st\u00e1tu, v platn\u00e9m zn\u011bn\u00ed; hlavn\u00ed jazyk vys\u00edl\u00e1n\u00ed: \u010desk\u00fd jazyk; dle \u017e\u00e1dosti, ze dne 8. srpna 2022, \u010d.j.: RRTV\/9139\/2022-vra, 9. srpna 2022, \u010d.j.: RRTV\/9175\/2022-vac a ze dne 11. srpna 2022, \u010d.j.: RRTV\/9496\/2022-vra.<br \/>\n&#8211; Rada informuje podle \u00a7 18 odst. 6 z\u00e1kona \u010d. 231\/2001 Sb., regula\u010dn\u00ed org\u00e1n \u010dlensk\u00e9ho st\u00e1tu Evropsk\u00e9 unie, na jeho\u017e \u00fazem\u00ed m\u00e1 b\u00fdt vys\u00edl\u00e1n\u00ed zcela nebo p\u0159ev\u00e1\u017en\u011b sm\u011b\u0159ov\u00e1no, tj.: Slovenskou republiku, o ud\u011blen\u00ed licence spole\u010dnosti FILM EUROPE, s.r.o., I\u010c: 289 22 921, se s\u00eddlem V j\u00e1m\u011b 699\/1, Nov\u00e9 M\u011bsto, 110 00 Praha 1, k televizn\u00edmu vys\u00edl\u00e1n\u00ed programu Film Europe, \u0161\u00ed\u0159en\u00e9ho prost\u0159ednictv\u00edm dru\u017eic a kabelov\u00fdch syst\u00e9m\u016f se z\u00e1kladn\u00ed programovou specifikac\u00ed: Filmov\u00fd program.<br \/>\n&#8211; Rada podle \u00a7 63 odst. 2 p\u00edsm. b) z\u00e1kona \u010d. 231\/2001 Sb. odn\u00edm\u00e1 provozovateli Emporia Style s.r.o., I\u010c: 08122458, se s\u00eddlem: Palack\u00e9ho 70, 252 29 Dob\u0159ichovice licenci sp. zn. RRTV\/2019\/675\/smu, \u010d.j. RRTV\/13350\/2019 &#8211; smu ze dne 19. listopadu 2019 k provozov\u00e1n\u00ed zemsk\u00e9ho digit\u00e1ln\u00edho televizn\u00edho vys\u00edl\u00e1n\u00ed programu KLENOT TV \u0161\u00ed\u0159en\u00e9ho prost\u0159ednictv\u00edm vys\u00edla\u010d\u016f, nebo\u0165 po zah\u00e1jen\u00ed vys\u00edl\u00e1n\u00ed v pr\u016fb\u011bhu kalend\u00e1\u0159n\u00edho roku nevys\u00edlal celkem 30 dn\u016f.<br \/>\n&#8211; Rada ukl\u00e1d\u00e1 \u00fa\u010dastn\u00edkovi \u0159\u00edzen\u00ed provozovateli Emporia Style s.r.o., I\u010c: 08122458, se s\u00eddlem: Palack\u00e9ho 70, 252 29 Dob\u0159ichovice podle ustanoven\u00ed \u00a7 79 odst. 5 z\u00e1kona \u010d. 500\/2004 Sb., povinnost uhradit n\u00e1hradu n\u00e1klad\u016f \u0159\u00edzen\u00ed, kter\u00e9 vyvolal \u00fa\u010dastn\u00edk poru\u0161en\u00edm sv\u00e9 pr\u00e1vn\u00ed povinnosti, a to pau\u0161\u00e1ln\u00ed \u010d\u00e1stkou, kter\u00e1 podle ustanoven\u00ed \u00a7 6 odst. 1 vyhl\u00e1\u0161ky \u010d. 520\/2005 Sb., \u010din\u00ed 1 000,- K\u010d. Tuto \u010d\u00e1stku je \u00fa\u010dastn\u00edk povinen uhradit do p\u011bti pracovn\u00edch dn\u016f od doru\u010den\u00ed tohoto rozhodnut\u00ed na \u00fa\u010det \u010d. 3754-19223001\/0710, variabiln\u00ed symbol 2022348.<br \/>\n&#8211; Rada podle \u00a7 63 odst. 2 p\u00edsm. b) z\u00e1kona \u010d. 231\/2001 Sb. odn\u00edm\u00e1 provozovateli Emporia Style s.r.o., I\u010c: 08122458, se s\u00eddlem: Palack\u00e9ho 70, 252 29 Dob\u0159ichovice licenci sp. zn. RRTV\/2019\/674\/smu, \u010d.j. RRTV\/13549\/2019- smu ze dne 19. listopadu 2019 k provozov\u00e1n\u00ed televizn\u00edho vys\u00edl\u00e1n\u00ed programu KLENOT TV \u0161\u00ed\u0159en\u00e9ho prost\u0159ednictv\u00edm dru\u017eice, nebo\u0165 po zah\u00e1jen\u00ed vys\u00edl\u00e1n\u00ed v pr\u016fb\u011bhu kalend\u00e1\u0159n\u00edho roku nevys\u00edlal celkem 30 dn\u016f.<br \/>\n&#8211; Rada ukl\u00e1d\u00e1 \u00fa\u010dastn\u00edkovi \u0159\u00edzen\u00ed provozovateli Emporia Style s.r.o., I\u010c: 08122458, se s\u00eddlem: Palack\u00e9ho 70, 252 29 Dob\u0159ichovice podle ustanoven\u00ed \u00a7 79 odst. 5 z\u00e1kona \u010d. 500\/2004 Sb., povinnost uhradit n\u00e1hradu n\u00e1klad\u016f \u0159\u00edzen\u00ed, kter\u00e9 vyvolal \u00fa\u010dastn\u00edk poru\u0161en\u00edm sv\u00e9 pr\u00e1vn\u00ed povinnosti,<br \/>\na to pau\u0161\u00e1ln\u00ed \u010d\u00e1stkou, kter\u00e1 podle ustanoven\u00ed \u00a7 6 odst. 1 vyhl\u00e1\u0161ky \u010d. 520\/2005 Sb., \u010din\u00ed 1 000,- K\u010d. Tuto \u010d\u00e1stku je \u00fa\u010dastn\u00edk povinen uhradit do p\u011bti pracovn\u00edch dn\u016f od doru\u010den\u00ed tohoto rozhodnut\u00ed na \u00fa\u010det \u010d. 3754-19223001\/0710, variabiln\u00ed symbol 2022350.<br \/>\n&#8211; Rada ud\u011bluje provozovateli, spole\u010dnosti ViacomCBS Networks International Czech s.r.o., I\u010c: 289 70 438, se s\u00eddlem Perlov\u00e1 371\/5, Star\u00e9 M\u011bsto, 110 00 Praha 1, souhlas se zm\u011bnou skute\u010dnost\u00ed uveden\u00fdch v \u017e\u00e1dosti o licenci, sp. zn.: RRTV\/2019\/50\/fia, \u010d.j. RRTV\/2869\/2019-fia, ze dne 28. \u00fanora 2019, podle \u00a7 21 odst. 1 p\u00edsm. a) z\u00e1kona \u010d. 231\/2001 Sb., spo\u010d\u00edvaj\u00edc\u00ed ve zm\u011bn\u011b ozna\u010den\u00ed n\u00e1zvu programu na Nick Jr. Peppa od 1. srpna 2022, Nick Jr Paw Patrol od 1. z\u00e1\u0159\u00ed 2022 a Nick Jr. Too od 1. ledna 2023, dle \u017e\u00e1dosti ze dne 29. \u010dervence 2022, \u010d.j.: RRTV\/9002\/2022-vra.<br \/>\n&#8211; Rada v r\u00e1mci sv\u00e9 p\u016fsobnosti dan\u00e9 ustanoven\u00edm \u00a7 5 p\u00edsm. a) z\u00e1kona \u010d. 231\/2001 Sb., o provozov\u00e1n\u00ed rozhlasov\u00e9ho a televizn\u00edho vys\u00edl\u00e1n\u00ed a o zm\u011bn\u011b dal\u0161\u00edch z\u00e1kon\u016f (d\u00e1le jen \u201ez\u00e1kon \u010d. 231\/2001 Sb.\u201c), v platn\u00e9m zn\u011bn\u00ed, a na z\u00e1klad\u011b ustanoven\u00ed \u00a7 137 z\u00e1kona \u010d. 500\/2004 Sb., spr\u00e1vn\u00ed \u0159\u00e1d (d\u00e1le jen \u201ez\u00e1kon \u010d. 500\/2004 Sb.\u201c), \u017e\u00e1d\u00e1 spole\u010dnost goNET s.r.o., I\u010c 26822580, se s\u00eddlem \u00daprkova 1\/25, Ostrava, 70 200, o pod\u00e1n\u00ed vysv\u011btlen\u00ed, z jak\u00e9ho d\u016fvodu Rad\u011b v souladu s \u00a7 29 odst. 1, p\u00edsm. c) a \u00a7 29 odst. 3 z\u00e1kona \u010d. 231\/2001 Sb. neozn\u00e1mila roz\u0161\u00ed\u0159en\u00ed programov\u00e9 nab\u00eddky o programy neuveden\u00e9 v p\u0159ihl\u00e1\u0161ce k registraci p\u0159evzat\u00e9ho vys\u00edl\u00e1n\u00ed \u010d. j. RRTV1053\/2016-zem. Rada stanovuje lh\u016ftu pro pod\u00e1n\u00ed vysv\u011btlen\u00ed do 15 dn\u016f ode dne doru\u010den\u00ed v\u00fdzvy.<br \/>\n&#8211; Rada se sezn\u00e1mila s ozn\u00e1men\u00edm provozovatele televizn\u00edho vys\u00edl\u00e1n\u00ed, Obec Ha\u0165, I\u010c: 00635511, se s\u00eddlem Lipov\u00e1 357 Ha\u0165, 747 16, doru\u010den\u00fdm dne 1. srpna 2022 pod \u010d.j.: RRTV\/9033\/2022-vra, spo\u010d\u00edvaj\u00edc\u00edm v obnov\u011b vys\u00edl\u00e1n\u00ed programu: INFO HA\u0164 (sp. zn.: RRTV\/2235\/2015-zem), ke dni 25. \u010dervence 2022.<br \/>\n&#8211; Rada se sezn\u00e1mila s n\u00e1sleduj\u00edc\u00edmi pod\u00e1n\u00edmi k obsahu televizn\u00edch program\u016f doru\u010den\u00fdmi od 29. \u010dervence do 18. srpna 2022: \u010cESK\u00c1 TELEVIZE \/ \u010cT1 &#8211; Teorie tygra, 31. 7. 2022 v 20:15 hod.; \u010cESK\u00c1 TELEVIZE \/ \u010cT1 &#8211; Instalat\u00e9r z Tuchlovic, 7. 8. 2022 v 20:14 hod.; FTV Prima, spol. s r.o. \/ Prima STAR &#8211; Slune\u010dn\u00e1 (75), 16. 8. 2022 v 15:00 hod.; \u010cESK\u00c1 TELEVIZ \/ \u010cT1 &#8211; Ztracen\u00e1 br\u00e1na (1), 11. 8. 2022 v 20:10 hod.; FTV Prima, spol. s r.o. \/ CNN Prima News &#8211; Nov\u00fd den, 27. 7. 2022 v 06:00 hod.; TV Nova s.r.o. \/ NOVA &#8211; Sanitka 2 (4), 31. 7. 2022 v 14:10 hod; Magical Roof s.r.o. \/ JOJ Family &#8211; Nov\u00e1 zahrada, 29. 7. 2022 v 18:06 hod.; \u010cESK\u00c1 TELEVIZE \/ \u010cT3 &#8211; N\u00e1\u0161 fotbal \u017eiv\u011b: TJ Jiskra Oskava &#8211; TJ Jiskra Rapot\u00edn, 30. 7. 2022 v 16:35 hod.; \u010cESK\u00c1 TELEVIZE \/ \u010cT sport &#8211; Triatlon: XTERRA &#8211; ME 2022 Prachatice, 14. 8. 2022 v 10:50 hod.; TV Nova s.r.o. \/ NOVA &#8211; Tescoma s chut\u00ed, 28. 7. 2022 v 12:27 hod.; TV Nova s.r.o. \/ NOVA &#8211; Tescoma s chut\u00ed, 11. 8. 2022 v 12:29 hod.; FTV Prima, spol. s r.o. \/ Prima, CNN Prima News &#8211; Hlavn\u00ed zpr\u00e1vy, Pra\u017esk\u00e1 v\u00fdm\u011bna zast\u00e1vek, 30. 7. 2022 v 18:55 hod.; FTV Prima, spol. s.r.o. \/ Prima, CNN Prima News &#8211; Hlavn\u00ed zpr\u00e1vy, Vyhrocen\u00e9 akce nekon\u010d\u00ed, 10. 8. 2022 v 18:55 hod.; \u010cESK\u00c1 TELEVIZE \/ \u010cT1 &#8211; Report\u00e9\u0159i \u010cT, Zaml\u017een\u00e1 skla, 30. 5. 2022 v 21:15 hod.; Barrandov Televizn\u00ed Studio a.s. \/ Televize Barrandov &#8211; Z\u00e1kon a po\u0159\u00e1dek: \u00datvar pro zvl\u00e1\u0161tn\u00ed ob\u011bti IX (13), 5. 8. 2022 v 20:15 hod.; TV Nova s.r.o. \/ NOVA &#8211; Policie Modrava III (6), 15. 8. 2022 v 08:32 hod.; \u010cESK\u00c1 TELEVIZE \/ \u010cT1, \u010cT24 &#8211; Ud\u00e1losti, O\u010dkov\u00e1n\u00ed druhou posilovac\u00ed d\u00e1vkou, 1. 8. 2022 v 19:00 hod.; TV Nova s.r.o. \/ NOVA &#8211; Televizn\u00ed noviny, Nap\u011bt\u00ed na kosovsko-srbsk\u00e9 hranici se stup\u0148uje, 1. 8. 2022 v 19:30 hod.; FTV Prima, spol. s r.o. \/ Prima, CNN Prima News &#8211; Hlavn\u00ed zpr\u00e1vy, 25 let od povodn\u00ed na Morav\u011b, 5. 7. 2022 v 18:55 hod. a Televize P\u0159erov s.r.o. \/ Televize P\u0159erov &#8211; P\u0159erovsk\u00e9 aktuality, Nezvan\u00fd host, 6. 7. 2022 v 18:30, 20:30 a 22:30 hod.; \u010cESK\u00c1 TELEVIZE \/ \u010cT24 &#8211; Studio \u010cT24 &#8211; Zpr\u00e1vy, Do \u010ceska d\u00e1l nete\u010de ropa z Ruska, 10. 8. 2022 v 10:30 hod.; \u010cESK\u00c1 TELEVIZE \/ r\u016fzn\u00e9 programy &#8211; informov\u00e1n\u00ed o moravsk\u00e9, resp. slezsk\u00e9 n\u00e1rodnosti, \u010cESK\u00c1 TELEVIZE \/ r\u016fzn\u00e9 programy &#8211; vystupov\u00e1n\u00ed moder\u00e1tora zpravodajsk\u00fdch po\u0159ad\u016f v souvislosti s v\u00e1lkou na Ukrajin\u011b; Komer\u010dn\u00ed banka, a.s. \/ NOVA &#8211; reklama Komer\u010dn\u00ed banka (M\u016fj \u00fa\u010det Plus), 15. 8. 2022 v 11:49:08 hod.; TOMIL s.r.o. \/ NOVA &#8211; sponzor po\u0159adu AUTHENTIC toya AROMA, 31. 7. 2022 v 21:12:21, 21:19:21 a 21:32:08 hod.; \u010cESK\u00c1 TELEVIZE \/ \u010cT2 &#8211; p\u0159\u00edtomnost reklam ve vys\u00edl\u00e1n\u00ed; \u010cESK\u00c1 TELEVIZE \/ \u010cT2 &#8211; sd\u011blen\u00ed Spole\u010dn\u00e9 stolet\u00ed, 10. 8. 2022 v 05:59 hod.; ViacomCBS Networks International Czech s.r.o. \/ Nickelodeon Ukraine Pluto TV &#8211; hlavn\u00ed jazyk vys\u00edl\u00e1n\u00ed.<br \/>\n&#8211; Rada coby \u00fast\u0159edn\u00ed spr\u00e1vn\u00ed \u00fa\u0159ad v r\u00e1mci sv\u00e9 p\u016fsobnosti dan\u00e9 \u00a7 5 p\u00edsm. a) a f) z\u00e1kona \u010d. 231\/2001 Sb., o provozov\u00e1n\u00ed rozhlasov\u00e9ho a televizn\u00edho vys\u00edl\u00e1n\u00ed a o zm\u011bn\u011b dal\u0161\u00edch z\u00e1kon\u016f, v platn\u00e9m zn\u011bn\u00ed (d\u00e1le jen z\u00e1kon \u010d. 231\/2001 Sb.), v souladu s ustanoven\u00edm \u00a7 78 odst. 1 z\u00e1kona \u010d. 250\/2016 Sb., z\u00e1kona o p\u0159estupc\u00edch a \u0159\u00edzen\u00edch o nich (d\u00e1le jen z\u00e1kon \u010d. 250\/2016 Sb.) rozhodla zah\u00e1jit s provozovatelem FTV Prima, spol. s r.o., I\u010c 48115908, s\u00eddlem Vinohradsk\u00e1 3217\/167, Praha 10, PS\u010c 100 00, \u0159\u00edzen\u00ed o p\u0159estupku z moci \u00fa\u0159edn\u00ed pro mo\u017en\u00e9 poru\u0161en\u00ed ustanoven\u00ed \u00a7 53a odst. 1 p\u00edsm. a) z\u00e1kona \u010d. 231\/2001 Sb., kter\u00e9ho se mohl dopustit t\u00edm, \u017ee dne 27. \u010dervence 2022 od 06:00 hodin na programu CNN Prima News odvys\u00edlal zpravodajsk\u00fd po\u0159ad Nov\u00fd den, kter\u00fd obsahoval um\u00edst\u011bn\u00ed produktu, a\u010dkoli z\u00e1kon umo\u017e\u0148uje um\u00edst\u011bn\u00ed produktu pouze v kinematografick\u00fdch d\u00edlech, ve filmech a seri\u00e1lech vytvo\u0159en\u00fdch pro televizn\u00ed vys\u00edl\u00e1n\u00ed nebo pro audiovizu\u00e1ln\u00ed medi\u00e1ln\u00ed slu\u017eby na vy\u017e\u00e1d\u00e1n\u00ed, ve sportovn\u00edch a z\u00e1bavn\u00fdch po\u0159adech, a to za podm\u00ednky, \u017ee se nejedn\u00e1 o po\u0159ady pro d\u011bti.<br \/>\n&#8211; Rada coby \u00fast\u0159edn\u00ed spr\u00e1vn\u00ed \u00fa\u0159ad v r\u00e1mci sv\u00e9 p\u016fsobnosti dan\u00e9 \u00a7 5 p\u00edsm. a) a f) z\u00e1kona \u010d. 231\/2001 Sb., o provozov\u00e1n\u00ed rozhlasov\u00e9ho a televizn\u00edho vys\u00edl\u00e1n\u00ed a o zm\u011bn\u011b dal\u0161\u00edch z\u00e1kon\u016f, v platn\u00e9m zn\u011bn\u00ed (d\u00e1le jen z\u00e1kon \u010d. 231\/2001 Sb.), v souladu s ustanoven\u00edm \u00a7 78 odst. 1 z\u00e1kona \u010d. 250\/2016 Sb., z\u00e1kona o p\u0159estupc\u00edch a \u0159\u00edzen\u00edch o nich (d\u00e1le jen z\u00e1kon \u010d. 250\/2016 Sb.) rozhodla zah\u00e1jit s provozovatelem FTV Prima, spol. s r.o., I\u010c 48115908, s\u00eddlem Vinohradsk\u00e1 3217\/167, Praha 10, PS\u010c 100 00, \u0159\u00edzen\u00ed o p\u0159estupku z moci \u00fa\u0159edn\u00ed pro mo\u017en\u00e9 poru\u0161en\u00ed ustanoven\u00ed \u00a7 53 odst. 6 z\u00e1kona \u010d. 231\/2001 Sb., kter\u00e9ho se mohl dopustit t\u00edm, \u017ee dne 27. \u010dervence 2022 od 06:00 hodin na programu CNN Prima News odvys\u00edlal zpravodajsk\u00fd po\u0159ad Nov\u00fd den, ke kter\u00e9mu p\u0159ipojil ozn\u00e1men\u00ed o sponzorov\u00e1n\u00ed po\u0159adu sponzorem BARVY A LAKY HOSTIVA\u0158, a.s. (v \u010dasech 06:59:57 a 07:27:16 hodin) a DOMO ELEKTRO (v \u010dasech 07:59:28 a 08:31:13 hodin), a\u010dkoli zpravodajsk\u00e9 a politicko-publicistick\u00e9 po\u0159ady nelze sponzorovat.<br \/>\n&#8211; Rada coby \u00fast\u0159edn\u00ed spr\u00e1vn\u00ed \u00fa\u0159ad v r\u00e1mci sv\u00e9 p\u016fsobnosti dan\u00e9 \u00a7 5 p\u00edsm. a) a f) z\u00e1kona \u010d. 231\/2001 Sb., o provozov\u00e1n\u00ed rozhlasov\u00e9ho a televizn\u00edho vys\u00edl\u00e1n\u00ed a o zm\u011bn\u011b dal\u0161\u00edch z\u00e1kon\u016f, v platn\u00e9m zn\u011bn\u00ed (d\u00e1le jen z\u00e1kon \u010d. 231\/2001 Sb.), v souladu s ustanoven\u00edm \u00a7 78 odst. 1 z\u00e1kona \u010d. 250\/2016 Sb., z\u00e1kona o p\u0159estupc\u00edch a \u0159\u00edzen\u00edch o nich (d\u00e1le jen z\u00e1kon \u010d. 250\/2016 Sb.) rozhodla zah\u00e1jit s provozovatelem TV Nova s.r.o, I\u010c 45800456, s\u00eddlem K\u0159\u00ed\u017eeneck\u00e9ho n\u00e1m. 1078\/5, Praha 5, PS\u010c 15200, \u0159\u00edzen\u00ed o p\u0159estupku z moci \u00fa\u0159edn\u00ed pro mo\u017en\u00e9 poru\u0161en\u00ed ustanoven\u00ed \u00a7 53a odst. 2 p\u00edsm. c) z\u00e1kona \u010d. 231\/2001 Sb., kter\u00e9ho se mohl dopustit odvys\u00edl\u00e1n\u00edm po\u0159adu Tescoma s chut\u00ed, ve dnech 28. \u010dervence 2022 od 12:27 hodin a 11. srpna 2022 od 12:29 hodin na programu NOVA. V p\u0159edm\u011btn\u00fdch vyd\u00e1n\u00edch po\u0159adu mohlo doj\u00edt k nepat\u0159i\u010dn\u00e9mu zd\u016frazn\u011bn\u00ed um\u00edst\u011bn\u00fdch produkt\u016f, loupa\u010de a kr\u00e1je\u010de jablek zna\u010dky Tescoma (vyd\u00e1n\u00ed z 28. \u010dervence) a titanov\u00e9 p\u00e1nve zna\u010dky Tescoma (vyd\u00e1n\u00ed z 11. srpna), a to jak slovn\u00edm p\u0159edstaven\u00edm jejich vlastnost\u00ed, tak vizu\u00e1ln\u00ed prezentac\u00ed pou\u017eit\u00ed produkt\u016f, v\u010detn\u011b vyzdvi\u017een\u00ed jejich kvalit a p\u0159ednost\u00ed, a to ve spojen\u00ed s n\u00e1zvem po\u0159adu obsahuj\u00edc\u00edm jm\u00e9no zna\u010dky Tescoma se shodnou grafikou, jako m\u00e1 logo subjektu, na kter\u00fd odkazuje i vizu\u00e1ln\u00ed slo\u017eka po\u0159adu. Um\u00edst\u011bn\u00e9 produkty byly verb\u00e1ln\u00edmi i obrazov\u00fdmi prost\u0159edky nepat\u0159i\u010dn\u011b zmi\u0148ov\u00e1ny nad r\u00e1mec obsahu po\u0159adu, a byly do p\u0159edm\u011btn\u00fdch vyd\u00e1n\u00ed za\u0159azeny s c\u00edlem propagace, k \u010demu\u017e bylo u\u017eito prost\u0159edk\u016f p\u0159ipom\u00ednaj\u00edc\u00edch reklamn\u00ed nab\u00eddku.<br \/>\n&#8211; Rada v r\u00e1mci sv\u00e9 kompetence dan\u00e9 \u00a7 5 p\u00edsm. a) a f) z\u00e1kona \u010d. 231\/2001 Sb., o provozov\u00e1n\u00ed rozhlasov\u00e9ho a televizn\u00edho vys\u00edl\u00e1n\u00ed a o zm\u011bn\u011b dal\u0161\u00edch z\u00e1kon\u016f, v platn\u00e9m zn\u011bn\u00ed (d\u00e1le jen \u201ez\u00e1kon \u010d. 231\/2001 Sb.\u201c) a v souladu s ustanoven\u00edm \u00a7 137 odst. 1 z\u00e1kona \u010d. 500\/2004 Sb., spr\u00e1vn\u00ed \u0159\u00e1d, (d\u00e1le jen \u201ez\u00e1kon \u010d. 500\/2004 Sb.\u201c) \u017e\u00e1d\u00e1 provozovatele FTV Prima, spol. s r.o., I\u010c 48115908, s\u00eddlem Vinohradsk\u00e1 3217\/167, Praha 10, PS\u010c 100 00, o pod\u00e1n\u00ed vysv\u011btlen\u00ed, z jak\u00e9ho d\u016fvodu v report\u00e1\u017ei Pra\u017esk\u00e1 v\u00fdm\u011bna zast\u00e1vek, kter\u00e1 byla sou\u010d\u00e1st\u00ed zpravodajsk\u00e9 relace Hlavn\u00ed zpr\u00e1vy, odvys\u00edlan\u00e9 dne 30. \u010dervence 2022 od 18:55 hodin na programech CNN Prima News a Prima, nedostal prostor k vyj\u00e1d\u0159en\u00ed n\u011bkter\u00fd ze z\u00e1stupc\u016f pra\u017esk\u00e9ho magistr\u00e1tu, kter\u00fd zast\u00e1val p\u0159ijat\u00e9 \u0159e\u0161en\u00ed ve v\u011bci v\u00fdm\u011bny p\u0159\u00edst\u0159e\u0161k\u016f zast\u00e1vek MHD v Praze, a kter\u00fd by m\u011bl mo\u017enost zvolen\u00fd postup Magistr\u00e1tu p\u0159ed div\u00e1ky\/ob\u010dany v p\u0159\u00edsp\u011bvku obh\u00e1jit tak, aby div\u00e1ci byli sezn\u00e1meni s r\u016fzn\u00fdmi pohledy na danou<br \/>\nproblematiku a mohli si vytvo\u0159it sv\u016fj vlastn\u00ed nez\u00e1visl\u00fd n\u00e1zor. Rada stanovuje lh\u016ftu k pod\u00e1n\u00ed vysv\u011btlen\u00ed 30 dn\u00ed ode dne doru\u010den\u00ed t\u00e9to v\u00fdzvy.<br \/>\n&#8211; Rada v r\u00e1mci sv\u00e9 kompetence dan\u00e9 \u00a7 5 p\u00edsm. a) a f) z\u00e1kona \u010d. 231\/2001 Sb., o provozov\u00e1n\u00ed rozhlasov\u00e9ho a televizn\u00edho vys\u00edl\u00e1n\u00ed a o zm\u011bn\u011b dal\u0161\u00edch z\u00e1kon\u016f, v platn\u00e9m zn\u011bn\u00ed (d\u00e1le jen \u201ez\u00e1kon \u010d. 231\/2001 Sb.\u201c) a v souladu s ustanoven\u00edm \u00a7 137 odst. 1 z\u00e1kona \u010d. 500\/2004 Sb., spr\u00e1vn\u00ed \u0159\u00e1d, (d\u00e1le jen \u201ez\u00e1kon \u010d. 500\/2004 Sb.\u201c) \u017e\u00e1d\u00e1 provozovatele \u010cESK\u00c1 TELEVIZE, I\u010c 00027383, s\u00eddlem Na h\u0159ebenech II 1132\/4, Praha 4, PS\u010c 14700, o pod\u00e1n\u00ed vysv\u011btlen\u00ed, z jak\u00e9ho d\u016fvodu v report\u00e1\u017ei Zaml\u017een\u00e1 skla, kter\u00e1 byla sou\u010d\u00e1st\u00ed po\u0159adu Report\u00e9\u0159i \u010cT, odvys\u00edlan\u00e9ho dne 30. kv\u011btna 2022 od 21:15 hodin na programu \u010cT1, nezve\u0159ejnil stanovisko Arm\u00e1dy \u010cesk\u00e9 republiky, kter\u00e9 by se t\u00fdkalo hodnocen\u00ed zak\u00e1zky na dod\u00e1vky panc\u00e9\u0159ov\u00fdch skel pro arm\u00e1dn\u00ed vozidla Iveco, zprost\u0159edkovan\u00e9 spole\u010dnost\u00ed J.P.D. Group. Rada stanovuje lh\u016ftu k pod\u00e1n\u00ed vysv\u011btlen\u00ed 30 dn\u00ed ode dne doru\u010den\u00ed t\u00e9to v\u00fdzvy.<br \/>\n&#8211; Rada se sezn\u00e1mila s anal\u00fdzou z\u00e1znamu vys\u00edl\u00e1n\u00ed program\u016f INFO HUKVALDY, INFO Hodslavice, INFO Hosta\u0161ovice a Stran\u00edk, INFO JARCOV\u00c1, INFO M\u011bsto Ro\u017enov, INFO SEDLNICE, INFO TEPLICE, INFO Vigantice, INFO VSET\u00cdN, INFO \u017denklava, INFO \u017divotice u N.J. provozovatele 4 M Ro\u017enov spol. s r.o. ze dn\u016f 18.-19. dubna 2022.<br \/>\n&#8211; Rada v r\u00e1mci sv\u00e9 kompetence dan\u00e9 \u00a7 5 p\u00edsm. a) z\u00e1kona \u010d. 231\/2001 Sb., o provozov\u00e1n\u00ed rozhlasov\u00e9ho a televizn\u00edho vys\u00edl\u00e1n\u00ed a o zm\u011bn\u011b dal\u0161\u00edch z\u00e1kon\u016f, v platn\u00e9m zn\u011bn\u00ed (d\u00e1le jen \u201ez\u00e1kon \u010d. 231\/2001 Sb.\u201c) a v souladu s ustanoven\u00edm \u00a7 137 odst. 1 z\u00e1kona \u010d. 500\/2004 Sb., spr\u00e1vn\u00ed \u0159\u00e1d, (d\u00e1le jen \u201ez\u00e1kon \u010d. 500\/2004 Sb.\u201c) \u017e\u00e1d\u00e1 provozovatele vys\u00edl\u00e1n\u00ed 4 M Ro\u017enov spol. s r.o., I\u010c: 45195579, s\u00eddlem: Vide\u010dsk\u00e1 473, Ro\u017enov pod Radho\u0161t\u011bm, PS\u010c 756 61, o pod\u00e1n\u00ed vysv\u011btlen\u00ed, z jak\u00e9ho d\u016fvod\u016f ve dnech 18. a\u017e 19. dubna 2022 bloky na programech INFO HUKVALDY, INFO Hodslavice, INFO SEDLNICE, INFO \u017denklava, INFO \u017divotice u N.J. a INFO Hosta\u0161ovice a Stran\u00edk disponovaly d\u00e9lkou \u010dty\u0159i hodiny, a blok na programu INFO JARCOV\u00c1 m\u011bl d\u00e9lku 41 vte\u0159in, kdy\u017e dle licence ze dne 9. \u010dervence 2002, \u010d. j. Ru\/189\/02\/2109 (prodlou\u017een\u00e9 rozhodnut\u00edm ze dne 19. b\u0159ezna 2013, na\u0161e \u010d. j. zem\/1318\/2013, sp. zn. 2013\/101\/zem\/4 M), ve zn\u011bn\u00ed pozd\u011bj\u0161\u00edch zm\u011bn, m\u00e1 b\u00fdt vys\u00edl\u00e1n\u00ed tvo\u0159eno opakuj\u00edc\u00edm se blokem o d\u00e9lce 3 a\u017e 180 minut. Rada stanovuje lh\u016ftu k pod\u00e1n\u00ed vysv\u011btlen\u00ed 30 dn\u00ed ode dne doru\u010den\u00ed t\u00e9to v\u00fdzvy.<br \/>\n&#8211; Rada v r\u00e1mci sv\u00e9 kompetence dan\u00e9 \u00a7 5 p\u00edsm. a) z\u00e1kona \u010d. 231\/2001 Sb., o provozov\u00e1n\u00ed rozhlasov\u00e9ho a televizn\u00edho vys\u00edl\u00e1n\u00ed a o zm\u011bn\u011b dal\u0161\u00edch z\u00e1kon\u016f, v platn\u00e9m zn\u011bn\u00ed (d\u00e1le jen \u201ez\u00e1kon \u010d. 231\/2001 Sb.\u201c) a v souladu s ustanoven\u00edm \u00a7 137 odst. 1 z\u00e1kona \u010d. 500\/2004 Sb., spr\u00e1vn\u00ed \u0159\u00e1d, (d\u00e1le jen \u201ez\u00e1kon \u010d. 500\/2004 Sb.\u201c) \u017e\u00e1d\u00e1 provozovatele vys\u00edl\u00e1n\u00ed 4 M Ro\u017enov spol. s r.o., I\u010c: 45195579, s\u00eddlem: Vide\u010dsk\u00e1 473, Ro\u017enov pod Radho\u0161t\u011bm, PS\u010c 756 61, o pod\u00e1n\u00ed vysv\u011btlen\u00ed, na z\u00e1klad\u011b jak\u00fdch smluvn\u00edch ujedn\u00e1n\u00ed \u010di neform\u00e1ln\u00edch dohod byly do po\u0159adu Magaz\u00edn Kut\u00edlek (epizoda Marty se chyst\u00e1 na Velikonoce), odvys\u00edlan\u00e9ho v r\u00e1mci smy\u010dek program\u016f INFO Hodslavice, INFO SEDLNICE, INFO \u017denklava a INFO \u017divotice u N.J. ve dnech 18.-19. dubna 2022, za\u0159azeny n\u00e1sleduj\u00edc\u00ed produkty: osivo Forestina, substr\u00e1t Kera a bruska Proxxon, zejm\u00e9na zda se jednalo o um\u00edst\u011bn\u00ed za \u00faplatu nebo obdobnou protihodnotu, a zda tento po\u0159ad vyrobil nebo zadal jeho v\u00fdrobu s\u00e1m provozovatel. Rada stanovuje lh\u016ftu k pod\u00e1n\u00ed vysv\u011btlen\u00ed 30 dn\u00ed ode dne doru\u010den\u00ed t\u00e9to v\u00fdzvy.<br \/>\n&#8211; Rada v r\u00e1mci sv\u00e9 kompetence dan\u00e9 \u00a7 5 p\u00edsm. a) z\u00e1kona \u010d. 231\/2001 Sb., o provozov\u00e1n\u00ed rozhlasov\u00e9ho a televizn\u00edho vys\u00edl\u00e1n\u00ed a o zm\u011bn\u011b dal\u0161\u00edch z\u00e1kon\u016f, v platn\u00e9m zn\u011bn\u00ed (d\u00e1le jen \u201ez\u00e1kon \u010d. 231\/2001 Sb.\u201c) a v souladu s ustanoven\u00edm \u00a7 137 odst. 1 z\u00e1kona \u010d. 500\/2004 Sb., spr\u00e1vn\u00ed \u0159\u00e1d, (d\u00e1le jen \u201ez\u00e1kon \u010d. 500\/2004 Sb.\u201c) \u017e\u00e1d\u00e1 provozovatele vys\u00edl\u00e1n\u00ed 4 M Ro\u017enov spol. s r.o., I\u010c: 45195579, s\u00eddlem: Vide\u010dsk\u00e1 473, Ro\u017enov pod Radho\u0161t\u011bm, PS\u010c 756 61, o pod\u00e1n\u00ed vysv\u011btlen\u00ed t\u00fdkaj\u00edc\u00ed se vys\u00edl\u00e1n\u00ed ve dnech 18.-19. dubna 2022, 1) z jak\u00e9ho d\u016fvodu obsahovaly vys\u00edlac\u00ed smy\u010dky program\u016f INFO Hodslavice, INFO SEDLNICE, INFO \u017denklava a INFO \u017divotice u N.J. nepravdivou informaci, \u017ee \u201eprovozovatelem infokan\u00e1lu je DWP s.r.o.\u201c, zat\u00edmco firma 4 M Ro\u017enov spol. s r.o. byla ozna\u010dena jako vlastn\u00edk syst\u00e9mu a servisn\u00ed spole\u010dnost a firma TV studio Sn\u011b\u017eenka Sedlnice jako dodavatel (informace o t\u011bchto subjektech byly sou\u010d\u00e1st\u00ed samostatn\u00e9ho videotextov\u00e9ho sn\u00edmku i p\u0159etrv\u00e1vaj\u00edc\u00ed lev\u00e9 postrann\u00ed li\u0161ty), 2) z jak\u00e9ho d\u016fvodu obsahovaly vys\u00edlac\u00ed smy\u010dky program\u016f INFO<br \/>\nHodslavice, INFO SEDLNICE, INFO \u017denklava, INFO \u017divotice u N.J. a INFO M\u011bsto Ro\u017enov nespr\u00e1vn\u00e9 ozna\u010den\u00ed programu, konkr\u00e9tn\u011b na INFO Hodslavice bylo v r\u00e1mci videotextu uvedeno \u201eMo\u0159kovsk\u00fd port\u00e1l\u201c, na INFO SEDLNICE bylo uvedeno \u201eSedlnick\u00fd port\u00e1l\u201c, na INFO \u017denklava \u201e\u017denklavsk\u00fd port\u00e1l\u201c, na INFO \u017divotice u N.J. \u201e\u017divotick\u00fd port\u00e1l\u201c a smy\u010dka programu INFO M\u011bsto Ro\u017enov obsahovala p\u0159ed\u011bly, kde figurovala Televize Beskyd, jej\u00ed n\u00e1zev a logo (nap\u0159. 0:15:23 hod a 0:39:30 hod od za\u010d\u00e1tku z\u00e1znamu). Rada stanovuje lh\u016ftu k pod\u00e1n\u00ed vysv\u011btlen\u00ed 30 dn\u00ed ode dne doru\u010den\u00ed t\u00e9to v\u00fdzvy.<br \/>\n&#8211; Rada se sezn\u00e1mila s anal\u00fdzou z\u00e1znamu vys\u00edl\u00e1n\u00ed programu TVML provozovatele TVSat multimedia s.r.o. ze dn\u016f 18.-19. dubna 2022.<br \/>\n&#8211; Rada v r\u00e1mci sv\u00e9 kompetence dan\u00e9 \u00a7 5 p\u00edsm. a) z\u00e1kona \u010d. 231\/2001 Sb., o provozov\u00e1n\u00ed rozhlasov\u00e9ho a televizn\u00edho vys\u00edl\u00e1n\u00ed a o zm\u011bn\u011b dal\u0161\u00edch z\u00e1kon\u016f, v platn\u00e9m zn\u011bn\u00ed (d\u00e1le jen \u201ez\u00e1kon \u010d. 231\/2001 Sb.\u201c) a v souladu s ustanoven\u00edm \u00a7 137 odst. 1 z\u00e1kona \u010d. 500\/2004 Sb., spr\u00e1vn\u00ed \u0159\u00e1d, (d\u00e1le jen \u201ez\u00e1kon \u010d. 500\/2004 Sb.\u201c) \u017e\u00e1d\u00e1 provozovatele vys\u00edl\u00e1n\u00ed TVSat multimedia s.r.o., I\u010c: 26321181, s\u00eddlem: U Ploch\u00e9 dr\u00e1hy 640\/14, Mari\u00e1nsk\u00e9 L\u00e1zn\u011b, PS\u010c 353 01, o pod\u00e1n\u00ed vysv\u011btlen\u00ed, z jak\u00e9ho d\u016fvodu ve vys\u00edl\u00e1n\u00ed programu TVML ve dnech 18.-19. dubna 2022 nebylo p\u0159\u00edtomno aktu\u00e1ln\u00ed zpravodajstv\u00ed a publicistika, p\u0159i\u010dem\u017e dle licence se jedn\u00e1 o informa\u010dn\u00ed program, kter\u00fd div\u00e1k\u016fm p\u0159in\u00e1\u0161\u00ed mj. \u201eaudiovizu\u00e1ln\u00ed kroniku v \u017e\u00e1nrech zpravodajstv\u00ed, publicistika\u201c. Rada stanovuje lh\u016ftu k pod\u00e1n\u00ed vysv\u011btlen\u00ed 30 dn\u016f ode dne doru\u010den\u00ed t\u00e9to v\u00fdzvy.<br \/>\n&#8211; Rada v r\u00e1mci sv\u00e9 kompetence dan\u00e9 \u00a7 5 p\u00edsm. a) z\u00e1kona \u010d. 231\/2001 Sb., o provozov\u00e1n\u00ed rozhlasov\u00e9ho a televizn\u00edho vys\u00edl\u00e1n\u00ed a o zm\u011bn\u011b dal\u0161\u00edch z\u00e1kon\u016f, v platn\u00e9m zn\u011bn\u00ed (d\u00e1le jen \u201ez\u00e1kon \u010d. 231\/2001 Sb.\u201c) a v souladu s ustanoven\u00edm \u00a7 137 odst. 1 z\u00e1kona \u010d. 500\/2004 Sb., spr\u00e1vn\u00ed \u0159\u00e1d, (d\u00e1le jen \u201ez\u00e1kon \u010d. 500\/2004 Sb.\u201c) \u017e\u00e1d\u00e1 provozovatele vys\u00edl\u00e1n\u00ed TVSat multimedia s.r.o., I\u010c: 26321181, s\u00eddlem: U Ploch\u00e9 dr\u00e1hy 640\/14, Mari\u00e1nsk\u00e9 L\u00e1zn\u011b, PS\u010c 353 01, o pod\u00e1n\u00ed vysv\u011btlen\u00ed, jak\u00fdm zp\u016fsobem napl\u0148uje ustanoven\u00ed \u00a7 32 odst. 7 p\u00edsm. c) z\u00e1kona \u010d. 231\/2001 Sb., ukl\u00e1daj\u00edc\u00ed provozovatel\u016fm povinnost poskytnout div\u00e1k\u016fm programu TVML snadn\u00fd, p\u0159\u00edm\u00fd a trval\u00fd p\u0159\u00edstup k informaci o tom, \u017ee org\u00e1nem dohledu nad provozov\u00e1n\u00edm televizn\u00edho vys\u00edl\u00e1n\u00ed je Rada. Rada stanovuje lh\u016ftu k pod\u00e1n\u00ed vysv\u011btlen\u00ed 30 dn\u016f ode dne doru\u010den\u00ed t\u00e9to v\u00fdzvy.<br \/>\n&#8211; Rada v r\u00e1mci sv\u00e9 kompetence dan\u00e9 \u00a7 5 p\u00edsm. a) z\u00e1kona \u010d. 231\/2001 Sb., o provozov\u00e1n\u00ed rozhlasov\u00e9ho a televizn\u00edho vys\u00edl\u00e1n\u00ed a o zm\u011bn\u011b dal\u0161\u00edch z\u00e1kon\u016f, v platn\u00e9m zn\u011bn\u00ed (d\u00e1le jen \u201ez\u00e1kon \u010d. 231\/2001 Sb.\u201c) a v souladu s ustanoven\u00edm \u00a7 137 odst. 1 z\u00e1kona \u010d. 500\/2004 Sb., spr\u00e1vn\u00ed \u0159\u00e1d, (d\u00e1le jen \u201ez\u00e1kon \u010d. 500\/2004 Sb.\u201c) \u017e\u00e1d\u00e1 provozovatele vys\u00edl\u00e1n\u00ed TVSat multimedia s.r.o., I\u010c: 26321181, s\u00eddlem: U Ploch\u00e9 dr\u00e1hy 640\/14, Mari\u00e1nsk\u00e9 L\u00e1zn\u011b, PS\u010c 353 01, o pod\u00e1n\u00ed vysv\u011btlen\u00ed, z jak\u00e9ho d\u016fvodu ve vys\u00edl\u00e1n\u00ed programu TVML ve dnech 18.-19. dubna 2022 absentovalo konstantn\u00ed ozna\u010den\u00ed televizn\u00edho programu (logo), p\u0159i\u010dem\u017e dle \u00a7 32 odst. 1 p\u00edsm. n) z\u00e1kona \u010d. 231\/2001 Sb. je provozovatel vys\u00edl\u00e1n\u00ed povinen uv\u00e1d\u011bt ozna\u010den\u00ed televizn\u00edho programu (logo) v televizn\u00edm vys\u00edl\u00e1n\u00ed, s v\u00fdjimkou vys\u00edl\u00e1n\u00ed reklamy a teleshoppingu. Rada stanovuje lh\u016ftu k pod\u00e1n\u00ed vysv\u011btlen\u00ed 30 dn\u016f ode dne doru\u010den\u00ed t\u00e9to v\u00fdzvy.<br \/>\n&#8211; Rada se sezn\u00e1mila s monitoringem kontinu\u00e1ln\u00edho \u00faseku vys\u00edl\u00e1n\u00ed programu Current Time provozovatele vys\u00edl\u00e1n\u00ed RFE\/RL, Inc., od\u0161t\u011bpn\u00fd z\u00e1vod, ze dne 25. 4. 2022, v \u010dasov\u00e9m \u00faseku od 10:00 do 22:00 hodin.<br \/>\n&#8211; Rada se sezn\u00e1mila s anal\u00fdzou z\u00e1znamu vys\u00edl\u00e1n\u00ed programu Cartoon Network RSE provozovatele HBO Europe s.r.o. ze dne 25. kv\u011btna 2022 od 10:00 do 22:00 hod.<br \/>\n&#8211; Rada v r\u00e1mci sv\u00e9 p\u016fsobnosti dan\u00e9 ustanoven\u00edm \u00a7 5 p\u00edsm. a) z\u00e1kona \u010d. 231\/2001 Sb., o provozov\u00e1n\u00ed rozhlasov\u00e9ho a televizn\u00edho vys\u00edl\u00e1n\u00ed a o zm\u011bn\u011b dal\u0161\u00edch z\u00e1kon\u016f (d\u00e1le jen z\u00e1kon \u010d. 231\/2001 Sb.), v platn\u00e9m zn\u011bn\u00ed, a v souladu s ustanoven\u00edm \u00a7 137 odst. 1 z\u00e1kona \u010d. 500\/2004 Sb., spr\u00e1vn\u00ed \u0159\u00e1d (d\u00e1le jen \u201ez\u00e1kon \u010d. 500\/2004 Sb.\u201c) \u017e\u00e1d\u00e1 provozovatele HBO Europe s.r.o., I\u010c 61466786, s\u00eddlem Jankovcova 1037\/49, Praha 7, PS\u010c 170 00, o pod\u00e1n\u00ed vysv\u011btlen\u00ed, z jak\u00e9ho d\u016fvodu Radu neinformoval o skute\u010dnosti, \u017ee dne 9. b\u0159ezna 2022 ukon\u010dil vys\u00edl\u00e1n\u00ed programu Cartoon<br \/>\nNetwork RSE na \u00fazem\u00ed Ruska. Rada stanovuje lh\u016ftu k pod\u00e1n\u00ed vysv\u011btlen\u00ed 30 dn\u00ed ode dne doru\u010den\u00ed t\u00e9to v\u00fdzvy.<br \/>\n&#8211; Rada se sezn\u00e1mila s anal\u00fdzou z\u00e1znamu vys\u00edl\u00e1n\u00ed programu Cartoon Network Dutch provozovatele HBO Europe s.r.o. ze dne 25. kv\u011btna 2022 od 10:00 do 22:00 hod.<br \/>\n&#8211; Rada se sezn\u00e1mila s anal\u00fdzou z\u00e1znamu vys\u00edl\u00e1n\u00ed programu Cartoon Network Poland provozovatele HBO Europe s.r.o. ze dne 25. kv\u011btna 2022 od 10:00 do 22:00 hod.<br \/>\n&#8211; Rada se sezn\u00e1mila s monitoringem obsahu vys\u00edl\u00e1n\u00ed programu Polsat Comedy Central Extra provozovatele ViacomCBS Networks International Czech s.r.o. dne 25. kv\u011btna 2022 v \u00faseku 10:00-22:00 hodin.<br \/>\n&#8211; Rada v r\u00e1mci sv\u00e9 kompetence dan\u00e9 \u00a7 5 p\u00edsm. a) a f) z\u00e1kona \u010d. 231\/2001 Sb., o provozov\u00e1n\u00ed rozhlasov\u00e9ho a televizn\u00edho vys\u00edl\u00e1n\u00ed a o zm\u011bn\u011b dal\u0161\u00edch z\u00e1kon\u016f, v platn\u00e9m zn\u011bn\u00ed (d\u00e1le jen \u201ez\u00e1kon \u010d. 231\/2001 Sb.\u201c) a v souladu s ustanoven\u00edm \u00a7 137 odst. 1 z\u00e1kona \u010d. 500\/2004 Sb., spr\u00e1vn\u00ed \u0159\u00e1d, (d\u00e1le jen \u201ez\u00e1kon \u010d. 500\/2004 Sb.\u201c) \u017e\u00e1d\u00e1 provozovatele ViacomCBS Networks International Czech s.r.o., I\u010c: 28970438, s\u00eddlem Perlov\u00e1 371\/5, Star\u00e9 M\u011bsto, 110 00 Praha 1, o pod\u00e1n\u00ed vysv\u011btlen\u00ed, zda sponzorsk\u00e9 vzkazy vys\u00edlan\u00e9 dne 25. kv\u011btna 2022 na programu Polsat Comedy Central Extra, konkr\u00e9tn\u011b nap\u0159. sponzorsk\u00fd vzkaz distributora filmu Top Gun Maverick (vys\u00edlac\u00ed \u010das 20:08:00-20:08:08 hodin SE\u010c), sponzorsk\u00fd vzkaz distributora n\u00e1poje Alpro (20:08:08-20:08:16 hodin), sponzorsk\u00fd vzkaz VW &#8211; dodavatele automobilu T-Roc (21:07:07-21:07:14 hodin), sponzorsk\u00fd vzkaz v\u00fdrobce matov\u00e9 barvy Dekoral Moc Koloru (21:07:15-21:17:23 hodin) a sponzorsk\u00fd vzkaz polsk\u00e9ho producenta l\u00e9ku Ginkofar (21:17:23-21:17:30 hodin), jsou ozna\u010den\u00edm sponzora programu \u010di sponzora po\u0159adu, resp. o pod\u00e1n\u00ed vysv\u011btlen\u00ed k uplat\u0148ovan\u00e9 terminologii rozli\u0161uj\u00edc\u00ed sponzorov\u00e1n\u00ed programu a po\u0159adu. Rada stanovuje lh\u016ftu k pod\u00e1n\u00ed vysv\u011btlen\u00ed 30 dn\u00ed ode dne doru\u010den\u00ed t\u00e9to v\u00fdzvy.<br \/>\n&#8211; Rada v r\u00e1mci sv\u00e9 kompetence dan\u00e9 \u00a7 5 p\u00edsm. a) a f) z\u00e1kona \u010d. 231\/2001 Sb., o provozov\u00e1n\u00ed rozhlasov\u00e9ho a televizn\u00edho vys\u00edl\u00e1n\u00ed a o zm\u011bn\u011b dal\u0161\u00edch z\u00e1kon\u016f, v platn\u00e9m zn\u011bn\u00ed (d\u00e1le jen \u201ez\u00e1kon \u010d. 231\/2001 Sb.\u201c) a v souladu s ustanoven\u00edm \u00a7 137 odst. 1 z\u00e1kona \u010d. 500\/2004 Sb., spr\u00e1vn\u00ed \u0159\u00e1d, (d\u00e1le jen \u201ez\u00e1kon \u010d. 500\/2004 Sb.\u201c) \u017e\u00e1d\u00e1 provozovatele ViacomCBS Networks International Czech s.r.o., I\u010c: 28970438, s\u00eddlem Perlov\u00e1 371\/5, Star\u00e9 M\u011bsto, 110 00 Praha 1, o pod\u00e1n\u00ed vysv\u011btlen\u00ed k odvys\u00edl\u00e1n\u00ed po\u0159adu Kabaret na zywo na programu Polsat Comedy Central Extra dne 25. kv\u011btna 2022 od 10:35 hodin, pro\u010d po prvn\u00edm p\u0159eru\u0161en\u00ed tohoto po\u0159adu nebylo za\u0159azeno upozorn\u011bn\u00ed informuj\u00edc\u00ed o um\u00edst\u011bn\u00ed produktu, kdy\u017e na za\u010d\u00e1tku, na konci a po dal\u0161\u00edch p\u0159eru\u0161en\u00edch po\u0159adu takov\u00e9 upozorn\u011bn\u00ed bylo uvedeno. Rada stanovuje lh\u016ftu k pod\u00e1n\u00ed vysv\u011btlen\u00ed 30 dn\u00ed ode dne doru\u010den\u00ed t\u00e9to v\u00fdzvy.<br \/>\n&#8211; Rada v r\u00e1mci sv\u00e9 kompetence dan\u00e9 \u00a7 5 p\u00edsm. a) a f) z\u00e1kona \u010d. 231\/2001 Sb., o provozov\u00e1n\u00ed rozhlasov\u00e9ho a televizn\u00edho vys\u00edl\u00e1n\u00ed a o zm\u011bn\u011b dal\u0161\u00edch z\u00e1kon\u016f, v platn\u00e9m zn\u011bn\u00ed (d\u00e1le jen \u201ez\u00e1kon \u010d. 231\/2001 Sb.\u201c) a v souladu s ustanoven\u00edm \u00a7 137 odst. 1 z\u00e1kona \u010d. 500\/2004 Sb., spr\u00e1vn\u00ed \u0159\u00e1d, (d\u00e1le jen \u201ez\u00e1kon \u010d. 500\/2004 Sb.\u201c) \u017e\u00e1d\u00e1 provozovatele ViacomCBS Networks International Czech s.r.o., I\u010c: 28970438, s\u00eddlem Perlov\u00e1 371\/5, Star\u00e9 M\u011bsto, 110 00 Praha 1, o pod\u00e1n\u00ed vysv\u011btlen\u00ed, jak\u00fdm zp\u016fsobem div\u00e1k\u016fm programu Polsat Comedy Central Extra umo\u017e\u0148uje snadn\u00fd, p\u0159\u00edm\u00fd a trval\u00fd p\u0159\u00edstup k informac\u00edm dle \u00a7 32 odst. 7 p\u00edsm. a) &#8211; c) z\u00e1kona \u010d. 231\/2001 Sb. Rada stanovuje lh\u016ftu k pod\u00e1n\u00ed vysv\u011btlen\u00ed 30 dn\u00ed ode dne doru\u010den\u00ed t\u00e9to v\u00fdzvy.<br \/>\n&#8211; Rada se sezn\u00e1mila s v\u00fdsledky systematick\u00e9ho monitoringu hlasitosti obchodn\u00edch sd\u011blen\u00ed na programu Prima STAR provozovatele FTV Prima, spol. s r.o. ze dne 30. \u010dervence 2022, 20:00 &#8211; 22:00 hodin.<br \/>\n&#8211; Rada se sezn\u00e1mila s podan\u00fdm vysv\u011btlen\u00edm spole\u010dnosti RIXO a.s., I\u010cO: 01487779, se s\u00eddlem Evropsk\u00e1 2690\/17, Dejvice, 160 00 Praha 6, jako\u017eto zadavatele reklamn\u00edho spotu RIXO.cz, Jedin\u00fd srovn\u00e1va\u010d \u017eivotn\u00edho poji\u0161t\u011bn\u00ed, odvys\u00edlan\u00e9ho dne 20. dubna 2022 v 21:22:12 hodin na programu Prima, k tvrzen\u00ed, \u017ee se jedn\u00e1 o jedin\u00fd online srovn\u00e1va\u010d \u017eivotn\u00edho poji\u0161t\u011bn\u00ed, kdy\u017e prokazateln\u011b existuje \u0159ada jin\u00fdch internetov\u00fdch online srovn\u00e1va\u010d\u016f.<br \/>\n&#8211; Rada coby \u00fast\u0159edn\u00ed spr\u00e1vn\u00ed \u00fa\u0159ad v r\u00e1mci sv\u00e9 kompetence dan\u00e9 ustanoven\u00edm \u00a7 7 p\u00edsm. a) z\u00e1kona \u010d. 40\/1995 Sb., o regulaci reklamy a o zm\u011bn\u011b a dopln\u011bn\u00ed z\u00e1kona \u010d. 468\/1991 Sb., o provozov\u00e1n\u00ed rozhlasov\u00e9ho a televizn\u00edho vys\u00edl\u00e1n\u00ed, ve zn\u011bn\u00ed pozd\u011bj\u0161\u00edch p\u0159edpis\u016f, rozhodla v souladu s ustanoven\u00edm \u00a7 76 odst. 1 p\u00edsm. a) z\u00e1kona \u010d. 250\/2016 Sb., o odpov\u011bdnosti za p\u0159estupky a \u0159\u00edzen\u00ed o nich, v platn\u00e9m zn\u011bn\u00ed, ve v\u011bci mo\u017en\u00e9ho p\u0159estupku sp\u00e1chan\u00e9ho odvys\u00edl\u00e1n\u00edm reklamn\u00edho spotu RIXO.cz, Jedin\u00fd srovn\u00e1va\u010d \u017eivotn\u00edho poji\u0161t\u011bn\u00ed, dne 20. dubna 2022 v 21:22:12 hodin na programu Prima, \u017ee v\u011bc odkl\u00e1d\u00e1.<br \/>\n&#8211; Rada se sezn\u00e1mila s podan\u00fdm vysv\u011btlen\u00edm provozovatele HBO Europe s.r.o., I\u010c 614 66 786, se s\u00eddlem Praha 7, Jankovcova 1037\/49, PS\u010c 170 00, jak\u00fdm zp\u016fsobem poskytuje v souvislosti s vys\u00edl\u00e1n\u00edm sv\u00fdch program\u016f HBO, HBO 2 Adria, HBO 3 Adria, Cinemax a Cinemax 2, sm\u011b\u0159ovan\u00fdch na \u00fazem\u00ed Chorvatska, technick\u00e9 opat\u0159en\u00ed, kter\u00e9 umo\u017e\u0148uje omezit p\u0159\u00edstup k vys\u00edl\u00e1n\u00ed d\u011btem a mladistv\u00fdm, \u010d\u00edm\u017e se na n\u011bj nevztahuje povinnost dle ustanoven\u00ed \u00a7 32 odst. 1 p\u00edsm. g) z\u00e1kona \u010d. 231\/2001 Sb., kter\u00e1 provozovatel\u016fm ukl\u00e1d\u00e1 neza\u0159azovat v dob\u011b od 06.00 hodin do 22.00 hodin po\u0159ady a upout\u00e1vky, kter\u00e9 by mohly ohrozit fyzick\u00fd, psychick\u00fd nebo mravn\u00ed v\u00fdvoj d\u011bt\u00ed a mladistv\u00fdch.<br \/>\n&#8211; Rada coby \u00fast\u0159edn\u00ed spr\u00e1vn\u00ed \u00fa\u0159ad v r\u00e1mci sv\u00e9 kompetence dan\u00e9 ustanoven\u00edm \u00a7 5 p\u00edsm. a) z\u00e1kona \u010d. 231\/2001 Sb., o provozov\u00e1n\u00ed rozhlasov\u00e9ho a televizn\u00edho vys\u00edl\u00e1n\u00ed a o zm\u011bn\u011b dal\u0161\u00edch z\u00e1kon\u016f (d\u00e1le jen z\u00e1kon \u010d. 231\/2001 Sb.), rozhodla v souladu s ustanoven\u00edm \u00a7 76 odst. 1 p\u00edsm. a) z\u00e1kona \u010d. 250\/2016 Sb., o odpov\u011bdnosti za p\u0159estupky a \u0159\u00edzen\u00ed o nich, v platn\u00e9m zn\u011bn\u00ed, ve v\u011bci mo\u017en\u00e9ho p\u0159estupku sp\u00e1chan\u00e9ho v souvislosti s vys\u00edl\u00e1n\u00edm program\u016f HBO, HBO 2 Adria, HBO 3 Adria, Cinemax a Cinemax 2, sm\u011b\u0159ovan\u00fdch na \u00fazem\u00ed Chorvatska, \u017ee v\u011bc odkl\u00e1d\u00e1.<br \/>\n&#8211; Rada se sezn\u00e1mila s podan\u00fdm vysv\u011btlen\u00edm provozovatele ABC TV broadcasting s.r.o., I\u010c: 08073228, s\u00eddlem: B\u011blehradsk\u00e1 858\/23, Praha 2, PS\u010c 120 00, jak\u00fdm zp\u016fsobem napl\u0148uje ustanoven\u00ed \u00a7 32 odst. 7 p\u00edsm. a), b) a c) z\u00e1kona \u010d. 231\/2001 Sb., ukl\u00e1daj\u00edc\u00ed provozovatel\u016fm povinnost poskytnout div\u00e1k\u016fm programu ABC TV snadn\u00fd, p\u0159\u00edm\u00fd a trval\u00fd p\u0159\u00edstup k z\u00e1kladn\u00edm \u00fadaj\u016fm o provozovateli televizn\u00edho vys\u00edl\u00e1n\u00ed, d\u00e1le k \u00fadaj\u016fm, kter\u00e9 umo\u017e\u0148uj\u00ed rychl\u00e9, p\u0159\u00edm\u00e9 a \u00fa\u010dinn\u00e9 nav\u00e1z\u00e1n\u00ed kontaktu s provozovatelem televizn\u00edho vys\u00edl\u00e1n\u00ed, a k informaci o tom, \u017ee org\u00e1nem dohledu nad provozov\u00e1n\u00edm televizn\u00edho vys\u00edl\u00e1n\u00ed je Rada.<br \/>\n&#8211; Rada v r\u00e1mci sv\u00e9 p\u016fsobnosti dan\u00e9 ustanoven\u00edm \u00a7 5 p\u00edsm. a) a f) a \u00a7 59 odst. 1-3 z\u00e1kona \u010d. 231\/2001 Sb., o provozov\u00e1n\u00ed rozhlasov\u00e9ho a televizn\u00edho vys\u00edl\u00e1n\u00ed a o zm\u011bn\u011b dal\u0161\u00edch z\u00e1kon\u016f (d\u00e1le jen \u201ez\u00e1kon \u010d. 231\/2001 Sb.\u201c), v platn\u00e9m zn\u011bn\u00ed, upozor\u0148uje provozovatele ABC TV broadcasting s.r.o., I\u010c: 08073228, s\u00eddlem: B\u011blehradsk\u00e1 858\/23, Praha 2, PS\u010c 120 00, na poru\u0161en\u00ed ustanoven\u00ed \u00a7 32 odst. 7 p\u00edsm. a), b) a c) z\u00e1kona \u010d. 231\/2001 Sb., jeho\u017e se dopustil t\u00edm, \u017ee jako\u017eto provozovatel televizn\u00edho programu ABC TV neumo\u017enil div\u00e1k\u016fm minim\u00e1ln\u011b ve dnech 28. a\u017e 30. b\u0159ezna 2022, v\u017edy od 12:00 do 22:00 hodin, snadn\u00fd, p\u0159\u00edm\u00fd a trval\u00fd p\u0159\u00edstup k z\u00e1kladn\u00edm \u00fadaj\u016fm o provozovateli televizn\u00edho vys\u00edl\u00e1n\u00ed, jimi\u017e jsou n\u00e1zev nebo jm\u00e9no a identifika\u010dn\u00ed \u010d\u00edslo, bylo-li p\u0159id\u011bleno, adresa s\u00eddla v p\u0159\u00edpad\u011b pr\u00e1vnick\u00e9 osoby nebo bydli\u0161t\u011b v p\u0159\u00edpad\u011b fyzick\u00e9 osoby a u zahrani\u010dn\u00ed osoby rovn\u011b\u017e adresa podniku nebo organiza\u010dn\u00ed slo\u017eky na \u00fazem\u00ed \u010cesk\u00e9 republiky, byly-li z\u0159\u00edzeny, d\u00e1le \u00fadaj\u016fm, kter\u00e9 umo\u017e\u0148uj\u00ed rychl\u00e9, p\u0159\u00edm\u00e9 a \u00fa\u010dinn\u00e9 nav\u00e1z\u00e1n\u00ed kontaktu s provozovatelem televizn\u00edho vys\u00edl\u00e1n\u00ed, zejm\u00e9na k po\u0161tovn\u00ed adrese pro doru\u010dov\u00e1n\u00ed, telefonn\u00edmu \u010d\u00edslu, pop\u0159\u00edpad\u011b k adrese pro doru\u010dov\u00e1n\u00ed elektronick\u00e9 po\u0161ty a t\u00e9\u017e informaci o tom, \u017ee org\u00e1nem dohledu nad provozov\u00e1n\u00edm televizn\u00edho vys\u00edl\u00e1n\u00ed je Rada. Rada stanovuje lh\u016ftu k n\u00e1prav\u011b 7 dn\u00ed ode dne doru\u010den\u00ed upozorn\u011bn\u00ed.<br \/>\n&#8211; Rada se sezn\u00e1mila s podan\u00fdm vysv\u011btlen\u00edm provozovatele ViacomCBS Networks International Czech s.r.o., jak\u00fdm zp\u016fsobem napl\u0148uje ustanoven\u00ed \u00a7 32 odst. 7 z\u00e1kona \u010d. 231\/2001 Sb., kdy\u017e souvislost mezi programem Comedy Central Extra a spole\u010dnost\u00ed ViacomCBS Networks International Czech s.r.o. nelze dohledat na webu programu Comedy Central, ve vys\u00edl\u00e1n\u00ed programu Comedy Central Extra, ani na webu spole\u010dnosti ViacomCBS Networks International Czech s.r.o.<br \/>\n&#8211; Rada se sezn\u00e1mila s podan\u00fdm vysv\u011btlen\u00edm (\u010d.j. RRTV\/8978\/2022-vra) provozovatele ViacomCBS Networks International Czech s. r. o., zda jsou sponzorsk\u00e9 vzkazy spole\u010dnosti Lebara<br \/>\nvys\u00edlan\u00e9 dne 21. b\u0159ezna 2022 (v GMT v \u010dasech 19:58:59, 20:08:33, 20:13:46, 20:23:46, 20:31:16, 20:40:53, 20:46:50, 20:56:54, 20:59:16, 21:10:58, 21:18:01, 21:25:35, 21:32:50, 21:42:37, 21:49:08 a 21:58:17) na programu Comedy Central Extra ozna\u010den\u00edm sponzora programu \u010di sponzora po\u0159adu.<br \/>\n&#8211; Rada se sezn\u00e1mila s podan\u00fdm vysv\u011btlen\u00edm provozovatele ViacomCBS Networks International Czech s.r.o., jak\u00fdm zp\u016fsobem je napl\u0148ov\u00e1no ustanoven\u00ed \u00a7 32 odst. 7 z\u00e1kona \u010d. 231\/2001 Sb., kdy\u017e souvislost mezi programem MTV (pro Irsko) a spole\u010dnost\u00ed ViacomCBS Networks International Czech s.r.o. nelze dohledat na webu programu MTV, ve vys\u00edl\u00e1n\u00ed programu MTV, ani na webu spole\u010dnosti ViacomCBS Networks International Czech s.r.o.<br \/>\n&#8211; Rada se sezn\u00e1mila s podan\u00fdm vysv\u011btlen\u00edm (\u010d.j. RRTV\/8977\/2022-vra) provozovatele ViacomCBS Networsk International Czech s. r. o., zda jsou sponzorsk\u00e9 vzkazy (prezentuj\u00edc\u00ed produkty Acnecide) vys\u00edlan\u00e9 dne 21. b\u0159ezna 2022 (v GMT v \u010dasech 21:01:34, 21:08:58, 21:15:05, 21:24:16, 21:30:07, 21:39:15, 21:45:20, 21:57:27 a 21:59:34) na programu MTV (pro Irsko) ozna\u010den\u00edm sponzora programu \u010di sponzora po\u0159adu.<br \/>\n&#8211; Rada se sezn\u00e1mila s podan\u00fdm vysv\u011btlen\u00edm provozovatele ENECOS, s. r. o., jak\u00fdm zp\u016fsobem napl\u0148uje dal\u0161\u00ed programov\u00e9 podm\u00ednky licence programu KTV Dukovany, kter\u00e9 stanovuj\u00ed, \u017ee vys\u00edl\u00e1n\u00ed videotextov\u00e9 slo\u017eky dan\u00e9ho programu m\u00e1 prob\u00edhat formou zobrazov\u00e1n\u00ed teletextu, m\u00e1 obsahovat i aktu\u00e1ln\u00ed textov\u00e9 informace t\u00fdkaj\u00edc\u00ed se obc\u00ed Horn\u00ed Dub\u0148any a \u0160em\u00edkovice a v ur\u010den\u00fdch \u010dasech m\u00e1 b\u00fdt p\u0159eru\u0161ov\u00e1no za\u0159azen\u00edm videoz\u00e1znam\u016f.<br \/>\n&#8211; Rada v r\u00e1mci sv\u00e9 p\u016fsobnosti dan\u00e9 ustanoven\u00edm \u00a7 5 p\u00edsm. a) a f) a \u00a7 59 odst. 1-3 z\u00e1kona \u010d. 231\/2001 Sb., o provozov\u00e1n\u00ed rozhlasov\u00e9ho a televizn\u00edho vys\u00edl\u00e1n\u00ed a o zm\u011bn\u011b dal\u0161\u00edch z\u00e1kon\u016f (d\u00e1le jen z\u00e1kon \u010d. 231\/2001 Sb.), v platn\u00e9m zn\u011bn\u00ed, upozor\u0148uje provozovatele ENECOS, s.r.o., I\u010c 60702745, se s\u00eddlem Dukovany 227, PS\u010c 67556, na poru\u0161en\u00ed programov\u00fdch podm\u00ednek licence programu KTV Dukovany ve dnech 18. a 19. dubna 2022. Vys\u00edl\u00e1n\u00ed tohoto programu v rozporu s licenc\u00ed neprob\u00edhalo formou zobrazov\u00e1n\u00ed teletextu, neobsahovalo aktu\u00e1ln\u00ed textov\u00e9 informace t\u00fdkaj\u00edc\u00ed se obc\u00ed Horn\u00ed Dub\u0148any a \u0160em\u00edkovice a v ur\u010den\u00fdch \u010dasech nebylo p\u0159eru\u0161ov\u00e1no za\u0159azen\u00edm videoz\u00e1znam\u016f. Rada stanovuje lh\u016ftu k n\u00e1prav\u011b 60 dn\u00ed ode dne doru\u010den\u00ed tohoto upozorn\u011bn\u00ed.<br \/>\n&#8211; Rada se sezn\u00e1mila s reakc\u00ed provozovatele Ji\u0159\u00ed St\u0159eda, I\u010c 105 18 266, na upozorn\u011bn\u00ed na poru\u0161en\u00ed z\u00e1kona, kter\u00e9ho se dopustil t\u00edm, \u017ee neposkytl Rad\u011b na jej\u00ed vy\u017e\u00e1d\u00e1n\u00ed z\u00e1znam vys\u00edl\u00e1n\u00ed programu VIDEO JS &#8211; \u00da\u010dko ze dn\u016f 18.-19. dubna 2022 v \u010dasov\u00e9m \u00faseku od 00.00 do 24.00 hodin, tj. dvou dn\u016f.<br \/>\n&#8211; Rada se sezn\u00e1mila s informac\u00ed o uplatn\u011bn\u00ed postupu dle Memoranda o porozum\u011bn\u00ed ze strany belgick\u00e9 CSA.<br \/>\n&#8211; Rada se sezn\u00e1mila s obsahem zpr\u00e1vy \u201eReuters Digital News report 2022\u201c zve\u0159ejn\u011bn\u00e9 dne 15. \u010dervna 2022.<br \/>\n&#8211; Rada se sezn\u00e1mila s obsahem Studie \u201eBehavioural study on unfair commercial practices in the digital environment: dark patterns and manipulative personalisation\u201c zve\u0159ejn\u011bn\u00e9 16. kv\u011btna 2022.<br \/>\nAUDIOVIZU\u00c1LN\u00cd MEDI\u00c1LN\u00cd SLU\u017dBY NA VY\u017d\u00c1D\u00c1N\u00cd<br \/>\n&#8211; Rada v r\u00e1mci sv\u00e9 p\u016fsobnosti dan\u00e9 ustanoven\u00edm \u00a7 4 odst. 1 z\u00e1kona \u010d. 132\/2010 Sb., o audiovizu\u00e1ln\u00edch medi\u00e1ln\u00edch slu\u017eb\u00e1ch na vy\u017e\u00e1d\u00e1n\u00ed a o zm\u011bn\u011b dal\u0161\u00edch z\u00e1kon\u016f (d\u00e1le jen z\u00e1kon \u010d. 132\/2010 Sb.), v platn\u00e9m zn\u011bn\u00ed, a na z\u00e1klad\u011b \u00a7 137 z\u00e1kona \u010d. 500\/2004 Sb., spr\u00e1vn\u00ed \u0159\u00e1d, \u017e\u00e1d\u00e1 provozovatele\/poskytovatele RFE\/RL, Inc., od\u0161t\u011bpn\u00fd z\u00e1vod, I\u010c 613 89 269, se s\u00eddlem Praha 10, Vinohradsk\u00e1 3333\/159a, PS\u010c 10000, o pod\u00e1n\u00ed vysv\u011btlen\u00ed, z jak\u00e9ho d\u016fvodu Rad\u011b neozn\u00e1mil poskytov\u00e1n\u00ed neline\u00e1rn\u00edho vys\u00edl\u00e1n\u00ed souvisej\u00edc\u00edho s vys\u00edl\u00e1n\u00edm Current Time, resp. o jak\u00e9 slu\u017eby se jedn\u00e1 a kde jsou um\u00edst\u011bny. Rada stanovuje lh\u016ftu k pod\u00e1n\u00ed vysv\u011btlen\u00ed 30 dn\u00ed ode dne doru\u010den\u00ed v\u00fdzvy.<br \/>\n&#8211; Rada v r\u00e1mci sv\u00e9 p\u016fsobnosti dan\u00e9 ustanoven\u00edm \u00a7 4 odst. 1 z\u00e1kona \u010d. 132\/2010 Sb., o audiovizu\u00e1ln\u00edch medi\u00e1ln\u00edch slu\u017eb\u00e1ch na vy\u017e\u00e1d\u00e1n\u00ed a o zm\u011bn\u011b dal\u0161\u00edch z\u00e1kon\u016f (d\u00e1le jen z\u00e1kon \u010d. 132\/2010 Sb.), v platn\u00e9m zn\u011bn\u00ed, a na z\u00e1klad\u011b \u00a7 137 z\u00e1kona \u010d. 500\/2004 Sb., spr\u00e1vn\u00ed \u0159\u00e1d, \u017e\u00e1d\u00e1 spole\u010dnost SupremeXP Enterprise s.r.o, I\u010c: 09294121, s\u00eddlem N\u00e1rodn\u00ed 973\/41, Praha 1, 110 00, o pod\u00e1n\u00ed vysv\u011btlen\u00ed, z jak\u00e9ho d\u016fvodu Rad\u011b doposud neozn\u00e1mila poskytov\u00e1n\u00ed audiovizu\u00e1ln\u00ed medi\u00e1ln\u00ed slu\u017eby na vy\u017e\u00e1d\u00e1n\u00ed um\u00edst\u011bn\u00e9 na internetov\u00e9 adrese https:\/\/www.supremexp.net\/. Rada stanovuje lh\u016ftu k pod\u00e1n\u00ed vysv\u011btlen\u00ed 30 dn\u00ed ode dne doru\u010den\u00ed v\u00fdzvy.<br \/>\n&#8211; Rada bere na v\u011bdom\u00ed ukon\u010den\u00ed poskytov\u00e1n\u00ed audiovizu\u00e1ln\u00ed medi\u00e1ln\u00ed slu\u017eby na vy\u017e\u00e1d\u00e1n\u00ed. pod n\u00e1zvem Seznam Zpr\u00e1vy, um\u00edst\u011bn\u00e9 na adrese https:\/\/www.seznam.cz\/zpravy, poskytovatele Seznam.cz, a.s.<br \/>\n&#8211; Rada v r\u00e1mci sv\u00e9 p\u016fsobnosti podle ustanoven\u00ed \u00a7 4 odst. 2 p\u00edsm. a) a \u00a7 5 odst. 3 z\u00e1kona \u010d. 132\/2010 Sb., o audiovizu\u00e1ln\u00edch medi\u00e1ln\u00edch slu\u017eb\u00e1ch na vy\u017e\u00e1d\u00e1n\u00ed, a podle ustanoven\u00ed \u00a7 158 odst. 1 z\u00e1kona \u010d. 500\/2004 Sb., spr\u00e1vn\u00edho \u0159\u00e1du, vyd\u00e1v\u00e1 na z\u00e1klad\u011b p\u00edsemn\u00e9ho ozn\u00e1men\u00ed poskytovatele Seznam Zpr\u00e1vy, a.s. doru\u010den\u00e9ho Rad\u011b dne 16. srpna 2022, toto potvrzen\u00ed: Poskytovatel Seznam Zpr\u00e1vy, a.s., I\u010c:139 744 75, se s\u00eddlem Radlick\u00e1 3294\/10, 150 00 Praha 5, byla dne 30. srpna 2022 zaps\u00e1na do Evidence poskytovatel\u016f audiovizu\u00e1ln\u00edch medi\u00e1ln\u00edch slu\u017eeb na vy\u017e\u00e1d\u00e1n\u00ed ve smyslu ustanoven\u00ed \u00a7 5 z\u00e1kona \u010d. 132\/2010 Sb., o audiovizu\u00e1ln\u00edch medi\u00e1ln\u00edch slu\u017eb\u00e1ch na vy\u017e\u00e1d\u00e1n\u00ed; audiovizu\u00e1ln\u00ed medi\u00e1ln\u00ed slu\u017eba na vy\u017e\u00e1d\u00e1n\u00ed je poskytov\u00e1na ode dne 1. srpna 2022 pod n\u00e1zvem Seznam Zpr\u00e1vy, um\u00edst\u011bn\u00e1 na internetov\u00e9 adrese https:\/\/www.seznamzpravy.cz\/<br \/>\nOSTATN\u00cd<br \/>\n&#8211; Rada se sezn\u00e1mila s p\u0159ehledem odpov\u011bd\u00ed poskytnut\u00fdch podle z\u00e1kona \u010d.106\/1999 Sb.<br \/>\nV Praze dne 1. 9. 2022<br \/>\nIng. arch. V\u00e1clav Mencl<br \/>\np\u0159edseda Rady pro rozhlasov\u00e9<br \/>\na televizn\u00ed vys\u00edl\u00e1n\u00ed<br \/>\nkontakt: podatelna@rrtv.cz<br \/>\n274 813 830<\/p>\n","protected":false},"excerpt":{"rendered":"<p>Rada pro rozhlasov\u00e9 a televizn\u00ed vys\u00edl\u00e1n\u00ed (d\u00e1le jen &#8222;Rada&#8220;) na sv\u00e9m 13. zased\u00e1n\u00ed projednala 45 bod\u016f programu. Vyhodnotila 27 st\u00ed\u017enost\u00ed div\u00e1k\u016f a poslucha\u010d\u016f, vydala sedm upozorn\u011bn\u00ed na poru\u0161en\u00ed z\u00e1kona, rozhodla o zah\u00e1jen\u00ed t\u0159\u00ed spr\u00e1vn\u00edch \u0159\u00edzen\u00ed.<\/p>\n","protected":false},"author":1,"featured_media":0,"comment_status":"open","ping_status":"open","sticky":false,"template":"","format":"standard","meta":{"ngg_post_thumbnail":0,"footnotes":""},"categories":[17,11],"tags":[],"class_list":["post-12871","post","type-post","status-publish","format-standard","hentry","category-jakl-president","category-ozvena"],"_links":{"self":[{"href":"https:\/\/www.ladislavjakl.cz\/index.php?rest_route=\/wp\/v2\/posts\/12871","targetHints":{"allow":["GET"]}}],"collection":[{"href":"https:\/\/www.ladislavjakl.cz\/index.php?rest_route=\/wp\/v2\/posts"}],"about":[{"href":"https:\/\/www.ladislavjakl.cz\/index.php?rest_route=\/wp\/v2\/types\/post"}],"author":[{"embeddable":true,"href":"https:\/\/www.ladislavjakl.cz\/index.php?rest_route=\/wp\/v2\/users\/1"}],"replies":[{"embeddable":true,"href":"https:\/\/www.ladislavjakl.cz\/index.php?rest_route=%2Fwp%2Fv2%2Fcomments&post=12871"}],"version-history":[{"count":1,"href":"https:\/\/www.ladislavjakl.cz\/index.php?rest_route=\/wp\/v2\/posts\/12871\/revisions"}],"predecessor-version":[{"id":12872,"href":"https:\/\/www.ladislavjakl.cz\/index.php?rest_route=\/wp\/v2\/posts\/12871\/revisions\/12872"}],"wp:attachment":[{"href":"https:\/\/www.ladislavjakl.cz\/index.php?rest_route=%2Fwp%2Fv2%2Fmedia&parent=12871"}],"wp:term":[{"taxonomy":"category","embeddable":true,"href":"https:\/\/www.ladislavjakl.cz\/index.php?rest_route=%2Fwp%2Fv2%2Fcategories&post=12871"},{"taxonomy":"post_tag","embeddable":true,"href":"https:\/\/www.ladislavjakl.cz\/index.php?rest_route=%2Fwp%2Fv2%2Ftags&post=12871"}],"curies":[{"name":"wp","href":"https:\/\/api.w.org\/{rel}","templated":true}]}}