{"id":12873,"date":"2022-09-09T09:09:33","date_gmt":"2022-09-09T07:09:33","guid":{"rendered":"https:\/\/www.ladislavjakl.cz\/?p=12873"},"modified":"2022-09-09T09:09:33","modified_gmt":"2022-09-09T07:09:33","slug":"podle-ladislava-jakla-se-fialovi-podarilo-neco-neskutecneho-a-opravdove-zoufalstvi-teprve-prijde","status":"publish","type":"post","link":"https:\/\/www.ladislavjakl.cz\/?p=12873","title":{"rendered":"Podle Ladislava Jakla se Fialovi poda\u0159ilo n\u011bco neskute\u010dn\u00e9ho a opravdov\u00e9 zoufalstv\u00ed teprve p\u0159ijde"},"content":{"rendered":"<p>Podle Ladislava Jakla premi\u00e9r dok\u00e1zal to, co nikdo p\u0159ed n\u00edm. Jak dlouho vydr\u017e\u00ed tato vl\u00e1da, co je p\u0159\u00ed\u010dinou energetick\u00e9 drahoty, pro\u010d se b\u00fdval\u00fd tajemn\u00edk V\u00e1clava Klause pozastavuje nad ji\u017e ofici\u00e1ln\u00edmi kandid\u00e1ty na prezidenta? Nejen o t\u011bchto t\u00e9matech v exkluzivn\u00edm rozhovoru pro VIPosobnosti.cz.<\/p>\n<p><!--more--><\/p>\n<p><strong>Pane Jakle, k sobotn\u00ed demonstraci se ji\u017e vyj\u00e1d\u0159ili politici i Petr Fiala. Premi\u00e9r bohu\u017eel lidem, kte\u0159\u00ed ho volili a dali mu d\u016fv\u011bru nikterak nepom\u00e1h\u00e1. Naopak zdehonestoval postoj k jejich \u017eivotn\u00ed, finan\u010dn\u00ed situaci. Je si, podle v\u00e1s, v\u011bdom dopadu sv\u00fdch slov?<\/strong><\/p>\n<p>Kdy\u017e jsem \u010detl to jeho drz\u00e9 vyj\u00e1d\u0159en\u00ed, napadlo m\u011b, \u017ee n\u011bkte\u0159\u00ed politici maj\u00ed ochranku pr\u00e1v\u011b proto, aby mohli \u0159\u00edkat takov\u00e9 nehor\u00e1znosti. Ka\u017ed\u00fd z on\u00e9 stovky tis\u00edc demonstrant\u016f na V\u00e1clavsk\u00e9 n\u00e1m\u011bst\u00ed m\u011bl sv\u00e9 vlastn\u00ed motivy, pro\u010d tam p\u0159i\u0161el. Jm\u00e9na n\u011bjak\u00fdch dvou po\u0159adatel\u016f ur\u010dit\u011b drtiv\u00e1 v\u011bt\u0161ina demonstruj\u00edc\u00edch ani neznala a kv\u016fli nim tam nebyla. Lid\u00e9 tam p\u0159i\u0161li, aby jasn\u011b dali sv\u016fj n\u00e1zor, \u017ee odm\u00edtaj\u00ed politickou sou\u010dasn\u00e9 vl\u00e1dy, kter\u00e1 n\u00e1s dovedla a\u017e k energetick\u00e9 chudob\u011b. Mezi \u00fa\u010dastn\u00edky i \u0159e\u010dn\u00edky byli nositel\u00e9 \u010dasto zcela protich\u016fdn\u00fdch n\u00e1zor\u016f. Premi\u00e9ra Fialu by m\u011blo zaj\u00edmat, co dostalo lidi tak velmi se navz\u00e1jem li\u0161\u00edc\u00edch ve stejnou chv\u00edli na stejn\u00e9 m\u00edsto, co je spojovalo. Odpor k vl\u00e1d\u011b. Ano, tato vl\u00e1da skute\u010dn\u011b sjednotila ve\u0159ejnost. Je ot\u00e1zkou, jestli takhle si to p\u0159ed rokem p\u0159i sv\u00e9m n\u00e1stupu do funkce p\u0159edstavovala.<\/p>\n<p><strong>Na demonstraci zazn\u011blo od experta na energie \u0160t\u011bp\u00e1na, \u017ee bychom mohli nakupovat levn\u011b rusk\u00fd plyn od Ma\u010far\u016f. je to d\u016fle\u017eit\u00e9?<\/strong><\/p>\n<p>To jsou podle mne prkotiny. Moc m\u011b nezaj\u00edmaj\u00ed jednor\u00e1zov\u00e1 technick\u00e1 opat\u0159en\u00ed. Je nutno \u0159e\u0161it skute\u010dnou p\u016fvodn\u00ed p\u0159\u00ed\u010dinu energetick\u00e9 drahoty, ne a\u017e d\u016fsledky. A tou p\u0159\u00ed\u010dinou je sebevra\u017eedn\u00e9 ni\u010den\u00ed vlastn\u00edch dom\u00e1c\u00edch energetick\u00fdch zdroj\u016f ve jm\u00e9nu Grety, ve jm\u00e9nu boje s podneb\u00edm, kter\u00fd jsme si nechali vnutit hlavn\u011b od N\u011bmc\u016f.<\/p>\n<p><strong>N\u011bkte\u0159\u00ed lid\u00e9 jsou v zoufal\u00e9 situaci. K jak\u00fdm dal\u0161\u00edm krok\u016fm je ne\u010dinnost vl\u00e1dy donut\u00ed?<\/strong><\/p>\n<p>Mysl\u00edm, \u017ee v zoufal\u00e9 situaci je\u0161t\u011b nejsou. To teprve p\u0159ijde, a\u017e v \u0159\u00edjnu za\u010dnou lidem chodit slo\u017eenky. A a\u017e v lednu za\u010dnou v\u00fdpadky proudu a plynu, a\u017e lidem dojdou pen\u00edze, utr\u00e1cen\u00e9 dnes narychlo kv\u016fli inflaci, a\u017e zchudl\u00ed lid\u00e9 p\u0159estanou nakupovat, a\u017e zbo\u017e\u00ed od firem nep\u016fjde na odbyt, a\u017e firmy za\u010dnou krachovat a popou\u0161t\u011bt. Pak teprve p\u0159ijde to opravdov\u00e9 zoufalstv\u00ed. Douf\u00e1m, \u017ee tou dobou u\u017e tu Fialova vl\u00e1da nebude a nov\u00e1 vl\u00e1da \u2013 kdy\u017e u\u017e nebude moci toho mnoho ud\u011blat pro rychl\u00e9 zlep\u0161en\u00ed situace \u2013 alespo\u0148 p\u0159estane \u0161kodit a \u0161tv\u00e1t lidi.<\/p>\n<p><strong>V rozhovoru pro VIPosobnosti.cz se politik ze strany TOP 09 vyj\u00e1d\u0159il, \u017ee bezpe\u010dnost je d\u016fle\u017eit\u011bj\u0161\u00ed ne\u017e plyn. Hroz\u00ed n\u00e1m opravdu&nbsp; v\u00e1lka a je zapot\u0159eb\u00ed utr\u00e1cet pen\u00edze za zbrojen\u00ed?<\/strong><\/p>\n<p>Pokud vid\u00edm nabl\u00edzku n\u011bjakou v\u00e1lku, je to v\u00e1lka na\u0161eho st\u00e1tu proti sv\u00fdm vlastn\u00edm ob\u010dan\u016fm.<\/p>\n<p><strong>&nbsp;<\/strong><strong>Je mo\u017en\u00e9 zru\u0161it prodej na\u0161\u00ed energie p\u0159es burzu v Lipsku?<\/strong><\/p>\n<p>Up\u00ednat se k&nbsp;takov\u00fdmto technick\u00fdm jednor\u00e1zov\u00fdm krok\u016fm a vid\u011bt v&nbsp;nich sp\u00e1su nen\u00ed spr\u00e1vn\u00e9. N\u00e1m pom\u016f\u017ee jedin\u011b skoncov\u00e1n\u00ed s&nbsp;emisn\u00edmi povolenkami, s&nbsp;Green Dealem a s&nbsp;bojem proti podneb\u00ed.<\/p>\n<p><strong>V minul\u00fdch dnech se p\u0159edstavili kandid\u00e1ti na prezidenta. Jak na v\u00e1s, \u010dlov\u011bka, kter\u00fd byl l\u00e9ta tajemn\u00edkem V\u00e1clava Klause, zap\u016fsobili?<\/strong><\/p>\n<p>Nechce se mi v\u011b\u0159it, \u017ee nyn\u00ed, na za\u010d\u00e1tku z\u00e1\u0159\u00ed, u\u017e zn\u00e1me v\u0161echny, kte\u0159\u00ed nakonec do volby p\u016fjdou. Proto\u017ee jestli m\u00e1 b\u00fdt v\u00fdb\u011br omezen na t\u011bch n\u011bkolik medi\u00e1ln\u00edch mil\u00e1\u010dk\u016f, jejich\u017e jm\u00e9na jsou n\u00e1m vnucov\u00e1na stokr\u00e1t denn\u011b, byl by to v\u00fdb\u011br hodn\u011b smutn\u00fd.<\/p>\n<p><a href=\"https:\/\/viposobnosti.cz\/clanky\/podle-ladislava-jakla-se-fialovi-podarilo-neco-neskutecneho-a-opravdove-zoufalstvi-teprve-prijde\/\">Zdroj<\/a><\/p>\n","protected":false},"excerpt":{"rendered":"<p>Podle Ladislava Jakla premi\u00e9r dok\u00e1zal to, co nikdo p\u0159ed n\u00edm. Jak dlouho vydr\u017e\u00ed tato vl\u00e1da, co je p\u0159\u00ed\u010dinou energetick\u00e9 drahoty, pro\u010d se b\u00fdval\u00fd tajemn\u00edk V\u00e1clava Klause pozastavuje nad ji\u017e ofici\u00e1ln\u00edmi kandid\u00e1ty na prezidenta? Nejen o t\u011bchto t\u00e9matech v exkluzivn\u00edm rozhovoru pro VIPosobnosti.cz.<\/p>\n","protected":false},"author":1,"featured_media":0,"comment_status":"open","ping_status":"open","sticky":false,"template":"","format":"standard","meta":{"ngg_post_thumbnail":0,"footnotes":""},"categories":[13],"tags":[],"class_list":["post-12873","post","type-post","status-publish","format-standard","hentry","category-rozhovory"],"_links":{"self":[{"href":"https:\/\/www.ladislavjakl.cz\/index.php?rest_route=\/wp\/v2\/posts\/12873","targetHints":{"allow":["GET"]}}],"collection":[{"href":"https:\/\/www.ladislavjakl.cz\/index.php?rest_route=\/wp\/v2\/posts"}],"about":[{"href":"https:\/\/www.ladislavjakl.cz\/index.php?rest_route=\/wp\/v2\/types\/post"}],"author":[{"embeddable":true,"href":"https:\/\/www.ladislavjakl.cz\/index.php?rest_route=\/wp\/v2\/users\/1"}],"replies":[{"embeddable":true,"href":"https:\/\/www.ladislavjakl.cz\/index.php?rest_route=%2Fwp%2Fv2%2Fcomments&post=12873"}],"version-history":[{"count":1,"href":"https:\/\/www.ladislavjakl.cz\/index.php?rest_route=\/wp\/v2\/posts\/12873\/revisions"}],"predecessor-version":[{"id":12874,"href":"https:\/\/www.ladislavjakl.cz\/index.php?rest_route=\/wp\/v2\/posts\/12873\/revisions\/12874"}],"wp:attachment":[{"href":"https:\/\/www.ladislavjakl.cz\/index.php?rest_route=%2Fwp%2Fv2%2Fmedia&parent=12873"}],"wp:term":[{"taxonomy":"category","embeddable":true,"href":"https:\/\/www.ladislavjakl.cz\/index.php?rest_route=%2Fwp%2Fv2%2Fcategories&post=12873"},{"taxonomy":"post_tag","embeddable":true,"href":"https:\/\/www.ladislavjakl.cz\/index.php?rest_route=%2Fwp%2Fv2%2Ftags&post=12873"}],"curies":[{"name":"wp","href":"https:\/\/api.w.org\/{rel}","templated":true}]}}