{"id":12893,"date":"2022-09-12T13:14:47","date_gmt":"2022-09-12T11:14:47","guid":{"rendered":"https:\/\/www.ladislavjakl.cz\/?p=12893"},"modified":"2022-09-12T13:22:00","modified_gmt":"2022-09-12T11:22:00","slug":"ladislav-jakl-posila-kvuli-pravu-veta-vzkaz-do-nemecka-tak-jak-jej-zname","status":"publish","type":"post","link":"https:\/\/www.ladislavjakl.cz\/?p=12893","title":{"rendered":"Ladislav Jakl pos\u00edl\u00e1 kv\u016fli pr\u00e1vu veta vzkaz do N\u011bmecka. Tak, jak jej zn\u00e1me&#8230;"},"content":{"rendered":"<p>\u201eJ\u00e1 ony dva aktivisty, kte\u0159\u00ed demonstraci svolali, nezn\u00e1m, a je mi to jedno. A jedno to bylo i ostatn\u00edm \u00fa\u010dastn\u00edk\u016fm. D\u011blat z t\u011bch desetitis\u00edc\u016f lid\u00ed blbe\u010dky, kte\u0159\u00ed podlehli n\u011bjak\u00fdm \u0161tvav\u00fdm imperialistick\u00fdm vys\u00edla\u010dk\u00e1m a kte\u0159\u00ed jsou pom\u00fdleni nep\u0159\u00e1telskou propagandou, to je tak na \u00farovni Jake\u0161e,\u201c shrnuje d\u011bn\u00ed po demonstraci proti vl\u00e1d\u011b na V\u00e1clavsk\u00e9m n\u00e1m\u011bst\u00ed Ladislav Jakl. B\u00fdval\u00fd poslanec, muzikant, spisovatel a \u010dlen Rady pro rozhlasov\u00e9 a televizn\u00ed vys\u00edl\u00e1n\u00ed si je jist\u00fd, \u017ee pokud vl\u00e1da spr\u00e1vn\u011b nezareaguje, budou protesty s\u00edlit.<\/p>\n<p><!--more--><\/p>\n<p><img decoding=\"async\" src=\"https:\/\/cms.parlamentnilisty.cz\/image.ashx?w=632&amp;h=307&amp;f=IMG_3151_637665434925716166.jpg&amp;id=161652\" alt=\"Ladislav Jakl pos\u00edl\u00e1 kv\u016fli pr\u00e1vu veta vzkaz do N\u011bmecka. Tak, jak jej zn\u00e1me...\"><\/p>\n<p><small>Foto:&nbsp;<strong>Hans \u0160tembera<\/strong><br \/>\nPopisek:&nbsp;<strong>Ladislav Jakl<\/strong><\/small><\/p>\n<p>Mnoho bylo \u0159e\u010deno po demonstraci na V\u00e1clavsk\u00e9m n\u00e1m\u011bst\u00ed, kde se se\u0161ly des\u00edtky tis\u00edc lid\u00ed, aby protestovaly proti krok\u016fm vl\u00e1dy. Jak jste protest vn\u00edmal vy?<\/p>\n<p>Na demonstraci jsem byl. T\u0159i hodiny. A nest\u00e1l jsem na m\u00edst\u011b, ale dvakr\u00e1t dokola obe\u0161el celou horn\u00ed p\u016flku V\u00e1clavsk\u00e9ho n\u00e1m\u011bst\u00ed, co\u017e v t\u00e9 tla\u010denici ob\u010das v\u016fbec nebylo snadn\u00e9. Proto v\u00edm, \u017ee slo\u017een\u00ed \u00fa\u010dastn\u00edk\u016f bylo ohromn\u011b pestr\u00e9. Chud\u0161\u00ed i bohat\u0161\u00ed, vysoko\u0161kol\u00e1ci i lid\u00e9 se z\u00e1kladn\u00edm vzd\u011bl\u00e1n\u00edm, Pra\u017eani i venkovani, mlad\u00ed i star\u0161\u00ed, celo\u017eivotn\u00ed antikomunist\u00e9 i hlou\u010dek dne\u0161n\u00edch komunist\u016f, samot\u00e1\u0159i i rodiny. \u0158\u00edkal jsem si, \u017ee politick\u00fd dopad demonstrace mo\u017en\u00e1 nebude hned v\u00fdznamn\u00fd nebo p\u0159elomov\u00fd, ale v\u0161em \u00fa\u010dastn\u00edk\u016fm dodalo velikou nad\u011bji to, \u017ee ve sv\u00e9m postoji v\u016f\u010di energetick\u00e9 drahot\u011b a v odporu proti vl\u00e1d\u011b nejsou sami, \u017ee je n\u00e1s takov\u00fdch mnoho.<\/p>\n<p><strong>Premi\u00e9r Petr Fiala (ODS) k tomu \u0159ekl: \u201eDemonstraci svolaly s\u00edly, kter\u00e9 se hl\u00e1s\u00ed k prorusk\u00e9 orientaci, kter\u00e9 maj\u00ed bl\u00edzko k extr\u00e9mn\u00edm pozic\u00edm a kter\u00e9 h\u00e1j\u00ed z\u00e1jmy, kter\u00e9 jsou proti z\u00e1jm\u016fm \u010cesk\u00e9 republiky i proti z\u00e1jm\u016fm na\u0161ich ob\u010dan\u016f.\u201c A\u010dkoliv sv\u00e1 slova m\u00ed\u0159il k po\u0159adatel\u016fm, odborn\u00edci i n\u011bkte\u0159\u00ed \u010dlenov\u00e9 ODS varuj\u00ed, \u017ee se mohou dotknout tak\u00e9 \u00fa\u010dastn\u00edk\u016f, mezi nimi\u017e nebyla vid\u011bt jedin\u00e1 rusk\u00e1 vlajka. Souhlas\u00edte, \u010di nikoliv?<\/strong><\/p>\n<p>J\u00e1 ony dva aktivisty, kte\u0159\u00ed akci svolali, nezn\u00e1m, a je mi to jedno. A jedno to bylo i ostatn\u00edm \u00fa\u010dastn\u00edk\u016fm. Se\u0161li se tam sv\u00e9pr\u00e1vn\u00ed lid\u00e9 a ka\u017ed\u00fd z nich s\u00e1m za sebe dob\u0159e v\u011bd\u011bl, pro\u010d on tam je a co t\u00edm chce vyj\u00e1d\u0159it. D\u011blat z t\u011bch desetitis\u00edc\u016f lid\u00ed blbe\u010dky, kte\u0159\u00ed podlehli n\u011bjak\u00fdm \u0161tvav\u00fdm imperialistick\u00fdm vys\u00edla\u010dk\u00e1m a kte\u0159\u00ed jsou pom\u00fdleni nep\u0159\u00e1telskou propagandou, to je tak na \u00farovni Jake\u0161e. Fiala prok\u00e1zal, \u017ee sv\u00fdm spoluob\u010dan\u016fm nerozum\u00ed, \u017ee je nezn\u00e1 a \u017ee jimi pohrd\u00e1. A \u010dlov\u011bk, kter\u00fd pohrd\u00e1 sv\u00fdmi spoluob\u010dany, nesm\u00ed b\u00fdt premi\u00e9rem. A mezi n\u00e1mi, jako prorusk\u00fd agent se chov\u00e1 pr\u00e1v\u011b Fiala, kdy\u017e pova\u017euje zhoubn\u00fd Geen Deal za \u0161anci pro na\u0161i republiku. Ano, je to \u0161ance, ale jak si zni\u010dit vlastn\u00ed zdroje energie a st\u00e1t se z\u00e1visl\u00fdm na vrtkav\u00fdch dovozech z Ruska a od arabsk\u00fdch \u0161ejk\u016f.<\/p>\n<p><strong>Domn\u00edv\u00e1te se, \u017ee se demonstrace mohou po\u010dtem lid\u00ed zv\u011bt\u0161ovat, pokud vl\u00e1da spr\u00e1vn\u011b nezareaguje a bude protesty podce\u0148ovat, jak varuj\u00ed n\u011bkte\u0159\u00ed politologov\u00e9?<\/strong><\/p>\n<p>Nedomn\u00edv\u00e1m. Jsem si jist. Je mnoho lid\u00ed, kte\u0159\u00ed si \u0159\u00edkali: Tentokr\u00e1t se mi to je\u0161t\u011b nehodilo, tentokr\u00e1t jsem nebyl je\u0161t\u011b dost odhodl\u00e1n. A takov\u00ed u\u017e p\u0159\u00ed\u0161t\u011b p\u0159ijdou.<\/p>\n<p><strong>D\u011bl\u00e1 \u010desk\u00e1 vl\u00e1da podle v\u00e1s dost? A je vhodn\u00e9 v t\u00e9to krizi st\u00e1le nech\u00e1vat trh, aby se s v\u00fdkyvy vyrovnal s\u00e1m?<\/strong><\/p>\n<p>Nikdo p\u0159ece trh nenech\u00e1v\u00e1. Trh v\u016fbec nem\u00e1 \u0161anci se v re\u017eimu pln\u00e9m sebevra\u017eedn\u00fdch regulac\u00ed prosadit. Kdyby m\u011bl, \u017e\u00e1dn\u00e1 drahota by byla nep\u0159i\u0161la. Co je tr\u017en\u00edho na povinn\u00fdch emisn\u00edch povolenk\u00e1ch? Co je tr\u017en\u00edho na hrub\u00e9m tlaku na omezen\u00ed produkce energie v uheln\u00fdch elektr\u00e1rn\u00e1ch? Co je tr\u017en\u00edho na podpo\u0159e sol\u00e1rn\u00edch a v\u011btrn\u00fdch baron\u016f? Co je tr\u017en\u00edho na podpo\u0159e boh\u00e1\u010d\u016f z kapes chud\u00fdch poplatn\u00edk\u016f, aby se ti z\u00e1mo\u017en\u00ed mohli p\u0159edv\u00e1d\u011bt s dotovan\u00fdmi elektromobily s dotovan\u00fdm provozem? Co je tr\u017en\u00edho na nucen\u00e9m p\u0159echodu tepl\u00e1ren na plyn? Ne, drahota nen\u00ed d\u00edt\u011btem trhu, ale brut\u00e1ln\u00edho soci\u00e1ln\u011b in\u017een\u00fdrsk\u00e9ho pl\u00e1nu, jak ob\u011btovat norm\u00e1ln\u00ed \u017eivot milion\u016f lid\u00ed chim\u00e9\u0159e boje s podneb\u00edm. Boje, d\u00edky kter\u00e9mu si namast\u00ed kapsy ti, kte\u0159\u00ed se na tvrd\u00fdch zelen\u00fdch restrikc\u00edch p\u0159i\u017eivuj\u00ed a kte\u0159\u00ed je sami vym\u00fd\u0161lej\u00ed a prosazuj\u00ed.<\/p>\n<p><strong>N\u011bkte\u0159\u00ed p\u0159isuzuj\u00ed zdra\u017eov\u00e1n\u00ed energi\u00ed rusk\u00e9mu prezidentu Vladimiru Putinovi a v\u00e1lce na Ukrajin\u011b, jin\u00ed tak\u00e9 protirusk\u00fdm sankc\u00edm, emisn\u00edm povolenk\u00e1m, lipsk\u00e9 burze nebo zelen\u00e9 dohod\u011b Evropsk\u00e9 unie Green Deal. Kdo je tedy na vin\u011b? Jde o kombinaci t\u011bchto faktor\u016f?<\/strong><\/p>\n<p>R\u016fst cen energi\u00ed a krachy distribu\u010dn\u00edch spole\u010dnost\u00ed p\u0159ece za\u010daly naplno u\u017e loni, d\u00e1vno p\u0159ed v\u00e1lkou. My vyrob\u00edme 38 procent elekt\u0159iny z uhl\u00ed a 36 procent z j\u00e1dra. Z plynu asi dev\u011bt procent \u2013 a mohla by to b\u00fdt nula, kdyby se plynem nejistily nespolehliv\u00e9 slune\u010dn\u00e9 a v\u011btrn\u00e9 zdroje. Za zdra\u017eov\u00e1n\u00ed m\u016f\u017ee jen a pouze \u0161\u00edlen\u00e1 klimatick\u00e1 politika. V\u00e1lka je pro bojovn\u00edky s podneb\u00edm a i za cenu chudoby jen skv\u011blou v\u00fdmluvou.&nbsp;<\/p>\n<p><a href=\"https:\/\/www.parlamentnilisty.cz\/arena\/rozhovory\/Ladislav-Jakl-posila-kvuli-pravu-veta-vzkaz-do-Nemecka-Tak-jak-jej-zname-713558\">Zdroj<\/a><\/p>\n","protected":false},"excerpt":{"rendered":"<p>\u201eJ\u00e1 ony dva aktivisty, kte\u0159\u00ed demonstraci svolali, nezn\u00e1m, a je mi to jedno. A jedno to bylo i ostatn\u00edm \u00fa\u010dastn\u00edk\u016fm. D\u011blat z t\u011bch desetitis\u00edc\u016f lid\u00ed blbe\u010dky, kte\u0159\u00ed podlehli n\u011bjak\u00fdm \u0161tvav\u00fdm imperialistick\u00fdm vys\u00edla\u010dk\u00e1m a kte\u0159\u00ed jsou pom\u00fdleni nep\u0159\u00e1telskou propagandou, to je tak na \u00farovni Jake\u0161e,\u201c shrnuje d\u011bn\u00ed po demonstraci proti vl\u00e1d\u011b na V\u00e1clavsk\u00e9m n\u00e1m\u011bst\u00ed Ladislav Jakl. [&hellip;]<\/p>\n","protected":false},"author":9,"featured_media":0,"comment_status":"open","ping_status":"open","sticky":false,"template":"","format":"standard","meta":{"ngg_post_thumbnail":0,"footnotes":""},"categories":[13],"tags":[],"class_list":["post-12893","post","type-post","status-publish","format-standard","hentry","category-rozhovory"],"_links":{"self":[{"href":"https:\/\/www.ladislavjakl.cz\/index.php?rest_route=\/wp\/v2\/posts\/12893","targetHints":{"allow":["GET"]}}],"collection":[{"href":"https:\/\/www.ladislavjakl.cz\/index.php?rest_route=\/wp\/v2\/posts"}],"about":[{"href":"https:\/\/www.ladislavjakl.cz\/index.php?rest_route=\/wp\/v2\/types\/post"}],"author":[{"embeddable":true,"href":"https:\/\/www.ladislavjakl.cz\/index.php?rest_route=\/wp\/v2\/users\/9"}],"replies":[{"embeddable":true,"href":"https:\/\/www.ladislavjakl.cz\/index.php?rest_route=%2Fwp%2Fv2%2Fcomments&post=12893"}],"version-history":[{"count":4,"href":"https:\/\/www.ladislavjakl.cz\/index.php?rest_route=\/wp\/v2\/posts\/12893\/revisions"}],"predecessor-version":[{"id":12900,"href":"https:\/\/www.ladislavjakl.cz\/index.php?rest_route=\/wp\/v2\/posts\/12893\/revisions\/12900"}],"wp:attachment":[{"href":"https:\/\/www.ladislavjakl.cz\/index.php?rest_route=%2Fwp%2Fv2%2Fmedia&parent=12893"}],"wp:term":[{"taxonomy":"category","embeddable":true,"href":"https:\/\/www.ladislavjakl.cz\/index.php?rest_route=%2Fwp%2Fv2%2Fcategories&post=12893"},{"taxonomy":"post_tag","embeddable":true,"href":"https:\/\/www.ladislavjakl.cz\/index.php?rest_route=%2Fwp%2Fv2%2Ftags&post=12893"}],"curies":[{"name":"wp","href":"https:\/\/api.w.org\/{rel}","templated":true}]}}