{"id":12914,"date":"2022-09-12T18:39:01","date_gmt":"2022-09-12T16:39:01","guid":{"rendered":"https:\/\/www.ladislavjakl.cz\/?p=12914"},"modified":"2022-09-12T18:41:45","modified_gmt":"2022-09-12T16:41:45","slug":"zachranme-nasi-republiku","status":"publish","type":"post","link":"https:\/\/www.ladislavjakl.cz\/?p=12914","title":{"rendered":"Zachra\u0148me na\u0161i republiku"},"content":{"rendered":"<p>O v\u00edkendu byl zve\u0159ejn\u011bn manifest, mezi jeho\u017e signat\u00e1\u0159e se \u0159ad\u00edm.<\/p>\n<p><!--more--><\/p>\n<p>Manifest m\u016f\u017ee spolupodepsat ka\u017ed\u00fd, kdo je stejn\u011b jako j\u00e1 p\u0159esv\u011bd\u010den, \u017ee, \u017ee hroz\u00edc\u00ed spole\u010denskou, ekonomickou a soci\u00e1ln\u00ed katastrofu na\u0161\u00ed republiky se nepoda\u0159\u00ed odvr\u00e1tit bez z\u00e1sadn\u00ed politick\u00e9 zm\u011bny. V\u00edce na www.zachranmerepubliku.cz<\/p>\n<p>&nbsp;<\/p>\n<p>Ladislav Jakl<\/p>\n","protected":false},"excerpt":{"rendered":"<p>O v\u00edkendu byl zve\u0159ejn\u011bn manifest, mezi jeho\u017e signat\u00e1\u0159e se \u0159ad\u00edm.<\/p>\n","protected":false},"author":9,"featured_media":0,"comment_status":"open","ping_status":"open","sticky":false,"template":"","format":"standard","meta":{"ngg_post_thumbnail":0,"footnotes":""},"categories":[11],"tags":[],"class_list":["post-12914","post","type-post","status-publish","format-standard","hentry","category-ozvena"],"_links":{"self":[{"href":"https:\/\/www.ladislavjakl.cz\/index.php?rest_route=\/wp\/v2\/posts\/12914","targetHints":{"allow":["GET"]}}],"collection":[{"href":"https:\/\/www.ladislavjakl.cz\/index.php?rest_route=\/wp\/v2\/posts"}],"about":[{"href":"https:\/\/www.ladislavjakl.cz\/index.php?rest_route=\/wp\/v2\/types\/post"}],"author":[{"embeddable":true,"href":"https:\/\/www.ladislavjakl.cz\/index.php?rest_route=\/wp\/v2\/users\/9"}],"replies":[{"embeddable":true,"href":"https:\/\/www.ladislavjakl.cz\/index.php?rest_route=%2Fwp%2Fv2%2Fcomments&post=12914"}],"version-history":[{"count":2,"href":"https:\/\/www.ladislavjakl.cz\/index.php?rest_route=\/wp\/v2\/posts\/12914\/revisions"}],"predecessor-version":[{"id":12916,"href":"https:\/\/www.ladislavjakl.cz\/index.php?rest_route=\/wp\/v2\/posts\/12914\/revisions\/12916"}],"wp:attachment":[{"href":"https:\/\/www.ladislavjakl.cz\/index.php?rest_route=%2Fwp%2Fv2%2Fmedia&parent=12914"}],"wp:term":[{"taxonomy":"category","embeddable":true,"href":"https:\/\/www.ladislavjakl.cz\/index.php?rest_route=%2Fwp%2Fv2%2Fcategories&post=12914"},{"taxonomy":"post_tag","embeddable":true,"href":"https:\/\/www.ladislavjakl.cz\/index.php?rest_route=%2Fwp%2Fv2%2Ftags&post=12914"}],"curies":[{"name":"wp","href":"https:\/\/api.w.org\/{rel}","templated":true}]}}