{"id":12919,"date":"2022-09-13T14:10:20","date_gmt":"2022-09-13T12:10:20","guid":{"rendered":"https:\/\/www.ladislavjakl.cz\/?p=12919"},"modified":"2022-09-13T14:10:20","modified_gmt":"2022-09-13T12:10:20","slug":"energetika-pojmenujme-pricinu-nouze","status":"publish","type":"post","link":"https:\/\/www.ladislavjakl.cz\/?p=12919","title":{"rendered":"ENERGETIKA: Pojmenujme p\u0159\u00ed\u010dinu nouze"},"content":{"rendered":"<p>Ho\u0159\u00ed n\u00e1m u\u017e st\u0159echa nad hlavou? Tedy co se t\u00fd\u010de dostupnosti energi\u00ed pro \u010desk\u00e9 hospod\u00e1\u0159stv\u00ed i dom\u00e1cnosti? Je\u0161t\u011b \u00fapln\u011b ne, ale doutn\u00e1 pov\u00e1\u017eliv\u011b.<\/p>\n<p><!--more--><\/p>\n<p>\u010casem se neodvratn\u011b pomalu rozho\u0159\u00ed, pokud se vl\u00e1da bude chovat pasivn\u011b a nech\u00e1 st\u0159echu doutnat d\u00e1l. Nebo se st\u0159echa rozho\u0159\u00ed okam\u017eit\u011b a hned velik\u00fdm plamenem, jestli se vl\u00e1da zachov\u00e1 sice aktivn\u011b, ale zvol\u00ed naprosto chybn\u00e9 a t\u00edm ve v\u00fdsledku kontraproduktivn\u00ed recepty, kter\u00e9 zafunguj\u00ed, jako kdyby st\u0159echu rovnou polila benz\u00ednem.<\/p>\n<p>N\u00e1\u0161 pan premi\u00e9r se sice ned\u00e1vno postavil v\u016f\u010di cenami energi\u00ed znepokojen\u00fdm ob\u010dan\u016fm drze, pohrdliv\u011b, hloup\u011b a blazeovan\u011b, jako kdyby na probl\u00e9m ka\u0161lal a n\u00e1m tedy hrozil sc\u00e9n\u00e1\u0159 postupn\u00e9ho vzn\u00edcen\u00ed. Jen\u017ee dal\u0161\u00ed v\u00fdroky jeho garnitury vypov\u00eddaj\u00ed sp\u00ed\u0161 o tom, \u017ee spla\u0161en\u00e1 a vylekan\u00e1 vl\u00e1da chce honem konat, sah\u00e1 v\u0161ak po t\u011bch nejhloup\u011bj\u0161\u00edch n\u00e1padech, jak\u00e9 ve ve\u0159ejnosti l\u00e9taj\u00ed. Tak\u017ee ho\u0159et asi za\u010dne rychle a po\u0159\u00e1dn\u011b.<\/p>\n<p>Ano, vl\u00e1da se podle v\u0161eho p\u0159eci jen probudila, zjistila, \u017ee v zemi panuje drahota a \u017ee zdivo\u010del\u00e9 ceny energi\u00ed mohou brzy z\u00edskat velmi z\u00e1sadn\u00ed spole\u010densk\u00fd a politick\u00fd destruktivn\u00ed potenci\u00e1l. Tak\u017ee u\u017e i tahle vl\u00e1da pochopila, \u017ee je t\u0159eba okam\u017eit\u011b konat. Jenom\u017ee aby jej\u00ed kon\u00e1n\u00ed m\u011blo n\u011bjak\u00fd podstatn\u00fd kladn\u00fd dopad, mus\u00ed vych\u00e1zet ze spr\u00e1vn\u00e9ho pojmenov\u00e1n\u00ed p\u0159\u00ed\u010din sou\u010dasn\u00e9 cenov\u00e9 krize. Ale nic nenasv\u011bd\u010duje tomu, \u017ee ke spr\u00e1vn\u00e9mu pojmenov\u00e1n\u00ed vl\u00e1da do\u0161la.<\/p>\n<p>Vl\u00e1da \u0159\u00edk\u00e1, \u017ee za rostouc\u00edmi cenami energie je v\u00e1lka na Ukrajin\u011b. Spol\u00e9h\u00e1 na na\u0161i kr\u00e1tkou pam\u011b\u0165. Ale my si p\u0159ece pamatujeme, \u017ee r\u016fst cen a krachy energetick\u00fdch distributor\u016f za\u010dal dominov\u00fdm efektem u\u017e loni. A d\u00e1le: copak u n\u00e1s je v\u00fdroba elekt\u0159iny tolik z\u00e1visl\u00e1 na cen\u011b dov\u00e1\u017een\u00fdch surovin? Zat\u00edm tolik nen\u00ed. Z plynu se u n\u00e1s vyr\u00e1b\u00ed asi dev\u011bt procent proudu. Skoro \u010dty\u0159icet procent elekt\u0159iny vyr\u00e1b\u00edme z na\u0161eho hn\u011bd\u00e9ho uhl\u00ed. V\u00edc ne\u017e t\u0159etinu vyr\u00e1b\u00edme v na\u0161ich jadern\u00fdch elektr\u00e1rn\u00e1ch.<\/p>\n<p>Pokud by vl\u00e1da myslela v\u00e1\u017en\u011b sv\u00e1 slova o tom, \u017ee ta energetickou drahotou stoj\u00ed v\u00e1lka, musela by nab\u00edzet jedin\u00e9 \u0159e\u0161en\u00ed: maxim\u00e1ln\u011b napomoci co nejrychlej\u0161\u00edmu ukon\u010den\u00ed boj\u016f a nastolen\u00ed m\u00edru. A ukon\u010den\u00ed sankc\u00ed. Ale to vl\u00e1da nechyst\u00e1, tak\u017ee ani ona v tomto ohledu nev\u011b\u0159\u00ed vlastn\u00edm slov\u016fm. Vl\u00e1da toti\u017e navrhuje regulaci mar\u017e\u00ed a cenov\u00e9 stropy. Tak\u017ee za pravou p\u0159\u00ed\u010dinu drahoty pova\u017euje nedostate\u010dn\u00e9 konkuren\u010dn\u00ed prost\u0159ed\u00ed na trhu s energiemi a nenasytnost distribu\u010dn\u00edch firem. A copak to jsou v\u011bci, kter\u00e9 plat\u00ed a\u017e dnes? P\u0159ed lety platily tak\u00e9 a \u017e\u00e1dn\u00e1 cenov\u00e1 exploze se nekonala. Tedy op\u011bt nepravda.<\/p>\n<p>Tak co se za posledn\u00ed roky zm\u011bnilo? Z\u00e1sadn\u011b akcelerovala zb\u011bsil\u00e1 politika EU v boji proti podneb\u00ed. Omezen\u00ed po\u010dtu vyd\u00e1van\u00fdch emisn\u00edch povolenek vyvolalo jejich raketov\u00fd \u2013 trojn\u00e1sobn\u00fd &#8211; r\u016fst, co\u017e si ostatn\u011b zelen\u00ed radik\u00e1lov\u00e9 p\u0159\u00e1li. Zv\u00fd\u0161ily se poplatky na tzv. obnoviteln\u00e9 zdroje. A vl\u00e1dy zem\u00ed EU hromadn\u011b p\u0159ikro\u010dily k sebevra\u017eedn\u00e9mu omezen\u00ed dosavadn\u00edch funguj\u00edc\u00edch zdroj\u016f energie. Tady je p\u0159\u00ed\u010dina drahoty, jen tady le\u017e\u00ed \u0159e\u0161en\u00ed.<\/p>\n<p>Co je tedy nutno ud\u011blat? P\u0159iznat, \u017ee za zb\u011bsil\u00fdm r\u016fstem cen energi\u00ed m\u016f\u017ee nesmysln\u00fd boj s podneb\u00edm. A n\u00e1sledn\u011b podle toho konat:<\/p>\n<ul>\n<li>&nbsp;<\/li>\n<li>Zru\u0161it poplatky na \u201eobnoviteln\u00e9\u201c zdroje a zru\u0161it dotace na neefektivn\u00ed sol\u00e1rn\u00ed a v\u011btrn\u00e9 kapacity.<\/li>\n<li>Zru\u0161it politiku zav\u00edr\u00e1n\u00ed tepl\u00e1ren a elektr\u00e1ren na uhl\u00ed a tam, kde to jde, obnovit provoz zav\u0159en\u00fdch. Znovuzah\u00e1jit proces rekonstrukce, repase a remodernizace dom\u00e1c\u00edch uheln\u00fdch energetick\u00fdch kapacit.<\/li>\n<li>Zru\u0161it t\u011b\u017eebn\u00ed limity a znovuotev\u0159\u00edt uheln\u00e9 doly nebo aspo\u0148 u\u010dinit prvn\u00ed kroky t\u00edmto sm\u011brem.<\/li>\n<li>Vypov\u011bd\u011bt \u00fa\u010dast \u010cR na programu emisn\u00edch povolenek.<\/li>\n<\/ul>\n<p>Jen to jsou \u0159e\u0161en\u00ed m\u00ed\u0159\u00edc\u00ed k prav\u00e9 p\u0159\u00ed\u010din\u011b energetick\u00e9 drahoty. Chce to ale odvahu a p\u0159estat si lh\u00e1t. Vl\u00e1dou navrhovan\u00e1 administrativn\u00ed opat\u0159en\u00ed ke zlep\u0161en\u00ed nepovedou. Regulace cen v\u017edy a v\u0161ude vedla k omezen\u00ed nab\u00eddky. Nen\u00ed povinn\u00e9 nev\u00fdhodn\u011b prod\u00e1vat. Elekt\u0159ina bude levn\u011bj\u0161\u00ed, akor\u00e1t \u017ee nebude k dost\u00e1n\u00ed a bude se spot\u0159ebitel\u016fm vyp\u00ednat. Zastropov\u00e1n\u00ed cen energi\u00ed povede jen a jen k blackout\u016fm a k energii na p\u0159\u00edd\u011bl, k regulovan\u00e9 spot\u0159eb\u011b a k poruch\u00e1m dod\u00e1vek.<\/p>\n<p>A nakonec si pov\u011bzme, kdo je tady ciz\u00ed agent a kdo naopak kope za dom\u00e1c\u00ed z\u00e1jmy, za z\u00e1jmy \u010desk\u00fdch spot\u0159ebitel\u016f a \u010desk\u00fdch firem. Byl agentem ropn\u00fdch a plynov\u00fdch export\u00e9r\u016f ten, kdo bojoval proti zv\u00fdhod\u0148ov\u00e1n\u00ed sol\u00e1rn\u00ed a v\u011btrn\u00e9 energie? Byl jejich podporovatelem ten, kdo kritizoval um\u011blou podporu elektromobility? Byl snad jejich fanou\u0161kem ten, kdo h\u00e1jil vyu\u017e\u00edv\u00e1n\u00ed dom\u00e1c\u00edch efektivn\u00edch zdroj\u016f? Byl jejich spojencem ten, kdo podporoval dostavbu jadern\u00fdch blok\u016f?<\/p>\n<p>Nebo byl rusk\u00fdm agentem sp\u00ed\u0161e ten, kdo n\u00e1m vnutil \u00fa\u010dast na \u0161\u00edlen\u00e9m Green Dealu, v jeho\u017e d\u016fsledku se dom\u00e1c\u00ed zdroje vy\u0159azuj\u00ed, zdra\u017euj\u00ed a nespolehlivost v\u011btrn\u00fdch a slune\u010dn\u00edch zdroj\u016f se nahrazuje dovozem sibi\u0159sk\u00e9ho plynu? Nebyl rusk\u00fdm agentem sp\u00ed\u0161e ten, kdo oddaloval roz\u0161\u00ed\u0159en\u00ed Dukovan a Temel\u00edna? Nebyl agentem arabsk\u00fdch \u0161ejk\u016f a rusk\u00fdch oligarch\u016f ten, kdo pod z\u00e1minkou ochrany \u017eivotn\u00edch prost\u0159ed\u00ed nechal zni\u010dit cel\u00fd syst\u00e9m uheln\u00fdch tepl\u00e1ren a teplovod\u016f z elektr\u00e1ren a v\u00fdrobu tepla pro m\u011bsta u\u010dinil z\u00e1vislou na dovozov\u00e9m plynu a mazutu?<\/p>\n<p>Sv\u00e9ho \u010dasu se prav\u00fd Evropan poznal podle toho, \u017ee cht\u011bl do Evropy masov\u011b dov\u00e1\u017eet miliony Afri\u010dan\u016f a Arab\u016f. A kdo cht\u011bl Evropu v\u00edce evropskou, ten byl pr\u00fd protievropsk\u00fd. Nyn\u00ed se bojovn\u00edk s re\u017eimy, kter\u00e9 kontroluj\u00ed roury na plyn a ropu, pozn\u00e1 podle toho, \u017ee podporuje demont\u00e1\u017e dom\u00e1c\u00edch kapacit a posiluje z\u00e1vislost na importu, kdo tla\u010d\u00ed na destrukci funguj\u00edc\u00edch zdroj\u016f, na jejich zat\u00ed\u017een\u00ed dodate\u010dn\u00fdmi administrativn\u00edmi n\u00e1klady a prosazuje energetick\u00fd mix extr\u00e9mn\u011b zraniteln\u00fd a citliv\u00fd na v\u00fdkyvy nejen po\u010das\u00ed, ale i dostupnosti dov\u00e1\u017een\u00e9ho plynu a ropy. A pomaha\u010d t\u011bchto re\u017eim\u016f se pr\u00fd pozn\u00e1 podle toho, \u017ee naopak bojuje proti sebevra\u017eedn\u00e9 likvidaci vlastn\u00edch dom\u00e1c\u00edch zdroj\u016f energie.<\/p>\n<p>Nen\u00ed to na hlavu postaven\u00e9?<\/p>\n<p><a href=\"https:\/\/neviditelnypes.lidovky.cz\/politika\/energetika-pojmenujme-pricinu-nouze.A220912_153426_p_politika_nef\">Zdroj<\/a><\/p>\n<p>&nbsp;<\/p>\n<p>&nbsp;<\/p>\n<div class=\"authors\">\n<div class=\"dot\">\n<div class=\"fc0\">&nbsp;<\/div>\n<\/div>\n<\/div>\n","protected":false},"excerpt":{"rendered":"<p>Ho\u0159\u00ed n\u00e1m u\u017e st\u0159echa nad hlavou? Tedy co se t\u00fd\u010de dostupnosti energi\u00ed pro \u010desk\u00e9 hospod\u00e1\u0159stv\u00ed i dom\u00e1cnosti? Je\u0161t\u011b \u00fapln\u011b ne, ale doutn\u00e1 pov\u00e1\u017eliv\u011b.<\/p>\n","protected":false},"author":9,"featured_media":0,"comment_status":"open","ping_status":"open","sticky":false,"template":"","format":"standard","meta":{"ngg_post_thumbnail":0,"footnotes":""},"categories":[1],"tags":[],"class_list":["post-12919","post","type-post","status-publish","format-standard","hentry","category-publikovane-clanky"],"_links":{"self":[{"href":"https:\/\/www.ladislavjakl.cz\/index.php?rest_route=\/wp\/v2\/posts\/12919","targetHints":{"allow":["GET"]}}],"collection":[{"href":"https:\/\/www.ladislavjakl.cz\/index.php?rest_route=\/wp\/v2\/posts"}],"about":[{"href":"https:\/\/www.ladislavjakl.cz\/index.php?rest_route=\/wp\/v2\/types\/post"}],"author":[{"embeddable":true,"href":"https:\/\/www.ladislavjakl.cz\/index.php?rest_route=\/wp\/v2\/users\/9"}],"replies":[{"embeddable":true,"href":"https:\/\/www.ladislavjakl.cz\/index.php?rest_route=%2Fwp%2Fv2%2Fcomments&post=12919"}],"version-history":[{"count":1,"href":"https:\/\/www.ladislavjakl.cz\/index.php?rest_route=\/wp\/v2\/posts\/12919\/revisions"}],"predecessor-version":[{"id":12920,"href":"https:\/\/www.ladislavjakl.cz\/index.php?rest_route=\/wp\/v2\/posts\/12919\/revisions\/12920"}],"wp:attachment":[{"href":"https:\/\/www.ladislavjakl.cz\/index.php?rest_route=%2Fwp%2Fv2%2Fmedia&parent=12919"}],"wp:term":[{"taxonomy":"category","embeddable":true,"href":"https:\/\/www.ladislavjakl.cz\/index.php?rest_route=%2Fwp%2Fv2%2Fcategories&post=12919"},{"taxonomy":"post_tag","embeddable":true,"href":"https:\/\/www.ladislavjakl.cz\/index.php?rest_route=%2Fwp%2Fv2%2Ftags&post=12919"}],"curies":[{"name":"wp","href":"https:\/\/api.w.org\/{rel}","templated":true}]}}