{"id":12923,"date":"2022-09-16T20:02:11","date_gmt":"2022-09-16T18:02:11","guid":{"rendered":"https:\/\/www.ladislavjakl.cz\/?p=12923"},"modified":"2022-09-16T20:02:11","modified_gmt":"2022-09-16T18:02:11","slug":"kouzelne-formulky-v-praxi","status":"publish","type":"post","link":"https:\/\/www.ladislavjakl.cz\/?p=12923","title":{"rendered":"Kouzeln\u00e9 formulky v praxi"},"content":{"rendered":"<p>V\u00edte, co je to \u201ehybridn\u00ed re\u017eim volebn\u00ed autokracie\u201c? J\u00e1 taky ne. Pokud je to ozna\u010den\u00ed pro demokratick\u00fdm deficitem posti\u017eenou Evropskou unii a jej\u00ed org\u00e1ny, pak na tom mo\u017en\u00e1 n\u011bco je, ale zn\u00ed to p\u0159eci jen n\u011bjak komplikovan\u011b. Asi jako \u0161\u00e9m k&nbsp;probuzen\u00ed Golema, formule, na kterou by nikdo nep\u0159i\u0161el.<\/p>\n<p><!--more--><\/p>\n<p>Ale p\u0159i\u0161el. P\u0159i\u0161el na ni dnes Evropsk\u00fd parlament. A touto tajemnou formul\u00ed ozna\u010dil Ma\u010farsko. \u017de pr\u00fd u\u017e tam nepanuje demokracie ale ona formule. A na z\u00e1klad\u011b toho doporu\u010dil odst\u0159ihnout Ma\u010farsko od mo\u017enosti \u010derpat z&nbsp;fond\u016f, na kter\u00e9 by m\u011blo n\u00e1rok. Proti rezoluci hlasovali z&nbsp;\u010desk\u00fdch europoslanc\u016f pouze Bla\u0161ko a David z&nbsp;SPD a Zahradil a Vondra z ODS. Dva europoslanci za ODS se zdr\u017eeli, zbytek \u010desk\u00fdch europoslanc\u016f s&nbsp;j\u00e1sotem nasazov\u00e1n\u00ed ps\u00ed hlavy Ma\u010far\u016fm podpo\u0159il.<\/p>\n<p>Co mysl\u00edte, daj\u00ed se Ma\u010fa\u0159i koupit: Daj\u00ed se zkorumpovat? Za\u010dne Orb\u00e1nova vl\u00e1da zobat bruselsk\u00fdm elit\u00e1m z&nbsp;ruky, aby se domohla n\u011bjak\u00fdch dotac\u00ed? Nebo se rozhn\u011bv\u00e1 ma\u010farsk\u00fd lid, Orb\u00e1na svrhne a do \u010dela st\u00e1tu postav\u00ed koalici podporovanou Bruselem, jej\u00edm\u017e \u010dlenem je i ultranacionalistick\u00fd Jobbik (to Bruselu nevad\u00ed, hlavn\u011b \u017ee je proti Orb\u00e1novi). No, j\u00e1 mysl\u00edm, \u017ee to Ma\u010fary sp\u00ed\u0161 stmel\u00ed a utvrd\u00ed v&nbsp;opr\u00e1vn\u011bn\u00e9m n\u00e1zoru, \u017ee Evropsk\u00e1 unie je\u2026 spr\u00e1vnou formuli si dosa\u010fte.<\/p>\n<p>Dne\u0161ek ale nep\u0159inesl jen podobn\u00e9 kuriozity, ale i z\u00e1blesk rozumu. Sn\u011bmovn\u00ed bezpe\u010dnostn\u00ed v\u00fdbor \u0161et\u0159il, jak to bylo s&nbsp;po\u017e\u00e1rem lesa u H\u0159enska. Gener\u00e1ln\u00ed \u0159editel hasi\u010d\u016f tam nap\u0159\u00edklad \u0159ekl, \u017ee po\u017e\u00e1r nebylo mo\u017en\u00e9 efektivn\u011b hasit, nebo\u0165 p\u0159\u00edstupov\u00e9 cesty byly zarostl\u00e9. Zarostl\u00e9 cesty, to je p\u0159ece sen v\u0161ech ekomaniak\u016f.<\/p>\n<p>Poslanec Krejza tamt\u00e9\u017e uvedl, \u017ee kdo chce ud\u011blat z&nbsp;hospod\u00e1\u0159sk\u00e9ho lesa prales, pot\u0159eboval by vy\u0161et\u0159it. V\u00fdrok je to sv\u00e9r\u00e1zn\u00fd, ale v&nbsp;j\u00e1dru pravdiv\u00fd. Na ohromn\u00e9 \u010d\u00e1sti \u00fazem\u00ed na\u0161\u00ed republiky (nap\u0159\u00edklad na \u0160umav\u011b) se je\u0161t\u011b p\u0159ed p\u00e1r des\u00edtkami let \u017eilo, hospoda\u0159ilo, podnikalo, ona m\u00edsta b\u00fdvala hust\u011b os\u00eddlena, v\u0161ude mno\u017estv\u00ed vyu\u017e\u00edvan\u00fdch luk a pastvin, silnice, pily, drobn\u00e9 d\u00edlny a manufaktury, tov\u00e1rni\u010dky, obchod.<\/p>\n<p>Extremisti\u010dt\u00ed ekofanatici pak vyu\u017eili toho, \u017ee l\u00e9ta byla tato p\u0159\u00edhrani\u010dn\u00ed \u00fazem\u00ed bez p\u00e9\u010de, a \u017ee by pr\u00fd bylo bezvadn\u00e9 nam\u00edsto obnovy \u017eivota nechat celou oblast vylidnit, zpustnout, zdivo\u010det \u2013 a \u017ee za n\u011bjak\u00fdch t\u0159ista let tu budeme m\u00edt kr\u00e1sn\u00fd prales, jak\u00fd tu b\u00fdval p\u0159ed tis\u00edci lety.<\/p>\n<p>Lid\u00e9, kte\u0159\u00ed pot\u0159ebuj\u00ed vy\u0161et\u0159en\u00ed, za svou \u00fachylku \u010dasto nemohou, jsou prost\u011b \u0161\u00edlen\u00ed. Ale zodpov\u011bdn\u00ed jsou ti, kte\u0159\u00ed sv\u011b\u0159ili zelen\u00fdm fanatik\u016fm \u010d\u00e1st kr\u00e1sn\u00e9 kulturn\u00ed \u010desk\u00e9 krajiny jako hra\u010dku pro jejich experimenty. Zafunguje po\u017e\u00e1r v&nbsp;\u010ceskosask\u00e9m \u0160v\u00fdcarsku jako bud\u00ed\u010dek? Probud\u00ed se ti zodpov\u011bdn\u00ed a vy\u017eenou umanutce od mo\u017enosti rozhodovat o tak v\u00e1\u017en\u00e9 v\u011bci, jakou je na\u0161e zem\u011b? Nebo na to pot\u0159ebuj\u00ed tak\u00e9 n\u011bjakou kouzelnou formulku?&nbsp;<\/p>\n<p><em>Ladislav Jakl, 15. z\u00e1\u0159\u00ed 2022<\/em>&nbsp; &nbsp; &nbsp; &nbsp;<\/p>\n","protected":false},"excerpt":{"rendered":"<p>V\u00edte, co je to \u201ehybridn\u00ed re\u017eim volebn\u00ed autokracie\u201c? J\u00e1 taky ne. Pokud je to ozna\u010den\u00ed pro demokratick\u00fdm deficitem posti\u017eenou Evropskou unii a jej\u00ed org\u00e1ny, pak na tom mo\u017en\u00e1 n\u011bco je, ale zn\u00ed to p\u0159eci jen n\u011bjak komplikovan\u011b. Asi jako \u0161\u00e9m k&nbsp;probuzen\u00ed Golema, formule, na kterou by nikdo nep\u0159i\u0161el.<\/p>\n","protected":false},"author":9,"featured_media":0,"comment_status":"open","ping_status":"open","sticky":false,"template":"","format":"standard","meta":{"ngg_post_thumbnail":0,"footnotes":""},"categories":[1],"tags":[],"class_list":["post-12923","post","type-post","status-publish","format-standard","hentry","category-publikovane-clanky"],"_links":{"self":[{"href":"https:\/\/www.ladislavjakl.cz\/index.php?rest_route=\/wp\/v2\/posts\/12923","targetHints":{"allow":["GET"]}}],"collection":[{"href":"https:\/\/www.ladislavjakl.cz\/index.php?rest_route=\/wp\/v2\/posts"}],"about":[{"href":"https:\/\/www.ladislavjakl.cz\/index.php?rest_route=\/wp\/v2\/types\/post"}],"author":[{"embeddable":true,"href":"https:\/\/www.ladislavjakl.cz\/index.php?rest_route=\/wp\/v2\/users\/9"}],"replies":[{"embeddable":true,"href":"https:\/\/www.ladislavjakl.cz\/index.php?rest_route=%2Fwp%2Fv2%2Fcomments&post=12923"}],"version-history":[{"count":1,"href":"https:\/\/www.ladislavjakl.cz\/index.php?rest_route=\/wp\/v2\/posts\/12923\/revisions"}],"predecessor-version":[{"id":12924,"href":"https:\/\/www.ladislavjakl.cz\/index.php?rest_route=\/wp\/v2\/posts\/12923\/revisions\/12924"}],"wp:attachment":[{"href":"https:\/\/www.ladislavjakl.cz\/index.php?rest_route=%2Fwp%2Fv2%2Fmedia&parent=12923"}],"wp:term":[{"taxonomy":"category","embeddable":true,"href":"https:\/\/www.ladislavjakl.cz\/index.php?rest_route=%2Fwp%2Fv2%2Fcategories&post=12923"},{"taxonomy":"post_tag","embeddable":true,"href":"https:\/\/www.ladislavjakl.cz\/index.php?rest_route=%2Fwp%2Fv2%2Ftags&post=12923"}],"curies":[{"name":"wp","href":"https:\/\/api.w.org\/{rel}","templated":true}]}}