{"id":1293,"date":"2011-09-23T10:05:18","date_gmt":"2011-09-23T09:05:18","guid":{"rendered":"http:\/\/www.ladislavjakl.cz\/?p=1293"},"modified":"2011-09-23T10:05:41","modified_gmt":"2011-09-23T09:05:41","slug":"ladislav-jakl-uz-proste-neni-rocker-ted-je-hustej-rapa-a-vostrej-hiphopa-jestli-zverejni-muj-plat-zazaluji-hrad%e2%80%a6","status":"publish","type":"post","link":"https:\/\/www.ladislavjakl.cz\/?p=1293","title":{"rendered":"Ladislav Jakl u\u017e prost\u011b nen\u00ed rocker, te\u010f je hustej rapa a vostrej hiphopa: &#8222;Jestli zve\u0159ejn\u00ed m\u016fj plat, za\u017ealuji Hrad\u2026"},"content":{"rendered":"<p>Ladislav Jakl u\u017e prost\u011b nen\u00ed rocker, te\u010f je hustej rapa a vostrej  hiphopa: &#8222;Jestli zve\u0159ejn\u00ed m\u016fj plat, za\u017ealuji Hrad&#8220;. Dal\u0161\u00ed ver\u0161 bude asi  &#8222;voslad\u00edm to v\u0161em\/a pak pudu hr\u00e1t&#8220; s refr\u00e9nem &#8222;nekoukejte na m\u00fd prachy,  v\u0161ak mi sta\u010d\u00ed, \u017e\u00e1dn\u00fd strachy, yeahh&#8220;<\/p>\n<p><!--more--><\/p>\n<div><a href=\"http:\/\/www.journalplus.net\/post\/116953677531563519198\/posts\/1cmhRzv1daM\"><img loading=\"lazy\" decoding=\"async\" src=\"https:\/\/lh4.googleusercontent.com\/-Bhh1GlX-5_M\/TnHpHQz9AEI\/AAAAAAAAAMQ\/TEbKjP1FN90\/jakl.jpg\" alt=\"\" width=\"373\" height=\"513\" \/><\/a><\/div>\n<div><a href=\"http:\/\/www.journalplus.net\/post\/116953677531563519198\/posts\/1cmhRzv1daM\" target=\"_blank\">Zdroj<\/a><\/div>\n","protected":false},"excerpt":{"rendered":"<p>Ladislav Jakl u\u017e prost\u011b nen\u00ed rocker, te\u010f je hustej rapa a vostrej hiphopa: &#8222;Jestli zve\u0159ejn\u00ed m\u016fj plat, za\u017ealuji Hrad&#8220;. Dal\u0161\u00ed ver\u0161 bude asi &#8222;voslad\u00edm to v\u0161em\/a pak pudu hr\u00e1t&#8220; s refr\u00e9nem &#8222;nekoukejte na m\u00fd prachy, v\u0161ak mi sta\u010d\u00ed, \u017e\u00e1dn\u00fd strachy, yeahh&#8220;<\/p>\n","protected":false},"author":1,"featured_media":0,"comment_status":"open","ping_status":"open","sticky":false,"template":"","format":"standard","meta":{"ngg_post_thumbnail":0,"footnotes":""},"categories":[11,10],"tags":[],"class_list":["post-1293","post","type-post","status-publish","format-standard","hentry","category-ozvena","category-zlehka"],"_links":{"self":[{"href":"https:\/\/www.ladislavjakl.cz\/index.php?rest_route=\/wp\/v2\/posts\/1293","targetHints":{"allow":["GET"]}}],"collection":[{"href":"https:\/\/www.ladislavjakl.cz\/index.php?rest_route=\/wp\/v2\/posts"}],"about":[{"href":"https:\/\/www.ladislavjakl.cz\/index.php?rest_route=\/wp\/v2\/types\/post"}],"author":[{"embeddable":true,"href":"https:\/\/www.ladislavjakl.cz\/index.php?rest_route=\/wp\/v2\/users\/1"}],"replies":[{"embeddable":true,"href":"https:\/\/www.ladislavjakl.cz\/index.php?rest_route=%2Fwp%2Fv2%2Fcomments&post=1293"}],"version-history":[{"count":2,"href":"https:\/\/www.ladislavjakl.cz\/index.php?rest_route=\/wp\/v2\/posts\/1293\/revisions"}],"predecessor-version":[{"id":1295,"href":"https:\/\/www.ladislavjakl.cz\/index.php?rest_route=\/wp\/v2\/posts\/1293\/revisions\/1295"}],"wp:attachment":[{"href":"https:\/\/www.ladislavjakl.cz\/index.php?rest_route=%2Fwp%2Fv2%2Fmedia&parent=1293"}],"wp:term":[{"taxonomy":"category","embeddable":true,"href":"https:\/\/www.ladislavjakl.cz\/index.php?rest_route=%2Fwp%2Fv2%2Fcategories&post=1293"},{"taxonomy":"post_tag","embeddable":true,"href":"https:\/\/www.ladislavjakl.cz\/index.php?rest_route=%2Fwp%2Fv2%2Ftags&post=1293"}],"curies":[{"name":"wp","href":"https:\/\/api.w.org\/{rel}","templated":true}]}}