{"id":12938,"date":"2022-09-27T14:58:36","date_gmt":"2022-09-27T12:58:36","guid":{"rendered":"https:\/\/www.ladislavjakl.cz\/?p=12938"},"modified":"2022-09-27T14:58:36","modified_gmt":"2022-09-27T12:58:36","slug":"dva-svety","status":"publish","type":"post","link":"https:\/\/www.ladislavjakl.cz\/?p=12938","title":{"rendered":"Dva sv\u011bty"},"content":{"rendered":"<p class=\"-wm-MsoNormal\">Z&nbsp;toho je jeden norm\u00e1ln\u00ed a druh\u00fd\u2026<\/p>\n<p class=\"-wm-MsoNormal\">\u0160koda, \u017ee nebydl\u00edm na Slovanech. Nebo v&nbsp;P\u0159e\u0161tic\u00edch, Dob\u0159anech, Hora\u017e\u010fovic\u00edch, Nepomuku, Zh\u016f\u0159i, \u0160t\u00e1hlavic\u00edch, Merkl\u00edn\u011b, \u010ci\u017eic\u00edch, Letin\u00e1ch..&nbsp;<\/p>\n<p><a href=\"https:\/\/cnn.iprima.cz\/kovarova-vlada-neumi-pojmenovat-realitu-za-soucasny-stav-muze-sebevrazedny-green-deal-187285\">https:\/\/cnn.iprima.cz\/kovarova-vlada-neumi-pojmenovat-realitu-za-soucasny-stav-muze-sebevrazedny-green-deal-187285<\/a><\/p>\n","protected":false},"excerpt":{"rendered":"<p>Z&nbsp;toho je jeden norm\u00e1ln\u00ed a druh\u00fd\u2026 \u0160koda, \u017ee nebydl\u00edm na Slovanech. Nebo v&nbsp;P\u0159e\u0161tic\u00edch, Dob\u0159anech, Hora\u017e\u010fovic\u00edch, Nepomuku, Zh\u016f\u0159i, \u0160t\u00e1hlavic\u00edch, Merkl\u00edn\u011b, \u010ci\u017eic\u00edch, Letin\u00e1ch..&nbsp; https:\/\/cnn.iprima.cz\/kovarova-vlada-neumi-pojmenovat-realitu-za-soucasny-stav-muze-sebevrazedny-green-deal-187285<\/p>\n","protected":false},"author":9,"featured_media":0,"comment_status":"open","ping_status":"open","sticky":false,"template":"","format":"standard","meta":{"ngg_post_thumbnail":0,"footnotes":""},"categories":[1],"tags":[],"class_list":["post-12938","post","type-post","status-publish","format-standard","hentry","category-publikovane-clanky"],"_links":{"self":[{"href":"https:\/\/www.ladislavjakl.cz\/index.php?rest_route=\/wp\/v2\/posts\/12938","targetHints":{"allow":["GET"]}}],"collection":[{"href":"https:\/\/www.ladislavjakl.cz\/index.php?rest_route=\/wp\/v2\/posts"}],"about":[{"href":"https:\/\/www.ladislavjakl.cz\/index.php?rest_route=\/wp\/v2\/types\/post"}],"author":[{"embeddable":true,"href":"https:\/\/www.ladislavjakl.cz\/index.php?rest_route=\/wp\/v2\/users\/9"}],"replies":[{"embeddable":true,"href":"https:\/\/www.ladislavjakl.cz\/index.php?rest_route=%2Fwp%2Fv2%2Fcomments&post=12938"}],"version-history":[{"count":1,"href":"https:\/\/www.ladislavjakl.cz\/index.php?rest_route=\/wp\/v2\/posts\/12938\/revisions"}],"predecessor-version":[{"id":12939,"href":"https:\/\/www.ladislavjakl.cz\/index.php?rest_route=\/wp\/v2\/posts\/12938\/revisions\/12939"}],"wp:attachment":[{"href":"https:\/\/www.ladislavjakl.cz\/index.php?rest_route=%2Fwp%2Fv2%2Fmedia&parent=12938"}],"wp:term":[{"taxonomy":"category","embeddable":true,"href":"https:\/\/www.ladislavjakl.cz\/index.php?rest_route=%2Fwp%2Fv2%2Fcategories&post=12938"},{"taxonomy":"post_tag","embeddable":true,"href":"https:\/\/www.ladislavjakl.cz\/index.php?rest_route=%2Fwp%2Fv2%2Ftags&post=12938"}],"curies":[{"name":"wp","href":"https:\/\/api.w.org\/{rel}","templated":true}]}}