{"id":12940,"date":"2022-09-30T12:26:57","date_gmt":"2022-09-30T10:26:57","guid":{"rendered":"https:\/\/www.ladislavjakl.cz\/?p=12940"},"modified":"2022-09-30T12:26:57","modified_gmt":"2022-09-30T10:26:57","slug":"schengen-zkrachoval","status":"publish","type":"post","link":"https:\/\/www.ladislavjakl.cz\/?p=12940","title":{"rendered":"Schengen zkrachoval"},"content":{"rendered":"<p class=\"s4\"><span class=\"s3\"><span class=\"bumpedFont15\">V&nbsp;lucembursk\u00e9m m\u011bste\u010dku&nbsp;<\/span><\/span><span class=\"s3\"><span class=\"bumpedFont15\">Schengen<\/span><\/span><span class=\"s3\"><span class=\"bumpedFont15\">&nbsp;stoj\u00ed v&nbsp;mal\u00e9m par\u010d\u00edku t\u0159i \u017eelezn\u00e9&nbsp;<\/span><\/span><span class=\"s3\"><span class=\"bumpedFont15\">dvojpylony<\/span><\/span><span class=\"s3\"><span class=\"bumpedFont15\">&nbsp;s&nbsp;kr\u00e1sn\u00fdmi p\u011btic\u00edp\u00fdmi hv\u011bzdami. Vhodn\u011bj\u0161\u00ed monument dohody o sv\u011btl\u00fdch z\u00edt\u0159c\u00edch si nelze p\u0159edstavit.<\/span><\/span><\/p>\n<p><!--more--><\/p>\n<p class=\"s4\"><span class=\"s3\"><span class=\"bumpedFont15\">P\u0159ed p\u0159ijet\u00edm schengensk\u00e9 dohody byly hranice mezi z\u00e1padoevropsk\u00fdmi zem\u011bmi v\u00edcem\u00e9n\u011b formalitou. Sta\u010dilo p\u0159ibrzdit u budky a celn\u00edk\u016fm zam\u00e1vat z&nbsp;ok\u00fdnka pasem. N\u011bkdy ani to ne. A v\u00fdjime\u010dn\u011b \u010dlov\u011bka zastavili, asi aby si ukr\u00e1tili dlouhou chv\u00edli. P\u0159esto se zd\u00e1la b\u00fdt dohoda o spole\u010dn\u00e9m \u201eschengensk\u00e9m\u201c prostoru pokrokem. Budky zmizely a pas m\u016f\u017ee z\u016fstat v&nbsp;kapse.<\/span><\/span><\/p>\n<p class=\"s4\"><span class=\"s3\"><span class=\"bumpedFont15\">Sp\u00ed\u0161 to ale je jen&nbsp;<\/span><\/span><span class=\"s3\"><span class=\"bumpedFont15\">drobn\u00e1&nbsp;<\/span><\/span><span class=\"s3\"><span class=\"bumpedFont15\">technik\u00e1lie<\/span><\/span><span class=\"s3\"><span class=\"bumpedFont15\">, mnohem d\u016fle\u017eit\u011bj\u0161\u00ed je vz\u00e1jemn\u00fd bezv\u00edzov\u00fd styk.&nbsp;<\/span><\/span><span class=\"s3\"><span class=\"bumpedFont15\">Schengen<\/span><\/span><span class=\"s3\"><span class=\"bumpedFont15\">znamenal n\u011bco jin\u00e9ho. Naprostou rezignaci suver\u00e9nn\u00edch \u010dlensk\u00fdch st\u00e1t\u016f na jakoukoli kontrolu sv\u00e9ho \u00fazem\u00ed. Kontrolu, kter\u00e1 se nemus\u00ed zneu\u017e\u00edvat, ba dokonce ani p\u0159\u00edli\u0161 \u010dasto u\u017e\u00edvat. Ale m\u00e1 b\u00fdt&nbsp;<\/span><\/span><span class=\"s3\"><span class=\"bumpedFont15\">k&nbsp;dispozici&nbsp;<\/span><\/span><span class=\"s3\"><span class=\"bumpedFont15\">pro p\u0159\u00edpad pot\u0159eby, proto\u017ee m\u00edt kontrolu nad sv\u00fdm \u00fazem\u00edm je jed<\/span><\/span><span class=\"s3\"><span class=\"bumpedFont15\">n<\/span><\/span><span class=\"s3\"><span class=\"bumpedFont15\">\u00edm z&nbsp;podstatn\u00fdch znak\u016f suverenity.<\/span><\/span><\/p>\n<p class=\"s4\"><span class=\"s3\"><span class=\"bumpedFont15\">Na co suverenita zrovna v&nbsp;<\/span><\/span><span class=\"s3\"><span class=\"bumpedFont15\">takov\u00e9hle<\/span><\/span><span class=\"s3\"><span class=\"bumpedFont15\">&nbsp;v\u011bci, \u0159\u00edkali si mnoz\u00ed, kte\u0159\u00ed se p\u0159i podpisu dohody pl\u00e1cali po rameni. Pry\u010d s&nbsp;hranicemi, j\u00e1sal<\/span><\/span><span class=\"s3\"><span class=\"bumpedFont15\">y<\/span><\/span><span class=\"s3\"><span class=\"bumpedFont15\">&nbsp;zem\u011b k&nbsp;schengensk\u00e9mu prostoru nov\u011b p\u0159istoupiv\u0161\u00ed<\/span><\/span><span class=\"s3\"><span class=\"bumpedFont15\">, v\u010detn\u011b n\u00e1s<\/span><\/span><span class=\"s3\"><span class=\"bumpedFont15\">. V\u0161ichni&nbsp;<\/span><\/span><span class=\"s3\"><span class=\"bumpedFont15\">ale&nbsp;<\/span><\/span><span class=\"s3\"><span class=\"bumpedFont15\">zapom\u00ednali na jednu podstatnou v\u011bc. Aby se mohly fakticky \u201ezru\u0161it\u201c vz\u00e1jemn\u00e9 hranice<\/span><\/span><span class=\"s3\"><span class=\"bumpedFont15\">&nbsp;uvnit\u0159<\/span><\/span><span class=\"s3\"><span class=\"bumpedFont15\">, mus\u00ed&nbsp;<\/span><\/span><span class=\"s3\"><span class=\"bumpedFont15\">s<\/span><\/span><span class=\"s3\"><span class=\"bumpedFont15\">e zabezpe\u010dit ty vn\u011bj\u0161\u00ed.<\/span><\/span><\/p>\n<p class=\"s4\"><span class=\"s3\"><span class=\"bumpedFont15\">K&nbsp;tomu my nem\u00e1me \u017e\u00e1dn\u00fd n\u00e1stroj<\/span><\/span><span class=\"s3\"><span class=\"bumpedFont15\">.<\/span><\/span><span class=\"s3\"><span class=\"bumpedFont15\">&nbsp;Spolu s&nbsp;pr\u00e1v\u011b Lucemburskem jsme jedinou zem\u00ed, kter\u00e1 \u017e\u00e1dnou vn\u011bj\u0161\u00ed hranici s \u201e<\/span><\/span><span class=\"s3\"><span class=\"bumpedFont15\">neschengensk\u00fdm<\/span><\/span><span class=\"s3\"><span class=\"bumpedFont15\">\u201c zbytkem sv\u011bta<\/span><\/span><span class=\"s3\"><span class=\"bumpedFont15\">nem\u00e1<\/span><\/span><span class=\"s3\"><span class=\"bumpedFont15\">. Na\u0161i policist\u00e9 sice pom\u00e1haj\u00ed chr\u00e1nit makedonskou hranici, ale \u017eertovn\u00e9 je, \u017ee tam hl<\/span><\/span><span class=\"s3\"><span class=\"bumpedFont15\">\u00ed<\/span><\/span><span class=\"s3\"><span class=\"bumpedFont15\">daj\u00ed, aby prostor&nbsp;<\/span><\/span><span class=\"s3\"><span class=\"bumpedFont15\">Schengenu<\/span><\/span><span class=\"s3\"><span class=\"bumpedFont15\">&nbsp;a Evropsk\u00e9 unie&nbsp;<\/span><\/span><span class=\"s3\"><span class=\"bumpedFont15\">naopak&nbsp;<\/span><\/span><span class=\"s3\"><span class=\"bumpedFont15\">nemohl nikdo opustit. Oni nehl<\/span><\/span><span class=\"s3\"><span class=\"bumpedFont15\">\u00ed<\/span><\/span><span class=\"s3\"><span class=\"bumpedFont15\">daj\u00ed, aby nikdo nemohl sem, ale aby nemohl pry\u010d. Z \u201ena\u0161eho\u201c \u0158ecka do neunijn\u00ed a&nbsp;<\/span><\/span><span class=\"s3\"><span class=\"bumpedFont15\">neschengensk\u00e9<\/span><\/span><span class=\"s3\"><span class=\"bumpedFont15\">&nbsp;Makedonie. Inu, \u017eivot n\u011bkdy trop\u00ed \u017eerty.<\/span><\/span><\/p>\n<p class=\"s4\"><span class=\"s3\"><span class=\"bumpedFont15\">Ale zp\u011bt k&nbsp;t\u00e9 vn\u011bj\u0161\u00ed hranici. Ta je pr\u016fchoz\u00ed jak promen\u00e1da. Bez doklad\u016f sem byly neziskov\u00fdmi \u201ecestovkami\u201c p\u0159epraveny miliony mi<\/span><\/span><span class=\"s3\"><span class=\"bumpedFont15\">g<\/span><\/span><span class=\"s3\"><span class=\"bumpedFont15\">rant\u016f z&nbsp;exotick\u00fdch&nbsp;<\/span><\/span><span class=\"s3\"><span class=\"bumpedFont15\">kraj\u016f<\/span><\/span><span class=\"s3\"><span class=\"bumpedFont15\">, aby s<\/span><\/span><span class=\"s3\"><span class=\"bumpedFont15\">i<\/span><\/span><span class=\"s3\"><span class=\"bumpedFont15\">&nbsp;mohli&nbsp;<\/span><\/span><span class=\"s3\"><span class=\"bumpedFont15\">u\u017e\u00edvat<\/span><\/span><span class=\"s3\"><span class=\"bumpedFont15\">&nbsp;skv\u011bl<\/span><\/span><span class=\"s3\"><span class=\"bumpedFont15\">\u00fd<\/span><\/span><span class=\"s3\"><span class=\"bumpedFont15\">soci\u00e1ln\u00ed syst\u00e9m unijn\u00edch zem\u00ed. D\u011brav\u00e1 vn\u011bj\u0161\u00ed hranice u\u017e na po\u010d\u00e1tku migra\u010dn\u00ed krize p\u0159ed sedmi lety&nbsp;<\/span><\/span><span class=\"s3\"><span class=\"bumpedFont15\">ale&nbsp;<\/span><\/span><span class=\"s3\"><span class=\"bumpedFont15\">vyvolala ot\u00e1zku, zda jsme to s&nbsp;t\u00edm o<\/span><\/span><span class=\"s3\"><span class=\"bumpedFont15\">t<\/span><\/span><span class=\"s3\"><span class=\"bumpedFont15\">ev\u00edr\u00e1n\u00edm, soudruzi, n\u011bjak trochu nep\u0159e\u0161vihli. P\u0159e\u0161vihli. Pokud nen\u00ed v\u016fle a ani schopnost hl<\/span><\/span><span class=\"s3\"><span class=\"bumpedFont15\">\u00ed<\/span><\/span><span class=\"s3\"><span class=\"bumpedFont15\">dat vn\u011bj\u0161\u00ed hranice, mus\u00ed p\u0159evz\u00edt kontrolu nad sv\u00fdm \u00fazem\u00edm zp\u011bt \u010dlensk\u00e9 zem\u011b. A to se nyn\u00ed d\u011bje. I na \u010desko-slovensk\u00e9 hranici.&nbsp;<\/span><\/span><span class=\"s3\"><span class=\"bumpedFont15\">Schengen<\/span><\/span><span class=\"s3\"><span class=\"bumpedFont15\">&nbsp;t\u00edm vlastn\u011b zem\u0159el.<\/span><\/span><\/p>\n<p class=\"s4\"><span class=\"s3\"><span class=\"bumpedFont15\">Kdy\u017e p\u0159ij\u00edmali Slovensko do EU a do&nbsp;<\/span><\/span><span class=\"s3\"><span class=\"bumpedFont15\">s<\/span><\/span><span class=\"s3\"><span class=\"bumpedFont15\">chengensk\u00e9ho prostoru, \u0161ikanoval Slov\u00e1ky Brusel<\/span><\/span><span class=\"s3\"><span class=\"bumpedFont15\">&nbsp;prov\u011brkami<\/span><\/span><span class=\"s3\"><span class=\"bumpedFont15\">, jestli maj\u00ed po\u0159\u00e1dn\u011b zabezpe\u010denu svou stokilometrovou hra<\/span><\/span><span class=\"s3\"><span class=\"bumpedFont15\">n<\/span><\/span><span class=\"s3\"><span class=\"bumpedFont15\">ici s&nbsp;<\/span><\/span><span class=\"s3\"><span class=\"bumpedFont15\">U<\/span><\/span><span class=\"s3\"><span class=\"bumpedFont15\">krajinou. \u00dasm\u011bvn\u00e9, kdy\u017e ti<\/span><\/span><span class=\"s3\"><span class=\"bumpedFont15\">s<\/span><\/span><span class=\"s3\"><span class=\"bumpedFont15\">\u00edce kilometr\u016f vn\u011bj\u0161\u00edch hranic nejen\u017ee skoro nikdo nehl<\/span><\/span><span class=\"s3\"><span class=\"bumpedFont15\">\u00ed<\/span><\/span><span class=\"s3\"><span class=\"bumpedFont15\">d\u00e1, ale&nbsp;<\/span><\/span><span class=\"s3\"><span class=\"bumpedFont15\">naopak organizuje&nbsp;<\/span><\/span><span class=\"s3\"><span class=\"bumpedFont15\">p\u0159es ni&nbsp;<\/span><\/span><span class=\"s3\"><span class=\"bumpedFont15\">hromadn\u00e9 p\u0159echody. S<\/span><\/span><span class=\"s3\"><span class=\"bumpedFont15\">t<\/span><\/span><span class=\"s3\"><span class=\"bumpedFont15\">a\u010d\u00ed se nalodit do gumov\u00e9ho \u010dl<\/span><\/span><span class=\"s3\"><span class=\"bumpedFont15\">u<\/span><\/span><span class=\"s3\"><span class=\"bumpedFont15\">nu, odrazit od lybijsk\u00e9ho b<\/span><\/span><span class=\"s3\"><span class=\"bumpedFont15\">\u0159<\/span><\/span><span class=\"s3\"><span class=\"bumpedFont15\">ehu, a u\u017e v\u00e1s lov\u00ed p\u0159evad\u011b<\/span><\/span><span class=\"s3\"><span class=\"bumpedFont15\">\u010d<\/span><\/span><span class=\"s3\"><span class=\"bumpedFont15\">i. Za norm\u00e1<\/span><\/span><span class=\"s3\"><span class=\"bumpedFont15\">l<\/span><\/span><span class=\"s3\"><span class=\"bumpedFont15\">n\u00edch okolnost\u00ed by byla tahle jejich agentura trestnou \u010dinnost\u00ed, ale&nbsp;<\/span><\/span><span class=\"s3\"><span class=\"bumpedFont15\">tihle&nbsp;<\/span><\/span><span class=\"s3\"><span class=\"bumpedFont15\">p\u0159evad\u011b\u010di jsou&nbsp;<\/span><\/span><span class=\"s3\"><span class=\"bumpedFont15\">s<\/span><\/span><span class=\"s3\"><span class=\"bumpedFont15\">p\u00ed\u0161e o<\/span><\/span><span class=\"s3\"><span class=\"bumpedFont15\">s<\/span><\/span><span class=\"s3\"><span class=\"bumpedFont15\">lavov\u00e1ni jako hrdinov\u00e9, vi<\/span><\/span><span class=\"s3\"><span class=\"bumpedFont15\">z<\/span><\/span><span class=\"s3\"><span class=\"bumpedFont15\">&nbsp;pa\u0161er\u00e1ck\u00e1 kapit\u00e1nka italsk\u00e9 lod\u011b.<\/span><\/span><\/p>\n<p class=\"s4\"><span class=\"s3\"><span class=\"bumpedFont15\">Na tureck\u00e9 hranici \u010dek\u00e1 t\u0159i a\u017e p\u011bt milion\u016f nat\u011b\u0161en\u00fdch Asiat\u016f a Afri\u010dan\u016f, ba\u017e\u00edc\u00edch po n\u011bmeck\u00e9, nizozemsk\u00e9, \u0161v\u00e9dsk\u00e9 a v\u016fbec unijn\u00ed soci\u00e1ln\u00ed podpo\u0159e. Za t\u011bchto okolnost\u00ed nen\u00ed jin\u00e1 mo\u017enost, ne\u017e&nbsp;<\/span><\/span><span class=\"s3\"><span class=\"bumpedFont15\">si&nbsp;<\/span><\/span><span class=\"s3\"><span class=\"bumpedFont15\">vz\u00edt ochranu na\u0161ich hranic&nbsp;<\/span><\/span><span class=\"s3\"><span class=\"bumpedFont15\">z<\/span><\/span><span class=\"s3\"><span class=\"bumpedFont15\">p\u011bt do sv\u00fdch rukou.&nbsp;<\/span><\/span><\/p>\n<p class=\"s4\"><span class=\"s3\"><span class=\"bumpedFont15\">V\u010dera se na hranici se Slov<\/span><\/span><span class=\"s3\"><span class=\"bumpedFont15\">e<\/span><\/span><span class=\"s3\"><span class=\"bumpedFont15\">nskem i st\u0159\u00edlelo. Nik<\/span><\/span><span class=\"s3\"><span class=\"bumpedFont15\">o<\/span><\/span><span class=\"s3\"><span class=\"bumpedFont15\">mu se nic nestalo. Jen byl zast\u0159elen&nbsp;<\/span><\/span><span class=\"s3\"><span class=\"bumpedFont15\">Schengen<\/span><\/span><span class=\"s3\"><span class=\"bumpedFont15\">.<\/span><\/span><span class=\"s3\"><span class=\"bumpedFont15\">&nbsp;V\u0161ak ho nen\u00ed \u0161koda.<\/span><\/span><\/p>\n<p><em>Ladislav Jakl, 29. z\u00e1\u0159\u00ed 2022<\/em><\/p>\n<p><a href=\"https:\/\/www.institutvk.cz\/clanky\/2103.html\">Zdroj<\/a><\/p>\n","protected":false},"excerpt":{"rendered":"<p>V&nbsp;lucembursk\u00e9m m\u011bste\u010dku&nbsp;Schengen&nbsp;stoj\u00ed v&nbsp;mal\u00e9m par\u010d\u00edku t\u0159i \u017eelezn\u00e9&nbsp;dvojpylony&nbsp;s&nbsp;kr\u00e1sn\u00fdmi p\u011btic\u00edp\u00fdmi hv\u011bzdami. Vhodn\u011bj\u0161\u00ed monument dohody o sv\u011btl\u00fdch z\u00edt\u0159c\u00edch si nelze p\u0159edstavit.<\/p>\n","protected":false},"author":9,"featured_media":0,"comment_status":"open","ping_status":"open","sticky":false,"template":"","format":"standard","meta":{"ngg_post_thumbnail":0,"footnotes":""},"categories":[1],"tags":[],"class_list":["post-12940","post","type-post","status-publish","format-standard","hentry","category-publikovane-clanky"],"_links":{"self":[{"href":"https:\/\/www.ladislavjakl.cz\/index.php?rest_route=\/wp\/v2\/posts\/12940","targetHints":{"allow":["GET"]}}],"collection":[{"href":"https:\/\/www.ladislavjakl.cz\/index.php?rest_route=\/wp\/v2\/posts"}],"about":[{"href":"https:\/\/www.ladislavjakl.cz\/index.php?rest_route=\/wp\/v2\/types\/post"}],"author":[{"embeddable":true,"href":"https:\/\/www.ladislavjakl.cz\/index.php?rest_route=\/wp\/v2\/users\/9"}],"replies":[{"embeddable":true,"href":"https:\/\/www.ladislavjakl.cz\/index.php?rest_route=%2Fwp%2Fv2%2Fcomments&post=12940"}],"version-history":[{"count":1,"href":"https:\/\/www.ladislavjakl.cz\/index.php?rest_route=\/wp\/v2\/posts\/12940\/revisions"}],"predecessor-version":[{"id":12941,"href":"https:\/\/www.ladislavjakl.cz\/index.php?rest_route=\/wp\/v2\/posts\/12940\/revisions\/12941"}],"wp:attachment":[{"href":"https:\/\/www.ladislavjakl.cz\/index.php?rest_route=%2Fwp%2Fv2%2Fmedia&parent=12940"}],"wp:term":[{"taxonomy":"category","embeddable":true,"href":"https:\/\/www.ladislavjakl.cz\/index.php?rest_route=%2Fwp%2Fv2%2Fcategories&post=12940"},{"taxonomy":"post_tag","embeddable":true,"href":"https:\/\/www.ladislavjakl.cz\/index.php?rest_route=%2Fwp%2Fv2%2Ftags&post=12940"}],"curies":[{"name":"wp","href":"https:\/\/api.w.org\/{rel}","templated":true}]}}