{"id":12966,"date":"2022-10-07T07:45:57","date_gmt":"2022-10-07T05:45:57","guid":{"rendered":"https:\/\/www.ladislavjakl.cz\/?p=12966"},"modified":"2022-10-07T07:45:57","modified_gmt":"2022-10-07T05:45:57","slug":"madari-sve-zajmy-hajit-umeji-a-co-my","status":"publish","type":"post","link":"https:\/\/www.ladislavjakl.cz\/?p=12966","title":{"rendered":"Ma\u010fa\u0159i sv\u00e9 z\u00e1jmy h\u00e1jit um\u011bj\u00ed. A co my?"},"content":{"rendered":"<p>Tak jsme dnes m\u011bli v&nbsp;Institutu na n\u00e1v\u0161t\u011bv\u011b ma\u010farsk\u00e9ho premi\u00e9ra Viktora Orb\u00e1na. Skoro dvouhodinov\u00e9 pov\u00edd\u00e1n\u00ed s&nbsp;n\u00edm a jeho t\u00fdmem bylo inspirativn\u00ed a m\u00edsty dokonce i z\u00e1bavn\u00e9.<\/p>\n<p><!--more--><\/p>\n<p>Orb\u00e1n je v\u00fdjime\u010dnou postavou sou\u010dasn\u00e9 evropsk\u00e9 politick\u00e9 sc\u00e9ny. Sta\u010d\u00ed p\u0159estat \u010d\u00edst o n\u011bm a rad\u011bji \u010d\u00edst p\u0159\u00edmo jeho. Nebo se pod\u00edvat na n\u011bkter\u00e9 z&nbsp;jeho fenomen\u00e1ln\u00edch ve\u0159ejn\u00fdch vystoupen\u00ed. Erudovanost, konzistentnost, v\u011brnost z\u00e1sad\u00e1m, d\u016fslednost, to v\u0161e by se od n\u011bj mohla dne\u0161n\u00ed garnitura nejen na\u0161\u00ed politick\u00e9 sc\u00e9ny u\u010dit. Ale ono pr\u00e1v\u011b nejde jen o Orb\u00e1na.<\/p>\n<p>Jeho fenom\u00e9n je je\u0161t\u011b v&nbsp;\u010demsi jin\u00e9m, ne\u017e jsou jen jeho charakterov\u00e9 a intelektu\u00e1ln\u00ed vlastnosti. V\u00fdjime\u010dn\u00e9 mu\u017ee i \u017eeny \u010dlov\u011bk ob\u010das potk\u00e1 nebo zaregistruje. Maj\u00ed to v&nbsp;hlav\u011b srovnan\u00e9, jsou odv\u00e1\u017en\u00ed, ob\u011btav\u00ed, pracovit\u00ed, oddan\u00ed svobod\u011b. Jen\u017ee v\u00fdjime\u010dnost Viktora Orb\u00e1na je v&nbsp;tom, \u017ee za n\u00edm stoj\u00ed v\u011bt\u0161ina spole\u010dnosti jeho zem\u011b.<\/p>\n<p>Jist\u011b\u017ee je pozoruhodn\u00fd s\u00e1m o sob\u011b. Ale to, s&nbsp;jak\u00fdm mand\u00e1tem a jakou dobu stoj\u00ed v&nbsp;\u010dele Ma\u010farska, nevypov\u00edd\u00e1 jen o jeho s\u00edle, ale p\u0159edev\u0161\u00edm o skute\u010dn\u00e9m a autentick\u00e9m stavu ma\u010farsk\u00e9 spole\u010dnosti. To ona si p\u0159eje politiku, kterou Orb\u00e1n zast\u00e1v\u00e1. To ona si ho vybrala, ona ho podporuje a dod\u00e1v\u00e1 mu nejen legitimitu, ale s\u00edlu a potvrzen\u00ed spr\u00e1vnosti cesty. Konzervativn\u011b uva\u017euj\u00edc\u00ed osobnosti existuj\u00ed i jinde, ale nikde nemaj\u00ed takov\u00e9 zako\u0159en\u011bn\u00ed v&nbsp;n\u00e1lad\u00e1ch, pot\u0159eb\u00e1ch a zku\u0161enosti ve\u0159ejnosti. To ma\u010farsk\u00e1 spole\u010dnost \u201ezplodila\u201c premi\u00e9ra Orb\u00e1na jako svou odpov\u011b\u010f na nemoci dne\u0161n\u00ed doby. To ma\u010farsk\u00e1 spole\u010dnost do\u0161la k&nbsp;v\u00fdrazn\u00e9 shod\u011b na idej\u00edch, kter\u00e9 je t\u0159eba chr\u00e1nit a prosazovat. Do\u0161la k&nbsp;tomu po klikat\u00e9 cest\u011b, pln\u00e9 trpk\u00fdch zku\u0161enost\u00ed, ale ony zku\u0161enosti dob\u0159e vyhodnotila a na\u0161la spr\u00e1vn\u00fd sm\u011br.<\/p>\n<p>Orb\u00e1n dnes r\u00e1no na Hanspaulce \u010dasto mluvil o z\u00e1jmech ma\u010farsk\u00e9ho lidu. Z\u00e1jem, to je u n\u00e1s skoro sprost\u00e9 slovo. Na\u0161e elity n\u00e1s vychov\u00e1vaj\u00ed v&nbsp;tom, \u017ee jsme mal\u00fd n\u00e1rod a \u017e\u00e1dn\u00e9 sv\u00e9 vlastn\u00ed z\u00e1jmy nejen nem\u00e1me \u0161anci prosadit, ale vlastn\u011b ani \u017e\u00e1dn\u00e9 nem\u00e1me m\u00edt. \u017de na\u0161e z\u00e1jmy jsou p\u0159ece toto\u017en\u00e9 s&nbsp;t\u00edm, ke komu se p\u0159imkneme, ke komu chceme pat\u0159it (za co\u017e jen plat\u00edme a nic nedost\u00e1v\u00e1me), ke komu se chceme hl\u00e1sit, koho chceme poslouchat v (plan\u00e9 nad\u011bji, \u017ee se n\u00e1m to n\u011bjak vr\u00e1t\u00ed).<\/p>\n<p>My m\u016f\u017eeme nesouhlasit s&nbsp;politikou t\u0159eba Polska, Francie, Turecka \u010di Brit\u00e1nie. Ale v\u017edy mus\u00edme uznat, \u017ee jejich dom\u00e1c\u00ed i zahrani\u010dn\u00ed politika je vedena vlastn\u00edmi autentick\u00fdmi z\u00e1jmy. A kde jsou na\u0161e autentick\u00e9 z\u00e1jmy? Kdo se za n\u011b rve na mezin\u00e1rodn\u00edm kolbi\u0161ti? Sp\u00ed\u0161e od na\u0161ich p\u0159edstavitel\u016f sly\u0161\u00edme, jak sv\u00fdm siln\u011bj\u0161\u00edm partner\u016fm prosebn\u00fdm hlasem \u0159\u00edkaj\u00ed n\u011bco ve smyslu, kolik \u017ee jim m\u00e1me zaplatit, abychom s&nbsp;nimi sm\u011bli souhlasit.<\/p>\n<p>Ma\u010fa\u0159i v\u011bd\u00ed, \u017ee pat\u0159\u00ed ke k\u0159es\u0165ansk\u00e9 Evrop\u011b. Ale v\u011bd\u00ed i to, \u017ee za sv\u00e9 z\u00e1jmy se musej\u00ed rv\u00e1t sami, \u017ee to nikdo jin\u00fd z&nbsp;n\u011bjak\u00e9 blahosklonnosti pro n\u011b a za n\u011b neud\u011bl\u00e1. A tak se semkli. A podporuj\u00ed sv\u00e9 veden\u00ed. Hlavn\u011b se ale semkli jeden s&nbsp;druh\u00fdm navz\u00e1jem. Co\u017e neum\u00edme n\u011bco podobn\u00e9ho tak\u00e9? Co\u017e neum\u00edme identifikovat sv\u00e9 autentick\u00e9 specifick\u00e9 z\u00e1jmy, abychom je pak mohli i prosazovat?<\/p>\n<p>Zat\u00edm jsme se moc semknout neum\u011bli. M\u00edsto semknut\u00ed n\u00e1m \u0161lo sp\u00ed\u0161e p\u0159imyk\u00e1n\u00ed. P\u0159imknut\u00ed se k&nbsp;dubisku se n\u00e1m moc neosv\u011bd\u010dilo. Tak se m\u00edsto toho te\u010f p\u0159imyk\u00e1me ke kaktusu. Nediv\u00edm se, \u017ee se tomu Ma\u010fa\u0159i div\u00ed.<br \/>\n<em><br \/>\n<\/em><a href=\"https:\/\/www.institutvk.cz\/clanky\/2113.html\">Zdroj<\/a><\/p>\n","protected":false},"excerpt":{"rendered":"<p>Tak jsme dnes m\u011bli v&nbsp;Institutu na n\u00e1v\u0161t\u011bv\u011b ma\u010farsk\u00e9ho premi\u00e9ra Viktora Orb\u00e1na. Skoro dvouhodinov\u00e9 pov\u00edd\u00e1n\u00ed s&nbsp;n\u00edm a jeho t\u00fdmem bylo inspirativn\u00ed a m\u00edsty dokonce i z\u00e1bavn\u00e9.<\/p>\n","protected":false},"author":9,"featured_media":0,"comment_status":"open","ping_status":"open","sticky":false,"template":"","format":"standard","meta":{"ngg_post_thumbnail":0,"footnotes":""},"categories":[1],"tags":[],"class_list":["post-12966","post","type-post","status-publish","format-standard","hentry","category-publikovane-clanky"],"_links":{"self":[{"href":"https:\/\/www.ladislavjakl.cz\/index.php?rest_route=\/wp\/v2\/posts\/12966","targetHints":{"allow":["GET"]}}],"collection":[{"href":"https:\/\/www.ladislavjakl.cz\/index.php?rest_route=\/wp\/v2\/posts"}],"about":[{"href":"https:\/\/www.ladislavjakl.cz\/index.php?rest_route=\/wp\/v2\/types\/post"}],"author":[{"embeddable":true,"href":"https:\/\/www.ladislavjakl.cz\/index.php?rest_route=\/wp\/v2\/users\/9"}],"replies":[{"embeddable":true,"href":"https:\/\/www.ladislavjakl.cz\/index.php?rest_route=%2Fwp%2Fv2%2Fcomments&post=12966"}],"version-history":[{"count":1,"href":"https:\/\/www.ladislavjakl.cz\/index.php?rest_route=\/wp\/v2\/posts\/12966\/revisions"}],"predecessor-version":[{"id":12967,"href":"https:\/\/www.ladislavjakl.cz\/index.php?rest_route=\/wp\/v2\/posts\/12966\/revisions\/12967"}],"wp:attachment":[{"href":"https:\/\/www.ladislavjakl.cz\/index.php?rest_route=%2Fwp%2Fv2%2Fmedia&parent=12966"}],"wp:term":[{"taxonomy":"category","embeddable":true,"href":"https:\/\/www.ladislavjakl.cz\/index.php?rest_route=%2Fwp%2Fv2%2Fcategories&post=12966"},{"taxonomy":"post_tag","embeddable":true,"href":"https:\/\/www.ladislavjakl.cz\/index.php?rest_route=%2Fwp%2Fv2%2Ftags&post=12966"}],"curies":[{"name":"wp","href":"https:\/\/api.w.org\/{rel}","templated":true}]}}