{"id":12968,"date":"2022-10-10T21:50:02","date_gmt":"2022-10-10T19:50:02","guid":{"rendered":"https:\/\/www.ladislavjakl.cz\/?p=12968"},"modified":"2022-10-10T21:50:26","modified_gmt":"2022-10-10T19:50:26","slug":"tiskova-zprava-z-15-zasedani-rady-konaneho-dne-4-10-2022","status":"publish","type":"post","link":"https:\/\/www.ladislavjakl.cz\/?p=12968","title":{"rendered":"Tiskov\u00e1 zpr\u00e1va z 15. zased\u00e1n\u00ed Rady, konan\u00e9ho dne 4. 10. 2022"},"content":{"rendered":"<p>Rada pro rozhlasov\u00e9 a televizn\u00ed vys\u00edl\u00e1n\u00ed (d\u00e1le jen &#8222;Rada&#8220;) na sv\u00e9m 15. zased\u00e1n\u00ed projednala 44 bod\u016f<br \/>\nprogramu. Vyhodnotila 38 st\u00ed\u017enost\u00ed div\u00e1k\u016f a poslucha\u010d\u016f, vydala \u0161est upozorn\u011bn\u00ed na poru\u0161en\u00ed z\u00e1kona,<br \/>\nrozhodla o zah\u00e1jen\u00ed jednoho spr\u00e1vn\u00edho \u0159\u00edzen\u00ed. Rada ulo\u017eila po\u0159\u00e1dkovou pokutu ve v\u00fd\u0161i 5 000 K\u010d<br \/>\nprovozovateli TKR Ja\u0161ek, s.r.o., podle ustanoven\u00ed \u00a7 137 odst. 2 z\u00e1kona \u010d. 500\/2004 Sb., nebo\u0165<br \/>\nbezd\u016fvodn\u011b odep\u0159el podat Rad\u011b vysv\u011btlen\u00ed souvisej\u00edc\u00ed s \u00faplnost\u00ed poskytnut\u00e9ho z\u00e1znamu.<\/p>\n<p><!--more--><br \/>\nRada na sv\u00e9m 15. zased\u00e1n\u00ed ud\u011blila dv\u011b licence, a to licenci spole\u010dnosti P\u0159erov s.r.o. k provozov\u00e1n\u00ed<br \/>\ntelevizn\u00edho vys\u00edl\u00e1n\u00ed programu Zpravodajsko &#8211; informa\u010dn\u00ed program pro P\u0159erov a okol\u00ed, \u0161\u00ed\u0159en\u00e9ho<br \/>\nprost\u0159ednictv\u00edm kabelov\u00fdch syst\u00e9m\u016f, a spole\u010dnosti RTM plus Liberecko s.r.o. licenci k provozov\u00e1n\u00ed<br \/>\nprogramu rtm plus, \u0161\u00ed\u0159en\u00e9ho prost\u0159ednictv\u00edm vys\u00edla\u010d\u016f.<br \/>\nPodrobn\u011bj\u0161\u00ed informace naleznete v p\u0159episech usnesen\u00ed Rady:<br \/>\nROZHLASOV\u00c9 VYS\u00cdL\u00c1N\u00cd<br \/>\n&#8211; Rada v r\u00e1mci sv\u00e9 kompetence dan\u00e9 ustanoven\u00edm \u00a7 5 p\u00edsm. b) a \u00a7 12 a n\u00e1sl. z\u00e1kona \u010d. 231\/2001<br \/>\nSb. a podle ustanoven\u00ed \u00a7 66 odst. 1 p\u00edsm. a) z\u00e1kona \u010d. 500\/2004 Sb., spr\u00e1vn\u00edho \u0159\u00e1du, vyd\u00e1v\u00e1 toto<br \/>\nusnesen\u00ed: Rada zastavuje se spole\u010dnost\u00ed QAP AIR s.r.o., I\u010c: 17126754,se s\u00eddlem M\u00e1nesova 1630\/56,<br \/>\nJi\u017en\u00ed P\u0159edm\u011bst\u00ed, 301 00 Plze\u0148, \u0159\u00edzen\u00ed sp.zn. 2022\/319\/zab o ud\u011blen\u00ed licence k provozov\u00e1n\u00ed<br \/>\nrozhlasov\u00e9ho vys\u00edl\u00e1n\u00ed \u0161\u00ed\u0159en\u00e9ho prost\u0159ednictv\u00edm vys\u00edla\u010d\u016f se souborem technick\u00fdch parametr\u016f<br \/>\nDoma\u017elice Vav\u0159inec 103,0 MHz \/ 100 W, sou\u0159adnice WGS 84: 12 54 33 \/ 49 25 11; Karlovy Vary s\u00eddli\u0161t\u011b<br \/>\n105,0 MHz \/ 200 W, sou\u0159adnice WGS 84: 12 52 12 \/ 50 14 18; Klatovy 92,4 MHz \/ 100 W, sou\u0159adnice<br \/>\nWGS 84: 13 17 40 \/ 49 23 42; Plze\u0148 stadion 1 103,0 MHz \/ 200 W, sou\u0159adnice WGS 84: 13 22 58 \/ 49<br \/>\n44 45; Tachov 3 105,6 MHz \/ 200 W, sou\u0159adnice WGS 84: 12 38 52 \/ 49 47 05; \u017delezn\u00e1 Ruda m\u011bsto<br \/>\n105,6 MHz \/ 25 W, sou\u0159adnice WGS 84: 13 14 14 \/ 49 07 48, nebo\u0165 spole\u010dnost vzala svou \u017e\u00e1dost o<br \/>\nud\u011blen\u00ed licence pod\u00e1n\u00edm \u010d.j. RRV\/10090\/2022-vra ze dne 29. srpna 2022 zp\u011bt.<br \/>\n&#8211; Rada v r\u00e1mci sv\u00e9 kompetence dan\u00e9 ustanoven\u00edm \u00a7 5 p\u00edsm. b) a v souladu s \u00a7 21 odst. 1 p\u00edsm. b) a<br \/>\nodst. 3 z\u00e1kona \u010d. 231\/2001 Sb. p\u0159ijala ve v\u011bci \u017e\u00e1dosti provozovatele EVROPA 2, spol. s r.o., I\u010c:<br \/>\n15891283, se s\u00eddlem Wenzigova 4\/1872, Praha 2, PS\u010c 120 00, o zm\u011bnu skute\u010dnost\u00ed uveden\u00fdch v<br \/>\n\u017e\u00e1dosti o licenci k provozov\u00e1n\u00ed rozhlasov\u00e9ho vys\u00edl\u00e1n\u00ed programu EVROPA 2 (licence \u010d.j.:<br \/>\nRu\/113\/01\/1425), a to o zm\u011bn\u011b \u00fazemn\u00edho rozsahu vys\u00edl\u00e1n\u00ed a souboru technick\u00fdch parametr\u016f<br \/>\nspo\u010d\u00edvaj\u00edc\u00ed ve zm\u011bn\u011b kmito\u010dtu, v\u00fdkonu a stanovi\u0161t\u011b T\u0159eb\u00ed\u010d 106,7 MHz \/ 200 W, toto rozhodnut\u00ed: Rada<br \/>\nud\u011bluje provozovateli EVROPA 2, spol. s r.o., I\u010c: 15891283, se s\u00eddlem Wenzigova 4\/1872, Praha 2,<br \/>\nPS\u010c 120 00, souhlas se zm\u011bnou skute\u010dnost\u00ed uveden\u00fdch v \u017e\u00e1dosti o licenci k provozov\u00e1n\u00ed rozhlasov\u00e9ho<br \/>\nvys\u00edl\u00e1n\u00ed prost\u0159ednictv\u00edm vys\u00edla\u010d\u016f, program EVROPA 2 (licence \u010d.j.: Ru\/113\/01\/1425), a to o zm\u011bn\u011b<br \/>\n\u00fazemn\u00edho rozsahu vys\u00edl\u00e1n\u00ed a souboru technick\u00fdch parametr\u016f spo\u010d\u00edvaj\u00edc\u00ed ve zm\u011bn\u011b kmito\u010dtu, v\u00fdkonu a<br \/>\nstanovi\u0161t\u011b T\u0159eb\u00ed\u010d 106,7 MHz \/ 200 W na kmito\u010det T\u0159eb\u00ed\u010d 106,2 MHz \/ 100 W, sou\u0159adnice WGS 84:<br \/>\n15 52 24 \/ 49 12 36.<br \/>\n&#8211; Rada se sezn\u00e1mila s p\u0159edb\u011b\u017enou koordinac\u00ed spo\u010d\u00edvaj\u00edc\u00ed ve stanoven\u00ed po\u010dtu obyvatel \u010cR pokryt\u00fdch<br \/>\nsign\u00e1lem a \u00fazemn\u00edm rozsahem vys\u00edl\u00e1n\u00ed p\u0159ed zm\u011bnou a po zm\u011bn\u011b stanovi\u0161t\u011b kmito\u010dtu D\u011b\u010d\u00edn Letn\u00e1 96,7<br \/>\nMHz \/ 100 W na nov\u00e9 stanovi\u0161t\u011b D\u011b\u010d\u00edn Letn\u00e1 96,7 MHz \/ 100 W, sou\u0159adnice WGS 84: 14 11 05 \/ 50<br \/>\n46 23, \u017eadatele JOE Media s.r.o., I\u010c: 26152002, se s\u00eddlem Brani\u0161ovsk\u00e1 187\/16, Praha 4, PS\u010c 14300,<\/p>\n<p>program HEY Radio (licence sp. zn.: RRTV\/2020\/218\/zab) a souhlas\u00ed s dokon\u010den\u00edm p\u0159edm\u011btn\u00e9<br \/>\nkoordinace.<br \/>\n&#8211; Rada se sezn\u00e1mila s p\u0159edb\u011b\u017enou koordinac\u00ed spo\u010d\u00edvaj\u00edc\u00ed ve stanoven\u00ed po\u010dtu obyvatel \u010cR pokryt\u00fdch<br \/>\nsign\u00e1lem a \u00fazemn\u00edm rozsahem vys\u00edl\u00e1n\u00ed p\u0159ed zm\u011bnou a po zm\u011bn\u011b stanovi\u0161t\u011b kmito\u010dtu \u010cesk\u00e1 L\u00edpa<br \/>\nvod\u00e1rna 92,7 MHz \/ 100 W na nov\u00e9 stanovi\u0161t\u011b \u010cesk\u00e1 L\u00edpa vod\u00e1rna 92,7 MHz \/ 100 W, sou\u0159adnice<br \/>\nWGS 84: 14 32 54 \/ 50 42 03, \u017eadatele JOE Media s.r.o., I\u010c: 26152002, se s\u00eddlem Brani\u0161ovsk\u00e1 187\/16,<br \/>\nPraha 4, PS\u010c 14300, program HEY Radio (licence sp. zn.: RRTV\/2015\/1119\/zab) a souhlas\u00ed s<br \/>\ndokon\u010den\u00edm p\u0159edm\u011btn\u00e9 koordinace.<br \/>\n&#8211; Rada se sezn\u00e1mila s p\u0159edb\u011b\u017enou koordinac\u00ed spo\u010d\u00edvaj\u00edc\u00ed ve stanoven\u00ed po\u010dtu obyvatel \u010cR pokryt\u00fdch<br \/>\nsign\u00e1lem a \u00fazemn\u00edm rozsahem vys\u00edl\u00e1n\u00ed p\u0159ed zm\u011bnou a po zm\u011bn\u011b stanovi\u0161t\u011b, v\u00fdkonu a kmito\u010dtu<br \/>\nRokycany 94,4 MHz \/ 100 W na Rokycany 107,6 MHz \/ 200 W sou\u0159adnice WGS84: 49 44 30 \/ 13 36 22,<br \/>\n\u017eadatele RADIO UNITED BROADCASTING s.r.o., I\u010c: 29131901, se s\u00eddlem Vinohradsk\u00e1 3217\/167,<br \/>\nPraha 10, PS\u010c 100 00, program Radio Beat (licence \u010d.j.: Ru\/138\/01) a souhlas\u00ed s dokon\u010den\u00edm<br \/>\np\u0159edm\u011btn\u00e9 koordinace.<br \/>\n&#8211; Rada se sezn\u00e1mila s anal\u00fdzou programu Hitr\u00e1dio City 93.7 FM provozovatele MEDIA BOHEMIA,<br \/>\na.s. z \u00fater\u00fd 30.8.2022 od 00:00 do 24:00 hodin a shledala, \u017ee vys\u00edl\u00e1n\u00ed bylo v souladu se z\u00e1konem o<br \/>\nrozhlasov\u00e9m a televizn\u00edm vys\u00edl\u00e1n\u00ed a v souladu s platn\u00fdmi licen\u010dn\u00edmi podm\u00ednkami.<br \/>\n&#8211; Rada sezn\u00e1mila s anal\u00fdzami obchodn\u00edch sd\u011blen\u00ed odvys\u00edlan\u00fdch provozovateli dne MEDIA BOHEMIA<br \/>\na.s. (program R\u00e1dio BLAN\u00cdK; \u00dast\u00ed nad Labem 94,5 MHz) dne 12. z\u00e1\u0159\u00ed 2022, EVROPA 2, spol. s r.o.<br \/>\n(program EVROPA 2; \u010cesk\u00e9 Bud\u011bjovice 90,5 MHz) dne 12. z\u00e1\u0159\u00ed 2022, RADIO UNITED<br \/>\nBROADCASTING s.r.o. (program Country MORAVA; Brno 96,8 MHz) dne 12. z\u00e1\u0159\u00ed 2022, LONDA spol.<br \/>\ns r.o. (program Rock Zone 105,9; Praha 105,9 MHz) dne 12. z\u00e1\u0159\u00ed 2022, R\u00e1dio P\u00e1lava s.r.o. (program<br \/>\nR\u00c1DIO JIH; Brno-Kohoutovice 105,1 MHz) dne 12. z\u00e1\u0159\u00ed 2022 a MEDIA BOHEMIA a.s. (program Rock<br \/>\nRadio; Zl\u00edn 89,6 MHz) dne 12. z\u00e1\u0159\u00ed 2022.<br \/>\n&#8211; Rada se sezn\u00e1mila s ozn\u00e1men\u00edm provozovatele RADIO PROGLAS s.r.o., I\u010c: 49435001, doru\u010den\u00fdm<br \/>\nRad\u011b dne 6. z\u00e1\u0159\u00ed 2022 pod \u010d.j. RRTV\/10298\/2022-vra, spo\u010d\u00edvaj\u00edc\u00edm ve v\u00fdluk\u00e1ch vys\u00edl\u00e1n\u00ed programu<br \/>\nRadio Proglas za m\u011bs\u00edc srpen 2022 dle uveden\u00e9ho p\u0159ehledu. Rada se sezn\u00e1mila s ozn\u00e1men\u00edm<br \/>\nprovozovatele HAMCO, s.r.o., I\u010c: 47668962, doru\u010den\u00fdm Rad\u011b dne 20. z\u00e1\u0159\u00ed 2022 pod \u010d.j.<br \/>\nRRTV\/11133\/2022-vra, spo\u010d\u00edvaj\u00edc\u00edm v informaci o v\u00fdluce vys\u00edl\u00e1n\u00ed programu Radio Han\u00e1 (licence \u010d.j.<br \/>\nRu\/101\/01) dne 20. z\u00e1\u0159\u00ed 2022 na vys\u00edla\u010di Olomouc 92,3 MHz \/ 5 kW.<br \/>\n&#8211; Rada se sezn\u00e1mila se st\u00ed\u017enost\u00ed \u010d. j. RRTV\/11113\/2022-vac na \u00fadajn\u011b l\u017eivou informaci v report\u00e1\u017ei<br \/>\nodvys\u00edlan\u00e9 dne 16. 9. 2022 na\u010cRo 1 Radio\u017eurn\u00e1l. Rada se sezn\u00e1mila se st\u00ed\u017enost\u00ed \u010d. j.<br \/>\nRRTV\/10321\/2022-vra na \u00fadajn\u011b nepravdivou zpr\u00e1vu, kter\u00e1 byla odvys\u00edl\u00e1na dne 7. 9. 2022 na<br \/>\nprogramu KISS. Rada se sezn\u00e1mila s pod\u00e1n\u00edm pr\u00e1vn\u00edho z\u00e1stupce \u010cesk\u00e9ho tenisov\u00e9ho svazu z.s. \u010d.j.<br \/>\nRRTV\/10194\/RRTV-vra ze dne 1. z\u00e1\u0159\u00ed 2022 ve v\u011bci p\u0159\u00edpadn\u00e9ho poru\u0161en\u00ed z\u00e1kona \u010d. 231\/2001 Sb., o<br \/>\nprovozov\u00e1n\u00ed rozhlasov\u00e9ho a televizn\u00edho vys\u00edl\u00e1n\u00ed, z\u00e1kona \u010d. 484\/1991 Sb., o \u010cesk\u00e9m rozhlasu, a<br \/>\nKodexu \u010cesk\u00e9ho rozhlasu.<br \/>\n&#8211; Rada rozhodla u pod\u00e1n\u00ed pr\u00e1vn\u00edho z\u00e1stupce \u010cesk\u00e9ho tenisov\u00e9ho svazu z.s. \u010d.j. RRTV\/10194\/<\/p>\n<p>RRTVvra ze dne 1. z\u00e1\u0159\u00ed 2022 o \u010d\u00e1ste\u010dn\u00e9m postoupen\u00ed pod\u00e1n\u00ed Rad\u011b \u010cesk\u00e9ho rozhlasu jako\u017eto p\u0159\u00edslu\u0161n\u00e9mu<br \/>\norg\u00e1nu pro posouzen\u00ed p\u0159\u00edpadn\u00e9ho poru\u0161en\u00ed z\u00e1kona \u010d. 484\/1991 Sb., o \u010cesk\u00e9m rozhlasu, \u010di Kodexu<br \/>\n\u010cesk\u00e9ho rozhlasu.<br \/>\n&#8211; Rada v r\u00e1mci sv\u00e9 p\u016fsobnosti dan\u00e9 ustanoven\u00edm \u00a7 5 p\u00edsm. a) z\u00e1kona \u010d. 231\/2001 Sb., o provozov\u00e1n\u00ed<br \/>\nrozhlasov\u00e9ho a televizn\u00edho vys\u00edl\u00e1n\u00ed a o zm\u011bn\u011b dal\u0161\u00edch z\u00e1kon\u016f (d\u00e1le jen \u201ez\u00e1kon \u010d. 231\/2001 Sb.\u201c), a na<br \/>\nz\u00e1klad\u011b ustanoven\u00ed \u00a7 137 odst. 1 z\u00e1kona \u010d. 500\/2004 Sb., spr\u00e1vn\u00ed \u0159\u00e1d, \u017e\u00e1d\u00e1 provozovatele \u010cesk\u00fd<br \/>\nrozhlas, I\u010c 45245053, se s\u00eddlem Vinohradsk\u00e1 12, PS\u010c 120 99 Praha 2, na z\u00e1klad\u011b pod\u00e1n\u00ed \u010cesk\u00e9ho<br \/>\ntenisov\u00e9ho svazu z.s. \u010d.j. RRTV\/10194\/2022-vra ze dne 1. z\u00e1\u0159\u00ed 2022, o vysv\u011btlen\u00ed k epizod\u011b po\u0159adu<br \/>\nVinohradsk\u00e1 12, kter\u00e1 byla odvys\u00edl\u00e1na dne 25. srpna 2022 na programu \u010cRo Plus v \u010dase od 08:35<br \/>\nhod., a to jak\u00fdm zp\u016fsobem provozovatel zajistil, aby n\u00e1zory nebo hodnot\u00edc\u00ed koment\u00e1\u0159e byly odd\u011bleny<br \/>\nod informac\u00ed zpravodajsk\u00e9ho charakteru.<\/p>\n<p>TELEVIZN\u00cd VYS\u00cdL\u00c1N\u00cd<br \/>\n&#8211; Rada ud\u011bluje spole\u010dnosti Televize P\u0159erov s.r.o., I\u010c 286 24 503, se s\u00eddlem U Be\u010dvy 2883\/2, P\u0159erov I<br \/>\n-M\u011bsto, 750 02 P\u0159erov, podle \u00a7 25 z\u00e1kona \u010d. 231\/2001 Sb., licenci k provozov\u00e1n\u00ed m\u00edstn\u00edho televizn\u00edho<br \/>\nvys\u00edl\u00e1n\u00ed \u0161\u00ed\u0159en\u00e9ho prost\u0159ednictv\u00edm kabelov\u00fdch syst\u00e9m\u016f na 12 let; ozna\u010den\u00ed (n\u00e1zev) programu: Televize<br \/>\nP\u0159erov; z\u00e1kladn\u00ed programov\u00e1 specifikace: Zpravodajsko &#8211; informa\u010dn\u00ed program pro P\u0159erov a okol\u00ed;<br \/>\n\u010dasov\u00fd rozsah vys\u00edl\u00e1n\u00ed: 24 hodin denn\u011b; \u00fazemn\u00ed rozsah vys\u00edl\u00e1n\u00ed: katastr\u00e1ln\u00ed \u00fazem\u00ed okresu P\u0159erov:<br \/>\n\u010cekyn\u011b &#8211; 619108, Dluhonice &#8211; 626708, Hen\u010dlov &#8211; 638277, Kozlovice u P\u0159erova &#8211; 734985, Lov\u011b\u0161ice u<br \/>\nP\u0159erova &#8211; 735001, L\u00fdsky &#8211; 782335, Pen\u010dice &#8211; 719056, Popovice u P\u0159erova &#8211; 782343, P\u0159edmost\u00ed &#8211;<br \/>\n734977, P\u0159erov &#8211; 734713, \u00dajezdec u P\u0159erova &#8211; 774073, Vinary u P\u0159erova &#8211; 782351, \u017deravice &#8211; 796441,<br \/>\nSu\u0161ice u P\u0159erova &#8211; 759791, Radslavice u P\u0159erova &#8211; 738816, Troubky nad Be\u010dvou &#8211; 768685; hlavn\u00ed jazyk<br \/>\nvys\u00edl\u00e1n\u00ed: \u010desk\u00fd jazyk; v rozsahu dle \u017e\u00e1dosti doru\u010den\u00e9 dne 1. \u010dervna 2022 pod \u010d.j. RRTV\/6555\/2022-<br \/>\nvra, ve zn\u011bn\u00ed dopln\u011bn\u00ed ze dne 28. \u010dervna 2022, \u010d.j. RRTV\/8036\/2022-vra, d\u00e1le up\u0159esn\u011bn\u00ed a dopln\u011bn\u00ed<br \/>\nze dne 20. \u010dervence 2022, \u010d.j. RRTV\/8490\/2022-vra, dopln\u011bn\u00ed ze dne 10. srpna 2022, \u010d.j.<br \/>\nRRTV\/9225\/2022-vra, a ze dne 26. srpna 2022, \u010d.j. RRTV\/10054\/2022-vra a \u010d.j.<br \/>\nRRTV\/10068\/2022- vra.<br \/>\n&#8211; Rada ud\u011bluje pr\u00e1vnick\u00e9 osob\u011b, spole\u010dnosti RTM plus Liberecko s.r.o., I\u010c: 174 45 663, se s\u00eddlem<br \/>\nMr\u0161t\u00edkova 399\/2a, Liberec III-Je\u0159\u00e1b, 460 07 Liberec, dle \u00a7 25 z\u00e1kona \u010d. 231\/2001 Sb., licenci k<br \/>\nprovozov\u00e1n\u00ed region\u00e1ln\u00edho zemsk\u00e9ho digit\u00e1ln\u00edho televizn\u00edho vys\u00edl\u00e1n\u00ed \u0161\u00ed\u0159en\u00e9ho prost\u0159ednictv\u00edm vys\u00edla\u010d\u016f<br \/>\nna 12 let; n\u00e1zev (ozna\u010den\u00ed) programu: rtm plus; z\u00e1kladn\u00ed programov\u00e1 specifikace: zpravodajstv\u00ed a<br \/>\npublicistika z Libereck\u00e9ho kraje a okol\u00ed; \u010dasov\u00fd rozsah vys\u00edl\u00e1n\u00ed: 24 hodin denn\u011b; \u00fazemn\u00ed rozsah<br \/>\nvys\u00edl\u00e1n\u00ed: v souladu se stanoviskem \u010cesk\u00e9ho telekomunika\u010dn\u00edho \u00fa\u0159adu \u010d.j.: \u010cT\u00da-40 429\/2022-613 ze<br \/>\ndne 12. z\u00e1\u0159\u00ed 2022, dle p\u0159ilo\u017een\u00e9ho diagramu vyu\u017eit\u00ed r\u00e1diov\u00fdch kmito\u010dt\u016f \u00fazem\u00ed Libereck\u00e9ho kraje; hlavn\u00ed<br \/>\njazyk vys\u00edl\u00e1n\u00ed: \u010desk\u00fd jazyk; dle \u017e\u00e1dosti, ze dne 29. srpna 2022, \u010d.j.: RRTV\/10080\/2022-vra a dopln\u011bn\u00ed<br \/>\n\u017e\u00e1dosti ze dne 19. z\u00e1\u0159\u00ed 2022, \u010d.j.: RRTV\/11053\/2022-vra.<br \/>\n&#8211; Rada v r\u00e1mci na\u0159\u00edzen\u00e9ho \u00fastn\u00edho jedn\u00e1n\u00ed projednala s \u017eadatelem o licenci, spole\u010dnost\u00ed Stanice O,<br \/>\na.s., navrhovanou programovou skladbu televizn\u00edho programu O (\u00d3\u010dko), \u0161\u00ed\u0159en\u00e9ho prost\u0159ednictv\u00edm<br \/>\nzvl\u00e1\u0161tn\u00edch p\u0159enosov\u00fdch syst\u00e9m\u016f.<br \/>\n&#8211; Rada se sezn\u00e1mila s ozn\u00e1men\u00edm provozovatele Film Europe s.r.o., I\u010c 289 22 921, s\u00eddlem Praha 1,<br \/>\nV J\u00e1m\u011b 699\/1, PS\u010c 110 00, ze dne 9. z\u00e1\u0159\u00ed 2022, \u010d. j. RRTV\/10730\/2022-vra, podle \u00a7 32 odst. 1 p\u00edsm.<br \/>\ns) z\u00e1kona \u010d. 231\/2001 Sb., o ukon\u010den\u00ed vys\u00edl\u00e1n\u00ed programu Film Europe \u0161\u00ed\u0159en\u00e9ho prost\u0159ednictv\u00edm<br \/>\nkabelov\u00fdch syst\u00e9m\u016f na z\u00e1klad\u011b licence \u010d. j. FIA\/3718\/2010, ze dne 19. \u0159\u00edjna 2010, ke dni 8. z\u00e1\u0159\u00ed 2022.<br \/>\n&#8211; Rada vzala na v\u011bdom\u00ed, \u017ee provozovateli Film Europe s.r.o., I\u010c 289 22 921, se s\u00eddlem Praha 1,<br \/>\nV J\u00e1m\u011b 699\/1, PS\u010c 110 00, zanikla dne 8. z\u00e1\u0159\u00ed 2022 podle \u00a7 24 p\u00edsm. f) z\u00e1kona \u010d. 231\/2001 Sb. licence<br \/>\nk provozov\u00e1n\u00ed televizn\u00edho vys\u00edl\u00e1n\u00ed programu Film Europe \u0161\u00ed\u0159en\u00e9ho prost\u0159ednictv\u00edm kabelov\u00fdch syst\u00e9m\u016f<br \/>\nud\u011blen\u00e1 rozhodnut\u00edm Rady \u010d. j. FIA\/3718\/2010, ze dne 19. \u0159\u00edjna 2010, v rozsahu dle \u017e\u00e1dosti doru\u010den\u00e9<br \/>\ndne 9. z\u00e1\u0159\u00ed 2022 pod \u010d. j. RRTV\/10730\/2022-vra. O t\u00e9to skute\u010dnosti vyd\u00e1v\u00e1 Rada osv\u011bd\u010den\u00ed dle \u00a7 154<br \/>\na n\u00e1sl. z\u00e1kona \u010d. 500\/2004 Sb.<br \/>\n&#8211; Rada ud\u011bluje provozovateli, spole\u010dnosti TV Beskyd s.r.o., I\u010c 258 44 334, se s\u00eddlem 1. m\u00e1je 1000,<br \/>\n756 61 Ro\u017enov pod Radho\u0161t\u011bm, souhlas se zm\u011bnou skute\u010dnost\u00ed uveden\u00fdch v \u017e\u00e1dosti o licenci, sp. zn.:<br \/>\n2011\/855\/FIA\/Tv, \u010d.j.: FIA\/3467\/2011, ze dne 1. listopadu 2011, podle \u00a7 21 odst. 1 p\u00edsm. c), d) z\u00e1kona<br \/>\n\u010d. 231\/2001 Sb., spo\u010d\u00edvaj\u00edc\u00ed: a) ve zm\u011bn\u011b \u00fazemn\u00edho rozsahu vys\u00edl\u00e1n\u00ed, a to roz\u0161\u00ed\u0159en\u00ed vys\u00edl\u00e1n\u00ed o k. \u00fa.<br \/>\nRo\u017enov pod Radho\u0161t\u011bm, okres Vset\u00edn; b) ve zm\u011bn\u011b licen\u010dn\u00edch (dal\u0161\u00edch programov\u00fdch) podm\u00ednek<br \/>\nprogramu Televize Beskyd, v rozsahu \u017e\u00e1dosti ze dne 7. z\u00e1\u0159\u00ed 2022, \u010d.j.: RRTV\/10357\/2022-vra a<br \/>\nup\u0159esn\u011bn\u00ed \u017e\u00e1dosti ze dne 9. z\u00e1\u0159\u00ed 2022, \u010d.j.: RRTV\/10720\/2022-vra.<br \/>\n&#8211; Rada zastavuje podle \u00a7 66 odst. 1, p\u00edsm. b) z\u00e1kona \u010d. 500\/2004 Sb., \u0159\u00edzen\u00ed o \u017e\u00e1dosti provozovatele<br \/>\nNej.cz s.r.o., I\u010c 032 13 595, se s\u00eddlem Kaplanova 225\/8, Chodov, Praha 4, 148 00, ze dne 5. z\u00e1\u0159\u00ed 2022<br \/>\ndoru\u010den\u00e9 dne 7. z\u00e1\u0159\u00ed 2022 pod \u010d.j. RRTV\/10320\/2022-vra, spo\u010d\u00edvaj\u00edc\u00ed podle \u00a7 29 odst. 1, p\u00edsm. a)<br \/>\nz\u00e1kona \u010d. 231\/2001 Sb., ve zm\u011bn\u011b v\u00fd\u0161e vkladu jedin\u00e9ho spole\u010dn\u00edka KAPRAIN INDUSTRIAL HOLDING<br \/>\nLIMITED, Kypersk\u00e1 republika, reg. \u010d\u00edslo HE 338896, o 10 000 000,- K\u010d na 20 000 000,- K\u010d, nebo\u0165 byla<br \/>\npod\u00e1na \u017e\u00e1dost zjevn\u011b pr\u00e1vn\u011b nep\u0159\u00edpustn\u00e1 t\u00edm, \u017ee p\u0159edm\u011btn\u00e1 zm\u011bna byla ji\u017e realizov\u00e1na.<\/p>\n<p>&#8211; Rada registruje provozovateli Nej.cz s.r.o., I\u010c 032 13 595, se s\u00eddlem Kaplanova 225\/8, Chodov,<br \/>\nPraha 4, 148 00, zm\u011bnu skute\u010dnost\u00ed uveden\u00fdch v p\u0159ihl\u00e1\u0161ce k registraci, \u010d.j. RRTV\/3740\/2015-SMU,<br \/>\nspis. zn.: 2015\/859\/SMU\/Nej ze dne 20. \u0159\u00edjna 2015, podle \u00a7 29 odst. 1 p\u00edsm. a) z\u00e1kona \u010d. 231\/2001 Sb.,<br \/>\nspo\u010d\u00edvaj\u00edc\u00ed ve zm\u011bn\u011b v\u00fd\u0161e vkladu jedin\u00e9ho spole\u010dn\u00edka KAPRAIN INDUSTRIAL HOLDING LIMITED,<br \/>\nKypersk\u00e1 republika, reg. \u010d\u00edslo HE 338896, a to nav\u00fd\u0161en\u00ed o 1 000 000,- K\u010d na 21 000 000,- K\u010d.<br \/>\n&#8211; Rada v r\u00e1mci sv\u00e9 kompetence dan\u00e9 ustanoven\u00edm \u00a7 5 p\u00edsm. a) a f), \u00a7 59 odst. 1 &#8211; 3 z\u00e1kona<br \/>\n\u010d. 231\/2001 Sb., upozor\u0148uje provozovatele, Nej.cz s.r.o., I\u010c 032 13 595, se s\u00eddlem Kaplanova 225\/8,<br \/>\nChodov, Praha 4, 148 00, na 1) poru\u0161en\u00ed ustanoven\u00ed \u00a7 29 odst. 2 z\u00e1kona \u010d. 231\/2001 Sb., kter\u00e9ho se<br \/>\ndopustil t\u00edm, \u017ee p\u0159edem Rad\u011b neozn\u00e1mil zm\u011bnu skute\u010dnost\u00ed uveden\u00fdch v p\u0159ihl\u00e1\u0161ce k registraci podle<br \/>\n\u00a7 29 odst. 1 p\u00edsm. a) z\u00e1kona \u010d. 231\/2001 Sb., a to zm\u011bnu v\u00fd\u0161e vkladu jedin\u00e9ho spole\u010dn\u00edka; 2) poru\u0161en\u00ed<br \/>\nustanoven\u00ed \u00a7 29 odst. 3 z\u00e1kona \u010d. 231\/2001 Sb., t\u00edm, \u017ee Rad\u011b v z\u00e1konn\u00e9 lh\u016ft\u011b neozn\u00e1mil zm\u011bnu<br \/>\nostatn\u00edch skute\u010dnost\u00ed uveden\u00fdch v p\u0159ihl\u00e1\u0161ce k registraci, a to zakladatelsk\u00e9 listiny, a d\u00e1le Rad\u011b<br \/>\nneozn\u00e1mil zm\u011bny \u010dlen\u016f dozor\u010d\u00ed rady. Rada stanovuje provozovateli lh\u016ftu k n\u00e1prav\u011b 30 dn\u016f ode dne<br \/>\ndoru\u010den\u00ed tohoto upozorn\u011bn\u00ed;<br \/>\n&#8211; Rada se sezn\u00e1mila ozn\u00e1men\u00edm provozovatele Nej.cz s.r.o., I\u010c 032 13 595, se s\u00eddlem Kaplanova<br \/>\n225\/8, Chodov, Praha 4, 148 00, ze dne 5. z\u00e1\u0159\u00ed 2022, doru\u010den\u00e9m dne 7. z\u00e1\u0159\u00ed 2022 pod \u010d.j.<br \/>\nRRTV\/10320\/2022-vra, o slou\u010den\u00ed provozovatel\u016f p\u0159evzat\u00e9ho vys\u00edl\u00e1n\u00ed podle \u00a7 58 z\u00e1kona \u010d. 231\/2001<br \/>\nSb., a to spole\u010dnost\u00ed Nej.cz s.r.o. a SMART Comp. a.s.<br \/>\n&#8211; Rada se dle ustanoven\u00ed \u00a7 29 odst. 3 z\u00e1kona \u010d. 231\/2001 Sb., sezn\u00e1mila s ozn\u00e1men\u00edm provozovatele<br \/>\np\u0159evzat\u00e9ho vys\u00edl\u00e1n\u00ed \u0161\u00ed\u0159en\u00e9ho prost\u0159ednictv\u00edm kabelov\u00fdch syst\u00e9m\u016f, Vodafone Czech Republic a.s., I\u010c:<br \/>\n257 88 001, se s\u00eddlem: n\u00e1m\u011bst\u00ed Junkov\u00fdch 2802\/2, Stod\u016flky, 155 00 Praha 5, o zm\u011bn\u011b ostatn\u00edch<br \/>\nskute\u010dnost\u00ed uveden\u00fdch v p\u0159ihl\u00e1\u0161ce k registraci sp. zn.: RRTV\/2019\/395\/smu, \u010d.j.: RRTV\/8190\/2019-<br \/>\nsmu, ze dne 25. \u010dervna 2019, spo\u010d\u00edvaj\u00edc\u00edm: 1) v ozn\u00e1men\u00ed vys\u00edl\u00e1n\u00ed \u010desk\u00e9ho televizn\u00edho programu Film<br \/>\nEurope na z\u00e1klad\u011b nov\u011b ud\u011blen\u00e9 licence ze dne 30. srpna 2022, \u010d. j.: RRTV\/10143\/2022-fia; 2) v<br \/>\nroz\u0161\u00ed\u0159en\u00ed programov\u00e9 nab\u00eddky o rozhlasov\u00e9 \u010desk\u00e9 programy: Radio Metropole, Radio Han\u00e1 okruh<br \/>\nSkyRock; 3) v ozn\u00e1men\u00ed zm\u011bny n\u00e1zvu programu z Insight TV na InUltra, dle pod\u00e1n\u00ed ze dne 15. z\u00e1\u0159\u00ed<br \/>\n2022, \u010d.j.: RRTV\/10904\/2022-vra.<br \/>\n&#8211; Rada se dle ustanoven\u00ed \u00a7 29 odst. 3 z\u00e1kona \u010d. 231\/2001 Sb., sezn\u00e1mila s ozn\u00e1men\u00edm provozovatele<br \/>\np\u0159evzat\u00e9ho vys\u00edl\u00e1n\u00ed \u0161\u00ed\u0159en\u00e9ho prost\u0159ednictv\u00edm zvl\u00e1\u0161tn\u00edch p\u0159enosov\u00fdch syst\u00e9m\u016f, Vodafone Czech<br \/>\nRepublic a.s., I\u010c: 257 88 001, se s\u00eddlem: n\u00e1m\u011bst\u00ed Junkov\u00fdch 2802\/2, Stod\u016flky, 155 00 Praha 5, o<br \/>\nzm\u011bn\u011b ostatn\u00edch skute\u010dnost\u00ed uveden\u00fdch v p\u0159ihl\u00e1\u0161ce k registraci sp. zn.: RRTV\/2019\/419\/smu, \u010d.j.:<br \/>\nRRTV\/8188\/2019-smu, ze dne 25. \u010dervna 2019, spo\u010d\u00edvaj\u00edc\u00edm: 1) v ozn\u00e1men\u00ed vys\u00edl\u00e1n\u00ed \u010desk\u00e9ho<br \/>\ntelevizn\u00edho programu Film Europe na z\u00e1klad\u011b nov\u011b ud\u011blen\u00e9 licence ze dne 30. srpna 2022, \u010d. j.:<br \/>\nRRTV\/10143\/2022-fia; 2) v ozn\u00e1men\u00ed zm\u011bny n\u00e1zvu programu z Insight TV na InUltra, dle pod\u00e1n\u00ed ze<br \/>\ndne 15. z\u00e1\u0159\u00ed 2022, \u010d.j.: RRTV\/10904\/2022-vra.<br \/>\n&#8211; Rada se sezn\u00e1mila s ozn\u00e1men\u00edm provozovatele televizn\u00edho vys\u00edl\u00e1n\u00ed FILM EUROPE, s.r.o., I\u010c<br \/>\n289 22 921, doru\u010den\u00e9m dne 9. z\u00e1\u0159\u00ed 2022 pod \u010d.j. RRTV\/210731\/2022-vra, spo\u010d\u00edvaj\u00edc\u00edm v zah\u00e1jen\u00ed<br \/>\nvys\u00edl\u00e1n\u00ed programu Film Europe prost\u0159ednictv\u00edm kabelov\u00fdch syst\u00e9m\u016f a dru\u017eice, na z\u00e1klad\u011b licence ze<br \/>\ndne 30. srpna 2022, \u010d.j. RRTV\/10143\/2022-fia, spis. zn.: RRTV\/2022\/813\/fia, a to ke dni 9. z\u00e1\u0159\u00ed 2022.<br \/>\n&#8211; Rada se sezn\u00e1mila s n\u00e1sleduj\u00edc\u00edmi pod\u00e1n\u00edmi k obsahu televizn\u00edch program\u016f a audiovizu\u00e1ln\u00edch<br \/>\nmedi\u00e1ln\u00edch slu\u017eeb na vy\u017e\u00e1d\u00e1n\u00ed doru\u010den\u00fdmi od 1. do 21. z\u00e1\u0159\u00ed 2022: \u010cesk\u00e1 televize \/ \u010cT1 \u2013 168 hodin;<br \/>\nBarrandov Televizn\u00ed Studio a.s. \/ Televize Barrandov \u2013 Klenot TV Multilady; FTV Prima, spol. s r.o. \/<br \/>\nPrima \u2013 P\u00e1lava; \u010cesk\u00e1 televize \/ \u010cT:D \u2013 Mach, \u0160ebestov\u00e1 a kouzeln\u00e9 sluch\u00e1tko; FTV Prima, spol. s<br \/>\nr.o. \/ Prima \u2013 Nov\u00fd den; FTV Prima, spol. s r.o. \/ CNN Prima News \u2013 Den Braven, sponzor programu;<br \/>\nPOLAR televize Ostrava, s.r.o. \/ Polar \u2013 Region\u00e1ln\u00ed zpr\u00e1vy; Lidl \u010cesk\u00e1 republika \/ reklamn\u00ed spot; \u010cesk\u00e1<br \/>\ntelevize \/ \u010cT1 \u2013 Polopat\u011b; \u010cesk\u00e1 televize \/ \u010cT1 a \u010cT24 \u2013 protivl\u00e1dn\u00ed demonstrace; \u010cesk\u00e9 dr\u00e1hy \/<br \/>\nreklamn\u00ed spot; FTV Prima, spol. s r.o. \/ CNN Prima News \u2013 Zpr\u00e1vy PLUS \u2013 Finan\u010dn\u00ed zralost; FTV Prima,<br \/>\nspol. s r.o. \/ CNN Prima News \u2013 chyb\u011bj\u00edc\u00ed logo; TV Nova s.r.o. \/ Nova Fun \u2013 upout\u00e1vka Specialist\u00e9;<br \/>\nStudija 1+1 \/ 1+1 \u2013 dokument o Japonsku; FTV Prima, spol. s r.o. \/ CNN Prima News \u2013 Partie Terezie<br \/>\nTom\u00e1nkov\u00e9; \u010cesk\u00e1 televize \/ \u010cT1 \u2013 Post\u0159ehy odjinud; \u010cesk\u00e1 televize \/ \u010cT1 a \u010cT24 \u2013 Ot\u00e1zky V\u00e1clava<br \/>\nMoravce; \u010cesk\u00e1 televize \/ \u010cT1 \u2013 Po\u010das\u00ed; FTV Prima, spol. s r.o. \/ Prima a CNN Prima News \u2013 Hlavn\u00ed<\/p>\n<p>zpr\u00e1vy; \u010cesk\u00e1 televize \/ nespecifikovan\u00fd program \u2013 Celost\u00e1tn\u00ed setk\u00e1n\u00ed ml\u00e1de\u017ee; r\u016fzn\u00ed provozovatel\u00e9 \/<br \/>\nr\u016fzn\u00e9 programy \u2013 projev p\u0159edsedy vl\u00e1dy Petra Fialy; \u010cesk\u00e1 televize a FTV Prima, spol. s r.o. \/ \u010cT24 a<br \/>\nCNN Prima News \u2013 crawl; FTV Prima, spol. s r.o. \/ Prima a CNN Prima News &#8211; Showtime; Barrandov<br \/>\nTelevizn\u00ed Studio a.s. \/ Televize Barrandov; HBO Europe s.r.o. \/ HBO Max Hungary \u2013 The White<br \/>\nLotus (4).<br \/>\n&#8211; Rada v r\u00e1mci sv\u00e9 kompetence dan\u00e9 \u00a7 5 p\u00edsm. a) z\u00e1kona \u010d. 231\/2001 Sb., o provozov\u00e1n\u00ed<br \/>\nrozhlasov\u00e9ho a televizn\u00edho vys\u00edl\u00e1n\u00ed a o zm\u011bn\u011b dal\u0161\u00edch z\u00e1kon\u016f, v platn\u00e9m zn\u011bn\u00ed (d\u00e1le jen \u201ez\u00e1kon<br \/>\n\u010d. 231\/2001 Sb.\u201c) a v souladu s ustanoven\u00edm \u00a7 137 odst. 1 z\u00e1kona \u010d. 500\/2004 Sb., spr\u00e1vn\u00ed \u0159\u00e1d, (d\u00e1le<br \/>\njen \u201ez\u00e1kon \u010d. 500\/2004 Sb.\u201c) \u017e\u00e1d\u00e1 provozovatele vys\u00edl\u00e1n\u00ed \u010cesk\u00e1 televize, I\u010c 00027383, s\u00eddlem<br \/>\nNa h\u0159ebenech II 1132\/4, Praha 4, PS\u010c 14700, o pod\u00e1n\u00ed vysv\u011btlen\u00ed k obsahu report\u00e1\u017ee V\u00e1clav Klaus,<br \/>\nkter\u00e1 byla sou\u010d\u00e1st\u00ed po\u0159adu 168 hodin vys\u00edlan\u00e9ho 24. dubna 2022 od 21:05 hodin na programu \u010cT1, z<br \/>\njak\u00e9ho d\u016fvodu v pas\u00e1\u017ei po redak\u010dn\u00edm tvrzen\u00ed \u201eS\u00e1m V\u00e1clav Klaus toti\u017e \u010dasto vyu\u017e\u00edv\u00e1 ve sv\u00fdch \u00favah\u00e1ch<br \/>\np\u0159\u00edmo stanoviska rusk\u00fdch politik\u016f.\u201c za\u0159adil na zp\u016fsob dokumentace p\u0159edt\u00edm \u0159e\u010den\u00e9ho vedle sebe<br \/>\ndvojici vyj\u00e1d\u0159en\u00ed, z nich\u017e datovan\u00e9 vyj\u00e1d\u0159en\u00ed V\u00e1clava Klause ze 14. dubna 2022 v realit\u011b \u010dasov\u011b<br \/>\np\u0159edch\u00e1zelo prezentovan\u00e9mu vyj\u00e1d\u0159en\u00ed rusk\u00e9ho politika, kter\u00e9 nebylo v report\u00e1\u017ei datov\u00e1no, av\u0161ak z<br \/>\nve\u0159ejn\u011b dostupn\u00fdch zdroj\u016f v\u010detn\u011b z\u00e1znamu po\u0159adu Zpr\u00e1vy v 16 z 19. dubna 2022 na programu \u010cT24<br \/>\nlze zjistit, \u017ee se jednalo o vyj\u00e1d\u0159en\u00ed pozd\u011bj\u0161\u00edho data, ne\u017e bylo vyj\u00e1d\u0159en\u00ed V\u00e1clava Klause. Rada stanovuje<br \/>\nlh\u016ftu k pod\u00e1n\u00ed vysv\u011btlen\u00ed 30 dn\u00ed ode dne doru\u010den\u00ed t\u00e9to v\u00fdzvy.<br \/>\n&#8211; Rada v r\u00e1mci sv\u00e9 kompetence dan\u00e9 \u00a7 7 p\u00edsm. a) z\u00e1kona \u010d. 40\/1995 Sb., o regulaci reklamy a o<br \/>\nzm\u011bn\u011b a dopln\u011bn\u00ed z\u00e1kona \u010d. 468\/1991 Sb., o provozov\u00e1n\u00ed rozhlasov\u00e9ho a televizn\u00edho vys\u00edl\u00e1n\u00ed, ve zn\u011bn\u00ed<br \/>\nplatn\u00fdch p\u0159edpis\u016f (d\u00e1le jen \u201ez\u00e1kon \u010d. 40\/1995 Sb.\u201c), v souladu s ustanoven\u00edm \u00a7 78 odst. 1 z\u00e1kona<br \/>\n\u010d. 250\/2016 Sb., z\u00e1kona o p\u0159estupc\u00edch a \u0159\u00edzen\u00edch o nich (d\u00e1le jen \u201ez\u00e1kon \u010d. 250\/2016 Sb.\u201c) rozhodla<br \/>\nzah\u00e1jit se zadavatelem reklamy, spole\u010dnost\u00ed Emporia Style Kft., I\u010cO: 01-09-170422, se s\u00eddlem 1012<br \/>\nBudapest, M\u00e1rv\u00e1ny u. 17., DI\u010c: 12239856-2-41, (d\u00e1le \u201eobvin\u011bn\u00fd\u201c), \u0159\u00edzen\u00ed o p\u0159estupku z moci \u00fa\u0159edn\u00ed pro<br \/>\nmo\u017en\u00e9 poru\u0161en\u00ed \u00a7 5d odst. 3 z\u00e1kona \u010d. 40\/1995 Sb., nebo\u0165 zad\u00e1n\u00edm teleshoppingu s n\u00e1zvem Klenot<br \/>\nTV, odvys\u00edlan\u00e9ho dne 26. srpna 2022 v \u010dase od 9:45 hodin na programu Televize Barrandov, mohlo<br \/>\ndoj\u00edt k poru\u0161en\u00ed povinnosti, aby reklama, prost\u0159ednictv\u00edm kter\u00e9 byl propagov\u00e1n dopln\u011bk stravy Multilady,<br \/>\nobsahovala z\u0159eteln\u00fd text &#8222;dopln\u011bk stravy&#8220;. V p\u0159edm\u011btn\u00e9m obchodn\u00edm sd\u011blen\u00ed tato kategorizace<br \/>\nabsentuje jak ve slo\u017ece zvukov\u00e9, tak ve form\u011b z\u0159eteln\u00e9ho textu i ve slo\u017ece obrazov\u00e9.<br \/>\n&#8211; Rada v r\u00e1mci sv\u00e9 p\u016fsobnosti dan\u00e9 ustanoven\u00edm \u00a7 5 p\u00edsm. a) a f) a \u00a7 59 odst. 1-3 z\u00e1kona \u010d. 231\/2001<br \/>\nSb., o provozov\u00e1n\u00ed rozhlasov\u00e9ho a televizn\u00edho vys\u00edl\u00e1n\u00ed a o zm\u011bn\u011b dal\u0161\u00edch z\u00e1kon\u016f (d\u00e1le jen \u201ez\u00e1kon<br \/>\n\u010d. 231\/2001 Sb.\u201c), v platn\u00e9m zn\u011bn\u00ed, upozor\u0148uje provozovatele FTV Prima, spol. s r.o., I\u010c 48115908,<br \/>\ns\u00eddlem Vinohradsk\u00e1 3217\/167, Stra\u0161nice, 100 00 Praha 10, na poru\u0161en\u00ed ustanoven\u00ed \u00a7 53a odst. 3<br \/>\nz\u00e1kona \u010d. 231\/2001 Sb., kter\u00e9ho se dopustil odvys\u00edl\u00e1n\u00edm po\u0159adu Nov\u00fd den dne 2. z\u00e1\u0159\u00ed 2022 od 7:00<br \/>\nhodin na programu Prima, jen\u017e byl po\u0159adem s um\u00edst\u011bn\u00edm produktu a jako takov\u00fd byl z\u0159eteln\u011b ozna\u010den<br \/>\njako po\u0159ad obsahuj\u00edc\u00ed um\u00edst\u011bn\u00ed produktu na za\u010d\u00e1tku a na konci, av\u0161ak nebyl ozna\u010den po p\u0159eru\u0161en\u00ed<br \/>\nreklamou, co\u017e tak\u00e9 vy\u017eaduje z\u00e1kon. Rada stanovuje lh\u016ftu k n\u00e1prav\u011b 7 dn\u016f od doru\u010den\u00ed upozorn\u011bn\u00ed.<br \/>\n&#8211; Rada v r\u00e1mci sv\u00e9 kompetence dan\u00e9 \u00a7 5 p\u00edsm. a) a f) z\u00e1kona \u010d. 231\/2001 Sb., o provozov\u00e1n\u00ed<br \/>\nrozhlasov\u00e9ho a televizn\u00edho vys\u00edl\u00e1n\u00ed a o zm\u011bn\u011b dal\u0161\u00edch z\u00e1kon\u016f, v platn\u00e9m zn\u011bn\u00ed (d\u00e1le jen \u201ez\u00e1kon<br \/>\n\u010d. 231\/2001 Sb.\u201c) a v souladu s ustanoven\u00edm \u00a7 137 odst. 1 z\u00e1kona \u010d. 500\/2004 Sb., spr\u00e1vn\u00ed \u0159\u00e1d, (d\u00e1le<br \/>\njen \u201ez\u00e1kon \u010d. 500\/2004 Sb.\u201c) \u017e\u00e1d\u00e1 provozovatele FTV Prima, spol. s r.o., I\u010c 48115908, s\u00eddlem<br \/>\nVinohradsk\u00e1 3217\/167, Stra\u0161nice, 100 00 Praha 10, o pod\u00e1n\u00ed vysv\u011btlen\u00ed, z jak\u00e9ho d\u016fvodu dne 18. z\u00e1\u0159\u00ed<br \/>\n2022 na programu CNN Prima News odvys\u00edlal ozn\u00e1men\u00ed sponzora programu Den Braven<br \/>\nbezprost\u0159edn\u011b p\u0159ed (v 7:26 hodin) a po skon\u010den\u00ed (v 7:51 hodin) po\u0159adu Prima SV\u011aT. Rada stanovuje<br \/>\nlh\u016ftu k pod\u00e1n\u00ed vysv\u011btlen\u00ed 30 dn\u00ed ode dne doru\u010den\u00ed t\u00e9to v\u00fdzvy.<br \/>\n&#8211; Rada v r\u00e1mci sv\u00e9 kompetence dan\u00e9 \u00a7 5 p\u00edsm. a) a f) z\u00e1kona \u010d. 231\/2001 Sb., o provozov\u00e1n\u00ed<br \/>\nrozhlasov\u00e9ho a televizn\u00edho vys\u00edl\u00e1n\u00ed a o zm\u011bn\u011b dal\u0161\u00edch z\u00e1kon\u016f, v platn\u00e9m zn\u011bn\u00ed (d\u00e1le jen \u201ez\u00e1kon<br \/>\n\u010d. 231\/2001 Sb.\u201c) a v souladu s ustanoven\u00edm \u00a7 137 odst. 1 z\u00e1kona \u010d. 500\/2004 Sb., spr\u00e1vn\u00ed \u0159\u00e1d, (d\u00e1le<br \/>\njen \u201ez\u00e1kon \u010d. 500\/2004 Sb.\u201c) \u017e\u00e1d\u00e1 provozovatele POLAR televize Ostrava, s.r.o., I\u010c 258 59 838, se<br \/>\ns\u00eddlem Boleslavova 710\/19, Mari\u00e1nsk\u00e9 Hory, 709 00 Ostrava, o pod\u00e1n\u00ed vysv\u011btlen\u00ed, kter\u00fdm dolo\u017e\u00ed, \u017ee v<br \/>\np\u0159edvolebn\u00edm obdob\u00ed v r\u00e1mci zpravodajsk\u00fdch po\u0159ad\u016f nezv\u00fdhodnil n\u011bkter\u00e9 kandiduj\u00edc\u00ed subjekty a<\/p>\n<p>kandid\u00e1ty, a to v souvislosti s odvys\u00edlanou report\u00e1\u017e\u00ed V Orlov\u00e9 vzniklo nov\u00e9 politick\u00e9 hnut\u00ed Bezpe\u010dn\u00e1<br \/>\nzem\u011b (nap\u0159\u00edklad dne 25. srpna 2022 v 16.00 hod. na programu Polar). Rada \u017e\u00e1d\u00e1 provozovatele, aby<br \/>\nv r\u00e1mci vysv\u011btlen\u00ed poskytl p\u0159ehled o v\u0161ech report\u00e1\u017e\u00edch odvys\u00edlan\u00fdch v obdob\u00ed od 1. srpna 2022 do<br \/>\n23. z\u00e1\u0159\u00ed 2022 ve standardn\u00edch zpravodajsk\u00fdch po\u0159adech (nikoli v mimo\u0159\u00e1dn\u00fdch po\u0159adech s p\u0159edvolebn\u00ed<br \/>\ndramaturgi\u00ed), kter\u00e9 podobn\u00fdm zp\u016fsobem referovaly o aktivit\u00e1ch dal\u0161\u00edch kandiduj\u00edc\u00edch subjekt\u016f.<br \/>\nV podan\u00e9m vysv\u011btlen\u00ed provozovatel poskytne seznam takov\u00fdch report\u00e1\u017e\u00ed s dny a \u010dasy jejich odvys\u00edl\u00e1n\u00ed<br \/>\na rovn\u011b\u017e z\u00e1znam t\u011bchto report\u00e1\u017e\u00ed. Rada stanovuje lh\u016ftu k pod\u00e1n\u00ed vysv\u011btlen\u00ed 30 dn\u00ed ode dne doru\u010den\u00ed<br \/>\nt\u00e9to v\u00fdzvy.<br \/>\n&#8211; Rada jako org\u00e1n dozoru pro oblast regulace reklamy dle ustanoven\u00ed \u00a7 7 p\u00edsm. a) z\u00e1kona \u010d. 40\/1995<br \/>\nSb., o regulaci reklamy a o zm\u011bn\u011b a dopln\u011bn\u00ed z\u00e1kona \u010d. 468\/1991 Sb., o provozov\u00e1n\u00ed rozhlasov\u00e9ho a<br \/>\ntelevizn\u00edho vys\u00edl\u00e1n\u00ed, ve zn\u011bn\u00ed pozd\u011bj\u0161\u00edch p\u0159edpis\u016f (d\u00e1le jen z\u00e1kon \u010d. 40\/1995 Sb.), a na z\u00e1klad\u011b<br \/>\nustanoven\u00ed \u00a7 137 odst. 1 z\u00e1kona \u010d. 500\/2004 Sb., spr\u00e1vn\u00ed \u0159\u00e1d, \u017e\u00e1d\u00e1 zadavatele obchodn\u00edho sd\u011blen\u00ed,<br \/>\nspole\u010dnost Lidl \u010cesk\u00e1 republika v.o.s., I\u010c: 26178541, s\u00eddlem: N\u00e1ro\u017en\u00ed 1359\/11, 158 00 Praha 5, o<br \/>\npod\u00e1n\u00ed vysv\u011btlen\u00ed k obsahu st\u00ed\u017enosti na reklamu Lidl \u010cesk\u00e1 republika odvys\u00edlanou dne 21. srpna 2022<br \/>\nv 20:11 na programu Nova, v jej\u00edm\u017e r\u00e1mci bylo propagov\u00e1no Jiho\u010desk\u00e9 m\u00e1slo za ak\u010dn\u00ed cenu 54,90 K\u010d.<br \/>\nRada stanovuje lh\u016ftu k pod\u00e1n\u00ed vysv\u011btlen\u00ed 30 dn\u00ed ode dne doru\u010den\u00ed t\u00e9to v\u00fdzvy.<br \/>\n&#8211; Rada v r\u00e1mci sv\u00e9 kompetence dan\u00e9 \u00a7 5 p\u00edsm. a) a f) z\u00e1kona \u010d. 231\/2001 Sb., o provozov\u00e1n\u00ed<br \/>\nrozhlasov\u00e9ho a televizn\u00edho vys\u00edl\u00e1n\u00ed a o zm\u011bn\u011b dal\u0161\u00edch z\u00e1kon\u016f, v platn\u00e9m zn\u011bn\u00ed (d\u00e1le jen \u201ez\u00e1kon<br \/>\n\u010d. 231\/2001 Sb.\u201c) a v souladu s ustanoven\u00edm \u00a7 137 odst. 1 z\u00e1kona \u010d. 500\/2004 Sb., spr\u00e1vn\u00ed \u0159\u00e1d, (d\u00e1le<br \/>\njen \u201ez\u00e1kon \u010d. 500\/2004 Sb.\u201c) \u017e\u00e1d\u00e1 provozovatele \u010cesk\u00e1 televize, I\u010c: 00027383, s\u00eddlem: Kav\u010d\u00ed hory,<br \/>\nPraha 4, PS\u010c 140 70, o pod\u00e1n\u00ed vysv\u011btlen\u00ed, v jeho\u017e r\u00e1mci uvede, zda produkt Bromadiolon firmy Bros,<br \/>\no n\u011bm\u017e informoval p\u0159\u00edsp\u011bvek v po\u0159adu Polopat\u011b odvys\u00edlan\u00e9m dne 4. z\u00e1\u0159\u00ed 2022 od 8:45 hodin na<br \/>\nprogramu \u010cT1, byl um\u00edst\u011bn\u00fdm produktem. Rada stanovuje lh\u016ftu k pod\u00e1n\u00ed vysv\u011btlen\u00ed 30 dn\u00ed ode dne<br \/>\ndoru\u010den\u00ed t\u00e9to v\u00fdzvy.<br \/>\n&#8211; Rada se sezn\u00e1mila s anal\u00fdzou z\u00e1znamu vys\u00edl\u00e1n\u00ed programu Nova Cinema provozovatele TV Nova<br \/>\ns.r.o. ze dne 26. \u010dervence 2022 od 10:00 do 22:00 hod.<br \/>\n&#8211; Rada se sezn\u00e1mila s anal\u00fdzou kontinu\u00e1ln\u00edho \u00faseku vys\u00edl\u00e1n\u00ed programu Nova Fun provozovatele TV<br \/>\nNova s.r.o. ze dne 18. srpna 2022, \u010dasov\u00e9ho \u00faseku 10.00 &#8211; 22.00 hodin.<br \/>\n&#8211; Rada se sezn\u00e1mila s anal\u00fdzou z\u00e1znamu vys\u00edl\u00e1n\u00ed programu Nova Sport 1 provozovatele TV Nova<br \/>\ns.r.o. ze dne 3. z\u00e1\u0159\u00ed 2022 od 10:00 do 22:00 hod.<br \/>\n&#8211; Rada se sezn\u00e1mila s anal\u00fdzou z\u00e1znamu vys\u00edl\u00e1n\u00ed programu TeenNick provozovatele ViacomCBS<br \/>\nNetworks International Czech s.r.o.ze dne 25. kv\u011btna 2022 od 10:00 do 22:00 hod.<br \/>\n&#8211; Rada se sezn\u00e1mila s anal\u00fdzou z\u00e1znamu vys\u00edl\u00e1n\u00ed programu GOLF CHANNEL provozovatele ATV<br \/>\nCZ, s.r.o. ze dne 15. srpna 2022 od 10:00 do 22:00 hod.<br \/>\n&#8211; Rada se sezn\u00e1mila s anal\u00fdzou z\u00e1znamu vys\u00edl\u00e1n\u00ed programu HBO 3 Romania provozovatele HBO<br \/>\nEurope, s.r.o. ze dne 25. kv\u011btna 2022 od 10:00 do 22:00 hod.<br \/>\n&#8211; Rada se sezn\u00e1mila s anal\u00fdzou kontinu\u00e1ln\u00edho \u00faseku vys\u00edl\u00e1n\u00ed programu Magenta TV provozovatele<br \/>\nT-Mobile Czech Republic a.s. ze dne 15. srpna 2022 v \u010dasov\u00e9m \u00faseku od 10:00 do 22:00 hodin.<br \/>\n&#8211; Rada v r\u00e1mci sv\u00e9 p\u016fsobnosti dan\u00e9 ustanoven\u00edm \u00a7 5 p\u00edsm. a) a f) a \u00a7 59 odst. 1-3 z\u00e1kona \u010d. 231\/2001<br \/>\nSb., o provozov\u00e1n\u00ed rozhlasov\u00e9ho a televizn\u00edho vys\u00edl\u00e1n\u00ed a o zm\u011bn\u011b dal\u0161\u00edch z\u00e1kon\u016f (d\u00e1le jen z\u00e1kon<br \/>\n\u010d. 231\/2001 Sb.), v platn\u00e9m zn\u011bn\u00ed, upozor\u0148uje provozovatele T-Mobile Czech Republic a.s., I\u010c<br \/>\n64949681, s\u00eddlem Tom\u00ed\u010dkova 2144\/1, Praha 4, PS\u010c 14800, na poru\u0161en\u00ed ustanoven\u00ed \u00a7 32 odst. 1 p\u00edsm.<br \/>\nn) z\u00e1kona \u010d. 231\/2001 Sb., kter\u00e9ho se dopustil t\u00edm, \u017ee dne 15. srpna 2022 v \u010dasov\u00e9m \u00faseku od 10:00<br \/>\ndo 22:00 hodin neuv\u00e1d\u011bl v n\u011bkter\u00fdch \u010d\u00e1stech vys\u00edl\u00e1n\u00ed programu Magenta TV ozna\u010den\u00ed televizn\u00edho<br \/>\nprogramu (logo), konkr\u00e9tn\u011b v \u010dasech 01:28:40 &#8211; 02:03:17 hodin od za\u010d\u00e1tku z\u00e1znamu (ozn\u00e1men\u00ed HBO<br \/>\nMax, T-Mobile rozjezdy: Komunikujte on-line!), 03:47:08 &#8211; 04:13:09 hodin od za\u010d\u00e1tku z\u00e1znamu<\/p>\n<p>(TMobile rozjezdy: M\u00fdty o podnik\u00e1n\u00ed), 04:41:31 &#8211; 05:05:13 hodin od za\u010d\u00e1tku z\u00e1znamu (ozn\u00e1men\u00ed HBO<br \/>\nMax, T-Mobile rozjezdy: Pr\u00e1vn\u00ed desatero, T-Mobile rozjezdy: \u00da\u010detn\u00ed desatero), 08:58:33 &#8211; 08:59:23<br \/>\nhodin od za\u010d\u00e1tku z\u00e1znamu (ozn\u00e1men\u00ed HBO Max) a 09:43:14 &#8211; 09:44:03 hodin od za\u010d\u00e1tku z\u00e1znamu<br \/>\n(ozn\u00e1men\u00ed HBO Max). Provozovatel se t\u00edmto dopustil poru\u0161en\u00ed povinnosti uv\u00e1d\u011bt ozna\u010den\u00ed televizn\u00edho<\/p>\n<p>programu (logo) v televizn\u00edm vys\u00edl\u00e1n\u00ed, s v\u00fdjimkou vys\u00edl\u00e1n\u00ed reklamy a teleshoppingu. Rada stanovuje<br \/>\nlh\u016ftu k n\u00e1prav\u011b 7 dn\u016f od doru\u010den\u00ed upozorn\u011bn\u00ed.<br \/>\n&#8211; Rada se sezn\u00e1mila s anal\u00fdzou z\u00e1znamu vys\u00edl\u00e1n\u00ed programu SPORT2 provozovatele AMC Networks<br \/>\nCentral Europe, s.r.o. ze dne 19. dubna 2022 od 10:00 do 22:00 hod.<br \/>\n&#8211; Rada se sezn\u00e1mila s monitoringem obsahu vys\u00edl\u00e1n\u00ed programu POLAR 2 provozovatele POLAR<br \/>\ntelevize Ostrava, s.r.o. ve dnech 1.-2. \u010dervence 2022.<br \/>\n&#8211; Rada v r\u00e1mci sv\u00e9 kompetence dan\u00e9 \u00a7 5 p\u00edsm. a) a f) z\u00e1kona \u010d. 231\/2001 Sb., o provozov\u00e1n\u00ed<br \/>\nrozhlasov\u00e9ho a televizn\u00edho vys\u00edl\u00e1n\u00ed a o zm\u011bn\u011b dal\u0161\u00edch z\u00e1kon\u016f, v platn\u00e9m zn\u011bn\u00ed (d\u00e1le jen \u201ez\u00e1kon<br \/>\n\u010d. 231\/2001 Sb.\u201c) a v souladu s ustanoven\u00edm \u00a7 137 odst. 1 z\u00e1kona \u010d. 500\/2004 Sb., spr\u00e1vn\u00ed \u0159\u00e1d, (d\u00e1le<br \/>\njen \u201ez\u00e1kon \u010d. 500\/2004 Sb.\u201c) \u017e\u00e1d\u00e1 provozovatele POLAR televize Ostrava, s.r.o., ., I\u010c: 25859838,<br \/>\ns\u00eddlem Boleslavova 710\/19, Mari\u00e1nsk\u00e9 Hory, 709 00 Ostrava o pod\u00e1n\u00ed vysv\u011btlen\u00ed k obsahu vys\u00edl\u00e1n\u00ed<br \/>\nprogramu POLAR 2 ve dnech 1. a 2. \u010dervence 2022, z jak\u00e9ho d\u016fvodu obsah vys\u00edl\u00e1n\u00ed nebyl \u201esestaven<br \/>\nz jednoho bloku po\u0159ad\u016f o celkov\u00e9 d\u00e9lce 30-180 minut, kter\u00fd bude nep\u0159etr\u017eit\u011b vys\u00edl\u00e1n ve smy\u010dce\u201c, jak<br \/>\nje to stanoveno v programov\u00fdch podm\u00ednk\u00e1ch licence, ale z bloku po\u0159ad\u016f krat\u0161\u00edho, nepo\u010d\u00edtaje po\u0159ady,<br \/>\njejich\u017e vys\u00edl\u00e1n\u00ed odpov\u00eddalo ustanoven\u00ed licence, \u017ee \u201emimo tento blok nebo mezi n\u011bj m\u016f\u017ee b\u00fdt do vys\u00edl\u00e1n\u00ed<br \/>\nza\u0159azen aktu\u00e1ln\u011b jin\u00fd po\u0159ad\u201c. Rada stanovuje lh\u016ftu k pod\u00e1n\u00ed vysv\u011btlen\u00ed 30 dn\u00ed ode dne doru\u010den\u00ed t\u00e9to<br \/>\nv\u00fdzvy.<br \/>\n&#8211; Rada se sezn\u00e1mila se screeningem z\u00e1znamu vys\u00edl\u00e1n\u00ed programu Spektrum provozovatele AMC<br \/>\nNetworks Central Europe Sro. ze dn\u016f 2. \u010dervna 2022, 17:00 &#8211; 19:00 hodin, 5. \u010dervna 2022, 00:00 &#8211;<br \/>\n24:00 hodin a 6. \u010dervna 2022, 00:00 &#8211; 10:00 hodin, programu Rebel provozovatele Digital Broadcasting<br \/>\ns.r.o., a to ze dn\u016f 7. \u010dervna 2022, 11:00 &#8211; 12:00 hodin; 8. \u010dervna 2022, 7:00 &#8211; 13:00 hodin; 9. \u010dervna<br \/>\n2022, 00:00 &#8211; 7:00 a 13:00 &#8211; 14:00 hodin; 12. \u010dervna 2022, 12:00 &#8211; 15:00 hodin, 18:00 &#8211; 19:00 hodin,<br \/>\n20:00 &#8211; 21:00 hodin a 22:00 &#8211; 24:00 hodin; 13. \u010dervna 2022, 0:00 &#8211; 4:00 hodin a 5:00 &#8211; 10:00 hodin,<br \/>\nprogramu Retro Music Television provozovatele Hudebn\u00ed televize, s. r. o., a to ze dne 1. \u010dervna 2022,<br \/>\n00:00 &#8211; 7:00 hodin, 11:00 &#8211; 12:00 hodin, 18:00 &#8211; 21:00 hodin a 22:00 &#8211; 24:00 hodin, programu O (\u00d3\u010dko)<br \/>\nprovozovatele Stanice O, a.s., a to ze dn\u016f 11. \u010dervna 2022, 16:00 &#8211; 24:00 hodin; 13. \u010dervna 2022, 6:00<br \/>\n&#8211; 18:00 hodin; 17. \u010dervna 2022, 20:00 &#8211; 6:00 hodin a 15. \u010dervna 2022, 10:00 &#8211; 20:00 hodin, programu<br \/>\nPrima ZOOM provozovatele FTV Prima, spol. s r.o., a to ze dn\u016f 1. \u010dervna 2022, 00:00 &#8211; 12:00 a 23:00<br \/>\n&#8211; 24:00 hodin; 2. \u010dervna 2022, 17:00 &#8211; 24:00 hodin; 4. \u010dervna 2022, 23:00 &#8211; 24:00 hodin a 7. \u010dervna<br \/>\n2022, 00:00 &#8211; 12:00 a 21:00 &#8211; 24:00 hodin a programu \u010cT Sport provozovatele \u010cesk\u00e1 televize ze dn\u016f<br \/>\n14. kv\u011btna 2022, 11:00 &#8211; 24:00 hodin a 15. kv\u011btna 2022, 0:00 &#8211; 01:00 a 11:00 &#8211; 22:00 hodin.<br \/>\n&#8211; Rada se sezn\u00e1mila s v\u00fdsledky anal\u00fdzy obchodn\u00edch sd\u011blen\u00ed za m\u011bs\u00edc \u010derven 2022.<br \/>\n&#8211; Rada postupuje slovensk\u00e9 Rad\u011b pre vysielanie a retransmisiu podn\u011bt t\u00fdkaj\u00edc\u00ed se obchodn\u00edho sd\u011blen\u00ed<br \/>\n\u201eJDSpecial\u201c, prost\u0159ednictv\u00edm kter\u00e9ho byly propagov\u00e1ny produkty NANO CBD a NANO CBG v r\u00e1mci<br \/>\nvys\u00edl\u00e1n\u00ed programu \u0160L\u00c1GER ORIGIN\u00c1L.<br \/>\n&#8211; Rada postupuje \u0160t\u00e1tn\u00e9mu \u00fastavu pre kontrolu lie\u010div podn\u011bt t\u00fdkaj\u00edc\u00ed se prodeje a propagace produkt\u016f<br \/>\nNANO CBD a NANO CBG.<br \/>\n&#8211; Rada jako org\u00e1n dozoru pro oblast regulace reklamy dle ustanoven\u00ed \u00a7 7 p\u00edsm. a) z\u00e1kona \u010d. 40\/1995<br \/>\nSb., o regulaci reklamy a o zm\u011bn\u011b a dopln\u011bn\u00ed z\u00e1kona \u010d. 468\/1991 Sb., o provozov\u00e1n\u00ed rozhlasov\u00e9ho a<br \/>\ntelevizn\u00edho vys\u00edl\u00e1n\u00ed, ve zn\u011bn\u00ed pozd\u011bj\u0161\u00edch p\u0159edpis\u016f (d\u00e1le jen z\u00e1kon \u010d. 40\/1995 Sb.), na z\u00e1klad\u011b<br \/>\nustanoven\u00ed \u00a7 7b odst. 2 z\u00e1kona \u010d. 40\/1995 Sb., \u017e\u00e1d\u00e1 zadavatele obchodn\u00edho sd\u011blen\u00ed, spole\u010dnost Hipp<br \/>\nCzech s.r.o., I\u010c 25780239, s\u00eddlem Praha 5 &#8211; Jinonice, Peka\u0159sk\u00e1 628\/14, PS\u010c 15500, o p\u0159edlo\u017een\u00ed<br \/>\nd\u016fkaz\u016f o spr\u00e1vnosti skutkov\u00fdch tvrzen\u00ed uveden\u00fdch v reklamn\u00edm spotu Hipp COMBIOTIK premi\u00e9rov\u011b<br \/>\nodvys\u00edlan\u00e9m dne 13. \u010dervna 2022 v \u010dase 4:49 hodin na programu Televize Barrandov, respektive o<br \/>\np\u0159edlo\u017een\u00ed d\u016fkazu spr\u00e1vnosti tvrzen\u00ed, \u017ee kojeneck\u00e9 ml\u00e9ko Hipp \u201ejako jedin\u00e9 obsahuje kyselinu listovou<br \/>\nv na\u0161t\u011bpen\u00e9 form\u011b, v jak\u00e9 ji miminko doposud z\u00edsk\u00e1valo jen od m\u00e1my\u201c. Rada stanovuje lh\u016ftu k<br \/>\np\u0159edlo\u017een\u00ed d\u016fkaz\u016f 30 dn\u00ed ode dne doru\u010den\u00ed t\u00e9to \u017e\u00e1dosti.<br \/>\n&#8211; Rada se sezn\u00e1mila s ozn\u00e1men\u00edm provozovatele FTV Prima, spol. s r.o. ve v\u011bci technick\u00e9 z\u00e1vady ve<br \/>\nvys\u00edl\u00e1n\u00ed programu Prima love ve dnech 10. a 11. \u010dervna 2022.<\/p>\n<p>&#8211; Rada se sezn\u00e1mila s podan\u00fdm vysv\u011btlen\u00edm provozovatele \u010cesk\u00e1 televize, I\u010c 00027383, s\u00eddlem<br \/>\nNa h\u0159ebenech II 1132\/4, Praha 4, PS\u010c 14700, k po\u0159adu M\u00e1te slovo odvys\u00edlan\u00e9mu dne 31. b\u0159ezna 2022<br \/>\nod 21:35 na programu \u010cT1, respektive s vysv\u011btlen\u00edm, z jak\u00e9ho d\u016fvodu nedos\u00e1hl provozovatel n\u00e1zorov\u00e9<br \/>\nplurality v po\u0159adu t\u00edm, \u017ee by zajistil \u00fa\u010dast z\u00e1stupc\u016f ve\u0159ejnosti, kte\u0159\u00ed by na kroky prezidenta v souvislosti<br \/>\ns ud\u011blenou milost\u00ed nahl\u00ed\u017eeli odli\u0161n\u011b a poskytli tak jin\u00fd pohled a n\u00e1zorovou pestrost.<br \/>\n&#8211; Rada \u017e\u00e1d\u00e1 Radu \u010cesk\u00e9 televize o stanovisko k po\u0159adu M\u00e1te slovo odvys\u00edlan\u00e9mu dne 31. b\u0159ezna<br \/>\n2022 od 21:35 na programu \u010cT1, respektive \u017e\u00e1d\u00e1 o prov\u011b\u0159en\u00ed, z jak\u00e9ho d\u016fvodu nedos\u00e1hl provozovatel<br \/>\nv po\u0159adu n\u00e1zorov\u00e9 plurality.<br \/>\n&#8211; Rada se sezn\u00e1mila s podan\u00fdm vysv\u011btlen\u00edm provozovatele Barrandov Televizn\u00ed Studio a.s., I\u010c<br \/>\n41693311, s\u00eddlem K\u0159\u00ed\u017eeneck\u00e9ho n\u00e1m\u011bst\u00ed 322\/5, Praha 5, PS\u010c 152 00, jak\u00fdm zp\u016fsobem napl\u0148uje<br \/>\npodm\u00ednky licence, resp. dal\u0161\u00ed programov\u00e9 podm\u00ednky programu Televize Barrandov (licence ud\u011blen\u00e1<br \/>\nrozhodnut\u00edm \u010d. j. FIA\/2148\/2013, ze dne 13. kv\u011btna 2013, sp. zn. 2013\/378\/FIA\/Bar), dle kter\u00fdch m\u00e1<br \/>\nb\u00fdt do vys\u00edl\u00e1n\u00ed programu denn\u011b v hlavn\u00edm vys\u00edlac\u00edm \u010dase za\u0159azov\u00e1na politick\u00e1 talkshow.<br \/>\n&#8211; Rada v r\u00e1mci sv\u00e9 p\u016fsobnosti dan\u00e9 ustanoven\u00edm \u00a7 5 p\u00edsm. a) a f) a \u00a7 59 odst. 1-3 z\u00e1kona \u010d. 231\/2001<br \/>\nSb., o provozov\u00e1n\u00ed rozhlasov\u00e9ho a televizn\u00edho vys\u00edl\u00e1n\u00ed a o zm\u011bn\u011b dal\u0161\u00edch z\u00e1kon\u016f (d\u00e1le jen z\u00e1kon<br \/>\n\u010d. 231\/2001 Sb.), v platn\u00e9m zn\u011bn\u00ed, upozor\u0148uje provozovatele Barrandov Televizn\u00ed Studio a.s., I\u010c<br \/>\n41693311, s\u00eddlem K\u0159\u00ed\u017eeneck\u00e9ho n\u00e1m\u011bst\u00ed 322\/5, Praha 5, PS\u010c 152 00, na poru\u0161en\u00ed licen\u010dn\u00edch<br \/>\npodm\u00ednek programu Televize Barrandov (licence ud\u011blen\u00e1 rozhodnut\u00edm \u010d. j. FIA\/2148\/2013, ze dne<br \/>\n13. kv\u011btna 2013, sp. zn. 2013\/378\/FIA\/Bar), kter\u00e9ho se dopustil t\u00edm, \u017ee minim\u00e1ln\u011b v obdob\u00ed od 5. z\u00e1\u0159\u00ed<br \/>\ndo 19. z\u00e1\u0159\u00ed 2022 za\u0159azoval do vys\u00edl\u00e1n\u00ed programu Televize Barrandov politickou talkshow (konkr\u00e9tn\u011b<br \/>\nAr\u00e9na Jarom\u00edra Soukupa, resp. P\u0159edvolebn\u00ed ar\u00e9na Jarom\u00edra Soukupa) v\u017edy pouze od pond\u011bl\u00ed do p\u00e1tku,<br \/>\nnikoli ji\u017e v sobotu a v ned\u011bli, \u010d\u00edm\u017e do\u0161lo k poru\u0161en\u00ed licen\u010dn\u00edch podm\u00ednek, dle kter\u00fdch m\u00e1 b\u00fdt do vys\u00edl\u00e1n\u00ed<br \/>\nprogramu denn\u011b v hlavn\u00edm vys\u00edlac\u00edm \u010dase za\u0159azov\u00e1na politick\u00e1 talkshow. Rada stanovuje lh\u016ftu k<br \/>\nn\u00e1prav\u011b 90 dn\u00ed ode dne doru\u010den\u00ed tohoto upozorn\u011bn\u00ed.<br \/>\n&#8211; Rada se sezn\u00e1mila s podan\u00fdm vysv\u011btlen\u00edm provozovatele This work s.r.o., jak\u00fdm zp\u016fsobem<br \/>\ndiv\u00e1k\u016fm programu KLADNo. 1 TV umo\u017e\u0148uje snadn\u00fd, p\u0159\u00edm\u00fd a trval\u00fd p\u0159\u00edstup k informac\u00edm dle \u00a7 32 odst.<br \/>\n7 p\u00edsm. a) &#8211; c) z\u00e1kona \u010d. 231\/2001 Sb.<br \/>\n&#8211; Rada v r\u00e1mci sv\u00e9 p\u016fsobnosti dan\u00e9 ustanoven\u00edm \u00a7 5 p\u00edsm. a) a f) z\u00e1kona \u010d. 231\/2001 Sb., o<br \/>\nprovozov\u00e1n\u00ed rozhlasov\u00e9ho a televizn\u00edho vys\u00edl\u00e1n\u00ed a o zm\u011bn\u011b dal\u0161\u00edch z\u00e1kon\u016f, v platn\u00e9m zn\u011bn\u00ed (d\u00e1le jen<br \/>\n&#8222;z\u00e1kon \u010d. 231\/2001 Sb.&#8220;) a v souladu s ustanoven\u00edm \u00a7 62 z\u00e1kona \u010d. 500\/2004 Sb., spr\u00e1vn\u00edho \u0159\u00e1du (d\u00e1le<br \/>\njen &#8222;z\u00e1kon \u010d. 500\/2004 Sb.&#8220;) vydala toto rozhodnut\u00ed: Rada ukl\u00e1d\u00e1 provozovateli TKR Ja\u0161ek, s.r.o., I\u010c:<br \/>\n25385780, se s\u00eddlem N\u00e1dra\u017en\u00ed 628, 756 61 Ro\u017enov pod Radho\u0161t\u011bm, po\u0159\u00e1dkovou pokutu podle<br \/>\nustanoven\u00ed \u00a7 137 odst. 2 z\u00e1kona \u010d. 500\/2004 Sb., a to ve v\u00fd\u0161i 5 000 K\u010d, nebo\u0165 provozovatel bezd\u016fvodn\u011b<br \/>\nodep\u0159el podat Rad\u011b vysv\u011btlen\u00ed (vy\u017e\u00e1dan\u00e9 p\u00edsemn\u00fdm p\u0159\u00edpisem \u010d.j. RRTV\/8248\/2022-loj, doru\u010den\u00fdm dne<br \/>\n18. 7. 2022), zda \u010d\u00e1st vys\u00edl\u00e1n\u00ed spo\u010d\u00edvaj\u00edc\u00ed v z\u00e1b\u011bru d\u011bn\u00ed v kostele, odvys\u00edlan\u00e1 dne 20. b\u0159ezna 2022 v<br \/>\n9:59 hodin na programu Infokan\u00e1l Obce Ho\u0161\u0165\u00e1lkov\u00e1, m\u011bla skute\u010dn\u011b stop\u00e1\u017e pouze 28 vte\u0159in a zda tento<br \/>\nz\u00e1b\u011br nepokra\u010doval i po skon\u010den\u00ed zaslan\u00e9ho z\u00e1znamu, respektive zda po skon\u010den\u00ed zaslan\u00e9ho z\u00e1znamu<br \/>\nn\u00e1sledoval op\u011btovn\u00fd za\u010d\u00e1tek smy\u010dky. Pokuta je splatn\u00e1 ve lh\u016ft\u011b 30 dn\u00ed ode dne nabyt\u00ed pr\u00e1vn\u00ed moci<br \/>\ntohoto rozhodnut\u00ed na \u00fa\u010det \u010d. 3754-19223001\/0710, veden\u00fd u \u010cesk\u00e9 n\u00e1rodn\u00ed banky, variabiln\u00ed symbol<br \/>\n2022733.<br \/>\n&#8211; Rada v r\u00e1mci sv\u00e9 kompetence dan\u00e9 \u00a7 5 p\u00edsm. a) a f) z\u00e1kona \u010d. 231\/2001 Sb., o provozov\u00e1n\u00ed<br \/>\nrozhlasov\u00e9ho a televizn\u00edho vys\u00edl\u00e1n\u00ed a o zm\u011bn\u011b dal\u0161\u00edch z\u00e1kon\u016f, v platn\u00e9m zn\u011bn\u00ed (d\u00e1le jen \u201ez\u00e1kon<br \/>\n\u010d. 231\/2001 Sb.\u201c) a v souladu s ustanoven\u00edm \u00a7 137 odst. 1 z\u00e1kona \u010d. 500\/2004 Sb., spr\u00e1vn\u00ed \u0159\u00e1d, (d\u00e1le<br \/>\njen \u201ez\u00e1kon \u010d. 500\/2004 Sb.\u201c) \u017e\u00e1d\u00e1 provozovatele TKR Ja\u0161ek, s.r.o., I\u010c: 25385780, se s\u00eddlem N\u00e1dra\u017en\u00ed<br \/>\n628, 756 61 Ro\u017enov pod Radho\u0161t\u011bm, o pod\u00e1n\u00ed vysv\u011btlen\u00ed, zda \u010d\u00e1st vys\u00edl\u00e1n\u00ed spo\u010d\u00edvaj\u00edc\u00ed v z\u00e1b\u011bru d\u011bn\u00ed<br \/>\nv kostele, odvys\u00edlan\u00e1 dne 20. b\u0159ezna 2022 v 9:59 hodin na programu Infokan\u00e1l Obce Ho\u0161\u0165\u00e1lkov\u00e1, m\u011bla<br \/>\nskute\u010dn\u011b stop\u00e1\u017e pouze 28 vte\u0159in a zda tento z\u00e1b\u011br nepokra\u010doval i po skon\u010den\u00ed zaslan\u00e9ho z\u00e1znamu,<br \/>\nrespektive zda po skon\u010den\u00ed zaslan\u00e9ho z\u00e1znamu n\u00e1sledoval op\u011btovn\u00fd za\u010d\u00e1tek smy\u010dky. Rada stanovuje<br \/>\nlh\u016ftu k pod\u00e1n\u00ed vysv\u011btlen\u00ed 30 dn\u00ed ode dne doru\u010den\u00ed t\u00e9to v\u00fdzvy.<\/p>\n<p>&#8211; Rada se sezn\u00e1mila s podan\u00fdm vysv\u011btlen\u00edm provozovatele Vlastimila N\u011bmce (NEMSAT), zda na<br \/>\np\u00edsemnou v\u00fdzvu Rady (\u010d. j. RRTV\/4130\/2022-bur) do\u0161lo k zap\u016fj\u010den\u00ed z\u00e1znam\u016f v odvys\u00edlan\u00e9 podob\u011b a<br \/>\nn\u00e1le\u017eit\u00e9 technick\u00e9 kvalit\u011b a to v\u0161ech po\u0159ad\u016f, v\u010detn\u011b dal\u0161\u00edch \u010d\u00e1st\u00ed vys\u00edl\u00e1n\u00ed, programu Infokan\u00e1l<br \/>\nRa\u0161ovice, ze dn\u016f 20. &#8211; 21. b\u0159ezna 2022 v \u010dasov\u00e9m \u00faseku od 00:00 do 24:00 hodin.<br \/>\n&#8211; Rada v r\u00e1mci sv\u00e9 p\u016fsobnosti dan\u00e9 ustanoven\u00edm \u00a7 5 p\u00edsm. a) a f) a \u00a7 59 odst. 1-3 z\u00e1kona \u010d. 231\/2001<br \/>\nSb., o provozov\u00e1n\u00ed rozhlasov\u00e9ho a televizn\u00edho vys\u00edl\u00e1n\u00ed a o zm\u011bn\u011b dal\u0161\u00edch z\u00e1kon\u016f (d\u00e1le jen z\u00e1kon<br \/>\n\u010d. 231\/2001 Sb.), v platn\u00e9m zn\u011bn\u00ed, upozor\u0148uje provozovatele Vlastimila N\u011bmce (NEMSAT), I\u010c<br \/>\n10102531, s\u00eddlem Ra\u0161ovice 18, Ra\u0161ovice, PS\u010c 68501, na poru\u0161en\u00ed programov\u00fdch podm\u00ednek licence<br \/>\nprogramu Infokan\u00e1l Ra\u0161ovice ve dnech 20. a 21. b\u0159ezna 2022. Vys\u00edl\u00e1n\u00ed tohoto programu v rozporu s<br \/>\nlicenc\u00ed obsahovalo pouze spot \u201eJak zaz\u00e1\u0159it\u201c. Sou\u010d\u00e1st\u00ed vys\u00edl\u00e1n\u00ed nebyl obsah, kter\u00fd by se vztahoval p\u0159\u00edmo<br \/>\nk d\u011bn\u00ed v obci Ra\u0161ovice, jak stanovuj\u00ed podm\u00ednky licence (zpr\u00e1vy z obce, informace obecn\u00edho \u00fa\u0159adu atd.)<br \/>\nRada stanovuje lh\u016ftu k n\u00e1prav\u011b 30 dn\u00ed ode dne doru\u010den\u00ed tohoto upozorn\u011bn\u00ed.<br \/>\n&#8211; Rada se sezn\u00e1mila s podan\u00fdm vysv\u011btlen\u00edm provozovatele NTV cable s.r.o., programu NTV info,<br \/>\njak\u00fdm zp\u016fsobem div\u00e1k\u016fm programu NTV info umo\u017e\u0148uje snadn\u00fd, p\u0159\u00edm\u00fd a trval\u00fd p\u0159\u00edstup k informac\u00edm<br \/>\ndle \u00a7 32 odst. 7 p\u00edsm. a) &#8211; c) z\u00e1kona \u010d. 231\/2001 Sb., zejm\u00e9na k informaci, \u017ee je provozovatelem vys\u00edl\u00e1n\u00ed<br \/>\nprogramu NTV info, a k informaci, \u017ee org\u00e1nem dohledu nad provozov\u00e1n\u00edm televizn\u00edho vys\u00edl\u00e1n\u00ed je Rada.<br \/>\n&#8211; Rada se sezn\u00e1mila s reakc\u00ed provozovatele Hudebn\u00ed televize, s.r.o., I\u010c 28938071, s\u00eddlem<br \/>\nFrancouzsk\u00e1 75\/4, Praha 2, PS\u010c 120 00, na ulo\u017een\u00e9 upozorn\u011bn\u00ed na poru\u0161en\u00ed ustanoven\u00ed \u00a7 32 odst. 2<br \/>\nz\u00e1kona \u010d. 231\/2001 Sb., kter\u00e9ho se dopustil t\u00edm, \u017ee v roce 2021 na programu Retro Music Television<br \/>\nnezp\u0159\u00edstupnil alespo\u0148 2 % vys\u00edlan\u00fdch po\u0159ad\u016f pro osoby se zrakov\u00fdm posti\u017een\u00edm, jeliko\u017e v roce 2021<br \/>\nna programu Retro Music Television nezp\u0159\u00edstupnil pro osoby se zrakov\u00fdm posti\u017een\u00edm \u017e\u00e1dn\u00e9 po\u0159ady.<br \/>\n&#8211; Rada se sezn\u00e1mila s reakc\u00ed provozovatele TP Pohoda s.r.o. na upozorn\u011bn\u00ed na poru\u0161en\u00ed z\u00e1kona,<br \/>\njeho\u017e se dopustil t\u00edm, \u017ee dne 23. dubna 2022 v \u010dase 15:11 hodin odvys\u00edlal na programu RELAX<br \/>\nreklamn\u00ed spot s motivem \u201eArginmax\u201c, kter\u00fd byl obchodn\u00edm sd\u011blen\u00edm obsahuj\u00edc\u00edm propagaci dopl\u0148ku<br \/>\nstravy Arginmax FORTE, kter\u00fd je p\u0159\u00edpravkem dlouhodob\u011b zlep\u0161uj\u00edc\u00edm erekci a sexu\u00e1ln\u00ed v\u00fdkonnost.<br \/>\n&#8211; Rada vyzve Asociaci komer\u010dn\u00edch televiz\u00ed, z.s. (AKTV), I\u010c: 05939704, adresa Vinohradsk\u00e1 3217\/167,<br \/>\nStra\u0161nice, PS\u010c 100 00, Praha 10, o dopln\u011bn\u00ed informac\u00ed a podklad\u016f souvisej\u00edc\u00edch s \u017e\u00e1dost\u00ed AKTV o<br \/>\nza\u0159azen\u00ed mezi samoregula\u010dn\u00ed org\u00e1ny, jak je definuje \u00a7 2 odst. 2 p\u00edsm. j) z\u00e1kona \u010d. 231\/2001 Sb.<br \/>\n&#8211; Rada vyzve Asociaci televizn\u00edch organizac\u00ed (ATO), I\u010c: 65998090, adresa Salmovsk\u00e1 1534\/11, Nov\u00e9<br \/>\nM\u011bsto, PS\u010c 120 00, Praha 2, a Sdru\u017een\u00ed pro internetov\u00fd rozvoj v \u010cesk\u00e9 republice, z.s.p.o. (SPIR), I\u010c:<br \/>\n70108005, adresa Pansk\u00e1 854\/2, Nov\u00e9 M\u011bsto, PS\u010c 11000, Praha 1, o informace a podklady souvisej\u00edc\u00ed<br \/>\ns v\u00fdkonem \u010dinnosti samoregula\u010dn\u00edch org\u00e1n\u016f, jak je definuje \u00a7 2 odst. 2 p\u00edsm. j) z\u00e1kona \u010d. 231\/2001 Sb.<br \/>\n&#8211; Rada v r\u00e1mci \u0159\u00edzen\u00ed o p\u0159estupku spis. zn. RRTV\/2022\/842\/had provedla d\u016fkaz zhl\u00e9dnut\u00edm z\u00e1znamu<br \/>\nobchodn\u00edho sd\u011blen\u00ed\/teleshoppingu propaguj\u00edc\u00edho dopln\u011bk stravy MIGREEN, kter\u00fd byl odvys\u00edl\u00e1n dne<br \/>\n20. b\u0159ezna 2022 v \u010dase 13:32 &#8211; 13:37 hodin na programu Prima.<br \/>\n&#8211; Rada v r\u00e1mci \u0159\u00edzen\u00ed o p\u0159estupku veden\u00e9ho pod sp. zn. RRTV\/2022\/434\/beh provedla d\u016fkaz<br \/>\nzhl\u00e9dnut\u00edm z\u00e1znamu po\u0159adu VIP sv\u011bt Speci\u00e1l, kter\u00fd byl odvys\u00edl\u00e1n dne 27. b\u0159ezna 2022 od 21:00 hodin<br \/>\nna programu Televize Barrandov.<br \/>\nAUDIOVIZU\u00c1LN\u00cd MEDI\u00c1LN\u00cd SLU\u017dBY NA VY\u017d\u00c1D\u00c1N\u00cd<br \/>\n&#8211; Rada se sezn\u00e1mila s anal\u00fdzou audiovizu\u00e1ln\u00edch medi\u00e1ln\u00edch slu\u017eeb na vy\u017e\u00e1d\u00e1n\u00ed poskytovatel\u016f, kte\u0159\u00ed<br \/>\nnep\u0159edlo\u017eili informace t\u00fdkaj\u00edc\u00ed se medi\u00e1ln\u00ed gramotnosti.<br \/>\n&#8211; Rada konstatuje, \u017ee slu\u017eba um\u00edst\u011bn\u00e1 na adrese www.rtvplus.cz poskytovatele Realitn\u00ed televize s.r.o.,<br \/>\nI\u010c 04211189, s\u00eddlem Freyova 983\/25, Praha, PS\u010c 190 00, nenapl\u0148uje defini\u010dn\u00ed znaky dle z\u00e1kona<br \/>\n\u010d. 132\/2010 Sb.<br \/>\n&#8211; Rada prov\u00e1d\u00ed v\u00fdmaz poskytovatele Realitn\u00ed televize s.r.o., I\u010c 04211189, s\u00eddlem Freyova 983\/25,<br \/>\nPraha, PS\u010c 190 00, z Evidence poskytovatel\u016f audiovizu\u00e1ln\u00edch medi\u00e1ln\u00edch slu\u017eeb na vy\u017e\u00e1d\u00e1n\u00ed.<\/p>\n<p>&#8211; Rada bere na v\u011bdom\u00ed ukon\u010den\u00ed slu\u017eby Internetov\u00e1 YouTube televize \/www.bambuleTV.cz<br \/>\nposkytovan\u00e9 spole\u010dnost\u00ed ALLTOYS, spol. s r.o., I\u010c 46982671, s\u00eddlem Na Rybn\u00ed\u010dku 1364\/12, Praha,<br \/>\nPS\u010c 120 00.<br \/>\n&#8211; Rada prov\u00e1d\u00ed v\u00fdmaz poskytovatele spole\u010dnost ALLTOYS, spol. s r.o., I\u010c 46982671, s\u00eddlem<br \/>\nNa Rybn\u00ed\u010dku 1364\/12, Praha, PS\u010c 120 00, z Evidence poskytovatel\u016f audiovizu\u00e1ln\u00edch medi\u00e1ln\u00edch<br \/>\nslu\u017eeb na vy\u017e\u00e1d\u00e1n\u00ed.<br \/>\n&#8211; Rada v r\u00e1mci sv\u00e9 p\u016fsobnosti dan\u00e9 ustanoven\u00edm \u00a7 4 odst. 2 z\u00e1kona \u010d. 132\/2010 Sb., o<br \/>\naudiovizu\u00e1ln\u00edch medi\u00e1ln\u00edch slu\u017eb\u00e1ch na vy\u017e\u00e1d\u00e1n\u00ed, v platn\u00e9m zn\u011bn\u00ed, a na z\u00e1klad\u011b ustanoven\u00ed \u00a7 137<br \/>\nz\u00e1kona \u010d. 500\/2004 Sb., spr\u00e1vn\u00ed \u0159\u00e1d, \u017e\u00e1d\u00e1 poskytovatele audiovizu\u00e1ln\u00ed medi\u00e1ln\u00ed slu\u017eby na vy\u017e\u00e1d\u00e1n\u00ed<br \/>\nzakulturou.online, um\u00edst\u011bn\u00e9 na internetov\u00e9 adrese zakulturou.online, spole\u010dnost DigiSoul s.r.o.,<br \/>\nI\u010c 096 47 678, s\u00eddlem Old\u0159ichova 106\/49, Praha, PS\u010c 128 00, o pod\u00e1n\u00ed vysv\u011btlen\u00ed, zdali do\u0161lo<br \/>\nvzhledem k nefunk\u010dnosti str\u00e1nek k p\u0159eru\u0161en\u00ed \u010di k ukon\u010den\u00ed poskytov\u00e1n\u00ed audiovizu\u00e1ln\u00ed medi\u00e1ln\u00ed slu\u017eby<br \/>\nna vy\u017e\u00e1d\u00e1n\u00ed zakulturou.online. Rada stanovuje lh\u016ftu k pod\u00e1n\u00ed vysv\u011btlen\u00ed 20 dn\u00ed ode dne doru\u010den\u00ed t\u00e9to<br \/>\nv\u00fdzvy.<br \/>\nOSTATN\u00cd<br \/>\n&#8211; Rada se sezn\u00e1mila s p\u0159ehledem zm\u011bn v rozhlasov\u00e9m a televizn\u00edm vys\u00edl\u00e1n\u00ed za \u010dervenec a srpen roku<br \/>\n2022.<br \/>\nV Praze dne 6. 10. 2022<br \/>\nIng. arch. V\u00e1clav Mencl<br \/>\np\u0159edseda Rady pro rozhlasov\u00e9<br \/>\na televizn\u00ed vys\u00edl\u00e1n\u00ed<br \/>\nkontakt: podatelna@rrtv.cz<br \/>\n274 813 830<\/p>\n<p>&nbsp;<\/p>\n","protected":false},"excerpt":{"rendered":"<p>Rada pro rozhlasov\u00e9 a televizn\u00ed vys\u00edl\u00e1n\u00ed (d\u00e1le jen &#8222;Rada&#8220;) na sv\u00e9m 15. zased\u00e1n\u00ed projednala 44 bod\u016f programu. Vyhodnotila 38 st\u00ed\u017enost\u00ed div\u00e1k\u016f a poslucha\u010d\u016f, vydala \u0161est upozorn\u011bn\u00ed na poru\u0161en\u00ed z\u00e1kona, rozhodla o zah\u00e1jen\u00ed jednoho spr\u00e1vn\u00edho \u0159\u00edzen\u00ed. Rada ulo\u017eila po\u0159\u00e1dkovou pokutu ve v\u00fd\u0161i 5 000 K\u010d provozovateli TKR Ja\u0161ek, s.r.o., podle ustanoven\u00ed \u00a7 137 odst. 2 z\u00e1kona [&hellip;]<\/p>\n","protected":false},"author":9,"featured_media":0,"comment_status":"open","ping_status":"open","sticky":false,"template":"","format":"standard","meta":{"ngg_post_thumbnail":0,"footnotes":""},"categories":[11],"tags":[],"class_list":["post-12968","post","type-post","status-publish","format-standard","hentry","category-ozvena"],"_links":{"self":[{"href":"https:\/\/www.ladislavjakl.cz\/index.php?rest_route=\/wp\/v2\/posts\/12968","targetHints":{"allow":["GET"]}}],"collection":[{"href":"https:\/\/www.ladislavjakl.cz\/index.php?rest_route=\/wp\/v2\/posts"}],"about":[{"href":"https:\/\/www.ladislavjakl.cz\/index.php?rest_route=\/wp\/v2\/types\/post"}],"author":[{"embeddable":true,"href":"https:\/\/www.ladislavjakl.cz\/index.php?rest_route=\/wp\/v2\/users\/9"}],"replies":[{"embeddable":true,"href":"https:\/\/www.ladislavjakl.cz\/index.php?rest_route=%2Fwp%2Fv2%2Fcomments&post=12968"}],"version-history":[{"count":1,"href":"https:\/\/www.ladislavjakl.cz\/index.php?rest_route=\/wp\/v2\/posts\/12968\/revisions"}],"predecessor-version":[{"id":12969,"href":"https:\/\/www.ladislavjakl.cz\/index.php?rest_route=\/wp\/v2\/posts\/12968\/revisions\/12969"}],"wp:attachment":[{"href":"https:\/\/www.ladislavjakl.cz\/index.php?rest_route=%2Fwp%2Fv2%2Fmedia&parent=12968"}],"wp:term":[{"taxonomy":"category","embeddable":true,"href":"https:\/\/www.ladislavjakl.cz\/index.php?rest_route=%2Fwp%2Fv2%2Fcategories&post=12968"},{"taxonomy":"post_tag","embeddable":true,"href":"https:\/\/www.ladislavjakl.cz\/index.php?rest_route=%2Fwp%2Fv2%2Ftags&post=12968"}],"curies":[{"name":"wp","href":"https:\/\/api.w.org\/{rel}","templated":true}]}}